{"id":6734,"date":"2019-07-12T14:42:19","date_gmt":"2019-07-12T12:42:19","guid":{"rendered":"http:\/\/www.jojoenherbe.com\/?p=6734"},"modified":"2022-04-25T17:00:12","modified_gmt":"2022-04-25T15:00:12","slug":"au-fil-des-pages-avec-la-grande-histoire-de-la-petite-puce","status":"publish","type":"post","link":"http:\/\/www.jojoenherbe.com\/index.php\/2019\/07\/12\/au-fil-des-pages-avec-la-grande-histoire-de-la-petite-puce\/","title":{"rendered":"Au fil des pages avec La grande histoire de la petite puce"},"content":{"rendered":"<p style=\"text-align: justify;\"><em><a href=\"https:\/\/i0.wp.com\/www.jojoenherbe.com\/wp-content\/uploads\/2019\/07\/La-grande-histoire-de-la-petite-puce-2.jpg\"><img data-recalc-dims=\"1\" loading=\"lazy\" decoding=\"async\" data-attachment-id=\"6735\" data-permalink=\"http:\/\/www.jojoenherbe.com\/index.php\/2019\/07\/12\/au-fil-des-pages-avec-la-grande-histoire-de-la-petite-puce\/la-grande-histoire-de-la-petite-puce-2\/\" data-orig-file=\"https:\/\/i0.wp.com\/www.jojoenherbe.com\/wp-content\/uploads\/2019\/07\/La-grande-histoire-de-la-petite-puce-2.jpg?fit=2991%2C2057\" data-orig-size=\"2991,2057\" data-comments-opened=\"1\" data-image-meta=\"{&quot;aperture&quot;:&quot;2.4&quot;,&quot;credit&quot;:&quot;&quot;,&quot;camera&quot;:&quot;iPhone 4S&quot;,&quot;caption&quot;:&quot;&quot;,&quot;created_timestamp&quot;:&quot;1562334147&quot;,&quot;copyright&quot;:&quot;&quot;,&quot;focal_length&quot;:&quot;4.28&quot;,&quot;iso&quot;:&quot;50&quot;,&quot;shutter_speed&quot;:&quot;0.0024271844660194&quot;,&quot;title&quot;:&quot;&quot;,&quot;orientation&quot;:&quot;1&quot;}\" data-image-title=\"La grande histoire de la petite puce 2\" data-image-description=\"\" data-image-caption=\"\" data-large-file=\"https:\/\/i0.wp.com\/www.jojoenherbe.com\/wp-content\/uploads\/2019\/07\/La-grande-histoire-de-la-petite-puce-2.jpg?fit=676%2C465\" class=\"alignleft size-thumbnail wp-image-6735\" src=\"https:\/\/i0.wp.com\/www.jojoenherbe.com\/wp-content\/uploads\/2019\/07\/La-grande-histoire-de-la-petite-puce-2.jpg?resize=150%2C150\" alt=\"\" width=\"150\" height=\"150\" srcset=\"https:\/\/i0.wp.com\/www.jojoenherbe.com\/wp-content\/uploads\/2019\/07\/La-grande-histoire-de-la-petite-puce-2.jpg?resize=150%2C150 150w, https:\/\/i0.wp.com\/www.jojoenherbe.com\/wp-content\/uploads\/2019\/07\/La-grande-histoire-de-la-petite-puce-2.jpg?zoom=2&amp;resize=150%2C150 300w, https:\/\/i0.wp.com\/www.jojoenherbe.com\/wp-content\/uploads\/2019\/07\/La-grande-histoire-de-la-petite-puce-2.jpg?zoom=3&amp;resize=150%2C150 450w\" sizes=\"auto, (max-width: 150px) 100vw, 150px\" \/><\/a> <a href=\"https:\/\/i0.wp.com\/www.jojoenherbe.com\/wp-content\/uploads\/2019\/07\/La-grande-histoire-de-la-petite-puce-3.jpg\"><img data-recalc-dims=\"1\" loading=\"lazy\" decoding=\"async\" data-attachment-id=\"6736\" data-permalink=\"http:\/\/www.jojoenherbe.com\/index.php\/2019\/07\/12\/au-fil-des-pages-avec-la-grande-histoire-de-la-petite-puce\/la-grande-histoire-de-la-petite-puce-3\/\" data-orig-file=\"https:\/\/i0.wp.com\/www.jojoenherbe.com\/wp-content\/uploads\/2019\/07\/La-grande-histoire-de-la-petite-puce-3.jpg?fit=3264%2C2448\" data-orig-size=\"3264,2448\" data-comments-opened=\"1\" data-image-meta=\"{&quot;aperture&quot;:&quot;2.4&quot;,&quot;credit&quot;:&quot;&quot;,&quot;camera&quot;:&quot;iPhone 4S&quot;,&quot;caption&quot;:&quot;&quot;,&quot;created_timestamp&quot;:&quot;1562334191&quot;,&quot;copyright&quot;:&quot;&quot;,&quot;focal_length&quot;:&quot;4.28&quot;,&quot;iso&quot;:&quot;50&quot;,&quot;shutter_speed&quot;:&quot;0.0030959752321981&quot;,&quot;title&quot;:&quot;&quot;,&quot;orientation&quot;:&quot;1&quot;}\" data-image-title=\"La grande histoire de la petite puce 3\" data-image-description=\"\" data-image-caption=\"\" data-large-file=\"https:\/\/i0.wp.com\/www.jojoenherbe.com\/wp-content\/uploads\/2019\/07\/La-grande-histoire-de-la-petite-puce-3.jpg?fit=676%2C507\" class=\"alignleft size-thumbnail wp-image-6736\" src=\"https:\/\/i0.wp.com\/www.jojoenherbe.com\/wp-content\/uploads\/2019\/07\/La-grande-histoire-de-la-petite-puce-3.jpg?resize=150%2C150\" alt=\"\" width=\"150\" height=\"150\" srcset=\"https:\/\/i0.wp.com\/www.jojoenherbe.com\/wp-content\/uploads\/2019\/07\/La-grande-histoire-de-la-petite-puce-3.jpg?resize=150%2C150 150w, https:\/\/i0.wp.com\/www.jojoenherbe.com\/wp-content\/uploads\/2019\/07\/La-grande-histoire-de-la-petite-puce-3.jpg?zoom=2&amp;resize=150%2C150 300w, https:\/\/i0.wp.com\/www.jojoenherbe.com\/wp-content\/uploads\/2019\/07\/La-grande-histoire-de-la-petite-puce-3.jpg?zoom=3&amp;resize=150%2C150 450w\" sizes=\"auto, (max-width: 150px) 100vw, 150px\" \/><\/a>Nous lisons <span style=\"text-decoration: underline;\">La grande histoire de la petite puce<\/span> de Karine Quesada et Lucile Thibaudier (\u00e9d. Bilboquet, coll. Les tout petits, 2012), un album jeunesse d\u00e8s 3 ans. Dans une savane africaine, une puce est tellement petite qu&rsquo;elle ne peut voir au-dessus des herbes jaunes. Pour parvenir \u00e0 voir au-del\u00e0 de l&rsquo;horizon et les paysages qui l&rsquo;entourent, elle saute d&rsquo;animal en animal de plus en plus grand. Elle pourra ainsi compter sur l&rsquo;aide notamment d&rsquo;un marabout et d&rsquo;un hippopotame jusqu&rsquo;\u00e0 trouver son bonheur sur la t\u00eate d&rsquo;un animal encore plus grand. Quelle aventure rigolote tout comme les illustrations! \u00c9quip\u00e9e de son sac \u00e0 dos et de ses jumelles, cette petite puce est toute attachante dans sa soif de d\u00e9couverte et pla\u00eet aux tout petits.<br \/>\n<\/em><\/p>\n<p style=\"text-align: justify;\"><em><a href=\"https:\/\/i0.wp.com\/www.jojoenherbe.com\/wp-content\/uploads\/2019\/07\/La-grande-histoire-de-la-petite-puce-4.jpg\"><img data-recalc-dims=\"1\" loading=\"lazy\" decoding=\"async\" data-attachment-id=\"6744\" data-permalink=\"http:\/\/www.jojoenherbe.com\/index.php\/2019\/07\/12\/au-fil-des-pages-avec-la-grande-histoire-de-la-petite-puce\/la-grande-histoire-de-la-petite-puce-4\/\" data-orig-file=\"https:\/\/i0.wp.com\/www.jojoenherbe.com\/wp-content\/uploads\/2019\/07\/La-grande-histoire-de-la-petite-puce-4-e1562935204745.jpg?fit=2448%2C3264\" data-orig-size=\"2448,3264\" data-comments-opened=\"1\" data-image-meta=\"{&quot;aperture&quot;:&quot;2.4&quot;,&quot;credit&quot;:&quot;&quot;,&quot;camera&quot;:&quot;iPhone 4S&quot;,&quot;caption&quot;:&quot;&quot;,&quot;created_timestamp&quot;:&quot;1562942179&quot;,&quot;copyright&quot;:&quot;&quot;,&quot;focal_length&quot;:&quot;4.28&quot;,&quot;iso&quot;:&quot;400&quot;,&quot;shutter_speed&quot;:&quot;0.05&quot;,&quot;title&quot;:&quot;&quot;,&quot;orientation&quot;:&quot;6&quot;}\" data-image-title=\"La grande histoire de la petite puce 4\" data-image-description=\"\" data-image-caption=\"\" data-large-file=\"https:\/\/i0.wp.com\/www.jojoenherbe.com\/wp-content\/uploads\/2019\/07\/La-grande-histoire-de-la-petite-puce-4-e1562935204745.jpg?fit=676%2C901\" class=\"wp-image-6744 size-thumbnail alignright\" src=\"https:\/\/i0.wp.com\/www.jojoenherbe.com\/wp-content\/uploads\/2019\/07\/La-grande-histoire-de-la-petite-puce-4-e1562935204745-150x150.jpg?resize=150%2C150\" alt=\"\" width=\"150\" height=\"150\" srcset=\"https:\/\/i0.wp.com\/www.jojoenherbe.com\/wp-content\/uploads\/2019\/07\/La-grande-histoire-de-la-petite-puce-4-e1562935204745.jpg?resize=150%2C150 150w, https:\/\/i0.wp.com\/www.jojoenherbe.com\/wp-content\/uploads\/2019\/07\/La-grande-histoire-de-la-petite-puce-4-e1562935204745.jpg?zoom=2&amp;resize=150%2C150 300w, https:\/\/i0.wp.com\/www.jojoenherbe.com\/wp-content\/uploads\/2019\/07\/La-grande-histoire-de-la-petite-puce-4-e1562935204745.jpg?zoom=3&amp;resize=150%2C150 450w\" sizes=\"auto, (max-width: 150px) 100vw, 150px\" \/><\/a>Pour prolonger la lecture, l&rsquo;album jeunesse propose une double page de jeux avec les animaux de l&rsquo;histoire. Sur le m\u00eame mod\u00e8le propos\u00e9 et avec des cartes plastifi\u00e9es, nous nous amusons \u00e0 classer les animaux du plus petit au plus grand. Rien de plus simple, il suffit de suivre l&rsquo;ordre de leur apparition dans l&rsquo;album. Une fa\u00e7on amusante de s&rsquo;initier aux grandeurs avec les tout-petits, en les associant \u00e9galement avec nos figurines!<br \/>\n<\/em><\/p>\n<div style=\"width: 137px\" class=\"wp-caption alignleft\"><img data-recalc-dims=\"1\" loading=\"lazy\" decoding=\"async\" class=\"\" src=\"https:\/\/i0.wp.com\/delivrer-des-livres.fr\/wp-content\/uploads\/2019\/05\/logoalbums2019.png?resize=127%2C127\" alt=\"\" width=\"127\" height=\"127\" \/><p class=\"wp-caption-text\">Participation #23 <a href=\"http:\/\/delivrer-des-livres.fr\/challenge-albums-2019\/\">Je lis aussi des albums<\/a><\/p><\/div>\n<div id=\"attachment_33643\" style=\"width: 151px\" class=\"wp-caption alignleft\"><img data-recalc-dims=\"1\" loading=\"lazy\" decoding=\"async\" aria-describedby=\"caption-attachment-33643\" class=\"wp-image-33643\" src=\"https:\/\/i0.wp.com\/delivrer-des-livres.fr\/wp-content\/uploads\/2019\/01\/petit-bac-2019.jpg?resize=141%2C107\" sizes=\"auto, (max-width: 200px) 100vw, 200px\" srcset=\"http:\/\/delivrer-des-livres.fr\/wp-content\/uploads\/2019\/01\/petit-bac-2019.jpg 285w, http:\/\/delivrer-des-livres.fr\/wp-content\/uploads\/2019\/01\/petit-bac-2019-150x114.jpg 150w\" alt=\"\" width=\"141\" height=\"107\" \/><p id=\"caption-attachment-33643\" class=\"wp-caption-text\"><a href=\"https:\/\/ennalit.wordpress.com\/2018\/12\/01\/challenge-petit-bac-2019-qui-veut-jouer\/\">Challenge Petit Bac d&rsquo;Enna<\/a> &#8211; #6 cat\u00e9gorie Lecture: \u00ab\u00a0Histoire\u00a0\u00bb<\/p><\/div>\n","protected":false},"excerpt":{"rendered":"<p>Nous lisons La grande histoire de la petite puce de Karine Quesada et Lucile Thibaudier (\u00e9d. Bilboquet, coll. Les tout petits, 2012), un album jeunesse d\u00e8s 3 ans. Dans une savane africaine, une puce est tellement petite qu&rsquo;elle ne peut voir au-dessus des herbes jaunes. Pour parvenir \u00e0 voir au-del\u00e0 de l&rsquo;horizon et les paysages [&hellip;]<\/p>\n","protected":false},"author":1,"featured_media":6737,"comment_status":"open","ping_status":"open","sticky":false,"template":"","format":"standard","meta":{"jetpack_post_was_ever_published":false,"_jetpack_newsletter_access":"","_jetpack_dont_email_post_to_subs":false,"_jetpack_newsletter_tier_id":0,"_jetpack_memberships_contains_paywalled_content":false,"_jetpack_memberships_contains_paid_content":false,"footnotes":""},"categories":[363],"tags":[785,717,409,722,601,1349,720,749,345,721,724,719,1350,2180,367,1890,723,718,716],"class_list":["post-6734","post","type-post","status-publish","format-standard","has-post-thumbnail","hentry","category-mini-lecteur","tag-3-6-ans","tag-afrique","tag-albums-jeunesse","tag-antilope","tag-aventure","tag-challenge-petit-bac-2019","tag-elephant","tag-exploitation-pedagogique","tag-girafe","tag-gnou","tag-grandeurs","tag-hippopotame","tag-je-lis-aussi-des-albums-2019","tag-karine-quesada","tag-lecture-jeunesse","tag-lucile-thibaudier","tag-marabout","tag-puce","tag-savane","post-preview"],"jetpack_featured_media_url":"https:\/\/i0.wp.com\/www.jojoenherbe.com\/wp-content\/uploads\/2019\/07\/La-grande-histoire-de-la-petite-puce.jpg?fit=2440%2C2329","jetpack_sharing_enabled":true,"jetpack_shortlink":"https:\/\/wp.me\/p9zhGx-1KC","jetpack_likes_enabled":true,"jetpack-related-posts":[{"id":22374,"url":"http:\/\/www.jojoenherbe.com\/index.php\/2021\/11\/15\/point-lecture-hebdomadaire-15\/","url_meta":{"origin":6734,"position":0},"title":"Point lecture hebdomadaire #15","author":"Jojo","date":"15 novembre 2021","format":false,"excerpt":"En ce d\u00e9but de semaine, voici notre point lecture hebdomadaire avec un retour sur nos lectures de la semaine derni\u00e8re (surtout des relectures de No\u00ebl comme par exemple No\u00ebl dans le grand arbre de Sylvie Misslin et Fabien \u00d6ckto Lambert et No\u00ebl de sapin de Michel Gay) et celles en\u2026","rel":"","context":"Dans &quot;Mini blogueur&quot;","block_context":{"text":"Mini blogueur","link":"http:\/\/www.jojoenherbe.com\/index.php\/category\/mini-blogueur\/"},"img":{"alt_text":"","src":"https:\/\/i0.wp.com\/www.jojoenherbe.com\/wp-content\/uploads\/2021\/11\/Point-lecture-hebdomadaire-15-scaled.jpg?fit=1200%2C900&resize=350%2C200","width":350,"height":200,"srcset":"https:\/\/i0.wp.com\/www.jojoenherbe.com\/wp-content\/uploads\/2021\/11\/Point-lecture-hebdomadaire-15-scaled.jpg?fit=1200%2C900&resize=350%2C200 1x, https:\/\/i0.wp.com\/www.jojoenherbe.com\/wp-content\/uploads\/2021\/11\/Point-lecture-hebdomadaire-15-scaled.jpg?fit=1200%2C900&resize=525%2C300 1.5x, https:\/\/i0.wp.com\/www.jojoenherbe.com\/wp-content\/uploads\/2021\/11\/Point-lecture-hebdomadaire-15-scaled.jpg?fit=1200%2C900&resize=700%2C400 2x, https:\/\/i0.wp.com\/www.jojoenherbe.com\/wp-content\/uploads\/2021\/11\/Point-lecture-hebdomadaire-15-scaled.jpg?fit=1200%2C900&resize=1050%2C600 3x"},"classes":[]},{"id":12829,"url":"http:\/\/www.jojoenherbe.com\/index.php\/2020\/10\/28\/au-fil-des-pages-avec-le-tome-1-de-sorcieres-sorcieres\/","url_meta":{"origin":6734,"position":1},"title":"Au fil des pages avec le tome 1 de Sorci\u00e8res Sorci\u00e8res","author":"Jojo","date":"28 octobre 2020","format":false,"excerpt":"J'emprunte \u00e0 la m\u00e9diath\u00e8que le tome 1 de Sorci\u00e8res Sorci\u00e8res, Le myst\u00e8re du jeteur de sorts de Joris Chamblain et Lucile Thibaudier (\u00e9d. Kennes, 2014), une BD jeunesse \u00e0 partir de 6 ans. A Pamprelune, vivent de gentils sorciers dont la famille d'Harmonie et de Miette, deux s\u0153urs tr\u00e8s unies.\u2026","rel":"","context":"Dans &quot;Mini lecteur&quot;","block_context":{"text":"Mini lecteur","link":"http:\/\/www.jojoenherbe.com\/index.php\/category\/mini-lecteur\/"},"img":{"alt_text":"","src":"https:\/\/i0.wp.com\/www.jojoenherbe.com\/wp-content\/uploads\/2020\/10\/Sorcieres-Sorcieres-T1-scaled.jpg?fit=1200%2C900&resize=350%2C200","width":350,"height":200,"srcset":"https:\/\/i0.wp.com\/www.jojoenherbe.com\/wp-content\/uploads\/2020\/10\/Sorcieres-Sorcieres-T1-scaled.jpg?fit=1200%2C900&resize=350%2C200 1x, https:\/\/i0.wp.com\/www.jojoenherbe.com\/wp-content\/uploads\/2020\/10\/Sorcieres-Sorcieres-T1-scaled.jpg?fit=1200%2C900&resize=525%2C300 1.5x, https:\/\/i0.wp.com\/www.jojoenherbe.com\/wp-content\/uploads\/2020\/10\/Sorcieres-Sorcieres-T1-scaled.jpg?fit=1200%2C900&resize=700%2C400 2x, https:\/\/i0.wp.com\/www.jojoenherbe.com\/wp-content\/uploads\/2020\/10\/Sorcieres-Sorcieres-T1-scaled.jpg?fit=1200%2C900&resize=1050%2C600 3x"},"classes":[]},{"id":10297,"url":"http:\/\/www.jojoenherbe.com\/index.php\/2020\/03\/09\/au-fil-des-pages-avec-petite-taupe-ouvre-moi-ta-porte\/","url_meta":{"origin":6734,"position":2},"title":"Au fil des pages avec Petite taupe, ouvre-moi ta porte!","author":"Jojo","date":"9 mars 2020","format":false,"excerpt":"Apr\u00e8s avoir lu et relu \u00e0 No\u00ebl Joyeux No\u00ebl, Petite taupe!, nous lisons une histoire qui pr\u00e9c\u00e8de cet album jeunesse: Petite taupe, ouvre-moi ta porte! d\u2019Orianne Lallemand et Claire Frossard (\u00e9d. Auzou, 2009), un album jeunesse \u00e0 partir de 3 ans. Par une nuit d'hiver, Petite taupe est bien au\u2026","rel":"","context":"Dans &quot;Mini lecteur&quot;","block_context":{"text":"Mini lecteur","link":"http:\/\/www.jojoenherbe.com\/index.php\/category\/mini-lecteur\/"},"img":{"alt_text":"","src":"https:\/\/i0.wp.com\/www.jojoenherbe.com\/wp-content\/uploads\/2020\/03\/Petite-taupe-ouvre-moi-ta-porte-scaled.jpg?fit=1200%2C900&resize=350%2C200","width":350,"height":200,"srcset":"https:\/\/i0.wp.com\/www.jojoenherbe.com\/wp-content\/uploads\/2020\/03\/Petite-taupe-ouvre-moi-ta-porte-scaled.jpg?fit=1200%2C900&resize=350%2C200 1x, https:\/\/i0.wp.com\/www.jojoenherbe.com\/wp-content\/uploads\/2020\/03\/Petite-taupe-ouvre-moi-ta-porte-scaled.jpg?fit=1200%2C900&resize=525%2C300 1.5x, https:\/\/i0.wp.com\/www.jojoenherbe.com\/wp-content\/uploads\/2020\/03\/Petite-taupe-ouvre-moi-ta-porte-scaled.jpg?fit=1200%2C900&resize=700%2C400 2x, https:\/\/i0.wp.com\/www.jojoenherbe.com\/wp-content\/uploads\/2020\/03\/Petite-taupe-ouvre-moi-ta-porte-scaled.jpg?fit=1200%2C900&resize=1050%2C600 3x"},"classes":[]},{"id":7093,"url":"http:\/\/www.jojoenherbe.com\/index.php\/2019\/08\/14\/au-fil-des-pages-avec-tortue-pingouin\/","url_meta":{"origin":6734,"position":3},"title":"Au fil des pages avec Tortue Pingouin","author":"Jojo","date":"14 ao\u00fbt 2019","format":false,"excerpt":"Forc\u00e9ment avec un tel titre et une tortue qui est d\u00e9guis\u00e9e en manchot empereur, je suis imm\u00e9diatement attir\u00e9e par la couverture de cet album jeunesse que nous empruntons \u00e0 la biblioth\u00e8que. Il s'agit de Tortue Pingouin de Valeri Gorbachev (\u00e9d. L'\u00e9cole des loisirs, 2009), album jeunesse \u00e0 partir de 3\u2026","rel":"","context":"Dans &quot;Mini lecteur&quot;","block_context":{"text":"Mini lecteur","link":"http:\/\/www.jojoenherbe.com\/index.php\/category\/mini-lecteur\/"},"img":{"alt_text":"","src":"https:\/\/i0.wp.com\/www.jojoenherbe.com\/wp-content\/uploads\/2019\/08\/Tortue-Pingouin.jpg?fit=1124%2C1200&resize=350%2C200","width":350,"height":200,"srcset":"https:\/\/i0.wp.com\/www.jojoenherbe.com\/wp-content\/uploads\/2019\/08\/Tortue-Pingouin.jpg?fit=1124%2C1200&resize=350%2C200 1x, https:\/\/i0.wp.com\/www.jojoenherbe.com\/wp-content\/uploads\/2019\/08\/Tortue-Pingouin.jpg?fit=1124%2C1200&resize=525%2C300 1.5x, https:\/\/i0.wp.com\/www.jojoenherbe.com\/wp-content\/uploads\/2019\/08\/Tortue-Pingouin.jpg?fit=1124%2C1200&resize=700%2C400 2x, https:\/\/i0.wp.com\/www.jojoenherbe.com\/wp-content\/uploads\/2019\/08\/Tortue-Pingouin.jpg?fit=1124%2C1200&resize=1050%2C600 3x"},"classes":[]},{"id":8982,"url":"http:\/\/www.jojoenherbe.com\/index.php\/2019\/12\/17\/au-fil-des-pages-avec-joyeux-noel-petite-taupe\/","url_meta":{"origin":6734,"position":4},"title":"Au fil des pages avec Joyeux No\u00ebl, Petite taupe!","author":"Jojo","date":"17 d\u00e9cembre 2019","format":false,"excerpt":"Nous lisons depuis le d\u00e9but du mois un album jeunesse, \u00e0 partir de 3 ans, emprunt\u00e9 \u00e0 la biblioth\u00e8que, Joyeux No\u00ebl, Petite taupe! d'Orianne Lallemand et Claire Frossard (\u00e9d. Auzou, 2015). La veille de No\u00ebl, Petite taupe pense que la journ\u00e9e va \u00eatre longue avant No\u00ebl mais c'est sans compter\u2026","rel":"","context":"Dans &quot;Mini lecteur&quot;","block_context":{"text":"Mini lecteur","link":"http:\/\/www.jojoenherbe.com\/index.php\/category\/mini-lecteur\/"},"img":{"alt_text":"","src":"https:\/\/i0.wp.com\/www.jojoenherbe.com\/wp-content\/uploads\/2019\/12\/Joyeux-Noel-Petite-taupe-6-scaled.jpg?fit=1200%2C918&resize=350%2C200","width":350,"height":200,"srcset":"https:\/\/i0.wp.com\/www.jojoenherbe.com\/wp-content\/uploads\/2019\/12\/Joyeux-Noel-Petite-taupe-6-scaled.jpg?fit=1200%2C918&resize=350%2C200 1x, https:\/\/i0.wp.com\/www.jojoenherbe.com\/wp-content\/uploads\/2019\/12\/Joyeux-Noel-Petite-taupe-6-scaled.jpg?fit=1200%2C918&resize=525%2C300 1.5x, https:\/\/i0.wp.com\/www.jojoenherbe.com\/wp-content\/uploads\/2019\/12\/Joyeux-Noel-Petite-taupe-6-scaled.jpg?fit=1200%2C918&resize=700%2C400 2x, https:\/\/i0.wp.com\/www.jojoenherbe.com\/wp-content\/uploads\/2019\/12\/Joyeux-Noel-Petite-taupe-6-scaled.jpg?fit=1200%2C918&resize=1050%2C600 3x"},"classes":[]},{"id":20696,"url":"http:\/\/www.jojoenherbe.com\/index.php\/2021\/11\/13\/notre-selection-sorcieres-pour-le-challenge-halloween-2021\/","url_meta":{"origin":6734,"position":5},"title":"Notre s\u00e9lection \u00ab\u00a0Sorci\u00e8res\u00a0\u00bb pour le Challenge Halloween 2021","author":"Jojo","date":"13 novembre 2021","format":false,"excerpt":"J'avais pr\u00e9vu de nombreuses lectures sur la th\u00e9matique \"Sorci\u00e8res\" et j'ai eu envie de les regrouper, comme l'ann\u00e9e derni\u00e8re, sous un billet commun. Alors voici notre s\u00e9lection \"Sorci\u00e8res\" qui a \u00e9volu\u00e9 au-fur-et-\u00e0-mesure de nos lectures de cette nouvelle \u00e9dition du Challenge Halloween organis\u00e9 par Hilde et Lou. Au passage, je\u2026","rel":"","context":"Dans &quot;Mini lecteur&quot;","block_context":{"text":"Mini lecteur","link":"http:\/\/www.jojoenherbe.com\/index.php\/category\/mini-lecteur\/"},"img":{"alt_text":"","src":"https:\/\/i0.wp.com\/www.jojoenherbe.com\/wp-content\/uploads\/2021\/09\/Selection-Sorcieres-2-scaled.jpg?fit=1200%2C633&resize=350%2C200","width":350,"height":200,"srcset":"https:\/\/i0.wp.com\/www.jojoenherbe.com\/wp-content\/uploads\/2021\/09\/Selection-Sorcieres-2-scaled.jpg?fit=1200%2C633&resize=350%2C200 1x, https:\/\/i0.wp.com\/www.jojoenherbe.com\/wp-content\/uploads\/2021\/09\/Selection-Sorcieres-2-scaled.jpg?fit=1200%2C633&resize=525%2C300 1.5x, https:\/\/i0.wp.com\/www.jojoenherbe.com\/wp-content\/uploads\/2021\/09\/Selection-Sorcieres-2-scaled.jpg?fit=1200%2C633&resize=700%2C400 2x, https:\/\/i0.wp.com\/www.jojoenherbe.com\/wp-content\/uploads\/2021\/09\/Selection-Sorcieres-2-scaled.jpg?fit=1200%2C633&resize=1050%2C600 3x"},"classes":[]}],"_links":{"self":[{"href":"http:\/\/www.jojoenherbe.com\/index.php\/wp-json\/wp\/v2\/posts\/6734","targetHints":{"allow":["GET"]}}],"collection":[{"href":"http:\/\/www.jojoenherbe.com\/index.php\/wp-json\/wp\/v2\/posts"}],"about":[{"href":"http:\/\/www.jojoenherbe.com\/index.php\/wp-json\/wp\/v2\/types\/post"}],"author":[{"embeddable":true,"href":"http:\/\/www.jojoenherbe.com\/index.php\/wp-json\/wp\/v2\/users\/1"}],"replies":[{"embeddable":true,"href":"http:\/\/www.jojoenherbe.com\/index.php\/wp-json\/wp\/v2\/comments?post=6734"}],"version-history":[{"count":1,"href":"http:\/\/www.jojoenherbe.com\/index.php\/wp-json\/wp\/v2\/posts\/6734\/revisions"}],"predecessor-version":[{"id":25116,"href":"http:\/\/www.jojoenherbe.com\/index.php\/wp-json\/wp\/v2\/posts\/6734\/revisions\/25116"}],"wp:featuredmedia":[{"embeddable":true,"href":"http:\/\/www.jojoenherbe.com\/index.php\/wp-json\/wp\/v2\/media\/6737"}],"wp:attachment":[{"href":"http:\/\/www.jojoenherbe.com\/index.php\/wp-json\/wp\/v2\/media?parent=6734"}],"wp:term":[{"taxonomy":"category","embeddable":true,"href":"http:\/\/www.jojoenherbe.com\/index.php\/wp-json\/wp\/v2\/categories?post=6734"},{"taxonomy":"post_tag","embeddable":true,"href":"http:\/\/www.jojoenherbe.com\/index.php\/wp-json\/wp\/v2\/tags?post=6734"}],"curies":[{"name":"wp","href":"https:\/\/api.w.org\/{rel}","templated":true}]}}