{"id":6198,"date":"2019-06-02T11:41:05","date_gmt":"2019-06-02T09:41:05","guid":{"rendered":"http:\/\/www.jojoenherbe.com\/?p=6198"},"modified":"2019-06-02T11:41:05","modified_gmt":"2019-06-02T09:41:05","slug":"du-street-art-a-villefranche-sur-mer","status":"publish","type":"post","link":"http:\/\/www.jojoenherbe.com\/index.php\/2019\/06\/02\/du-street-art-a-villefranche-sur-mer\/","title":{"rendered":"Du Street Art \u00e0 Villefranche-sur-Mer"},"content":{"rendered":"<p style=\"text-align: justify;\"><em><a href=\"https:\/\/i0.wp.com\/www.jojoenherbe.com\/wp-content\/uploads\/2019\/06\/Street-art-David-Zinn-4.jpg\"><img data-recalc-dims=\"1\" loading=\"lazy\" decoding=\"async\" data-attachment-id=\"6203\" data-permalink=\"http:\/\/www.jojoenherbe.com\/index.php\/2019\/06\/02\/du-street-art-a-villefranche-sur-mer\/street-art-david-zinn-4\/\" data-orig-file=\"https:\/\/i0.wp.com\/www.jojoenherbe.com\/wp-content\/uploads\/2019\/06\/Street-art-David-Zinn-4.jpg?fit=3888%2C5184\" data-orig-size=\"3888,5184\" data-comments-opened=\"1\" data-image-meta=\"{&quot;aperture&quot;:&quot;3.2&quot;,&quot;credit&quot;:&quot;&quot;,&quot;camera&quot;:&quot;DSC-HX400V&quot;,&quot;caption&quot;:&quot;&quot;,&quot;created_timestamp&quot;:&quot;1559407579&quot;,&quot;copyright&quot;:&quot;&quot;,&quot;focal_length&quot;:&quot;4.3&quot;,&quot;iso&quot;:&quot;80&quot;,&quot;shutter_speed&quot;:&quot;0.0015625&quot;,&quot;title&quot;:&quot;&quot;,&quot;orientation&quot;:&quot;1&quot;}\" data-image-title=\"Street art &amp;#8211; David Zinn 4\" data-image-description=\"\" data-image-caption=\"\" data-large-file=\"https:\/\/i0.wp.com\/www.jojoenherbe.com\/wp-content\/uploads\/2019\/06\/Street-art-David-Zinn-4.jpg?fit=676%2C901\" class=\"alignleft size-thumbnail wp-image-6203\" src=\"https:\/\/i0.wp.com\/www.jojoenherbe.com\/wp-content\/uploads\/2019\/06\/Street-art-David-Zinn-4.jpg?resize=150%2C150\" alt=\"\" width=\"150\" height=\"150\" srcset=\"https:\/\/i0.wp.com\/www.jojoenherbe.com\/wp-content\/uploads\/2019\/06\/Street-art-David-Zinn-4.jpg?resize=150%2C150 150w, https:\/\/i0.wp.com\/www.jojoenherbe.com\/wp-content\/uploads\/2019\/06\/Street-art-David-Zinn-4.jpg?zoom=2&amp;resize=150%2C150 300w, https:\/\/i0.wp.com\/www.jojoenherbe.com\/wp-content\/uploads\/2019\/06\/Street-art-David-Zinn-4.jpg?zoom=3&amp;resize=150%2C150 450w\" sizes=\"auto, (max-width: 150px) 100vw, 150px\" \/><\/a> <a href=\"https:\/\/i0.wp.com\/www.jojoenherbe.com\/wp-content\/uploads\/2019\/06\/Street-art-David-Zinn-3.jpg\"><img data-recalc-dims=\"1\" loading=\"lazy\" decoding=\"async\" data-attachment-id=\"6200\" data-permalink=\"http:\/\/www.jojoenherbe.com\/index.php\/2019\/06\/02\/du-street-art-a-villefranche-sur-mer\/street-art-david-zinn-3\/\" data-orig-file=\"https:\/\/i0.wp.com\/www.jojoenherbe.com\/wp-content\/uploads\/2019\/06\/Street-art-David-Zinn-3.jpg?fit=5184%2C3888\" data-orig-size=\"5184,3888\" data-comments-opened=\"1\" data-image-meta=\"{&quot;aperture&quot;:&quot;3.2&quot;,&quot;credit&quot;:&quot;&quot;,&quot;camera&quot;:&quot;DSC-HX400V&quot;,&quot;caption&quot;:&quot;&quot;,&quot;created_timestamp&quot;:&quot;1559408086&quot;,&quot;copyright&quot;:&quot;&quot;,&quot;focal_length&quot;:&quot;6.59&quot;,&quot;iso&quot;:&quot;80&quot;,&quot;shutter_speed&quot;:&quot;0.0015625&quot;,&quot;title&quot;:&quot;&quot;,&quot;orientation&quot;:&quot;1&quot;}\" data-image-title=\"Street art &amp;#8211; David Zinn 3\" data-image-description=\"\" data-image-caption=\"\" data-large-file=\"https:\/\/i0.wp.com\/www.jojoenherbe.com\/wp-content\/uploads\/2019\/06\/Street-art-David-Zinn-3.jpg?fit=676%2C507\" class=\"alignleft size-thumbnail wp-image-6200\" src=\"https:\/\/i0.wp.com\/www.jojoenherbe.com\/wp-content\/uploads\/2019\/06\/Street-art-David-Zinn-3.jpg?resize=150%2C150\" alt=\"\" width=\"150\" height=\"150\" srcset=\"https:\/\/i0.wp.com\/www.jojoenherbe.com\/wp-content\/uploads\/2019\/06\/Street-art-David-Zinn-3.jpg?resize=150%2C150 150w, https:\/\/i0.wp.com\/www.jojoenherbe.com\/wp-content\/uploads\/2019\/06\/Street-art-David-Zinn-3.jpg?zoom=2&amp;resize=150%2C150 300w, https:\/\/i0.wp.com\/www.jojoenherbe.com\/wp-content\/uploads\/2019\/06\/Street-art-David-Zinn-3.jpg?zoom=3&amp;resize=150%2C150 450w\" sizes=\"auto, (max-width: 150px) 100vw, 150px\" \/><\/a>Ce 1er juin 2019, apr\u00e8s notre balade sur le <a href=\"http:\/\/www.jojoenherbe.com\/index.php\/2019\/06\/02\/le-sentier-botanique-du-parc-de-la-grande-corniche\/\">sentier botanique<\/a> du parc de la Grande Corniche, nous allons \u00e0 Villefranche-sur-Mer. La commune accueille du 30 mai au 2 juin 2019 une manifestation de Street Art, \u00ab\u00a0Craie Art\u00a0\u00bb avec David Zinn. Cet artiste am\u00e9ricain a, pour l&rsquo;occasion, diss\u00e9min\u00e9 \u00e7a et l\u00e0 dans les rues de la commune ses \u0153uvres \u00e9ph\u00e9m\u00e8res \u00e0 la craie. Nous en voyons une avant m\u00eame d&rsquo;arriver sur le parking du bord de mer, au niveau des chaises rouges pos\u00e9es peu apr\u00e8s la citadelle: une tortue.\u00a0 Nous en verrons une autre d\u00e9j\u00e0 presque effac\u00e9e sur la place Am\u00e9lie Pollonais, datant sans doute du 30 mai et repr\u00e9sentant deux personnages embl\u00e9matiques de l&rsquo;artiste: Sluggo et Philomena.<\/em><\/p>\n","protected":false},"excerpt":{"rendered":"<p>Ce 1er juin 2019, apr\u00e8s notre balade sur le sentier botanique du parc de la Grande Corniche, nous allons \u00e0 Villefranche-sur-Mer. La commune accueille du 30 mai au 2 juin 2019 une manifestation de Street Art, \u00ab\u00a0Craie Art\u00a0\u00bb avec David Zinn. Cet artiste am\u00e9ricain a, pour l&rsquo;occasion, diss\u00e9min\u00e9 \u00e7a et l\u00e0 dans les rues de [&hellip;]<\/p>\n","protected":false},"author":1,"featured_media":6201,"comment_status":"open","ping_status":"open","sticky":false,"template":"","format":"standard","meta":{"jetpack_post_was_ever_published":false,"_jetpack_newsletter_access":"","_jetpack_dont_email_post_to_subs":false,"_jetpack_newsletter_tier_id":0,"_jetpack_memberships_contains_paywalled_content":false,"_jetpack_memberships_contains_paid_content":false,"footnotes":""},"categories":[4],"tags":[25,628,627,5,569,133],"class_list":["post-6198","post","type-post","status-publish","format-standard","has-post-thumbnail","hentry","category-mini-visiteur","tag-alpes-maritimes","tag-craies","tag-david-zinn","tag-paca","tag-street-art","tag-villefranche-sur-mer","post-preview"],"jetpack_featured_media_url":"https:\/\/i0.wp.com\/www.jojoenherbe.com\/wp-content\/uploads\/2019\/06\/Street-art-David-Zinn.jpg?fit=5184%2C3888","jetpack_sharing_enabled":true,"jetpack_shortlink":"https:\/\/wp.me\/p9zhGx-1BY","jetpack_likes_enabled":true,"jetpack-related-posts":[{"id":4301,"url":"http:\/\/www.jojoenherbe.com\/index.php\/2019\/01\/16\/illuminations-a-la-citadelle-de-villefranche-sur-mer\/","url_meta":{"origin":6198,"position":0},"title":"Illuminations \u00e0 la Citadelle de Villefranche-sur-Mer","author":"Jojo","date":"16 janvier 2019","format":false,"excerpt":"Ce 13 janvier 2019, apr\u00e8s avoir regard\u00e9 le coucher de soleil au port de Nice, nous nous rendons \u00e0 Villefranche-sur-Mer. En quelques minutes, il fait nuit, l'occasion de profiter des illuminations de No\u00ebl de la commune. En effet, les illuminations de No\u00ebl sont encore pr\u00e9sentes, comme celles install\u00e9es \u00e0 la\u2026","rel":"","context":"Dans &quot;Mini visiteur&quot;","block_context":{"text":"Mini visiteur","link":"http:\/\/www.jojoenherbe.com\/index.php\/category\/mini-crapahuteur\/mini-visiteur\/"},"img":{"alt_text":"","src":"https:\/\/i0.wp.com\/www.jojoenherbe.com\/wp-content\/uploads\/2019\/01\/citadelle-Villefranche-sur-Mer.jpg?fit=1073%2C1200&resize=350%2C200","width":350,"height":200,"srcset":"https:\/\/i0.wp.com\/www.jojoenherbe.com\/wp-content\/uploads\/2019\/01\/citadelle-Villefranche-sur-Mer.jpg?fit=1073%2C1200&resize=350%2C200 1x, https:\/\/i0.wp.com\/www.jojoenherbe.com\/wp-content\/uploads\/2019\/01\/citadelle-Villefranche-sur-Mer.jpg?fit=1073%2C1200&resize=525%2C300 1.5x, https:\/\/i0.wp.com\/www.jojoenherbe.com\/wp-content\/uploads\/2019\/01\/citadelle-Villefranche-sur-Mer.jpg?fit=1073%2C1200&resize=700%2C400 2x, https:\/\/i0.wp.com\/www.jojoenherbe.com\/wp-content\/uploads\/2019\/01\/citadelle-Villefranche-sur-Mer.jpg?fit=1073%2C1200&resize=1050%2C600 3x"},"classes":[]},{"id":6173,"url":"http:\/\/www.jojoenherbe.com\/index.php\/2019\/06\/02\/le-sentier-botanique-du-parc-de-la-grande-corniche\/","url_meta":{"origin":6198,"position":1},"title":"Le sentier botanique du Parc de la Grande Corniche","author":"Jojo","date":"2 juin 2019","format":false,"excerpt":"Ce 1er juin 2019, nous allons au Fort de la Rev\u00e8re, point de d\u00e9part de notre balade dans le parc de la Grande Corniche. Tout a encore bien fleuri depuis le mois de mars. Apr\u00e8s une courte pause pique-nique, nous faisons le sentier botanique dont le d\u00e9part se situe quelques\u2026","rel":"","context":"Dans &quot;Mini randonneur&quot;","block_context":{"text":"Mini randonneur","link":"http:\/\/www.jojoenherbe.com\/index.php\/category\/mini-crapahuteur\/mini-randonneur\/"},"img":{"alt_text":"","src":"https:\/\/i0.wp.com\/www.jojoenherbe.com\/wp-content\/uploads\/2019\/06\/Sentier-botanique-Fort-de-la-Rev%C3%A8re.jpg?fit=1200%2C900&resize=350%2C200","width":350,"height":200,"srcset":"https:\/\/i0.wp.com\/www.jojoenherbe.com\/wp-content\/uploads\/2019\/06\/Sentier-botanique-Fort-de-la-Rev%C3%A8re.jpg?fit=1200%2C900&resize=350%2C200 1x, https:\/\/i0.wp.com\/www.jojoenherbe.com\/wp-content\/uploads\/2019\/06\/Sentier-botanique-Fort-de-la-Rev%C3%A8re.jpg?fit=1200%2C900&resize=525%2C300 1.5x, https:\/\/i0.wp.com\/www.jojoenherbe.com\/wp-content\/uploads\/2019\/06\/Sentier-botanique-Fort-de-la-Rev%C3%A8re.jpg?fit=1200%2C900&resize=700%2C400 2x, https:\/\/i0.wp.com\/www.jojoenherbe.com\/wp-content\/uploads\/2019\/06\/Sentier-botanique-Fort-de-la-Rev%C3%A8re.jpg?fit=1200%2C900&resize=1050%2C600 3x"},"classes":[]},{"id":5862,"url":"http:\/\/www.jojoenherbe.com\/index.php\/2019\/05\/07\/les-pieds-dans-leau-a-villefranche-sur-mer\/","url_meta":{"origin":6198,"position":2},"title":"Les pieds dans l&rsquo;eau \u00e0 Villefranche-sur-Mer","author":"Jojo","date":"7 mai 2019","format":false,"excerpt":"En cette fin d'apr\u00e8s-midi du 6 mai 2019, nous allons sur la plage des Marini\u00e8res \u00e0 Villefranche-sur-Mer. Le soleil est encore bien pr\u00e9sent. Certains se baignent d\u00e9j\u00e0 et d'autres bronzent sur la plage. Nous tentons \u00e9galement de tremper les pieds dans l'eau. Mais elle reste encore bien froide. Il faut\u2026","rel":"","context":"Dans &quot;Mini baladeur&quot;","block_context":{"text":"Mini baladeur","link":"http:\/\/www.jojoenherbe.com\/index.php\/category\/mini-crapahuteur\/mini-baladeur\/"},"img":{"alt_text":"","src":"https:\/\/i0.wp.com\/www.jojoenherbe.com\/wp-content\/uploads\/2019\/05\/Villefranche-sur-Mer.jpg?fit=1200%2C945&resize=350%2C200","width":350,"height":200,"srcset":"https:\/\/i0.wp.com\/www.jojoenherbe.com\/wp-content\/uploads\/2019\/05\/Villefranche-sur-Mer.jpg?fit=1200%2C945&resize=350%2C200 1x, https:\/\/i0.wp.com\/www.jojoenherbe.com\/wp-content\/uploads\/2019\/05\/Villefranche-sur-Mer.jpg?fit=1200%2C945&resize=525%2C300 1.5x, https:\/\/i0.wp.com\/www.jojoenherbe.com\/wp-content\/uploads\/2019\/05\/Villefranche-sur-Mer.jpg?fit=1200%2C945&resize=700%2C400 2x, https:\/\/i0.wp.com\/www.jojoenherbe.com\/wp-content\/uploads\/2019\/05\/Villefranche-sur-Mer.jpg?fit=1200%2C945&resize=1050%2C600 3x"},"classes":[]},{"id":1291,"url":"http:\/\/www.jojoenherbe.com\/index.php\/2015\/05\/17\/petit-tour-du-fort-du-mont-alban\/","url_meta":{"origin":6198,"position":3},"title":"Petit tour du Fort du Mont-Alban","author":"Jojo","date":"17 mai 2015","format":false,"excerpt":"Ce 17 mai 2015, apr\u00e8s un petite balade le long de la plage des Marini\u00e8res de Villefranche-sur-Mer, nous allons au Fort du Mont-Alban, situ\u00e9 au sommet d'une colline bois\u00e9e situ\u00e9e dans la partie Sud-Est de Nice, \u00e0 220 m\u00e8tres d'altitude. Ce fort fut construit entre 1557 et 1560 pour prot\u00e9ger\u2026","rel":"","context":"Dans &quot;Mini baladeur&quot;","block_context":{"text":"Mini baladeur","link":"http:\/\/www.jojoenherbe.com\/index.php\/category\/mini-crapahuteur\/mini-baladeur\/"},"img":{"alt_text":"","src":"https:\/\/i0.wp.com\/www.jojoenherbe.com\/wp-content\/uploads\/2015\/05\/Fort-du-Mont-Alban.jpg?fit=1200%2C1200&resize=350%2C200","width":350,"height":200,"srcset":"https:\/\/i0.wp.com\/www.jojoenherbe.com\/wp-content\/uploads\/2015\/05\/Fort-du-Mont-Alban.jpg?fit=1200%2C1200&resize=350%2C200 1x, https:\/\/i0.wp.com\/www.jojoenherbe.com\/wp-content\/uploads\/2015\/05\/Fort-du-Mont-Alban.jpg?fit=1200%2C1200&resize=525%2C300 1.5x, https:\/\/i0.wp.com\/www.jojoenherbe.com\/wp-content\/uploads\/2015\/05\/Fort-du-Mont-Alban.jpg?fit=1200%2C1200&resize=700%2C400 2x, https:\/\/i0.wp.com\/www.jojoenherbe.com\/wp-content\/uploads\/2015\/05\/Fort-du-Mont-Alban.jpg?fit=1200%2C1200&resize=1050%2C600 3x"},"classes":[]},{"id":1877,"url":"http:\/\/www.jojoenherbe.com\/index.php\/2018\/03\/19\/quelques-pas-sur-la-plage-des-marinieres-villefranche-sur-mer\/","url_meta":{"origin":6198,"position":4},"title":"Quelques pas sur la plage des Marini\u00e8res &#8211; Villefranche-sur-Mer","author":"Jojo","date":"19 mars 2018","format":false,"excerpt":"Ce 17 mars 2018, le soleil faisant une petite apparition,\u00a0 nous allons \u00e0 Villefranche-sur-Mer prendre un peu l'air marin. Nous nous garons sur le parking (gratuit hors saison) de la plage des Marini\u00e8res. Le vent souffle un peu. A plusieurs endroits, la plage a m\u00eame disparu sous les vagues. Nous\u2026","rel":"","context":"Dans &quot;Mini baladeur&quot;","block_context":{"text":"Mini baladeur","link":"http:\/\/www.jojoenherbe.com\/index.php\/category\/mini-crapahuteur\/mini-baladeur\/"},"img":{"alt_text":"","src":"https:\/\/i0.wp.com\/www.jojoenherbe.com\/wp-content\/uploads\/2018\/03\/Villefranche-sur-Mer-4.jpg?fit=900%2C1200&resize=350%2C200","width":350,"height":200,"srcset":"https:\/\/i0.wp.com\/www.jojoenherbe.com\/wp-content\/uploads\/2018\/03\/Villefranche-sur-Mer-4.jpg?fit=900%2C1200&resize=350%2C200 1x, https:\/\/i0.wp.com\/www.jojoenherbe.com\/wp-content\/uploads\/2018\/03\/Villefranche-sur-Mer-4.jpg?fit=900%2C1200&resize=525%2C300 1.5x, https:\/\/i0.wp.com\/www.jojoenherbe.com\/wp-content\/uploads\/2018\/03\/Villefranche-sur-Mer-4.jpg?fit=900%2C1200&resize=700%2C400 2x"},"classes":[]},{"id":40249,"url":"http:\/\/www.jojoenherbe.com\/index.php\/2025\/08\/02\/semaine-31-du-projet-52-2025-soiree\/","url_meta":{"origin":6198,"position":5},"title":"Semaine 31 du Projet 52-2025: \u00ab\u00a0Soir\u00e9e\u00a0\u00bb","author":"Jojo","date":"2 ao\u00fbt 2025","format":false,"excerpt":"Pour la semaine 31 du Projet 52-2025 de Du c\u00f4t\u00e9 de chez Ma\u2019, le th\u00e8me est \"Soir\u00e9e\". Je ne suis pas all\u00e9e loin dans le temps pour illustrer le th\u00e8me de la semaine puisque nous sommes all\u00e9s hier soir \u00e0 Villefranche-sur-Mer pour une soir\u00e9e-plage comme tr\u00e8s souvent l'\u00e9t\u00e9, emportant toujours\u2026","rel":"","context":"Dans &quot;mini photographe&quot;","block_context":{"text":"mini photographe","link":"http:\/\/www.jojoenherbe.com\/index.php\/category\/mini-photographe\/"},"img":{"alt_text":"","src":"https:\/\/i0.wp.com\/www.jojoenherbe.com\/wp-content\/uploads\/2025\/08\/Villefranche-sur-mer-plage-scaled.jpg?fit=1200%2C900&resize=350%2C200","width":350,"height":200,"srcset":"https:\/\/i0.wp.com\/www.jojoenherbe.com\/wp-content\/uploads\/2025\/08\/Villefranche-sur-mer-plage-scaled.jpg?fit=1200%2C900&resize=350%2C200 1x, https:\/\/i0.wp.com\/www.jojoenherbe.com\/wp-content\/uploads\/2025\/08\/Villefranche-sur-mer-plage-scaled.jpg?fit=1200%2C900&resize=525%2C300 1.5x, https:\/\/i0.wp.com\/www.jojoenherbe.com\/wp-content\/uploads\/2025\/08\/Villefranche-sur-mer-plage-scaled.jpg?fit=1200%2C900&resize=700%2C400 2x, https:\/\/i0.wp.com\/www.jojoenherbe.com\/wp-content\/uploads\/2025\/08\/Villefranche-sur-mer-plage-scaled.jpg?fit=1200%2C900&resize=1050%2C600 3x"},"classes":[]}],"_links":{"self":[{"href":"http:\/\/www.jojoenherbe.com\/index.php\/wp-json\/wp\/v2\/posts\/6198","targetHints":{"allow":["GET"]}}],"collection":[{"href":"http:\/\/www.jojoenherbe.com\/index.php\/wp-json\/wp\/v2\/posts"}],"about":[{"href":"http:\/\/www.jojoenherbe.com\/index.php\/wp-json\/wp\/v2\/types\/post"}],"author":[{"embeddable":true,"href":"http:\/\/www.jojoenherbe.com\/index.php\/wp-json\/wp\/v2\/users\/1"}],"replies":[{"embeddable":true,"href":"http:\/\/www.jojoenherbe.com\/index.php\/wp-json\/wp\/v2\/comments?post=6198"}],"version-history":[{"count":0,"href":"http:\/\/www.jojoenherbe.com\/index.php\/wp-json\/wp\/v2\/posts\/6198\/revisions"}],"wp:featuredmedia":[{"embeddable":true,"href":"http:\/\/www.jojoenherbe.com\/index.php\/wp-json\/wp\/v2\/media\/6201"}],"wp:attachment":[{"href":"http:\/\/www.jojoenherbe.com\/index.php\/wp-json\/wp\/v2\/media?parent=6198"}],"wp:term":[{"taxonomy":"category","embeddable":true,"href":"http:\/\/www.jojoenherbe.com\/index.php\/wp-json\/wp\/v2\/categories?post=6198"},{"taxonomy":"post_tag","embeddable":true,"href":"http:\/\/www.jojoenherbe.com\/index.php\/wp-json\/wp\/v2\/tags?post=6198"}],"curies":[{"name":"wp","href":"https:\/\/api.w.org\/{rel}","templated":true}]}}