{"id":6173,"date":"2019-06-02T10:48:05","date_gmt":"2019-06-02T08:48:05","guid":{"rendered":"http:\/\/www.jojoenherbe.com\/?p=6173"},"modified":"2019-06-25T21:06:09","modified_gmt":"2019-06-25T19:06:09","slug":"le-sentier-botanique-du-parc-de-la-grande-corniche","status":"publish","type":"post","link":"http:\/\/www.jojoenherbe.com\/index.php\/2019\/06\/02\/le-sentier-botanique-du-parc-de-la-grande-corniche\/","title":{"rendered":"Le sentier botanique du Parc de la Grande Corniche"},"content":{"rendered":"<p style=\"text-align: justify;\"><em><a href=\"https:\/\/i0.wp.com\/www.jojoenherbe.com\/wp-content\/uploads\/2019\/06\/Sentier-botanique-Fort-de-la-Rev%C3%A8re-3.jpg\"><img data-recalc-dims=\"1\" loading=\"lazy\" decoding=\"async\" data-attachment-id=\"6191\" data-permalink=\"http:\/\/www.jojoenherbe.com\/index.php\/2019\/06\/02\/le-sentier-botanique-du-parc-de-la-grande-corniche\/sentier-botanique-fort-de-la-revere-3\/\" data-orig-file=\"https:\/\/i0.wp.com\/www.jojoenherbe.com\/wp-content\/uploads\/2019\/06\/Sentier-botanique-Fort-de-la-Rev%C3%A8re-3.jpg?fit=5184%2C3888\" data-orig-size=\"5184,3888\" data-comments-opened=\"1\" data-image-meta=\"{&quot;aperture&quot;:&quot;3.5&quot;,&quot;credit&quot;:&quot;&quot;,&quot;camera&quot;:&quot;DSC-HX400V&quot;,&quot;caption&quot;:&quot;&quot;,&quot;created_timestamp&quot;:&quot;1559396631&quot;,&quot;copyright&quot;:&quot;&quot;,&quot;focal_length&quot;:&quot;10.9&quot;,&quot;iso&quot;:&quot;80&quot;,&quot;shutter_speed&quot;:&quot;0.00125&quot;,&quot;title&quot;:&quot;&quot;,&quot;orientation&quot;:&quot;1&quot;}\" data-image-title=\"Sentier botanique &amp;#8211; Fort de la Rev\u00e8re 3\" data-image-description=\"\" data-image-caption=\"\" data-large-file=\"https:\/\/i0.wp.com\/www.jojoenherbe.com\/wp-content\/uploads\/2019\/06\/Sentier-botanique-Fort-de-la-Rev%C3%A8re-3.jpg?fit=676%2C507\" class=\"alignleft size-thumbnail wp-image-6191\" src=\"https:\/\/i0.wp.com\/www.jojoenherbe.com\/wp-content\/uploads\/2019\/06\/Sentier-botanique-Fort-de-la-Rev%C3%A8re-3.jpg?resize=150%2C150\" alt=\"\" width=\"150\" height=\"150\" srcset=\"https:\/\/i0.wp.com\/www.jojoenherbe.com\/wp-content\/uploads\/2019\/06\/Sentier-botanique-Fort-de-la-Rev%C3%A8re-3.jpg?resize=150%2C150 150w, https:\/\/i0.wp.com\/www.jojoenherbe.com\/wp-content\/uploads\/2019\/06\/Sentier-botanique-Fort-de-la-Rev%C3%A8re-3.jpg?zoom=2&amp;resize=150%2C150 300w, https:\/\/i0.wp.com\/www.jojoenherbe.com\/wp-content\/uploads\/2019\/06\/Sentier-botanique-Fort-de-la-Rev%C3%A8re-3.jpg?zoom=3&amp;resize=150%2C150 450w\" sizes=\"auto, (max-width: 150px) 100vw, 150px\" \/><\/a> <a href=\"https:\/\/i0.wp.com\/www.jojoenherbe.com\/wp-content\/uploads\/2019\/06\/Sentier-botanique-Fort-de-la-Rev%C3%A8re-4.jpg\"><img data-recalc-dims=\"1\" loading=\"lazy\" decoding=\"async\" data-attachment-id=\"6192\" data-permalink=\"http:\/\/www.jojoenherbe.com\/index.php\/2019\/06\/02\/le-sentier-botanique-du-parc-de-la-grande-corniche\/sentier-botanique-fort-de-la-revere-4\/\" data-orig-file=\"https:\/\/i0.wp.com\/www.jojoenherbe.com\/wp-content\/uploads\/2019\/06\/Sentier-botanique-Fort-de-la-Rev%C3%A8re-4.jpg?fit=3888%2C5184\" data-orig-size=\"3888,5184\" data-comments-opened=\"1\" data-image-meta=\"{&quot;aperture&quot;:&quot;3.2&quot;,&quot;credit&quot;:&quot;&quot;,&quot;camera&quot;:&quot;DSC-HX400V&quot;,&quot;caption&quot;:&quot;&quot;,&quot;created_timestamp&quot;:&quot;1559396909&quot;,&quot;copyright&quot;:&quot;&quot;,&quot;focal_length&quot;:&quot;5.24&quot;,&quot;iso&quot;:&quot;80&quot;,&quot;shutter_speed&quot;:&quot;0.0015625&quot;,&quot;title&quot;:&quot;&quot;,&quot;orientation&quot;:&quot;1&quot;}\" data-image-title=\"Sentier botanique &amp;#8211; Fort de la Rev\u00e8re 4\" data-image-description=\"\" data-image-caption=\"\" data-large-file=\"https:\/\/i0.wp.com\/www.jojoenherbe.com\/wp-content\/uploads\/2019\/06\/Sentier-botanique-Fort-de-la-Rev%C3%A8re-4.jpg?fit=676%2C901\" class=\"alignleft size-thumbnail wp-image-6192\" src=\"https:\/\/i0.wp.com\/www.jojoenherbe.com\/wp-content\/uploads\/2019\/06\/Sentier-botanique-Fort-de-la-Rev%C3%A8re-4.jpg?resize=150%2C150\" alt=\"\" width=\"150\" height=\"150\" srcset=\"https:\/\/i0.wp.com\/www.jojoenherbe.com\/wp-content\/uploads\/2019\/06\/Sentier-botanique-Fort-de-la-Rev%C3%A8re-4.jpg?resize=150%2C150 150w, https:\/\/i0.wp.com\/www.jojoenherbe.com\/wp-content\/uploads\/2019\/06\/Sentier-botanique-Fort-de-la-Rev%C3%A8re-4.jpg?zoom=2&amp;resize=150%2C150 300w, https:\/\/i0.wp.com\/www.jojoenherbe.com\/wp-content\/uploads\/2019\/06\/Sentier-botanique-Fort-de-la-Rev%C3%A8re-4.jpg?zoom=3&amp;resize=150%2C150 450w\" sizes=\"auto, (max-width: 150px) 100vw, 150px\" \/><\/a>Ce 1er juin 2019, nous allons au Fort de la Rev\u00e8re, point de d\u00e9part de notre balade dans le parc de la Grande Corniche. Tout a encore bien fleuri depuis le mois de <a href=\"http:\/\/www.jojoenherbe.com\/index.php\/2019\/03\/11\/sortie-fleurie-au-fort-de-la-revere\/\">mars<\/a>. Apr\u00e8s une courte pause pique-nique, nous faisons le sentier botanique dont le d\u00e9part se situe quelques m\u00e8tres apr\u00e8s la Maison de la Nature. Le soleil tape et la plupart des endroits \u00e0 l&rsquo;ombre a d\u00e9j\u00e0 \u00e9t\u00e9 utilis\u00e9e par le troupeau de vaches, les bouses t\u00e9moignant de son passage.<\/em><\/p>\n<div id=\"attachment_6174\" style=\"width: 160px\" class=\"wp-caption alignright\"><a href=\"https:\/\/i0.wp.com\/www.jojoenherbe.com\/wp-content\/uploads\/2019\/06\/Ciste-cotonneux-Fort-de-la-Rev%C3%A8re.jpg\"><img data-recalc-dims=\"1\" loading=\"lazy\" decoding=\"async\" aria-describedby=\"caption-attachment-6174\" data-attachment-id=\"6174\" data-permalink=\"http:\/\/www.jojoenherbe.com\/index.php\/2019\/06\/02\/le-sentier-botanique-du-parc-de-la-grande-corniche\/ciste-cotonneux-fort-de-la-revere\/\" data-orig-file=\"https:\/\/i0.wp.com\/www.jojoenherbe.com\/wp-content\/uploads\/2019\/06\/Ciste-cotonneux-Fort-de-la-Rev%C3%A8re.jpg?fit=5184%2C3888\" data-orig-size=\"5184,3888\" data-comments-opened=\"1\" data-image-meta=\"{&quot;aperture&quot;:&quot;5&quot;,&quot;credit&quot;:&quot;&quot;,&quot;camera&quot;:&quot;DSC-HX400V&quot;,&quot;caption&quot;:&quot;&quot;,&quot;created_timestamp&quot;:&quot;1559396820&quot;,&quot;copyright&quot;:&quot;&quot;,&quot;focal_length&quot;:&quot;39.56&quot;,&quot;iso&quot;:&quot;80&quot;,&quot;shutter_speed&quot;:&quot;0.00125&quot;,&quot;title&quot;:&quot;&quot;,&quot;orientation&quot;:&quot;1&quot;}\" data-image-title=\"Ciste cotonneux &amp;#8211; Fort de la Rev\u00e8re\" data-image-description=\"\" data-image-caption=\"\" data-large-file=\"https:\/\/i0.wp.com\/www.jojoenherbe.com\/wp-content\/uploads\/2019\/06\/Ciste-cotonneux-Fort-de-la-Rev%C3%A8re.jpg?fit=676%2C507\" class=\"wp-image-6174 size-thumbnail\" src=\"https:\/\/i0.wp.com\/www.jojoenherbe.com\/wp-content\/uploads\/2019\/06\/Ciste-cotonneux-Fort-de-la-Rev%C3%A8re.jpg?resize=150%2C150\" alt=\"\" width=\"150\" height=\"150\" srcset=\"https:\/\/i0.wp.com\/www.jojoenherbe.com\/wp-content\/uploads\/2019\/06\/Ciste-cotonneux-Fort-de-la-Rev%C3%A8re.jpg?resize=150%2C150 150w, https:\/\/i0.wp.com\/www.jojoenherbe.com\/wp-content\/uploads\/2019\/06\/Ciste-cotonneux-Fort-de-la-Rev%C3%A8re.jpg?zoom=2&amp;resize=150%2C150 300w, https:\/\/i0.wp.com\/www.jojoenherbe.com\/wp-content\/uploads\/2019\/06\/Ciste-cotonneux-Fort-de-la-Rev%C3%A8re.jpg?zoom=3&amp;resize=150%2C150 450w\" sizes=\"auto, (max-width: 150px) 100vw, 150px\" \/><\/a><p id=\"caption-attachment-6174\" class=\"wp-caption-text\">Ciste cotonneux<\/p><\/div>\n<p style=\"text-align: justify;\"><em><a href=\"https:\/\/i0.wp.com\/www.jojoenherbe.com\/wp-content\/uploads\/2019\/06\/Sentier-botanique-Fort-de-la-Rev%C3%A8re-9.jpg\"><img data-recalc-dims=\"1\" loading=\"lazy\" decoding=\"async\" data-attachment-id=\"6196\" data-permalink=\"http:\/\/www.jojoenherbe.com\/index.php\/2019\/06\/02\/le-sentier-botanique-du-parc-de-la-grande-corniche\/sentier-botanique-fort-de-la-revere-9\/\" data-orig-file=\"https:\/\/i0.wp.com\/www.jojoenherbe.com\/wp-content\/uploads\/2019\/06\/Sentier-botanique-Fort-de-la-Rev%C3%A8re-9.jpg?fit=5184%2C3888\" data-orig-size=\"5184,3888\" data-comments-opened=\"1\" data-image-meta=\"{&quot;aperture&quot;:&quot;4.5&quot;,&quot;credit&quot;:&quot;&quot;,&quot;camera&quot;:&quot;DSC-HX400V&quot;,&quot;caption&quot;:&quot;&quot;,&quot;created_timestamp&quot;:&quot;1559396981&quot;,&quot;copyright&quot;:&quot;&quot;,&quot;focal_length&quot;:&quot;28.27&quot;,&quot;iso&quot;:&quot;80&quot;,&quot;shutter_speed&quot;:&quot;0.00625&quot;,&quot;title&quot;:&quot;&quot;,&quot;orientation&quot;:&quot;1&quot;}\" data-image-title=\"Sentier botanique &amp;#8211; Fort de la Rev\u00e8re 9\" data-image-description=\"\" data-image-caption=\"\" data-large-file=\"https:\/\/i0.wp.com\/www.jojoenherbe.com\/wp-content\/uploads\/2019\/06\/Sentier-botanique-Fort-de-la-Rev%C3%A8re-9.jpg?fit=676%2C507\" class=\"size-thumbnail wp-image-6196 alignright\" src=\"https:\/\/i0.wp.com\/www.jojoenherbe.com\/wp-content\/uploads\/2019\/06\/Sentier-botanique-Fort-de-la-Rev%C3%A8re-9.jpg?resize=150%2C150\" alt=\"\" width=\"150\" height=\"150\" srcset=\"https:\/\/i0.wp.com\/www.jojoenherbe.com\/wp-content\/uploads\/2019\/06\/Sentier-botanique-Fort-de-la-Rev%C3%A8re-9.jpg?resize=150%2C150 150w, https:\/\/i0.wp.com\/www.jojoenherbe.com\/wp-content\/uploads\/2019\/06\/Sentier-botanique-Fort-de-la-Rev%C3%A8re-9.jpg?zoom=2&amp;resize=150%2C150 300w, https:\/\/i0.wp.com\/www.jojoenherbe.com\/wp-content\/uploads\/2019\/06\/Sentier-botanique-Fort-de-la-Rev%C3%A8re-9.jpg?zoom=3&amp;resize=150%2C150 450w\" sizes=\"auto, (max-width: 150px) 100vw, 150px\" \/><\/a> Des panneaux indiquent certaines plantes et arbres pr\u00e9sents le long du sentier: euphorbe \u00e9pineuse, ciste blanc, calycotome \u00e9pineux, pistachier lentisque&#8230; Nous avions reconnu avant le panneau les nombreux cistes cotonneux \u00e9galement appel\u00e9s cistes blancs. L&rsquo;odeur du thym sauvage se r\u00e9pand dans l&rsquo;air.<br \/>\n<\/em><\/p>\n<div id=\"attachment_6178\" style=\"width: 160px\" class=\"wp-caption alignleft\"><a href=\"https:\/\/i0.wp.com\/www.jojoenherbe.com\/wp-content\/uploads\/2019\/06\/Gaz%C3%A9-Fort-de-la-Rev%C3%A8re.jpg\"><img data-recalc-dims=\"1\" loading=\"lazy\" decoding=\"async\" aria-describedby=\"caption-attachment-6178\" data-attachment-id=\"6178\" data-permalink=\"http:\/\/www.jojoenherbe.com\/index.php\/2019\/06\/02\/le-sentier-botanique-du-parc-de-la-grande-corniche\/gaze-fort-de-la-revere\/\" data-orig-file=\"https:\/\/i0.wp.com\/www.jojoenherbe.com\/wp-content\/uploads\/2019\/06\/Gaz%C3%A9-Fort-de-la-Rev%C3%A8re.jpg?fit=5184%2C3888\" data-orig-size=\"5184,3888\" data-comments-opened=\"1\" data-image-meta=\"{&quot;aperture&quot;:&quot;6.3&quot;,&quot;credit&quot;:&quot;&quot;,&quot;camera&quot;:&quot;DSC-HX400V&quot;,&quot;caption&quot;:&quot;&quot;,&quot;created_timestamp&quot;:&quot;1559396302&quot;,&quot;copyright&quot;:&quot;&quot;,&quot;focal_length&quot;:&quot;215&quot;,&quot;iso&quot;:&quot;80&quot;,&quot;shutter_speed&quot;:&quot;0.004&quot;,&quot;title&quot;:&quot;&quot;,&quot;orientation&quot;:&quot;1&quot;}\" data-image-title=\"Gaz\u00e9 &amp;#8211; Fort de la Rev\u00e8re\" data-image-description=\"\" data-image-caption=\"&lt;p&gt;Gaz\u00e9&lt;\/p&gt;\n\" data-large-file=\"https:\/\/i0.wp.com\/www.jojoenherbe.com\/wp-content\/uploads\/2019\/06\/Gaz%C3%A9-Fort-de-la-Rev%C3%A8re.jpg?fit=676%2C507\" class=\"size-thumbnail wp-image-6178\" src=\"https:\/\/i0.wp.com\/www.jojoenherbe.com\/wp-content\/uploads\/2019\/06\/Gaz%C3%A9-Fort-de-la-Rev%C3%A8re.jpg?resize=150%2C150\" alt=\"\" width=\"150\" height=\"150\" srcset=\"https:\/\/i0.wp.com\/www.jojoenherbe.com\/wp-content\/uploads\/2019\/06\/Gaz%C3%A9-Fort-de-la-Rev%C3%A8re.jpg?resize=150%2C150 150w, https:\/\/i0.wp.com\/www.jojoenherbe.com\/wp-content\/uploads\/2019\/06\/Gaz%C3%A9-Fort-de-la-Rev%C3%A8re.jpg?zoom=2&amp;resize=150%2C150 300w, https:\/\/i0.wp.com\/www.jojoenherbe.com\/wp-content\/uploads\/2019\/06\/Gaz%C3%A9-Fort-de-la-Rev%C3%A8re.jpg?zoom=3&amp;resize=150%2C150 450w\" sizes=\"auto, (max-width: 150px) 100vw, 150px\" \/><\/a><p id=\"caption-attachment-6178\" class=\"wp-caption-text\">Gaz\u00e9<\/p><\/div>\n<div id=\"attachment_6179\" style=\"width: 160px\" class=\"wp-caption alignleft\"><a href=\"https:\/\/i0.wp.com\/www.jojoenherbe.com\/wp-content\/uploads\/2019\/06\/Pi%C3%A9ride-du-chou-Fort-de-la-Rev%C3%A8re.jpg\"><img data-recalc-dims=\"1\" loading=\"lazy\" decoding=\"async\" aria-describedby=\"caption-attachment-6179\" data-attachment-id=\"6179\" data-permalink=\"http:\/\/www.jojoenherbe.com\/index.php\/2019\/06\/02\/le-sentier-botanique-du-parc-de-la-grande-corniche\/pieride-du-chou-fort-de-la-revere\/\" data-orig-file=\"https:\/\/i0.wp.com\/www.jojoenherbe.com\/wp-content\/uploads\/2019\/06\/Pi%C3%A9ride-du-chou-Fort-de-la-Rev%C3%A8re.jpg?fit=5184%2C3888\" data-orig-size=\"5184,3888\" data-comments-opened=\"1\" data-image-meta=\"{&quot;aperture&quot;:&quot;6.3&quot;,&quot;credit&quot;:&quot;&quot;,&quot;camera&quot;:&quot;DSC-HX400V&quot;,&quot;caption&quot;:&quot;&quot;,&quot;created_timestamp&quot;:&quot;1559396013&quot;,&quot;copyright&quot;:&quot;&quot;,&quot;focal_length&quot;:&quot;215&quot;,&quot;iso&quot;:&quot;80&quot;,&quot;shutter_speed&quot;:&quot;0.004&quot;,&quot;title&quot;:&quot;&quot;,&quot;orientation&quot;:&quot;1&quot;}\" data-image-title=\"Pi\u00e9ride du chou &amp;#8211; Fort de la Rev\u00e8re\" data-image-description=\"\" data-image-caption=\"&lt;p&gt;Pi\u00e9ride du chou&lt;\/p&gt;\n\" data-large-file=\"https:\/\/i0.wp.com\/www.jojoenherbe.com\/wp-content\/uploads\/2019\/06\/Pi%C3%A9ride-du-chou-Fort-de-la-Rev%C3%A8re.jpg?fit=676%2C507\" class=\"size-thumbnail wp-image-6179\" src=\"https:\/\/i0.wp.com\/www.jojoenherbe.com\/wp-content\/uploads\/2019\/06\/Pi%C3%A9ride-du-chou-Fort-de-la-Rev%C3%A8re.jpg?resize=150%2C150\" alt=\"\" width=\"150\" height=\"150\" srcset=\"https:\/\/i0.wp.com\/www.jojoenherbe.com\/wp-content\/uploads\/2019\/06\/Pi%C3%A9ride-du-chou-Fort-de-la-Rev%C3%A8re.jpg?resize=150%2C150 150w, https:\/\/i0.wp.com\/www.jojoenherbe.com\/wp-content\/uploads\/2019\/06\/Pi%C3%A9ride-du-chou-Fort-de-la-Rev%C3%A8re.jpg?zoom=2&amp;resize=150%2C150 300w, https:\/\/i0.wp.com\/www.jojoenherbe.com\/wp-content\/uploads\/2019\/06\/Pi%C3%A9ride-du-chou-Fort-de-la-Rev%C3%A8re.jpg?zoom=3&amp;resize=150%2C150 450w\" sizes=\"auto, (max-width: 150px) 100vw, 150px\" \/><\/a><p id=\"caption-attachment-6179\" class=\"wp-caption-text\">Pi\u00e9ride du chou<\/p><\/div>\n<p style=\"text-align: justify;\"><em>Parmi toute cette v\u00e9g\u00e9tation aux couleurs vari\u00e9es vol\u00e8tent de nombreux papillons, des plus grands comme le flamb\u00e9 ou le vulcain aux plus petits. Nous voyons notamment des flamb\u00e9s, un gaz\u00e9 \u00e9galement appel\u00e9 pi\u00e9ride de l&rsquo;aub\u00e9pine, des pi\u00e9rides du chou, des azur\u00e9s communs, etc. <\/em><\/p>\n<div id=\"attachment_6180\" style=\"width: 160px\" class=\"wp-caption alignright\"><a href=\"https:\/\/i0.wp.com\/www.jojoenherbe.com\/wp-content\/uploads\/2019\/06\/Azur%C3%A9-commun-Fort-de-la-Rev%C3%A8re.jpg\"><img data-recalc-dims=\"1\" loading=\"lazy\" decoding=\"async\" aria-describedby=\"caption-attachment-6180\" data-attachment-id=\"6180\" data-permalink=\"http:\/\/www.jojoenherbe.com\/index.php\/2019\/06\/02\/le-sentier-botanique-du-parc-de-la-grande-corniche\/azure-commun-fort-de-la-revere\/\" data-orig-file=\"https:\/\/i0.wp.com\/www.jojoenherbe.com\/wp-content\/uploads\/2019\/06\/Azur%C3%A9-commun-Fort-de-la-Rev%C3%A8re.jpg?fit=5184%2C3888\" data-orig-size=\"5184,3888\" data-comments-opened=\"1\" data-image-meta=\"{&quot;aperture&quot;:&quot;6.3&quot;,&quot;credit&quot;:&quot;&quot;,&quot;camera&quot;:&quot;DSC-HX400V&quot;,&quot;caption&quot;:&quot;&quot;,&quot;created_timestamp&quot;:&quot;1559396654&quot;,&quot;copyright&quot;:&quot;&quot;,&quot;focal_length&quot;:&quot;215&quot;,&quot;iso&quot;:&quot;125&quot;,&quot;shutter_speed&quot;:&quot;0.004&quot;,&quot;title&quot;:&quot;&quot;,&quot;orientation&quot;:&quot;1&quot;}\" data-image-title=\"Azur\u00e9 commun &amp;#8211; Fort de la Rev\u00e8re\" data-image-description=\"\" data-image-caption=\"&lt;p&gt;Azur\u00e9 commun&lt;\/p&gt;\n\" data-large-file=\"https:\/\/i0.wp.com\/www.jojoenherbe.com\/wp-content\/uploads\/2019\/06\/Azur%C3%A9-commun-Fort-de-la-Rev%C3%A8re.jpg?fit=676%2C507\" class=\"size-thumbnail wp-image-6180\" src=\"https:\/\/i0.wp.com\/www.jojoenherbe.com\/wp-content\/uploads\/2019\/06\/Azur%C3%A9-commun-Fort-de-la-Rev%C3%A8re.jpg?resize=150%2C150\" alt=\"\" width=\"150\" height=\"150\" srcset=\"https:\/\/i0.wp.com\/www.jojoenherbe.com\/wp-content\/uploads\/2019\/06\/Azur%C3%A9-commun-Fort-de-la-Rev%C3%A8re.jpg?resize=150%2C150 150w, https:\/\/i0.wp.com\/www.jojoenherbe.com\/wp-content\/uploads\/2019\/06\/Azur%C3%A9-commun-Fort-de-la-Rev%C3%A8re.jpg?zoom=2&amp;resize=150%2C150 300w, https:\/\/i0.wp.com\/www.jojoenherbe.com\/wp-content\/uploads\/2019\/06\/Azur%C3%A9-commun-Fort-de-la-Rev%C3%A8re.jpg?zoom=3&amp;resize=150%2C150 450w\" sizes=\"auto, (max-width: 150px) 100vw, 150px\" \/><\/a><p id=\"caption-attachment-6180\" class=\"wp-caption-text\">Azur\u00e9 commun<\/p><\/div>\n<div id=\"attachment_6181\" style=\"width: 160px\" class=\"wp-caption alignright\"><a href=\"https:\/\/i0.wp.com\/www.jojoenherbe.com\/wp-content\/uploads\/2019\/06\/Fort-de-la-Rev%C3%A8re.jpg\"><img data-recalc-dims=\"1\" loading=\"lazy\" decoding=\"async\" aria-describedby=\"caption-attachment-6181\" data-attachment-id=\"6181\" data-permalink=\"http:\/\/www.jojoenherbe.com\/index.php\/2019\/06\/02\/le-sentier-botanique-du-parc-de-la-grande-corniche\/fort-de-la-revere-18\/\" data-orig-file=\"https:\/\/i0.wp.com\/www.jojoenherbe.com\/wp-content\/uploads\/2019\/06\/Fort-de-la-Rev%C3%A8re.jpg?fit=5184%2C3888\" data-orig-size=\"5184,3888\" data-comments-opened=\"1\" data-image-meta=\"{&quot;aperture&quot;:&quot;5.6&quot;,&quot;credit&quot;:&quot;&quot;,&quot;camera&quot;:&quot;DSC-HX400V&quot;,&quot;caption&quot;:&quot;&quot;,&quot;created_timestamp&quot;:&quot;1559396332&quot;,&quot;copyright&quot;:&quot;&quot;,&quot;focal_length&quot;:&quot;80.32&quot;,&quot;iso&quot;:&quot;80&quot;,&quot;shutter_speed&quot;:&quot;0.003125&quot;,&quot;title&quot;:&quot;&quot;,&quot;orientation&quot;:&quot;1&quot;}\" data-image-title=\"Fort de la Rev\u00e8re\" data-image-description=\"\" data-image-caption=\"\" data-large-file=\"https:\/\/i0.wp.com\/www.jojoenherbe.com\/wp-content\/uploads\/2019\/06\/Fort-de-la-Rev%C3%A8re.jpg?fit=676%2C507\" class=\"wp-image-6181 size-thumbnail\" src=\"https:\/\/i0.wp.com\/www.jojoenherbe.com\/wp-content\/uploads\/2019\/06\/Fort-de-la-Rev%C3%A8re.jpg?resize=150%2C150\" alt=\"\" width=\"150\" height=\"150\" srcset=\"https:\/\/i0.wp.com\/www.jojoenherbe.com\/wp-content\/uploads\/2019\/06\/Fort-de-la-Rev%C3%A8re.jpg?resize=150%2C150 150w, https:\/\/i0.wp.com\/www.jojoenherbe.com\/wp-content\/uploads\/2019\/06\/Fort-de-la-Rev%C3%A8re.jpg?zoom=2&amp;resize=150%2C150 300w, https:\/\/i0.wp.com\/www.jojoenherbe.com\/wp-content\/uploads\/2019\/06\/Fort-de-la-Rev%C3%A8re.jpg?zoom=3&amp;resize=150%2C150 450w\" sizes=\"auto, (max-width: 150px) 100vw, 150px\" \/><\/a><p id=\"caption-attachment-6181\" class=\"wp-caption-text\">Ascalaphe soufr\u00e9<\/p><\/div>\n<p style=\"text-align: justify;\"><em>Mais il nous est bien difficile de les identifier pour la plupart. <\/em><em>Il y a \u00e9galement toutes sortes d&rsquo;autres pollinisateurs tels que des bourdons et des abeilles qui se r\u00e9galent, passant de fleur en fleur. Nous voyons \u00e9galement un insecte qui semble \u00eatre un papillon ou une petite libellule mais qui s&rsquo;av\u00e8re \u00eatre en r\u00e9alit\u00e9 un ascalaphe soufr\u00e9.<br \/>\n<\/em><\/p>\n<p style=\"text-align: justify;\"><em><a href=\"https:\/\/i0.wp.com\/www.jojoenherbe.com\/wp-content\/uploads\/2019\/06\/Sentier-botanique-Fort-de-la-Rev%C3%A8re-5.jpg\"><img data-recalc-dims=\"1\" loading=\"lazy\" decoding=\"async\" data-attachment-id=\"6186\" data-permalink=\"http:\/\/www.jojoenherbe.com\/index.php\/2019\/06\/02\/le-sentier-botanique-du-parc-de-la-grande-corniche\/sentier-botanique-fort-de-la-revere-5\/\" data-orig-file=\"https:\/\/i0.wp.com\/www.jojoenherbe.com\/wp-content\/uploads\/2019\/06\/Sentier-botanique-Fort-de-la-Rev%C3%A8re-5.jpg?fit=5184%2C3888\" data-orig-size=\"5184,3888\" data-comments-opened=\"1\" data-image-meta=\"{&quot;aperture&quot;:&quot;3.2&quot;,&quot;credit&quot;:&quot;&quot;,&quot;camera&quot;:&quot;DSC-HX400V&quot;,&quot;caption&quot;:&quot;&quot;,&quot;created_timestamp&quot;:&quot;1559399048&quot;,&quot;copyright&quot;:&quot;&quot;,&quot;focal_length&quot;:&quot;4.3&quot;,&quot;iso&quot;:&quot;80&quot;,&quot;shutter_speed&quot;:&quot;0.00125&quot;,&quot;title&quot;:&quot;&quot;,&quot;orientation&quot;:&quot;1&quot;}\" data-image-title=\"Sentier botanique &amp;#8211; Fort de la Rev\u00e8re 5\" data-image-description=\"\" data-image-caption=\"\" data-large-file=\"https:\/\/i0.wp.com\/www.jojoenherbe.com\/wp-content\/uploads\/2019\/06\/Sentier-botanique-Fort-de-la-Rev%C3%A8re-5.jpg?fit=676%2C507\" class=\"alignleft size-thumbnail wp-image-6186\" src=\"https:\/\/i0.wp.com\/www.jojoenherbe.com\/wp-content\/uploads\/2019\/06\/Sentier-botanique-Fort-de-la-Rev%C3%A8re-5.jpg?resize=150%2C150\" alt=\"\" width=\"150\" height=\"150\" srcset=\"https:\/\/i0.wp.com\/www.jojoenherbe.com\/wp-content\/uploads\/2019\/06\/Sentier-botanique-Fort-de-la-Rev%C3%A8re-5.jpg?resize=150%2C150 150w, https:\/\/i0.wp.com\/www.jojoenherbe.com\/wp-content\/uploads\/2019\/06\/Sentier-botanique-Fort-de-la-Rev%C3%A8re-5.jpg?zoom=2&amp;resize=150%2C150 300w, https:\/\/i0.wp.com\/www.jojoenherbe.com\/wp-content\/uploads\/2019\/06\/Sentier-botanique-Fort-de-la-Rev%C3%A8re-5.jpg?zoom=3&amp;resize=150%2C150 450w\" sizes=\"auto, (max-width: 150px) 100vw, 150px\" \/><\/a> <a href=\"https:\/\/i0.wp.com\/www.jojoenherbe.com\/wp-content\/uploads\/2019\/06\/papillon-Fort-de-la-Rev%C3%A8re.jpg\"><img data-recalc-dims=\"1\" loading=\"lazy\" decoding=\"async\" data-attachment-id=\"6185\" data-permalink=\"http:\/\/www.jojoenherbe.com\/index.php\/2019\/06\/02\/le-sentier-botanique-du-parc-de-la-grande-corniche\/papillon-fort-de-la-revere\/\" data-orig-file=\"https:\/\/i0.wp.com\/www.jojoenherbe.com\/wp-content\/uploads\/2019\/06\/papillon-Fort-de-la-Rev%C3%A8re.jpg?fit=5184%2C3888\" data-orig-size=\"5184,3888\" data-comments-opened=\"1\" data-image-meta=\"{&quot;aperture&quot;:&quot;6.3&quot;,&quot;credit&quot;:&quot;&quot;,&quot;camera&quot;:&quot;DSC-HX400V&quot;,&quot;caption&quot;:&quot;&quot;,&quot;created_timestamp&quot;:&quot;1559399601&quot;,&quot;copyright&quot;:&quot;&quot;,&quot;focal_length&quot;:&quot;215&quot;,&quot;iso&quot;:&quot;100&quot;,&quot;shutter_speed&quot;:&quot;0.004&quot;,&quot;title&quot;:&quot;&quot;,&quot;orientation&quot;:&quot;1&quot;}\" data-image-title=\"papillon &amp;#8211; Fort de la Rev\u00e8re\" data-image-description=\"\" data-image-caption=\"\" data-large-file=\"https:\/\/i0.wp.com\/www.jojoenherbe.com\/wp-content\/uploads\/2019\/06\/papillon-Fort-de-la-Rev%C3%A8re.jpg?fit=676%2C507\" class=\"alignleft size-thumbnail wp-image-6185\" src=\"https:\/\/i0.wp.com\/www.jojoenherbe.com\/wp-content\/uploads\/2019\/06\/papillon-Fort-de-la-Rev%C3%A8re.jpg?resize=150%2C150\" alt=\"\" width=\"150\" height=\"150\" srcset=\"https:\/\/i0.wp.com\/www.jojoenherbe.com\/wp-content\/uploads\/2019\/06\/papillon-Fort-de-la-Rev%C3%A8re.jpg?resize=150%2C150 150w, https:\/\/i0.wp.com\/www.jojoenherbe.com\/wp-content\/uploads\/2019\/06\/papillon-Fort-de-la-Rev%C3%A8re.jpg?zoom=2&amp;resize=150%2C150 300w, https:\/\/i0.wp.com\/www.jojoenherbe.com\/wp-content\/uploads\/2019\/06\/papillon-Fort-de-la-Rev%C3%A8re.jpg?zoom=3&amp;resize=150%2C150 450w\" sizes=\"auto, (max-width: 150px) 100vw, 150px\" \/><\/a>Nous faisons une petite pause \u00e0 un endroit o\u00f9 se situe une roche broy\u00e9e entre les deux l\u00e8vres d&rsquo;une faille. Au loin, les sommets du Mercantour, notamment le Mont Mounier, sont encore bien enneig\u00e9s.<br \/>\n<\/em><\/p>\n<p style=\"text-align: justify;\"><em><a href=\"https:\/\/i0.wp.com\/www.jojoenherbe.com\/wp-content\/uploads\/2019\/06\/Cime-de-Simboula-Fort-de-la-Rev%C3%A8re.jpg\"><img data-recalc-dims=\"1\" loading=\"lazy\" decoding=\"async\" data-attachment-id=\"6188\" data-permalink=\"http:\/\/www.jojoenherbe.com\/index.php\/2019\/06\/02\/le-sentier-botanique-du-parc-de-la-grande-corniche\/cime-de-simboula-fort-de-la-revere\/\" data-orig-file=\"https:\/\/i0.wp.com\/www.jojoenherbe.com\/wp-content\/uploads\/2019\/06\/Cime-de-Simboula-Fort-de-la-Rev%C3%A8re.jpg?fit=5184%2C3888\" data-orig-size=\"5184,3888\" data-comments-opened=\"1\" data-image-meta=\"{&quot;aperture&quot;:&quot;3.2&quot;,&quot;credit&quot;:&quot;&quot;,&quot;camera&quot;:&quot;DSC-HX400V&quot;,&quot;caption&quot;:&quot;&quot;,&quot;created_timestamp&quot;:&quot;1559400355&quot;,&quot;copyright&quot;:&quot;&quot;,&quot;focal_length&quot;:&quot;4.3&quot;,&quot;iso&quot;:&quot;80&quot;,&quot;shutter_speed&quot;:&quot;0.0008&quot;,&quot;title&quot;:&quot;&quot;,&quot;orientation&quot;:&quot;1&quot;}\" data-image-title=\"Cime de Simboula &amp;#8211; Fort de la Rev\u00e8re\" data-image-description=\"\" data-image-caption=\"\" data-large-file=\"https:\/\/i0.wp.com\/www.jojoenherbe.com\/wp-content\/uploads\/2019\/06\/Cime-de-Simboula-Fort-de-la-Rev%C3%A8re.jpg?fit=676%2C507\" class=\"size-thumbnail wp-image-6188 alignright\" src=\"https:\/\/i0.wp.com\/www.jojoenherbe.com\/wp-content\/uploads\/2019\/06\/Cime-de-Simboula-Fort-de-la-Rev%C3%A8re.jpg?resize=150%2C150\" alt=\"\" width=\"150\" height=\"150\" srcset=\"https:\/\/i0.wp.com\/www.jojoenherbe.com\/wp-content\/uploads\/2019\/06\/Cime-de-Simboula-Fort-de-la-Rev%C3%A8re.jpg?resize=150%2C150 150w, https:\/\/i0.wp.com\/www.jojoenherbe.com\/wp-content\/uploads\/2019\/06\/Cime-de-Simboula-Fort-de-la-Rev%C3%A8re.jpg?zoom=2&amp;resize=150%2C150 300w, https:\/\/i0.wp.com\/www.jojoenherbe.com\/wp-content\/uploads\/2019\/06\/Cime-de-Simboula-Fort-de-la-Rev%C3%A8re.jpg?zoom=3&amp;resize=150%2C150 450w\" sizes=\"auto, (max-width: 150px) 100vw, 150px\" \/><\/a> <a href=\"https:\/\/i0.wp.com\/www.jojoenherbe.com\/wp-content\/uploads\/2019\/06\/Cime-de-Simboula-Fort-de-la-Rev%C3%A8re-2.jpg\"><img data-recalc-dims=\"1\" loading=\"lazy\" decoding=\"async\" data-attachment-id=\"6187\" data-permalink=\"http:\/\/www.jojoenherbe.com\/index.php\/2019\/06\/02\/le-sentier-botanique-du-parc-de-la-grande-corniche\/cime-de-simboula-fort-de-la-revere-2\/\" data-orig-file=\"https:\/\/i0.wp.com\/www.jojoenherbe.com\/wp-content\/uploads\/2019\/06\/Cime-de-Simboula-Fort-de-la-Rev%C3%A8re-2.jpg?fit=5184%2C3888\" data-orig-size=\"5184,3888\" data-comments-opened=\"1\" data-image-meta=\"{&quot;aperture&quot;:&quot;5.6&quot;,&quot;credit&quot;:&quot;&quot;,&quot;camera&quot;:&quot;DSC-HX400V&quot;,&quot;caption&quot;:&quot;&quot;,&quot;created_timestamp&quot;:&quot;1559400326&quot;,&quot;copyright&quot;:&quot;&quot;,&quot;focal_length&quot;:&quot;4.3&quot;,&quot;iso&quot;:&quot;80&quot;,&quot;shutter_speed&quot;:&quot;0.002&quot;,&quot;title&quot;:&quot;&quot;,&quot;orientation&quot;:&quot;1&quot;}\" data-image-title=\"Cime de Simboula &amp;#8211; Fort de la Rev\u00e8re 2\" data-image-description=\"\" data-image-caption=\"\" data-large-file=\"https:\/\/i0.wp.com\/www.jojoenherbe.com\/wp-content\/uploads\/2019\/06\/Cime-de-Simboula-Fort-de-la-Rev%C3%A8re-2.jpg?fit=676%2C507\" class=\"size-thumbnail wp-image-6187 alignright\" src=\"https:\/\/i0.wp.com\/www.jojoenherbe.com\/wp-content\/uploads\/2019\/06\/Cime-de-Simboula-Fort-de-la-Rev%C3%A8re-2.jpg?resize=150%2C150\" alt=\"\" width=\"150\" height=\"150\" srcset=\"https:\/\/i0.wp.com\/www.jojoenherbe.com\/wp-content\/uploads\/2019\/06\/Cime-de-Simboula-Fort-de-la-Rev%C3%A8re-2.jpg?resize=150%2C150 150w, https:\/\/i0.wp.com\/www.jojoenherbe.com\/wp-content\/uploads\/2019\/06\/Cime-de-Simboula-Fort-de-la-Rev%C3%A8re-2.jpg?zoom=2&amp;resize=150%2C150 300w, https:\/\/i0.wp.com\/www.jojoenherbe.com\/wp-content\/uploads\/2019\/06\/Cime-de-Simboula-Fort-de-la-Rev%C3%A8re-2.jpg?zoom=3&amp;resize=150%2C150 450w\" sizes=\"auto, (max-width: 150px) 100vw, 150px\" \/><\/a>Puis nous reprenons le sentier sur notre gauche et arrivons bient\u00f4t \u00e0 la cime de Simboula (675 m\u00e8tres d&rsquo;altitude) avec sa tour d&rsquo;observation, permettant une jolie vue surplombant la rade de Villefranche-sur-Mer.<\/em><\/p>\n<p style=\"text-align: justify;\"><em><a href=\"https:\/\/i0.wp.com\/www.jojoenherbe.com\/wp-content\/uploads\/2019\/06\/Sentier-botanique-Fort-de-la-Rev%C3%A8re-7.jpg\"><img data-recalc-dims=\"1\" loading=\"lazy\" decoding=\"async\" data-attachment-id=\"6189\" data-permalink=\"http:\/\/www.jojoenherbe.com\/index.php\/2019\/06\/02\/le-sentier-botanique-du-parc-de-la-grande-corniche\/sentier-botanique-fort-de-la-revere-7\/\" data-orig-file=\"https:\/\/i0.wp.com\/www.jojoenherbe.com\/wp-content\/uploads\/2019\/06\/Sentier-botanique-Fort-de-la-Rev%C3%A8re-7.jpg?fit=5184%2C3888\" data-orig-size=\"5184,3888\" data-comments-opened=\"1\" data-image-meta=\"{&quot;aperture&quot;:&quot;3.2&quot;,&quot;credit&quot;:&quot;&quot;,&quot;camera&quot;:&quot;DSC-HX400V&quot;,&quot;caption&quot;:&quot;&quot;,&quot;created_timestamp&quot;:&quot;1559401447&quot;,&quot;copyright&quot;:&quot;&quot;,&quot;focal_length&quot;:&quot;4.3&quot;,&quot;iso&quot;:&quot;80&quot;,&quot;shutter_speed&quot;:&quot;0.0008&quot;,&quot;title&quot;:&quot;&quot;,&quot;orientation&quot;:&quot;1&quot;}\" data-image-title=\"Sentier botanique &amp;#8211; Fort de la Rev\u00e8re 7\" data-image-description=\"\" data-image-caption=\"\" data-large-file=\"https:\/\/i0.wp.com\/www.jojoenherbe.com\/wp-content\/uploads\/2019\/06\/Sentier-botanique-Fort-de-la-Rev%C3%A8re-7.jpg?fit=676%2C507\" class=\"alignleft size-thumbnail wp-image-6189\" src=\"https:\/\/i0.wp.com\/www.jojoenherbe.com\/wp-content\/uploads\/2019\/06\/Sentier-botanique-Fort-de-la-Rev%C3%A8re-7.jpg?resize=150%2C150\" alt=\"\" width=\"150\" height=\"150\" srcset=\"https:\/\/i0.wp.com\/www.jojoenherbe.com\/wp-content\/uploads\/2019\/06\/Sentier-botanique-Fort-de-la-Rev%C3%A8re-7.jpg?resize=150%2C150 150w, https:\/\/i0.wp.com\/www.jojoenherbe.com\/wp-content\/uploads\/2019\/06\/Sentier-botanique-Fort-de-la-Rev%C3%A8re-7.jpg?zoom=2&amp;resize=150%2C150 300w, https:\/\/i0.wp.com\/www.jojoenherbe.com\/wp-content\/uploads\/2019\/06\/Sentier-botanique-Fort-de-la-Rev%C3%A8re-7.jpg?zoom=3&amp;resize=150%2C150 450w\" sizes=\"auto, (max-width: 150px) 100vw, 150px\" \/><\/a> <a href=\"https:\/\/i0.wp.com\/www.jojoenherbe.com\/wp-content\/uploads\/2019\/06\/Sentier-botanique-Fort-de-la-Rev%C3%A8re-8.jpg\"><img data-recalc-dims=\"1\" loading=\"lazy\" decoding=\"async\" data-attachment-id=\"6190\" data-permalink=\"http:\/\/www.jojoenherbe.com\/index.php\/2019\/06\/02\/le-sentier-botanique-du-parc-de-la-grande-corniche\/sentier-botanique-fort-de-la-revere-8\/\" data-orig-file=\"https:\/\/i0.wp.com\/www.jojoenherbe.com\/wp-content\/uploads\/2019\/06\/Sentier-botanique-Fort-de-la-Rev%C3%A8re-8.jpg?fit=3888%2C5184\" data-orig-size=\"3888,5184\" data-comments-opened=\"1\" data-image-meta=\"{&quot;aperture&quot;:&quot;3.5&quot;,&quot;credit&quot;:&quot;&quot;,&quot;camera&quot;:&quot;DSC-HX400V&quot;,&quot;caption&quot;:&quot;&quot;,&quot;created_timestamp&quot;:&quot;1559402099&quot;,&quot;copyright&quot;:&quot;&quot;,&quot;focal_length&quot;:&quot;9.53&quot;,&quot;iso&quot;:&quot;80&quot;,&quot;shutter_speed&quot;:&quot;0.003125&quot;,&quot;title&quot;:&quot;&quot;,&quot;orientation&quot;:&quot;1&quot;}\" data-image-title=\"Sentier botanique &amp;#8211; Fort de la Rev\u00e8re 8\" data-image-description=\"\" data-image-caption=\"\" data-large-file=\"https:\/\/i0.wp.com\/www.jojoenherbe.com\/wp-content\/uploads\/2019\/06\/Sentier-botanique-Fort-de-la-Rev%C3%A8re-8.jpg?fit=676%2C901\" class=\"alignleft size-thumbnail wp-image-6190\" src=\"https:\/\/i0.wp.com\/www.jojoenherbe.com\/wp-content\/uploads\/2019\/06\/Sentier-botanique-Fort-de-la-Rev%C3%A8re-8.jpg?resize=150%2C150\" alt=\"\" width=\"150\" height=\"150\" srcset=\"https:\/\/i0.wp.com\/www.jojoenherbe.com\/wp-content\/uploads\/2019\/06\/Sentier-botanique-Fort-de-la-Rev%C3%A8re-8.jpg?resize=150%2C150 150w, https:\/\/i0.wp.com\/www.jojoenherbe.com\/wp-content\/uploads\/2019\/06\/Sentier-botanique-Fort-de-la-Rev%C3%A8re-8.jpg?zoom=2&amp;resize=150%2C150 300w, https:\/\/i0.wp.com\/www.jojoenherbe.com\/wp-content\/uploads\/2019\/06\/Sentier-botanique-Fort-de-la-Rev%C3%A8re-8.jpg?zoom=3&amp;resize=150%2C150 450w\" sizes=\"auto, (max-width: 150px) 100vw, 150px\" \/><\/a>Le sentier se termine en descente jusqu&rsquo;\u00e0 la maison de la Nature (balise n\u00b0642). Nous en profitons pour aller voir l&rsquo;exposition temporaire sur \u00ab\u00a0Les Alpes de la M\u00e9diterran\u00e9e\u00a0\u00bb. Puis nous regagnons notre voiture pour une glace bien m\u00e9rit\u00e9e \u00e0 Villefranche-sur-Mer, commune accueillant pour quelques jours une manifestation de <a href=\"http:\/\/www.jojoenherbe.com\/index.php\/2019\/06\/02\/du-street-art-a-villefranche-sur-mer\/\">Street Art<\/a> avec David Zinn.<\/em><\/p>\n<p><iframe loading=\"lazy\" style=\"border: 0;\" src=\"https:\/\/www.google.com\/maps\/embed?pb=!1m18!1m12!1m3!1d2882.6285725522066!2d7.364427738615556!3d43.73904229555786!2m3!1f0!2f0!3f0!3m2!1i1024!2i768!4f13.1!3m3!1m2!1s0x12cdc37146dc1e73%3A0x6cc20cb7d6fe564!2sFort+de+la+Rev%C3%A8re!5e0!3m2!1sfr!2sfr!4v1519516105532\" width=\"400\" height=\"300\" frameborder=\"0\" allowfullscreen=\"allowfullscreen\"><\/iframe><\/p>\n","protected":false},"excerpt":{"rendered":"<p>Ce 1er juin 2019, nous allons au Fort de la Rev\u00e8re, point de d\u00e9part de notre balade dans le parc de la Grande Corniche. Tout a encore bien fleuri depuis le mois de mars. Apr\u00e8s une courte pause pique-nique, nous faisons le sentier botanique dont le d\u00e9part se situe quelques m\u00e8tres apr\u00e8s la Maison de [&hellip;]<\/p>\n","protected":false},"author":1,"featured_media":6176,"comment_status":"open","ping_status":"open","sticky":false,"template":"","format":"standard","meta":{"jetpack_post_was_ever_published":false,"_jetpack_newsletter_access":"","_jetpack_dont_email_post_to_subs":false,"_jetpack_newsletter_tier_id":0,"_jetpack_memberships_contains_paywalled_content":false,"_jetpack_memberships_contains_paid_content":false,"footnotes":""},"categories":[13],"tags":[25,249,462,129,5,131,100],"class_list":["post-6173","post","type-post","status-publish","format-standard","has-post-thumbnail","hentry","category-mini-randonneur","tag-alpes-maritimes","tag-eze","tag-fleurs","tag-fort-de-la-revere","tag-paca","tag-parc-de-la-grande-corniche","tag-sentiers-botaniques","post-preview"],"jetpack_featured_media_url":"https:\/\/i0.wp.com\/www.jojoenherbe.com\/wp-content\/uploads\/2019\/06\/Sentier-botanique-Fort-de-la-Rev%C3%A8re.jpg?fit=5184%2C3888","jetpack_sharing_enabled":true,"jetpack_shortlink":"https:\/\/wp.me\/p9zhGx-1Bz","jetpack_likes_enabled":true,"jetpack-related-posts":[{"id":3993,"url":"http:\/\/www.jojoenherbe.com\/index.php\/2018\/10\/25\/le-fort-de-la-revere-encore-et-toujours\/","url_meta":{"origin":6173,"position":0},"title":"Le Fort de la Rev\u00e8re encore et toujours","author":"Jojo","date":"25 octobre 2018","format":false,"excerpt":"Ce 18 octobre 2018, nous partons, une nouvelle fois, balader au Fort de la Rev\u00e8re. Du c\u00f4t\u00e9 de l'observatoire ornithologique, de nombreux oiseaux passent d'arbuste en arbuste. Sur l'un d'eux, nous pouvons apercevoir une fauvette \u00e0 t\u00eate noire en train de grignoter des baies. D'ailleurs, nous sommes sur la fin\u2026","rel":"","context":"Dans &quot;Mini baladeur&quot;","block_context":{"text":"Mini baladeur","link":"http:\/\/www.jojoenherbe.com\/index.php\/category\/mini-crapahuteur\/mini-baladeur\/"},"img":{"alt_text":"","src":"https:\/\/i0.wp.com\/www.jojoenherbe.com\/wp-content\/uploads\/2018\/10\/Fort-de-la-Rev%C3%A8re-1.jpg?fit=1200%2C900&resize=350%2C200","width":350,"height":200,"srcset":"https:\/\/i0.wp.com\/www.jojoenherbe.com\/wp-content\/uploads\/2018\/10\/Fort-de-la-Rev%C3%A8re-1.jpg?fit=1200%2C900&resize=350%2C200 1x, https:\/\/i0.wp.com\/www.jojoenherbe.com\/wp-content\/uploads\/2018\/10\/Fort-de-la-Rev%C3%A8re-1.jpg?fit=1200%2C900&resize=525%2C300 1.5x, https:\/\/i0.wp.com\/www.jojoenherbe.com\/wp-content\/uploads\/2018\/10\/Fort-de-la-Rev%C3%A8re-1.jpg?fit=1200%2C900&resize=700%2C400 2x, https:\/\/i0.wp.com\/www.jojoenherbe.com\/wp-content\/uploads\/2018\/10\/Fort-de-la-Rev%C3%A8re-1.jpg?fit=1200%2C900&resize=1050%2C600 3x"},"classes":[]},{"id":1273,"url":"http:\/\/www.jojoenherbe.com\/index.php\/2017\/10\/29\/balade-au-fort-de-la-revere\/","url_meta":{"origin":6173,"position":1},"title":"Balade au Fort de la Rev\u00e8re","author":"Jojo","date":"29 octobre 2017","format":false,"excerpt":"Ce 26 octobre 2017, nous partons balader dans l'apr\u00e8s-midi dans le parc d\u00e9partemental de la Grande Corniche. Nous nous garons sur le parking situ\u00e9 du c\u00f4t\u00e9 du Fort de la Rev\u00e8re. Nous passons devant le Fort ferm\u00e9 au public et descendons le chemin goudronn\u00e9 vers la Maison de la Nature.\u2026","rel":"","context":"Dans &quot;Mini baladeur&quot;","block_context":{"text":"Mini baladeur","link":"http:\/\/www.jojoenherbe.com\/index.php\/category\/mini-crapahuteur\/mini-baladeur\/"},"img":{"alt_text":"","src":"https:\/\/i0.wp.com\/www.jojoenherbe.com\/wp-content\/uploads\/2018\/02\/Parc-de-la-Rev%C3%A8re-6.jpg?fit=1200%2C900&resize=350%2C200","width":350,"height":200,"srcset":"https:\/\/i0.wp.com\/www.jojoenherbe.com\/wp-content\/uploads\/2018\/02\/Parc-de-la-Rev%C3%A8re-6.jpg?fit=1200%2C900&resize=350%2C200 1x, https:\/\/i0.wp.com\/www.jojoenherbe.com\/wp-content\/uploads\/2018\/02\/Parc-de-la-Rev%C3%A8re-6.jpg?fit=1200%2C900&resize=525%2C300 1.5x, https:\/\/i0.wp.com\/www.jojoenherbe.com\/wp-content\/uploads\/2018\/02\/Parc-de-la-Rev%C3%A8re-6.jpg?fit=1200%2C900&resize=700%2C400 2x, https:\/\/i0.wp.com\/www.jojoenherbe.com\/wp-content\/uploads\/2018\/02\/Parc-de-la-Rev%C3%A8re-6.jpg?fit=1200%2C900&resize=1050%2C600 3x"},"classes":[]},{"id":4963,"url":"http:\/\/www.jojoenherbe.com\/index.php\/2019\/03\/11\/sortie-fleurie-au-fort-de-la-revere\/","url_meta":{"origin":6173,"position":2},"title":"Sortie fleurie au Fort de la Rev\u00e8re","author":"Jojo","date":"11 mars 2019","format":false,"excerpt":"Ce 10 mars 2019, avec ce temps bien printanier quoique venteux, nous retournons au Fort de la Rev\u00e8re en fin d'apr\u00e8s-midi. Malgr\u00e9 un ciel tr\u00e8s nuageux voire m\u00eame brumeux au loin, le printemps marque d\u00e9j\u00e0 de son empreinte le lieu: des fleurs de toute part, dans les arbres, au sol\u2026","rel":"","context":"Dans &quot;Mini baladeur&quot;","block_context":{"text":"Mini baladeur","link":"http:\/\/www.jojoenherbe.com\/index.php\/category\/mini-crapahuteur\/mini-baladeur\/"},"img":{"alt_text":"","src":"https:\/\/i0.wp.com\/www.jojoenherbe.com\/wp-content\/uploads\/2019\/03\/Eze.jpg?fit=900%2C1200&resize=350%2C200","width":350,"height":200,"srcset":"https:\/\/i0.wp.com\/www.jojoenherbe.com\/wp-content\/uploads\/2019\/03\/Eze.jpg?fit=900%2C1200&resize=350%2C200 1x, https:\/\/i0.wp.com\/www.jojoenherbe.com\/wp-content\/uploads\/2019\/03\/Eze.jpg?fit=900%2C1200&resize=525%2C300 1.5x, https:\/\/i0.wp.com\/www.jojoenherbe.com\/wp-content\/uploads\/2019\/03\/Eze.jpg?fit=900%2C1200&resize=700%2C400 2x"},"classes":[]},{"id":9363,"url":"http:\/\/www.jojoenherbe.com\/index.php\/2020\/01\/03\/debut-dannee-au-fort-de-la-revere\/","url_meta":{"origin":6173,"position":3},"title":"D\u00e9but d&rsquo;ann\u00e9e au Fort de la Rev\u00e8re","author":"Jojo","date":"3 janvier 2020","format":false,"excerpt":"En ce 1er janvier 2020, nous passons une grande partie de la journ\u00e9e \u00e0 balader au Fort de la Rev\u00e8re. Des travaux de restauration du fort ont eu lieu depuis notre derni\u00e8re visite, une pancarte ayant \u00e9galement \u00e9t\u00e9 install\u00e9e en l'honneur du R\u00e9v\u00e9rend Donald Currie Caskie qui contribua \u00e0 lib\u00e9rer\u2026","rel":"","context":"Dans &quot;Mini baladeur&quot;","block_context":{"text":"Mini baladeur","link":"http:\/\/www.jojoenherbe.com\/index.php\/category\/mini-crapahuteur\/mini-baladeur\/"},"img":{"alt_text":"","src":"https:\/\/i0.wp.com\/www.jojoenherbe.com\/wp-content\/uploads\/2020\/01\/Fort-de-la-Rev%C3%A8re-8-scaled.jpg?fit=1200%2C900&resize=350%2C200","width":350,"height":200,"srcset":"https:\/\/i0.wp.com\/www.jojoenherbe.com\/wp-content\/uploads\/2020\/01\/Fort-de-la-Rev%C3%A8re-8-scaled.jpg?fit=1200%2C900&resize=350%2C200 1x, https:\/\/i0.wp.com\/www.jojoenherbe.com\/wp-content\/uploads\/2020\/01\/Fort-de-la-Rev%C3%A8re-8-scaled.jpg?fit=1200%2C900&resize=525%2C300 1.5x, https:\/\/i0.wp.com\/www.jojoenherbe.com\/wp-content\/uploads\/2020\/01\/Fort-de-la-Rev%C3%A8re-8-scaled.jpg?fit=1200%2C900&resize=700%2C400 2x, https:\/\/i0.wp.com\/www.jojoenherbe.com\/wp-content\/uploads\/2020\/01\/Fort-de-la-Rev%C3%A8re-8-scaled.jpg?fit=1200%2C900&resize=1050%2C600 3x"},"classes":[]},{"id":3699,"url":"http:\/\/www.jojoenherbe.com\/index.php\/2018\/09\/22\/petite-pause-au-camp-de-migration-du-fort-de-la-revere\/","url_meta":{"origin":6173,"position":4},"title":"Petite pause au Camp de migration du Fort de la Rev\u00e8re","author":"Jojo","date":"22 septembre 2018","format":false,"excerpt":"En ce dernier jour de l'\u00e9t\u00e9 2018, nous partons nous balader, dans l'apr\u00e8s-midi, dans le parc d\u00e9partemental de la Grande Corniche, au niveau du Fort de la Rev\u00e8re et du site d'observation de la LPO. En effet, comme chaque ann\u00e9e, de septembre \u00e0 d\u00e9but novembre, se d\u00e9roule le Camp de\u2026","rel":"","context":"Dans &quot;Mini baladeur&quot;","block_context":{"text":"Mini baladeur","link":"http:\/\/www.jojoenherbe.com\/index.php\/category\/mini-crapahuteur\/mini-baladeur\/"},"img":{"alt_text":"","src":"https:\/\/i0.wp.com\/www.jojoenherbe.com\/wp-content\/uploads\/2018\/09\/Camp-de-migration-avril-2018.jpg?fit=1200%2C900&resize=350%2C200","width":350,"height":200,"srcset":"https:\/\/i0.wp.com\/www.jojoenherbe.com\/wp-content\/uploads\/2018\/09\/Camp-de-migration-avril-2018.jpg?fit=1200%2C900&resize=350%2C200 1x, https:\/\/i0.wp.com\/www.jojoenherbe.com\/wp-content\/uploads\/2018\/09\/Camp-de-migration-avril-2018.jpg?fit=1200%2C900&resize=525%2C300 1.5x, https:\/\/i0.wp.com\/www.jojoenherbe.com\/wp-content\/uploads\/2018\/09\/Camp-de-migration-avril-2018.jpg?fit=1200%2C900&resize=700%2C400 2x, https:\/\/i0.wp.com\/www.jojoenherbe.com\/wp-content\/uploads\/2018\/09\/Camp-de-migration-avril-2018.jpg?fit=1200%2C900&resize=1050%2C600 3x"},"classes":[]},{"id":8029,"url":"http:\/\/www.jojoenherbe.com\/index.php\/2019\/10\/13\/une-plante-face-a-la-mer\/","url_meta":{"origin":6173,"position":5},"title":"Une plante face \u00e0 la Mer","author":"Jojo","date":"13 octobre 2019","format":false,"excerpt":"Pour cette semaine 41 du Projet 52-2019 de Du c\u00f4t\u00e9 de chez Ma', le th\u00e8me est \"Plante\". Pour illustrer ce th\u00e8me, une petite photo prise lors d'une de nos sorties dans le Parc de la Grande Corniche, au-dessus d'\u00c8ze, du c\u00f4t\u00e9 du Fort de la Rev\u00e8re. J'aurai \u00e9galement pu choisir\u2026","rel":"","context":"Dans &quot;mini photographe&quot;","block_context":{"text":"mini photographe","link":"http:\/\/www.jojoenherbe.com\/index.php\/category\/mini-photographe\/"},"img":{"alt_text":"","src":"https:\/\/i0.wp.com\/www.jojoenherbe.com\/wp-content\/uploads\/2018\/10\/Fort-de-la-Rev%C3%A8re-1.jpg?fit=1200%2C900&resize=350%2C200","width":350,"height":200,"srcset":"https:\/\/i0.wp.com\/www.jojoenherbe.com\/wp-content\/uploads\/2018\/10\/Fort-de-la-Rev%C3%A8re-1.jpg?fit=1200%2C900&resize=350%2C200 1x, https:\/\/i0.wp.com\/www.jojoenherbe.com\/wp-content\/uploads\/2018\/10\/Fort-de-la-Rev%C3%A8re-1.jpg?fit=1200%2C900&resize=525%2C300 1.5x, https:\/\/i0.wp.com\/www.jojoenherbe.com\/wp-content\/uploads\/2018\/10\/Fort-de-la-Rev%C3%A8re-1.jpg?fit=1200%2C900&resize=700%2C400 2x, https:\/\/i0.wp.com\/www.jojoenherbe.com\/wp-content\/uploads\/2018\/10\/Fort-de-la-Rev%C3%A8re-1.jpg?fit=1200%2C900&resize=1050%2C600 3x"},"classes":[]}],"_links":{"self":[{"href":"http:\/\/www.jojoenherbe.com\/index.php\/wp-json\/wp\/v2\/posts\/6173","targetHints":{"allow":["GET"]}}],"collection":[{"href":"http:\/\/www.jojoenherbe.com\/index.php\/wp-json\/wp\/v2\/posts"}],"about":[{"href":"http:\/\/www.jojoenherbe.com\/index.php\/wp-json\/wp\/v2\/types\/post"}],"author":[{"embeddable":true,"href":"http:\/\/www.jojoenherbe.com\/index.php\/wp-json\/wp\/v2\/users\/1"}],"replies":[{"embeddable":true,"href":"http:\/\/www.jojoenherbe.com\/index.php\/wp-json\/wp\/v2\/comments?post=6173"}],"version-history":[{"count":0,"href":"http:\/\/www.jojoenherbe.com\/index.php\/wp-json\/wp\/v2\/posts\/6173\/revisions"}],"wp:featuredmedia":[{"embeddable":true,"href":"http:\/\/www.jojoenherbe.com\/index.php\/wp-json\/wp\/v2\/media\/6176"}],"wp:attachment":[{"href":"http:\/\/www.jojoenherbe.com\/index.php\/wp-json\/wp\/v2\/media?parent=6173"}],"wp:term":[{"taxonomy":"category","embeddable":true,"href":"http:\/\/www.jojoenherbe.com\/index.php\/wp-json\/wp\/v2\/categories?post=6173"},{"taxonomy":"post_tag","embeddable":true,"href":"http:\/\/www.jojoenherbe.com\/index.php\/wp-json\/wp\/v2\/tags?post=6173"}],"curies":[{"name":"wp","href":"https:\/\/api.w.org\/{rel}","templated":true}]}}