{"id":5962,"date":"2019-05-14T14:08:32","date_gmt":"2019-05-14T12:08:32","guid":{"rendered":"http:\/\/www.jojoenherbe.com\/?p=5962"},"modified":"2019-05-16T20:45:08","modified_gmt":"2019-05-16T18:45:08","slug":"des-cartes-plastifiees-avec-rouge-et-vert","status":"publish","type":"post","link":"http:\/\/www.jojoenherbe.com\/index.php\/2019\/05\/14\/des-cartes-plastifiees-avec-rouge-et-vert\/","title":{"rendered":"Des cartes plastifi\u00e9es avec Rouge et Vert"},"content":{"rendered":"<p style=\"text-align: justify;\"><em><a href=\"https:\/\/i0.wp.com\/www.jojoenherbe.com\/wp-content\/uploads\/2019\/03\/Rouge-et-Vert.jpg\"><img data-recalc-dims=\"1\" loading=\"lazy\" decoding=\"async\" data-attachment-id=\"5186\" data-permalink=\"http:\/\/www.jojoenherbe.com\/index.php\/2019\/03\/22\/au-fil-des-pages-sur-le-theme-de-la-securite-routiere\/rouge-et-vert\/\" data-orig-file=\"https:\/\/i0.wp.com\/www.jojoenherbe.com\/wp-content\/uploads\/2019\/03\/Rouge-et-Vert.jpg?fit=2351%2C2671\" data-orig-size=\"2351,2671\" data-comments-opened=\"1\" data-image-meta=\"{&quot;aperture&quot;:&quot;2.4&quot;,&quot;credit&quot;:&quot;&quot;,&quot;camera&quot;:&quot;iPhone 4S&quot;,&quot;caption&quot;:&quot;&quot;,&quot;created_timestamp&quot;:&quot;1553266197&quot;,&quot;copyright&quot;:&quot;&quot;,&quot;focal_length&quot;:&quot;4.28&quot;,&quot;iso&quot;:&quot;320&quot;,&quot;shutter_speed&quot;:&quot;0.05&quot;,&quot;title&quot;:&quot;&quot;,&quot;orientation&quot;:&quot;1&quot;}\" data-image-title=\"Rouge et Vert\" data-image-description=\"\" data-image-caption=\"\" data-large-file=\"https:\/\/i0.wp.com\/www.jojoenherbe.com\/wp-content\/uploads\/2019\/03\/Rouge-et-Vert.jpg?fit=676%2C768\" class=\"alignleft size-thumbnail wp-image-5186\" src=\"https:\/\/i0.wp.com\/www.jojoenherbe.com\/wp-content\/uploads\/2019\/03\/Rouge-et-Vert.jpg?resize=150%2C150\" alt=\"\" width=\"150\" height=\"150\" srcset=\"https:\/\/i0.wp.com\/www.jojoenherbe.com\/wp-content\/uploads\/2019\/03\/Rouge-et-Vert.jpg?resize=150%2C150 150w, https:\/\/i0.wp.com\/www.jojoenherbe.com\/wp-content\/uploads\/2019\/03\/Rouge-et-Vert.jpg?zoom=2&amp;resize=150%2C150 300w, https:\/\/i0.wp.com\/www.jojoenherbe.com\/wp-content\/uploads\/2019\/03\/Rouge-et-Vert.jpg?zoom=3&amp;resize=150%2C150 450w\" sizes=\"auto, (max-width: 150px) 100vw, 150px\" \/><\/a> <a href=\"https:\/\/i0.wp.com\/www.jojoenherbe.com\/wp-content\/uploads\/2019\/05\/Rouge-et-vert-cartes-plastifi%C3%A9es-2.jpg\"><img data-recalc-dims=\"1\" loading=\"lazy\" decoding=\"async\" data-attachment-id=\"5965\" data-permalink=\"http:\/\/www.jojoenherbe.com\/index.php\/2019\/05\/14\/des-cartes-plastifiees-avec-rouge-et-vert\/rouge-et-vert-cartes-plastifiees-2\/\" data-orig-file=\"https:\/\/i0.wp.com\/www.jojoenherbe.com\/wp-content\/uploads\/2019\/05\/Rouge-et-vert-cartes-plastifi%C3%A9es-2.jpg?fit=2448%2C2805\" data-orig-size=\"2448,2805\" data-comments-opened=\"1\" data-image-meta=\"{&quot;aperture&quot;:&quot;2.4&quot;,&quot;credit&quot;:&quot;&quot;,&quot;camera&quot;:&quot;iPhone 4S&quot;,&quot;caption&quot;:&quot;&quot;,&quot;created_timestamp&quot;:&quot;1557829708&quot;,&quot;copyright&quot;:&quot;&quot;,&quot;focal_length&quot;:&quot;4.28&quot;,&quot;iso&quot;:&quot;400&quot;,&quot;shutter_speed&quot;:&quot;0.058823529411765&quot;,&quot;title&quot;:&quot;&quot;,&quot;orientation&quot;:&quot;1&quot;}\" data-image-title=\"Rouge et vert &amp;#8211; cartes plastifi\u00e9es 2\" data-image-description=\"\" data-image-caption=\"\" data-large-file=\"https:\/\/i0.wp.com\/www.jojoenherbe.com\/wp-content\/uploads\/2019\/05\/Rouge-et-vert-cartes-plastifi%C3%A9es-2.jpg?fit=676%2C774\" class=\"alignleft size-thumbnail wp-image-5965\" src=\"https:\/\/i0.wp.com\/www.jojoenherbe.com\/wp-content\/uploads\/2019\/05\/Rouge-et-vert-cartes-plastifi%C3%A9es-2.jpg?resize=150%2C150\" alt=\"\" width=\"150\" height=\"150\" srcset=\"https:\/\/i0.wp.com\/www.jojoenherbe.com\/wp-content\/uploads\/2019\/05\/Rouge-et-vert-cartes-plastifi%C3%A9es-2.jpg?resize=150%2C150 150w, https:\/\/i0.wp.com\/www.jojoenherbe.com\/wp-content\/uploads\/2019\/05\/Rouge-et-vert-cartes-plastifi%C3%A9es-2.jpg?zoom=2&amp;resize=150%2C150 300w, https:\/\/i0.wp.com\/www.jojoenherbe.com\/wp-content\/uploads\/2019\/05\/Rouge-et-vert-cartes-plastifi%C3%A9es-2.jpg?zoom=3&amp;resize=150%2C150 450w\" sizes=\"auto, (max-width: 150px) 100vw, 150px\" \/><\/a>Depuis plusieurs mois d\u00e9j\u00e0, nous prolongeons la lecture de certains albums jeunesse par des petites activit\u00e9s de jeux: puzzle de couverture ou d&rsquo;autres illustrations, coloriage et aussi des imagiers avec des cartes plastifi\u00e9es d\u00e9veloppant ainsi le vocabulaire en s&rsquo;amusant. C&rsquo;est aussi une fa\u00e7on de reconna\u00eetre une carte avec la bonne illustration de l&rsquo;album. C&rsquo;est le cas ce matin avec un imagier fabriqu\u00e9 \u00e0 partir des illustrations avec <a href=\"http:\/\/www.jojoenherbe.com\/index.php\/2019\/03\/22\/au-fil-des-pages-sur-le-theme-de-la-securite-routiere\/\"><span style=\"text-decoration: underline;\">Rouge et Vert<\/span><\/a> de Gabriel Gay (\u00e9d. L&rsquo;\u00e9cole des Loisirs, coll. Les lutins, 2016).<\/em><\/p>\n<p style=\"text-align: justify;\"><em>Pour fabriquer ces cartes plastifi\u00e9es, rien de plus simple: je prends en photo des illustrations de l&rsquo;album: pour Rouge et Vert, ce sera les \u00e9l\u00e9ments-cl\u00e9s de l&rsquo;histoire \u00e0 savoir notamment les protagonistes, les v\u00e9hicules et le feu tricolore. Apr\u00e8s les avoir recadr\u00e9es, je les int\u00e8gre dans un fichier texte dans lequel j&rsquo;ai pr\u00e9alablement cr\u00e9\u00e9 un tableau avec les mots associ\u00e9s. Reste la partie d\u00e9licate, plastifier les cartes. Il est possible d&rsquo;utiliser une plastifieuse. Mais si vous n&rsquo;en avez pas comme nous, il existe une autre technique qui demande un peu plus d&rsquo;huile de coude: un fer \u00e0 repasser! Sur un morceau de tissu ou couverture assez \u00e9pais (mais pas la planche \u00e0 repasser trop molle), je pose une pochette de plastification avec ma feuille imprim\u00e9e de cartes. Je la recouvre avec un morceau de papier sulfuris\u00e9. Il ne reste plus qu&rsquo;\u00e0 passer dessus le fer \u00e0 repasser assez longtemps pour coller l&rsquo;ensemble puis \u00e0 d\u00e9couper les cartes. A noter que le papier sulfuris\u00e9 se garde longtemps puisqu&rsquo;il ne br\u00fble pas au passage du fer \u00e0 repasser. <\/em><\/p>\n<p style=\"text-align: justify;\"><em><a href=\"https:\/\/i0.wp.com\/www.jojoenherbe.com\/wp-content\/uploads\/2019\/05\/Rouge-et-vert-cartes-plastifi%C3%A9es-3.jpg\"><img data-recalc-dims=\"1\" loading=\"lazy\" decoding=\"async\" data-attachment-id=\"5988\" data-permalink=\"http:\/\/www.jojoenherbe.com\/index.php\/2019\/05\/14\/des-cartes-plastifiees-avec-rouge-et-vert\/rouge-et-vert-cartes-plastifiees-3\/\" data-orig-file=\"https:\/\/i0.wp.com\/www.jojoenherbe.com\/wp-content\/uploads\/2019\/05\/Rouge-et-vert-cartes-plastifi%C3%A9es-3.jpg?fit=3238%2C1863\" data-orig-size=\"3238,1863\" data-comments-opened=\"1\" data-image-meta=\"{&quot;aperture&quot;:&quot;2.4&quot;,&quot;credit&quot;:&quot;&quot;,&quot;camera&quot;:&quot;iPhone 4S&quot;,&quot;caption&quot;:&quot;&quot;,&quot;created_timestamp&quot;:&quot;1558015611&quot;,&quot;copyright&quot;:&quot;&quot;,&quot;focal_length&quot;:&quot;4.28&quot;,&quot;iso&quot;:&quot;320&quot;,&quot;shutter_speed&quot;:&quot;0.05&quot;,&quot;title&quot;:&quot;&quot;,&quot;orientation&quot;:&quot;1&quot;}\" data-image-title=\"Rouge et vert &amp;#8211; cartes plastifi\u00e9es 3\" data-image-description=\"\" data-image-caption=\"\" data-large-file=\"https:\/\/i0.wp.com\/www.jojoenherbe.com\/wp-content\/uploads\/2019\/05\/Rouge-et-vert-cartes-plastifi%C3%A9es-3.jpg?fit=676%2C389\" class=\"size-thumbnail wp-image-5988 alignright\" src=\"https:\/\/i0.wp.com\/www.jojoenherbe.com\/wp-content\/uploads\/2019\/05\/Rouge-et-vert-cartes-plastifi%C3%A9es-3.jpg?resize=150%2C150\" alt=\"\" width=\"150\" height=\"150\" srcset=\"https:\/\/i0.wp.com\/www.jojoenherbe.com\/wp-content\/uploads\/2019\/05\/Rouge-et-vert-cartes-plastifi%C3%A9es-3.jpg?resize=150%2C150 150w, https:\/\/i0.wp.com\/www.jojoenherbe.com\/wp-content\/uploads\/2019\/05\/Rouge-et-vert-cartes-plastifi%C3%A9es-3.jpg?zoom=2&amp;resize=150%2C150 300w, https:\/\/i0.wp.com\/www.jojoenherbe.com\/wp-content\/uploads\/2019\/05\/Rouge-et-vert-cartes-plastifi%C3%A9es-3.jpg?zoom=3&amp;resize=150%2C150 450w\" sizes=\"auto, (max-width: 150px) 100vw, 150px\" \/><\/a> <a href=\"https:\/\/i0.wp.com\/www.jojoenherbe.com\/wp-content\/uploads\/2019\/05\/Rouge-et-vert-cartes-plastifi%C3%A9es-5.jpg\"><img data-recalc-dims=\"1\" loading=\"lazy\" decoding=\"async\" data-attachment-id=\"5991\" data-permalink=\"http:\/\/www.jojoenherbe.com\/index.php\/2019\/05\/14\/des-cartes-plastifiees-avec-rouge-et-vert\/rouge-et-vert-cartes-plastifiees-5\/\" data-orig-file=\"https:\/\/i0.wp.com\/www.jojoenherbe.com\/wp-content\/uploads\/2019\/05\/Rouge-et-vert-cartes-plastifi%C3%A9es-5.jpg?fit=2026%2C3059\" data-orig-size=\"2026,3059\" data-comments-opened=\"1\" data-image-meta=\"{&quot;aperture&quot;:&quot;2.4&quot;,&quot;credit&quot;:&quot;&quot;,&quot;camera&quot;:&quot;iPhone 4S&quot;,&quot;caption&quot;:&quot;&quot;,&quot;created_timestamp&quot;:&quot;1558016111&quot;,&quot;copyright&quot;:&quot;&quot;,&quot;focal_length&quot;:&quot;4.28&quot;,&quot;iso&quot;:&quot;400&quot;,&quot;shutter_speed&quot;:&quot;0.058823529411765&quot;,&quot;title&quot;:&quot;&quot;,&quot;orientation&quot;:&quot;1&quot;}\" data-image-title=\"Rouge et vert &amp;#8211; cartes plastifi\u00e9es 5\" data-image-description=\"\" data-image-caption=\"\" data-large-file=\"https:\/\/i0.wp.com\/www.jojoenherbe.com\/wp-content\/uploads\/2019\/05\/Rouge-et-vert-cartes-plastifi%C3%A9es-5.jpg?fit=676%2C1021\" class=\"size-thumbnail wp-image-5991 alignright\" src=\"https:\/\/i0.wp.com\/www.jojoenherbe.com\/wp-content\/uploads\/2019\/05\/Rouge-et-vert-cartes-plastifi%C3%A9es-5.jpg?resize=150%2C150\" alt=\"\" width=\"150\" height=\"150\" srcset=\"https:\/\/i0.wp.com\/www.jojoenherbe.com\/wp-content\/uploads\/2019\/05\/Rouge-et-vert-cartes-plastifi%C3%A9es-5.jpg?resize=150%2C150 150w, https:\/\/i0.wp.com\/www.jojoenherbe.com\/wp-content\/uploads\/2019\/05\/Rouge-et-vert-cartes-plastifi%C3%A9es-5.jpg?zoom=2&amp;resize=150%2C150 300w, https:\/\/i0.wp.com\/www.jojoenherbe.com\/wp-content\/uploads\/2019\/05\/Rouge-et-vert-cartes-plastifi%C3%A9es-5.jpg?zoom=3&amp;resize=150%2C150 450w\" sizes=\"auto, (max-width: 150px) 100vw, 150px\" \/><\/a>Et enfin place au jeu! Nous pouvons utiliser les cartes pour plusieurs jeux: comme un simple imagier pour reconna\u00eetre, nommer (ou lire) les cartes mais aussi pour rechercher dans l&rsquo;album jeunesse la bonne illustration utilis\u00e9e. Nous jouons aussi en faisant des mises en sc\u00e8ne avec des jouets: faire passer la voiture au rouge en associant les deux cartes correspondantes ou faire passer le pi\u00e9ton, etc.<br \/>\n<\/em><\/p>\n","protected":false},"excerpt":{"rendered":"<p>Depuis plusieurs mois d\u00e9j\u00e0, nous prolongeons la lecture de certains albums jeunesse par des petites activit\u00e9s de jeux: puzzle de couverture ou d&rsquo;autres illustrations, coloriage et aussi des imagiers avec des cartes plastifi\u00e9es d\u00e9veloppant ainsi le vocabulaire en s&rsquo;amusant. C&rsquo;est aussi une fa\u00e7on de reconna\u00eetre une carte avec la bonne illustration de l&rsquo;album. C&rsquo;est le [&hellip;]<\/p>\n","protected":false},"author":1,"featured_media":5964,"comment_status":"open","ping_status":"open","sticky":false,"template":"","format":"standard","meta":{"jetpack_post_was_ever_published":false,"_jetpack_newsletter_access":"","_jetpack_dont_email_post_to_subs":false,"_jetpack_newsletter_tier_id":0,"_jetpack_memberships_contains_paywalled_content":false,"_jetpack_memberships_contains_paid_content":false,"footnotes":""},"categories":[17],"tags":[20,409,595,475,378],"class_list":["post-5962","post","type-post","status-publish","format-standard","has-post-thumbnail","hentry","category-mini-joueur","tag-activites-pour-les-enfants","tag-albums-jeunesse","tag-cartes-plastifiees","tag-imagiers","tag-jeux-educatifs","post-preview"],"jetpack_featured_media_url":"https:\/\/i0.wp.com\/www.jojoenherbe.com\/wp-content\/uploads\/2019\/05\/Rouge-et-vert-cartes-plastifi%C3%A9es.jpg?fit=3264%2C2448","jetpack_sharing_enabled":true,"jetpack_shortlink":"https:\/\/wp.me\/p9zhGx-1ya","jetpack_likes_enabled":true,"jetpack-related-posts":[{"id":7093,"url":"http:\/\/www.jojoenherbe.com\/index.php\/2019\/08\/14\/au-fil-des-pages-avec-tortue-pingouin\/","url_meta":{"origin":5962,"position":0},"title":"Au fil des pages avec Tortue Pingouin","author":"Jojo","date":"14 ao\u00fbt 2019","format":false,"excerpt":"Forc\u00e9ment avec un tel titre et une tortue qui est d\u00e9guis\u00e9e en manchot empereur, je suis imm\u00e9diatement attir\u00e9e par la couverture de cet album jeunesse que nous empruntons \u00e0 la biblioth\u00e8que. Il s'agit de Tortue Pingouin de Valeri Gorbachev (\u00e9d. L'\u00e9cole des loisirs, 2009), album jeunesse \u00e0 partir de 3\u2026","rel":"","context":"Dans &quot;Mini lecteur&quot;","block_context":{"text":"Mini lecteur","link":"http:\/\/www.jojoenherbe.com\/index.php\/category\/mini-lecteur\/"},"img":{"alt_text":"","src":"https:\/\/i0.wp.com\/www.jojoenherbe.com\/wp-content\/uploads\/2019\/08\/Tortue-Pingouin.jpg?fit=1124%2C1200&resize=350%2C200","width":350,"height":200,"srcset":"https:\/\/i0.wp.com\/www.jojoenherbe.com\/wp-content\/uploads\/2019\/08\/Tortue-Pingouin.jpg?fit=1124%2C1200&resize=350%2C200 1x, https:\/\/i0.wp.com\/www.jojoenherbe.com\/wp-content\/uploads\/2019\/08\/Tortue-Pingouin.jpg?fit=1124%2C1200&resize=525%2C300 1.5x, https:\/\/i0.wp.com\/www.jojoenherbe.com\/wp-content\/uploads\/2019\/08\/Tortue-Pingouin.jpg?fit=1124%2C1200&resize=700%2C400 2x, https:\/\/i0.wp.com\/www.jojoenherbe.com\/wp-content\/uploads\/2019\/08\/Tortue-Pingouin.jpg?fit=1124%2C1200&resize=1050%2C600 3x"},"classes":[]},{"id":6993,"url":"http:\/\/www.jojoenherbe.com\/index.php\/2019\/08\/08\/au-fil-des-pages-avec-rouge-thildou\/","url_meta":{"origin":5962,"position":1},"title":"Au fil des pages avec Rouge Thildou","author":"Jojo","date":"8 ao\u00fbt 2019","format":false,"excerpt":"Nous empruntons \u00e0 la biblioth\u00e8que Rouge Thildou de Malou Ravella et Marianne Barcilon (\u00e9d. du Ricochet, coll. Les Bou\u00e9es du Ricochet, 2003), un album jeunesse \u00e0 partir de 3 ans. Cet album jeunesse est le premier d'une s\u00e9rie de quatre. Les autrices d\u00e9clinent aussi trois autres couleurs avec Jaune Kajou,\u2026","rel":"","context":"Dans &quot;Mini lecteur&quot;","block_context":{"text":"Mini lecteur","link":"http:\/\/www.jojoenherbe.com\/index.php\/category\/mini-lecteur\/"},"img":{"alt_text":"","src":"https:\/\/i0.wp.com\/www.jojoenherbe.com\/wp-content\/uploads\/2019\/08\/Rouge-Thildou.jpg?fit=1200%2C900&resize=350%2C200","width":350,"height":200,"srcset":"https:\/\/i0.wp.com\/www.jojoenherbe.com\/wp-content\/uploads\/2019\/08\/Rouge-Thildou.jpg?fit=1200%2C900&resize=350%2C200 1x, https:\/\/i0.wp.com\/www.jojoenherbe.com\/wp-content\/uploads\/2019\/08\/Rouge-Thildou.jpg?fit=1200%2C900&resize=525%2C300 1.5x, https:\/\/i0.wp.com\/www.jojoenherbe.com\/wp-content\/uploads\/2019\/08\/Rouge-Thildou.jpg?fit=1200%2C900&resize=700%2C400 2x, https:\/\/i0.wp.com\/www.jojoenherbe.com\/wp-content\/uploads\/2019\/08\/Rouge-Thildou.jpg?fit=1200%2C900&resize=1050%2C600 3x"},"classes":[]},{"id":7789,"url":"http:\/\/www.jojoenherbe.com\/index.php\/2019\/10\/03\/au-fil-des-pages-avec-des-instruments-de-musique\/","url_meta":{"origin":5962,"position":2},"title":"Au fil des pages avec des instruments de musique","author":"Jojo","date":"3 octobre 2019","format":false,"excerpt":"Nous empruntons \u00e0 la biblioth\u00e8que deux albums jeunesse abordant le th\u00e8me de la musique et par suite des instruments de musique. Nous commen\u00e7ons par Le piano des bois de Kazuo Iwamura (\u00e9d. L'\u00e9cole des loisirs, 2006), un album jeunesse \u00e0 partir de 3 ans, et m\u00eame avant. Nous retrouvons toute\u2026","rel":"","context":"Dans &quot;Mini lecteur&quot;","block_context":{"text":"Mini lecteur","link":"http:\/\/www.jojoenherbe.com\/index.php\/category\/mini-lecteur\/"},"img":{"alt_text":"","src":"https:\/\/i0.wp.com\/www.jojoenherbe.com\/wp-content\/uploads\/2019\/10\/Le-piano-des-bois-Jaune-Kajou.jpg?fit=1200%2C724&resize=350%2C200","width":350,"height":200,"srcset":"https:\/\/i0.wp.com\/www.jojoenherbe.com\/wp-content\/uploads\/2019\/10\/Le-piano-des-bois-Jaune-Kajou.jpg?fit=1200%2C724&resize=350%2C200 1x, https:\/\/i0.wp.com\/www.jojoenherbe.com\/wp-content\/uploads\/2019\/10\/Le-piano-des-bois-Jaune-Kajou.jpg?fit=1200%2C724&resize=525%2C300 1.5x, https:\/\/i0.wp.com\/www.jojoenherbe.com\/wp-content\/uploads\/2019\/10\/Le-piano-des-bois-Jaune-Kajou.jpg?fit=1200%2C724&resize=700%2C400 2x, https:\/\/i0.wp.com\/www.jojoenherbe.com\/wp-content\/uploads\/2019\/10\/Le-piano-des-bois-Jaune-Kajou.jpg?fit=1200%2C724&resize=1050%2C600 3x"},"classes":[]},{"id":8325,"url":"http:\/\/www.jojoenherbe.com\/index.php\/2019\/11\/07\/au-fil-des-pages-avec-le-vent-ma-pris\/","url_meta":{"origin":5962,"position":3},"title":"Au fil des pages avec Le vent m&rsquo;a pris","author":"Jojo","date":"7 novembre 2019","format":false,"excerpt":"Nous lisons Le vent m'a pris de Rascal (\u00e9d. L'\u00e9cole des loisirs, coll. Pastel, 2011), un album jeunesse pour les tout-petits. Par une journ\u00e9e automnale, le vent souffle fort et emporte, un \u00e0 un, tous les v\u00eatements d'un \u00e9pouvantail. Les arbres aussi perdent leurs derni\u00e8res feuilles. L'histoire est simple comme\u2026","rel":"","context":"Dans &quot;Mini lecteur&quot;","block_context":{"text":"Mini lecteur","link":"http:\/\/www.jojoenherbe.com\/index.php\/category\/mini-lecteur\/"},"img":{"alt_text":"","src":"https:\/\/i0.wp.com\/www.jojoenherbe.com\/wp-content\/uploads\/2019\/11\/Le-vent-ma-pris.jpg?fit=1200%2C900&resize=350%2C200","width":350,"height":200,"srcset":"https:\/\/i0.wp.com\/www.jojoenherbe.com\/wp-content\/uploads\/2019\/11\/Le-vent-ma-pris.jpg?fit=1200%2C900&resize=350%2C200 1x, https:\/\/i0.wp.com\/www.jojoenherbe.com\/wp-content\/uploads\/2019\/11\/Le-vent-ma-pris.jpg?fit=1200%2C900&resize=525%2C300 1.5x, https:\/\/i0.wp.com\/www.jojoenherbe.com\/wp-content\/uploads\/2019\/11\/Le-vent-ma-pris.jpg?fit=1200%2C900&resize=700%2C400 2x, https:\/\/i0.wp.com\/www.jojoenherbe.com\/wp-content\/uploads\/2019\/11\/Le-vent-ma-pris.jpg?fit=1200%2C900&resize=1050%2C600 3x"},"classes":[]},{"id":6734,"url":"http:\/\/www.jojoenherbe.com\/index.php\/2019\/07\/12\/au-fil-des-pages-avec-la-grande-histoire-de-la-petite-puce\/","url_meta":{"origin":5962,"position":4},"title":"Au fil des pages avec La grande histoire de la petite puce","author":"Jojo","date":"12 juillet 2019","format":false,"excerpt":"Nous lisons La grande histoire de la petite puce de Karine Quesada et Lucile Thibaudier (\u00e9d. Bilboquet, coll. Les tout petits, 2012), un album jeunesse d\u00e8s 3 ans. Dans une savane africaine, une puce est tellement petite qu'elle ne peut voir au-dessus des herbes jaunes. Pour parvenir \u00e0 voir au-del\u00e0\u2026","rel":"","context":"Dans &quot;Mini lecteur&quot;","block_context":{"text":"Mini lecteur","link":"http:\/\/www.jojoenherbe.com\/index.php\/category\/mini-lecteur\/"},"img":{"alt_text":"","src":"https:\/\/i0.wp.com\/www.jojoenherbe.com\/wp-content\/uploads\/2019\/07\/La-grande-histoire-de-la-petite-puce.jpg?fit=1200%2C1145&resize=350%2C200","width":350,"height":200,"srcset":"https:\/\/i0.wp.com\/www.jojoenherbe.com\/wp-content\/uploads\/2019\/07\/La-grande-histoire-de-la-petite-puce.jpg?fit=1200%2C1145&resize=350%2C200 1x, https:\/\/i0.wp.com\/www.jojoenherbe.com\/wp-content\/uploads\/2019\/07\/La-grande-histoire-de-la-petite-puce.jpg?fit=1200%2C1145&resize=525%2C300 1.5x, https:\/\/i0.wp.com\/www.jojoenherbe.com\/wp-content\/uploads\/2019\/07\/La-grande-histoire-de-la-petite-puce.jpg?fit=1200%2C1145&resize=700%2C400 2x, https:\/\/i0.wp.com\/www.jojoenherbe.com\/wp-content\/uploads\/2019\/07\/La-grande-histoire-de-la-petite-puce.jpg?fit=1200%2C1145&resize=1050%2C600 3x"},"classes":[]},{"id":6362,"url":"http:\/\/www.jojoenherbe.com\/index.php\/2019\/06\/12\/au-fil-des-pages-avec-la-vague\/","url_meta":{"origin":5962,"position":5},"title":"Au fil des pages avec La vague","author":"Jojo","date":"12 juin 2019","format":false,"excerpt":"L'\u00e9t\u00e9 approchant et le retour de la chaleur aussi depuis quelques jours, nous commen\u00e7ons \u00e0 relire des albums jeunesse sur cette saison. Nous prenons un peu de fra\u00eecheur et faisons le plein de tendresse avec La vague de Suzy Lee (\u00e9d. Kal\u00e9idoscope, 2010), un album jeunesse \u00e0 partir de 2\/3\u2026","rel":"","context":"Dans &quot;Mini lecteur&quot;","block_context":{"text":"Mini lecteur","link":"http:\/\/www.jojoenherbe.com\/index.php\/category\/mini-lecteur\/"},"img":{"alt_text":"","src":"https:\/\/i0.wp.com\/www.jojoenherbe.com\/wp-content\/uploads\/2021\/06\/La-vague-scaled.jpg?fit=1200%2C734&resize=350%2C200","width":350,"height":200,"srcset":"https:\/\/i0.wp.com\/www.jojoenherbe.com\/wp-content\/uploads\/2021\/06\/La-vague-scaled.jpg?fit=1200%2C734&resize=350%2C200 1x, https:\/\/i0.wp.com\/www.jojoenherbe.com\/wp-content\/uploads\/2021\/06\/La-vague-scaled.jpg?fit=1200%2C734&resize=525%2C300 1.5x, https:\/\/i0.wp.com\/www.jojoenherbe.com\/wp-content\/uploads\/2021\/06\/La-vague-scaled.jpg?fit=1200%2C734&resize=700%2C400 2x, https:\/\/i0.wp.com\/www.jojoenherbe.com\/wp-content\/uploads\/2021\/06\/La-vague-scaled.jpg?fit=1200%2C734&resize=1050%2C600 3x"},"classes":[]}],"_links":{"self":[{"href":"http:\/\/www.jojoenherbe.com\/index.php\/wp-json\/wp\/v2\/posts\/5962","targetHints":{"allow":["GET"]}}],"collection":[{"href":"http:\/\/www.jojoenherbe.com\/index.php\/wp-json\/wp\/v2\/posts"}],"about":[{"href":"http:\/\/www.jojoenherbe.com\/index.php\/wp-json\/wp\/v2\/types\/post"}],"author":[{"embeddable":true,"href":"http:\/\/www.jojoenherbe.com\/index.php\/wp-json\/wp\/v2\/users\/1"}],"replies":[{"embeddable":true,"href":"http:\/\/www.jojoenherbe.com\/index.php\/wp-json\/wp\/v2\/comments?post=5962"}],"version-history":[{"count":0,"href":"http:\/\/www.jojoenherbe.com\/index.php\/wp-json\/wp\/v2\/posts\/5962\/revisions"}],"wp:featuredmedia":[{"embeddable":true,"href":"http:\/\/www.jojoenherbe.com\/index.php\/wp-json\/wp\/v2\/media\/5964"}],"wp:attachment":[{"href":"http:\/\/www.jojoenherbe.com\/index.php\/wp-json\/wp\/v2\/media?parent=5962"}],"wp:term":[{"taxonomy":"category","embeddable":true,"href":"http:\/\/www.jojoenherbe.com\/index.php\/wp-json\/wp\/v2\/categories?post=5962"},{"taxonomy":"post_tag","embeddable":true,"href":"http:\/\/www.jojoenherbe.com\/index.php\/wp-json\/wp\/v2\/tags?post=5962"}],"curies":[{"name":"wp","href":"https:\/\/api.w.org\/{rel}","templated":true}]}}