{"id":5927,"date":"2019-05-11T09:02:29","date_gmt":"2019-05-11T07:02:29","guid":{"rendered":"http:\/\/www.jojoenherbe.com\/?p=5927"},"modified":"2020-03-13T11:05:40","modified_gmt":"2020-03-13T10:05:40","slug":"la-balance-symbole-de-la-justice-sur-la-tour-de-lhorloge-paris","status":"publish","type":"post","link":"http:\/\/www.jojoenherbe.com\/index.php\/2019\/05\/11\/la-balance-symbole-de-la-justice-sur-la-tour-de-lhorloge-paris\/","title":{"rendered":"La balance, symbole de la Justice sur la Tour de l&rsquo;Horloge &#8211; Paris"},"content":{"rendered":"<p style=\"text-align: justify;\"><em>Pour cette semaine 19 du Projet 52-2019 de Du C\u00f4t\u00e9 de Chez Ma\u2019,&nbsp; le th\u00e8me est \u00ab\u00a0<a href=\"http:\/\/manuelles.canalblog.com\/archives\/2019\/05\/11\/37327029.html\">balance<\/a>\u00ab\u00a0. Il me vient imm\u00e9diatement \u00e0 l&rsquo;esprit la balance comme symbole <\/em><em>de la Justice et un ancien souvenir d&rsquo;un monument historique de Paris lors de ma visite de No\u00ebl 2005: l&rsquo;horloge de la Tour de l&rsquo;Horloge du Palais de Justice avec sa figure all\u00e9gorique de la Justice tenant dans sa main gauche une balance. Une fois n&rsquo;est pas coutume, je plonge dans d&rsquo;anciennes photographies pour participer au th\u00e8me de cette semaine. D&rsquo;ailleurs, depuis la prise de cette photo, la tour a \u00e9t\u00e9 restaur\u00e9e une nouvelle fois en 2012.<br \/>\n<\/em><\/p>\n<p style=\"text-align: justify;\"><em><span style=\"text-decoration: underline;\">Un peu d&rsquo;histoire<\/span>: L&rsquo;horloge de la Tour de l&rsquo;Horloge fut install\u00e9e en 1370 et fut la premi\u00e8re horloge publique de Paris. Cette horloge permettait de conna\u00eetre l&rsquo;heure de fa\u00e7on beaucoup plus pr\u00e9cise que les cadrans solaires jusqu&rsquo;alors utilis\u00e9s. Elle est encore visible sur l&rsquo;une des tours du Palais de la Cit\u00e9, \u00e0 l&rsquo;angle Boulevard du Palais et du Quai de l&rsquo;Horloge. Elle porte deux inscriptions latines: en haut, \u00ab\u00a0qui dedit ante duas triplicem dabit ille coronam\u00a0\u00bb qui signifie \u00ab\u00a0celui qui lui a d\u00e9j\u00e0 donn\u00e9 deux couronnes lui en donnera une troisi\u00e8me\u00a0\u00bb (\u00e0 propos d&rsquo;Henri III) et en bas, \u00ab\u00a0machina qu\u00e6&nbsp; bis sex tam juste dividit horas justitiam servare monet leges que tueri\u00a0\u00bb qui signifie \u00ab\u00a0cette machine qui divise si justement les douze heures enseigne \u00e0 prot\u00e9ger la Justice et \u00e0 d\u00e9fendre les lois\u00a0\u00bb. En 1585, au cours d&rsquo;une r\u00e9novation, deux sculptures de Germain Pilon, les figures all\u00e9goriques de la Loi et de la Justice, furent rajout\u00e9es autour du cadran.<br \/>\n<\/em><\/p>\n<p style=\"text-align: justify;\"><em>Il ne me reste plus qu&rsquo;\u00e0 aller voir les autres participations, le th\u00e8me de cette semaine rev\u00eatant d&rsquo;autres acceptions du mot: la balance comme instrument de mesure ou le signe astrologique, le dilemme de faire un choix, etc.<\/em><\/p>\n<p><iframe loading=\"lazy\" style=\"border: 0;\" src=\"https:\/\/www.google.com\/maps\/embed?pb=!1m18!1m12!1m3!1d2625.1029728516996!2d2.3440369156743124!3d48.85624677928723!2m3!1f0!2f0!3f0!3m2!1i1024!2i768!4f13.1!3m3!1m2!1s0x47e66e1fd87412b3%3A0x15dc23f051802e30!2sTour+de+l'Horloge+du+palais+de+la+Cit%C3%A9!5e0!3m2!1sfr!2sfr!4v1557520239781!5m2!1sfr!2sfr\" allowfullscreen=\"allowfullscreen\" width=\"400\" height=\"300\" frameborder=\"0\"><\/iframe><\/p>\n","protected":false},"excerpt":{"rendered":"<p>Pour cette semaine 19 du Projet 52-2019 de Du C\u00f4t\u00e9 de Chez Ma\u2019,&nbsp; le th\u00e8me est \u00ab\u00a0balance\u00ab\u00a0. Il me vient imm\u00e9diatement \u00e0 l&rsquo;esprit la balance comme symbole de la Justice et un ancien souvenir d&rsquo;un monument historique de Paris lors de ma visite de No\u00ebl 2005: l&rsquo;horloge de la Tour de l&rsquo;Horloge du Palais de [&hellip;]<\/p>\n","protected":false},"author":1,"featured_media":5928,"comment_status":"open","ping_status":"open","sticky":false,"template":"","format":"standard","meta":{"jetpack_post_was_ever_published":false,"_jetpack_newsletter_access":"","_jetpack_dont_email_post_to_subs":false,"_jetpack_newsletter_tier_id":0,"_jetpack_memberships_contains_paywalled_content":false,"_jetpack_memberships_contains_paid_content":false,"footnotes":""},"categories":[437],"tags":[585,587,586,583,581,580,584,169,582,578,1353,1354],"class_list":["post-5927","post","type-post","status-publish","format-standard","has-post-thumbnail","hentry","category-mini-photographe","tag-1er-arrondissement","tag-allegorie-de-la-justice","tag-allegories","tag-balance","tag-horloges","tag-horloges-publiques","tag-ile-de-la-cite","tag-justice","tag-palais-de-justice","tag-paris","tag-projet-52-de-ma","tag-projet-52-2019","post-preview"],"jetpack_featured_media_url":"https:\/\/i0.wp.com\/www.jojoenherbe.com\/wp-content\/uploads\/2019\/05\/Tour-de-lHorloge-Paris.jpg?fit=1944%2C2224","jetpack_sharing_enabled":true,"jetpack_shortlink":"https:\/\/wp.me\/p9zhGx-1xB","jetpack_likes_enabled":true,"jetpack-related-posts":[{"id":6883,"url":"http:\/\/www.jojoenherbe.com\/index.php\/2019\/07\/27\/o-liberte\/","url_meta":{"origin":5927,"position":0},"title":"\u00d4 libert\u00e9!","author":"Jojo","date":"27 juillet 2019","format":false,"excerpt":"Pour cette semaine 30 du Projet 52-2019 de Du c\u00f4t\u00e9 de chez Ma', le th\u00e8me est \"Libert\u00e9\". Alors direction le Palais de Justice de Nice et la devise de la R\u00e9publique fran\u00e7aise inscrite au-dessus des trois portes du palais. On entre par la Fraternit\u00e9.\u00a0 Puis on ressort par la Libert\u00e9.\u00a0\u2026","rel":"","context":"Dans &quot;Mini citoyen&quot;","block_context":{"text":"Mini citoyen","link":"http:\/\/www.jojoenherbe.com\/index.php\/category\/mini-citoyen\/"},"img":{"alt_text":"","src":"https:\/\/i0.wp.com\/www.jojoenherbe.com\/wp-content\/uploads\/2018\/03\/15-juin-2006-vieux-nice-avec-sophie-017.jpg?fit=1073%2C1200&resize=350%2C200","width":350,"height":200,"srcset":"https:\/\/i0.wp.com\/www.jojoenherbe.com\/wp-content\/uploads\/2018\/03\/15-juin-2006-vieux-nice-avec-sophie-017.jpg?fit=1073%2C1200&resize=350%2C200 1x, https:\/\/i0.wp.com\/www.jojoenherbe.com\/wp-content\/uploads\/2018\/03\/15-juin-2006-vieux-nice-avec-sophie-017.jpg?fit=1073%2C1200&resize=525%2C300 1.5x, https:\/\/i0.wp.com\/www.jojoenherbe.com\/wp-content\/uploads\/2018\/03\/15-juin-2006-vieux-nice-avec-sophie-017.jpg?fit=1073%2C1200&resize=700%2C400 2x, https:\/\/i0.wp.com\/www.jojoenherbe.com\/wp-content\/uploads\/2018\/03\/15-juin-2006-vieux-nice-avec-sophie-017.jpg?fit=1073%2C1200&resize=1050%2C600 3x"},"classes":[]},{"id":17811,"url":"http:\/\/www.jojoenherbe.com\/index.php\/2021\/04\/24\/semaine-16-du-projet-52-2021-petales\/","url_meta":{"origin":5927,"position":1},"title":"Semaine 16 du Projet 52-2021: P\u00e9tales","author":"Jojo","date":"24 avril 2021","format":false,"excerpt":"Pour la semaine 16 du Projet 52-2021 de Du c\u00f4t\u00e9 de chez Ma', le th\u00e8me est \"P\u00e9tales\". Je profite de notre balade de cet apr\u00e8s-midi sous le soleil et dans les moins de 10 km au Plateau de la Justice, \u00e0 \u00c8ze dans le parc d\u00e9partemental de la Grande Corniche\u2026","rel":"","context":"Dans &quot;mini photographe&quot;","block_context":{"text":"mini photographe","link":"http:\/\/www.jojoenherbe.com\/index.php\/category\/mini-photographe\/"},"img":{"alt_text":"","src":"https:\/\/i0.wp.com\/www.jojoenherbe.com\/wp-content\/uploads\/2021\/04\/Ciste-cotonneux-Plateau-de-la-Justice-dEze-scaled.jpg?fit=900%2C1200&resize=350%2C200","width":350,"height":200,"srcset":"https:\/\/i0.wp.com\/www.jojoenherbe.com\/wp-content\/uploads\/2021\/04\/Ciste-cotonneux-Plateau-de-la-Justice-dEze-scaled.jpg?fit=900%2C1200&resize=350%2C200 1x, https:\/\/i0.wp.com\/www.jojoenherbe.com\/wp-content\/uploads\/2021\/04\/Ciste-cotonneux-Plateau-de-la-Justice-dEze-scaled.jpg?fit=900%2C1200&resize=525%2C300 1.5x, https:\/\/i0.wp.com\/www.jojoenherbe.com\/wp-content\/uploads\/2021\/04\/Ciste-cotonneux-Plateau-de-la-Justice-dEze-scaled.jpg?fit=900%2C1200&resize=700%2C400 2x"},"classes":[]},{"id":7665,"url":"http:\/\/www.jojoenherbe.com\/index.php\/2019\/09\/28\/un-cadran-solaire-le-temps-qui-passe\/","url_meta":{"origin":5927,"position":2},"title":"Un cadran solaire, le temps qui passe","author":"Jojo","date":"28 septembre 2019","format":false,"excerpt":"Pour cette semaine 39 du Projet 52-2019 de Du c\u00f4t\u00e9 de chez Ma', le th\u00e8me est \"Le temps qui passe\". Pour illustrer ce th\u00e8me, j'ai repris une photo prise, en d\u00e9cembre 2017, du cadran solaire fix\u00e9 sur l'\u00e9glise Saint-Gr\u00e9goire, \u00e9glise datant du XVe si\u00e8cle et sise \u00e0 Tourrettes-sur-Loup, sa devise\u2026","rel":"","context":"Dans &quot;mini photographe&quot;","block_context":{"text":"mini photographe","link":"http:\/\/www.jojoenherbe.com\/index.php\/category\/mini-photographe\/"},"img":{"alt_text":"","src":"https:\/\/i0.wp.com\/www.jojoenherbe.com\/wp-content\/uploads\/2019\/09\/Cadran-solaire-Eglise-de-Tourrettes-sur-Loup.jpg?fit=1142%2C1200&resize=350%2C200","width":350,"height":200,"srcset":"https:\/\/i0.wp.com\/www.jojoenherbe.com\/wp-content\/uploads\/2019\/09\/Cadran-solaire-Eglise-de-Tourrettes-sur-Loup.jpg?fit=1142%2C1200&resize=350%2C200 1x, https:\/\/i0.wp.com\/www.jojoenherbe.com\/wp-content\/uploads\/2019\/09\/Cadran-solaire-Eglise-de-Tourrettes-sur-Loup.jpg?fit=1142%2C1200&resize=525%2C300 1.5x, https:\/\/i0.wp.com\/www.jojoenherbe.com\/wp-content\/uploads\/2019\/09\/Cadran-solaire-Eglise-de-Tourrettes-sur-Loup.jpg?fit=1142%2C1200&resize=700%2C400 2x, https:\/\/i0.wp.com\/www.jojoenherbe.com\/wp-content\/uploads\/2019\/09\/Cadran-solaire-Eglise-de-Tourrettes-sur-Loup.jpg?fit=1142%2C1200&resize=1050%2C600 3x"},"classes":[]},{"id":9383,"url":"http:\/\/www.jojoenherbe.com\/index.php\/2020\/01\/04\/semaine-1-du-projet-52-2020-directions\/","url_meta":{"origin":5927,"position":3},"title":"Semaine 1 du Projet 52-2020: Direction(s)","author":"Jojo","date":"4 janvier 2020","format":false,"excerpt":"En ce premier samedi de l'ann\u00e9e 2020, c'est reparti pour le projet photo organis\u00e9 par Ma' du blog Du c\u00f4t\u00e9 de chez Ma' et auquel je participe pour la deuxi\u00e8me ann\u00e9e. Le th\u00e8me de cette semaine 1 du Projet 52-2020 est \"Direction(s)\". Voici ma photo prise cette semaine, lors des\u2026","rel":"","context":"Dans &quot;mini photographe&quot;","block_context":{"text":"mini photographe","link":"http:\/\/www.jojoenherbe.com\/index.php\/category\/mini-photographe\/"},"img":{"alt_text":"","src":"https:\/\/i0.wp.com\/www.jojoenherbe.com\/wp-content\/uploads\/2020\/01\/Panneau-de-signalisation-March%C3%A9-de-No%C3%ABl-de-Nice-scaled.jpg?fit=900%2C1200&resize=350%2C200","width":350,"height":200,"srcset":"https:\/\/i0.wp.com\/www.jojoenherbe.com\/wp-content\/uploads\/2020\/01\/Panneau-de-signalisation-March%C3%A9-de-No%C3%ABl-de-Nice-scaled.jpg?fit=900%2C1200&resize=350%2C200 1x, https:\/\/i0.wp.com\/www.jojoenherbe.com\/wp-content\/uploads\/2020\/01\/Panneau-de-signalisation-March%C3%A9-de-No%C3%ABl-de-Nice-scaled.jpg?fit=900%2C1200&resize=525%2C300 1.5x, https:\/\/i0.wp.com\/www.jojoenherbe.com\/wp-content\/uploads\/2020\/01\/Panneau-de-signalisation-March%C3%A9-de-No%C3%ABl-de-Nice-scaled.jpg?fit=900%2C1200&resize=700%2C400 2x"},"classes":[]},{"id":7011,"url":"http:\/\/www.jojoenherbe.com\/index.php\/2019\/08\/10\/dans-la-campagne-siennoise\/","url_meta":{"origin":5927,"position":4},"title":"Dans la campagne siennoise","author":"Jojo","date":"10 ao\u00fbt 2019","format":false,"excerpt":"Pour cette semaine 32 du Projet 52-2019 de Du c\u00f4t\u00e9 de chez Ma', le th\u00e8me est \"Campagne\". Les Alpes-Maritimes \u00e9tant plus entre mer et montagne, je pioche une nouvelle fois dans mes archives en choisissant une photo prise le 9 ao\u00fbt 2008 dans la campagne siennoise en Italie: un champ\u2026","rel":"","context":"Dans &quot;mini photographe&quot;","block_context":{"text":"mini photographe","link":"http:\/\/www.jojoenherbe.com\/index.php\/category\/mini-photographe\/"},"img":{"alt_text":"","src":"https:\/\/i0.wp.com\/www.jojoenherbe.com\/wp-content\/uploads\/2019\/08\/Montesiepi.jpg?fit=1200%2C900&resize=350%2C200","width":350,"height":200,"srcset":"https:\/\/i0.wp.com\/www.jojoenherbe.com\/wp-content\/uploads\/2019\/08\/Montesiepi.jpg?fit=1200%2C900&resize=350%2C200 1x, https:\/\/i0.wp.com\/www.jojoenherbe.com\/wp-content\/uploads\/2019\/08\/Montesiepi.jpg?fit=1200%2C900&resize=525%2C300 1.5x, https:\/\/i0.wp.com\/www.jojoenherbe.com\/wp-content\/uploads\/2019\/08\/Montesiepi.jpg?fit=1200%2C900&resize=700%2C400 2x, https:\/\/i0.wp.com\/www.jojoenherbe.com\/wp-content\/uploads\/2019\/08\/Montesiepi.jpg?fit=1200%2C900&resize=1050%2C600 3x"},"classes":[]},{"id":28994,"url":"http:\/\/www.jojoenherbe.com\/index.php\/2023\/01\/07\/semaine-1-du-projet-52-2023-nouvelle-annee\/","url_meta":{"origin":5927,"position":5},"title":"Semaine 1 du Projet 52-2023: Nouvelle ann\u00e9e","author":"Jojo","date":"7 janvier 2023","format":false,"excerpt":"En cette nouvelle ann\u00e9e, je continue \u00e0 participer au projet 52 en photos propos\u00e9 par Ma'. Pour cette semaine 1 du Projet 52-2023 de Du c\u00f4t\u00e9 de chez Ma\u2019, le th\u00e8me est compl\u00e8tement d'actualit\u00e9 puisqu'il s'agit de \"Nouvelle ann\u00e9e\". J'en profite pour vous pr\u00e9senter une nouvelle fois mes meilleurs v\u0153ux\u2026","rel":"","context":"Dans &quot;mini photographe&quot;","block_context":{"text":"mini photographe","link":"http:\/\/www.jojoenherbe.com\/index.php\/category\/mini-photographe\/"},"img":{"alt_text":"","src":"https:\/\/i0.wp.com\/www.jojoenherbe.com\/wp-content\/uploads\/2022\/12\/Jour-de-lAn-2020-scaled.jpg?fit=1200%2C842&resize=350%2C200","width":350,"height":200,"srcset":"https:\/\/i0.wp.com\/www.jojoenherbe.com\/wp-content\/uploads\/2022\/12\/Jour-de-lAn-2020-scaled.jpg?fit=1200%2C842&resize=350%2C200 1x, https:\/\/i0.wp.com\/www.jojoenherbe.com\/wp-content\/uploads\/2022\/12\/Jour-de-lAn-2020-scaled.jpg?fit=1200%2C842&resize=525%2C300 1.5x, https:\/\/i0.wp.com\/www.jojoenherbe.com\/wp-content\/uploads\/2022\/12\/Jour-de-lAn-2020-scaled.jpg?fit=1200%2C842&resize=700%2C400 2x, https:\/\/i0.wp.com\/www.jojoenherbe.com\/wp-content\/uploads\/2022\/12\/Jour-de-lAn-2020-scaled.jpg?fit=1200%2C842&resize=1050%2C600 3x"},"classes":[]}],"_links":{"self":[{"href":"http:\/\/www.jojoenherbe.com\/index.php\/wp-json\/wp\/v2\/posts\/5927","targetHints":{"allow":["GET"]}}],"collection":[{"href":"http:\/\/www.jojoenherbe.com\/index.php\/wp-json\/wp\/v2\/posts"}],"about":[{"href":"http:\/\/www.jojoenherbe.com\/index.php\/wp-json\/wp\/v2\/types\/post"}],"author":[{"embeddable":true,"href":"http:\/\/www.jojoenherbe.com\/index.php\/wp-json\/wp\/v2\/users\/1"}],"replies":[{"embeddable":true,"href":"http:\/\/www.jojoenherbe.com\/index.php\/wp-json\/wp\/v2\/comments?post=5927"}],"version-history":[{"count":0,"href":"http:\/\/www.jojoenherbe.com\/index.php\/wp-json\/wp\/v2\/posts\/5927\/revisions"}],"wp:featuredmedia":[{"embeddable":true,"href":"http:\/\/www.jojoenherbe.com\/index.php\/wp-json\/wp\/v2\/media\/5928"}],"wp:attachment":[{"href":"http:\/\/www.jojoenherbe.com\/index.php\/wp-json\/wp\/v2\/media?parent=5927"}],"wp:term":[{"taxonomy":"category","embeddable":true,"href":"http:\/\/www.jojoenherbe.com\/index.php\/wp-json\/wp\/v2\/categories?post=5927"},{"taxonomy":"post_tag","embeddable":true,"href":"http:\/\/www.jojoenherbe.com\/index.php\/wp-json\/wp\/v2\/tags?post=5927"}],"curies":[{"name":"wp","href":"https:\/\/api.w.org\/{rel}","templated":true}]}}