{"id":5807,"date":"2019-05-03T22:57:01","date_gmt":"2019-05-03T20:57:01","guid":{"rendered":"http:\/\/www.jojoenherbe.com\/?p=5807"},"modified":"2022-09-06T12:46:38","modified_gmt":"2022-09-06T10:46:38","slug":"au-fil-des-pages-avec-un-peu-perdu","status":"publish","type":"post","link":"http:\/\/www.jojoenherbe.com\/index.php\/2019\/05\/03\/au-fil-des-pages-avec-un-peu-perdu\/","title":{"rendered":"Au fil des pages avec Un peu perdu"},"content":{"rendered":"<p style=\"text-align: justify;\"><em>De Chris Haughton, nous avions lu, un nombre incalculable de fois, <a href=\"http:\/\/www.jojoenherbe.com\/index.php\/2019\/07\/02\/au-fil-des-pages-avec-oh-non-george\/\"><span style=\"text-decoration: underline;\">Oh non George!<\/span><\/a>. J&rsquo;avais rep\u00e9r\u00e9 que dans notre m\u00e9diath\u00e8que, nous pouvions emprunter <span style=\"text-decoration: underline;\">Un peu perdu<\/span> et <span style=\"text-decoration: underline;\">Chut! On a un plan<\/span>. Direction la m\u00e9diath\u00e8que et \u00e0 force de rechercher ces deux albums, je ne fais pas attention que j&#8217;emprunte deux fois <span style=\"text-decoration: underline;\">Un peu perdu<\/span> mais dans deux formats diff\u00e9rents. Encore une raison &#8211; si l&rsquo;en fallait une &#8211; pour retourner \u00e0 la biblioth\u00e8que pour <a href=\"http:\/\/www.jojoenherbe.com\/index.php\/2019\/07\/10\/au-fil-des-pages-avec-chut-on-a-un-plan\/\"><span style=\"text-decoration: underline;\">Chut! On a un plan<\/span><\/a>.<br \/>\n<\/em><\/p>\n<p style=\"text-align: justify;\"><em><a href=\"https:\/\/i0.wp.com\/www.jojoenherbe.com\/wp-content\/uploads\/2019\/05\/Un-peu-perdu-2.jpg\"><img data-recalc-dims=\"1\" loading=\"lazy\" decoding=\"async\" data-attachment-id=\"5814\" data-permalink=\"http:\/\/www.jojoenherbe.com\/index.php\/2019\/05\/03\/au-fil-des-pages-avec-un-peu-perdu\/un-peu-perdu-2\/\" data-orig-file=\"https:\/\/i0.wp.com\/www.jojoenherbe.com\/wp-content\/uploads\/2019\/05\/Un-peu-perdu-2.jpg?fit=3264%2C2448\" data-orig-size=\"3264,2448\" data-comments-opened=\"1\" data-image-meta=\"{&quot;aperture&quot;:&quot;2.4&quot;,&quot;credit&quot;:&quot;&quot;,&quot;camera&quot;:&quot;iPhone 4S&quot;,&quot;caption&quot;:&quot;&quot;,&quot;created_timestamp&quot;:&quot;1556878507&quot;,&quot;copyright&quot;:&quot;&quot;,&quot;focal_length&quot;:&quot;4.28&quot;,&quot;iso&quot;:&quot;320&quot;,&quot;shutter_speed&quot;:&quot;0.05&quot;,&quot;title&quot;:&quot;&quot;,&quot;orientation&quot;:&quot;1&quot;}\" data-image-title=\"Un peu perdu 2\" data-image-description=\"\" data-image-caption=\"\" data-large-file=\"https:\/\/i0.wp.com\/www.jojoenherbe.com\/wp-content\/uploads\/2019\/05\/Un-peu-perdu-2.jpg?fit=676%2C507\" class=\"alignleft size-thumbnail wp-image-5814\" src=\"https:\/\/i0.wp.com\/www.jojoenherbe.com\/wp-content\/uploads\/2019\/05\/Un-peu-perdu-2.jpg?resize=150%2C150\" alt=\"\" width=\"150\" height=\"150\" srcset=\"https:\/\/i0.wp.com\/www.jojoenherbe.com\/wp-content\/uploads\/2019\/05\/Un-peu-perdu-2.jpg?resize=150%2C150 150w, https:\/\/i0.wp.com\/www.jojoenherbe.com\/wp-content\/uploads\/2019\/05\/Un-peu-perdu-2.jpg?zoom=2&amp;resize=150%2C150 300w, https:\/\/i0.wp.com\/www.jojoenherbe.com\/wp-content\/uploads\/2019\/05\/Un-peu-perdu-2.jpg?zoom=3&amp;resize=150%2C150 450w\" sizes=\"auto, (max-width: 150px) 100vw, 150px\" \/><\/a> <a href=\"https:\/\/i0.wp.com\/www.jojoenherbe.com\/wp-content\/uploads\/2019\/05\/Un-peu-perdu-3.jpg\"><img data-recalc-dims=\"1\" loading=\"lazy\" decoding=\"async\" data-attachment-id=\"5815\" data-permalink=\"http:\/\/www.jojoenherbe.com\/index.php\/2019\/05\/03\/au-fil-des-pages-avec-un-peu-perdu\/un-peu-perdu-3\/\" data-orig-file=\"https:\/\/i0.wp.com\/www.jojoenherbe.com\/wp-content\/uploads\/2019\/05\/Un-peu-perdu-3.jpg?fit=3101%2C2272\" data-orig-size=\"3101,2272\" data-comments-opened=\"1\" data-image-meta=\"{&quot;aperture&quot;:&quot;2.4&quot;,&quot;credit&quot;:&quot;&quot;,&quot;camera&quot;:&quot;iPhone 4S&quot;,&quot;caption&quot;:&quot;&quot;,&quot;created_timestamp&quot;:&quot;1556878493&quot;,&quot;copyright&quot;:&quot;&quot;,&quot;focal_length&quot;:&quot;4.28&quot;,&quot;iso&quot;:&quot;250&quot;,&quot;shutter_speed&quot;:&quot;0.05&quot;,&quot;title&quot;:&quot;&quot;,&quot;orientation&quot;:&quot;1&quot;}\" data-image-title=\"Un peu perdu 3\" data-image-description=\"\" data-image-caption=\"\" data-large-file=\"https:\/\/i0.wp.com\/www.jojoenherbe.com\/wp-content\/uploads\/2019\/05\/Un-peu-perdu-3.jpg?fit=676%2C495\" class=\"alignleft size-thumbnail wp-image-5815\" src=\"https:\/\/i0.wp.com\/www.jojoenherbe.com\/wp-content\/uploads\/2019\/05\/Un-peu-perdu-3.jpg?resize=150%2C150\" alt=\"\" width=\"150\" height=\"150\" srcset=\"https:\/\/i0.wp.com\/www.jojoenherbe.com\/wp-content\/uploads\/2019\/05\/Un-peu-perdu-3.jpg?resize=150%2C150 150w, https:\/\/i0.wp.com\/www.jojoenherbe.com\/wp-content\/uploads\/2019\/05\/Un-peu-perdu-3.jpg?zoom=2&amp;resize=150%2C150 300w, https:\/\/i0.wp.com\/www.jojoenherbe.com\/wp-content\/uploads\/2019\/05\/Un-peu-perdu-3.jpg?zoom=3&amp;resize=150%2C150 450w\" sizes=\"auto, (max-width: 150px) 100vw, 150px\" \/><\/a>Nous lisons d&rsquo;abord la version cartonn\u00e9e, id\u00e9ale pour les tout-petits: <span style=\"text-decoration: underline;\">Un peu perdu<\/span> de Chris Haughton (\u00e9d. Thierry Magnier, 2013). En plein sommeil, le B\u00e9b\u00e9 Chouette (qui est en r\u00e9alit\u00e9 un hibou) tombe du nid. Loin de sa m\u00e8re, il n&rsquo;a qu&rsquo;une h\u00e2te, la retrouver au plus vite. Il sera aid\u00e9 par un \u00e9cureuil, pas tr\u00e8s dou\u00e9 mais tr\u00e8s enclin \u00e0 l&rsquo;aider du mieux possible. Heureusement, une grenouille saura reconna\u00eetre la Maman Chouette. Malgr\u00e9 le th\u00e8me du sentiment d&rsquo;abandon et la peur \u00e9prouv\u00e9e par le B\u00e9b\u00e9 Chouette d&rsquo;\u00eatre loin de sa m\u00e8re, cette histoire est tr\u00e8s dr\u00f4le. Le texte r\u00e9p\u00e9titif y participe fortement tout comme les illustrations tr\u00e8s color\u00e9es. La chute de l&rsquo;histoire est aussi ouverte que celle de <span style=\"text-decoration: underline;\">Oh non, George!<\/span> et apporte avec elle de grands instants de rire.<br \/>\n<\/em><\/p>\n<p style=\"text-align: justify;\"><em>Nous lisons \u00e9galement le format plus grand et plus souple: <span style=\"text-decoration: underline;\">Un peu perdu<\/span> de Chris Haughton (\u00e9d. Thierry Magnier, 2012), ce format permettant de mieux observer les d\u00e9tails des illustrations, en particulier les d\u00e9placements de la Maman Chouette qui recherche \u00e9galement son b\u00e9b\u00e9.<br \/>\n<\/em><\/p>\n<p style=\"text-align: justify;\"><em><a href=\"https:\/\/i0.wp.com\/www.jojoenherbe.com\/wp-content\/uploads\/2019\/05\/hibou-en-papier-toilette.jpg\"><img data-recalc-dims=\"1\" loading=\"lazy\" decoding=\"async\" data-attachment-id=\"5831\" data-permalink=\"http:\/\/www.jojoenherbe.com\/index.php\/2019\/05\/03\/au-fil-des-pages-avec-un-peu-perdu\/hibou-en-papier-toilette\/\" data-orig-file=\"https:\/\/i0.wp.com\/www.jojoenherbe.com\/wp-content\/uploads\/2019\/05\/hibou-en-papier-toilette.jpg?fit=2284%2C2849\" data-orig-size=\"2284,2849\" data-comments-opened=\"1\" data-image-meta=\"{&quot;aperture&quot;:&quot;2.4&quot;,&quot;credit&quot;:&quot;&quot;,&quot;camera&quot;:&quot;iPhone 4S&quot;,&quot;caption&quot;:&quot;&quot;,&quot;created_timestamp&quot;:&quot;1556901428&quot;,&quot;copyright&quot;:&quot;&quot;,&quot;focal_length&quot;:&quot;4.28&quot;,&quot;iso&quot;:&quot;800&quot;,&quot;shutter_speed&quot;:&quot;0.066666666666667&quot;,&quot;title&quot;:&quot;&quot;,&quot;orientation&quot;:&quot;1&quot;}\" data-image-title=\"hibou en papier toilette\" data-image-description=\"\" data-image-caption=\"\" data-large-file=\"https:\/\/i0.wp.com\/www.jojoenherbe.com\/wp-content\/uploads\/2019\/05\/hibou-en-papier-toilette.jpg?fit=676%2C843\" class=\"size-thumbnail wp-image-5831 alignright\" src=\"https:\/\/i0.wp.com\/www.jojoenherbe.com\/wp-content\/uploads\/2019\/05\/hibou-en-papier-toilette.jpg?resize=150%2C150\" alt=\"\" width=\"150\" height=\"150\" srcset=\"https:\/\/i0.wp.com\/www.jojoenherbe.com\/wp-content\/uploads\/2019\/05\/hibou-en-papier-toilette.jpg?resize=150%2C150 150w, https:\/\/i0.wp.com\/www.jojoenherbe.com\/wp-content\/uploads\/2019\/05\/hibou-en-papier-toilette.jpg?zoom=2&amp;resize=150%2C150 300w, https:\/\/i0.wp.com\/www.jojoenherbe.com\/wp-content\/uploads\/2019\/05\/hibou-en-papier-toilette.jpg?zoom=3&amp;resize=150%2C150 450w\" sizes=\"auto, (max-width: 150px) 100vw, 150px\" \/><\/a> <a href=\"https:\/\/i0.wp.com\/www.jojoenherbe.com\/wp-content\/uploads\/2019\/05\/hibou-en-papier-toilette-3.jpg\"><img data-recalc-dims=\"1\" loading=\"lazy\" decoding=\"async\" data-attachment-id=\"5835\" data-permalink=\"http:\/\/www.jojoenherbe.com\/index.php\/2019\/05\/03\/au-fil-des-pages-avec-un-peu-perdu\/hibou-en-papier-toilette-3\/\" data-orig-file=\"https:\/\/i0.wp.com\/www.jojoenherbe.com\/wp-content\/uploads\/2019\/05\/hibou-en-papier-toilette-3.jpg?fit=2624%2C2275\" data-orig-size=\"2624,2275\" data-comments-opened=\"1\" data-image-meta=\"{&quot;aperture&quot;:&quot;2.4&quot;,&quot;credit&quot;:&quot;&quot;,&quot;camera&quot;:&quot;iPhone 4S&quot;,&quot;caption&quot;:&quot;&quot;,&quot;created_timestamp&quot;:&quot;1556902167&quot;,&quot;copyright&quot;:&quot;&quot;,&quot;focal_length&quot;:&quot;4.28&quot;,&quot;iso&quot;:&quot;800&quot;,&quot;shutter_speed&quot;:&quot;0.066666666666667&quot;,&quot;title&quot;:&quot;&quot;,&quot;orientation&quot;:&quot;1&quot;}\" data-image-title=\"hibou en papier toilette 3\" data-image-description=\"\" data-image-caption=\"\" data-large-file=\"https:\/\/i0.wp.com\/www.jojoenherbe.com\/wp-content\/uploads\/2019\/05\/hibou-en-papier-toilette-3.jpg?fit=676%2C586\" class=\"size-thumbnail wp-image-5835 alignright\" src=\"https:\/\/i0.wp.com\/www.jojoenherbe.com\/wp-content\/uploads\/2019\/05\/hibou-en-papier-toilette-3.jpg?resize=150%2C150\" alt=\"\" width=\"150\" height=\"150\" srcset=\"https:\/\/i0.wp.com\/www.jojoenherbe.com\/wp-content\/uploads\/2019\/05\/hibou-en-papier-toilette-3.jpg?resize=150%2C150 150w, https:\/\/i0.wp.com\/www.jojoenherbe.com\/wp-content\/uploads\/2019\/05\/hibou-en-papier-toilette-3.jpg?zoom=2&amp;resize=150%2C150 300w, https:\/\/i0.wp.com\/www.jojoenherbe.com\/wp-content\/uploads\/2019\/05\/hibou-en-papier-toilette-3.jpg?zoom=3&amp;resize=150%2C150 450w\" sizes=\"auto, (max-width: 150px) 100vw, 150px\" \/><\/a>Pour prolonger la lecture, nous faisons un hibou en rouleau de papier toilette \u00e0 l&rsquo;image du B\u00e9b\u00e9 Chouette. Nous utilisons un rouleau que nous avions peint la semaine derni\u00e8re en noir. Puis apr\u00e8s avoir pli\u00e9 le haut du rouleau pour former les aigrettes du hibou, nous collons les yeux mobile et les diff\u00e9rents morceaux de papier cartonn\u00e9 pour les autres parties du corps: des ailes grises, le contour des yeux violet, un bec orange et quatre bandes bleues sur le corps repr\u00e9sentant des plumes.<\/em><\/p>\n<p style=\"text-align: justify;\"><em><a href=\"https:\/\/i0.wp.com\/www.jojoenherbe.com\/wp-content\/uploads\/2019\/05\/Cartes-plastifi%C3%A9es-Un-peu-perdu.jpg\"><img data-recalc-dims=\"1\" loading=\"lazy\" decoding=\"async\" data-attachment-id=\"7616\" data-permalink=\"http:\/\/www.jojoenherbe.com\/index.php\/2019\/05\/03\/au-fil-des-pages-avec-un-peu-perdu\/cartes-plastifiees-un-peu-perdu\/\" data-orig-file=\"https:\/\/i0.wp.com\/www.jojoenherbe.com\/wp-content\/uploads\/2019\/05\/Cartes-plastifi%C3%A9es-Un-peu-perdu.jpg?fit=2818%2C2194\" data-orig-size=\"2818,2194\" data-comments-opened=\"1\" data-image-meta=\"{&quot;aperture&quot;:&quot;2.4&quot;,&quot;credit&quot;:&quot;&quot;,&quot;camera&quot;:&quot;iPhone 4S&quot;,&quot;caption&quot;:&quot;&quot;,&quot;created_timestamp&quot;:&quot;1569335469&quot;,&quot;copyright&quot;:&quot;&quot;,&quot;focal_length&quot;:&quot;4.28&quot;,&quot;iso&quot;:&quot;200&quot;,&quot;shutter_speed&quot;:&quot;0.05&quot;,&quot;title&quot;:&quot;&quot;,&quot;orientation&quot;:&quot;1&quot;}\" data-image-title=\"Cartes plastifi\u00e9es &amp;#8211; Un peu perdu\" data-image-description=\"\" data-image-caption=\"\" data-large-file=\"https:\/\/i0.wp.com\/www.jojoenherbe.com\/wp-content\/uploads\/2019\/05\/Cartes-plastifi%C3%A9es-Un-peu-perdu.jpg?fit=676%2C526\" class=\"size-thumbnail wp-image-7616 alignleft\" src=\"https:\/\/i0.wp.com\/www.jojoenherbe.com\/wp-content\/uploads\/2019\/05\/Cartes-plastifi%C3%A9es-Un-peu-perdu.jpg?resize=150%2C150\" alt=\"\" width=\"150\" height=\"150\" srcset=\"https:\/\/i0.wp.com\/www.jojoenherbe.com\/wp-content\/uploads\/2019\/05\/Cartes-plastifi%C3%A9es-Un-peu-perdu.jpg?resize=150%2C150 150w, https:\/\/i0.wp.com\/www.jojoenherbe.com\/wp-content\/uploads\/2019\/05\/Cartes-plastifi%C3%A9es-Un-peu-perdu.jpg?zoom=2&amp;resize=150%2C150 300w, https:\/\/i0.wp.com\/www.jojoenherbe.com\/wp-content\/uploads\/2019\/05\/Cartes-plastifi%C3%A9es-Un-peu-perdu.jpg?zoom=3&amp;resize=150%2C150 450w\" sizes=\"auto, (max-width: 150px) 100vw, 150px\" \/><\/a> <a href=\"https:\/\/i0.wp.com\/www.jojoenherbe.com\/wp-content\/uploads\/2019\/05\/Puzzles-Un-peu-perdu.jpg\"><img data-recalc-dims=\"1\" loading=\"lazy\" decoding=\"async\" data-attachment-id=\"7618\" data-permalink=\"http:\/\/www.jojoenherbe.com\/index.php\/2019\/05\/03\/au-fil-des-pages-avec-un-peu-perdu\/puzzles-un-peu-perdu\/\" data-orig-file=\"https:\/\/i0.wp.com\/www.jojoenherbe.com\/wp-content\/uploads\/2019\/05\/Puzzles-Un-peu-perdu.jpg?fit=2918%2C2305\" data-orig-size=\"2918,2305\" data-comments-opened=\"1\" data-image-meta=\"{&quot;aperture&quot;:&quot;2.4&quot;,&quot;credit&quot;:&quot;&quot;,&quot;camera&quot;:&quot;iPhone 4S&quot;,&quot;caption&quot;:&quot;&quot;,&quot;created_timestamp&quot;:&quot;1569333466&quot;,&quot;copyright&quot;:&quot;&quot;,&quot;focal_length&quot;:&quot;4.28&quot;,&quot;iso&quot;:&quot;250&quot;,&quot;shutter_speed&quot;:&quot;0.05&quot;,&quot;title&quot;:&quot;&quot;,&quot;orientation&quot;:&quot;1&quot;}\" data-image-title=\"Puzzles &amp;#8211; Un peu perdu\" data-image-description=\"\" data-image-caption=\"\" data-large-file=\"https:\/\/i0.wp.com\/www.jojoenherbe.com\/wp-content\/uploads\/2019\/05\/Puzzles-Un-peu-perdu.jpg?fit=676%2C534\" class=\"wp-image-7618 size-thumbnail alignleft\" src=\"https:\/\/i0.wp.com\/www.jojoenherbe.com\/wp-content\/uploads\/2019\/05\/Puzzles-Un-peu-perdu.jpg?resize=150%2C150\" alt=\"\" width=\"150\" height=\"150\" srcset=\"https:\/\/i0.wp.com\/www.jojoenherbe.com\/wp-content\/uploads\/2019\/05\/Puzzles-Un-peu-perdu.jpg?resize=150%2C150 150w, https:\/\/i0.wp.com\/www.jojoenherbe.com\/wp-content\/uploads\/2019\/05\/Puzzles-Un-peu-perdu.jpg?zoom=2&amp;resize=150%2C150 300w, https:\/\/i0.wp.com\/www.jojoenherbe.com\/wp-content\/uploads\/2019\/05\/Puzzles-Un-peu-perdu.jpg?zoom=3&amp;resize=150%2C150 450w\" sizes=\"auto, (max-width: 150px) 100vw, 150px\" \/><\/a>Nous jouons \u00e9galement avec un imagier en cartes plastifi\u00e9es et dans lequel nous retrouvons les diff\u00e9rents animaux de l&rsquo;histoire: chouette, \u00e9cureuil, ours, lapin et grenouille. Nous faisons \u00e9galement des puzzles, un memory et des marottes de cet album jeunesse qui permet de d\u00e9dramatiser cette peur de la s\u00e9paration ou de l&rsquo;abandon, comme par exemple un premier jour chez la nounou ou \u00e0 la cr\u00e8che ou le jour de rentr\u00e9e \u00e0 l&rsquo;\u00e9cole maternelle.<br \/>\n<\/em><\/p>\n<p style=\"text-align: justify;\"><em>\u00c0 force de lire et relire cet album, j&rsquo;ai fini par l&rsquo;acheter et il a rejoint nos biblioth\u00e8ques. Coup de c\u0153ur pour cet album jeunesse!<\/em><\/p>\n<div id=\"attachment_33643\" style=\"width: 118px\" class=\"wp-caption aligncenter\"><img data-recalc-dims=\"1\" loading=\"lazy\" decoding=\"async\" aria-describedby=\"caption-attachment-33643\" class=\"wp-image-33643\" src=\"https:\/\/i0.wp.com\/delivrer-des-livres.fr\/wp-content\/uploads\/2019\/01\/petit-bac-2019.jpg?resize=108%2C82\" sizes=\"auto, (max-width: 200px) 100vw, 200px\" srcset=\"http:\/\/delivrer-des-livres.fr\/wp-content\/uploads\/2019\/01\/petit-bac-2019.jpg 285w, http:\/\/delivrer-des-livres.fr\/wp-content\/uploads\/2019\/01\/petit-bac-2019-150x114.jpg 150w\" alt=\"\" width=\"108\" height=\"82\" \/><p id=\"caption-attachment-33643\" class=\"wp-caption-text\"><a href=\"https:\/\/ennalit.wordpress.com\/2018\/12\/01\/challenge-petit-bac-2019-qui-veut-jouer\/\">Challenge Petit Bac d&rsquo;Enna<\/a> &#8211; #4 cat\u00e9gorie Adjectif: \u00ab\u00a0Perdu\u00a0\u00bb<\/p><\/div>\n","protected":false},"excerpt":{"rendered":"<p>De Chris Haughton, nous avions lu, un nombre incalculable de fois, Oh non George!. J&rsquo;avais rep\u00e9r\u00e9 que dans notre m\u00e9diath\u00e8que, nous pouvions emprunter Un peu perdu et Chut! On a un plan. Direction la m\u00e9diath\u00e8que et \u00e0 force de rechercher ces deux albums, je ne fais pas attention que j&#8217;emprunte deux fois Un peu perdu [&hellip;]<\/p>\n","protected":false},"author":1,"featured_media":5816,"comment_status":"open","ping_status":"open","sticky":false,"template":"","format":"standard","meta":{"jetpack_post_was_ever_published":false,"_jetpack_newsletter_access":"","_jetpack_dont_email_post_to_subs":false,"_jetpack_newsletter_tier_id":0,"_jetpack_memberships_contains_paywalled_content":false,"_jetpack_memberships_contains_paid_content":false,"footnotes":""},"categories":[363],"tags":[785,409,1349,327,1003,391,390,749,496,538,367,589,568,352,566,564,567],"class_list":["post-5807","post","type-post","status-publish","format-standard","has-post-thumbnail","hentry","category-mini-lecteur","tag-3-6-ans","tag-albums-jeunesse","tag-challenge-petit-bac-2019","tag-chouette","tag-chris-haughton","tag-ecureuil","tag-entraide","tag-exploitation-pedagogique","tag-hibou","tag-humour","tag-lecture-jeunesse","tag-livres-cartonnes","tag-mere","tag-papier-toilette","tag-peur-de-labandon","tag-separation","tag-tout-petit","post-preview"],"jetpack_featured_media_url":"https:\/\/i0.wp.com\/www.jojoenherbe.com\/wp-content\/uploads\/2019\/05\/Un-peu-perdu.jpg?fit=3134%2C2107","jetpack_sharing_enabled":true,"jetpack_shortlink":"https:\/\/wp.me\/p9zhGx-1vF","jetpack_likes_enabled":true,"jetpack-related-posts":[{"id":6600,"url":"http:\/\/www.jojoenherbe.com\/index.php\/2019\/07\/10\/au-fil-des-pages-avec-chut-on-a-un-plan\/","url_meta":{"origin":5807,"position":0},"title":"Au fil des pages avec Chut! On a un plan","author":"Jojo","date":"10 juillet 2019","format":false,"excerpt":"Apr\u00e8s Oh non, George! et Un peu perdu, nous lisons Chut! On a un plan de Chris Haughton (\u00e9d. Thierry Magnier, 2014), un album jeunesse dans sa forme grand format pouvant \u00eatre lu d\u00e8s 2 ou 3 ans. Nous suivons les p\u00e9rip\u00e9ties un brin gaffeuses de trois bonhommes qui tentent\u2026","rel":"","context":"Dans &quot;Mini lecteur&quot;","block_context":{"text":"Mini lecteur","link":"http:\/\/www.jojoenherbe.com\/index.php\/category\/mini-lecteur\/"},"img":{"alt_text":"","src":"https:\/\/i0.wp.com\/www.jojoenherbe.com\/wp-content\/uploads\/2019\/07\/Chut-on-a-un-plan.jpg?fit=1200%2C1069&resize=350%2C200","width":350,"height":200,"srcset":"https:\/\/i0.wp.com\/www.jojoenherbe.com\/wp-content\/uploads\/2019\/07\/Chut-on-a-un-plan.jpg?fit=1200%2C1069&resize=350%2C200 1x, https:\/\/i0.wp.com\/www.jojoenherbe.com\/wp-content\/uploads\/2019\/07\/Chut-on-a-un-plan.jpg?fit=1200%2C1069&resize=525%2C300 1.5x, https:\/\/i0.wp.com\/www.jojoenherbe.com\/wp-content\/uploads\/2019\/07\/Chut-on-a-un-plan.jpg?fit=1200%2C1069&resize=700%2C400 2x, https:\/\/i0.wp.com\/www.jojoenherbe.com\/wp-content\/uploads\/2019\/07\/Chut-on-a-un-plan.jpg?fit=1200%2C1069&resize=1050%2C600 3x"},"classes":[]},{"id":5824,"url":"http:\/\/www.jojoenherbe.com\/index.php\/2019\/07\/02\/au-fil-des-pages-avec-oh-non-george\/","url_meta":{"origin":5807,"position":1},"title":"Au fil des pages avec Oh non, George","author":"Jojo","date":"2 juillet 2019","format":false,"excerpt":"Nous lisons et relisons Oh non, George! de Chris Haughton (\u00e9d. Magnard, coll. Que d'histoires!, 2016), un album jeunesse \u00e0 partir de 2 ans. Apr\u00e8s le d\u00e9part d'Harry de la maison, le chien George ne peut r\u00e9sister \u00e0 commettre des b\u00eatises alors qu'il avait promis d'\u00eatre sage. Entre la g\u00e2teau,\u2026","rel":"","context":"Dans &quot;Mini lecteur&quot;","block_context":{"text":"Mini lecteur","link":"http:\/\/www.jojoenherbe.com\/index.php\/category\/mini-lecteur\/"},"img":{"alt_text":"","src":"https:\/\/i0.wp.com\/www.jojoenherbe.com\/wp-content\/uploads\/2019\/05\/Oh-non-George.jpg?fit=1200%2C1170&resize=350%2C200","width":350,"height":200,"srcset":"https:\/\/i0.wp.com\/www.jojoenherbe.com\/wp-content\/uploads\/2019\/05\/Oh-non-George.jpg?fit=1200%2C1170&resize=350%2C200 1x, https:\/\/i0.wp.com\/www.jojoenherbe.com\/wp-content\/uploads\/2019\/05\/Oh-non-George.jpg?fit=1200%2C1170&resize=525%2C300 1.5x, https:\/\/i0.wp.com\/www.jojoenherbe.com\/wp-content\/uploads\/2019\/05\/Oh-non-George.jpg?fit=1200%2C1170&resize=700%2C400 2x, https:\/\/i0.wp.com\/www.jojoenherbe.com\/wp-content\/uploads\/2019\/05\/Oh-non-George.jpg?fit=1200%2C1170&resize=1050%2C600 3x"},"classes":[]},{"id":11638,"url":"http:\/\/www.jojoenherbe.com\/index.php\/2020\/07\/26\/au-fil-des-pages-avec-pas-de-panique-petit-crabe\/","url_meta":{"origin":5807,"position":2},"title":"Au fil des pages avec Pas de panique, petit crabe","author":"Jojo","date":"26 juillet 2020","format":false,"excerpt":"Nous empruntons \u00e0 la m\u00e9diath\u00e8que Pas de panique, petit crabe de Chris Haughton (\u00e9d. Thierry Magnier, 2019), un album jeunesse \u00e0 partir de 3 ans et qui fera partie de la s\u00e9lection Maternelle du 33e Prix des Incos en 2022. Il s'agit du dernier album publi\u00e9 \u00e0 ce jour par\u2026","rel":"","context":"Dans &quot;Mini lecteur&quot;","block_context":{"text":"Mini lecteur","link":"http:\/\/www.jojoenherbe.com\/index.php\/category\/mini-lecteur\/"},"img":{"alt_text":"","src":"https:\/\/i0.wp.com\/www.jojoenherbe.com\/wp-content\/uploads\/2020\/07\/Pas-de-panique-petit-crabe-scaled.jpg?fit=1200%2C851&resize=350%2C200","width":350,"height":200,"srcset":"https:\/\/i0.wp.com\/www.jojoenherbe.com\/wp-content\/uploads\/2020\/07\/Pas-de-panique-petit-crabe-scaled.jpg?fit=1200%2C851&resize=350%2C200 1x, https:\/\/i0.wp.com\/www.jojoenherbe.com\/wp-content\/uploads\/2020\/07\/Pas-de-panique-petit-crabe-scaled.jpg?fit=1200%2C851&resize=525%2C300 1.5x, https:\/\/i0.wp.com\/www.jojoenherbe.com\/wp-content\/uploads\/2020\/07\/Pas-de-panique-petit-crabe-scaled.jpg?fit=1200%2C851&resize=700%2C400 2x, https:\/\/i0.wp.com\/www.jojoenherbe.com\/wp-content\/uploads\/2020\/07\/Pas-de-panique-petit-crabe-scaled.jpg?fit=1200%2C851&resize=1050%2C600 3x"},"classes":[]},{"id":11175,"url":"http:\/\/www.jojoenherbe.com\/index.php\/2020\/06\/12\/rat-du-mois-anglais-2020\/","url_meta":{"origin":5807,"position":3},"title":"RAT du Mois Anglais 2020","author":"Jojo","date":"12 juin 2020","format":false,"excerpt":"Ce jour, 12 juin 2020 commence le RAT du Mois Anglais qui est pr\u00e9vu jusqu'au 14 juin 2020 minuit. Encore un bon moment de lecture partag\u00e9e tout ce week-end mais pas que! Dans ma PAL, il y a surtout des relectures mais de livres que j'ai lus il y a\u2026","rel":"","context":"Dans &quot;Mini challenger&quot;","block_context":{"text":"Mini challenger","link":"http:\/\/www.jojoenherbe.com\/index.php\/category\/mini-challenger\/"},"img":{"alt_text":"","src":"https:\/\/i0.wp.com\/www.jojoenherbe.com\/wp-content\/uploads\/2020\/06\/PAL-du-RAT-Mois-Anglais-scaled.jpg?fit=1200%2C1140&resize=350%2C200","width":350,"height":200,"srcset":"https:\/\/i0.wp.com\/www.jojoenherbe.com\/wp-content\/uploads\/2020\/06\/PAL-du-RAT-Mois-Anglais-scaled.jpg?fit=1200%2C1140&resize=350%2C200 1x, https:\/\/i0.wp.com\/www.jojoenherbe.com\/wp-content\/uploads\/2020\/06\/PAL-du-RAT-Mois-Anglais-scaled.jpg?fit=1200%2C1140&resize=525%2C300 1.5x, https:\/\/i0.wp.com\/www.jojoenherbe.com\/wp-content\/uploads\/2020\/06\/PAL-du-RAT-Mois-Anglais-scaled.jpg?fit=1200%2C1140&resize=700%2C400 2x, https:\/\/i0.wp.com\/www.jojoenherbe.com\/wp-content\/uploads\/2020\/06\/PAL-du-RAT-Mois-Anglais-scaled.jpg?fit=1200%2C1140&resize=1050%2C600 3x"},"classes":[]},{"id":5868,"url":"http:\/\/www.jojoenherbe.com\/index.php\/2019\/05\/08\/au-fil-des-pages-avec-les-oiseaux-dantoon-krings\/","url_meta":{"origin":5807,"position":4},"title":"Au fil des pages avec les oiseaux d&rsquo;Antoon Krings","author":"Jojo","date":"8 mai 2019","format":false,"excerpt":"Voici deux nouveaux albums jeunesse d\u00e9nich\u00e9s dans un Range ta chambre ce week-end et qui vont rejoindre nos moments lecture. Ce sont deux histoires d'Antoon Krings qui mettent \u00e0 l'honneur les oiseaux familiers de nos jardins, en particulier le rouge-gorge et la m\u00e9sange bleue. Nous pourrions m\u00eame dire que ces\u2026","rel":"","context":"Dans &quot;Mini lecteur&quot;","block_context":{"text":"Mini lecteur","link":"http:\/\/www.jojoenherbe.com\/index.php\/category\/mini-lecteur\/"},"img":{"alt_text":"","src":"https:\/\/i0.wp.com\/www.jojoenherbe.com\/wp-content\/uploads\/2019\/05\/Georges-et-Solange-Antoon-Krings.jpg?fit=1200%2C742&resize=350%2C200","width":350,"height":200,"srcset":"https:\/\/i0.wp.com\/www.jojoenherbe.com\/wp-content\/uploads\/2019\/05\/Georges-et-Solange-Antoon-Krings.jpg?fit=1200%2C742&resize=350%2C200 1x, https:\/\/i0.wp.com\/www.jojoenherbe.com\/wp-content\/uploads\/2019\/05\/Georges-et-Solange-Antoon-Krings.jpg?fit=1200%2C742&resize=525%2C300 1.5x, https:\/\/i0.wp.com\/www.jojoenherbe.com\/wp-content\/uploads\/2019\/05\/Georges-et-Solange-Antoon-Krings.jpg?fit=1200%2C742&resize=700%2C400 2x, https:\/\/i0.wp.com\/www.jojoenherbe.com\/wp-content\/uploads\/2019\/05\/Georges-et-Solange-Antoon-Krings.jpg?fit=1200%2C742&resize=1050%2C600 3x"},"classes":[]},{"id":25607,"url":"http:\/\/www.jojoenherbe.com\/index.php\/2022\/05\/25\/nos-lectures-de-la-selection-maternelle-du-prix-des-incos-2022\/","url_meta":{"origin":5807,"position":5},"title":"Nos lectures de la s\u00e9lection Maternelle du Prix des Incos 2022","author":"Jojo","date":"25 mai 2022","format":false,"excerpt":"Lorsque la s\u00e9lection Maternelle du 33\u00e8me Prix des Incos 2021\/2022 est parue, nous avons d\u00e9couvert avec plaisir que nous connaissions d\u00e9j\u00e0 4 albums jeunesse sur les 6 s\u00e9lectionn\u00e9s. La grande glissade de l\u2019ours de Richard T. Morris et LeUyen Pham (\u00e9d. Albin Michel Jeunesse, 2020), un album jeunesse \u00e0 partir\u2026","rel":"","context":"Dans &quot;Mini lecteur&quot;","block_context":{"text":"Mini lecteur","link":"http:\/\/www.jojoenherbe.com\/index.php\/category\/mini-lecteur\/"},"img":{"alt_text":"","src":"https:\/\/i0.wp.com\/www.jojoenherbe.com\/wp-content\/uploads\/2022\/05\/Selection-Maternelle-Prix-des-Incos-2022-scaled.jpg?fit=1200%2C951&resize=350%2C200","width":350,"height":200,"srcset":"https:\/\/i0.wp.com\/www.jojoenherbe.com\/wp-content\/uploads\/2022\/05\/Selection-Maternelle-Prix-des-Incos-2022-scaled.jpg?fit=1200%2C951&resize=350%2C200 1x, https:\/\/i0.wp.com\/www.jojoenherbe.com\/wp-content\/uploads\/2022\/05\/Selection-Maternelle-Prix-des-Incos-2022-scaled.jpg?fit=1200%2C951&resize=525%2C300 1.5x, https:\/\/i0.wp.com\/www.jojoenherbe.com\/wp-content\/uploads\/2022\/05\/Selection-Maternelle-Prix-des-Incos-2022-scaled.jpg?fit=1200%2C951&resize=700%2C400 2x, https:\/\/i0.wp.com\/www.jojoenherbe.com\/wp-content\/uploads\/2022\/05\/Selection-Maternelle-Prix-des-Incos-2022-scaled.jpg?fit=1200%2C951&resize=1050%2C600 3x"},"classes":[]}],"_links":{"self":[{"href":"http:\/\/www.jojoenherbe.com\/index.php\/wp-json\/wp\/v2\/posts\/5807","targetHints":{"allow":["GET"]}}],"collection":[{"href":"http:\/\/www.jojoenherbe.com\/index.php\/wp-json\/wp\/v2\/posts"}],"about":[{"href":"http:\/\/www.jojoenherbe.com\/index.php\/wp-json\/wp\/v2\/types\/post"}],"author":[{"embeddable":true,"href":"http:\/\/www.jojoenherbe.com\/index.php\/wp-json\/wp\/v2\/users\/1"}],"replies":[{"embeddable":true,"href":"http:\/\/www.jojoenherbe.com\/index.php\/wp-json\/wp\/v2\/comments?post=5807"}],"version-history":[{"count":2,"href":"http:\/\/www.jojoenherbe.com\/index.php\/wp-json\/wp\/v2\/posts\/5807\/revisions"}],"predecessor-version":[{"id":27332,"href":"http:\/\/www.jojoenherbe.com\/index.php\/wp-json\/wp\/v2\/posts\/5807\/revisions\/27332"}],"wp:featuredmedia":[{"embeddable":true,"href":"http:\/\/www.jojoenherbe.com\/index.php\/wp-json\/wp\/v2\/media\/5816"}],"wp:attachment":[{"href":"http:\/\/www.jojoenherbe.com\/index.php\/wp-json\/wp\/v2\/media?parent=5807"}],"wp:term":[{"taxonomy":"category","embeddable":true,"href":"http:\/\/www.jojoenherbe.com\/index.php\/wp-json\/wp\/v2\/categories?post=5807"},{"taxonomy":"post_tag","embeddable":true,"href":"http:\/\/www.jojoenherbe.com\/index.php\/wp-json\/wp\/v2\/tags?post=5807"}],"curies":[{"name":"wp","href":"https:\/\/api.w.org\/{rel}","templated":true}]}}