{"id":5658,"date":"2019-04-24T15:21:16","date_gmt":"2019-04-24T13:21:16","guid":{"rendered":"http:\/\/www.jojoenherbe.com\/?p=5658"},"modified":"2019-04-26T14:09:40","modified_gmt":"2019-04-26T12:09:40","slug":"une-roue-de-la-semaine-printaniere","status":"publish","type":"post","link":"http:\/\/www.jojoenherbe.com\/index.php\/2019\/04\/24\/une-roue-de-la-semaine-printaniere\/","title":{"rendered":"Une roue de la semaine printani\u00e8re"},"content":{"rendered":"<p style=\"text-align: justify;\"><em><a href=\"https:\/\/i0.wp.com\/www.jojoenherbe.com\/wp-content\/uploads\/2019\/04\/oiseaux-en-pompons-2.jpg\"><img data-recalc-dims=\"1\" loading=\"lazy\" decoding=\"async\" data-attachment-id=\"5663\" data-permalink=\"http:\/\/www.jojoenherbe.com\/index.php\/2019\/04\/24\/une-roue-de-la-semaine-printaniere\/oiseaux-en-pompons-2\/\" data-orig-file=\"https:\/\/i0.wp.com\/www.jojoenherbe.com\/wp-content\/uploads\/2019\/04\/oiseaux-en-pompons-2.jpg?fit=3264%2C2448\" data-orig-size=\"3264,2448\" data-comments-opened=\"1\" data-image-meta=\"{&quot;aperture&quot;:&quot;2.4&quot;,&quot;credit&quot;:&quot;&quot;,&quot;camera&quot;:&quot;iPhone 4S&quot;,&quot;caption&quot;:&quot;&quot;,&quot;created_timestamp&quot;:&quot;1556036603&quot;,&quot;copyright&quot;:&quot;&quot;,&quot;focal_length&quot;:&quot;4.28&quot;,&quot;iso&quot;:&quot;200&quot;,&quot;shutter_speed&quot;:&quot;0.05&quot;,&quot;title&quot;:&quot;&quot;,&quot;orientation&quot;:&quot;1&quot;}\" data-image-title=\"oiseaux en pompons 2\" data-image-description=\"\" data-image-caption=\"\" data-large-file=\"https:\/\/i0.wp.com\/www.jojoenherbe.com\/wp-content\/uploads\/2019\/04\/oiseaux-en-pompons-2.jpg?fit=676%2C507\" class=\"alignleft size-thumbnail wp-image-5663\" src=\"https:\/\/i0.wp.com\/www.jojoenherbe.com\/wp-content\/uploads\/2019\/04\/oiseaux-en-pompons-2.jpg?resize=150%2C150\" alt=\"\" width=\"150\" height=\"150\" srcset=\"https:\/\/i0.wp.com\/www.jojoenherbe.com\/wp-content\/uploads\/2019\/04\/oiseaux-en-pompons-2.jpg?resize=150%2C150 150w, https:\/\/i0.wp.com\/www.jojoenherbe.com\/wp-content\/uploads\/2019\/04\/oiseaux-en-pompons-2.jpg?zoom=2&amp;resize=150%2C150 300w, https:\/\/i0.wp.com\/www.jojoenherbe.com\/wp-content\/uploads\/2019\/04\/oiseaux-en-pompons-2.jpg?zoom=3&amp;resize=150%2C150 450w\" sizes=\"auto, (max-width: 150px) 100vw, 150px\" \/><\/a><a href=\"https:\/\/i0.wp.com\/www.jojoenherbe.com\/wp-content\/uploads\/2019\/04\/roue-de-la-semaine-printemps-2-1.jpg\"><img data-recalc-dims=\"1\" loading=\"lazy\" decoding=\"async\" data-attachment-id=\"5688\" data-permalink=\"http:\/\/www.jojoenherbe.com\/index.php\/2019\/04\/24\/une-roue-de-la-semaine-printaniere\/roue-de-la-semaine-printemps-2-2\/\" data-orig-file=\"https:\/\/i0.wp.com\/www.jojoenherbe.com\/wp-content\/uploads\/2019\/04\/roue-de-la-semaine-printemps-2-1.jpg?fit=3264%2C2448\" data-orig-size=\"3264,2448\" data-comments-opened=\"1\" data-image-meta=\"{&quot;aperture&quot;:&quot;2.4&quot;,&quot;credit&quot;:&quot;&quot;,&quot;camera&quot;:&quot;iPhone 4S&quot;,&quot;caption&quot;:&quot;&quot;,&quot;created_timestamp&quot;:&quot;1556213390&quot;,&quot;copyright&quot;:&quot;&quot;,&quot;focal_length&quot;:&quot;4.28&quot;,&quot;iso&quot;:&quot;64&quot;,&quot;shutter_speed&quot;:&quot;0.016666666666667&quot;,&quot;title&quot;:&quot;&quot;,&quot;orientation&quot;:&quot;1&quot;}\" data-image-title=\"roue de la semaine &amp;#8211; printemps 2\" data-image-description=\"\" data-image-caption=\"\" data-large-file=\"https:\/\/i0.wp.com\/www.jojoenherbe.com\/wp-content\/uploads\/2019\/04\/roue-de-la-semaine-printemps-2-1.jpg?fit=676%2C507\" class=\"alignleft size-thumbnail wp-image-5688\" src=\"https:\/\/i0.wp.com\/www.jojoenherbe.com\/wp-content\/uploads\/2019\/04\/roue-de-la-semaine-printemps-2-1.jpg?resize=150%2C150\" alt=\"\" width=\"150\" height=\"150\" srcset=\"https:\/\/i0.wp.com\/www.jojoenherbe.com\/wp-content\/uploads\/2019\/04\/roue-de-la-semaine-printemps-2-1.jpg?resize=150%2C150 150w, https:\/\/i0.wp.com\/www.jojoenherbe.com\/wp-content\/uploads\/2019\/04\/roue-de-la-semaine-printemps-2-1.jpg?zoom=2&amp;resize=150%2C150 300w, https:\/\/i0.wp.com\/www.jojoenherbe.com\/wp-content\/uploads\/2019\/04\/roue-de-la-semaine-printemps-2-1.jpg?zoom=3&amp;resize=150%2C150 450w\" sizes=\"auto, (max-width: 150px) 100vw, 150px\" \/><\/a>Avec un peu de retard, je fais une nouvelle roue de la semaine qui va remplacer <a href=\"http:\/\/www.jojoenherbe.com\/index.php\/2019\/01\/18\/une-roue-de-la-semaine-et-un-peu-plus\/\">celle faite cet hiver<\/a>. Le printemps est, en effet, bien avanc\u00e9, malgr\u00e9 la pluie de ces derniers jours (ah avril et ses giboul\u00e9es!). L&rsquo;id\u00e9e m&rsquo;est venue apr\u00e8s que nous ayons pass\u00e9 la matin\u00e9e \u00e0 fabriquer des oiseaux en pompon. Pour faire ces oiseaux, nous reprenons le m\u00eame principe que pour nos <a href=\"http:\/\/www.jojoenherbe.com\/index.php\/2019\/04\/23\/des-poussins-sortant-de-leur-coquille\/\">poussins de P\u00e2ques<\/a>: nous collons sur des pompons des yeux mobiles et morceaux de feutrine pour les pattes et les becs. Puis nous installons ces oiseaux sur des balan\u00e7oires fabriqu\u00e9es avec de petits morceaux de bois ramass\u00e9s lors de balades et de la laine marron.<br \/>\n<\/em><\/p>\n<p style=\"text-align: justify;\"><em> <a href=\"https:\/\/i0.wp.com\/www.jojoenherbe.com\/wp-content\/uploads\/2019\/04\/roue-de-la-semaine-printemps-2.jpg\"><img data-recalc-dims=\"1\" loading=\"lazy\" decoding=\"async\" data-attachment-id=\"5664\" data-permalink=\"http:\/\/www.jojoenherbe.com\/index.php\/2019\/04\/24\/une-roue-de-la-semaine-printaniere\/roue-de-la-semaine-printemps-2\/\" data-orig-file=\"https:\/\/i0.wp.com\/www.jojoenherbe.com\/wp-content\/uploads\/2019\/04\/roue-de-la-semaine-printemps-2.jpg?fit=3264%2C1990\" data-orig-size=\"3264,1990\" data-comments-opened=\"1\" data-image-meta=\"{&quot;aperture&quot;:&quot;2.4&quot;,&quot;credit&quot;:&quot;&quot;,&quot;camera&quot;:&quot;iPhone 4S&quot;,&quot;caption&quot;:&quot;&quot;,&quot;created_timestamp&quot;:&quot;1556042953&quot;,&quot;copyright&quot;:&quot;&quot;,&quot;focal_length&quot;:&quot;4.28&quot;,&quot;iso&quot;:&quot;250&quot;,&quot;shutter_speed&quot;:&quot;0.05&quot;,&quot;title&quot;:&quot;&quot;,&quot;orientation&quot;:&quot;1&quot;}\" data-image-title=\"roue de la semaine &amp;#8211; printemps 2\" data-image-description=\"\" data-image-caption=\"\" data-large-file=\"https:\/\/i0.wp.com\/www.jojoenherbe.com\/wp-content\/uploads\/2019\/04\/roue-de-la-semaine-printemps-2.jpg?fit=676%2C412\" class=\"size-thumbnail wp-image-5664 alignright\" src=\"https:\/\/i0.wp.com\/www.jojoenherbe.com\/wp-content\/uploads\/2019\/04\/roue-de-la-semaine-printemps-2.jpg?resize=150%2C150\" alt=\"\" width=\"150\" height=\"150\" srcset=\"https:\/\/i0.wp.com\/www.jojoenherbe.com\/wp-content\/uploads\/2019\/04\/roue-de-la-semaine-printemps-2.jpg?resize=150%2C150 150w, https:\/\/i0.wp.com\/www.jojoenherbe.com\/wp-content\/uploads\/2019\/04\/roue-de-la-semaine-printemps-2.jpg?zoom=2&amp;resize=150%2C150 300w, https:\/\/i0.wp.com\/www.jojoenherbe.com\/wp-content\/uploads\/2019\/04\/roue-de-la-semaine-printemps-2.jpg?zoom=3&amp;resize=150%2C150 450w\" sizes=\"auto, (max-width: 150px) 100vw, 150px\" \/><\/a><a href=\"https:\/\/i0.wp.com\/www.jojoenherbe.com\/wp-content\/uploads\/2019\/04\/roue-de-la-semaine-printemps-1.jpg\"><img data-recalc-dims=\"1\" loading=\"lazy\" decoding=\"async\" data-attachment-id=\"5679\" data-permalink=\"http:\/\/www.jojoenherbe.com\/index.php\/2019\/04\/24\/une-roue-de-la-semaine-printaniere\/roue-de-la-semaine-printemps-3\/\" data-orig-file=\"https:\/\/i0.wp.com\/www.jojoenherbe.com\/wp-content\/uploads\/2019\/04\/roue-de-la-semaine-printemps-1.jpg?fit=3264%2C1980\" data-orig-size=\"3264,1980\" data-comments-opened=\"1\" data-image-meta=\"{&quot;aperture&quot;:&quot;2.4&quot;,&quot;credit&quot;:&quot;&quot;,&quot;camera&quot;:&quot;iPhone 4S&quot;,&quot;caption&quot;:&quot;&quot;,&quot;created_timestamp&quot;:&quot;1556213383&quot;,&quot;copyright&quot;:&quot;&quot;,&quot;focal_length&quot;:&quot;4.28&quot;,&quot;iso&quot;:&quot;50&quot;,&quot;shutter_speed&quot;:&quot;0.025&quot;,&quot;title&quot;:&quot;&quot;,&quot;orientation&quot;:&quot;1&quot;}\" data-image-title=\"roue de la semaine &amp;#8211; printemps\" data-image-description=\"\" data-image-caption=\"\" data-large-file=\"https:\/\/i0.wp.com\/www.jojoenherbe.com\/wp-content\/uploads\/2019\/04\/roue-de-la-semaine-printemps-1.jpg?fit=676%2C410\" class=\"size-thumbnail wp-image-5679 alignright\" src=\"https:\/\/i0.wp.com\/www.jojoenherbe.com\/wp-content\/uploads\/2019\/04\/roue-de-la-semaine-printemps-1.jpg?resize=150%2C150\" alt=\"\" width=\"150\" height=\"150\" srcset=\"https:\/\/i0.wp.com\/www.jojoenherbe.com\/wp-content\/uploads\/2019\/04\/roue-de-la-semaine-printemps-1.jpg?resize=150%2C150 150w, https:\/\/i0.wp.com\/www.jojoenherbe.com\/wp-content\/uploads\/2019\/04\/roue-de-la-semaine-printemps-1.jpg?zoom=2&amp;resize=150%2C150 300w, https:\/\/i0.wp.com\/www.jojoenherbe.com\/wp-content\/uploads\/2019\/04\/roue-de-la-semaine-printemps-1.jpg?zoom=3&amp;resize=150%2C150 450w\" sizes=\"auto, (max-width: 150px) 100vw, 150px\" \/><\/a>Pour terminer la roue, j&rsquo;imprime des images de P&rsquo;tit Loup (le personnage\u00a0 cr\u00e9\u00e9 par <a href=\"https:\/\/oriannelallemand.wordpress.com\/\">Orianne Lallemand<\/a> et \u00c9l\u00e9onore Thuillier, \u00e9d. Auzou) r\u00e9cup\u00e9r\u00e9es sur internet: ceux des mois de l&rsquo;ann\u00e9e sur le blog de <a href=\"http:\/\/jt44.free.fr\/jkl\/l.htm\">La maternelle de Moustache<\/a> et ceux des saisons sur le blog de <a href=\"http:\/\/maitresse-myriam.eklablog.com\/calendrier-lineaire-loup-mis-a-jour-a118213024\">Ma\u00eetresse Myriam<\/a>. Je les colle sur la feuille blanche pr\u00e9alablement coll\u00e9e sur une feuille cartonn\u00e9e verte. Il ne reste plus qu&rsquo;\u00e0 tourner la roue sur le bon jour de la semaine!<br \/>\n<\/em><\/p>\n","protected":false},"excerpt":{"rendered":"<p>Avec un peu de retard, je fais une nouvelle roue de la semaine qui va remplacer celle faite cet hiver. Le printemps est, en effet, bien avanc\u00e9, malgr\u00e9 la pluie de ces derniers jours (ah avril et ses giboul\u00e9es!). L&rsquo;id\u00e9e m&rsquo;est venue apr\u00e8s que nous ayons pass\u00e9 la matin\u00e9e \u00e0 fabriquer des oiseaux en pompon. [&hellip;]<\/p>\n","protected":false},"author":1,"featured_media":5665,"comment_status":"open","ping_status":"open","sticky":false,"template":"","format":"standard","meta":{"jetpack_post_was_ever_published":false,"_jetpack_newsletter_access":"","_jetpack_dont_email_post_to_subs":false,"_jetpack_newsletter_tier_id":0,"_jetpack_memberships_contains_paywalled_content":false,"_jetpack_memberships_contains_paid_content":false,"footnotes":""},"categories":[17],"tags":[20,377,549,209,107,378,375,372,379,374,393,236,207,371,373],"class_list":["post-5658","post","type-post","status-publish","format-standard","has-post-thumbnail","hentry","category-mini-joueur","tag-activites-pour-les-enfants","tag-apprentissage","tag-balancoire","tag-diy","tag-feutrine","tag-jeux-educatifs","tag-jours","tag-jours-de-la-semaine","tag-maternelle","tag-mois","tag-oiseau","tag-pompons","tag-printemps","tag-roues","tag-saisons","post-preview"],"jetpack_featured_media_url":"https:\/\/i0.wp.com\/www.jojoenherbe.com\/wp-content\/uploads\/2019\/04\/roue-de-la-semaine-printemps.jpg?fit=3264%2C2060","jetpack_sharing_enabled":true,"jetpack_shortlink":"https:\/\/wp.me\/p9zhGx-1tg","jetpack_likes_enabled":true,"jetpack-related-posts":[{"id":4328,"url":"http:\/\/www.jojoenherbe.com\/index.php\/2019\/01\/18\/une-roue-de-la-semaine-et-un-peu-plus\/","url_meta":{"origin":5658,"position":0},"title":"Une roue de la semaine et un peu plus","author":"Jojo","date":"18 janvier 2019","format":false,"excerpt":"Pour se rep\u00e9rer un peu mieux dans le temps, nous faisons une roue de la semaine. Je commence par la partie rectangulaire \"hier, aujourd'hui, demain\". Puis je trace un cercle que je divise en sept parties, une partie pour chaque jour de la semaine. Je d\u00e9coupe ensuite la feuille rectangulaire\u2026","rel":"","context":"Dans &quot;Mini joueur&quot;","block_context":{"text":"Mini joueur","link":"http:\/\/www.jojoenherbe.com\/index.php\/category\/mini-decouvreur\/mini-joueur\/"},"img":{"alt_text":"","src":"https:\/\/i0.wp.com\/www.jojoenherbe.com\/wp-content\/uploads\/2019\/01\/roue-de-la-semaine-4.jpg?fit=1200%2C878&resize=350%2C200","width":350,"height":200,"srcset":"https:\/\/i0.wp.com\/www.jojoenherbe.com\/wp-content\/uploads\/2019\/01\/roue-de-la-semaine-4.jpg?fit=1200%2C878&resize=350%2C200 1x, https:\/\/i0.wp.com\/www.jojoenherbe.com\/wp-content\/uploads\/2019\/01\/roue-de-la-semaine-4.jpg?fit=1200%2C878&resize=525%2C300 1.5x, https:\/\/i0.wp.com\/www.jojoenherbe.com\/wp-content\/uploads\/2019\/01\/roue-de-la-semaine-4.jpg?fit=1200%2C878&resize=700%2C400 2x, https:\/\/i0.wp.com\/www.jojoenherbe.com\/wp-content\/uploads\/2019\/01\/roue-de-la-semaine-4.jpg?fit=1200%2C878&resize=1050%2C600 3x"},"classes":[]},{"id":5690,"url":"http:\/\/www.jojoenherbe.com\/index.php\/2019\/04\/26\/des-oiseaux-en-pompon-de-toutes-les-couleurs\/","url_meta":{"origin":5658,"position":1},"title":"Des oiseaux en pompon de toutes les couleurs","author":"Jojo","date":"26 avril 2019","format":false,"excerpt":"Apr\u00e8s un tel succ\u00e8s pour notre activit\u00e9 d'oiseaux en pompon, nous en faisons \u00e0 nouveau le lendemain. Pour les r\u00e9aliser, rien de plus simple: prendre des pompons et des morceaux de feutrine de toutes les couleurs ainsi que des yeux mobiles et se munir de ciseaux et de colle. Nous\u2026","rel":"","context":"Dans &quot;Mini joueur&quot;","block_context":{"text":"Mini joueur","link":"http:\/\/www.jojoenherbe.com\/index.php\/category\/mini-decouvreur\/mini-joueur\/"},"img":{"alt_text":"","src":"https:\/\/i0.wp.com\/www.jojoenherbe.com\/wp-content\/uploads\/2019\/04\/oiseaux-en-pompon-7.jpg?fit=1200%2C1019&resize=350%2C200","width":350,"height":200,"srcset":"https:\/\/i0.wp.com\/www.jojoenherbe.com\/wp-content\/uploads\/2019\/04\/oiseaux-en-pompon-7.jpg?fit=1200%2C1019&resize=350%2C200 1x, https:\/\/i0.wp.com\/www.jojoenherbe.com\/wp-content\/uploads\/2019\/04\/oiseaux-en-pompon-7.jpg?fit=1200%2C1019&resize=525%2C300 1.5x, https:\/\/i0.wp.com\/www.jojoenherbe.com\/wp-content\/uploads\/2019\/04\/oiseaux-en-pompon-7.jpg?fit=1200%2C1019&resize=700%2C400 2x, https:\/\/i0.wp.com\/www.jojoenherbe.com\/wp-content\/uploads\/2019\/04\/oiseaux-en-pompon-7.jpg?fit=1200%2C1019&resize=1050%2C600 3x"},"classes":[]},{"id":5868,"url":"http:\/\/www.jojoenherbe.com\/index.php\/2019\/05\/08\/au-fil-des-pages-avec-les-oiseaux-dantoon-krings\/","url_meta":{"origin":5658,"position":2},"title":"Au fil des pages avec les oiseaux d&rsquo;Antoon Krings","author":"Jojo","date":"8 mai 2019","format":false,"excerpt":"Voici deux nouveaux albums jeunesse d\u00e9nich\u00e9s dans un Range ta chambre ce week-end et qui vont rejoindre nos moments lecture. Ce sont deux histoires d'Antoon Krings qui mettent \u00e0 l'honneur les oiseaux familiers de nos jardins, en particulier le rouge-gorge et la m\u00e9sange bleue. Nous pourrions m\u00eame dire que ces\u2026","rel":"","context":"Dans &quot;Mini lecteur&quot;","block_context":{"text":"Mini lecteur","link":"http:\/\/www.jojoenherbe.com\/index.php\/category\/mini-lecteur\/"},"img":{"alt_text":"","src":"https:\/\/i0.wp.com\/www.jojoenherbe.com\/wp-content\/uploads\/2019\/05\/Georges-et-Solange-Antoon-Krings.jpg?fit=1200%2C742&resize=350%2C200","width":350,"height":200,"srcset":"https:\/\/i0.wp.com\/www.jojoenherbe.com\/wp-content\/uploads\/2019\/05\/Georges-et-Solange-Antoon-Krings.jpg?fit=1200%2C742&resize=350%2C200 1x, https:\/\/i0.wp.com\/www.jojoenherbe.com\/wp-content\/uploads\/2019\/05\/Georges-et-Solange-Antoon-Krings.jpg?fit=1200%2C742&resize=525%2C300 1.5x, https:\/\/i0.wp.com\/www.jojoenherbe.com\/wp-content\/uploads\/2019\/05\/Georges-et-Solange-Antoon-Krings.jpg?fit=1200%2C742&resize=700%2C400 2x, https:\/\/i0.wp.com\/www.jojoenherbe.com\/wp-content\/uploads\/2019\/05\/Georges-et-Solange-Antoon-Krings.jpg?fit=1200%2C742&resize=1050%2C600 3x"},"classes":[]},{"id":5085,"url":"http:\/\/www.jojoenherbe.com\/index.php\/2019\/03\/17\/tout-proche-du-printemps\/","url_meta":{"origin":5658,"position":3},"title":"Tout proche du printemps","author":"Jojo","date":"17 mars 2019","format":false,"excerpt":"Pour la semaine 11 du Projet 52-2019 de Du C\u00f4t\u00e9 de Chez Ma\u2019, le th\u00e8me est \"Proche\". A quelques jours du printemps, quoi de mieux que ces deux fleurs printani\u00e8res poussant l'une \u00e0 c\u00f4t\u00e9 de l'autre, si proches, le long du sentier de l\u2019\u00e9cluse \u00e0 P\u00e9gomas? Ce sentier permet de\u2026","rel":"","context":"Dans &quot;mini photographe&quot;","block_context":{"text":"mini photographe","link":"http:\/\/www.jojoenherbe.com\/index.php\/category\/mini-photographe\/"},"img":{"alt_text":"","src":"https:\/\/i0.wp.com\/www.jojoenherbe.com\/wp-content\/uploads\/2019\/03\/Sentier-de-lEcluse-P%C3%A9gomas.jpg?fit=1200%2C900&resize=350%2C200","width":350,"height":200,"srcset":"https:\/\/i0.wp.com\/www.jojoenherbe.com\/wp-content\/uploads\/2019\/03\/Sentier-de-lEcluse-P%C3%A9gomas.jpg?fit=1200%2C900&resize=350%2C200 1x, https:\/\/i0.wp.com\/www.jojoenherbe.com\/wp-content\/uploads\/2019\/03\/Sentier-de-lEcluse-P%C3%A9gomas.jpg?fit=1200%2C900&resize=525%2C300 1.5x, https:\/\/i0.wp.com\/www.jojoenherbe.com\/wp-content\/uploads\/2019\/03\/Sentier-de-lEcluse-P%C3%A9gomas.jpg?fit=1200%2C900&resize=700%2C400 2x, https:\/\/i0.wp.com\/www.jojoenherbe.com\/wp-content\/uploads\/2019\/03\/Sentier-de-lEcluse-P%C3%A9gomas.jpg?fit=1200%2C900&resize=1050%2C600 3x"},"classes":[]},{"id":25041,"url":"http:\/\/www.jojoenherbe.com\/index.php\/2022\/04\/27\/au-fil-des-pages-avec-graine-de-carotte\/","url_meta":{"origin":5658,"position":4},"title":"Au fil des pages avec Graine de carotte","author":"Jojo","date":"27 avril 2022","format":false,"excerpt":"Nous relisons en ce moment Graine de carotte de Claire Garralon et C\u00e9cile Hudrisier (\u00e9d. Didier Jeunesse, 2019), un \u00a0album jeunesse \u00e0 partir de 3 ans et que nous avions \u00e9galement beaucoup lu au printemps, l'ann\u00e9e derni\u00e8re. Un lundi matin de printemps, Petit Lapin est impatient de planter une graine\u2026","rel":"","context":"Dans &quot;Mini lecteur&quot;","block_context":{"text":"Mini lecteur","link":"http:\/\/www.jojoenherbe.com\/index.php\/category\/mini-lecteur\/"},"img":{"alt_text":"","src":"https:\/\/i0.wp.com\/www.jojoenherbe.com\/wp-content\/uploads\/2022\/04\/Graine-de-carotte-scaled.jpg?fit=1200%2C900&resize=350%2C200","width":350,"height":200,"srcset":"https:\/\/i0.wp.com\/www.jojoenherbe.com\/wp-content\/uploads\/2022\/04\/Graine-de-carotte-scaled.jpg?fit=1200%2C900&resize=350%2C200 1x, https:\/\/i0.wp.com\/www.jojoenherbe.com\/wp-content\/uploads\/2022\/04\/Graine-de-carotte-scaled.jpg?fit=1200%2C900&resize=525%2C300 1.5x, https:\/\/i0.wp.com\/www.jojoenherbe.com\/wp-content\/uploads\/2022\/04\/Graine-de-carotte-scaled.jpg?fit=1200%2C900&resize=700%2C400 2x, https:\/\/i0.wp.com\/www.jojoenherbe.com\/wp-content\/uploads\/2022\/04\/Graine-de-carotte-scaled.jpg?fit=1200%2C900&resize=1050%2C600 3x"},"classes":[]},{"id":7181,"url":"http:\/\/www.jojoenherbe.com\/index.php\/2019\/08\/22\/les-jours-de-la-semaine-avec-loup\/","url_meta":{"origin":5658,"position":5},"title":"Les jours de la semaine avec Loup","author":"Jojo","date":"22 ao\u00fbt 2019","format":false,"excerpt":"Nous avons lu, il y a quelques semaines d\u00e9j\u00e0, Le loup qui voulait changer de couleur d'Orianne Lallemand et \u00c9l\u00e9onore Thuillier (\u00e9d. Auzou, 2011). Cet album jeunesse \u00e0 partir de 2\/3 ans associe les couleurs aux jours de la semaine. Pour prolonger la lecture, nous nous amusons \u00e0 colorier aux\u2026","rel":"","context":"Dans &quot;Mini joueur&quot;","block_context":{"text":"Mini joueur","link":"http:\/\/www.jojoenherbe.com\/index.php\/category\/mini-decouvreur\/mini-joueur\/"},"img":{"alt_text":"","src":"https:\/\/i0.wp.com\/www.jojoenherbe.com\/wp-content\/uploads\/2019\/08\/Jours-de-la-semaine-Loup-4.jpg?fit=1200%2C955&resize=350%2C200","width":350,"height":200,"srcset":"https:\/\/i0.wp.com\/www.jojoenherbe.com\/wp-content\/uploads\/2019\/08\/Jours-de-la-semaine-Loup-4.jpg?fit=1200%2C955&resize=350%2C200 1x, https:\/\/i0.wp.com\/www.jojoenherbe.com\/wp-content\/uploads\/2019\/08\/Jours-de-la-semaine-Loup-4.jpg?fit=1200%2C955&resize=525%2C300 1.5x, https:\/\/i0.wp.com\/www.jojoenherbe.com\/wp-content\/uploads\/2019\/08\/Jours-de-la-semaine-Loup-4.jpg?fit=1200%2C955&resize=700%2C400 2x, https:\/\/i0.wp.com\/www.jojoenherbe.com\/wp-content\/uploads\/2019\/08\/Jours-de-la-semaine-Loup-4.jpg?fit=1200%2C955&resize=1050%2C600 3x"},"classes":[]}],"_links":{"self":[{"href":"http:\/\/www.jojoenherbe.com\/index.php\/wp-json\/wp\/v2\/posts\/5658","targetHints":{"allow":["GET"]}}],"collection":[{"href":"http:\/\/www.jojoenherbe.com\/index.php\/wp-json\/wp\/v2\/posts"}],"about":[{"href":"http:\/\/www.jojoenherbe.com\/index.php\/wp-json\/wp\/v2\/types\/post"}],"author":[{"embeddable":true,"href":"http:\/\/www.jojoenherbe.com\/index.php\/wp-json\/wp\/v2\/users\/1"}],"replies":[{"embeddable":true,"href":"http:\/\/www.jojoenherbe.com\/index.php\/wp-json\/wp\/v2\/comments?post=5658"}],"version-history":[{"count":0,"href":"http:\/\/www.jojoenherbe.com\/index.php\/wp-json\/wp\/v2\/posts\/5658\/revisions"}],"wp:featuredmedia":[{"embeddable":true,"href":"http:\/\/www.jojoenherbe.com\/index.php\/wp-json\/wp\/v2\/media\/5665"}],"wp:attachment":[{"href":"http:\/\/www.jojoenherbe.com\/index.php\/wp-json\/wp\/v2\/media?parent=5658"}],"wp:term":[{"taxonomy":"category","embeddable":true,"href":"http:\/\/www.jojoenherbe.com\/index.php\/wp-json\/wp\/v2\/categories?post=5658"},{"taxonomy":"post_tag","embeddable":true,"href":"http:\/\/www.jojoenherbe.com\/index.php\/wp-json\/wp\/v2\/tags?post=5658"}],"curies":[{"name":"wp","href":"https:\/\/api.w.org\/{rel}","templated":true}]}}