{"id":5522,"date":"2020-04-14T16:16:20","date_gmt":"2020-04-14T14:16:20","guid":{"rendered":"http:\/\/www.jojoenherbe.com\/?p=5522"},"modified":"2026-04-12T10:57:04","modified_gmt":"2026-04-12T08:57:04","slug":"au-fil-des-pages-avec-penelope-la-poule-de-paques","status":"publish","type":"post","link":"http:\/\/www.jojoenherbe.com\/index.php\/2020\/04\/14\/au-fil-des-pages-avec-penelope-la-poule-de-paques\/","title":{"rendered":"Au fil des pages avec P\u00e9n\u00e9lope la poule de P\u00e2ques"},"content":{"rendered":"<p style=\"text-align: justify;\"><em><a href=\"https:\/\/i0.wp.com\/www.jojoenherbe.com\/wp-content\/uploads\/2020\/04\/P%C3%A9n%C3%A9lope-la-poule-de-P%C3%A2ques-2-scaled.jpg\"><img data-recalc-dims=\"1\" loading=\"lazy\" decoding=\"async\" data-attachment-id=\"10718\" data-permalink=\"http:\/\/www.jojoenherbe.com\/index.php\/2020\/04\/14\/au-fil-des-pages-avec-penelope-la-poule-de-paques\/penelope-la-poule-de-paques-2\/\" data-orig-file=\"https:\/\/i0.wp.com\/www.jojoenherbe.com\/wp-content\/uploads\/2020\/04\/P%C3%A9n%C3%A9lope-la-poule-de-P%C3%A2ques-2-scaled.jpg?fit=2560%2C1880\" data-orig-size=\"2560,1880\" data-comments-opened=\"1\" data-image-meta=\"{&quot;aperture&quot;:&quot;2.4&quot;,&quot;credit&quot;:&quot;&quot;,&quot;camera&quot;:&quot;iPhone 4S&quot;,&quot;caption&quot;:&quot;&quot;,&quot;created_timestamp&quot;:&quot;1555080051&quot;,&quot;copyright&quot;:&quot;&quot;,&quot;focal_length&quot;:&quot;4.28&quot;,&quot;iso&quot;:&quot;400&quot;,&quot;shutter_speed&quot;:&quot;0.05&quot;,&quot;title&quot;:&quot;&quot;,&quot;orientation&quot;:&quot;1&quot;}\" data-image-title=\"P\u00e9n\u00e9lope la poule de P\u00e2ques 2\" data-image-description=\"\" data-image-caption=\"\" data-large-file=\"https:\/\/i0.wp.com\/www.jojoenherbe.com\/wp-content\/uploads\/2020\/04\/P%C3%A9n%C3%A9lope-la-poule-de-P%C3%A2ques-2-scaled.jpg?fit=676%2C496\" class=\"alignleft size-thumbnail wp-image-10718\" src=\"https:\/\/i0.wp.com\/www.jojoenherbe.com\/wp-content\/uploads\/2020\/04\/P%C3%A9n%C3%A9lope-la-poule-de-P%C3%A2ques-2.jpg?resize=150%2C150\" alt=\"\" width=\"150\" height=\"150\" srcset=\"https:\/\/i0.wp.com\/www.jojoenherbe.com\/wp-content\/uploads\/2020\/04\/P%C3%A9n%C3%A9lope-la-poule-de-P%C3%A2ques-2-scaled.jpg?resize=150%2C150 150w, https:\/\/i0.wp.com\/www.jojoenherbe.com\/wp-content\/uploads\/2020\/04\/P%C3%A9n%C3%A9lope-la-poule-de-P%C3%A2ques-2-scaled.jpg?zoom=2&amp;resize=150%2C150 300w, https:\/\/i0.wp.com\/www.jojoenherbe.com\/wp-content\/uploads\/2020\/04\/P%C3%A9n%C3%A9lope-la-poule-de-P%C3%A2ques-2-scaled.jpg?zoom=3&amp;resize=150%2C150 450w\" sizes=\"auto, (max-width: 150px) 100vw, 150px\" \/><\/a> <a href=\"https:\/\/i0.wp.com\/www.jojoenherbe.com\/wp-content\/uploads\/2020\/04\/P%C3%A9n%C3%A9lope-la-poule-de-P%C3%A2ques-3-scaled.jpg\"><img data-recalc-dims=\"1\" loading=\"lazy\" decoding=\"async\" data-attachment-id=\"10719\" data-permalink=\"http:\/\/www.jojoenherbe.com\/index.php\/2020\/04\/14\/au-fil-des-pages-avec-penelope-la-poule-de-paques\/penelope-la-poule-de-paques-3\/\" data-orig-file=\"https:\/\/i0.wp.com\/www.jojoenherbe.com\/wp-content\/uploads\/2020\/04\/P%C3%A9n%C3%A9lope-la-poule-de-P%C3%A2ques-3-scaled.jpg?fit=2560%2C1915\" data-orig-size=\"2560,1915\" data-comments-opened=\"1\" data-image-meta=\"{&quot;aperture&quot;:&quot;2.4&quot;,&quot;credit&quot;:&quot;&quot;,&quot;camera&quot;:&quot;iPhone 4S&quot;,&quot;caption&quot;:&quot;&quot;,&quot;created_timestamp&quot;:&quot;1555080069&quot;,&quot;copyright&quot;:&quot;&quot;,&quot;focal_length&quot;:&quot;4.28&quot;,&quot;iso&quot;:&quot;320&quot;,&quot;shutter_speed&quot;:&quot;0.058823529411765&quot;,&quot;title&quot;:&quot;&quot;,&quot;orientation&quot;:&quot;1&quot;}\" data-image-title=\"P\u00e9n\u00e9lope la poule de P\u00e2ques 3\" data-image-description=\"\" data-image-caption=\"\" data-large-file=\"https:\/\/i0.wp.com\/www.jojoenherbe.com\/wp-content\/uploads\/2020\/04\/P%C3%A9n%C3%A9lope-la-poule-de-P%C3%A2ques-3-scaled.jpg?fit=676%2C506\" class=\"alignleft size-thumbnail wp-image-10719\" src=\"https:\/\/i0.wp.com\/www.jojoenherbe.com\/wp-content\/uploads\/2020\/04\/P%C3%A9n%C3%A9lope-la-poule-de-P%C3%A2ques-3.jpg?resize=150%2C150\" alt=\"\" width=\"150\" height=\"150\" srcset=\"https:\/\/i0.wp.com\/www.jojoenherbe.com\/wp-content\/uploads\/2020\/04\/P%C3%A9n%C3%A9lope-la-poule-de-P%C3%A2ques-3-scaled.jpg?resize=150%2C150 150w, https:\/\/i0.wp.com\/www.jojoenherbe.com\/wp-content\/uploads\/2020\/04\/P%C3%A9n%C3%A9lope-la-poule-de-P%C3%A2ques-3-scaled.jpg?zoom=2&amp;resize=150%2C150 300w, https:\/\/i0.wp.com\/www.jojoenherbe.com\/wp-content\/uploads\/2020\/04\/P%C3%A9n%C3%A9lope-la-poule-de-P%C3%A2ques-3-scaled.jpg?zoom=3&amp;resize=150%2C150 450w\" sizes=\"auto, (max-width: 150px) 100vw, 150px\" \/><\/a>J&rsquo;avais emprunt\u00e9 \u00e0 la m\u00e9diath\u00e8que, l&rsquo;ann\u00e9e derni\u00e8re pour P\u00e2ques, <\/em><em><span style=\"text-decoration: underline;\">P\u00e9n\u00e9lope la poule de P\u00e2ques<\/span> d&rsquo;Hubert Ben Kemoun et St\u00e9phane Girel (\u00e9d. P\u00e8re Castor Flammarion, 1998), un album jeunesse \u00e0 partir de 3 ans. Lors de la chasse aux \u0153ufs, P\u00e9n\u00e9lope, une petite poule en chocolat s&rsquo;est si bien cach\u00e9e pour devenir la Reine de P\u00e2ques que les enfants ne l&rsquo;ont pas trouv\u00e9e. Les heures puis les jours, les mois passent, au plus grand d\u00e9sespoir de P\u00e9n\u00e9lope. Elle commence \u00e0 fondre et \u00e0 avoir faim. Comment toute cette aventure va-t-elle finir? <\/em><\/p>\n<p style=\"text-align: justify;\"><em>Le texte d&rsquo;Hubert Ben Kemoun est tr\u00e8s po\u00e9tique. A l&rsquo;instar de P\u00e9n\u00e9lope, nous passons par tout un tas d&rsquo;\u00e9motions \u00e0 sa lecture: la fiert\u00e9 de ne pas \u00eatre d\u00e9couverte, puis la tristesse, la douleur, la solitude puis de nouveau la joie, etc. Il y a \u00e9galement un petit je ne sais quoi dans les illustrations simples et plut\u00f4t sombres (aux couleurs chocolat) qui rendent cette petite poule attachante.\u00a0 Un bon moment de lecture avec cette l\u00e9gende de P\u00e2ques!<br \/>\n<\/em><\/p>\n<p style=\"text-align: justify;\"><em>A noter qu&rsquo;il existe une nouvelle version plus color\u00e9e et moins sombre de cet album avec toujours le m\u00eame texte mais des illustrations de Jess Pauwels. J&rsquo;esp\u00e8re que nous pourrons la lire, m\u00eame si je pense que ce sera pour l&rsquo;ann\u00e9e prochaine&#8230;<\/em><\/p>\n<div style=\"width: 106px\" class=\"wp-caption alignleft\"><img data-recalc-dims=\"1\" loading=\"lazy\" decoding=\"async\" class=\"\" src=\"https:\/\/i0.wp.com\/delivrer-des-livres.fr\/wp-content\/uploads\/2019\/05\/logoalbums2019.png?resize=96%2C96\" alt=\"\" width=\"96\" height=\"96\" \/><p class=\"wp-caption-text\">Participation #176 <a href=\"http:\/\/delivrer-des-livres.fr\/challenge-albums-2019\/\">Je lis aussi des albums<\/a><\/p><\/div>\n<div style=\"width: 113px\" class=\"wp-caption alignleft\"><img loading=\"lazy\" decoding=\"async\" class=\"\" src=\"https:\/\/lh3.googleusercontent.com\/yeyHsyE8ePB9xQx2t9obPo4nIUGeuGsS-P1wwGiEip3f9lcFED23VkM1Pr5hYoy4puCex2GzVOyZNHjl5qeUnhImyiKFqwfTaONmF_HEc7SEvgxhr1eZXuJ6zzg9JfEY4XADWBPBCxMLePs3HiWfgCjRFVaAIkiQhaX8RGfOMzZhoMNQUFFuWlglQGRva5RIkSFvo7nk3yMWVz4PgUXBK3Uof2Hf073K4C6YvQC1u6gRN2BCr4tNyqitAlYfULcqVlua9UK9L5kLVOZWs2-xrAzDf1K3rxU8pxE6Fdm1EI8_YbPW09CsTNa9CW1z0lvieJ6Ify6BbltA9XBnOC99XwB4E833hDdb9KWRbKTb8bwsVGIAFF1x2JkOCAWTkq3OtXJmlgaccySEr2PvCr9rzIA4GtrzB04GpU7RNPlnkfNDjtPoy6UR5nf5SD-RQvfrkHaKDQocAHpi1MoHr0bWF4h3F08r5y_TM01DqKXAgeInHehhuxNBZ4LGs7Emk2ol6RPfVd4UEj0916JVKRknXSsSbJG_50ptPlCGTOdHDTOUMc6x63Wp68_DnNhG9qn5FPKuDHhZvC008a4nifQFWuKVT6HvqNgW-LcvXb0wnjbSwgS8qwHb3LtHJj3uAe971aQRDPkS146UchPgCLNczeUje4Y3YFpuV4P1KYu67RSdAOITJNzzSRO2Dycc1PCqSdc7IoPwLu0-aT-FJ0m-KvlkUQLXoamPhl2WKbODyZSfc5ZT=w285-h217-no\" alt=\"\" width=\"103\" height=\"78\" \/><p class=\"wp-caption-text\"><a href=\"https:\/\/ennalit.wordpress.com\/2019\/12\/01\/challenge-petit-bac-2020-qui-veut-jouer\/\">Challenge Petit Bac d&rsquo;Enna<\/a> #6 Cat\u00e9gorie Animal: \u00ab\u00a0Poule\u00a0\u00bb<\/p><\/div>\n<div id=\"attachment_10219\" style=\"width: 94px\" class=\"wp-caption alignleft\"><img data-recalc-dims=\"1\" loading=\"lazy\" decoding=\"async\" aria-describedby=\"caption-attachment-10219\" data-attachment-id=\"10219\" data-permalink=\"http:\/\/www.jojoenherbe.com\/index.php\/2020\/03\/02\/au-fil-des-pages-avec-lievre-et-ours-sous-la-neige\/lievre-et-ours-sous-la-neige\/\" data-orig-file=\"https:\/\/i0.wp.com\/www.jojoenherbe.com\/wp-content\/uploads\/2020\/03\/Li%C3%A8vre-et-Ours-sous-la-neige-scaled.jpg?fit=2560%2C1892\" data-orig-size=\"2560,1892\" data-comments-opened=\"1\" data-image-meta=\"{&quot;aperture&quot;:&quot;2.4&quot;,&quot;credit&quot;:&quot;&quot;,&quot;camera&quot;:&quot;iPhone 4S&quot;,&quot;caption&quot;:&quot;&quot;,&quot;created_timestamp&quot;:&quot;1583147305&quot;,&quot;copyright&quot;:&quot;&quot;,&quot;focal_length&quot;:&quot;4.28&quot;,&quot;iso&quot;:&quot;640&quot;,&quot;shutter_speed&quot;:&quot;0.066666666666667&quot;,&quot;title&quot;:&quot;&quot;,&quot;orientation&quot;:&quot;1&quot;}\" data-image-title=\"Li\u00e8vre et Ours, sous la neige\" data-image-description=\"\" data-image-caption=\"\" data-large-file=\"https:\/\/i0.wp.com\/www.jojoenherbe.com\/wp-content\/uploads\/2020\/03\/Li%C3%A8vre-et-Ours-sous-la-neige-scaled.jpg?fit=676%2C500\" class=\"wp-image-10219\" src=\"https:\/\/i0.wp.com\/mapetitemediatheque.fr\/wp-content\/uploads\/2018\/11\/challenge-contes-et-l%C3%A9gendes.jpg?resize=84%2C105\" sizes=\"auto, (max-width: 343px) 100vw, 343px\" srcset=\"http:\/\/mapetitemediatheque.fr\/wp-content\/uploads\/2018\/11\/challenge-contes-et-l\u00e9gendes.jpg 343w, http:\/\/mapetitemediatheque.fr\/wp-content\/uploads\/2018\/11\/challenge-contes-et-l\u00e9gendes-239x300.jpg 239w\" alt=\"\" width=\"84\" height=\"105\" \/><p id=\"caption-attachment-10219\" class=\"wp-caption-text\">Participation #19 Contes &amp; L\u00e9gendes 2020 de <a href=\"http:\/\/mapetitemediatheque.fr\/2020\/01\/challenge-contes-et-legendes-2020\/\">Bidib<\/a><\/p><\/div>\n","protected":false},"excerpt":{"rendered":"<p>J&rsquo;avais emprunt\u00e9 \u00e0 la m\u00e9diath\u00e8que, l&rsquo;ann\u00e9e derni\u00e8re pour P\u00e2ques, P\u00e9n\u00e9lope la poule de P\u00e2ques d&rsquo;Hubert Ben Kemoun et St\u00e9phane Girel (\u00e9d. P\u00e8re Castor Flammarion, 1998), un album jeunesse \u00e0 partir de 3 ans. Lors de la chasse aux \u0153ufs, P\u00e9n\u00e9lope, une petite poule en chocolat s&rsquo;est si bien cach\u00e9e pour devenir la Reine de P\u00e2ques [&hellip;]<\/p>\n","protected":false},"author":1,"featured_media":10720,"comment_status":"open","ping_status":"open","sticky":false,"template":"","format":"standard","meta":{"jetpack_post_was_ever_published":false,"_jetpack_newsletter_access":"","_jetpack_dont_email_post_to_subs":false,"_jetpack_newsletter_tier_id":0,"_jetpack_memberships_contains_paywalled_content":false,"_jetpack_memberships_contains_paid_content":false,"footnotes":""},"categories":[363],"tags":[785,409,1365,1352,526,576,1433,1350,367,1239,775,188,392,619,1434],"class_list":["post-5522","post","type-post","status-publish","format-standard","has-post-thumbnail","hentry","category-mini-lecteur","tag-3-6-ans","tag-albums-jeunesse","tag-challenge-contes-et-legendes-2020","tag-challenge-petit-bac-2020","tag-chasse-aux-oeufs","tag-emotions","tag-hubert-ben-kemoun","tag-je-lis-aussi-des-albums-2019","tag-lecture-jeunesse","tag-lectures-de-paques","tag-legendes","tag-paques","tag-poule","tag-solitude","tag-stephane-girel","post-preview"],"jetpack_featured_media_url":"https:\/\/i0.wp.com\/www.jojoenherbe.com\/wp-content\/uploads\/2020\/04\/P%C3%A9n%C3%A9lope-la-poule-de-P%C3%A2ques-scaled.jpg?fit=2299%2C2560","jetpack_sharing_enabled":true,"jetpack_shortlink":"https:\/\/wp.me\/p9zhGx-1r4","jetpack_likes_enabled":true,"jetpack-related-posts":[{"id":10704,"url":"http:\/\/www.jojoenherbe.com\/index.php\/2020\/04\/14\/au-fil-des-pages-avec-penelope-cherche-les-oeufs-de-paques\/","url_meta":{"origin":5522,"position":0},"title":"Au fil des pages avec P\u00e9n\u00e9lope cherche les \u0153ufs de P\u00e2ques","author":"Jojo","date":"14 avril 2020","format":false,"excerpt":"Nous avions emprunt\u00e9 \u00e0 la m\u00e9diath\u00e8que, l'ann\u00e9e derni\u00e8re pour P\u00e2ques, P\u00e9n\u00e9lope cherche les \u0153ufs de P\u00e2ques, d'Anne Gutman et Georg Hallensleben (\u00e9d. Gallimard Jeunesse, coll. P\u00e9n\u00e9lope t\u00eate en l'air, 2011), un album jeunesse \u00e0 partir de\u00a0 2\/3 ans. Dans la ferme de son grand-p\u00e8re, P\u00e9n\u00e9lope s'est lev\u00e9e la premi\u00e8re pour\u2026","rel":"","context":"Dans &quot;Mini lecteur&quot;","block_context":{"text":"Mini lecteur","link":"http:\/\/www.jojoenherbe.com\/index.php\/category\/mini-lecteur\/"},"img":{"alt_text":"","src":"https:\/\/i0.wp.com\/www.jojoenherbe.com\/wp-content\/uploads\/2020\/04\/P%C3%A9n%C3%A9lope-cherche-les-oeufs-de-P%C3%A2ques-scaled.jpg?fit=1020%2C1200&resize=350%2C200","width":350,"height":200,"srcset":"https:\/\/i0.wp.com\/www.jojoenherbe.com\/wp-content\/uploads\/2020\/04\/P%C3%A9n%C3%A9lope-cherche-les-oeufs-de-P%C3%A2ques-scaled.jpg?fit=1020%2C1200&resize=350%2C200 1x, https:\/\/i0.wp.com\/www.jojoenherbe.com\/wp-content\/uploads\/2020\/04\/P%C3%A9n%C3%A9lope-cherche-les-oeufs-de-P%C3%A2ques-scaled.jpg?fit=1020%2C1200&resize=525%2C300 1.5x, https:\/\/i0.wp.com\/www.jojoenherbe.com\/wp-content\/uploads\/2020\/04\/P%C3%A9n%C3%A9lope-cherche-les-oeufs-de-P%C3%A2ques-scaled.jpg?fit=1020%2C1200&resize=700%2C400 2x"},"classes":[]},{"id":24972,"url":"http:\/\/www.jojoenherbe.com\/index.php\/2022\/04\/15\/nos-lectures-de-paques-2022\/","url_meta":{"origin":5522,"position":1},"title":"Nos lectures de P\u00e2ques 2022","author":"Jojo","date":"15 avril 2022","format":false,"excerpt":"Aux albums jeunesse d\u00e9j\u00e0 lus l'ann\u00e9e derni\u00e8re comme Fenouil ou Petit H\u00e9risson, nous lisons de nouvelles histoires avec le lapin de P\u00e2ques et\/ou la chasse aux \u0153ufs en chocolat en attendant de faire ce week-end, en famille, la n\u00f4tre. (Album jeunesse) Joyeuses P\u00e2ques Rita et Machin de Jean-Philippe Arrou-Vignod et\u2026","rel":"","context":"Dans &quot;Mini lecteur&quot;","block_context":{"text":"Mini lecteur","link":"http:\/\/www.jojoenherbe.com\/index.php\/category\/mini-lecteur\/"},"img":{"alt_text":"","src":"https:\/\/i0.wp.com\/www.jojoenherbe.com\/wp-content\/uploads\/2022\/04\/Nos-lectures-de-Paques-2022-scaled.jpg?fit=1200%2C995&resize=350%2C200","width":350,"height":200,"srcset":"https:\/\/i0.wp.com\/www.jojoenherbe.com\/wp-content\/uploads\/2022\/04\/Nos-lectures-de-Paques-2022-scaled.jpg?fit=1200%2C995&resize=350%2C200 1x, https:\/\/i0.wp.com\/www.jojoenherbe.com\/wp-content\/uploads\/2022\/04\/Nos-lectures-de-Paques-2022-scaled.jpg?fit=1200%2C995&resize=525%2C300 1.5x, https:\/\/i0.wp.com\/www.jojoenherbe.com\/wp-content\/uploads\/2022\/04\/Nos-lectures-de-Paques-2022-scaled.jpg?fit=1200%2C995&resize=700%2C400 2x, https:\/\/i0.wp.com\/www.jojoenherbe.com\/wp-content\/uploads\/2022\/04\/Nos-lectures-de-Paques-2022-scaled.jpg?fit=1200%2C995&resize=1050%2C600 3x"},"classes":[]},{"id":16945,"url":"http:\/\/www.jojoenherbe.com\/index.php\/2021\/04\/01\/nos-lectures-de-paques-2021\/","url_meta":{"origin":5522,"position":2},"title":"Nos lectures de P\u00e2ques 2021","author":"Jojo","date":"1 avril 2021","format":false,"excerpt":"Apr\u00e8s le carnaval, place au lecture de P\u00e2ques en attendant notre chasse aux \u0153ufs ce week-end (miam miam les chocolats). Nous relisons des albums jeunesse des ann\u00e9es pr\u00e9c\u00e9dentes mais aussi deux \"nouveaut\u00e9s\" que je n'avais pas pu encore emprunter \u00e0 la m\u00e9diath\u00e8que. Mais cette ann\u00e9e, je m'y suis prise t\u00f4t\u2026","rel":"","context":"Dans &quot;Mini lecteur&quot;","block_context":{"text":"Mini lecteur","link":"http:\/\/www.jojoenherbe.com\/index.php\/category\/mini-lecteur\/"},"img":{"alt_text":"","src":"https:\/\/i0.wp.com\/www.jojoenherbe.com\/wp-content\/uploads\/2021\/04\/Nos-lectures-de-Paques-2021-scaled.jpg?fit=1200%2C933&resize=350%2C200","width":350,"height":200,"srcset":"https:\/\/i0.wp.com\/www.jojoenherbe.com\/wp-content\/uploads\/2021\/04\/Nos-lectures-de-Paques-2021-scaled.jpg?fit=1200%2C933&resize=350%2C200 1x, https:\/\/i0.wp.com\/www.jojoenherbe.com\/wp-content\/uploads\/2021\/04\/Nos-lectures-de-Paques-2021-scaled.jpg?fit=1200%2C933&resize=525%2C300 1.5x, https:\/\/i0.wp.com\/www.jojoenherbe.com\/wp-content\/uploads\/2021\/04\/Nos-lectures-de-Paques-2021-scaled.jpg?fit=1200%2C933&resize=700%2C400 2x, https:\/\/i0.wp.com\/www.jojoenherbe.com\/wp-content\/uploads\/2021\/04\/Nos-lectures-de-Paques-2021-scaled.jpg?fit=1200%2C933&resize=1050%2C600 3x"},"classes":[]},{"id":10785,"url":"http:\/\/www.jojoenherbe.com\/index.php\/2020\/04\/20\/au-fil-des-pages-avec-3-histoires-de-paques\/","url_meta":{"origin":5522,"position":3},"title":"Au fil des pages avec 3 histoires de P\u00e2ques","author":"Jojo","date":"20 avril 2020","format":false,"excerpt":"Lors de la chasse aux \u0153ufs de la semaine derni\u00e8re, le lapin de P\u00e2ques a gliss\u00e9, entre les chocolats, 3 histoires de P\u00e2ques (\u00e9d. Flammarion Jeunesse, coll. P\u00e8re Castor, r\u00e9\u00e9d. 2020), un album jeunesse, \u00e0 partir de 3 ans, regroupant trois histoires d\u2019\u0153ufs, de lapins et de poules et qui\u2026","rel":"","context":"Dans &quot;Mini lecteur&quot;","block_context":{"text":"Mini lecteur","link":"http:\/\/www.jojoenherbe.com\/index.php\/category\/mini-lecteur\/"},"img":{"alt_text":"","src":"https:\/\/i0.wp.com\/www.jojoenherbe.com\/wp-content\/uploads\/2020\/04\/3-histoires-de-P%C3%A2ques-scaled.jpg?fit=1200%2C877&resize=350%2C200","width":350,"height":200,"srcset":"https:\/\/i0.wp.com\/www.jojoenherbe.com\/wp-content\/uploads\/2020\/04\/3-histoires-de-P%C3%A2ques-scaled.jpg?fit=1200%2C877&resize=350%2C200 1x, https:\/\/i0.wp.com\/www.jojoenherbe.com\/wp-content\/uploads\/2020\/04\/3-histoires-de-P%C3%A2ques-scaled.jpg?fit=1200%2C877&resize=525%2C300 1.5x, https:\/\/i0.wp.com\/www.jojoenherbe.com\/wp-content\/uploads\/2020\/04\/3-histoires-de-P%C3%A2ques-scaled.jpg?fit=1200%2C877&resize=700%2C400 2x, https:\/\/i0.wp.com\/www.jojoenherbe.com\/wp-content\/uploads\/2020\/04\/3-histoires-de-P%C3%A2ques-scaled.jpg?fit=1200%2C877&resize=1050%2C600 3x"},"classes":[]},{"id":5377,"url":"http:\/\/www.jojoenherbe.com\/index.php\/2019\/04\/20\/au-fil-des-pages-sur-le-theme-de-paques\/","url_meta":{"origin":5522,"position":4},"title":"Au fil des pages sur le th\u00e8me de P\u00e2ques","author":"Jojo","date":"20 avril 2019","format":false,"excerpt":"Ce mois-ci, le th\u00e8me du rendez-vous \"Et dans leur biblioth\u00e8que il y a...\" est P\u00e2ques. Nous n'avons pas attendu le 20 avril pour commencer \u00e0 lire ou relire des albums jeunesse sur cette f\u00eate. Voici les n\u00f4tres, sans ordre de pr\u00e9f\u00e9rence et la plupart \u00e0 partir de 3 ans (voire\u2026","rel":"","context":"Dans &quot;Mini lecteur&quot;","block_context":{"text":"Mini lecteur","link":"http:\/\/www.jojoenherbe.com\/index.php\/category\/mini-lecteur\/"},"img":{"alt_text":"","src":"https:\/\/i0.wp.com\/www.jojoenherbe.com\/wp-content\/uploads\/2019\/04\/albums-P%C3%A2ques-1.jpg?fit=1200%2C871&resize=350%2C200","width":350,"height":200,"srcset":"https:\/\/i0.wp.com\/www.jojoenherbe.com\/wp-content\/uploads\/2019\/04\/albums-P%C3%A2ques-1.jpg?fit=1200%2C871&resize=350%2C200 1x, https:\/\/i0.wp.com\/www.jojoenherbe.com\/wp-content\/uploads\/2019\/04\/albums-P%C3%A2ques-1.jpg?fit=1200%2C871&resize=525%2C300 1.5x, https:\/\/i0.wp.com\/www.jojoenherbe.com\/wp-content\/uploads\/2019\/04\/albums-P%C3%A2ques-1.jpg?fit=1200%2C871&resize=700%2C400 2x, https:\/\/i0.wp.com\/www.jojoenherbe.com\/wp-content\/uploads\/2019\/04\/albums-P%C3%A2ques-1.jpg?fit=1200%2C871&resize=1050%2C600 3x"},"classes":[]},{"id":17320,"url":"http:\/\/www.jojoenherbe.com\/index.php\/2021\/04\/13\/au-fil-des-pages-avec-flocon-et-le-lapin-de-paques\/","url_meta":{"origin":5522,"position":5},"title":"Au fil des pages avec Flocon et le lapin de P\u00e2ques","author":"Jojo","date":"13 avril 2021","format":false,"excerpt":"Lors du week-end de P\u00e2ques, nous avons lu Flocon et le lapin de P\u00e2ques de Kathrin Siegenthaler et Marcus Pfister (\u00e9d. NordSud, 1993), un album jeunesse \u00e0 partir de 3 ans. Flocon, un petit lapin des neiges d\u00e9cide de devenir le Lapin de P\u00e2ques pour distribuer les \u0153ufs aux enfants.\u2026","rel":"","context":"Dans &quot;Mini lecteur&quot;","block_context":{"text":"Mini lecteur","link":"http:\/\/www.jojoenherbe.com\/index.php\/category\/mini-lecteur\/"},"img":{"alt_text":"","src":"https:\/\/i0.wp.com\/www.jojoenherbe.com\/wp-content\/uploads\/2021\/04\/Flocon-et-le-lapin-de-Paques-scaled.jpg?fit=1200%2C900&resize=350%2C200","width":350,"height":200,"srcset":"https:\/\/i0.wp.com\/www.jojoenherbe.com\/wp-content\/uploads\/2021\/04\/Flocon-et-le-lapin-de-Paques-scaled.jpg?fit=1200%2C900&resize=350%2C200 1x, https:\/\/i0.wp.com\/www.jojoenherbe.com\/wp-content\/uploads\/2021\/04\/Flocon-et-le-lapin-de-Paques-scaled.jpg?fit=1200%2C900&resize=525%2C300 1.5x, https:\/\/i0.wp.com\/www.jojoenherbe.com\/wp-content\/uploads\/2021\/04\/Flocon-et-le-lapin-de-Paques-scaled.jpg?fit=1200%2C900&resize=700%2C400 2x, https:\/\/i0.wp.com\/www.jojoenherbe.com\/wp-content\/uploads\/2021\/04\/Flocon-et-le-lapin-de-Paques-scaled.jpg?fit=1200%2C900&resize=1050%2C600 3x"},"classes":[]}],"_links":{"self":[{"href":"http:\/\/www.jojoenherbe.com\/index.php\/wp-json\/wp\/v2\/posts\/5522","targetHints":{"allow":["GET"]}}],"collection":[{"href":"http:\/\/www.jojoenherbe.com\/index.php\/wp-json\/wp\/v2\/posts"}],"about":[{"href":"http:\/\/www.jojoenherbe.com\/index.php\/wp-json\/wp\/v2\/types\/post"}],"author":[{"embeddable":true,"href":"http:\/\/www.jojoenherbe.com\/index.php\/wp-json\/wp\/v2\/users\/1"}],"replies":[{"embeddable":true,"href":"http:\/\/www.jojoenherbe.com\/index.php\/wp-json\/wp\/v2\/comments?post=5522"}],"version-history":[{"count":1,"href":"http:\/\/www.jojoenherbe.com\/index.php\/wp-json\/wp\/v2\/posts\/5522\/revisions"}],"predecessor-version":[{"id":43679,"href":"http:\/\/www.jojoenherbe.com\/index.php\/wp-json\/wp\/v2\/posts\/5522\/revisions\/43679"}],"wp:featuredmedia":[{"embeddable":true,"href":"http:\/\/www.jojoenherbe.com\/index.php\/wp-json\/wp\/v2\/media\/10720"}],"wp:attachment":[{"href":"http:\/\/www.jojoenherbe.com\/index.php\/wp-json\/wp\/v2\/media?parent=5522"}],"wp:term":[{"taxonomy":"category","embeddable":true,"href":"http:\/\/www.jojoenherbe.com\/index.php\/wp-json\/wp\/v2\/categories?post=5522"},{"taxonomy":"post_tag","embeddable":true,"href":"http:\/\/www.jojoenherbe.com\/index.php\/wp-json\/wp\/v2\/tags?post=5522"}],"curies":[{"name":"wp","href":"https:\/\/api.w.org\/{rel}","templated":true}]}}