{"id":5473,"date":"2019-04-10T13:47:58","date_gmt":"2019-04-10T11:47:58","guid":{"rendered":"http:\/\/www.jojoenherbe.com\/?p=5473"},"modified":"2019-04-10T13:47:59","modified_gmt":"2019-04-10T11:47:59","slug":"le-temps-dune-visite-au-festival-des-jardins-de-la-cote-dazur","status":"publish","type":"post","link":"http:\/\/www.jojoenherbe.com\/index.php\/2019\/04\/10\/le-temps-dune-visite-au-festival-des-jardins-de-la-cote-dazur\/","title":{"rendered":"Le temps d&rsquo;une visite au Festival des Jardins de la C\u00f4te d&rsquo;Azur"},"content":{"rendered":"<div id=\"attachment_5488\" style=\"width: 160px\" class=\"wp-caption alignleft\"><a href=\"https:\/\/i0.wp.com\/www.jojoenherbe.com\/wp-content\/uploads\/2019\/04\/Tapis-volant.jpg\"><img data-recalc-dims=\"1\" loading=\"lazy\" decoding=\"async\" aria-describedby=\"caption-attachment-5488\" data-attachment-id=\"5488\" data-permalink=\"http:\/\/www.jojoenherbe.com\/index.php\/2019\/04\/10\/le-temps-dune-visite-au-festival-des-jardins-de-la-cote-dazur\/tapis-volant\/\" data-orig-file=\"https:\/\/i0.wp.com\/www.jojoenherbe.com\/wp-content\/uploads\/2019\/04\/Tapis-volant.jpg?fit=3161%2C3909\" data-orig-size=\"3161,3909\" data-comments-opened=\"1\" data-image-meta=\"{&quot;aperture&quot;:&quot;3.2&quot;,&quot;credit&quot;:&quot;&quot;,&quot;camera&quot;:&quot;DSC-HX400V&quot;,&quot;caption&quot;:&quot;&quot;,&quot;created_timestamp&quot;:&quot;1554654038&quot;,&quot;copyright&quot;:&quot;&quot;,&quot;focal_length&quot;:&quot;4.3&quot;,&quot;iso&quot;:&quot;80&quot;,&quot;shutter_speed&quot;:&quot;0.004&quot;,&quot;title&quot;:&quot;&quot;,&quot;orientation&quot;:&quot;1&quot;}\" data-image-title=\"Tapis volant\" data-image-description=\"\" data-image-caption=\"\" data-large-file=\"https:\/\/i0.wp.com\/www.jojoenherbe.com\/wp-content\/uploads\/2019\/04\/Tapis-volant.jpg?fit=676%2C836\" class=\"wp-image-5488 size-thumbnail\" src=\"https:\/\/i0.wp.com\/www.jojoenherbe.com\/wp-content\/uploads\/2019\/04\/Tapis-volant.jpg?resize=150%2C150\" alt=\"\" width=\"150\" height=\"150\" srcset=\"https:\/\/i0.wp.com\/www.jojoenherbe.com\/wp-content\/uploads\/2019\/04\/Tapis-volant.jpg?resize=150%2C150 150w, https:\/\/i0.wp.com\/www.jojoenherbe.com\/wp-content\/uploads\/2019\/04\/Tapis-volant.jpg?zoom=2&amp;resize=150%2C150 300w, https:\/\/i0.wp.com\/www.jojoenherbe.com\/wp-content\/uploads\/2019\/04\/Tapis-volant.jpg?zoom=3&amp;resize=150%2C150 450w\" sizes=\"auto, (max-width: 150px) 100vw, 150px\" \/><\/a><p id=\"caption-attachment-5488\" class=\"wp-caption-text\">Tapis volant<\/p><\/div>\n<p style=\"text-align: justify;\"><em> <a href=\"https:\/\/i0.wp.com\/www.jojoenherbe.com\/wp-content\/uploads\/2019\/04\/Tapis-volant-2.jpg\"><img data-recalc-dims=\"1\" loading=\"lazy\" decoding=\"async\" data-attachment-id=\"5487\" data-permalink=\"http:\/\/www.jojoenherbe.com\/index.php\/2019\/04\/10\/le-temps-dune-visite-au-festival-des-jardins-de-la-cote-dazur\/tapis-volant-2\/\" data-orig-file=\"https:\/\/i0.wp.com\/www.jojoenherbe.com\/wp-content\/uploads\/2019\/04\/Tapis-volant-2.jpg?fit=3888%2C5184\" data-orig-size=\"3888,5184\" data-comments-opened=\"1\" data-image-meta=\"{&quot;aperture&quot;:&quot;4.5&quot;,&quot;credit&quot;:&quot;&quot;,&quot;camera&quot;:&quot;DSC-HX400V&quot;,&quot;caption&quot;:&quot;&quot;,&quot;created_timestamp&quot;:&quot;1554654063&quot;,&quot;copyright&quot;:&quot;&quot;,&quot;focal_length&quot;:&quot;23.17&quot;,&quot;iso&quot;:&quot;80&quot;,&quot;shutter_speed&quot;:&quot;0.0025&quot;,&quot;title&quot;:&quot;&quot;,&quot;orientation&quot;:&quot;1&quot;}\" data-image-title=\"Tapis volant 2\" data-image-description=\"\" data-image-caption=\"\" data-large-file=\"https:\/\/i0.wp.com\/www.jojoenherbe.com\/wp-content\/uploads\/2019\/04\/Tapis-volant-2.jpg?fit=676%2C901\" class=\"alignleft size-thumbnail wp-image-5487\" src=\"https:\/\/i0.wp.com\/www.jojoenherbe.com\/wp-content\/uploads\/2019\/04\/Tapis-volant-2.jpg?resize=150%2C150\" alt=\"\" width=\"150\" height=\"150\" srcset=\"https:\/\/i0.wp.com\/www.jojoenherbe.com\/wp-content\/uploads\/2019\/04\/Tapis-volant-2.jpg?resize=150%2C150 150w, https:\/\/i0.wp.com\/www.jojoenherbe.com\/wp-content\/uploads\/2019\/04\/Tapis-volant-2.jpg?zoom=2&amp;resize=150%2C150 300w, https:\/\/i0.wp.com\/www.jojoenherbe.com\/wp-content\/uploads\/2019\/04\/Tapis-volant-2.jpg?zoom=3&amp;resize=150%2C150 450w\" sizes=\"auto, (max-width: 150px) 100vw, 150px\" \/><\/a>Ce 7 avril 2019, malgr\u00e9 le temps gris\u00e2tre et une nuit de pluie, nous allons voir les jardins \u00e9ph\u00e9m\u00e8res install\u00e9s dans le Jardin Albert 1er \u00e0 Nice. En effet, Nice participe au 2e Festival des Jardins de la C\u00f4te d&rsquo;Azur, \u00e0 l&rsquo;instar de Cannes, Antibes-Juan-Les-Pins, Grasse et Menton. Nous d\u00e9butons la visite du c\u00f4t\u00e9 de l&rsquo;entr\u00e9e de la Promenade des Anglais avec le \u00ab\u00a0Tapis volant\u00a0\u00bb, avec sa jolie composition florale suspendue.<br \/><\/em><\/p>\n<div id=\"attachment_5474\" style=\"width: 160px\" class=\"wp-caption alignright\"><a href=\"https:\/\/i0.wp.com\/www.jojoenherbe.com\/wp-content\/uploads\/2019\/04\/Au-dessus-des-immortelles.jpg\"><img data-recalc-dims=\"1\" loading=\"lazy\" decoding=\"async\" aria-describedby=\"caption-attachment-5474\" data-attachment-id=\"5474\" data-permalink=\"http:\/\/www.jojoenherbe.com\/index.php\/2019\/04\/10\/le-temps-dune-visite-au-festival-des-jardins-de-la-cote-dazur\/au-dessus-des-immortelles\/\" data-orig-file=\"https:\/\/i0.wp.com\/www.jojoenherbe.com\/wp-content\/uploads\/2019\/04\/Au-dessus-des-immortelles.jpg?fit=2863%2C4497\" data-orig-size=\"2863,4497\" data-comments-opened=\"1\" data-image-meta=\"{&quot;aperture&quot;:&quot;3.5&quot;,&quot;credit&quot;:&quot;&quot;,&quot;camera&quot;:&quot;DSC-HX400V&quot;,&quot;caption&quot;:&quot;&quot;,&quot;created_timestamp&quot;:&quot;1554654787&quot;,&quot;copyright&quot;:&quot;&quot;,&quot;focal_length&quot;:&quot;4.3&quot;,&quot;iso&quot;:&quot;80&quot;,&quot;shutter_speed&quot;:&quot;0.002&quot;,&quot;title&quot;:&quot;&quot;,&quot;orientation&quot;:&quot;1&quot;}\" data-image-title=\"Au-dessus des immortelles\" data-image-description=\"\" data-image-caption=\"\" data-large-file=\"https:\/\/i0.wp.com\/www.jojoenherbe.com\/wp-content\/uploads\/2019\/04\/Au-dessus-des-immortelles.jpg?fit=652%2C1024\" class=\"wp-image-5474 size-thumbnail\" src=\"https:\/\/i0.wp.com\/www.jojoenherbe.com\/wp-content\/uploads\/2019\/04\/Au-dessus-des-immortelles.jpg?resize=150%2C150\" alt=\"\" width=\"150\" height=\"150\" srcset=\"https:\/\/i0.wp.com\/www.jojoenherbe.com\/wp-content\/uploads\/2019\/04\/Au-dessus-des-immortelles.jpg?resize=150%2C150 150w, https:\/\/i0.wp.com\/www.jojoenherbe.com\/wp-content\/uploads\/2019\/04\/Au-dessus-des-immortelles.jpg?zoom=2&amp;resize=150%2C150 300w, https:\/\/i0.wp.com\/www.jojoenherbe.com\/wp-content\/uploads\/2019\/04\/Au-dessus-des-immortelles.jpg?zoom=3&amp;resize=150%2C150 450w\" sizes=\"auto, (max-width: 150px) 100vw, 150px\" \/><\/a><p id=\"caption-attachment-5474\" class=\"wp-caption-text\">Au-dessus-des-immortelles<\/p><\/div>\n<p style=\"text-align: justify;\"><em> <a href=\"https:\/\/i0.wp.com\/www.jojoenherbe.com\/wp-content\/uploads\/2019\/04\/Au-dessus-des-immortelles-2.jpg\"><img data-recalc-dims=\"1\" loading=\"lazy\" decoding=\"async\" data-attachment-id=\"5482\" data-permalink=\"http:\/\/www.jojoenherbe.com\/index.php\/2019\/04\/10\/le-temps-dune-visite-au-festival-des-jardins-de-la-cote-dazur\/au-dessus-des-immortelles-2\/\" data-orig-file=\"https:\/\/i0.wp.com\/www.jojoenherbe.com\/wp-content\/uploads\/2019\/04\/Au-dessus-des-immortelles-2.jpg?fit=5184%2C3888\" data-orig-size=\"5184,3888\" data-comments-opened=\"1\" data-image-meta=\"{&quot;aperture&quot;:&quot;5&quot;,&quot;credit&quot;:&quot;&quot;,&quot;camera&quot;:&quot;DSC-HX400V&quot;,&quot;caption&quot;:&quot;&quot;,&quot;created_timestamp&quot;:&quot;1554654758&quot;,&quot;copyright&quot;:&quot;&quot;,&quot;focal_length&quot;:&quot;55.62&quot;,&quot;iso&quot;:&quot;160&quot;,&quot;shutter_speed&quot;:&quot;0.004&quot;,&quot;title&quot;:&quot;&quot;,&quot;orientation&quot;:&quot;1&quot;}\" data-image-title=\"Au-dessus des immortelles 2\" data-image-description=\"\" data-image-caption=\"\" data-large-file=\"https:\/\/i0.wp.com\/www.jojoenherbe.com\/wp-content\/uploads\/2019\/04\/Au-dessus-des-immortelles-2.jpg?fit=676%2C507\" class=\"size-thumbnail wp-image-5482 alignright\" src=\"https:\/\/i0.wp.com\/www.jojoenherbe.com\/wp-content\/uploads\/2019\/04\/Au-dessus-des-immortelles-2.jpg?resize=150%2C150\" alt=\"\" width=\"150\" height=\"150\" srcset=\"https:\/\/i0.wp.com\/www.jojoenherbe.com\/wp-content\/uploads\/2019\/04\/Au-dessus-des-immortelles-2.jpg?resize=150%2C150 150w, https:\/\/i0.wp.com\/www.jojoenherbe.com\/wp-content\/uploads\/2019\/04\/Au-dessus-des-immortelles-2.jpg?zoom=2&amp;resize=150%2C150 300w, https:\/\/i0.wp.com\/www.jojoenherbe.com\/wp-content\/uploads\/2019\/04\/Au-dessus-des-immortelles-2.jpg?zoom=3&amp;resize=150%2C150 450w\" sizes=\"auto, (max-width: 150px) 100vw, 150px\" \/><\/a>Puis nous marchons dans l&rsquo;\u00e9troit sentier myst\u00e9rieux du jardin \u00ab\u00a0Au-dessus des immortelles\u00a0\u00bb. A chaque ouverture, une balan\u00e7oire a \u00e9t\u00e9 suspendue, nous rendant encore plus petits.<\/em><\/p>\n<div id=\"attachment_5486\" style=\"width: 160px\" class=\"wp-caption alignleft\"><a href=\"https:\/\/i0.wp.com\/www.jojoenherbe.com\/wp-content\/uploads\/2019\/04\/R%C3%A9silience-d%C3%A9t%C3%A9.jpg\"><img data-recalc-dims=\"1\" loading=\"lazy\" decoding=\"async\" aria-describedby=\"caption-attachment-5486\" data-attachment-id=\"5486\" data-permalink=\"http:\/\/www.jojoenherbe.com\/index.php\/2019\/04\/10\/le-temps-dune-visite-au-festival-des-jardins-de-la-cote-dazur\/resilience-dete\/\" data-orig-file=\"https:\/\/i0.wp.com\/www.jojoenherbe.com\/wp-content\/uploads\/2019\/04\/R%C3%A9silience-d%C3%A9t%C3%A9.jpg?fit=3577%2C5184\" data-orig-size=\"3577,5184\" data-comments-opened=\"1\" data-image-meta=\"{&quot;aperture&quot;:&quot;3.2&quot;,&quot;credit&quot;:&quot;&quot;,&quot;camera&quot;:&quot;DSC-HX400V&quot;,&quot;caption&quot;:&quot;&quot;,&quot;created_timestamp&quot;:&quot;1554654750&quot;,&quot;copyright&quot;:&quot;&quot;,&quot;focal_length&quot;:&quot;4.3&quot;,&quot;iso&quot;:&quot;80&quot;,&quot;shutter_speed&quot;:&quot;0.004&quot;,&quot;title&quot;:&quot;&quot;,&quot;orientation&quot;:&quot;1&quot;}\" data-image-title=\"R\u00e9silience d&amp;rsquo;\u00e9t\u00e9\" data-image-description=\"\" data-image-caption=\"\" data-large-file=\"https:\/\/i0.wp.com\/www.jojoenherbe.com\/wp-content\/uploads\/2019\/04\/R%C3%A9silience-d%C3%A9t%C3%A9.jpg?fit=676%2C979\" class=\"wp-image-5486 size-thumbnail\" src=\"https:\/\/i0.wp.com\/www.jojoenherbe.com\/wp-content\/uploads\/2019\/04\/R%C3%A9silience-d%C3%A9t%C3%A9.jpg?resize=150%2C150\" alt=\"\" width=\"150\" height=\"150\" srcset=\"https:\/\/i0.wp.com\/www.jojoenherbe.com\/wp-content\/uploads\/2019\/04\/R%C3%A9silience-d%C3%A9t%C3%A9.jpg?resize=150%2C150 150w, https:\/\/i0.wp.com\/www.jojoenherbe.com\/wp-content\/uploads\/2019\/04\/R%C3%A9silience-d%C3%A9t%C3%A9.jpg?zoom=2&amp;resize=150%2C150 300w, https:\/\/i0.wp.com\/www.jojoenherbe.com\/wp-content\/uploads\/2019\/04\/R%C3%A9silience-d%C3%A9t%C3%A9.jpg?zoom=3&amp;resize=150%2C150 450w\" sizes=\"auto, (max-width: 150px) 100vw, 150px\" \/><\/a><p id=\"caption-attachment-5486\" class=\"wp-caption-text\">R\u00e9silience d&rsquo;\u00e9t\u00e9<\/p><\/div>\n<p style=\"text-align: justify;\"><em>Puis nous foulons les pieds du jardin \u00ab\u00a0R\u00e9silience d&rsquo;\u00e9t\u00e9\u00a0\u00bb, interpr\u00e9tation du jardin m\u00e9diterran\u00e9en du futur, grand d\u00e9sert avec de nombreux cactus.<br \/><\/em><\/p>\n<div id=\"attachment_5489\" style=\"width: 160px\" class=\"wp-caption alignright\"><a href=\"https:\/\/i0.wp.com\/www.jojoenherbe.com\/wp-content\/uploads\/2019\/04\/P38-Le-Petit-Prince.jpg\"><img data-recalc-dims=\"1\" loading=\"lazy\" decoding=\"async\" aria-describedby=\"caption-attachment-5489\" data-attachment-id=\"5489\" data-permalink=\"http:\/\/www.jojoenherbe.com\/index.php\/2019\/04\/10\/le-temps-dune-visite-au-festival-des-jardins-de-la-cote-dazur\/p38-le-petit-prince\/\" data-orig-file=\"https:\/\/i0.wp.com\/www.jojoenherbe.com\/wp-content\/uploads\/2019\/04\/P38-Le-Petit-Prince.jpg?fit=4676%2C3659\" data-orig-size=\"4676,3659\" data-comments-opened=\"1\" data-image-meta=\"{&quot;aperture&quot;:&quot;3.2&quot;,&quot;credit&quot;:&quot;&quot;,&quot;camera&quot;:&quot;DSC-HX400V&quot;,&quot;caption&quot;:&quot;&quot;,&quot;created_timestamp&quot;:&quot;1554655262&quot;,&quot;copyright&quot;:&quot;&quot;,&quot;focal_length&quot;:&quot;8.41&quot;,&quot;iso&quot;:&quot;80&quot;,&quot;shutter_speed&quot;:&quot;0.0025&quot;,&quot;title&quot;:&quot;&quot;,&quot;orientation&quot;:&quot;1&quot;}\" data-image-title=\"P38 Le Petit Prince\" data-image-description=\"\" data-image-caption=\"\" data-large-file=\"https:\/\/i0.wp.com\/www.jojoenherbe.com\/wp-content\/uploads\/2019\/04\/P38-Le-Petit-Prince.jpg?fit=676%2C529\" class=\"wp-image-5489 size-thumbnail\" src=\"https:\/\/i0.wp.com\/www.jojoenherbe.com\/wp-content\/uploads\/2019\/04\/P38-Le-Petit-Prince.jpg?resize=150%2C150\" alt=\"\" width=\"150\" height=\"150\" srcset=\"https:\/\/i0.wp.com\/www.jojoenherbe.com\/wp-content\/uploads\/2019\/04\/P38-Le-Petit-Prince.jpg?resize=150%2C150 150w, https:\/\/i0.wp.com\/www.jojoenherbe.com\/wp-content\/uploads\/2019\/04\/P38-Le-Petit-Prince.jpg?zoom=2&amp;resize=150%2C150 300w, https:\/\/i0.wp.com\/www.jojoenherbe.com\/wp-content\/uploads\/2019\/04\/P38-Le-Petit-Prince.jpg?zoom=3&amp;resize=150%2C150 450w\" sizes=\"auto, (max-width: 150px) 100vw, 150px\" \/><\/a><p id=\"caption-attachment-5489\" class=\"wp-caption-text\">P38, Le Petit Prince<\/p><\/div>\n<p style=\"text-align: justify;\"><em>Nous restons un moment au niveau du jardin sous-marin, \u00ab\u00a0P38, Le Petit Prince\u00a0\u00bb, hommage \u00e0 Antoine de Saint-Exup\u00e9ry et aux nombreux aviateurs ayant travers\u00e9 les mers et oc\u00e9ans, parfois au prix de leur vie. Le Raid A\u00e9ropostale Lat\u00e9co\u00e8re a mis \u00e0 disposition des feuilles pour \u00e9crire des messages qui seront envoy\u00e9s \u00e0 des enfants d&rsquo;Am\u00e9rique du Sud et d&rsquo;Afrique fin septembre 2019. Sur une table d&rsquo;\u00e9colier, la plupart des enfants ont dessin\u00e9 un avion comme message.<\/em><\/p>\n<p style=\"text-align: justify;\"><em><a href=\"https:\/\/i0.wp.com\/www.jojoenherbe.com\/wp-content\/uploads\/2019\/04\/Jardin-Albert-1er-Nice.jpg\"><img data-recalc-dims=\"1\" loading=\"lazy\" decoding=\"async\" data-attachment-id=\"5484\" data-permalink=\"http:\/\/www.jojoenherbe.com\/index.php\/2019\/04\/10\/le-temps-dune-visite-au-festival-des-jardins-de-la-cote-dazur\/jardin-albert-1er-nice\/\" data-orig-file=\"https:\/\/i0.wp.com\/www.jojoenherbe.com\/wp-content\/uploads\/2019\/04\/Jardin-Albert-1er-Nice.jpg?fit=3888%2C5184\" data-orig-size=\"3888,5184\" data-comments-opened=\"1\" data-image-meta=\"{&quot;aperture&quot;:&quot;4&quot;,&quot;credit&quot;:&quot;&quot;,&quot;camera&quot;:&quot;DSC-HX400V&quot;,&quot;caption&quot;:&quot;&quot;,&quot;created_timestamp&quot;:&quot;1554654511&quot;,&quot;copyright&quot;:&quot;&quot;,&quot;focal_length&quot;:&quot;16.71&quot;,&quot;iso&quot;:&quot;125&quot;,&quot;shutter_speed&quot;:&quot;0.01&quot;,&quot;title&quot;:&quot;&quot;,&quot;orientation&quot;:&quot;1&quot;}\" data-image-title=\"Jardin Albert 1er &amp;#8211; Nice\" data-image-description=\"\" data-image-caption=\"\" data-large-file=\"https:\/\/i0.wp.com\/www.jojoenherbe.com\/wp-content\/uploads\/2019\/04\/Jardin-Albert-1er-Nice.jpg?fit=676%2C901\" class=\"alignleft size-thumbnail wp-image-5484\" src=\"https:\/\/i0.wp.com\/www.jojoenherbe.com\/wp-content\/uploads\/2019\/04\/Jardin-Albert-1er-Nice.jpg?resize=150%2C150\" alt=\"\" width=\"150\" height=\"150\" srcset=\"https:\/\/i0.wp.com\/www.jojoenherbe.com\/wp-content\/uploads\/2019\/04\/Jardin-Albert-1er-Nice.jpg?resize=150%2C150 150w, https:\/\/i0.wp.com\/www.jojoenherbe.com\/wp-content\/uploads\/2019\/04\/Jardin-Albert-1er-Nice.jpg?zoom=2&amp;resize=150%2C150 300w, https:\/\/i0.wp.com\/www.jojoenherbe.com\/wp-content\/uploads\/2019\/04\/Jardin-Albert-1er-Nice.jpg?zoom=3&amp;resize=150%2C150 450w\" sizes=\"auto, (max-width: 150px) 100vw, 150px\" \/><\/a> <a href=\"https:\/\/i0.wp.com\/www.jojoenherbe.com\/wp-content\/uploads\/2019\/04\/Jardin-Albert-1er-Nice-2.jpg\"><img data-recalc-dims=\"1\" loading=\"lazy\" decoding=\"async\" data-attachment-id=\"5480\" data-permalink=\"http:\/\/www.jojoenherbe.com\/index.php\/2019\/04\/10\/le-temps-dune-visite-au-festival-des-jardins-de-la-cote-dazur\/jardin-albert-1er-nice-2\/\" data-orig-file=\"https:\/\/i0.wp.com\/www.jojoenherbe.com\/wp-content\/uploads\/2019\/04\/Jardin-Albert-1er-Nice-2.jpg?fit=5184%2C3888\" data-orig-size=\"5184,3888\" data-comments-opened=\"1\" data-image-meta=\"{&quot;aperture&quot;:&quot;4&quot;,&quot;credit&quot;:&quot;&quot;,&quot;camera&quot;:&quot;DSC-HX400V&quot;,&quot;caption&quot;:&quot;&quot;,&quot;created_timestamp&quot;:&quot;1554654550&quot;,&quot;copyright&quot;:&quot;&quot;,&quot;focal_length&quot;:&quot;16.71&quot;,&quot;iso&quot;:&quot;250&quot;,&quot;shutter_speed&quot;:&quot;0.01&quot;,&quot;title&quot;:&quot;&quot;,&quot;orientation&quot;:&quot;1&quot;}\" data-image-title=\"Jardin Albert 1er &amp;#8211; Nice 2\" data-image-description=\"\" data-image-caption=\"\" data-large-file=\"https:\/\/i0.wp.com\/www.jojoenherbe.com\/wp-content\/uploads\/2019\/04\/Jardin-Albert-1er-Nice-2.jpg?fit=676%2C507\" class=\"alignleft size-thumbnail wp-image-5480\" src=\"https:\/\/i0.wp.com\/www.jojoenherbe.com\/wp-content\/uploads\/2019\/04\/Jardin-Albert-1er-Nice-2.jpg?resize=150%2C150\" alt=\"\" width=\"150\" height=\"150\" srcset=\"https:\/\/i0.wp.com\/www.jojoenherbe.com\/wp-content\/uploads\/2019\/04\/Jardin-Albert-1er-Nice-2.jpg?resize=150%2C150 150w, https:\/\/i0.wp.com\/www.jojoenherbe.com\/wp-content\/uploads\/2019\/04\/Jardin-Albert-1er-Nice-2.jpg?zoom=2&amp;resize=150%2C150 300w, https:\/\/i0.wp.com\/www.jojoenherbe.com\/wp-content\/uploads\/2019\/04\/Jardin-Albert-1er-Nice-2.jpg?zoom=3&amp;resize=150%2C150 450w\" sizes=\"auto, (max-width: 150px) 100vw, 150px\" \/><\/a>Nous passons \u00e0 c\u00f4t\u00e9 de l&rsquo;Arc de Venet pour marcher \u00e0 travers les d\u00e9dales de \u00ab\u00a0La fabuleuse for\u00eat de Neseae\u00a0\u00bb, (d\u00e9esse des rivi\u00e8res), m\u00e9lange onirique de for\u00eats m\u00e9diterran\u00e9enne, lunaire et humide, avec ici et l\u00e0 des carillons. Puis nous quittons le Jardin Albert 1er du c\u00f4t\u00e9 de la place Mass\u00e9na pour rentrer chez nous.<\/em><\/p>\n<p><iframe loading=\"lazy\" style=\"border: 0;\" src=\"https:\/\/www.google.com\/maps\/embed?pb=!1m18!1m12!1m3!1d2884.7115958348604!2d7.266131715499144!3d43.695758879119985!2m3!1f0!2f0!3f0!3m2!1i1024!2i768!4f13.1!3m3!1m2!1s0x12cddaa1075ee81f%3A0x827b46f3d32fcc86!2sJardin+Albert+1er!5e0!3m2!1sfr!2sfr!4v1554840289447!5m2!1sfr!2sfr\" width=\"400\" height=\"300\" frameborder=\"0\" allowfullscreen=\"allowfullscreen\"><\/iframe><\/p>\n\n\n<p> <\/p>\n","protected":false},"excerpt":{"rendered":"<p>Ce 7 avril 2019, malgr\u00e9 le temps gris\u00e2tre et une nuit de pluie, nous allons voir les jardins \u00e9ph\u00e9m\u00e8res install\u00e9s dans le Jardin Albert 1er \u00e0 Nice. En effet, Nice participe au 2e Festival des Jardins de la C\u00f4te d&rsquo;Azur, \u00e0 l&rsquo;instar de Cannes, Antibes-Juan-Les-Pins, Grasse et Menton. Nous d\u00e9butons la visite du c\u00f4t\u00e9 de [&hellip;]<\/p>\n","protected":false},"author":1,"featured_media":5483,"comment_status":"open","ping_status":"open","sticky":false,"template":"","format":"standard","meta":{"jetpack_post_was_ever_published":false,"_jetpack_newsletter_access":"","_jetpack_dont_email_post_to_subs":false,"_jetpack_newsletter_tier_id":0,"_jetpack_memberships_contains_paywalled_content":false,"_jetpack_memberships_contains_paid_content":false,"footnotes":""},"categories":[4],"tags":[20,25,536,534,533,535,38,47],"class_list":["post-5473","post","type-post","status-publish","format-standard","has-post-thumbnail","hentry","category-mini-visiteur","tag-activites-pour-les-enfants","tag-alpes-maritimes","tag-cote-dazur","tag-festivals","tag-jardin-albert-1er","tag-jardins-ephemeres","tag-nice","tag-parcs-et-jardins","post-preview"],"jetpack_featured_media_url":"https:\/\/i0.wp.com\/www.jojoenherbe.com\/wp-content\/uploads\/2019\/04\/Jardin-Albert-1er-Nice-3.jpg?fit=3888%2C5184","jetpack_sharing_enabled":true,"jetpack_shortlink":"https:\/\/wp.me\/p9zhGx-1qh","jetpack_likes_enabled":true,"jetpack-related-posts":[{"id":4732,"url":"http:\/\/www.jojoenherbe.com\/index.php\/2019\/02\/23\/le-temps-dune-visite-a-la-fete-du-citron\/","url_meta":{"origin":5473,"position":0},"title":"Le temps d&rsquo;une visite \u00e0 la F\u00eate du Citron","author":"Jojo","date":"23 f\u00e9vrier 2019","format":false,"excerpt":"Ce 21 f\u00e9vrier 2019, nous allons en train \u00e0 Menton pour la 86\u00e8me F\u00eate du Citron. L'exposition des motifs d'agrumes a lieu dans les jardins Biov\u00e8s, \u00e0 quelques centaines de m\u00e8tres de la gare. Cette ann\u00e9e, le th\u00e8me est celui des \"Mondes Fantastiques\". Les sculptures de citrons et d'oranges sont\u2026","rel":"","context":"Dans &quot;Mini visiteur&quot;","block_context":{"text":"Mini visiteur","link":"http:\/\/www.jojoenherbe.com\/index.php\/category\/mini-crapahuteur\/mini-visiteur\/"},"img":{"alt_text":"","src":"https:\/\/i0.wp.com\/www.jojoenherbe.com\/wp-content\/uploads\/2019\/02\/F%C3%AAte-du-citron-8.jpg?fit=816%2C1200&resize=350%2C200","width":350,"height":200,"srcset":"https:\/\/i0.wp.com\/www.jojoenherbe.com\/wp-content\/uploads\/2019\/02\/F%C3%AAte-du-citron-8.jpg?fit=816%2C1200&resize=350%2C200 1x, https:\/\/i0.wp.com\/www.jojoenherbe.com\/wp-content\/uploads\/2019\/02\/F%C3%AAte-du-citron-8.jpg?fit=816%2C1200&resize=525%2C300 1.5x, https:\/\/i0.wp.com\/www.jojoenherbe.com\/wp-content\/uploads\/2019\/02\/F%C3%AAte-du-citron-8.jpg?fit=816%2C1200&resize=700%2C400 2x"},"classes":[]},{"id":38542,"url":"http:\/\/www.jojoenherbe.com\/index.php\/2025\/03\/29\/le-temps-dune-visite-a-la-fete-du-citron-2025\/","url_meta":{"origin":5473,"position":1},"title":"Le temps d&rsquo;une visite \u00e0 la F\u00eate du Citron 2025","author":"Jojo","date":"29 mars 2025","format":false,"excerpt":"Nous sommes all\u00e9s, en train, \u00e0 Menton, le 2 mars 2025, dernier jour de l'\u00e9dition 2025 de la F\u00eate du Citron dont le th\u00e8me \u00e9tait \"Voyages dans les \u00e9toiles\" et qui a \u00e9t\u00e9 grandement appr\u00e9ci\u00e9 par mon mini lutin. Encore une \u00e9dition fort r\u00e9ussie! L\u2019exposition des motifs d\u2019agrumes a eu\u2026","rel":"","context":"Dans &quot;Mini visiteur&quot;","block_context":{"text":"Mini visiteur","link":"http:\/\/www.jojoenherbe.com\/index.php\/category\/mini-crapahuteur\/mini-visiteur\/"},"img":{"alt_text":"","src":"https:\/\/i0.wp.com\/www.jojoenherbe.com\/wp-content\/uploads\/2025\/03\/Fete-du-Citron-2025-logo.jpg?fit=1200%2C675&resize=350%2C200","width":350,"height":200,"srcset":"https:\/\/i0.wp.com\/www.jojoenherbe.com\/wp-content\/uploads\/2025\/03\/Fete-du-Citron-2025-logo.jpg?fit=1200%2C675&resize=350%2C200 1x, https:\/\/i0.wp.com\/www.jojoenherbe.com\/wp-content\/uploads\/2025\/03\/Fete-du-Citron-2025-logo.jpg?fit=1200%2C675&resize=525%2C300 1.5x, https:\/\/i0.wp.com\/www.jojoenherbe.com\/wp-content\/uploads\/2025\/03\/Fete-du-Citron-2025-logo.jpg?fit=1200%2C675&resize=700%2C400 2x, https:\/\/i0.wp.com\/www.jojoenherbe.com\/wp-content\/uploads\/2025\/03\/Fete-du-Citron-2025-logo.jpg?fit=1200%2C675&resize=1050%2C600 3x"},"classes":[]},{"id":2157,"url":"http:\/\/www.jojoenherbe.com\/index.php\/2018\/04\/03\/eau-turquoise-a-nice\/","url_meta":{"origin":5473,"position":2},"title":"Eau turquoise \u00e0 Nice","author":"Jojo","date":"3 avril 2018","format":false,"excerpt":"Ce 1er avril apr\u00e8s-midi, nous sortons balader du port de Nice \u00e0 la colline du Ch\u00e2teau, les deux sites \u00e9tant envahis de touristes et de promeneurs du dimanche. Soleil, vent et vagues frappant les rochers transforment les bords de la Mer M\u00e9diterran\u00e9e en eau d'une belle couleur turquoise. Les plages\u2026","rel":"","context":"Dans &quot;Mini visiteur&quot;","block_context":{"text":"Mini visiteur","link":"http:\/\/www.jojoenherbe.com\/index.php\/category\/mini-crapahuteur\/mini-visiteur\/"},"img":{"alt_text":"","src":"https:\/\/i0.wp.com\/www.jojoenherbe.com\/wp-content\/uploads\/2018\/04\/Nice-3.jpg?fit=900%2C1200&resize=350%2C200","width":350,"height":200,"srcset":"https:\/\/i0.wp.com\/www.jojoenherbe.com\/wp-content\/uploads\/2018\/04\/Nice-3.jpg?fit=900%2C1200&resize=350%2C200 1x, https:\/\/i0.wp.com\/www.jojoenherbe.com\/wp-content\/uploads\/2018\/04\/Nice-3.jpg?fit=900%2C1200&resize=525%2C300 1.5x, https:\/\/i0.wp.com\/www.jojoenherbe.com\/wp-content\/uploads\/2018\/04\/Nice-3.jpg?fit=900%2C1200&resize=700%2C400 2x"},"classes":[]},{"id":35172,"url":"http:\/\/www.jojoenherbe.com\/index.php\/2024\/03\/13\/la-nature-au-fil-de-lannee-2024\/","url_meta":{"origin":5473,"position":3},"title":"La Nature au fil des saisons 2024","author":"Jojo","date":"13 mars 2024","format":false,"excerpt":"Au d\u00e9tour des rues, parcs et jardins de Nice, nous avons pris le temps d'observer la Nature et en particulier les beaux magnolias en fleurs. Le printemps est dans l'air en ces derniers jours hivernaux, apr\u00e8s des jours de pluie. Voici un petit montage-photo de quelques photos prises cet apr\u00e8s-midi.\u2026","rel":"","context":"Dans &quot;mini photographe&quot;","block_context":{"text":"mini photographe","link":"http:\/\/www.jojoenherbe.com\/index.php\/category\/mini-photographe\/"},"img":{"alt_text":"","src":"https:\/\/i0.wp.com\/www.jojoenherbe.com\/wp-content\/uploads\/2024\/03\/Magnolias-Nice.jpg?fit=1200%2C960&resize=350%2C200","width":350,"height":200,"srcset":"https:\/\/i0.wp.com\/www.jojoenherbe.com\/wp-content\/uploads\/2024\/03\/Magnolias-Nice.jpg?fit=1200%2C960&resize=350%2C200 1x, https:\/\/i0.wp.com\/www.jojoenherbe.com\/wp-content\/uploads\/2024\/03\/Magnolias-Nice.jpg?fit=1200%2C960&resize=525%2C300 1.5x, https:\/\/i0.wp.com\/www.jojoenherbe.com\/wp-content\/uploads\/2024\/03\/Magnolias-Nice.jpg?fit=1200%2C960&resize=700%2C400 2x, https:\/\/i0.wp.com\/www.jojoenherbe.com\/wp-content\/uploads\/2024\/03\/Magnolias-Nice.jpg?fit=1200%2C960&resize=1050%2C600 3x"},"classes":[]},{"id":28861,"url":"http:\/\/www.jojoenherbe.com\/index.php\/2022\/12\/28\/melis-melos-des-marches-de-noel-2022\/","url_meta":{"origin":5473,"position":4},"title":"M\u00e9lis-m\u00e9los des march\u00e9s de No\u00ebl 2022","author":"Jojo","date":"28 d\u00e9cembre 2022","format":false,"excerpt":"Comme chaque ann\u00e9e \u00e0 No\u00ebl, nous avons profit\u00e9 des vacances pour faire quelques march\u00e9s de No\u00ebl. Le march\u00e9 de No\u00ebl de Nice En fin d'apr\u00e8s-midi, une fois la nuit tomb\u00e9e, le 20 d\u00e9cembre 2022, nous sommes all\u00e9s, apr\u00e8s un passage \u00e0 la m\u00e9diath\u00e8que, au march\u00e9 de No\u00ebl, en passant d'abord\u2026","rel":"","context":"Dans &quot;Mini visiteur&quot;","block_context":{"text":"Mini visiteur","link":"http:\/\/www.jojoenherbe.com\/index.php\/category\/mini-crapahuteur\/mini-visiteur\/"},"img":{"alt_text":"","src":"https:\/\/i0.wp.com\/www.jojoenherbe.com\/wp-content\/uploads\/2022\/12\/Marche-de-Noel-St-Raphael-2022-3-scaled.jpg?fit=900%2C1200&resize=350%2C200","width":350,"height":200,"srcset":"https:\/\/i0.wp.com\/www.jojoenherbe.com\/wp-content\/uploads\/2022\/12\/Marche-de-Noel-St-Raphael-2022-3-scaled.jpg?fit=900%2C1200&resize=350%2C200 1x, https:\/\/i0.wp.com\/www.jojoenherbe.com\/wp-content\/uploads\/2022\/12\/Marche-de-Noel-St-Raphael-2022-3-scaled.jpg?fit=900%2C1200&resize=525%2C300 1.5x, https:\/\/i0.wp.com\/www.jojoenherbe.com\/wp-content\/uploads\/2022\/12\/Marche-de-Noel-St-Raphael-2022-3-scaled.jpg?fit=900%2C1200&resize=700%2C400 2x"},"classes":[]},{"id":2842,"url":"http:\/\/www.jojoenherbe.com\/index.php\/2014\/07\/29\/le-jardin-exotique-deze\/","url_meta":{"origin":5473,"position":5},"title":"Le jardin exotique d&rsquo;Eze","author":"Jojo","date":"29 juillet 2014","format":false,"excerpt":"Ce 27 juillet 2014, nous finissons notre apr\u00e8s-midi par la visite du jardin exotique d'Eze. Le jardin a \u00e9t\u00e9 am\u00e9nag\u00e9 au sommet des ruines de l'ancien ch\u00e2teau en 1949. Outre ces ruines, la v\u00e9g\u00e9tation se m\u00e9langent, depuis 2004, avec les sculptures aux formes f\u00e9minines de Jean-Philippe Richard, les \"D\u00e9esses de\u2026","rel":"","context":"Dans &quot;Mini visiteur&quot;","block_context":{"text":"Mini visiteur","link":"http:\/\/www.jojoenherbe.com\/index.php\/category\/mini-crapahuteur\/mini-visiteur\/"},"img":{"alt_text":"","src":"https:\/\/i0.wp.com\/www.jojoenherbe.com\/wp-content\/uploads\/2018\/06\/Jardin-exotique-Eze-9.jpg?fit=900%2C1200&resize=350%2C200","width":350,"height":200,"srcset":"https:\/\/i0.wp.com\/www.jojoenherbe.com\/wp-content\/uploads\/2018\/06\/Jardin-exotique-Eze-9.jpg?fit=900%2C1200&resize=350%2C200 1x, https:\/\/i0.wp.com\/www.jojoenherbe.com\/wp-content\/uploads\/2018\/06\/Jardin-exotique-Eze-9.jpg?fit=900%2C1200&resize=525%2C300 1.5x, https:\/\/i0.wp.com\/www.jojoenherbe.com\/wp-content\/uploads\/2018\/06\/Jardin-exotique-Eze-9.jpg?fit=900%2C1200&resize=700%2C400 2x"},"classes":[]}],"_links":{"self":[{"href":"http:\/\/www.jojoenherbe.com\/index.php\/wp-json\/wp\/v2\/posts\/5473","targetHints":{"allow":["GET"]}}],"collection":[{"href":"http:\/\/www.jojoenherbe.com\/index.php\/wp-json\/wp\/v2\/posts"}],"about":[{"href":"http:\/\/www.jojoenherbe.com\/index.php\/wp-json\/wp\/v2\/types\/post"}],"author":[{"embeddable":true,"href":"http:\/\/www.jojoenherbe.com\/index.php\/wp-json\/wp\/v2\/users\/1"}],"replies":[{"embeddable":true,"href":"http:\/\/www.jojoenherbe.com\/index.php\/wp-json\/wp\/v2\/comments?post=5473"}],"version-history":[{"count":0,"href":"http:\/\/www.jojoenherbe.com\/index.php\/wp-json\/wp\/v2\/posts\/5473\/revisions"}],"wp:featuredmedia":[{"embeddable":true,"href":"http:\/\/www.jojoenherbe.com\/index.php\/wp-json\/wp\/v2\/media\/5483"}],"wp:attachment":[{"href":"http:\/\/www.jojoenherbe.com\/index.php\/wp-json\/wp\/v2\/media?parent=5473"}],"wp:term":[{"taxonomy":"category","embeddable":true,"href":"http:\/\/www.jojoenherbe.com\/index.php\/wp-json\/wp\/v2\/categories?post=5473"},{"taxonomy":"post_tag","embeddable":true,"href":"http:\/\/www.jojoenherbe.com\/index.php\/wp-json\/wp\/v2\/tags?post=5473"}],"curies":[{"name":"wp","href":"https:\/\/api.w.org\/{rel}","templated":true}]}}