{"id":5377,"date":"2019-04-20T11:06:57","date_gmt":"2019-04-20T09:06:57","guid":{"rendered":"http:\/\/www.jojoenherbe.com\/?p=5377"},"modified":"2023-01-25T14:05:18","modified_gmt":"2023-01-25T13:05:18","slug":"au-fil-des-pages-sur-le-theme-de-paques","status":"publish","type":"post","link":"http:\/\/www.jojoenherbe.com\/index.php\/2019\/04\/20\/au-fil-des-pages-sur-le-theme-de-paques\/","title":{"rendered":"Au fil des pages sur le th\u00e8me de P\u00e2ques"},"content":{"rendered":"<p style=\"text-align: justify;\"><em>Ce mois-ci, le th\u00e8me du rendez-vous \u00ab\u00a0Et dans leur biblioth\u00e8que il y a&#8230;\u00a0\u00bb est P\u00e2ques. Nous n&rsquo;avons pas attendu le 20 avril pour commencer \u00e0 lire ou relire des albums jeunesse sur cette f\u00eate. Voici les n\u00f4tres, sans ordre de pr\u00e9f\u00e9rence et la plupart \u00e0 partir de 3 ans (voire m\u00eame bien avant).<br \/>\n<\/em><\/p>\n<p style=\"text-align: justify;\"><em><a href=\"https:\/\/i0.wp.com\/www.jojoenherbe.com\/wp-content\/uploads\/2019\/04\/Tchoupi-cherche-les-oeufs-de-P%C3%A2ques.jpg\"><img data-recalc-dims=\"1\" loading=\"lazy\" decoding=\"async\" data-attachment-id=\"5550\" data-permalink=\"http:\/\/www.jojoenherbe.com\/index.php\/2019\/04\/20\/au-fil-des-pages-sur-le-theme-de-paques\/tchoupi-cherche-les-oeufs-de-paques\/\" data-orig-file=\"https:\/\/i0.wp.com\/www.jojoenherbe.com\/wp-content\/uploads\/2019\/04\/Tchoupi-cherche-les-oeufs-de-P%C3%A2ques.jpg?fit=2444%2C2930\" data-orig-size=\"2444,2930\" data-comments-opened=\"1\" data-image-meta=\"{&quot;aperture&quot;:&quot;2.4&quot;,&quot;credit&quot;:&quot;&quot;,&quot;camera&quot;:&quot;iPhone 4S&quot;,&quot;caption&quot;:&quot;&quot;,&quot;created_timestamp&quot;:&quot;1555336072&quot;,&quot;copyright&quot;:&quot;&quot;,&quot;focal_length&quot;:&quot;4.28&quot;,&quot;iso&quot;:&quot;320&quot;,&quot;shutter_speed&quot;:&quot;0.05&quot;,&quot;title&quot;:&quot;&quot;,&quot;orientation&quot;:&quot;1&quot;}\" data-image-title=\"T&amp;rsquo;choupi cherche les oeufs de P\u00e2ques\" data-image-description=\"\" data-image-caption=\"\" data-large-file=\"https:\/\/i0.wp.com\/www.jojoenherbe.com\/wp-content\/uploads\/2019\/04\/Tchoupi-cherche-les-oeufs-de-P%C3%A2ques.jpg?fit=676%2C811\" class=\"alignleft size-thumbnail wp-image-5550\" src=\"https:\/\/i0.wp.com\/www.jojoenherbe.com\/wp-content\/uploads\/2019\/04\/Tchoupi-cherche-les-oeufs-de-P%C3%A2ques.jpg?resize=150%2C150\" alt=\"\" width=\"150\" height=\"150\" srcset=\"https:\/\/i0.wp.com\/www.jojoenherbe.com\/wp-content\/uploads\/2019\/04\/Tchoupi-cherche-les-oeufs-de-P%C3%A2ques.jpg?resize=150%2C150 150w, https:\/\/i0.wp.com\/www.jojoenherbe.com\/wp-content\/uploads\/2019\/04\/Tchoupi-cherche-les-oeufs-de-P%C3%A2ques.jpg?zoom=2&amp;resize=150%2C150 300w, https:\/\/i0.wp.com\/www.jojoenherbe.com\/wp-content\/uploads\/2019\/04\/Tchoupi-cherche-les-oeufs-de-P%C3%A2ques.jpg?zoom=3&amp;resize=150%2C150 450w\" sizes=\"auto, (max-width: 150px) 100vw, 150px\" \/><\/a> <a href=\"https:\/\/i0.wp.com\/www.jojoenherbe.com\/wp-content\/uploads\/2019\/04\/Tchoupi-cherche-les-oeufs-de-P%C3%A2ques-2.jpg\"><img data-recalc-dims=\"1\" loading=\"lazy\" decoding=\"async\" data-attachment-id=\"5549\" data-permalink=\"http:\/\/www.jojoenherbe.com\/index.php\/2019\/04\/20\/au-fil-des-pages-sur-le-theme-de-paques\/tchoupi-cherche-les-oeufs-de-paques-2\/\" data-orig-file=\"https:\/\/i0.wp.com\/www.jojoenherbe.com\/wp-content\/uploads\/2019\/04\/Tchoupi-cherche-les-oeufs-de-P%C3%A2ques-2.jpg?fit=2977%2C2160\" data-orig-size=\"2977,2160\" data-comments-opened=\"1\" data-image-meta=\"{&quot;aperture&quot;:&quot;2.4&quot;,&quot;credit&quot;:&quot;&quot;,&quot;camera&quot;:&quot;iPhone 4S&quot;,&quot;caption&quot;:&quot;&quot;,&quot;created_timestamp&quot;:&quot;1555336066&quot;,&quot;copyright&quot;:&quot;&quot;,&quot;focal_length&quot;:&quot;4.28&quot;,&quot;iso&quot;:&quot;250&quot;,&quot;shutter_speed&quot;:&quot;0.05&quot;,&quot;title&quot;:&quot;&quot;,&quot;orientation&quot;:&quot;1&quot;}\" data-image-title=\"T&amp;rsquo;choupi cherche les oeufs de P\u00e2ques 2\" data-image-description=\"\" data-image-caption=\"\" data-large-file=\"https:\/\/i0.wp.com\/www.jojoenherbe.com\/wp-content\/uploads\/2019\/04\/Tchoupi-cherche-les-oeufs-de-P%C3%A2ques-2.jpg?fit=676%2C490\" class=\"alignleft size-thumbnail wp-image-5549\" src=\"https:\/\/i0.wp.com\/www.jojoenherbe.com\/wp-content\/uploads\/2019\/04\/Tchoupi-cherche-les-oeufs-de-P%C3%A2ques-2.jpg?resize=150%2C150\" alt=\"\" width=\"150\" height=\"150\" srcset=\"https:\/\/i0.wp.com\/www.jojoenherbe.com\/wp-content\/uploads\/2019\/04\/Tchoupi-cherche-les-oeufs-de-P%C3%A2ques-2.jpg?resize=150%2C150 150w, https:\/\/i0.wp.com\/www.jojoenherbe.com\/wp-content\/uploads\/2019\/04\/Tchoupi-cherche-les-oeufs-de-P%C3%A2ques-2.jpg?zoom=2&amp;resize=150%2C150 300w, https:\/\/i0.wp.com\/www.jojoenherbe.com\/wp-content\/uploads\/2019\/04\/Tchoupi-cherche-les-oeufs-de-P%C3%A2ques-2.jpg?zoom=3&amp;resize=150%2C150 450w\" sizes=\"auto, (max-width: 150px) 100vw, 150px\" \/><\/a>De l&rsquo;ann\u00e9e derni\u00e8re, nous avions <strong><span style=\"text-decoration: underline;\">T&rsquo;choupi cherche les \u0153ufs de P\u00e2ques<\/span><\/strong> de Thierry Courtin (\u00e9d. Nathan, 2017). Les grands-parents ont organis\u00e9 une chasse aux \u0153ufs dans leur jardin. Mais il n&rsquo;est pas si simple de les trouver. Heureusement, T&rsquo;choupi va pouvoir compter sur ses grands-parents. Un joli moment de complicit\u00e9 et de partage avec les grands-parents!<br \/>\n<\/em><\/p>\n<p style=\"text-align: justify;\"><em><a href=\"https:\/\/i0.wp.com\/www.jojoenherbe.com\/wp-content\/uploads\/2019\/04\/Petit-Lapin-Blanc-et-les-oeufs-de-P%C3%A2ques-2.jpg\"><img data-recalc-dims=\"1\" loading=\"lazy\" decoding=\"async\" data-attachment-id=\"5551\" data-permalink=\"http:\/\/www.jojoenherbe.com\/index.php\/2019\/04\/20\/au-fil-des-pages-sur-le-theme-de-paques\/petit-lapin-blanc-et-les-oeufs-de-paques-2\/\" data-orig-file=\"https:\/\/i0.wp.com\/www.jojoenherbe.com\/wp-content\/uploads\/2019\/04\/Petit-Lapin-Blanc-et-les-oeufs-de-P%C3%A2ques-2.jpg?fit=3264%2C2448\" data-orig-size=\"3264,2448\" data-comments-opened=\"1\" data-image-meta=\"{&quot;aperture&quot;:&quot;2.4&quot;,&quot;credit&quot;:&quot;&quot;,&quot;camera&quot;:&quot;iPhone 4S&quot;,&quot;caption&quot;:&quot;&quot;,&quot;created_timestamp&quot;:&quot;1555336226&quot;,&quot;copyright&quot;:&quot;&quot;,&quot;focal_length&quot;:&quot;4.28&quot;,&quot;iso&quot;:&quot;250&quot;,&quot;shutter_speed&quot;:&quot;0.05&quot;,&quot;title&quot;:&quot;&quot;,&quot;orientation&quot;:&quot;1&quot;}\" data-image-title=\"Petit Lapin Blanc et les oeufs de P\u00e2ques 2\" data-image-description=\"\" data-image-caption=\"\" data-large-file=\"https:\/\/i0.wp.com\/www.jojoenherbe.com\/wp-content\/uploads\/2019\/04\/Petit-Lapin-Blanc-et-les-oeufs-de-P%C3%A2ques-2.jpg?fit=676%2C507\" class=\"size-thumbnail wp-image-5551 alignright\" src=\"https:\/\/i0.wp.com\/www.jojoenherbe.com\/wp-content\/uploads\/2019\/04\/Petit-Lapin-Blanc-et-les-oeufs-de-P%C3%A2ques-2.jpg?resize=150%2C150\" alt=\"\" width=\"150\" height=\"150\" srcset=\"https:\/\/i0.wp.com\/www.jojoenherbe.com\/wp-content\/uploads\/2019\/04\/Petit-Lapin-Blanc-et-les-oeufs-de-P%C3%A2ques-2.jpg?resize=150%2C150 150w, https:\/\/i0.wp.com\/www.jojoenherbe.com\/wp-content\/uploads\/2019\/04\/Petit-Lapin-Blanc-et-les-oeufs-de-P%C3%A2ques-2.jpg?zoom=2&amp;resize=150%2C150 300w, https:\/\/i0.wp.com\/www.jojoenherbe.com\/wp-content\/uploads\/2019\/04\/Petit-Lapin-Blanc-et-les-oeufs-de-P%C3%A2ques-2.jpg?zoom=3&amp;resize=150%2C150 450w\" sizes=\"auto, (max-width: 150px) 100vw, 150px\" \/><\/a> <a href=\"https:\/\/i0.wp.com\/www.jojoenherbe.com\/wp-content\/uploads\/2019\/04\/Petit-Lapin-Blanc-et-les-oeufs-de-P%C3%A2ques.jpg\"><img data-recalc-dims=\"1\" loading=\"lazy\" decoding=\"async\" data-attachment-id=\"5552\" data-permalink=\"http:\/\/www.jojoenherbe.com\/index.php\/2019\/04\/20\/au-fil-des-pages-sur-le-theme-de-paques\/petit-lapin-blanc-et-les-oeufs-de-paques\/\" data-orig-file=\"https:\/\/i0.wp.com\/www.jojoenherbe.com\/wp-content\/uploads\/2019\/04\/Petit-Lapin-Blanc-et-les-oeufs-de-P%C3%A2ques.jpg?fit=2244%2C2649\" data-orig-size=\"2244,2649\" data-comments-opened=\"1\" data-image-meta=\"{&quot;aperture&quot;:&quot;2.4&quot;,&quot;credit&quot;:&quot;&quot;,&quot;camera&quot;:&quot;iPhone 4S&quot;,&quot;caption&quot;:&quot;&quot;,&quot;created_timestamp&quot;:&quot;1555336199&quot;,&quot;copyright&quot;:&quot;&quot;,&quot;focal_length&quot;:&quot;4.28&quot;,&quot;iso&quot;:&quot;250&quot;,&quot;shutter_speed&quot;:&quot;0.05&quot;,&quot;title&quot;:&quot;&quot;,&quot;orientation&quot;:&quot;1&quot;}\" data-image-title=\"Petit Lapin Blanc et les oeufs de P\u00e2ques\" data-image-description=\"\" data-image-caption=\"\" data-large-file=\"https:\/\/i0.wp.com\/www.jojoenherbe.com\/wp-content\/uploads\/2019\/04\/Petit-Lapin-Blanc-et-les-oeufs-de-P%C3%A2ques.jpg?fit=676%2C798\" class=\"size-thumbnail wp-image-5552 alignright\" src=\"https:\/\/i0.wp.com\/www.jojoenherbe.com\/wp-content\/uploads\/2019\/04\/Petit-Lapin-Blanc-et-les-oeufs-de-P%C3%A2ques.jpg?resize=150%2C150\" alt=\"\" width=\"150\" height=\"150\" srcset=\"https:\/\/i0.wp.com\/www.jojoenherbe.com\/wp-content\/uploads\/2019\/04\/Petit-Lapin-Blanc-et-les-oeufs-de-P%C3%A2ques.jpg?resize=150%2C150 150w, https:\/\/i0.wp.com\/www.jojoenherbe.com\/wp-content\/uploads\/2019\/04\/Petit-Lapin-Blanc-et-les-oeufs-de-P%C3%A2ques.jpg?zoom=2&amp;resize=150%2C150 300w, https:\/\/i0.wp.com\/www.jojoenherbe.com\/wp-content\/uploads\/2019\/04\/Petit-Lapin-Blanc-et-les-oeufs-de-P%C3%A2ques.jpg?zoom=3&amp;resize=150%2C150 450w\" sizes=\"auto, (max-width: 150px) 100vw, 150px\" \/><\/a>Nous lisons \u00e9galement <strong><span style=\"text-decoration: underline;\">Petit Lapin Blanc et les \u0153ufs de P\u00e2ques<\/span><\/strong> de de Marie-France Floury et de Fabienne Boisnard (\u00e9d. Gautier-Laguereau, 2017). Comme pour T&rsquo;choupi, Petit Lapin Blanc et sa petite s\u0153ur font une chasse aux \u0153ufs dans le jardin puis la maison de leurs grands-parents. Un joli moment de rigolade avec eux mais aussi de partage entre fr\u00e8re et s\u0153ur!<\/em><\/p>\n<p style=\"text-align: justify;\"><em><a href=\"https:\/\/i0.wp.com\/www.jojoenherbe.com\/wp-content\/uploads\/2019\/04\/Joyeuses-P%C3%A2ques-Fenouil.jpg\"><img data-recalc-dims=\"1\" loading=\"lazy\" decoding=\"async\" data-attachment-id=\"5554\" data-permalink=\"http:\/\/www.jojoenherbe.com\/index.php\/2019\/04\/20\/au-fil-des-pages-sur-le-theme-de-paques\/joyeuses-paques-fenouil\/\" data-orig-file=\"https:\/\/i0.wp.com\/www.jojoenherbe.com\/wp-content\/uploads\/2019\/04\/Joyeuses-P%C3%A2ques-Fenouil.jpg?fit=2209%2C2925\" data-orig-size=\"2209,2925\" data-comments-opened=\"1\" data-image-meta=\"{&quot;aperture&quot;:&quot;2.4&quot;,&quot;credit&quot;:&quot;&quot;,&quot;camera&quot;:&quot;iPhone 4S&quot;,&quot;caption&quot;:&quot;&quot;,&quot;created_timestamp&quot;:&quot;1555336107&quot;,&quot;copyright&quot;:&quot;&quot;,&quot;focal_length&quot;:&quot;4.28&quot;,&quot;iso&quot;:&quot;200&quot;,&quot;shutter_speed&quot;:&quot;0.05&quot;,&quot;title&quot;:&quot;&quot;,&quot;orientation&quot;:&quot;1&quot;}\" data-image-title=\"Joyeuses P\u00e2ques, Fenouil\" data-image-description=\"\" data-image-caption=\"\" data-large-file=\"https:\/\/i0.wp.com\/www.jojoenherbe.com\/wp-content\/uploads\/2019\/04\/Joyeuses-P%C3%A2ques-Fenouil.jpg?fit=676%2C896\" class=\"alignleft size-thumbnail wp-image-5554\" src=\"https:\/\/i0.wp.com\/www.jojoenherbe.com\/wp-content\/uploads\/2019\/04\/Joyeuses-P%C3%A2ques-Fenouil.jpg?resize=150%2C150\" alt=\"\" width=\"150\" height=\"150\" srcset=\"https:\/\/i0.wp.com\/www.jojoenherbe.com\/wp-content\/uploads\/2019\/04\/Joyeuses-P%C3%A2ques-Fenouil.jpg?resize=150%2C150 150w, https:\/\/i0.wp.com\/www.jojoenherbe.com\/wp-content\/uploads\/2019\/04\/Joyeuses-P%C3%A2ques-Fenouil.jpg?zoom=2&amp;resize=150%2C150 300w, https:\/\/i0.wp.com\/www.jojoenherbe.com\/wp-content\/uploads\/2019\/04\/Joyeuses-P%C3%A2ques-Fenouil.jpg?zoom=3&amp;resize=150%2C150 450w\" sizes=\"auto, (max-width: 150px) 100vw, 150px\" \/><\/a> <a href=\"https:\/\/i0.wp.com\/www.jojoenherbe.com\/wp-content\/uploads\/2019\/04\/Joyeuses-P%C3%A2ques-Fenouil-2.jpg\"><img data-recalc-dims=\"1\" loading=\"lazy\" decoding=\"async\" data-attachment-id=\"5553\" data-permalink=\"http:\/\/www.jojoenherbe.com\/index.php\/2019\/04\/20\/au-fil-des-pages-sur-le-theme-de-paques\/joyeuses-paques-fenouil-2\/\" data-orig-file=\"https:\/\/i0.wp.com\/www.jojoenherbe.com\/wp-content\/uploads\/2019\/04\/Joyeuses-P%C3%A2ques-Fenouil-2.jpg?fit=2954%2C2442\" data-orig-size=\"2954,2442\" data-comments-opened=\"1\" data-image-meta=\"{&quot;aperture&quot;:&quot;2.4&quot;,&quot;credit&quot;:&quot;&quot;,&quot;camera&quot;:&quot;iPhone 4S&quot;,&quot;caption&quot;:&quot;&quot;,&quot;created_timestamp&quot;:&quot;1555336172&quot;,&quot;copyright&quot;:&quot;&quot;,&quot;focal_length&quot;:&quot;4.28&quot;,&quot;iso&quot;:&quot;200&quot;,&quot;shutter_speed&quot;:&quot;0.05&quot;,&quot;title&quot;:&quot;&quot;,&quot;orientation&quot;:&quot;1&quot;}\" data-image-title=\"Joyeuses P\u00e2ques, Fenouil 2\" data-image-description=\"\" data-image-caption=\"\" data-large-file=\"https:\/\/i0.wp.com\/www.jojoenherbe.com\/wp-content\/uploads\/2019\/04\/Joyeuses-P%C3%A2ques-Fenouil-2.jpg?fit=676%2C559\" class=\"alignleft size-thumbnail wp-image-5553\" src=\"https:\/\/i0.wp.com\/www.jojoenherbe.com\/wp-content\/uploads\/2019\/04\/Joyeuses-P%C3%A2ques-Fenouil-2.jpg?resize=150%2C150\" alt=\"\" width=\"150\" height=\"150\" srcset=\"https:\/\/i0.wp.com\/www.jojoenherbe.com\/wp-content\/uploads\/2019\/04\/Joyeuses-P%C3%A2ques-Fenouil-2.jpg?resize=150%2C150 150w, https:\/\/i0.wp.com\/www.jojoenherbe.com\/wp-content\/uploads\/2019\/04\/Joyeuses-P%C3%A2ques-Fenouil-2.jpg?zoom=2&amp;resize=150%2C150 300w, https:\/\/i0.wp.com\/www.jojoenherbe.com\/wp-content\/uploads\/2019\/04\/Joyeuses-P%C3%A2ques-Fenouil-2.jpg?zoom=3&amp;resize=150%2C150 450w\" sizes=\"auto, (max-width: 150px) 100vw, 150px\" \/><\/a>Nous passons, ensuite, \u00e0 une histoire un peu diff\u00e9rente mais tout autant attachante avec <strong><span style=\"text-decoration: underline;\">Joyeuses P\u00e2ques Fenouil!<\/span><\/strong> de Brigitte Weninger et Eve Tharlet (\u00e9d. Mijade, 2012). D\u00e8s la couverture de cet album, nous retrouvons le coup de crayon d&rsquo;Eve Tharlet, l&rsquo;illustratrice de <a href=\"http:\/\/www.jojoenherbe.com\/index.php\/2019\/02\/18\/au-fil-des-pages-avec-cassis\/\"><span style=\"text-decoration: underline;\">Cassis<\/span><\/a>! A d\u00e9faut de Lapin de P\u00e2ques, Fenouil va se faire passer pour lui au plus grand plaisir de ses fr\u00e8res et s\u0153urs. Mais qui sait, le lapin de P\u00e2ques passera peut-\u00eatre aussi pour Fenouil. Cette histoire est pleine de tendresse, \u00e0 l&rsquo;instar des illustrations.<br \/>\n<\/em><\/p>\n<p style=\"text-align: justify;\"><em><a href=\"https:\/\/i0.wp.com\/www.jojoenherbe.com\/wp-content\/uploads\/2019\/04\/Joyeuses-P%C3%A2ques-Petit-H%C3%A9risson-2.jpg\"><img data-recalc-dims=\"1\" loading=\"lazy\" decoding=\"async\" data-attachment-id=\"5555\" data-permalink=\"http:\/\/www.jojoenherbe.com\/index.php\/2019\/04\/20\/au-fil-des-pages-sur-le-theme-de-paques\/joyeuses-paques-petit-herisson-2\/\" data-orig-file=\"https:\/\/i0.wp.com\/www.jojoenherbe.com\/wp-content\/uploads\/2019\/04\/Joyeuses-P%C3%A2ques-Petit-H%C3%A9risson-2.jpg?fit=2355%2C3045\" data-orig-size=\"2355,3045\" data-comments-opened=\"1\" data-image-meta=\"{&quot;aperture&quot;:&quot;2.4&quot;,&quot;credit&quot;:&quot;&quot;,&quot;camera&quot;:&quot;iPhone 4S&quot;,&quot;caption&quot;:&quot;&quot;,&quot;created_timestamp&quot;:&quot;1555335984&quot;,&quot;copyright&quot;:&quot;&quot;,&quot;focal_length&quot;:&quot;4.28&quot;,&quot;iso&quot;:&quot;200&quot;,&quot;shutter_speed&quot;:&quot;0.05&quot;,&quot;title&quot;:&quot;&quot;,&quot;orientation&quot;:&quot;1&quot;}\" data-image-title=\"Joyeuses P\u00e2ques, Petit H\u00e9risson 2\" data-image-description=\"\" data-image-caption=\"\" data-large-file=\"https:\/\/i0.wp.com\/www.jojoenherbe.com\/wp-content\/uploads\/2019\/04\/Joyeuses-P%C3%A2ques-Petit-H%C3%A9risson-2.jpg?fit=676%2C874\" class=\"size-thumbnail wp-image-5555 alignright\" src=\"https:\/\/i0.wp.com\/www.jojoenherbe.com\/wp-content\/uploads\/2019\/04\/Joyeuses-P%C3%A2ques-Petit-H%C3%A9risson-2.jpg?resize=150%2C150\" alt=\"\" width=\"150\" height=\"150\" srcset=\"https:\/\/i0.wp.com\/www.jojoenherbe.com\/wp-content\/uploads\/2019\/04\/Joyeuses-P%C3%A2ques-Petit-H%C3%A9risson-2.jpg?resize=150%2C150 150w, https:\/\/i0.wp.com\/www.jojoenherbe.com\/wp-content\/uploads\/2019\/04\/Joyeuses-P%C3%A2ques-Petit-H%C3%A9risson-2.jpg?zoom=2&amp;resize=150%2C150 300w, https:\/\/i0.wp.com\/www.jojoenherbe.com\/wp-content\/uploads\/2019\/04\/Joyeuses-P%C3%A2ques-Petit-H%C3%A9risson-2.jpg?zoom=3&amp;resize=150%2C150 450w\" sizes=\"auto, (max-width: 150px) 100vw, 150px\" \/><\/a> <a href=\"https:\/\/i0.wp.com\/www.jojoenherbe.com\/wp-content\/uploads\/2019\/04\/Joyeuses-P%C3%A2ques-Petit-H%C3%A9risson.jpg\"><img data-recalc-dims=\"1\" loading=\"lazy\" decoding=\"async\" data-attachment-id=\"5561\" data-permalink=\"http:\/\/www.jojoenherbe.com\/index.php\/2019\/04\/20\/au-fil-des-pages-sur-le-theme-de-paques\/joyeuses-paques-petit-herisson\/\" data-orig-file=\"https:\/\/i0.wp.com\/www.jojoenherbe.com\/wp-content\/uploads\/2019\/04\/Joyeuses-P%C3%A2ques-Petit-H%C3%A9risson.jpg?fit=2435%2C2471\" data-orig-size=\"2435,2471\" data-comments-opened=\"1\" data-image-meta=\"{&quot;aperture&quot;:&quot;2.4&quot;,&quot;credit&quot;:&quot;&quot;,&quot;camera&quot;:&quot;iPhone 4S&quot;,&quot;caption&quot;:&quot;&quot;,&quot;created_timestamp&quot;:&quot;1555335872&quot;,&quot;copyright&quot;:&quot;&quot;,&quot;focal_length&quot;:&quot;4.28&quot;,&quot;iso&quot;:&quot;250&quot;,&quot;shutter_speed&quot;:&quot;0.05&quot;,&quot;title&quot;:&quot;&quot;,&quot;orientation&quot;:&quot;1&quot;}\" data-image-title=\"Joyeuses P\u00e2ques, Petit H\u00e9risson\" data-image-description=\"\" data-image-caption=\"\" data-large-file=\"https:\/\/i0.wp.com\/www.jojoenherbe.com\/wp-content\/uploads\/2019\/04\/Joyeuses-P%C3%A2ques-Petit-H%C3%A9risson.jpg?fit=676%2C686\" class=\"size-thumbnail wp-image-5561 alignright\" src=\"https:\/\/i0.wp.com\/www.jojoenherbe.com\/wp-content\/uploads\/2019\/04\/Joyeuses-P%C3%A2ques-Petit-H%C3%A9risson.jpg?resize=150%2C150\" alt=\"\" width=\"150\" height=\"150\" srcset=\"https:\/\/i0.wp.com\/www.jojoenherbe.com\/wp-content\/uploads\/2019\/04\/Joyeuses-P%C3%A2ques-Petit-H%C3%A9risson.jpg?resize=150%2C150 150w, https:\/\/i0.wp.com\/www.jojoenherbe.com\/wp-content\/uploads\/2019\/04\/Joyeuses-P%C3%A2ques-Petit-H%C3%A9risson.jpg?zoom=2&amp;resize=150%2C150 300w, https:\/\/i0.wp.com\/www.jojoenherbe.com\/wp-content\/uploads\/2019\/04\/Joyeuses-P%C3%A2ques-Petit-H%C3%A9risson.jpg?zoom=3&amp;resize=150%2C150 450w\" sizes=\"auto, (max-width: 150px) 100vw, 150px\" \/><\/a>Nous continuons par <strong><span style=\"text-decoration: underline;\">Joyeuses P\u00e2ques, Petit H\u00e9risson!<\/span><\/strong> de M. Christina Butler et Tina Macnaughton (\u00e9d. Milan, 2018). Nous partons \u00e0 la chasse aux \u0153ufs avec Petit H\u00e9risson et ses amis. Mais cette chasse va se transformer en une recherche de deux petits canetons. L\u00e0 encore, la chasse aux \u0153ufs est l&rsquo;occasion de beaux moments d&rsquo;amiti\u00e9 et de partage. Les illustrations sont tendres \u00e0 croquer comme les petits personnages de cette histoire. Au fil des pages, les tout-petits peuvent \u00e9galement s&rsquo;amuser \u00e0 caresser le bonnet rouge de Petit H\u00e9risson.<br \/>\n<\/em><\/p>\n<p style=\"text-align: justify;\"><em><a href=\"https:\/\/i0.wp.com\/www.jojoenherbe.com\/wp-content\/uploads\/2019\/04\/albums-P%C3%A2ques-2.jpg\"><img data-recalc-dims=\"1\" loading=\"lazy\" decoding=\"async\" data-attachment-id=\"5558\" data-permalink=\"http:\/\/www.jojoenherbe.com\/index.php\/2019\/04\/20\/au-fil-des-pages-sur-le-theme-de-paques\/albums-paques-2\/\" data-orig-file=\"https:\/\/i0.wp.com\/www.jojoenherbe.com\/wp-content\/uploads\/2019\/04\/albums-P%C3%A2ques-2.jpg?fit=2941%2C2084\" data-orig-size=\"2941,2084\" data-comments-opened=\"1\" data-image-meta=\"{&quot;aperture&quot;:&quot;2.4&quot;,&quot;credit&quot;:&quot;&quot;,&quot;camera&quot;:&quot;iPhone 4S&quot;,&quot;caption&quot;:&quot;&quot;,&quot;created_timestamp&quot;:&quot;1554219587&quot;,&quot;copyright&quot;:&quot;&quot;,&quot;focal_length&quot;:&quot;4.28&quot;,&quot;iso&quot;:&quot;125&quot;,&quot;shutter_speed&quot;:&quot;0.05&quot;,&quot;title&quot;:&quot;&quot;,&quot;orientation&quot;:&quot;1&quot;}\" data-image-title=\"albums P\u00e2ques 2\" data-image-description=\"\" data-image-caption=\"\" data-large-file=\"https:\/\/i0.wp.com\/www.jojoenherbe.com\/wp-content\/uploads\/2019\/04\/albums-P%C3%A2ques-2.jpg?fit=676%2C479\" class=\"alignleft size-thumbnail wp-image-5558\" src=\"https:\/\/i0.wp.com\/www.jojoenherbe.com\/wp-content\/uploads\/2019\/04\/albums-P%C3%A2ques-2.jpg?resize=150%2C150\" alt=\"\" width=\"150\" height=\"150\" srcset=\"https:\/\/i0.wp.com\/www.jojoenherbe.com\/wp-content\/uploads\/2019\/04\/albums-P%C3%A2ques-2.jpg?resize=150%2C150 150w, https:\/\/i0.wp.com\/www.jojoenherbe.com\/wp-content\/uploads\/2019\/04\/albums-P%C3%A2ques-2.jpg?zoom=2&amp;resize=150%2C150 300w, https:\/\/i0.wp.com\/www.jojoenherbe.com\/wp-content\/uploads\/2019\/04\/albums-P%C3%A2ques-2.jpg?zoom=3&amp;resize=150%2C150 450w\" sizes=\"auto, (max-width: 150px) 100vw, 150px\" \/><\/a> <a href=\"https:\/\/i0.wp.com\/www.jojoenherbe.com\/wp-content\/uploads\/2019\/04\/Joyeuses-P%C3%A2ques-2.jpg\"><img data-recalc-dims=\"1\" loading=\"lazy\" decoding=\"async\" data-attachment-id=\"5559\" data-permalink=\"http:\/\/www.jojoenherbe.com\/index.php\/2019\/04\/20\/au-fil-des-pages-sur-le-theme-de-paques\/joyeuses-paques-2\/\" data-orig-file=\"https:\/\/i0.wp.com\/www.jojoenherbe.com\/wp-content\/uploads\/2019\/04\/Joyeuses-P%C3%A2ques-2.jpg?fit=2448%2C3264\" data-orig-size=\"2448,3264\" data-comments-opened=\"1\" data-image-meta=\"{&quot;aperture&quot;:&quot;2.4&quot;,&quot;credit&quot;:&quot;&quot;,&quot;camera&quot;:&quot;iPhone 4S&quot;,&quot;caption&quot;:&quot;&quot;,&quot;created_timestamp&quot;:&quot;1555336315&quot;,&quot;copyright&quot;:&quot;&quot;,&quot;focal_length&quot;:&quot;4.28&quot;,&quot;iso&quot;:&quot;200&quot;,&quot;shutter_speed&quot;:&quot;0.05&quot;,&quot;title&quot;:&quot;&quot;,&quot;orientation&quot;:&quot;1&quot;}\" data-image-title=\"Joyeuses P\u00e2ques 2\" data-image-description=\"\" data-image-caption=\"\" data-large-file=\"https:\/\/i0.wp.com\/www.jojoenherbe.com\/wp-content\/uploads\/2019\/04\/Joyeuses-P%C3%A2ques-2.jpg?fit=676%2C901\" class=\"alignleft size-thumbnail wp-image-5559\" src=\"https:\/\/i0.wp.com\/www.jojoenherbe.com\/wp-content\/uploads\/2019\/04\/Joyeuses-P%C3%A2ques-2.jpg?resize=150%2C150\" alt=\"\" width=\"150\" height=\"150\" srcset=\"https:\/\/i0.wp.com\/www.jojoenherbe.com\/wp-content\/uploads\/2019\/04\/Joyeuses-P%C3%A2ques-2.jpg?resize=150%2C150 150w, https:\/\/i0.wp.com\/www.jojoenherbe.com\/wp-content\/uploads\/2019\/04\/Joyeuses-P%C3%A2ques-2.jpg?zoom=2&amp;resize=150%2C150 300w, https:\/\/i0.wp.com\/www.jojoenherbe.com\/wp-content\/uploads\/2019\/04\/Joyeuses-P%C3%A2ques-2.jpg?zoom=3&amp;resize=150%2C150 450w\" sizes=\"auto, (max-width: 150px) 100vw, 150px\" \/><\/a>Apr\u00e8s la lecture, nous continuons avec deux autres livres, un cherche et trouve (<strong><span style=\"text-decoration: underline;\">Joyeuses P\u00e2ques<\/span><\/strong> d&rsquo;Emma Martinez, \u00e9d. Lito, 2019) et le second avec des gommettes de T&rsquo;choupi qui reprend le d\u00e9cor de l&rsquo;album jeunesse pr\u00e9c\u00e9demment lu (<strong><span style=\"text-decoration: underline;\">T&rsquo;choupi, les \u0153ufs de P\u00e2ques en autocollants<\/span><\/strong> de Thierry Courtin, \u00e9d. Nathan, 2017).<br \/>\n<\/em><\/p>\n<p style=\"text-align: justify;\"><em><a href=\"https:\/\/i0.wp.com\/www.jojoenherbe.com\/wp-content\/uploads\/2019\/04\/La-petite-souris-2.jpg\"><img data-recalc-dims=\"1\" loading=\"lazy\" decoding=\"async\" data-attachment-id=\"5603\" data-permalink=\"http:\/\/www.jojoenherbe.com\/index.php\/2019\/04\/20\/au-fil-des-pages-sur-le-theme-de-paques\/la-petite-souris-2\/\" data-orig-file=\"https:\/\/i0.wp.com\/www.jojoenherbe.com\/wp-content\/uploads\/2019\/04\/La-petite-souris-2.jpg?fit=3018%2C1967\" data-orig-size=\"3018,1967\" data-comments-opened=\"1\" data-image-meta=\"{&quot;aperture&quot;:&quot;2.4&quot;,&quot;credit&quot;:&quot;&quot;,&quot;camera&quot;:&quot;iPhone 4S&quot;,&quot;caption&quot;:&quot;&quot;,&quot;created_timestamp&quot;:&quot;1555578658&quot;,&quot;copyright&quot;:&quot;&quot;,&quot;focal_length&quot;:&quot;4.28&quot;,&quot;iso&quot;:&quot;500&quot;,&quot;shutter_speed&quot;:&quot;0.066666666666667&quot;,&quot;title&quot;:&quot;&quot;,&quot;orientation&quot;:&quot;1&quot;}\" data-image-title=\"La petite souris 2\" data-image-description=\"\" data-image-caption=\"\" data-large-file=\"https:\/\/i0.wp.com\/www.jojoenherbe.com\/wp-content\/uploads\/2019\/04\/La-petite-souris-2.jpg?fit=676%2C440\" class=\"size-thumbnail wp-image-5603 alignright\" src=\"https:\/\/i0.wp.com\/www.jojoenherbe.com\/wp-content\/uploads\/2019\/04\/La-petite-souris-2.jpg?resize=150%2C150\" alt=\"\" width=\"150\" height=\"150\" srcset=\"https:\/\/i0.wp.com\/www.jojoenherbe.com\/wp-content\/uploads\/2019\/04\/La-petite-souris-2.jpg?resize=150%2C150 150w, https:\/\/i0.wp.com\/www.jojoenherbe.com\/wp-content\/uploads\/2019\/04\/La-petite-souris-2.jpg?zoom=2&amp;resize=150%2C150 300w, https:\/\/i0.wp.com\/www.jojoenherbe.com\/wp-content\/uploads\/2019\/04\/La-petite-souris-2.jpg?zoom=3&amp;resize=150%2C150 450w\" sizes=\"auto, (max-width: 150px) 100vw, 150px\" \/><\/a> <a href=\"https:\/\/i0.wp.com\/www.jojoenherbe.com\/wp-content\/uploads\/2019\/04\/La-petite-souris.jpg\"><img data-recalc-dims=\"1\" loading=\"lazy\" decoding=\"async\" data-attachment-id=\"5604\" data-permalink=\"http:\/\/www.jojoenherbe.com\/index.php\/2019\/04\/20\/au-fil-des-pages-sur-le-theme-de-paques\/la-petite-souris\/\" data-orig-file=\"https:\/\/i0.wp.com\/www.jojoenherbe.com\/wp-content\/uploads\/2019\/04\/La-petite-souris.jpg?fit=1963%2C2287\" data-orig-size=\"1963,2287\" data-comments-opened=\"1\" data-image-meta=\"{&quot;aperture&quot;:&quot;2.4&quot;,&quot;credit&quot;:&quot;&quot;,&quot;camera&quot;:&quot;iPhone 4S&quot;,&quot;caption&quot;:&quot;&quot;,&quot;created_timestamp&quot;:&quot;1555578710&quot;,&quot;copyright&quot;:&quot;&quot;,&quot;focal_length&quot;:&quot;4.28&quot;,&quot;iso&quot;:&quot;400&quot;,&quot;shutter_speed&quot;:&quot;0.058823529411765&quot;,&quot;title&quot;:&quot;&quot;,&quot;orientation&quot;:&quot;1&quot;}\" data-image-title=\"La petite souris\" data-image-description=\"\" data-image-caption=\"\" data-large-file=\"https:\/\/i0.wp.com\/www.jojoenherbe.com\/wp-content\/uploads\/2019\/04\/La-petite-souris.jpg?fit=676%2C788\" class=\"size-thumbnail wp-image-5604 alignright\" src=\"https:\/\/i0.wp.com\/www.jojoenherbe.com\/wp-content\/uploads\/2019\/04\/La-petite-souris.jpg?resize=150%2C150\" alt=\"\" width=\"150\" height=\"150\" srcset=\"https:\/\/i0.wp.com\/www.jojoenherbe.com\/wp-content\/uploads\/2019\/04\/La-petite-souris.jpg?resize=150%2C150 150w, https:\/\/i0.wp.com\/www.jojoenherbe.com\/wp-content\/uploads\/2019\/04\/La-petite-souris.jpg?zoom=2&amp;resize=150%2C150 300w, https:\/\/i0.wp.com\/www.jojoenherbe.com\/wp-content\/uploads\/2019\/04\/La-petite-souris.jpg?zoom=3&amp;resize=150%2C150 450w\" sizes=\"auto, (max-width: 150px) 100vw, 150px\" \/><\/a>Nous lisons \u00e9galement un autre album jeunesse un peu d\u00e9cal\u00e9 avec la rencontre insolite entre la Petite Souris, le P\u00e8re No\u00ebl et le Lapin de P\u00e2ques. Il s&rsquo;agit de <strong><span style=\"text-decoration: underline;\">La Petite Souris, le P\u00e8re No\u00ebl et le Lapin de P\u00e2ques<\/span><\/strong> de Marie Dufeutrel, Gr\u00e9goire Horveno et Claire Le Grand (\u00e9d. Milan, 2018). Les trois personnages s&rsquo;entraident pour livrer \u00e0 temps les cadeaux et les chocolats pour les enfants. Beaucoup d&rsquo;humour dans cet album aux illustrations color\u00e9es!<br \/>\n<\/em><\/p>\n<div style=\"width: 139px\" class=\"wp-caption alignleft\"><img data-recalc-dims=\"1\" loading=\"lazy\" decoding=\"async\" class=\"\" src=\"https:\/\/i0.wp.com\/1.bp.blogspot.com\/-TiENECUfSg8\/Wv7LJW9RohI\/AAAAAAAAhTI\/CllMrjdlEqcMCUmWMZRMXVWnQHOuU-SVwCLcBGAs\/s320\/etdans.jpg?resize=129%2C116&#038;ssl=1\" alt=\"\" width=\"129\" height=\"116\" border=\"0\" data-original-height=\"340\" data-original-width=\"376\" \/><p class=\"wp-caption-text\">Participation #2 <a href=\"http:\/\/monbazarcolore.com\">Mon Bazar color\u00e9<\/a><\/p><\/div>\n<div id=\"attachment_33643\" style=\"width: 128px\" class=\"wp-caption alignleft\"><img data-recalc-dims=\"1\" loading=\"lazy\" decoding=\"async\" aria-describedby=\"caption-attachment-33643\" class=\"wp-image-33643\" src=\"https:\/\/i0.wp.com\/delivrer-des-livres.fr\/wp-content\/uploads\/2019\/01\/petit-bac-2019.jpg?resize=118%2C90\" sizes=\"auto, (max-width: 200px) 100vw, 200px\" srcset=\"http:\/\/delivrer-des-livres.fr\/wp-content\/uploads\/2019\/01\/petit-bac-2019.jpg 285w, http:\/\/delivrer-des-livres.fr\/wp-content\/uploads\/2019\/01\/petit-bac-2019-150x114.jpg 150w\" alt=\"\" width=\"118\" height=\"90\" data-wp-editing=\"1\" \/><p id=\"caption-attachment-33643\" class=\"wp-caption-text\"><a href=\"https:\/\/ennalit.wordpress.com\/2018\/12\/01\/challenge-petit-bac-2019-qui-veut-jouer\/\">Challenge Petit Bac d&rsquo;Enna<\/a> &#8211; #4 cat\u00e9gories Animal: \u00ab\u00a0H\u00e9risson\u00a0\u00bb, Couleur: \u00ab\u00a0Blanc\u00a0\u00bb, M\u00e9tier: \u00ab\u00a0P\u00e8re No\u00ebl\u00a0\u00bb et V\u00e9g\u00e9tal: \u00ab\u00a0Fenouil\u00a0\u00bb<\/p><\/div>\n","protected":false},"excerpt":{"rendered":"<p>Ce mois-ci, le th\u00e8me du rendez-vous \u00ab\u00a0Et dans leur biblioth\u00e8que il y a&#8230;\u00a0\u00bb est P\u00e2ques. Nous n&rsquo;avons pas attendu le 20 avril pour commencer \u00e0 lire ou relire des albums jeunesse sur cette f\u00eate. Voici les n\u00f4tres, sans ordre de pr\u00e9f\u00e9rence et la plupart \u00e0 partir de 3 ans (voire m\u00eame bien avant). De l&rsquo;ann\u00e9e [&hellip;]<\/p>\n","protected":false},"author":1,"featured_media":5609,"comment_status":"open","ping_status":"open","sticky":false,"template":"","format":"standard","meta":{"jetpack_post_was_ever_published":false,"_jetpack_newsletter_access":"","_jetpack_dont_email_post_to_subs":false,"_jetpack_newsletter_tier_id":0,"_jetpack_memberships_contains_paywalled_content":false,"_jetpack_memberships_contains_paid_content":false,"footnotes":""},"categories":[363],"tags":[786,785,409,386,1008,1349,526,525,1011,1456,1007,1125,435,326,222,367,1239,382,1010,524,188,451,392,207,1009,1012],"class_list":["post-5377","post","type-post","status-publish","format-standard","has-post-thumbnail","hentry","category-mini-lecteur","tag-0-3-ans","tag-3-6-ans","tag-albums-jeunesse","tag-amitie","tag-brigitte-weninger","tag-challenge-petit-bac-2019","tag-chasse-aux-oeufs","tag-chocolat","tag-christina-butler","tag-et-dans-leur-bibliotheque-il-y-a","tag-eve-tharlier","tag-fabienne-boisnard","tag-grands-parents","tag-herisson","tag-lapin","tag-lecture-jeunesse","tag-lectures-de-paques","tag-livres","tag-marie-france-floury","tag-oeufs","tag-paques","tag-partage","tag-poule","tag-printemps","tag-thierry-courtin","tag-tina-macnaughton","post-preview"],"jetpack_featured_media_url":"https:\/\/i0.wp.com\/www.jojoenherbe.com\/wp-content\/uploads\/2019\/04\/albums-P%C3%A2ques-1.jpg?fit=2985%2C2167","jetpack_sharing_enabled":true,"jetpack_shortlink":"https:\/\/wp.me\/p9zhGx-1oJ","jetpack_likes_enabled":true,"jetpack-related-posts":[{"id":24972,"url":"http:\/\/www.jojoenherbe.com\/index.php\/2022\/04\/15\/nos-lectures-de-paques-2022\/","url_meta":{"origin":5377,"position":0},"title":"Nos lectures de P\u00e2ques 2022","author":"Jojo","date":"15 avril 2022","format":false,"excerpt":"Aux albums jeunesse d\u00e9j\u00e0 lus l'ann\u00e9e derni\u00e8re comme Fenouil ou Petit H\u00e9risson, nous lisons de nouvelles histoires avec le lapin de P\u00e2ques et\/ou la chasse aux \u0153ufs en chocolat en attendant de faire ce week-end, en famille, la n\u00f4tre. (Album jeunesse) Joyeuses P\u00e2ques Rita et Machin de Jean-Philippe Arrou-Vignod et\u2026","rel":"","context":"Dans &quot;Mini lecteur&quot;","block_context":{"text":"Mini lecteur","link":"http:\/\/www.jojoenherbe.com\/index.php\/category\/mini-lecteur\/"},"img":{"alt_text":"","src":"https:\/\/i0.wp.com\/www.jojoenherbe.com\/wp-content\/uploads\/2022\/04\/Nos-lectures-de-Paques-2022-scaled.jpg?fit=1200%2C995&resize=350%2C200","width":350,"height":200,"srcset":"https:\/\/i0.wp.com\/www.jojoenherbe.com\/wp-content\/uploads\/2022\/04\/Nos-lectures-de-Paques-2022-scaled.jpg?fit=1200%2C995&resize=350%2C200 1x, https:\/\/i0.wp.com\/www.jojoenherbe.com\/wp-content\/uploads\/2022\/04\/Nos-lectures-de-Paques-2022-scaled.jpg?fit=1200%2C995&resize=525%2C300 1.5x, https:\/\/i0.wp.com\/www.jojoenherbe.com\/wp-content\/uploads\/2022\/04\/Nos-lectures-de-Paques-2022-scaled.jpg?fit=1200%2C995&resize=700%2C400 2x, https:\/\/i0.wp.com\/www.jojoenherbe.com\/wp-content\/uploads\/2022\/04\/Nos-lectures-de-Paques-2022-scaled.jpg?fit=1200%2C995&resize=1050%2C600 3x"},"classes":[]},{"id":10704,"url":"http:\/\/www.jojoenherbe.com\/index.php\/2020\/04\/14\/au-fil-des-pages-avec-penelope-cherche-les-oeufs-de-paques\/","url_meta":{"origin":5377,"position":1},"title":"Au fil des pages avec P\u00e9n\u00e9lope cherche les \u0153ufs de P\u00e2ques","author":"Jojo","date":"14 avril 2020","format":false,"excerpt":"Nous avions emprunt\u00e9 \u00e0 la m\u00e9diath\u00e8que, l'ann\u00e9e derni\u00e8re pour P\u00e2ques, P\u00e9n\u00e9lope cherche les \u0153ufs de P\u00e2ques, d'Anne Gutman et Georg Hallensleben (\u00e9d. Gallimard Jeunesse, coll. P\u00e9n\u00e9lope t\u00eate en l'air, 2011), un album jeunesse \u00e0 partir de\u00a0 2\/3 ans. Dans la ferme de son grand-p\u00e8re, P\u00e9n\u00e9lope s'est lev\u00e9e la premi\u00e8re pour\u2026","rel":"","context":"Dans &quot;Mini lecteur&quot;","block_context":{"text":"Mini lecteur","link":"http:\/\/www.jojoenherbe.com\/index.php\/category\/mini-lecteur\/"},"img":{"alt_text":"","src":"https:\/\/i0.wp.com\/www.jojoenherbe.com\/wp-content\/uploads\/2020\/04\/P%C3%A9n%C3%A9lope-cherche-les-oeufs-de-P%C3%A2ques-scaled.jpg?fit=1020%2C1200&resize=350%2C200","width":350,"height":200,"srcset":"https:\/\/i0.wp.com\/www.jojoenherbe.com\/wp-content\/uploads\/2020\/04\/P%C3%A9n%C3%A9lope-cherche-les-oeufs-de-P%C3%A2ques-scaled.jpg?fit=1020%2C1200&resize=350%2C200 1x, https:\/\/i0.wp.com\/www.jojoenherbe.com\/wp-content\/uploads\/2020\/04\/P%C3%A9n%C3%A9lope-cherche-les-oeufs-de-P%C3%A2ques-scaled.jpg?fit=1020%2C1200&resize=525%2C300 1.5x, https:\/\/i0.wp.com\/www.jojoenherbe.com\/wp-content\/uploads\/2020\/04\/P%C3%A9n%C3%A9lope-cherche-les-oeufs-de-P%C3%A2ques-scaled.jpg?fit=1020%2C1200&resize=700%2C400 2x"},"classes":[]},{"id":24954,"url":"http:\/\/www.jojoenherbe.com\/index.php\/2022\/04\/14\/au-fil-des-pages-avec-le-tome-16-de-rita-et-machin\/","url_meta":{"origin":5377,"position":2},"title":"Au fil des pages avec le tome 16 de Rita et Machin","author":"Jojo","date":"14 avril 2022","format":false,"excerpt":"Nous relisons pour P\u00e2ques cette ann\u00e9e Joyeuses P\u00e2ques Rita et Machin de Jean-Philippe Arrou-Vignod et Olivier Tallec (\u00e9d. Gallimard Jeunesse, 2013), un album jeunesse \u00e0 partir de 4 ans que nous avions emprunt\u00e9 l'ann\u00e9e derni\u00e8re pour P\u00e2ques \u00e0 la m\u00e9diath\u00e8que et qui a fini par rejoindre nos biblioth\u00e8ques. Il s'agit\u2026","rel":"","context":"Dans &quot;Mini lecteur&quot;","block_context":{"text":"Mini lecteur","link":"http:\/\/www.jojoenherbe.com\/index.php\/category\/mini-lecteur\/"},"img":{"alt_text":"","src":"https:\/\/i0.wp.com\/www.jojoenherbe.com\/wp-content\/uploads\/2022\/04\/Joyeuses-Paques-Rita-et-Machin-scaled.jpg?fit=1200%2C900&resize=350%2C200","width":350,"height":200,"srcset":"https:\/\/i0.wp.com\/www.jojoenherbe.com\/wp-content\/uploads\/2022\/04\/Joyeuses-Paques-Rita-et-Machin-scaled.jpg?fit=1200%2C900&resize=350%2C200 1x, https:\/\/i0.wp.com\/www.jojoenherbe.com\/wp-content\/uploads\/2022\/04\/Joyeuses-Paques-Rita-et-Machin-scaled.jpg?fit=1200%2C900&resize=525%2C300 1.5x, https:\/\/i0.wp.com\/www.jojoenherbe.com\/wp-content\/uploads\/2022\/04\/Joyeuses-Paques-Rita-et-Machin-scaled.jpg?fit=1200%2C900&resize=700%2C400 2x, https:\/\/i0.wp.com\/www.jojoenherbe.com\/wp-content\/uploads\/2022\/04\/Joyeuses-Paques-Rita-et-Machin-scaled.jpg?fit=1200%2C900&resize=1050%2C600 3x"},"classes":[]},{"id":16945,"url":"http:\/\/www.jojoenherbe.com\/index.php\/2021\/04\/01\/nos-lectures-de-paques-2021\/","url_meta":{"origin":5377,"position":3},"title":"Nos lectures de P\u00e2ques 2021","author":"Jojo","date":"1 avril 2021","format":false,"excerpt":"Apr\u00e8s le carnaval, place au lecture de P\u00e2ques en attendant notre chasse aux \u0153ufs ce week-end (miam miam les chocolats). Nous relisons des albums jeunesse des ann\u00e9es pr\u00e9c\u00e9dentes mais aussi deux \"nouveaut\u00e9s\" que je n'avais pas pu encore emprunter \u00e0 la m\u00e9diath\u00e8que. Mais cette ann\u00e9e, je m'y suis prise t\u00f4t\u2026","rel":"","context":"Dans &quot;Mini lecteur&quot;","block_context":{"text":"Mini lecteur","link":"http:\/\/www.jojoenherbe.com\/index.php\/category\/mini-lecteur\/"},"img":{"alt_text":"","src":"https:\/\/i0.wp.com\/www.jojoenherbe.com\/wp-content\/uploads\/2021\/04\/Nos-lectures-de-Paques-2021-scaled.jpg?fit=1200%2C933&resize=350%2C200","width":350,"height":200,"srcset":"https:\/\/i0.wp.com\/www.jojoenherbe.com\/wp-content\/uploads\/2021\/04\/Nos-lectures-de-Paques-2021-scaled.jpg?fit=1200%2C933&resize=350%2C200 1x, https:\/\/i0.wp.com\/www.jojoenherbe.com\/wp-content\/uploads\/2021\/04\/Nos-lectures-de-Paques-2021-scaled.jpg?fit=1200%2C933&resize=525%2C300 1.5x, https:\/\/i0.wp.com\/www.jojoenherbe.com\/wp-content\/uploads\/2021\/04\/Nos-lectures-de-Paques-2021-scaled.jpg?fit=1200%2C933&resize=700%2C400 2x, https:\/\/i0.wp.com\/www.jojoenherbe.com\/wp-content\/uploads\/2021\/04\/Nos-lectures-de-Paques-2021-scaled.jpg?fit=1200%2C933&resize=1050%2C600 3x"},"classes":[]},{"id":17158,"url":"http:\/\/www.jojoenherbe.com\/index.php\/2021\/04\/09\/au-fil-des-pages-avec-une-surprise-pour-paques\/","url_meta":{"origin":5377,"position":4},"title":"Au fil des pages avec Une surprise pour P\u00e2ques","author":"Jojo","date":"9 avril 2021","format":false,"excerpt":"Nous empruntons \u00e0 la m\u00e9diath\u00e8que Une surprise pour P\u00e2ques de Nancy E. Walker-Guye et Igor Ole\u00efnikov (\u00e9d. Nord-Sud, 2005), un album jeunesse \u00e0 partir de 3 ans. C'est le grand jour pour le Lapin de P\u00e2ques qui part cacher tous les \u0153ufs multicolores qu'il a fini de fabriquer la veille\u2026","rel":"","context":"Dans &quot;Mini lecteur&quot;","block_context":{"text":"Mini lecteur","link":"http:\/\/www.jojoenherbe.com\/index.php\/category\/mini-lecteur\/"},"img":{"alt_text":"","src":"https:\/\/i0.wp.com\/www.jojoenherbe.com\/wp-content\/uploads\/2021\/04\/Une-surprise-pour-Paques-scaled.jpg?fit=1200%2C784&resize=350%2C200","width":350,"height":200,"srcset":"https:\/\/i0.wp.com\/www.jojoenherbe.com\/wp-content\/uploads\/2021\/04\/Une-surprise-pour-Paques-scaled.jpg?fit=1200%2C784&resize=350%2C200 1x, https:\/\/i0.wp.com\/www.jojoenherbe.com\/wp-content\/uploads\/2021\/04\/Une-surprise-pour-Paques-scaled.jpg?fit=1200%2C784&resize=525%2C300 1.5x, https:\/\/i0.wp.com\/www.jojoenherbe.com\/wp-content\/uploads\/2021\/04\/Une-surprise-pour-Paques-scaled.jpg?fit=1200%2C784&resize=700%2C400 2x, https:\/\/i0.wp.com\/www.jojoenherbe.com\/wp-content\/uploads\/2021\/04\/Une-surprise-pour-Paques-scaled.jpg?fit=1200%2C784&resize=1050%2C600 3x"},"classes":[]},{"id":17320,"url":"http:\/\/www.jojoenherbe.com\/index.php\/2021\/04\/13\/au-fil-des-pages-avec-flocon-et-le-lapin-de-paques\/","url_meta":{"origin":5377,"position":5},"title":"Au fil des pages avec Flocon et le lapin de P\u00e2ques","author":"Jojo","date":"13 avril 2021","format":false,"excerpt":"Lors du week-end de P\u00e2ques, nous avons lu Flocon et le lapin de P\u00e2ques de Kathrin Siegenthaler et Marcus Pfister (\u00e9d. NordSud, 1993), un album jeunesse \u00e0 partir de 3 ans. Flocon, un petit lapin des neiges d\u00e9cide de devenir le Lapin de P\u00e2ques pour distribuer les \u0153ufs aux enfants.\u2026","rel":"","context":"Dans &quot;Mini lecteur&quot;","block_context":{"text":"Mini lecteur","link":"http:\/\/www.jojoenherbe.com\/index.php\/category\/mini-lecteur\/"},"img":{"alt_text":"","src":"https:\/\/i0.wp.com\/www.jojoenherbe.com\/wp-content\/uploads\/2021\/04\/Flocon-et-le-lapin-de-Paques-scaled.jpg?fit=1200%2C900&resize=350%2C200","width":350,"height":200,"srcset":"https:\/\/i0.wp.com\/www.jojoenherbe.com\/wp-content\/uploads\/2021\/04\/Flocon-et-le-lapin-de-Paques-scaled.jpg?fit=1200%2C900&resize=350%2C200 1x, https:\/\/i0.wp.com\/www.jojoenherbe.com\/wp-content\/uploads\/2021\/04\/Flocon-et-le-lapin-de-Paques-scaled.jpg?fit=1200%2C900&resize=525%2C300 1.5x, https:\/\/i0.wp.com\/www.jojoenherbe.com\/wp-content\/uploads\/2021\/04\/Flocon-et-le-lapin-de-Paques-scaled.jpg?fit=1200%2C900&resize=700%2C400 2x, https:\/\/i0.wp.com\/www.jojoenherbe.com\/wp-content\/uploads\/2021\/04\/Flocon-et-le-lapin-de-Paques-scaled.jpg?fit=1200%2C900&resize=1050%2C600 3x"},"classes":[]}],"_links":{"self":[{"href":"http:\/\/www.jojoenherbe.com\/index.php\/wp-json\/wp\/v2\/posts\/5377","targetHints":{"allow":["GET"]}}],"collection":[{"href":"http:\/\/www.jojoenherbe.com\/index.php\/wp-json\/wp\/v2\/posts"}],"about":[{"href":"http:\/\/www.jojoenherbe.com\/index.php\/wp-json\/wp\/v2\/types\/post"}],"author":[{"embeddable":true,"href":"http:\/\/www.jojoenherbe.com\/index.php\/wp-json\/wp\/v2\/users\/1"}],"replies":[{"embeddable":true,"href":"http:\/\/www.jojoenherbe.com\/index.php\/wp-json\/wp\/v2\/comments?post=5377"}],"version-history":[{"count":2,"href":"http:\/\/www.jojoenherbe.com\/index.php\/wp-json\/wp\/v2\/posts\/5377\/revisions"}],"predecessor-version":[{"id":29399,"href":"http:\/\/www.jojoenherbe.com\/index.php\/wp-json\/wp\/v2\/posts\/5377\/revisions\/29399"}],"wp:featuredmedia":[{"embeddable":true,"href":"http:\/\/www.jojoenherbe.com\/index.php\/wp-json\/wp\/v2\/media\/5609"}],"wp:attachment":[{"href":"http:\/\/www.jojoenherbe.com\/index.php\/wp-json\/wp\/v2\/media?parent=5377"}],"wp:term":[{"taxonomy":"category","embeddable":true,"href":"http:\/\/www.jojoenherbe.com\/index.php\/wp-json\/wp\/v2\/categories?post=5377"},{"taxonomy":"post_tag","embeddable":true,"href":"http:\/\/www.jojoenherbe.com\/index.php\/wp-json\/wp\/v2\/tags?post=5377"}],"curies":[{"name":"wp","href":"https:\/\/api.w.org\/{rel}","templated":true}]}}