{"id":509,"date":"2008-01-06T20:03:20","date_gmt":"2008-01-06T19:03:20","guid":{"rendered":"http:\/\/www.jojoenherbe.com\/?p=509"},"modified":"2018-01-25T23:48:43","modified_gmt":"2018-01-25T22:48:43","slug":"chateau-de-la-roche-courbon-sous-la-brume","status":"publish","type":"post","link":"http:\/\/www.jojoenherbe.com\/index.php\/2008\/01\/06\/chateau-de-la-roche-courbon-sous-la-brume\/","title":{"rendered":"Ch\u00e2teau de la Roche Courbon sous la brume"},"content":{"rendered":"<p style=\"text-align: justify;\"><a href=\"https:\/\/i0.wp.com\/www.jojoenherbe.com\/wp-content\/uploads\/2008\/01\/Ch%C3%A2teau-de-la-Roche-Courbon.jpg\"><img data-recalc-dims=\"1\" loading=\"lazy\" decoding=\"async\" data-attachment-id=\"564\" data-permalink=\"http:\/\/www.jojoenherbe.com\/index.php\/2008\/01\/06\/chateau-de-la-roche-courbon-sous-la-brume\/chateau-de-la-roche-courbon\/\" data-orig-file=\"https:\/\/i0.wp.com\/www.jojoenherbe.com\/wp-content\/uploads\/2008\/01\/Ch%C3%A2teau-de-la-Roche-Courbon.jpg?fit=2592%2C1551\" data-orig-size=\"2592,1551\" data-comments-opened=\"1\" data-image-meta=\"{&quot;aperture&quot;:&quot;2.8&quot;,&quot;credit&quot;:&quot;&quot;,&quot;camera&quot;:&quot;DSC-P100&quot;,&quot;caption&quot;:&quot;&quot;,&quot;created_timestamp&quot;:&quot;1198857531&quot;,&quot;copyright&quot;:&quot;&quot;,&quot;focal_length&quot;:&quot;7.9&quot;,&quot;iso&quot;:&quot;100&quot;,&quot;shutter_speed&quot;:&quot;0.00625&quot;,&quot;title&quot;:&quot;&quot;,&quot;orientation&quot;:&quot;1&quot;}\" data-image-title=\"Ch\u00e2teau de la Roche Courbon\" data-image-description=\"\" data-image-caption=\"\" data-large-file=\"https:\/\/i0.wp.com\/www.jojoenherbe.com\/wp-content\/uploads\/2008\/01\/Ch%C3%A2teau-de-la-Roche-Courbon.jpg?fit=676%2C405\" class=\"alignleft size-thumbnail wp-image-564\" src=\"https:\/\/i0.wp.com\/www.jojoenherbe.com\/wp-content\/uploads\/2008\/01\/Ch%C3%A2teau-de-la-Roche-Courbon.jpg?resize=150%2C150\" alt=\"\" width=\"150\" height=\"150\" srcset=\"https:\/\/i0.wp.com\/www.jojoenherbe.com\/wp-content\/uploads\/2008\/01\/Ch%C3%A2teau-de-la-Roche-Courbon.jpg?resize=150%2C150 150w, https:\/\/i0.wp.com\/www.jojoenherbe.com\/wp-content\/uploads\/2008\/01\/Ch%C3%A2teau-de-la-Roche-Courbon.jpg?zoom=2&amp;resize=150%2C150 300w, https:\/\/i0.wp.com\/www.jojoenherbe.com\/wp-content\/uploads\/2008\/01\/Ch%C3%A2teau-de-la-Roche-Courbon.jpg?zoom=3&amp;resize=150%2C150 450w\" sizes=\"auto, (max-width: 150px) 100vw, 150px\" \/><\/a> <a href=\"https:\/\/i0.wp.com\/www.jojoenherbe.com\/wp-content\/uploads\/2008\/01\/Ch%C3%A2teau-de-la-Roche-Courbon-9.jpg\"><img data-recalc-dims=\"1\" loading=\"lazy\" decoding=\"async\" data-attachment-id=\"559\" data-permalink=\"http:\/\/www.jojoenherbe.com\/index.php\/2008\/01\/06\/chateau-de-la-roche-courbon-sous-la-brume\/chateau-de-la-roche-courbon-9\/\" data-orig-file=\"https:\/\/i0.wp.com\/www.jojoenherbe.com\/wp-content\/uploads\/2008\/01\/Ch%C3%A2teau-de-la-Roche-Courbon-9.jpg?fit=1944%2C2592\" data-orig-size=\"1944,2592\" data-comments-opened=\"1\" data-image-meta=\"{&quot;aperture&quot;:&quot;2.8&quot;,&quot;credit&quot;:&quot;&quot;,&quot;camera&quot;:&quot;DSC-P100&quot;,&quot;caption&quot;:&quot;&quot;,&quot;created_timestamp&quot;:&quot;1198862279&quot;,&quot;copyright&quot;:&quot;&quot;,&quot;focal_length&quot;:&quot;7.9&quot;,&quot;iso&quot;:&quot;100&quot;,&quot;shutter_speed&quot;:&quot;0.076923076923077&quot;,&quot;title&quot;:&quot;&quot;,&quot;orientation&quot;:&quot;0&quot;}\" data-image-title=\"Ch\u00e2teau de la Roche Courbon\" data-image-description=\"\" data-image-caption=\"\" data-large-file=\"https:\/\/i0.wp.com\/www.jojoenherbe.com\/wp-content\/uploads\/2008\/01\/Ch%C3%A2teau-de-la-Roche-Courbon-9.jpg?fit=676%2C901\" class=\"alignleft size-thumbnail wp-image-559\" src=\"https:\/\/i0.wp.com\/www.jojoenherbe.com\/wp-content\/uploads\/2008\/01\/Ch%C3%A2teau-de-la-Roche-Courbon-9.jpg?resize=150%2C150\" alt=\"\" width=\"150\" height=\"150\" srcset=\"https:\/\/i0.wp.com\/www.jojoenherbe.com\/wp-content\/uploads\/2008\/01\/Ch%C3%A2teau-de-la-Roche-Courbon-9.jpg?resize=150%2C150 150w, https:\/\/i0.wp.com\/www.jojoenherbe.com\/wp-content\/uploads\/2008\/01\/Ch%C3%A2teau-de-la-Roche-Courbon-9.jpg?zoom=2&amp;resize=150%2C150 300w, https:\/\/i0.wp.com\/www.jojoenherbe.com\/wp-content\/uploads\/2008\/01\/Ch%C3%A2teau-de-la-Roche-Courbon-9.jpg?zoom=3&amp;resize=150%2C150 450w\" sizes=\"auto, (max-width: 150px) 100vw, 150px\" \/><\/a> <a href=\"https:\/\/i0.wp.com\/www.jojoenherbe.com\/wp-content\/uploads\/2008\/01\/Ch%C3%A2teau-de-la-Roche-Courbon-10.jpg\"><img data-recalc-dims=\"1\" loading=\"lazy\" decoding=\"async\" data-attachment-id=\"560\" data-permalink=\"http:\/\/www.jojoenherbe.com\/index.php\/2008\/01\/06\/chateau-de-la-roche-courbon-sous-la-brume\/chateau-de-la-roche-courbon-10\/\" data-orig-file=\"https:\/\/i0.wp.com\/www.jojoenherbe.com\/wp-content\/uploads\/2008\/01\/Ch%C3%A2teau-de-la-Roche-Courbon-10.jpg?fit=1944%2C2592\" data-orig-size=\"1944,2592\" data-comments-opened=\"1\" data-image-meta=\"{&quot;aperture&quot;:&quot;2.8&quot;,&quot;credit&quot;:&quot;&quot;,&quot;camera&quot;:&quot;DSC-P100&quot;,&quot;caption&quot;:&quot;&quot;,&quot;created_timestamp&quot;:&quot;1198862330&quot;,&quot;copyright&quot;:&quot;&quot;,&quot;focal_length&quot;:&quot;7.9&quot;,&quot;iso&quot;:&quot;100&quot;,&quot;shutter_speed&quot;:&quot;0.076923076923077&quot;,&quot;title&quot;:&quot;&quot;,&quot;orientation&quot;:&quot;0&quot;}\" data-image-title=\"Ch\u00e2teau de la Roche Courbon\" data-image-description=\"\" data-image-caption=\"\" data-large-file=\"https:\/\/i0.wp.com\/www.jojoenherbe.com\/wp-content\/uploads\/2008\/01\/Ch%C3%A2teau-de-la-Roche-Courbon-10.jpg?fit=676%2C901\" class=\"alignleft size-thumbnail wp-image-560\" src=\"https:\/\/i0.wp.com\/www.jojoenherbe.com\/wp-content\/uploads\/2008\/01\/Ch%C3%A2teau-de-la-Roche-Courbon-10.jpg?resize=150%2C150\" alt=\"\" width=\"150\" height=\"150\" srcset=\"https:\/\/i0.wp.com\/www.jojoenherbe.com\/wp-content\/uploads\/2008\/01\/Ch%C3%A2teau-de-la-Roche-Courbon-10.jpg?resize=150%2C150 150w, https:\/\/i0.wp.com\/www.jojoenherbe.com\/wp-content\/uploads\/2008\/01\/Ch%C3%A2teau-de-la-Roche-Courbon-10.jpg?zoom=2&amp;resize=150%2C150 300w, https:\/\/i0.wp.com\/www.jojoenherbe.com\/wp-content\/uploads\/2008\/01\/Ch%C3%A2teau-de-la-Roche-Courbon-10.jpg?zoom=3&amp;resize=150%2C150 450w\" sizes=\"auto, (max-width: 150px) 100vw, 150px\" \/><\/a><em>Ce 28 d\u00e9cembre 2007, malgr\u00e9 le temps brumeux, nous allons visiter le Ch\u00e2teau de la Roche Courbon, \u00e0 Saint-Porchaire, dans la vall\u00e9e du Bruant. Nous entrons par la porte des Lions. La brume semble nous avoir projet\u00e9s dans des temps anciens. La vue sur les jardins \u00e0 la fran\u00e7aise a un charme tout particulier. Le Ch\u00e2teau et son donjon datent du XVe si\u00e8cle m\u00eame si de grandes modifications furent apport\u00e9es au XVIIe si\u00e8cle. Le Ch\u00e2teau de la Belle au bois dormant, comme l&rsquo;avait dit Pierre Loti en 1908 !<br \/>\n<\/em><\/p>\n<p><a href=\"https:\/\/i0.wp.com\/www.jojoenherbe.com\/wp-content\/uploads\/2008\/01\/Ch%C3%A2teau-de-la-Roche-Courbon-11.jpg\"><img data-recalc-dims=\"1\" loading=\"lazy\" decoding=\"async\" data-attachment-id=\"561\" data-permalink=\"http:\/\/www.jojoenherbe.com\/index.php\/2008\/01\/06\/chateau-de-la-roche-courbon-sous-la-brume\/chateau-de-la-roche-courbon-11\/\" data-orig-file=\"https:\/\/i0.wp.com\/www.jojoenherbe.com\/wp-content\/uploads\/2008\/01\/Ch%C3%A2teau-de-la-Roche-Courbon-11.jpg?fit=2592%2C1944\" data-orig-size=\"2592,1944\" data-comments-opened=\"1\" data-image-meta=\"{&quot;aperture&quot;:&quot;2.8&quot;,&quot;credit&quot;:&quot;&quot;,&quot;camera&quot;:&quot;DSC-P100&quot;,&quot;caption&quot;:&quot;&quot;,&quot;created_timestamp&quot;:&quot;1198858793&quot;,&quot;copyright&quot;:&quot;&quot;,&quot;focal_length&quot;:&quot;7.9&quot;,&quot;iso&quot;:&quot;320&quot;,&quot;shutter_speed&quot;:&quot;0.125&quot;,&quot;title&quot;:&quot;&quot;,&quot;orientation&quot;:&quot;1&quot;}\" data-image-title=\"Ch\u00e2teau de la Roche Courbon\" data-image-description=\"\" data-image-caption=\"\" data-large-file=\"https:\/\/i0.wp.com\/www.jojoenherbe.com\/wp-content\/uploads\/2008\/01\/Ch%C3%A2teau-de-la-Roche-Courbon-11.jpg?fit=676%2C507\" class=\"size-thumbnail wp-image-561 alignright\" src=\"https:\/\/i0.wp.com\/www.jojoenherbe.com\/wp-content\/uploads\/2008\/01\/Ch%C3%A2teau-de-la-Roche-Courbon-11.jpg?resize=150%2C150\" alt=\"\" width=\"150\" height=\"150\" srcset=\"https:\/\/i0.wp.com\/www.jojoenherbe.com\/wp-content\/uploads\/2008\/01\/Ch%C3%A2teau-de-la-Roche-Courbon-11.jpg?resize=150%2C150 150w, https:\/\/i0.wp.com\/www.jojoenherbe.com\/wp-content\/uploads\/2008\/01\/Ch%C3%A2teau-de-la-Roche-Courbon-11.jpg?zoom=2&amp;resize=150%2C150 300w, https:\/\/i0.wp.com\/www.jojoenherbe.com\/wp-content\/uploads\/2008\/01\/Ch%C3%A2teau-de-la-Roche-Courbon-11.jpg?zoom=3&amp;resize=150%2C150 450w\" sizes=\"auto, (max-width: 150px) 100vw, 150px\" \/><\/a> <a href=\"https:\/\/i0.wp.com\/www.jojoenherbe.com\/wp-content\/uploads\/2008\/01\/Ch%C3%A2teau-de-la-Roche-Courbon-12.jpg\"><img data-recalc-dims=\"1\" loading=\"lazy\" decoding=\"async\" data-attachment-id=\"562\" data-permalink=\"http:\/\/www.jojoenherbe.com\/index.php\/2008\/01\/06\/chateau-de-la-roche-courbon-sous-la-brume\/chateau-de-la-roche-courbon-12\/\" data-orig-file=\"https:\/\/i0.wp.com\/www.jojoenherbe.com\/wp-content\/uploads\/2008\/01\/Ch%C3%A2teau-de-la-Roche-Courbon-12.jpg?fit=2592%2C1944\" data-orig-size=\"2592,1944\" data-comments-opened=\"1\" data-image-meta=\"{&quot;aperture&quot;:&quot;2.8&quot;,&quot;credit&quot;:&quot;&quot;,&quot;camera&quot;:&quot;DSC-P100&quot;,&quot;caption&quot;:&quot;&quot;,&quot;created_timestamp&quot;:&quot;1198858812&quot;,&quot;copyright&quot;:&quot;&quot;,&quot;focal_length&quot;:&quot;7.9&quot;,&quot;iso&quot;:&quot;320&quot;,&quot;shutter_speed&quot;:&quot;0.125&quot;,&quot;title&quot;:&quot;&quot;,&quot;orientation&quot;:&quot;1&quot;}\" data-image-title=\"Ch\u00e2teau de la Roche Courbon\" data-image-description=\"\" data-image-caption=\"\" data-large-file=\"https:\/\/i0.wp.com\/www.jojoenherbe.com\/wp-content\/uploads\/2008\/01\/Ch%C3%A2teau-de-la-Roche-Courbon-12.jpg?fit=676%2C507\" class=\"size-thumbnail wp-image-562 alignright\" src=\"https:\/\/i0.wp.com\/www.jojoenherbe.com\/wp-content\/uploads\/2008\/01\/Ch%C3%A2teau-de-la-Roche-Courbon-12.jpg?resize=150%2C150\" alt=\"\" width=\"150\" height=\"150\" srcset=\"https:\/\/i0.wp.com\/www.jojoenherbe.com\/wp-content\/uploads\/2008\/01\/Ch%C3%A2teau-de-la-Roche-Courbon-12.jpg?resize=150%2C150 150w, https:\/\/i0.wp.com\/www.jojoenherbe.com\/wp-content\/uploads\/2008\/01\/Ch%C3%A2teau-de-la-Roche-Courbon-12.jpg?zoom=2&amp;resize=150%2C150 300w, https:\/\/i0.wp.com\/www.jojoenherbe.com\/wp-content\/uploads\/2008\/01\/Ch%C3%A2teau-de-la-Roche-Courbon-12.jpg?zoom=3&amp;resize=150%2C150 450w\" sizes=\"auto, (max-width: 150px) 100vw, 150px\" \/><\/a><\/p>\n<p style=\"text-align: justify;\"><em>Nous commen\u00e7ons par la visite guid\u00e9e du ch\u00e2teau, en particulier le cabinet de peintures avec des panneaux peints sur bois (paysages, all\u00e9gories, vie d&rsquo;Hercule&#8230;) et une cuisine saintongeaise avec son ancien tournebroche. Dans le donjon, il y a un petit mus\u00e9e de la Pr\u00e9histoire o\u00f9 peuvent \u00eatre vues des pierres grav\u00e9es dont une repr\u00e9sente un troupeau de mammouths.<\/em><\/p>\n<p style=\"text-align: justify;\"><a href=\"https:\/\/i0.wp.com\/www.jojoenherbe.com\/wp-content\/uploads\/2008\/01\/Ch%C3%A2teau-de-la-Roche-Courbon-3.jpg\"><img data-recalc-dims=\"1\" loading=\"lazy\" decoding=\"async\" data-attachment-id=\"553\" data-permalink=\"http:\/\/www.jojoenherbe.com\/index.php\/2008\/01\/06\/chateau-de-la-roche-courbon-sous-la-brume\/chateau-de-la-roche-courbon-3\/\" data-orig-file=\"https:\/\/i0.wp.com\/www.jojoenherbe.com\/wp-content\/uploads\/2008\/01\/Ch%C3%A2teau-de-la-Roche-Courbon-3.jpg?fit=1944%2C2592\" data-orig-size=\"1944,2592\" data-comments-opened=\"1\" data-image-meta=\"{&quot;aperture&quot;:&quot;2.8&quot;,&quot;credit&quot;:&quot;&quot;,&quot;camera&quot;:&quot;DSC-P100&quot;,&quot;caption&quot;:&quot;&quot;,&quot;created_timestamp&quot;:&quot;1198861338&quot;,&quot;copyright&quot;:&quot;&quot;,&quot;focal_length&quot;:&quot;7.9&quot;,&quot;iso&quot;:&quot;100&quot;,&quot;shutter_speed&quot;:&quot;0.033333333333333&quot;,&quot;title&quot;:&quot;&quot;,&quot;orientation&quot;:&quot;0&quot;}\" data-image-title=\"Ch\u00e2teau de la Roche Courbon\" data-image-description=\"\" data-image-caption=\"\" data-large-file=\"https:\/\/i0.wp.com\/www.jojoenherbe.com\/wp-content\/uploads\/2008\/01\/Ch%C3%A2teau-de-la-Roche-Courbon-3.jpg?fit=676%2C901\" class=\"alignleft size-thumbnail wp-image-553\" src=\"https:\/\/i0.wp.com\/www.jojoenherbe.com\/wp-content\/uploads\/2008\/01\/Ch%C3%A2teau-de-la-Roche-Courbon-3.jpg?resize=150%2C150\" alt=\"\" width=\"150\" height=\"150\" srcset=\"https:\/\/i0.wp.com\/www.jojoenherbe.com\/wp-content\/uploads\/2008\/01\/Ch%C3%A2teau-de-la-Roche-Courbon-3.jpg?resize=150%2C150 150w, https:\/\/i0.wp.com\/www.jojoenherbe.com\/wp-content\/uploads\/2008\/01\/Ch%C3%A2teau-de-la-Roche-Courbon-3.jpg?zoom=2&amp;resize=150%2C150 300w, https:\/\/i0.wp.com\/www.jojoenherbe.com\/wp-content\/uploads\/2008\/01\/Ch%C3%A2teau-de-la-Roche-Courbon-3.jpg?zoom=3&amp;resize=150%2C150 450w\" sizes=\"auto, (max-width: 150px) 100vw, 150px\" \/><\/a> <a href=\"https:\/\/i0.wp.com\/www.jojoenherbe.com\/wp-content\/uploads\/2008\/01\/Ch%C3%A2teau-de-la-Roche-Courbon-13.jpg\"><img data-recalc-dims=\"1\" loading=\"lazy\" decoding=\"async\" data-attachment-id=\"563\" data-permalink=\"http:\/\/www.jojoenherbe.com\/index.php\/2008\/01\/06\/chateau-de-la-roche-courbon-sous-la-brume\/chateau-de-la-roche-courbon-13\/\" data-orig-file=\"https:\/\/i0.wp.com\/www.jojoenherbe.com\/wp-content\/uploads\/2008\/01\/Ch%C3%A2teau-de-la-Roche-Courbon-13.jpg?fit=2592%2C1944\" data-orig-size=\"2592,1944\" data-comments-opened=\"1\" data-image-meta=\"{&quot;aperture&quot;:&quot;2.8&quot;,&quot;credit&quot;:&quot;&quot;,&quot;camera&quot;:&quot;DSC-P100&quot;,&quot;caption&quot;:&quot;&quot;,&quot;created_timestamp&quot;:&quot;1198861809&quot;,&quot;copyright&quot;:&quot;&quot;,&quot;focal_length&quot;:&quot;7.9&quot;,&quot;iso&quot;:&quot;120&quot;,&quot;shutter_speed&quot;:&quot;0.125&quot;,&quot;title&quot;:&quot;&quot;,&quot;orientation&quot;:&quot;1&quot;}\" data-image-title=\"Ch\u00e2teau de la Roche Courbon\" data-image-description=\"\" data-image-caption=\"\" data-large-file=\"https:\/\/i0.wp.com\/www.jojoenherbe.com\/wp-content\/uploads\/2008\/01\/Ch%C3%A2teau-de-la-Roche-Courbon-13.jpg?fit=676%2C507\" class=\"alignleft size-thumbnail wp-image-563\" src=\"https:\/\/i0.wp.com\/www.jojoenherbe.com\/wp-content\/uploads\/2008\/01\/Ch%C3%A2teau-de-la-Roche-Courbon-13.jpg?resize=150%2C150\" alt=\"\" width=\"150\" height=\"150\" srcset=\"https:\/\/i0.wp.com\/www.jojoenherbe.com\/wp-content\/uploads\/2008\/01\/Ch%C3%A2teau-de-la-Roche-Courbon-13.jpg?resize=150%2C150 150w, https:\/\/i0.wp.com\/www.jojoenherbe.com\/wp-content\/uploads\/2008\/01\/Ch%C3%A2teau-de-la-Roche-Courbon-13.jpg?zoom=2&amp;resize=150%2C150 300w, https:\/\/i0.wp.com\/www.jojoenherbe.com\/wp-content\/uploads\/2008\/01\/Ch%C3%A2teau-de-la-Roche-Courbon-13.jpg?zoom=3&amp;resize=150%2C150 450w\" sizes=\"auto, (max-width: 150px) 100vw, 150px\" \/><\/a> <a href=\"https:\/\/i0.wp.com\/www.jojoenherbe.com\/wp-content\/uploads\/2008\/01\/Ch%C3%A2teau-de-la-Roche-Courbon-4.jpg\"><img data-recalc-dims=\"1\" loading=\"lazy\" decoding=\"async\" data-attachment-id=\"554\" data-permalink=\"http:\/\/www.jojoenherbe.com\/index.php\/2008\/01\/06\/chateau-de-la-roche-courbon-sous-la-brume\/chateau-de-la-roche-courbon-4\/\" data-orig-file=\"https:\/\/i0.wp.com\/www.jojoenherbe.com\/wp-content\/uploads\/2008\/01\/Ch%C3%A2teau-de-la-Roche-Courbon-4.jpg?fit=2592%2C1944\" data-orig-size=\"2592,1944\" data-comments-opened=\"1\" data-image-meta=\"{&quot;aperture&quot;:&quot;4&quot;,&quot;credit&quot;:&quot;&quot;,&quot;camera&quot;:&quot;DSC-P100&quot;,&quot;caption&quot;:&quot;&quot;,&quot;created_timestamp&quot;:&quot;1198861563&quot;,&quot;copyright&quot;:&quot;&quot;,&quot;focal_length&quot;:&quot;15.1&quot;,&quot;iso&quot;:&quot;100&quot;,&quot;shutter_speed&quot;:&quot;0.1&quot;,&quot;title&quot;:&quot;&quot;,&quot;orientation&quot;:&quot;1&quot;}\" data-image-title=\"Ch\u00e2teau de la Roche Courbon\" data-image-description=\"\" data-image-caption=\"\" data-large-file=\"https:\/\/i0.wp.com\/www.jojoenherbe.com\/wp-content\/uploads\/2008\/01\/Ch%C3%A2teau-de-la-Roche-Courbon-4.jpg?fit=676%2C507\" class=\"alignleft size-thumbnail wp-image-554\" src=\"https:\/\/i0.wp.com\/www.jojoenherbe.com\/wp-content\/uploads\/2008\/01\/Ch%C3%A2teau-de-la-Roche-Courbon-4.jpg?resize=150%2C150\" alt=\"\" width=\"150\" height=\"150\" srcset=\"https:\/\/i0.wp.com\/www.jojoenherbe.com\/wp-content\/uploads\/2008\/01\/Ch%C3%A2teau-de-la-Roche-Courbon-4.jpg?resize=150%2C150 150w, https:\/\/i0.wp.com\/www.jojoenherbe.com\/wp-content\/uploads\/2008\/01\/Ch%C3%A2teau-de-la-Roche-Courbon-4.jpg?zoom=2&amp;resize=150%2C150 300w, https:\/\/i0.wp.com\/www.jojoenherbe.com\/wp-content\/uploads\/2008\/01\/Ch%C3%A2teau-de-la-Roche-Courbon-4.jpg?zoom=3&amp;resize=150%2C150 450w\" sizes=\"auto, (max-width: 150px) 100vw, 150px\" \/><\/a> <a href=\"https:\/\/i0.wp.com\/www.jojoenherbe.com\/wp-content\/uploads\/2008\/01\/Ch%C3%A2teau-de-la-Roche-Courbon-8.jpg\"><img data-recalc-dims=\"1\" loading=\"lazy\" decoding=\"async\" data-attachment-id=\"558\" data-permalink=\"http:\/\/www.jojoenherbe.com\/index.php\/2008\/01\/06\/chateau-de-la-roche-courbon-sous-la-brume\/chateau-de-la-roche-courbon-8\/\" data-orig-file=\"https:\/\/i0.wp.com\/www.jojoenherbe.com\/wp-content\/uploads\/2008\/01\/Ch%C3%A2teau-de-la-Roche-Courbon-8.jpg?fit=2592%2C1944\" data-orig-size=\"2592,1944\" data-comments-opened=\"1\" data-image-meta=\"{&quot;aperture&quot;:&quot;2.8&quot;,&quot;credit&quot;:&quot;&quot;,&quot;camera&quot;:&quot;DSC-P100&quot;,&quot;caption&quot;:&quot;&quot;,&quot;created_timestamp&quot;:&quot;1198862173&quot;,&quot;copyright&quot;:&quot;&quot;,&quot;focal_length&quot;:&quot;7.9&quot;,&quot;iso&quot;:&quot;100&quot;,&quot;shutter_speed&quot;:&quot;0.076923076923077&quot;,&quot;title&quot;:&quot;&quot;,&quot;orientation&quot;:&quot;1&quot;}\" data-image-title=\"Ch\u00e2teau de la Roche Courbon\" data-image-description=\"\" data-image-caption=\"\" data-large-file=\"https:\/\/i0.wp.com\/www.jojoenherbe.com\/wp-content\/uploads\/2008\/01\/Ch%C3%A2teau-de-la-Roche-Courbon-8.jpg?fit=676%2C507\" class=\"alignleft size-thumbnail wp-image-558\" src=\"https:\/\/i0.wp.com\/www.jojoenherbe.com\/wp-content\/uploads\/2008\/01\/Ch%C3%A2teau-de-la-Roche-Courbon-8.jpg?resize=150%2C150\" alt=\"\" width=\"150\" height=\"150\" srcset=\"https:\/\/i0.wp.com\/www.jojoenherbe.com\/wp-content\/uploads\/2008\/01\/Ch%C3%A2teau-de-la-Roche-Courbon-8.jpg?resize=150%2C150 150w, https:\/\/i0.wp.com\/www.jojoenherbe.com\/wp-content\/uploads\/2008\/01\/Ch%C3%A2teau-de-la-Roche-Courbon-8.jpg?zoom=2&amp;resize=150%2C150 300w, https:\/\/i0.wp.com\/www.jojoenherbe.com\/wp-content\/uploads\/2008\/01\/Ch%C3%A2teau-de-la-Roche-Courbon-8.jpg?zoom=3&amp;resize=150%2C150 450w\" sizes=\"auto, (max-width: 150px) 100vw, 150px\" \/><\/a> <a href=\"https:\/\/i0.wp.com\/www.jojoenherbe.com\/wp-content\/uploads\/2008\/01\/Ch%C3%A2teau-de-la-Roche-Courbon-7.jpg\"><img data-recalc-dims=\"1\" loading=\"lazy\" decoding=\"async\" data-attachment-id=\"557\" data-permalink=\"http:\/\/www.jojoenherbe.com\/index.php\/2008\/01\/06\/chateau-de-la-roche-courbon-sous-la-brume\/chateau-de-la-roche-courbon-7\/\" data-orig-file=\"https:\/\/i0.wp.com\/www.jojoenherbe.com\/wp-content\/uploads\/2008\/01\/Ch%C3%A2teau-de-la-Roche-Courbon-7.jpg?fit=2592%2C1944\" data-orig-size=\"2592,1944\" data-comments-opened=\"1\" data-image-meta=\"{&quot;aperture&quot;:&quot;2.8&quot;,&quot;credit&quot;:&quot;&quot;,&quot;camera&quot;:&quot;DSC-P100&quot;,&quot;caption&quot;:&quot;&quot;,&quot;created_timestamp&quot;:&quot;1198862092&quot;,&quot;copyright&quot;:&quot;&quot;,&quot;focal_length&quot;:&quot;7.9&quot;,&quot;iso&quot;:&quot;100&quot;,&quot;shutter_speed&quot;:&quot;0.066666666666667&quot;,&quot;title&quot;:&quot;&quot;,&quot;orientation&quot;:&quot;1&quot;}\" data-image-title=\"Ch\u00e2teau de la Roche Courbon\" data-image-description=\"\" data-image-caption=\"\" data-large-file=\"https:\/\/i0.wp.com\/www.jojoenherbe.com\/wp-content\/uploads\/2008\/01\/Ch%C3%A2teau-de-la-Roche-Courbon-7.jpg?fit=676%2C507\" class=\"alignleft size-thumbnail wp-image-557\" src=\"https:\/\/i0.wp.com\/www.jojoenherbe.com\/wp-content\/uploads\/2008\/01\/Ch%C3%A2teau-de-la-Roche-Courbon-7.jpg?resize=150%2C150\" alt=\"\" width=\"150\" height=\"150\" srcset=\"https:\/\/i0.wp.com\/www.jojoenherbe.com\/wp-content\/uploads\/2008\/01\/Ch%C3%A2teau-de-la-Roche-Courbon-7.jpg?resize=150%2C150 150w, https:\/\/i0.wp.com\/www.jojoenherbe.com\/wp-content\/uploads\/2008\/01\/Ch%C3%A2teau-de-la-Roche-Courbon-7.jpg?zoom=2&amp;resize=150%2C150 300w, https:\/\/i0.wp.com\/www.jojoenherbe.com\/wp-content\/uploads\/2008\/01\/Ch%C3%A2teau-de-la-Roche-Courbon-7.jpg?zoom=3&amp;resize=150%2C150 450w\" sizes=\"auto, (max-width: 150px) 100vw, 150px\" \/><\/a><\/p>\n<p>&nbsp;<\/p>\n<p>&nbsp;<\/p>\n<p>&nbsp;<\/p>\n<p style=\"text-align: justify;\"><em>Puis nous nous dirigeons vers les jardins \u00e0 la fran\u00e7aise situ\u00e9s en partie sur des marais et reconstruits r\u00e9guli\u00e8rement sur pilotis. Dans les bassins, cygnes et canards Colvert se m\u00e9langent aux sculptures et ifs taill\u00e9s. Nous empruntons un escalier qui nous permet d&rsquo;avoir une belle vue sur le ch\u00e2teau se refl\u00e9tant dans l&rsquo;eau.<br \/>\n<\/em><\/p>\n<div id=\"attachment_565\" style=\"width: 160px\" class=\"wp-caption alignright\"><a href=\"https:\/\/i0.wp.com\/www.jojoenherbe.com\/wp-content\/uploads\/2008\/01\/Grottes-du-Bouil-bleu.jpg\"><img data-recalc-dims=\"1\" loading=\"lazy\" decoding=\"async\" aria-describedby=\"caption-attachment-565\" data-attachment-id=\"565\" data-permalink=\"http:\/\/www.jojoenherbe.com\/index.php\/2008\/01\/06\/chateau-de-la-roche-courbon-sous-la-brume\/grottes-du-bouil-bleu\/\" data-orig-file=\"https:\/\/i0.wp.com\/www.jojoenherbe.com\/wp-content\/uploads\/2008\/01\/Grottes-du-Bouil-bleu.jpg?fit=1944%2C2592\" data-orig-size=\"1944,2592\" data-comments-opened=\"1\" data-image-meta=\"{&quot;aperture&quot;:&quot;2.8&quot;,&quot;credit&quot;:&quot;&quot;,&quot;camera&quot;:&quot;DSC-P100&quot;,&quot;caption&quot;:&quot;&quot;,&quot;created_timestamp&quot;:&quot;1198863032&quot;,&quot;copyright&quot;:&quot;&quot;,&quot;focal_length&quot;:&quot;7.9&quot;,&quot;iso&quot;:&quot;320&quot;,&quot;shutter_speed&quot;:&quot;0.125&quot;,&quot;title&quot;:&quot;&quot;,&quot;orientation&quot;:&quot;0&quot;}\" data-image-title=\"Grottes du Bouil bleu\" data-image-description=\"\" data-image-caption=\"&lt;p&gt;Grottes du Bouil bleu&lt;\/p&gt;\n\" data-large-file=\"https:\/\/i0.wp.com\/www.jojoenherbe.com\/wp-content\/uploads\/2008\/01\/Grottes-du-Bouil-bleu.jpg?fit=676%2C901\" class=\"size-thumbnail wp-image-565\" src=\"https:\/\/i0.wp.com\/www.jojoenherbe.com\/wp-content\/uploads\/2008\/01\/Grottes-du-Bouil-bleu.jpg?resize=150%2C150\" alt=\"\" width=\"150\" height=\"150\" srcset=\"https:\/\/i0.wp.com\/www.jojoenherbe.com\/wp-content\/uploads\/2008\/01\/Grottes-du-Bouil-bleu.jpg?resize=150%2C150 150w, https:\/\/i0.wp.com\/www.jojoenherbe.com\/wp-content\/uploads\/2008\/01\/Grottes-du-Bouil-bleu.jpg?zoom=2&amp;resize=150%2C150 300w, https:\/\/i0.wp.com\/www.jojoenherbe.com\/wp-content\/uploads\/2008\/01\/Grottes-du-Bouil-bleu.jpg?zoom=3&amp;resize=150%2C150 450w\" sizes=\"auto, (max-width: 150px) 100vw, 150px\" \/><\/a><p id=\"caption-attachment-565\" class=\"wp-caption-text\">Grottes du Bouil bleu<\/p><\/div>\n<p style=\"text-align: justify;\"><em>En sortant des jardins, nous d\u00e9cidons d&#8217;emprunter le sentier en sous-bois vers les grottes du Bouil bleu creus\u00e9es dans la falaise. Ces grottes \u00e9taient habit\u00e9es au Pal\u00e9olithique moyen, soit il y a plus de 50.000 ans, par des hommes de N\u00e9andertal<\/em><em>. Malheureusement, nous ne voyons plus grand chose avec la p\u00e9nombre et d\u00e9cidons de rentrer, le domaine fermant \u00e0 17h30.<br \/>\n<\/em><\/p>\n<p><iframe loading=\"lazy\" style=\"border: 0;\" src=\"https:\/\/www.google.com\/maps\/embed?pb=!1m18!1m12!1m3!1d2779.793217850965!2d-0.7833336844300831!3d45.835421979107146!2m3!1f0!2f0!3f0!3m2!1i1024!2i768!4f13.1!3m3!1m2!1s0x4801175a19d66f8d%3A0xe35994e1af5d2097!2sCh%C3%A2teau+de+la+Roche+Courbon!5e0!3m2!1sfr!2sfr!4v1516658564957\" width=\"400\" height=\"300\" frameborder=\"0\" allowfullscreen=\"allowfullscreen\"><\/iframe><\/p>\n","protected":false},"excerpt":{"rendered":"<p>Ce 28 d\u00e9cembre 2007, malgr\u00e9 le temps brumeux, nous allons visiter le Ch\u00e2teau de la Roche Courbon, \u00e0 Saint-Porchaire, dans la vall\u00e9e du Bruant. Nous entrons par la porte des Lions. La brume semble nous avoir projet\u00e9s dans des temps anciens. La vue sur les jardins \u00e0 la fran\u00e7aise a un charme tout particulier. Le [&hellip;]<\/p>\n","protected":false},"author":1,"featured_media":555,"comment_status":"open","ping_status":"open","sticky":false,"template":"","format":"standard","meta":{"jetpack_post_was_ever_published":false,"_jetpack_newsletter_access":"","_jetpack_dont_email_post_to_subs":false,"_jetpack_newsletter_tier_id":0,"_jetpack_memberships_contains_paywalled_content":false,"_jetpack_memberships_contains_paid_content":false,"footnotes":""},"categories":[4],"tags":[77,56,70,78,79,55,69,71,76],"class_list":["post-509","post","type-post","status-publish","format-standard","has-post-thumbnail","hentry","category-mini-visiteur","tag-archeologie","tag-charente-maritime","tag-chateaux","tag-grottes","tag-grottes-du-bouil-bleu","tag-monuments-historiques","tag-nouvelle-aquitaine","tag-saint-porchaire","tag-vallee-du-bruant","post-preview"],"jetpack_featured_media_url":"https:\/\/i0.wp.com\/www.jojoenherbe.com\/wp-content\/uploads\/2008\/01\/Ch%C3%A2teau-de-la-Roche-Courbon-5.jpg?fit=2592%2C1944","jetpack_sharing_enabled":true,"jetpack_shortlink":"https:\/\/wp.me\/p9zhGx-8d","jetpack_likes_enabled":true,"jetpack-related-posts":[{"id":970,"url":"http:\/\/www.jojoenherbe.com\/index.php\/2018\/02\/13\/le-jardin-de-villecroze\/","url_meta":{"origin":509,"position":0},"title":"Le jardin de Villecroze","author":"Jojo","date":"13 f\u00e9vrier 2018","format":false,"excerpt":"Ce 10 f\u00e9vrier 2018, nous nous rendons \u00e0 Villecroze et plus pr\u00e9cis\u00e9ment au Nord de la commune pour visiter son parc. Ce jardin am\u00e9nag\u00e9 dans les ann\u00e9es 20 est vraiment tr\u00e8s plaisant et id\u00e9al pour toute la famille (mais interdit aux chiens). Apr\u00e8s quelques pas, nous avons une magnifique vue\u2026","rel":"","context":"Dans &quot;Mini visiteur&quot;","block_context":{"text":"Mini visiteur","link":"http:\/\/www.jojoenherbe.com\/index.php\/category\/mini-crapahuteur\/mini-visiteur\/"},"img":{"alt_text":"","src":"https:\/\/i0.wp.com\/www.jojoenherbe.com\/wp-content\/uploads\/2018\/02\/parc-de-Villecroze-7.jpg?fit=900%2C1200&resize=350%2C200","width":350,"height":200,"srcset":"https:\/\/i0.wp.com\/www.jojoenherbe.com\/wp-content\/uploads\/2018\/02\/parc-de-Villecroze-7.jpg?fit=900%2C1200&resize=350%2C200 1x, https:\/\/i0.wp.com\/www.jojoenherbe.com\/wp-content\/uploads\/2018\/02\/parc-de-Villecroze-7.jpg?fit=900%2C1200&resize=525%2C300 1.5x, https:\/\/i0.wp.com\/www.jojoenherbe.com\/wp-content\/uploads\/2018\/02\/parc-de-Villecroze-7.jpg?fit=900%2C1200&resize=700%2C400 2x"},"classes":[]},{"id":5760,"url":"http:\/\/www.jojoenherbe.com\/index.php\/2019\/05\/02\/a-la-decouverte-de-la-clue-de-saint-auban-en-voiture\/","url_meta":{"origin":509,"position":1},"title":"A la d\u00e9couverte de la clue de Saint-Auban en voiture","author":"Jojo","date":"2 mai 2019","format":false,"excerpt":"En ce 1er mai 2019, nous partons \u00e0 la d\u00e9couverte des clues de Haute-Provence, dans le secteur Sud de Puget-Th\u00e9niers. Nous prenons la D2211A en direction de La Penne, petit village entour\u00e9 de prairies et dont nous apercevons au sommet un pigeonnier qui semble bien conserv\u00e9. Puis nous passons \u00e0\u2026","rel":"","context":"Dans &quot;Mini baladeur&quot;","block_context":{"text":"Mini baladeur","link":"http:\/\/www.jojoenherbe.com\/index.php\/category\/mini-crapahuteur\/mini-baladeur\/"},"img":{"alt_text":"","src":"https:\/\/i0.wp.com\/www.jojoenherbe.com\/wp-content\/uploads\/2019\/05\/Clue-de-Saint-Auban-2.jpg?fit=1200%2C900&resize=350%2C200","width":350,"height":200,"srcset":"https:\/\/i0.wp.com\/www.jojoenherbe.com\/wp-content\/uploads\/2019\/05\/Clue-de-Saint-Auban-2.jpg?fit=1200%2C900&resize=350%2C200 1x, https:\/\/i0.wp.com\/www.jojoenherbe.com\/wp-content\/uploads\/2019\/05\/Clue-de-Saint-Auban-2.jpg?fit=1200%2C900&resize=525%2C300 1.5x, https:\/\/i0.wp.com\/www.jojoenherbe.com\/wp-content\/uploads\/2019\/05\/Clue-de-Saint-Auban-2.jpg?fit=1200%2C900&resize=700%2C400 2x, https:\/\/i0.wp.com\/www.jojoenherbe.com\/wp-content\/uploads\/2019\/05\/Clue-de-Saint-Auban-2.jpg?fit=1200%2C900&resize=1050%2C600 3x"},"classes":[]},{"id":6522,"url":"http:\/\/www.jojoenherbe.com\/index.php\/2019\/06\/24\/balade-dans-la-vallee-de-la-gordolasque\/","url_meta":{"origin":509,"position":2},"title":"Balade dans la vall\u00e9e de la Gordolasque","author":"Jojo","date":"24 juin 2019","format":false,"excerpt":"Ce 23 juin 2019, nous passons par Belv\u00e9d\u00e8re pour gagner, une dizaine de kilom\u00e8tres plus loin, la vall\u00e9e de la Gordolasque faisant partie du parc national du Mercantour. Nous faisons une pause d\u00e9jeuner sur une table de pique-nique install\u00e9e \u00e0 c\u00f4t\u00e9 de la cascade du Ray (1.360 m\u00e8tres d'altitude), toute\u2026","rel":"","context":"Dans &quot;Mini baladeur&quot;","block_context":{"text":"Mini baladeur","link":"http:\/\/www.jojoenherbe.com\/index.php\/category\/mini-crapahuteur\/mini-baladeur\/"},"img":{"alt_text":"","src":"https:\/\/i0.wp.com\/www.jojoenherbe.com\/wp-content\/uploads\/2019\/06\/Lac-de-Saint-Gras.jpg?fit=1200%2C900&resize=350%2C200","width":350,"height":200,"srcset":"https:\/\/i0.wp.com\/www.jojoenherbe.com\/wp-content\/uploads\/2019\/06\/Lac-de-Saint-Gras.jpg?fit=1200%2C900&resize=350%2C200 1x, https:\/\/i0.wp.com\/www.jojoenherbe.com\/wp-content\/uploads\/2019\/06\/Lac-de-Saint-Gras.jpg?fit=1200%2C900&resize=525%2C300 1.5x, https:\/\/i0.wp.com\/www.jojoenherbe.com\/wp-content\/uploads\/2019\/06\/Lac-de-Saint-Gras.jpg?fit=1200%2C900&resize=700%2C400 2x, https:\/\/i0.wp.com\/www.jojoenherbe.com\/wp-content\/uploads\/2019\/06\/Lac-de-Saint-Gras.jpg?fit=1200%2C900&resize=1050%2C600 3x"},"classes":[]},{"id":40177,"url":"http:\/\/www.jojoenherbe.com\/index.php\/2025\/07\/29\/balade-au-barrage-du-gouffre-de-lenfer-a-rochetaillee\/","url_meta":{"origin":509,"position":3},"title":"Balade au barrage du Gouffre de l&rsquo;Enfer, \u00e0 Rochetaill\u00e9e","author":"Jojo","date":"29 juillet 2025","format":false,"excerpt":"Mardi dernier, nous sommes partis \u00e0 quelques minutes de Saint-\u00c9tienne en voiture \u00e0 Rochetaill\u00e9e, un petit village perch\u00e9 dans le Massif du Pilat, surplomb\u00e9 par les ruines du ch\u00e2teau datant du XIe si\u00e8cle. Le parking du Gouffre d'Enfer \u00e9tant ferm\u00e9 jusqu'en d\u00e9cembre 2025, nous nous garons finalement dans la mont\u00e9e\u2026","rel":"","context":"Dans &quot;Mini baladeur&quot;","block_context":{"text":"Mini baladeur","link":"http:\/\/www.jojoenherbe.com\/index.php\/category\/mini-crapahuteur\/mini-baladeur\/"},"img":{"alt_text":"","src":"https:\/\/i0.wp.com\/www.jojoenherbe.com\/wp-content\/uploads\/2025\/07\/Rochetaillee-barrage-du-Gouffre-de-lEnfer-scaled.jpg?fit=1200%2C900&resize=350%2C200","width":350,"height":200,"srcset":"https:\/\/i0.wp.com\/www.jojoenherbe.com\/wp-content\/uploads\/2025\/07\/Rochetaillee-barrage-du-Gouffre-de-lEnfer-scaled.jpg?fit=1200%2C900&resize=350%2C200 1x, https:\/\/i0.wp.com\/www.jojoenherbe.com\/wp-content\/uploads\/2025\/07\/Rochetaillee-barrage-du-Gouffre-de-lEnfer-scaled.jpg?fit=1200%2C900&resize=525%2C300 1.5x, https:\/\/i0.wp.com\/www.jojoenherbe.com\/wp-content\/uploads\/2025\/07\/Rochetaillee-barrage-du-Gouffre-de-lEnfer-scaled.jpg?fit=1200%2C900&resize=700%2C400 2x, https:\/\/i0.wp.com\/www.jojoenherbe.com\/wp-content\/uploads\/2025\/07\/Rochetaillee-barrage-du-Gouffre-de-lEnfer-scaled.jpg?fit=1200%2C900&resize=1050%2C600 3x"},"classes":[]},{"id":40392,"url":"http:\/\/www.jojoenherbe.com\/index.php\/2025\/08\/13\/le-temps-dune-visite-des-grottes-du-regulus\/","url_meta":{"origin":509,"position":4},"title":"Le temps d&rsquo;une visite des Grottes du R\u00e9gulus","author":"Jojo","date":"13 ao\u00fbt 2025","format":false,"excerpt":"Le 16 juillet 2025, nous sommes all\u00e9s visiter les Grottes du R\u00e9gulus qui, comme la plage des Nonnes la veille, \u00e9taient, \u00e0 environ 10 minutes \u00e0 pied de notre pied-\u00e0-terre. Nous avons choisi une visite libre plut\u00f4t que la visite guid\u00e9e de ces grottes troglodytiques, \u00e0 flanc de falaise, \u00e0\u2026","rel":"","context":"Dans &quot;Mini visiteur&quot;","block_context":{"text":"Mini visiteur","link":"http:\/\/www.jojoenherbe.com\/index.php\/category\/mini-crapahuteur\/mini-visiteur\/"},"img":{"alt_text":"","src":"https:\/\/i0.wp.com\/www.jojoenherbe.com\/wp-content\/uploads\/2025\/08\/Grottes-du-Regulus-6-scaled.jpg?fit=1200%2C900&resize=350%2C200","width":350,"height":200,"srcset":"https:\/\/i0.wp.com\/www.jojoenherbe.com\/wp-content\/uploads\/2025\/08\/Grottes-du-Regulus-6-scaled.jpg?fit=1200%2C900&resize=350%2C200 1x, https:\/\/i0.wp.com\/www.jojoenherbe.com\/wp-content\/uploads\/2025\/08\/Grottes-du-Regulus-6-scaled.jpg?fit=1200%2C900&resize=525%2C300 1.5x, https:\/\/i0.wp.com\/www.jojoenherbe.com\/wp-content\/uploads\/2025\/08\/Grottes-du-Regulus-6-scaled.jpg?fit=1200%2C900&resize=700%2C400 2x, https:\/\/i0.wp.com\/www.jojoenherbe.com\/wp-content\/uploads\/2025\/08\/Grottes-du-Regulus-6-scaled.jpg?fit=1200%2C900&resize=1050%2C600 3x"},"classes":[]},{"id":2938,"url":"http:\/\/www.jojoenherbe.com\/index.php\/2012\/05\/25\/les-fontaines-bleues-du-chateau-de-beaulon\/","url_meta":{"origin":509,"position":5},"title":"Les Fontaines bleues du Ch\u00e2teau de Beaulon","author":"Jojo","date":"25 mai 2012","format":false,"excerpt":"Ce 18 mai 2012, nous allons visiter, \u00e0 nouveau, le Ch\u00e2teau de Beaulon et ses fontaines bleues, \u00e0 Saint-Dizant-du-Gua. Nous nous y \u00e9tions d\u00e9j\u00e0 rendus en ao\u00fbt 2009 et avions, \u00e0 l'\u00e9poque, fini notre visite par une d\u00e9gustation de d\u00e9licieux pineaux, d'autres visiteurs optant pour les cognacs. Nous passons le\u2026","rel":"","context":"Dans &quot;Mini visiteur&quot;","block_context":{"text":"Mini visiteur","link":"http:\/\/www.jojoenherbe.com\/index.php\/category\/mini-crapahuteur\/mini-visiteur\/"},"img":{"alt_text":"","src":"https:\/\/i0.wp.com\/www.jojoenherbe.com\/wp-content\/uploads\/2012\/05\/Ch%C3%A2teau-de-Beaulon-Les-Fontaines-bleues-2012-3.jpg?fit=900%2C1200&resize=350%2C200","width":350,"height":200,"srcset":"https:\/\/i0.wp.com\/www.jojoenherbe.com\/wp-content\/uploads\/2012\/05\/Ch%C3%A2teau-de-Beaulon-Les-Fontaines-bleues-2012-3.jpg?fit=900%2C1200&resize=350%2C200 1x, https:\/\/i0.wp.com\/www.jojoenherbe.com\/wp-content\/uploads\/2012\/05\/Ch%C3%A2teau-de-Beaulon-Les-Fontaines-bleues-2012-3.jpg?fit=900%2C1200&resize=525%2C300 1.5x, https:\/\/i0.wp.com\/www.jojoenherbe.com\/wp-content\/uploads\/2012\/05\/Ch%C3%A2teau-de-Beaulon-Les-Fontaines-bleues-2012-3.jpg?fit=900%2C1200&resize=700%2C400 2x"},"classes":[]}],"_links":{"self":[{"href":"http:\/\/www.jojoenherbe.com\/index.php\/wp-json\/wp\/v2\/posts\/509","targetHints":{"allow":["GET"]}}],"collection":[{"href":"http:\/\/www.jojoenherbe.com\/index.php\/wp-json\/wp\/v2\/posts"}],"about":[{"href":"http:\/\/www.jojoenherbe.com\/index.php\/wp-json\/wp\/v2\/types\/post"}],"author":[{"embeddable":true,"href":"http:\/\/www.jojoenherbe.com\/index.php\/wp-json\/wp\/v2\/users\/1"}],"replies":[{"embeddable":true,"href":"http:\/\/www.jojoenherbe.com\/index.php\/wp-json\/wp\/v2\/comments?post=509"}],"version-history":[{"count":0,"href":"http:\/\/www.jojoenherbe.com\/index.php\/wp-json\/wp\/v2\/posts\/509\/revisions"}],"wp:featuredmedia":[{"embeddable":true,"href":"http:\/\/www.jojoenherbe.com\/index.php\/wp-json\/wp\/v2\/media\/555"}],"wp:attachment":[{"href":"http:\/\/www.jojoenherbe.com\/index.php\/wp-json\/wp\/v2\/media?parent=509"}],"wp:term":[{"taxonomy":"category","embeddable":true,"href":"http:\/\/www.jojoenherbe.com\/index.php\/wp-json\/wp\/v2\/categories?post=509"},{"taxonomy":"post_tag","embeddable":true,"href":"http:\/\/www.jojoenherbe.com\/index.php\/wp-json\/wp\/v2\/tags?post=509"}],"curies":[{"name":"wp","href":"https:\/\/api.w.org\/{rel}","templated":true}]}}