{"id":4924,"date":"2019-03-08T14:54:32","date_gmt":"2019-03-08T13:54:32","guid":{"rendered":"http:\/\/www.jojoenherbe.com\/?p=4924"},"modified":"2021-02-11T15:19:33","modified_gmt":"2021-02-11T14:19:33","slug":"au-fil-des-pages-avec-un-jour-chez-les-pompiers","status":"publish","type":"post","link":"http:\/\/www.jojoenherbe.com\/index.php\/2019\/03\/08\/au-fil-des-pages-avec-un-jour-chez-les-pompiers\/","title":{"rendered":"Au fil des pages avec Un jour chez les pompiers"},"content":{"rendered":"<p style=\"text-align: justify;\"><em><a href=\"https:\/\/i0.wp.com\/www.jojoenherbe.com\/wp-content\/uploads\/2019\/03\/Un-jour-chez-les-pompiers-2.jpg\"><img data-recalc-dims=\"1\" loading=\"lazy\" decoding=\"async\" data-attachment-id=\"4926\" data-permalink=\"http:\/\/www.jojoenherbe.com\/index.php\/2019\/03\/08\/au-fil-des-pages-avec-un-jour-chez-les-pompiers\/un-jour-chez-les-pompiers-2\/\" data-orig-file=\"https:\/\/i0.wp.com\/www.jojoenherbe.com\/wp-content\/uploads\/2019\/03\/Un-jour-chez-les-pompiers-2.jpg?fit=3094%2C2201\" data-orig-size=\"3094,2201\" data-comments-opened=\"1\" data-image-meta=\"{&quot;aperture&quot;:&quot;2.4&quot;,&quot;credit&quot;:&quot;&quot;,&quot;camera&quot;:&quot;iPhone 4S&quot;,&quot;caption&quot;:&quot;&quot;,&quot;created_timestamp&quot;:&quot;1552049341&quot;,&quot;copyright&quot;:&quot;&quot;,&quot;focal_length&quot;:&quot;4.28&quot;,&quot;iso&quot;:&quot;200&quot;,&quot;shutter_speed&quot;:&quot;0.05&quot;,&quot;title&quot;:&quot;&quot;,&quot;orientation&quot;:&quot;1&quot;}\" data-image-title=\"Un jour chez les pompiers 2\" data-image-description=\"\" data-image-caption=\"\" data-large-file=\"https:\/\/i0.wp.com\/www.jojoenherbe.com\/wp-content\/uploads\/2019\/03\/Un-jour-chez-les-pompiers-2.jpg?fit=676%2C481\" class=\"alignleft size-thumbnail wp-image-4926\" src=\"https:\/\/i0.wp.com\/www.jojoenherbe.com\/wp-content\/uploads\/2019\/03\/Un-jour-chez-les-pompiers-2.jpg?resize=150%2C150\" alt=\"\" width=\"150\" height=\"150\" srcset=\"https:\/\/i0.wp.com\/www.jojoenherbe.com\/wp-content\/uploads\/2019\/03\/Un-jour-chez-les-pompiers-2.jpg?resize=150%2C150 150w, https:\/\/i0.wp.com\/www.jojoenherbe.com\/wp-content\/uploads\/2019\/03\/Un-jour-chez-les-pompiers-2.jpg?zoom=2&amp;resize=150%2C150 300w, https:\/\/i0.wp.com\/www.jojoenherbe.com\/wp-content\/uploads\/2019\/03\/Un-jour-chez-les-pompiers-2.jpg?zoom=3&amp;resize=150%2C150 450w\" sizes=\"auto, (max-width: 150px) 100vw, 150px\" \/><\/a> <a href=\"https:\/\/i0.wp.com\/www.jojoenherbe.com\/wp-content\/uploads\/2019\/03\/Un-jour-chez-les-pompiers-5.jpg\"><img data-recalc-dims=\"1\" loading=\"lazy\" decoding=\"async\" data-attachment-id=\"4929\" data-permalink=\"http:\/\/www.jojoenherbe.com\/index.php\/2019\/03\/08\/au-fil-des-pages-avec-un-jour-chez-les-pompiers\/un-jour-chez-les-pompiers-5\/\" data-orig-file=\"https:\/\/i0.wp.com\/www.jojoenherbe.com\/wp-content\/uploads\/2019\/03\/Un-jour-chez-les-pompiers-5.jpg?fit=2435%2C3064\" data-orig-size=\"2435,3064\" data-comments-opened=\"1\" data-image-meta=\"{&quot;aperture&quot;:&quot;2.4&quot;,&quot;credit&quot;:&quot;&quot;,&quot;camera&quot;:&quot;iPhone 4S&quot;,&quot;caption&quot;:&quot;&quot;,&quot;created_timestamp&quot;:&quot;1552049393&quot;,&quot;copyright&quot;:&quot;&quot;,&quot;focal_length&quot;:&quot;4.28&quot;,&quot;iso&quot;:&quot;160&quot;,&quot;shutter_speed&quot;:&quot;0.05&quot;,&quot;title&quot;:&quot;&quot;,&quot;orientation&quot;:&quot;1&quot;}\" data-image-title=\"Un jour chez les pompiers 5\" data-image-description=\"\" data-image-caption=\"\" data-large-file=\"https:\/\/i0.wp.com\/www.jojoenherbe.com\/wp-content\/uploads\/2019\/03\/Un-jour-chez-les-pompiers-5.jpg?fit=676%2C850\" class=\"alignleft size-thumbnail wp-image-4929\" src=\"https:\/\/i0.wp.com\/www.jojoenherbe.com\/wp-content\/uploads\/2019\/03\/Un-jour-chez-les-pompiers-5.jpg?resize=150%2C150\" alt=\"\" width=\"150\" height=\"150\" srcset=\"https:\/\/i0.wp.com\/www.jojoenherbe.com\/wp-content\/uploads\/2019\/03\/Un-jour-chez-les-pompiers-5.jpg?resize=150%2C150 150w, https:\/\/i0.wp.com\/www.jojoenherbe.com\/wp-content\/uploads\/2019\/03\/Un-jour-chez-les-pompiers-5.jpg?zoom=2&amp;resize=150%2C150 300w, https:\/\/i0.wp.com\/www.jojoenherbe.com\/wp-content\/uploads\/2019\/03\/Un-jour-chez-les-pompiers-5.jpg?zoom=3&amp;resize=150%2C150 450w\" sizes=\"auto, (max-width: 150px) 100vw, 150px\" \/><\/a>Nous continuons de lire des histoires sur les pompiers, quand ce n&rsquo;est pas des activit\u00e9s de gommettes et de coloriage sur le th\u00e8me! Cette fois-ci, nous lisons <span style=\"text-decoration: underline;\">Un jour chez les pompiers<\/span> de Sharon Rentta (\u00e9d. Milan, 2013). Nous suivons la premi\u00e8re journ\u00e9e de Lucien, un \u00e9lan au sein d&rsquo;une caserne de pompiers. Les illustrations sont tr\u00e8s jolies, avec une touche d&rsquo;humour si on prend le temps de bien les regarder en d\u00e9tail&#8230;<br \/>\n<\/em><\/p>\n<p style=\"text-align: justify;\"><em><a href=\"https:\/\/i0.wp.com\/www.jojoenherbe.com\/wp-content\/uploads\/2019\/03\/Un-jour-chez-les-pompiers-3.jpg\"><img data-recalc-dims=\"1\" loading=\"lazy\" decoding=\"async\" data-attachment-id=\"4927\" data-permalink=\"http:\/\/www.jojoenherbe.com\/index.php\/2019\/03\/08\/au-fil-des-pages-avec-un-jour-chez-les-pompiers\/un-jour-chez-les-pompiers-3\/\" data-orig-file=\"https:\/\/i0.wp.com\/www.jojoenherbe.com\/wp-content\/uploads\/2019\/03\/Un-jour-chez-les-pompiers-3.jpg?fit=2448%2C3264\" data-orig-size=\"2448,3264\" data-comments-opened=\"1\" data-image-meta=\"{&quot;aperture&quot;:&quot;2.4&quot;,&quot;credit&quot;:&quot;&quot;,&quot;camera&quot;:&quot;iPhone 4S&quot;,&quot;caption&quot;:&quot;&quot;,&quot;created_timestamp&quot;:&quot;1552049368&quot;,&quot;copyright&quot;:&quot;&quot;,&quot;focal_length&quot;:&quot;4.28&quot;,&quot;iso&quot;:&quot;250&quot;,&quot;shutter_speed&quot;:&quot;0.05&quot;,&quot;title&quot;:&quot;&quot;,&quot;orientation&quot;:&quot;1&quot;}\" data-image-title=\"Un jour chez les pompiers 3\" data-image-description=\"\" data-image-caption=\"\" data-large-file=\"https:\/\/i0.wp.com\/www.jojoenherbe.com\/wp-content\/uploads\/2019\/03\/Un-jour-chez-les-pompiers-3.jpg?fit=676%2C901\" class=\"size-thumbnail wp-image-4927 alignright\" src=\"https:\/\/i0.wp.com\/www.jojoenherbe.com\/wp-content\/uploads\/2019\/03\/Un-jour-chez-les-pompiers-3.jpg?resize=150%2C150\" alt=\"\" width=\"150\" height=\"150\" srcset=\"https:\/\/i0.wp.com\/www.jojoenherbe.com\/wp-content\/uploads\/2019\/03\/Un-jour-chez-les-pompiers-3.jpg?resize=150%2C150 150w, https:\/\/i0.wp.com\/www.jojoenherbe.com\/wp-content\/uploads\/2019\/03\/Un-jour-chez-les-pompiers-3.jpg?zoom=2&amp;resize=150%2C150 300w, https:\/\/i0.wp.com\/www.jojoenherbe.com\/wp-content\/uploads\/2019\/03\/Un-jour-chez-les-pompiers-3.jpg?zoom=3&amp;resize=150%2C150 450w\" sizes=\"auto, (max-width: 150px) 100vw, 150px\" \/><\/a> <a href=\"https:\/\/i0.wp.com\/www.jojoenherbe.com\/wp-content\/uploads\/2019\/03\/Un-jour-chez-les-pompiers-4.jpg\"><img data-recalc-dims=\"1\" loading=\"lazy\" decoding=\"async\" data-attachment-id=\"4928\" data-permalink=\"http:\/\/www.jojoenherbe.com\/index.php\/2019\/03\/08\/au-fil-des-pages-avec-un-jour-chez-les-pompiers\/un-jour-chez-les-pompiers-4\/\" data-orig-file=\"https:\/\/i0.wp.com\/www.jojoenherbe.com\/wp-content\/uploads\/2019\/03\/Un-jour-chez-les-pompiers-4.jpg?fit=3264%2C2448\" data-orig-size=\"3264,2448\" data-comments-opened=\"1\" data-image-meta=\"{&quot;aperture&quot;:&quot;2.4&quot;,&quot;credit&quot;:&quot;&quot;,&quot;camera&quot;:&quot;iPhone 4S&quot;,&quot;caption&quot;:&quot;&quot;,&quot;created_timestamp&quot;:&quot;1552049440&quot;,&quot;copyright&quot;:&quot;&quot;,&quot;focal_length&quot;:&quot;4.28&quot;,&quot;iso&quot;:&quot;250&quot;,&quot;shutter_speed&quot;:&quot;0.05&quot;,&quot;title&quot;:&quot;&quot;,&quot;orientation&quot;:&quot;1&quot;}\" data-image-title=\"Un jour chez les pompiers 4\" data-image-description=\"\" data-image-caption=\"\" data-large-file=\"https:\/\/i0.wp.com\/www.jojoenherbe.com\/wp-content\/uploads\/2019\/03\/Un-jour-chez-les-pompiers-4.jpg?fit=676%2C507\" class=\"size-thumbnail wp-image-4928 alignright\" src=\"https:\/\/i0.wp.com\/www.jojoenherbe.com\/wp-content\/uploads\/2019\/03\/Un-jour-chez-les-pompiers-4.jpg?resize=150%2C150\" alt=\"\" width=\"150\" height=\"150\" srcset=\"https:\/\/i0.wp.com\/www.jojoenherbe.com\/wp-content\/uploads\/2019\/03\/Un-jour-chez-les-pompiers-4.jpg?resize=150%2C150 150w, https:\/\/i0.wp.com\/www.jojoenherbe.com\/wp-content\/uploads\/2019\/03\/Un-jour-chez-les-pompiers-4.jpg?zoom=2&amp;resize=150%2C150 300w, https:\/\/i0.wp.com\/www.jojoenherbe.com\/wp-content\/uploads\/2019\/03\/Un-jour-chez-les-pompiers-4.jpg?zoom=3&amp;resize=150%2C150 450w\" sizes=\"auto, (max-width: 150px) 100vw, 150px\" \/><\/a>Mais on dirait qu&rsquo;il y a aussi Jojo au sein de cette caserne? Ah non, il s&rsquo;agit du Capitaine Pouf! Un pompier macareux \u00e0 la t\u00eate de la brigade de jour au sein de laquelle Lucien est affect\u00e9. Nous retrouvons toutes les activit\u00e9s que peuvent vivre des pompiers: la vie en caserne, l&rsquo;entra\u00eenement, l&rsquo;appel sur un incendie, etc. Lucien qui r\u00eave de pouvoir conduire le camion de pompier r\u00e9ussira-t-il \u00e0 le faire? De quoi cr\u00e9er des vocations chez les tout-petits!<br \/>\n<\/em><\/p>\n","protected":false},"excerpt":{"rendered":"<p>Nous continuons de lire des histoires sur les pompiers, quand ce n&rsquo;est pas des activit\u00e9s de gommettes et de coloriage sur le th\u00e8me! Cette fois-ci, nous lisons Un jour chez les pompiers de Sharon Rentta (\u00e9d. Milan, 2013). Nous suivons la premi\u00e8re journ\u00e9e de Lucien, un \u00e9lan au sein d&rsquo;une caserne de pompiers. Les illustrations [&hellip;]<\/p>\n","protected":false},"author":1,"featured_media":4934,"comment_status":"open","ping_status":"open","sticky":false,"template":"","format":"standard","meta":{"jetpack_post_was_ever_published":false,"_jetpack_newsletter_access":"","_jetpack_dont_email_post_to_subs":false,"_jetpack_newsletter_tier_id":0,"_jetpack_memberships_contains_paywalled_content":false,"_jetpack_memberships_contains_paid_content":false,"footnotes":""},"categories":[363],"tags":[785,409,367,382,425,2200],"class_list":["post-4924","post","type-post","status-publish","format-standard","has-post-thumbnail","hentry","category-mini-lecteur","tag-3-6-ans","tag-albums-jeunesse","tag-lecture-jeunesse","tag-livres","tag-pompiers","tag-sharon-rentta","post-preview"],"jetpack_featured_media_url":"https:\/\/i0.wp.com\/www.jojoenherbe.com\/wp-content\/uploads\/2019\/03\/Un-jour-chez-les-pompiers-6.jpg?fit=2438%2C2352","jetpack_sharing_enabled":true,"jetpack_shortlink":"https:\/\/wp.me\/p9zhGx-1hq","jetpack_likes_enabled":true,"jetpack-related-posts":[{"id":4750,"url":"http:\/\/www.jojoenherbe.com\/index.php\/2019\/02\/23\/au-fil-des-pages-avec-les-pompiers\/","url_meta":{"origin":4924,"position":0},"title":"Au fil des pages avec les pompiers","author":"Jojo","date":"23 f\u00e9vrier 2019","format":false,"excerpt":"Pin-pon! Un incontournable chez les enfants, les pompiers et leur camion bien s\u00fbr! Nous lisons Les pompiers de Marion Zoubenko et Charlie Pop (\u00e9d. Gr\u00fcnd, 2019), dans la collection \"Mes baby docs sonores\" . Cet album jeunesse cartonn\u00e9 peut \u00eatre m\u00e2chouill\u00e9 - lu d\u00e8s un an. Il permet diff\u00e9rentes lectures\u2026","rel":"","context":"Dans &quot;Mini lecteur&quot;","block_context":{"text":"Mini lecteur","link":"http:\/\/www.jojoenherbe.com\/index.php\/category\/mini-lecteur\/"},"img":{"alt_text":"","src":"https:\/\/i0.wp.com\/www.jojoenherbe.com\/wp-content\/uploads\/2019\/02\/Les-pompiers-3.jpg?fit=896%2C1200&resize=350%2C200","width":350,"height":200,"srcset":"https:\/\/i0.wp.com\/www.jojoenherbe.com\/wp-content\/uploads\/2019\/02\/Les-pompiers-3.jpg?fit=896%2C1200&resize=350%2C200 1x, https:\/\/i0.wp.com\/www.jojoenherbe.com\/wp-content\/uploads\/2019\/02\/Les-pompiers-3.jpg?fit=896%2C1200&resize=525%2C300 1.5x, https:\/\/i0.wp.com\/www.jojoenherbe.com\/wp-content\/uploads\/2019\/02\/Les-pompiers-3.jpg?fit=896%2C1200&resize=700%2C400 2x"},"classes":[]},{"id":8643,"url":"http:\/\/www.jojoenherbe.com\/index.php\/2019\/11\/26\/au-fil-des-pages-avec-les-pompiers-2\/","url_meta":{"origin":4924,"position":1},"title":"Au fil des pages avec les pompiers #2","author":"Jojo","date":"26 novembre 2019","format":false,"excerpt":"Nous empruntons \u00e0 la biblioth\u00e8que deux livres documentaires sur les pompiers, accessibles pour les plus jeunes, \u00e0 partir de 4 ans: Les pompiers de St\u00e9phanie Ledu et \u00c9ric Gast\u00e9 (\u00e9d. Milan, coll. Mes p'tits docs, 2019). Ce premier documentaire, plus proche d'une histoire, reprend les \u00e9tapes cl\u00e9s du quotidien des\u2026","rel":"","context":"Dans &quot;Mini lecteur&quot;","block_context":{"text":"Mini lecteur","link":"http:\/\/www.jojoenherbe.com\/index.php\/category\/mini-lecteur\/"},"img":{"alt_text":"","src":"https:\/\/i0.wp.com\/www.jojoenherbe.com\/wp-content\/uploads\/2019\/11\/Les-pompiers-scaled.jpg?fit=1200%2C757&resize=350%2C200","width":350,"height":200,"srcset":"https:\/\/i0.wp.com\/www.jojoenherbe.com\/wp-content\/uploads\/2019\/11\/Les-pompiers-scaled.jpg?fit=1200%2C757&resize=350%2C200 1x, https:\/\/i0.wp.com\/www.jojoenherbe.com\/wp-content\/uploads\/2019\/11\/Les-pompiers-scaled.jpg?fit=1200%2C757&resize=525%2C300 1.5x, https:\/\/i0.wp.com\/www.jojoenherbe.com\/wp-content\/uploads\/2019\/11\/Les-pompiers-scaled.jpg?fit=1200%2C757&resize=700%2C400 2x, https:\/\/i0.wp.com\/www.jojoenherbe.com\/wp-content\/uploads\/2019\/11\/Les-pompiers-scaled.jpg?fit=1200%2C757&resize=1050%2C600 3x"},"classes":[]},{"id":11681,"url":"http:\/\/www.jojoenherbe.com\/index.php\/2020\/07\/30\/au-fil-des-pages-avec-rapido-dans-la-ville\/","url_meta":{"origin":4924,"position":2},"title":"Au fil des pages avec Rapido dans la ville","author":"Jojo","date":"30 juillet 2020","format":false,"excerpt":"Nous empruntons \u00e0 la m\u00e9diath\u00e8que Rapido sur la ville de Jean-Luc Fromental et Jo\u00eblle Jolivet (\u00e9d. H\u00e9lium, 2011), un album jeunesse grand format \u00e0 flaps et \u00e0 partir de 4 ans selon l'\u00e9diteur, voire m\u00eame avant. Nous suivons Rapido, un petit camion rouge au cours d\u2019une journ\u00e9e bien remplie de\u2026","rel":"","context":"Dans &quot;Mini lecteur&quot;","block_context":{"text":"Mini lecteur","link":"http:\/\/www.jojoenherbe.com\/index.php\/category\/mini-lecteur\/"},"img":{"alt_text":"","src":"https:\/\/i0.wp.com\/www.jojoenherbe.com\/wp-content\/uploads\/2020\/07\/Rapido-sur-la-ville-scaled.jpg?fit=1168%2C1200&resize=350%2C200","width":350,"height":200,"srcset":"https:\/\/i0.wp.com\/www.jojoenherbe.com\/wp-content\/uploads\/2020\/07\/Rapido-sur-la-ville-scaled.jpg?fit=1168%2C1200&resize=350%2C200 1x, https:\/\/i0.wp.com\/www.jojoenherbe.com\/wp-content\/uploads\/2020\/07\/Rapido-sur-la-ville-scaled.jpg?fit=1168%2C1200&resize=525%2C300 1.5x, https:\/\/i0.wp.com\/www.jojoenherbe.com\/wp-content\/uploads\/2020\/07\/Rapido-sur-la-ville-scaled.jpg?fit=1168%2C1200&resize=700%2C400 2x, https:\/\/i0.wp.com\/www.jojoenherbe.com\/wp-content\/uploads\/2020\/07\/Rapido-sur-la-ville-scaled.jpg?fit=1168%2C1200&resize=1050%2C600 3x"},"classes":[]},{"id":11175,"url":"http:\/\/www.jojoenherbe.com\/index.php\/2020\/06\/12\/rat-du-mois-anglais-2020\/","url_meta":{"origin":4924,"position":3},"title":"RAT du Mois Anglais 2020","author":"Jojo","date":"12 juin 2020","format":false,"excerpt":"Ce jour, 12 juin 2020 commence le RAT du Mois Anglais qui est pr\u00e9vu jusqu'au 14 juin 2020 minuit. Encore un bon moment de lecture partag\u00e9e tout ce week-end mais pas que! Dans ma PAL, il y a surtout des relectures mais de livres que j'ai lus il y a\u2026","rel":"","context":"Dans &quot;Mini challenger&quot;","block_context":{"text":"Mini challenger","link":"http:\/\/www.jojoenherbe.com\/index.php\/category\/mini-challenger\/"},"img":{"alt_text":"","src":"https:\/\/i0.wp.com\/www.jojoenherbe.com\/wp-content\/uploads\/2020\/06\/PAL-du-RAT-Mois-Anglais-scaled.jpg?fit=1200%2C1140&resize=350%2C200","width":350,"height":200,"srcset":"https:\/\/i0.wp.com\/www.jojoenherbe.com\/wp-content\/uploads\/2020\/06\/PAL-du-RAT-Mois-Anglais-scaled.jpg?fit=1200%2C1140&resize=350%2C200 1x, https:\/\/i0.wp.com\/www.jojoenherbe.com\/wp-content\/uploads\/2020\/06\/PAL-du-RAT-Mois-Anglais-scaled.jpg?fit=1200%2C1140&resize=525%2C300 1.5x, https:\/\/i0.wp.com\/www.jojoenherbe.com\/wp-content\/uploads\/2020\/06\/PAL-du-RAT-Mois-Anglais-scaled.jpg?fit=1200%2C1140&resize=700%2C400 2x, https:\/\/i0.wp.com\/www.jojoenherbe.com\/wp-content\/uploads\/2020\/06\/PAL-du-RAT-Mois-Anglais-scaled.jpg?fit=1200%2C1140&resize=1050%2C600 3x"},"classes":[]},{"id":9270,"url":"http:\/\/www.jojoenherbe.com\/index.php\/2019\/12\/31\/recap-du-challenge-petit-bac-2019\/","url_meta":{"origin":4924,"position":4},"title":"R\u00e9cap&rsquo; du Challenge Petit Bac 2019","author":"Jojo","date":"31 d\u00e9cembre 2019","format":false,"excerpt":"Cette ann\u00e9e 2019,\u00a0 j'ai particip\u00e9 pour la premi\u00e8re fois au Challenge Petit Bac d'Enna, participation que j'ai appr\u00e9ci\u00e9e m\u00eame si certaines cat\u00e9gories comme Partie du corps ou M\u00e9tier \u00e9taient plus d\u00e9licates \u00e0 remplir, surtout que nos lectures sont avant tout des albums jeunesse. Cela m'a \u00e9galement permis de d\u00e9couvrir d'autres\u2026","rel":"","context":"Dans &quot;Mini challenger&quot;","block_context":{"text":"Mini challenger","link":"http:\/\/www.jojoenherbe.com\/index.php\/category\/mini-challenger\/"},"img":{"alt_text":"","src":"https:\/\/i0.wp.com\/www.jojoenherbe.com\/wp-content\/uploads\/2019\/12\/Jojo-carnet.jpg?fit=1200%2C1133&resize=350%2C200","width":350,"height":200,"srcset":"https:\/\/i0.wp.com\/www.jojoenherbe.com\/wp-content\/uploads\/2019\/12\/Jojo-carnet.jpg?fit=1200%2C1133&resize=350%2C200 1x, https:\/\/i0.wp.com\/www.jojoenherbe.com\/wp-content\/uploads\/2019\/12\/Jojo-carnet.jpg?fit=1200%2C1133&resize=525%2C300 1.5x, https:\/\/i0.wp.com\/www.jojoenherbe.com\/wp-content\/uploads\/2019\/12\/Jojo-carnet.jpg?fit=1200%2C1133&resize=700%2C400 2x, https:\/\/i0.wp.com\/www.jojoenherbe.com\/wp-content\/uploads\/2019\/12\/Jojo-carnet.jpg?fit=1200%2C1133&resize=1050%2C600 3x"},"classes":[]},{"id":13858,"url":"http:\/\/www.jojoenherbe.com\/index.php\/2020\/11\/14\/au-fil-des-pages-avec-les-fantomes-zen\/","url_meta":{"origin":4924,"position":5},"title":"Au fil des pages avec Les fant\u00f4mes zen","author":"Jojo","date":"14 novembre 2020","format":false,"excerpt":"Lors du Challenge Halloween 2020, j'ai lu Les fant\u00f4mes zen de John J. Muth (\u00e9d. Fei, 2016), un album jeunesse \u00e0 partir de 6 ans et que j'avais rep\u00e9r\u00e9 l'ann\u00e9e derni\u00e8re chez Bidib. Le jour d'Halloween, trois enfants, Michael, Karl et Addy se pr\u00e9parent pour les festivit\u00e9s. A la nuit\u2026","rel":"","context":"Dans &quot;Mini lecteur&quot;","block_context":{"text":"Mini lecteur","link":"http:\/\/www.jojoenherbe.com\/index.php\/category\/mini-lecteur\/"},"img":{"alt_text":"","src":"https:\/\/i0.wp.com\/www.jojoenherbe.com\/wp-content\/uploads\/2020\/11\/Les-fantomes-zen-2-scaled.jpg?fit=1200%2C900&resize=350%2C200","width":350,"height":200,"srcset":"https:\/\/i0.wp.com\/www.jojoenherbe.com\/wp-content\/uploads\/2020\/11\/Les-fantomes-zen-2-scaled.jpg?fit=1200%2C900&resize=350%2C200 1x, https:\/\/i0.wp.com\/www.jojoenherbe.com\/wp-content\/uploads\/2020\/11\/Les-fantomes-zen-2-scaled.jpg?fit=1200%2C900&resize=525%2C300 1.5x, https:\/\/i0.wp.com\/www.jojoenherbe.com\/wp-content\/uploads\/2020\/11\/Les-fantomes-zen-2-scaled.jpg?fit=1200%2C900&resize=700%2C400 2x, https:\/\/i0.wp.com\/www.jojoenherbe.com\/wp-content\/uploads\/2020\/11\/Les-fantomes-zen-2-scaled.jpg?fit=1200%2C900&resize=1050%2C600 3x"},"classes":[]}],"_links":{"self":[{"href":"http:\/\/www.jojoenherbe.com\/index.php\/wp-json\/wp\/v2\/posts\/4924","targetHints":{"allow":["GET"]}}],"collection":[{"href":"http:\/\/www.jojoenherbe.com\/index.php\/wp-json\/wp\/v2\/posts"}],"about":[{"href":"http:\/\/www.jojoenherbe.com\/index.php\/wp-json\/wp\/v2\/types\/post"}],"author":[{"embeddable":true,"href":"http:\/\/www.jojoenherbe.com\/index.php\/wp-json\/wp\/v2\/users\/1"}],"replies":[{"embeddable":true,"href":"http:\/\/www.jojoenherbe.com\/index.php\/wp-json\/wp\/v2\/comments?post=4924"}],"version-history":[{"count":0,"href":"http:\/\/www.jojoenherbe.com\/index.php\/wp-json\/wp\/v2\/posts\/4924\/revisions"}],"wp:featuredmedia":[{"embeddable":true,"href":"http:\/\/www.jojoenherbe.com\/index.php\/wp-json\/wp\/v2\/media\/4934"}],"wp:attachment":[{"href":"http:\/\/www.jojoenherbe.com\/index.php\/wp-json\/wp\/v2\/media?parent=4924"}],"wp:term":[{"taxonomy":"category","embeddable":true,"href":"http:\/\/www.jojoenherbe.com\/index.php\/wp-json\/wp\/v2\/categories?post=4924"},{"taxonomy":"post_tag","embeddable":true,"href":"http:\/\/www.jojoenherbe.com\/index.php\/wp-json\/wp\/v2\/tags?post=4924"}],"curies":[{"name":"wp","href":"https:\/\/api.w.org\/{rel}","templated":true}]}}