{"id":4800,"date":"2019-02-27T15:07:00","date_gmt":"2019-02-27T14:07:00","guid":{"rendered":"http:\/\/www.jojoenherbe.com\/?p=4800"},"modified":"2020-04-18T22:39:57","modified_gmt":"2020-04-18T20:39:57","slug":"au-fil-des-pages-avec-123-petits-doigts","status":"publish","type":"post","link":"http:\/\/www.jojoenherbe.com\/index.php\/2019\/02\/27\/au-fil-des-pages-avec-123-petits-doigts\/","title":{"rendered":"Au fil des pages avec 1,2,3 petits doigts"},"content":{"rendered":"<p style=\"text-align: justify;\"><em><a href=\"https:\/\/i0.wp.com\/www.jojoenherbe.com\/wp-content\/uploads\/2019\/02\/123-petits-doigts-2.jpg\"><img data-recalc-dims=\"1\" loading=\"lazy\" decoding=\"async\" data-attachment-id=\"4802\" data-permalink=\"http:\/\/www.jojoenherbe.com\/index.php\/2019\/02\/27\/au-fil-des-pages-avec-123-petits-doigts\/123-petits-doigts-2\/\" data-orig-file=\"https:\/\/i0.wp.com\/www.jojoenherbe.com\/wp-content\/uploads\/2019\/02\/123-petits-doigts-2.jpg?fit=3264%2C2094\" data-orig-size=\"3264,2094\" data-comments-opened=\"1\" data-image-meta=\"{&quot;aperture&quot;:&quot;2.4&quot;,&quot;credit&quot;:&quot;&quot;,&quot;camera&quot;:&quot;iPhone 4S&quot;,&quot;caption&quot;:&quot;&quot;,&quot;created_timestamp&quot;:&quot;1551278555&quot;,&quot;copyright&quot;:&quot;&quot;,&quot;focal_length&quot;:&quot;4.28&quot;,&quot;iso&quot;:&quot;80&quot;,&quot;shutter_speed&quot;:&quot;0.05&quot;,&quot;title&quot;:&quot;&quot;,&quot;orientation&quot;:&quot;1&quot;}\" data-image-title=\"1,2,3 petits doigts 2\" data-image-description=\"\" data-image-caption=\"\" data-large-file=\"https:\/\/i0.wp.com\/www.jojoenherbe.com\/wp-content\/uploads\/2019\/02\/123-petits-doigts-2.jpg?fit=676%2C434\" class=\"alignleft size-thumbnail wp-image-4802\" src=\"https:\/\/i0.wp.com\/www.jojoenherbe.com\/wp-content\/uploads\/2019\/02\/123-petits-doigts-2.jpg?resize=150%2C150\" alt=\"\" width=\"150\" height=\"150\" srcset=\"https:\/\/i0.wp.com\/www.jojoenherbe.com\/wp-content\/uploads\/2019\/02\/123-petits-doigts-2.jpg?resize=150%2C150 150w, https:\/\/i0.wp.com\/www.jojoenherbe.com\/wp-content\/uploads\/2019\/02\/123-petits-doigts-2.jpg?zoom=2&amp;resize=150%2C150 300w, https:\/\/i0.wp.com\/www.jojoenherbe.com\/wp-content\/uploads\/2019\/02\/123-petits-doigts-2.jpg?zoom=3&amp;resize=150%2C150 450w\" sizes=\"auto, (max-width: 150px) 100vw, 150px\" \/><\/a> <a href=\"https:\/\/i0.wp.com\/www.jojoenherbe.com\/wp-content\/uploads\/2019\/02\/123-petits-doigts-3.jpg\"><img data-recalc-dims=\"1\" loading=\"lazy\" decoding=\"async\" data-attachment-id=\"4803\" data-permalink=\"http:\/\/www.jojoenherbe.com\/index.php\/2019\/02\/27\/au-fil-des-pages-avec-123-petits-doigts\/123-petits-doigts-3\/\" data-orig-file=\"https:\/\/i0.wp.com\/www.jojoenherbe.com\/wp-content\/uploads\/2019\/02\/123-petits-doigts-3.jpg?fit=2448%2C2907\" data-orig-size=\"2448,2907\" data-comments-opened=\"1\" data-image-meta=\"{&quot;aperture&quot;:&quot;2.4&quot;,&quot;credit&quot;:&quot;&quot;,&quot;camera&quot;:&quot;iPhone 4S&quot;,&quot;caption&quot;:&quot;&quot;,&quot;created_timestamp&quot;:&quot;1551278718&quot;,&quot;copyright&quot;:&quot;&quot;,&quot;focal_length&quot;:&quot;4.28&quot;,&quot;iso&quot;:&quot;125&quot;,&quot;shutter_speed&quot;:&quot;0.05&quot;,&quot;title&quot;:&quot;&quot;,&quot;orientation&quot;:&quot;1&quot;}\" data-image-title=\"1,2,3 petits doigts 3\" data-image-description=\"\" data-image-caption=\"\" data-large-file=\"https:\/\/i0.wp.com\/www.jojoenherbe.com\/wp-content\/uploads\/2019\/02\/123-petits-doigts-3.jpg?fit=676%2C803\" class=\"alignleft size-thumbnail wp-image-4803\" src=\"https:\/\/i0.wp.com\/www.jojoenherbe.com\/wp-content\/uploads\/2019\/02\/123-petits-doigts-3.jpg?resize=150%2C150\" alt=\"\" width=\"150\" height=\"150\" srcset=\"https:\/\/i0.wp.com\/www.jojoenherbe.com\/wp-content\/uploads\/2019\/02\/123-petits-doigts-3.jpg?resize=150%2C150 150w, https:\/\/i0.wp.com\/www.jojoenherbe.com\/wp-content\/uploads\/2019\/02\/123-petits-doigts-3.jpg?zoom=2&amp;resize=150%2C150 300w, https:\/\/i0.wp.com\/www.jojoenherbe.com\/wp-content\/uploads\/2019\/02\/123-petits-doigts-3.jpg?zoom=3&amp;resize=150%2C150 450w\" sizes=\"auto, (max-width: 150px) 100vw, 150px\" \/><\/a>Quand on est tout-petit, il n&rsquo;est pas toujours \u00e9vident d&rsquo;appr\u00e9hender les quantit\u00e9s et de s&rsquo;approprier les chiffres. Nous le faisons, d&rsquo;une fa\u00e7on rigolote et ludique, en glissant nos doigts dans <span style=\"text-decoration: underline;\">1,2,3 petits doigts<\/span> de Laure du Fa\u00ff (\u00e9d. Nathan, 2015), un petit album jeunesse cartonn\u00e9. A nous le pouvoir de compter sur les doigts d&rsquo;une main jusqu&rsquo;aux dix doigts du loup! Les illustrations sont color\u00e9es et plaisent aux tout-petits, d\u00e8s 2 ans, voire m\u00eame avant. Avec un petit plus: la recherche du loup \u00e0 chaque page jusqu&rsquo;\u00e0 le voir en grand! Et pourquoi pas ensuite entonner des comptines comme \u00ab\u00a0Promenons dans les bois\u00a0\u00bb ou \u00ab\u00a01,2,3 nous irons au bois\u00a0\u00bb&#8230;<br \/>\n<\/em><\/p>\n<div id=\"attachment_33643\" style=\"width: 210px\" class=\"wp-caption aligncenter\"><img data-recalc-dims=\"1\" loading=\"lazy\" decoding=\"async\" aria-describedby=\"caption-attachment-33643\" class=\"wp-image-33643\" src=\"https:\/\/i0.wp.com\/delivrer-des-livres.fr\/wp-content\/uploads\/2019\/01\/petit-bac-2019.jpg?resize=200%2C152\" sizes=\"auto, (max-width: 200px) 100vw, 200px\" srcset=\"http:\/\/delivrer-des-livres.fr\/wp-content\/uploads\/2019\/01\/petit-bac-2019.jpg 285w, http:\/\/delivrer-des-livres.fr\/wp-content\/uploads\/2019\/01\/petit-bac-2019-150x114.jpg 150w\" alt=\"\" width=\"200\" height=\"152\"><p id=\"caption-attachment-33643\" class=\"wp-caption-text\"><a href=\"https:\/\/ennalit.wordpress.com\/2018\/12\/01\/challenge-petit-bac-2019-qui-veut-jouer\/\">Challenge Petit Bac d&rsquo;Enna<\/a> &#8211; #1 cat\u00e9gorie Partie du corps \u00ab\u00a0Doigts\u00a0\u00bb<\/p><\/div>\n","protected":false},"excerpt":{"rendered":"<p>Quand on est tout-petit, il n&rsquo;est pas toujours \u00e9vident d&rsquo;appr\u00e9hender les quantit\u00e9s et de s&rsquo;approprier les chiffres. Nous le faisons, d&rsquo;une fa\u00e7on rigolote et ludique, en glissant nos doigts dans 1,2,3 petits doigts de Laure du Fa\u00ff (\u00e9d. Nathan, 2015), un petit album jeunesse cartonn\u00e9. A nous le pouvoir de compter sur les doigts d&rsquo;une [&hellip;]<\/p>\n","protected":false},"author":1,"featured_media":4804,"comment_status":"open","ping_status":"open","sticky":false,"template":"","format":"standard","meta":{"jetpack_post_was_ever_published":false,"_jetpack_newsletter_access":"","_jetpack_dont_email_post_to_subs":false,"_jetpack_newsletter_tier_id":0,"_jetpack_memberships_contains_paywalled_content":false,"_jetpack_memberships_contains_paid_content":false,"footnotes":""},"categories":[363],"tags":[787,409,1349,1204,430,1441,1442,367,1323,589,541,240,431],"class_list":["post-4800","post","type-post","status-publish","format-standard","has-post-thumbnail","hentry","category-mini-lecteur","tag-2-5-ans","tag-albums-jeunesse","tag-challenge-petit-bac-2019","tag-cherche-et-trouve","tag-chiffres","tag-doigt","tag-laure-du-fay","tag-lecture-jeunesse","tag-livre-participatif","tag-livres-cartonnes","tag-loup","tag-motricite-fine","tag-quantites","post-preview"],"jetpack_featured_media_url":"https:\/\/i0.wp.com\/www.jojoenherbe.com\/wp-content\/uploads\/2019\/02\/123-petits-doigts.jpg?fit=2006%2C2134","jetpack_sharing_enabled":true,"jetpack_shortlink":"https:\/\/wp.me\/p9zhGx-1fq","jetpack_likes_enabled":true,"jetpack-related-posts":[{"id":7191,"url":"http:\/\/www.jojoenherbe.com\/index.php\/2019\/08\/23\/au-fil-des-pages-avec-123-petits-chats-qui-savaient-compter-jusqua-3\/","url_meta":{"origin":4800,"position":0},"title":"Au fil des pages avec 1,2,3 petits chats qui savaient compter jusqu&rsquo;\u00e0 3","author":"Jojo","date":"23 ao\u00fbt 2019","format":false,"excerpt":"Nous lisons 1,2,3 petits chats qui savaient compter jusqu'\u00e0 3 de Michel Van Zeveren (\u00e9d. L'\u00e9cole des loisirs, 2019), un album jeunesse \u00e0 partir de 3 ans que nous appr\u00e9cions beaucoup. Tendre et dr\u00f4le \u00e0 la fois, cette histoire permet aux tout-petits de compter jusqu'\u00e0 3 avec les personnages de\u2026","rel":"","context":"Dans &quot;Mini lecteur&quot;","block_context":{"text":"Mini lecteur","link":"http:\/\/www.jojoenherbe.com\/index.php\/category\/mini-lecteur\/"},"img":{"alt_text":"","src":"https:\/\/i0.wp.com\/www.jojoenherbe.com\/wp-content\/uploads\/2019\/08\/123-petits-chats.jpg?fit=1200%2C973&resize=350%2C200","width":350,"height":200,"srcset":"https:\/\/i0.wp.com\/www.jojoenherbe.com\/wp-content\/uploads\/2019\/08\/123-petits-chats.jpg?fit=1200%2C973&resize=350%2C200 1x, https:\/\/i0.wp.com\/www.jojoenherbe.com\/wp-content\/uploads\/2019\/08\/123-petits-chats.jpg?fit=1200%2C973&resize=525%2C300 1.5x, https:\/\/i0.wp.com\/www.jojoenherbe.com\/wp-content\/uploads\/2019\/08\/123-petits-chats.jpg?fit=1200%2C973&resize=700%2C400 2x, https:\/\/i0.wp.com\/www.jojoenherbe.com\/wp-content\/uploads\/2019\/08\/123-petits-chats.jpg?fit=1200%2C973&resize=1050%2C600 3x"},"classes":[]},{"id":7420,"url":"http:\/\/www.jojoenherbe.com\/index.php\/2019\/09\/09\/au-fil-des-pages-avec-cinq-dans-le-lit\/","url_meta":{"origin":4800,"position":1},"title":"Au fil des pages avec Cinq dans le lit","author":"Jojo","date":"9 septembre 2019","format":false,"excerpt":"Nous empruntons \u00e0 la biblioth\u00e8que un album jeunesse pour continuer de s'amuser autour des premiers chiffres, apr\u00e8s avoir lu 1,2,3 petits chats qui savaient compter jusqu'\u00e0 3. Il s'agit cette fois de Cinq dans le lit de Marie-France Painset et l'Atelier Saje (\u00e9d. Didier Jeunesse, coll. Les tout-cartons petite enfance,\u2026","rel":"","context":"Dans &quot;Mini lecteur&quot;","block_context":{"text":"Mini lecteur","link":"http:\/\/www.jojoenherbe.com\/index.php\/category\/mini-lecteur\/"},"img":{"alt_text":"","src":"https:\/\/i0.wp.com\/www.jojoenherbe.com\/wp-content\/uploads\/2019\/09\/Cinq-dans-le-lit.jpg?fit=1161%2C1200&resize=350%2C200","width":350,"height":200,"srcset":"https:\/\/i0.wp.com\/www.jojoenherbe.com\/wp-content\/uploads\/2019\/09\/Cinq-dans-le-lit.jpg?fit=1161%2C1200&resize=350%2C200 1x, https:\/\/i0.wp.com\/www.jojoenherbe.com\/wp-content\/uploads\/2019\/09\/Cinq-dans-le-lit.jpg?fit=1161%2C1200&resize=525%2C300 1.5x, https:\/\/i0.wp.com\/www.jojoenherbe.com\/wp-content\/uploads\/2019\/09\/Cinq-dans-le-lit.jpg?fit=1161%2C1200&resize=700%2C400 2x, https:\/\/i0.wp.com\/www.jojoenherbe.com\/wp-content\/uploads\/2019\/09\/Cinq-dans-le-lit.jpg?fit=1161%2C1200&resize=1050%2C600 3x"},"classes":[]},{"id":7811,"url":"http:\/\/www.jojoenherbe.com\/index.php\/2019\/10\/04\/au-fil-des-pages-avec-boucle-dor-et-les-trois-ours\/","url_meta":{"origin":4800,"position":2},"title":"Au fil des pages avec Boucle d&rsquo;Or et les trois ours","author":"Jojo","date":"4 octobre 2019","format":false,"excerpt":"Nous empruntons \u00e0 la biblioth\u00e8que deux nouvelles versions de Boucle d'Or. Nous commen\u00e7ons par Les trois ours de Byron Barton (\u00e9d. L'\u00e9cole des loisirs, 2014), un album cartonn\u00e9 pour les tout-petits, \u00e0 partir de 2 ans qui pr\u00e9sente une version tr\u00e8s classique et color\u00e9e du conte. Mais pas de soupe\u2026","rel":"","context":"Dans &quot;Mini lecteur&quot;","block_context":{"text":"Mini lecteur","link":"http:\/\/www.jojoenherbe.com\/index.php\/category\/mini-lecteur\/"},"img":{"alt_text":"","src":"https:\/\/i0.wp.com\/www.jojoenherbe.com\/wp-content\/uploads\/2019\/10\/Boucle-dOr-et-les-trois-ours.jpg?fit=1200%2C900&resize=350%2C200","width":350,"height":200,"srcset":"https:\/\/i0.wp.com\/www.jojoenherbe.com\/wp-content\/uploads\/2019\/10\/Boucle-dOr-et-les-trois-ours.jpg?fit=1200%2C900&resize=350%2C200 1x, https:\/\/i0.wp.com\/www.jojoenherbe.com\/wp-content\/uploads\/2019\/10\/Boucle-dOr-et-les-trois-ours.jpg?fit=1200%2C900&resize=525%2C300 1.5x, https:\/\/i0.wp.com\/www.jojoenherbe.com\/wp-content\/uploads\/2019\/10\/Boucle-dOr-et-les-trois-ours.jpg?fit=1200%2C900&resize=700%2C400 2x, https:\/\/i0.wp.com\/www.jojoenherbe.com\/wp-content\/uploads\/2019\/10\/Boucle-dOr-et-les-trois-ours.jpg?fit=1200%2C900&resize=1050%2C600 3x"},"classes":[]},{"id":5726,"url":"http:\/\/www.jojoenherbe.com\/index.php\/2019\/04\/30\/au-fil-des-pages-avec-les-abeilles\/","url_meta":{"origin":4800,"position":3},"title":"Au fil des pages avec les abeilles","author":"Jojo","date":"30 avril 2019","format":false,"excerpt":"Nous lisons les deux albums jeunesse achet\u00e9s lors de la 25\u00e8me F\u00eate du Miel de Mouans-Sartoux. Nous commen\u00e7ons par Lou P'tit Loup et les abeilles d'Antoon Krings (\u00e9d. Gallimard Jeunesse, coll. Giboul\u00e9es, 2014). Lou P'tit Loup accompagne Nounours, un ourson d\u00e9guis\u00e9 en abeille, \u00e0 chercher du miel. Mais au lieu\u2026","rel":"","context":"Dans &quot;Mini lecteur&quot;","block_context":{"text":"Mini lecteur","link":"http:\/\/www.jojoenherbe.com\/index.php\/category\/mini-lecteur\/"},"img":{"alt_text":"","src":"https:\/\/i0.wp.com\/www.jojoenherbe.com\/wp-content\/uploads\/2019\/04\/Lou-Ptit-Loup-et-M%C3%A9lie.jpg?fit=1200%2C892&resize=350%2C200","width":350,"height":200,"srcset":"https:\/\/i0.wp.com\/www.jojoenherbe.com\/wp-content\/uploads\/2019\/04\/Lou-Ptit-Loup-et-M%C3%A9lie.jpg?fit=1200%2C892&resize=350%2C200 1x, https:\/\/i0.wp.com\/www.jojoenherbe.com\/wp-content\/uploads\/2019\/04\/Lou-Ptit-Loup-et-M%C3%A9lie.jpg?fit=1200%2C892&resize=525%2C300 1.5x, https:\/\/i0.wp.com\/www.jojoenherbe.com\/wp-content\/uploads\/2019\/04\/Lou-Ptit-Loup-et-M%C3%A9lie.jpg?fit=1200%2C892&resize=700%2C400 2x, https:\/\/i0.wp.com\/www.jojoenherbe.com\/wp-content\/uploads\/2019\/04\/Lou-Ptit-Loup-et-M%C3%A9lie.jpg?fit=1200%2C892&resize=1050%2C600 3x"},"classes":[]},{"id":10084,"url":"http:\/\/www.jojoenherbe.com\/index.php\/2020\/02\/18\/au-fil-des-pages-avec-voila-lhiver\/","url_meta":{"origin":4800,"position":4},"title":"Au fil des pages avec Voil\u00e0 l&rsquo;hiver","author":"Jojo","date":"18 f\u00e9vrier 2020","format":false,"excerpt":"Nous empruntons \u00e0 la m\u00e9diath\u00e8que Voil\u00e0 l'hiver de Pauline Kalioujny (\u00e9d. Seuil Jeunesse, 2017), un album jeunesse cartonn\u00e9 avec des linogravures et des rabats pour les tout-petits, \u00e0 partir de 2 ans. Au fil des pages, l'hiver s'installe pour la plus grande joie d'une petite fille et des animaux. Dans\u2026","rel":"","context":"Dans &quot;Mini lecteur&quot;","block_context":{"text":"Mini lecteur","link":"http:\/\/www.jojoenherbe.com\/index.php\/category\/mini-lecteur\/"},"img":{"alt_text":"","src":"https:\/\/i0.wp.com\/www.jojoenherbe.com\/wp-content\/uploads\/2020\/02\/Voil%C3%A0-lhiver.jpg?fit=1200%2C934&resize=350%2C200","width":350,"height":200,"srcset":"https:\/\/i0.wp.com\/www.jojoenherbe.com\/wp-content\/uploads\/2020\/02\/Voil%C3%A0-lhiver.jpg?fit=1200%2C934&resize=350%2C200 1x, https:\/\/i0.wp.com\/www.jojoenherbe.com\/wp-content\/uploads\/2020\/02\/Voil%C3%A0-lhiver.jpg?fit=1200%2C934&resize=525%2C300 1.5x, https:\/\/i0.wp.com\/www.jojoenherbe.com\/wp-content\/uploads\/2020\/02\/Voil%C3%A0-lhiver.jpg?fit=1200%2C934&resize=700%2C400 2x, https:\/\/i0.wp.com\/www.jojoenherbe.com\/wp-content\/uploads\/2020\/02\/Voil%C3%A0-lhiver.jpg?fit=1200%2C934&resize=1050%2C600 3x"},"classes":[]},{"id":9064,"url":"http:\/\/www.jojoenherbe.com\/index.php\/2019\/12\/22\/des-petits-sables-de-noel\/","url_meta":{"origin":4800,"position":5},"title":"Des petits sabl\u00e9s de No\u00ebl","author":"Jojo","date":"22 d\u00e9cembre 2019","format":false,"excerpt":"Nous reprenons Le livre d'activit\u00e9s du loup - sp\u00e9cial No\u00ebl d'Orianne Lallemand et \u00c9l\u00e9onore Thuillier (\u00e9d. Auzou, 2014) pour r\u00e9aliser la recette de petits sabl\u00e9s de No\u00ebl de Gros-Louis. Cette recette est facilement r\u00e9alisable, avec un peu d'aide, pour des jeunes enfants. Pour la recette: un \u0153uf, 125 grammes de\u2026","rel":"","context":"Dans &quot;Mini toque&quot;","block_context":{"text":"Mini toque","link":"http:\/\/www.jojoenherbe.com\/index.php\/category\/mini-decouvreur\/mini-toque\/"},"img":{"alt_text":"","src":"https:\/\/i0.wp.com\/www.jojoenherbe.com\/wp-content\/uploads\/2019\/12\/Petits-sabl%C3%A9s-de-No%C3%ABl-3-scaled.jpg?fit=1200%2C932&resize=350%2C200","width":350,"height":200,"srcset":"https:\/\/i0.wp.com\/www.jojoenherbe.com\/wp-content\/uploads\/2019\/12\/Petits-sabl%C3%A9s-de-No%C3%ABl-3-scaled.jpg?fit=1200%2C932&resize=350%2C200 1x, https:\/\/i0.wp.com\/www.jojoenherbe.com\/wp-content\/uploads\/2019\/12\/Petits-sabl%C3%A9s-de-No%C3%ABl-3-scaled.jpg?fit=1200%2C932&resize=525%2C300 1.5x, https:\/\/i0.wp.com\/www.jojoenherbe.com\/wp-content\/uploads\/2019\/12\/Petits-sabl%C3%A9s-de-No%C3%ABl-3-scaled.jpg?fit=1200%2C932&resize=700%2C400 2x, https:\/\/i0.wp.com\/www.jojoenherbe.com\/wp-content\/uploads\/2019\/12\/Petits-sabl%C3%A9s-de-No%C3%ABl-3-scaled.jpg?fit=1200%2C932&resize=1050%2C600 3x"},"classes":[]}],"_links":{"self":[{"href":"http:\/\/www.jojoenherbe.com\/index.php\/wp-json\/wp\/v2\/posts\/4800","targetHints":{"allow":["GET"]}}],"collection":[{"href":"http:\/\/www.jojoenherbe.com\/index.php\/wp-json\/wp\/v2\/posts"}],"about":[{"href":"http:\/\/www.jojoenherbe.com\/index.php\/wp-json\/wp\/v2\/types\/post"}],"author":[{"embeddable":true,"href":"http:\/\/www.jojoenherbe.com\/index.php\/wp-json\/wp\/v2\/users\/1"}],"replies":[{"embeddable":true,"href":"http:\/\/www.jojoenherbe.com\/index.php\/wp-json\/wp\/v2\/comments?post=4800"}],"version-history":[{"count":0,"href":"http:\/\/www.jojoenherbe.com\/index.php\/wp-json\/wp\/v2\/posts\/4800\/revisions"}],"wp:featuredmedia":[{"embeddable":true,"href":"http:\/\/www.jojoenherbe.com\/index.php\/wp-json\/wp\/v2\/media\/4804"}],"wp:attachment":[{"href":"http:\/\/www.jojoenherbe.com\/index.php\/wp-json\/wp\/v2\/media?parent=4800"}],"wp:term":[{"taxonomy":"category","embeddable":true,"href":"http:\/\/www.jojoenherbe.com\/index.php\/wp-json\/wp\/v2\/categories?post=4800"},{"taxonomy":"post_tag","embeddable":true,"href":"http:\/\/www.jojoenherbe.com\/index.php\/wp-json\/wp\/v2\/tags?post=4800"}],"curies":[{"name":"wp","href":"https:\/\/api.w.org\/{rel}","templated":true}]}}