{"id":4750,"date":"2019-02-23T21:46:03","date_gmt":"2019-02-23T20:46:03","guid":{"rendered":"http:\/\/www.jojoenherbe.com\/?p=4750"},"modified":"2022-07-21T10:33:02","modified_gmt":"2022-07-21T08:33:02","slug":"au-fil-des-pages-avec-les-pompiers","status":"publish","type":"post","link":"http:\/\/www.jojoenherbe.com\/index.php\/2019\/02\/23\/au-fil-des-pages-avec-les-pompiers\/","title":{"rendered":"Au fil des pages avec les pompiers"},"content":{"rendered":"<p style=\"text-align: justify;\"><em><a href=\"https:\/\/i0.wp.com\/www.jojoenherbe.com\/wp-content\/uploads\/2019\/02\/Les-pompiers-1.jpg\"><img data-recalc-dims=\"1\" loading=\"lazy\" decoding=\"async\" data-attachment-id=\"4754\" data-permalink=\"http:\/\/www.jojoenherbe.com\/index.php\/2019\/02\/23\/au-fil-des-pages-avec-les-pompiers\/les-pompiers-4\/\" data-orig-file=\"https:\/\/i0.wp.com\/www.jojoenherbe.com\/wp-content\/uploads\/2019\/02\/Les-pompiers-1.jpg?fit=2755%2C2342\" data-orig-size=\"2755,2342\" data-comments-opened=\"1\" data-image-meta=\"{&quot;aperture&quot;:&quot;2.4&quot;,&quot;credit&quot;:&quot;&quot;,&quot;camera&quot;:&quot;iPhone 4S&quot;,&quot;caption&quot;:&quot;&quot;,&quot;created_timestamp&quot;:&quot;1549373942&quot;,&quot;copyright&quot;:&quot;&quot;,&quot;focal_length&quot;:&quot;4.28&quot;,&quot;iso&quot;:&quot;125&quot;,&quot;shutter_speed&quot;:&quot;0.05&quot;,&quot;title&quot;:&quot;&quot;,&quot;orientation&quot;:&quot;1&quot;}\" data-image-title=\"Les pompiers\" data-image-description=\"\" data-image-caption=\"\" data-large-file=\"https:\/\/i0.wp.com\/www.jojoenherbe.com\/wp-content\/uploads\/2019\/02\/Les-pompiers-1.jpg?fit=676%2C574\" class=\"alignleft size-thumbnail wp-image-4754\" src=\"https:\/\/i0.wp.com\/www.jojoenherbe.com\/wp-content\/uploads\/2019\/02\/Les-pompiers-1.jpg?resize=150%2C150\" alt=\"\" width=\"150\" height=\"150\" srcset=\"https:\/\/i0.wp.com\/www.jojoenherbe.com\/wp-content\/uploads\/2019\/02\/Les-pompiers-1.jpg?resize=150%2C150 150w, https:\/\/i0.wp.com\/www.jojoenherbe.com\/wp-content\/uploads\/2019\/02\/Les-pompiers-1.jpg?zoom=2&amp;resize=150%2C150 300w, https:\/\/i0.wp.com\/www.jojoenherbe.com\/wp-content\/uploads\/2019\/02\/Les-pompiers-1.jpg?zoom=3&amp;resize=150%2C150 450w\" sizes=\"auto, (max-width: 150px) 100vw, 150px\" \/><\/a> <a href=\"https:\/\/i0.wp.com\/www.jojoenherbe.com\/wp-content\/uploads\/2019\/02\/Les-pompiers-2-1.jpg\"><img data-recalc-dims=\"1\" loading=\"lazy\" decoding=\"async\" data-attachment-id=\"4752\" data-permalink=\"http:\/\/www.jojoenherbe.com\/index.php\/2019\/02\/23\/au-fil-des-pages-avec-les-pompiers\/les-pompiers-2-2\/\" data-orig-file=\"https:\/\/i0.wp.com\/www.jojoenherbe.com\/wp-content\/uploads\/2019\/02\/Les-pompiers-2-1.jpg?fit=3264%2C1990\" data-orig-size=\"3264,1990\" data-comments-opened=\"1\" data-image-meta=\"{&quot;aperture&quot;:&quot;2.4&quot;,&quot;credit&quot;:&quot;&quot;,&quot;camera&quot;:&quot;iPhone 4S&quot;,&quot;caption&quot;:&quot;&quot;,&quot;created_timestamp&quot;:&quot;1549373963&quot;,&quot;copyright&quot;:&quot;&quot;,&quot;focal_length&quot;:&quot;4.28&quot;,&quot;iso&quot;:&quot;100&quot;,&quot;shutter_speed&quot;:&quot;0.05&quot;,&quot;title&quot;:&quot;&quot;,&quot;orientation&quot;:&quot;1&quot;}\" data-image-title=\"Les pompiers 2\" data-image-description=\"\" data-image-caption=\"\" data-large-file=\"https:\/\/i0.wp.com\/www.jojoenherbe.com\/wp-content\/uploads\/2019\/02\/Les-pompiers-2-1.jpg?fit=676%2C412\" class=\"alignleft size-thumbnail wp-image-4752\" src=\"https:\/\/i0.wp.com\/www.jojoenherbe.com\/wp-content\/uploads\/2019\/02\/Les-pompiers-2-1.jpg?resize=150%2C150\" alt=\"\" width=\"150\" height=\"150\" srcset=\"https:\/\/i0.wp.com\/www.jojoenherbe.com\/wp-content\/uploads\/2019\/02\/Les-pompiers-2-1.jpg?resize=150%2C150 150w, https:\/\/i0.wp.com\/www.jojoenherbe.com\/wp-content\/uploads\/2019\/02\/Les-pompiers-2-1.jpg?zoom=2&amp;resize=150%2C150 300w, https:\/\/i0.wp.com\/www.jojoenherbe.com\/wp-content\/uploads\/2019\/02\/Les-pompiers-2-1.jpg?zoom=3&amp;resize=150%2C150 450w\" sizes=\"auto, (max-width: 150px) 100vw, 150px\" \/><\/a>Pin-pon! Un incontournable chez les enfants, les pompiers et leur camion bien s\u00fbr! Nous lisons <span style=\"text-decoration: underline;\">Les pompiers<\/span> de Marion Zoubenko et Charlie Pop (\u00e9d. Gr\u00fcnd, 2019), dans la collection \u00ab\u00a0Mes baby docs sonores\u00a0\u00bb . Cet album jeunesse cartonn\u00e9 peut \u00eatre m\u00e2chouill\u00e9 &#8211; lu d\u00e8s un an. Il permet diff\u00e9rentes lectures selon l&rsquo;\u00e2ge de l&rsquo;enfant: \u00e0 chaque page, des puces pour \u00e9couter (le gyrophare, la grande \u00e9chelle, etc.), un cherche et trouve pour observer les d\u00e9tails des illustrations (le 18, la hache, le casque, les gants, etc.), un imagier mais aussi une petite documentation sur l&rsquo;univers des pompiers (le centre d&rsquo;appels, les vestiaires, l&rsquo;entra\u00eenement, l&rsquo;intervention des pompiers sur un accident et un incendie, etc.). Cela permet aux tout-petits d&rsquo;enrichir leur vocabulaire de fa\u00e7on ludique. Cet album jeunesse est, en effet, rempli d&rsquo;informations tr\u00e8s accessibles pour les enfants de 2 ou 3 ans. Apr\u00e8s plusieurs lectures, nous nous amusons <\/em><em>\u00e0 rejouer les sc\u00e9nettes avec notre camion de pompier, en appuyant ou non sur les puces de l&rsquo;album. Nous avons aussi en t\u00eate la comptine \u00ab\u00a0Au feu les pompiers\u00a0\u00bb.<br \/>\n<\/em><\/p>\n<p style=\"text-align: justify;\"><em><a href=\"https:\/\/i0.wp.com\/www.jojoenherbe.com\/wp-content\/uploads\/2019\/02\/Popi-pompiers.jpg\"><img data-recalc-dims=\"1\" loading=\"lazy\" decoding=\"async\" data-attachment-id=\"4756\" data-permalink=\"http:\/\/www.jojoenherbe.com\/index.php\/2019\/02\/23\/au-fil-des-pages-avec-les-pompiers\/popi-pompiers\/\" data-orig-file=\"https:\/\/i0.wp.com\/www.jojoenherbe.com\/wp-content\/uploads\/2019\/02\/Popi-pompiers.jpg?fit=2444%2C2667\" data-orig-size=\"2444,2667\" data-comments-opened=\"1\" data-image-meta=\"{&quot;aperture&quot;:&quot;2.4&quot;,&quot;credit&quot;:&quot;&quot;,&quot;camera&quot;:&quot;iPhone 4S&quot;,&quot;caption&quot;:&quot;&quot;,&quot;created_timestamp&quot;:&quot;1550840345&quot;,&quot;copyright&quot;:&quot;&quot;,&quot;focal_length&quot;:&quot;4.28&quot;,&quot;iso&quot;:&quot;160&quot;,&quot;shutter_speed&quot;:&quot;0.05&quot;,&quot;title&quot;:&quot;&quot;,&quot;orientation&quot;:&quot;1&quot;}\" data-image-title=\"Popi &amp;#8211; pompiers\" data-image-description=\"\" data-image-caption=\"\" data-large-file=\"https:\/\/i0.wp.com\/www.jojoenherbe.com\/wp-content\/uploads\/2019\/02\/Popi-pompiers.jpg?fit=676%2C738\" class=\"size-thumbnail wp-image-4756 alignright\" src=\"https:\/\/i0.wp.com\/www.jojoenherbe.com\/wp-content\/uploads\/2019\/02\/Popi-pompiers.jpg?resize=150%2C150\" alt=\"\" width=\"150\" height=\"150\" srcset=\"https:\/\/i0.wp.com\/www.jojoenherbe.com\/wp-content\/uploads\/2019\/02\/Popi-pompiers.jpg?resize=150%2C150 150w, https:\/\/i0.wp.com\/www.jojoenherbe.com\/wp-content\/uploads\/2019\/02\/Popi-pompiers.jpg?zoom=2&amp;resize=150%2C150 300w, https:\/\/i0.wp.com\/www.jojoenherbe.com\/wp-content\/uploads\/2019\/02\/Popi-pompiers.jpg?zoom=3&amp;resize=150%2C150 450w\" sizes=\"auto, (max-width: 150px) 100vw, 150px\" \/><\/a> <a href=\"https:\/\/i0.wp.com\/www.jojoenherbe.com\/wp-content\/uploads\/2019\/02\/Popi-pompiers-2.jpg\"><img data-recalc-dims=\"1\" loading=\"lazy\" decoding=\"async\" data-attachment-id=\"4755\" data-permalink=\"http:\/\/www.jojoenherbe.com\/index.php\/2019\/02\/23\/au-fil-des-pages-avec-les-pompiers\/popi-pompiers-2\/\" data-orig-file=\"https:\/\/i0.wp.com\/www.jojoenherbe.com\/wp-content\/uploads\/2019\/02\/Popi-pompiers-2.jpg?fit=2758%2C1343\" data-orig-size=\"2758,1343\" data-comments-opened=\"1\" data-image-meta=\"{&quot;aperture&quot;:&quot;2.4&quot;,&quot;credit&quot;:&quot;&quot;,&quot;camera&quot;:&quot;iPhone 4S&quot;,&quot;caption&quot;:&quot;&quot;,&quot;created_timestamp&quot;:&quot;1550840369&quot;,&quot;copyright&quot;:&quot;&quot;,&quot;focal_length&quot;:&quot;4.28&quot;,&quot;iso&quot;:&quot;160&quot;,&quot;shutter_speed&quot;:&quot;0.05&quot;,&quot;title&quot;:&quot;&quot;,&quot;orientation&quot;:&quot;1&quot;}\" data-image-title=\"Popi &amp;#8211; pompiers 2\" data-image-description=\"\" data-image-caption=\"\" data-large-file=\"https:\/\/i0.wp.com\/www.jojoenherbe.com\/wp-content\/uploads\/2019\/02\/Popi-pompiers-2.jpg?fit=676%2C329\" class=\"size-thumbnail wp-image-4755 alignright\" src=\"https:\/\/i0.wp.com\/www.jojoenherbe.com\/wp-content\/uploads\/2019\/02\/Popi-pompiers-2.jpg?resize=150%2C150\" alt=\"\" width=\"150\" height=\"150\" srcset=\"https:\/\/i0.wp.com\/www.jojoenherbe.com\/wp-content\/uploads\/2019\/02\/Popi-pompiers-2.jpg?resize=150%2C150 150w, https:\/\/i0.wp.com\/www.jojoenherbe.com\/wp-content\/uploads\/2019\/02\/Popi-pompiers-2.jpg?zoom=2&amp;resize=150%2C150 300w, https:\/\/i0.wp.com\/www.jojoenherbe.com\/wp-content\/uploads\/2019\/02\/Popi-pompiers-2.jpg?zoom=3&amp;resize=150%2C150 450w\" sizes=\"auto, (max-width: 150px) 100vw, 150px\" \/><\/a>L&rsquo;occasion \u00e9galement de relire notre magazine <span style=\"text-decoration: underline;\">Popi<\/span> du mois de janvier 2019 (\u00e9d. Bayard) sur le th\u00e8me des pompiers et plus largement sur la couleur rouge. Nous retrouvons Popi dans une caserne de pompiers mais aussi un petit monde des pompiers.<\/em><\/p>\n<div id=\"attachment_33643\" style=\"width: 152px\" class=\"wp-caption aligncenter\"><img data-recalc-dims=\"1\" loading=\"lazy\" decoding=\"async\" aria-describedby=\"caption-attachment-33643\" class=\"wp-image-33643\" src=\"https:\/\/i0.wp.com\/delivrer-des-livres.fr\/wp-content\/uploads\/2019\/01\/petit-bac-2019.jpg?resize=142%2C108\" sizes=\"auto, (max-width: 200px) 100vw, 200px\" srcset=\"http:\/\/delivrer-des-livres.fr\/wp-content\/uploads\/2019\/01\/petit-bac-2019.jpg 285w, http:\/\/delivrer-des-livres.fr\/wp-content\/uploads\/2019\/01\/petit-bac-2019-150x114.jpg 150w\" alt=\"\" width=\"142\" height=\"108\" \/><p id=\"caption-attachment-33643\" class=\"wp-caption-text\"><a href=\"https:\/\/ennalit.wordpress.com\/2018\/12\/01\/challenge-petit-bac-2019-qui-veut-jouer\/\">Challenge Petit Bac d&rsquo;Enna<\/a> &#8211; #1 cat\u00e9gorie M\u00e9tier \u00ab\u00a0Pompiers\u00a0\u00bb<\/p><\/div>\n","protected":false},"excerpt":{"rendered":"<p>Pin-pon! Un incontournable chez les enfants, les pompiers et leur camion bien s\u00fbr! Nous lisons Les pompiers de Marion Zoubenko et Charlie Pop (\u00e9d. Gr\u00fcnd, 2019), dans la collection \u00ab\u00a0Mes baby docs sonores\u00a0\u00bb . Cet album jeunesse cartonn\u00e9 peut \u00eatre m\u00e2chouill\u00e9 &#8211; lu d\u00e8s un an. Il permet diff\u00e9rentes lectures selon l&rsquo;\u00e2ge de l&rsquo;enfant: \u00e0 [&hellip;]<\/p>\n","protected":false},"author":1,"featured_media":4753,"comment_status":"open","ping_status":"open","sticky":false,"template":"","format":"standard","meta":{"jetpack_post_was_ever_published":false,"_jetpack_newsletter_access":"","_jetpack_dont_email_post_to_subs":false,"_jetpack_newsletter_tier_id":0,"_jetpack_memberships_contains_paywalled_content":false,"_jetpack_memberships_contains_paid_content":false,"footnotes":""},"categories":[363],"tags":[786,409,426,1349,2110,1204,367,1323,589,545,427,1459,425,767,395],"class_list":["post-4750","post","type-post","status-publish","format-standard","has-post-thumbnail","hentry","category-mini-lecteur","tag-0-3-ans","tag-albums-jeunesse","tag-camions-de-pompier","tag-challenge-petit-bac-2019","tag-charlie-pop","tag-cherche-et-trouve","tag-lecture-jeunesse","tag-livre-participatif","tag-livres-cartonnes","tag-livres-sonores","tag-magazines","tag-marion-zoubenko","tag-pompiers","tag-popi","tag-rouge","post-preview"],"jetpack_featured_media_url":"https:\/\/i0.wp.com\/www.jojoenherbe.com\/wp-content\/uploads\/2019\/02\/Les-pompiers-3.jpg?fit=1855%2C2485","jetpack_sharing_enabled":true,"jetpack_shortlink":"https:\/\/wp.me\/p9zhGx-1eC","jetpack_likes_enabled":true,"jetpack-related-posts":[{"id":8643,"url":"http:\/\/www.jojoenherbe.com\/index.php\/2019\/11\/26\/au-fil-des-pages-avec-les-pompiers-2\/","url_meta":{"origin":4750,"position":0},"title":"Au fil des pages avec les pompiers #2","author":"Jojo","date":"26 novembre 2019","format":false,"excerpt":"Nous empruntons \u00e0 la biblioth\u00e8que deux livres documentaires sur les pompiers, accessibles pour les plus jeunes, \u00e0 partir de 4 ans: Les pompiers de St\u00e9phanie Ledu et \u00c9ric Gast\u00e9 (\u00e9d. Milan, coll. Mes p'tits docs, 2019). Ce premier documentaire, plus proche d'une histoire, reprend les \u00e9tapes cl\u00e9s du quotidien des\u2026","rel":"","context":"Dans &quot;Mini lecteur&quot;","block_context":{"text":"Mini lecteur","link":"http:\/\/www.jojoenherbe.com\/index.php\/category\/mini-lecteur\/"},"img":{"alt_text":"","src":"https:\/\/i0.wp.com\/www.jojoenherbe.com\/wp-content\/uploads\/2019\/11\/Les-pompiers-scaled.jpg?fit=1200%2C757&resize=350%2C200","width":350,"height":200,"srcset":"https:\/\/i0.wp.com\/www.jojoenherbe.com\/wp-content\/uploads\/2019\/11\/Les-pompiers-scaled.jpg?fit=1200%2C757&resize=350%2C200 1x, https:\/\/i0.wp.com\/www.jojoenherbe.com\/wp-content\/uploads\/2019\/11\/Les-pompiers-scaled.jpg?fit=1200%2C757&resize=525%2C300 1.5x, https:\/\/i0.wp.com\/www.jojoenherbe.com\/wp-content\/uploads\/2019\/11\/Les-pompiers-scaled.jpg?fit=1200%2C757&resize=700%2C400 2x, https:\/\/i0.wp.com\/www.jojoenherbe.com\/wp-content\/uploads\/2019\/11\/Les-pompiers-scaled.jpg?fit=1200%2C757&resize=1050%2C600 3x"},"classes":[]},{"id":6585,"url":"http:\/\/www.jojoenherbe.com\/index.php\/2018\/12\/26\/au-fil-des-pages-avec-le-pere-noel\/","url_meta":{"origin":4750,"position":1},"title":"Au fil des pages avec le P\u00e8re No\u00ebl","author":"Jojo","date":"26 d\u00e9cembre 2018","format":false,"excerpt":"En ce mois de d\u00e9cembre, nous lisons et \u00e9coutons des livres sur No\u00ebl et le P\u00e8re No\u00ebl. Nous lisons un album sonore cartonn\u00e9, Une chanson pour le P\u00e8re No\u00ebl (\u00e9d. Ballon M\u00e9dia, 2016) qui reprend les diff\u00e9rents instruments de musique jou\u00e9s par les lutins de No\u00ebl: fl\u00fbte, violon, etc. Cet\u2026","rel":"","context":"Dans &quot;Mini lecteur&quot;","block_context":{"text":"Mini lecteur","link":"http:\/\/www.jojoenherbe.com\/index.php\/category\/mini-lecteur\/"},"img":{"alt_text":"","src":"https:\/\/i0.wp.com\/www.jojoenherbe.com\/wp-content\/uploads\/2018\/12\/albums-No%C3%ABl.jpg?fit=1200%2C960&resize=350%2C200","width":350,"height":200,"srcset":"https:\/\/i0.wp.com\/www.jojoenherbe.com\/wp-content\/uploads\/2018\/12\/albums-No%C3%ABl.jpg?fit=1200%2C960&resize=350%2C200 1x, https:\/\/i0.wp.com\/www.jojoenherbe.com\/wp-content\/uploads\/2018\/12\/albums-No%C3%ABl.jpg?fit=1200%2C960&resize=525%2C300 1.5x, https:\/\/i0.wp.com\/www.jojoenherbe.com\/wp-content\/uploads\/2018\/12\/albums-No%C3%ABl.jpg?fit=1200%2C960&resize=700%2C400 2x, https:\/\/i0.wp.com\/www.jojoenherbe.com\/wp-content\/uploads\/2018\/12\/albums-No%C3%ABl.jpg?fit=1200%2C960&resize=1050%2C600 3x"},"classes":[]},{"id":4924,"url":"http:\/\/www.jojoenherbe.com\/index.php\/2019\/03\/08\/au-fil-des-pages-avec-un-jour-chez-les-pompiers\/","url_meta":{"origin":4750,"position":2},"title":"Au fil des pages avec Un jour chez les pompiers","author":"Jojo","date":"8 mars 2019","format":false,"excerpt":"Nous continuons de lire des histoires sur les pompiers, quand ce n'est pas des activit\u00e9s de gommettes et de coloriage sur le th\u00e8me! Cette fois-ci, nous lisons Un jour chez les pompiers de Sharon Rentta (\u00e9d. Milan, 2013). Nous suivons la premi\u00e8re journ\u00e9e de Lucien, un \u00e9lan au sein d'une\u2026","rel":"","context":"Dans &quot;Mini lecteur&quot;","block_context":{"text":"Mini lecteur","link":"http:\/\/www.jojoenherbe.com\/index.php\/category\/mini-lecteur\/"},"img":{"alt_text":"","src":"https:\/\/i0.wp.com\/www.jojoenherbe.com\/wp-content\/uploads\/2019\/03\/Un-jour-chez-les-pompiers-6.jpg?fit=1200%2C1158&resize=350%2C200","width":350,"height":200,"srcset":"https:\/\/i0.wp.com\/www.jojoenherbe.com\/wp-content\/uploads\/2019\/03\/Un-jour-chez-les-pompiers-6.jpg?fit=1200%2C1158&resize=350%2C200 1x, https:\/\/i0.wp.com\/www.jojoenherbe.com\/wp-content\/uploads\/2019\/03\/Un-jour-chez-les-pompiers-6.jpg?fit=1200%2C1158&resize=525%2C300 1.5x, https:\/\/i0.wp.com\/www.jojoenherbe.com\/wp-content\/uploads\/2019\/03\/Un-jour-chez-les-pompiers-6.jpg?fit=1200%2C1158&resize=700%2C400 2x, https:\/\/i0.wp.com\/www.jojoenherbe.com\/wp-content\/uploads\/2019\/03\/Un-jour-chez-les-pompiers-6.jpg?fit=1200%2C1158&resize=1050%2C600 3x"},"classes":[]},{"id":11681,"url":"http:\/\/www.jojoenherbe.com\/index.php\/2020\/07\/30\/au-fil-des-pages-avec-rapido-dans-la-ville\/","url_meta":{"origin":4750,"position":3},"title":"Au fil des pages avec Rapido dans la ville","author":"Jojo","date":"30 juillet 2020","format":false,"excerpt":"Nous empruntons \u00e0 la m\u00e9diath\u00e8que Rapido sur la ville de Jean-Luc Fromental et Jo\u00eblle Jolivet (\u00e9d. H\u00e9lium, 2011), un album jeunesse grand format \u00e0 flaps et \u00e0 partir de 4 ans selon l'\u00e9diteur, voire m\u00eame avant. Nous suivons Rapido, un petit camion rouge au cours d\u2019une journ\u00e9e bien remplie de\u2026","rel":"","context":"Dans &quot;Mini lecteur&quot;","block_context":{"text":"Mini lecteur","link":"http:\/\/www.jojoenherbe.com\/index.php\/category\/mini-lecteur\/"},"img":{"alt_text":"","src":"https:\/\/i0.wp.com\/www.jojoenherbe.com\/wp-content\/uploads\/2020\/07\/Rapido-sur-la-ville-scaled.jpg?fit=1168%2C1200&resize=350%2C200","width":350,"height":200,"srcset":"https:\/\/i0.wp.com\/www.jojoenherbe.com\/wp-content\/uploads\/2020\/07\/Rapido-sur-la-ville-scaled.jpg?fit=1168%2C1200&resize=350%2C200 1x, https:\/\/i0.wp.com\/www.jojoenherbe.com\/wp-content\/uploads\/2020\/07\/Rapido-sur-la-ville-scaled.jpg?fit=1168%2C1200&resize=525%2C300 1.5x, https:\/\/i0.wp.com\/www.jojoenherbe.com\/wp-content\/uploads\/2020\/07\/Rapido-sur-la-ville-scaled.jpg?fit=1168%2C1200&resize=700%2C400 2x, https:\/\/i0.wp.com\/www.jojoenherbe.com\/wp-content\/uploads\/2020\/07\/Rapido-sur-la-ville-scaled.jpg?fit=1168%2C1200&resize=1050%2C600 3x"},"classes":[]},{"id":5940,"url":"http:\/\/www.jojoenherbe.com\/index.php\/2019\/05\/12\/au-fil-des-pages-avec-mon-jardin\/","url_meta":{"origin":4750,"position":4},"title":"Au fil des pages avec Mon jardin","author":"Jojo","date":"12 mai 2019","format":false,"excerpt":"Voici une jolie id\u00e9e cadeau pour un tout-petit d'un an: Dans mon jardin de Marion Billet (\u00e9d. Gallimard Jeunesse, coll. Musique, 2017), un petit album jeunesse cartonn\u00e9 m\u00ealant \u00e0 la fois la vue (un cherche et trouve), le toucher (diff\u00e9rentes textures comme la feutrine) et l'ou\u00efe (des puces avec le\u2026","rel":"","context":"Dans &quot;Mini lecteur&quot;","block_context":{"text":"Mini lecteur","link":"http:\/\/www.jojoenherbe.com\/index.php\/category\/mini-lecteur\/"},"img":{"alt_text":"","src":"https:\/\/i0.wp.com\/www.jojoenherbe.com\/wp-content\/uploads\/2019\/05\/Mon-jardin.jpg?fit=1200%2C1179&resize=350%2C200","width":350,"height":200,"srcset":"https:\/\/i0.wp.com\/www.jojoenherbe.com\/wp-content\/uploads\/2019\/05\/Mon-jardin.jpg?fit=1200%2C1179&resize=350%2C200 1x, https:\/\/i0.wp.com\/www.jojoenherbe.com\/wp-content\/uploads\/2019\/05\/Mon-jardin.jpg?fit=1200%2C1179&resize=525%2C300 1.5x, https:\/\/i0.wp.com\/www.jojoenherbe.com\/wp-content\/uploads\/2019\/05\/Mon-jardin.jpg?fit=1200%2C1179&resize=700%2C400 2x, https:\/\/i0.wp.com\/www.jojoenherbe.com\/wp-content\/uploads\/2019\/05\/Mon-jardin.jpg?fit=1200%2C1179&resize=1050%2C600 3x"},"classes":[]},{"id":9270,"url":"http:\/\/www.jojoenherbe.com\/index.php\/2019\/12\/31\/recap-du-challenge-petit-bac-2019\/","url_meta":{"origin":4750,"position":5},"title":"R\u00e9cap&rsquo; du Challenge Petit Bac 2019","author":"Jojo","date":"31 d\u00e9cembre 2019","format":false,"excerpt":"Cette ann\u00e9e 2019,\u00a0 j'ai particip\u00e9 pour la premi\u00e8re fois au Challenge Petit Bac d'Enna, participation que j'ai appr\u00e9ci\u00e9e m\u00eame si certaines cat\u00e9gories comme Partie du corps ou M\u00e9tier \u00e9taient plus d\u00e9licates \u00e0 remplir, surtout que nos lectures sont avant tout des albums jeunesse. Cela m'a \u00e9galement permis de d\u00e9couvrir d'autres\u2026","rel":"","context":"Dans &quot;Mini challenger&quot;","block_context":{"text":"Mini challenger","link":"http:\/\/www.jojoenherbe.com\/index.php\/category\/mini-challenger\/"},"img":{"alt_text":"","src":"https:\/\/i0.wp.com\/www.jojoenherbe.com\/wp-content\/uploads\/2019\/12\/Jojo-carnet.jpg?fit=1200%2C1133&resize=350%2C200","width":350,"height":200,"srcset":"https:\/\/i0.wp.com\/www.jojoenherbe.com\/wp-content\/uploads\/2019\/12\/Jojo-carnet.jpg?fit=1200%2C1133&resize=350%2C200 1x, https:\/\/i0.wp.com\/www.jojoenherbe.com\/wp-content\/uploads\/2019\/12\/Jojo-carnet.jpg?fit=1200%2C1133&resize=525%2C300 1.5x, https:\/\/i0.wp.com\/www.jojoenherbe.com\/wp-content\/uploads\/2019\/12\/Jojo-carnet.jpg?fit=1200%2C1133&resize=700%2C400 2x, https:\/\/i0.wp.com\/www.jojoenherbe.com\/wp-content\/uploads\/2019\/12\/Jojo-carnet.jpg?fit=1200%2C1133&resize=1050%2C600 3x"},"classes":[]}],"_links":{"self":[{"href":"http:\/\/www.jojoenherbe.com\/index.php\/wp-json\/wp\/v2\/posts\/4750","targetHints":{"allow":["GET"]}}],"collection":[{"href":"http:\/\/www.jojoenherbe.com\/index.php\/wp-json\/wp\/v2\/posts"}],"about":[{"href":"http:\/\/www.jojoenherbe.com\/index.php\/wp-json\/wp\/v2\/types\/post"}],"author":[{"embeddable":true,"href":"http:\/\/www.jojoenherbe.com\/index.php\/wp-json\/wp\/v2\/users\/1"}],"replies":[{"embeddable":true,"href":"http:\/\/www.jojoenherbe.com\/index.php\/wp-json\/wp\/v2\/comments?post=4750"}],"version-history":[{"count":1,"href":"http:\/\/www.jojoenherbe.com\/index.php\/wp-json\/wp\/v2\/posts\/4750\/revisions"}],"predecessor-version":[{"id":26622,"href":"http:\/\/www.jojoenherbe.com\/index.php\/wp-json\/wp\/v2\/posts\/4750\/revisions\/26622"}],"wp:featuredmedia":[{"embeddable":true,"href":"http:\/\/www.jojoenherbe.com\/index.php\/wp-json\/wp\/v2\/media\/4753"}],"wp:attachment":[{"href":"http:\/\/www.jojoenherbe.com\/index.php\/wp-json\/wp\/v2\/media?parent=4750"}],"wp:term":[{"taxonomy":"category","embeddable":true,"href":"http:\/\/www.jojoenherbe.com\/index.php\/wp-json\/wp\/v2\/categories?post=4750"},{"taxonomy":"post_tag","embeddable":true,"href":"http:\/\/www.jojoenherbe.com\/index.php\/wp-json\/wp\/v2\/tags?post=4750"}],"curies":[{"name":"wp","href":"https:\/\/api.w.org\/{rel}","templated":true}]}}