{"id":4604,"date":"2019-02-16T22:39:55","date_gmt":"2019-02-16T21:39:55","guid":{"rendered":"http:\/\/www.jojoenherbe.com\/?p=4604"},"modified":"2021-05-06T10:51:54","modified_gmt":"2021-05-06T08:51:54","slug":"petite-pause-aux-observatoires-de-letang-de-vaugrenier","status":"publish","type":"post","link":"http:\/\/www.jojoenherbe.com\/index.php\/2019\/02\/16\/petite-pause-aux-observatoires-de-letang-de-vaugrenier\/","title":{"rendered":"Petite pause aux observatoires de l&rsquo;\u00e9tang de Vaugrenier"},"content":{"rendered":"<div id=\"attachment_4606\" style=\"width: 160px\" class=\"wp-caption alignleft\"><a href=\"https:\/\/i0.wp.com\/www.jojoenherbe.com\/wp-content\/uploads\/2019\/02\/Rouge-gorge-Vaugrenier-2.jpg\"><img data-recalc-dims=\"1\" loading=\"lazy\" decoding=\"async\" aria-describedby=\"caption-attachment-4606\" data-attachment-id=\"4606\" data-permalink=\"http:\/\/www.jojoenherbe.com\/index.php\/2019\/02\/16\/petite-pause-aux-observatoires-de-letang-de-vaugrenier\/rouge-gorge-vaugrenier-2\/\" data-orig-file=\"https:\/\/i0.wp.com\/www.jojoenherbe.com\/wp-content\/uploads\/2019\/02\/Rouge-gorge-Vaugrenier-2.jpg?fit=5184%2C3888\" data-orig-size=\"5184,3888\" data-comments-opened=\"1\" data-image-meta=\"{&quot;aperture&quot;:&quot;6.3&quot;,&quot;credit&quot;:&quot;&quot;,&quot;camera&quot;:&quot;DSC-HX400V&quot;,&quot;caption&quot;:&quot;&quot;,&quot;created_timestamp&quot;:&quot;1550324717&quot;,&quot;copyright&quot;:&quot;&quot;,&quot;focal_length&quot;:&quot;215&quot;,&quot;iso&quot;:&quot;1600&quot;,&quot;shutter_speed&quot;:&quot;0.0125&quot;,&quot;title&quot;:&quot;&quot;,&quot;orientation&quot;:&quot;1&quot;}\" data-image-title=\"Rouge-gorge &amp;#8211; Vaugrenier 2\" data-image-description=\"\" data-image-caption=\"&lt;p&gt;Rouge-gorge&lt;\/p&gt;\n\" data-large-file=\"https:\/\/i0.wp.com\/www.jojoenherbe.com\/wp-content\/uploads\/2019\/02\/Rouge-gorge-Vaugrenier-2.jpg?fit=676%2C507\" class=\"wp-image-4606 size-thumbnail\" src=\"https:\/\/i0.wp.com\/www.jojoenherbe.com\/wp-content\/uploads\/2019\/02\/Rouge-gorge-Vaugrenier-2.jpg?resize=150%2C150\" alt=\"\" width=\"150\" height=\"150\" srcset=\"https:\/\/i0.wp.com\/www.jojoenherbe.com\/wp-content\/uploads\/2019\/02\/Rouge-gorge-Vaugrenier-2.jpg?resize=150%2C150 150w, https:\/\/i0.wp.com\/www.jojoenherbe.com\/wp-content\/uploads\/2019\/02\/Rouge-gorge-Vaugrenier-2.jpg?zoom=2&amp;resize=150%2C150 300w, https:\/\/i0.wp.com\/www.jojoenherbe.com\/wp-content\/uploads\/2019\/02\/Rouge-gorge-Vaugrenier-2.jpg?zoom=3&amp;resize=150%2C150 450w\" sizes=\"auto, (max-width: 150px) 100vw, 150px\" \/><\/a><p id=\"caption-attachment-4606\" class=\"wp-caption-text\">Rouge-gorge<\/p><\/div>\n<p><a href=\"https:\/\/i0.wp.com\/www.jojoenherbe.com\/wp-content\/uploads\/2019\/02\/Rouge-gorge-Vaugrenier.jpg\"><img data-recalc-dims=\"1\" loading=\"lazy\" decoding=\"async\" data-attachment-id=\"4607\" data-permalink=\"http:\/\/www.jojoenherbe.com\/index.php\/2019\/02\/16\/petite-pause-aux-observatoires-de-letang-de-vaugrenier\/rouge-gorge-vaugrenier\/\" data-orig-file=\"https:\/\/i0.wp.com\/www.jojoenherbe.com\/wp-content\/uploads\/2019\/02\/Rouge-gorge-Vaugrenier.jpg?fit=5184%2C3888\" data-orig-size=\"5184,3888\" data-comments-opened=\"1\" data-image-meta=\"{&quot;aperture&quot;:&quot;6.3&quot;,&quot;credit&quot;:&quot;&quot;,&quot;camera&quot;:&quot;DSC-HX400V&quot;,&quot;caption&quot;:&quot;&quot;,&quot;created_timestamp&quot;:&quot;1550324706&quot;,&quot;copyright&quot;:&quot;&quot;,&quot;focal_length&quot;:&quot;215&quot;,&quot;iso&quot;:&quot;1600&quot;,&quot;shutter_speed&quot;:&quot;0.0125&quot;,&quot;title&quot;:&quot;&quot;,&quot;orientation&quot;:&quot;1&quot;}\" data-image-title=\"Rouge-gorge &amp;#8211; Vaugrenier\" data-image-description=\"\" data-image-caption=\"\" data-large-file=\"https:\/\/i0.wp.com\/www.jojoenherbe.com\/wp-content\/uploads\/2019\/02\/Rouge-gorge-Vaugrenier.jpg?fit=676%2C507\" class=\"alignleft wp-image-4607 size-thumbnail\" src=\"https:\/\/i0.wp.com\/www.jojoenherbe.com\/wp-content\/uploads\/2019\/02\/Rouge-gorge-Vaugrenier.jpg?resize=150%2C150\" alt=\"\" width=\"150\" height=\"150\" srcset=\"https:\/\/i0.wp.com\/www.jojoenherbe.com\/wp-content\/uploads\/2019\/02\/Rouge-gorge-Vaugrenier.jpg?resize=150%2C150 150w, https:\/\/i0.wp.com\/www.jojoenherbe.com\/wp-content\/uploads\/2019\/02\/Rouge-gorge-Vaugrenier.jpg?zoom=2&amp;resize=150%2C150 300w, https:\/\/i0.wp.com\/www.jojoenherbe.com\/wp-content\/uploads\/2019\/02\/Rouge-gorge-Vaugrenier.jpg?zoom=3&amp;resize=150%2C150 450w\" sizes=\"auto, (max-width: 150px) 100vw, 150px\" \/><\/a><\/p>\n<p style=\"text-align: justify;\"><em> Ce 16 f\u00e9vrier 2019, direction le <a href=\"http:\/\/www.jojoenherbe.com\/index.php\/2019\/01\/28\/un-apres-midi-au-parc-de-vaugrenier\/\">parc d\u00e9partemental de Vaugrenier<\/a> et ses observatoires autour de l&rsquo;\u00e9tang. Il y a un peu plus d&rsquo;oiseaux \u00e0 observer que la fois pr\u00e9c\u00e9dente. Avant de nous rendre au bord de l&rsquo;\u00e9tang, nous nous arr\u00eatons pour tenter de voir les rouge-gorges dont nous entendons les chants.<br \/>\n<\/em><\/p>\n<div id=\"attachment_4614\" style=\"width: 160px\" class=\"wp-caption alignright\"><a href=\"https:\/\/i0.wp.com\/www.jojoenherbe.com\/wp-content\/uploads\/2019\/02\/Grand-cormoran-Vaugrenier-2.jpg\"><img data-recalc-dims=\"1\" loading=\"lazy\" decoding=\"async\" aria-describedby=\"caption-attachment-4614\" data-attachment-id=\"4614\" data-permalink=\"http:\/\/www.jojoenherbe.com\/index.php\/2019\/02\/16\/petite-pause-aux-observatoires-de-letang-de-vaugrenier\/grand-cormoran-vaugrenier-2\/\" data-orig-file=\"https:\/\/i0.wp.com\/www.jojoenherbe.com\/wp-content\/uploads\/2019\/02\/Grand-cormoran-Vaugrenier-2.jpg?fit=5184%2C3888\" data-orig-size=\"5184,3888\" data-comments-opened=\"1\" data-image-meta=\"{&quot;aperture&quot;:&quot;6.3&quot;,&quot;credit&quot;:&quot;&quot;,&quot;camera&quot;:&quot;DSC-HX400V&quot;,&quot;caption&quot;:&quot;&quot;,&quot;created_timestamp&quot;:&quot;1550326427&quot;,&quot;copyright&quot;:&quot;&quot;,&quot;focal_length&quot;:&quot;215&quot;,&quot;iso&quot;:&quot;80&quot;,&quot;shutter_speed&quot;:&quot;0.004&quot;,&quot;title&quot;:&quot;&quot;,&quot;orientation&quot;:&quot;1&quot;}\" data-image-title=\"Grand cormoran &amp;#8211; Vaugrenier 2\" data-image-description=\"\" data-image-caption=\"&lt;p&gt;Grand cormoran&lt;\/p&gt;\n\" data-large-file=\"https:\/\/i0.wp.com\/www.jojoenherbe.com\/wp-content\/uploads\/2019\/02\/Grand-cormoran-Vaugrenier-2.jpg?fit=676%2C507\" class=\"wp-image-4614 size-thumbnail\" src=\"https:\/\/i0.wp.com\/www.jojoenherbe.com\/wp-content\/uploads\/2019\/02\/Grand-cormoran-Vaugrenier-2.jpg?resize=150%2C150\" alt=\"\" width=\"150\" height=\"150\" srcset=\"https:\/\/i0.wp.com\/www.jojoenherbe.com\/wp-content\/uploads\/2019\/02\/Grand-cormoran-Vaugrenier-2.jpg?resize=150%2C150 150w, https:\/\/i0.wp.com\/www.jojoenherbe.com\/wp-content\/uploads\/2019\/02\/Grand-cormoran-Vaugrenier-2.jpg?zoom=2&amp;resize=150%2C150 300w, https:\/\/i0.wp.com\/www.jojoenherbe.com\/wp-content\/uploads\/2019\/02\/Grand-cormoran-Vaugrenier-2.jpg?zoom=3&amp;resize=150%2C150 450w\" sizes=\"auto, (max-width: 150px) 100vw, 150px\" \/><\/a><p id=\"caption-attachment-4614\" class=\"wp-caption-text\">Grand cormoran<\/p><\/div>\n<p style=\"text-align: justify;\"><em><a href=\"https:\/\/i0.wp.com\/www.jojoenherbe.com\/wp-content\/uploads\/2019\/02\/Grand-cormoran-Vaugrenier.jpg\"><img data-recalc-dims=\"1\" loading=\"lazy\" decoding=\"async\" data-attachment-id=\"4615\" data-permalink=\"http:\/\/www.jojoenherbe.com\/index.php\/2019\/02\/16\/petite-pause-aux-observatoires-de-letang-de-vaugrenier\/grand-cormoran-vaugrenier\/\" data-orig-file=\"https:\/\/i0.wp.com\/www.jojoenherbe.com\/wp-content\/uploads\/2019\/02\/Grand-cormoran-Vaugrenier.jpg?fit=5184%2C3888\" data-orig-size=\"5184,3888\" data-comments-opened=\"1\" data-image-meta=\"{&quot;aperture&quot;:&quot;6.3&quot;,&quot;credit&quot;:&quot;&quot;,&quot;camera&quot;:&quot;DSC-HX400V&quot;,&quot;caption&quot;:&quot;&quot;,&quot;created_timestamp&quot;:&quot;1550325161&quot;,&quot;copyright&quot;:&quot;&quot;,&quot;focal_length&quot;:&quot;215&quot;,&quot;iso&quot;:&quot;160&quot;,&quot;shutter_speed&quot;:&quot;0.004&quot;,&quot;title&quot;:&quot;&quot;,&quot;orientation&quot;:&quot;1&quot;}\" data-image-title=\"Grand cormoran &amp;#8211; Vaugrenier\" data-image-description=\"\" data-image-caption=\"\" data-large-file=\"https:\/\/i0.wp.com\/www.jojoenherbe.com\/wp-content\/uploads\/2019\/02\/Grand-cormoran-Vaugrenier.jpg?fit=676%2C507\" class=\"wp-image-4615 size-thumbnail alignright\" src=\"https:\/\/i0.wp.com\/www.jojoenherbe.com\/wp-content\/uploads\/2019\/02\/Grand-cormoran-Vaugrenier.jpg?resize=150%2C150\" alt=\"\" width=\"150\" height=\"150\" srcset=\"https:\/\/i0.wp.com\/www.jojoenherbe.com\/wp-content\/uploads\/2019\/02\/Grand-cormoran-Vaugrenier.jpg?resize=150%2C150 150w, https:\/\/i0.wp.com\/www.jojoenherbe.com\/wp-content\/uploads\/2019\/02\/Grand-cormoran-Vaugrenier.jpg?zoom=2&amp;resize=150%2C150 300w, https:\/\/i0.wp.com\/www.jojoenherbe.com\/wp-content\/uploads\/2019\/02\/Grand-cormoran-Vaugrenier.jpg?zoom=3&amp;resize=150%2C150 450w\" sizes=\"auto, (max-width: 150px) 100vw, 150px\" \/><\/a>Puis lorsque nous montons sur l&rsquo;un des observatoires, nous sommes imm\u00e9diatement attir\u00e9s par trois grands cormorans pos\u00e9s sur un arbre. Un quatri\u00e8me grand cormoran vient alors se poser sur un autre arbre pour se s\u00e9cher au soleil. <\/em><\/p>\n<div id=\"attachment_4619\" style=\"width: 160px\" class=\"wp-caption alignleft\"><a href=\"https:\/\/i0.wp.com\/www.jojoenherbe.com\/wp-content\/uploads\/2019\/02\/Mouette-rieuse-Vaugrenier.jpg\"><img data-recalc-dims=\"1\" loading=\"lazy\" decoding=\"async\" aria-describedby=\"caption-attachment-4619\" data-attachment-id=\"4619\" data-permalink=\"http:\/\/www.jojoenherbe.com\/index.php\/2019\/02\/16\/petite-pause-aux-observatoires-de-letang-de-vaugrenier\/mouette-rieuse-vaugrenier\/\" data-orig-file=\"https:\/\/i0.wp.com\/www.jojoenherbe.com\/wp-content\/uploads\/2019\/02\/Mouette-rieuse-Vaugrenier.jpg?fit=5184%2C3888\" data-orig-size=\"5184,3888\" data-comments-opened=\"1\" data-image-meta=\"{&quot;aperture&quot;:&quot;6.3&quot;,&quot;credit&quot;:&quot;&quot;,&quot;camera&quot;:&quot;DSC-HX400V&quot;,&quot;caption&quot;:&quot;&quot;,&quot;created_timestamp&quot;:&quot;1550325898&quot;,&quot;copyright&quot;:&quot;&quot;,&quot;focal_length&quot;:&quot;215&quot;,&quot;iso&quot;:&quot;80&quot;,&quot;shutter_speed&quot;:&quot;0.003125&quot;,&quot;title&quot;:&quot;&quot;,&quot;orientation&quot;:&quot;1&quot;}\" data-image-title=\"Mouette rieuse &amp;#8211; Vaugrenier\" data-image-description=\"\" data-image-caption=\"&lt;p&gt;Mouette rieuse&lt;\/p&gt;\n\" data-large-file=\"https:\/\/i0.wp.com\/www.jojoenherbe.com\/wp-content\/uploads\/2019\/02\/Mouette-rieuse-Vaugrenier.jpg?fit=676%2C507\" class=\"wp-image-4619 size-thumbnail\" src=\"https:\/\/i0.wp.com\/www.jojoenherbe.com\/wp-content\/uploads\/2019\/02\/Mouette-rieuse-Vaugrenier.jpg?resize=150%2C150\" alt=\"\" width=\"150\" height=\"150\" srcset=\"https:\/\/i0.wp.com\/www.jojoenherbe.com\/wp-content\/uploads\/2019\/02\/Mouette-rieuse-Vaugrenier.jpg?resize=150%2C150 150w, https:\/\/i0.wp.com\/www.jojoenherbe.com\/wp-content\/uploads\/2019\/02\/Mouette-rieuse-Vaugrenier.jpg?zoom=2&amp;resize=150%2C150 300w, https:\/\/i0.wp.com\/www.jojoenherbe.com\/wp-content\/uploads\/2019\/02\/Mouette-rieuse-Vaugrenier.jpg?zoom=3&amp;resize=150%2C150 450w\" sizes=\"auto, (max-width: 150px) 100vw, 150px\" \/><\/a><p id=\"caption-attachment-4619\" class=\"wp-caption-text\">Mouette rieuse<\/p><\/div>\n<p style=\"text-align: justify;\"><em><a href=\"https:\/\/i0.wp.com\/www.jojoenherbe.com\/wp-content\/uploads\/2019\/02\/Mouette-rieuse-Vaugrenier-2.jpg\"><img data-recalc-dims=\"1\" loading=\"lazy\" decoding=\"async\" data-attachment-id=\"4618\" data-permalink=\"http:\/\/www.jojoenherbe.com\/index.php\/2019\/02\/16\/petite-pause-aux-observatoires-de-letang-de-vaugrenier\/mouette-rieuse-vaugrenier-2\/\" data-orig-file=\"https:\/\/i0.wp.com\/www.jojoenherbe.com\/wp-content\/uploads\/2019\/02\/Mouette-rieuse-Vaugrenier-2.jpg?fit=5184%2C3888\" data-orig-size=\"5184,3888\" data-comments-opened=\"1\" data-image-meta=\"{&quot;aperture&quot;:&quot;6.3&quot;,&quot;credit&quot;:&quot;&quot;,&quot;camera&quot;:&quot;DSC-HX400V&quot;,&quot;caption&quot;:&quot;&quot;,&quot;created_timestamp&quot;:&quot;1550325021&quot;,&quot;copyright&quot;:&quot;&quot;,&quot;focal_length&quot;:&quot;215&quot;,&quot;iso&quot;:&quot;80&quot;,&quot;shutter_speed&quot;:&quot;0.003125&quot;,&quot;title&quot;:&quot;&quot;,&quot;orientation&quot;:&quot;1&quot;}\" data-image-title=\"Mouette rieuse &amp;#8211; Vaugrenier 2\" data-image-description=\"\" data-image-caption=\"\" data-large-file=\"https:\/\/i0.wp.com\/www.jojoenherbe.com\/wp-content\/uploads\/2019\/02\/Mouette-rieuse-Vaugrenier-2.jpg?fit=676%2C507\" class=\"alignleft size-thumbnail wp-image-4618\" src=\"https:\/\/i0.wp.com\/www.jojoenherbe.com\/wp-content\/uploads\/2019\/02\/Mouette-rieuse-Vaugrenier-2.jpg?resize=150%2C150\" alt=\"\" width=\"150\" height=\"150\" srcset=\"https:\/\/i0.wp.com\/www.jojoenherbe.com\/wp-content\/uploads\/2019\/02\/Mouette-rieuse-Vaugrenier-2.jpg?resize=150%2C150 150w, https:\/\/i0.wp.com\/www.jojoenherbe.com\/wp-content\/uploads\/2019\/02\/Mouette-rieuse-Vaugrenier-2.jpg?zoom=2&amp;resize=150%2C150 300w, https:\/\/i0.wp.com\/www.jojoenherbe.com\/wp-content\/uploads\/2019\/02\/Mouette-rieuse-Vaugrenier-2.jpg?zoom=3&amp;resize=150%2C150 450w\" sizes=\"auto, (max-width: 150px) 100vw, 150px\" \/><\/a> Au milieu de l&rsquo;\u00e9tang, nous voyons \u00e9galement un cygne tubercul\u00e9 qui nous fait dos et qui est en train de se rapprocher du bord, du c\u00f4t\u00e9 du sentier. Il y a aussi une vingtaine de mouettes rieuses. La plupart sont pos\u00e9es sur l&rsquo;eau. Une dizaine de canards Colvert se sont regroup\u00e9s sur les berges de l&rsquo;\u00e9tang. Des foulques macroules nagent.<br \/>\n<\/em><\/p>\n<div id=\"attachment_4611\" style=\"width: 160px\" class=\"wp-caption alignright\"><a href=\"https:\/\/i0.wp.com\/www.jojoenherbe.com\/wp-content\/uploads\/2019\/02\/Ecureuil-Vaugrenier.jpg\"><img data-recalc-dims=\"1\" loading=\"lazy\" decoding=\"async\" aria-describedby=\"caption-attachment-4611\" data-attachment-id=\"4611\" data-permalink=\"http:\/\/www.jojoenherbe.com\/index.php\/2019\/02\/16\/petite-pause-aux-observatoires-de-letang-de-vaugrenier\/ecureuil-vaugrenier\/\" data-orig-file=\"https:\/\/i0.wp.com\/www.jojoenherbe.com\/wp-content\/uploads\/2019\/02\/Ecureuil-Vaugrenier.jpg?fit=2487%2C2021\" data-orig-size=\"2487,2021\" data-comments-opened=\"1\" data-image-meta=\"{&quot;aperture&quot;:&quot;4.5&quot;,&quot;credit&quot;:&quot;&quot;,&quot;camera&quot;:&quot;DSC-HX400V&quot;,&quot;caption&quot;:&quot;&quot;,&quot;created_timestamp&quot;:&quot;1550325210&quot;,&quot;copyright&quot;:&quot;&quot;,&quot;focal_length&quot;:&quot;23.17&quot;,&quot;iso&quot;:&quot;80&quot;,&quot;shutter_speed&quot;:&quot;0.002&quot;,&quot;title&quot;:&quot;&quot;,&quot;orientation&quot;:&quot;1&quot;}\" data-image-title=\"Ecureuil &amp;#8211; Vaugrenier\" data-image-description=\"\" data-image-caption=\"&lt;p&gt;Ecureuil&lt;\/p&gt;\n\" data-large-file=\"https:\/\/i0.wp.com\/www.jojoenherbe.com\/wp-content\/uploads\/2019\/02\/Ecureuil-Vaugrenier.jpg?fit=676%2C549\" class=\"size-thumbnail wp-image-4611\" src=\"https:\/\/i0.wp.com\/www.jojoenherbe.com\/wp-content\/uploads\/2019\/02\/Ecureuil-Vaugrenier.jpg?resize=150%2C150\" alt=\"\" width=\"150\" height=\"150\" srcset=\"https:\/\/i0.wp.com\/www.jojoenherbe.com\/wp-content\/uploads\/2019\/02\/Ecureuil-Vaugrenier.jpg?resize=150%2C150 150w, https:\/\/i0.wp.com\/www.jojoenherbe.com\/wp-content\/uploads\/2019\/02\/Ecureuil-Vaugrenier.jpg?zoom=2&amp;resize=150%2C150 300w, https:\/\/i0.wp.com\/www.jojoenherbe.com\/wp-content\/uploads\/2019\/02\/Ecureuil-Vaugrenier.jpg?zoom=3&amp;resize=150%2C150 450w\" sizes=\"auto, (max-width: 150px) 100vw, 150px\" \/><\/a><p id=\"caption-attachment-4611\" class=\"wp-caption-text\">\u00c9cureuil<\/p><\/div>\n<p style=\"text-align: justify;\"><em>Soudain, nous entendons du mouvement dans les branchages: point d&rsquo;oiseau mais un \u00e9cureuil qui saute de branche en branche, bien trop rapidement pour le photographier convenablement. Nous redescendons de l&rsquo;observatoire pour le suivre de l&rsquo;autre c\u00f4t\u00e9 de l&rsquo;\u00e9tang, ce dernier se dirigeant sur le sentier menant \u00e0 un autre observatoire.<br \/>\n<\/em><\/p>\n<div id=\"attachment_4616\" style=\"width: 160px\" class=\"wp-caption alignleft\"><a href=\"https:\/\/i0.wp.com\/www.jojoenherbe.com\/wp-content\/uploads\/2019\/02\/H%C3%A9ron-cendr%C3%A9-Vaugrenier.jpg\"><img data-recalc-dims=\"1\" loading=\"lazy\" decoding=\"async\" aria-describedby=\"caption-attachment-4616\" data-attachment-id=\"4616\" data-permalink=\"http:\/\/www.jojoenherbe.com\/index.php\/2019\/02\/16\/petite-pause-aux-observatoires-de-letang-de-vaugrenier\/heron-cendre-vaugrenier\/\" data-orig-file=\"https:\/\/i0.wp.com\/www.jojoenherbe.com\/wp-content\/uploads\/2019\/02\/H%C3%A9ron-cendr%C3%A9-Vaugrenier.jpg?fit=5184%2C3888\" data-orig-size=\"5184,3888\" data-comments-opened=\"1\" data-image-meta=\"{&quot;aperture&quot;:&quot;6.3&quot;,&quot;credit&quot;:&quot;&quot;,&quot;camera&quot;:&quot;DSC-HX400V&quot;,&quot;caption&quot;:&quot;&quot;,&quot;created_timestamp&quot;:&quot;1550326414&quot;,&quot;copyright&quot;:&quot;&quot;,&quot;focal_length&quot;:&quot;215&quot;,&quot;iso&quot;:&quot;80&quot;,&quot;shutter_speed&quot;:&quot;0.004&quot;,&quot;title&quot;:&quot;&quot;,&quot;orientation&quot;:&quot;1&quot;}\" data-image-title=\"H\u00e9ron cendr\u00e9 &amp;#8211; Vaugrenier\" data-image-description=\"\" data-image-caption=\"&lt;p&gt;H\u00e9ron cendr\u00e9&lt;\/p&gt;\n\" data-large-file=\"https:\/\/i0.wp.com\/www.jojoenherbe.com\/wp-content\/uploads\/2019\/02\/H%C3%A9ron-cendr%C3%A9-Vaugrenier.jpg?fit=676%2C507\" class=\"wp-image-4616 size-thumbnail\" src=\"https:\/\/i0.wp.com\/www.jojoenherbe.com\/wp-content\/uploads\/2019\/02\/H%C3%A9ron-cendr%C3%A9-Vaugrenier.jpg?resize=150%2C150\" alt=\"\" width=\"150\" height=\"150\" srcset=\"https:\/\/i0.wp.com\/www.jojoenherbe.com\/wp-content\/uploads\/2019\/02\/H%C3%A9ron-cendr%C3%A9-Vaugrenier.jpg?resize=150%2C150 150w, https:\/\/i0.wp.com\/www.jojoenherbe.com\/wp-content\/uploads\/2019\/02\/H%C3%A9ron-cendr%C3%A9-Vaugrenier.jpg?zoom=2&amp;resize=150%2C150 300w, https:\/\/i0.wp.com\/www.jojoenherbe.com\/wp-content\/uploads\/2019\/02\/H%C3%A9ron-cendr%C3%A9-Vaugrenier.jpg?zoom=3&amp;resize=150%2C150 450w\" sizes=\"auto, (max-width: 150px) 100vw, 150px\" \/><\/a><p id=\"caption-attachment-4616\" class=\"wp-caption-text\">H\u00e9ron cendr\u00e9<\/p><\/div>\n<p><a href=\"https:\/\/i0.wp.com\/www.jojoenherbe.com\/wp-content\/uploads\/2019\/02\/Etang-de-Vaugrenier.jpg\"><img data-recalc-dims=\"1\" loading=\"lazy\" decoding=\"async\" data-attachment-id=\"4613\" data-permalink=\"http:\/\/www.jojoenherbe.com\/index.php\/2019\/02\/16\/petite-pause-aux-observatoires-de-letang-de-vaugrenier\/etang-de-vaugrenier-5\/\" data-orig-file=\"https:\/\/i0.wp.com\/www.jojoenherbe.com\/wp-content\/uploads\/2019\/02\/Etang-de-Vaugrenier.jpg?fit=5184%2C3888\" data-orig-size=\"5184,3888\" data-comments-opened=\"1\" data-image-meta=\"{&quot;aperture&quot;:&quot;5&quot;,&quot;credit&quot;:&quot;&quot;,&quot;camera&quot;:&quot;DSC-HX400V&quot;,&quot;caption&quot;:&quot;&quot;,&quot;created_timestamp&quot;:&quot;1550326026&quot;,&quot;copyright&quot;:&quot;&quot;,&quot;focal_length&quot;:&quot;53.33&quot;,&quot;iso&quot;:&quot;80&quot;,&quot;shutter_speed&quot;:&quot;0.004&quot;,&quot;title&quot;:&quot;&quot;,&quot;orientation&quot;:&quot;1&quot;}\" data-image-title=\"Etang de Vaugrenier\" data-image-description=\"\" data-image-caption=\"&lt;p&gt;Poule d&amp;rsquo;eau et mouettes rieuses&lt;\/p&gt;\n\" data-large-file=\"https:\/\/i0.wp.com\/www.jojoenherbe.com\/wp-content\/uploads\/2019\/02\/Etang-de-Vaugrenier.jpg?fit=676%2C507\" class=\"alignleft wp-image-4613 size-thumbnail\" src=\"https:\/\/i0.wp.com\/www.jojoenherbe.com\/wp-content\/uploads\/2019\/02\/Etang-de-Vaugrenier.jpg?resize=150%2C150\" alt=\"\" width=\"150\" height=\"150\" srcset=\"https:\/\/i0.wp.com\/www.jojoenherbe.com\/wp-content\/uploads\/2019\/02\/Etang-de-Vaugrenier.jpg?resize=150%2C150 150w, https:\/\/i0.wp.com\/www.jojoenherbe.com\/wp-content\/uploads\/2019\/02\/Etang-de-Vaugrenier.jpg?zoom=2&amp;resize=150%2C150 300w, https:\/\/i0.wp.com\/www.jojoenherbe.com\/wp-content\/uploads\/2019\/02\/Etang-de-Vaugrenier.jpg?zoom=3&amp;resize=150%2C150 450w\" sizes=\"auto, (max-width: 150px) 100vw, 150px\" \/><\/a><\/p>\n<p style=\"text-align: justify;\"><em>Nous perdons de vue l&rsquo;\u00e9cureuil et nous rendons au second observatoire. Avant de nous rendre dans l&rsquo;abri en bois, nous pouvons voir une poule d&rsquo;eau regagner l&rsquo;\u00e9tang. Les grands cormorans sont toujours dans les arbres. Au loin, bien camoufl\u00e9 dans les roseaux, nous pouvons observer un h\u00e9ron cendr\u00e9.<\/em><\/p>\n<p style=\"text-align: justify;\"><em><a href=\"https:\/\/i0.wp.com\/www.jojoenherbe.com\/wp-content\/uploads\/2019\/02\/Bord-de-mer-Villeneuve-Loubet.jpg\"><img data-recalc-dims=\"1\" loading=\"lazy\" decoding=\"async\" data-attachment-id=\"4610\" data-permalink=\"http:\/\/www.jojoenherbe.com\/index.php\/2019\/02\/16\/petite-pause-aux-observatoires-de-letang-de-vaugrenier\/bord-de-mer-villeneuve-loubet\/\" data-orig-file=\"https:\/\/i0.wp.com\/www.jojoenherbe.com\/wp-content\/uploads\/2019\/02\/Bord-de-mer-Villeneuve-Loubet.jpg?fit=3888%2C5184\" data-orig-size=\"3888,5184\" data-comments-opened=\"1\" data-image-meta=\"{&quot;aperture&quot;:&quot;3.2&quot;,&quot;credit&quot;:&quot;&quot;,&quot;camera&quot;:&quot;DSC-HX400V&quot;,&quot;caption&quot;:&quot;&quot;,&quot;created_timestamp&quot;:&quot;1550335308&quot;,&quot;copyright&quot;:&quot;&quot;,&quot;focal_length&quot;:&quot;7.29&quot;,&quot;iso&quot;:&quot;80&quot;,&quot;shutter_speed&quot;:&quot;0.000625&quot;,&quot;title&quot;:&quot;&quot;,&quot;orientation&quot;:&quot;1&quot;}\" data-image-title=\"Bord de mer &amp;#8211; Villeneuve-Loubet\" data-image-description=\"\" data-image-caption=\"\" data-large-file=\"https:\/\/i0.wp.com\/www.jojoenherbe.com\/wp-content\/uploads\/2019\/02\/Bord-de-mer-Villeneuve-Loubet.jpg?fit=676%2C901\" class=\"size-thumbnail wp-image-4610 alignright\" src=\"https:\/\/i0.wp.com\/www.jojoenherbe.com\/wp-content\/uploads\/2019\/02\/Bord-de-mer-Villeneuve-Loubet.jpg?resize=150%2C150\" alt=\"\" width=\"150\" height=\"150\" srcset=\"https:\/\/i0.wp.com\/www.jojoenherbe.com\/wp-content\/uploads\/2019\/02\/Bord-de-mer-Villeneuve-Loubet.jpg?resize=150%2C150 150w, https:\/\/i0.wp.com\/www.jojoenherbe.com\/wp-content\/uploads\/2019\/02\/Bord-de-mer-Villeneuve-Loubet.jpg?zoom=2&amp;resize=150%2C150 300w, https:\/\/i0.wp.com\/www.jojoenherbe.com\/wp-content\/uploads\/2019\/02\/Bord-de-mer-Villeneuve-Loubet.jpg?zoom=3&amp;resize=150%2C150 450w\" sizes=\"auto, (max-width: 150px) 100vw, 150px\" \/><\/a> <a href=\"https:\/\/i0.wp.com\/www.jojoenherbe.com\/wp-content\/uploads\/2019\/02\/Mouette-rieuse-bord-de-mer.jpg\"><img data-recalc-dims=\"1\" loading=\"lazy\" decoding=\"async\" data-attachment-id=\"4617\" data-permalink=\"http:\/\/www.jojoenherbe.com\/index.php\/2019\/02\/16\/petite-pause-aux-observatoires-de-letang-de-vaugrenier\/mouette-rieuse-bord-de-mer\/\" data-orig-file=\"https:\/\/i0.wp.com\/www.jojoenherbe.com\/wp-content\/uploads\/2019\/02\/Mouette-rieuse-bord-de-mer.jpg?fit=5184%2C3888\" data-orig-size=\"5184,3888\" data-comments-opened=\"1\" data-image-meta=\"{&quot;aperture&quot;:&quot;6.3&quot;,&quot;credit&quot;:&quot;&quot;,&quot;camera&quot;:&quot;DSC-HX400V&quot;,&quot;caption&quot;:&quot;&quot;,&quot;created_timestamp&quot;:&quot;1550335353&quot;,&quot;copyright&quot;:&quot;&quot;,&quot;focal_length&quot;:&quot;215&quot;,&quot;iso&quot;:&quot;80&quot;,&quot;shutter_speed&quot;:&quot;0.004&quot;,&quot;title&quot;:&quot;&quot;,&quot;orientation&quot;:&quot;1&quot;}\" data-image-title=\"Mouette rieuse &amp;#8211; bord de mer\" data-image-description=\"\" data-image-caption=\"\" data-large-file=\"https:\/\/i0.wp.com\/www.jojoenherbe.com\/wp-content\/uploads\/2019\/02\/Mouette-rieuse-bord-de-mer.jpg?fit=676%2C507\" class=\"wp-image-4617 size-thumbnail alignright\" src=\"https:\/\/i0.wp.com\/www.jojoenherbe.com\/wp-content\/uploads\/2019\/02\/Mouette-rieuse-bord-de-mer.jpg?resize=150%2C150\" alt=\"\" width=\"150\" height=\"150\" srcset=\"https:\/\/i0.wp.com\/www.jojoenherbe.com\/wp-content\/uploads\/2019\/02\/Mouette-rieuse-bord-de-mer.jpg?resize=150%2C150 150w, https:\/\/i0.wp.com\/www.jojoenherbe.com\/wp-content\/uploads\/2019\/02\/Mouette-rieuse-bord-de-mer.jpg?zoom=2&amp;resize=150%2C150 300w, https:\/\/i0.wp.com\/www.jojoenherbe.com\/wp-content\/uploads\/2019\/02\/Mouette-rieuse-bord-de-mer.jpg?zoom=3&amp;resize=150%2C150 450w\" sizes=\"auto, (max-width: 150px) 100vw, 150px\" \/><\/a>Nous quittons ensuite la zone de l&rsquo;\u00e9tang pour nous balader dans le parc. Nous finissons notre apr\u00e8s-midi sur le bord de mer. La luminosit\u00e9 est toute particuli\u00e8re, les brumes de chaleur masquant les sommets enneig\u00e9s du Mercantour. La lune est bien pr\u00e9sente dans le ciel. Pos\u00e9es sur l&rsquo;eau, des mouettes rieuses se laissent bercer par les vagues. Un grand cormoran passe rapidement dans le ciel \u00e0 hauteur de la lune. Il est alors temps de rentrer.&nbsp;<\/em><\/p>\n<p><iframe loading=\"lazy\" style=\"border: 0;\" src=\"https:\/\/www.google.com\/maps\/embed?pb=!1m18!1m12!1m3!1d2888.1023006527384!2d7.1216354154968355!3d43.62522967912221!2m3!1f0!2f0!3f0!3m2!1i1024!2i768!4f13.1!3m3!1m2!1s0x12cdd4ed401dc03d%3A0x9269a1fb64c10ccd!2sParc+Naturel+D%C3%A9partemental+de+Vaugrenier!5e0!3m2!1sfr!2sfr!4v1548625400523\" allowfullscreen=\"allowfullscreen\" width=\"400\" height=\"300\" frameborder=\"0\"><\/iframe><\/p>\n","protected":false},"excerpt":{"rendered":"<p>Ce 16 f\u00e9vrier 2019, direction le parc d\u00e9partemental de Vaugrenier et ses observatoires autour de l&rsquo;\u00e9tang. Il y a un peu plus d&rsquo;oiseaux \u00e0 observer que la fois pr\u00e9c\u00e9dente. Avant de nous rendre au bord de l&rsquo;\u00e9tang, nous nous arr\u00eatons pour tenter de voir les rouge-gorges dont nous entendons les chants. Puis lorsque nous montons [&hellip;]<\/p>\n","protected":false},"author":1,"featured_media":4612,"comment_status":"open","ping_status":"open","sticky":false,"template":"","format":"standard","meta":{"jetpack_post_was_ever_published":false,"_jetpack_newsletter_access":"","_jetpack_dont_email_post_to_subs":false,"_jetpack_newsletter_tier_id":0,"_jetpack_memberships_contains_paywalled_content":false,"_jetpack_memberships_contains_paid_content":false,"footnotes":""},"categories":[128,2496],"tags":[25,383,126,130,5,37,41],"class_list":["post-4604","post","type-post","status-publish","format-standard","has-post-thumbnail","hentry","category-mini-baladeur","category-mini-ornitho","tag-alpes-maritimes","tag-etang-de-vaugrenier","tag-etangs","tag-ornithologie","tag-paca","tag-parc-naturel-departemental","tag-villeneuve-loubet","post-preview"],"jetpack_featured_media_url":"https:\/\/i0.wp.com\/www.jojoenherbe.com\/wp-content\/uploads\/2019\/02\/Etang-de-Vaugrenier-2.jpg?fit=5180%2C3327","jetpack_sharing_enabled":true,"jetpack_shortlink":"https:\/\/wp.me\/p9zhGx-1cg","jetpack_likes_enabled":true,"jetpack-related-posts":[{"id":5843,"url":"http:\/\/www.jojoenherbe.com\/index.php\/2019\/05\/05\/quand-le-printemps-sinstalle-a-vaugrenier\/","url_meta":{"origin":4604,"position":0},"title":"Quand le printemps s&rsquo;installe \u00e0 Vaugrenier","author":"Jojo","date":"5 mai 2019","format":false,"excerpt":"Ce 5 mai 2019, nous allons, \u00e0 nouveau, au parc d\u00e9partemental de Vaugrenier, des ibis falcinelles ayant \u00e9t\u00e9 observ\u00e9es depuis quelques jours. Mais malheureusement, nous n'arriverons pas \u00e0 les voir, vu l'heure, l'affluence dans le parc et le fait que nous sommes surtout rest\u00e9s au niveau des observatoires ornithologiques. Les\u2026","rel":"","context":"Dans &quot;Mini baladeur&quot;","block_context":{"text":"Mini baladeur","link":"http:\/\/www.jojoenherbe.com\/index.php\/category\/mini-crapahuteur\/mini-baladeur\/"},"img":{"alt_text":"","src":"https:\/\/i0.wp.com\/www.jojoenherbe.com\/wp-content\/uploads\/2019\/05\/parc-de-Vaugrenier-10.jpg?fit=1200%2C900&resize=350%2C200","width":350,"height":200,"srcset":"https:\/\/i0.wp.com\/www.jojoenherbe.com\/wp-content\/uploads\/2019\/05\/parc-de-Vaugrenier-10.jpg?fit=1200%2C900&resize=350%2C200 1x, https:\/\/i0.wp.com\/www.jojoenherbe.com\/wp-content\/uploads\/2019\/05\/parc-de-Vaugrenier-10.jpg?fit=1200%2C900&resize=525%2C300 1.5x, https:\/\/i0.wp.com\/www.jojoenherbe.com\/wp-content\/uploads\/2019\/05\/parc-de-Vaugrenier-10.jpg?fit=1200%2C900&resize=700%2C400 2x, https:\/\/i0.wp.com\/www.jojoenherbe.com\/wp-content\/uploads\/2019\/05\/parc-de-Vaugrenier-10.jpg?fit=1200%2C900&resize=1050%2C600 3x"},"classes":[]},{"id":4422,"url":"http:\/\/www.jojoenherbe.com\/index.php\/2019\/01\/28\/un-apres-midi-au-parc-de-vaugrenier\/","url_meta":{"origin":4604,"position":1},"title":"Un apr\u00e8s-midi au parc de Vaugrenier","author":"Jojo","date":"28 janvier 2019","format":false,"excerpt":"Ce 27 janvier 2019, nous passons l'apr\u00e8s-midi au parc d\u00e9partemental de Vaugrenier. Apr\u00e8s avoir vu un rouge-gorge, nous nous arr\u00eatons un moment \u00e0 l'un des deux observatoires ornithologiques install\u00e9s autour de l'\u00e9tang. A peine arriv\u00e9s, nous voyons s'envoler un h\u00e9ron cendr\u00e9 qui se repose aussit\u00f4t dans les roseaux. Il restera\u2026","rel":"","context":"Dans &quot;Mini baladeur&quot;","block_context":{"text":"Mini baladeur","link":"http:\/\/www.jojoenherbe.com\/index.php\/category\/mini-crapahuteur\/mini-baladeur\/"},"img":{"alt_text":"","src":"https:\/\/i0.wp.com\/www.jojoenherbe.com\/wp-content\/uploads\/2019\/01\/%C3%A9tang-de-Vaugrenier-4.jpg?fit=1200%2C747&resize=350%2C200","width":350,"height":200,"srcset":"https:\/\/i0.wp.com\/www.jojoenherbe.com\/wp-content\/uploads\/2019\/01\/%C3%A9tang-de-Vaugrenier-4.jpg?fit=1200%2C747&resize=350%2C200 1x, https:\/\/i0.wp.com\/www.jojoenherbe.com\/wp-content\/uploads\/2019\/01\/%C3%A9tang-de-Vaugrenier-4.jpg?fit=1200%2C747&resize=525%2C300 1.5x, https:\/\/i0.wp.com\/www.jojoenherbe.com\/wp-content\/uploads\/2019\/01\/%C3%A9tang-de-Vaugrenier-4.jpg?fit=1200%2C747&resize=700%2C400 2x, https:\/\/i0.wp.com\/www.jojoenherbe.com\/wp-content\/uploads\/2019\/01\/%C3%A9tang-de-Vaugrenier-4.jpg?fit=1200%2C747&resize=1050%2C600 3x"},"classes":[]},{"id":5260,"url":"http:\/\/www.jojoenherbe.com\/index.php\/2019\/03\/26\/petite-pause-a-lobservatoire-de-vaugrenier\/","url_meta":{"origin":4604,"position":2},"title":"Petite pause \u00e0 l&rsquo;observatoire de Vaugrenier","author":"Jojo","date":"26 mars 2019","format":false,"excerpt":"Ce 24 mars 2019, nous passons une bonne partie de la journ\u00e9e au parc d\u00e9partemental de Vaugrenier malgr\u00e9 la fr\u00e9quentation en hausse. Heureusement, les rouges-gorges et les pinsons des arbres ne sont pas farouches. Il y a \u00e9galement beaucoup d'arbres en pleine floraison et des fleurs parsemant le parc. Comme\u2026","rel":"","context":"Dans &quot;Mini baladeur&quot;","block_context":{"text":"Mini baladeur","link":"http:\/\/www.jojoenherbe.com\/index.php\/category\/mini-crapahuteur\/mini-baladeur\/"},"img":{"alt_text":"","src":"https:\/\/i0.wp.com\/www.jojoenherbe.com\/wp-content\/uploads\/2019\/03\/Parc-de-Vaugrenier.jpg?fit=1200%2C900&resize=350%2C200","width":350,"height":200,"srcset":"https:\/\/i0.wp.com\/www.jojoenherbe.com\/wp-content\/uploads\/2019\/03\/Parc-de-Vaugrenier.jpg?fit=1200%2C900&resize=350%2C200 1x, https:\/\/i0.wp.com\/www.jojoenherbe.com\/wp-content\/uploads\/2019\/03\/Parc-de-Vaugrenier.jpg?fit=1200%2C900&resize=525%2C300 1.5x, https:\/\/i0.wp.com\/www.jojoenherbe.com\/wp-content\/uploads\/2019\/03\/Parc-de-Vaugrenier.jpg?fit=1200%2C900&resize=700%2C400 2x, https:\/\/i0.wp.com\/www.jojoenherbe.com\/wp-content\/uploads\/2019\/03\/Parc-de-Vaugrenier.jpg?fit=1200%2C900&resize=1050%2C600 3x"},"classes":[]},{"id":18120,"url":"http:\/\/www.jojoenherbe.com\/index.php\/2021\/05\/06\/une-journee-printaniere-a-vaugrenier\/","url_meta":{"origin":4604,"position":3},"title":"Une journ\u00e9e printani\u00e8re \u00e0 Vaugrenier","author":"Jojo","date":"6 mai 2021","format":false,"excerpt":"Avec ce nouveau d\u00e9confinement et la fin de l'interdiction d'aller \u00e0 plus de 10km, nous pouvons enfin retourner balader et nous passons la journ\u00e9e du 5 mai 2021 dans le parc de Vaugrenier avec ses aires de jeux, ses sous-bois et son \u00e9tang. Que cela fait du bien de passer\u2026","rel":"","context":"Dans &quot;Mini baladeur&quot;","block_context":{"text":"Mini baladeur","link":"http:\/\/www.jojoenherbe.com\/index.php\/category\/mini-crapahuteur\/mini-baladeur\/"},"img":{"alt_text":"","src":"https:\/\/i0.wp.com\/www.jojoenherbe.com\/wp-content\/uploads\/2021\/05\/Etang-de-Vaugrenier-scaled.jpg?fit=1200%2C662&resize=350%2C200","width":350,"height":200,"srcset":"https:\/\/i0.wp.com\/www.jojoenherbe.com\/wp-content\/uploads\/2021\/05\/Etang-de-Vaugrenier-scaled.jpg?fit=1200%2C662&resize=350%2C200 1x, https:\/\/i0.wp.com\/www.jojoenherbe.com\/wp-content\/uploads\/2021\/05\/Etang-de-Vaugrenier-scaled.jpg?fit=1200%2C662&resize=525%2C300 1.5x, https:\/\/i0.wp.com\/www.jojoenherbe.com\/wp-content\/uploads\/2021\/05\/Etang-de-Vaugrenier-scaled.jpg?fit=1200%2C662&resize=700%2C400 2x, https:\/\/i0.wp.com\/www.jojoenherbe.com\/wp-content\/uploads\/2021\/05\/Etang-de-Vaugrenier-scaled.jpg?fit=1200%2C662&resize=1050%2C600 3x"},"classes":[]},{"id":8413,"url":"http:\/\/www.jojoenherbe.com\/index.php\/2019\/11\/10\/des-observations-automnales-a-letang-de-vaugrenier\/","url_meta":{"origin":4604,"position":4},"title":"Des observations automnales \u00e0 l&rsquo;\u00e9tang de Vaugrenier","author":"Jojo","date":"10 novembre 2019","format":false,"excerpt":"Ce 9 novembre 2019, nous allons au parc de Vaugrenier, l'occasion de faire quelques observations d'oiseaux \u00e0 l'\u00e9tang de Vaugrenier. J'en profite pour prendre la photo pour la semaine 45 du Projet 52-2019 de Du c\u00f4t\u00e9 de chez Ma', le th\u00e8me \u00e9tant \"Noir et blanc\": un h\u00e9ron cendr\u00e9. Je retouche\u2026","rel":"","context":"Dans &quot;Mini baladeur&quot;","block_context":{"text":"Mini baladeur","link":"http:\/\/www.jojoenherbe.com\/index.php\/category\/mini-crapahuteur\/mini-baladeur\/"},"img":{"alt_text":"","src":"https:\/\/i0.wp.com\/www.jojoenherbe.com\/wp-content\/uploads\/2019\/11\/H%C3%A9ron-cendr%C3%A9-en-noir-et-blanc.jpg?fit=1200%2C900&resize=350%2C200","width":350,"height":200,"srcset":"https:\/\/i0.wp.com\/www.jojoenherbe.com\/wp-content\/uploads\/2019\/11\/H%C3%A9ron-cendr%C3%A9-en-noir-et-blanc.jpg?fit=1200%2C900&resize=350%2C200 1x, https:\/\/i0.wp.com\/www.jojoenherbe.com\/wp-content\/uploads\/2019\/11\/H%C3%A9ron-cendr%C3%A9-en-noir-et-blanc.jpg?fit=1200%2C900&resize=525%2C300 1.5x, https:\/\/i0.wp.com\/www.jojoenherbe.com\/wp-content\/uploads\/2019\/11\/H%C3%A9ron-cendr%C3%A9-en-noir-et-blanc.jpg?fit=1200%2C900&resize=700%2C400 2x, https:\/\/i0.wp.com\/www.jojoenherbe.com\/wp-content\/uploads\/2019\/11\/H%C3%A9ron-cendr%C3%A9-en-noir-et-blanc.jpg?fit=1200%2C900&resize=1050%2C600 3x"},"classes":[]},{"id":5202,"url":"http:\/\/www.jojoenherbe.com\/index.php\/2019\/03\/24\/un-arbre-a-letang-de-vaugrenier\/","url_meta":{"origin":4604,"position":5},"title":"Un arbre \u00e0 l&rsquo;\u00e9tang de Vaugrenier","author":"Jojo","date":"24 mars 2019","format":false,"excerpt":"Pour la semaine 12 du Projet 52-2019 de Du C\u00f4t\u00e9 de Chez Ma\u2019, nous restons dans une atmosph\u00e8re printani\u00e8re puisque le th\u00e8me est \"Arbre(s)\". Difficile de choisir parmi tous les arbres pr\u00e9sents au parc de Vaugrenier! Il y a les arbres qui se sont par\u00e9s de bourgeons et fleurs blanches\u2026","rel":"","context":"Dans &quot;mini photographe&quot;","block_context":{"text":"mini photographe","link":"http:\/\/www.jojoenherbe.com\/index.php\/category\/mini-photographe\/"},"img":{"alt_text":"","src":"https:\/\/i0.wp.com\/www.jojoenherbe.com\/wp-content\/uploads\/2019\/03\/Parc-de-Vaugrenier-3.jpg?fit=1200%2C900&resize=350%2C200","width":350,"height":200,"srcset":"https:\/\/i0.wp.com\/www.jojoenherbe.com\/wp-content\/uploads\/2019\/03\/Parc-de-Vaugrenier-3.jpg?fit=1200%2C900&resize=350%2C200 1x, https:\/\/i0.wp.com\/www.jojoenherbe.com\/wp-content\/uploads\/2019\/03\/Parc-de-Vaugrenier-3.jpg?fit=1200%2C900&resize=525%2C300 1.5x, https:\/\/i0.wp.com\/www.jojoenherbe.com\/wp-content\/uploads\/2019\/03\/Parc-de-Vaugrenier-3.jpg?fit=1200%2C900&resize=700%2C400 2x, https:\/\/i0.wp.com\/www.jojoenherbe.com\/wp-content\/uploads\/2019\/03\/Parc-de-Vaugrenier-3.jpg?fit=1200%2C900&resize=1050%2C600 3x"},"classes":[]}],"_links":{"self":[{"href":"http:\/\/www.jojoenherbe.com\/index.php\/wp-json\/wp\/v2\/posts\/4604","targetHints":{"allow":["GET"]}}],"collection":[{"href":"http:\/\/www.jojoenherbe.com\/index.php\/wp-json\/wp\/v2\/posts"}],"about":[{"href":"http:\/\/www.jojoenherbe.com\/index.php\/wp-json\/wp\/v2\/types\/post"}],"author":[{"embeddable":true,"href":"http:\/\/www.jojoenherbe.com\/index.php\/wp-json\/wp\/v2\/users\/1"}],"replies":[{"embeddable":true,"href":"http:\/\/www.jojoenherbe.com\/index.php\/wp-json\/wp\/v2\/comments?post=4604"}],"version-history":[{"count":0,"href":"http:\/\/www.jojoenherbe.com\/index.php\/wp-json\/wp\/v2\/posts\/4604\/revisions"}],"wp:featuredmedia":[{"embeddable":true,"href":"http:\/\/www.jojoenherbe.com\/index.php\/wp-json\/wp\/v2\/media\/4612"}],"wp:attachment":[{"href":"http:\/\/www.jojoenherbe.com\/index.php\/wp-json\/wp\/v2\/media?parent=4604"}],"wp:term":[{"taxonomy":"category","embeddable":true,"href":"http:\/\/www.jojoenherbe.com\/index.php\/wp-json\/wp\/v2\/categories?post=4604"},{"taxonomy":"post_tag","embeddable":true,"href":"http:\/\/www.jojoenherbe.com\/index.php\/wp-json\/wp\/v2\/tags?post=4604"}],"curies":[{"name":"wp","href":"https:\/\/api.w.org\/{rel}","templated":true}]}}