{"id":4568,"date":"2019-02-16T22:57:36","date_gmt":"2019-02-16T21:57:36","guid":{"rendered":"http:\/\/www.jojoenherbe.com\/?p=4568"},"modified":"2019-09-14T16:25:54","modified_gmt":"2019-09-14T14:25:54","slug":"au-fil-des-pages-avec-vite-cest-lheure","status":"publish","type":"post","link":"http:\/\/www.jojoenherbe.com\/index.php\/2019\/02\/16\/au-fil-des-pages-avec-vite-cest-lheure\/","title":{"rendered":"Au fil des pages avec Vite, c&rsquo;est l&rsquo;heure!"},"content":{"rendered":"<p style=\"text-align: justify;\"><em><a href=\"https:\/\/i0.wp.com\/www.jojoenherbe.com\/wp-content\/uploads\/2019\/02\/Vite-cest-lheure-2.jpg\"><img data-recalc-dims=\"1\" loading=\"lazy\" decoding=\"async\" data-attachment-id=\"4580\" data-permalink=\"http:\/\/www.jojoenherbe.com\/index.php\/2019\/02\/15\/au-fil-des-pages-avec-bonne-nuit-tipeton\/vite-cest-lheure-2\/\" data-orig-file=\"https:\/\/i0.wp.com\/www.jojoenherbe.com\/wp-content\/uploads\/2019\/02\/Vite-cest-lheure-2.jpg?fit=2448%2C3264\" data-orig-size=\"2448,3264\" data-comments-opened=\"1\" data-image-meta=\"{&quot;aperture&quot;:&quot;2.4&quot;,&quot;credit&quot;:&quot;&quot;,&quot;camera&quot;:&quot;iPhone 4S&quot;,&quot;caption&quot;:&quot;&quot;,&quot;created_timestamp&quot;:&quot;1550239648&quot;,&quot;copyright&quot;:&quot;&quot;,&quot;focal_length&quot;:&quot;4.28&quot;,&quot;iso&quot;:&quot;64&quot;,&quot;shutter_speed&quot;:&quot;0.05&quot;,&quot;title&quot;:&quot;&quot;,&quot;orientation&quot;:&quot;1&quot;}\" data-image-title=\"Vite, c&amp;rsquo;est l&amp;rsquo;heure 2\" data-image-description=\"\" data-image-caption=\"\" data-large-file=\"https:\/\/i0.wp.com\/www.jojoenherbe.com\/wp-content\/uploads\/2019\/02\/Vite-cest-lheure-2.jpg?fit=676%2C901\" class=\"alignleft size-thumbnail wp-image-4580\" src=\"https:\/\/i0.wp.com\/www.jojoenherbe.com\/wp-content\/uploads\/2019\/02\/Vite-cest-lheure-2.jpg?resize=150%2C150\" alt=\"\" width=\"150\" height=\"150\" srcset=\"https:\/\/i0.wp.com\/www.jojoenherbe.com\/wp-content\/uploads\/2019\/02\/Vite-cest-lheure-2.jpg?resize=150%2C150 150w, https:\/\/i0.wp.com\/www.jojoenherbe.com\/wp-content\/uploads\/2019\/02\/Vite-cest-lheure-2.jpg?zoom=2&amp;resize=150%2C150 300w, https:\/\/i0.wp.com\/www.jojoenherbe.com\/wp-content\/uploads\/2019\/02\/Vite-cest-lheure-2.jpg?zoom=3&amp;resize=150%2C150 450w\" sizes=\"auto, (max-width: 150px) 100vw, 150px\" \/><\/a> <a href=\"https:\/\/i0.wp.com\/www.jojoenherbe.com\/wp-content\/uploads\/2019\/02\/Vite-cest-lheure-3.jpg\"><img data-recalc-dims=\"1\" loading=\"lazy\" decoding=\"async\" data-attachment-id=\"4581\" data-permalink=\"http:\/\/www.jojoenherbe.com\/index.php\/2019\/02\/15\/au-fil-des-pages-avec-bonne-nuit-tipeton\/vite-cest-lheure-3\/\" data-orig-file=\"https:\/\/i0.wp.com\/www.jojoenherbe.com\/wp-content\/uploads\/2019\/02\/Vite-cest-lheure-3.jpg?fit=2971%2C2233\" data-orig-size=\"2971,2233\" data-comments-opened=\"1\" data-image-meta=\"{&quot;aperture&quot;:&quot;2.4&quot;,&quot;credit&quot;:&quot;&quot;,&quot;camera&quot;:&quot;iPhone 4S&quot;,&quot;caption&quot;:&quot;&quot;,&quot;created_timestamp&quot;:&quot;1550239675&quot;,&quot;copyright&quot;:&quot;&quot;,&quot;focal_length&quot;:&quot;4.28&quot;,&quot;iso&quot;:&quot;64&quot;,&quot;shutter_speed&quot;:&quot;0.05&quot;,&quot;title&quot;:&quot;&quot;,&quot;orientation&quot;:&quot;1&quot;}\" data-image-title=\"Vite, c&amp;rsquo;est l&amp;rsquo;heure 3\" data-image-description=\"\" data-image-caption=\"\" data-large-file=\"https:\/\/i0.wp.com\/www.jojoenherbe.com\/wp-content\/uploads\/2019\/02\/Vite-cest-lheure-3.jpg?fit=676%2C508\" class=\"alignleft size-thumbnail wp-image-4581\" src=\"https:\/\/i0.wp.com\/www.jojoenherbe.com\/wp-content\/uploads\/2019\/02\/Vite-cest-lheure-3.jpg?resize=150%2C150\" alt=\"\" width=\"150\" height=\"150\" srcset=\"https:\/\/i0.wp.com\/www.jojoenherbe.com\/wp-content\/uploads\/2019\/02\/Vite-cest-lheure-3.jpg?resize=150%2C150 150w, https:\/\/i0.wp.com\/www.jojoenherbe.com\/wp-content\/uploads\/2019\/02\/Vite-cest-lheure-3.jpg?zoom=2&amp;resize=150%2C150 300w, https:\/\/i0.wp.com\/www.jojoenherbe.com\/wp-content\/uploads\/2019\/02\/Vite-cest-lheure-3.jpg?zoom=3&amp;resize=150%2C150 450w\" sizes=\"auto, (max-width: 150px) 100vw, 150px\" \/><\/a>En lisant pour la premi\u00e8re fois, <span style=\"text-decoration: underline;\">Vite, c&rsquo;est l&rsquo;heure!<\/span> de P\u00e9lagie Lamenthe (\u00e9d. L&rsquo;\u00e9cole des loisirs, coll. Pastel, 2016), nous nous demandons pourquoi ces insectes sont si press\u00e9s de voir les retardataires arriver puis la raison d&rsquo;\u00eatre de cette chorale qui se forme \u00e0 la nuit tomb\u00e9e. Une fa\u00e7on toute douce et rigolote de d\u00e9cliner une des berceuses les plus connues pour endormir les b\u00e9b\u00e9s!<br \/>\n<\/em><\/p>\n","protected":false},"excerpt":{"rendered":"<p>En lisant pour la premi\u00e8re fois, Vite, c&rsquo;est l&rsquo;heure! de P\u00e9lagie Lamenthe (\u00e9d. L&rsquo;\u00e9cole des loisirs, coll. Pastel, 2016), nous nous demandons pourquoi ces insectes sont si press\u00e9s de voir les retardataires arriver puis la raison d&rsquo;\u00eatre de cette chorale qui se forme \u00e0 la nuit tomb\u00e9e. Une fa\u00e7on toute douce et rigolote de d\u00e9cliner [&hellip;]<\/p>\n","protected":false},"author":1,"featured_media":4582,"comment_status":"open","ping_status":"open","sticky":false,"template":"","format":"standard","meta":{"jetpack_post_was_ever_published":false,"_jetpack_newsletter_access":"","_jetpack_dont_email_post_to_subs":false,"_jetpack_newsletter_tier_id":0,"_jetpack_memberships_contains_paywalled_content":false,"_jetpack_memberships_contains_paid_content":false,"footnotes":""},"categories":[363],"tags":[786,20,409,414,407,406,415,367,382,413],"class_list":["post-4568","post","type-post","status-publish","format-standard","has-post-thumbnail","hentry","category-mini-lecteur","tag-0-3-ans","tag-activites-pour-les-enfants","tag-albums-jeunesse","tag-berceuses","tag-coucher","tag-dodo","tag-insectes","tag-lecture-jeunesse","tag-livres","tag-rituel-du-soir","post-preview"],"jetpack_featured_media_url":"https:\/\/i0.wp.com\/www.jojoenherbe.com\/wp-content\/uploads\/2019\/02\/Vite-cest-lheure.jpg?fit=2448%2C2596","jetpack_sharing_enabled":true,"jetpack_shortlink":"https:\/\/wp.me\/p9zhGx-1bG","jetpack_likes_enabled":true,"jetpack-related-posts":[{"id":24147,"url":"http:\/\/www.jojoenherbe.com\/index.php\/2022\/03\/01\/au-fil-des-pages-avec-le-carnaval-des-insectes\/","url_meta":{"origin":4568,"position":0},"title":"Au fil des pages avec Le carnaval des insectes","author":"Jojo","date":"1 mars 2022","format":false,"excerpt":"Pour le carnaval et Mardi-Gras, nous lisons cette ann\u00e9e Le carnaval des insectes d'H\u00e9l\u00e8ne Rajcak et Damien Laverdunt (\u00e9d. Actes Sud Junior, 2016), un album jeunesse en accord\u00e9on \u00e0 partir de 2\/3 ans. En d\u00e9pliant le livre, une immense frise appara\u00eet o\u00f9 se c\u00f4toient de nombreux carnavals, parades et d\u00e9fil\u00e9s\u2026","rel":"","context":"Dans &quot;Mini lecteur&quot;","block_context":{"text":"Mini lecteur","link":"http:\/\/www.jojoenherbe.com\/index.php\/category\/mini-lecteur\/"},"img":{"alt_text":"","src":"https:\/\/i0.wp.com\/www.jojoenherbe.com\/wp-content\/uploads\/2022\/03\/Le-carnaval-des-insectes-scaled.jpg?fit=1200%2C900&resize=350%2C200","width":350,"height":200,"srcset":"https:\/\/i0.wp.com\/www.jojoenherbe.com\/wp-content\/uploads\/2022\/03\/Le-carnaval-des-insectes-scaled.jpg?fit=1200%2C900&resize=350%2C200 1x, https:\/\/i0.wp.com\/www.jojoenherbe.com\/wp-content\/uploads\/2022\/03\/Le-carnaval-des-insectes-scaled.jpg?fit=1200%2C900&resize=525%2C300 1.5x, https:\/\/i0.wp.com\/www.jojoenherbe.com\/wp-content\/uploads\/2022\/03\/Le-carnaval-des-insectes-scaled.jpg?fit=1200%2C900&resize=700%2C400 2x, https:\/\/i0.wp.com\/www.jojoenherbe.com\/wp-content\/uploads\/2022\/03\/Le-carnaval-des-insectes-scaled.jpg?fit=1200%2C900&resize=1050%2C600 3x"},"classes":[]},{"id":10722,"url":"http:\/\/www.jojoenherbe.com\/index.php\/2020\/04\/20\/au-fil-des-pages-avec-bob-marley-lhotel-a-insectes\/","url_meta":{"origin":4568,"position":1},"title":"Au fil des pages avec Bob &#038; Marley, L&rsquo;h\u00f4tel \u00e0 insectes","author":"Jojo","date":"20 avril 2020","format":false,"excerpt":"Nous lisons une nouvelle histoire printani\u00e8re avec Bob & Marley, L'h\u00f4tel \u00e0 insectes de Fr\u00e9d\u00e9ric Marais et Thierry Dedieu (\u00e9d. Seuil Jeunesse, 2019), un album jeunesse \u00e0 partir de 3 ans. Marley construit un h\u00f4tel \u00e0 insectes. Bob le veut absolument. Sera-t-il \u00e0 la hauteur des h\u00f4tes de cet h\u00f4tel\u2026","rel":"","context":"Dans &quot;Mini lecteur&quot;","block_context":{"text":"Mini lecteur","link":"http:\/\/www.jojoenherbe.com\/index.php\/category\/mini-lecteur\/"},"img":{"alt_text":"","src":"https:\/\/i0.wp.com\/www.jojoenherbe.com\/wp-content\/uploads\/2020\/04\/Bob-Marley-Lh%C3%B4tel-%C3%A0-insectes-scaled.jpg?fit=1200%2C900&resize=350%2C200","width":350,"height":200,"srcset":"https:\/\/i0.wp.com\/www.jojoenherbe.com\/wp-content\/uploads\/2020\/04\/Bob-Marley-Lh%C3%B4tel-%C3%A0-insectes-scaled.jpg?fit=1200%2C900&resize=350%2C200 1x, https:\/\/i0.wp.com\/www.jojoenherbe.com\/wp-content\/uploads\/2020\/04\/Bob-Marley-Lh%C3%B4tel-%C3%A0-insectes-scaled.jpg?fit=1200%2C900&resize=525%2C300 1.5x, https:\/\/i0.wp.com\/www.jojoenherbe.com\/wp-content\/uploads\/2020\/04\/Bob-Marley-Lh%C3%B4tel-%C3%A0-insectes-scaled.jpg?fit=1200%2C900&resize=700%2C400 2x, https:\/\/i0.wp.com\/www.jojoenherbe.com\/wp-content\/uploads\/2020\/04\/Bob-Marley-Lh%C3%B4tel-%C3%A0-insectes-scaled.jpg?fit=1200%2C900&resize=1050%2C600 3x"},"classes":[]},{"id":26980,"url":"http:\/\/www.jojoenherbe.com\/index.php\/2022\/08\/12\/au-fil-des-pages-avec-tombee-du-ciel\/","url_meta":{"origin":4568,"position":2},"title":"Au fil des pages avec Tomb\u00e9e du ciel","author":"Jojo","date":"12 ao\u00fbt 2022","format":false,"excerpt":"Nous lisons aussi Tomb\u00e9e du Ciel des The Fan Brothers \u2013 Eric et Terry Fan (\u00e9d. Little Urban, 2021), un album jeunesse \u00e0 partir de 4 ans. Un matin, les insectes et araign\u00e9es d\u00e9couvrent un myst\u00e9rieux objet sur le sol. tr\u00e8s vite, l'Araign\u00e9e d\u00e9cr\u00e8te en \u00eatre la propri\u00e9taire, l'objet \u00e9tant\u2026","rel":"","context":"Dans &quot;Mini lecteur&quot;","block_context":{"text":"Mini lecteur","link":"http:\/\/www.jojoenherbe.com\/index.php\/category\/mini-lecteur\/"},"img":{"alt_text":"","src":"https:\/\/i0.wp.com\/www.jojoenherbe.com\/wp-content\/uploads\/2022\/08\/Tombee-du-ciel-2-scaled.jpg?fit=1200%2C815&resize=350%2C200","width":350,"height":200,"srcset":"https:\/\/i0.wp.com\/www.jojoenherbe.com\/wp-content\/uploads\/2022\/08\/Tombee-du-ciel-2-scaled.jpg?fit=1200%2C815&resize=350%2C200 1x, https:\/\/i0.wp.com\/www.jojoenherbe.com\/wp-content\/uploads\/2022\/08\/Tombee-du-ciel-2-scaled.jpg?fit=1200%2C815&resize=525%2C300 1.5x, https:\/\/i0.wp.com\/www.jojoenherbe.com\/wp-content\/uploads\/2022\/08\/Tombee-du-ciel-2-scaled.jpg?fit=1200%2C815&resize=700%2C400 2x, https:\/\/i0.wp.com\/www.jojoenherbe.com\/wp-content\/uploads\/2022\/08\/Tombee-du-ciel-2-scaled.jpg?fit=1200%2C815&resize=1050%2C600 3x"},"classes":[]},{"id":10134,"url":"http:\/\/www.jojoenherbe.com\/index.php\/2020\/02\/19\/au-fil-des-pages-avec-le-lapin-la-nuit-et-la-boite-a-biscuits\/","url_meta":{"origin":4568,"position":3},"title":"Au fil des pages avec Le lapin, la nuit et la bo\u00eete \u00e0 biscuits","author":"Jojo","date":"19 f\u00e9vrier 2020","format":false,"excerpt":"Nous lisons Le lapin, la nuit et la bo\u00eete \u00e0 biscuits de Nicola O'Byrne (\u00e9d. Flammarion Jeunesse, coll. Les albums du P\u00e8re Castor, 2019), un album jeunesse \u00e0 partir de 3 ans. Il \u00e9tait une fois un lapin qui ne voulait absolument pas dormir au point d'enfermer la nuit, tenez-vous\u2026","rel":"","context":"Dans &quot;Mini lecteur&quot;","block_context":{"text":"Mini lecteur","link":"http:\/\/www.jojoenherbe.com\/index.php\/category\/mini-lecteur\/"},"img":{"alt_text":"","src":"https:\/\/i0.wp.com\/www.jojoenherbe.com\/wp-content\/uploads\/2020\/02\/Le-lapin-la-nuit-et-la-bo%C3%AEte-%C3%A0-biscuits-scaled.jpg?fit=1200%2C920&resize=350%2C200","width":350,"height":200,"srcset":"https:\/\/i0.wp.com\/www.jojoenherbe.com\/wp-content\/uploads\/2020\/02\/Le-lapin-la-nuit-et-la-bo%C3%AEte-%C3%A0-biscuits-scaled.jpg?fit=1200%2C920&resize=350%2C200 1x, https:\/\/i0.wp.com\/www.jojoenherbe.com\/wp-content\/uploads\/2020\/02\/Le-lapin-la-nuit-et-la-bo%C3%AEte-%C3%A0-biscuits-scaled.jpg?fit=1200%2C920&resize=525%2C300 1.5x, https:\/\/i0.wp.com\/www.jojoenherbe.com\/wp-content\/uploads\/2020\/02\/Le-lapin-la-nuit-et-la-bo%C3%AEte-%C3%A0-biscuits-scaled.jpg?fit=1200%2C920&resize=700%2C400 2x, https:\/\/i0.wp.com\/www.jojoenherbe.com\/wp-content\/uploads\/2020\/02\/Le-lapin-la-nuit-et-la-bo%C3%AEte-%C3%A0-biscuits-scaled.jpg?fit=1200%2C920&resize=1050%2C600 3x"},"classes":[]},{"id":11963,"url":"http:\/\/www.jojoenherbe.com\/index.php\/2020\/08\/24\/au-fil-des-pages-avec-le-diner\/","url_meta":{"origin":4568,"position":4},"title":"Au fil des pages avec Le d\u00eener","author":"Jojo","date":"24 ao\u00fbt 2020","format":false,"excerpt":"Nous empruntons \u00e0 la m\u00e9diath\u00e8que Le d\u00eener de Michel Van Zeveren (\u00e9d. L'\u00e9cole des loisirs, coll. Pastel, 2012), un album jeunesse \u00e0 partir de 2\/3 ans. C'est bient\u00f4t l'heure du d\u00eener. En attendant et alors qu'il devrait patienter chez lui, Petit Lapin va jouer dans les bois et se fait\u2026","rel":"","context":"Dans &quot;Mini lecteur&quot;","block_context":{"text":"Mini lecteur","link":"http:\/\/www.jojoenherbe.com\/index.php\/category\/mini-lecteur\/"},"img":{"alt_text":"","src":"https:\/\/i0.wp.com\/www.jojoenherbe.com\/wp-content\/uploads\/2020\/08\/Le-diner-1-scaled.jpg?fit=1200%2C977&resize=350%2C200","width":350,"height":200,"srcset":"https:\/\/i0.wp.com\/www.jojoenherbe.com\/wp-content\/uploads\/2020\/08\/Le-diner-1-scaled.jpg?fit=1200%2C977&resize=350%2C200 1x, https:\/\/i0.wp.com\/www.jojoenherbe.com\/wp-content\/uploads\/2020\/08\/Le-diner-1-scaled.jpg?fit=1200%2C977&resize=525%2C300 1.5x, https:\/\/i0.wp.com\/www.jojoenherbe.com\/wp-content\/uploads\/2020\/08\/Le-diner-1-scaled.jpg?fit=1200%2C977&resize=700%2C400 2x, https:\/\/i0.wp.com\/www.jojoenherbe.com\/wp-content\/uploads\/2020\/08\/Le-diner-1-scaled.jpg?fit=1200%2C977&resize=1050%2C600 3x"},"classes":[]},{"id":6012,"url":"http:\/\/www.jojoenherbe.com\/index.php\/2019\/05\/21\/une-abeille-en-rouleaux-de-papier-toilette\/","url_meta":{"origin":4568,"position":5},"title":"Une abeille en rouleaux de papier toilette","author":"Jojo","date":"21 mai 2019","format":false,"excerpt":"En ce 20 mai 2019, journ\u00e9e mondiale des abeilles et pour prolonger la lecture des albums jeunesse de ces derni\u00e8res semaines, nous faisons une abeille \u00e0 partir de rouleaux de papier toilette. Nous avions peint il y a quelques jours un rouleau avec des bandes jaunes et un autre tout\u2026","rel":"","context":"Dans &quot;Mini joueur&quot;","block_context":{"text":"Mini joueur","link":"http:\/\/www.jojoenherbe.com\/index.php\/category\/mini-decouvreur\/mini-joueur\/"},"img":{"alt_text":"","src":"https:\/\/i0.wp.com\/www.jojoenherbe.com\/wp-content\/uploads\/2019\/05\/abeille-en-papier-toilette.jpg?fit=1149%2C1200&resize=350%2C200","width":350,"height":200,"srcset":"https:\/\/i0.wp.com\/www.jojoenherbe.com\/wp-content\/uploads\/2019\/05\/abeille-en-papier-toilette.jpg?fit=1149%2C1200&resize=350%2C200 1x, https:\/\/i0.wp.com\/www.jojoenherbe.com\/wp-content\/uploads\/2019\/05\/abeille-en-papier-toilette.jpg?fit=1149%2C1200&resize=525%2C300 1.5x, https:\/\/i0.wp.com\/www.jojoenherbe.com\/wp-content\/uploads\/2019\/05\/abeille-en-papier-toilette.jpg?fit=1149%2C1200&resize=700%2C400 2x, https:\/\/i0.wp.com\/www.jojoenherbe.com\/wp-content\/uploads\/2019\/05\/abeille-en-papier-toilette.jpg?fit=1149%2C1200&resize=1050%2C600 3x"},"classes":[]}],"_links":{"self":[{"href":"http:\/\/www.jojoenherbe.com\/index.php\/wp-json\/wp\/v2\/posts\/4568","targetHints":{"allow":["GET"]}}],"collection":[{"href":"http:\/\/www.jojoenherbe.com\/index.php\/wp-json\/wp\/v2\/posts"}],"about":[{"href":"http:\/\/www.jojoenherbe.com\/index.php\/wp-json\/wp\/v2\/types\/post"}],"author":[{"embeddable":true,"href":"http:\/\/www.jojoenherbe.com\/index.php\/wp-json\/wp\/v2\/users\/1"}],"replies":[{"embeddable":true,"href":"http:\/\/www.jojoenherbe.com\/index.php\/wp-json\/wp\/v2\/comments?post=4568"}],"version-history":[{"count":0,"href":"http:\/\/www.jojoenherbe.com\/index.php\/wp-json\/wp\/v2\/posts\/4568\/revisions"}],"wp:featuredmedia":[{"embeddable":true,"href":"http:\/\/www.jojoenherbe.com\/index.php\/wp-json\/wp\/v2\/media\/4582"}],"wp:attachment":[{"href":"http:\/\/www.jojoenherbe.com\/index.php\/wp-json\/wp\/v2\/media?parent=4568"}],"wp:term":[{"taxonomy":"category","embeddable":true,"href":"http:\/\/www.jojoenherbe.com\/index.php\/wp-json\/wp\/v2\/categories?post=4568"},{"taxonomy":"post_tag","embeddable":true,"href":"http:\/\/www.jojoenherbe.com\/index.php\/wp-json\/wp\/v2\/tags?post=4568"}],"curies":[{"name":"wp","href":"https:\/\/api.w.org\/{rel}","templated":true}]}}