{"id":45065,"date":"2026-09-02T06:19:59","date_gmt":"2026-09-02T04:19:59","guid":{"rendered":"https:\/\/www.jojoenherbe.com\/?p=45065"},"modified":"2026-09-02T06:19:59","modified_gmt":"2026-09-02T04:19:59","slug":"au-fil-des-pages-avec-a-laube-des-cerisiers","status":"publish","type":"post","link":"http:\/\/www.jojoenherbe.com\/index.php\/2026\/09\/02\/au-fil-des-pages-avec-a-laube-des-cerisiers\/","title":{"rendered":"Au fil des pages avec A l&rsquo;aube des cerisiers"},"content":{"rendered":"<p style=\"text-align: justify;\"><em>Pour la rentr\u00e9e de la BD de la Semaine, j&rsquo;ai lu, aussit\u00f4t achet\u00e9, <span style=\"text-decoration: underline;\">\u00c0 l&rsquo;aube des cerisiers<\/span> d&rsquo;Agn\u00e8s Domergue et H\u00e9l\u00e8ne Canac (\u00e9d. Jungle, 27 ao\u00fbt 2026, 100 pages), une BD jeunesse \u00e0 partir de 9 ans et dans laquelle on retrouve la petite fille qui a bien grandi d&rsquo;<a href=\"https:\/\/www.jojoenherbe.com\/index.php\/2021\/04\/23\/au-fil-des-pages-avec-entre-neige-et-loup\/\"><span style=\"text-decoration: underline;\">Entre neige et loup<\/span><\/a>, Lila. Natsu, une minuscule fille vivant avec les Moni sur l&rsquo;\u00eele du jour va faire la rencontre d&rsquo;un minuscule gar\u00e7on, Taro qui part \u00e0 la recherche d&rsquo;un rem\u00e8de pour Yama en fin de vie, sur l&rsquo;\u00eele de la nuit. Et si leur rencontre allait bouleverser l&rsquo;\u00e9quilibre de leur monde?\u00a0<\/em><\/p>\n<div class=\"tiled-gallery type-rectangular tiled-gallery-unresized\" data-original-width=\"676\" data-carousel-extra='{&quot;blog_id&quot;:1,&quot;permalink&quot;:&quot;http:\\\/\\\/www.jojoenherbe.com\\\/index.php\\\/2026\\\/09\\\/02\\\/au-fil-des-pages-avec-a-laube-des-cerisiers\\\/&quot;,&quot;likes_blog_id&quot;:141396489}' itemscope itemtype=\"http:\/\/schema.org\/ImageGallery\" > <div class=\"gallery-row\" style=\"width: 676px; height: 181px;\" data-original-width=\"676\" data-original-height=\"181\" > <div class=\"gallery-group images-1\" style=\"width: 240px; height: 181px;\" data-original-width=\"240\" data-original-height=\"181\" > <div class=\"tiled-gallery-item tiled-gallery-item-small\" itemprop=\"associatedMedia\" itemscope itemtype=\"http:\/\/schema.org\/ImageObject\"> <a href=\"http:\/\/www.jojoenherbe.com\/index.php\/2026\/09\/02\/au-fil-des-pages-avec-a-laube-des-cerisiers\/a-laube-des-cerisiers-3\/\" border=\"0\" itemprop=\"url\"> <meta itemprop=\"width\" content=\"236\"> <meta itemprop=\"height\" content=\"177\"> <img decoding=\"async\" class=\"\" data-attachment-id=\"45072\" data-orig-file=\"http:\/\/www.jojoenherbe.com\/wp-content\/uploads\/2026\/09\/A-laube-des-cerisiers-3-scaled.jpeg\" data-orig-size=\"2560,1920\" data-comments-opened=\"1\" data-image-title=\"A l&amp;rsquo;aube des cerisiers 3\" data-image-description=\"\" data-medium-file=\"https:\/\/i0.wp.com\/www.jojoenherbe.com\/wp-content\/uploads\/2026\/09\/A-laube-des-cerisiers-3-scaled.jpeg?fit=300%2C225\" data-large-file=\"https:\/\/i0.wp.com\/www.jojoenherbe.com\/wp-content\/uploads\/2026\/09\/A-laube-des-cerisiers-3-scaled.jpeg?fit=676%2C507\" src=\"https:\/\/i0.wp.com\/www.jojoenherbe.com\/wp-content\/uploads\/2026\/09\/A-laube-des-cerisiers-3-scaled.jpeg?w=236&#038;h=177\" srcset=\"https:\/\/i0.wp.com\/www.jojoenherbe.com\/wp-content\/uploads\/2026\/09\/A-laube-des-cerisiers-3-scaled.jpeg?w=2560 2560w, https:\/\/i0.wp.com\/www.jojoenherbe.com\/wp-content\/uploads\/2026\/09\/A-laube-des-cerisiers-3-scaled.jpeg?resize=300%2C225 300w, https:\/\/i0.wp.com\/www.jojoenherbe.com\/wp-content\/uploads\/2026\/09\/A-laube-des-cerisiers-3-scaled.jpeg?resize=1024%2C768 1024w, https:\/\/i0.wp.com\/www.jojoenherbe.com\/wp-content\/uploads\/2026\/09\/A-laube-des-cerisiers-3-scaled.jpeg?resize=768%2C576 768w, https:\/\/i0.wp.com\/www.jojoenherbe.com\/wp-content\/uploads\/2026\/09\/A-laube-des-cerisiers-3-scaled.jpeg?resize=1536%2C1152 1536w, https:\/\/i0.wp.com\/www.jojoenherbe.com\/wp-content\/uploads\/2026\/09\/A-laube-des-cerisiers-3-scaled.jpeg?resize=2048%2C1536 2048w, https:\/\/i0.wp.com\/www.jojoenherbe.com\/wp-content\/uploads\/2026\/09\/A-laube-des-cerisiers-3-scaled.jpeg?resize=676%2C507 676w, https:\/\/i0.wp.com\/www.jojoenherbe.com\/wp-content\/uploads\/2026\/09\/A-laube-des-cerisiers-3-scaled.jpeg?w=1352 1352w\" width=\"236\" height=\"177\" loading=\"lazy\" data-original-width=\"236\" data-original-height=\"177\" itemprop=\"http:\/\/schema.org\/image\" title=\"A l&#039;aube des cerisiers 3\" alt=\"A l&#039;aube des cerisiers 3\" style=\"width: 236px; height: 177px;\" \/> <\/a> <\/div> <\/div> <!-- close group --> <div class=\"gallery-group images-1\" style=\"width: 175px; height: 181px;\" data-original-width=\"175\" data-original-height=\"181\" > <div class=\"tiled-gallery-item tiled-gallery-item-small\" itemprop=\"associatedMedia\" itemscope itemtype=\"http:\/\/schema.org\/ImageObject\"> <a href=\"http:\/\/www.jojoenherbe.com\/index.php\/2026\/09\/02\/au-fil-des-pages-avec-a-laube-des-cerisiers\/a-laube-des-cerisiers-4\/\" border=\"0\" itemprop=\"url\"> <meta itemprop=\"width\" content=\"171\"> <meta itemprop=\"height\" content=\"177\"> <img decoding=\"async\" class=\"\" data-attachment-id=\"45073\" data-orig-file=\"http:\/\/www.jojoenherbe.com\/wp-content\/uploads\/2026\/09\/A-laube-des-cerisiers-4-scaled.jpeg\" data-orig-size=\"2476,2560\" data-comments-opened=\"1\" data-image-title=\"A l&amp;rsquo;aube des cerisiers 4\" data-image-description=\"\" data-medium-file=\"https:\/\/i0.wp.com\/www.jojoenherbe.com\/wp-content\/uploads\/2026\/09\/A-laube-des-cerisiers-4-scaled.jpeg?fit=290%2C300\" data-large-file=\"https:\/\/i0.wp.com\/www.jojoenherbe.com\/wp-content\/uploads\/2026\/09\/A-laube-des-cerisiers-4-scaled.jpeg?fit=676%2C699\" src=\"https:\/\/i0.wp.com\/www.jojoenherbe.com\/wp-content\/uploads\/2026\/09\/A-laube-des-cerisiers-4-scaled.jpeg?w=171&#038;h=177\" srcset=\"https:\/\/i0.wp.com\/www.jojoenherbe.com\/wp-content\/uploads\/2026\/09\/A-laube-des-cerisiers-4-scaled.jpeg?w=2476 2476w, https:\/\/i0.wp.com\/www.jojoenherbe.com\/wp-content\/uploads\/2026\/09\/A-laube-des-cerisiers-4-scaled.jpeg?resize=290%2C300 290w, https:\/\/i0.wp.com\/www.jojoenherbe.com\/wp-content\/uploads\/2026\/09\/A-laube-des-cerisiers-4-scaled.jpeg?resize=991%2C1024 991w, https:\/\/i0.wp.com\/www.jojoenherbe.com\/wp-content\/uploads\/2026\/09\/A-laube-des-cerisiers-4-scaled.jpeg?resize=768%2C794 768w, https:\/\/i0.wp.com\/www.jojoenherbe.com\/wp-content\/uploads\/2026\/09\/A-laube-des-cerisiers-4-scaled.jpeg?resize=1486%2C1536 1486w, https:\/\/i0.wp.com\/www.jojoenherbe.com\/wp-content\/uploads\/2026\/09\/A-laube-des-cerisiers-4-scaled.jpeg?resize=1981%2C2048 1981w, https:\/\/i0.wp.com\/www.jojoenherbe.com\/wp-content\/uploads\/2026\/09\/A-laube-des-cerisiers-4-scaled.jpeg?resize=676%2C699 676w, https:\/\/i0.wp.com\/www.jojoenherbe.com\/wp-content\/uploads\/2026\/09\/A-laube-des-cerisiers-4-scaled.jpeg?w=1352 1352w\" width=\"171\" height=\"177\" loading=\"lazy\" data-original-width=\"171\" data-original-height=\"177\" itemprop=\"http:\/\/schema.org\/image\" title=\"A l&#039;aube des cerisiers 4\" alt=\"A l&#039;aube des cerisiers 4\" style=\"width: 171px; height: 177px;\" \/> <\/a> <\/div> <\/div> <!-- close group --> <div class=\"gallery-group images-1\" style=\"width: 136px; height: 181px;\" data-original-width=\"136\" data-original-height=\"181\" > <div class=\"tiled-gallery-item tiled-gallery-item-small\" itemprop=\"associatedMedia\" itemscope itemtype=\"http:\/\/schema.org\/ImageObject\"> <a href=\"http:\/\/www.jojoenherbe.com\/index.php\/2026\/09\/02\/au-fil-des-pages-avec-a-laube-des-cerisiers\/a-laube-des-cerisiers-5\/\" border=\"0\" itemprop=\"url\"> <meta itemprop=\"width\" content=\"132\"> <meta itemprop=\"height\" content=\"177\"> <img decoding=\"async\" class=\"\" data-attachment-id=\"45074\" data-orig-file=\"http:\/\/www.jojoenherbe.com\/wp-content\/uploads\/2026\/09\/A-laube-des-cerisiers-5-scaled.jpeg\" data-orig-size=\"1920,2560\" data-comments-opened=\"1\" data-image-title=\"A l&amp;rsquo;aube des cerisiers 5\" data-image-description=\"\" data-medium-file=\"https:\/\/i0.wp.com\/www.jojoenherbe.com\/wp-content\/uploads\/2026\/09\/A-laube-des-cerisiers-5-scaled.jpeg?fit=225%2C300\" data-large-file=\"https:\/\/i0.wp.com\/www.jojoenherbe.com\/wp-content\/uploads\/2026\/09\/A-laube-des-cerisiers-5-scaled.jpeg?fit=676%2C901\" src=\"https:\/\/i0.wp.com\/www.jojoenherbe.com\/wp-content\/uploads\/2026\/09\/A-laube-des-cerisiers-5-scaled.jpeg?w=132&#038;h=177\" srcset=\"https:\/\/i0.wp.com\/www.jojoenherbe.com\/wp-content\/uploads\/2026\/09\/A-laube-des-cerisiers-5-scaled.jpeg?w=1920 1920w, https:\/\/i0.wp.com\/www.jojoenherbe.com\/wp-content\/uploads\/2026\/09\/A-laube-des-cerisiers-5-scaled.jpeg?resize=225%2C300 225w, https:\/\/i0.wp.com\/www.jojoenherbe.com\/wp-content\/uploads\/2026\/09\/A-laube-des-cerisiers-5-scaled.jpeg?resize=768%2C1024 768w, https:\/\/i0.wp.com\/www.jojoenherbe.com\/wp-content\/uploads\/2026\/09\/A-laube-des-cerisiers-5-scaled.jpeg?resize=1152%2C1536 1152w, https:\/\/i0.wp.com\/www.jojoenherbe.com\/wp-content\/uploads\/2026\/09\/A-laube-des-cerisiers-5-scaled.jpeg?resize=1536%2C2048 1536w, https:\/\/i0.wp.com\/www.jojoenherbe.com\/wp-content\/uploads\/2026\/09\/A-laube-des-cerisiers-5-scaled.jpeg?resize=676%2C901 676w, https:\/\/i0.wp.com\/www.jojoenherbe.com\/wp-content\/uploads\/2026\/09\/A-laube-des-cerisiers-5-scaled.jpeg?w=1352 1352w\" width=\"132\" height=\"177\" loading=\"lazy\" data-original-width=\"132\" data-original-height=\"177\" itemprop=\"http:\/\/schema.org\/image\" title=\"A l&#039;aube des cerisiers 5\" alt=\"A l&#039;aube des cerisiers 5\" style=\"width: 132px; height: 177px;\" \/> <\/a> <\/div> <\/div> <!-- close group --> <div class=\"gallery-group images-1\" style=\"width: 125px; height: 181px;\" data-original-width=\"125\" data-original-height=\"181\" > <div class=\"tiled-gallery-item tiled-gallery-item-small\" itemprop=\"associatedMedia\" itemscope itemtype=\"http:\/\/schema.org\/ImageObject\"> <a href=\"http:\/\/www.jojoenherbe.com\/index.php\/2026\/09\/02\/au-fil-des-pages-avec-a-laube-des-cerisiers\/a-laube-des-cerisiers-6\/\" border=\"0\" itemprop=\"url\"> <meta itemprop=\"width\" content=\"121\"> <meta itemprop=\"height\" content=\"177\"> <img decoding=\"async\" class=\"\" data-attachment-id=\"45075\" data-orig-file=\"http:\/\/www.jojoenherbe.com\/wp-content\/uploads\/2026\/09\/A-laube-des-cerisiers-6-scaled.jpeg\" data-orig-size=\"1754,2560\" data-comments-opened=\"1\" data-image-title=\"A l&amp;rsquo;aube des cerisiers 6\" data-image-description=\"\" data-medium-file=\"https:\/\/i0.wp.com\/www.jojoenherbe.com\/wp-content\/uploads\/2026\/09\/A-laube-des-cerisiers-6-scaled.jpeg?fit=206%2C300\" data-large-file=\"https:\/\/i0.wp.com\/www.jojoenherbe.com\/wp-content\/uploads\/2026\/09\/A-laube-des-cerisiers-6-scaled.jpeg?fit=676%2C986\" src=\"https:\/\/i0.wp.com\/www.jojoenherbe.com\/wp-content\/uploads\/2026\/09\/A-laube-des-cerisiers-6-scaled.jpeg?w=121&#038;h=177\" srcset=\"https:\/\/i0.wp.com\/www.jojoenherbe.com\/wp-content\/uploads\/2026\/09\/A-laube-des-cerisiers-6-scaled.jpeg?w=1754 1754w, https:\/\/i0.wp.com\/www.jojoenherbe.com\/wp-content\/uploads\/2026\/09\/A-laube-des-cerisiers-6-scaled.jpeg?resize=206%2C300 206w, https:\/\/i0.wp.com\/www.jojoenherbe.com\/wp-content\/uploads\/2026\/09\/A-laube-des-cerisiers-6-scaled.jpeg?resize=702%2C1024 702w, https:\/\/i0.wp.com\/www.jojoenherbe.com\/wp-content\/uploads\/2026\/09\/A-laube-des-cerisiers-6-scaled.jpeg?resize=768%2C1121 768w, https:\/\/i0.wp.com\/www.jojoenherbe.com\/wp-content\/uploads\/2026\/09\/A-laube-des-cerisiers-6-scaled.jpeg?resize=1053%2C1536 1053w, https:\/\/i0.wp.com\/www.jojoenherbe.com\/wp-content\/uploads\/2026\/09\/A-laube-des-cerisiers-6-scaled.jpeg?resize=1403%2C2048 1403w, https:\/\/i0.wp.com\/www.jojoenherbe.com\/wp-content\/uploads\/2026\/09\/A-laube-des-cerisiers-6-scaled.jpeg?resize=676%2C987 676w, https:\/\/i0.wp.com\/www.jojoenherbe.com\/wp-content\/uploads\/2026\/09\/A-laube-des-cerisiers-6-scaled.jpeg?w=1352 1352w\" width=\"121\" height=\"177\" loading=\"lazy\" data-original-width=\"121\" data-original-height=\"177\" itemprop=\"http:\/\/schema.org\/image\" title=\"A l&#039;aube des cerisiers 6\" alt=\"A l&#039;aube des cerisiers 6\" style=\"width: 121px; height: 177px;\" \/> <\/a> <\/div> <\/div> <!-- close group --> <\/div> <!-- close row --> <\/div>\n<p style=\"text-align: justify;\"><em>J&rsquo;ai encore plus appr\u00e9ci\u00e9 ce nouveau tome que les deux pr\u00e9c\u00e9dents, <span style=\"text-decoration: underline;\">Entre neige et loup<\/span> et <a href=\"https:\/\/www.jojoenherbe.com\/index.php\/2023\/10\/04\/au-fil-des-pages-avec-dambre-et-de-feu\/\"><span style=\"text-decoration: underline;\">D\u2019Ambre et de Feu<\/span><\/a>. Que ce soit le graphisme ou le texte, je l&rsquo;ai trouv\u00e9 plus abouti. L&rsquo;\u00e9criture d&rsquo;Agn\u00e8s Domergue est reconnaissable, avec de nombreux ha\u00efkus, qui pars\u00e8ment le r\u00e9cit po\u00e9tique et onirique. Les dessins d&rsquo;H\u00e9l\u00e8ne Canac sont arrondis et color\u00e9s, plein de pep&rsquo;s et de charme, les Moni, des petits \u00eatres bienveillants avec leur humour enfantin et leur touche musicale m&rsquo;ayant tout de suite fait penser aux Moomins de Tove Jansson. Ils apportent une touche de l\u00e9g\u00e8ret\u00e9 dans la qu\u00eate initiatique de Natsu et Taro.\u00a0<\/em><\/p>\n<p style=\"text-align: justify;\"><em>Je me suis laiss\u00e9e porter par le r\u00e9cit jusqu&rsquo;\u00e0 ce que tout fasse sens. On y retrouve une nouvelle fois des th\u00e8mes communs aux pr\u00e9c\u00e9dents tomes avec les r\u00e9f\u00e9rences au folkore japonaise, le fait de grandir&#8230; Il y est aussi question de courage, d&rsquo;amiti\u00e9, d&rsquo;aventures, de famille, d&rsquo;\u00e9quilibre du monde, de pardon&#8230; Un tr\u00e8s bon moment de lecture avec ce conte initiatique non d\u00e9nu\u00e9 d&rsquo;humour dans une ambiance cette fois plus printani\u00e8re (avec de beaux cerisiers en fleurs)!<\/em><\/p>\n<p><em>Pour d&rsquo;autres avis sur ce tome: <a href=\"https:\/\/lelivroblog.fr\/2026\/08\/27\/a-laube-des-cerisiers\/\">Hilde<\/a> tout aussi enthousiaste que moi.<\/em><\/p>\n<div style=\"width: 105px\" class=\"wp-caption alignleft\"><img data-recalc-dims=\"1\" loading=\"lazy\" decoding=\"async\" class=\"image-\" src=\"https:\/\/i0.wp.com\/image.over-blog.com\/2CD7B7PrRr2kMZyY0Tn8MQSjP-o%3D\/filters%3Ano_upscale%28%29\/image%2F0776537%2F20260901%2Fob_c8a182_341140709-114059804971819-394784164820.jpg?resize=95%2C95&#038;ssl=1\" alt=\"\" width=\"95\" height=\"95\" data-amp-height=\"500\" data-amp-width=\"500\" data-data-cke-saved-src=\"https:\/\/image.over-blog.com\/2CD7B7PrRr2kMZyY0Tn8MQSjP-o=\/filters:no_upscale()\/image%2F0776537%2F20260901%2Fob_c8a182_341140709-114059804971819-394784164820.jpg\" \/><p class=\"wp-caption-text\">La BD de la semaine chez <a href=\"https:\/\/vivrelivre19.over-blog.com\/2026\/09\/gemma-bovery.posy-simmonds-2000-bd.html\">Blandine<\/a> pour cette semaine<\/p><\/div>\n<div id=\"attachment_41090\" style=\"width: 100px\" class=\"wp-caption alignleft\"><img data-recalc-dims=\"1\" loading=\"lazy\" decoding=\"async\" aria-describedby=\"caption-attachment-41090\" data-attachment-id=\"41090\" data-permalink=\"http:\/\/www.jojoenherbe.com\/index.php\/2025\/10\/29\/au-fil-des-pages-avec-le-tome-1-de-poltron-minet\/challenge-litterature-jeunesse-2025-2026-logo-2\/\" data-orig-file=\"https:\/\/i0.wp.com\/www.jojoenherbe.com\/wp-content\/uploads\/2025\/10\/Challenge-Litterature-jeunesse-2025-2026-logo-2.jpg?fit=592%2C599\" data-orig-size=\"592,599\" data-comments-opened=\"1\" data-image-title=\"Challenge Litt\u00e9rature jeunesse 2025-2026 &amp;#8211; logo 2\" data-image-description=\"\" data-image-caption=\"\" data-large-file=\"https:\/\/i0.wp.com\/www.jojoenherbe.com\/wp-content\/uploads\/2025\/10\/Challenge-Litterature-jeunesse-2025-2026-logo-2.jpg?fit=592%2C599\" class=\"wp-image-41090\" src=\"https:\/\/i0.wp.com\/www.jojoenherbe.com\/wp-content\/uploads\/2025\/10\/Challenge-Litterature-jeunesse-2025-2026-logo-2.jpg?resize=90%2C91\" alt=\"\" width=\"90\" height=\"91\" srcset=\"https:\/\/i0.wp.com\/www.jojoenherbe.com\/wp-content\/uploads\/2025\/10\/Challenge-Litterature-jeunesse-2025-2026-logo-2.jpg?w=592 592w, https:\/\/i0.wp.com\/www.jojoenherbe.com\/wp-content\/uploads\/2025\/10\/Challenge-Litterature-jeunesse-2025-2026-logo-2.jpg?resize=296%2C300 296w, https:\/\/i0.wp.com\/www.jojoenherbe.com\/wp-content\/uploads\/2025\/10\/Challenge-Litterature-jeunesse-2025-2026-logo-2.jpg?resize=150%2C150 150w\" sizes=\"auto, (max-width: 90px) 100vw, 90px\" \/><p id=\"caption-attachment-41090\" class=\"wp-caption-text\">Participation #38 Challenge Litt\u00e9rature jeunesse 2025-2026 de <a href=\"https:\/\/pativore.wordpress.com\/2025\/09\/23\/challenge-litterature-jeunesse-2025-2026\/\">Pativore<\/a> #BD jeunesse<\/p><\/div>\n<div id=\"attachment_43454\" style=\"width: 96px\" class=\"wp-caption alignleft\"><img data-recalc-dims=\"1\" loading=\"lazy\" decoding=\"async\" aria-describedby=\"caption-attachment-43454\" data-attachment-id=\"43454\" data-permalink=\"http:\/\/www.jojoenherbe.com\/index.php\/2026\/03\/30\/billet-de-suivi-un-mois-au-japon-2026\/un-mois-au-japon-2026-logo-2\/\" data-orig-file=\"https:\/\/i0.wp.com\/www.jojoenherbe.com\/wp-content\/uploads\/2026\/03\/Un-Mois-au-Japon-2026-logo-2.jpg?fit=1080%2C1080\" data-orig-size=\"1080,1080\" data-comments-opened=\"1\" data-image-title=\"Un Mois au Japon 2026 &amp;#8211; logo 2\" data-image-description=\"\" data-image-caption=\"\" data-large-file=\"https:\/\/i0.wp.com\/www.jojoenherbe.com\/wp-content\/uploads\/2026\/03\/Un-Mois-au-Japon-2026-logo-2.jpg?fit=676%2C676\" class=\"wp-image-43454\" src=\"https:\/\/i0.wp.com\/www.jojoenherbe.com\/wp-content\/uploads\/2026\/03\/Un-Mois-au-Japon-2026-logo-2.jpg?resize=86%2C86\" alt=\"\" width=\"86\" height=\"86\" srcset=\"https:\/\/i0.wp.com\/www.jojoenherbe.com\/wp-content\/uploads\/2026\/03\/Un-Mois-au-Japon-2026-logo-2.jpg?w=1080 1080w, https:\/\/i0.wp.com\/www.jojoenherbe.com\/wp-content\/uploads\/2026\/03\/Un-Mois-au-Japon-2026-logo-2.jpg?resize=300%2C300 300w, https:\/\/i0.wp.com\/www.jojoenherbe.com\/wp-content\/uploads\/2026\/03\/Un-Mois-au-Japon-2026-logo-2.jpg?resize=1024%2C1024 1024w, https:\/\/i0.wp.com\/www.jojoenherbe.com\/wp-content\/uploads\/2026\/03\/Un-Mois-au-Japon-2026-logo-2.jpg?resize=150%2C150 150w, https:\/\/i0.wp.com\/www.jojoenherbe.com\/wp-content\/uploads\/2026\/03\/Un-Mois-au-Japon-2026-logo-2.jpg?resize=768%2C768 768w, https:\/\/i0.wp.com\/www.jojoenherbe.com\/wp-content\/uploads\/2026\/03\/Un-Mois-au-Japon-2026-logo-2.jpg?resize=676%2C676 676w\" sizes=\"auto, (max-width: 86px) 100vw, 86px\" \/><p id=\"caption-attachment-43454\" class=\"wp-caption-text\">Participation #13 Un Mois au Japon 2026 de Lou et Hilde #BD jeunesse<\/p><\/div>\n<div id=\"attachment_42095\" style=\"width: 99px\" class=\"wp-caption alignleft\"><img data-recalc-dims=\"1\" loading=\"lazy\" decoding=\"async\" aria-describedby=\"caption-attachment-42095\" data-attachment-id=\"42095\" data-permalink=\"http:\/\/www.jojoenherbe.com\/index.php\/2026\/01\/02\/au-fil-des-pages-avec-le-tome-2-de-lady-sherlock\/challenge-petit-bac-2026-logo\/\" data-orig-file=\"https:\/\/i0.wp.com\/www.jojoenherbe.com\/wp-content\/uploads\/2026\/01\/Challenge-Petit-Bac-2026-logo.jpg?fit=285%2C217\" data-orig-size=\"285,217\" data-comments-opened=\"1\" data-image-title=\"Challenge Petit Bac 2026 &amp;#8211; logo\" data-image-description=\"\" data-image-caption=\"\" data-large-file=\"https:\/\/i0.wp.com\/www.jojoenherbe.com\/wp-content\/uploads\/2026\/01\/Challenge-Petit-Bac-2026-logo.jpg?fit=285%2C217\" class=\"wp-image-42095\" src=\"https:\/\/i0.wp.com\/www.jojoenherbe.com\/wp-content\/uploads\/2026\/01\/Challenge-Petit-Bac-2026-logo.jpg?resize=89%2C68\" alt=\"\" width=\"89\" height=\"68\" \/><p id=\"caption-attachment-42095\" class=\"wp-caption-text\">Challenge Petit Bac 2026 d\u2019<a href=\"https:\/\/ennalit.wordpress.com\/2025\/12\/01\/challenge-petit-bac-2026-qui-veut-jouer\/\">Enna<\/a> #5 Cat\u00e9gorie Passage du temps: \u00ab Aube \u00bb<\/p><\/div>\n","protected":false},"excerpt":{"rendered":"<p>Pour la rentr\u00e9e de la BD de la Semaine, j&rsquo;ai lu, aussit\u00f4t achet\u00e9, \u00c0 l&rsquo;aube des cerisiers d&rsquo;Agn\u00e8s Domergue et H\u00e9l\u00e8ne Canac (\u00e9d. Jungle, 27 ao\u00fbt 2026, 100 pages), une BD jeunesse \u00e0 partir de 9 ans et dans laquelle on retrouve la petite fille qui a bien grandi d&rsquo;Entre neige et loup, Lila. Natsu, [&hellip;]<\/p>\n","protected":false},"author":1,"featured_media":45067,"comment_status":"open","ping_status":"open","sticky":false,"template":"","format":"standard","meta":{"_jetpack_newsletter_access":"","_jetpack_dont_email_post_to_subs":false,"_jetpack_newsletter_tier_id":0,"_jetpack_memberships_contains_paywalled_content":false,"_jetpack_feature_clip_id":0,"_jetpack_memberships_contains_paid_content":false,"footnotes":"","jetpack_post_was_ever_published":false},"categories":[363],"tags":[852,1222,386,601,596,4520,1226,2150,4827,4806,2403,2064,245,1212,901,459,4766,1656,2236,2238,1571,632,543,3748,3477,1543,4830],"class_list":["post-45065","post","type-post","status-publish","format-standard","has-post-thumbnail","hentry","category-mini-lecteur","tag-9-12-ans","tag-agnes-domergue","tag-amitie","tag-aventure","tag-bandes-dessinees","tag-bd-de-la-semaine","tag-bd-jeunesse","tag-cerisier","tag-challenge-litterature-jeunesse-2026","tag-challenge-petit-bac-2026","tag-conte","tag-conte-initiatique","tag-contes","tag-contes-contemporains","tag-courage","tag-famille","tag-folklore-japonais","tag-grandir","tag-haiku","tag-helene-canac","tag-jumeau","tag-musique","tag-nature","tag-pardon","tag-quete-de-soi","tag-quete-initiatique","tag-un-mois-au-japon-2026","post-preview"],"jetpack_sharing_enabled":true,"jetpack_shortlink":"https:\/\/wp.me\/p9zhGx-bIR","jetpack_likes_enabled":true,"jetpack-related-posts":[{"id":32394,"url":"http:\/\/www.jojoenherbe.com\/index.php\/2023\/10\/04\/au-fil-des-pages-avec-dambre-et-de-feu\/","url_meta":{"origin":45065,"position":0},"title":"Au fil des pages avec D&rsquo;Ambre et de Feu","author":"Jojo","date":"4 octobre 2023","format":false,"excerpt":"Achet\u00e9 l'ann\u00e9e derni\u00e8re peu apr\u00e8s sa parution et ayant bien appr\u00e9ci\u00e9 Entre Neige et Loup, j'avais gard\u00e9 pour cet automne la lecture D\u2019Ambre et de Feu d\u2019Agn\u00e8s Domergue et H\u00e9l\u00e8ne Canac (\u00e9d. Jungle, septembre 2022, 93 pages), une BD jeunesse \u00e0 partir de 9 ans et une lecture commune avec\u2026","rel":"","context":"Dans &quot;Mini lecteur&quot;","block_context":{"text":"Mini lecteur","link":"http:\/\/www.jojoenherbe.com\/index.php\/category\/mini-lecteur\/"},"img":{"alt_text":"","src":"https:\/\/i0.wp.com\/www.jojoenherbe.com\/wp-content\/uploads\/2023\/09\/DAmbre-et-de-Feu-scaled.jpg?fit=1200%2C931&resize=350%2C200","width":350,"height":200,"srcset":"https:\/\/i0.wp.com\/www.jojoenherbe.com\/wp-content\/uploads\/2023\/09\/DAmbre-et-de-Feu-scaled.jpg?fit=1200%2C931&resize=350%2C200 1x, https:\/\/i0.wp.com\/www.jojoenherbe.com\/wp-content\/uploads\/2023\/09\/DAmbre-et-de-Feu-scaled.jpg?fit=1200%2C931&resize=525%2C300 1.5x, https:\/\/i0.wp.com\/www.jojoenherbe.com\/wp-content\/uploads\/2023\/09\/DAmbre-et-de-Feu-scaled.jpg?fit=1200%2C931&resize=700%2C400 2x, https:\/\/i0.wp.com\/www.jojoenherbe.com\/wp-content\/uploads\/2023\/09\/DAmbre-et-de-Feu-scaled.jpg?fit=1200%2C931&resize=1050%2C600 3x"},"classes":[]},{"id":16016,"url":"http:\/\/www.jojoenherbe.com\/index.php\/2021\/04\/23\/au-fil-des-pages-avec-entre-neige-et-loup\/","url_meta":{"origin":45065,"position":1},"title":"Au fil des pages avec Entre neige et loup","author":"Jojo","date":"23 avril 2021","format":false,"excerpt":"D\u00e9j\u00e0 en janvier 2020 puis encore cette ann\u00e9e, en f\u00e9vrier, j'ai lu Entre Neige et Loup d'Agn\u00e8s Domergue et H\u00e9l\u00e8ne Canac (\u00e9d. Jungle, 2019), une BD jeunesse \u00e0 partir de 7 ans. Je ne prends qu'aujourd'hui le temps d'en parler dans un billet, tout en ayant pris plaisir \u00e0 le\u2026","rel":"","context":"Dans &quot;Mini lecteur&quot;","block_context":{"text":"Mini lecteur","link":"http:\/\/www.jojoenherbe.com\/index.php\/category\/mini-lecteur\/"},"img":{"alt_text":"","src":"https:\/\/i0.wp.com\/www.jojoenherbe.com\/wp-content\/uploads\/2021\/01\/Entre-neige-et-loup-scaled.jpg?fit=1200%2C881&resize=350%2C200","width":350,"height":200,"srcset":"https:\/\/i0.wp.com\/www.jojoenherbe.com\/wp-content\/uploads\/2021\/01\/Entre-neige-et-loup-scaled.jpg?fit=1200%2C881&resize=350%2C200 1x, https:\/\/i0.wp.com\/www.jojoenherbe.com\/wp-content\/uploads\/2021\/01\/Entre-neige-et-loup-scaled.jpg?fit=1200%2C881&resize=525%2C300 1.5x, https:\/\/i0.wp.com\/www.jojoenherbe.com\/wp-content\/uploads\/2021\/01\/Entre-neige-et-loup-scaled.jpg?fit=1200%2C881&resize=700%2C400 2x, https:\/\/i0.wp.com\/www.jojoenherbe.com\/wp-content\/uploads\/2021\/01\/Entre-neige-et-loup-scaled.jpg?fit=1200%2C881&resize=1050%2C600 3x"},"classes":[]},{"id":17731,"url":"http:\/\/www.jojoenherbe.com\/index.php\/2021\/04\/23\/nos-lectures-en-haikus\/","url_meta":{"origin":45065,"position":2},"title":"Nos lectures en ha\u00efkus","author":"Jojo","date":"23 avril 2021","format":false,"excerpt":"Pour cette nouvelle journ\u00e9e du Mois au Japon 2021, j'avais envie de m'arr\u00eater sur la po\u00e9sie japonaise et les ha\u00efkus. En premi\u00e8re photo d'illustrations, j'en ai choisi sur le th\u00e8me printanier, avec bien s\u00fbr, les cerisiers en fleurs puisque nous sommes au printemps. J\u2019\u00e9cris des ha\u00efkus Pour en savoir plus\u2026","rel":"","context":"Dans &quot;Mini lecteur&quot;","block_context":{"text":"Mini lecteur","link":"http:\/\/www.jojoenherbe.com\/index.php\/category\/mini-lecteur\/"},"img":{"alt_text":"","src":"https:\/\/i0.wp.com\/www.jojoenherbe.com\/wp-content\/uploads\/2021\/04\/Nos-lectures-en-haikus-scaled.jpg?fit=1200%2C900&resize=350%2C200","width":350,"height":200,"srcset":"https:\/\/i0.wp.com\/www.jojoenherbe.com\/wp-content\/uploads\/2021\/04\/Nos-lectures-en-haikus-scaled.jpg?fit=1200%2C900&resize=350%2C200 1x, https:\/\/i0.wp.com\/www.jojoenherbe.com\/wp-content\/uploads\/2021\/04\/Nos-lectures-en-haikus-scaled.jpg?fit=1200%2C900&resize=525%2C300 1.5x, https:\/\/i0.wp.com\/www.jojoenherbe.com\/wp-content\/uploads\/2021\/04\/Nos-lectures-en-haikus-scaled.jpg?fit=1200%2C900&resize=700%2C400 2x, https:\/\/i0.wp.com\/www.jojoenherbe.com\/wp-content\/uploads\/2021\/04\/Nos-lectures-en-haikus-scaled.jpg?fit=1200%2C900&resize=1050%2C600 3x"},"classes":[]},{"id":15181,"url":"http:\/\/www.jojoenherbe.com\/index.php\/2021\/01\/18\/au-fil-des-pages-avec-la-reine-des-neiges\/","url_meta":{"origin":45065,"position":3},"title":"Au fil des pages avec La reine des neiges","author":"Jojo","date":"18 janvier 2021","format":false,"excerpt":"Nous empruntons \u00e0 la m\u00e9diath\u00e8que La reine des neiges de Chlo\u00e9 Chauveau et Carine Hinder, d'apr\u00e8s le conte d'Hans Christian Andersen (\u00e9d. Lito, 2016), un album jeunesse \u00e0 partir de 4 ans. Deux jeunes enfants, Gerda et Kay sont voisins et ins\u00e9parables. Mais un jour, Kay devient de plus en\u2026","rel":"","context":"Dans &quot;Mini lecteur&quot;","block_context":{"text":"Mini lecteur","link":"http:\/\/www.jojoenherbe.com\/index.php\/category\/mini-lecteur\/"},"img":{"alt_text":"","src":"https:\/\/i0.wp.com\/www.jojoenherbe.com\/wp-content\/uploads\/2021\/01\/La-reine-des-neiges-scaled.jpg?fit=1200%2C900&resize=350%2C200","width":350,"height":200,"srcset":"https:\/\/i0.wp.com\/www.jojoenherbe.com\/wp-content\/uploads\/2021\/01\/La-reine-des-neiges-scaled.jpg?fit=1200%2C900&resize=350%2C200 1x, https:\/\/i0.wp.com\/www.jojoenherbe.com\/wp-content\/uploads\/2021\/01\/La-reine-des-neiges-scaled.jpg?fit=1200%2C900&resize=525%2C300 1.5x, https:\/\/i0.wp.com\/www.jojoenherbe.com\/wp-content\/uploads\/2021\/01\/La-reine-des-neiges-scaled.jpg?fit=1200%2C900&resize=700%2C400 2x, https:\/\/i0.wp.com\/www.jojoenherbe.com\/wp-content\/uploads\/2021\/01\/La-reine-des-neiges-scaled.jpg?fit=1200%2C900&resize=1050%2C600 3x"},"classes":[]},{"id":15380,"url":"http:\/\/www.jojoenherbe.com\/index.php\/2021\/01\/26\/au-fil-des-pages-avec-le-paradis-doneuli\/","url_meta":{"origin":45065,"position":4},"title":"Au fil des pages avec Le Paradis d&rsquo;Oneuli","author":"Jojo","date":"26 janvier 2021","format":false,"excerpt":"Cherchant un tout autre conte \u00e0 la m\u00e9diath\u00e8que, j'ai \u00e9t\u00e9 attir\u00e9e par la couverture de ce conte traditionnel cor\u00e9en, Le Paradis d'Oneuli de Cho Ho-sang et Kim Dong-seong (\u00e9d. Chan-Ok, coll. Perles du ciel\", 2007), un album jeunesse \u00e0 partir de 3 ans. Une jeune orpheline, pr\u00e9nomm\u00e9e Oneuli (qui signifie\u2026","rel":"","context":"Dans &quot;Mini lecteur&quot;","block_context":{"text":"Mini lecteur","link":"http:\/\/www.jojoenherbe.com\/index.php\/category\/mini-lecteur\/"},"img":{"alt_text":"","src":"https:\/\/i0.wp.com\/www.jojoenherbe.com\/wp-content\/uploads\/2021\/01\/Le-Paradis-dOneuli-scaled.jpg?fit=1200%2C900&resize=350%2C200","width":350,"height":200,"srcset":"https:\/\/i0.wp.com\/www.jojoenherbe.com\/wp-content\/uploads\/2021\/01\/Le-Paradis-dOneuli-scaled.jpg?fit=1200%2C900&resize=350%2C200 1x, https:\/\/i0.wp.com\/www.jojoenherbe.com\/wp-content\/uploads\/2021\/01\/Le-Paradis-dOneuli-scaled.jpg?fit=1200%2C900&resize=525%2C300 1.5x, https:\/\/i0.wp.com\/www.jojoenherbe.com\/wp-content\/uploads\/2021\/01\/Le-Paradis-dOneuli-scaled.jpg?fit=1200%2C900&resize=700%2C400 2x, https:\/\/i0.wp.com\/www.jojoenherbe.com\/wp-content\/uploads\/2021\/01\/Le-Paradis-dOneuli-scaled.jpg?fit=1200%2C900&resize=1050%2C600 3x"},"classes":[]},{"id":11512,"url":"http:\/\/www.jojoenherbe.com\/index.php\/2020\/07\/10\/au-fil-des-pages-avec-lhomme-montagne\/","url_meta":{"origin":45065,"position":5},"title":"Au fil des pages avec L&rsquo;homme montagne","author":"Jojo","date":"10 juillet 2020","format":false,"excerpt":"J'emprunte \u00e0 la m\u00e9diath\u00e8que L'homme montagne\u00a0 de S\u00e9verine Gauthier et Am\u00e9lie Fl\u00e9chais (\u00e9d. Delcourt Jeunesse, 2015), une BD jeunesse \u00e0 partir de 6 ans. Grand-p\u00e8re se pr\u00e9pare pour son dernier voyage, ne pouvant plus avancer sous le poids des montagnes qui ont pouss\u00e9 sur son dos sa vie durant. Son\u2026","rel":"","context":"Dans &quot;Mini lecteur&quot;","block_context":{"text":"Mini lecteur","link":"http:\/\/www.jojoenherbe.com\/index.php\/category\/mini-lecteur\/"},"img":{"alt_text":"","src":"https:\/\/i0.wp.com\/www.jojoenherbe.com\/wp-content\/uploads\/2020\/07\/Lhomme-montagne-scaled.jpg?fit=1200%2C900&resize=350%2C200","width":350,"height":200,"srcset":"https:\/\/i0.wp.com\/www.jojoenherbe.com\/wp-content\/uploads\/2020\/07\/Lhomme-montagne-scaled.jpg?fit=1200%2C900&resize=350%2C200 1x, https:\/\/i0.wp.com\/www.jojoenherbe.com\/wp-content\/uploads\/2020\/07\/Lhomme-montagne-scaled.jpg?fit=1200%2C900&resize=525%2C300 1.5x, https:\/\/i0.wp.com\/www.jojoenherbe.com\/wp-content\/uploads\/2020\/07\/Lhomme-montagne-scaled.jpg?fit=1200%2C900&resize=700%2C400 2x, https:\/\/i0.wp.com\/www.jojoenherbe.com\/wp-content\/uploads\/2020\/07\/Lhomme-montagne-scaled.jpg?fit=1200%2C900&resize=1050%2C600 3x"},"classes":[]}],"jetpack_featured_media_url":"https:\/\/i0.wp.com\/www.jojoenherbe.com\/wp-content\/uploads\/2026\/09\/A-laube-des-cerisiers-scaled.jpeg?fit=2560%2C2161","_links":{"self":[{"href":"http:\/\/www.jojoenherbe.com\/index.php\/wp-json\/wp\/v2\/posts\/45065","targetHints":{"allow":["GET"]}}],"collection":[{"href":"http:\/\/www.jojoenherbe.com\/index.php\/wp-json\/wp\/v2\/posts"}],"about":[{"href":"http:\/\/www.jojoenherbe.com\/index.php\/wp-json\/wp\/v2\/types\/post"}],"author":[{"embeddable":true,"href":"http:\/\/www.jojoenherbe.com\/index.php\/wp-json\/wp\/v2\/users\/1"}],"replies":[{"embeddable":true,"href":"http:\/\/www.jojoenherbe.com\/index.php\/wp-json\/wp\/v2\/comments?post=45065"}],"version-history":[{"count":1,"href":"http:\/\/www.jojoenherbe.com\/index.php\/wp-json\/wp\/v2\/posts\/45065\/revisions"}],"predecessor-version":[{"id":45081,"href":"http:\/\/www.jojoenherbe.com\/index.php\/wp-json\/wp\/v2\/posts\/45065\/revisions\/45081"}],"wp:featuredmedia":[{"embeddable":true,"href":"http:\/\/www.jojoenherbe.com\/index.php\/wp-json\/wp\/v2\/media\/45067"}],"wp:attachment":[{"href":"http:\/\/www.jojoenherbe.com\/index.php\/wp-json\/wp\/v2\/media?parent=45065"}],"wp:term":[{"taxonomy":"category","embeddable":true,"href":"http:\/\/www.jojoenherbe.com\/index.php\/wp-json\/wp\/v2\/categories?post=45065"},{"taxonomy":"post_tag","embeddable":true,"href":"http:\/\/www.jojoenherbe.com\/index.php\/wp-json\/wp\/v2\/tags?post=45065"}],"curies":[{"name":"wp","href":"https:\/\/api.w.org\/{rel}","templated":true}]}}