{"id":4422,"date":"2019-01-28T12:30:03","date_gmt":"2019-01-28T11:30:03","guid":{"rendered":"http:\/\/www.jojoenherbe.com\/?p=4422"},"modified":"2021-10-30T21:08:15","modified_gmt":"2021-10-30T19:08:15","slug":"un-apres-midi-au-parc-de-vaugrenier","status":"publish","type":"post","link":"http:\/\/www.jojoenherbe.com\/index.php\/2019\/01\/28\/un-apres-midi-au-parc-de-vaugrenier\/","title":{"rendered":"Un apr\u00e8s-midi au parc de Vaugrenier"},"content":{"rendered":"<div id=\"attachment_4425\" style=\"width: 160px\" class=\"wp-caption alignleft\"><a href=\"https:\/\/i0.wp.com\/www.jojoenherbe.com\/wp-content\/uploads\/2019\/01\/%C3%A9tang-de-Vaugrenier-3.jpg\"><img data-recalc-dims=\"1\" loading=\"lazy\" decoding=\"async\" aria-describedby=\"caption-attachment-4425\" data-attachment-id=\"4425\" data-permalink=\"http:\/\/www.jojoenherbe.com\/index.php\/2019\/01\/28\/un-apres-midi-au-parc-de-vaugrenier\/etang-de-vaugrenier-3\/\" data-orig-file=\"https:\/\/i0.wp.com\/www.jojoenherbe.com\/wp-content\/uploads\/2019\/01\/%C3%A9tang-de-Vaugrenier-3.jpg?fit=5184%2C3888\" data-orig-size=\"5184,3888\" data-comments-opened=\"1\" data-image-meta=\"{&quot;aperture&quot;:&quot;3.5&quot;,&quot;credit&quot;:&quot;&quot;,&quot;camera&quot;:&quot;DSC-HX400V&quot;,&quot;caption&quot;:&quot;&quot;,&quot;created_timestamp&quot;:&quot;1548600532&quot;,&quot;copyright&quot;:&quot;&quot;,&quot;focal_length&quot;:&quot;12.58&quot;,&quot;iso&quot;:&quot;80&quot;,&quot;shutter_speed&quot;:&quot;0.00625&quot;,&quot;title&quot;:&quot;&quot;,&quot;orientation&quot;:&quot;1&quot;}\" data-image-title=\"\u00e9tang de Vaugrenier 3\" data-image-description=\"\" data-image-caption=\"\" data-large-file=\"https:\/\/i0.wp.com\/www.jojoenherbe.com\/wp-content\/uploads\/2019\/01\/%C3%A9tang-de-Vaugrenier-3.jpg?fit=676%2C507\" class=\"wp-image-4425 size-thumbnail\" src=\"https:\/\/i0.wp.com\/www.jojoenherbe.com\/wp-content\/uploads\/2019\/01\/%C3%A9tang-de-Vaugrenier-3.jpg?resize=150%2C150\" alt=\"\" width=\"150\" height=\"150\" srcset=\"https:\/\/i0.wp.com\/www.jojoenherbe.com\/wp-content\/uploads\/2019\/01\/%C3%A9tang-de-Vaugrenier-3.jpg?resize=150%2C150 150w, https:\/\/i0.wp.com\/www.jojoenherbe.com\/wp-content\/uploads\/2019\/01\/%C3%A9tang-de-Vaugrenier-3.jpg?zoom=2&amp;resize=150%2C150 300w, https:\/\/i0.wp.com\/www.jojoenherbe.com\/wp-content\/uploads\/2019\/01\/%C3%A9tang-de-Vaugrenier-3.jpg?zoom=3&amp;resize=150%2C150 450w\" sizes=\"auto, (max-width: 150px) 100vw, 150px\" \/><\/a><p id=\"caption-attachment-4425\" class=\"wp-caption-text\">Cygne tubercul\u00e9<\/p><\/div>\n<div id=\"attachment_4428\" style=\"width: 160px\" class=\"wp-caption alignleft\"><a href=\"https:\/\/i0.wp.com\/www.jojoenherbe.com\/wp-content\/uploads\/2019\/01\/%C3%A9tang-de-Vaugrenier.jpg\"><img data-recalc-dims=\"1\" loading=\"lazy\" decoding=\"async\" aria-describedby=\"caption-attachment-4428\" data-attachment-id=\"4428\" data-permalink=\"http:\/\/www.jojoenherbe.com\/index.php\/2019\/01\/28\/un-apres-midi-au-parc-de-vaugrenier\/etang-de-vaugrenier\/\" data-orig-file=\"https:\/\/i0.wp.com\/www.jojoenherbe.com\/wp-content\/uploads\/2019\/01\/%C3%A9tang-de-Vaugrenier.jpg?fit=5174%2C2730\" data-orig-size=\"5174,2730\" data-comments-opened=\"1\" data-image-meta=\"{&quot;aperture&quot;:&quot;4.5&quot;,&quot;credit&quot;:&quot;&quot;,&quot;camera&quot;:&quot;DSC-HX400V&quot;,&quot;caption&quot;:&quot;&quot;,&quot;created_timestamp&quot;:&quot;1548600001&quot;,&quot;copyright&quot;:&quot;&quot;,&quot;focal_length&quot;:&quot;32.01&quot;,&quot;iso&quot;:&quot;80&quot;,&quot;shutter_speed&quot;:&quot;0.003125&quot;,&quot;title&quot;:&quot;&quot;,&quot;orientation&quot;:&quot;1&quot;}\" data-image-title=\"\u00e9tang de Vaugrenier\" data-image-description=\"\" data-image-caption=\"\" data-large-file=\"https:\/\/i0.wp.com\/www.jojoenherbe.com\/wp-content\/uploads\/2019\/01\/%C3%A9tang-de-Vaugrenier.jpg?fit=676%2C356\" class=\"wp-image-4428 size-thumbnail\" src=\"https:\/\/i0.wp.com\/www.jojoenherbe.com\/wp-content\/uploads\/2019\/01\/%C3%A9tang-de-Vaugrenier.jpg?resize=150%2C150\" alt=\"\" width=\"150\" height=\"150\" srcset=\"https:\/\/i0.wp.com\/www.jojoenherbe.com\/wp-content\/uploads\/2019\/01\/%C3%A9tang-de-Vaugrenier.jpg?resize=150%2C150 150w, https:\/\/i0.wp.com\/www.jojoenherbe.com\/wp-content\/uploads\/2019\/01\/%C3%A9tang-de-Vaugrenier.jpg?zoom=2&amp;resize=150%2C150 300w, https:\/\/i0.wp.com\/www.jojoenherbe.com\/wp-content\/uploads\/2019\/01\/%C3%A9tang-de-Vaugrenier.jpg?zoom=3&amp;resize=150%2C150 450w\" sizes=\"auto, (max-width: 150px) 100vw, 150px\" \/><\/a><p id=\"caption-attachment-4428\" class=\"wp-caption-text\">Mouettes rieuses<\/p><\/div>\n<p style=\"text-align: justify;\"><em> Ce 27 janvier 2019, nous passons l&rsquo;apr\u00e8s-midi au parc d\u00e9partemental de Vaugrenier. Apr\u00e8s avoir vu un rouge-gorge, nous nous arr\u00eatons un moment \u00e0 l&rsquo;un des deux observatoires ornithologiques install\u00e9s autour de l&rsquo;\u00e9tang. A peine arriv\u00e9s, nous voyons s&rsquo;envoler un h\u00e9ron cendr\u00e9 qui se repose aussit\u00f4t dans les roseaux. Il restera ainsi hors de notre vue. Il y a \u00e9galement des canards Colvert, des foulques macroules et une vingtaine de mouettes rieuses. Nous repartons sur le sentier et observons alors deux cygnes tubercul\u00e9s. Cet apr\u00e8s-midi va tr\u00e8s bien avec ce week-end de comptage national des oiseaux des jardins!<br \/>\n<\/em><\/p>\n<div id=\"attachment_4431\" style=\"width: 160px\" class=\"wp-caption alignright\"><a href=\"https:\/\/i0.wp.com\/www.jojoenherbe.com\/wp-content\/uploads\/2019\/01\/Rougegorge-Vaugrenier.jpg\"><img data-recalc-dims=\"1\" loading=\"lazy\" decoding=\"async\" aria-describedby=\"caption-attachment-4431\" data-attachment-id=\"4431\" data-permalink=\"http:\/\/www.jojoenherbe.com\/index.php\/2019\/01\/28\/un-apres-midi-au-parc-de-vaugrenier\/rougegorge-vaugrenier\/\" data-orig-file=\"https:\/\/i0.wp.com\/www.jojoenherbe.com\/wp-content\/uploads\/2019\/01\/Rougegorge-Vaugrenier.jpg?fit=5184%2C3888\" data-orig-size=\"5184,3888\" data-comments-opened=\"1\" data-image-meta=\"{&quot;aperture&quot;:&quot;6.3&quot;,&quot;credit&quot;:&quot;&quot;,&quot;camera&quot;:&quot;DSC-HX400V&quot;,&quot;caption&quot;:&quot;&quot;,&quot;created_timestamp&quot;:&quot;1540052876&quot;,&quot;copyright&quot;:&quot;&quot;,&quot;focal_length&quot;:&quot;215&quot;,&quot;iso&quot;:&quot;800&quot;,&quot;shutter_speed&quot;:&quot;0.0125&quot;,&quot;title&quot;:&quot;&quot;,&quot;orientation&quot;:&quot;1&quot;}\" data-image-title=\"Rougegorge &amp;#8211; Vaugrenier\" data-image-description=\"\" data-image-caption=\"\" data-large-file=\"https:\/\/i0.wp.com\/www.jojoenherbe.com\/wp-content\/uploads\/2019\/01\/Rougegorge-Vaugrenier.jpg?fit=676%2C507\" class=\"wp-image-4431 size-thumbnail\" src=\"https:\/\/i0.wp.com\/www.jojoenherbe.com\/wp-content\/uploads\/2019\/01\/Rougegorge-Vaugrenier.jpg?resize=150%2C150\" alt=\"\" width=\"150\" height=\"150\" srcset=\"https:\/\/i0.wp.com\/www.jojoenherbe.com\/wp-content\/uploads\/2019\/01\/Rougegorge-Vaugrenier.jpg?resize=150%2C150 150w, https:\/\/i0.wp.com\/www.jojoenherbe.com\/wp-content\/uploads\/2019\/01\/Rougegorge-Vaugrenier.jpg?zoom=2&amp;resize=150%2C150 300w, https:\/\/i0.wp.com\/www.jojoenherbe.com\/wp-content\/uploads\/2019\/01\/Rougegorge-Vaugrenier.jpg?zoom=3&amp;resize=150%2C150 450w\" sizes=\"auto, (max-width: 150px) 100vw, 150px\" \/><\/a><p id=\"caption-attachment-4431\" class=\"wp-caption-text\">Rouge-gorge<\/p><\/div>\n<div id=\"attachment_4429\" style=\"width: 160px\" class=\"wp-caption alignright\"><a href=\"https:\/\/i0.wp.com\/www.jojoenherbe.com\/wp-content\/uploads\/2019\/01\/Grands-cormorans-Vaugrenier.jpg\"><img data-recalc-dims=\"1\" loading=\"lazy\" decoding=\"async\" aria-describedby=\"caption-attachment-4429\" data-attachment-id=\"4429\" data-permalink=\"http:\/\/www.jojoenherbe.com\/index.php\/2019\/01\/28\/un-apres-midi-au-parc-de-vaugrenier\/grands-cormorans-vaugrenier\/\" data-orig-file=\"https:\/\/i0.wp.com\/www.jojoenherbe.com\/wp-content\/uploads\/2019\/01\/Grands-cormorans-Vaugrenier.jpg?fit=2322%2C3017\" data-orig-size=\"2322,3017\" data-comments-opened=\"1\" data-image-meta=\"{&quot;aperture&quot;:&quot;5&quot;,&quot;credit&quot;:&quot;&quot;,&quot;camera&quot;:&quot;DSC-HX400V&quot;,&quot;caption&quot;:&quot;&quot;,&quot;created_timestamp&quot;:&quot;1540049449&quot;,&quot;copyright&quot;:&quot;&quot;,&quot;focal_length&quot;:&quot;48.99&quot;,&quot;iso&quot;:&quot;80&quot;,&quot;shutter_speed&quot;:&quot;0.002&quot;,&quot;title&quot;:&quot;&quot;,&quot;orientation&quot;:&quot;1&quot;}\" data-image-title=\"Grands cormorans &amp;#8211; Vaugrenier\" data-image-description=\"\" data-image-caption=\"\" data-large-file=\"https:\/\/i0.wp.com\/www.jojoenherbe.com\/wp-content\/uploads\/2019\/01\/Grands-cormorans-Vaugrenier.jpg?fit=676%2C878\" class=\"wp-image-4429 size-thumbnail\" src=\"https:\/\/i0.wp.com\/www.jojoenherbe.com\/wp-content\/uploads\/2019\/01\/Grands-cormorans-Vaugrenier.jpg?resize=150%2C150\" alt=\"\" width=\"150\" height=\"150\" srcset=\"https:\/\/i0.wp.com\/www.jojoenherbe.com\/wp-content\/uploads\/2019\/01\/Grands-cormorans-Vaugrenier.jpg?resize=150%2C150 150w, https:\/\/i0.wp.com\/www.jojoenherbe.com\/wp-content\/uploads\/2019\/01\/Grands-cormorans-Vaugrenier.jpg?zoom=2&amp;resize=150%2C150 300w, https:\/\/i0.wp.com\/www.jojoenherbe.com\/wp-content\/uploads\/2019\/01\/Grands-cormorans-Vaugrenier.jpg?zoom=3&amp;resize=150%2C150 450w\" sizes=\"auto, (max-width: 150px) 100vw, 150px\" \/><\/a><p id=\"caption-attachment-4429\" class=\"wp-caption-text\">Grands Cormorans<\/p><\/div>\n<p style=\"text-align: justify;\"><em> En retournant \u00e0 notre voiture, nous entendons des perruches \u00e0 collier vertes, deux passant en vol au-dessus de nos t\u00eates. A d&rsquo;autres sorties dans ce parc, nous avions \u00e9galement pu en voir, mais aussi des rouges-gorges et des grands cormorans, comme ce fut le cas le 20 octobre 2018.<\/em><\/p>\n<p style=\"text-align: justify;\"><em><a href=\"https:\/\/i0.wp.com\/www.jojoenherbe.com\/wp-content\/uploads\/2019\/01\/parc-de-Vaugrenier.jpg\"><img data-recalc-dims=\"1\" loading=\"lazy\" decoding=\"async\" data-attachment-id=\"4441\" data-permalink=\"http:\/\/www.jojoenherbe.com\/index.php\/2019\/01\/28\/un-apres-midi-au-parc-de-vaugrenier\/parc-de-vaugrenier\/\" data-orig-file=\"https:\/\/i0.wp.com\/www.jojoenherbe.com\/wp-content\/uploads\/2019\/01\/parc-de-Vaugrenier.jpg?fit=3888%2C5184\" data-orig-size=\"3888,5184\" data-comments-opened=\"1\" data-image-meta=\"{&quot;aperture&quot;:&quot;2.8&quot;,&quot;credit&quot;:&quot;&quot;,&quot;camera&quot;:&quot;DSC-HX400V&quot;,&quot;caption&quot;:&quot;&quot;,&quot;created_timestamp&quot;:&quot;1548600734&quot;,&quot;copyright&quot;:&quot;&quot;,&quot;focal_length&quot;:&quot;4.3&quot;,&quot;iso&quot;:&quot;100&quot;,&quot;shutter_speed&quot;:&quot;0.033333333333333&quot;,&quot;title&quot;:&quot;&quot;,&quot;orientation&quot;:&quot;1&quot;}\" data-image-title=\"parc de Vaugrenier\" data-image-description=\"\" data-image-caption=\"\" data-large-file=\"https:\/\/i0.wp.com\/www.jojoenherbe.com\/wp-content\/uploads\/2019\/01\/parc-de-Vaugrenier.jpg?fit=676%2C901\" class=\"alignleft size-thumbnail wp-image-4441\" src=\"https:\/\/i0.wp.com\/www.jojoenherbe.com\/wp-content\/uploads\/2019\/01\/parc-de-Vaugrenier.jpg?resize=150%2C150\" alt=\"\" width=\"150\" height=\"150\" srcset=\"https:\/\/i0.wp.com\/www.jojoenherbe.com\/wp-content\/uploads\/2019\/01\/parc-de-Vaugrenier.jpg?resize=150%2C150 150w, https:\/\/i0.wp.com\/www.jojoenherbe.com\/wp-content\/uploads\/2019\/01\/parc-de-Vaugrenier.jpg?zoom=2&amp;resize=150%2C150 300w, https:\/\/i0.wp.com\/www.jojoenherbe.com\/wp-content\/uploads\/2019\/01\/parc-de-Vaugrenier.jpg?zoom=3&amp;resize=150%2C150 450w\" sizes=\"auto, (max-width: 150px) 100vw, 150px\" \/><\/a> <a href=\"https:\/\/i0.wp.com\/www.jojoenherbe.com\/wp-content\/uploads\/2019\/01\/%C3%A9tang-de-Vaugrenier-2.jpg\"><img data-recalc-dims=\"1\" loading=\"lazy\" decoding=\"async\" data-attachment-id=\"4424\" data-permalink=\"http:\/\/www.jojoenherbe.com\/index.php\/2019\/01\/28\/un-apres-midi-au-parc-de-vaugrenier\/etang-de-vaugrenier-2\/\" data-orig-file=\"https:\/\/i0.wp.com\/www.jojoenherbe.com\/wp-content\/uploads\/2019\/01\/%C3%A9tang-de-Vaugrenier-2.jpg?fit=5184%2C3888\" data-orig-size=\"5184,3888\" data-comments-opened=\"1\" data-image-meta=\"{&quot;aperture&quot;:&quot;6.3&quot;,&quot;credit&quot;:&quot;&quot;,&quot;camera&quot;:&quot;DSC-HX400V&quot;,&quot;caption&quot;:&quot;&quot;,&quot;created_timestamp&quot;:&quot;1548600108&quot;,&quot;copyright&quot;:&quot;&quot;,&quot;focal_length&quot;:&quot;210.47&quot;,&quot;iso&quot;:&quot;640&quot;,&quot;shutter_speed&quot;:&quot;0.004&quot;,&quot;title&quot;:&quot;&quot;,&quot;orientation&quot;:&quot;1&quot;}\" data-image-title=\"\u00e9tang de Vaugrenier 2\" data-image-description=\"\" data-image-caption=\"\" data-large-file=\"https:\/\/i0.wp.com\/www.jojoenherbe.com\/wp-content\/uploads\/2019\/01\/%C3%A9tang-de-Vaugrenier-2.jpg?fit=676%2C507\" class=\"alignleft size-thumbnail wp-image-4424\" src=\"https:\/\/i0.wp.com\/www.jojoenherbe.com\/wp-content\/uploads\/2019\/01\/%C3%A9tang-de-Vaugrenier-2.jpg?resize=150%2C150\" alt=\"\" width=\"150\" height=\"150\" srcset=\"https:\/\/i0.wp.com\/www.jojoenherbe.com\/wp-content\/uploads\/2019\/01\/%C3%A9tang-de-Vaugrenier-2.jpg?resize=150%2C150 150w, https:\/\/i0.wp.com\/www.jojoenherbe.com\/wp-content\/uploads\/2019\/01\/%C3%A9tang-de-Vaugrenier-2.jpg?zoom=2&amp;resize=150%2C150 300w, https:\/\/i0.wp.com\/www.jojoenherbe.com\/wp-content\/uploads\/2019\/01\/%C3%A9tang-de-Vaugrenier-2.jpg?zoom=3&amp;resize=150%2C150 450w\" sizes=\"auto, (max-width: 150px) 100vw, 150px\" \/><\/a>Il y a \u00e9galement une aire de jeux pour les enfants et aussi un parcours de sant\u00e9. Le parc est suffisamment grand pour varier les plaisirs: pique-niques, jeux de ballon, cabanes en bois, s\u00e9ances de bronzage allong\u00e9s sur des serviettes&#8230; D&rsquo;autres personnes en profitent pour se promener avec leurs chiens et m\u00eame leur chat.<br \/>\n<\/em><\/p>\n<p><iframe loading=\"lazy\" style=\"border: 0;\" src=\"https:\/\/www.google.com\/maps\/embed?pb=!1m18!1m12!1m3!1d2888.1023006527384!2d7.1216354154968355!3d43.62522967912221!2m3!1f0!2f0!3f0!3m2!1i1024!2i768!4f13.1!3m3!1m2!1s0x12cdd4ed401dc03d%3A0x9269a1fb64c10ccd!2sParc+Naturel+D%C3%A9partemental+de+Vaugrenier!5e0!3m2!1sfr!2sfr!4v1548625400523\" width=\"400\" height=\"300\" frameborder=\"0\" allowfullscreen=\"allowfullscreen\"><\/iframe><\/p>\n","protected":false},"excerpt":{"rendered":"<p>Ce 27 janvier 2019, nous passons l&rsquo;apr\u00e8s-midi au parc d\u00e9partemental de Vaugrenier. Apr\u00e8s avoir vu un rouge-gorge, nous nous arr\u00eatons un moment \u00e0 l&rsquo;un des deux observatoires ornithologiques install\u00e9s autour de l&rsquo;\u00e9tang. A peine arriv\u00e9s, nous voyons s&rsquo;envoler un h\u00e9ron cendr\u00e9 qui se repose aussit\u00f4t dans les roseaux. Il restera ainsi hors de notre vue. [&hellip;]<\/p>\n","protected":false},"author":1,"featured_media":4427,"comment_status":"open","ping_status":"open","sticky":false,"template":"","format":"standard","meta":{"jetpack_post_was_ever_published":false,"_jetpack_newsletter_access":"","_jetpack_dont_email_post_to_subs":false,"_jetpack_newsletter_tier_id":0,"_jetpack_memberships_contains_paywalled_content":false,"_jetpack_memberships_contains_paid_content":false,"footnotes":""},"categories":[128,2496],"tags":[20,25,383,126,130,5,37,41],"class_list":["post-4422","post","type-post","status-publish","format-standard","has-post-thumbnail","hentry","category-mini-baladeur","category-mini-ornitho","tag-activites-pour-les-enfants","tag-alpes-maritimes","tag-etang-de-vaugrenier","tag-etangs","tag-ornithologie","tag-paca","tag-parc-naturel-departemental","tag-villeneuve-loubet","post-preview"],"jetpack_featured_media_url":"https:\/\/i0.wp.com\/www.jojoenherbe.com\/wp-content\/uploads\/2019\/01\/%C3%A9tang-de-Vaugrenier-4.jpg?fit=5184%2C3229","jetpack_sharing_enabled":true,"jetpack_shortlink":"https:\/\/wp.me\/p9zhGx-19k","jetpack_likes_enabled":true,"jetpack-related-posts":[{"id":4604,"url":"http:\/\/www.jojoenherbe.com\/index.php\/2019\/02\/16\/petite-pause-aux-observatoires-de-letang-de-vaugrenier\/","url_meta":{"origin":4422,"position":0},"title":"Petite pause aux observatoires de l&rsquo;\u00e9tang de Vaugrenier","author":"Jojo","date":"16 f\u00e9vrier 2019","format":false,"excerpt":"Ce 16 f\u00e9vrier 2019, direction le parc d\u00e9partemental de Vaugrenier et ses observatoires autour de l'\u00e9tang. Il y a un peu plus d'oiseaux \u00e0 observer que la fois pr\u00e9c\u00e9dente. Avant de nous rendre au bord de l'\u00e9tang, nous nous arr\u00eatons pour tenter de voir les rouge-gorges dont nous entendons les\u2026","rel":"","context":"Dans &quot;Mini baladeur&quot;","block_context":{"text":"Mini baladeur","link":"http:\/\/www.jojoenherbe.com\/index.php\/category\/mini-crapahuteur\/mini-baladeur\/"},"img":{"alt_text":"","src":"https:\/\/i0.wp.com\/www.jojoenherbe.com\/wp-content\/uploads\/2019\/02\/Etang-de-Vaugrenier-2.jpg?fit=1200%2C771&resize=350%2C200","width":350,"height":200,"srcset":"https:\/\/i0.wp.com\/www.jojoenherbe.com\/wp-content\/uploads\/2019\/02\/Etang-de-Vaugrenier-2.jpg?fit=1200%2C771&resize=350%2C200 1x, https:\/\/i0.wp.com\/www.jojoenherbe.com\/wp-content\/uploads\/2019\/02\/Etang-de-Vaugrenier-2.jpg?fit=1200%2C771&resize=525%2C300 1.5x, https:\/\/i0.wp.com\/www.jojoenherbe.com\/wp-content\/uploads\/2019\/02\/Etang-de-Vaugrenier-2.jpg?fit=1200%2C771&resize=700%2C400 2x, https:\/\/i0.wp.com\/www.jojoenherbe.com\/wp-content\/uploads\/2019\/02\/Etang-de-Vaugrenier-2.jpg?fit=1200%2C771&resize=1050%2C600 3x"},"classes":[]},{"id":12212,"url":"http:\/\/www.jojoenherbe.com\/index.php\/2020\/09\/10\/un-mercredi-apres-midi-de-septembre-a-vaugrenier\/","url_meta":{"origin":4422,"position":1},"title":"Un mercredi apr\u00e8s-midi de septembre \u00e0 Vaugrenier","author":"Jojo","date":"10 septembre 2020","format":false,"excerpt":"Ce 9 septembre 2020, nous passons l'apr\u00e8s-midi \u00e0 Vaugrenier, avec plusieurs passages au niveau des observatoires de l'\u00e9tang. A notre premier passage, il y a beaucoup de monde au premier poste d'observation et nous filons au second. Peu d'oiseaux \u00e0 l'exception d'une mouette rieuse et d'une dizaine de canards. Au\u2026","rel":"","context":"Dans &quot;Mini baladeur&quot;","block_context":{"text":"Mini baladeur","link":"http:\/\/www.jojoenherbe.com\/index.php\/category\/mini-crapahuteur\/mini-baladeur\/"},"img":{"alt_text":"","src":"https:\/\/i0.wp.com\/www.jojoenherbe.com\/wp-content\/uploads\/2020\/09\/etang-de-Vaugrenier-3-scaled.jpg?fit=1200%2C900&resize=350%2C200","width":350,"height":200,"srcset":"https:\/\/i0.wp.com\/www.jojoenherbe.com\/wp-content\/uploads\/2020\/09\/etang-de-Vaugrenier-3-scaled.jpg?fit=1200%2C900&resize=350%2C200 1x, https:\/\/i0.wp.com\/www.jojoenherbe.com\/wp-content\/uploads\/2020\/09\/etang-de-Vaugrenier-3-scaled.jpg?fit=1200%2C900&resize=525%2C300 1.5x, https:\/\/i0.wp.com\/www.jojoenherbe.com\/wp-content\/uploads\/2020\/09\/etang-de-Vaugrenier-3-scaled.jpg?fit=1200%2C900&resize=700%2C400 2x, https:\/\/i0.wp.com\/www.jojoenherbe.com\/wp-content\/uploads\/2020\/09\/etang-de-Vaugrenier-3-scaled.jpg?fit=1200%2C900&resize=1050%2C600 3x"},"classes":[]},{"id":8251,"url":"http:\/\/www.jojoenherbe.com\/index.php\/2019\/10\/29\/des-coeurs-de-sorciere-a-vaugrenier\/","url_meta":{"origin":4422,"position":2},"title":"Des c\u0153urs de sorci\u00e8re \u00e0 Vaugrenier","author":"Jojo","date":"29 octobre 2019","format":false,"excerpt":"Ce 29 octobre 2019, nous allons ce matin au Parc de Vaugrenier qui a pris des couleurs automnales. Nous prenons notre temps \u00e0 marcher, passant d'un rocher \u00e0 un arbre, sans vraiment respecter les all\u00e9es am\u00e9nag\u00e9es. Un peu partout, des champignons ont pouss\u00e9 apr\u00e8s ces derniers jours de pluie. Nous\u2026","rel":"","context":"Dans &quot;Mini baladeur&quot;","block_context":{"text":"Mini baladeur","link":"http:\/\/www.jojoenherbe.com\/index.php\/category\/mini-crapahuteur\/mini-baladeur\/"},"img":{"alt_text":"","src":"https:\/\/i0.wp.com\/www.jojoenherbe.com\/wp-content\/uploads\/2019\/10\/Clathre-rouge-ou-coeur-de-sorci%C3%A8re.jpg?fit=1200%2C900&resize=350%2C200","width":350,"height":200,"srcset":"https:\/\/i0.wp.com\/www.jojoenherbe.com\/wp-content\/uploads\/2019\/10\/Clathre-rouge-ou-coeur-de-sorci%C3%A8re.jpg?fit=1200%2C900&resize=350%2C200 1x, https:\/\/i0.wp.com\/www.jojoenherbe.com\/wp-content\/uploads\/2019\/10\/Clathre-rouge-ou-coeur-de-sorci%C3%A8re.jpg?fit=1200%2C900&resize=525%2C300 1.5x, https:\/\/i0.wp.com\/www.jojoenherbe.com\/wp-content\/uploads\/2019\/10\/Clathre-rouge-ou-coeur-de-sorci%C3%A8re.jpg?fit=1200%2C900&resize=700%2C400 2x, https:\/\/i0.wp.com\/www.jojoenherbe.com\/wp-content\/uploads\/2019\/10\/Clathre-rouge-ou-coeur-de-sorci%C3%A8re.jpg?fit=1200%2C900&resize=1050%2C600 3x"},"classes":[]},{"id":5843,"url":"http:\/\/www.jojoenherbe.com\/index.php\/2019\/05\/05\/quand-le-printemps-sinstalle-a-vaugrenier\/","url_meta":{"origin":4422,"position":3},"title":"Quand le printemps s&rsquo;installe \u00e0 Vaugrenier","author":"Jojo","date":"5 mai 2019","format":false,"excerpt":"Ce 5 mai 2019, nous allons, \u00e0 nouveau, au parc d\u00e9partemental de Vaugrenier, des ibis falcinelles ayant \u00e9t\u00e9 observ\u00e9es depuis quelques jours. Mais malheureusement, nous n'arriverons pas \u00e0 les voir, vu l'heure, l'affluence dans le parc et le fait que nous sommes surtout rest\u00e9s au niveau des observatoires ornithologiques. Les\u2026","rel":"","context":"Dans &quot;Mini baladeur&quot;","block_context":{"text":"Mini baladeur","link":"http:\/\/www.jojoenherbe.com\/index.php\/category\/mini-crapahuteur\/mini-baladeur\/"},"img":{"alt_text":"","src":"https:\/\/i0.wp.com\/www.jojoenherbe.com\/wp-content\/uploads\/2019\/05\/parc-de-Vaugrenier-10.jpg?fit=1200%2C900&resize=350%2C200","width":350,"height":200,"srcset":"https:\/\/i0.wp.com\/www.jojoenherbe.com\/wp-content\/uploads\/2019\/05\/parc-de-Vaugrenier-10.jpg?fit=1200%2C900&resize=350%2C200 1x, https:\/\/i0.wp.com\/www.jojoenherbe.com\/wp-content\/uploads\/2019\/05\/parc-de-Vaugrenier-10.jpg?fit=1200%2C900&resize=525%2C300 1.5x, https:\/\/i0.wp.com\/www.jojoenherbe.com\/wp-content\/uploads\/2019\/05\/parc-de-Vaugrenier-10.jpg?fit=1200%2C900&resize=700%2C400 2x, https:\/\/i0.wp.com\/www.jojoenherbe.com\/wp-content\/uploads\/2019\/05\/parc-de-Vaugrenier-10.jpg?fit=1200%2C900&resize=1050%2C600 3x"},"classes":[]},{"id":4855,"url":"http:\/\/www.jojoenherbe.com\/index.php\/2019\/03\/03\/vestiges-du-temple-romain-de-vaugrenier\/","url_meta":{"origin":4422,"position":4},"title":"Vestiges du temple romain de Vaugrenier","author":"Jojo","date":"3 mars 2019","format":false,"excerpt":"Ce 2 mars 2019, nous retournons au parc d\u00e9partemental de Vaugrenier, avec en t\u00eate le Projet 52-2019 de Du C\u00f4t\u00e9 de Chez Ma\u2019, le th\u00e8me de la semaine 9 \u00e9tant \"Ancien\". En effet, mon id\u00e9e est de photographier un monument ancien. Ce sera donc ce qui fut autrefois l'escalier central\u2026","rel":"","context":"Dans &quot;Mini baladeur&quot;","block_context":{"text":"Mini baladeur","link":"http:\/\/www.jojoenherbe.com\/index.php\/category\/mini-crapahuteur\/mini-baladeur\/"},"img":{"alt_text":"","src":"https:\/\/i0.wp.com\/www.jojoenherbe.com\/wp-content\/uploads\/2019\/03\/vestiges-du-temple-romain-Vaugrenier-3.jpg?fit=1200%2C900&resize=350%2C200","width":350,"height":200,"srcset":"https:\/\/i0.wp.com\/www.jojoenherbe.com\/wp-content\/uploads\/2019\/03\/vestiges-du-temple-romain-Vaugrenier-3.jpg?fit=1200%2C900&resize=350%2C200 1x, https:\/\/i0.wp.com\/www.jojoenherbe.com\/wp-content\/uploads\/2019\/03\/vestiges-du-temple-romain-Vaugrenier-3.jpg?fit=1200%2C900&resize=525%2C300 1.5x, https:\/\/i0.wp.com\/www.jojoenherbe.com\/wp-content\/uploads\/2019\/03\/vestiges-du-temple-romain-Vaugrenier-3.jpg?fit=1200%2C900&resize=700%2C400 2x, https:\/\/i0.wp.com\/www.jojoenherbe.com\/wp-content\/uploads\/2019\/03\/vestiges-du-temple-romain-Vaugrenier-3.jpg?fit=1200%2C900&resize=1050%2C600 3x"},"classes":[]},{"id":8413,"url":"http:\/\/www.jojoenherbe.com\/index.php\/2019\/11\/10\/des-observations-automnales-a-letang-de-vaugrenier\/","url_meta":{"origin":4422,"position":5},"title":"Des observations automnales \u00e0 l&rsquo;\u00e9tang de Vaugrenier","author":"Jojo","date":"10 novembre 2019","format":false,"excerpt":"Ce 9 novembre 2019, nous allons au parc de Vaugrenier, l'occasion de faire quelques observations d'oiseaux \u00e0 l'\u00e9tang de Vaugrenier. J'en profite pour prendre la photo pour la semaine 45 du Projet 52-2019 de Du c\u00f4t\u00e9 de chez Ma', le th\u00e8me \u00e9tant \"Noir et blanc\": un h\u00e9ron cendr\u00e9. Je retouche\u2026","rel":"","context":"Dans &quot;Mini baladeur&quot;","block_context":{"text":"Mini baladeur","link":"http:\/\/www.jojoenherbe.com\/index.php\/category\/mini-crapahuteur\/mini-baladeur\/"},"img":{"alt_text":"","src":"https:\/\/i0.wp.com\/www.jojoenherbe.com\/wp-content\/uploads\/2019\/11\/H%C3%A9ron-cendr%C3%A9-en-noir-et-blanc.jpg?fit=1200%2C900&resize=350%2C200","width":350,"height":200,"srcset":"https:\/\/i0.wp.com\/www.jojoenherbe.com\/wp-content\/uploads\/2019\/11\/H%C3%A9ron-cendr%C3%A9-en-noir-et-blanc.jpg?fit=1200%2C900&resize=350%2C200 1x, https:\/\/i0.wp.com\/www.jojoenherbe.com\/wp-content\/uploads\/2019\/11\/H%C3%A9ron-cendr%C3%A9-en-noir-et-blanc.jpg?fit=1200%2C900&resize=525%2C300 1.5x, https:\/\/i0.wp.com\/www.jojoenherbe.com\/wp-content\/uploads\/2019\/11\/H%C3%A9ron-cendr%C3%A9-en-noir-et-blanc.jpg?fit=1200%2C900&resize=700%2C400 2x, https:\/\/i0.wp.com\/www.jojoenherbe.com\/wp-content\/uploads\/2019\/11\/H%C3%A9ron-cendr%C3%A9-en-noir-et-blanc.jpg?fit=1200%2C900&resize=1050%2C600 3x"},"classes":[]}],"_links":{"self":[{"href":"http:\/\/www.jojoenherbe.com\/index.php\/wp-json\/wp\/v2\/posts\/4422","targetHints":{"allow":["GET"]}}],"collection":[{"href":"http:\/\/www.jojoenherbe.com\/index.php\/wp-json\/wp\/v2\/posts"}],"about":[{"href":"http:\/\/www.jojoenherbe.com\/index.php\/wp-json\/wp\/v2\/types\/post"}],"author":[{"embeddable":true,"href":"http:\/\/www.jojoenherbe.com\/index.php\/wp-json\/wp\/v2\/users\/1"}],"replies":[{"embeddable":true,"href":"http:\/\/www.jojoenherbe.com\/index.php\/wp-json\/wp\/v2\/comments?post=4422"}],"version-history":[{"count":0,"href":"http:\/\/www.jojoenherbe.com\/index.php\/wp-json\/wp\/v2\/posts\/4422\/revisions"}],"wp:featuredmedia":[{"embeddable":true,"href":"http:\/\/www.jojoenherbe.com\/index.php\/wp-json\/wp\/v2\/media\/4427"}],"wp:attachment":[{"href":"http:\/\/www.jojoenherbe.com\/index.php\/wp-json\/wp\/v2\/media?parent=4422"}],"wp:term":[{"taxonomy":"category","embeddable":true,"href":"http:\/\/www.jojoenherbe.com\/index.php\/wp-json\/wp\/v2\/categories?post=4422"},{"taxonomy":"post_tag","embeddable":true,"href":"http:\/\/www.jojoenherbe.com\/index.php\/wp-json\/wp\/v2\/tags?post=4422"}],"curies":[{"name":"wp","href":"https:\/\/api.w.org\/{rel}","templated":true}]}}