{"id":43982,"date":"2026-05-01T08:23:48","date_gmt":"2026-05-01T06:23:48","guid":{"rendered":"https:\/\/www.jojoenherbe.com\/?p=43982"},"modified":"2026-05-01T10:16:06","modified_gmt":"2026-05-01T08:16:06","slug":"billet-de-suivi-le-mois-italien-2026","status":"publish","type":"post","link":"http:\/\/www.jojoenherbe.com\/index.php\/2026\/05\/01\/billet-de-suivi-le-mois-italien-2026\/","title":{"rendered":"Billet de suivi: Le Mois Italien 2026"},"content":{"rendered":"<p style=\"text-align: justify;\"><em><a href=\"https:\/\/i0.wp.com\/www.jojoenherbe.com\/wp-content\/uploads\/2026\/05\/Le-Mois-Italien-2026-LC.jpg\"><img data-recalc-dims=\"1\" loading=\"lazy\" decoding=\"async\" data-attachment-id=\"43983\" data-permalink=\"http:\/\/www.jojoenherbe.com\/index.php\/2026\/05\/01\/billet-de-suivi-le-mois-italien-2026\/le-mois-italien-2026-lc\/\" data-orig-file=\"https:\/\/i0.wp.com\/www.jojoenherbe.com\/wp-content\/uploads\/2026\/05\/Le-Mois-Italien-2026-LC.jpg?fit=1122%2C1402\" data-orig-size=\"1122,1402\" data-comments-opened=\"1\" data-image-meta=\"{&quot;aperture&quot;:&quot;0&quot;,&quot;credit&quot;:&quot;&quot;,&quot;camera&quot;:&quot;&quot;,&quot;caption&quot;:&quot;&quot;,&quot;created_timestamp&quot;:&quot;0&quot;,&quot;copyright&quot;:&quot;&quot;,&quot;focal_length&quot;:&quot;0&quot;,&quot;iso&quot;:&quot;0&quot;,&quot;shutter_speed&quot;:&quot;0&quot;,&quot;title&quot;:&quot;&quot;,&quot;orientation&quot;:&quot;1&quot;}\" data-image-title=\"Le Mois Italien 2026 &amp;#8211; LC\" data-image-description=\"\" data-image-caption=\"\" data-large-file=\"https:\/\/i0.wp.com\/www.jojoenherbe.com\/wp-content\/uploads\/2026\/05\/Le-Mois-Italien-2026-LC.jpg?fit=676%2C845\" class=\"alignleft size-thumbnail wp-image-43983\" src=\"https:\/\/i0.wp.com\/www.jojoenherbe.com\/wp-content\/uploads\/2026\/05\/Le-Mois-Italien-2026-LC.jpg?resize=150%2C150\" alt=\"\" width=\"150\" height=\"150\" srcset=\"https:\/\/i0.wp.com\/www.jojoenherbe.com\/wp-content\/uploads\/2026\/05\/Le-Mois-Italien-2026-LC.jpg?resize=150%2C150 150w, https:\/\/i0.wp.com\/www.jojoenherbe.com\/wp-content\/uploads\/2026\/05\/Le-Mois-Italien-2026-LC.jpg?zoom=2&amp;resize=150%2C150 300w, https:\/\/i0.wp.com\/www.jojoenherbe.com\/wp-content\/uploads\/2026\/05\/Le-Mois-Italien-2026-LC.jpg?zoom=3&amp;resize=150%2C150 450w\" sizes=\"auto, (max-width: 150px) 100vw, 150px\" \/><\/a>En ce 1er mai 2026, c&rsquo;est le retour du Mois Italien 2026 organis\u00e9 \u00e0 l&rsquo;origine par Titine et repris depuis quelques ann\u00e9es, avec son accord, par <a href=\"https:\/\/toursetculture.com\/\">Eimelle<\/a>. Pour cette nouvelle \u00e9dition qui se d\u00e9roule du 1er au 31 mai 2026, le programme est libre. Eimelle a \u00e9galement propos\u00e9 des lectures communes facultatives tout au long du mois. Pour plus d\u2019infos, n\u2019h\u00e9sitez pas \u00e0 aller sur son blog ou \u00e0 rejoindre le groupe FB \u00ab\u00a0Litt\u00e9rature, cuisine et culture italienne\u00a0\u00bb: <a href=\"https:\/\/www.facebook.com\/groups\/ilviaggioitalien\">ici<\/a>. Il y aura \u00e9galement de la cuisine italienne, en particulier le dimanche avec la Brigade des Marmitonnes d&rsquo;Isabelle.\u00a0<\/em><\/p>\n<p style=\"text-align: justify;\"><em>Que vais-je lire, visionner, cuisiner ou visiter ce mois-ci? Je vais essayer de participer aux lectures communes et ai rep\u00e9r\u00e9 \u00e0 la m\u00e9diath\u00e8ques des livres que je n&rsquo;ai pas encore eu le temps d&rsquo;aller emprunter, comme <span style=\"text-decoration: underline;\">Fleur de roche<\/span> d&rsquo;Ilaria Tuti (LC) ou <span style=\"text-decoration: underline;\">L&rsquo;amie prodigieuse<\/span> d&rsquo;Elena Ferrante. Je pourrai d\u00e9j\u00e0 piocher dans ma liseuse avec <span style=\"text-decoration: underline;\">Comme l&rsquo;oranger amer<\/span> de Milena Palminteri (\u00e9d. HarperCollins, ao\u00fbt 2025, 483 pages) et d&rsquo;autres d\u00e9j\u00e0 lus mais pas encore chroniqu\u00e9s: <span style=\"text-decoration: underline;\">Les filles de la chocolaterie<\/span> de Giacinta Cavagna Di Gualdana (\u00e9d. HarperCollins, avril 2025, 469 pages) ou <span style=\"text-decoration: underline;\">L&#8217;empoisonneuse de Palerme<\/span> de Cathryn Kemp (\u00e9d. Hauteville, f\u00e9vrier 2025, 416 pages)&#8230;<\/em><\/p>\n<p style=\"text-align: justify;\"><em>Ce billet sera actualis\u00e9 au fil du mois en tenant compte uniquement de nos lectures italiennes tout en faisant un billet s\u00e9par\u00e9 pour chaque participation. <\/em><\/p>\n<p style=\"text-align: justify;\"><em>Pour des id\u00e9es italiennes chez les autres participantes: Eimelle, Nathalie, Isabelle, Enna&#8230;<\/em><\/p>\n<p><span style=\"text-decoration: underline; color: #339966;\"><em>Semaine 1 du Mois Italien 2026<\/em><\/span><\/p>\n<ul>\n<li><em>1er mai 2026\/LC autour d&rsquo;un livre de Piergiorgio Pulixi, <a href=\"https:\/\/toursetculture.com\/2026\/05\/01\/si-les-chats-pouvaient-parler-piergiorgio-pulixi\/\">Eimelle<\/a> ayant lu <span style=\"text-decoration: underline;\">Si les chats pouvaient parler<\/span> (T2)<\/em><\/li>\n<li><em>3 mai 2026\/Les Gourmandises d\u2019Isabelle et Syl<\/em><\/li>\n<\/ul>\n<p><span style=\"text-decoration: underline; color: #ff0000;\"><em>Semaine 2 du Mois Italien 2026<\/em><\/span><\/p>\n<ul>\n<li><\/li>\n<li><em>17 mai 2026\/Les Gourmandises d\u2019Isabelle et Syl<\/em><\/li>\n<\/ul>\n<p><span style=\"text-decoration: underline; color: #339966;\"><em>Semaine 3 du Mois Italien 2026<\/em><\/span><\/p>\n<ul>\n<li><em>22 mai 2026\/LC autour d&rsquo;un livre de Cristina Cassar Scalia, Eimelle ayant choisi <span style=\"text-decoration: underline;\">Les Amants de Catane<\/span> (T3)<\/em><\/li>\n<li><em>24 mai 2026\/Les Gourmandises d\u2019Isabelle et Syl<\/em><\/li>\n<\/ul>\n<p><span style=\"text-decoration: underline; color: #ff0000;\"><em>Semaine 4 du Mois Italien 2026<\/em><\/span><\/p>\n<ul>\n<li><\/li>\n<li><em>31 mai 2026\/Les Gourmandises d\u2019Isabelle et Syl<\/em><\/li>\n<\/ul>\n<div id=\"attachment_39282\" style=\"width: 121px\" class=\"wp-caption aligncenter\"><img data-recalc-dims=\"1\" loading=\"lazy\" decoding=\"async\" aria-describedby=\"caption-attachment-39282\" data-attachment-id=\"39282\" data-permalink=\"http:\/\/www.jojoenherbe.com\/index.php\/2025\/05\/05\/billet-de-suivi-le-mois-italien-2025\/challenge-italie-logo\/\" data-orig-file=\"https:\/\/i0.wp.com\/www.jojoenherbe.com\/wp-content\/uploads\/2025\/05\/Challenge-Italie-logo.jpg?fit=564%2C654\" data-orig-size=\"564,654\" data-comments-opened=\"1\" data-image-meta=\"{&quot;aperture&quot;:&quot;0&quot;,&quot;credit&quot;:&quot;&quot;,&quot;camera&quot;:&quot;&quot;,&quot;caption&quot;:&quot;&quot;,&quot;created_timestamp&quot;:&quot;1745066562&quot;,&quot;copyright&quot;:&quot;&quot;,&quot;focal_length&quot;:&quot;0&quot;,&quot;iso&quot;:&quot;0&quot;,&quot;shutter_speed&quot;:&quot;0&quot;,&quot;title&quot;:&quot;&quot;,&quot;orientation&quot;:&quot;1&quot;}\" data-image-title=\"Challenge Italie &amp;#8211; logo\" data-image-description=\"\" data-image-caption=\"\" data-large-file=\"https:\/\/i0.wp.com\/www.jojoenherbe.com\/wp-content\/uploads\/2025\/05\/Challenge-Italie-logo.jpg?fit=564%2C654\" class=\"wp-image-39282\" src=\"https:\/\/i0.wp.com\/www.jojoenherbe.com\/wp-content\/uploads\/2025\/05\/Challenge-Italie-logo.jpg?resize=111%2C128\" alt=\"\" width=\"111\" height=\"128\" srcset=\"https:\/\/i0.wp.com\/www.jojoenherbe.com\/wp-content\/uploads\/2025\/05\/Challenge-Italie-logo.jpg?w=564 564w, https:\/\/i0.wp.com\/www.jojoenherbe.com\/wp-content\/uploads\/2025\/05\/Challenge-Italie-logo.jpg?resize=259%2C300 259w\" sizes=\"auto, (max-width: 111px) 100vw, 111px\" \/><p id=\"caption-attachment-39282\" class=\"wp-caption-text\">Le Mois Italien 2026 d&rsquo;Eimelle<\/p><\/div>\n","protected":false},"excerpt":{"rendered":"<p>En ce 1er mai 2026, c&rsquo;est le retour du Mois Italien 2026 organis\u00e9 \u00e0 l&rsquo;origine par Titine et repris depuis quelques ann\u00e9es, avec son accord, par Eimelle. Pour cette nouvelle \u00e9dition qui se d\u00e9roule du 1er au 31 mai 2026, le programme est libre. Eimelle a \u00e9galement propos\u00e9 des lectures communes facultatives tout au long [&hellip;]<\/p>\n","protected":false},"author":1,"featured_media":39281,"comment_status":"open","ping_status":"open","sticky":true,"template":"","format":"standard","meta":{"jetpack_post_was_ever_published":false,"_jetpack_newsletter_access":"","_jetpack_dont_email_post_to_subs":false,"_jetpack_newsletter_tier_id":0,"_jetpack_memberships_contains_paywalled_content":false,"_jetpack_memberships_contains_paid_content":false,"footnotes":""},"categories":[2140,873,363],"tags":[2016,4831,1085,367,2490],"class_list":["post-43982","post","type-post","status-publish","format-standard","has-post-thumbnail","hentry","category-mini-blogueur","category-mini-challenger","category-mini-lecteur","tag-challenge-livresque","tag-le-mois-italien-2026","tag-lecture-adulte","tag-lecture-jeunesse","tag-litterature-italienne","post-preview"],"jetpack_featured_media_url":"https:\/\/i0.wp.com\/www.jojoenherbe.com\/wp-content\/uploads\/2025\/05\/Challenge-Italie-logo-2.jpg?fit=960%2C486","jetpack_sharing_enabled":true,"jetpack_shortlink":"https:\/\/wp.me\/p9zhGx-bro","jetpack_likes_enabled":true,"jetpack-related-posts":[{"id":18070,"url":"http:\/\/www.jojoenherbe.com\/index.php\/2021\/05\/04\/billet-de-suivi-le-mois-italien-2021\/","url_meta":{"origin":43982,"position":0},"title":"Billet de suivi: le Mois italien 2021","author":"Jojo","date":"4 mai 2021","format":false,"excerpt":"Du 1er au 31 mai 2021, Martine organise le Mois italien - que j'ai d\u00e9couvert chez Bidib - en laissant libre cours nos lectures tout en partant \u00e0 la d\u00e9couverte des diff\u00e9rentes r\u00e9gions italiennes. Il est pr\u00e9vu quelques rendez-vous comme des nouvelles (ou recueils) les lundis, de la litt\u00e9rature jeunesse\u2026","rel":"","context":"Dans &quot;Mini challenger&quot;","block_context":{"text":"Mini challenger","link":"http:\/\/www.jojoenherbe.com\/index.php\/category\/mini-challenger\/"},"img":{"alt_text":"","src":"https:\/\/i0.wp.com\/www.jojoenherbe.com\/wp-content\/uploads\/2021\/05\/Le-Mois-italien-2021.jpg?fit=554%2C618&resize=350%2C200","width":350,"height":200,"srcset":"https:\/\/i0.wp.com\/www.jojoenherbe.com\/wp-content\/uploads\/2021\/05\/Le-Mois-italien-2021.jpg?fit=554%2C618&resize=350%2C200 1x, https:\/\/i0.wp.com\/www.jojoenherbe.com\/wp-content\/uploads\/2021\/05\/Le-Mois-italien-2021.jpg?fit=554%2C618&resize=525%2C300 1.5x"},"classes":[]},{"id":39279,"url":"http:\/\/www.jojoenherbe.com\/index.php\/2025\/05\/05\/billet-de-suivi-le-mois-italien-2025\/","url_meta":{"origin":43982,"position":1},"title":"Billet de suivi: Le Mois Italien 2025","author":"Jojo","date":"5 mai 2025","format":false,"excerpt":"Avec un peu de retard, voici mon billet de suivi pour Le Mois Italien 2025 organis\u00e9 \u00e0 l'origine par Titine et repris depuis quelques ann\u00e9es, avec son accord, par Eimelle. Pour cette nouvelle \u00e9dition qui se d\u00e9roule du 1er au 31 mai 2025, le programme est libre. Eimelle a \u00e9galement\u2026","rel":"","context":"Dans &quot;Mini blogueur&quot;","block_context":{"text":"Mini blogueur","link":"http:\/\/www.jojoenherbe.com\/index.php\/category\/mini-blogueur\/"},"img":{"alt_text":"","src":"https:\/\/i0.wp.com\/www.jojoenherbe.com\/wp-content\/uploads\/2025\/05\/Challenge-Italie-logo-2.jpg?fit=960%2C486&resize=350%2C200","width":350,"height":200,"srcset":"https:\/\/i0.wp.com\/www.jojoenherbe.com\/wp-content\/uploads\/2025\/05\/Challenge-Italie-logo-2.jpg?fit=960%2C486&resize=350%2C200 1x, https:\/\/i0.wp.com\/www.jojoenherbe.com\/wp-content\/uploads\/2025\/05\/Challenge-Italie-logo-2.jpg?fit=960%2C486&resize=525%2C300 1.5x, https:\/\/i0.wp.com\/www.jojoenherbe.com\/wp-content\/uploads\/2025\/05\/Challenge-Italie-logo-2.jpg?fit=960%2C486&resize=700%2C400 2x"},"classes":[]},{"id":18621,"url":"http:\/\/www.jojoenherbe.com\/index.php\/2021\/06\/01\/notre-mois-bloguesque-de-mai-2021\/","url_meta":{"origin":43982,"position":2},"title":"Notre mois bloguesque de mai 2021","author":"Jojo","date":"1 juin 2021","format":false,"excerpt":"C'est le premier du mois alors voici un petit retour bloguesque sur mai 2021 avec encore une fois beaucoup de lectures tr\u00e8s vari\u00e9es en raison des diff\u00e9rents challenges de mai: des escales livresques en Italie, au Japon, en Angleterre et en Inde notamment. Le Mois au Japon 2021 s'est en\u2026","rel":"","context":"Dans &quot;Mini blogueur&quot;","block_context":{"text":"Mini blogueur","link":"http:\/\/www.jojoenherbe.com\/index.php\/category\/mini-blogueur\/"},"img":{"alt_text":"","src":"https:\/\/i0.wp.com\/www.jojoenherbe.com\/wp-content\/uploads\/2021\/05\/Mai-2021-scaled.jpg?fit=1200%2C696&resize=350%2C200","width":350,"height":200,"srcset":"https:\/\/i0.wp.com\/www.jojoenherbe.com\/wp-content\/uploads\/2021\/05\/Mai-2021-scaled.jpg?fit=1200%2C696&resize=350%2C200 1x, https:\/\/i0.wp.com\/www.jojoenherbe.com\/wp-content\/uploads\/2021\/05\/Mai-2021-scaled.jpg?fit=1200%2C696&resize=525%2C300 1.5x, https:\/\/i0.wp.com\/www.jojoenherbe.com\/wp-content\/uploads\/2021\/05\/Mai-2021-scaled.jpg?fit=1200%2C696&resize=700%2C400 2x, https:\/\/i0.wp.com\/www.jojoenherbe.com\/wp-content\/uploads\/2021\/05\/Mai-2021-scaled.jpg?fit=1200%2C696&resize=1050%2C600 3x"},"classes":[]},{"id":36584,"url":"http:\/\/www.jojoenherbe.com\/index.php\/2024\/07\/17\/bilan-de-lecture-juin-2024\/","url_meta":{"origin":43982,"position":3},"title":"Bilan de lecture: juin 2024","author":"Jojo","date":"17 juillet 2024","format":false,"excerpt":"Avec retard, voici le bilan de lecture du mois de juin 2024. Cette ann\u00e9e, le printemps \u00e9tait bien pluvieux et les sorties se sont faites encore rares le mois dernier. Le temps \u00e9tait donc propice \u00e0 la lecture encore une fois. En juin, c\u2019\u00e9tait le retour du Mois Anglais 2024\u2026","rel":"","context":"Dans &quot;Mini blogueur&quot;","block_context":{"text":"Mini blogueur","link":"http:\/\/www.jojoenherbe.com\/index.php\/category\/mini-blogueur\/"},"img":{"alt_text":"","src":"https:\/\/i0.wp.com\/www.jojoenherbe.com\/wp-content\/uploads\/2024\/06\/Selection-juin-2024-scaled.jpg?fit=1200%2C857&resize=350%2C200","width":350,"height":200,"srcset":"https:\/\/i0.wp.com\/www.jojoenherbe.com\/wp-content\/uploads\/2024\/06\/Selection-juin-2024-scaled.jpg?fit=1200%2C857&resize=350%2C200 1x, https:\/\/i0.wp.com\/www.jojoenherbe.com\/wp-content\/uploads\/2024\/06\/Selection-juin-2024-scaled.jpg?fit=1200%2C857&resize=525%2C300 1.5x, https:\/\/i0.wp.com\/www.jojoenherbe.com\/wp-content\/uploads\/2024\/06\/Selection-juin-2024-scaled.jpg?fit=1200%2C857&resize=700%2C400 2x, https:\/\/i0.wp.com\/www.jojoenherbe.com\/wp-content\/uploads\/2024\/06\/Selection-juin-2024-scaled.jpg?fit=1200%2C857&resize=1050%2C600 3x"},"classes":[]},{"id":39541,"url":"http:\/\/www.jojoenherbe.com\/index.php\/2025\/06\/06\/bilan-de-lecture-mai-2025\/","url_meta":{"origin":43982,"position":4},"title":"Bilan de lecture: mai 2025","author":"Jojo","date":"6 juin 2025","format":false,"excerpt":"En ce d\u00e9but juin, voici mon bilan de lectures de mai 2025, mois qui s'est termin\u00e9 en vadrouille en famille, avec le pont de l'Ascension. Comme le mois dernier, j'ai poursuivi\u00a0mon escale japonaise avec le Mois au Japon\u00a0 en participant au\u00a0 RAT a week japonais du 12 au 18 mai\u2026","rel":"","context":"Dans &quot;Mini blogueur&quot;","block_context":{"text":"Mini blogueur","link":"http:\/\/www.jojoenherbe.com\/index.php\/category\/mini-blogueur\/"},"img":{"alt_text":"","src":"https:\/\/i0.wp.com\/www.jojoenherbe.com\/wp-content\/uploads\/2025\/05\/Selection-Mai-2025-scaled.jpg?fit=1200%2C986&resize=350%2C200","width":350,"height":200,"srcset":"https:\/\/i0.wp.com\/www.jojoenherbe.com\/wp-content\/uploads\/2025\/05\/Selection-Mai-2025-scaled.jpg?fit=1200%2C986&resize=350%2C200 1x, https:\/\/i0.wp.com\/www.jojoenherbe.com\/wp-content\/uploads\/2025\/05\/Selection-Mai-2025-scaled.jpg?fit=1200%2C986&resize=525%2C300 1.5x, https:\/\/i0.wp.com\/www.jojoenherbe.com\/wp-content\/uploads\/2025\/05\/Selection-Mai-2025-scaled.jpg?fit=1200%2C986&resize=700%2C400 2x, https:\/\/i0.wp.com\/www.jojoenherbe.com\/wp-content\/uploads\/2025\/05\/Selection-Mai-2025-scaled.jpg?fit=1200%2C986&resize=1050%2C600 3x"},"classes":[]},{"id":37690,"url":"http:\/\/www.jojoenherbe.com\/index.php\/2025\/01\/10\/mes-challenges-livresques-2025\/","url_meta":{"origin":43982,"position":5},"title":"Mes challenges livresques 2025","author":"Jojo","date":"10 janvier 2025","format":false,"excerpt":"Avant de vous donner un avant-go\u00fbt de l\u2019\u00e9dition 2025 des diff\u00e9rents challenges livresques auxquels je participe, je tiens \u00e0 vous souhaiter, \u00e0 nouveau, une tr\u00e8s belle et heureuse nouvelle ann\u00e9e et \u00e0 vous pr\u00e9senter mes meilleurs v\u0153ux. Appr\u00e9ciant beaucoup mes participations et \u00e9changes autour des challenges livresques depuis quelques ann\u00e9es,\u2026","rel":"","context":"Dans &quot;Mini blogueur&quot;","block_context":{"text":"Mini blogueur","link":"http:\/\/www.jojoenherbe.com\/index.php\/category\/mini-blogueur\/"},"img":{"alt_text":"","src":"https:\/\/i0.wp.com\/www.jojoenherbe.com\/wp-content\/uploads\/2025\/01\/Les-Etapes-Indiennes-2025-logo.jpg?resize=350%2C200","width":350,"height":200,"srcset":"https:\/\/i0.wp.com\/www.jojoenherbe.com\/wp-content\/uploads\/2025\/01\/Les-Etapes-Indiennes-2025-logo.jpg?resize=350%2C200 1x, https:\/\/i0.wp.com\/www.jojoenherbe.com\/wp-content\/uploads\/2025\/01\/Les-Etapes-Indiennes-2025-logo.jpg?resize=525%2C300 1.5x, https:\/\/i0.wp.com\/www.jojoenherbe.com\/wp-content\/uploads\/2025\/01\/Les-Etapes-Indiennes-2025-logo.jpg?resize=700%2C400 2x"},"classes":[]}],"_links":{"self":[{"href":"http:\/\/www.jojoenherbe.com\/index.php\/wp-json\/wp\/v2\/posts\/43982","targetHints":{"allow":["GET"]}}],"collection":[{"href":"http:\/\/www.jojoenherbe.com\/index.php\/wp-json\/wp\/v2\/posts"}],"about":[{"href":"http:\/\/www.jojoenherbe.com\/index.php\/wp-json\/wp\/v2\/types\/post"}],"author":[{"embeddable":true,"href":"http:\/\/www.jojoenherbe.com\/index.php\/wp-json\/wp\/v2\/users\/1"}],"replies":[{"embeddable":true,"href":"http:\/\/www.jojoenherbe.com\/index.php\/wp-json\/wp\/v2\/comments?post=43982"}],"version-history":[{"count":5,"href":"http:\/\/www.jojoenherbe.com\/index.php\/wp-json\/wp\/v2\/posts\/43982\/revisions"}],"predecessor-version":[{"id":43994,"href":"http:\/\/www.jojoenherbe.com\/index.php\/wp-json\/wp\/v2\/posts\/43982\/revisions\/43994"}],"wp:featuredmedia":[{"embeddable":true,"href":"http:\/\/www.jojoenherbe.com\/index.php\/wp-json\/wp\/v2\/media\/39281"}],"wp:attachment":[{"href":"http:\/\/www.jojoenherbe.com\/index.php\/wp-json\/wp\/v2\/media?parent=43982"}],"wp:term":[{"taxonomy":"category","embeddable":true,"href":"http:\/\/www.jojoenherbe.com\/index.php\/wp-json\/wp\/v2\/categories?post=43982"},{"taxonomy":"post_tag","embeddable":true,"href":"http:\/\/www.jojoenherbe.com\/index.php\/wp-json\/wp\/v2\/tags?post=43982"}],"curies":[{"name":"wp","href":"https:\/\/api.w.org\/{rel}","templated":true}]}}