{"id":4388,"date":"2019-01-24T14:18:23","date_gmt":"2019-01-24T13:18:23","guid":{"rendered":"http:\/\/www.jojoenherbe.com\/?p=4388"},"modified":"2022-02-05T11:26:18","modified_gmt":"2022-02-05T10:26:18","slug":"au-fil-des-pages-avec-cest-un-petit-livre","status":"publish","type":"post","link":"http:\/\/www.jojoenherbe.com\/index.php\/2019\/01\/24\/au-fil-des-pages-avec-cest-un-petit-livre\/","title":{"rendered":"Au fil des pages avec C&rsquo;est un petit livre"},"content":{"rendered":"<p style=\"text-align: justify;\"><em><a href=\"https:\/\/i0.wp.com\/www.jojoenherbe.com\/wp-content\/uploads\/2019\/01\/Cest-un-petit-livre-2.jpg\"><img data-recalc-dims=\"1\" loading=\"lazy\" decoding=\"async\" data-attachment-id=\"4389\" data-permalink=\"http:\/\/www.jojoenherbe.com\/index.php\/2019\/01\/24\/au-fil-des-pages-avec-cest-un-petit-livre\/cest-un-petit-livre-2\/\" data-orig-file=\"https:\/\/i0.wp.com\/www.jojoenherbe.com\/wp-content\/uploads\/2019\/01\/Cest-un-petit-livre-2.jpg?fit=3264%2C2448\" data-orig-size=\"3264,2448\" data-comments-opened=\"1\" data-image-meta=\"{&quot;aperture&quot;:&quot;2.4&quot;,&quot;credit&quot;:&quot;&quot;,&quot;camera&quot;:&quot;iPhone 4S&quot;,&quot;caption&quot;:&quot;&quot;,&quot;created_timestamp&quot;:&quot;1548323795&quot;,&quot;copyright&quot;:&quot;&quot;,&quot;focal_length&quot;:&quot;4.28&quot;,&quot;iso&quot;:&quot;400&quot;,&quot;shutter_speed&quot;:&quot;0.066666666666667&quot;,&quot;title&quot;:&quot;&quot;,&quot;orientation&quot;:&quot;1&quot;}\" data-image-title=\"C&amp;rsquo;est un petit livre 2\" data-image-description=\"\" data-image-caption=\"\" data-large-file=\"https:\/\/i0.wp.com\/www.jojoenherbe.com\/wp-content\/uploads\/2019\/01\/Cest-un-petit-livre-2.jpg?fit=676%2C507\" class=\"alignleft size-thumbnail wp-image-4389\" src=\"https:\/\/i0.wp.com\/www.jojoenherbe.com\/wp-content\/uploads\/2019\/01\/Cest-un-petit-livre-2.jpg?resize=150%2C150\" alt=\"\" width=\"150\" height=\"150\" srcset=\"https:\/\/i0.wp.com\/www.jojoenherbe.com\/wp-content\/uploads\/2019\/01\/Cest-un-petit-livre-2.jpg?resize=150%2C150 150w, https:\/\/i0.wp.com\/www.jojoenherbe.com\/wp-content\/uploads\/2019\/01\/Cest-un-petit-livre-2.jpg?zoom=2&amp;resize=150%2C150 300w, https:\/\/i0.wp.com\/www.jojoenherbe.com\/wp-content\/uploads\/2019\/01\/Cest-un-petit-livre-2.jpg?zoom=3&amp;resize=150%2C150 450w\" sizes=\"auto, (max-width: 150px) 100vw, 150px\" \/><\/a><a href=\"https:\/\/i0.wp.com\/www.jojoenherbe.com\/wp-content\/uploads\/2019\/01\/Cest-un-petit-livre-1-scaled.jpg\"><img data-recalc-dims=\"1\" loading=\"lazy\" decoding=\"async\" data-attachment-id=\"17363\" data-permalink=\"http:\/\/www.jojoenherbe.com\/index.php\/2019\/01\/24\/au-fil-des-pages-avec-cest-un-petit-livre\/cest-un-petit-livre-4\/\" data-orig-file=\"https:\/\/i0.wp.com\/www.jojoenherbe.com\/wp-content\/uploads\/2019\/01\/Cest-un-petit-livre-1-scaled.jpg?fit=2560%2C1920\" data-orig-size=\"2560,1920\" data-comments-opened=\"1\" data-image-meta=\"{&quot;aperture&quot;:&quot;1.8&quot;,&quot;credit&quot;:&quot;&quot;,&quot;camera&quot;:&quot;iPhone 7&quot;,&quot;caption&quot;:&quot;&quot;,&quot;created_timestamp&quot;:&quot;1618479494&quot;,&quot;copyright&quot;:&quot;&quot;,&quot;focal_length&quot;:&quot;3.99&quot;,&quot;iso&quot;:&quot;100&quot;,&quot;shutter_speed&quot;:&quot;0.071428571428571&quot;,&quot;title&quot;:&quot;&quot;,&quot;orientation&quot;:&quot;1&quot;}\" data-image-title=\"C&amp;rsquo;est un petit livre\" data-image-description=\"\" data-image-caption=\"\" data-large-file=\"https:\/\/i0.wp.com\/www.jojoenherbe.com\/wp-content\/uploads\/2019\/01\/Cest-un-petit-livre-1-scaled.jpg?fit=676%2C507\" class=\"alignleft size-thumbnail wp-image-17363\" src=\"https:\/\/i0.wp.com\/www.jojoenherbe.com\/wp-content\/uploads\/2019\/01\/Cest-un-petit-livre-1.jpg?resize=150%2C150\" alt=\"\" width=\"150\" height=\"150\" srcset=\"https:\/\/i0.wp.com\/www.jojoenherbe.com\/wp-content\/uploads\/2019\/01\/Cest-un-petit-livre-1-scaled.jpg?resize=150%2C150 150w, https:\/\/i0.wp.com\/www.jojoenherbe.com\/wp-content\/uploads\/2019\/01\/Cest-un-petit-livre-1-scaled.jpg?zoom=2&amp;resize=150%2C150 300w, https:\/\/i0.wp.com\/www.jojoenherbe.com\/wp-content\/uploads\/2019\/01\/Cest-un-petit-livre-1-scaled.jpg?zoom=3&amp;resize=150%2C150 450w\" sizes=\"auto, (max-width: 150px) 100vw, 150px\" \/><\/a>Apr\u00e8s des livres en tissu, vient le tour des albums jeunesse cartonn\u00e9s comme <strong><span style=\"text-decoration: underline;\">C&rsquo;est un petit livre<\/span><\/strong> de Lane Smith (\u00e9d. Gallimard Jeunesse, 2017). Son petit format cartonn\u00e9 est parfait pour les b\u00e9b\u00e9s. Un singe tient dans la main un objet qu&rsquo;il montre \u00e0 un petit \u00e2ne. Ce dernier cherche \u00e0 savoir ce que c&rsquo;est en imaginant les utilisations possibles: un chapeau, un toit, un t\u00e9l\u00e9phone, etc. Le livre est \u00ab\u00a0malmen\u00e9\u00a0\u00bb jusqu&rsquo;\u00e0 ce que le singe lui donne l&rsquo;explication: c&rsquo;est un livre. \u00a0 <\/em><\/p>\n<p style=\"text-align: justify;\"><em>Ne pas oublier bien s\u00fbr de mimer les diff\u00e9rentes sc\u00e9nettes pour la plus grande joie des enfants entra\u00eenant une avalanche de fous rires! Un joli coup de c\u0153ur pour cet album jeunesse plein de dr\u00f4lerie.<\/em><\/p>\n<p style=\"text-align: justify;\"><em><a href=\"https:\/\/i0.wp.com\/www.jojoenherbe.com\/wp-content\/uploads\/2019\/01\/Cest-un-livre-2-scaled.jpg\"><img data-recalc-dims=\"1\" loading=\"lazy\" decoding=\"async\" data-attachment-id=\"17361\" data-permalink=\"http:\/\/www.jojoenherbe.com\/index.php\/2019\/01\/24\/au-fil-des-pages-avec-cest-un-petit-livre\/cest-un-livre-2\/\" data-orig-file=\"https:\/\/i0.wp.com\/www.jojoenherbe.com\/wp-content\/uploads\/2019\/01\/Cest-un-livre-2-scaled.jpg?fit=2560%2C1920\" data-orig-size=\"2560,1920\" data-comments-opened=\"1\" data-image-meta=\"{&quot;aperture&quot;:&quot;1.8&quot;,&quot;credit&quot;:&quot;&quot;,&quot;camera&quot;:&quot;iPhone 7&quot;,&quot;caption&quot;:&quot;&quot;,&quot;created_timestamp&quot;:&quot;1617196118&quot;,&quot;copyright&quot;:&quot;&quot;,&quot;focal_length&quot;:&quot;3.99&quot;,&quot;iso&quot;:&quot;100&quot;,&quot;shutter_speed&quot;:&quot;0.090909090909091&quot;,&quot;title&quot;:&quot;&quot;,&quot;orientation&quot;:&quot;1&quot;}\" data-image-title=\"C&amp;rsquo;est un livre 2\" data-image-description=\"\" data-image-caption=\"\" data-large-file=\"https:\/\/i0.wp.com\/www.jojoenherbe.com\/wp-content\/uploads\/2019\/01\/Cest-un-livre-2-scaled.jpg?fit=676%2C507\" class=\"size-thumbnail wp-image-17361 alignright\" src=\"https:\/\/i0.wp.com\/www.jojoenherbe.com\/wp-content\/uploads\/2019\/01\/Cest-un-livre-2.jpg?resize=150%2C150\" alt=\"\" width=\"150\" height=\"150\" srcset=\"https:\/\/i0.wp.com\/www.jojoenherbe.com\/wp-content\/uploads\/2019\/01\/Cest-un-livre-2-scaled.jpg?resize=150%2C150 150w, https:\/\/i0.wp.com\/www.jojoenherbe.com\/wp-content\/uploads\/2019\/01\/Cest-un-livre-2-scaled.jpg?zoom=2&amp;resize=150%2C150 300w, https:\/\/i0.wp.com\/www.jojoenherbe.com\/wp-content\/uploads\/2019\/01\/Cest-un-livre-2-scaled.jpg?zoom=3&amp;resize=150%2C150 450w\" sizes=\"auto, (max-width: 150px) 100vw, 150px\" \/><\/a> <a href=\"https:\/\/i0.wp.com\/www.jojoenherbe.com\/wp-content\/uploads\/2019\/01\/Cest-un-livre-scaled.jpg\"><img data-recalc-dims=\"1\" loading=\"lazy\" decoding=\"async\" data-attachment-id=\"17362\" data-permalink=\"http:\/\/www.jojoenherbe.com\/index.php\/2019\/01\/24\/au-fil-des-pages-avec-cest-un-petit-livre\/cest-un-livre\/\" data-orig-file=\"https:\/\/i0.wp.com\/www.jojoenherbe.com\/wp-content\/uploads\/2019\/01\/Cest-un-livre-scaled.jpg?fit=2560%2C1920\" data-orig-size=\"2560,1920\" data-comments-opened=\"1\" data-image-meta=\"{&quot;aperture&quot;:&quot;1.8&quot;,&quot;credit&quot;:&quot;&quot;,&quot;camera&quot;:&quot;iPhone 7&quot;,&quot;caption&quot;:&quot;&quot;,&quot;created_timestamp&quot;:&quot;1617196049&quot;,&quot;copyright&quot;:&quot;&quot;,&quot;focal_length&quot;:&quot;3.99&quot;,&quot;iso&quot;:&quot;80&quot;,&quot;shutter_speed&quot;:&quot;0.16666666666667&quot;,&quot;title&quot;:&quot;&quot;,&quot;orientation&quot;:&quot;1&quot;}\" data-image-title=\"C&amp;rsquo;est un livre\" data-image-description=\"\" data-image-caption=\"\" data-large-file=\"https:\/\/i0.wp.com\/www.jojoenherbe.com\/wp-content\/uploads\/2019\/01\/Cest-un-livre-scaled.jpg?fit=676%2C507\" class=\"size-thumbnail wp-image-17362 alignright\" src=\"https:\/\/i0.wp.com\/www.jojoenherbe.com\/wp-content\/uploads\/2019\/01\/Cest-un-livre.jpg?resize=150%2C150\" alt=\"\" width=\"150\" height=\"150\" srcset=\"https:\/\/i0.wp.com\/www.jojoenherbe.com\/wp-content\/uploads\/2019\/01\/Cest-un-livre-scaled.jpg?resize=150%2C150 150w, https:\/\/i0.wp.com\/www.jojoenherbe.com\/wp-content\/uploads\/2019\/01\/Cest-un-livre-scaled.jpg?zoom=2&amp;resize=150%2C150 300w, https:\/\/i0.wp.com\/www.jojoenherbe.com\/wp-content\/uploads\/2019\/01\/Cest-un-livre-scaled.jpg?zoom=3&amp;resize=150%2C150 450w\" sizes=\"auto, (max-width: 150px) 100vw, 150px\" \/><\/a>A noter que cet album jeunesse est une version adapt\u00e9e pour les tout-petits lecteurs que je trouve bien plus dr\u00f4le que la version pour les enfants plus \u00e2g\u00e9s, <strong><span style=\"text-decoration: underline;\">C&rsquo;est un livre<\/span><\/strong> de Lane Smith (\u00e9d. Gallimard Jeunesse, 2011), un album jeunesse \u00e0 partir de 3 ans. Dans l&rsquo;histoire originelle, on retrouve l&rsquo;\u00e2ne avec un ordinateur et le singe avec un livre. Une fa\u00e7on rigolote de parler du plaisir de lire \u00e0 l&rsquo;\u00e8re du num\u00e9rique!<\/em><\/p>\n<div id=\"attachment_33643\" style=\"width: 155px\" class=\"wp-caption aligncenter\"><img data-recalc-dims=\"1\" loading=\"lazy\" decoding=\"async\" aria-describedby=\"caption-attachment-33643\" class=\"wp-image-33643\" src=\"https:\/\/i0.wp.com\/delivrer-des-livres.fr\/wp-content\/uploads\/2019\/01\/petit-bac-2019.jpg?resize=145%2C111\" sizes=\"auto, (max-width: 200px) 100vw, 200px\" srcset=\"http:\/\/delivrer-des-livres.fr\/wp-content\/uploads\/2019\/01\/petit-bac-2019.jpg 285w, http:\/\/delivrer-des-livres.fr\/wp-content\/uploads\/2019\/01\/petit-bac-2019-150x114.jpg 150w\" alt=\"\" width=\"145\" height=\"111\" \/><p id=\"caption-attachment-33643\" class=\"wp-caption-text\"><a href=\"https:\/\/ennalit.wordpress.com\/2018\/12\/01\/challenge-petit-bac-2019-qui-veut-jouer\/\">Challenge Petit Bac d&rsquo;Enna<\/a> &#8211; #1 cat\u00e9gorie Lecture \u00ab\u00a0Livre\u00a0\u00bb<\/p><\/div>\n<p style=\"text-align: justify;\"><em>\u00a0<\/em><\/p>\n","protected":false},"excerpt":{"rendered":"<p>Apr\u00e8s des livres en tissu, vient le tour des albums jeunesse cartonn\u00e9s comme C&rsquo;est un petit livre de Lane Smith (\u00e9d. Gallimard Jeunesse, 2017). Son petit format cartonn\u00e9 est parfait pour les b\u00e9b\u00e9s. Un singe tient dans la main un objet qu&rsquo;il montre \u00e0 un petit \u00e2ne. Ce dernier cherche \u00e0 savoir ce que c&rsquo;est [&hellip;]<\/p>\n","protected":false},"author":1,"featured_media":4390,"comment_status":"open","ping_status":"open","sticky":false,"template":"","format":"standard","meta":{"jetpack_post_was_ever_published":false,"_jetpack_newsletter_access":"","_jetpack_dont_email_post_to_subs":false,"_jetpack_newsletter_tier_id":0,"_jetpack_memberships_contains_paywalled_content":false,"_jetpack_memberships_contains_paid_content":false,"footnotes":""},"categories":[363],"tags":[786,785,409,1448,1349,538,1447,367,1323,382,589,2385,2384,738,736],"class_list":["post-4388","post","type-post","status-publish","format-standard","has-post-thumbnail","hentry","category-mini-lecteur","tag-0-3-ans","tag-3-6-ans","tag-albums-jeunesse","tag-ane","tag-challenge-petit-bac-2019","tag-humour","tag-lane-smith","tag-lecture-jeunesse","tag-livre-participatif","tag-livres","tag-livres-cartonnes","tag-numerique","tag-ordinateur","tag-plaisir-de-lire","tag-singe","post-preview"],"jetpack_featured_media_url":"https:\/\/i0.wp.com\/www.jojoenherbe.com\/wp-content\/uploads\/2019\/01\/Cest-un-petit-livre.jpg?fit=3264%2C2448","jetpack_sharing_enabled":true,"jetpack_shortlink":"https:\/\/wp.me\/p9zhGx-18M","jetpack_likes_enabled":true,"jetpack-related-posts":[{"id":8660,"url":"http:\/\/www.jojoenherbe.com\/index.php\/2019\/11\/26\/au-fil-des-pages-avec-cap-ou-pas-cap\/","url_meta":{"origin":4388,"position":0},"title":"Au fil des pages avec Cap ou pas cap?","author":"Jojo","date":"26 novembre 2019","format":false,"excerpt":"Nous empruntons \u00e0 la biblioth\u00e8que Cap ou pas cap? de Nicole Maubert (\u00e9d. Milan, 2018, un album jeunesse pop-up et cartonn\u00e9 pour les tout-petits qui nous replonge dans la p\u00e9riode d'Halloween, le sous-titre \u00e9tant \"Un livre \u00e0 toucher... si tu l'oses!\". Le petit lecteur est invit\u00e9 \u00e0 tourner les pages\u2026","rel":"","context":"Dans &quot;Mini lecteur&quot;","block_context":{"text":"Mini lecteur","link":"http:\/\/www.jojoenherbe.com\/index.php\/category\/mini-lecteur\/"},"img":{"alt_text":"","src":"https:\/\/i0.wp.com\/www.jojoenherbe.com\/wp-content\/uploads\/2019\/11\/Cap-ou-pas-cap-scaled.jpg?fit=1200%2C968&resize=350%2C200","width":350,"height":200,"srcset":"https:\/\/i0.wp.com\/www.jojoenherbe.com\/wp-content\/uploads\/2019\/11\/Cap-ou-pas-cap-scaled.jpg?fit=1200%2C968&resize=350%2C200 1x, https:\/\/i0.wp.com\/www.jojoenherbe.com\/wp-content\/uploads\/2019\/11\/Cap-ou-pas-cap-scaled.jpg?fit=1200%2C968&resize=525%2C300 1.5x, https:\/\/i0.wp.com\/www.jojoenherbe.com\/wp-content\/uploads\/2019\/11\/Cap-ou-pas-cap-scaled.jpg?fit=1200%2C968&resize=700%2C400 2x, https:\/\/i0.wp.com\/www.jojoenherbe.com\/wp-content\/uploads\/2019\/11\/Cap-ou-pas-cap-scaled.jpg?fit=1200%2C968&resize=1050%2C600 3x"},"classes":[]},{"id":13134,"url":"http:\/\/www.jojoenherbe.com\/index.php\/2020\/10\/18\/deuxieme-alphabet-de-jojoenherbeetcieillustre-a-comme-ane\/","url_meta":{"origin":4388,"position":1},"title":"Deuxi\u00e8me alphabet des animaux: A comme \u00c2ne","author":"Jojo","date":"18 octobre 2020","format":false,"excerpt":"Cette semaine du 12 octobre 2020 marque le d\u00e9part d'un nouvel alphabet de mon challenge sur Instagram #jojoenherbeetcieillustre qui associe la premi\u00e8re lettre d'un animal avec une illustration tir\u00e9e de la litt\u00e9rature jeunesse. Pour ce deuxi\u00e8me alphabet, j'ai choisi de ne garder que des lettres avec de nouveaux animaux. Pour\u2026","rel":"","context":"Dans &quot;Mini challenger&quot;","block_context":{"text":"Mini challenger","link":"http:\/\/www.jojoenherbe.com\/index.php\/category\/mini-challenger\/"},"img":{"alt_text":"","src":"https:\/\/i0.wp.com\/www.jojoenherbe.com\/wp-content\/uploads\/2020\/10\/Selection-Ane-scaled.jpg?fit=1200%2C910&resize=350%2C200","width":350,"height":200,"srcset":"https:\/\/i0.wp.com\/www.jojoenherbe.com\/wp-content\/uploads\/2020\/10\/Selection-Ane-scaled.jpg?fit=1200%2C910&resize=350%2C200 1x, https:\/\/i0.wp.com\/www.jojoenherbe.com\/wp-content\/uploads\/2020\/10\/Selection-Ane-scaled.jpg?fit=1200%2C910&resize=525%2C300 1.5x, https:\/\/i0.wp.com\/www.jojoenherbe.com\/wp-content\/uploads\/2020\/10\/Selection-Ane-scaled.jpg?fit=1200%2C910&resize=700%2C400 2x, https:\/\/i0.wp.com\/www.jojoenherbe.com\/wp-content\/uploads\/2020\/10\/Selection-Ane-scaled.jpg?fit=1200%2C910&resize=1050%2C600 3x"},"classes":[]},{"id":16157,"url":"http:\/\/www.jojoenherbe.com\/index.php\/2021\/03\/02\/au-fil-des-pages-avec-le-voleur-dhistoires\/","url_meta":{"origin":4388,"position":2},"title":"Au fil des pages avec Le voleur d&rsquo;histoires","author":"Jojo","date":"2 mars 2021","format":false,"excerpt":"Nous lisons Le voleur d'histoires de Graham Carter (\u00e9d. Kimane, f\u00e9vrier 2021, 36 pages), un album jeunesse \u00e0 partir de 3 ans. Alors qu'elle se rend par bateau avec son p\u00e8re \u00e0 la biblioth\u00e8que, Olivia, une petite fille perd un de ses livres dans l'eau. Ce livre r\u00e9veille un poulpe\u2026","rel":"","context":"Dans &quot;Mini lecteur&quot;","block_context":{"text":"Mini lecteur","link":"http:\/\/www.jojoenherbe.com\/index.php\/category\/mini-lecteur\/"},"img":{"alt_text":"","src":"https:\/\/i0.wp.com\/www.jojoenherbe.com\/wp-content\/uploads\/2021\/03\/Le-voleur-dhistoires-2-scaled.jpg?fit=1200%2C900&resize=350%2C200","width":350,"height":200,"srcset":"https:\/\/i0.wp.com\/www.jojoenherbe.com\/wp-content\/uploads\/2021\/03\/Le-voleur-dhistoires-2-scaled.jpg?fit=1200%2C900&resize=350%2C200 1x, https:\/\/i0.wp.com\/www.jojoenherbe.com\/wp-content\/uploads\/2021\/03\/Le-voleur-dhistoires-2-scaled.jpg?fit=1200%2C900&resize=525%2C300 1.5x, https:\/\/i0.wp.com\/www.jojoenherbe.com\/wp-content\/uploads\/2021\/03\/Le-voleur-dhistoires-2-scaled.jpg?fit=1200%2C900&resize=700%2C400 2x, https:\/\/i0.wp.com\/www.jojoenherbe.com\/wp-content\/uploads\/2021\/03\/Le-voleur-dhistoires-2-scaled.jpg?fit=1200%2C900&resize=1050%2C600 3x"},"classes":[]},{"id":23753,"url":"http:\/\/www.jojoenherbe.com\/index.php\/2022\/02\/04\/au-fil-des-pages-avec-le-livre-que-personne-ne-lisait\/","url_meta":{"origin":4388,"position":3},"title":"Au fil des pages avec Le livre que personne ne lisait","author":"Jojo","date":"4 f\u00e9vrier 2022","format":false,"excerpt":"Nous avons lu Le livre que personne ne lisait de Carolina Rabei (\u00e9d. Circonflexe, 2016), un album jeunesse \u00e0 partir de 4 ans. Tr\u00e8s triste, R\u00e9mi est un livre de la biblioth\u00e8que qui n'a jamais \u00e9t\u00e9 lu ni emprunt\u00e9 jusqu'\u00e0 ce qu'un jeune gar\u00e7on Jacques qui d'habitude passe son temps\u2026","rel":"","context":"Dans &quot;Mini lecteur&quot;","block_context":{"text":"Mini lecteur","link":"http:\/\/www.jojoenherbe.com\/index.php\/category\/mini-lecteur\/"},"img":{"alt_text":"","src":"https:\/\/i0.wp.com\/www.jojoenherbe.com\/wp-content\/uploads\/2022\/02\/Le-livre-que-personne-ne-lisait-scaled.jpg?fit=1200%2C900&resize=350%2C200","width":350,"height":200,"srcset":"https:\/\/i0.wp.com\/www.jojoenherbe.com\/wp-content\/uploads\/2022\/02\/Le-livre-que-personne-ne-lisait-scaled.jpg?fit=1200%2C900&resize=350%2C200 1x, https:\/\/i0.wp.com\/www.jojoenherbe.com\/wp-content\/uploads\/2022\/02\/Le-livre-que-personne-ne-lisait-scaled.jpg?fit=1200%2C900&resize=525%2C300 1.5x, https:\/\/i0.wp.com\/www.jojoenherbe.com\/wp-content\/uploads\/2022\/02\/Le-livre-que-personne-ne-lisait-scaled.jpg?fit=1200%2C900&resize=700%2C400 2x, https:\/\/i0.wp.com\/www.jojoenherbe.com\/wp-content\/uploads\/2022\/02\/Le-livre-que-personne-ne-lisait-scaled.jpg?fit=1200%2C900&resize=1050%2C600 3x"},"classes":[]},{"id":8058,"url":"http:\/\/www.jojoenherbe.com\/index.php\/2019\/10\/19\/au-fil-des-pages-avec-glouton-croqueur-de-livres\/","url_meta":{"origin":4388,"position":4},"title":"Au fil des pages avec Glouton, Le croqueur de livres","author":"Jojo","date":"19 octobre 2019","format":false,"excerpt":"Nous empruntons \u00e0 la biblioth\u00e8que Glouton, Le croqueur de livres d'Emma Yarlett (\u00e9d. Gr\u00fcnd, 2016), un album jeunesse \u00e0 partir de 3 ans. Avec un tel app\u00e9tit, il ne vaut mieux pas laisser ce petit monstre jaune s'approcher d'un livre, encore moins de contes comme Boucle d'Or, Le Petit Chaperon\u2026","rel":"","context":"Dans &quot;Mini lecteur&quot;","block_context":{"text":"Mini lecteur","link":"http:\/\/www.jojoenherbe.com\/index.php\/category\/mini-lecteur\/"},"img":{"alt_text":"","src":"https:\/\/i0.wp.com\/www.jojoenherbe.com\/wp-content\/uploads\/2021\/03\/Glouton-Croqueur-de-livres-scaled.jpg?fit=1200%2C900&resize=350%2C200","width":350,"height":200,"srcset":"https:\/\/i0.wp.com\/www.jojoenherbe.com\/wp-content\/uploads\/2021\/03\/Glouton-Croqueur-de-livres-scaled.jpg?fit=1200%2C900&resize=350%2C200 1x, https:\/\/i0.wp.com\/www.jojoenherbe.com\/wp-content\/uploads\/2021\/03\/Glouton-Croqueur-de-livres-scaled.jpg?fit=1200%2C900&resize=525%2C300 1.5x, https:\/\/i0.wp.com\/www.jojoenherbe.com\/wp-content\/uploads\/2021\/03\/Glouton-Croqueur-de-livres-scaled.jpg?fit=1200%2C900&resize=700%2C400 2x, https:\/\/i0.wp.com\/www.jojoenherbe.com\/wp-content\/uploads\/2021\/03\/Glouton-Croqueur-de-livres-scaled.jpg?fit=1200%2C900&resize=1050%2C600 3x"},"classes":[]},{"id":4459,"url":"http:\/\/www.jojoenherbe.com\/index.php\/2019\/01\/31\/au-fil-des-pages-avec-mon-petit-livre-puzzle-cars\/","url_meta":{"origin":4388,"position":5},"title":"Au fil des pages avec Mon petit livre puzzle Cars","author":"Jojo","date":"31 janvier 2019","format":false,"excerpt":"Pour s'initier \u00e0 des puzzles un petit plus complexes que ceux de premier \u00e2ge, rien de tel qu'un livre-jeu cartonn\u00e9 proposant cinq petits puzzles de neuf pi\u00e8ces (\u00e0 partir de 3 ans). Il s'agit de Mon petit livre puzzle Cars (\u00e9d. Hachette Disney, 2017). Les enfants peuvent jouer des heures\u2026","rel":"","context":"Dans &quot;Mini lecteur&quot;","block_context":{"text":"Mini lecteur","link":"http:\/\/www.jojoenherbe.com\/index.php\/category\/mini-lecteur\/"},"img":{"alt_text":"","src":"https:\/\/i0.wp.com\/www.jojoenherbe.com\/wp-content\/uploads\/2019\/01\/Mon-petit-livre-puzzle-cars.jpg?fit=988%2C1200&resize=350%2C200","width":350,"height":200,"srcset":"https:\/\/i0.wp.com\/www.jojoenherbe.com\/wp-content\/uploads\/2019\/01\/Mon-petit-livre-puzzle-cars.jpg?fit=988%2C1200&resize=350%2C200 1x, https:\/\/i0.wp.com\/www.jojoenherbe.com\/wp-content\/uploads\/2019\/01\/Mon-petit-livre-puzzle-cars.jpg?fit=988%2C1200&resize=525%2C300 1.5x, https:\/\/i0.wp.com\/www.jojoenherbe.com\/wp-content\/uploads\/2019\/01\/Mon-petit-livre-puzzle-cars.jpg?fit=988%2C1200&resize=700%2C400 2x"},"classes":[]}],"_links":{"self":[{"href":"http:\/\/www.jojoenherbe.com\/index.php\/wp-json\/wp\/v2\/posts\/4388","targetHints":{"allow":["GET"]}}],"collection":[{"href":"http:\/\/www.jojoenherbe.com\/index.php\/wp-json\/wp\/v2\/posts"}],"about":[{"href":"http:\/\/www.jojoenherbe.com\/index.php\/wp-json\/wp\/v2\/types\/post"}],"author":[{"embeddable":true,"href":"http:\/\/www.jojoenherbe.com\/index.php\/wp-json\/wp\/v2\/users\/1"}],"replies":[{"embeddable":true,"href":"http:\/\/www.jojoenherbe.com\/index.php\/wp-json\/wp\/v2\/comments?post=4388"}],"version-history":[{"count":0,"href":"http:\/\/www.jojoenherbe.com\/index.php\/wp-json\/wp\/v2\/posts\/4388\/revisions"}],"wp:featuredmedia":[{"embeddable":true,"href":"http:\/\/www.jojoenherbe.com\/index.php\/wp-json\/wp\/v2\/media\/4390"}],"wp:attachment":[{"href":"http:\/\/www.jojoenherbe.com\/index.php\/wp-json\/wp\/v2\/media?parent=4388"}],"wp:term":[{"taxonomy":"category","embeddable":true,"href":"http:\/\/www.jojoenherbe.com\/index.php\/wp-json\/wp\/v2\/categories?post=4388"},{"taxonomy":"post_tag","embeddable":true,"href":"http:\/\/www.jojoenherbe.com\/index.php\/wp-json\/wp\/v2\/tags?post=4388"}],"curies":[{"name":"wp","href":"https:\/\/api.w.org\/{rel}","templated":true}]}}