{"id":43450,"date":"2026-04-04T11:57:54","date_gmt":"2026-04-04T09:57:54","guid":{"rendered":"https:\/\/www.jojoenherbe.com\/?p=43450"},"modified":"2026-04-04T11:57:54","modified_gmt":"2026-04-04T09:57:54","slug":"au-fil-des-pages-avec-je-voulais-vivre","status":"publish","type":"post","link":"http:\/\/www.jojoenherbe.com\/index.php\/2026\/04\/04\/au-fil-des-pages-avec-je-voulais-vivre\/","title":{"rendered":"Au fil des pages avec Je voulais vivre"},"content":{"rendered":"<p style=\"text-align: justify;\"><em><a href=\"https:\/\/i0.wp.com\/www.jojoenherbe.com\/wp-content\/uploads\/2026\/04\/Milady-scaled.jpg\"><img data-recalc-dims=\"1\" loading=\"lazy\" decoding=\"async\" data-attachment-id=\"43527\" data-permalink=\"http:\/\/www.jojoenherbe.com\/index.php\/2026\/04\/04\/au-fil-des-pages-avec-je-voulais-vivre\/milady\/\" data-orig-file=\"https:\/\/i0.wp.com\/www.jojoenherbe.com\/wp-content\/uploads\/2026\/04\/Milady-scaled.jpg?fit=2560%2C2409\" data-orig-size=\"2560,2409\" data-comments-opened=\"1\" data-image-meta=\"{&quot;aperture&quot;:&quot;1.8&quot;,&quot;credit&quot;:&quot;&quot;,&quot;camera&quot;:&quot;iPhone SE (3rd generation)&quot;,&quot;caption&quot;:&quot;&quot;,&quot;created_timestamp&quot;:&quot;1775152518&quot;,&quot;copyright&quot;:&quot;&quot;,&quot;focal_length&quot;:&quot;3.99&quot;,&quot;iso&quot;:&quot;400&quot;,&quot;shutter_speed&quot;:&quot;0.033333333333333&quot;,&quot;title&quot;:&quot;&quot;,&quot;orientation&quot;:&quot;1&quot;}\" data-image-title=\"Milady\" data-image-description=\"\" data-image-caption=\"\" data-large-file=\"https:\/\/i0.wp.com\/www.jojoenherbe.com\/wp-content\/uploads\/2026\/04\/Milady-scaled.jpg?fit=676%2C636\" class=\"alignleft size-thumbnail wp-image-43527\" src=\"https:\/\/i0.wp.com\/www.jojoenherbe.com\/wp-content\/uploads\/2026\/04\/Milady.jpg?resize=150%2C150\" alt=\"\" width=\"150\" height=\"150\" srcset=\"https:\/\/i0.wp.com\/www.jojoenherbe.com\/wp-content\/uploads\/2026\/04\/Milady-scaled.jpg?resize=150%2C150 150w, https:\/\/i0.wp.com\/www.jojoenherbe.com\/wp-content\/uploads\/2026\/04\/Milady-scaled.jpg?zoom=2&amp;resize=150%2C150 300w, https:\/\/i0.wp.com\/www.jojoenherbe.com\/wp-content\/uploads\/2026\/04\/Milady-scaled.jpg?zoom=3&amp;resize=150%2C150 450w\" sizes=\"auto, (max-width: 150px) 100vw, 150px\" \/><\/a>J&rsquo;ai lu <span style=\"text-decoration: underline;\">Je voulais vivre<\/span> d&rsquo;Ad\u00e9la\u00efde de Clermont-Tonnerre (\u00e9d. Grasset, ao\u00fbt 2025, 480 pages), un roman choral historique revenant sur le personnage de Milady, loin de l&rsquo;image invent\u00e9e par Alexandre Dumas dans <span style=\"text-decoration: underline;\">Les trois mousquetaires<\/span>, paru sous forme de feuilletons en 1844. Est-elle vraiment cette belle espionne sans scrupules aux ordres de Richelieu, usant de ses charmes et de son intelligence pour se jouer des trois mousquetaires et de D&rsquo;Artagnan, leur v\u00e9ritable ennemie?\u00a0<\/em><\/p>\n<p style=\"text-align: justify;\"><em>Intrigu\u00e9e par cette parution, j&rsquo;\u00e9tais contente de pouvoir l&#8217;emprunter \u00e0 la m\u00e9diath\u00e8que. J&rsquo;ai appr\u00e9ci\u00e9 ce portrait de femme et trouv\u00e9 louable l&rsquo;objectif de r\u00e9habilitation de ce personnage m\u00eame si je l&rsquo;ai trouv\u00e9 trop moderne, faisant de la jeune femme une victime de son \u00e9poque et non plus ma\u00eetresse de son destin, l&rsquo;autrice tentant de tout justifier. <\/em><\/p>\n<p style=\"text-align: justify;\"><em>En effet, derri\u00e8re ses nombreuses identit\u00e9s (Anne de Breuil, Comtesse de La F\u00e8re, Charlotte Backsonne, Lady de Winter&#8230;), se dessine une jeune femme ind\u00e9pendante, libre et r\u00e9siliente, victime d\u00e8s le plus jeune \u00e2ge d&rsquo;une soci\u00e9t\u00e9 patriarcale. Orpheline \u00e0 6 ans apr\u00e8s avoir \u00e9chapp\u00e9 \u00e0 ses cousins qui lui ont usurp\u00e9 son h\u00e9ritage familial, elle est recueillie par le p\u00e8re Lamandre, un vieux pr\u00eatre bienveillant et confi\u00e9e \u00e0 un couvent de religieuses, Notre-Dame de Templemars. Mais \u00e0 son d\u00e9c\u00e8s, son nouveau tuteur trentenaire, le p\u00e8re Sanson ne voit en elle qu&rsquo;une belle jeune fille de 13 ans. Doit-elle c\u00e9der pour un meilleure vie? Puis plus tard, sa rencontre avec le jeune comte Olivier de La F\u00e8re semble lui offrir une nouvelle vie plus heureuse. Parviendra-t-elle \u00e0 laisser derri\u00e8re son pass\u00e9 et faire le bon choix, pour elle, son fils et son pays?\u00a0<\/em><\/p>\n<p style=\"text-align: justify;\"><em>Il y est ainsi question de la condition de la femme, de libre-arbitre, de vengeances, de trahisons, de complots politiques entre la France et l&rsquo;Angleterre avec le Cardinal de Richelieu et le Duc de Buckingham, de jalousie&#8230; Les courts chapitres s&rsquo;encha\u00eenent, analysant et \u00e9clairant diff\u00e9remment les actions de Milady jusqu&rsquo;\u00e0 sa mort, en septembre 1628, \u00e0 25 ans, ex\u00e9cut\u00e9e sans proc\u00e8s par son premier mari Athos, d&rsquo;Artagnan, Art\u00e9mis, Porthos, son beau-fr\u00e8re Percy de Winter et le bourreau de Lille&#8230; La jeune femme devient ici une victime r\u00e9siliente d&rsquo;abus sexuels puis de violences conjugales (Athos l&rsquo;enfermant dans une relation toxique, par jalousie possessive, allant jusqu&rsquo;\u00e0 la pendre en d\u00e9couvrant la fleur de lys sur son \u00e9paule) ou patriarcales, la jalousie des cousins de son p\u00e8re, lorsqu&rsquo;elle est fillette puis de Percy de Winter, fr\u00e8re cadet lorsqu&rsquo;elle \u00e9pouse le lord anglais homosexuel&#8230;En quoi est-elle si diff\u00e9rente de Constance Bonacieux?<\/em><\/p>\n<p style=\"text-align: justify;\"><em><img data-recalc-dims=\"1\" loading=\"lazy\" decoding=\"async\" data-attachment-id=\"43531\" data-permalink=\"http:\/\/www.jojoenherbe.com\/index.php\/2026\/04\/04\/au-fil-des-pages-avec-je-voulais-vivre\/episode-4-milady\/\" data-orig-file=\"https:\/\/i0.wp.com\/www.jojoenherbe.com\/wp-content\/uploads\/2026\/04\/Episode-4-Milady.jpg?fit=217%2C300\" data-orig-size=\"217,300\" data-comments-opened=\"1\" data-image-meta=\"{&quot;aperture&quot;:&quot;0&quot;,&quot;credit&quot;:&quot;&quot;,&quot;camera&quot;:&quot;&quot;,&quot;caption&quot;:&quot;&quot;,&quot;created_timestamp&quot;:&quot;0&quot;,&quot;copyright&quot;:&quot;&quot;,&quot;focal_length&quot;:&quot;0&quot;,&quot;iso&quot;:&quot;0&quot;,&quot;shutter_speed&quot;:&quot;0&quot;,&quot;title&quot;:&quot;&quot;,&quot;orientation&quot;:&quot;0&quot;}\" data-image-title=\"Episode 4 Milady\" data-image-description=\"\" data-image-caption=\"\" data-large-file=\"https:\/\/i0.wp.com\/www.jojoenherbe.com\/wp-content\/uploads\/2026\/04\/Episode-4-Milady.jpg?fit=217%2C300\" class=\"wp-image-43531 alignright\" src=\"https:\/\/i0.wp.com\/www.jojoenherbe.com\/wp-content\/uploads\/2026\/04\/Episode-4-Milady.jpg?resize=126%2C174\" alt=\"\" width=\"126\" height=\"174\" \/>L&rsquo;autrice se penche \u00e9galement sur les derniers jours de D&rsquo;Artagnan, lors du si\u00e8ge de Maastricht en juin 1673, dont l&rsquo;aide de camp, Philippe de Saint-Chamasne semble finalement ne rien avoir appris de cette confession, en ne faisant que reproduire le m\u00eame geste de condamnation envers Milady. Un bon moment de lecture qui apporte un autre regard sur cette jeune femme qui ne voulait que vivre, m\u00eame si on perd le c\u00f4t\u00e9 roman de capes et d&rsquo;\u00e9p\u00e9es pour un aspect plus soci\u00e9tal et un propos tr\u00e8s (trop) contemporain! Cela m&rsquo;a donn\u00e9 envie de relire <span style=\"text-decoration: underline;\">Les trois mousquetaires<\/span> d&rsquo;Alexandre Dumas (\u00e9d. Flammarion, r\u00e9\u00e9d. janvier 2025, 833 pages) ou faire d\u00e9couvrir le dessin anim\u00e9 de 1981 \u00e0 mon mini lutin qui conna\u00eet d\u00e9j\u00e0 la chanson du g\u00e9n\u00e9rique.<\/em><\/p>\n<p><span class=\"embed-youtube\" style=\"text-align:center; display: block;\"><iframe loading=\"lazy\" class=\"youtube-player\" width=\"676\" height=\"381\" src=\"https:\/\/www.youtube.com\/embed\/XUM54EAJJys?version=3&#038;rel=1&#038;showsearch=0&#038;showinfo=1&#038;iv_load_policy=1&#038;fs=1&#038;hl=fr-FR&#038;autohide=2&#038;wmode=transparent&#038;listType=playlist&#038;list=RDXUM54EAJJys\" allowfullscreen=\"true\" style=\"border:0;\" sandbox=\"allow-scripts allow-same-origin allow-popups allow-presentation allow-popups-to-escape-sandbox\"><\/iframe><\/span><\/p>\n<p style=\"text-align: justify;\"><em>Pour d&rsquo;autres avis sur ce roman: <a href=\"https:\/\/toursetculture.com\/2025\/09\/12\/je-voulais-vivre-adelaide-de-clermont-tonnerre\/\">Eimelle<\/a>.<\/em><\/p>\n<div id=\"attachment_42095\" style=\"width: 99px\" class=\"wp-caption alignleft\"><img data-recalc-dims=\"1\" loading=\"lazy\" decoding=\"async\" aria-describedby=\"caption-attachment-42095\" data-attachment-id=\"42095\" data-permalink=\"http:\/\/www.jojoenherbe.com\/index.php\/2026\/01\/02\/au-fil-des-pages-avec-le-tome-2-de-lady-sherlock\/challenge-petit-bac-2026-logo\/\" data-orig-file=\"https:\/\/i0.wp.com\/www.jojoenherbe.com\/wp-content\/uploads\/2026\/01\/Challenge-Petit-Bac-2026-logo.jpg?fit=285%2C217\" data-orig-size=\"285,217\" data-comments-opened=\"1\" data-image-meta=\"{&quot;aperture&quot;:&quot;0&quot;,&quot;credit&quot;:&quot;&quot;,&quot;camera&quot;:&quot;&quot;,&quot;caption&quot;:&quot;&quot;,&quot;created_timestamp&quot;:&quot;0&quot;,&quot;copyright&quot;:&quot;&quot;,&quot;focal_length&quot;:&quot;0&quot;,&quot;iso&quot;:&quot;0&quot;,&quot;shutter_speed&quot;:&quot;0&quot;,&quot;title&quot;:&quot;&quot;,&quot;orientation&quot;:&quot;0&quot;}\" data-image-title=\"Challenge Petit Bac 2026 &amp;#8211; logo\" data-image-description=\"\" data-image-caption=\"\" data-large-file=\"https:\/\/i0.wp.com\/www.jojoenherbe.com\/wp-content\/uploads\/2026\/01\/Challenge-Petit-Bac-2026-logo.jpg?fit=285%2C217\" class=\"wp-image-42095\" src=\"https:\/\/i0.wp.com\/www.jojoenherbe.com\/wp-content\/uploads\/2026\/01\/Challenge-Petit-Bac-2026-logo.jpg?resize=89%2C68\" alt=\"\" width=\"89\" height=\"68\" \/><p id=\"caption-attachment-42095\" class=\"wp-caption-text\">Challenge Petit Bac 2026 d\u2019<a href=\"https:\/\/ennalit.wordpress.com\/2025\/12\/01\/challenge-petit-bac-2026-qui-veut-jouer\/\">Enna<\/a> #2 Cat\u00e9gorie Pronom personnel sujet: \u00ab Je \u00bb<\/p><\/div>\n<div id=\"attachment_42357\" style=\"width: 117px\" class=\"wp-caption alignleft\"><img data-recalc-dims=\"1\" loading=\"lazy\" decoding=\"async\" aria-describedby=\"caption-attachment-42357\" data-attachment-id=\"42357\" data-permalink=\"http:\/\/www.jojoenherbe.com\/index.php\/2026\/01\/13\/au-fil-des-pages-avec-vacances-de-noel\/2026-sera-classique-aussi-logo\/\" data-orig-file=\"https:\/\/i0.wp.com\/www.jojoenherbe.com\/wp-content\/uploads\/2026\/01\/2026-sera-classique-aussi-logo.jpg?fit=297%2C227\" data-orig-size=\"297,227\" data-comments-opened=\"1\" data-image-meta=\"{&quot;aperture&quot;:&quot;0&quot;,&quot;credit&quot;:&quot;&quot;,&quot;camera&quot;:&quot;&quot;,&quot;caption&quot;:&quot;&quot;,&quot;created_timestamp&quot;:&quot;0&quot;,&quot;copyright&quot;:&quot;&quot;,&quot;focal_length&quot;:&quot;0&quot;,&quot;iso&quot;:&quot;0&quot;,&quot;shutter_speed&quot;:&quot;0&quot;,&quot;title&quot;:&quot;&quot;,&quot;orientation&quot;:&quot;1&quot;}\" data-image-title=\"2026 sera classique aussi &amp;#8211; logo\" data-image-description=\"\" data-image-caption=\"\" data-large-file=\"https:\/\/i0.wp.com\/www.jojoenherbe.com\/wp-content\/uploads\/2026\/01\/2026-sera-classique-aussi-logo.jpg?fit=297%2C227\" class=\"wp-image-42357\" src=\"https:\/\/i0.wp.com\/www.jojoenherbe.com\/wp-content\/uploads\/2026\/01\/2026-sera-classique-aussi-logo.jpg?resize=107%2C82\" alt=\"\" width=\"107\" height=\"82\" \/><p id=\"caption-attachment-42357\" class=\"wp-caption-text\">Participation #7 au Challenge 2026 sera classique aussi! de <em><a href=\"https:\/\/delivrer-des-livres.fr\/2026-sera-classique\/\">Nathalie<\/a><\/em> #R\u00e9\u00e9criture<\/p><\/div>\n","protected":false},"excerpt":{"rendered":"<p>J&rsquo;ai lu Je voulais vivre d&rsquo;Ad\u00e9la\u00efde de Clermont-Tonnerre (\u00e9d. Grasset, ao\u00fbt 2025, 480 pages), un roman choral historique revenant sur le personnage de Milady, loin de l&rsquo;image invent\u00e9e par Alexandre Dumas dans Les trois mousquetaires, paru sous forme de feuilletons en 1844. Est-elle vraiment cette belle espionne sans scrupules aux ordres de Richelieu, usant de [&hellip;]<\/p>\n","protected":false},"author":1,"featured_media":43451,"comment_status":"open","ping_status":"open","sticky":false,"template":"","format":"standard","meta":{"jetpack_post_was_ever_published":false,"_jetpack_newsletter_access":"","_jetpack_dont_email_post_to_subs":false,"_jetpack_newsletter_tier_id":0,"_jetpack_memberships_contains_paywalled_content":false,"_jetpack_memberships_contains_paid_content":false,"footnotes":""},"categories":[363],"tags":[1347,4823,4976,4977,4806,4197,1492,814,1085,4128,4979,4978,2081,1818,905,4576,1294,2519],"class_list":["post-43450","post","type-post","status-publish","format-standard","has-post-thumbnail","hentry","category-mini-lecteur","tag-18-ans-et-plus","tag-2026-sera-classique-aussi","tag-adelaide-de-clermont-tonnerre","tag-alexandre-dumas","tag-challenge-petit-bac-2026","tag-complot-politique","tag-condition-de-la-femme","tag-jalousie","tag-lecture-adulte","tag-litterature-francaise","tag-mousquetaire","tag-reecriture","tag-resilience","tag-roman-historique","tag-romans-adulte","tag-tentative-de-meurtre","tag-trahison","tag-vengeance","post-preview"],"jetpack_featured_media_url":"https:\/\/i0.wp.com\/www.jojoenherbe.com\/wp-content\/uploads\/2026\/03\/Je-voulais-vivre-scaled.jpeg?fit=2560%2C2180","jetpack_sharing_enabled":true,"jetpack_shortlink":"https:\/\/wp.me\/p9zhGx-biO","jetpack_likes_enabled":true,"jetpack-related-posts":[{"id":38197,"url":"http:\/\/www.jojoenherbe.com\/index.php\/2025\/01\/27\/point-lecture-hebdomadaire-2025-4\/","url_meta":{"origin":43450,"position":0},"title":"Point lecture hebdomadaire 2025 #4","author":"Jojo","date":"27 janvier 2025","format":false,"excerpt":"En ce d\u00e9but de semaine, voici mon point lecture hebdomadaire avec un retour sur nos lectures (mais pas nos relectures) de la semaine derni\u00e8re. Nos lectures du\u00a0 20 au 26 janvier 2025: Des lectures jeunesse: Pas de nouveaut\u00e9 cette semaine c\u00f4t\u00e9 jeunesse. Mon mini lutin a voulu relire Quelque part\u2026","rel":"","context":"Dans &quot;Mini blogueur&quot;","block_context":{"text":"Mini blogueur","link":"http:\/\/www.jojoenherbe.com\/index.php\/category\/mini-blogueur\/"},"img":{"alt_text":"","src":"https:\/\/i0.wp.com\/www.jojoenherbe.com\/wp-content\/uploads\/2025\/01\/Point-lecture-hebdo-2025-4.jpg?fit=1200%2C960&resize=350%2C200","width":350,"height":200,"srcset":"https:\/\/i0.wp.com\/www.jojoenherbe.com\/wp-content\/uploads\/2025\/01\/Point-lecture-hebdo-2025-4.jpg?fit=1200%2C960&resize=350%2C200 1x, https:\/\/i0.wp.com\/www.jojoenherbe.com\/wp-content\/uploads\/2025\/01\/Point-lecture-hebdo-2025-4.jpg?fit=1200%2C960&resize=525%2C300 1.5x, https:\/\/i0.wp.com\/www.jojoenherbe.com\/wp-content\/uploads\/2025\/01\/Point-lecture-hebdo-2025-4.jpg?fit=1200%2C960&resize=700%2C400 2x, https:\/\/i0.wp.com\/www.jojoenherbe.com\/wp-content\/uploads\/2025\/01\/Point-lecture-hebdo-2025-4.jpg?fit=1200%2C960&resize=1050%2C600 3x"},"classes":[]},{"id":37843,"url":"http:\/\/www.jojoenherbe.com\/index.php\/2025\/01\/08\/point-lecture-hebdomadaire-2025-1\/","url_meta":{"origin":43450,"position":1},"title":"Point lecture hebdomadaire 2025 #1","author":"Jojo","date":"8 janvier 2025","format":false,"excerpt":"En ce (presque) d\u00e9but de semaine, voici mon point lecture hebdomadaire avec un retour sur nos lectures (mais pas nos relectures) de la semaine derni\u00e8re et qui s'est termin\u00e9e sur un RAT post-No\u00ebl 2024 qui est venu cl\u00f4turer le challenge Il \u00e9tait 12 fois No\u00ebl. Nos lectures du\u00a0 30 d\u00e9cembre\u2026","rel":"","context":"Dans &quot;Mini blogueur&quot;","block_context":{"text":"Mini blogueur","link":"http:\/\/www.jojoenherbe.com\/index.php\/category\/mini-blogueur\/"},"img":{"alt_text":"","src":"https:\/\/i0.wp.com\/www.jojoenherbe.com\/wp-content\/uploads\/2025\/01\/Point-lecture-hebdo-2025-1.jpg?fit=1080%2C1080&resize=350%2C200","width":350,"height":200,"srcset":"https:\/\/i0.wp.com\/www.jojoenherbe.com\/wp-content\/uploads\/2025\/01\/Point-lecture-hebdo-2025-1.jpg?fit=1080%2C1080&resize=350%2C200 1x, https:\/\/i0.wp.com\/www.jojoenherbe.com\/wp-content\/uploads\/2025\/01\/Point-lecture-hebdo-2025-1.jpg?fit=1080%2C1080&resize=525%2C300 1.5x, https:\/\/i0.wp.com\/www.jojoenherbe.com\/wp-content\/uploads\/2025\/01\/Point-lecture-hebdo-2025-1.jpg?fit=1080%2C1080&resize=700%2C400 2x, https:\/\/i0.wp.com\/www.jojoenherbe.com\/wp-content\/uploads\/2025\/01\/Point-lecture-hebdo-2025-1.jpg?fit=1080%2C1080&resize=1050%2C600 3x"},"classes":[]},{"id":34637,"url":"http:\/\/www.jojoenherbe.com\/index.php\/2024\/02\/02\/billet-de-suivi-african-american-history-month-challenge-2024\/","url_meta":{"origin":43450,"position":2},"title":"Billet de suivi: African-American History Month Challenge 2024","author":"Jojo","date":"2 f\u00e9vrier 2024","format":false,"excerpt":"Cette ann\u00e9e, je participe \u00e0 l'African-American History Month Challenge (AAHM Challenge) 2024 organis\u00e9 depuis plusieurs ann\u00e9es par Enna, tout au long du mois de f\u00e9vrier. Il s'agit de parler des Afro-Am\u00e9ricains dans l\u2019histoire ou dans la fiction. Pour plus d\u2019infos, n\u2019h\u00e9sitez pas \u00e0 aller sur son blog ou sur le\u2026","rel":"","context":"Dans &quot;Mini challenger&quot;","block_context":{"text":"Mini challenger","link":"http:\/\/www.jojoenherbe.com\/index.php\/category\/mini-challenger\/"},"img":{"alt_text":"","src":"https:\/\/i0.wp.com\/www.jojoenherbe.com\/wp-content\/uploads\/2024\/02\/AAHM-Challenge-2024.jpg?fit=960%2C480&resize=350%2C200","width":350,"height":200,"srcset":"https:\/\/i0.wp.com\/www.jojoenherbe.com\/wp-content\/uploads\/2024\/02\/AAHM-Challenge-2024.jpg?fit=960%2C480&resize=350%2C200 1x, https:\/\/i0.wp.com\/www.jojoenherbe.com\/wp-content\/uploads\/2024\/02\/AAHM-Challenge-2024.jpg?fit=960%2C480&resize=525%2C300 1.5x, https:\/\/i0.wp.com\/www.jojoenherbe.com\/wp-content\/uploads\/2024\/02\/AAHM-Challenge-2024.jpg?fit=960%2C480&resize=700%2C400 2x"},"classes":[]},{"id":39479,"url":"http:\/\/www.jojoenherbe.com\/index.php\/2025\/05\/22\/throwback-thursday-livresque-post-apocalyptique\/","url_meta":{"origin":43450,"position":3},"title":"Throwback Thursday Livresque: Post-Apocalyptique","author":"Jojo","date":"22 mai 2025","format":false,"excerpt":"Ce jeudi 22 mai 2025, je participe au Throwback Thursday Livresque, un rendez-vous livresque initialement chez Bettie Rose Books et repris depuis par Carole, les liens \u00e9tant \u00e0 d\u00e9poser chez My-Bo0ks. Le principe est de partager chaque jeudi un livre en fonction d\u2019un th\u00e8me donn\u00e9. Cette semaine, le th\u00e8me est\u2026","rel":"","context":"Dans &quot;Mini blogueur&quot;","block_context":{"text":"Mini blogueur","link":"http:\/\/www.jojoenherbe.com\/index.php\/category\/mini-blogueur\/"},"img":{"alt_text":"","src":"https:\/\/i0.wp.com\/www.jojoenherbe.com\/wp-content\/uploads\/2023\/10\/TTL-logo.jpg?resize=350%2C200","width":350,"height":200},"classes":[]},{"id":43640,"url":"http:\/\/www.jojoenherbe.com\/index.php\/2026\/04\/15\/au-fil-des-pages-avec-les-dames-de-kimoto\/","url_meta":{"origin":43450,"position":4},"title":"Au fil des pages avec Les Dames de Kimoto","author":"Jojo","date":"15 avril 2026","format":false,"excerpt":"J\u2019ai commenc\u00e9 par lire Les Dames de Kimoto de Cyril Bonin (\u00e9d. Sarbacane, mars 2022, 112 pages), un roman graphique adaptant le roman \u00e9ponyme de Sawako Ariyoshi et paru pour la premi\u00e8re fois en 1959. On y suit la vie des femmes d\u2019une m\u00eame famille ais\u00e9e des Matani, sur trois\u2026","rel":"","context":"Dans &quot;Mini lecteur&quot;","block_context":{"text":"Mini lecteur","link":"http:\/\/www.jojoenherbe.com\/index.php\/category\/mini-lecteur\/"},"img":{"alt_text":"","src":"https:\/\/i0.wp.com\/www.jojoenherbe.com\/wp-content\/uploads\/2026\/04\/Les-Dames-de-Kimoto-BD-3-scaled.jpeg?resize=350%2C200","width":350,"height":200,"srcset":"https:\/\/i0.wp.com\/www.jojoenherbe.com\/wp-content\/uploads\/2026\/04\/Les-Dames-de-Kimoto-BD-3-scaled.jpeg?resize=350%2C200 1x, https:\/\/i0.wp.com\/www.jojoenherbe.com\/wp-content\/uploads\/2026\/04\/Les-Dames-de-Kimoto-BD-3-scaled.jpeg?resize=525%2C300 1.5x, https:\/\/i0.wp.com\/www.jojoenherbe.com\/wp-content\/uploads\/2026\/04\/Les-Dames-de-Kimoto-BD-3-scaled.jpeg?resize=700%2C400 2x, https:\/\/i0.wp.com\/www.jojoenherbe.com\/wp-content\/uploads\/2026\/04\/Les-Dames-de-Kimoto-BD-3-scaled.jpeg?resize=1050%2C600 3x, https:\/\/i0.wp.com\/www.jojoenherbe.com\/wp-content\/uploads\/2026\/04\/Les-Dames-de-Kimoto-BD-3-scaled.jpeg?resize=1400%2C800 4x"},"classes":[]},{"id":42147,"url":"http:\/\/www.jojoenherbe.com\/index.php\/2026\/01\/16\/au-fil-des-pages-avec-un-noel-au-manoir\/","url_meta":{"origin":43450,"position":5},"title":"Au fil des pages avec Un No\u00ebl au manoir","author":"Jojo","date":"16 janvier 2026","format":false,"excerpt":"J'ai lu Un No\u00ebl au manoir d\u2019Anne Perry (\u00e9d. 10\/18, novembre 2025, 182 pages), un court roman policier historique de No\u00ebl en lecture commune avec Isabelle, Hilde et Syl et qui met en sc\u00e8ne des personnages secondaires s\u00e9rie \u00ab Charlotte et Thomas Pitt \u00bb dont je n'ai que les premiers\u2026","rel":"","context":"Dans &quot;Mini lecteur&quot;","block_context":{"text":"Mini lecteur","link":"http:\/\/www.jojoenherbe.com\/index.php\/category\/mini-lecteur\/"},"img":{"alt_text":"","src":"https:\/\/i0.wp.com\/www.jojoenherbe.com\/wp-content\/uploads\/2025\/12\/Un-Noel-au-manoir-scaled.jpg?fit=1200%2C963&resize=350%2C200","width":350,"height":200,"srcset":"https:\/\/i0.wp.com\/www.jojoenherbe.com\/wp-content\/uploads\/2025\/12\/Un-Noel-au-manoir-scaled.jpg?fit=1200%2C963&resize=350%2C200 1x, https:\/\/i0.wp.com\/www.jojoenherbe.com\/wp-content\/uploads\/2025\/12\/Un-Noel-au-manoir-scaled.jpg?fit=1200%2C963&resize=525%2C300 1.5x, https:\/\/i0.wp.com\/www.jojoenherbe.com\/wp-content\/uploads\/2025\/12\/Un-Noel-au-manoir-scaled.jpg?fit=1200%2C963&resize=700%2C400 2x, https:\/\/i0.wp.com\/www.jojoenherbe.com\/wp-content\/uploads\/2025\/12\/Un-Noel-au-manoir-scaled.jpg?fit=1200%2C963&resize=1050%2C600 3x"},"classes":[]}],"_links":{"self":[{"href":"http:\/\/www.jojoenherbe.com\/index.php\/wp-json\/wp\/v2\/posts\/43450","targetHints":{"allow":["GET"]}}],"collection":[{"href":"http:\/\/www.jojoenherbe.com\/index.php\/wp-json\/wp\/v2\/posts"}],"about":[{"href":"http:\/\/www.jojoenherbe.com\/index.php\/wp-json\/wp\/v2\/types\/post"}],"author":[{"embeddable":true,"href":"http:\/\/www.jojoenherbe.com\/index.php\/wp-json\/wp\/v2\/users\/1"}],"replies":[{"embeddable":true,"href":"http:\/\/www.jojoenherbe.com\/index.php\/wp-json\/wp\/v2\/comments?post=43450"}],"version-history":[{"count":16,"href":"http:\/\/www.jojoenherbe.com\/index.php\/wp-json\/wp\/v2\/posts\/43450\/revisions"}],"predecessor-version":[{"id":43534,"href":"http:\/\/www.jojoenherbe.com\/index.php\/wp-json\/wp\/v2\/posts\/43450\/revisions\/43534"}],"wp:featuredmedia":[{"embeddable":true,"href":"http:\/\/www.jojoenherbe.com\/index.php\/wp-json\/wp\/v2\/media\/43451"}],"wp:attachment":[{"href":"http:\/\/www.jojoenherbe.com\/index.php\/wp-json\/wp\/v2\/media?parent=43450"}],"wp:term":[{"taxonomy":"category","embeddable":true,"href":"http:\/\/www.jojoenherbe.com\/index.php\/wp-json\/wp\/v2\/categories?post=43450"},{"taxonomy":"post_tag","embeddable":true,"href":"http:\/\/www.jojoenherbe.com\/index.php\/wp-json\/wp\/v2\/tags?post=43450"}],"curies":[{"name":"wp","href":"https:\/\/api.w.org\/{rel}","templated":true}]}}