{"id":4340,"date":"2019-01-19T23:02:18","date_gmt":"2019-01-19T22:02:18","guid":{"rendered":"http:\/\/www.jojoenherbe.com\/?p=4340"},"modified":"2021-12-29T13:07:17","modified_gmt":"2021-12-29T12:07:17","slug":"au-fil-des-pages-sur-le-theme-de-la-galette-des-rois","status":"publish","type":"post","link":"http:\/\/www.jojoenherbe.com\/index.php\/2019\/01\/19\/au-fil-des-pages-sur-le-theme-de-la-galette-des-rois\/","title":{"rendered":"Au fil des pages sur le th\u00e8me de la galette des rois"},"content":{"rendered":"<p style=\"text-align: justify;\"><em>Apr\u00e8s avoir mang\u00e9 de la galette et fabriqu\u00e9 des <a href=\"http:\/\/www.jojoenherbe.com\/index.php\/2019\/01\/15\/une-couronne-pour-la-galette-des-rois\/\">couronnes<\/a> il y a quelques jours, nous poursuivons par la lecture d&rsquo;histoires sur le th\u00e8me de la galette des rois. Je ne parlerai que de trois d&rsquo;entre elles.<br \/>\n<\/em><\/p>\n<p style=\"text-align: justify;\"><em><a href=\"https:\/\/i0.wp.com\/www.jojoenherbe.com\/wp-content\/uploads\/2019\/01\/Ptit-Loup.jpg\"><img data-recalc-dims=\"1\" loading=\"lazy\" decoding=\"async\" data-attachment-id=\"4350\" data-permalink=\"http:\/\/www.jojoenherbe.com\/index.php\/2019\/01\/19\/au-fil-des-pages-sur-le-theme-de-la-galette-des-rois\/ptit-loup\/\" data-orig-file=\"https:\/\/i0.wp.com\/www.jojoenherbe.com\/wp-content\/uploads\/2019\/01\/Ptit-Loup.jpg?fit=1946%2C2596\" data-orig-size=\"1946,2596\" data-comments-opened=\"1\" data-image-meta=\"{&quot;aperture&quot;:&quot;2.4&quot;,&quot;credit&quot;:&quot;&quot;,&quot;camera&quot;:&quot;iPhone 4S&quot;,&quot;caption&quot;:&quot;&quot;,&quot;created_timestamp&quot;:&quot;1547888356&quot;,&quot;copyright&quot;:&quot;&quot;,&quot;focal_length&quot;:&quot;4.28&quot;,&quot;iso&quot;:&quot;250&quot;,&quot;shutter_speed&quot;:&quot;0.05&quot;,&quot;title&quot;:&quot;&quot;,&quot;orientation&quot;:&quot;1&quot;}\" data-image-title=\"P&amp;rsquo;tit Loup\" data-image-description=\"\" data-image-caption=\"\" data-large-file=\"https:\/\/i0.wp.com\/www.jojoenherbe.com\/wp-content\/uploads\/2019\/01\/Ptit-Loup.jpg?fit=676%2C901\" class=\"alignleft size-thumbnail wp-image-4350\" src=\"https:\/\/i0.wp.com\/www.jojoenherbe.com\/wp-content\/uploads\/2019\/01\/Ptit-Loup.jpg?resize=150%2C150\" alt=\"\" width=\"150\" height=\"150\" srcset=\"https:\/\/i0.wp.com\/www.jojoenherbe.com\/wp-content\/uploads\/2019\/01\/Ptit-Loup.jpg?resize=150%2C150 150w, https:\/\/i0.wp.com\/www.jojoenherbe.com\/wp-content\/uploads\/2019\/01\/Ptit-Loup.jpg?zoom=2&amp;resize=150%2C150 300w, https:\/\/i0.wp.com\/www.jojoenherbe.com\/wp-content\/uploads\/2019\/01\/Ptit-Loup.jpg?zoom=3&amp;resize=150%2C150 450w\" sizes=\"auto, (max-width: 150px) 100vw, 150px\" \/><\/a><a href=\"https:\/\/i0.wp.com\/www.jojoenherbe.com\/wp-content\/uploads\/2019\/01\/Ptit-Loup-2.jpg\"><img data-recalc-dims=\"1\" loading=\"lazy\" decoding=\"async\" data-attachment-id=\"4359\" data-permalink=\"http:\/\/www.jojoenherbe.com\/index.php\/2019\/01\/19\/au-fil-des-pages-sur-le-theme-de-la-galette-des-rois\/ptit-loup-2\/\" data-orig-file=\"https:\/\/i0.wp.com\/www.jojoenherbe.com\/wp-content\/uploads\/2019\/01\/Ptit-Loup-2.jpg?fit=3264%2C2448\" data-orig-size=\"3264,2448\" data-comments-opened=\"1\" data-image-meta=\"{&quot;aperture&quot;:&quot;2.4&quot;,&quot;credit&quot;:&quot;&quot;,&quot;camera&quot;:&quot;iPhone 4S&quot;,&quot;caption&quot;:&quot;&quot;,&quot;created_timestamp&quot;:&quot;1547979479&quot;,&quot;copyright&quot;:&quot;&quot;,&quot;focal_length&quot;:&quot;4.28&quot;,&quot;iso&quot;:&quot;250&quot;,&quot;shutter_speed&quot;:&quot;0.05&quot;,&quot;title&quot;:&quot;&quot;,&quot;orientation&quot;:&quot;1&quot;}\" data-image-title=\"P&amp;rsquo;tit Loup 2\" data-image-description=\"\" data-image-caption=\"\" data-large-file=\"https:\/\/i0.wp.com\/www.jojoenherbe.com\/wp-content\/uploads\/2019\/01\/Ptit-Loup-2.jpg?fit=676%2C507\" class=\"alignleft size-thumbnail wp-image-4359\" src=\"https:\/\/i0.wp.com\/www.jojoenherbe.com\/wp-content\/uploads\/2019\/01\/Ptit-Loup-2.jpg?resize=150%2C150\" alt=\"\" width=\"150\" height=\"150\" srcset=\"https:\/\/i0.wp.com\/www.jojoenherbe.com\/wp-content\/uploads\/2019\/01\/Ptit-Loup-2.jpg?resize=150%2C150 150w, https:\/\/i0.wp.com\/www.jojoenherbe.com\/wp-content\/uploads\/2019\/01\/Ptit-Loup-2.jpg?zoom=2&amp;resize=150%2C150 300w, https:\/\/i0.wp.com\/www.jojoenherbe.com\/wp-content\/uploads\/2019\/01\/Ptit-Loup-2.jpg?zoom=3&amp;resize=150%2C150 450w\" sizes=\"auto, (max-width: 150px) 100vw, 150px\" \/><\/a> Le premier album jeunesse lu est celui avec un des personnages pr\u00e9f\u00e9r\u00e9s de beaucoup d&rsquo;enfants, P&rsquo;tit Loup. Il s&rsquo;agit de <span style=\"text-decoration: underline;\">P&rsquo;tit Loup est le roi de la galette<\/span> d&rsquo;Orianne Lallemand et d\u2019\u00c9l\u00e9onore Thuillier (\u00e9d. Auzou \u00e9veil, 2015). Apr\u00e8s avoir eu la f\u00e8ve dans la galette de l&rsquo;\u00e9cole, P&rsquo;tit Loup souhaite en faire une chez lui et la d\u00e9guster avec ses parents et sa petite s\u0153ur. Sont ainsi d\u00e9crites les \u00e9tapes incontournables autour de la galette des rois : sa confection, sa d\u00e9gustation apr\u00e8s que le plus jeune a tir\u00e9 les rois, la d\u00e9couverte de la f\u00e8ve et, enfin, le couronnement des heureux roi et reine. En bonus, le livre se termine avec la recette de la galette des rois, de quoi attiser, si besoin \u00e9tait, notre gourmandise pour en manger encore! Ce livre permet ainsi de vivre \u00e0 nouveau, \u00e0 travers le personnage de P&rsquo;tit Loup, des situations de la vie de tous les jours.<br \/>\n<\/em><\/p>\n<p style=\"text-align: justify;\"><em><a href=\"https:\/\/i0.wp.com\/www.jojoenherbe.com\/wp-content\/uploads\/2019\/01\/Loup-Gouloup.jpg\"><img data-recalc-dims=\"1\" loading=\"lazy\" decoding=\"async\" data-attachment-id=\"4348\" data-permalink=\"http:\/\/www.jojoenherbe.com\/index.php\/2019\/01\/19\/au-fil-des-pages-sur-le-theme-de-la-galette-des-rois\/loup-gouloup\/\" data-orig-file=\"https:\/\/i0.wp.com\/www.jojoenherbe.com\/wp-content\/uploads\/2019\/01\/Loup-Gouloup.jpg?fit=1986%2C2268\" data-orig-size=\"1986,2268\" data-comments-opened=\"1\" data-image-meta=\"{&quot;aperture&quot;:&quot;2.4&quot;,&quot;credit&quot;:&quot;&quot;,&quot;camera&quot;:&quot;iPhone 4S&quot;,&quot;caption&quot;:&quot;&quot;,&quot;created_timestamp&quot;:&quot;1547888394&quot;,&quot;copyright&quot;:&quot;&quot;,&quot;focal_length&quot;:&quot;4.28&quot;,&quot;iso&quot;:&quot;320&quot;,&quot;shutter_speed&quot;:&quot;0.05&quot;,&quot;title&quot;:&quot;&quot;,&quot;orientation&quot;:&quot;1&quot;}\" data-image-title=\"Loup Gouloup\" data-image-description=\"\" data-image-caption=\"\" data-large-file=\"https:\/\/i0.wp.com\/www.jojoenherbe.com\/wp-content\/uploads\/2019\/01\/Loup-Gouloup.jpg?fit=676%2C772\" class=\"size-thumbnail wp-image-4348 alignright\" src=\"https:\/\/i0.wp.com\/www.jojoenherbe.com\/wp-content\/uploads\/2019\/01\/Loup-Gouloup.jpg?resize=150%2C150\" alt=\"\" width=\"150\" height=\"150\" srcset=\"https:\/\/i0.wp.com\/www.jojoenherbe.com\/wp-content\/uploads\/2019\/01\/Loup-Gouloup.jpg?resize=150%2C150 150w, https:\/\/i0.wp.com\/www.jojoenherbe.com\/wp-content\/uploads\/2019\/01\/Loup-Gouloup.jpg?zoom=2&amp;resize=150%2C150 300w, https:\/\/i0.wp.com\/www.jojoenherbe.com\/wp-content\/uploads\/2019\/01\/Loup-Gouloup.jpg?zoom=3&amp;resize=150%2C150 450w\" sizes=\"auto, (max-width: 150px) 100vw, 150px\" \/><\/a><a href=\"https:\/\/i0.wp.com\/www.jojoenherbe.com\/wp-content\/uploads\/2019\/01\/Loup-Gouloup-2.jpg\"><img data-recalc-dims=\"1\" loading=\"lazy\" decoding=\"async\" data-attachment-id=\"4357\" data-permalink=\"http:\/\/www.jojoenherbe.com\/index.php\/2019\/01\/19\/au-fil-des-pages-sur-le-theme-de-la-galette-des-rois\/loup-gouloup-2\/\" data-orig-file=\"https:\/\/i0.wp.com\/www.jojoenherbe.com\/wp-content\/uploads\/2019\/01\/Loup-Gouloup-2.jpg?fit=2395%2C2511\" data-orig-size=\"2395,2511\" data-comments-opened=\"1\" data-image-meta=\"{&quot;aperture&quot;:&quot;2.4&quot;,&quot;credit&quot;:&quot;&quot;,&quot;camera&quot;:&quot;iPhone 4S&quot;,&quot;caption&quot;:&quot;&quot;,&quot;created_timestamp&quot;:&quot;1547979519&quot;,&quot;copyright&quot;:&quot;&quot;,&quot;focal_length&quot;:&quot;4.28&quot;,&quot;iso&quot;:&quot;400&quot;,&quot;shutter_speed&quot;:&quot;0.058823529411765&quot;,&quot;title&quot;:&quot;&quot;,&quot;orientation&quot;:&quot;1&quot;}\" data-image-title=\"Loup Gouloup 2\" data-image-description=\"\" data-image-caption=\"\" data-large-file=\"https:\/\/i0.wp.com\/www.jojoenherbe.com\/wp-content\/uploads\/2019\/01\/Loup-Gouloup-2.jpg?fit=676%2C709\" class=\"size-thumbnail wp-image-4357 alignright\" src=\"https:\/\/i0.wp.com\/www.jojoenherbe.com\/wp-content\/uploads\/2019\/01\/Loup-Gouloup-2.jpg?resize=150%2C150\" alt=\"\" width=\"150\" height=\"150\" srcset=\"https:\/\/i0.wp.com\/www.jojoenherbe.com\/wp-content\/uploads\/2019\/01\/Loup-Gouloup-2.jpg?resize=150%2C150 150w, https:\/\/i0.wp.com\/www.jojoenherbe.com\/wp-content\/uploads\/2019\/01\/Loup-Gouloup-2.jpg?zoom=2&amp;resize=150%2C150 300w, https:\/\/i0.wp.com\/www.jojoenherbe.com\/wp-content\/uploads\/2019\/01\/Loup-Gouloup-2.jpg?zoom=3&amp;resize=150%2C150 450w\" sizes=\"auto, (max-width: 150px) 100vw, 150px\" \/><\/a>Puis nous nous plongeons dans la lecture de <span style=\"text-decoration: underline;\">Loup Gouloup et la lune<\/span> de Roland Nadaus et de Guido Van Genechten (\u00e9d. Bayard Jeunesse, 2018). Ce livre fait partie de la collection des Belles Histoires des tout-petits. Il raconte l&rsquo;histoire d&rsquo;un loup tr\u00e8s gourmand qui veut manger les galettes de Madame Dupain, la boulang\u00e8re. Les tentatives de Loup Gouloup pour d\u00e9vorer ces galettes seraient ainsi \u00e0 l&rsquo;origine des diff\u00e9rentes phases de la Lune! Fous rires garantis pour les plus petits (vers 2 ou 3 ans) autour des p\u00e9rip\u00e9ties de ce coquin de loup! Qui pourrait r\u00e9sister \u00e0 ces si app\u00e9tissantes galettes? Pour les plus grands, c&rsquo;est une fa\u00e7on po\u00e9tique et originale d&rsquo;aborder les phases lunaires que les enfants observent tous les soirs, surtout en hiver.<\/em><\/p>\n<p style=\"text-align: justify;\"><em><a href=\"https:\/\/i0.wp.com\/www.jojoenherbe.com\/wp-content\/uploads\/2019\/01\/Petit-Lapin-Blanc.jpg\"><img data-recalc-dims=\"1\" loading=\"lazy\" decoding=\"async\" data-attachment-id=\"4349\" data-permalink=\"http:\/\/www.jojoenherbe.com\/index.php\/2019\/01\/19\/au-fil-des-pages-sur-le-theme-de-la-galette-des-rois\/petit-lapin-blanc\/\" data-orig-file=\"https:\/\/i0.wp.com\/www.jojoenherbe.com\/wp-content\/uploads\/2019\/01\/Petit-Lapin-Blanc.jpg?fit=1586%2C2204\" data-orig-size=\"1586,2204\" data-comments-opened=\"1\" data-image-meta=\"{&quot;aperture&quot;:&quot;2.4&quot;,&quot;credit&quot;:&quot;&quot;,&quot;camera&quot;:&quot;iPhone 4S&quot;,&quot;caption&quot;:&quot;&quot;,&quot;created_timestamp&quot;:&quot;1547888330&quot;,&quot;copyright&quot;:&quot;&quot;,&quot;focal_length&quot;:&quot;4.28&quot;,&quot;iso&quot;:&quot;320&quot;,&quot;shutter_speed&quot;:&quot;0.05&quot;,&quot;title&quot;:&quot;&quot;,&quot;orientation&quot;:&quot;1&quot;}\" data-image-title=\"Petit Lapin Blanc\" data-image-description=\"\" data-image-caption=\"\" data-large-file=\"https:\/\/i0.wp.com\/www.jojoenherbe.com\/wp-content\/uploads\/2019\/01\/Petit-Lapin-Blanc.jpg?fit=676%2C939\" class=\"alignleft size-thumbnail wp-image-4349\" src=\"https:\/\/i0.wp.com\/www.jojoenherbe.com\/wp-content\/uploads\/2019\/01\/Petit-Lapin-Blanc.jpg?resize=150%2C150\" alt=\"\" width=\"150\" height=\"150\" srcset=\"https:\/\/i0.wp.com\/www.jojoenherbe.com\/wp-content\/uploads\/2019\/01\/Petit-Lapin-Blanc.jpg?resize=150%2C150 150w, https:\/\/i0.wp.com\/www.jojoenherbe.com\/wp-content\/uploads\/2019\/01\/Petit-Lapin-Blanc.jpg?zoom=2&amp;resize=150%2C150 300w, https:\/\/i0.wp.com\/www.jojoenherbe.com\/wp-content\/uploads\/2019\/01\/Petit-Lapin-Blanc.jpg?zoom=3&amp;resize=150%2C150 450w\" sizes=\"auto, (max-width: 150px) 100vw, 150px\" \/><\/a><a href=\"https:\/\/i0.wp.com\/www.jojoenherbe.com\/wp-content\/uploads\/2019\/01\/Petit-Lapin-Blanc-2.jpg\"><img data-recalc-dims=\"1\" loading=\"lazy\" decoding=\"async\" data-attachment-id=\"4358\" data-permalink=\"http:\/\/www.jojoenherbe.com\/index.php\/2019\/01\/19\/au-fil-des-pages-sur-le-theme-de-la-galette-des-rois\/petit-lapin-blanc-2\/\" data-orig-file=\"https:\/\/i0.wp.com\/www.jojoenherbe.com\/wp-content\/uploads\/2019\/01\/Petit-Lapin-Blanc-2.jpg?fit=3264%2C1993\" data-orig-size=\"3264,1993\" data-comments-opened=\"1\" data-image-meta=\"{&quot;aperture&quot;:&quot;2.4&quot;,&quot;credit&quot;:&quot;&quot;,&quot;camera&quot;:&quot;iPhone 4S&quot;,&quot;caption&quot;:&quot;&quot;,&quot;created_timestamp&quot;:&quot;1547979442&quot;,&quot;copyright&quot;:&quot;&quot;,&quot;focal_length&quot;:&quot;4.28&quot;,&quot;iso&quot;:&quot;200&quot;,&quot;shutter_speed&quot;:&quot;0.05&quot;,&quot;title&quot;:&quot;&quot;,&quot;orientation&quot;:&quot;1&quot;}\" data-image-title=\"Petit Lapin Blanc 2\" data-image-description=\"\" data-image-caption=\"\" data-large-file=\"https:\/\/i0.wp.com\/www.jojoenherbe.com\/wp-content\/uploads\/2019\/01\/Petit-Lapin-Blanc-2.jpg?fit=676%2C413\" class=\"alignleft size-thumbnail wp-image-4358\" src=\"https:\/\/i0.wp.com\/www.jojoenherbe.com\/wp-content\/uploads\/2019\/01\/Petit-Lapin-Blanc-2.jpg?resize=150%2C150\" alt=\"\" width=\"150\" height=\"150\" srcset=\"https:\/\/i0.wp.com\/www.jojoenherbe.com\/wp-content\/uploads\/2019\/01\/Petit-Lapin-Blanc-2.jpg?resize=150%2C150 150w, https:\/\/i0.wp.com\/www.jojoenherbe.com\/wp-content\/uploads\/2019\/01\/Petit-Lapin-Blanc-2.jpg?zoom=2&amp;resize=150%2C150 300w, https:\/\/i0.wp.com\/www.jojoenherbe.com\/wp-content\/uploads\/2019\/01\/Petit-Lapin-Blanc-2.jpg?zoom=3&amp;resize=150%2C150 450w\" sizes=\"auto, (max-width: 150px) 100vw, 150px\" \/><\/a>Nous lisons \u00e9galement <span style=\"text-decoration: underline;\">Petit Lapin Blanc et la galette des rois<\/span> de Marie-France Floury et de Fabienne Boisnard (\u00e9d. Gautier-Laguereau, 2017), les illustrations \u00e9tant \u00e0 la fois tr\u00e8s jolies et rigolotes. Comme pour l&rsquo;histoire de P&rsquo;tit Loup, cet album jeunesse aborde les m\u00eames \u00e9tapes autour de la galette, avec en plus la fabrication des couronnes par Petit Lapin Blanc, sa s\u0153ur et son cousin.<\/em><em> Un joli moment de partage, de convivialit\u00e9 et de f\u00eate en famille!&nbsp;&nbsp;<\/em><\/p>\n","protected":false},"excerpt":{"rendered":"<p>Apr\u00e8s avoir mang\u00e9 de la galette et fabriqu\u00e9 des couronnes il y a quelques jours, nous poursuivons par la lecture d&rsquo;histoires sur le th\u00e8me de la galette des rois. Je ne parlerai que de trois d&rsquo;entre elles. Le premier album jeunesse lu est celui avec un des personnages pr\u00e9f\u00e9r\u00e9s de beaucoup d&rsquo;enfants, P&rsquo;tit Loup. Il [&hellip;]<\/p>\n","protected":false},"author":1,"featured_media":4347,"comment_status":"open","ping_status":"open","sticky":false,"template":"","format":"standard","meta":{"jetpack_post_was_ever_published":false,"_jetpack_newsletter_access":"","_jetpack_dont_email_post_to_subs":false,"_jetpack_newsletter_tier_id":0,"_jetpack_memberships_contains_paywalled_content":false,"_jetpack_memberships_contains_paid_content":false,"footnotes":""},"categories":[363],"tags":[786,785,409,1090,1125,459,333,2053,365,222,367,541,1010,1089],"class_list":["post-4340","post","type-post","status-publish","format-standard","has-post-thumbnail","hentry","category-mini-lecteur","tag-0-3-ans","tag-3-6-ans","tag-albums-jeunesse","tag-eleonore-thuillier","tag-fabienne-boisnard","tag-famille","tag-fetes","tag-galette-des-rois","tag-hiver","tag-lapin","tag-lecture-jeunesse","tag-loup","tag-marie-france-floury","tag-orianne-lallemand","post-preview"],"jetpack_featured_media_url":"https:\/\/i0.wp.com\/www.jojoenherbe.com\/wp-content\/uploads\/2019\/01\/albums-jeunesse-galette.jpg?fit=2708%2C2204","jetpack_sharing_enabled":true,"jetpack_shortlink":"https:\/\/wp.me\/p9zhGx-180","jetpack_likes_enabled":true,"jetpack-related-posts":[{"id":9503,"url":"http:\/\/www.jojoenherbe.com\/index.php\/2020\/01\/09\/au-fil-des-pages-avec-la-galette-des-rois\/","url_meta":{"origin":4340,"position":0},"title":"Au fil des pages avec la galette des rois","author":"Jojo","date":"9 janvier 2020","format":false,"excerpt":"Cette ann\u00e9e, nous rajoutons dans nos lectures deux albums jeunesse sur le th\u00e8me de la galette des rois, apr\u00e8s avoir relu les trois ressortis de notre biblioth\u00e8que: P'tit Loup est le roi de la galette, Loup Gouloup et la lune et Petit Lapin Blanc et la galette des rois. Ces\u2026","rel":"","context":"Dans &quot;Mini lecteur&quot;","block_context":{"text":"Mini lecteur","link":"http:\/\/www.jojoenherbe.com\/index.php\/category\/mini-lecteur\/"},"img":{"alt_text":"","src":"https:\/\/i0.wp.com\/www.jojoenherbe.com\/wp-content\/uploads\/2020\/01\/Albums-jeunesse-Galette-des-rois-3-scaled.jpg?fit=1200%2C853&resize=350%2C200","width":350,"height":200,"srcset":"https:\/\/i0.wp.com\/www.jojoenherbe.com\/wp-content\/uploads\/2020\/01\/Albums-jeunesse-Galette-des-rois-3-scaled.jpg?fit=1200%2C853&resize=350%2C200 1x, https:\/\/i0.wp.com\/www.jojoenherbe.com\/wp-content\/uploads\/2020\/01\/Albums-jeunesse-Galette-des-rois-3-scaled.jpg?fit=1200%2C853&resize=525%2C300 1.5x, https:\/\/i0.wp.com\/www.jojoenherbe.com\/wp-content\/uploads\/2020\/01\/Albums-jeunesse-Galette-des-rois-3-scaled.jpg?fit=1200%2C853&resize=700%2C400 2x, https:\/\/i0.wp.com\/www.jojoenherbe.com\/wp-content\/uploads\/2020\/01\/Albums-jeunesse-Galette-des-rois-3-scaled.jpg?fit=1200%2C853&resize=1050%2C600 3x"},"classes":[]},{"id":23231,"url":"http:\/\/www.jojoenherbe.com\/index.php\/2022\/01\/06\/nos-lectures-autour-de-la-galette-des-rois-2022\/","url_meta":{"origin":4340,"position":1},"title":"Nos lectures autour de la galette des rois 2022","author":"Jojo","date":"6 janvier 2022","format":false,"excerpt":"Cette ann\u00e9e, tout en d\u00e9gustant galettes et couronnes des rois, nous relisons des albums jeunesse sur ce th\u00e8me depuis quelques jours. (Album jeunesse) La galette et le roi de Sch\u00e9h\u00e9razade Zeboudji et Marianne Barcilon Nous commen\u00e7ons par relire La galette et le roi de Sch\u00e9h\u00e9razade Zeboudji et Marianne Barcilon (\u00e9d.\u2026","rel":"","context":"Dans &quot;Mini lecteur&quot;","block_context":{"text":"Mini lecteur","link":"http:\/\/www.jojoenherbe.com\/index.php\/category\/mini-lecteur\/"},"img":{"alt_text":"","src":"https:\/\/i0.wp.com\/www.jojoenherbe.com\/wp-content\/uploads\/2022\/01\/Selection-Galette-des-rois-scaled.jpg?fit=1200%2C916&resize=350%2C200","width":350,"height":200,"srcset":"https:\/\/i0.wp.com\/www.jojoenherbe.com\/wp-content\/uploads\/2022\/01\/Selection-Galette-des-rois-scaled.jpg?fit=1200%2C916&resize=350%2C200 1x, https:\/\/i0.wp.com\/www.jojoenherbe.com\/wp-content\/uploads\/2022\/01\/Selection-Galette-des-rois-scaled.jpg?fit=1200%2C916&resize=525%2C300 1.5x, https:\/\/i0.wp.com\/www.jojoenherbe.com\/wp-content\/uploads\/2022\/01\/Selection-Galette-des-rois-scaled.jpg?fit=1200%2C916&resize=700%2C400 2x, https:\/\/i0.wp.com\/www.jojoenherbe.com\/wp-content\/uploads\/2022\/01\/Selection-Galette-des-rois-scaled.jpg?fit=1200%2C916&resize=1050%2C600 3x"},"classes":[]},{"id":9662,"url":"http:\/\/www.jojoenherbe.com\/index.php\/2020\/01\/19\/des-activites-autour-de-la-galette-des-rois\/","url_meta":{"origin":4340,"position":2},"title":"Des activit\u00e9s autour de la galette des rois","author":"Jojo","date":"19 janvier 2020","format":false,"excerpt":"Avant de d\u00e9guster nos premi\u00e8res galettes et brioches des rois de l'ann\u00e9e, nous avons lisons nos albums jeunesse sur ce th\u00e8me: P\u2019tit Loup est le roi de la galette d\u2019Orianne Lallemand et d\u2019\u00c9l\u00e9onore Thuillier Loup Gouloup et la lune de Roland Nadaus et de Guido Van Genechten Petit Lapin Blanc\u2026","rel":"","context":"Dans &quot;Mini joueur&quot;","block_context":{"text":"Mini joueur","link":"http:\/\/www.jojoenherbe.com\/index.php\/category\/mini-decouvreur\/mini-joueur\/"},"img":{"alt_text":"","src":"https:\/\/i0.wp.com\/www.jojoenherbe.com\/wp-content\/uploads\/2020\/01\/Activit%C3%A9s-autour-de-la-galette-des-rois-3-scaled.jpg?fit=1200%2C1019&resize=350%2C200","width":350,"height":200,"srcset":"https:\/\/i0.wp.com\/www.jojoenherbe.com\/wp-content\/uploads\/2020\/01\/Activit%C3%A9s-autour-de-la-galette-des-rois-3-scaled.jpg?fit=1200%2C1019&resize=350%2C200 1x, https:\/\/i0.wp.com\/www.jojoenherbe.com\/wp-content\/uploads\/2020\/01\/Activit%C3%A9s-autour-de-la-galette-des-rois-3-scaled.jpg?fit=1200%2C1019&resize=525%2C300 1.5x, https:\/\/i0.wp.com\/www.jojoenherbe.com\/wp-content\/uploads\/2020\/01\/Activit%C3%A9s-autour-de-la-galette-des-rois-3-scaled.jpg?fit=1200%2C1019&resize=700%2C400 2x, https:\/\/i0.wp.com\/www.jojoenherbe.com\/wp-content\/uploads\/2020\/01\/Activit%C3%A9s-autour-de-la-galette-des-rois-3-scaled.jpg?fit=1200%2C1019&resize=1050%2C600 3x"},"classes":[]},{"id":14877,"url":"http:\/\/www.jojoenherbe.com\/index.php\/2021\/01\/06\/au-fil-des-pages-avec-la-galette-et-le-roi\/","url_meta":{"origin":4340,"position":3},"title":"Au fil des pages avec La galette et le roi","author":"Jojo","date":"6 janvier 2021","format":false,"excerpt":"En ce 6 janvier 2021, jour de l\u2019\u00c9piphanie, nous lisons La galette et le roi de Sch\u00e9h\u00e9razade Zeboudji et Marianne Barcilon (\u00e9d. Kal\u00e9idoscope, diff. L'\u00e9cole des Loisirs, 2020), un album jeunesse \u00e0 partir de 3 ans. Dans la for\u00eat, c'est le jour de la f\u00eate annuelle de la galette qui\u2026","rel":"","context":"Dans &quot;Mini lecteur&quot;","block_context":{"text":"Mini lecteur","link":"http:\/\/www.jojoenherbe.com\/index.php\/category\/mini-lecteur\/"},"img":{"alt_text":"","src":"https:\/\/i0.wp.com\/www.jojoenherbe.com\/wp-content\/uploads\/2021\/01\/La-galette-et-le-roi-scaled.jpg?fit=1200%2C728&resize=350%2C200","width":350,"height":200,"srcset":"https:\/\/i0.wp.com\/www.jojoenherbe.com\/wp-content\/uploads\/2021\/01\/La-galette-et-le-roi-scaled.jpg?fit=1200%2C728&resize=350%2C200 1x, https:\/\/i0.wp.com\/www.jojoenherbe.com\/wp-content\/uploads\/2021\/01\/La-galette-et-le-roi-scaled.jpg?fit=1200%2C728&resize=525%2C300 1.5x, https:\/\/i0.wp.com\/www.jojoenherbe.com\/wp-content\/uploads\/2021\/01\/La-galette-et-le-roi-scaled.jpg?fit=1200%2C728&resize=700%2C400 2x, https:\/\/i0.wp.com\/www.jojoenherbe.com\/wp-content\/uploads\/2021\/01\/La-galette-et-le-roi-scaled.jpg?fit=1200%2C728&resize=1050%2C600 3x"},"classes":[]},{"id":9389,"url":"http:\/\/www.jojoenherbe.com\/index.php\/2020\/01\/03\/un-second-rat-post-noel\/","url_meta":{"origin":4340,"position":4},"title":"Un second RAT post-No\u00ebl","author":"Jojo","date":"3 janvier 2020","format":false,"excerpt":"Ce 3 janvier 2020 d\u00e9bute, \u00e0 21h, un second RAT dans le cadre du Challenge Il \u00e9tait 7 fois No\u00ebl organis\u00e9 par Chicky Poo et Samarian, et ce jusqu'au 5 janvier 2020 minuit. Nous sommes ainsi pass\u00e9s pour renouveler nos livres \u00e0 la biblioth\u00e8que cet apr\u00e8s-midi avec encore quelques albums\u2026","rel":"","context":"Dans &quot;Mini challenger&quot;","block_context":{"text":"Mini challenger","link":"http:\/\/www.jojoenherbe.com\/index.php\/category\/mini-challenger\/"},"img":{"alt_text":"","src":"https:\/\/i0.wp.com\/www.jojoenherbe.com\/wp-content\/uploads\/2020\/01\/RAT-de-No%C3%ABl.jpg?fit=1200%2C1071&resize=350%2C200","width":350,"height":200,"srcset":"https:\/\/i0.wp.com\/www.jojoenherbe.com\/wp-content\/uploads\/2020\/01\/RAT-de-No%C3%ABl.jpg?fit=1200%2C1071&resize=350%2C200 1x, https:\/\/i0.wp.com\/www.jojoenherbe.com\/wp-content\/uploads\/2020\/01\/RAT-de-No%C3%ABl.jpg?fit=1200%2C1071&resize=525%2C300 1.5x, https:\/\/i0.wp.com\/www.jojoenherbe.com\/wp-content\/uploads\/2020\/01\/RAT-de-No%C3%ABl.jpg?fit=1200%2C1071&resize=700%2C400 2x, https:\/\/i0.wp.com\/www.jojoenherbe.com\/wp-content\/uploads\/2020\/01\/RAT-de-No%C3%ABl.jpg?fit=1200%2C1071&resize=1050%2C600 3x"},"classes":[]},{"id":28987,"url":"http:\/\/www.jojoenherbe.com\/index.php\/2023\/01\/10\/au-fil-des-pages-avec-la-cape-magique\/","url_meta":{"origin":4340,"position":5},"title":"Au fil des pages avec La cape magique","author":"Jojo","date":"10 janvier 2023","format":false,"excerpt":"D\u00e9couvert \u00e0 l\u2019ouverture de la case 20 de notre calendrier de No\u00ebl 2022, nous lisons et relisons depuis La cape magique de Nadine Brun-Cosme et Sibylle Delacroix (\u00e9d. Kal\u00e9idoscope, diff. L'\u00e9cole des loisirs, 2022), un album jeunesse \u00e0 partir de 3 ans et que j'avais achet\u00e9 \u00e0 sa parution attir\u00e9e\u2026","rel":"","context":"Dans &quot;Mini lecteur&quot;","block_context":{"text":"Mini lecteur","link":"http:\/\/www.jojoenherbe.com\/index.php\/category\/mini-lecteur\/"},"img":{"alt_text":"","src":"https:\/\/i0.wp.com\/www.jojoenherbe.com\/wp-content\/uploads\/2023\/01\/La-cape-magique-scaled.jpg?fit=1200%2C959&resize=350%2C200","width":350,"height":200,"srcset":"https:\/\/i0.wp.com\/www.jojoenherbe.com\/wp-content\/uploads\/2023\/01\/La-cape-magique-scaled.jpg?fit=1200%2C959&resize=350%2C200 1x, https:\/\/i0.wp.com\/www.jojoenherbe.com\/wp-content\/uploads\/2023\/01\/La-cape-magique-scaled.jpg?fit=1200%2C959&resize=525%2C300 1.5x, https:\/\/i0.wp.com\/www.jojoenherbe.com\/wp-content\/uploads\/2023\/01\/La-cape-magique-scaled.jpg?fit=1200%2C959&resize=700%2C400 2x, https:\/\/i0.wp.com\/www.jojoenherbe.com\/wp-content\/uploads\/2023\/01\/La-cape-magique-scaled.jpg?fit=1200%2C959&resize=1050%2C600 3x"},"classes":[]}],"_links":{"self":[{"href":"http:\/\/www.jojoenherbe.com\/index.php\/wp-json\/wp\/v2\/posts\/4340","targetHints":{"allow":["GET"]}}],"collection":[{"href":"http:\/\/www.jojoenherbe.com\/index.php\/wp-json\/wp\/v2\/posts"}],"about":[{"href":"http:\/\/www.jojoenherbe.com\/index.php\/wp-json\/wp\/v2\/types\/post"}],"author":[{"embeddable":true,"href":"http:\/\/www.jojoenherbe.com\/index.php\/wp-json\/wp\/v2\/users\/1"}],"replies":[{"embeddable":true,"href":"http:\/\/www.jojoenherbe.com\/index.php\/wp-json\/wp\/v2\/comments?post=4340"}],"version-history":[{"count":0,"href":"http:\/\/www.jojoenherbe.com\/index.php\/wp-json\/wp\/v2\/posts\/4340\/revisions"}],"wp:featuredmedia":[{"embeddable":true,"href":"http:\/\/www.jojoenherbe.com\/index.php\/wp-json\/wp\/v2\/media\/4347"}],"wp:attachment":[{"href":"http:\/\/www.jojoenherbe.com\/index.php\/wp-json\/wp\/v2\/media?parent=4340"}],"wp:term":[{"taxonomy":"category","embeddable":true,"href":"http:\/\/www.jojoenherbe.com\/index.php\/wp-json\/wp\/v2\/categories?post=4340"},{"taxonomy":"post_tag","embeddable":true,"href":"http:\/\/www.jojoenherbe.com\/index.php\/wp-json\/wp\/v2\/tags?post=4340"}],"curies":[{"name":"wp","href":"https:\/\/api.w.org\/{rel}","templated":true}]}}