{"id":4328,"date":"2019-01-18T22:16:48","date_gmt":"2019-01-18T21:16:48","guid":{"rendered":"http:\/\/www.jojoenherbe.com\/?p=4328"},"modified":"2019-04-24T15:40:46","modified_gmt":"2019-04-24T13:40:46","slug":"une-roue-de-la-semaine-et-un-peu-plus","status":"publish","type":"post","link":"http:\/\/www.jojoenherbe.com\/index.php\/2019\/01\/18\/une-roue-de-la-semaine-et-un-peu-plus\/","title":{"rendered":"Une roue de la semaine et un peu plus"},"content":{"rendered":"<p style=\"text-align: justify;\"><em><a href=\"https:\/\/i0.wp.com\/www.jojoenherbe.com\/wp-content\/uploads\/2019\/01\/roue-de-la-semaine.jpg\"><img data-recalc-dims=\"1\" loading=\"lazy\" decoding=\"async\" data-attachment-id=\"4332\" data-permalink=\"http:\/\/www.jojoenherbe.com\/index.php\/2019\/01\/18\/une-roue-de-la-semaine-et-un-peu-plus\/roue-de-la-semaine\/\" data-orig-file=\"https:\/\/i0.wp.com\/www.jojoenherbe.com\/wp-content\/uploads\/2019\/01\/roue-de-la-semaine.jpg?fit=3258%2C1834\" data-orig-size=\"3258,1834\" data-comments-opened=\"1\" data-image-meta=\"{&quot;aperture&quot;:&quot;2.4&quot;,&quot;credit&quot;:&quot;&quot;,&quot;camera&quot;:&quot;iPhone 4S&quot;,&quot;caption&quot;:&quot;&quot;,&quot;created_timestamp&quot;:&quot;1547823038&quot;,&quot;copyright&quot;:&quot;&quot;,&quot;focal_length&quot;:&quot;4.28&quot;,&quot;iso&quot;:&quot;80&quot;,&quot;shutter_speed&quot;:&quot;0.05&quot;,&quot;title&quot;:&quot;&quot;,&quot;orientation&quot;:&quot;1&quot;}\" data-image-title=\"roue de la semaine\" data-image-description=\"\" data-image-caption=\"\" data-large-file=\"https:\/\/i0.wp.com\/www.jojoenherbe.com\/wp-content\/uploads\/2019\/01\/roue-de-la-semaine.jpg?fit=676%2C380\" class=\"alignleft size-thumbnail wp-image-4332\" src=\"https:\/\/i0.wp.com\/www.jojoenherbe.com\/wp-content\/uploads\/2019\/01\/roue-de-la-semaine.jpg?resize=150%2C150\" alt=\"\" width=\"150\" height=\"150\" srcset=\"https:\/\/i0.wp.com\/www.jojoenherbe.com\/wp-content\/uploads\/2019\/01\/roue-de-la-semaine.jpg?resize=150%2C150 150w, https:\/\/i0.wp.com\/www.jojoenherbe.com\/wp-content\/uploads\/2019\/01\/roue-de-la-semaine.jpg?zoom=2&amp;resize=150%2C150 300w, https:\/\/i0.wp.com\/www.jojoenherbe.com\/wp-content\/uploads\/2019\/01\/roue-de-la-semaine.jpg?zoom=3&amp;resize=150%2C150 450w\" sizes=\"auto, (max-width: 150px) 100vw, 150px\" \/><\/a>Pour se rep\u00e9rer un peu mieux dans le temps, nous faisons une roue de la semaine. Je commence par la partie rectangulaire \u00ab\u00a0hier, aujourd&rsquo;hui, demain\u00a0\u00bb. Puis je trace un cercle que je divise en sept parties, une partie pour chaque jour de la semaine. Je d\u00e9coupe ensuite la feuille rectangulaire au milieu pour y glisser la roue. J&rsquo;\u00e9cris les noms des jours de la semaine en faisant attention au sens de lecture (par le bas). Puis je place une attache parisienne.<br \/>\n<\/em><\/p>\n<p style=\"text-align: justify;\"><em><a href=\"https:\/\/i0.wp.com\/www.jojoenherbe.com\/wp-content\/uploads\/2019\/01\/roue-de-la-semaine-2.jpg\"><img data-recalc-dims=\"1\" loading=\"lazy\" decoding=\"async\" data-attachment-id=\"4329\" data-permalink=\"http:\/\/www.jojoenherbe.com\/index.php\/2019\/01\/18\/une-roue-de-la-semaine-et-un-peu-plus\/roue-de-la-semaine-2\/\" data-orig-file=\"https:\/\/i0.wp.com\/www.jojoenherbe.com\/wp-content\/uploads\/2019\/01\/roue-de-la-semaine-2.jpg?fit=3264%2C2448\" data-orig-size=\"3264,2448\" data-comments-opened=\"1\" data-image-meta=\"{&quot;aperture&quot;:&quot;2.4&quot;,&quot;credit&quot;:&quot;&quot;,&quot;camera&quot;:&quot;iPhone 4S&quot;,&quot;caption&quot;:&quot;&quot;,&quot;created_timestamp&quot;:&quot;1547823835&quot;,&quot;copyright&quot;:&quot;&quot;,&quot;focal_length&quot;:&quot;4.28&quot;,&quot;iso&quot;:&quot;125&quot;,&quot;shutter_speed&quot;:&quot;0.05&quot;,&quot;title&quot;:&quot;&quot;,&quot;orientation&quot;:&quot;1&quot;}\" data-image-title=\"roue de la semaine 2\" data-image-description=\"\" data-image-caption=\"\" data-large-file=\"https:\/\/i0.wp.com\/www.jojoenherbe.com\/wp-content\/uploads\/2019\/01\/roue-de-la-semaine-2.jpg?fit=676%2C507\" class=\"size-thumbnail wp-image-4329 alignright\" src=\"https:\/\/i0.wp.com\/www.jojoenherbe.com\/wp-content\/uploads\/2019\/01\/roue-de-la-semaine-2.jpg?resize=150%2C150\" alt=\"\" width=\"150\" height=\"150\" srcset=\"https:\/\/i0.wp.com\/www.jojoenherbe.com\/wp-content\/uploads\/2019\/01\/roue-de-la-semaine-2.jpg?resize=150%2C150 150w, https:\/\/i0.wp.com\/www.jojoenherbe.com\/wp-content\/uploads\/2019\/01\/roue-de-la-semaine-2.jpg?zoom=2&amp;resize=150%2C150 300w, https:\/\/i0.wp.com\/www.jojoenherbe.com\/wp-content\/uploads\/2019\/01\/roue-de-la-semaine-2.jpg?zoom=3&amp;resize=150%2C150 450w\" sizes=\"auto, (max-width: 150px) 100vw, 150px\" \/><\/a>Pour compl\u00e9ter cette roue de la semaine, je colle un <a href=\"http:\/\/jt44.free.fr\/jkl\/l.htm\">dessin de P&rsquo;tit Loup<\/a> accompagn\u00e9 du mois de janvier (puisque nous sommes en janvier). Puis j&rsquo;\u00e9cris \u00e0 droite de la partie rectangulaire \u00ab\u00a0la roue de la semaine\u00a0\u00bb. Je colle en-dessous un second <a href=\"http:\/\/maitresse-myriam.eklablog.com\/calendrier-lineaire-loup-mis-a-jour-a118213024\">dessin de P&rsquo;tit Loup<\/a> avec la saison actuelle (l&rsquo;hiver). Ici on est fan de P&rsquo;tit Loup, le personnage\u00a0 cr\u00e9\u00e9 par <a href=\"https:\/\/oriannelallemand.wordpress.com\/\">Orianne Lallemand<\/a> et \u00c9l\u00e9onore Thuillier (\u00e9d. Auzou)!<br \/>\n<\/em><\/p>\n<p style=\"text-align: justify;\"><em><a href=\"https:\/\/i0.wp.com\/www.jojoenherbe.com\/wp-content\/uploads\/2019\/01\/roue-de-la-semaine-3.jpg\"><img data-recalc-dims=\"1\" loading=\"lazy\" decoding=\"async\" data-attachment-id=\"4330\" data-permalink=\"http:\/\/www.jojoenherbe.com\/index.php\/2019\/01\/18\/une-roue-de-la-semaine-et-un-peu-plus\/roue-de-la-semaine-3\/\" data-orig-file=\"https:\/\/i0.wp.com\/www.jojoenherbe.com\/wp-content\/uploads\/2019\/01\/roue-de-la-semaine-3.jpg?fit=3141%2C2118\" data-orig-size=\"3141,2118\" data-comments-opened=\"1\" data-image-meta=\"{&quot;aperture&quot;:&quot;2.4&quot;,&quot;credit&quot;:&quot;&quot;,&quot;camera&quot;:&quot;iPhone 4S&quot;,&quot;caption&quot;:&quot;&quot;,&quot;created_timestamp&quot;:&quot;1547825072&quot;,&quot;copyright&quot;:&quot;&quot;,&quot;focal_length&quot;:&quot;4.28&quot;,&quot;iso&quot;:&quot;50&quot;,&quot;shutter_speed&quot;:&quot;0.05&quot;,&quot;title&quot;:&quot;&quot;,&quot;orientation&quot;:&quot;1&quot;}\" data-image-title=\"roue de la semaine 3\" data-image-description=\"\" data-image-caption=\"\" data-large-file=\"https:\/\/i0.wp.com\/www.jojoenherbe.com\/wp-content\/uploads\/2019\/01\/roue-de-la-semaine-3.jpg?fit=676%2C456\" class=\"alignleft size-thumbnail wp-image-4330\" src=\"https:\/\/i0.wp.com\/www.jojoenherbe.com\/wp-content\/uploads\/2019\/01\/roue-de-la-semaine-3.jpg?resize=150%2C150\" alt=\"\" width=\"150\" height=\"150\" srcset=\"https:\/\/i0.wp.com\/www.jojoenherbe.com\/wp-content\/uploads\/2019\/01\/roue-de-la-semaine-3.jpg?resize=150%2C150 150w, https:\/\/i0.wp.com\/www.jojoenherbe.com\/wp-content\/uploads\/2019\/01\/roue-de-la-semaine-3.jpg?zoom=2&amp;resize=150%2C150 300w, https:\/\/i0.wp.com\/www.jojoenherbe.com\/wp-content\/uploads\/2019\/01\/roue-de-la-semaine-3.jpg?zoom=3&amp;resize=150%2C150 450w\" sizes=\"auto, (max-width: 150px) 100vw, 150px\" \/><\/a>Afin de pouvoir accrocher la roue, je fais un cadre avec une feuille cartonn\u00e9e bleue. Je plie sur 2 cm environ la partie sup\u00e9rieure. J&rsquo;y colle la roue. Puis pour rappeler le th\u00e8me de l&rsquo;hiver, je fabrique avec des pompons blancs et du fil blanc des flocons de neige. J&rsquo;attache ces flocons sur la partie sup\u00e9rieure de la feuille cartonn\u00e9e. Et voici une roue de la semaine ludique pour les enfants!<\/em><\/p>\n","protected":false},"excerpt":{"rendered":"<p>Pour se rep\u00e9rer un peu mieux dans le temps, nous faisons une roue de la semaine. Je commence par la partie rectangulaire \u00ab\u00a0hier, aujourd&rsquo;hui, demain\u00a0\u00bb. Puis je trace un cercle que je divise en sept parties, une partie pour chaque jour de la semaine. Je d\u00e9coupe ensuite la feuille rectangulaire au milieu pour y glisser [&hellip;]<\/p>\n","protected":false},"author":1,"featured_media":4331,"comment_status":"open","ping_status":"open","sticky":false,"template":"","format":"standard","meta":{"jetpack_post_was_ever_published":false,"_jetpack_newsletter_access":"","_jetpack_dont_email_post_to_subs":false,"_jetpack_newsletter_tier_id":0,"_jetpack_memberships_contains_paywalled_content":false,"_jetpack_memberships_contains_paid_content":false,"footnotes":""},"categories":[17],"tags":[20,377,209,365,378,375,379,374,371,373,376],"class_list":["post-4328","post","type-post","status-publish","format-standard","has-post-thumbnail","hentry","category-mini-joueur","tag-activites-pour-les-enfants","tag-apprentissage","tag-diy","tag-hiver","tag-jeux-educatifs","tag-jours","tag-maternelle","tag-mois","tag-roues","tag-saisons","tag-temps","post-preview"],"jetpack_featured_media_url":"https:\/\/i0.wp.com\/www.jojoenherbe.com\/wp-content\/uploads\/2019\/01\/roue-de-la-semaine-4.jpg?fit=3264%2C2388","jetpack_sharing_enabled":true,"jetpack_shortlink":"https:\/\/wp.me\/p9zhGx-17O","jetpack_likes_enabled":true,"jetpack-related-posts":[{"id":5658,"url":"http:\/\/www.jojoenherbe.com\/index.php\/2019\/04\/24\/une-roue-de-la-semaine-printaniere\/","url_meta":{"origin":4328,"position":0},"title":"Une roue de la semaine printani\u00e8re","author":"Jojo","date":"24 avril 2019","format":false,"excerpt":"Avec un peu de retard, je fais une nouvelle roue de la semaine qui va remplacer celle faite cet hiver. Le printemps est, en effet, bien avanc\u00e9, malgr\u00e9 la pluie de ces derniers jours (ah avril et ses giboul\u00e9es!). L'id\u00e9e m'est venue apr\u00e8s que nous ayons pass\u00e9 la matin\u00e9e \u00e0\u2026","rel":"","context":"Dans &quot;Mini joueur&quot;","block_context":{"text":"Mini joueur","link":"http:\/\/www.jojoenherbe.com\/index.php\/category\/mini-decouvreur\/mini-joueur\/"},"img":{"alt_text":"","src":"https:\/\/i0.wp.com\/www.jojoenherbe.com\/wp-content\/uploads\/2019\/04\/roue-de-la-semaine-printemps.jpg?fit=1200%2C757&resize=350%2C200","width":350,"height":200,"srcset":"https:\/\/i0.wp.com\/www.jojoenherbe.com\/wp-content\/uploads\/2019\/04\/roue-de-la-semaine-printemps.jpg?fit=1200%2C757&resize=350%2C200 1x, https:\/\/i0.wp.com\/www.jojoenherbe.com\/wp-content\/uploads\/2019\/04\/roue-de-la-semaine-printemps.jpg?fit=1200%2C757&resize=525%2C300 1.5x, https:\/\/i0.wp.com\/www.jojoenherbe.com\/wp-content\/uploads\/2019\/04\/roue-de-la-semaine-printemps.jpg?fit=1200%2C757&resize=700%2C400 2x, https:\/\/i0.wp.com\/www.jojoenherbe.com\/wp-content\/uploads\/2019\/04\/roue-de-la-semaine-printemps.jpg?fit=1200%2C757&resize=1050%2C600 3x"},"classes":[]},{"id":28094,"url":"http:\/\/www.jojoenherbe.com\/index.php\/2022\/10\/11\/une-carte-fantomes-diy\/","url_meta":{"origin":4328,"position":1},"title":"Instant cr\u00e9a: Une carte fant\u00f4mes DIY","author":"Jojo","date":"11 octobre 2022","format":false,"excerpt":"Pour ce troisi\u00e8me Atelier cr\u00e9atif de Syl dans le cadre du Challenge Halloween, j'avais rep\u00e9r\u00e9 sur Instagram un tuto post\u00e9 par Maeva (et son compte Les mercredis sous la pluie) pour r\u00e9aliser une carte aux fant\u00f4mes color\u00e9s. N'h\u00e9sitez pas \u00e0 aller voir son post pour les diff\u00e9rentes \u00e9tapes \u00e0 suivre.\u2026","rel":"","context":"Dans &quot;Mini joueur&quot;","block_context":{"text":"Mini joueur","link":"http:\/\/www.jojoenherbe.com\/index.php\/category\/mini-decouvreur\/mini-joueur\/"},"img":{"alt_text":"","src":"https:\/\/i0.wp.com\/www.jojoenherbe.com\/wp-content\/uploads\/2022\/10\/Carte-fantomes-DIY-4-scaled.jpg?fit=1200%2C780&resize=350%2C200","width":350,"height":200,"srcset":"https:\/\/i0.wp.com\/www.jojoenherbe.com\/wp-content\/uploads\/2022\/10\/Carte-fantomes-DIY-4-scaled.jpg?fit=1200%2C780&resize=350%2C200 1x, https:\/\/i0.wp.com\/www.jojoenherbe.com\/wp-content\/uploads\/2022\/10\/Carte-fantomes-DIY-4-scaled.jpg?fit=1200%2C780&resize=525%2C300 1.5x, https:\/\/i0.wp.com\/www.jojoenherbe.com\/wp-content\/uploads\/2022\/10\/Carte-fantomes-DIY-4-scaled.jpg?fit=1200%2C780&resize=700%2C400 2x, https:\/\/i0.wp.com\/www.jojoenherbe.com\/wp-content\/uploads\/2022\/10\/Carte-fantomes-DIY-4-scaled.jpg?fit=1200%2C780&resize=1050%2C600 3x"},"classes":[]},{"id":5690,"url":"http:\/\/www.jojoenherbe.com\/index.php\/2019\/04\/26\/des-oiseaux-en-pompon-de-toutes-les-couleurs\/","url_meta":{"origin":4328,"position":2},"title":"Des oiseaux en pompon de toutes les couleurs","author":"Jojo","date":"26 avril 2019","format":false,"excerpt":"Apr\u00e8s un tel succ\u00e8s pour notre activit\u00e9 d'oiseaux en pompon, nous en faisons \u00e0 nouveau le lendemain. Pour les r\u00e9aliser, rien de plus simple: prendre des pompons et des morceaux de feutrine de toutes les couleurs ainsi que des yeux mobiles et se munir de ciseaux et de colle. Nous\u2026","rel":"","context":"Dans &quot;Mini joueur&quot;","block_context":{"text":"Mini joueur","link":"http:\/\/www.jojoenherbe.com\/index.php\/category\/mini-decouvreur\/mini-joueur\/"},"img":{"alt_text":"","src":"https:\/\/i0.wp.com\/www.jojoenherbe.com\/wp-content\/uploads\/2019\/04\/oiseaux-en-pompon-7.jpg?fit=1200%2C1019&resize=350%2C200","width":350,"height":200,"srcset":"https:\/\/i0.wp.com\/www.jojoenherbe.com\/wp-content\/uploads\/2019\/04\/oiseaux-en-pompon-7.jpg?fit=1200%2C1019&resize=350%2C200 1x, https:\/\/i0.wp.com\/www.jojoenherbe.com\/wp-content\/uploads\/2019\/04\/oiseaux-en-pompon-7.jpg?fit=1200%2C1019&resize=525%2C300 1.5x, https:\/\/i0.wp.com\/www.jojoenherbe.com\/wp-content\/uploads\/2019\/04\/oiseaux-en-pompon-7.jpg?fit=1200%2C1019&resize=700%2C400 2x, https:\/\/i0.wp.com\/www.jojoenherbe.com\/wp-content\/uploads\/2019\/04\/oiseaux-en-pompon-7.jpg?fit=1200%2C1019&resize=1050%2C600 3x"},"classes":[]},{"id":7181,"url":"http:\/\/www.jojoenherbe.com\/index.php\/2019\/08\/22\/les-jours-de-la-semaine-avec-loup\/","url_meta":{"origin":4328,"position":3},"title":"Les jours de la semaine avec Loup","author":"Jojo","date":"22 ao\u00fbt 2019","format":false,"excerpt":"Nous avons lu, il y a quelques semaines d\u00e9j\u00e0, Le loup qui voulait changer de couleur d'Orianne Lallemand et \u00c9l\u00e9onore Thuillier (\u00e9d. Auzou, 2011). Cet album jeunesse \u00e0 partir de 2\/3 ans associe les couleurs aux jours de la semaine. Pour prolonger la lecture, nous nous amusons \u00e0 colorier aux\u2026","rel":"","context":"Dans &quot;Mini joueur&quot;","block_context":{"text":"Mini joueur","link":"http:\/\/www.jojoenherbe.com\/index.php\/category\/mini-decouvreur\/mini-joueur\/"},"img":{"alt_text":"","src":"https:\/\/i0.wp.com\/www.jojoenherbe.com\/wp-content\/uploads\/2019\/08\/Jours-de-la-semaine-Loup-4.jpg?fit=1200%2C955&resize=350%2C200","width":350,"height":200,"srcset":"https:\/\/i0.wp.com\/www.jojoenherbe.com\/wp-content\/uploads\/2019\/08\/Jours-de-la-semaine-Loup-4.jpg?fit=1200%2C955&resize=350%2C200 1x, https:\/\/i0.wp.com\/www.jojoenherbe.com\/wp-content\/uploads\/2019\/08\/Jours-de-la-semaine-Loup-4.jpg?fit=1200%2C955&resize=525%2C300 1.5x, https:\/\/i0.wp.com\/www.jojoenherbe.com\/wp-content\/uploads\/2019\/08\/Jours-de-la-semaine-Loup-4.jpg?fit=1200%2C955&resize=700%2C400 2x, https:\/\/i0.wp.com\/www.jojoenherbe.com\/wp-content\/uploads\/2019\/08\/Jours-de-la-semaine-Loup-4.jpg?fit=1200%2C955&resize=1050%2C600 3x"},"classes":[]},{"id":30321,"url":"http:\/\/www.jojoenherbe.com\/index.php\/2023\/03\/25\/semaine-12-du-projet-52-2023-courant\/","url_meta":{"origin":4328,"position":4},"title":"Semaine 12 du Projet 52-2023: Courant","author":"Jojo","date":"25 mars 2023","format":false,"excerpt":"Pour la semaine 12 du Projet 52-2023 de Du c\u00f4t\u00e9 de chez Ma\u2019, le th\u00e8me est \"Courant\" comme le courant de l'eau qui est utilis\u00e9e dans les moulins. J\u2019ai choisi une photo de l'ancien moulin \u00e0 farine de La Boll\u00e8ne-V\u00e9subie, un village perch\u00e9 dans l'arri\u00e8re-pays ni\u00e7ois, prise en ao\u00fbt 2015,\u2026","rel":"","context":"Dans &quot;mini photographe&quot;","block_context":{"text":"mini photographe","link":"http:\/\/www.jojoenherbe.com\/index.php\/category\/mini-photographe\/"},"img":{"alt_text":"","src":"https:\/\/i0.wp.com\/www.jojoenherbe.com\/wp-content\/uploads\/2023\/03\/Moulin-a-farine-La-Bollene-Vesubie-scaled.jpg?fit=900%2C1200&resize=350%2C200","width":350,"height":200,"srcset":"https:\/\/i0.wp.com\/www.jojoenherbe.com\/wp-content\/uploads\/2023\/03\/Moulin-a-farine-La-Bollene-Vesubie-scaled.jpg?fit=900%2C1200&resize=350%2C200 1x, https:\/\/i0.wp.com\/www.jojoenherbe.com\/wp-content\/uploads\/2023\/03\/Moulin-a-farine-La-Bollene-Vesubie-scaled.jpg?fit=900%2C1200&resize=525%2C300 1.5x, https:\/\/i0.wp.com\/www.jojoenherbe.com\/wp-content\/uploads\/2023\/03\/Moulin-a-farine-La-Bollene-Vesubie-scaled.jpg?fit=900%2C1200&resize=700%2C400 2x"},"classes":[]},{"id":6415,"url":"http:\/\/www.jojoenherbe.com\/index.php\/2019\/06\/19\/au-fil-des-pages-avec-la-chenille-qui-fait-des-trous\/","url_meta":{"origin":4328,"position":5},"title":"Au fil des pages avec La chenille qui fait des trous","author":"Jojo","date":"19 juin 2019","format":false,"excerpt":"Nous lisons La chenille qui fait des trous d'\u00c9ric Carle (\u00e9d. Mijade, 2014), un album jeunesse cartonn\u00e9 avec des trous et des rabats. Quelle gourmande cette petite chenille qui mange de plus en plus au fil des jours jusqu'\u00e0 en \u00eatre malade! Une petite feuille plus tard, elle deviendra un\u2026","rel":"","context":"Dans &quot;Mini lecteur&quot;","block_context":{"text":"Mini lecteur","link":"http:\/\/www.jojoenherbe.com\/index.php\/category\/mini-lecteur\/"},"img":{"alt_text":"","src":"https:\/\/i0.wp.com\/www.jojoenherbe.com\/wp-content\/uploads\/2019\/06\/La-chenille-qui-fait-des-trous-1-scaled.jpg?fit=1200%2C900&resize=350%2C200","width":350,"height":200,"srcset":"https:\/\/i0.wp.com\/www.jojoenherbe.com\/wp-content\/uploads\/2019\/06\/La-chenille-qui-fait-des-trous-1-scaled.jpg?fit=1200%2C900&resize=350%2C200 1x, https:\/\/i0.wp.com\/www.jojoenherbe.com\/wp-content\/uploads\/2019\/06\/La-chenille-qui-fait-des-trous-1-scaled.jpg?fit=1200%2C900&resize=525%2C300 1.5x, https:\/\/i0.wp.com\/www.jojoenherbe.com\/wp-content\/uploads\/2019\/06\/La-chenille-qui-fait-des-trous-1-scaled.jpg?fit=1200%2C900&resize=700%2C400 2x, https:\/\/i0.wp.com\/www.jojoenherbe.com\/wp-content\/uploads\/2019\/06\/La-chenille-qui-fait-des-trous-1-scaled.jpg?fit=1200%2C900&resize=1050%2C600 3x"},"classes":[]}],"_links":{"self":[{"href":"http:\/\/www.jojoenherbe.com\/index.php\/wp-json\/wp\/v2\/posts\/4328","targetHints":{"allow":["GET"]}}],"collection":[{"href":"http:\/\/www.jojoenherbe.com\/index.php\/wp-json\/wp\/v2\/posts"}],"about":[{"href":"http:\/\/www.jojoenherbe.com\/index.php\/wp-json\/wp\/v2\/types\/post"}],"author":[{"embeddable":true,"href":"http:\/\/www.jojoenherbe.com\/index.php\/wp-json\/wp\/v2\/users\/1"}],"replies":[{"embeddable":true,"href":"http:\/\/www.jojoenherbe.com\/index.php\/wp-json\/wp\/v2\/comments?post=4328"}],"version-history":[{"count":0,"href":"http:\/\/www.jojoenherbe.com\/index.php\/wp-json\/wp\/v2\/posts\/4328\/revisions"}],"wp:featuredmedia":[{"embeddable":true,"href":"http:\/\/www.jojoenherbe.com\/index.php\/wp-json\/wp\/v2\/media\/4331"}],"wp:attachment":[{"href":"http:\/\/www.jojoenherbe.com\/index.php\/wp-json\/wp\/v2\/media?parent=4328"}],"wp:term":[{"taxonomy":"category","embeddable":true,"href":"http:\/\/www.jojoenherbe.com\/index.php\/wp-json\/wp\/v2\/categories?post=4328"},{"taxonomy":"post_tag","embeddable":true,"href":"http:\/\/www.jojoenherbe.com\/index.php\/wp-json\/wp\/v2\/tags?post=4328"}],"curies":[{"name":"wp","href":"https:\/\/api.w.org\/{rel}","templated":true}]}}