{"id":43256,"date":"2026-03-15T10:17:23","date_gmt":"2026-03-15T09:17:23","guid":{"rendered":"https:\/\/www.jojoenherbe.com\/?p=43256"},"modified":"2026-03-21T08:19:04","modified_gmt":"2026-03-21T07:19:04","slug":"meli-melo-de-carnavals-2026","status":"publish","type":"post","link":"http:\/\/www.jojoenherbe.com\/index.php\/2026\/03\/15\/meli-melo-de-carnavals-2026\/","title":{"rendered":"M\u00e9li-m\u00e9lo de carnavals 2026"},"content":{"rendered":"<p style=\"text-align: justify;\"><em>Profitant d&rsquo;un week-end encore pluvieux et ma derni\u00e8re lecture, <span style=\"text-decoration: underline;\">Le lit clos<\/span> de Sophie Brocas (\u00e9d. Mialet Barrault, janvier 2025, 336 pages) m&rsquo;y ayant fait penser avec un passage sur les <span style=\"color: #339966;\">Gras de Douarnenez<\/span>, j&rsquo;en profite pour revenir sur les vacances scolaires pr\u00e9c\u00e9dentes avec les festivit\u00e9s carnavalesques 2026 et une divinit\u00e9 f\u00e9minine commune dans les deux lieux visit\u00e9s: la d\u00e9esse Ga\u00efa, source de toute vie sur terre et symbole de la puissance f\u00e9minine, une force nourrici\u00e8re et protectrice selon la mythologie grecque (Ga\u00efa signifiant \u00ab\u00a0Terre\u00a0\u00bb en grec ancien).\u00a0<\/em><\/p>\n<div class=\"tiled-gallery type-rectangular tiled-gallery-unresized\" data-original-width=\"676\" data-carousel-extra='{&quot;blog_id&quot;:1,&quot;permalink&quot;:&quot;http:\\\/\\\/www.jojoenherbe.com\\\/index.php\\\/2026\\\/03\\\/15\\\/meli-melo-de-carnavals-2026\\\/&quot;,&quot;likes_blog_id&quot;:141396489}' itemscope itemtype=\"http:\/\/schema.org\/ImageGallery\" > <div class=\"gallery-row\" style=\"width: 676px; height: 306px;\" data-original-width=\"676\" data-original-height=\"306\" > <div class=\"gallery-group images-1\" style=\"width: 217px; height: 306px;\" data-original-width=\"217\" data-original-height=\"306\" > <div class=\"tiled-gallery-item tiled-gallery-item-small\" itemprop=\"associatedMedia\" itemscope itemtype=\"http:\/\/schema.org\/ImageObject\"> <a href=\"http:\/\/www.jojoenherbe.com\/index.php\/2026\/03\/15\/meli-melo-de-carnavals-2026\/carnaval-de-nice-affiche-2026\/\" border=\"0\" itemprop=\"url\"> <meta itemprop=\"width\" content=\"213\"> <meta itemprop=\"height\" content=\"302\"> <img decoding=\"async\" class=\"\" data-attachment-id=\"43257\" data-orig-file=\"http:\/\/www.jojoenherbe.com\/wp-content\/uploads\/2026\/03\/Carnaval-de-Nice-affiche-2026.jpg\" data-orig-size=\"581,823\" data-comments-opened=\"1\" data-image-meta=\"{&quot;aperture&quot;:&quot;0&quot;,&quot;credit&quot;:&quot;&quot;,&quot;camera&quot;:&quot;&quot;,&quot;caption&quot;:&quot;&quot;,&quot;created_timestamp&quot;:&quot;0&quot;,&quot;copyright&quot;:&quot;&quot;,&quot;focal_length&quot;:&quot;0&quot;,&quot;iso&quot;:&quot;0&quot;,&quot;shutter_speed&quot;:&quot;0&quot;,&quot;title&quot;:&quot;&quot;,&quot;orientation&quot;:&quot;0&quot;}\" data-image-title=\"Carnaval de Nice &amp;#8211; affiche 2026\" data-image-description=\"\" data-medium-file=\"https:\/\/i0.wp.com\/www.jojoenherbe.com\/wp-content\/uploads\/2026\/03\/Carnaval-de-Nice-affiche-2026.jpg?fit=212%2C300\" data-large-file=\"https:\/\/i0.wp.com\/www.jojoenherbe.com\/wp-content\/uploads\/2026\/03\/Carnaval-de-Nice-affiche-2026.jpg?fit=581%2C823\" src=\"https:\/\/i0.wp.com\/www.jojoenherbe.com\/wp-content\/uploads\/2026\/03\/Carnaval-de-Nice-affiche-2026.jpg?w=213&#038;h=302\" srcset=\"https:\/\/i0.wp.com\/www.jojoenherbe.com\/wp-content\/uploads\/2026\/03\/Carnaval-de-Nice-affiche-2026.jpg?w=581 581w, https:\/\/i0.wp.com\/www.jojoenherbe.com\/wp-content\/uploads\/2026\/03\/Carnaval-de-Nice-affiche-2026.jpg?resize=212%2C300 212w\" width=\"213\" height=\"302\" loading=\"lazy\" data-original-width=\"213\" data-original-height=\"302\" itemprop=\"http:\/\/schema.org\/image\" title=\"Carnaval de Nice - affiche 2026\" alt=\"Carnaval de Nice - affiche 2026\" style=\"width: 213px; height: 302px;\" \/> <\/a> <\/div> <\/div> <!-- close group --> <div class=\"gallery-group images-1\" style=\"width: 254px; height: 306px;\" data-original-width=\"254\" data-original-height=\"306\" > <div class=\"tiled-gallery-item tiled-gallery-item-large\" itemprop=\"associatedMedia\" itemscope itemtype=\"http:\/\/schema.org\/ImageObject\"> <a href=\"http:\/\/www.jojoenherbe.com\/index.php\/2026\/03\/15\/meli-melo-de-carnavals-2026\/gaia-nice-et-menton\/\" border=\"0\" itemprop=\"url\"> <meta itemprop=\"width\" content=\"250\"> <meta itemprop=\"height\" content=\"302\"> <img decoding=\"async\" class=\"\" data-attachment-id=\"43266\" data-orig-file=\"http:\/\/www.jojoenherbe.com\/wp-content\/uploads\/2026\/03\/Gaia-Nice-et-Menton.jpg\" data-orig-size=\"1075,1296\" data-comments-opened=\"1\" data-image-meta=\"{&quot;aperture&quot;:&quot;0&quot;,&quot;credit&quot;:&quot;&quot;,&quot;camera&quot;:&quot;&quot;,&quot;caption&quot;:&quot;&quot;,&quot;created_timestamp&quot;:&quot;0&quot;,&quot;copyright&quot;:&quot;&quot;,&quot;focal_length&quot;:&quot;0&quot;,&quot;iso&quot;:&quot;0&quot;,&quot;shutter_speed&quot;:&quot;0&quot;,&quot;title&quot;:&quot;&quot;,&quot;orientation&quot;:&quot;1&quot;}\" data-image-title=\"Ga\u00efa Nice et Menton\" data-image-description=\"\" data-medium-file=\"https:\/\/i0.wp.com\/www.jojoenherbe.com\/wp-content\/uploads\/2026\/03\/Gaia-Nice-et-Menton.jpg?fit=249%2C300\" data-large-file=\"https:\/\/i0.wp.com\/www.jojoenherbe.com\/wp-content\/uploads\/2026\/03\/Gaia-Nice-et-Menton.jpg?fit=676%2C815\" src=\"https:\/\/i0.wp.com\/www.jojoenherbe.com\/wp-content\/uploads\/2026\/03\/Gaia-Nice-et-Menton.jpg?w=250&#038;h=302\" srcset=\"https:\/\/i0.wp.com\/www.jojoenherbe.com\/wp-content\/uploads\/2026\/03\/Gaia-Nice-et-Menton.jpg?w=1075 1075w, https:\/\/i0.wp.com\/www.jojoenherbe.com\/wp-content\/uploads\/2026\/03\/Gaia-Nice-et-Menton.jpg?resize=249%2C300 249w, https:\/\/i0.wp.com\/www.jojoenherbe.com\/wp-content\/uploads\/2026\/03\/Gaia-Nice-et-Menton.jpg?resize=849%2C1024 849w, https:\/\/i0.wp.com\/www.jojoenherbe.com\/wp-content\/uploads\/2026\/03\/Gaia-Nice-et-Menton.jpg?resize=768%2C926 768w, https:\/\/i0.wp.com\/www.jojoenherbe.com\/wp-content\/uploads\/2026\/03\/Gaia-Nice-et-Menton.jpg?resize=676%2C815 676w\" width=\"250\" height=\"302\" loading=\"lazy\" data-original-width=\"250\" data-original-height=\"302\" itemprop=\"http:\/\/schema.org\/image\" title=\"Ga\u00efa Nice et Menton\" alt=\"Ga\u00efa Nice et Menton\" style=\"width: 250px; height: 302px;\" \/> <\/a> <\/div> <\/div> <!-- close group --> <div class=\"gallery-group images-1\" style=\"width: 205px; height: 306px;\" data-original-width=\"205\" data-original-height=\"306\" > <div class=\"tiled-gallery-item tiled-gallery-item-small\" itemprop=\"associatedMedia\" itemscope itemtype=\"http:\/\/schema.org\/ImageObject\"> <a href=\"http:\/\/www.jojoenherbe.com\/index.php\/2026\/03\/15\/meli-melo-de-carnavals-2026\/la-fete-du-citron-affiche-2026\/\" border=\"0\" itemprop=\"url\"> <meta itemprop=\"width\" content=\"201\"> <meta itemprop=\"height\" content=\"302\"> <img decoding=\"async\" class=\"\" data-attachment-id=\"43262\" data-orig-file=\"http:\/\/www.jojoenherbe.com\/wp-content\/uploads\/2026\/03\/La-fete-du-Citron-affiche-2026.jpg\" data-orig-size=\"500,750\" data-comments-opened=\"1\" data-image-meta=\"{&quot;aperture&quot;:&quot;0&quot;,&quot;credit&quot;:&quot;&quot;,&quot;camera&quot;:&quot;&quot;,&quot;caption&quot;:&quot;&quot;,&quot;created_timestamp&quot;:&quot;0&quot;,&quot;copyright&quot;:&quot;&quot;,&quot;focal_length&quot;:&quot;0&quot;,&quot;iso&quot;:&quot;0&quot;,&quot;shutter_speed&quot;:&quot;0&quot;,&quot;title&quot;:&quot;&quot;,&quot;orientation&quot;:&quot;1&quot;}\" data-image-title=\"La f\u00eate du Citron &amp;#8211; affiche 2026\" data-image-description=\"\" data-medium-file=\"https:\/\/i0.wp.com\/www.jojoenherbe.com\/wp-content\/uploads\/2026\/03\/La-fete-du-Citron-affiche-2026.jpg?fit=200%2C300\" data-large-file=\"https:\/\/i0.wp.com\/www.jojoenherbe.com\/wp-content\/uploads\/2026\/03\/La-fete-du-Citron-affiche-2026.jpg?fit=500%2C750\" src=\"https:\/\/i0.wp.com\/www.jojoenherbe.com\/wp-content\/uploads\/2026\/03\/La-fete-du-Citron-affiche-2026.jpg?w=201&#038;h=302\" srcset=\"https:\/\/i0.wp.com\/www.jojoenherbe.com\/wp-content\/uploads\/2026\/03\/La-fete-du-Citron-affiche-2026.jpg?w=500 500w, https:\/\/i0.wp.com\/www.jojoenherbe.com\/wp-content\/uploads\/2026\/03\/La-fete-du-Citron-affiche-2026.jpg?resize=200%2C300 200w\" width=\"201\" height=\"302\" loading=\"lazy\" data-original-width=\"201\" data-original-height=\"302\" itemprop=\"http:\/\/schema.org\/image\" title=\"La f\u00eate du Citron - affiche 2026\" alt=\"La f\u00eate du Citron - affiche 2026\" style=\"width: 201px; height: 302px;\" \/> <\/a> <\/div> <\/div> <!-- close group --> <\/div> <!-- close row --> <\/div>\n<p style=\"text-align: justify;\"><em><a href=\"https:\/\/i0.wp.com\/www.jojoenherbe.com\/wp-content\/uploads\/2026\/03\/Carnaval-de-Nice-2026-4-scaled.jpeg\"><img data-recalc-dims=\"1\" loading=\"lazy\" decoding=\"async\" data-attachment-id=\"43260\" data-permalink=\"http:\/\/www.jojoenherbe.com\/index.php\/2026\/03\/15\/meli-melo-de-carnavals-2026\/carnaval-de-nice-2026-4\/\" data-orig-file=\"https:\/\/i0.wp.com\/www.jojoenherbe.com\/wp-content\/uploads\/2026\/03\/Carnaval-de-Nice-2026-4-scaled.jpeg?fit=2485%2C2560\" data-orig-size=\"2485,2560\" data-comments-opened=\"1\" data-image-meta=\"{&quot;aperture&quot;:&quot;1.8&quot;,&quot;credit&quot;:&quot;&quot;,&quot;camera&quot;:&quot;iPhone SE (3rd generation)&quot;,&quot;caption&quot;:&quot;&quot;,&quot;created_timestamp&quot;:&quot;1770811270&quot;,&quot;copyright&quot;:&quot;&quot;,&quot;focal_length&quot;:&quot;3.99&quot;,&quot;iso&quot;:&quot;32&quot;,&quot;shutter_speed&quot;:&quot;0.0012150668286756&quot;,&quot;title&quot;:&quot;&quot;,&quot;orientation&quot;:&quot;1&quot;}\" data-image-title=\"Carnaval de Nice 2026 (4)\" data-image-description=\"\" data-image-caption=\"\" data-large-file=\"https:\/\/i0.wp.com\/www.jojoenherbe.com\/wp-content\/uploads\/2026\/03\/Carnaval-de-Nice-2026-4-scaled.jpeg?fit=676%2C696\" class=\"size-thumbnail wp-image-43260 alignright\" src=\"https:\/\/i0.wp.com\/www.jojoenherbe.com\/wp-content\/uploads\/2026\/03\/Carnaval-de-Nice-2026-4.jpeg?resize=150%2C150\" alt=\"\" width=\"150\" height=\"150\" srcset=\"https:\/\/i0.wp.com\/www.jojoenherbe.com\/wp-content\/uploads\/2026\/03\/Carnaval-de-Nice-2026-4-scaled.jpeg?resize=150%2C150 150w, https:\/\/i0.wp.com\/www.jojoenherbe.com\/wp-content\/uploads\/2026\/03\/Carnaval-de-Nice-2026-4-scaled.jpeg?zoom=2&amp;resize=150%2C150 300w, https:\/\/i0.wp.com\/www.jojoenherbe.com\/wp-content\/uploads\/2026\/03\/Carnaval-de-Nice-2026-4-scaled.jpeg?zoom=3&amp;resize=150%2C150 450w\" sizes=\"auto, (max-width: 150px) 100vw, 150px\" \/><\/a>Comme depuis quelques ann\u00e9es d\u00e9j\u00e0, nous avons pu d\u00e9couvrir, pour le charivari, les chars du <span style=\"color: #339966;\">Carnaval de Nice<\/span>, le th\u00e8me cette ann\u00e9e \u00e9tant \u00ab\u00a0Le roi est mort, vive la reine\u00a0\u00bb et qui a c\u00e9l\u00e9br\u00e9 les h\u00e9ro\u00efnes d&rsquo;hier, d&rsquo;aujourd&rsquo;hui et de demain. Cette \u00e9dition a donc \u00e9t\u00e9 plac\u00e9e sous le signe de \u00ab\u00a0Vive la Reine\u00a0\u00bb m\u00eame si c&rsquo;est le Roi qui a \u00e9t\u00e9 br\u00fbl\u00e9, comme chaque ann\u00e9e, avant le feu d&rsquo;artifices. A c\u00f4t\u00e9 de la Reine Ga\u00efa, le roi a pris les traits du Roi Grenouille, en pleine m\u00e9tamorphose, incarnant la dualit\u00e9 entre l\u2019instinct animal et la conscience humaine.\u00a0<\/em><\/p>\n<p style=\"text-align: justify;\"><em><a href=\"https:\/\/i0.wp.com\/www.jojoenherbe.com\/wp-content\/uploads\/2026\/03\/La-fete-du-citron-2026-scaled.jpg\"><img data-recalc-dims=\"1\" loading=\"lazy\" decoding=\"async\" data-attachment-id=\"43265\" data-permalink=\"http:\/\/www.jojoenherbe.com\/index.php\/2026\/03\/15\/meli-melo-de-carnavals-2026\/la-fete-du-citron-2026\/\" data-orig-file=\"https:\/\/i0.wp.com\/www.jojoenherbe.com\/wp-content\/uploads\/2026\/03\/La-fete-du-citron-2026-scaled.jpg?fit=1878%2C2560\" data-orig-size=\"1878,2560\" data-comments-opened=\"1\" data-image-meta=\"{&quot;aperture&quot;:&quot;3.2&quot;,&quot;credit&quot;:&quot;&quot;,&quot;camera&quot;:&quot;DSC-HX400V&quot;,&quot;caption&quot;:&quot;&quot;,&quot;created_timestamp&quot;:&quot;1771516300&quot;,&quot;copyright&quot;:&quot;&quot;,&quot;focal_length&quot;:&quot;7.29&quot;,&quot;iso&quot;:&quot;80&quot;,&quot;shutter_speed&quot;:&quot;0.0025&quot;,&quot;title&quot;:&quot;&quot;,&quot;orientation&quot;:&quot;1&quot;}\" data-image-title=\"La f\u00eate du citron 2026\" data-image-description=\"\" data-image-caption=\"\" data-large-file=\"https:\/\/i0.wp.com\/www.jojoenherbe.com\/wp-content\/uploads\/2026\/03\/La-fete-du-citron-2026-scaled.jpg?fit=676%2C922\" class=\"alignleft size-thumbnail wp-image-43265\" src=\"https:\/\/i0.wp.com\/www.jojoenherbe.com\/wp-content\/uploads\/2026\/03\/La-fete-du-citron-2026.jpg?resize=150%2C150\" alt=\"\" width=\"150\" height=\"150\" srcset=\"https:\/\/i0.wp.com\/www.jojoenherbe.com\/wp-content\/uploads\/2026\/03\/La-fete-du-citron-2026-scaled.jpg?resize=150%2C150 150w, https:\/\/i0.wp.com\/www.jojoenherbe.com\/wp-content\/uploads\/2026\/03\/La-fete-du-citron-2026-scaled.jpg?zoom=2&amp;resize=150%2C150 300w, https:\/\/i0.wp.com\/www.jojoenherbe.com\/wp-content\/uploads\/2026\/03\/La-fete-du-citron-2026-scaled.jpg?zoom=3&amp;resize=150%2C150 450w\" sizes=\"auto, (max-width: 150px) 100vw, 150px\" \/><\/a>Puis nous sommes all\u00e9s, en train, \u00e0 Menton pour la <span style=\"color: #339966;\">F\u00eate du Citron<\/span>. L\u2019exposition des motifs d\u2019agrumes a eu lieu, comme \u00e0 chaque \u00e9dition, dans les jardins Biov\u00e8s, avec un acc\u00e8s gratuit, le th\u00e8me cette ann\u00e9e \u00e9tant \u00ab\u00a0Merveilles du Vivant\u00a0\u00bb. Les sculptures \u00e9ph\u00e9m\u00e8res faites d\u2019oranges et de citrons \u00e9taient imposantes cette ann\u00e9e: baleine bleue, ADN entre 2 perroquets, parade amoureuse de girafes&#8230; Mais on a trouv\u00e9 qu&rsquo;il manquait une coh\u00e9rence dans le th\u00e8me contrairement \u00e0 l&rsquo;ann\u00e9e derni\u00e8re. Des sons avaient \u00e9t\u00e9 ajout\u00e9s pour mettre en sc\u00e8ne les animaux comme le tigre du Bengale. Nous avons \u00e9galement fini notre visite, avant de reprendre le train, avec un jus de fruits press\u00e9s orange-citron et une part de g\u00e2teau au citron (cake citronn\u00e9 et tarte au citron).\u00a0<\/em><\/p>\n<p style=\"text-align: center;\">* * *<\/p>\n<p style=\"text-align: justify;\"><em><a href=\"https:\/\/i0.wp.com\/www.jojoenherbe.com\/wp-content\/uploads\/2026\/03\/Livrets-Carnaval-HDE-Var-2026-scaled.jpeg\"><img data-recalc-dims=\"1\" loading=\"lazy\" decoding=\"async\" data-attachment-id=\"43282\" data-permalink=\"http:\/\/www.jojoenherbe.com\/index.php\/2026\/03\/15\/meli-melo-de-carnavals-2026\/livrets-carnaval-hde-var-2026\/\" data-orig-file=\"https:\/\/i0.wp.com\/www.jojoenherbe.com\/wp-content\/uploads\/2026\/03\/Livrets-Carnaval-HDE-Var-2026-scaled.jpeg?fit=2560%2C2242\" data-orig-size=\"2560,2242\" data-comments-opened=\"1\" data-image-meta=\"{&quot;aperture&quot;:&quot;1.8&quot;,&quot;credit&quot;:&quot;&quot;,&quot;camera&quot;:&quot;iPhone SE (3rd generation)&quot;,&quot;caption&quot;:&quot;&quot;,&quot;created_timestamp&quot;:&quot;1773568932&quot;,&quot;copyright&quot;:&quot;&quot;,&quot;focal_length&quot;:&quot;3.99&quot;,&quot;iso&quot;:&quot;640&quot;,&quot;shutter_speed&quot;:&quot;0.0625&quot;,&quot;title&quot;:&quot;&quot;,&quot;orientation&quot;:&quot;1&quot;}\" data-image-title=\"Livrets Carnaval HDE Var 2026\" data-image-description=\"\" data-image-caption=\"\" data-large-file=\"https:\/\/i0.wp.com\/www.jojoenherbe.com\/wp-content\/uploads\/2026\/03\/Livrets-Carnaval-HDE-Var-2026-scaled.jpeg?fit=676%2C592\" class=\"size-thumbnail wp-image-43282 alignright\" src=\"https:\/\/i0.wp.com\/www.jojoenherbe.com\/wp-content\/uploads\/2026\/03\/Livrets-Carnaval-HDE-Var-2026.jpeg?resize=150%2C150\" alt=\"\" width=\"150\" height=\"150\" srcset=\"https:\/\/i0.wp.com\/www.jojoenherbe.com\/wp-content\/uploads\/2026\/03\/Livrets-Carnaval-HDE-Var-2026-scaled.jpeg?resize=150%2C150 150w, https:\/\/i0.wp.com\/www.jojoenherbe.com\/wp-content\/uploads\/2026\/03\/Livrets-Carnaval-HDE-Var-2026-scaled.jpeg?zoom=2&amp;resize=150%2C150 300w, https:\/\/i0.wp.com\/www.jojoenherbe.com\/wp-content\/uploads\/2026\/03\/Livrets-Carnaval-HDE-Var-2026-scaled.jpeg?zoom=3&amp;resize=150%2C150 450w\" sizes=\"auto, (max-width: 150px) 100vw, 150px\" \/><\/a>Nous sommes \u00e9galement voir l&rsquo;exposition \u00ab\u00a0<span style=\"color: #339966;\">Carnavals d&rsquo;ici et d&rsquo;ailleurs<\/span>\u00a0\u00bb et qui est encore visible \u00e0 l\u2019HDE du Var, \u00e0 Draguignan jusqu\u2019au 22 mars 2026, sur 3 \u00e9tages: le premier avec les origines du carnaval, d\u00e8s l&rsquo;\u00e9poque antique (les esclaves prenant la place de leurs ma\u00eetres le temps d&rsquo;une journ\u00e9e par exemple), le deuxi\u00e8me avec surtout les carnavals \u00e0 travers les diff\u00e9rents d\u00e9partements fran\u00e7ais t\u00e9moignant de libert\u00e9s, de transgression avec le port du masque et du costume permettant le travestissement (les femmes se d\u00e9guisant en hommes et les hommes en femmes par exemple), de la c\u00e9l\u00e9bration d&rsquo;un monde \u00e0 l&rsquo;envers et de coutumes afin d&rsquo;\u00e9loigner les peurs et la bestialit\u00e9, de conjurer le mauvais sort ou bien encore de revendications sociales comme dans le Languedoc ou en Guyane et enfin le troisi\u00e8me consacr\u00e9 aux carnavals tr\u00e8s festifs et color\u00e9s comme celui de Rio, au Br\u00e9sil. On y retrouve \u00e9galement d&rsquo;autres carnavals c\u00e9l\u00e8bres comme ceux de B\u00e2le (en Suisse), en Belgique ou en Bolivie&#8230; L&rsquo;exposition est accessible aux plus jeunes qui peuvent s&rsquo;amuser avec un livret de jeux (6\/12 ans) sauf la projection de l&rsquo;extrait d&rsquo;une sc\u00e8ne de <span style=\"text-decoration: underline;\">Sans toit ni loi<\/span> d&rsquo;Agn\u00e8s Varda qui m&rsquo;a paru bien incongru au vu de la violence de l&rsquo;extrait pour les plus jeunes. Nous n&rsquo;avons pas non plus \u00e9t\u00e9 \u00ab\u00a0d\u00e9pays\u00e9s\u00a0\u00bb puisqu&rsquo;il y avait aussi le Carnaval de Nice avec des \u00e9l\u00e9ments d&rsquo;anciens chars ou des \u0153uvres d&rsquo;art de Moya.\u00a0<\/em><\/p>\n<div class=\"tiled-gallery type-rectangular tiled-gallery-unresized\" data-original-width=\"676\" data-carousel-extra='{&quot;blog_id&quot;:1,&quot;permalink&quot;:&quot;http:\\\/\\\/www.jojoenherbe.com\\\/index.php\\\/2026\\\/03\\\/15\\\/meli-melo-de-carnavals-2026\\\/&quot;,&quot;likes_blog_id&quot;:141396489}' itemscope itemtype=\"http:\/\/schema.org\/ImageGallery\" > <div class=\"gallery-row\" style=\"width: 676px; height: 516px;\" data-original-width=\"676\" data-original-height=\"516\" > <div class=\"gallery-group images-2\" style=\"width: 248px; height: 516px;\" data-original-width=\"248\" data-original-height=\"516\" > <div class=\"tiled-gallery-item tiled-gallery-item-small\" itemprop=\"associatedMedia\" itemscope itemtype=\"http:\/\/schema.org\/ImageObject\"> <a href=\"http:\/\/www.jojoenherbe.com\/index.php\/2026\/03\/15\/meli-melo-de-carnavals-2026\/expo-carnavals-hde-var-2026\/\" border=\"0\" itemprop=\"url\"> <meta itemprop=\"width\" content=\"244\"> <meta itemprop=\"height\" content=\"325\"> <img decoding=\"async\" class=\"\" data-attachment-id=\"43276\" data-orig-file=\"http:\/\/www.jojoenherbe.com\/wp-content\/uploads\/2026\/03\/Expo-Carnavals-HDE-Var-2026-scaled.jpeg\" data-orig-size=\"1920,2560\" data-comments-opened=\"1\" data-image-meta=\"{&quot;aperture&quot;:&quot;1.8&quot;,&quot;credit&quot;:&quot;&quot;,&quot;camera&quot;:&quot;iPhone SE (3rd generation)&quot;,&quot;caption&quot;:&quot;&quot;,&quot;created_timestamp&quot;:&quot;1771691159&quot;,&quot;copyright&quot;:&quot;&quot;,&quot;focal_length&quot;:&quot;3.99&quot;,&quot;iso&quot;:&quot;640&quot;,&quot;shutter_speed&quot;:&quot;0.033333333333333&quot;,&quot;title&quot;:&quot;&quot;,&quot;orientation&quot;:&quot;1&quot;}\" data-image-title=\"Expo Carnavals HDE Var 2026\" data-image-description=\"\" data-medium-file=\"https:\/\/i0.wp.com\/www.jojoenherbe.com\/wp-content\/uploads\/2026\/03\/Expo-Carnavals-HDE-Var-2026-scaled.jpeg?fit=225%2C300\" data-large-file=\"https:\/\/i0.wp.com\/www.jojoenherbe.com\/wp-content\/uploads\/2026\/03\/Expo-Carnavals-HDE-Var-2026-scaled.jpeg?fit=676%2C901\" src=\"https:\/\/i0.wp.com\/www.jojoenherbe.com\/wp-content\/uploads\/2026\/03\/Expo-Carnavals-HDE-Var-2026-scaled.jpeg?w=244&#038;h=325\" srcset=\"https:\/\/i0.wp.com\/www.jojoenherbe.com\/wp-content\/uploads\/2026\/03\/Expo-Carnavals-HDE-Var-2026-scaled.jpeg?w=1920 1920w, https:\/\/i0.wp.com\/www.jojoenherbe.com\/wp-content\/uploads\/2026\/03\/Expo-Carnavals-HDE-Var-2026-scaled.jpeg?resize=225%2C300 225w, https:\/\/i0.wp.com\/www.jojoenherbe.com\/wp-content\/uploads\/2026\/03\/Expo-Carnavals-HDE-Var-2026-scaled.jpeg?resize=768%2C1024 768w, https:\/\/i0.wp.com\/www.jojoenherbe.com\/wp-content\/uploads\/2026\/03\/Expo-Carnavals-HDE-Var-2026-scaled.jpeg?resize=1152%2C1536 1152w, https:\/\/i0.wp.com\/www.jojoenherbe.com\/wp-content\/uploads\/2026\/03\/Expo-Carnavals-HDE-Var-2026-scaled.jpeg?resize=1536%2C2048 1536w, https:\/\/i0.wp.com\/www.jojoenherbe.com\/wp-content\/uploads\/2026\/03\/Expo-Carnavals-HDE-Var-2026-scaled.jpeg?resize=676%2C901 676w, https:\/\/i0.wp.com\/www.jojoenherbe.com\/wp-content\/uploads\/2026\/03\/Expo-Carnavals-HDE-Var-2026-scaled.jpeg?w=1352 1352w\" width=\"244\" height=\"325\" loading=\"lazy\" data-original-width=\"244\" data-original-height=\"325\" itemprop=\"http:\/\/schema.org\/image\" title=\"Expo Carnavals HDE Var 2026\" alt=\"Expo Carnavals HDE Var 2026\" style=\"width: 244px; height: 325px;\" \/> <\/a> <\/div> <div class=\"tiled-gallery-item tiled-gallery-item-small\" itemprop=\"associatedMedia\" itemscope itemtype=\"http:\/\/schema.org\/ImageObject\"> <a href=\"http:\/\/www.jojoenherbe.com\/index.php\/2026\/03\/15\/meli-melo-de-carnavals-2026\/expo-carnavals-hde-var-2026-2\/\" border=\"0\" itemprop=\"url\"> <meta itemprop=\"width\" content=\"244\"> <meta itemprop=\"height\" content=\"183\"> <img decoding=\"async\" class=\"\" data-attachment-id=\"43271\" data-orig-file=\"http:\/\/www.jojoenherbe.com\/wp-content\/uploads\/2026\/03\/Expo-Carnavals-HDE-Var-2026-2-scaled.jpeg\" data-orig-size=\"2560,1920\" data-comments-opened=\"1\" data-image-meta=\"{&quot;aperture&quot;:&quot;1.8&quot;,&quot;credit&quot;:&quot;&quot;,&quot;camera&quot;:&quot;iPhone SE (3rd generation)&quot;,&quot;caption&quot;:&quot;&quot;,&quot;created_timestamp&quot;:&quot;1771691565&quot;,&quot;copyright&quot;:&quot;&quot;,&quot;focal_length&quot;:&quot;3.99&quot;,&quot;iso&quot;:&quot;500&quot;,&quot;shutter_speed&quot;:&quot;0.033333333333333&quot;,&quot;title&quot;:&quot;&quot;,&quot;orientation&quot;:&quot;1&quot;}\" data-image-title=\"Expo Carnavals HDE Var 2026 (2)\" data-image-description=\"\" data-medium-file=\"https:\/\/i0.wp.com\/www.jojoenherbe.com\/wp-content\/uploads\/2026\/03\/Expo-Carnavals-HDE-Var-2026-2-scaled.jpeg?fit=300%2C225\" data-large-file=\"https:\/\/i0.wp.com\/www.jojoenherbe.com\/wp-content\/uploads\/2026\/03\/Expo-Carnavals-HDE-Var-2026-2-scaled.jpeg?fit=676%2C507\" src=\"https:\/\/i0.wp.com\/www.jojoenherbe.com\/wp-content\/uploads\/2026\/03\/Expo-Carnavals-HDE-Var-2026-2-scaled.jpeg?w=244&#038;h=183\" srcset=\"https:\/\/i0.wp.com\/www.jojoenherbe.com\/wp-content\/uploads\/2026\/03\/Expo-Carnavals-HDE-Var-2026-2-scaled.jpeg?w=2560 2560w, https:\/\/i0.wp.com\/www.jojoenherbe.com\/wp-content\/uploads\/2026\/03\/Expo-Carnavals-HDE-Var-2026-2-scaled.jpeg?resize=300%2C225 300w, https:\/\/i0.wp.com\/www.jojoenherbe.com\/wp-content\/uploads\/2026\/03\/Expo-Carnavals-HDE-Var-2026-2-scaled.jpeg?resize=1024%2C768 1024w, https:\/\/i0.wp.com\/www.jojoenherbe.com\/wp-content\/uploads\/2026\/03\/Expo-Carnavals-HDE-Var-2026-2-scaled.jpeg?resize=768%2C576 768w, https:\/\/i0.wp.com\/www.jojoenherbe.com\/wp-content\/uploads\/2026\/03\/Expo-Carnavals-HDE-Var-2026-2-scaled.jpeg?resize=1536%2C1152 1536w, https:\/\/i0.wp.com\/www.jojoenherbe.com\/wp-content\/uploads\/2026\/03\/Expo-Carnavals-HDE-Var-2026-2-scaled.jpeg?resize=2048%2C1536 2048w, https:\/\/i0.wp.com\/www.jojoenherbe.com\/wp-content\/uploads\/2026\/03\/Expo-Carnavals-HDE-Var-2026-2-scaled.jpeg?resize=676%2C507 676w, https:\/\/i0.wp.com\/www.jojoenherbe.com\/wp-content\/uploads\/2026\/03\/Expo-Carnavals-HDE-Var-2026-2-scaled.jpeg?w=1352 1352w\" width=\"244\" height=\"183\" loading=\"lazy\" data-original-width=\"244\" data-original-height=\"183\" itemprop=\"http:\/\/schema.org\/image\" title=\"Expo Carnavals HDE Var 2026 (2)\" alt=\"Les Saturnales ou l&#039;Hiver\" style=\"width: 244px; height: 183px;\" \/> <\/a> <div class=\"tiled-gallery-caption\" itemprop=\"caption description\"> Les Saturnales ou l&rsquo;Hiver <\/div> <\/div> <\/div> <!-- close group --> <div class=\"gallery-group images-2\" style=\"width: 209px; height: 516px;\" data-original-width=\"209\" data-original-height=\"516\" > <div class=\"tiled-gallery-item tiled-gallery-item-small\" itemprop=\"associatedMedia\" itemscope itemtype=\"http:\/\/schema.org\/ImageObject\"> <a href=\"http:\/\/www.jojoenherbe.com\/index.php\/2026\/03\/15\/meli-melo-de-carnavals-2026\/expo-carnavals-hde-var-2026-3\/\" border=\"0\" itemprop=\"url\"> <meta itemprop=\"width\" content=\"205\"> <meta itemprop=\"height\" content=\"225\"> <img decoding=\"async\" class=\"\" data-attachment-id=\"43272\" data-orig-file=\"http:\/\/www.jojoenherbe.com\/wp-content\/uploads\/2026\/03\/Expo-Carnavals-HDE-Var-2026-3-scaled.jpeg\" data-orig-size=\"2334,2560\" data-comments-opened=\"1\" data-image-meta=\"{&quot;aperture&quot;:&quot;1.8&quot;,&quot;credit&quot;:&quot;&quot;,&quot;camera&quot;:&quot;iPhone SE (3rd generation)&quot;,&quot;caption&quot;:&quot;&quot;,&quot;created_timestamp&quot;:&quot;1771692260&quot;,&quot;copyright&quot;:&quot;&quot;,&quot;focal_length&quot;:&quot;3.99&quot;,&quot;iso&quot;:&quot;500&quot;,&quot;shutter_speed&quot;:&quot;0.033333333333333&quot;,&quot;title&quot;:&quot;&quot;,&quot;orientation&quot;:&quot;1&quot;}\" data-image-title=\"Expo Carnavals HDE Var 2026 (3)\" data-image-description=\"\" data-medium-file=\"https:\/\/i0.wp.com\/www.jojoenherbe.com\/wp-content\/uploads\/2026\/03\/Expo-Carnavals-HDE-Var-2026-3-scaled.jpeg?fit=274%2C300\" data-large-file=\"https:\/\/i0.wp.com\/www.jojoenherbe.com\/wp-content\/uploads\/2026\/03\/Expo-Carnavals-HDE-Var-2026-3-scaled.jpeg?fit=676%2C741\" src=\"https:\/\/i0.wp.com\/www.jojoenherbe.com\/wp-content\/uploads\/2026\/03\/Expo-Carnavals-HDE-Var-2026-3-scaled.jpeg?w=205&#038;h=225\" srcset=\"https:\/\/i0.wp.com\/www.jojoenherbe.com\/wp-content\/uploads\/2026\/03\/Expo-Carnavals-HDE-Var-2026-3-scaled.jpeg?w=2334 2334w, https:\/\/i0.wp.com\/www.jojoenherbe.com\/wp-content\/uploads\/2026\/03\/Expo-Carnavals-HDE-Var-2026-3-scaled.jpeg?resize=274%2C300 274w, https:\/\/i0.wp.com\/www.jojoenherbe.com\/wp-content\/uploads\/2026\/03\/Expo-Carnavals-HDE-Var-2026-3-scaled.jpeg?resize=934%2C1024 934w, https:\/\/i0.wp.com\/www.jojoenherbe.com\/wp-content\/uploads\/2026\/03\/Expo-Carnavals-HDE-Var-2026-3-scaled.jpeg?resize=768%2C842 768w, https:\/\/i0.wp.com\/www.jojoenherbe.com\/wp-content\/uploads\/2026\/03\/Expo-Carnavals-HDE-Var-2026-3-scaled.jpeg?resize=1401%2C1536 1401w, https:\/\/i0.wp.com\/www.jojoenherbe.com\/wp-content\/uploads\/2026\/03\/Expo-Carnavals-HDE-Var-2026-3-scaled.jpeg?resize=1867%2C2048 1867w, https:\/\/i0.wp.com\/www.jojoenherbe.com\/wp-content\/uploads\/2026\/03\/Expo-Carnavals-HDE-Var-2026-3-scaled.jpeg?resize=676%2C741 676w, https:\/\/i0.wp.com\/www.jojoenherbe.com\/wp-content\/uploads\/2026\/03\/Expo-Carnavals-HDE-Var-2026-3-scaled.jpeg?w=2028 2028w\" width=\"205\" height=\"225\" loading=\"lazy\" data-original-width=\"205\" data-original-height=\"225\" itemprop=\"http:\/\/schema.org\/image\" title=\"Expo Carnavals HDE Var 2026 (3)\" alt=\"Le Go\u00fbt ou La vendeuse de cr\u00eapes\" style=\"width: 205px; height: 225px;\" \/> <\/a> <div class=\"tiled-gallery-caption\" itemprop=\"caption description\"> Le Go\u00fbt ou La vendeuse de cr\u00eapes <\/div> <\/div> <div class=\"tiled-gallery-item tiled-gallery-item-small\" itemprop=\"associatedMedia\" itemscope itemtype=\"http:\/\/schema.org\/ImageObject\"> <a href=\"http:\/\/www.jojoenherbe.com\/index.php\/2026\/03\/15\/meli-melo-de-carnavals-2026\/expo-carnavals-hde-var-2026-5\/\" border=\"0\" itemprop=\"url\"> <meta itemprop=\"width\" content=\"205\"> <meta itemprop=\"height\" content=\"283\"> <img decoding=\"async\" class=\"\" data-attachment-id=\"43274\" data-orig-file=\"http:\/\/www.jojoenherbe.com\/wp-content\/uploads\/2026\/03\/Expo-Carnavals-HDE-Var-2026-5-scaled.jpeg\" data-orig-size=\"1854,2560\" data-comments-opened=\"1\" data-image-meta=\"{&quot;aperture&quot;:&quot;1.8&quot;,&quot;credit&quot;:&quot;&quot;,&quot;camera&quot;:&quot;iPhone SE (3rd generation)&quot;,&quot;caption&quot;:&quot;&quot;,&quot;created_timestamp&quot;:&quot;1771693827&quot;,&quot;copyright&quot;:&quot;&quot;,&quot;focal_length&quot;:&quot;3.99&quot;,&quot;iso&quot;:&quot;500&quot;,&quot;shutter_speed&quot;:&quot;0.033333333333333&quot;,&quot;title&quot;:&quot;&quot;,&quot;orientation&quot;:&quot;1&quot;}\" data-image-title=\"Expo Carnavals HDE Var 2026 (5)\" data-image-description=\"\" data-medium-file=\"https:\/\/i0.wp.com\/www.jojoenherbe.com\/wp-content\/uploads\/2026\/03\/Expo-Carnavals-HDE-Var-2026-5-scaled.jpeg?fit=217%2C300\" data-large-file=\"https:\/\/i0.wp.com\/www.jojoenherbe.com\/wp-content\/uploads\/2026\/03\/Expo-Carnavals-HDE-Var-2026-5-scaled.jpeg?fit=676%2C934\" src=\"https:\/\/i0.wp.com\/www.jojoenherbe.com\/wp-content\/uploads\/2026\/03\/Expo-Carnavals-HDE-Var-2026-5-scaled.jpeg?w=205&#038;h=283\" srcset=\"https:\/\/i0.wp.com\/www.jojoenherbe.com\/wp-content\/uploads\/2026\/03\/Expo-Carnavals-HDE-Var-2026-5-scaled.jpeg?w=1854 1854w, https:\/\/i0.wp.com\/www.jojoenherbe.com\/wp-content\/uploads\/2026\/03\/Expo-Carnavals-HDE-Var-2026-5-scaled.jpeg?resize=217%2C300 217w, https:\/\/i0.wp.com\/www.jojoenherbe.com\/wp-content\/uploads\/2026\/03\/Expo-Carnavals-HDE-Var-2026-5-scaled.jpeg?resize=741%2C1024 741w, https:\/\/i0.wp.com\/www.jojoenherbe.com\/wp-content\/uploads\/2026\/03\/Expo-Carnavals-HDE-Var-2026-5-scaled.jpeg?resize=768%2C1061 768w, https:\/\/i0.wp.com\/www.jojoenherbe.com\/wp-content\/uploads\/2026\/03\/Expo-Carnavals-HDE-Var-2026-5-scaled.jpeg?resize=1112%2C1536 1112w, https:\/\/i0.wp.com\/www.jojoenherbe.com\/wp-content\/uploads\/2026\/03\/Expo-Carnavals-HDE-Var-2026-5-scaled.jpeg?resize=1483%2C2048 1483w, https:\/\/i0.wp.com\/www.jojoenherbe.com\/wp-content\/uploads\/2026\/03\/Expo-Carnavals-HDE-Var-2026-5-scaled.jpeg?resize=676%2C934 676w, https:\/\/i0.wp.com\/www.jojoenherbe.com\/wp-content\/uploads\/2026\/03\/Expo-Carnavals-HDE-Var-2026-5-scaled.jpeg?w=1352 1352w\" width=\"205\" height=\"283\" loading=\"lazy\" data-original-width=\"205\" data-original-height=\"283\" itemprop=\"http:\/\/schema.org\/image\" title=\"Expo Carnavals HDE Var 2026 (5)\" alt=\"Costume de Gille de Binche\" style=\"width: 205px; height: 283px;\" \/> <\/a> <div class=\"tiled-gallery-caption\" itemprop=\"caption description\"> Costume de Gille de Binche <\/div> <\/div> <\/div> <!-- close group --> <div class=\"gallery-group images-2\" style=\"width: 219px; height: 516px;\" data-original-width=\"219\" data-original-height=\"516\" > <div class=\"tiled-gallery-item tiled-gallery-item-small\" itemprop=\"associatedMedia\" itemscope itemtype=\"http:\/\/schema.org\/ImageObject\"> <a href=\"http:\/\/www.jojoenherbe.com\/index.php\/2026\/03\/15\/meli-melo-de-carnavals-2026\/expo-carnavals-hde-var-2026-6\/\" border=\"0\" itemprop=\"url\"> <meta itemprop=\"width\" content=\"215\"> <meta itemprop=\"height\" content=\"287\"> <img decoding=\"async\" class=\"\" data-attachment-id=\"43275\" data-orig-file=\"http:\/\/www.jojoenherbe.com\/wp-content\/uploads\/2026\/03\/Expo-Carnavals-HDE-Var-2026-6-scaled.jpeg\" data-orig-size=\"1920,2560\" data-comments-opened=\"1\" data-image-meta=\"{&quot;aperture&quot;:&quot;1.8&quot;,&quot;credit&quot;:&quot;&quot;,&quot;camera&quot;:&quot;iPhone SE (3rd generation)&quot;,&quot;caption&quot;:&quot;&quot;,&quot;created_timestamp&quot;:&quot;1771694485&quot;,&quot;copyright&quot;:&quot;&quot;,&quot;focal_length&quot;:&quot;3.99&quot;,&quot;iso&quot;:&quot;400&quot;,&quot;shutter_speed&quot;:&quot;0.04&quot;,&quot;title&quot;:&quot;&quot;,&quot;orientation&quot;:&quot;1&quot;}\" data-image-title=\"Expo Carnavals HDE Var 2026 (6)\" data-image-description=\"\" data-medium-file=\"https:\/\/i0.wp.com\/www.jojoenherbe.com\/wp-content\/uploads\/2026\/03\/Expo-Carnavals-HDE-Var-2026-6-scaled.jpeg?fit=225%2C300\" data-large-file=\"https:\/\/i0.wp.com\/www.jojoenherbe.com\/wp-content\/uploads\/2026\/03\/Expo-Carnavals-HDE-Var-2026-6-scaled.jpeg?fit=676%2C901\" src=\"https:\/\/i0.wp.com\/www.jojoenherbe.com\/wp-content\/uploads\/2026\/03\/Expo-Carnavals-HDE-Var-2026-6-scaled.jpeg?w=215&#038;h=287\" srcset=\"https:\/\/i0.wp.com\/www.jojoenherbe.com\/wp-content\/uploads\/2026\/03\/Expo-Carnavals-HDE-Var-2026-6-scaled.jpeg?w=1920 1920w, https:\/\/i0.wp.com\/www.jojoenherbe.com\/wp-content\/uploads\/2026\/03\/Expo-Carnavals-HDE-Var-2026-6-scaled.jpeg?resize=225%2C300 225w, https:\/\/i0.wp.com\/www.jojoenherbe.com\/wp-content\/uploads\/2026\/03\/Expo-Carnavals-HDE-Var-2026-6-scaled.jpeg?resize=768%2C1024 768w, https:\/\/i0.wp.com\/www.jojoenherbe.com\/wp-content\/uploads\/2026\/03\/Expo-Carnavals-HDE-Var-2026-6-scaled.jpeg?resize=1152%2C1536 1152w, https:\/\/i0.wp.com\/www.jojoenherbe.com\/wp-content\/uploads\/2026\/03\/Expo-Carnavals-HDE-Var-2026-6-scaled.jpeg?resize=1536%2C2048 1536w, https:\/\/i0.wp.com\/www.jojoenherbe.com\/wp-content\/uploads\/2026\/03\/Expo-Carnavals-HDE-Var-2026-6-scaled.jpeg?resize=676%2C901 676w, https:\/\/i0.wp.com\/www.jojoenherbe.com\/wp-content\/uploads\/2026\/03\/Expo-Carnavals-HDE-Var-2026-6-scaled.jpeg?w=1352 1352w\" width=\"215\" height=\"287\" loading=\"lazy\" data-original-width=\"215\" data-original-height=\"287\" itemprop=\"http:\/\/schema.org\/image\" title=\"Expo Carnavals HDE Var 2026 (6)\" alt=\"Costumes de Rio\" style=\"width: 215px; height: 287px;\" \/> <\/a> <div class=\"tiled-gallery-caption\" itemprop=\"caption description\"> Costumes de Rio <\/div> <\/div> <div class=\"tiled-gallery-item tiled-gallery-item-small\" itemprop=\"associatedMedia\" itemscope itemtype=\"http:\/\/schema.org\/ImageObject\"> <a href=\"http:\/\/www.jojoenherbe.com\/index.php\/2026\/03\/15\/meli-melo-de-carnavals-2026\/expo-carnavals-hde-var-2026-7\/\" border=\"0\" itemprop=\"url\"> <meta itemprop=\"width\" content=\"215\"> <meta itemprop=\"height\" content=\"221\"> <img decoding=\"async\" class=\"\" data-attachment-id=\"43279\" data-orig-file=\"http:\/\/www.jojoenherbe.com\/wp-content\/uploads\/2026\/03\/Expo-Carnavals-HDE-Var-2026-7-scaled.jpeg\" data-orig-size=\"2490,2560\" data-comments-opened=\"1\" data-image-meta=\"{&quot;aperture&quot;:&quot;1.8&quot;,&quot;credit&quot;:&quot;&quot;,&quot;camera&quot;:&quot;iPhone SE (3rd generation)&quot;,&quot;caption&quot;:&quot;&quot;,&quot;created_timestamp&quot;:&quot;1771693113&quot;,&quot;copyright&quot;:&quot;&quot;,&quot;focal_length&quot;:&quot;3.99&quot;,&quot;iso&quot;:&quot;320&quot;,&quot;shutter_speed&quot;:&quot;0.023255813953488&quot;,&quot;title&quot;:&quot;&quot;,&quot;orientation&quot;:&quot;1&quot;}\" data-image-title=\"Expo Carnavals HDE Var 2026 (7)\" data-image-description=\"\" data-medium-file=\"https:\/\/i0.wp.com\/www.jojoenherbe.com\/wp-content\/uploads\/2026\/03\/Expo-Carnavals-HDE-Var-2026-7-scaled.jpeg?fit=292%2C300\" data-large-file=\"https:\/\/i0.wp.com\/www.jojoenherbe.com\/wp-content\/uploads\/2026\/03\/Expo-Carnavals-HDE-Var-2026-7-scaled.jpeg?fit=676%2C695\" src=\"https:\/\/i0.wp.com\/www.jojoenherbe.com\/wp-content\/uploads\/2026\/03\/Expo-Carnavals-HDE-Var-2026-7-scaled.jpeg?w=215&#038;h=221\" srcset=\"https:\/\/i0.wp.com\/www.jojoenherbe.com\/wp-content\/uploads\/2026\/03\/Expo-Carnavals-HDE-Var-2026-7-scaled.jpeg?w=2490 2490w, https:\/\/i0.wp.com\/www.jojoenherbe.com\/wp-content\/uploads\/2026\/03\/Expo-Carnavals-HDE-Var-2026-7-scaled.jpeg?resize=292%2C300 292w, https:\/\/i0.wp.com\/www.jojoenherbe.com\/wp-content\/uploads\/2026\/03\/Expo-Carnavals-HDE-Var-2026-7-scaled.jpeg?resize=996%2C1024 996w, https:\/\/i0.wp.com\/www.jojoenherbe.com\/wp-content\/uploads\/2026\/03\/Expo-Carnavals-HDE-Var-2026-7-scaled.jpeg?resize=768%2C790 768w, https:\/\/i0.wp.com\/www.jojoenherbe.com\/wp-content\/uploads\/2026\/03\/Expo-Carnavals-HDE-Var-2026-7-scaled.jpeg?resize=1494%2C1536 1494w, https:\/\/i0.wp.com\/www.jojoenherbe.com\/wp-content\/uploads\/2026\/03\/Expo-Carnavals-HDE-Var-2026-7-scaled.jpeg?resize=1992%2C2048 1992w, https:\/\/i0.wp.com\/www.jojoenherbe.com\/wp-content\/uploads\/2026\/03\/Expo-Carnavals-HDE-Var-2026-7-scaled.jpeg?resize=676%2C695 676w, https:\/\/i0.wp.com\/www.jojoenherbe.com\/wp-content\/uploads\/2026\/03\/Expo-Carnavals-HDE-Var-2026-7-scaled.jpeg?w=1352 1352w\" width=\"215\" height=\"221\" loading=\"lazy\" data-original-width=\"215\" data-original-height=\"221\" itemprop=\"http:\/\/schema.org\/image\" title=\"Expo Carnavals HDE Var 2026 (7)\" alt=\"Venise au Carnaval de Marseille\" style=\"width: 215px; height: 221px;\" \/> <\/a> <div class=\"tiled-gallery-caption\" itemprop=\"caption description\"> Venise au Carnaval de Marseille <\/div> <\/div> <\/div> <!-- close group --> <\/div> <!-- close row --> <\/div>\n<p style=\"text-align: justify;\"><em>\u00a0<\/em><\/p>\n","protected":false},"excerpt":{"rendered":"<p>Profitant d&rsquo;un week-end encore pluvieux et ma derni\u00e8re lecture, Le lit clos de Sophie Brocas (\u00e9d. Mialet Barrault, janvier 2025, 336 pages) m&rsquo;y ayant fait penser avec un passage sur les Gras de Douarnenez, j&rsquo;en profite pour revenir sur les vacances scolaires pr\u00e9c\u00e9dentes avec les festivit\u00e9s carnavalesques 2026 et une divinit\u00e9 f\u00e9minine commune dans les [&hellip;]<\/p>\n","protected":false},"author":1,"featured_media":43370,"comment_status":"open","ping_status":"open","sticky":false,"template":"","format":"standard","meta":{"jetpack_post_was_ever_published":false,"_jetpack_newsletter_access":"","_jetpack_dont_email_post_to_subs":false,"_jetpack_newsletter_tier_id":0,"_jetpack_memberships_contains_paywalled_content":false,"_jetpack_memberships_contains_paid_content":false,"footnotes":""},"categories":[4],"tags":[20,25,1234,4949,4263,24,420,4950,333,4948,419,38,5,1506,27],"class_list":["post-43256","post","type-post","status-publish","format-standard","has-post-thumbnail","hentry","category-mini-visiteur","tag-activites-pour-les-enfants","tag-alpes-maritimes","tag-carnaval","tag-carnaval-de-nice","tag-exposition","tag-festivites","tag-fete-du-citron","tag-fete-du-printemps","tag-fetes","tag-hde-var","tag-menton","tag-nice","tag-paca","tag-region-sud","tag-var","post-preview"],"jetpack_featured_media_url":"https:\/\/i0.wp.com\/www.jojoenherbe.com\/wp-content\/uploads\/2026\/03\/Carnavals-2026.jpg?fit=1021%2C1205","jetpack_sharing_enabled":true,"jetpack_shortlink":"https:\/\/wp.me\/p9zhGx-bfG","jetpack_likes_enabled":true,"jetpack-related-posts":[{"id":16025,"url":"http:\/\/www.jojoenherbe.com\/index.php\/2021\/02\/23\/au-fil-des-pages-avec-le-carnaval-de-logre\/","url_meta":{"origin":43256,"position":0},"title":"Au fil des pages avec Le carnaval de l&rsquo;ogre","author":"Jojo","date":"23 f\u00e9vrier 2021","format":false,"excerpt":"Dans nos derniers emprunts \u00e0 la m\u00e9diath\u00e8que sur le th\u00e8me du carnaval, nous lisons Le carnaval de l\u2019ogre de Catherine Tamain et Marjorie B\u00e9al (\u00e9d. \u00c2ne b\u00e2t\u00e9, 2018), un album jeunesse \u00e0 partir de 3 ans. Pour le carnaval organis\u00e9 \u00e0 l\u2019\u00e9cole maternelle de Margotte, un ogre ne sait pas\u2026","rel":"","context":"Dans &quot;Mini lecteur&quot;","block_context":{"text":"Mini lecteur","link":"http:\/\/www.jojoenherbe.com\/index.php\/category\/mini-lecteur\/"},"img":{"alt_text":"","src":"https:\/\/i0.wp.com\/www.jojoenherbe.com\/wp-content\/uploads\/2021\/02\/Le-carnaval-de-logre-scaled.jpg?fit=1200%2C915&resize=350%2C200","width":350,"height":200,"srcset":"https:\/\/i0.wp.com\/www.jojoenherbe.com\/wp-content\/uploads\/2021\/02\/Le-carnaval-de-logre-scaled.jpg?fit=1200%2C915&resize=350%2C200 1x, https:\/\/i0.wp.com\/www.jojoenherbe.com\/wp-content\/uploads\/2021\/02\/Le-carnaval-de-logre-scaled.jpg?fit=1200%2C915&resize=525%2C300 1.5x, https:\/\/i0.wp.com\/www.jojoenherbe.com\/wp-content\/uploads\/2021\/02\/Le-carnaval-de-logre-scaled.jpg?fit=1200%2C915&resize=700%2C400 2x, https:\/\/i0.wp.com\/www.jojoenherbe.com\/wp-content\/uploads\/2021\/02\/Le-carnaval-de-logre-scaled.jpg?fit=1200%2C915&resize=1050%2C600 3x"},"classes":[]},{"id":9941,"url":"http:\/\/www.jojoenherbe.com\/index.php\/2020\/02\/10\/au-fil-des-pages-avec-vol-a-venise\/","url_meta":{"origin":43256,"position":1},"title":"Au fil des pages avec Vol \u00e0 Venise","author":"Jojo","date":"10 f\u00e9vrier 2020","format":false,"excerpt":"Nous empruntons \u00e0 la biblioth\u00e8que Vol \u00e0 Venise de G\u00e9raldine Elschner et Anja Klauss (\u00e9d. L'\u00e9lan vert, 2011), un album jeunesse \u00e0 partir de 3 ans. Pendant le carnaval de Venise, trois grands oiseaux peuvent se glisser parmi les hommes (et les femmes) pour profiter de la f\u00eate. De son\u2026","rel":"","context":"Dans &quot;Mini lecteur&quot;","block_context":{"text":"Mini lecteur","link":"http:\/\/www.jojoenherbe.com\/index.php\/category\/mini-lecteur\/"},"img":{"alt_text":"","src":"https:\/\/i0.wp.com\/www.jojoenherbe.com\/wp-content\/uploads\/2020\/02\/Vol-%C3%A0-Venise-scaled.jpg?fit=1200%2C1010&resize=350%2C200","width":350,"height":200,"srcset":"https:\/\/i0.wp.com\/www.jojoenherbe.com\/wp-content\/uploads\/2020\/02\/Vol-%C3%A0-Venise-scaled.jpg?fit=1200%2C1010&resize=350%2C200 1x, https:\/\/i0.wp.com\/www.jojoenherbe.com\/wp-content\/uploads\/2020\/02\/Vol-%C3%A0-Venise-scaled.jpg?fit=1200%2C1010&resize=525%2C300 1.5x, https:\/\/i0.wp.com\/www.jojoenherbe.com\/wp-content\/uploads\/2020\/02\/Vol-%C3%A0-Venise-scaled.jpg?fit=1200%2C1010&resize=700%2C400 2x, https:\/\/i0.wp.com\/www.jojoenherbe.com\/wp-content\/uploads\/2020\/02\/Vol-%C3%A0-Venise-scaled.jpg?fit=1200%2C1010&resize=1050%2C600 3x"},"classes":[]},{"id":41912,"url":"http:\/\/www.jojoenherbe.com\/index.php\/2025\/12\/21\/semaine-51-du-projet-52-2025-fetes-de-fin-dannee\/","url_meta":{"origin":43256,"position":2},"title":"Semaine 51 du Projet 52-2025: \u00ab\u00a0F\u00eates de fin d&rsquo;ann\u00e9e\u00a0\u00bb","author":"Jojo","date":"21 d\u00e9cembre 2025","format":false,"excerpt":"Pour la semaine 51 du Projet 52-2025 de Du c\u00f4t\u00e9 de chez Ma\u2019, le th\u00e8me est \"F\u00eates de fin d'ann\u00e9e\", un th\u00e8me bien de saison et pour lequel j'ai pioch\u00e9 dans les photos prises hier soir, \u00e0 Nice, sur le miroir d'eau de de la Coul\u00e9e Verte jouxtant la place\u2026","rel":"","context":"Dans &quot;Mini blogueur&quot;","block_context":{"text":"Mini blogueur","link":"http:\/\/www.jojoenherbe.com\/index.php\/category\/mini-blogueur\/"},"img":{"alt_text":"","src":"https:\/\/i0.wp.com\/www.jojoenherbe.com\/wp-content\/uploads\/2025\/12\/Nice-Noel-2025-scaled.jpg?fit=1040%2C1200&resize=350%2C200","width":350,"height":200,"srcset":"https:\/\/i0.wp.com\/www.jojoenherbe.com\/wp-content\/uploads\/2025\/12\/Nice-Noel-2025-scaled.jpg?fit=1040%2C1200&resize=350%2C200 1x, https:\/\/i0.wp.com\/www.jojoenherbe.com\/wp-content\/uploads\/2025\/12\/Nice-Noel-2025-scaled.jpg?fit=1040%2C1200&resize=525%2C300 1.5x, https:\/\/i0.wp.com\/www.jojoenherbe.com\/wp-content\/uploads\/2025\/12\/Nice-Noel-2025-scaled.jpg?fit=1040%2C1200&resize=700%2C400 2x"},"classes":[]},{"id":28891,"url":"http:\/\/www.jojoenherbe.com\/index.php\/2022\/12\/24\/semaine-51-du-projet-52-2022-faire-la-fete\/","url_meta":{"origin":43256,"position":3},"title":"Semaine 51 du Projet 52-2022: Faire la f\u00eate","author":"Jojo","date":"24 d\u00e9cembre 2022","format":false,"excerpt":"Pour la semaine 51 du Projet 52-2022 de Du c\u00f4t\u00e9 de chez Ma\u2019, le th\u00e8me est \"Faire la f\u00eate\", ce qui r\u00e9sume parfaitement la journ\u00e9e de ce samedi 24 d\u00e9cembre 2022. J'ai choisi une de nos d\u00e9corations de table pour l'occasion avec les derniers pr\u00e9paratifs de No\u00ebl et cadeaux \u00e0\u2026","rel":"","context":"Dans &quot;mini photographe&quot;","block_context":{"text":"mini photographe","link":"http:\/\/www.jojoenherbe.com\/index.php\/category\/mini-photographe\/"},"img":{"alt_text":"","src":"https:\/\/i0.wp.com\/www.jojoenherbe.com\/wp-content\/uploads\/2022\/12\/Decoration-Noel-2022-scaled.jpg?fit=1200%2C916&resize=350%2C200","width":350,"height":200,"srcset":"https:\/\/i0.wp.com\/www.jojoenherbe.com\/wp-content\/uploads\/2022\/12\/Decoration-Noel-2022-scaled.jpg?fit=1200%2C916&resize=350%2C200 1x, https:\/\/i0.wp.com\/www.jojoenherbe.com\/wp-content\/uploads\/2022\/12\/Decoration-Noel-2022-scaled.jpg?fit=1200%2C916&resize=525%2C300 1.5x, https:\/\/i0.wp.com\/www.jojoenherbe.com\/wp-content\/uploads\/2022\/12\/Decoration-Noel-2022-scaled.jpg?fit=1200%2C916&resize=700%2C400 2x, https:\/\/i0.wp.com\/www.jojoenherbe.com\/wp-content\/uploads\/2022\/12\/Decoration-Noel-2022-scaled.jpg?fit=1200%2C916&resize=1050%2C600 3x"},"classes":[]},{"id":9108,"url":"http:\/\/www.jojoenherbe.com\/index.php\/2019\/12\/23\/melis-melos-des-marches-de-noel-2019\/","url_meta":{"origin":43256,"position":4},"title":"M\u00e9lis-m\u00e9los des march\u00e9s de No\u00ebl 2019","author":"Jojo","date":"23 d\u00e9cembre 2019","format":false,"excerpt":"Le temps ne nous permet pas cette ann\u00e9e de profiter comme il se doit des march\u00e9s de No\u00ebl dans les Alpes-Maritimes et dans le Var, entre les week-ends de confinement en raison des alertes rouges pluie-inondations, vague-submersions et encore ce week-end alerte orange pour les vents violents \u00e9galement. Mais nous\u2026","rel":"","context":"Dans &quot;mini photographe&quot;","block_context":{"text":"mini photographe","link":"http:\/\/www.jojoenherbe.com\/index.php\/category\/mini-photographe\/"},"img":{"alt_text":"","src":"https:\/\/i0.wp.com\/www.jojoenherbe.com\/wp-content\/uploads\/2019\/12\/Illuminations-Saint-Jean-Cap-Ferrat-2-scaled.jpg?fit=1200%2C900&resize=350%2C200","width":350,"height":200,"srcset":"https:\/\/i0.wp.com\/www.jojoenherbe.com\/wp-content\/uploads\/2019\/12\/Illuminations-Saint-Jean-Cap-Ferrat-2-scaled.jpg?fit=1200%2C900&resize=350%2C200 1x, https:\/\/i0.wp.com\/www.jojoenherbe.com\/wp-content\/uploads\/2019\/12\/Illuminations-Saint-Jean-Cap-Ferrat-2-scaled.jpg?fit=1200%2C900&resize=525%2C300 1.5x, https:\/\/i0.wp.com\/www.jojoenherbe.com\/wp-content\/uploads\/2019\/12\/Illuminations-Saint-Jean-Cap-Ferrat-2-scaled.jpg?fit=1200%2C900&resize=700%2C400 2x, https:\/\/i0.wp.com\/www.jojoenherbe.com\/wp-content\/uploads\/2019\/12\/Illuminations-Saint-Jean-Cap-Ferrat-2-scaled.jpg?fit=1200%2C900&resize=1050%2C600 3x"},"classes":[]},{"id":5702,"url":"http:\/\/www.jojoenherbe.com\/index.php\/2019\/04\/30\/le-temps-dune-visite-a-la-fete-du-miel-de-mouans-sartoux\/","url_meta":{"origin":43256,"position":5},"title":"Le temps d&rsquo;une visite \u00e0 la F\u00eate du Miel de Mouans-Sartoux","author":"Jojo","date":"30 avril 2019","format":false,"excerpt":"Ce 28 avril 2019, nous nous rendons \u00e0 Mouans-Sartoux pour la 25\u00e8me F\u00eate du Miel. Nous nous garons sur l'un des parkings gratuits de la municipalit\u00e9. A quelques minutes de l\u00e0, nous arrivons bient\u00f4t sur la place\u00a0 du G\u00e9n\u00e9ral de Gaulle o\u00f9 les stands et l'Apimobile ont \u00e9t\u00e9 mont\u00e9s. L'Apimobile\u2026","rel":"","context":"Dans &quot;Mini visiteur&quot;","block_context":{"text":"Mini visiteur","link":"http:\/\/www.jojoenherbe.com\/index.php\/category\/mini-crapahuteur\/mini-visiteur\/"},"img":{"alt_text":"","src":"https:\/\/i0.wp.com\/www.jojoenherbe.com\/wp-content\/uploads\/2019\/04\/Ch%C3%A2teau-de-Mouans-Sartoux.jpg?fit=1200%2C900&resize=350%2C200","width":350,"height":200,"srcset":"https:\/\/i0.wp.com\/www.jojoenherbe.com\/wp-content\/uploads\/2019\/04\/Ch%C3%A2teau-de-Mouans-Sartoux.jpg?fit=1200%2C900&resize=350%2C200 1x, https:\/\/i0.wp.com\/www.jojoenherbe.com\/wp-content\/uploads\/2019\/04\/Ch%C3%A2teau-de-Mouans-Sartoux.jpg?fit=1200%2C900&resize=525%2C300 1.5x, https:\/\/i0.wp.com\/www.jojoenherbe.com\/wp-content\/uploads\/2019\/04\/Ch%C3%A2teau-de-Mouans-Sartoux.jpg?fit=1200%2C900&resize=700%2C400 2x, https:\/\/i0.wp.com\/www.jojoenherbe.com\/wp-content\/uploads\/2019\/04\/Ch%C3%A2teau-de-Mouans-Sartoux.jpg?fit=1200%2C900&resize=1050%2C600 3x"},"classes":[]}],"_links":{"self":[{"href":"http:\/\/www.jojoenherbe.com\/index.php\/wp-json\/wp\/v2\/posts\/43256","targetHints":{"allow":["GET"]}}],"collection":[{"href":"http:\/\/www.jojoenherbe.com\/index.php\/wp-json\/wp\/v2\/posts"}],"about":[{"href":"http:\/\/www.jojoenherbe.com\/index.php\/wp-json\/wp\/v2\/types\/post"}],"author":[{"embeddable":true,"href":"http:\/\/www.jojoenherbe.com\/index.php\/wp-json\/wp\/v2\/users\/1"}],"replies":[{"embeddable":true,"href":"http:\/\/www.jojoenherbe.com\/index.php\/wp-json\/wp\/v2\/comments?post=43256"}],"version-history":[{"count":16,"href":"http:\/\/www.jojoenherbe.com\/index.php\/wp-json\/wp\/v2\/posts\/43256\/revisions"}],"predecessor-version":[{"id":43371,"href":"http:\/\/www.jojoenherbe.com\/index.php\/wp-json\/wp\/v2\/posts\/43256\/revisions\/43371"}],"wp:featuredmedia":[{"embeddable":true,"href":"http:\/\/www.jojoenherbe.com\/index.php\/wp-json\/wp\/v2\/media\/43370"}],"wp:attachment":[{"href":"http:\/\/www.jojoenherbe.com\/index.php\/wp-json\/wp\/v2\/media?parent=43256"}],"wp:term":[{"taxonomy":"category","embeddable":true,"href":"http:\/\/www.jojoenherbe.com\/index.php\/wp-json\/wp\/v2\/categories?post=43256"},{"taxonomy":"post_tag","embeddable":true,"href":"http:\/\/www.jojoenherbe.com\/index.php\/wp-json\/wp\/v2\/tags?post=43256"}],"curies":[{"name":"wp","href":"https:\/\/api.w.org\/{rel}","templated":true}]}}