{"id":43239,"date":"2026-03-14T09:23:10","date_gmt":"2026-03-14T08:23:10","guid":{"rendered":"https:\/\/www.jojoenherbe.com\/?p=43239"},"modified":"2026-03-14T11:26:18","modified_gmt":"2026-03-14T10:26:18","slug":"au-fil-des-pages-avec-le-magnat","status":"publish","type":"post","link":"http:\/\/www.jojoenherbe.com\/index.php\/2026\/03\/14\/au-fil-des-pages-avec-le-magnat\/","title":{"rendered":"Au fil des pages avec Le Magnat"},"content":{"rendered":"<p style=\"text-align: justify;\"><em>Pendant le <a href=\"https:\/\/www.jojoenherbe.com\/index.php\/2026\/03\/06\/rat-holi-2026\/\">RAT Holi<\/a> du week-end dernier, j&rsquo;ai lu, en e-book, <span style=\"text-decoration: underline;\">Le Magnat<\/span> de Vish Dhamija (\u00e9d. Mera, avril 2024, 353 pages), un thriller judiciaire indien contemporain. Prem Bedi, surnomm\u00e9 \u00ab\u202fLe Magnat\u202f\u00bb, \u00e2g\u00e9 de 53 ans et amateur de golf, est accus\u00e9 par Manish Desai, le beau-fr\u00e8re de son ex-femme, Rea dont il est divorc\u00e9 depuis 12 ans de l\u2019avoir assassin\u00e9e, elle et son nouveau mari, Mahesh Desai. Toutes les preuves le d\u00e9signent coupable. Alors que s\u2019est-il pass\u00e9 la nuit de ce double meurtre? Un cambriolage qui a mal tourn\u00e9? Une vengeance de Prem si longtemps apr\u00e8s un divorce houleux? Et quel serait le mobile? L&rsquo;argent d&rsquo;une assurance-vie alors qu&rsquo;il est d\u00e9j\u00e0 si riche et si puissant? Lui qui appara\u00eet si impassible pendant l&rsquo;enqu\u00eate puis le proc\u00e8s et qui a choisi un jeune Avocat sans v\u00e9ritable exp\u00e9rience, contrairement \u00e0 Manish qui se cache derri\u00e8re la figure \u00e9plor\u00e9e du fr\u00e8re endeuill\u00e9 tout en tentant de tirer les ficelles \u00e0 son avantage. Est-ce l\u2019\u0153uvre d&rsquo;un concurrent de Prem afin de nuire \u00e0 ses affaires prosp\u00e8res?\u00a0<\/em><\/p>\n<p style=\"text-align: justify;\"><em>Les chapitres alternent les points de vue des diff\u00e9rents personnages \u00e0 la premi\u00e8re personne du singulier. J&rsquo;ai appr\u00e9ci\u00e9 la fa\u00e7on dont on se met en branle une fois le double meurtre d\u00e9couvert, le r\u00f4le de chacun des personnages participant \u00e0 l&rsquo;enqu\u00eate et la fa\u00e7on dont l&rsquo;auteur d\u00e9crit les m\u00e9canismes et rouages judiciaires: le commissaire adjoint Ranjeet Dutta, le policier en charge du dossier et le commissaire Mathur, son sup\u00e9rieur hi\u00e9rarchique corrompu, le fr\u00e8re et future partie civile malhonn\u00eate et opportuniste qui y gagnerait si Prem \u00e9tait condamn\u00e9, Gajpati Apte le procureur carri\u00e9riste \u00e0 l&rsquo;origine de l&rsquo;ouverture du proc\u00e8s, le juge Chowdhary d&rsquo;un c\u00f4t\u00e9 et de l&rsquo;autre, l&rsquo;entourage de Prem: Tej Malhotra, son ami et associ\u00e9 qui ne peut s&#8217;emp\u00eacher d&rsquo;\u00eatre inquiet, son avocat Rohan Malhotra qui est convaincu de son innocence, sa cousine Veena et Prem lui-m\u00eame. <\/em><\/p>\n<p style=\"text-align: justify;\"><em>Cela met bien en \u00e9vidence le fait que la v\u00e9rit\u00e9 judiciaire n&rsquo;est pas la V\u00e9rit\u00e9, le doute profitant \u00e0 l&rsquo;accus\u00e9 et la charge de la preuve incombant \u00e0 l&rsquo;accusation. Entre manipulations, intrigues et fausses apparences, le doute est-il vraiment permis? A travers ce proc\u00e8s judiciaire et m\u00e9diatique qui permettra ou non d&rsquo;innocenter Prem, il y est ainsi question de critique du syst\u00e8me judiciaire indien: corruption au sein de la police indienne, d&rsquo;impunit\u00e9 des puissants, de la couverture m\u00e9diatique des proc\u00e8s&#8230; Il y est d&rsquo;ailleurs surtout affaire d&rsquo;hommes dans ce roman, le regard port\u00e9 sur les femmes \u00e9tant peu flatteur.\u00a0<\/em><\/p>\n<p style=\"text-align: justify;\"><em>Mais l&rsquo;ensemble reste tr\u00e8s pr\u00e9visible et peu original, tant on se doute bien de l&rsquo;identit\u00e9 du coupable et quand on conna\u00eet les ressorts judiciaires d&rsquo;un proc\u00e8s. Cela m&rsquo;a d&rsquo;ailleurs fait penser au fait qu&rsquo;il arrive tr\u00e8s fr\u00e9quemment en mati\u00e8re de grand banditisme ou de trafics de drogue qu&rsquo;un Avocat commis d&rsquo;office soit choisi par le mis en cause au moment de son placement en garde \u00e0 vue afin de garder l&rsquo;apparence de respectabilit\u00e9 et de novice en mati\u00e8re criminelle, m\u00eame si personne n&rsquo;est dupe. Une lecture qui se lit facilement mais en demi-teinte! Toutefois, je lirai quand m\u00eame<\/em><em>\u00a0<span style=\"text-decoration: underline;\">Au nom de la justice<\/span>, en esp\u00e9rant qu&rsquo;il n&rsquo;y ait pas un probl\u00e8me de traduction comme ici avec des coquilles et mots manquants \u00e0 de trop nombreuses reprises et au style bien trop sommaire.\u00a0<\/em><\/p>\n<p style=\"text-align: justify;\"><em><span style=\"text-decoration: underline;\">Petit apart\u00e9 judiciaire<\/span>: Dans ce roman, on est tellement loin de la proc\u00e9dure p\u00e9nale applicable en France que je n&rsquo;ai pas r\u00e9ussi \u00e0 croire \u00e0 cette enqu\u00eate, tant j&rsquo;ai \u00e9t\u00e9 parasit\u00e9e par ce qui se fait en France: proc\u00e9dure inquisitoire et non accusatoire comme en Inde, ce qui a des cons\u00e9quences bien diff\u00e9rentes sur le r\u00e9gime de la preuve, notamment au regard du principe du contradictoire au stade de la phase d&rsquo;instruction puis en cas de renvoi, du proc\u00e8s d&rsquo;assises et m\u00eame si l&rsquo;auteur insiste sur la corruption au sein de la Justice indienne. Dans sa note finale, l&rsquo;auteur apporte quelques \u00e9claircissements sur les sources l\u00e9gales et juridiques qui l&rsquo;ont conduit \u00e0 imaginer ce roman. J&rsquo;ai ainsi vu en essayant de les retrouver sur Internet qu&rsquo;une r\u00e9forme d&rsquo;envergure avait eu lieu en Inde en 2024 en modernisant entre autres le Code p\u00e9nal et le syst\u00e8me de la preuve issue de la colonisation britannique et du droit commun de la Common Law.\u00a0<\/em><\/p>\n<div id=\"attachment_43143\" style=\"width: 103px\" class=\"wp-caption alignleft\"><img loading=\"lazy\" decoding=\"async\" aria-describedby=\"caption-attachment-43143\" data-attachment-id=\"43143\" data-permalink=\"http:\/\/www.jojoenherbe.com\/index.php\/2026\/03\/06\/rat-holi-2026\/les-etapes-indiennes-2026-logo-2\/\" data-orig-file=\"https:\/\/i0.wp.com\/www.jojoenherbe.com\/wp-content\/uploads\/2026\/03\/Les-Etapes-Indiennes-2026-logo-2.jpg?fit=1080%2C1080\" data-orig-size=\"1080,1080\" data-comments-opened=\"1\" data-image-meta=\"{&quot;aperture&quot;:&quot;0&quot;,&quot;credit&quot;:&quot;&quot;,&quot;camera&quot;:&quot;&quot;,&quot;caption&quot;:&quot;&quot;,&quot;created_timestamp&quot;:&quot;0&quot;,&quot;copyright&quot;:&quot;&quot;,&quot;focal_length&quot;:&quot;0&quot;,&quot;iso&quot;:&quot;0&quot;,&quot;shutter_speed&quot;:&quot;0&quot;,&quot;title&quot;:&quot;&quot;,&quot;orientation&quot;:&quot;1&quot;}\" data-image-title=\"Les Etapes Indiennes 2026 &amp;#8211; logo 2\" data-image-description=\"\" data-image-caption=\"\" data-large-file=\"https:\/\/i0.wp.com\/www.jojoenherbe.com\/wp-content\/uploads\/2026\/03\/Les-Etapes-Indiennes-2026-logo-2.jpg?fit=676%2C676\" class=\"wp-image-43143\" src=\"https:\/\/i0.wp.com\/www.jojoenherbe.com\/wp-content\/uploads\/2026\/03\/Les-Etapes-Indiennes-2026-logo-2.jpg?resize=105%2C105\" sizes=\"auto, (max-width: 105px) 100vw, 105px\" srcset=\"https:\/\/i0.wp.com\/www.jojoenherbe.com\/wp-content\/uploads\/2026\/03\/Les-Etapes-Indiennes-2026-logo-2.jpg?w=1080&amp;ssl=1 1080w, https:\/\/i0.wp.com\/www.jojoenherbe.com\/wp-content\/uploads\/2026\/03\/Les-Etapes-Indiennes-2026-logo-2.jpg?resize=300%2C300&amp;ssl=1 300w, https:\/\/i0.wp.com\/www.jojoenherbe.com\/wp-content\/uploads\/2026\/03\/Les-Etapes-Indiennes-2026-logo-2.jpg?resize=1024%2C1024&amp;ssl=1 1024w, https:\/\/i0.wp.com\/www.jojoenherbe.com\/wp-content\/uploads\/2026\/03\/Les-Etapes-Indiennes-2026-logo-2.jpg?resize=150%2C150&amp;ssl=1 150w, https:\/\/i0.wp.com\/www.jojoenherbe.com\/wp-content\/uploads\/2026\/03\/Les-Etapes-Indiennes-2026-logo-2.jpg?resize=768%2C768&amp;ssl=1 768w, https:\/\/i0.wp.com\/www.jojoenherbe.com\/wp-content\/uploads\/2026\/03\/Les-Etapes-Indiennes-2026-logo-2.jpg?resize=676%2C676&amp;ssl=1 676w\" alt=\"\" width=\"93\" height=\"93\" data-recalc-dims=\"1\" aria-describedby=\"caption-attachment-43143\" data-attachment-id=\"43143\" data-permalink=\"https:\/\/www.jojoenherbe.com\/index.php\/2026\/03\/06\/rat-holi-2026\/les-etapes-indiennes-2026-logo-2\/\" data-orig-file=\"https:\/\/i0.wp.com\/www.jojoenherbe.com\/wp-content\/uploads\/2026\/03\/Les-Etapes-Indiennes-2026-logo-2.jpg?fit=1080%2C1080&amp;ssl=1\" data-orig-size=\"1080,1080\" data-comments-opened=\"1\" data-image-meta=\"{&quot;aperture&quot;:&quot;0&quot;,&quot;credit&quot;:&quot;&quot;,&quot;camera&quot;:&quot;&quot;,&quot;caption&quot;:&quot;&quot;,&quot;created_timestamp&quot;:&quot;0&quot;,&quot;copyright&quot;:&quot;&quot;,&quot;focal_length&quot;:&quot;0&quot;,&quot;iso&quot;:&quot;0&quot;,&quot;shutter_speed&quot;:&quot;0&quot;,&quot;title&quot;:&quot;&quot;,&quot;orientation&quot;:&quot;1&quot;}\" data-image-title=\"Les Etapes Indiennes 2026 &amp;#8211; logo 2\" data-image-description=\"\" data-image-caption=\"\" data-medium-file=\"https:\/\/i0.wp.com\/www.jojoenherbe.com\/wp-content\/uploads\/2026\/03\/Les-Etapes-Indiennes-2026-logo-2.jpg?fit=300%2C300&amp;ssl=1\" data-large-file=\"https:\/\/i0.wp.com\/www.jojoenherbe.com\/wp-content\/uploads\/2026\/03\/Les-Etapes-Indiennes-2026-logo-2.jpg?fit=676%2C676&amp;ssl=1\" \/><p id=\"caption-attachment-43143\" class=\"wp-caption-text\">Participation #6 Les \u00c9tapes Indiennes 2026 de <a href=\"https:\/\/lelivroblog.fr\/2026\/01\/07\/les-etapes-indiennes-2026\/\">Hilde<\/a> #Thriller judiciaire<\/p><\/div>\n<div id=\"attachment_42096\" style=\"width: 113px\" class=\"wp-caption alignleft\"><img data-recalc-dims=\"1\" loading=\"lazy\" decoding=\"async\" aria-describedby=\"caption-attachment-42096\" data-attachment-id=\"42096\" data-permalink=\"http:\/\/www.jojoenherbe.com\/index.php\/2026\/01\/02\/au-fil-des-pages-avec-le-tome-2-de-lady-sherlock\/un-hiver-polar-2026-logo\/\" data-orig-file=\"https:\/\/i0.wp.com\/www.jojoenherbe.com\/wp-content\/uploads\/2026\/01\/Un-hiver-polar-2026-logo.png?fit=400%2C283\" data-orig-size=\"400,283\" data-comments-opened=\"1\" data-image-meta=\"{&quot;aperture&quot;:&quot;0&quot;,&quot;credit&quot;:&quot;&quot;,&quot;camera&quot;:&quot;&quot;,&quot;caption&quot;:&quot;&quot;,&quot;created_timestamp&quot;:&quot;0&quot;,&quot;copyright&quot;:&quot;&quot;,&quot;focal_length&quot;:&quot;0&quot;,&quot;iso&quot;:&quot;0&quot;,&quot;shutter_speed&quot;:&quot;0&quot;,&quot;title&quot;:&quot;&quot;,&quot;orientation&quot;:&quot;0&quot;}\" data-image-title=\"Un hiver polar 2026 &amp;#8211; logo\" data-image-description=\"\" data-image-caption=\"\" data-large-file=\"https:\/\/i0.wp.com\/www.jojoenherbe.com\/wp-content\/uploads\/2026\/01\/Un-hiver-polar-2026-logo.png?fit=400%2C283\" class=\"wp-image-42096\" src=\"https:\/\/i0.wp.com\/www.jojoenherbe.com\/wp-content\/uploads\/2026\/01\/Un-hiver-polar-2026-logo.png?resize=103%2C73\" alt=\"\" width=\"103\" height=\"73\" srcset=\"https:\/\/i0.wp.com\/www.jojoenherbe.com\/wp-content\/uploads\/2026\/01\/Un-hiver-polar-2026-logo.png?w=400 400w, https:\/\/i0.wp.com\/www.jojoenherbe.com\/wp-content\/uploads\/2026\/01\/Un-hiver-polar-2026-logo.png?resize=300%2C212 300w\" sizes=\"auto, (max-width: 103px) 100vw, 103px\" \/><p id=\"caption-attachment-42096\" class=\"wp-caption-text\">Participation #11 Un hiver Polar 2026 d\u2019<a href=\"https:\/\/jelisjeblogue.blogspot.com\/2025\/12\/j-7-avant-un-hiver-polar.html\">Alexandra<\/a> #Thriller judiciaire indien<\/p><\/div>\n","protected":false},"excerpt":{"rendered":"<p>Pendant le RAT Holi du week-end dernier, j&rsquo;ai lu, en e-book, Le Magnat de Vish Dhamija (\u00e9d. Mera, avril 2024, 353 pages), un thriller judiciaire indien contemporain. Prem Bedi, surnomm\u00e9 \u00ab\u202fLe Magnat\u202f\u00bb, \u00e2g\u00e9 de 53 ans et amateur de golf, est accus\u00e9 par Manish Desai, le beau-fr\u00e8re de son ex-femme, Rea dont il est divorc\u00e9 [&hellip;]<\/p>\n","protected":false},"author":1,"featured_media":43176,"comment_status":"open","ping_status":"open","sticky":false,"template":"","format":"standard","meta":{"jetpack_post_was_ever_published":false,"_jetpack_newsletter_access":"","_jetpack_dont_email_post_to_subs":false,"_jetpack_newsletter_tier_id":0,"_jetpack_memberships_contains_paywalled_content":false,"_jetpack_memberships_contains_paid_content":false,"footnotes":""},"categories":[363],"tags":[1347,2645,3781,4750,2858,1779,4509,1586,4099,1085,4825,2549,4536,1331,2639,2268,1329,905,2758,4947,4821,2519,4946],"class_list":["post-43239","post","type-post","status-publish","format-standard","has-post-thumbnail","hentry","category-mini-lecteur","tag-18-ans-et-plus","tag-avocat","tag-chantage","tag-corruption-policiere","tag-culpabilite","tag-enquete-policiere","tag-impunite","tag-inde","tag-innocence","tag-lecture-adulte","tag-les-etapes-indiennes-2026","tag-litterature-indienne","tag-manipulation","tag-meurtre","tag-proces","tag-prostitution","tag-roman-policier","tag-romans-adulte","tag-thriller","tag-thriller-judiciaire","tag-un-hiver-polar-2026","tag-vengeance","tag-vish-dhamija","post-preview"],"jetpack_featured_media_url":"https:\/\/i0.wp.com\/www.jojoenherbe.com\/wp-content\/uploads\/2026\/03\/Le-Magnat.jpg?fit=750%2C1127","jetpack_sharing_enabled":true,"jetpack_shortlink":"https:\/\/wp.me\/p9zhGx-bfp","jetpack_likes_enabled":true,"jetpack-related-posts":[{"id":43135,"url":"http:\/\/www.jojoenherbe.com\/index.php\/2026\/03\/06\/rat-holi-2026\/","url_meta":{"origin":43239,"position":0},"title":"RAT Holi 2026","author":"Jojo","date":"6 mars 2026","format":false,"excerpt":"Comme d\u00e9sormais depuis quelques ann\u00e9es, \u00e0 l\u2019approche du printemps et pour c\u00e9l\u00e9brer Holi, la f\u00eate hindoue des couleurs qui a eu lieu cette ann\u00e9e le 4 mars, Hilde a organis\u00e9 une semaine festive et en particulier un RAT du 6 au 8 mars 2026, avec au moins une lecture indienne\u2026","rel":"","context":"Dans &quot;Mini blogueur&quot;","block_context":{"text":"Mini blogueur","link":"http:\/\/www.jojoenherbe.com\/index.php\/category\/mini-blogueur\/"},"img":{"alt_text":"","src":"https:\/\/i0.wp.com\/www.jojoenherbe.com\/wp-content\/uploads\/2026\/03\/RAT-Holi-2026.jpg?fit=981%2C1200&resize=350%2C200","width":350,"height":200,"srcset":"https:\/\/i0.wp.com\/www.jojoenherbe.com\/wp-content\/uploads\/2026\/03\/RAT-Holi-2026.jpg?fit=981%2C1200&resize=350%2C200 1x, https:\/\/i0.wp.com\/www.jojoenherbe.com\/wp-content\/uploads\/2026\/03\/RAT-Holi-2026.jpg?fit=981%2C1200&resize=525%2C300 1.5x, https:\/\/i0.wp.com\/www.jojoenherbe.com\/wp-content\/uploads\/2026\/03\/RAT-Holi-2026.jpg?fit=981%2C1200&resize=700%2C400 2x"},"classes":[]},{"id":43181,"url":"http:\/\/www.jojoenherbe.com\/index.php\/2026\/03\/08\/pause-gourmande-rogan-josh\/","url_meta":{"origin":43239,"position":1},"title":"Pause gourmande: Rogan Josh","author":"Jojo","date":"8 mars 2026","format":false,"excerpt":"Hier soir, en lisant, en e-book, Le Magnat de Vish Dhamija (\u00e9d. Mera, avril 2024, 353 pages), un thriller judiciaire indien, j'ai not\u00e9 un plat gourmand qui est servi, pour d\u00eener \u00e0 Prem Bedi son ami et partenaire, Tej: un rogan josh, la note de bas de page indiquant: \"plat\u2026","rel":"","context":"Dans &quot;Mini lecteur&quot;","block_context":{"text":"Mini lecteur","link":"http:\/\/www.jojoenherbe.com\/index.php\/category\/mini-lecteur\/"},"img":{"alt_text":"","src":"https:\/\/i0.wp.com\/www.jojoenherbe.com\/wp-content\/uploads\/2026\/03\/Rogan-josh-scaled.jpeg?fit=998%2C1200&resize=350%2C200","width":350,"height":200,"srcset":"https:\/\/i0.wp.com\/www.jojoenherbe.com\/wp-content\/uploads\/2026\/03\/Rogan-josh-scaled.jpeg?fit=998%2C1200&resize=350%2C200 1x, https:\/\/i0.wp.com\/www.jojoenherbe.com\/wp-content\/uploads\/2026\/03\/Rogan-josh-scaled.jpeg?fit=998%2C1200&resize=525%2C300 1.5x, https:\/\/i0.wp.com\/www.jojoenherbe.com\/wp-content\/uploads\/2026\/03\/Rogan-josh-scaled.jpeg?fit=998%2C1200&resize=700%2C400 2x"},"classes":[]},{"id":25967,"url":"http:\/\/www.jojoenherbe.com\/index.php\/2024\/01\/30\/au-fil-des-pages-avec-le-lys-rouge\/","url_meta":{"origin":43239,"position":2},"title":"Au fil des pages avec Le lys rouge","author":"Jojo","date":"30 janvier 2024","format":false,"excerpt":"J'avais lu Le lys rouge de Karen Rose (\u00e9d. Harlequin, coll. Mira, 2008, 541 pages), une romance polici\u00e8re contemporaine se d\u00e9roulant \u00e0 Chicago. Apr\u00e8s le suicide de l'une de ses jeunes patientes par une nuit froide de mars, Tess Ciccotelli, psychiatre est la principale suspecte, la police pensant qu'elle aurait\u2026","rel":"","context":"Dans &quot;Mini lecteur&quot;","block_context":{"text":"Mini lecteur","link":"http:\/\/www.jojoenherbe.com\/index.php\/category\/mini-lecteur\/"},"img":{"alt_text":"","src":"https:\/\/i0.wp.com\/www.jojoenherbe.com\/wp-content\/uploads\/2022\/06\/Le-lys-rouge-scaled.jpg?fit=1200%2C926&resize=350%2C200","width":350,"height":200,"srcset":"https:\/\/i0.wp.com\/www.jojoenherbe.com\/wp-content\/uploads\/2022\/06\/Le-lys-rouge-scaled.jpg?fit=1200%2C926&resize=350%2C200 1x, https:\/\/i0.wp.com\/www.jojoenherbe.com\/wp-content\/uploads\/2022\/06\/Le-lys-rouge-scaled.jpg?fit=1200%2C926&resize=525%2C300 1.5x, https:\/\/i0.wp.com\/www.jojoenherbe.com\/wp-content\/uploads\/2022\/06\/Le-lys-rouge-scaled.jpg?fit=1200%2C926&resize=700%2C400 2x, https:\/\/i0.wp.com\/www.jojoenherbe.com\/wp-content\/uploads\/2022\/06\/Le-lys-rouge-scaled.jpg?fit=1200%2C926&resize=1050%2C600 3x"},"classes":[]},{"id":39486,"url":"http:\/\/www.jojoenherbe.com\/index.php\/2025\/05\/23\/au-fil-des-pages-avec-la-mort-en-face\/","url_meta":{"origin":43239,"position":3},"title":"Au fil des pages avec La mort en face","author":"Jojo","date":"23 mai 2025","format":false,"excerpt":"J'ai lu, en e-book, La mort en face d\u2019Antonio Lanzetta (\u00e9d. Mera Editions, novembre 2024, 262 pages), un roman policier contemporain avec une touche de paranormal se d\u00e9roulant \u00e0 Salerne et sous-titr\u00e9 \"La folie cache parfois de sombres v\u00e9rit\u00e9s\", pour une lecture commune facultative propos\u00e9e par Eimelle dans le cadre\u2026","rel":"","context":"Dans &quot;Mini lecteur&quot;","block_context":{"text":"Mini lecteur","link":"http:\/\/www.jojoenherbe.com\/index.php\/category\/mini-lecteur\/"},"img":{"alt_text":"","src":"https:\/\/i0.wp.com\/www.jojoenherbe.com\/wp-content\/uploads\/2025\/05\/La-mort-en-face.jpg?fit=749%2C1148&resize=350%2C200","width":350,"height":200,"srcset":"https:\/\/i0.wp.com\/www.jojoenherbe.com\/wp-content\/uploads\/2025\/05\/La-mort-en-face.jpg?fit=749%2C1148&resize=350%2C200 1x, https:\/\/i0.wp.com\/www.jojoenherbe.com\/wp-content\/uploads\/2025\/05\/La-mort-en-face.jpg?fit=749%2C1148&resize=525%2C300 1.5x, https:\/\/i0.wp.com\/www.jojoenherbe.com\/wp-content\/uploads\/2025\/05\/La-mort-en-face.jpg?fit=749%2C1148&resize=700%2C400 2x"},"classes":[]},{"id":42930,"url":"http:\/\/www.jojoenherbe.com\/index.php\/2026\/02\/20\/au-fil-des-pages-avec-mens-moi-a-loreille\/","url_meta":{"origin":43239,"position":4},"title":"Au fil des pages avec Mens-moi \u00e0 l&rsquo;oreille","author":"Jojo","date":"20 f\u00e9vrier 2026","format":false,"excerpt":"J'ai lu, en e-book, Mens-moi \u00e0 l'oreille! d'Amy Tintera (\u00e9d. City \u00c9dition, janvier 2025, 448 pages), un roman policier - thriller psychologique contemporain se d\u00e9roulant dans une petite ville touristique du Texas, Plumpton, au \u00c9tats-Unis. Bien qu'aucune charge n'ait \u00e9t\u00e9 retenue contre elle cinq ans plus t\u00f4t et incapable de\u2026","rel":"","context":"Dans &quot;Mini lecteur&quot;","block_context":{"text":"Mini lecteur","link":"http:\/\/www.jojoenherbe.com\/index.php\/category\/mini-lecteur\/"},"img":{"alt_text":"","src":"https:\/\/i0.wp.com\/www.jojoenherbe.com\/wp-content\/uploads\/2026\/02\/Mens-moi-a-loreille.jpg?fit=750%2C1165&resize=350%2C200","width":350,"height":200,"srcset":"https:\/\/i0.wp.com\/www.jojoenherbe.com\/wp-content\/uploads\/2026\/02\/Mens-moi-a-loreille.jpg?fit=750%2C1165&resize=350%2C200 1x, https:\/\/i0.wp.com\/www.jojoenherbe.com\/wp-content\/uploads\/2026\/02\/Mens-moi-a-loreille.jpg?fit=750%2C1165&resize=525%2C300 1.5x, https:\/\/i0.wp.com\/www.jojoenherbe.com\/wp-content\/uploads\/2026\/02\/Mens-moi-a-loreille.jpg?fit=750%2C1165&resize=700%2C400 2x"},"classes":[]},{"id":14153,"url":"http:\/\/www.jojoenherbe.com\/index.php\/2020\/12\/30\/au-fil-des-pages-avec-un-interet-particulier-pour-les-morts\/","url_meta":{"origin":43239,"position":5},"title":"Au fil des pages avec Un int\u00e9r\u00eat particulier pour les morts","author":"Jojo","date":"30 d\u00e9cembre 2020","format":false,"excerpt":"Fin novembre 2020, j'ai emprunt\u00e9 \u00e0 la m\u00e9diath\u00e8que et lu en \u00e0 peine deux jours Un int\u00e9r\u00eat particulier pour les morts d'Ann Granger (\u00e9d. 10\/18, coll. Grands d\u00e9tectives, 2006, r\u00e9\u00e9d. 2013),\u00a0 un roman policier se d\u00e9roulant \u00e0 Londres, \u00e0 l'\u00e9poque victorienne et qui est le premier tome de la s\u00e9rie\u2026","rel":"","context":"Dans &quot;Mini lecteur&quot;","block_context":{"text":"Mini lecteur","link":"http:\/\/www.jojoenherbe.com\/index.php\/category\/mini-lecteur\/"},"img":{"alt_text":"","src":"https:\/\/i0.wp.com\/www.jojoenherbe.com\/wp-content\/uploads\/2020\/11\/Un-interet-particulier-pour-les-morts-scaled.jpg?fit=1200%2C866&resize=350%2C200","width":350,"height":200,"srcset":"https:\/\/i0.wp.com\/www.jojoenherbe.com\/wp-content\/uploads\/2020\/11\/Un-interet-particulier-pour-les-morts-scaled.jpg?fit=1200%2C866&resize=350%2C200 1x, https:\/\/i0.wp.com\/www.jojoenherbe.com\/wp-content\/uploads\/2020\/11\/Un-interet-particulier-pour-les-morts-scaled.jpg?fit=1200%2C866&resize=525%2C300 1.5x, https:\/\/i0.wp.com\/www.jojoenherbe.com\/wp-content\/uploads\/2020\/11\/Un-interet-particulier-pour-les-morts-scaled.jpg?fit=1200%2C866&resize=700%2C400 2x, https:\/\/i0.wp.com\/www.jojoenherbe.com\/wp-content\/uploads\/2020\/11\/Un-interet-particulier-pour-les-morts-scaled.jpg?fit=1200%2C866&resize=1050%2C600 3x"},"classes":[]}],"_links":{"self":[{"href":"http:\/\/www.jojoenherbe.com\/index.php\/wp-json\/wp\/v2\/posts\/43239","targetHints":{"allow":["GET"]}}],"collection":[{"href":"http:\/\/www.jojoenherbe.com\/index.php\/wp-json\/wp\/v2\/posts"}],"about":[{"href":"http:\/\/www.jojoenherbe.com\/index.php\/wp-json\/wp\/v2\/types\/post"}],"author":[{"embeddable":true,"href":"http:\/\/www.jojoenherbe.com\/index.php\/wp-json\/wp\/v2\/users\/1"}],"replies":[{"embeddable":true,"href":"http:\/\/www.jojoenherbe.com\/index.php\/wp-json\/wp\/v2\/comments?post=43239"}],"version-history":[{"count":13,"href":"http:\/\/www.jojoenherbe.com\/index.php\/wp-json\/wp\/v2\/posts\/43239\/revisions"}],"predecessor-version":[{"id":43253,"href":"http:\/\/www.jojoenherbe.com\/index.php\/wp-json\/wp\/v2\/posts\/43239\/revisions\/43253"}],"wp:featuredmedia":[{"embeddable":true,"href":"http:\/\/www.jojoenherbe.com\/index.php\/wp-json\/wp\/v2\/media\/43176"}],"wp:attachment":[{"href":"http:\/\/www.jojoenherbe.com\/index.php\/wp-json\/wp\/v2\/media?parent=43239"}],"wp:term":[{"taxonomy":"category","embeddable":true,"href":"http:\/\/www.jojoenherbe.com\/index.php\/wp-json\/wp\/v2\/categories?post=43239"},{"taxonomy":"post_tag","embeddable":true,"href":"http:\/\/www.jojoenherbe.com\/index.php\/wp-json\/wp\/v2\/tags?post=43239"}],"curies":[{"name":"wp","href":"https:\/\/api.w.org\/{rel}","templated":true}]}}