{"id":43214,"date":"2026-03-13T19:50:00","date_gmt":"2026-03-13T18:50:00","guid":{"rendered":"https:\/\/www.jojoenherbe.com\/?p=43214"},"modified":"2026-03-14T11:32:19","modified_gmt":"2026-03-14T10:32:19","slug":"au-fil-des-pages-avec-le-baiser-de-glace-et-autres-nouvelles","status":"publish","type":"post","link":"http:\/\/www.jojoenherbe.com\/index.php\/2026\/03\/13\/au-fil-des-pages-avec-le-baiser-de-glace-et-autres-nouvelles\/","title":{"rendered":"Au fil des pages avec Le baiser de glace et autres nouvelles"},"content":{"rendered":"<p style=\"text-align: justify;\"><em><a href=\"https:\/\/i0.wp.com\/www.jojoenherbe.com\/wp-content\/uploads\/2026\/03\/Le-Secret-de-la-Ferme-Grise.jpg\"><img data-recalc-dims=\"1\" loading=\"lazy\" decoding=\"async\" data-attachment-id=\"43215\" data-permalink=\"http:\/\/www.jojoenherbe.com\/index.php\/2026\/03\/13\/au-fil-des-pages-avec-le-baiser-de-glace-et-autres-nouvelles\/le-secret-de-la-ferme-grise\/\" data-orig-file=\"https:\/\/i0.wp.com\/www.jojoenherbe.com\/wp-content\/uploads\/2026\/03\/Le-Secret-de-la-Ferme-Grise.jpg?fit=609%2C1000\" data-orig-size=\"609,1000\" data-comments-opened=\"1\" data-image-meta=\"{&quot;aperture&quot;:&quot;0&quot;,&quot;credit&quot;:&quot;&quot;,&quot;camera&quot;:&quot;&quot;,&quot;caption&quot;:&quot;&quot;,&quot;created_timestamp&quot;:&quot;0&quot;,&quot;copyright&quot;:&quot;&quot;,&quot;focal_length&quot;:&quot;0&quot;,&quot;iso&quot;:&quot;0&quot;,&quot;shutter_speed&quot;:&quot;0&quot;,&quot;title&quot;:&quot;&quot;,&quot;orientation&quot;:&quot;0&quot;}\" data-image-title=\"Le Secret de la Ferme-Grise\" data-image-description=\"\" data-image-caption=\"\" data-large-file=\"https:\/\/i0.wp.com\/www.jojoenherbe.com\/wp-content\/uploads\/2026\/03\/Le-Secret-de-la-Ferme-Grise.jpg?fit=609%2C1000\" class=\"alignleft  wp-image-43215\" src=\"https:\/\/i0.wp.com\/www.jojoenherbe.com\/wp-content\/uploads\/2026\/03\/Le-Secret-de-la-Ferme-Grise.jpg?resize=105%2C172\" alt=\"\" width=\"105\" height=\"172\" srcset=\"https:\/\/i0.wp.com\/www.jojoenherbe.com\/wp-content\/uploads\/2026\/03\/Le-Secret-de-la-Ferme-Grise.jpg?w=609 609w, https:\/\/i0.wp.com\/www.jojoenherbe.com\/wp-content\/uploads\/2026\/03\/Le-Secret-de-la-Ferme-Grise.jpg?resize=183%2C300 183w\" sizes=\"auto, (max-width: 105px) 100vw, 105px\" \/><\/a>Pour une lecture commune avec Nathalie et Isabelle dans le cadre du Challenge 2026 sera classique aussi!, j&rsquo;ai lu <strong><span style=\"text-decoration: underline;\">Le Secret de la Ferme-Grise<\/span><\/strong> de Mary Elizabeth Braddon (\u00e9d. Le Masque, r\u00e9\u00e9d. 2004, 96 pages), une nouvelle \u00e9galement parue sous le nom de <strong><span style=\"text-decoration: underline;\">L&rsquo;Intendant Ralph<\/span><\/strong> et publi\u00e9e pour la premi\u00e8re fois en 1861 en Angleterre. J&rsquo;ai pu la lire gr\u00e2ce \u00e0 la biblioth\u00e8que romande num\u00e9rique.\u00a0<\/em><\/p>\n<p style=\"text-align: justify;\"><em>Au d\u00e9c\u00e8s de Martin son fr\u00e8re a\u00een\u00e9 de deux ans, Dudley Carleon, \u00e2g\u00e9 de 21 ans h\u00e9rite de la propri\u00e9t\u00e9 familiale de Ferme-Grise et des terres agricoles bordant une rivi\u00e8re bien trop souvent \u00e0 crue, pr\u00e8s du village d&rsquo;Olney-Sur-Trent, en Angleterre. Les ann\u00e9es passent et Dudley demeure toujours aussi inconsolable, r\u00e9ussissant \u00e0 maintenir \u00e0 flot la propri\u00e9t\u00e9, gr\u00e2ce au soutien sans faille de son intendant Ralph \u00e0 la pr\u00e9sence si serviable quoique oppressante tant il semble s&rsquo;immiscer dans les affaires du jeune homme. Le mariage de Dudley avec Jenny, jeune et jolie pupille \u00e0 peine majeure du recteur Marlow et amie de la fianc\u00e9e endeuill\u00e9e de Martin, Agn\u00e8s changera-t-il cette situation pesante? Cette derni\u00e8re doit-elle \u00e9couter la mise en garde de son amie Agn\u00e8s? Quels sombres secret se cachent dans la Ferme-Grise? Malgr\u00e9 les ann\u00e9es, le d\u00e9c\u00e8s soudain de Martin interroge encore. Est-il vraiment li\u00e9 \u00e0 l&rsquo;insalubrit\u00e9 des lieux ou Jenny doit-elle \u00e9couter la mise en garde de son amie Agn\u00e8s?<\/em><\/p>\n<p style=\"text-align: justify;\"><em>J&rsquo;aurai bien pu garder cette nouvelle victorienne pour l&rsquo;automne, tant il y pleut et tant l&rsquo;ambiance est gothique et inqui\u00e9tante. On y retrouve tous les ingr\u00e9dients propres \u00e0 ce type de r\u00e9cits: un lieu de vie bien peu accueillant, un d\u00e9c\u00e8s suspect, une relation bien intrigante entre un propri\u00e9taire terrien et son intendant, une jeune femme dont la vie semble en danger&#8230; Un bon moment de lecture avec cette lecture \u00e0 la tension dramatique allant crescendo au fil des pages, m\u00eame si on devine rapidement ce qui se trame dans ces lieux! Le format \u00e9tant court, cela \u00e9vite les longueurs du roman-feuilleton sensationnel comme peuvent l&rsquo;\u00eatre ceux de Wilkie Collins par exemple. On peut comprendre que cela a \u00e9t\u00e9 pr\u00e9curseur des romans \u00e0 suspense ou thrillers psychologiques de notre \u00e9poque. Je coche d&rsquo;ailleurs au passage les cases \u00ab\u00a0campagne anglaise\u00a0\u00bb et \u00ab\u00a0poison\u00a0\u00bb\u00a0du bingo meurtrier du challenge Un hiver Polar 2026.<\/em><\/p>\n<p style=\"text-align: center;\">* * *<\/p>\n<p style=\"text-align: justify;\"><em>J&rsquo;ai \u00e9galement lu 3 autres nouvelles de Mary Elizabeth Braddon dans le recueil <span style=\"text-decoration: underline;\">Le baiser de glace et autres nouvelles<\/span> (\u00e9d. de l&rsquo;Aube, f\u00e9vrier 2021, 111 pages), de courtes nouvelles pour gentiment frissonner, au coin du feu, lors de longues soir\u00e9es d&rsquo;hiver ou d&rsquo;automne. <span style=\"text-decoration: underline;\"><strong>Le baiser de glace<\/strong><\/span> est une tr\u00e8s courte nouvelle aux tonalit\u00e9s fantastiques (17 pages), parue pour la premi\u00e8re fois en 1860 avec le destin tragique d&rsquo;un jeune \u00e9tudiant qui part \u00e0 l&rsquo;\u00e9tranger et d\u00e9laisse sa fianc\u00e9e, sa cousine Gertrude qui d\u00e9sesp\u00e9r\u00e9e, se\u00a0 suicide la veille de son mariage arrang\u00e9 au nom de leurs v\u0153ux \u00e9chang\u00e9s. Et si le v\u00e9ritable amour pouvait survivre \u00e0 la mort? L\u00e0 encore j&rsquo;ai appr\u00e9ci\u00e9 la descente aux enfers du jeune homme qui appara\u00eet pourtant fort antipathique tant il est insouciant et inconstant, face au chagrin d&rsquo;amour de sa cousine. Aucune \u00e9chappatoire ne semble plus possible, pris au pi\u00e8ge d&rsquo;un amour devenu \u00e0 sens unique, du fait de leur \u00e9loignement.\u00a0<\/em><\/p>\n<p style=\"text-align: justify;\"><em>La deuxi\u00e8me nouvelle de ce recueil, la plus longue (52 pages), <span style=\"text-decoration: underline;\"><strong>Le myst\u00e8re de Fernwood<\/strong><\/span> parue pour la premi\u00e8re fois en 1861 relate le s\u00e9jour de la jeune et riche h\u00e9riti\u00e8re Isabel \u00e2g\u00e9e de 20 ans (la narratrice), avec sa tante, dans le manoir de Fernwood, la propri\u00e9t\u00e9 familiale d\u00e9labr\u00e9e de son joyeux et volubile fianc\u00e9 Laurence bient\u00f4t majeur (21 ans), dans le comt\u00e9 d&rsquo;York, en Angleterre. J&rsquo;ai une nouvelle fois bien appr\u00e9ci\u00e9 le style d&rsquo;\u00e9criture de cette autrice m\u00eame si on se doute bien du drame qui couve et du myst\u00e8re de la demeure avec ce myst\u00e9rieux parent pauvre et malade de la famille qui ne quitte jamais sa chambre dans l&rsquo;aile gauche du ch\u00e2teau, la s\u0153ur a\u00een\u00e9e de son fianc\u00e9, Lucy lui servant de garde-malade. Le drame est-il in\u00e9luctable? Comme dans <span style=\"text-decoration: underline;\">L&rsquo;intendant Ralph<\/span>, on retrouve ici aussi un lieu de vie isol\u00e9 et sinistre dans la campagne anglaise, de jeunes orphelins souhaitant se marier, un secret et des ph\u00e9nom\u00e8nes inqui\u00e9tants&#8230; Cela m&rsquo;a rappel\u00e9 d&rsquo;autres romans avec un myst\u00e9rieux locataire comme <span style=\"text-decoration: underline;\">Jane Eyre<\/span> ou <span style=\"text-decoration: underline;\">Le jardin secret<\/span>&#8230;\u00a0<\/em><\/p>\n<p style=\"text-align: justify;\"><em>Enfin, la derni\u00e8re nouvelle, <span style=\"text-decoration: underline;\"><strong>La vengeance de Samuel Lowgood<\/strong><\/span> (21 pages), parue elle-aussi pour la premi\u00e8re fois en 1861, le narrateur, Samuel Lowgood revenant sur son animosit\u00e9 \u00e0 l&rsquo;\u00e9gard de son beau coll\u00e8gue et fils de gentleman, Christopher Weldon au sein de la maison Tyndale &amp; Tyndale, armateurs \u00e0 Wilborough. Jusqu&rsquo;o\u00f9 peut aller sa jalousie lorsque ce dernier commence \u00e0 courtiser la jolie et douce Lucy dont il est amoureux? J&rsquo;ai \u00e9galement appr\u00e9ci\u00e9 ce court r\u00e9cit o\u00f9 il est question de rivalit\u00e9 entre deux orphelins au statut social diff\u00e9rent et de trahison.\u00a0<\/em><\/p>\n<p style=\"text-align: justify;\"><em>Un bon moment de lecture avec ces nouvelles! Il est certain que je continuerai \u00e0 d\u00e9couvrir cette autrice peut-\u00eatre cette fois un de ses romans comme <span style=\"text-decoration: underline;\">Sur les traces du serpent<\/span>.\u00a0<\/em><\/p>\n<p style=\"text-align: justify;\"><em>Pour d&rsquo;autres avis sur cette lecture commune: <a href=\"https:\/\/delivrer-des-livres.fr\/le-secret-de-la-ferme-grise\/\">Nathalie<\/a> et <a href=\"https:\/\/ribambelledhistoires.over-blog.com\/2026\/03\/l-intendant-ralph-mary-elisabeth-braddon.html\">Isabelle<\/a> (qui a aussi lu <span style=\"text-decoration: underline;\">Le baiser glac\u00e9<\/span>).<\/em><\/p>\n<div id=\"attachment_42357\" style=\"width: 117px\" class=\"wp-caption alignleft\"><img data-recalc-dims=\"1\" loading=\"lazy\" decoding=\"async\" aria-describedby=\"caption-attachment-42357\" data-attachment-id=\"42357\" data-permalink=\"http:\/\/www.jojoenherbe.com\/index.php\/2026\/01\/13\/au-fil-des-pages-avec-vacances-de-noel\/2026-sera-classique-aussi-logo\/\" data-orig-file=\"https:\/\/i0.wp.com\/www.jojoenherbe.com\/wp-content\/uploads\/2026\/01\/2026-sera-classique-aussi-logo.jpg?fit=297%2C227\" data-orig-size=\"297,227\" data-comments-opened=\"1\" data-image-meta=\"{&quot;aperture&quot;:&quot;0&quot;,&quot;credit&quot;:&quot;&quot;,&quot;camera&quot;:&quot;&quot;,&quot;caption&quot;:&quot;&quot;,&quot;created_timestamp&quot;:&quot;0&quot;,&quot;copyright&quot;:&quot;&quot;,&quot;focal_length&quot;:&quot;0&quot;,&quot;iso&quot;:&quot;0&quot;,&quot;shutter_speed&quot;:&quot;0&quot;,&quot;title&quot;:&quot;&quot;,&quot;orientation&quot;:&quot;1&quot;}\" data-image-title=\"2026 sera classique aussi &amp;#8211; logo\" data-image-description=\"\" data-image-caption=\"\" data-large-file=\"https:\/\/i0.wp.com\/www.jojoenherbe.com\/wp-content\/uploads\/2026\/01\/2026-sera-classique-aussi-logo.jpg?fit=297%2C227\" class=\"wp-image-42357\" src=\"https:\/\/i0.wp.com\/www.jojoenherbe.com\/wp-content\/uploads\/2026\/01\/2026-sera-classique-aussi-logo.jpg?resize=107%2C82\" alt=\"\" width=\"107\" height=\"82\" \/><p id=\"caption-attachment-42357\" class=\"wp-caption-text\">Participation #6 au Challenge 2026 sera classique aussi! de <em><a href=\"https:\/\/delivrer-des-livres.fr\/2026-sera-classique\/\">Nathalie<\/a><\/em> #Nouvelles victoriennes (1860 et 1861)<\/p><\/div>\n<div id=\"attachment_42096\" style=\"width: 113px\" class=\"wp-caption alignleft\"><img data-recalc-dims=\"1\" loading=\"lazy\" decoding=\"async\" aria-describedby=\"caption-attachment-42096\" data-attachment-id=\"42096\" data-permalink=\"http:\/\/www.jojoenherbe.com\/index.php\/2026\/01\/02\/au-fil-des-pages-avec-le-tome-2-de-lady-sherlock\/un-hiver-polar-2026-logo\/\" data-orig-file=\"https:\/\/i0.wp.com\/www.jojoenherbe.com\/wp-content\/uploads\/2026\/01\/Un-hiver-polar-2026-logo.png?fit=400%2C283\" data-orig-size=\"400,283\" data-comments-opened=\"1\" data-image-meta=\"{&quot;aperture&quot;:&quot;0&quot;,&quot;credit&quot;:&quot;&quot;,&quot;camera&quot;:&quot;&quot;,&quot;caption&quot;:&quot;&quot;,&quot;created_timestamp&quot;:&quot;0&quot;,&quot;copyright&quot;:&quot;&quot;,&quot;focal_length&quot;:&quot;0&quot;,&quot;iso&quot;:&quot;0&quot;,&quot;shutter_speed&quot;:&quot;0&quot;,&quot;title&quot;:&quot;&quot;,&quot;orientation&quot;:&quot;0&quot;}\" data-image-title=\"Un hiver polar 2026 &amp;#8211; logo\" data-image-description=\"\" data-image-caption=\"\" data-large-file=\"https:\/\/i0.wp.com\/www.jojoenherbe.com\/wp-content\/uploads\/2026\/01\/Un-hiver-polar-2026-logo.png?fit=400%2C283\" class=\"wp-image-42096\" src=\"https:\/\/i0.wp.com\/www.jojoenherbe.com\/wp-content\/uploads\/2026\/01\/Un-hiver-polar-2026-logo.png?resize=103%2C73\" alt=\"\" width=\"103\" height=\"73\" srcset=\"https:\/\/i0.wp.com\/www.jojoenherbe.com\/wp-content\/uploads\/2026\/01\/Un-hiver-polar-2026-logo.png?w=400 400w, https:\/\/i0.wp.com\/www.jojoenherbe.com\/wp-content\/uploads\/2026\/01\/Un-hiver-polar-2026-logo.png?resize=300%2C212 300w\" sizes=\"auto, (max-width: 103px) 100vw, 103px\" \/><p id=\"caption-attachment-42096\" class=\"wp-caption-text\">Participation #10 Un hiver Polar 2026 d\u2019<a href=\"https:\/\/jelisjeblogue.blogspot.com\/2025\/12\/j-7-avant-un-hiver-polar.html\">Alexandra<\/a> #Nouvelle \u00e0 suspense<\/p><\/div>\n","protected":false},"excerpt":{"rendered":"<p>Pour une lecture commune avec Nathalie et Isabelle dans le cadre du Challenge 2026 sera classique aussi!, j&rsquo;ai lu Le Secret de la Ferme-Grise de Mary Elizabeth Braddon (\u00e9d. Le Masque, r\u00e9\u00e9d. 2004, 96 pages), une nouvelle \u00e9galement parue sous le nom de L&rsquo;Intendant Ralph et publi\u00e9e pour la premi\u00e8re fois en 1861 en Angleterre. [&hellip;]<\/p>\n","protected":false},"author":1,"featured_media":43230,"comment_status":"open","ping_status":"open","sticky":false,"template":"","format":"standard","meta":{"jetpack_post_was_ever_published":false,"_jetpack_newsletter_access":"","_jetpack_dont_email_post_to_subs":false,"_jetpack_newsletter_tier_id":0,"_jetpack_memberships_contains_paywalled_content":false,"_jetpack_memberships_contains_paid_content":false,"footnotes":""},"categories":[363],"tags":[1347,4823,777,1461,4943,1333,981,867,1082,936,1554,1622,843,1468,4945,1725,2663,814,1571,1085,2347,782,3910,1099,1570,4944,1331,871,1229,1614,905,1330,1557,4821,2519],"class_list":["post-43214","post","type-post","status-publish","format-standard","has-post-thumbnail","hentry","category-mini-lecteur","tag-18-ans-et-plus","tag-2026-sera-classique-aussi","tag-amour","tag-angleterre","tag-bigamie","tag-campagne-anglaise","tag-chagrin","tag-chagrin-damour","tag-danger","tag-deuil","tag-empoisonnement","tag-epoque-victorienne","tag-fantastique","tag-ferme","tag-fiancailles","tag-folie","tag-heritage","tag-jalousie","tag-jumeau","tag-lecture-adulte","tag-litterature-anglo-saxonne","tag-maladie","tag-maladie-mentale","tag-manoir","tag-mariage","tag-mary-elizabeth-braddon","tag-meurtre","tag-nouvelles","tag-orphelin","tag-roman-gothique","tag-romans-adulte","tag-secrets-de-famille","tag-suspense","tag-un-hiver-polar-2026","tag-vengeance","post-preview"],"jetpack_featured_media_url":"https:\/\/i0.wp.com\/www.jojoenherbe.com\/wp-content\/uploads\/2026\/03\/Le-baiser-de-glace-scaled.jpeg?fit=2560%2C1920","jetpack_sharing_enabled":true,"jetpack_shortlink":"https:\/\/wp.me\/p9zhGx-bf0","jetpack_likes_enabled":true,"jetpack-related-posts":[{"id":43105,"url":"http:\/\/www.jojoenherbe.com\/index.php\/2026\/03\/03\/bilan-de-lecture-fevrier-2026\/","url_meta":{"origin":43214,"position":0},"title":"Bilan de lecture: f\u00e9vrier 2026","author":"Jojo","date":"3 mars 2026","format":false,"excerpt":"En ce d\u00e9but mars, voici le bilan de lecture du mois de f\u00e9vrier 2026 bien festif, entre carnavals (cr\u00eapes et bugnes aussi bien s\u00fbr!) et vacances scolaires pour mon mini lutin. C\u2019\u00e9tait aussi la nouvelle \u00e9dition de l\u2019African-American History Month Challenge 2026 organis\u00e9, comme chaque ann\u00e9e, en f\u00e9vrier par Enna.\u2026","rel":"","context":"Dans &quot;Mini blogueur&quot;","block_context":{"text":"Mini blogueur","link":"http:\/\/www.jojoenherbe.com\/index.php\/category\/mini-blogueur\/"},"img":{"alt_text":"","src":"https:\/\/i0.wp.com\/www.jojoenherbe.com\/wp-content\/uploads\/2026\/02\/Selection-Fevrier-2026-scaled.jpeg?fit=1200%2C930&resize=350%2C200","width":350,"height":200,"srcset":"https:\/\/i0.wp.com\/www.jojoenherbe.com\/wp-content\/uploads\/2026\/02\/Selection-Fevrier-2026-scaled.jpeg?fit=1200%2C930&resize=350%2C200 1x, https:\/\/i0.wp.com\/www.jojoenherbe.com\/wp-content\/uploads\/2026\/02\/Selection-Fevrier-2026-scaled.jpeg?fit=1200%2C930&resize=525%2C300 1.5x, https:\/\/i0.wp.com\/www.jojoenherbe.com\/wp-content\/uploads\/2026\/02\/Selection-Fevrier-2026-scaled.jpeg?fit=1200%2C930&resize=700%2C400 2x, https:\/\/i0.wp.com\/www.jojoenherbe.com\/wp-content\/uploads\/2026\/02\/Selection-Fevrier-2026-scaled.jpeg?fit=1200%2C930&resize=1050%2C600 3x"},"classes":[]},{"id":43493,"url":"http:\/\/www.jojoenherbe.com\/index.php\/2026\/04\/04\/bilan-de-lecture-mars-2026\/","url_meta":{"origin":43214,"position":1},"title":"Bilan de lecture: mars 2026","author":"Jojo","date":"4 avril 2026","format":false,"excerpt":"En ce d\u00e9but avril, voici le bilan de lecture du mois de mars 2026, encore un mois qui est pass\u00e9 bien trop vite et qui, \u00e0 d\u00e9faut d'une m\u00e9t\u00e9o printani\u00e8re, a mis \u00e0 l'honneur la po\u00e9sie et les autrices\/illustratrices. C\u00f4t\u00e9 challenges livresques, j'ai particip\u00e9 au\u00a0RAT Indien du 6 au 8\u2026","rel":"","context":"Dans &quot;Mini blogueur&quot;","block_context":{"text":"Mini blogueur","link":"http:\/\/www.jojoenherbe.com\/index.php\/category\/mini-blogueur\/"},"img":{"alt_text":"","src":"https:\/\/i0.wp.com\/www.jojoenherbe.com\/wp-content\/uploads\/2026\/03\/Selection-Mars-2026-scaled.jpeg?fit=1200%2C912&resize=350%2C200","width":350,"height":200,"srcset":"https:\/\/i0.wp.com\/www.jojoenherbe.com\/wp-content\/uploads\/2026\/03\/Selection-Mars-2026-scaled.jpeg?fit=1200%2C912&resize=350%2C200 1x, https:\/\/i0.wp.com\/www.jojoenherbe.com\/wp-content\/uploads\/2026\/03\/Selection-Mars-2026-scaled.jpeg?fit=1200%2C912&resize=525%2C300 1.5x, https:\/\/i0.wp.com\/www.jojoenherbe.com\/wp-content\/uploads\/2026\/03\/Selection-Mars-2026-scaled.jpeg?fit=1200%2C912&resize=700%2C400 2x, https:\/\/i0.wp.com\/www.jojoenherbe.com\/wp-content\/uploads\/2026\/03\/Selection-Mars-2026-scaled.jpeg?fit=1200%2C912&resize=1050%2C600 3x"},"classes":[]},{"id":42677,"url":"http:\/\/www.jojoenherbe.com\/index.php\/2026\/02\/09\/au-fil-des-pages-avec-les-nuits-blanches\/","url_meta":{"origin":43214,"position":2},"title":"Au fil des pages avec Les Nuits blanches","author":"Jojo","date":"9 f\u00e9vrier 2026","format":false,"excerpt":"J'ai lu, en e-book, Les Nuits blanches de Fiodor Dosto\u00efevski (\u00e9d. Gallimard, Coll. Folio, r\u00e9\u00e9d. septembre 2021, 102 pages), une nouvelle parue pour la premi\u00e8re fois en Russie en 1848, sous-titr\u00e9 dans mon \u00e9dition comme \"roman sentimental (Souvenirs d'un r\u00eaveur)\". Le narrateur est un jeune homme timide, solitaire et r\u00eaveur\u2026","rel":"","context":"Dans &quot;Mini lecteur&quot;","block_context":{"text":"Mini lecteur","link":"http:\/\/www.jojoenherbe.com\/index.php\/category\/mini-lecteur\/"},"img":{"alt_text":"","src":"https:\/\/i0.wp.com\/www.jojoenherbe.com\/wp-content\/uploads\/2026\/02\/Les-Nuits-blanches.jpg?fit=731%2C1200&resize=350%2C200","width":350,"height":200,"srcset":"https:\/\/i0.wp.com\/www.jojoenherbe.com\/wp-content\/uploads\/2026\/02\/Les-Nuits-blanches.jpg?fit=731%2C1200&resize=350%2C200 1x, https:\/\/i0.wp.com\/www.jojoenherbe.com\/wp-content\/uploads\/2026\/02\/Les-Nuits-blanches.jpg?fit=731%2C1200&resize=525%2C300 1.5x, https:\/\/i0.wp.com\/www.jojoenherbe.com\/wp-content\/uploads\/2026\/02\/Les-Nuits-blanches.jpg?fit=731%2C1200&resize=700%2C400 2x"},"classes":[]},{"id":39725,"url":"http:\/\/www.jojoenherbe.com\/index.php\/2025\/06\/14\/au-fil-des-pages-avec-a-petit-feu\/","url_meta":{"origin":43214,"position":3},"title":"Au fil des pages avec A petit feu","author":"Jojo","date":"14 juin 2025","format":false,"excerpt":"J'ai lu \u00c0 petit feu d\u2019Elizabeth Jane Howard (\u00e9d. La Table Ronde, coll. Quai Voltaire, mai 2025, 336 pages), un roman choral paru pour la premi\u00e8re fois en 1969. On y suit, sur plusieurs mois, la vie d'une famille recompos\u00e9e plut\u00f4t ais\u00e9e dans l'Angleterre des ann\u00e9es 60, chacun se retranchant\u2026","rel":"","context":"Dans &quot;Mini lecteur&quot;","block_context":{"text":"Mini lecteur","link":"http:\/\/www.jojoenherbe.com\/index.php\/category\/mini-lecteur\/"},"img":{"alt_text":"","src":"https:\/\/i0.wp.com\/www.jojoenherbe.com\/wp-content\/uploads\/2025\/06\/A-petit-feu.jpg?fit=729%2C1200&resize=350%2C200","width":350,"height":200,"srcset":"https:\/\/i0.wp.com\/www.jojoenherbe.com\/wp-content\/uploads\/2025\/06\/A-petit-feu.jpg?fit=729%2C1200&resize=350%2C200 1x, https:\/\/i0.wp.com\/www.jojoenherbe.com\/wp-content\/uploads\/2025\/06\/A-petit-feu.jpg?fit=729%2C1200&resize=525%2C300 1.5x, https:\/\/i0.wp.com\/www.jojoenherbe.com\/wp-content\/uploads\/2025\/06\/A-petit-feu.jpg?fit=729%2C1200&resize=700%2C400 2x"},"classes":[]},{"id":31718,"url":"http:\/\/www.jojoenherbe.com\/index.php\/2023\/09\/01\/bilan-de-lecture-aout-2023\/","url_meta":{"origin":43214,"position":4},"title":"Bilan de lecture: ao\u00fbt 2023","author":"Jojo","date":"1 septembre 2023","format":false,"excerpt":"C\u2019est le premier du mois alors voici un petit retour bloguesque sur ao\u00fbt 2023. Nous avons continu\u00e9 des lectures semblables \u00e0 celles de juillet 2023 avec des (re)lectures estivales mais aussi des lectures anglaises qui \u00e9taient pr\u00e9vues pour le Mois Anglais 2023 ainsi que des cosy mysteries dans le cadre\u2026","rel":"","context":"Dans &quot;Mini blogueur&quot;","block_context":{"text":"Mini blogueur","link":"http:\/\/www.jojoenherbe.com\/index.php\/category\/mini-blogueur\/"},"img":{"alt_text":"","src":"https:\/\/i0.wp.com\/www.jojoenherbe.com\/wp-content\/uploads\/2023\/08\/Selection-aout-2023-scaled.jpg?fit=1200%2C1017&resize=350%2C200","width":350,"height":200,"srcset":"https:\/\/i0.wp.com\/www.jojoenherbe.com\/wp-content\/uploads\/2023\/08\/Selection-aout-2023-scaled.jpg?fit=1200%2C1017&resize=350%2C200 1x, https:\/\/i0.wp.com\/www.jojoenherbe.com\/wp-content\/uploads\/2023\/08\/Selection-aout-2023-scaled.jpg?fit=1200%2C1017&resize=525%2C300 1.5x, https:\/\/i0.wp.com\/www.jojoenherbe.com\/wp-content\/uploads\/2023\/08\/Selection-aout-2023-scaled.jpg?fit=1200%2C1017&resize=700%2C400 2x, https:\/\/i0.wp.com\/www.jojoenherbe.com\/wp-content\/uploads\/2023\/08\/Selection-aout-2023-scaled.jpg?fit=1200%2C1017&resize=1050%2C600 3x"},"classes":[]},{"id":36247,"url":"http:\/\/www.jojoenherbe.com\/index.php\/2024\/06\/11\/bilan-de-lecture-mai-2024\/","url_meta":{"origin":43214,"position":5},"title":"Bilan de lecture: mai 2024","author":"Jojo","date":"11 juin 2024","format":false,"excerpt":"Avec retard, voici le bilan de lecture du mois de mai 2024. Cette ann\u00e9e, le printemps est bien pluvieux et les sorties se sont faites encore rares le mois dernier. Le temps \u00e9tait donc propice \u00e0 la lecture encore une fois. En mai 2024, j'ai continu\u00e9 des lectures pour Un\u2026","rel":"","context":"Dans &quot;Mini blogueur&quot;","block_context":{"text":"Mini blogueur","link":"http:\/\/www.jojoenherbe.com\/index.php\/category\/mini-blogueur\/"},"img":{"alt_text":"","src":"https:\/\/i0.wp.com\/www.jojoenherbe.com\/wp-content\/uploads\/2024\/05\/Selection-Mai-2024-scaled.jpg?fit=1200%2C946&resize=350%2C200","width":350,"height":200,"srcset":"https:\/\/i0.wp.com\/www.jojoenherbe.com\/wp-content\/uploads\/2024\/05\/Selection-Mai-2024-scaled.jpg?fit=1200%2C946&resize=350%2C200 1x, https:\/\/i0.wp.com\/www.jojoenherbe.com\/wp-content\/uploads\/2024\/05\/Selection-Mai-2024-scaled.jpg?fit=1200%2C946&resize=525%2C300 1.5x, https:\/\/i0.wp.com\/www.jojoenherbe.com\/wp-content\/uploads\/2024\/05\/Selection-Mai-2024-scaled.jpg?fit=1200%2C946&resize=700%2C400 2x, https:\/\/i0.wp.com\/www.jojoenherbe.com\/wp-content\/uploads\/2024\/05\/Selection-Mai-2024-scaled.jpg?fit=1200%2C946&resize=1050%2C600 3x"},"classes":[]}],"_links":{"self":[{"href":"http:\/\/www.jojoenherbe.com\/index.php\/wp-json\/wp\/v2\/posts\/43214","targetHints":{"allow":["GET"]}}],"collection":[{"href":"http:\/\/www.jojoenherbe.com\/index.php\/wp-json\/wp\/v2\/posts"}],"about":[{"href":"http:\/\/www.jojoenherbe.com\/index.php\/wp-json\/wp\/v2\/types\/post"}],"author":[{"embeddable":true,"href":"http:\/\/www.jojoenherbe.com\/index.php\/wp-json\/wp\/v2\/users\/1"}],"replies":[{"embeddable":true,"href":"http:\/\/www.jojoenherbe.com\/index.php\/wp-json\/wp\/v2\/comments?post=43214"}],"version-history":[{"count":17,"href":"http:\/\/www.jojoenherbe.com\/index.php\/wp-json\/wp\/v2\/posts\/43214\/revisions"}],"predecessor-version":[{"id":43252,"href":"http:\/\/www.jojoenherbe.com\/index.php\/wp-json\/wp\/v2\/posts\/43214\/revisions\/43252"}],"wp:featuredmedia":[{"embeddable":true,"href":"http:\/\/www.jojoenherbe.com\/index.php\/wp-json\/wp\/v2\/media\/43230"}],"wp:attachment":[{"href":"http:\/\/www.jojoenherbe.com\/index.php\/wp-json\/wp\/v2\/media?parent=43214"}],"wp:term":[{"taxonomy":"category","embeddable":true,"href":"http:\/\/www.jojoenherbe.com\/index.php\/wp-json\/wp\/v2\/categories?post=43214"},{"taxonomy":"post_tag","embeddable":true,"href":"http:\/\/www.jojoenherbe.com\/index.php\/wp-json\/wp\/v2\/tags?post=43214"}],"curies":[{"name":"wp","href":"https:\/\/api.w.org\/{rel}","templated":true}]}}