{"id":43105,"date":"2026-03-03T11:58:15","date_gmt":"2026-03-03T10:58:15","guid":{"rendered":"https:\/\/www.jojoenherbe.com\/?p=43105"},"modified":"2026-04-12T09:33:21","modified_gmt":"2026-04-12T07:33:21","slug":"bilan-de-lecture-fevrier-2026","status":"publish","type":"post","link":"http:\/\/www.jojoenherbe.com\/index.php\/2026\/03\/03\/bilan-de-lecture-fevrier-2026\/","title":{"rendered":"Bilan de lecture: f\u00e9vrier 2026"},"content":{"rendered":"<div id=\"attachment_43607\" style=\"width: 160px\" class=\"wp-caption alignleft\"><a href=\"https:\/\/i0.wp.com\/www.jojoenherbe.com\/wp-content\/uploads\/2026\/04\/Illustration-St-Valentin-IG.jpg\"><img data-recalc-dims=\"1\" loading=\"lazy\" decoding=\"async\" aria-describedby=\"caption-attachment-43607\" data-attachment-id=\"43607\" data-permalink=\"http:\/\/www.jojoenherbe.com\/index.php\/2026\/03\/03\/bilan-de-lecture-fevrier-2026\/screenshot-436\/\" data-orig-file=\"https:\/\/i0.wp.com\/www.jojoenherbe.com\/wp-content\/uploads\/2026\/04\/Illustration-St-Valentin-IG.jpg?fit=750%2C1020\" data-orig-size=\"750,1020\" data-comments-opened=\"1\" data-image-meta=\"{&quot;aperture&quot;:&quot;0&quot;,&quot;credit&quot;:&quot;&quot;,&quot;camera&quot;:&quot;&quot;,&quot;caption&quot;:&quot;Screenshot&quot;,&quot;created_timestamp&quot;:&quot;0&quot;,&quot;copyright&quot;:&quot;&quot;,&quot;focal_length&quot;:&quot;0&quot;,&quot;iso&quot;:&quot;0&quot;,&quot;shutter_speed&quot;:&quot;0&quot;,&quot;title&quot;:&quot;Screenshot&quot;,&quot;orientation&quot;:&quot;1&quot;}\" data-image-title=\"\" data-image-description=\"\" data-image-caption=\"\" data-large-file=\"https:\/\/i0.wp.com\/www.jojoenherbe.com\/wp-content\/uploads\/2026\/04\/Illustration-St-Valentin-IG.jpg?fit=676%2C919\" class=\"wp-image-43607 size-thumbnail\" src=\"https:\/\/i0.wp.com\/www.jojoenherbe.com\/wp-content\/uploads\/2026\/04\/Illustration-St-Valentin-IG.jpg?resize=150%2C150\" alt=\"\" width=\"150\" height=\"150\" srcset=\"https:\/\/i0.wp.com\/www.jojoenherbe.com\/wp-content\/uploads\/2026\/04\/Illustration-St-Valentin-IG.jpg?resize=150%2C150 150w, https:\/\/i0.wp.com\/www.jojoenherbe.com\/wp-content\/uploads\/2026\/04\/Illustration-St-Valentin-IG.jpg?zoom=2&amp;resize=150%2C150 300w, https:\/\/i0.wp.com\/www.jojoenherbe.com\/wp-content\/uploads\/2026\/04\/Illustration-St-Valentin-IG.jpg?zoom=3&amp;resize=150%2C150 450w\" sizes=\"auto, (max-width: 150px) 100vw, 150px\" \/><\/a><p id=\"caption-attachment-43607\" class=\"wp-caption-text\">Illustration <a href=\"https:\/\/www.instagram.com\/p\/DUvm_lyjN_5\/\">IG<\/a><\/p><\/div>\n<p style=\"text-align: justify;\"><em>En ce d\u00e9but mars, voici le bilan de lecture du mois de f\u00e9vrier 2026 bien festif, entre carnavals (cr\u00eapes et bugnes aussi bien s\u00fbr!) et vacances scolaires pour mon mini lutin. C\u2019\u00e9tait aussi la nouvelle \u00e9dition de l\u2019African-American History Month Challenge 2026 organis\u00e9, comme chaque ann\u00e9e, en f\u00e9vrier par Enna. J&rsquo;ai \u00e9galement particip\u00e9 \u00e0 des lectures communes avec <a href=\"https:\/\/www.jojoenherbe.com\/index.php\/2026\/02\/24\/au-fil-des-pages-avec-le-destin-danjali\/\"><span style=\"text-decoration: underline;\">Le Destin d&rsquo;Anjali<\/span><\/a> de Hema Macherla et <a href=\"https:\/\/www.jojoenherbe.com\/index.php\/2026\/02\/10\/au-fil-des-pages-avec-la-fille-sans-peau\/\"><span style=\"text-decoration: underline;\">La fille sans peau<\/span><\/a> de Mads Peder Nordbo, n&rsquo;ayant pas pu emprunt\u00e9 \u00e0 temps <span style=\"text-decoration: underline;\">Le soldat d\u00e9saccord\u00e9<\/span> de Gilles Marchand pour le 15 f\u00e9vrier 2026 (ayant lu \u00e0 la place <a href=\"https:\/\/www.jojoenherbe.com\/index.php\/2026\/02\/28\/au-fil-des-pages-avec-shell-shock\/\"><span style=\"text-decoration: underline;\">Shell Shok<\/span><\/a> de Micha\u00ebla Watteaux).\u00a0<\/em><\/p>\n<p style=\"text-align: justify;\"><em>C\u00f4t\u00e9 jeunesse, mon mini lutin a lu et relu <span style=\"text-decoration: underline;\">Mortelle Ad\u00e8le<\/span> et autres lectures rigolotes emprunt\u00e9es \u00e0 la m\u00e9diath\u00e8que comme <span style=\"text-decoration: underline;\">Merlin et Chou chez les chevaliers<\/span> d\u2019Adam Stower (\u00e9d. Flammarion Jeunesse, mars 2025, 192 pages) ainsi que des magazines <span style=\"text-decoration: underline;\">Ninjago<\/span>, tout en regardant la s\u00e9rie anim\u00e9e.\u00a0<\/em><\/p>\n<p style=\"text-align: justify;\"><em><strong><span style=\"text-decoration: underline;\">Voici d\u2019ailleurs mon bilan de participations pour ce mois de f\u00e9vrier 2026<\/span>:<\/strong><\/em><\/p>\n<ul>\n<li><em><strong>Challenge Petit Bac 2026 <\/strong>d\u2019Enna: 2 premi\u00e8res lignes en cours<\/em><\/li>\n<li><em><strong>Challenge 2026 sera classique aussi!<\/strong> de Nathalie: 2 participations<\/em><\/li>\n<li><em><strong>Challenge Les \u00c9tapes Indiennes 2026<\/strong> de Hilde: 2 participations<\/em><\/li>\n<li><em><strong>Challenge Pages de la Grande Guerre<\/strong> de Nathalie: 1 participation<\/em><\/li>\n<li><em><strong>Challenge Un hiver Polar 2026<\/strong> d\u2019Alexandra: 4 participations<\/em><\/li>\n<li><em><strong>Challenge Litt\u00e9rature jeunesse 2025-2026<\/strong> de Pativore: 1 participation<\/em><\/li>\n<li><em><strong>Challenge Le Mois Russe 2026<\/strong> de Bianca: 1 participation<\/em><\/li>\n<li><em><strong>AAHM Challenge 2026<\/strong> d&rsquo;Enna: 4 participations<\/em><\/li>\n<\/ul>\n<div id=\"attachment_43609\" style=\"width: 160px\" class=\"wp-caption alignright\"><a href=\"https:\/\/i0.wp.com\/www.jojoenherbe.com\/wp-content\/uploads\/2026\/04\/Illustration-Marcin-Piwowarski-IG-3.jpg\"><img data-recalc-dims=\"1\" loading=\"lazy\" decoding=\"async\" aria-describedby=\"caption-attachment-43609\" data-attachment-id=\"43609\" data-permalink=\"http:\/\/www.jojoenherbe.com\/index.php\/2026\/03\/03\/bilan-de-lecture-fevrier-2026\/screenshot-437\/\" data-orig-file=\"https:\/\/i0.wp.com\/www.jojoenherbe.com\/wp-content\/uploads\/2026\/04\/Illustration-Marcin-Piwowarski-IG-3.jpg?fit=750%2C1001\" data-orig-size=\"750,1001\" data-comments-opened=\"1\" data-image-meta=\"{&quot;aperture&quot;:&quot;0&quot;,&quot;credit&quot;:&quot;&quot;,&quot;camera&quot;:&quot;&quot;,&quot;caption&quot;:&quot;Screenshot&quot;,&quot;created_timestamp&quot;:&quot;0&quot;,&quot;copyright&quot;:&quot;&quot;,&quot;focal_length&quot;:&quot;0&quot;,&quot;iso&quot;:&quot;0&quot;,&quot;shutter_speed&quot;:&quot;0&quot;,&quot;title&quot;:&quot;Screenshot&quot;,&quot;orientation&quot;:&quot;1&quot;}\" data-image-title=\"\" data-image-description=\"\" data-image-caption=\"\" data-large-file=\"https:\/\/i0.wp.com\/www.jojoenherbe.com\/wp-content\/uploads\/2026\/04\/Illustration-Marcin-Piwowarski-IG-3.jpg?fit=676%2C902\" class=\"wp-image-43609 size-thumbnail\" src=\"https:\/\/i0.wp.com\/www.jojoenherbe.com\/wp-content\/uploads\/2026\/04\/Illustration-Marcin-Piwowarski-IG-3.jpg?resize=150%2C150\" alt=\"\" width=\"150\" height=\"150\" srcset=\"https:\/\/i0.wp.com\/www.jojoenherbe.com\/wp-content\/uploads\/2026\/04\/Illustration-Marcin-Piwowarski-IG-3.jpg?resize=150%2C150 150w, https:\/\/i0.wp.com\/www.jojoenherbe.com\/wp-content\/uploads\/2026\/04\/Illustration-Marcin-Piwowarski-IG-3.jpg?zoom=2&amp;resize=150%2C150 300w, https:\/\/i0.wp.com\/www.jojoenherbe.com\/wp-content\/uploads\/2026\/04\/Illustration-Marcin-Piwowarski-IG-3.jpg?zoom=3&amp;resize=150%2C150 450w\" sizes=\"auto, (max-width: 150px) 100vw, 150px\" \/><\/a><p id=\"caption-attachment-43609\" class=\"wp-caption-text\">Illustration <a href=\"https:\/\/www.instagram.com\/p\/DVV2uDhDBzM\/\">IG<\/a><\/p><\/div>\n<p style=\"text-align: justify;\"><em>Le mois prochain, on f\u00eatera, avec Hilde, Holi autour d&rsquo;un RAT indien du 6 au 8 mars 2026. D&rsquo;autre part, m\u00eame si je ne sais pas encore si un British Mysteries Month sera organis\u00e9 par Lou et Hilde, je ferai des lectures en ce sens, avec aussi la fin du challenge Un hiver Polar 2026 organis\u00e9 par Alexandra jusqu&rsquo;au 20 mars 2026. Il y aura aussi des lectures communes comme <span style=\"text-decoration: underline;\">Kalmann<\/span> de Joachim B. Schmidt pour le 10 mars 2026 (si j&rsquo;arrive \u00e0 l&#8217;emprunter \u00e0 temps), <span style=\"text-decoration: underline;\">Le secret de la Ferme-Grise<\/span> de Mary Elizabeth Braddon pour le 13 mars 2026 ou bien encore <span style=\"text-decoration: underline;\">Les 1001 conditions de l\u2019amour<\/span> de Farahad Zama pour le 23 mars 2026\u2026 Il y a aura sans doute des (re)lectures printani\u00e8res avec le retour du printemps. Bon mois de mars!<\/em><\/p>\n","protected":false},"excerpt":{"rendered":"<p>En ce d\u00e9but mars, voici le bilan de lecture du mois de f\u00e9vrier 2026 bien festif, entre carnavals (cr\u00eapes et bugnes aussi bien s\u00fbr!) et vacances scolaires pour mon mini lutin. C\u2019\u00e9tait aussi la nouvelle \u00e9dition de l\u2019African-American History Month Challenge 2026 organis\u00e9, comme chaque ann\u00e9e, en f\u00e9vrier par Enna. J&rsquo;ai \u00e9galement particip\u00e9 \u00e0 des [&hellip;]<\/p>\n","protected":false},"author":1,"featured_media":42630,"comment_status":"open","ping_status":"open","sticky":false,"template":"","format":"standard","meta":{"jetpack_post_was_ever_published":false,"_jetpack_newsletter_access":"","_jetpack_dont_email_post_to_subs":false,"_jetpack_newsletter_tier_id":0,"_jetpack_memberships_contains_paywalled_content":false,"_jetpack_memberships_contains_paid_content":false,"footnotes":""},"categories":[2140,873,363],"tags":[4103,2016,1085,367,2843],"class_list":["post-43105","post","type-post","status-publish","format-standard","has-post-thumbnail","hentry","category-mini-blogueur","category-mini-challenger","category-mini-lecteur","tag-bilan-de-lecture","tag-challenge-livresque","tag-lecture-adulte","tag-lecture-jeunesse","tag-mois-bloguesque","post-preview"],"jetpack_featured_media_url":"https:\/\/i0.wp.com\/www.jojoenherbe.com\/wp-content\/uploads\/2026\/02\/Selection-Fevrier-2026-scaled.jpeg?fit=2560%2C1984","jetpack_sharing_enabled":true,"jetpack_shortlink":"https:\/\/wp.me\/p9zhGx-bdf","jetpack_likes_enabled":true,"jetpack-related-posts":[{"id":34964,"url":"http:\/\/www.jojoenherbe.com\/index.php\/2024\/03\/04\/bilan-de-lecture-fevrier-2024\/","url_meta":{"origin":43105,"position":0},"title":"Bilan de lecture: f\u00e9vrier 2024","author":"Jojo","date":"4 mars 2024","format":false,"excerpt":"En ce d\u00e9but du mois de mars 2024, voici un petit retour livresque sur f\u00e9vrier 2024 qui a rim\u00e9 avec cr\u00eapes, mimosas, Nouvel An Chinois le 10 f\u00e9vrier 2024 (Dragon de bois) et vers la fin du mois, carnavals et vacances de f\u00e9vrier pour le mini lutin ou bien encore\u2026","rel":"","context":"Dans &quot;Mini blogueur&quot;","block_context":{"text":"Mini blogueur","link":"http:\/\/www.jojoenherbe.com\/index.php\/category\/mini-blogueur\/"},"img":{"alt_text":"","src":"https:\/\/i0.wp.com\/www.jojoenherbe.com\/wp-content\/uploads\/2024\/02\/Selection-fevrier-2024-scaled.jpg?fit=1200%2C761&resize=350%2C200","width":350,"height":200,"srcset":"https:\/\/i0.wp.com\/www.jojoenherbe.com\/wp-content\/uploads\/2024\/02\/Selection-fevrier-2024-scaled.jpg?fit=1200%2C761&resize=350%2C200 1x, https:\/\/i0.wp.com\/www.jojoenherbe.com\/wp-content\/uploads\/2024\/02\/Selection-fevrier-2024-scaled.jpg?fit=1200%2C761&resize=525%2C300 1.5x, https:\/\/i0.wp.com\/www.jojoenherbe.com\/wp-content\/uploads\/2024\/02\/Selection-fevrier-2024-scaled.jpg?fit=1200%2C761&resize=700%2C400 2x, https:\/\/i0.wp.com\/www.jojoenherbe.com\/wp-content\/uploads\/2024\/02\/Selection-fevrier-2024-scaled.jpg?fit=1200%2C761&resize=1050%2C600 3x"},"classes":[]},{"id":42568,"url":"http:\/\/www.jojoenherbe.com\/index.php\/2026\/02\/04\/bilan-de-lecture-janvier-2026\/","url_meta":{"origin":43105,"position":1},"title":"Bilan de lecture: janvier 2026","author":"Jojo","date":"4 f\u00e9vrier 2026","format":false,"excerpt":"En ce d\u00e9but f\u00e9vrier, voici le bilan de lecture du mois de janvier 2026 qui est, une fois n'est pas coutume, pass\u00e9 tr\u00e8s vite m\u00eame si nous avons tard\u00e9 \u00e0 retirer les d\u00e9corations de No\u00ebl, ne le faisant qu'apr\u00e8s la fin des challenges de No\u00ebl,\u00a0Il \u00e9tait 13 fois No\u00ebl de\u2026","rel":"","context":"Dans &quot;Mini blogueur&quot;","block_context":{"text":"Mini blogueur","link":"http:\/\/www.jojoenherbe.com\/index.php\/category\/mini-blogueur\/"},"img":{"alt_text":"","src":"https:\/\/i0.wp.com\/www.jojoenherbe.com\/wp-content\/uploads\/2026\/01\/Selection-Janvier-2026-scaled.jpg?fit=1200%2C870&resize=350%2C200","width":350,"height":200,"srcset":"https:\/\/i0.wp.com\/www.jojoenherbe.com\/wp-content\/uploads\/2026\/01\/Selection-Janvier-2026-scaled.jpg?fit=1200%2C870&resize=350%2C200 1x, https:\/\/i0.wp.com\/www.jojoenherbe.com\/wp-content\/uploads\/2026\/01\/Selection-Janvier-2026-scaled.jpg?fit=1200%2C870&resize=525%2C300 1.5x, https:\/\/i0.wp.com\/www.jojoenherbe.com\/wp-content\/uploads\/2026\/01\/Selection-Janvier-2026-scaled.jpg?fit=1200%2C870&resize=700%2C400 2x, https:\/\/i0.wp.com\/www.jojoenherbe.com\/wp-content\/uploads\/2026\/01\/Selection-Janvier-2026-scaled.jpg?fit=1200%2C870&resize=1050%2C600 3x"},"classes":[]},{"id":38483,"url":"http:\/\/www.jojoenherbe.com\/index.php\/2025\/03\/01\/bilan-de-lecture-fevrier-2025\/","url_meta":{"origin":43105,"position":2},"title":"Bilan de lecture: f\u00e9vrier 2025","author":"Jojo","date":"1 mars 2025","format":false,"excerpt":"En ce 1er mars 2025, voici un petit retour livresque sur f\u00e9vrier 2025 qui a \u00e9t\u00e9 rythm\u00e9, malgr\u00e9 le temps pluvieux, par les carnavals (cr\u00eapes et bugnes aussi bien s\u00fbr!) et les vacances scolaires pour mon mini lutin. C\u2019\u00e9tait aussi l\u2019African-American History Month Challenge 2025 d\u2019Enna que je prolongerai le\u2026","rel":"","context":"Dans &quot;Mini blogueur&quot;","block_context":{"text":"Mini blogueur","link":"http:\/\/www.jojoenherbe.com\/index.php\/category\/mini-blogueur\/"},"img":{"alt_text":"","src":"https:\/\/i0.wp.com\/www.jojoenherbe.com\/wp-content\/uploads\/2025\/03\/Carnaval-Nice-2025-scaled.jpg?resize=350%2C200","width":350,"height":200,"srcset":"https:\/\/i0.wp.com\/www.jojoenherbe.com\/wp-content\/uploads\/2025\/03\/Carnaval-Nice-2025-scaled.jpg?resize=350%2C200 1x, https:\/\/i0.wp.com\/www.jojoenherbe.com\/wp-content\/uploads\/2025\/03\/Carnaval-Nice-2025-scaled.jpg?resize=525%2C300 1.5x, https:\/\/i0.wp.com\/www.jojoenherbe.com\/wp-content\/uploads\/2025\/03\/Carnaval-Nice-2025-scaled.jpg?resize=700%2C400 2x, https:\/\/i0.wp.com\/www.jojoenherbe.com\/wp-content\/uploads\/2025\/03\/Carnaval-Nice-2025-scaled.jpg?resize=1050%2C600 3x, https:\/\/i0.wp.com\/www.jojoenherbe.com\/wp-content\/uploads\/2025\/03\/Carnaval-Nice-2025-scaled.jpg?resize=1400%2C800 4x"},"classes":[]},{"id":43493,"url":"http:\/\/www.jojoenherbe.com\/index.php\/2026\/04\/04\/bilan-de-lecture-mars-2026\/","url_meta":{"origin":43105,"position":3},"title":"Bilan de lecture: mars 2026","author":"Jojo","date":"4 avril 2026","format":false,"excerpt":"En ce d\u00e9but avril, voici le bilan de lecture du mois de mars 2026, encore un mois qui est pass\u00e9 bien trop vite et qui, \u00e0 d\u00e9faut d'une m\u00e9t\u00e9o printani\u00e8re, a mis \u00e0 l'honneur la po\u00e9sie et les autrices\/illustratrices. C\u00f4t\u00e9 challenges livresques, j'ai particip\u00e9 au\u00a0RAT Indien du 6 au 8\u2026","rel":"","context":"Dans &quot;Mini blogueur&quot;","block_context":{"text":"Mini blogueur","link":"http:\/\/www.jojoenherbe.com\/index.php\/category\/mini-blogueur\/"},"img":{"alt_text":"","src":"https:\/\/i0.wp.com\/www.jojoenherbe.com\/wp-content\/uploads\/2026\/03\/Selection-Mars-2026-scaled.jpeg?fit=1200%2C912&resize=350%2C200","width":350,"height":200,"srcset":"https:\/\/i0.wp.com\/www.jojoenherbe.com\/wp-content\/uploads\/2026\/03\/Selection-Mars-2026-scaled.jpeg?fit=1200%2C912&resize=350%2C200 1x, https:\/\/i0.wp.com\/www.jojoenherbe.com\/wp-content\/uploads\/2026\/03\/Selection-Mars-2026-scaled.jpeg?fit=1200%2C912&resize=525%2C300 1.5x, https:\/\/i0.wp.com\/www.jojoenherbe.com\/wp-content\/uploads\/2026\/03\/Selection-Mars-2026-scaled.jpeg?fit=1200%2C912&resize=700%2C400 2x, https:\/\/i0.wp.com\/www.jojoenherbe.com\/wp-content\/uploads\/2026\/03\/Selection-Mars-2026-scaled.jpeg?fit=1200%2C912&resize=1050%2C600 3x"},"classes":[]},{"id":30009,"url":"http:\/\/www.jojoenherbe.com\/index.php\/2023\/03\/01\/bilan-de-lecture-fevrier-2023\/","url_meta":{"origin":43105,"position":4},"title":"Bilan de lecture: f\u00e9vrier 2023","author":"Jojo","date":"1 mars 2023","format":false,"excerpt":"C\u2019est le premier du mois alors voici un petit retour bloguesque sur f\u00e9vrier 2023. Avec la chandeleur, les vacances de f\u00e9vrier et le carnaval, nous avons lu ou relu des histoires festives et\/ou gourmandes comme Les rhinos ne mangent pas de cr\u00eapes d\u2019Anna Kemp et Sara Ogilvie et Caroline invite\u2026","rel":"","context":"Dans &quot;Mini blogueur&quot;","block_context":{"text":"Mini blogueur","link":"http:\/\/www.jojoenherbe.com\/index.php\/category\/mini-blogueur\/"},"img":{"alt_text":"","src":"https:\/\/i0.wp.com\/www.jojoenherbe.com\/wp-content\/uploads\/2023\/02\/Selection-Fevrier-2023-scaled.jpg?fit=1200%2C1078&resize=350%2C200","width":350,"height":200,"srcset":"https:\/\/i0.wp.com\/www.jojoenherbe.com\/wp-content\/uploads\/2023\/02\/Selection-Fevrier-2023-scaled.jpg?fit=1200%2C1078&resize=350%2C200 1x, https:\/\/i0.wp.com\/www.jojoenherbe.com\/wp-content\/uploads\/2023\/02\/Selection-Fevrier-2023-scaled.jpg?fit=1200%2C1078&resize=525%2C300 1.5x, https:\/\/i0.wp.com\/www.jojoenherbe.com\/wp-content\/uploads\/2023\/02\/Selection-Fevrier-2023-scaled.jpg?fit=1200%2C1078&resize=700%2C400 2x, https:\/\/i0.wp.com\/www.jojoenherbe.com\/wp-content\/uploads\/2023\/02\/Selection-Fevrier-2023-scaled.jpg?fit=1200%2C1078&resize=1050%2C600 3x"},"classes":[]},{"id":34564,"url":"http:\/\/www.jojoenherbe.com\/index.php\/2024\/02\/01\/bilan-de-lecture-janvier-2024\/","url_meta":{"origin":43105,"position":5},"title":"Bilan de lecture: janvier 2024","author":"Jojo","date":"1 f\u00e9vrier 2024","format":false,"excerpt":"C\u2019est le premier du mois de f\u00e9vrier alors voici un petit retour livresque sur janvier 2024 qui a commenc\u00e9 avec encore quelques jours voire semaines, dans une ambiance festive et no\u00eblesque et la d\u00e9couverte des livres re\u00e7us \u00e0 No\u00ebl. En effet, jusqu'\u00e0 la mi-janvier, j'ai continu\u00e9 \u00e0 participer aux challenges\u2026","rel":"","context":"Dans &quot;Mini blogueur&quot;","block_context":{"text":"Mini blogueur","link":"http:\/\/www.jojoenherbe.com\/index.php\/category\/mini-blogueur\/"},"img":{"alt_text":"","src":"https:\/\/i0.wp.com\/www.jojoenherbe.com\/wp-content\/uploads\/2024\/01\/Selection-janvier-2024-scaled.jpg?fit=1200%2C865&resize=350%2C200","width":350,"height":200,"srcset":"https:\/\/i0.wp.com\/www.jojoenherbe.com\/wp-content\/uploads\/2024\/01\/Selection-janvier-2024-scaled.jpg?fit=1200%2C865&resize=350%2C200 1x, https:\/\/i0.wp.com\/www.jojoenherbe.com\/wp-content\/uploads\/2024\/01\/Selection-janvier-2024-scaled.jpg?fit=1200%2C865&resize=525%2C300 1.5x, https:\/\/i0.wp.com\/www.jojoenherbe.com\/wp-content\/uploads\/2024\/01\/Selection-janvier-2024-scaled.jpg?fit=1200%2C865&resize=700%2C400 2x, https:\/\/i0.wp.com\/www.jojoenherbe.com\/wp-content\/uploads\/2024\/01\/Selection-janvier-2024-scaled.jpg?fit=1200%2C865&resize=1050%2C600 3x"},"classes":[]}],"_links":{"self":[{"href":"http:\/\/www.jojoenherbe.com\/index.php\/wp-json\/wp\/v2\/posts\/43105","targetHints":{"allow":["GET"]}}],"collection":[{"href":"http:\/\/www.jojoenherbe.com\/index.php\/wp-json\/wp\/v2\/posts"}],"about":[{"href":"http:\/\/www.jojoenherbe.com\/index.php\/wp-json\/wp\/v2\/types\/post"}],"author":[{"embeddable":true,"href":"http:\/\/www.jojoenherbe.com\/index.php\/wp-json\/wp\/v2\/users\/1"}],"replies":[{"embeddable":true,"href":"http:\/\/www.jojoenherbe.com\/index.php\/wp-json\/wp\/v2\/comments?post=43105"}],"version-history":[{"count":10,"href":"http:\/\/www.jojoenherbe.com\/index.php\/wp-json\/wp\/v2\/posts\/43105\/revisions"}],"predecessor-version":[{"id":43611,"href":"http:\/\/www.jojoenherbe.com\/index.php\/wp-json\/wp\/v2\/posts\/43105\/revisions\/43611"}],"wp:featuredmedia":[{"embeddable":true,"href":"http:\/\/www.jojoenherbe.com\/index.php\/wp-json\/wp\/v2\/media\/42630"}],"wp:attachment":[{"href":"http:\/\/www.jojoenherbe.com\/index.php\/wp-json\/wp\/v2\/media?parent=43105"}],"wp:term":[{"taxonomy":"category","embeddable":true,"href":"http:\/\/www.jojoenherbe.com\/index.php\/wp-json\/wp\/v2\/categories?post=43105"},{"taxonomy":"post_tag","embeddable":true,"href":"http:\/\/www.jojoenherbe.com\/index.php\/wp-json\/wp\/v2\/tags?post=43105"}],"curies":[{"name":"wp","href":"https:\/\/api.w.org\/{rel}","templated":true}]}}