{"id":4284,"date":"2019-01-10T14:47:13","date_gmt":"2019-01-10T13:47:13","guid":{"rendered":"http:\/\/www.jojoenherbe.com\/?p=4284"},"modified":"2021-09-01T16:13:37","modified_gmt":"2021-09-01T14:13:37","slug":"au-fil-des-pages-de-petit-ours-blanc","status":"publish","type":"post","link":"http:\/\/www.jojoenherbe.com\/index.php\/2019\/01\/10\/au-fil-des-pages-de-petit-ours-blanc\/","title":{"rendered":"Au fil des pages de Petit ours blanc"},"content":{"rendered":"<p style=\"text-align: justify;\"><em><a href=\"https:\/\/i0.wp.com\/www.jojoenherbe.com\/wp-content\/uploads\/2019\/01\/petit-ours-blanc-3.jpg\"><img data-recalc-dims=\"1\" loading=\"lazy\" decoding=\"async\" data-attachment-id=\"4292\" data-permalink=\"http:\/\/www.jojoenherbe.com\/index.php\/2019\/01\/10\/au-fil-des-pages-de-petit-ours-blanc\/petit-ours-blanc-3\/\" data-orig-file=\"https:\/\/i0.wp.com\/www.jojoenherbe.com\/wp-content\/uploads\/2019\/01\/petit-ours-blanc-3.jpg?fit=2364%2C2970\" data-orig-size=\"2364,2970\" data-comments-opened=\"1\" data-image-meta=\"{&quot;aperture&quot;:&quot;2.4&quot;,&quot;credit&quot;:&quot;&quot;,&quot;camera&quot;:&quot;iPhone 4S&quot;,&quot;caption&quot;:&quot;&quot;,&quot;created_timestamp&quot;:&quot;1546880952&quot;,&quot;copyright&quot;:&quot;&quot;,&quot;focal_length&quot;:&quot;4.28&quot;,&quot;iso&quot;:&quot;500&quot;,&quot;shutter_speed&quot;:&quot;0.066666666666667&quot;,&quot;title&quot;:&quot;&quot;,&quot;orientation&quot;:&quot;1&quot;}\" data-image-title=\"petit ours blanc 3\" data-image-description=\"\" data-image-caption=\"\" data-large-file=\"https:\/\/i0.wp.com\/www.jojoenherbe.com\/wp-content\/uploads\/2019\/01\/petit-ours-blanc-3.jpg?fit=676%2C849\" class=\"alignleft size-thumbnail wp-image-4292\" src=\"https:\/\/i0.wp.com\/www.jojoenherbe.com\/wp-content\/uploads\/2019\/01\/petit-ours-blanc-3.jpg?resize=150%2C150\" alt=\"\" width=\"150\" height=\"150\" srcset=\"https:\/\/i0.wp.com\/www.jojoenherbe.com\/wp-content\/uploads\/2019\/01\/petit-ours-blanc-3.jpg?resize=150%2C150 150w, https:\/\/i0.wp.com\/www.jojoenherbe.com\/wp-content\/uploads\/2019\/01\/petit-ours-blanc-3.jpg?zoom=2&amp;resize=150%2C150 300w, https:\/\/i0.wp.com\/www.jojoenherbe.com\/wp-content\/uploads\/2019\/01\/petit-ours-blanc-3.jpg?zoom=3&amp;resize=150%2C150 450w\" sizes=\"auto, (max-width: 150px) 100vw, 150px\" \/><\/a><a href=\"https:\/\/i0.wp.com\/www.jojoenherbe.com\/wp-content\/uploads\/2019\/01\/petit-ours-blanc-2.jpg\"><img data-recalc-dims=\"1\" loading=\"lazy\" decoding=\"async\" data-attachment-id=\"4286\" data-permalink=\"http:\/\/www.jojoenherbe.com\/index.php\/2019\/01\/10\/au-fil-des-pages-de-petit-ours-blanc\/petit-ours-blanc-2\/\" data-orig-file=\"https:\/\/i0.wp.com\/www.jojoenherbe.com\/wp-content\/uploads\/2019\/01\/petit-ours-blanc-2.jpg?fit=2324%2C1964\" data-orig-size=\"2324,1964\" data-comments-opened=\"1\" data-image-meta=\"{&quot;aperture&quot;:&quot;2.4&quot;,&quot;credit&quot;:&quot;&quot;,&quot;camera&quot;:&quot;iPhone 4S&quot;,&quot;caption&quot;:&quot;&quot;,&quot;created_timestamp&quot;:&quot;1546880938&quot;,&quot;copyright&quot;:&quot;&quot;,&quot;focal_length&quot;:&quot;4.28&quot;,&quot;iso&quot;:&quot;800&quot;,&quot;shutter_speed&quot;:&quot;0.066666666666667&quot;,&quot;title&quot;:&quot;&quot;,&quot;orientation&quot;:&quot;1&quot;}\" data-image-title=\"petit ours blanc 2\" data-image-description=\"\" data-image-caption=\"\" data-large-file=\"https:\/\/i0.wp.com\/www.jojoenherbe.com\/wp-content\/uploads\/2019\/01\/petit-ours-blanc-2.jpg?fit=676%2C571\" class=\"alignleft size-thumbnail wp-image-4286\" src=\"https:\/\/i0.wp.com\/www.jojoenherbe.com\/wp-content\/uploads\/2019\/01\/petit-ours-blanc-2.jpg?resize=150%2C150\" alt=\"\" width=\"150\" height=\"150\" srcset=\"https:\/\/i0.wp.com\/www.jojoenherbe.com\/wp-content\/uploads\/2019\/01\/petit-ours-blanc-2.jpg?resize=150%2C150 150w, https:\/\/i0.wp.com\/www.jojoenherbe.com\/wp-content\/uploads\/2019\/01\/petit-ours-blanc-2.jpg?zoom=2&amp;resize=150%2C150 300w, https:\/\/i0.wp.com\/www.jojoenherbe.com\/wp-content\/uploads\/2019\/01\/petit-ours-blanc-2.jpg?zoom=3&amp;resize=150%2C150 450w\" sizes=\"auto, (max-width: 150px) 100vw, 150px\" \/><\/a>Petit moment de tendresse avec la lecture de <span style=\"text-decoration: underline;\">Petit ours blanc<\/span> de Piers Harper (\u00e9d. Gr\u00fcnd, 2004), un livre \u00e0 caresser. C&rsquo;est une histoire de partage et d&rsquo;amour entre un ourson et sa m\u00e8re. Pour redonner le sourire \u00e0 sa m\u00e8re, il d\u00e9cide de lui faire un cadeau tr\u00e8s sp\u00e9cial aid\u00e9 de ses amis. <\/em><em>Mais sa m\u00e8re a \u00e9galement une surprise pour lui et ses amis. Les th\u00e8mes abord\u00e9s sont aussi doux que les animaux \u00e0 toucher au fil des pages. Il est question d&rsquo;amour filial\/maternel et d&rsquo;amiti\u00e9. Un tr\u00e8s bon moment de lecture avec cet album jeunesse \u00e0 partir de 2\/3 ans!<br \/>\n<\/em><\/p>\n<p style=\"text-align: justify;\"><em><a href=\"https:\/\/i0.wp.com\/www.jojoenherbe.com\/wp-content\/uploads\/2019\/01\/petit-ours-blanc.jpg\"><img data-recalc-dims=\"1\" loading=\"lazy\" decoding=\"async\" data-attachment-id=\"4291\" data-permalink=\"http:\/\/www.jojoenherbe.com\/index.php\/2019\/01\/10\/au-fil-des-pages-de-petit-ours-blanc\/petit-ours-blanc\/\" data-orig-file=\"https:\/\/i0.wp.com\/www.jojoenherbe.com\/wp-content\/uploads\/2019\/01\/petit-ours-blanc.jpg?fit=3040%2C2007\" data-orig-size=\"3040,2007\" data-comments-opened=\"1\" data-image-meta=\"{&quot;aperture&quot;:&quot;2.4&quot;,&quot;credit&quot;:&quot;&quot;,&quot;camera&quot;:&quot;iPhone 4S&quot;,&quot;caption&quot;:&quot;&quot;,&quot;created_timestamp&quot;:&quot;1547028802&quot;,&quot;copyright&quot;:&quot;&quot;,&quot;focal_length&quot;:&quot;4.28&quot;,&quot;iso&quot;:&quot;50&quot;,&quot;shutter_speed&quot;:&quot;0.025&quot;,&quot;title&quot;:&quot;&quot;,&quot;orientation&quot;:&quot;1&quot;}\" data-image-title=\"petit ours blanc\" data-image-description=\"\" data-image-caption=\"\" data-large-file=\"https:\/\/i0.wp.com\/www.jojoenherbe.com\/wp-content\/uploads\/2019\/01\/petit-ours-blanc.jpg?fit=676%2C446\" class=\"size-thumbnail wp-image-4291 alignright\" src=\"https:\/\/i0.wp.com\/www.jojoenherbe.com\/wp-content\/uploads\/2019\/01\/petit-ours-blanc.jpg?resize=150%2C150\" alt=\"\" width=\"150\" height=\"150\" srcset=\"https:\/\/i0.wp.com\/www.jojoenherbe.com\/wp-content\/uploads\/2019\/01\/petit-ours-blanc.jpg?resize=150%2C150 150w, https:\/\/i0.wp.com\/www.jojoenherbe.com\/wp-content\/uploads\/2019\/01\/petit-ours-blanc.jpg?zoom=2&amp;resize=150%2C150 300w, https:\/\/i0.wp.com\/www.jojoenherbe.com\/wp-content\/uploads\/2019\/01\/petit-ours-blanc.jpg?zoom=3&amp;resize=150%2C150 450w\" sizes=\"auto, (max-width: 150px) 100vw, 150px\" \/><\/a><a href=\"https:\/\/i0.wp.com\/www.jojoenherbe.com\/wp-content\/uploads\/2019\/01\/Petit-ours-blanc-4.jpg\"><img data-recalc-dims=\"1\" loading=\"lazy\" decoding=\"async\" data-attachment-id=\"7525\" data-permalink=\"http:\/\/www.jojoenherbe.com\/index.php\/2019\/01\/10\/au-fil-des-pages-de-petit-ours-blanc\/petit-ours-blanc-4-2\/\" data-orig-file=\"https:\/\/i0.wp.com\/www.jojoenherbe.com\/wp-content\/uploads\/2019\/01\/Petit-ours-blanc-4.jpg?fit=3244%2C2017\" data-orig-size=\"3244,2017\" data-comments-opened=\"1\" data-image-meta=\"{&quot;aperture&quot;:&quot;2.4&quot;,&quot;credit&quot;:&quot;&quot;,&quot;camera&quot;:&quot;iPhone 4S&quot;,&quot;caption&quot;:&quot;&quot;,&quot;created_timestamp&quot;:&quot;1568727978&quot;,&quot;copyright&quot;:&quot;&quot;,&quot;focal_length&quot;:&quot;4.28&quot;,&quot;iso&quot;:&quot;400&quot;,&quot;shutter_speed&quot;:&quot;0.058823529411765&quot;,&quot;title&quot;:&quot;&quot;,&quot;orientation&quot;:&quot;1&quot;}\" data-image-title=\"Petit ours blanc 4\" data-image-description=\"\" data-image-caption=\"\" data-large-file=\"https:\/\/i0.wp.com\/www.jojoenherbe.com\/wp-content\/uploads\/2019\/01\/Petit-ours-blanc-4.jpg?fit=676%2C421\" class=\"size-thumbnail wp-image-7525 alignright\" src=\"https:\/\/i0.wp.com\/www.jojoenherbe.com\/wp-content\/uploads\/2019\/01\/Petit-ours-blanc-4.jpg?resize=150%2C150\" alt=\"\" width=\"150\" height=\"150\" srcset=\"https:\/\/i0.wp.com\/www.jojoenherbe.com\/wp-content\/uploads\/2019\/01\/Petit-ours-blanc-4.jpg?resize=150%2C150 150w, https:\/\/i0.wp.com\/www.jojoenherbe.com\/wp-content\/uploads\/2019\/01\/Petit-ours-blanc-4.jpg?zoom=2&amp;resize=150%2C150 300w, https:\/\/i0.wp.com\/www.jojoenherbe.com\/wp-content\/uploads\/2019\/01\/Petit-ours-blanc-4.jpg?zoom=3&amp;resize=150%2C150 450w\" sizes=\"auto, (max-width: 150px) 100vw, 150px\" \/><\/a>Apr\u00e8s la lecture, nous prolongeons l&rsquo;histoire en faisant un collage avec Petit ours blanc sur une feuille bleue cartonn\u00e9e. Nous collons tout autour des gommettes de flocons de neige.<\/em><\/p>\n","protected":false},"excerpt":{"rendered":"<p>Petit moment de tendresse avec la lecture de Petit ours blanc de Piers Harper (\u00e9d. Gr\u00fcnd, 2004), un livre \u00e0 caresser. C&rsquo;est une histoire de partage et d&rsquo;amour entre un ourson et sa m\u00e8re. Pour redonner le sourire \u00e0 sa m\u00e8re, il d\u00e9cide de lui faire un cadeau tr\u00e8s sp\u00e9cial aid\u00e9 de ses amis. Mais [&hellip;]<\/p>\n","protected":false},"author":1,"featured_media":4290,"comment_status":"open","ping_status":"open","sticky":false,"template":"","format":"standard","meta":{"jetpack_post_was_ever_published":false,"_jetpack_newsletter_access":"","_jetpack_dont_email_post_to_subs":false,"_jetpack_newsletter_tier_id":0,"_jetpack_memberships_contains_paywalled_content":false,"_jetpack_memberships_contains_paid_content":false,"footnotes":""},"categories":[363],"tags":[787,409,386,812,623,749,365,367,1016,1037,366,823,2203,2204],"class_list":["post-4284","post","type-post","status-publish","format-standard","has-post-thumbnail","hentry","category-mini-lecteur","tag-2-5-ans","tag-albums-jeunesse","tag-amitie","tag-amour-filial","tag-amour-maternel","tag-exploitation-pedagogique","tag-hiver","tag-lecture-jeunesse","tag-lectures-dhiver","tag-livres-a-toucher","tag-ours","tag-ours-blanc","tag-piers-harper","tag-surprise","post-preview"],"jetpack_featured_media_url":"https:\/\/i0.wp.com\/www.jojoenherbe.com\/wp-content\/uploads\/2019\/01\/petit-ours-blanc-4.jpg?fit=2173%2C1981","jetpack_sharing_enabled":true,"jetpack_shortlink":"https:\/\/wp.me\/p9zhGx-176","jetpack_likes_enabled":true,"jetpack-related-posts":[{"id":9587,"url":"http:\/\/www.jojoenherbe.com\/index.php\/2020\/01\/14\/au-fil-des-pages-avec-quand\/","url_meta":{"origin":4284,"position":0},"title":"Au fil des pages avec Quand&#8230;","author":"Jojo","date":"14 janvier 2020","format":false,"excerpt":"Nous empruntons \u00e0 la biblioth\u00e8que Quand... d'Emma Dodd (\u00e9d. Albin Michel Jeunesse, 2007), un album jeunesse pour les tout-petits. Comme indiqu\u00e9 sur la quatri\u00e8me de couverture, c'est l'histoire d'un petit ours qui partage avec sa m\u00e8re ses r\u00eaves d'avenir. Il s'imagine quand il sera grand. Que de tendresse et de\u2026","rel":"","context":"Dans &quot;Mini lecteur&quot;","block_context":{"text":"Mini lecteur","link":"http:\/\/www.jojoenherbe.com\/index.php\/category\/mini-lecteur\/"},"img":{"alt_text":"","src":"https:\/\/i0.wp.com\/www.jojoenherbe.com\/wp-content\/uploads\/2020\/01\/Quand...-scaled.jpg?fit=1200%2C779&resize=350%2C200","width":350,"height":200,"srcset":"https:\/\/i0.wp.com\/www.jojoenherbe.com\/wp-content\/uploads\/2020\/01\/Quand...-scaled.jpg?fit=1200%2C779&resize=350%2C200 1x, https:\/\/i0.wp.com\/www.jojoenherbe.com\/wp-content\/uploads\/2020\/01\/Quand...-scaled.jpg?fit=1200%2C779&resize=525%2C300 1.5x, https:\/\/i0.wp.com\/www.jojoenherbe.com\/wp-content\/uploads\/2020\/01\/Quand...-scaled.jpg?fit=1200%2C779&resize=700%2C400 2x, https:\/\/i0.wp.com\/www.jojoenherbe.com\/wp-content\/uploads\/2020\/01\/Quand...-scaled.jpg?fit=1200%2C779&resize=1050%2C600 3x"},"classes":[]},{"id":9932,"url":"http:\/\/www.jojoenherbe.com\/index.php\/2020\/02\/15\/au-fil-des-pages-avec-le-renard-blanc\/","url_meta":{"origin":4284,"position":1},"title":"Au fil des pages avec Le renard blanc","author":"Jojo","date":"15 f\u00e9vrier 2020","format":false,"excerpt":"Pour continuer dans nos lectures d'hiver, nous empruntons \u00e0 la m\u00e9diath\u00e8que Le renard blanc de Timoth\u00e9e Le V\u00e9el (\u00e9d. Kal\u00e9idoscope, 2018), un album jeunesse \u00e0 partir de 3 ans aux tr\u00e8s jolies pages de garde crayonn\u00e9es et que nous avons eu ensuite dans un abonnement-livres de l\u2019\u00c9cole des Loisirs. Au\u2026","rel":"","context":"Dans &quot;Mini lecteur&quot;","block_context":{"text":"Mini lecteur","link":"http:\/\/www.jojoenherbe.com\/index.php\/category\/mini-lecteur\/"},"img":{"alt_text":"","src":"https:\/\/i0.wp.com\/www.jojoenherbe.com\/wp-content\/uploads\/2020\/02\/Le-renard-blanc-1-scaled.jpg?fit=1200%2C900&resize=350%2C200","width":350,"height":200,"srcset":"https:\/\/i0.wp.com\/www.jojoenherbe.com\/wp-content\/uploads\/2020\/02\/Le-renard-blanc-1-scaled.jpg?fit=1200%2C900&resize=350%2C200 1x, https:\/\/i0.wp.com\/www.jojoenherbe.com\/wp-content\/uploads\/2020\/02\/Le-renard-blanc-1-scaled.jpg?fit=1200%2C900&resize=525%2C300 1.5x, https:\/\/i0.wp.com\/www.jojoenherbe.com\/wp-content\/uploads\/2020\/02\/Le-renard-blanc-1-scaled.jpg?fit=1200%2C900&resize=700%2C400 2x, https:\/\/i0.wp.com\/www.jojoenherbe.com\/wp-content\/uploads\/2020\/02\/Le-renard-blanc-1-scaled.jpg?fit=1200%2C900&resize=1050%2C600 3x"},"classes":[]},{"id":6222,"url":"http:\/\/www.jojoenherbe.com\/index.php\/2019\/06\/05\/au-fil-des-pages-avec-le-grand-livre-de-petit-ours\/","url_meta":{"origin":4284,"position":2},"title":"Au fil des pages avec Le Grand Livre de Petit Ours","author":"Jojo","date":"5 juin 2019","format":false,"excerpt":"Nous lisons Le Grand Livre de Petit Ours de John Prater (\u00e9d. Les Livres du Dragon d'Or, 2002), un album jeunesse emprunt\u00e9 \u00e0 la biblioth\u00e8que qui regroupe plusieurs histoires ou plut\u00f4t des comptines, po\u00e8mes et petites sc\u00e9nettes de la petite enfance. Nous suivons Petit Ours avec son p\u00e8re, Grand Ours\u2026","rel":"","context":"Dans &quot;Mini lecteur&quot;","block_context":{"text":"Mini lecteur","link":"http:\/\/www.jojoenherbe.com\/index.php\/category\/mini-lecteur\/"},"img":{"alt_text":"","src":"https:\/\/i0.wp.com\/www.jojoenherbe.com\/wp-content\/uploads\/2019\/06\/Le-grand-livre-de-petit-ours.jpg?fit=1200%2C1176&resize=350%2C200","width":350,"height":200,"srcset":"https:\/\/i0.wp.com\/www.jojoenherbe.com\/wp-content\/uploads\/2019\/06\/Le-grand-livre-de-petit-ours.jpg?fit=1200%2C1176&resize=350%2C200 1x, https:\/\/i0.wp.com\/www.jojoenherbe.com\/wp-content\/uploads\/2019\/06\/Le-grand-livre-de-petit-ours.jpg?fit=1200%2C1176&resize=525%2C300 1.5x, https:\/\/i0.wp.com\/www.jojoenherbe.com\/wp-content\/uploads\/2019\/06\/Le-grand-livre-de-petit-ours.jpg?fit=1200%2C1176&resize=700%2C400 2x, https:\/\/i0.wp.com\/www.jojoenherbe.com\/wp-content\/uploads\/2019\/06\/Le-grand-livre-de-petit-ours.jpg?fit=1200%2C1176&resize=1050%2C600 3x"},"classes":[]},{"id":23126,"url":"http:\/\/www.jojoenherbe.com\/index.php\/2022\/01\/02\/au-fil-des-pages-avec-fais-un-voeu-petit-ours\/","url_meta":{"origin":4284,"position":3},"title":"Au fil des pages avec Fais un v\u0153u Petit Ours","author":"Jojo","date":"2 janvier 2022","format":false,"excerpt":"En ce d\u00e9but d'ann\u00e9e 2022, voici une histoire que nous avions lue l'hiver dernier: Fais un v\u0153u Petit Ours de Greg Foley (\u00e9d. Circonflexe, 2013), un album jeunesse \u00e0 partir de 2 ans. Un soir d'hiver enneig\u00e9, Petit Ours fait un v\u0153u apr\u00e8s avoir vu une belle \u00e9toile \u00e9tincelante dans\u2026","rel":"","context":"Dans &quot;Mini lecteur&quot;","block_context":{"text":"Mini lecteur","link":"http:\/\/www.jojoenherbe.com\/index.php\/category\/mini-lecteur\/"},"img":{"alt_text":"","src":"https:\/\/i0.wp.com\/www.jojoenherbe.com\/wp-content\/uploads\/2022\/01\/Fais-un-voeu-Petit-Ours-scaled.jpg?fit=1200%2C881&resize=350%2C200","width":350,"height":200,"srcset":"https:\/\/i0.wp.com\/www.jojoenherbe.com\/wp-content\/uploads\/2022\/01\/Fais-un-voeu-Petit-Ours-scaled.jpg?fit=1200%2C881&resize=350%2C200 1x, https:\/\/i0.wp.com\/www.jojoenherbe.com\/wp-content\/uploads\/2022\/01\/Fais-un-voeu-Petit-Ours-scaled.jpg?fit=1200%2C881&resize=525%2C300 1.5x, https:\/\/i0.wp.com\/www.jojoenherbe.com\/wp-content\/uploads\/2022\/01\/Fais-un-voeu-Petit-Ours-scaled.jpg?fit=1200%2C881&resize=700%2C400 2x, https:\/\/i0.wp.com\/www.jojoenherbe.com\/wp-content\/uploads\/2022\/01\/Fais-un-voeu-Petit-Ours-scaled.jpg?fit=1200%2C881&resize=1050%2C600 3x"},"classes":[]},{"id":15353,"url":"http:\/\/www.jojoenherbe.com\/index.php\/2021\/02\/03\/au-fil-des-pages-avec-maman-ours\/","url_meta":{"origin":4284,"position":4},"title":"Au fil des pages avec Maman Ours","author":"Jojo","date":"3 f\u00e9vrier 2021","format":false,"excerpt":"Nous empruntons, \u00e0 nouveau, \u00e0 la m\u00e9diath\u00e8que Maman Ours de Ryan T. Higgins (\u00e9d. Albin Michel Jeunesse, 2016), un album jeunesse \u00e0 partir de 3 ans et je me rends compte que je n'avais pas encore pris le temps de le chroniquer sur le blog. Marcel est un ours solitaire\u2026","rel":"","context":"Dans &quot;Mini lecteur&quot;","block_context":{"text":"Mini lecteur","link":"http:\/\/www.jojoenherbe.com\/index.php\/category\/mini-lecteur\/"},"img":{"alt_text":"","src":"https:\/\/i0.wp.com\/www.jojoenherbe.com\/wp-content\/uploads\/2021\/01\/Maman-Ours-2-scaled.jpg?fit=1200%2C785&resize=350%2C200","width":350,"height":200,"srcset":"https:\/\/i0.wp.com\/www.jojoenherbe.com\/wp-content\/uploads\/2021\/01\/Maman-Ours-2-scaled.jpg?fit=1200%2C785&resize=350%2C200 1x, https:\/\/i0.wp.com\/www.jojoenherbe.com\/wp-content\/uploads\/2021\/01\/Maman-Ours-2-scaled.jpg?fit=1200%2C785&resize=525%2C300 1.5x, https:\/\/i0.wp.com\/www.jojoenherbe.com\/wp-content\/uploads\/2021\/01\/Maman-Ours-2-scaled.jpg?fit=1200%2C785&resize=700%2C400 2x, https:\/\/i0.wp.com\/www.jojoenherbe.com\/wp-content\/uploads\/2021\/01\/Maman-Ours-2-scaled.jpg?fit=1200%2C785&resize=1050%2C600 3x"},"classes":[]},{"id":13591,"url":"http:\/\/www.jojoenherbe.com\/index.php\/2021\/01\/24\/au-fil-des-pages-avec-super-potes\/","url_meta":{"origin":4284,"position":5},"title":"Au fil des pages avec Super potes","author":"Jojo","date":"24 janvier 2021","format":false,"excerpt":"Nous lisons Super potes de Smriti Halls et Steve Small (\u00e9d. Sarbacane, 2020), un album jeunesse \u00e0 partir de 3 ans. \u00c9cureuil et Ours sont super potes. Mais vont-ils rester amis pour la vie? En effet, \u00c9cureuil supporte de moins en moins d'avoir toujours dans les pattes Ours. Le jour\u2026","rel":"","context":"Dans &quot;Mini lecteur&quot;","block_context":{"text":"Mini lecteur","link":"http:\/\/www.jojoenherbe.com\/index.php\/category\/mini-lecteur\/"},"img":{"alt_text":"","src":"https:\/\/i0.wp.com\/www.jojoenherbe.com\/wp-content\/uploads\/2021\/01\/Super-potes-scaled.jpg?fit=1200%2C900&resize=350%2C200","width":350,"height":200,"srcset":"https:\/\/i0.wp.com\/www.jojoenherbe.com\/wp-content\/uploads\/2021\/01\/Super-potes-scaled.jpg?fit=1200%2C900&resize=350%2C200 1x, https:\/\/i0.wp.com\/www.jojoenherbe.com\/wp-content\/uploads\/2021\/01\/Super-potes-scaled.jpg?fit=1200%2C900&resize=525%2C300 1.5x, https:\/\/i0.wp.com\/www.jojoenherbe.com\/wp-content\/uploads\/2021\/01\/Super-potes-scaled.jpg?fit=1200%2C900&resize=700%2C400 2x, https:\/\/i0.wp.com\/www.jojoenherbe.com\/wp-content\/uploads\/2021\/01\/Super-potes-scaled.jpg?fit=1200%2C900&resize=1050%2C600 3x"},"classes":[]}],"_links":{"self":[{"href":"http:\/\/www.jojoenherbe.com\/index.php\/wp-json\/wp\/v2\/posts\/4284","targetHints":{"allow":["GET"]}}],"collection":[{"href":"http:\/\/www.jojoenherbe.com\/index.php\/wp-json\/wp\/v2\/posts"}],"about":[{"href":"http:\/\/www.jojoenherbe.com\/index.php\/wp-json\/wp\/v2\/types\/post"}],"author":[{"embeddable":true,"href":"http:\/\/www.jojoenherbe.com\/index.php\/wp-json\/wp\/v2\/users\/1"}],"replies":[{"embeddable":true,"href":"http:\/\/www.jojoenherbe.com\/index.php\/wp-json\/wp\/v2\/comments?post=4284"}],"version-history":[{"count":0,"href":"http:\/\/www.jojoenherbe.com\/index.php\/wp-json\/wp\/v2\/posts\/4284\/revisions"}],"wp:featuredmedia":[{"embeddable":true,"href":"http:\/\/www.jojoenherbe.com\/index.php\/wp-json\/wp\/v2\/media\/4290"}],"wp:attachment":[{"href":"http:\/\/www.jojoenherbe.com\/index.php\/wp-json\/wp\/v2\/media?parent=4284"}],"wp:term":[{"taxonomy":"category","embeddable":true,"href":"http:\/\/www.jojoenherbe.com\/index.php\/wp-json\/wp\/v2\/categories?post=4284"},{"taxonomy":"post_tag","embeddable":true,"href":"http:\/\/www.jojoenherbe.com\/index.php\/wp-json\/wp\/v2\/tags?post=4284"}],"curies":[{"name":"wp","href":"https:\/\/api.w.org\/{rel}","templated":true}]}}