{"id":42524,"date":"2026-01-29T18:47:12","date_gmt":"2026-01-29T17:47:12","guid":{"rendered":"https:\/\/www.jojoenherbe.com\/?p=42524"},"modified":"2026-01-31T10:32:26","modified_gmt":"2026-01-31T09:32:26","slug":"throwback-thursday-livresque-trope-mariage-arrange","status":"publish","type":"post","link":"http:\/\/www.jojoenherbe.com\/index.php\/2026\/01\/29\/throwback-thursday-livresque-trope-mariage-arrange\/","title":{"rendered":"Throwback Thursday Livresque: Trope mariage arrang\u00e9"},"content":{"rendered":"<div id=\"attachment_32593\" style=\"width: 196px\" class=\"wp-caption alignleft\"><img data-recalc-dims=\"1\" loading=\"lazy\" decoding=\"async\" aria-describedby=\"caption-attachment-32593\" data-attachment-id=\"32593\" data-permalink=\"http:\/\/www.jojoenherbe.com\/index.php\/2023\/10\/12\/throwback-thursday-livresque-voyage-dans-le-temps\/ttl-logo\/\" data-orig-file=\"https:\/\/i0.wp.com\/www.jojoenherbe.com\/wp-content\/uploads\/2023\/10\/TTL-logo.jpg?fit=540%2C174\" data-orig-size=\"540,174\" data-comments-opened=\"1\" data-image-meta=\"{&quot;aperture&quot;:&quot;0&quot;,&quot;credit&quot;:&quot;&quot;,&quot;camera&quot;:&quot;&quot;,&quot;caption&quot;:&quot;&quot;,&quot;created_timestamp&quot;:&quot;0&quot;,&quot;copyright&quot;:&quot;&quot;,&quot;focal_length&quot;:&quot;0&quot;,&quot;iso&quot;:&quot;0&quot;,&quot;shutter_speed&quot;:&quot;0&quot;,&quot;title&quot;:&quot;&quot;,&quot;orientation&quot;:&quot;0&quot;}\" data-image-title=\"TTL logo\" data-image-description=\"\" data-image-caption=\"\" data-large-file=\"https:\/\/i0.wp.com\/www.jojoenherbe.com\/wp-content\/uploads\/2023\/10\/TTL-logo.jpg?fit=540%2C174\" class=\"wp-image-32593\" src=\"https:\/\/i0.wp.com\/www.jojoenherbe.com\/wp-content\/uploads\/2023\/10\/TTL-logo.jpg?resize=186%2C60\" alt=\"\" width=\"186\" height=\"60\" srcset=\"https:\/\/i0.wp.com\/www.jojoenherbe.com\/wp-content\/uploads\/2023\/10\/TTL-logo.jpg?w=540 540w, https:\/\/i0.wp.com\/www.jojoenherbe.com\/wp-content\/uploads\/2023\/10\/TTL-logo.jpg?resize=300%2C97 300w\" sizes=\"auto, (max-width: 186px) 100vw, 186px\" \/><p id=\"caption-attachment-32593\" class=\"wp-caption-text\">TTL n\u00b0350 chez <a href=\"https:\/\/my-bo0ks.over-blog.com\/2026\/01\/throwback-thursday-livresque-n-350.html\">Carole<\/a> #Trope Mariage arrang\u00e9<\/p><\/div>\n<p style=\"text-align: justify;\"><em>Ce jeudi 29 janvier 2026, je participe au Throwback Thursday Livresque, un rendez-vous livresque initialement chez Bettie Rose Books et repris depuis par Carole, les liens \u00e9tant \u00e0 d\u00e9poser chez <a href=\"https:\/\/my-bo0ks.over-blog.com\/\">My-Bo0ks<\/a>. Le principe est de partager chaque jeudi un livre \u00ab\u00a0ancien\u00a0\u00bb de notre biblioth\u00e8que en fonction d\u2019un th\u00e8me donn\u00e9. Cette semaine, le th\u00e8me est \u00ab Trope mariage arrang\u00e9 \u00bb.<\/em><\/p>\n<p style=\"text-align: justify;\"><em>Avec un tel th\u00e8me et comme je l&rsquo;indiquais d\u00e9j\u00e0 la semaine derni\u00e8re, il y a de quoi avoir le choix, que ce soit du c\u00f4t\u00e9 des romances historiques ou des romantasy, m\u00eame s&rsquo;il est vrai que souvent c&rsquo;est le personnage f\u00e9minin qui tente de fuir au d\u00e9part un mariage plus qu&rsquo;arrang\u00e9 mais forc\u00e9 ou le personnage masculin qui se convainc de faire passer son devoir (et le retour de fortune de la dot) avant l&rsquo;amour dans un mariage de convenance. Alors voici ma s\u00e9lection pour cette semaine:\u00a0<\/em><\/p>\n<ul>\n<li style=\"text-align: justify;\"><a href=\"https:\/\/i0.wp.com\/www.jojoenherbe.com\/wp-content\/uploads\/2026\/01\/Le-Pont-des-Tempetes-T1.jpg\"><img data-recalc-dims=\"1\" loading=\"lazy\" decoding=\"async\" data-attachment-id=\"42525\" data-permalink=\"http:\/\/www.jojoenherbe.com\/index.php\/2026\/01\/29\/throwback-thursday-livresque-trope-mariage-arrange\/screenshot-384\/\" data-orig-file=\"https:\/\/i0.wp.com\/www.jojoenherbe.com\/wp-content\/uploads\/2026\/01\/Le-Pont-des-Tempetes-T1.jpg?fit=749%2C1221\" data-orig-size=\"749,1221\" data-comments-opened=\"1\" data-image-meta=\"{&quot;aperture&quot;:&quot;0&quot;,&quot;credit&quot;:&quot;&quot;,&quot;camera&quot;:&quot;&quot;,&quot;caption&quot;:&quot;Screenshot&quot;,&quot;created_timestamp&quot;:&quot;0&quot;,&quot;copyright&quot;:&quot;&quot;,&quot;focal_length&quot;:&quot;0&quot;,&quot;iso&quot;:&quot;0&quot;,&quot;shutter_speed&quot;:&quot;0&quot;,&quot;title&quot;:&quot;Screenshot&quot;,&quot;orientation&quot;:&quot;1&quot;}\" data-image-title=\"\" data-image-description=\"\" data-image-caption=\"\" data-large-file=\"https:\/\/i0.wp.com\/www.jojoenherbe.com\/wp-content\/uploads\/2026\/01\/Le-Pont-des-Tempetes-T1.jpg?fit=628%2C1024\" class=\"size-thumbnail wp-image-42525 alignright\" src=\"https:\/\/i0.wp.com\/www.jojoenherbe.com\/wp-content\/uploads\/2026\/01\/Le-Pont-des-Tempetes-T1.jpg?resize=150%2C150\" alt=\"\" width=\"150\" height=\"150\" srcset=\"https:\/\/i0.wp.com\/www.jojoenherbe.com\/wp-content\/uploads\/2026\/01\/Le-Pont-des-Tempetes-T1.jpg?resize=150%2C150 150w, https:\/\/i0.wp.com\/www.jojoenherbe.com\/wp-content\/uploads\/2026\/01\/Le-Pont-des-Tempetes-T1.jpg?zoom=2&amp;resize=150%2C150 300w, https:\/\/i0.wp.com\/www.jojoenherbe.com\/wp-content\/uploads\/2026\/01\/Le-Pont-des-Tempetes-T1.jpg?zoom=3&amp;resize=150%2C150 450w\" sizes=\"auto, (max-width: 150px) 100vw, 150px\" \/><\/a>le <em>tome 1 du <span style=\"color: #0000ff;\"><span style=\"text-decoration: underline;\">Pont des Temp\u00eate<\/span>s<\/span> de Danielle L. Jensen (\u00e9d. Bragelonne, coll. Fantasy, mars 2023, 442 pages), une <a href=\"https:\/\/www.jojoenherbe.com\/index.php\/2024\/06\/05\/au-fil-des-pages-avec-le-tome-1-du-pont-des-tempetes\/\">romantasy<\/a> avec le mariage arrang\u00e9 dans le cadre d&rsquo;un Trait\u00e9 de paix entre <span style=\"color: #0000ff;\">Lara Veliant<\/span>, fille du <span class=\"a-text-bold\">roi de Maridrina <\/span>et <span style=\"color: #0000ff;\">Aren Kertell<\/span>, roi d\u2019<span class=\"cr-widget-FocalReviews\" data-hook=\"cr-widget-FocalReviews\"><span class=\"a-size-base review-text\" data-hook=\"review-body\">Ithicana, la jeune femme ayant \u00e9t\u00e9 \u00e9lev\u00e9e dans le seul but de le tuer<\/span><\/span><\/em><\/li>\n<li style=\"text-align: justify;\"><em><a href=\"https:\/\/i0.wp.com\/www.jojoenherbe.com\/wp-content\/uploads\/2026\/01\/Les-Maclean-T1.jpg\"><img data-recalc-dims=\"1\" loading=\"lazy\" decoding=\"async\" data-attachment-id=\"42526\" data-permalink=\"http:\/\/www.jojoenherbe.com\/index.php\/2026\/01\/29\/throwback-thursday-livresque-trope-mariage-arrange\/screenshot-385\/\" data-orig-file=\"https:\/\/i0.wp.com\/www.jojoenherbe.com\/wp-content\/uploads\/2026\/01\/Les-Maclean-T1.jpg?fit=750%2C1160\" data-orig-size=\"750,1160\" data-comments-opened=\"1\" data-image-meta=\"{&quot;aperture&quot;:&quot;0&quot;,&quot;credit&quot;:&quot;&quot;,&quot;camera&quot;:&quot;&quot;,&quot;caption&quot;:&quot;Screenshot&quot;,&quot;created_timestamp&quot;:&quot;0&quot;,&quot;copyright&quot;:&quot;&quot;,&quot;focal_length&quot;:&quot;0&quot;,&quot;iso&quot;:&quot;0&quot;,&quot;shutter_speed&quot;:&quot;0&quot;,&quot;title&quot;:&quot;Screenshot&quot;,&quot;orientation&quot;:&quot;1&quot;}\" data-image-title=\"\" data-image-description=\"\" data-image-caption=\"\" data-large-file=\"https:\/\/i0.wp.com\/www.jojoenherbe.com\/wp-content\/uploads\/2026\/01\/Les-Maclean-T1.jpg?fit=662%2C1024\" class=\"alignleft size-thumbnail wp-image-42526\" src=\"https:\/\/i0.wp.com\/www.jojoenherbe.com\/wp-content\/uploads\/2026\/01\/Les-Maclean-T1.jpg?resize=150%2C150\" alt=\"\" width=\"150\" height=\"150\" srcset=\"https:\/\/i0.wp.com\/www.jojoenherbe.com\/wp-content\/uploads\/2026\/01\/Les-Maclean-T1.jpg?resize=150%2C150 150w, https:\/\/i0.wp.com\/www.jojoenherbe.com\/wp-content\/uploads\/2026\/01\/Les-Maclean-T1.jpg?zoom=2&amp;resize=150%2C150 300w, https:\/\/i0.wp.com\/www.jojoenherbe.com\/wp-content\/uploads\/2026\/01\/Les-Maclean-T1.jpg?zoom=3&amp;resize=150%2C150 450w\" sizes=\"auto, (max-width: 150px) 100vw, 150px\" \/><\/a><\/em><em>le tome 1 des Maclean, <span style=\"text-decoration: underline; color: #0000ff;\">Un c\u0153ur en \u00c9cosse<\/span> de Liv Fox (\u00e9d. Auto\u00e9dition, juillet 2022, 405 pages), une romance historique se d\u00e9roulant en \u00c9cosse en 1820 avec le mariage arrang\u00e9 entre <span style=\"color: #0000ff;\">Charlene Brighton<\/span>, une Anglaise timide et un jeune laird \u00e9cossais, Neil Maclean<\/em><\/li>\n<li style=\"text-align: justify;\"><em><a href=\"https:\/\/i0.wp.com\/www.jojoenherbe.com\/wp-content\/uploads\/2026\/01\/La-ronde-des-saisons-T3.jpg\"><img data-recalc-dims=\"1\" loading=\"lazy\" decoding=\"async\" data-attachment-id=\"42530\" data-permalink=\"http:\/\/www.jojoenherbe.com\/index.php\/2026\/01\/29\/throwback-thursday-livresque-trope-mariage-arrange\/screenshot-387\/\" data-orig-file=\"https:\/\/i0.wp.com\/www.jojoenherbe.com\/wp-content\/uploads\/2026\/01\/La-ronde-des-saisons-T3.jpg?fit=750%2C1211\" data-orig-size=\"750,1211\" data-comments-opened=\"1\" data-image-meta=\"{&quot;aperture&quot;:&quot;0&quot;,&quot;credit&quot;:&quot;&quot;,&quot;camera&quot;:&quot;&quot;,&quot;caption&quot;:&quot;Screenshot&quot;,&quot;created_timestamp&quot;:&quot;0&quot;,&quot;copyright&quot;:&quot;&quot;,&quot;focal_length&quot;:&quot;0&quot;,&quot;iso&quot;:&quot;0&quot;,&quot;shutter_speed&quot;:&quot;0&quot;,&quot;title&quot;:&quot;Screenshot&quot;,&quot;orientation&quot;:&quot;1&quot;}\" data-image-title=\"\" data-image-description=\"\" data-image-caption=\"\" data-large-file=\"https:\/\/i0.wp.com\/www.jojoenherbe.com\/wp-content\/uploads\/2026\/01\/La-ronde-des-saisons-T3.jpg?fit=634%2C1024\" class=\"size-thumbnail wp-image-42530 alignright\" src=\"https:\/\/i0.wp.com\/www.jojoenherbe.com\/wp-content\/uploads\/2026\/01\/La-ronde-des-saisons-T3.jpg?resize=150%2C150\" alt=\"\" width=\"150\" height=\"150\" srcset=\"https:\/\/i0.wp.com\/www.jojoenherbe.com\/wp-content\/uploads\/2026\/01\/La-ronde-des-saisons-T3.jpg?resize=150%2C150 150w, https:\/\/i0.wp.com\/www.jojoenherbe.com\/wp-content\/uploads\/2026\/01\/La-ronde-des-saisons-T3.jpg?zoom=2&amp;resize=150%2C150 300w, https:\/\/i0.wp.com\/www.jojoenherbe.com\/wp-content\/uploads\/2026\/01\/La-ronde-des-saisons-T3.jpg?zoom=3&amp;resize=150%2C150 450w\" sizes=\"auto, (max-width: 150px) 100vw, 150px\" \/><\/a>le tome 3 de la <span style=\"text-decoration: underline;\">Ronde des Saisons<\/span>, <span style=\"text-decoration: underline; color: #0000ff;\">Un diable en hiver<\/span> de Lisa Kleypas (\u00e9d. J&rsquo;ai lu pour elle, coll. Aventures &amp; Passion, 2013, r\u00e9\u00e9d. juillet 2021, 384 pages), une romance historique avec <span style=\"color: #0000ff;\">Evangeline Jenner<\/span>, une jeune femme timide et b\u00e9gayante mais riche qui propose un mariage de convenance \u00e0 <span style=\"color: #0000ff;\">Sebastian, lord Saint-Vincent<\/span>, un d\u00e9bauch\u00e9 d\u00e9sargent\u00e9 afin d&rsquo;\u00e9chapper \u00e0 un mariage forc\u00e9<\/em><\/li>\n<li style=\"text-align: justify;\"><em><a href=\"https:\/\/i0.wp.com\/www.jojoenherbe.com\/wp-content\/uploads\/2026\/01\/Longhope-Abbey-T2.jpg\"><img data-recalc-dims=\"1\" loading=\"lazy\" decoding=\"async\" data-attachment-id=\"42556\" data-permalink=\"http:\/\/www.jojoenherbe.com\/index.php\/2026\/01\/29\/throwback-thursday-livresque-trope-mariage-arrange\/screenshot-388\/\" data-orig-file=\"https:\/\/i0.wp.com\/www.jojoenherbe.com\/wp-content\/uploads\/2026\/01\/Longhope-Abbey-T2.jpg?fit=750%2C1212\" data-orig-size=\"750,1212\" data-comments-opened=\"1\" data-image-meta=\"{&quot;aperture&quot;:&quot;0&quot;,&quot;credit&quot;:&quot;&quot;,&quot;camera&quot;:&quot;&quot;,&quot;caption&quot;:&quot;Screenshot&quot;,&quot;created_timestamp&quot;:&quot;0&quot;,&quot;copyright&quot;:&quot;&quot;,&quot;focal_length&quot;:&quot;0&quot;,&quot;iso&quot;:&quot;0&quot;,&quot;shutter_speed&quot;:&quot;0&quot;,&quot;title&quot;:&quot;Screenshot&quot;,&quot;orientation&quot;:&quot;1&quot;}\" data-image-title=\"\" data-image-description=\"\" data-image-caption=\"\" data-large-file=\"https:\/\/i0.wp.com\/www.jojoenherbe.com\/wp-content\/uploads\/2026\/01\/Longhope-Abbey-T2.jpg?fit=634%2C1024\" class=\"alignleft size-thumbnail wp-image-42556\" src=\"https:\/\/i0.wp.com\/www.jojoenherbe.com\/wp-content\/uploads\/2026\/01\/Longhope-Abbey-T2.jpg?resize=150%2C150\" alt=\"\" width=\"150\" height=\"150\" srcset=\"https:\/\/i0.wp.com\/www.jojoenherbe.com\/wp-content\/uploads\/2026\/01\/Longhope-Abbey-T2.jpg?resize=150%2C150 150w, https:\/\/i0.wp.com\/www.jojoenherbe.com\/wp-content\/uploads\/2026\/01\/Longhope-Abbey-T2.jpg?zoom=2&amp;resize=150%2C150 300w, https:\/\/i0.wp.com\/www.jojoenherbe.com\/wp-content\/uploads\/2026\/01\/Longhope-Abbey-T2.jpg?zoom=3&amp;resize=150%2C150 450w\" sizes=\"auto, (max-width: 150px) 100vw, 150px\" \/><\/a>le tome 2 de <span style=\"text-decoration: underline;\">Longhope Abbey<\/span>, <span style=\"text-decoration: underline; color: #0000ff;\">Les d\u00e9fis d&rsquo;Arabella<\/span> de Mia Vincy (\u00e9d. J&rsquo;ai lu pour elle, coll. Aventures &amp; Passion, novembre 2021, 371 pages), une romance historique entre <span style=\"color: #0000ff;\">Arabella<\/span> et <span style=\"color: #0000ff;\">Guy<\/span>, le marquis de Hardbury, de retour \u00e0 Londres apr\u00e8s huit ans d\u2019absence et qui met un terme \u00e0 l&rsquo;accord de mariage conclu par leurs parents respectifs lorsqu&rsquo;ils \u00e9taient enfants et contraignant la jeune femme \u00e0 accepter de se fiancer \u00e0 lord Sculthorpe<\/em><\/li>\n<\/ul>\n<p style=\"text-align: justify;\"><em><a href=\"https:\/\/i0.wp.com\/www.jojoenherbe.com\/wp-content\/uploads\/2026\/01\/Peau-dHomme.jpg\"><img data-recalc-dims=\"1\" loading=\"lazy\" decoding=\"async\" data-attachment-id=\"42527\" data-permalink=\"http:\/\/www.jojoenherbe.com\/index.php\/2026\/01\/29\/throwback-thursday-livresque-trope-mariage-arrange\/screenshot-386\/\" data-orig-file=\"https:\/\/i0.wp.com\/www.jojoenherbe.com\/wp-content\/uploads\/2026\/01\/Peau-dHomme.jpg?fit=748%2C1001\" data-orig-size=\"748,1001\" data-comments-opened=\"1\" data-image-meta=\"{&quot;aperture&quot;:&quot;0&quot;,&quot;credit&quot;:&quot;&quot;,&quot;camera&quot;:&quot;&quot;,&quot;caption&quot;:&quot;Screenshot&quot;,&quot;created_timestamp&quot;:&quot;0&quot;,&quot;copyright&quot;:&quot;&quot;,&quot;focal_length&quot;:&quot;0&quot;,&quot;iso&quot;:&quot;0&quot;,&quot;shutter_speed&quot;:&quot;0&quot;,&quot;title&quot;:&quot;Screenshot&quot;,&quot;orientation&quot;:&quot;1&quot;}\" data-image-title=\"\" data-image-description=\"\" data-image-caption=\"\" data-large-file=\"https:\/\/i0.wp.com\/www.jojoenherbe.com\/wp-content\/uploads\/2026\/01\/Peau-dHomme.jpg?fit=676%2C905\" class=\"size-thumbnail wp-image-42527 alignright\" src=\"https:\/\/i0.wp.com\/www.jojoenherbe.com\/wp-content\/uploads\/2026\/01\/Peau-dHomme.jpg?resize=150%2C150\" alt=\"\" width=\"150\" height=\"150\" srcset=\"https:\/\/i0.wp.com\/www.jojoenherbe.com\/wp-content\/uploads\/2026\/01\/Peau-dHomme.jpg?resize=150%2C150 150w, https:\/\/i0.wp.com\/www.jojoenherbe.com\/wp-content\/uploads\/2026\/01\/Peau-dHomme.jpg?zoom=2&amp;resize=150%2C150 300w, https:\/\/i0.wp.com\/www.jojoenherbe.com\/wp-content\/uploads\/2026\/01\/Peau-dHomme.jpg?zoom=3&amp;resize=150%2C150 450w\" sizes=\"auto, (max-width: 150px) 100vw, 150px\" \/><\/a>Je finirai toutefois cette s\u00e9lection avec des fian\u00e7ailles en vue d&rsquo;un mariage arrang\u00e9 avec\u00a0<span style=\"text-decoration: underline;\">Peau d&rsquo;Homme<\/span> d\u2019Hubert et Zanzim (\u00e9d. Gl\u00e9nat, 2020, 160 pages), un roman graphique se d\u00e9roulant dans l\u2019Italie de la Renaissance: <span style=\"color: #0000ff;\">Bianca<\/span>, une jeune femme de 18 ans de bonne famille, sur le point de se marier, d\u00e9couvre un secret de famille bien gard\u00e9 qui lui est r\u00e9v\u00e9l\u00e9 par sa marraine: une peau d\u2019homme qui lui permet en l\u2019enfilant de devenir un homme, Lorenzo et ainsi approcher son futur mari, <span style=\"color: #0000ff;\">Giovanni<\/span> pour mieux le conna\u00eetre<\/em><\/p>\n<p style=\"text-align: justify;\"><em>Et vous, quel livre auriez-vous choisi pour cette th\u00e9matique? La semaine prochaine, le th\u00e8me sera: \u00ab Une com\u00e9die romantique \u00bb.<\/em><\/p>\n","protected":false},"excerpt":{"rendered":"<p>Ce jeudi 29 janvier 2026, je participe au Throwback Thursday Livresque, un rendez-vous livresque initialement chez Bettie Rose Books et repris depuis par Carole, les liens \u00e9tant \u00e0 d\u00e9poser chez My-Bo0ks. Le principe est de partager chaque jeudi un livre \u00ab\u00a0ancien\u00a0\u00bb de notre biblioth\u00e8que en fonction d\u2019un th\u00e8me donn\u00e9. Cette semaine, le th\u00e8me est \u00ab [&hellip;]<\/p>\n","protected":false},"author":1,"featured_media":32593,"comment_status":"open","ping_status":"open","sticky":false,"template":"","format":"standard","meta":{"jetpack_post_was_ever_published":false,"_jetpack_newsletter_access":"","_jetpack_dont_email_post_to_subs":false,"_jetpack_newsletter_tier_id":0,"_jetpack_memberships_contains_paywalled_content":false,"_jetpack_memberships_contains_paid_content":false,"footnotes":""},"categories":[2140,873,363],"tags":[3663,2746,4858,3311,2751,3807,3209,3570,3868,2747],"class_list":["post-42524","post","type-post","status-publish","format-standard","has-post-thumbnail","hentry","category-mini-blogueur","category-mini-challenger","category-mini-lecteur","tag-danielle-l-jensen","tag-hubert","tag-lisa-kleypas","tag-liv-fox","tag-mariage-arrange","tag-mia-vincy","tag-romance-historique","tag-romantasy","tag-throwback-thursday-livresque","tag-zanzim","post-preview"],"jetpack_featured_media_url":"https:\/\/i0.wp.com\/www.jojoenherbe.com\/wp-content\/uploads\/2023\/10\/TTL-logo.jpg?fit=540%2C174","jetpack_sharing_enabled":true,"jetpack_shortlink":"https:\/\/wp.me\/p9zhGx-b3S","jetpack_likes_enabled":true,"jetpack-related-posts":[{"id":36734,"url":"http:\/\/www.jojoenherbe.com\/index.php\/2024\/07\/25\/throwback-thursday-livresque-romance-dans-un-pays-chaud\/","url_meta":{"origin":42524,"position":0},"title":"Throwback Thursday Livresque: Romance dans un pays chaud","author":"Jojo","date":"25 juillet 2024","format":false,"excerpt":"Ce jeudi 25 juillet 2024, je participe au Throwback Thursday Livresque, un rendez-vous livresque initialement chez Bettie Rose Books et repris depuis par Carole, les liens \u00e9tant \u00e0 d\u00e9poser chez My-Bo0ks. Le principe est de partager chaque jeudi un livre en fonction d\u2019un th\u00e8me donn\u00e9. Cette semaine, le th\u00e8me est\u2026","rel":"","context":"Dans &quot;Mini blogueur&quot;","block_context":{"text":"Mini blogueur","link":"http:\/\/www.jojoenherbe.com\/index.php\/category\/mini-blogueur\/"},"img":{"alt_text":"","src":"https:\/\/i0.wp.com\/www.jojoenherbe.com\/wp-content\/uploads\/2023\/10\/TTL-logo.jpg?resize=350%2C200","width":350,"height":200},"classes":[]},{"id":42442,"url":"http:\/\/www.jojoenherbe.com\/index.php\/2026\/01\/22\/throwback-thursday-livresque-un-journaliste\/","url_meta":{"origin":42524,"position":1},"title":"Throwback Thursday Livresque: Un journaliste","author":"Jojo","date":"22 janvier 2026","format":false,"excerpt":"Ce jeudi 22 janvier 2026, je participe au Throwback Thursday Livresque, un rendez-vous livresque initialement chez Bettie Rose Books et repris depuis par Carole, les liens \u00e9tant \u00e0 d\u00e9poser chez My-Bo0ks. Le principe est de partager chaque jeudi un livre \"ancien\" de notre biblioth\u00e8que en fonction d\u2019un th\u00e8me donn\u00e9. Cette\u2026","rel":"","context":"Dans &quot;Mini blogueur&quot;","block_context":{"text":"Mini blogueur","link":"http:\/\/www.jojoenherbe.com\/index.php\/category\/mini-blogueur\/"},"img":{"alt_text":"","src":"https:\/\/i0.wp.com\/www.jojoenherbe.com\/wp-content\/uploads\/2023\/10\/TTL-logo.jpg?resize=350%2C200","width":350,"height":200},"classes":[]},{"id":43972,"url":"http:\/\/www.jojoenherbe.com\/index.php\/2026\/04\/30\/throwback-thursday-livresque-en-mer\/","url_meta":{"origin":42524,"position":2},"title":"Throwback Thursday Livresque: En mer","author":"Jojo","date":"30 avril 2026","format":false,"excerpt":"Ce jeudi 30 avril 2026, je participe au Throwback Thursday Livresque, un rendez-vous livresque initialement chez Bettie Rose Books et repris depuis par Carole, les liens \u00e9tant \u00e0 d\u00e9poser chez My-Bo0ks. Le principe est de partager chaque jeudi un livre \"ancien\" de notre biblioth\u00e8que en fonction d\u2019un th\u00e8me donn\u00e9. Cette\u2026","rel":"","context":"Dans &quot;Mini blogueur&quot;","block_context":{"text":"Mini blogueur","link":"http:\/\/www.jojoenherbe.com\/index.php\/category\/mini-blogueur\/"},"img":{"alt_text":"","src":"https:\/\/i0.wp.com\/www.jojoenherbe.com\/wp-content\/uploads\/2023\/10\/TTL-logo.jpg?resize=350%2C200","width":350,"height":200},"classes":[]},{"id":39005,"url":"http:\/\/www.jojoenherbe.com\/index.php\/2025\/04\/17\/throwback-thursday-livresque-personnage-introverti\/","url_meta":{"origin":42524,"position":3},"title":"Throwback Thursday Livresque: Personnage introverti","author":"Jojo","date":"17 avril 2025","format":false,"excerpt":"Ce jeudi 17 avril 2025, je participe au Throwback Thursday Livresque, un rendez-vous livresque initialement chez Bettie Rose Books et repris depuis par Carole, les liens \u00e9tant \u00e0 d\u00e9poser chez My-Bo0ks. Le principe est de partager chaque jeudi un livre en fonction d\u2019un th\u00e8me donn\u00e9. Cette semaine, le th\u00e8me est\u2026","rel":"","context":"Dans &quot;Mini blogueur&quot;","block_context":{"text":"Mini blogueur","link":"http:\/\/www.jojoenherbe.com\/index.php\/category\/mini-blogueur\/"},"img":{"alt_text":"","src":"https:\/\/i0.wp.com\/www.jojoenherbe.com\/wp-content\/uploads\/2023\/10\/TTL-logo.jpg?resize=350%2C200","width":350,"height":200},"classes":[]},{"id":36739,"url":"http:\/\/www.jojoenherbe.com\/index.php\/2024\/08\/01\/throwback-thursday-livresque-couverture-avec-du-sable\/","url_meta":{"origin":42524,"position":4},"title":"Throwback Thursday Livresque: Couverture avec du sable","author":"Jojo","date":"1 ao\u00fbt 2024","format":false,"excerpt":"Ce jeudi 1er ao\u00fbt 2024, je participe au Throwback Thursday Livresque, un rendez-vous livresque initialement chez Bettie Rose Books et repris depuis par Carole, les liens \u00e9tant \u00e0 d\u00e9poser chez My-Bo0ks. Le principe est de partager chaque jeudi un livre en fonction d\u2019un th\u00e8me donn\u00e9. Cette semaine, le th\u00e8me est\u2026","rel":"","context":"Dans &quot;Mini challenger&quot;","block_context":{"text":"Mini challenger","link":"http:\/\/www.jojoenherbe.com\/index.php\/category\/mini-challenger\/"},"img":{"alt_text":"","src":"https:\/\/i0.wp.com\/www.jojoenherbe.com\/wp-content\/uploads\/2023\/10\/TTL-logo.jpg?resize=350%2C200","width":350,"height":200},"classes":[]},{"id":41331,"url":"http:\/\/www.jojoenherbe.com\/index.php\/2025\/11\/13\/throwback-thursday-livresque-couverture-avec-une-horloge\/","url_meta":{"origin":42524,"position":5},"title":"Throwback Thursday Livresque: Couverture avec une horloge","author":"Jojo","date":"13 novembre 2025","format":false,"excerpt":"Ce jeudi 13 novembre 2025, je participe au Throwback Thursday Livresque, un rendez-vous livresque initialement chez Bettie Rose Books et repris depuis par Carole, les liens \u00e9tant \u00e0 d\u00e9poser chez My-Bo0ks. Le principe est de partager chaque jeudi un livre \"ancien\" de notre biblioth\u00e8que en fonction d\u2019un th\u00e8me donn\u00e9. Cette\u2026","rel":"","context":"Dans &quot;Mini blogueur&quot;","block_context":{"text":"Mini blogueur","link":"http:\/\/www.jojoenherbe.com\/index.php\/category\/mini-blogueur\/"},"img":{"alt_text":"","src":"https:\/\/i0.wp.com\/www.jojoenherbe.com\/wp-content\/uploads\/2023\/10\/TTL-logo.jpg?resize=350%2C200","width":350,"height":200},"classes":[]}],"_links":{"self":[{"href":"http:\/\/www.jojoenherbe.com\/index.php\/wp-json\/wp\/v2\/posts\/42524","targetHints":{"allow":["GET"]}}],"collection":[{"href":"http:\/\/www.jojoenherbe.com\/index.php\/wp-json\/wp\/v2\/posts"}],"about":[{"href":"http:\/\/www.jojoenherbe.com\/index.php\/wp-json\/wp\/v2\/types\/post"}],"author":[{"embeddable":true,"href":"http:\/\/www.jojoenherbe.com\/index.php\/wp-json\/wp\/v2\/users\/1"}],"replies":[{"embeddable":true,"href":"http:\/\/www.jojoenherbe.com\/index.php\/wp-json\/wp\/v2\/comments?post=42524"}],"version-history":[{"count":6,"href":"http:\/\/www.jojoenherbe.com\/index.php\/wp-json\/wp\/v2\/posts\/42524\/revisions"}],"predecessor-version":[{"id":42558,"href":"http:\/\/www.jojoenherbe.com\/index.php\/wp-json\/wp\/v2\/posts\/42524\/revisions\/42558"}],"wp:featuredmedia":[{"embeddable":true,"href":"http:\/\/www.jojoenherbe.com\/index.php\/wp-json\/wp\/v2\/media\/32593"}],"wp:attachment":[{"href":"http:\/\/www.jojoenherbe.com\/index.php\/wp-json\/wp\/v2\/media?parent=42524"}],"wp:term":[{"taxonomy":"category","embeddable":true,"href":"http:\/\/www.jojoenherbe.com\/index.php\/wp-json\/wp\/v2\/categories?post=42524"},{"taxonomy":"post_tag","embeddable":true,"href":"http:\/\/www.jojoenherbe.com\/index.php\/wp-json\/wp\/v2\/tags?post=42524"}],"curies":[{"name":"wp","href":"https:\/\/api.w.org\/{rel}","templated":true}]}}