{"id":42316,"date":"2026-01-14T16:48:08","date_gmt":"2026-01-14T15:48:08","guid":{"rendered":"https:\/\/www.jojoenherbe.com\/?p=42316"},"modified":"2026-01-14T16:48:08","modified_gmt":"2026-01-14T15:48:08","slug":"au-fil-des-pages-avec-le-tome-1-des-geants","status":"publish","type":"post","link":"http:\/\/www.jojoenherbe.com\/index.php\/2026\/01\/14\/au-fil-des-pages-avec-le-tome-1-des-geants\/","title":{"rendered":"Au fil des pages avec le tome 1 des G\u00e9ants"},"content":{"rendered":"<p style=\"text-align: justify;\"><em>La semaine derni\u00e8re, nous avons lu, chacun notre tour, avec mon mini lutin, le tome 1 des <span style=\"text-decoration: underline;\">G\u00e9ants, Erin<\/span> de Lylian, James Christ, Paul Drouin et Lorien Aureyre (\u00e9d. Gl\u00e9nat, coll. Tch\u00f4!, ao\u00fbt 2020, 48 pages), une BD jeunesse fantastique \u00e0 partir de 8 ans. J&rsquo;avais mis de c\u00f4t\u00e9 ce premier tome apr\u00e8s l&rsquo;avoir achet\u00e9, en 2022, lors des 10 ans des 48h BD.\u00a0 Alors que Crossland Corporation, une multinationale d\u00e9couvre, au Groenland, un myst\u00e9rieux g\u00e9ant endormi depuis des millions d&rsquo;ann\u00e9es, Erin se r\u00e9veille, au m\u00eame moment, en \u00c9cosse, apr\u00e8s avoir fait un nouveau cauchemar, revivant sans cesse l&rsquo;accident qui a co\u00fbt\u00e9 la vie \u00e0 ses parents. Peu de temps apr\u00e8s, elle est secourue par Yrso, un g\u00e9ant au pelage de feuilles et au squelette de bois alors qu&rsquo;elle est harcel\u00e9e par d&rsquo;autres enfants qui la traitent de sorci\u00e8re, l&rsquo;adolescente de 11 ans ayant la main verte et un don magique avec les plantes. Cette nouvelle amiti\u00e9 est-elle de bonne augure? Pourra-t-elle prot\u00e9ger le g\u00e9ant v\u00e9g\u00e9tal des manigances de Crossland Corporation?\u00a0<\/em><\/p>\n<div class=\"tiled-gallery type-rectangular tiled-gallery-unresized\" data-original-width=\"676\" data-carousel-extra='{&quot;blog_id&quot;:1,&quot;permalink&quot;:&quot;http:\\\/\\\/www.jojoenherbe.com\\\/index.php\\\/2026\\\/01\\\/14\\\/au-fil-des-pages-avec-le-tome-1-des-geants\\\/&quot;,&quot;likes_blog_id&quot;:141396489}' itemscope itemtype=\"http:\/\/schema.org\/ImageGallery\" > <div class=\"gallery-row\" style=\"width: 676px; height: 151px;\" data-original-width=\"676\" data-original-height=\"151\" > <div class=\"gallery-group images-1\" style=\"width: 205px; height: 151px;\" data-original-width=\"205\" data-original-height=\"151\" > <div class=\"tiled-gallery-item tiled-gallery-item-small\" itemprop=\"associatedMedia\" itemscope itemtype=\"http:\/\/schema.org\/ImageObject\"> <a href=\"http:\/\/www.jojoenherbe.com\/index.php\/2026\/01\/14\/au-fil-des-pages-avec-le-tome-1-des-geants\/les-geants-t1-2\/\" border=\"0\" itemprop=\"url\"> <meta itemprop=\"width\" content=\"201\"> <meta itemprop=\"height\" content=\"147\"> <img decoding=\"async\" class=\"\" data-attachment-id=\"42322\" data-orig-file=\"http:\/\/www.jojoenherbe.com\/wp-content\/uploads\/2026\/01\/Les-Geants-T1-2-scaled.jpg\" data-orig-size=\"2560,1875\" data-comments-opened=\"1\" data-image-title=\"Les G\u00e9ants T1 (2)\" data-image-description=\"\" data-medium-file=\"https:\/\/i0.wp.com\/www.jojoenherbe.com\/wp-content\/uploads\/2026\/01\/Les-Geants-T1-2-scaled.jpg?fit=300%2C220\" data-large-file=\"https:\/\/i0.wp.com\/www.jojoenherbe.com\/wp-content\/uploads\/2026\/01\/Les-Geants-T1-2-scaled.jpg?fit=676%2C495\" src=\"https:\/\/i0.wp.com\/www.jojoenherbe.com\/wp-content\/uploads\/2026\/01\/Les-Geants-T1-2-scaled.jpg?w=201&#038;h=147\" srcset=\"https:\/\/i0.wp.com\/www.jojoenherbe.com\/wp-content\/uploads\/2026\/01\/Les-Geants-T1-2-scaled.jpg?w=2560 2560w, https:\/\/i0.wp.com\/www.jojoenherbe.com\/wp-content\/uploads\/2026\/01\/Les-Geants-T1-2-scaled.jpg?resize=300%2C220 300w, https:\/\/i0.wp.com\/www.jojoenherbe.com\/wp-content\/uploads\/2026\/01\/Les-Geants-T1-2-scaled.jpg?resize=1024%2C750 1024w, https:\/\/i0.wp.com\/www.jojoenherbe.com\/wp-content\/uploads\/2026\/01\/Les-Geants-T1-2-scaled.jpg?resize=768%2C563 768w, https:\/\/i0.wp.com\/www.jojoenherbe.com\/wp-content\/uploads\/2026\/01\/Les-Geants-T1-2-scaled.jpg?resize=1536%2C1125 1536w, https:\/\/i0.wp.com\/www.jojoenherbe.com\/wp-content\/uploads\/2026\/01\/Les-Geants-T1-2-scaled.jpg?resize=2048%2C1500 2048w, https:\/\/i0.wp.com\/www.jojoenherbe.com\/wp-content\/uploads\/2026\/01\/Les-Geants-T1-2-scaled.jpg?resize=676%2C495 676w, https:\/\/i0.wp.com\/www.jojoenherbe.com\/wp-content\/uploads\/2026\/01\/Les-Geants-T1-2-scaled.jpg?w=1352 1352w\" width=\"201\" height=\"147\" loading=\"lazy\" data-original-width=\"201\" data-original-height=\"147\" itemprop=\"http:\/\/schema.org\/image\" title=\"Les G\u00e9ants T1 (2)\" alt=\"Les G\u00e9ants T1 (2)\" style=\"width: 201px; height: 147px;\" \/> <\/a> <\/div> <\/div> <!-- close group --> <div class=\"gallery-group images-1\" style=\"width: 115px; height: 151px;\" data-original-width=\"115\" data-original-height=\"151\" > <div class=\"tiled-gallery-item tiled-gallery-item-small\" itemprop=\"associatedMedia\" itemscope itemtype=\"http:\/\/schema.org\/ImageObject\"> <a href=\"http:\/\/www.jojoenherbe.com\/index.php\/2026\/01\/14\/au-fil-des-pages-avec-le-tome-1-des-geants\/les-geants-t1-3\/\" border=\"0\" itemprop=\"url\"> <meta itemprop=\"width\" content=\"111\"> <meta itemprop=\"height\" content=\"147\"> <img decoding=\"async\" class=\"\" data-attachment-id=\"42323\" data-orig-file=\"http:\/\/www.jojoenherbe.com\/wp-content\/uploads\/2026\/01\/Les-Geants-T1-3-scaled.jpg\" data-orig-size=\"1920,2560\" data-comments-opened=\"1\" data-image-title=\"Les G\u00e9ants T1 (3)\" data-image-description=\"\" data-medium-file=\"https:\/\/i0.wp.com\/www.jojoenherbe.com\/wp-content\/uploads\/2026\/01\/Les-Geants-T1-3-scaled.jpg?fit=225%2C300\" data-large-file=\"https:\/\/i0.wp.com\/www.jojoenherbe.com\/wp-content\/uploads\/2026\/01\/Les-Geants-T1-3-scaled.jpg?fit=676%2C901\" src=\"https:\/\/i0.wp.com\/www.jojoenherbe.com\/wp-content\/uploads\/2026\/01\/Les-Geants-T1-3-scaled.jpg?w=111&#038;h=147\" srcset=\"https:\/\/i0.wp.com\/www.jojoenherbe.com\/wp-content\/uploads\/2026\/01\/Les-Geants-T1-3-scaled.jpg?w=1920 1920w, https:\/\/i0.wp.com\/www.jojoenherbe.com\/wp-content\/uploads\/2026\/01\/Les-Geants-T1-3-scaled.jpg?resize=225%2C300 225w, https:\/\/i0.wp.com\/www.jojoenherbe.com\/wp-content\/uploads\/2026\/01\/Les-Geants-T1-3-scaled.jpg?resize=768%2C1024 768w, https:\/\/i0.wp.com\/www.jojoenherbe.com\/wp-content\/uploads\/2026\/01\/Les-Geants-T1-3-scaled.jpg?resize=1152%2C1536 1152w, https:\/\/i0.wp.com\/www.jojoenherbe.com\/wp-content\/uploads\/2026\/01\/Les-Geants-T1-3-scaled.jpg?resize=1536%2C2048 1536w, https:\/\/i0.wp.com\/www.jojoenherbe.com\/wp-content\/uploads\/2026\/01\/Les-Geants-T1-3-scaled.jpg?resize=676%2C901 676w, https:\/\/i0.wp.com\/www.jojoenherbe.com\/wp-content\/uploads\/2026\/01\/Les-Geants-T1-3-scaled.jpg?w=1352 1352w\" width=\"111\" height=\"147\" loading=\"lazy\" data-original-width=\"111\" data-original-height=\"147\" itemprop=\"http:\/\/schema.org\/image\" title=\"Les G\u00e9ants T1 (3)\" alt=\"Les G\u00e9ants T1 (3)\" style=\"width: 111px; height: 147px;\" \/> <\/a> <\/div> <\/div> <!-- close group --> <div class=\"gallery-group images-1\" style=\"width: 182px; height: 151px;\" data-original-width=\"182\" data-original-height=\"151\" > <div class=\"tiled-gallery-item tiled-gallery-item-small\" itemprop=\"associatedMedia\" itemscope itemtype=\"http:\/\/schema.org\/ImageObject\"> <a href=\"http:\/\/www.jojoenherbe.com\/index.php\/2026\/01\/14\/au-fil-des-pages-avec-le-tome-1-des-geants\/les-geants-t1-4\/\" border=\"0\" itemprop=\"url\"> <meta itemprop=\"width\" content=\"178\"> <meta itemprop=\"height\" content=\"147\"> <img decoding=\"async\" class=\"\" data-attachment-id=\"42324\" data-orig-file=\"http:\/\/www.jojoenherbe.com\/wp-content\/uploads\/2026\/01\/Les-Geants-T1-4-scaled.jpg\" data-orig-size=\"2560,2114\" data-comments-opened=\"1\" data-image-title=\"Les G\u00e9ants T1 (4)\" data-image-description=\"\" data-medium-file=\"https:\/\/i0.wp.com\/www.jojoenherbe.com\/wp-content\/uploads\/2026\/01\/Les-Geants-T1-4-scaled.jpg?fit=300%2C248\" data-large-file=\"https:\/\/i0.wp.com\/www.jojoenherbe.com\/wp-content\/uploads\/2026\/01\/Les-Geants-T1-4-scaled.jpg?fit=676%2C558\" src=\"https:\/\/i0.wp.com\/www.jojoenherbe.com\/wp-content\/uploads\/2026\/01\/Les-Geants-T1-4-scaled.jpg?w=178&#038;h=147\" srcset=\"https:\/\/i0.wp.com\/www.jojoenherbe.com\/wp-content\/uploads\/2026\/01\/Les-Geants-T1-4-scaled.jpg?w=2560 2560w, https:\/\/i0.wp.com\/www.jojoenherbe.com\/wp-content\/uploads\/2026\/01\/Les-Geants-T1-4-scaled.jpg?resize=300%2C248 300w, https:\/\/i0.wp.com\/www.jojoenherbe.com\/wp-content\/uploads\/2026\/01\/Les-Geants-T1-4-scaled.jpg?resize=1024%2C846 1024w, https:\/\/i0.wp.com\/www.jojoenherbe.com\/wp-content\/uploads\/2026\/01\/Les-Geants-T1-4-scaled.jpg?resize=768%2C634 768w, https:\/\/i0.wp.com\/www.jojoenherbe.com\/wp-content\/uploads\/2026\/01\/Les-Geants-T1-4-scaled.jpg?resize=1536%2C1269 1536w, https:\/\/i0.wp.com\/www.jojoenherbe.com\/wp-content\/uploads\/2026\/01\/Les-Geants-T1-4-scaled.jpg?resize=2048%2C1691 2048w, https:\/\/i0.wp.com\/www.jojoenherbe.com\/wp-content\/uploads\/2026\/01\/Les-Geants-T1-4-scaled.jpg?resize=676%2C558 676w, https:\/\/i0.wp.com\/www.jojoenherbe.com\/wp-content\/uploads\/2026\/01\/Les-Geants-T1-4-scaled.jpg?w=1352 1352w\" width=\"178\" height=\"147\" loading=\"lazy\" data-original-width=\"178\" data-original-height=\"147\" itemprop=\"http:\/\/schema.org\/image\" title=\"Les G\u00e9ants T1 (4)\" alt=\"Les G\u00e9ants T1 (4)\" style=\"width: 178px; height: 147px;\" \/> <\/a> <\/div> <\/div> <!-- close group --> <div class=\"gallery-group images-1\" style=\"width: 174px; height: 151px;\" data-original-width=\"174\" data-original-height=\"151\" > <div class=\"tiled-gallery-item tiled-gallery-item-small\" itemprop=\"associatedMedia\" itemscope itemtype=\"http:\/\/schema.org\/ImageObject\"> <a href=\"http:\/\/www.jojoenherbe.com\/index.php\/2026\/01\/14\/au-fil-des-pages-avec-le-tome-1-des-geants\/les-geants-t1-5\/\" border=\"0\" itemprop=\"url\"> <meta itemprop=\"width\" content=\"170\"> <meta itemprop=\"height\" content=\"147\"> <img decoding=\"async\" class=\"\" data-attachment-id=\"42325\" data-orig-file=\"http:\/\/www.jojoenherbe.com\/wp-content\/uploads\/2026\/01\/Les-Geants-T1-5-scaled.jpg\" data-orig-size=\"2560,2218\" data-comments-opened=\"1\" data-image-title=\"Les G\u00e9ants T1 (5)\" data-image-description=\"\" data-medium-file=\"https:\/\/i0.wp.com\/www.jojoenherbe.com\/wp-content\/uploads\/2026\/01\/Les-Geants-T1-5-scaled.jpg?fit=300%2C260\" data-large-file=\"https:\/\/i0.wp.com\/www.jojoenherbe.com\/wp-content\/uploads\/2026\/01\/Les-Geants-T1-5-scaled.jpg?fit=676%2C586\" src=\"https:\/\/i0.wp.com\/www.jojoenherbe.com\/wp-content\/uploads\/2026\/01\/Les-Geants-T1-5-scaled.jpg?w=170&#038;h=147\" srcset=\"https:\/\/i0.wp.com\/www.jojoenherbe.com\/wp-content\/uploads\/2026\/01\/Les-Geants-T1-5-scaled.jpg?w=2560 2560w, https:\/\/i0.wp.com\/www.jojoenherbe.com\/wp-content\/uploads\/2026\/01\/Les-Geants-T1-5-scaled.jpg?resize=300%2C260 300w, https:\/\/i0.wp.com\/www.jojoenherbe.com\/wp-content\/uploads\/2026\/01\/Les-Geants-T1-5-scaled.jpg?resize=1024%2C887 1024w, https:\/\/i0.wp.com\/www.jojoenherbe.com\/wp-content\/uploads\/2026\/01\/Les-Geants-T1-5-scaled.jpg?resize=768%2C665 768w, https:\/\/i0.wp.com\/www.jojoenherbe.com\/wp-content\/uploads\/2026\/01\/Les-Geants-T1-5-scaled.jpg?resize=1536%2C1331 1536w, https:\/\/i0.wp.com\/www.jojoenherbe.com\/wp-content\/uploads\/2026\/01\/Les-Geants-T1-5-scaled.jpg?resize=2048%2C1774 2048w, https:\/\/i0.wp.com\/www.jojoenherbe.com\/wp-content\/uploads\/2026\/01\/Les-Geants-T1-5-scaled.jpg?resize=676%2C586 676w, https:\/\/i0.wp.com\/www.jojoenherbe.com\/wp-content\/uploads\/2026\/01\/Les-Geants-T1-5-scaled.jpg?w=1352 1352w\" width=\"170\" height=\"147\" loading=\"lazy\" data-original-width=\"170\" data-original-height=\"147\" itemprop=\"http:\/\/schema.org\/image\" title=\"Les G\u00e9ants T1 (5)\" alt=\"Les G\u00e9ants T1 (5)\" style=\"width: 170px; height: 147px;\" \/> <\/a> <\/div> <\/div> <!-- close group --> <\/div> <!-- close row --> <\/div>\n<p style=\"text-align: justify;\"><em>Il s&rsquo;agit d&rsquo;un\u00a0<\/em><em>premier tome introductif, posant le cadre de cet univers fantastique peupl\u00e9 de g\u00e9ants qui se r\u00e9veillent mais qui n&rsquo;en reste pas moins rythm\u00e9 et d\u00e9di\u00e9 \u00e0 un enfant en particulier, ici Erin, dont le destin est li\u00e9 \u00e0 un g\u00e9ant qui repr\u00e9sente une des forces de la Nature. Orpheline, Erin cache son chagrin \u00e0 ses proches avec qui elle vit d\u00e9sormais (sa tante Kate, son oncle Connor et son cousin Patrick), se r\u00e9fugiant dans sa cabane, dans la for\u00eat ou en s&rsquo;occupant du jardin. Il y est ainsi question d&rsquo;\u00e9cologie, de deuil, de conditions de l&rsquo;enfant \u00e0 travers le monde, de protection de l&rsquo;environnement face \u00e0 un capitalisme sans morale, d&rsquo;aventures, de pouvoirs magiques&#8230; <\/em><\/p>\n<p style=\"text-align: justify;\"><em>Graphiquement, nous avons \u00e9galement appr\u00e9ci\u00e9 ces bulles aux tonalit\u00e9s foresti\u00e8res. Un bon moment de lecture qui a \u00e9galement bien plu \u00e0 mon <\/em><em>mini lutin puisqu&rsquo;il a d\u00e9j\u00e0 lu le tome 2, <span style=\"text-decoration: underline;\">Siegfried<\/span>! J&rsquo;ai \u00e9galement bien envie de d\u00e9couvrir la suite et de savoir comment ces enfants aid\u00e9s, chacun d&rsquo;un g\u00e9ant, pourront lutter contre une force du mal que Crossland Corporation a fait revenir \u00e0 la vie. D&rsquo;ailleurs, \u00e0 la fin de cette \u00e9dition, il \u00e9tait pr\u00e9vu 6 tomes et nous avons un topo sur Erin et les enfants associ\u00e9s \u00e0 leur g\u00e9ant des prochains tomes. Il ne me reste plus qu&rsquo;\u00e0 aller emprunter les autres tomes \u00e0 notre m\u00e9diath\u00e8que.\u00a0<\/em><\/p>\n<div id=\"attachment_40787\" style=\"width: 103px\" class=\"wp-caption alignleft\"><img data-recalc-dims=\"1\" loading=\"lazy\" decoding=\"async\" aria-describedby=\"caption-attachment-40787\" data-attachment-id=\"40787\" data-permalink=\"http:\/\/www.jojoenherbe.com\/index.php\/2025\/10\/01\/au-fil-des-pages-avec-le-tome-2-de-brume\/la-bd-de-la-semaine-logo-2\/\" data-orig-file=\"https:\/\/i0.wp.com\/www.jojoenherbe.com\/wp-content\/uploads\/2025\/09\/La-BD-de-la-Semaine-logo-2.jpg?fit=500%2C500\" data-orig-size=\"500,500\" data-comments-opened=\"1\" data-image-title=\"La BD de la Semaine &amp;#8211; logo 2\" data-image-description=\"\" data-image-caption=\"\" data-large-file=\"https:\/\/i0.wp.com\/www.jojoenherbe.com\/wp-content\/uploads\/2025\/09\/La-BD-de-la-Semaine-logo-2.jpg?fit=500%2C500\" class=\"wp-image-40787\" src=\"https:\/\/i0.wp.com\/www.jojoenherbe.com\/wp-content\/uploads\/2025\/09\/La-BD-de-la-Semaine-logo-2.jpg?resize=93%2C93\" alt=\"\" width=\"93\" height=\"93\" srcset=\"https:\/\/i0.wp.com\/www.jojoenherbe.com\/wp-content\/uploads\/2025\/09\/La-BD-de-la-Semaine-logo-2.jpg?w=500 500w, https:\/\/i0.wp.com\/www.jojoenherbe.com\/wp-content\/uploads\/2025\/09\/La-BD-de-la-Semaine-logo-2.jpg?resize=300%2C300 300w, https:\/\/i0.wp.com\/www.jojoenherbe.com\/wp-content\/uploads\/2025\/09\/La-BD-de-la-Semaine-logo-2.jpg?resize=150%2C150 150w\" sizes=\"auto, (max-width: 93px) 100vw, 93px\" \/><p id=\"caption-attachment-40787\" class=\"wp-caption-text\">La BD de la semaine chez <a href=\"https:\/\/pagesversicolores.wordpress.com\/2026\/01\/14\/mecs-in-progress-lauraine-meyer\/\">Fanny<\/a> pour cette semaine<\/p><\/div>\n<div id=\"attachment_41090\" style=\"width: 92px\" class=\"wp-caption alignleft\"><img data-recalc-dims=\"1\" loading=\"lazy\" decoding=\"async\" aria-describedby=\"caption-attachment-41090\" data-attachment-id=\"41090\" data-permalink=\"http:\/\/www.jojoenherbe.com\/index.php\/2025\/10\/29\/au-fil-des-pages-avec-le-tome-1-de-poltron-minet\/challenge-litterature-jeunesse-2025-2026-logo-2\/\" data-orig-file=\"https:\/\/i0.wp.com\/www.jojoenherbe.com\/wp-content\/uploads\/2025\/10\/Challenge-Litterature-jeunesse-2025-2026-logo-2.jpg?fit=592%2C599\" data-orig-size=\"592,599\" data-comments-opened=\"1\" data-image-title=\"Challenge Litt\u00e9rature jeunesse 2025-2026 &amp;#8211; logo 2\" data-image-description=\"\" data-image-caption=\"\" data-large-file=\"https:\/\/i0.wp.com\/www.jojoenherbe.com\/wp-content\/uploads\/2025\/10\/Challenge-Litterature-jeunesse-2025-2026-logo-2.jpg?fit=592%2C599\" class=\"wp-image-41090\" src=\"https:\/\/i0.wp.com\/www.jojoenherbe.com\/wp-content\/uploads\/2025\/10\/Challenge-Litterature-jeunesse-2025-2026-logo-2.jpg?resize=82%2C83\" alt=\"\" width=\"82\" height=\"83\" srcset=\"https:\/\/i0.wp.com\/www.jojoenherbe.com\/wp-content\/uploads\/2025\/10\/Challenge-Litterature-jeunesse-2025-2026-logo-2.jpg?w=592 592w, https:\/\/i0.wp.com\/www.jojoenherbe.com\/wp-content\/uploads\/2025\/10\/Challenge-Litterature-jeunesse-2025-2026-logo-2.jpg?resize=296%2C300 296w, https:\/\/i0.wp.com\/www.jojoenherbe.com\/wp-content\/uploads\/2025\/10\/Challenge-Litterature-jeunesse-2025-2026-logo-2.jpg?resize=150%2C150 150w\" sizes=\"auto, (max-width: 82px) 100vw, 82px\" \/><p id=\"caption-attachment-41090\" class=\"wp-caption-text\">Participation #15 Challenge Litt\u00e9rature jeunesse 2025-2026 de <a href=\"https:\/\/pativore.wordpress.com\/2025\/09\/23\/challenge-litterature-jeunesse-2025-2026\/\">Pativore<\/a> #BD jeunesse<\/p><\/div>\n<div id=\"attachment_42095\" style=\"width: 99px\" class=\"wp-caption alignleft\"><img data-recalc-dims=\"1\" loading=\"lazy\" decoding=\"async\" aria-describedby=\"caption-attachment-42095\" data-attachment-id=\"42095\" data-permalink=\"http:\/\/www.jojoenherbe.com\/index.php\/2026\/01\/02\/au-fil-des-pages-avec-le-tome-2-de-lady-sherlock\/challenge-petit-bac-2026-logo\/\" data-orig-file=\"https:\/\/i0.wp.com\/www.jojoenherbe.com\/wp-content\/uploads\/2026\/01\/Challenge-Petit-Bac-2026-logo.jpg?fit=285%2C217\" data-orig-size=\"285,217\" data-comments-opened=\"1\" data-image-title=\"Challenge Petit Bac 2026 &amp;#8211; logo\" data-image-description=\"\" data-image-caption=\"\" data-large-file=\"https:\/\/i0.wp.com\/www.jojoenherbe.com\/wp-content\/uploads\/2026\/01\/Challenge-Petit-Bac-2026-logo.jpg?fit=285%2C217\" class=\"wp-image-42095\" src=\"https:\/\/i0.wp.com\/www.jojoenherbe.com\/wp-content\/uploads\/2026\/01\/Challenge-Petit-Bac-2026-logo.jpg?resize=89%2C68\" alt=\"\" width=\"89\" height=\"68\" \/><p id=\"caption-attachment-42095\" class=\"wp-caption-text\">Challenge Petit Bac 2026 d\u2019<a href=\"https:\/\/ennalit.wordpress.com\/2025\/12\/01\/challenge-petit-bac-2026-qui-veut-jouer\/\">Enna<\/a> #1 Cat\u00e9gorie Pr\u00e9nom: \u00ab Erin \u00bb<\/p><\/div>\n","protected":false},"excerpt":{"rendered":"<p>La semaine derni\u00e8re, nous avons lu, chacun notre tour, avec mon mini lutin, le tome 1 des G\u00e9ants, Erin de Lylian, James Christ, Paul Drouin et Lorien Aureyre (\u00e9d. Gl\u00e9nat, coll. Tch\u00f4!, ao\u00fbt 2020, 48 pages), une BD jeunesse fantastique \u00e0 partir de 8 ans. J&rsquo;avais mis de c\u00f4t\u00e9 ce premier tome apr\u00e8s l&rsquo;avoir achet\u00e9, [&hellip;]<\/p>\n","protected":false},"author":1,"featured_media":42326,"comment_status":"open","ping_status":"open","sticky":false,"template":"","format":"standard","meta":{"_jetpack_newsletter_access":"","_jetpack_dont_email_post_to_subs":false,"_jetpack_newsletter_tier_id":0,"_jetpack_memberships_contains_paywalled_content":false,"_jetpack_feature_clip_id":0,"_jetpack_memberships_contains_paid_content":false,"footnotes":"","jetpack_post_was_ever_published":false},"categories":[363],"tags":[1167,1842,386,596,4520,4209,1226,4827,4806,936,1178,868,765,459,843,620,974,4845,367,4847,4844,727,543,1229,4846],"class_list":["post-42316","post","type-post","status-publish","format-standard","has-post-thumbnail","hentry","category-mini-lecteur","tag-8-11-ans","tag-adolescence","tag-amitie","tag-bandes-dessinees","tag-bd-de-la-semaine","tag-bd-fantastique","tag-bd-jeunesse","tag-challenge-litterature-jeunesse-2026","tag-challenge-petit-bac-2026","tag-deuil","tag-ecologie","tag-enfance","tag-environnement","tag-famille","tag-fantastique","tag-fille","tag-geant","tag-james-christ","tag-lecture-jeunesse","tag-lorien-aureyre","tag-lylian","tag-magie","tag-nature","tag-orphelin","tag-paul-drouin","post-preview"],"jetpack_sharing_enabled":true,"jetpack_shortlink":"https:\/\/wp.me\/p9zhGx-b0w","jetpack_likes_enabled":true,"jetpack-related-posts":[{"id":41034,"url":"http:\/\/www.jojoenherbe.com\/index.php\/2025\/10\/29\/au-fil-des-pages-avec-le-tome-1-de-poltron-minet\/","url_meta":{"origin":42316,"position":0},"title":"Au fil des pages avec le tome 1 de Poltron Minet","author":"Jojo","date":"29 octobre 2025","format":false,"excerpt":"Rep\u00e9r\u00e9 \u00e0 la m\u00e9diath\u00e8que pour sa couverture automnale, j'ai lu le tome 1 de Poltron Minet, La voie romane de C\u00e9dric Mayen et Madd (\u00e9d. Dupuis, mars 2023, 56 pages), une BD jeunesse \u00e0 partir de 9 ans. A la fin de leurs vacances d'\u00e9t\u00e9 \u00e0 la campagne, il est\u2026","rel":"","context":"Dans &quot;Mini lecteur&quot;","block_context":{"text":"Mini lecteur","link":"http:\/\/www.jojoenherbe.com\/index.php\/category\/mini-lecteur\/"},"img":{"alt_text":"","src":"https:\/\/i0.wp.com\/www.jojoenherbe.com\/wp-content\/uploads\/2025\/10\/Poltron-Minet-T1-2-scaled.jpg?fit=1200%2C870&resize=350%2C200","width":350,"height":200,"srcset":"https:\/\/i0.wp.com\/www.jojoenherbe.com\/wp-content\/uploads\/2025\/10\/Poltron-Minet-T1-2-scaled.jpg?fit=1200%2C870&resize=350%2C200 1x, https:\/\/i0.wp.com\/www.jojoenherbe.com\/wp-content\/uploads\/2025\/10\/Poltron-Minet-T1-2-scaled.jpg?fit=1200%2C870&resize=525%2C300 1.5x, https:\/\/i0.wp.com\/www.jojoenherbe.com\/wp-content\/uploads\/2025\/10\/Poltron-Minet-T1-2-scaled.jpg?fit=1200%2C870&resize=700%2C400 2x, https:\/\/i0.wp.com\/www.jojoenherbe.com\/wp-content\/uploads\/2025\/10\/Poltron-Minet-T1-2-scaled.jpg?fit=1200%2C870&resize=1050%2C600 3x"},"classes":[]},{"id":41893,"url":"http:\/\/www.jojoenherbe.com\/index.php\/2026\/03\/20\/billet-de-suivi-challenge-petit-bac-2026\/","url_meta":{"origin":42316,"position":1},"title":"Billet de suivi: Challenge Petit Bac 2026","author":"Jojo","date":"20 mars 2026","format":false,"excerpt":"Je participe pour la neuvi\u00e8me ann\u00e9e cons\u00e9cutive au Challenge Petit Bac d\u2019Enna, les cinq premi\u00e8res cat\u00e9gories restant identiques aux ann\u00e9es pr\u00e9c\u00e9dentes. Je vais actualiser ce billet au fur-et-\u00e0 mesure des lignes valid\u00e9es et faire un point sur mes participations au challenge. Pour le moment, j\u2019ai fini mes trois premi\u00e8res lignes\u2026","rel":"","context":"Dans &quot;Mini blogueur&quot;","block_context":{"text":"Mini blogueur","link":"http:\/\/www.jojoenherbe.com\/index.php\/category\/mini-blogueur\/"},"img":{"alt_text":"","src":"https:\/\/i0.wp.com\/www.jojoenherbe.com\/wp-content\/uploads\/2026\/01\/Challenge-Petit-Bac-2026-logo.jpg?fit=285%2C217&resize=350%2C200","width":350,"height":200},"classes":[]},{"id":32477,"url":"http:\/\/www.jojoenherbe.com\/index.php\/2023\/10\/08\/notre-wishlist-dans-les-sorties-litteraires-doctobre-2023\/","url_meta":{"origin":42316,"position":2},"title":"Notre wishlist dans les sorties litt\u00e9raires d&rsquo;octobre 2023","author":"Jojo","date":"8 octobre 2023","format":false,"excerpt":"Ce mois-ci, je suis tent\u00e9e par beaucoup de nouvelles parutions, que ce soit en jeunesse ou en adulte, l'imaginaire \u00e9tant mis en avant dans la plupart des livres s\u00e9lectionn\u00e9s. Il y a d\u00e9j\u00e0 des sorties de livres de No\u00ebl. Pour l'occasion, j'ai eu envie d'\u00e9crire un billet d\u00e9di\u00e9 \u00e0 notre\u2026","rel":"","context":"Dans &quot;Mini blogueur&quot;","block_context":{"text":"Mini blogueur","link":"http:\/\/www.jojoenherbe.com\/index.php\/category\/mini-blogueur\/"},"img":{"alt_text":"","src":"https:\/\/i0.wp.com\/www.jojoenherbe.com\/wp-content\/uploads\/2023\/10\/Les-Audacieuses-T9.jpg?resize=350%2C200","width":350,"height":200,"srcset":"https:\/\/i0.wp.com\/www.jojoenherbe.com\/wp-content\/uploads\/2023\/10\/Les-Audacieuses-T9.jpg?resize=350%2C200 1x, https:\/\/i0.wp.com\/www.jojoenherbe.com\/wp-content\/uploads\/2023\/10\/Les-Audacieuses-T9.jpg?resize=525%2C300 1.5x, https:\/\/i0.wp.com\/www.jojoenherbe.com\/wp-content\/uploads\/2023\/10\/Les-Audacieuses-T9.jpg?resize=700%2C400 2x"},"classes":[]},{"id":27586,"url":"http:\/\/www.jojoenherbe.com\/index.php\/2022\/09\/14\/billet-de-suivi-challenge-halloween-2022\/","url_meta":{"origin":42316,"position":3},"title":"Billet de suivi: Challenge Halloween 2022","author":"Jojo","date":"14 septembre 2022","format":false,"excerpt":"Je participe \u00e0 nouveau cette ann\u00e9e au Challenge Halloween organis\u00e9 par Hilde et Lou et qui se d\u00e9roule du 23 septembre jusqu'en novembre 2022. D\u00e8s le 23 septembre 2022, elles ouvrent les portes de leur manoir. Le challenge commence en douceur par un d\u00e9poussi\u00e9rage de PAL, premi\u00e8res suggestions halloweenesques et\u2026","rel":"","context":"Dans &quot;Mini challenger&quot;","block_context":{"text":"Mini challenger","link":"http:\/\/www.jojoenherbe.com\/index.php\/category\/mini-challenger\/"},"img":{"alt_text":"","src":"https:\/\/i0.wp.com\/www.jojoenherbe.com\/wp-content\/uploads\/2022\/09\/Challenge-Halloween-2022.jpg?fit=1080%2C1080&resize=350%2C200","width":350,"height":200,"srcset":"https:\/\/i0.wp.com\/www.jojoenherbe.com\/wp-content\/uploads\/2022\/09\/Challenge-Halloween-2022.jpg?fit=1080%2C1080&resize=350%2C200 1x, https:\/\/i0.wp.com\/www.jojoenherbe.com\/wp-content\/uploads\/2022\/09\/Challenge-Halloween-2022.jpg?fit=1080%2C1080&resize=525%2C300 1.5x, https:\/\/i0.wp.com\/www.jojoenherbe.com\/wp-content\/uploads\/2022\/09\/Challenge-Halloween-2022.jpg?fit=1080%2C1080&resize=700%2C400 2x, https:\/\/i0.wp.com\/www.jojoenherbe.com\/wp-content\/uploads\/2022\/09\/Challenge-Halloween-2022.jpg?fit=1080%2C1080&resize=1050%2C600 3x"},"classes":[]},{"id":42152,"url":"http:\/\/www.jojoenherbe.com\/index.php\/2026\/01\/07\/au-fil-des-pages-avec-le-tome-1-de-maiana\/","url_meta":{"origin":42316,"position":4},"title":"Au fil des pages avec le tome 1 de Ma\u00efana","author":"Jojo","date":"7 janvier 2026","format":false,"excerpt":"Pour la BD de la Semaine, j'ai choisi le tome 1 de Ma\u00efana, Le calendrier de l'Avant de Carbone et Pauline Berdal (\u00e9d. Jungle, octobre 2019, 48 pages), une BD jeunesse \u00e0 partir de 9\/10 ans et que j'avais lue, en d\u00e9cembre 2023, en version num\u00e9rique via ma m\u00e9diath\u00e8que. A\u2026","rel":"","context":"Dans &quot;Mini lecteur&quot;","block_context":{"text":"Mini lecteur","link":"http:\/\/www.jojoenherbe.com\/index.php\/category\/mini-lecteur\/"},"img":{"alt_text":"","src":"https:\/\/i0.wp.com\/www.jojoenherbe.com\/wp-content\/uploads\/2026\/01\/Maiana-T1.jpg?fit=750%2C1006&resize=350%2C200","width":350,"height":200,"srcset":"https:\/\/i0.wp.com\/www.jojoenherbe.com\/wp-content\/uploads\/2026\/01\/Maiana-T1.jpg?fit=750%2C1006&resize=350%2C200 1x, https:\/\/i0.wp.com\/www.jojoenherbe.com\/wp-content\/uploads\/2026\/01\/Maiana-T1.jpg?fit=750%2C1006&resize=525%2C300 1.5x, https:\/\/i0.wp.com\/www.jojoenherbe.com\/wp-content\/uploads\/2026\/01\/Maiana-T1.jpg?fit=750%2C1006&resize=700%2C400 2x"},"classes":[]},{"id":13597,"url":"http:\/\/www.jojoenherbe.com\/index.php\/2020\/11\/04\/au-fil-des-pages-avec-le-tome-2-de-spooky-les-contes-de-travers\/","url_meta":{"origin":42316,"position":5},"title":"Au fil des pages avec le tome 2 de Spooky, Les contes de travers","author":"Jojo","date":"4 novembre 2020","format":false,"excerpt":"Apr\u00e8s avoir lu le premier tome, j'ai pu emprunter \u00e0 la m\u00e9diath\u00e8que le tome 2 de Spooky, Les contes de travers, Charmant vampire de Carine-M et \u00c9lian Black\u2019Mor (\u00e9d. Gl\u00e9nat, 2016), une BD jeunesse \u00e0 partir de 9 ans. Apr\u00e8s avoir accept\u00e9 une invitation du Petit Chaperon rouge, Spooky et\u2026","rel":"","context":"Dans &quot;Mini lecteur&quot;","block_context":{"text":"Mini lecteur","link":"http:\/\/www.jojoenherbe.com\/index.php\/category\/mini-lecteur\/"},"img":{"alt_text":"","src":"https:\/\/i0.wp.com\/www.jojoenherbe.com\/wp-content\/uploads\/2020\/11\/Spooky-T2-scaled.jpg?fit=1200%2C900&resize=350%2C200","width":350,"height":200,"srcset":"https:\/\/i0.wp.com\/www.jojoenherbe.com\/wp-content\/uploads\/2020\/11\/Spooky-T2-scaled.jpg?fit=1200%2C900&resize=350%2C200 1x, https:\/\/i0.wp.com\/www.jojoenherbe.com\/wp-content\/uploads\/2020\/11\/Spooky-T2-scaled.jpg?fit=1200%2C900&resize=525%2C300 1.5x, https:\/\/i0.wp.com\/www.jojoenherbe.com\/wp-content\/uploads\/2020\/11\/Spooky-T2-scaled.jpg?fit=1200%2C900&resize=700%2C400 2x, https:\/\/i0.wp.com\/www.jojoenherbe.com\/wp-content\/uploads\/2020\/11\/Spooky-T2-scaled.jpg?fit=1200%2C900&resize=1050%2C600 3x"},"classes":[]}],"jetpack_featured_media_url":"https:\/\/i0.wp.com\/www.jojoenherbe.com\/wp-content\/uploads\/2026\/01\/Les-Geants-T1-scaled.jpg?fit=2560%2C1819","_links":{"self":[{"href":"http:\/\/www.jojoenherbe.com\/index.php\/wp-json\/wp\/v2\/posts\/42316","targetHints":{"allow":["GET"]}}],"collection":[{"href":"http:\/\/www.jojoenherbe.com\/index.php\/wp-json\/wp\/v2\/posts"}],"about":[{"href":"http:\/\/www.jojoenherbe.com\/index.php\/wp-json\/wp\/v2\/types\/post"}],"author":[{"embeddable":true,"href":"http:\/\/www.jojoenherbe.com\/index.php\/wp-json\/wp\/v2\/users\/1"}],"replies":[{"embeddable":true,"href":"http:\/\/www.jojoenherbe.com\/index.php\/wp-json\/wp\/v2\/comments?post=42316"}],"version-history":[{"count":10,"href":"http:\/\/www.jojoenherbe.com\/index.php\/wp-json\/wp\/v2\/posts\/42316\/revisions"}],"predecessor-version":[{"id":42331,"href":"http:\/\/www.jojoenherbe.com\/index.php\/wp-json\/wp\/v2\/posts\/42316\/revisions\/42331"}],"wp:featuredmedia":[{"embeddable":true,"href":"http:\/\/www.jojoenherbe.com\/index.php\/wp-json\/wp\/v2\/media\/42326"}],"wp:attachment":[{"href":"http:\/\/www.jojoenherbe.com\/index.php\/wp-json\/wp\/v2\/media?parent=42316"}],"wp:term":[{"taxonomy":"category","embeddable":true,"href":"http:\/\/www.jojoenherbe.com\/index.php\/wp-json\/wp\/v2\/categories?post=42316"},{"taxonomy":"post_tag","embeddable":true,"href":"http:\/\/www.jojoenherbe.com\/index.php\/wp-json\/wp\/v2\/tags?post=42316"}],"curies":[{"name":"wp","href":"https:\/\/api.w.org\/{rel}","templated":true}]}}