{"id":41691,"date":"2025-12-12T17:55:24","date_gmt":"2025-12-12T16:55:24","guid":{"rendered":"https:\/\/www.jojoenherbe.com\/?p=41691"},"modified":"2025-12-27T09:58:24","modified_gmt":"2025-12-27T08:58:24","slug":"rat-de-noel-2025","status":"publish","type":"post","link":"http:\/\/www.jojoenherbe.com\/index.php\/2025\/12\/12\/rat-de-noel-2025\/","title":{"rendered":"RAT de No\u00ebl 2025"},"content":{"rendered":"<p style=\"text-align: justify;\"><em>Ce 12 d\u00e9cembre 2025 \u00e0 21h00 d\u00e9bute un RAT de No\u00ebl coorganis\u00e9 par Chicky Poo et Samarian dans le cadre du challenge Il \u00e9tait 13 fois No\u00ebl, et ce jusqu\u2019au 14 d\u00e9cembre minuit avec au moins une lecture sur le th\u00e8me de l\u2019hiver et\/ou de No\u00ebl. Alors on se glisse sous les plaids, au coin du feu du Chalet de No\u00ebl. Pour l&rsquo;occasion, mon mini lutin et moi avons concoct\u00e9 notre petite PAL pour le week-end, avec certains en commun, comme l&rsquo;album de jeunesse de l&rsquo;Avent: <span style=\"text-decoration: underline;\">L&rsquo;enfance du P\u00e8re No\u00ebl<\/span>. Alors voici un aper\u00e7u de nos PAL respectives, sans oublier les e-books que j&rsquo;irai peut-\u00eatre piocher dans ma liseuse. Arriverons-nous \u00e0 cocher quelques cases du bingo du Chalet?<\/em><\/p>\n<div class=\"tiled-gallery type-rectangular tiled-gallery-unresized\" data-original-width=\"676\" data-carousel-extra='{&quot;blog_id&quot;:1,&quot;permalink&quot;:&quot;http:\\\/\\\/www.jojoenherbe.com\\\/index.php\\\/2025\\\/12\\\/12\\\/rat-de-noel-2025\\\/&quot;,&quot;likes_blog_id&quot;:141396489}' itemscope itemtype=\"http:\/\/schema.org\/ImageGallery\" > <div class=\"gallery-row\" style=\"width: 676px; height: 217px;\" data-original-width=\"676\" data-original-height=\"217\" > <div class=\"gallery-group images-2\" style=\"width: 107px; height: 217px;\" data-original-width=\"107\" data-original-height=\"217\" > <div class=\"tiled-gallery-item tiled-gallery-item-small\" itemprop=\"associatedMedia\" itemscope itemtype=\"http:\/\/schema.org\/ImageObject\"> <a href=\"http:\/\/www.jojoenherbe.com\/index.php\/2025\/12\/01\/billet-de-suivi-challenge-christmas-time-2025\/screenshot-317\/\" border=\"0\" itemprop=\"url\"> <meta itemprop=\"width\" content=\"103\"> <meta itemprop=\"height\" content=\"137\"> <img decoding=\"async\" class=\"\" data-attachment-id=\"41556\" data-orig-file=\"http:\/\/www.jojoenherbe.com\/wp-content\/uploads\/2025\/12\/La-BD-de-lAvent-2025.jpg\" data-orig-size=\"750,994\" data-comments-opened=\"1\" data-image-meta=\"{&quot;aperture&quot;:&quot;0&quot;,&quot;credit&quot;:&quot;&quot;,&quot;camera&quot;:&quot;&quot;,&quot;caption&quot;:&quot;Screenshot&quot;,&quot;created_timestamp&quot;:&quot;0&quot;,&quot;copyright&quot;:&quot;&quot;,&quot;focal_length&quot;:&quot;0&quot;,&quot;iso&quot;:&quot;0&quot;,&quot;shutter_speed&quot;:&quot;0&quot;,&quot;title&quot;:&quot;Screenshot&quot;,&quot;orientation&quot;:&quot;1&quot;}\" data-image-title=\"\" data-image-description=\"\" data-medium-file=\"https:\/\/i0.wp.com\/www.jojoenherbe.com\/wp-content\/uploads\/2025\/12\/La-BD-de-lAvent-2025.jpg?fit=226%2C300\" data-large-file=\"https:\/\/i0.wp.com\/www.jojoenherbe.com\/wp-content\/uploads\/2025\/12\/La-BD-de-lAvent-2025.jpg?fit=676%2C896\" src=\"https:\/\/i0.wp.com\/www.jojoenherbe.com\/wp-content\/uploads\/2025\/12\/La-BD-de-lAvent-2025.jpg?w=103&#038;h=137\" srcset=\"https:\/\/i0.wp.com\/www.jojoenherbe.com\/wp-content\/uploads\/2025\/12\/La-BD-de-lAvent-2025.jpg?w=750 750w, https:\/\/i0.wp.com\/www.jojoenherbe.com\/wp-content\/uploads\/2025\/12\/La-BD-de-lAvent-2025.jpg?resize=226%2C300 226w, https:\/\/i0.wp.com\/www.jojoenherbe.com\/wp-content\/uploads\/2025\/12\/La-BD-de-lAvent-2025.jpg?resize=676%2C896 676w\" width=\"103\" height=\"137\" loading=\"lazy\" data-original-width=\"103\" data-original-height=\"137\" itemprop=\"http:\/\/schema.org\/image\" title=\"\" alt=\"\" style=\"width: 103px; height: 137px;\" \/> <\/a> <\/div> <div class=\"tiled-gallery-item tiled-gallery-item-small\" itemprop=\"associatedMedia\" itemscope itemtype=\"http:\/\/schema.org\/ImageObject\"> <a href=\"http:\/\/www.jojoenherbe.com\/index.php\/2025\/12\/12\/rat-de-noel-2025\/lenfance-du-pere-noel\/\" border=\"0\" itemprop=\"url\"> <meta itemprop=\"width\" content=\"103\"> <meta itemprop=\"height\" content=\"72\"> <img decoding=\"async\" class=\"\" data-attachment-id=\"41694\" data-orig-file=\"http:\/\/www.jojoenherbe.com\/wp-content\/uploads\/2025\/12\/Lenfance-du-Pere-Noel-scaled.jpg\" data-orig-size=\"2560,1790\" data-comments-opened=\"1\" data-image-meta=\"{&quot;aperture&quot;:&quot;1.8&quot;,&quot;credit&quot;:&quot;&quot;,&quot;camera&quot;:&quot;iPhone SE (3rd generation)&quot;,&quot;caption&quot;:&quot;&quot;,&quot;created_timestamp&quot;:&quot;1765555967&quot;,&quot;copyright&quot;:&quot;&quot;,&quot;focal_length&quot;:&quot;3.99&quot;,&quot;iso&quot;:&quot;500&quot;,&quot;shutter_speed&quot;:&quot;0.04&quot;,&quot;title&quot;:&quot;&quot;,&quot;orientation&quot;:&quot;1&quot;}\" data-image-title=\"L&amp;rsquo;enfance du P\u00e8re No\u00ebl\" data-image-description=\"\" data-medium-file=\"https:\/\/i0.wp.com\/www.jojoenherbe.com\/wp-content\/uploads\/2025\/12\/Lenfance-du-Pere-Noel-scaled.jpg?fit=300%2C210\" data-large-file=\"https:\/\/i0.wp.com\/www.jojoenherbe.com\/wp-content\/uploads\/2025\/12\/Lenfance-du-Pere-Noel-scaled.jpg?fit=676%2C473\" src=\"https:\/\/i0.wp.com\/www.jojoenherbe.com\/wp-content\/uploads\/2025\/12\/Lenfance-du-Pere-Noel-scaled.jpg?w=103&#038;h=72\" srcset=\"https:\/\/i0.wp.com\/www.jojoenherbe.com\/wp-content\/uploads\/2025\/12\/Lenfance-du-Pere-Noel-scaled.jpg?w=2560 2560w, https:\/\/i0.wp.com\/www.jojoenherbe.com\/wp-content\/uploads\/2025\/12\/Lenfance-du-Pere-Noel-scaled.jpg?resize=300%2C210 300w, https:\/\/i0.wp.com\/www.jojoenherbe.com\/wp-content\/uploads\/2025\/12\/Lenfance-du-Pere-Noel-scaled.jpg?resize=1024%2C716 1024w, https:\/\/i0.wp.com\/www.jojoenherbe.com\/wp-content\/uploads\/2025\/12\/Lenfance-du-Pere-Noel-scaled.jpg?resize=768%2C537 768w, https:\/\/i0.wp.com\/www.jojoenherbe.com\/wp-content\/uploads\/2025\/12\/Lenfance-du-Pere-Noel-scaled.jpg?resize=1536%2C1074 1536w, https:\/\/i0.wp.com\/www.jojoenherbe.com\/wp-content\/uploads\/2025\/12\/Lenfance-du-Pere-Noel-scaled.jpg?resize=2048%2C1432 2048w, https:\/\/i0.wp.com\/www.jojoenherbe.com\/wp-content\/uploads\/2025\/12\/Lenfance-du-Pere-Noel-scaled.jpg?resize=676%2C473 676w, https:\/\/i0.wp.com\/www.jojoenherbe.com\/wp-content\/uploads\/2025\/12\/Lenfance-du-Pere-Noel-scaled.jpg?w=1352 1352w\" width=\"103\" height=\"72\" loading=\"lazy\" data-original-width=\"103\" data-original-height=\"72\" itemprop=\"http:\/\/schema.org\/image\" title=\"L&#039;enfance du P\u00e8re No\u00ebl\" alt=\"L&#039;enfance du P\u00e8re No\u00ebl\" style=\"width: 103px; height: 72px;\" \/> <\/a> <\/div> <\/div> <!-- close group --> <div class=\"gallery-group images-1\" style=\"width: 288px; height: 217px;\" data-original-width=\"288\" data-original-height=\"217\" > <div class=\"tiled-gallery-item tiled-gallery-item-large\" itemprop=\"associatedMedia\" itemscope itemtype=\"http:\/\/schema.org\/ImageObject\"> <a href=\"http:\/\/www.jojoenherbe.com\/index.php\/2025\/12\/12\/rat-de-noel-2025\/pal-rat-de-noel-2025\/\" border=\"0\" itemprop=\"url\"> <meta itemprop=\"width\" content=\"284\"> <meta itemprop=\"height\" content=\"213\"> <img decoding=\"async\" class=\"\" data-attachment-id=\"41696\" data-orig-file=\"http:\/\/www.jojoenherbe.com\/wp-content\/uploads\/2025\/12\/PAL-RAT-de-Noel-2025-scaled.jpg\" data-orig-size=\"2560,1920\" data-comments-opened=\"1\" data-image-meta=\"{&quot;aperture&quot;:&quot;1.8&quot;,&quot;credit&quot;:&quot;&quot;,&quot;camera&quot;:&quot;iPhone SE (3rd generation)&quot;,&quot;caption&quot;:&quot;&quot;,&quot;created_timestamp&quot;:&quot;1765556352&quot;,&quot;copyright&quot;:&quot;&quot;,&quot;focal_length&quot;:&quot;3.99&quot;,&quot;iso&quot;:&quot;640&quot;,&quot;shutter_speed&quot;:&quot;0.05&quot;,&quot;title&quot;:&quot;&quot;,&quot;orientation&quot;:&quot;1&quot;}\" data-image-title=\"PAL RAT de No\u00ebl 2025\" data-image-description=\"\" data-medium-file=\"https:\/\/i0.wp.com\/www.jojoenherbe.com\/wp-content\/uploads\/2025\/12\/PAL-RAT-de-Noel-2025-scaled.jpg?fit=300%2C225\" data-large-file=\"https:\/\/i0.wp.com\/www.jojoenherbe.com\/wp-content\/uploads\/2025\/12\/PAL-RAT-de-Noel-2025-scaled.jpg?fit=676%2C507\" src=\"https:\/\/i0.wp.com\/www.jojoenherbe.com\/wp-content\/uploads\/2025\/12\/PAL-RAT-de-Noel-2025-scaled.jpg?w=284&#038;h=213\" srcset=\"https:\/\/i0.wp.com\/www.jojoenherbe.com\/wp-content\/uploads\/2025\/12\/PAL-RAT-de-Noel-2025-scaled.jpg?w=2560 2560w, https:\/\/i0.wp.com\/www.jojoenherbe.com\/wp-content\/uploads\/2025\/12\/PAL-RAT-de-Noel-2025-scaled.jpg?resize=300%2C225 300w, https:\/\/i0.wp.com\/www.jojoenherbe.com\/wp-content\/uploads\/2025\/12\/PAL-RAT-de-Noel-2025-scaled.jpg?resize=1024%2C768 1024w, https:\/\/i0.wp.com\/www.jojoenherbe.com\/wp-content\/uploads\/2025\/12\/PAL-RAT-de-Noel-2025-scaled.jpg?resize=768%2C576 768w, https:\/\/i0.wp.com\/www.jojoenherbe.com\/wp-content\/uploads\/2025\/12\/PAL-RAT-de-Noel-2025-scaled.jpg?resize=1536%2C1152 1536w, https:\/\/i0.wp.com\/www.jojoenherbe.com\/wp-content\/uploads\/2025\/12\/PAL-RAT-de-Noel-2025-scaled.jpg?resize=2048%2C1536 2048w, https:\/\/i0.wp.com\/www.jojoenherbe.com\/wp-content\/uploads\/2025\/12\/PAL-RAT-de-Noel-2025-scaled.jpg?resize=676%2C507 676w, https:\/\/i0.wp.com\/www.jojoenherbe.com\/wp-content\/uploads\/2025\/12\/PAL-RAT-de-Noel-2025-scaled.jpg?w=1352 1352w\" width=\"284\" height=\"213\" loading=\"lazy\" data-original-width=\"284\" data-original-height=\"213\" itemprop=\"http:\/\/schema.org\/image\" title=\"PAL RAT de No\u00ebl 2025\" alt=\"PAL RAT de No\u00ebl 2025\" style=\"width: 284px; height: 213px;\" \/> <\/a> <\/div> <\/div> <!-- close group --> <div class=\"gallery-group images-1\" style=\"width: 281px; height: 217px;\" data-original-width=\"281\" data-original-height=\"217\" > <div class=\"tiled-gallery-item tiled-gallery-item-large\" itemprop=\"associatedMedia\" itemscope itemtype=\"http:\/\/schema.org\/ImageObject\"> <a href=\"http:\/\/www.jojoenherbe.com\/index.php\/2025\/12\/12\/rat-de-noel-2025\/pal-rat-de-noel-2025-2\/\" border=\"0\" itemprop=\"url\"> <meta itemprop=\"width\" content=\"277\"> <meta itemprop=\"height\" content=\"213\"> <img decoding=\"async\" class=\"\" data-attachment-id=\"41695\" data-orig-file=\"http:\/\/www.jojoenherbe.com\/wp-content\/uploads\/2025\/12\/PAL-RAT-de-Noel-2025-2-scaled.jpg\" data-orig-size=\"2560,1968\" data-comments-opened=\"1\" data-image-meta=\"{&quot;aperture&quot;:&quot;1.8&quot;,&quot;credit&quot;:&quot;&quot;,&quot;camera&quot;:&quot;iPhone SE (3rd generation)&quot;,&quot;caption&quot;:&quot;&quot;,&quot;created_timestamp&quot;:&quot;1765557910&quot;,&quot;copyright&quot;:&quot;&quot;,&quot;focal_length&quot;:&quot;3.99&quot;,&quot;iso&quot;:&quot;640&quot;,&quot;shutter_speed&quot;:&quot;0.058823529411765&quot;,&quot;title&quot;:&quot;&quot;,&quot;orientation&quot;:&quot;1&quot;}\" data-image-title=\"PAL RAT de No\u00ebl 2025 (2)\" data-image-description=\"\" data-medium-file=\"https:\/\/i0.wp.com\/www.jojoenherbe.com\/wp-content\/uploads\/2025\/12\/PAL-RAT-de-Noel-2025-2-scaled.jpg?fit=300%2C231\" data-large-file=\"https:\/\/i0.wp.com\/www.jojoenherbe.com\/wp-content\/uploads\/2025\/12\/PAL-RAT-de-Noel-2025-2-scaled.jpg?fit=676%2C520\" src=\"https:\/\/i0.wp.com\/www.jojoenherbe.com\/wp-content\/uploads\/2025\/12\/PAL-RAT-de-Noel-2025-2-scaled.jpg?w=277&#038;h=213\" srcset=\"https:\/\/i0.wp.com\/www.jojoenherbe.com\/wp-content\/uploads\/2025\/12\/PAL-RAT-de-Noel-2025-2-scaled.jpg?w=2560 2560w, https:\/\/i0.wp.com\/www.jojoenherbe.com\/wp-content\/uploads\/2025\/12\/PAL-RAT-de-Noel-2025-2-scaled.jpg?resize=300%2C231 300w, https:\/\/i0.wp.com\/www.jojoenherbe.com\/wp-content\/uploads\/2025\/12\/PAL-RAT-de-Noel-2025-2-scaled.jpg?resize=1024%2C787 1024w, https:\/\/i0.wp.com\/www.jojoenherbe.com\/wp-content\/uploads\/2025\/12\/PAL-RAT-de-Noel-2025-2-scaled.jpg?resize=768%2C590 768w, https:\/\/i0.wp.com\/www.jojoenherbe.com\/wp-content\/uploads\/2025\/12\/PAL-RAT-de-Noel-2025-2-scaled.jpg?resize=1536%2C1181 1536w, https:\/\/i0.wp.com\/www.jojoenherbe.com\/wp-content\/uploads\/2025\/12\/PAL-RAT-de-Noel-2025-2-scaled.jpg?resize=2048%2C1574 2048w, https:\/\/i0.wp.com\/www.jojoenherbe.com\/wp-content\/uploads\/2025\/12\/PAL-RAT-de-Noel-2025-2-scaled.jpg?resize=676%2C520 676w, https:\/\/i0.wp.com\/www.jojoenherbe.com\/wp-content\/uploads\/2025\/12\/PAL-RAT-de-Noel-2025-2-scaled.jpg?w=1352 1352w\" width=\"277\" height=\"213\" loading=\"lazy\" data-original-width=\"277\" data-original-height=\"213\" itemprop=\"http:\/\/schema.org\/image\" title=\"PAL RAT de No\u00ebl 2025 (2)\" alt=\"PAL RAT de No\u00ebl 2025 (2)\" style=\"width: 277px; height: 213px;\" \/> <\/a> <\/div> <\/div> <!-- close group --> <\/div> <!-- close row --> <\/div>\n<p style=\"text-align: justify;\"><em>Ce billet de suivi sera actualis\u00e9 tout le long du marathon et sera ponctu\u00e9 aussi par les passages sur les blogs et\/ou r\u00e9seaux sociaux des autres participantes et sur le forum du Chalet.<\/em><\/p>\n<p style=\"text-align: justify;\"><em>Pour d\u2019autres id\u00e9es no\u00ebllesques (lectures, recettes et autres activit\u00e9s), les autres participantes: <a href=\"https:\/\/www.laplanquealibellules.fr\/2025\/12\/marathon-de-lecture-13xnoel.html\/\">Chicky Poo<\/a>, <a href=\"https:\/\/viedecontedefee.blogspot.com\/2025\/12\/1853-weekend-lecture-au-chalet-billet.html\">Samarian<\/a>, <a href=\"https:\/\/sorbetkiwi.fr\/index.php\/on-bouquine-au-chalet-ce-week-end\/\">SorbetKiwi<\/a>, Hilde, <a href=\"https:\/\/lorouge.wordpress.com\/2025\/12\/12\/marathon-de-lecture-de-noel-au-chalet-il-etait-treize-fois-noel\/\">L&rsquo;Orouge<\/a>, <a href=\"https:\/\/mapetitemediatheque.fr\/2025\/12\/il-etait-13-fois-noel-marathon-de-lecture\/\">Bidib<\/a>, <a href=\"https:\/\/souriresouslapluie.wordpress.com\/2025\/12\/13\/weekend-marathon-de-lecture-de-noeeel\/\">Touloulou<\/a>&#8230;<\/em><\/p>\n<p>\u00c0 ce soir pour le d\u00e9but du RAT!<\/p>\n<p style=\"text-align: justify;\"><span style=\"text-decoration: underline; color: #008000;\"><em>Vendredi 12 d\u00e9cembre 2025<\/em><\/span><\/p>\n<p style=\"text-align: justify;\"><em><a href=\"https:\/\/i0.wp.com\/www.jojoenherbe.com\/wp-content\/uploads\/2025\/12\/La-petite-souris-de-Noel.jpg\"><img data-recalc-dims=\"1\" loading=\"lazy\" decoding=\"async\" data-attachment-id=\"41722\" data-permalink=\"http:\/\/www.jojoenherbe.com\/index.php\/2025\/12\/12\/rat-de-noel-2025\/screenshot-329\/\" data-orig-file=\"https:\/\/i0.wp.com\/www.jojoenherbe.com\/wp-content\/uploads\/2025\/12\/La-petite-souris-de-Noel.jpg?fit=687%2C961\" data-orig-size=\"687,961\" data-comments-opened=\"1\" data-image-meta=\"{&quot;aperture&quot;:&quot;0&quot;,&quot;credit&quot;:&quot;&quot;,&quot;camera&quot;:&quot;&quot;,&quot;caption&quot;:&quot;Screenshot&quot;,&quot;created_timestamp&quot;:&quot;0&quot;,&quot;copyright&quot;:&quot;&quot;,&quot;focal_length&quot;:&quot;0&quot;,&quot;iso&quot;:&quot;0&quot;,&quot;shutter_speed&quot;:&quot;0&quot;,&quot;title&quot;:&quot;Screenshot&quot;,&quot;orientation&quot;:&quot;1&quot;}\" data-image-title=\"\" data-image-description=\"\" data-image-caption=\"\" data-large-file=\"https:\/\/i0.wp.com\/www.jojoenherbe.com\/wp-content\/uploads\/2025\/12\/La-petite-souris-de-Noel.jpg?fit=676%2C946\" class=\"alignleft size-thumbnail wp-image-41722\" src=\"https:\/\/i0.wp.com\/www.jojoenherbe.com\/wp-content\/uploads\/2025\/12\/La-petite-souris-de-Noel.jpg?resize=150%2C150\" alt=\"\" width=\"150\" height=\"150\" srcset=\"https:\/\/i0.wp.com\/www.jojoenherbe.com\/wp-content\/uploads\/2025\/12\/La-petite-souris-de-Noel.jpg?resize=150%2C150 150w, https:\/\/i0.wp.com\/www.jojoenherbe.com\/wp-content\/uploads\/2025\/12\/La-petite-souris-de-Noel.jpg?zoom=2&amp;resize=150%2C150 300w, https:\/\/i0.wp.com\/www.jojoenherbe.com\/wp-content\/uploads\/2025\/12\/La-petite-souris-de-Noel.jpg?zoom=3&amp;resize=150%2C150 450w\" sizes=\"auto, (max-width: 150px) 100vw, 150px\" \/><\/a> <a href=\"https:\/\/i0.wp.com\/www.jojoenherbe.com\/wp-content\/uploads\/2025\/12\/Une-petite-faim.jpg\"><img data-recalc-dims=\"1\" loading=\"lazy\" decoding=\"async\" data-attachment-id=\"41723\" data-permalink=\"http:\/\/www.jojoenherbe.com\/index.php\/2025\/12\/12\/rat-de-noel-2025\/screenshot-330\/\" data-orig-file=\"https:\/\/i0.wp.com\/www.jojoenherbe.com\/wp-content\/uploads\/2025\/12\/Une-petite-faim.jpg?fit=750%2C1137\" data-orig-size=\"750,1137\" data-comments-opened=\"1\" data-image-meta=\"{&quot;aperture&quot;:&quot;0&quot;,&quot;credit&quot;:&quot;&quot;,&quot;camera&quot;:&quot;&quot;,&quot;caption&quot;:&quot;Screenshot&quot;,&quot;created_timestamp&quot;:&quot;0&quot;,&quot;copyright&quot;:&quot;&quot;,&quot;focal_length&quot;:&quot;0&quot;,&quot;iso&quot;:&quot;0&quot;,&quot;shutter_speed&quot;:&quot;0&quot;,&quot;title&quot;:&quot;Screenshot&quot;,&quot;orientation&quot;:&quot;1&quot;}\" data-image-title=\"\" data-image-description=\"\" data-image-caption=\"\" data-large-file=\"https:\/\/i0.wp.com\/www.jojoenherbe.com\/wp-content\/uploads\/2025\/12\/Une-petite-faim.jpg?fit=675%2C1024\" class=\"alignleft size-thumbnail wp-image-41723\" src=\"https:\/\/i0.wp.com\/www.jojoenherbe.com\/wp-content\/uploads\/2025\/12\/Une-petite-faim.jpg?resize=150%2C150\" alt=\"\" width=\"150\" height=\"150\" srcset=\"https:\/\/i0.wp.com\/www.jojoenherbe.com\/wp-content\/uploads\/2025\/12\/Une-petite-faim.jpg?resize=150%2C150 150w, https:\/\/i0.wp.com\/www.jojoenherbe.com\/wp-content\/uploads\/2025\/12\/Une-petite-faim.jpg?zoom=2&amp;resize=150%2C150 300w, https:\/\/i0.wp.com\/www.jojoenherbe.com\/wp-content\/uploads\/2025\/12\/Une-petite-faim.jpg?zoom=3&amp;resize=150%2C150 450w\" sizes=\"auto, (max-width: 150px) 100vw, 150px\" \/><\/a>Apr\u00e8s le repas et plus ou moins vers 21h, j&rsquo;ai lu la BD du jour 12 de <span style=\"text-decoration: underline; color: #ff0000;\">La BD de l&rsquo;Avent<\/span> (\u00e9d. Le Lombard, septembre 2025, 200 pages) en version num\u00e9rique via ma m\u00e9diath\u00e8que, <span style=\"text-decoration: underline; color: #008000;\">La petite souris de No\u00ebl<\/span> de Beno\u00eet Feroumont, avec l&rsquo;histoire d&rsquo;une petite fille qui a perdu une dent. J&rsquo;en ai profit\u00e9 pour relire tellement elle m&rsquo;a plu avec mon mini lutin celle du jour 8, <span style=\"text-decoration: underline; color: #ff0000;\">Une petite faim<\/span> de Dav, avec l&rsquo;histoire d&rsquo;un petit lapin affam\u00e9 aux faux airs de lemming (ceux de <span style=\"text-decoration: underline;\">Grizzy et les lemmings<\/span>). Un peu plus t\u00f4t dans l&rsquo;apr\u00e8s-midi, j&rsquo;ai regard\u00e9 la nouvelle capsule de <a href=\"https:\/\/croquerlespages.canalblog.com\/2025\/11\/mes-petites-chroniques-litteraires-et-autres-de-decembre.html\">Fondant<\/a>.\u00a0<\/em><\/p>\n<p style=\"text-align: justify;\"><em><a href=\"https:\/\/i0.wp.com\/www.jojoenherbe.com\/wp-content\/uploads\/2025\/12\/Lady-Sherlock-T1.jpg\"><img data-recalc-dims=\"1\" loading=\"lazy\" decoding=\"async\" data-attachment-id=\"41724\" data-permalink=\"http:\/\/www.jojoenherbe.com\/index.php\/2025\/12\/12\/rat-de-noel-2025\/screenshot-331\/\" data-orig-file=\"https:\/\/i0.wp.com\/www.jojoenherbe.com\/wp-content\/uploads\/2025\/12\/Lady-Sherlock-T1.jpg?fit=750%2C1222\" data-orig-size=\"750,1222\" data-comments-opened=\"1\" data-image-meta=\"{&quot;aperture&quot;:&quot;0&quot;,&quot;credit&quot;:&quot;&quot;,&quot;camera&quot;:&quot;&quot;,&quot;caption&quot;:&quot;Screenshot&quot;,&quot;created_timestamp&quot;:&quot;0&quot;,&quot;copyright&quot;:&quot;&quot;,&quot;focal_length&quot;:&quot;0&quot;,&quot;iso&quot;:&quot;0&quot;,&quot;shutter_speed&quot;:&quot;0&quot;,&quot;title&quot;:&quot;Screenshot&quot;,&quot;orientation&quot;:&quot;1&quot;}\" data-image-title=\"\" data-image-description=\"\" data-image-caption=\"\" data-large-file=\"https:\/\/i0.wp.com\/www.jojoenherbe.com\/wp-content\/uploads\/2025\/12\/Lady-Sherlock-T1.jpg?fit=628%2C1024\" class=\"size-thumbnail wp-image-41724 alignright\" src=\"https:\/\/i0.wp.com\/www.jojoenherbe.com\/wp-content\/uploads\/2025\/12\/Lady-Sherlock-T1.jpg?resize=150%2C150\" alt=\"\" width=\"150\" height=\"150\" srcset=\"https:\/\/i0.wp.com\/www.jojoenherbe.com\/wp-content\/uploads\/2025\/12\/Lady-Sherlock-T1.jpg?resize=150%2C150 150w, https:\/\/i0.wp.com\/www.jojoenherbe.com\/wp-content\/uploads\/2025\/12\/Lady-Sherlock-T1.jpg?zoom=2&amp;resize=150%2C150 300w, https:\/\/i0.wp.com\/www.jojoenherbe.com\/wp-content\/uploads\/2025\/12\/Lady-Sherlock-T1.jpg?zoom=3&amp;resize=150%2C150 450w\" sizes=\"auto, (max-width: 150px) 100vw, 150px\" \/><\/a>En soir\u00e9e, j&rsquo;ai continu\u00e9 \u00e0 lire, en e-book, jusqu&rsquo;au chapitre 13, le tome 1 de <span style=\"text-decoration: underline; color: #0000ff;\">Lady Sherlock, Une \u00e9tude en rose bonbon<\/span> de Sherry Thomas (\u00e9d. J&rsquo;ai lu pour elle, coll. Aventures &amp; Passions, avril 2021, 367 pages), un roman historique se d\u00e9roulant \u00e0 Londres avec l&rsquo;histoire de Charlotte Holmes, \u00e2g\u00e9e de 25 ans qui ruine sa r\u00e9putation pour prendre son ind\u00e9pendance et \u00e9viter le mariage. Malgr\u00e9 la collection, il n&rsquo;y a pour le moment aucune romance mais des enqu\u00eates, tout s&rsquo;appuyant sur l&rsquo;incroyable sens de l&rsquo;observation de la jeune femme afin d&rsquo;innocenter sa s\u0153ur Livia puis son p\u00e8re de d\u00e9c\u00e8s suspects. Charlotte peut compter, pour le moment, sur Lord Ingram et l&rsquo;inspecteur Treadles, tous deux mari\u00e9s.\u00a0\u00a0<\/em><\/p>\n<p><span style=\"text-decoration: underline; color: #ff0000;\"><em>Samedi 13 d\u00e9cembre 2025<\/em><\/span><\/p>\n<p style=\"text-align: justify;\"><em><a href=\"https:\/\/i0.wp.com\/www.jojoenherbe.com\/wp-content\/uploads\/2025\/12\/Perce-Neige-un-conte-de-Noel-scaled.jpg\"><img data-recalc-dims=\"1\" loading=\"lazy\" decoding=\"async\" data-attachment-id=\"41725\" data-permalink=\"http:\/\/www.jojoenherbe.com\/index.php\/2025\/12\/12\/rat-de-noel-2025\/perce-neige-un-conte-de-noel\/\" data-orig-file=\"https:\/\/i0.wp.com\/www.jojoenherbe.com\/wp-content\/uploads\/2025\/12\/Perce-Neige-un-conte-de-Noel-scaled.jpg?fit=2560%2C1825\" data-orig-size=\"2560,1825\" data-comments-opened=\"1\" data-image-meta=\"{&quot;aperture&quot;:&quot;1.8&quot;,&quot;credit&quot;:&quot;&quot;,&quot;camera&quot;:&quot;iPhone SE (3rd generation)&quot;,&quot;caption&quot;:&quot;&quot;,&quot;created_timestamp&quot;:&quot;1765556023&quot;,&quot;copyright&quot;:&quot;&quot;,&quot;focal_length&quot;:&quot;3.99&quot;,&quot;iso&quot;:&quot;640&quot;,&quot;shutter_speed&quot;:&quot;0.05&quot;,&quot;title&quot;:&quot;&quot;,&quot;orientation&quot;:&quot;1&quot;}\" data-image-title=\"Perce-Neige, un conte de No\u00ebl\" data-image-description=\"\" data-image-caption=\"\" data-large-file=\"https:\/\/i0.wp.com\/www.jojoenherbe.com\/wp-content\/uploads\/2025\/12\/Perce-Neige-un-conte-de-Noel-scaled.jpg?fit=676%2C482\" class=\"alignleft size-thumbnail wp-image-41725\" src=\"https:\/\/i0.wp.com\/www.jojoenherbe.com\/wp-content\/uploads\/2025\/12\/Perce-Neige-un-conte-de-Noel.jpg?resize=150%2C150\" alt=\"\" width=\"150\" height=\"150\" srcset=\"https:\/\/i0.wp.com\/www.jojoenherbe.com\/wp-content\/uploads\/2025\/12\/Perce-Neige-un-conte-de-Noel-scaled.jpg?resize=150%2C150 150w, https:\/\/i0.wp.com\/www.jojoenherbe.com\/wp-content\/uploads\/2025\/12\/Perce-Neige-un-conte-de-Noel-scaled.jpg?zoom=2&amp;resize=150%2C150 300w, https:\/\/i0.wp.com\/www.jojoenherbe.com\/wp-content\/uploads\/2025\/12\/Perce-Neige-un-conte-de-Noel-scaled.jpg?zoom=3&amp;resize=150%2C150 450w\" sizes=\"auto, (max-width: 150px) 100vw, 150px\" \/><\/a>En ce samedi matin, je vois que participent \u00e9galement au RAT Chicky Poo, L&rsquo;Orouge, Bidib et Samarian depuis hier soir et Hilde qui nous rejoint ce jour. R\u00e9veil \u00e0 6h30 pour mini lutin qui a commenc\u00e9 la journ\u00e9e en lisant <span style=\"text-decoration: underline; color: #008000;\">Perce-Neige, Un conte de No\u00ebl<\/span> d&rsquo;Emmanuel Lecaye et Gr\u00e9goire Solotareff (\u00e9d. L&rsquo;\u00e9cole des Loisirs, novembre 2024, r\u00e9\u00e9d. Maximax 2025, 88 pages), un album jeunesse \u00e0 partir de 8\/9 ans avec l&rsquo;histoire d&rsquo;un lutin qui cache une petite fille abandonn\u00e9e dans le village secret de No\u00ebl o\u00f9 les humains sont interdits. Il a bien appr\u00e9ci\u00e9 ce conte et m&rsquo;a dit de le lire.\u00a0<\/em><\/p>\n<p style=\"text-align: justify;\"><em>De mon c\u00f4t\u00e9, je me suis lev\u00e9e plus tard et commence par mettre \u00e0 jour ce billet puis faire un tour chez les autres participantes: au salon du Chalet: Chicky Poo qui a regard\u00e9 des \u00e9pisodes de la s\u00e9rie <span style=\"text-decoration: underline;\">Mistletoe murders<\/span> et Bidib, <span style=\"text-decoration: underline;\">Absentia<\/span> avant une journ\u00e9e de jardinage et bien pos\u00e9e sur sa m\u00e9ridienne, L&rsquo;Orouge qui lit <span style=\"text-decoration: underline;\">Un No\u00ebl romantique en Laponie<\/span> de Sarah Morgan, SorbetKiwi qui se demande bien quel livre choisir tant elle en a mis dans sa valise ainsi que Samarian qui lit aussi une romance contemporaine de No\u00ebl, <span style=\"text-decoration: underline;\">Comme dans une romance de No\u00ebl&#8230; ou pas!<\/span> de Valentine Maingault.\u00a0<\/em><\/p>\n<p style=\"text-align: justify;\"><em><a href=\"https:\/\/i0.wp.com\/www.jojoenherbe.com\/wp-content\/uploads\/2025\/12\/Lhomme-qui-pouvait-accomplir-des-miracles-2.jpg\"><img data-recalc-dims=\"1\" loading=\"lazy\" decoding=\"async\" data-attachment-id=\"41743\" data-permalink=\"http:\/\/www.jojoenherbe.com\/index.php\/2025\/12\/12\/rat-de-noel-2025\/screenshot-332\/\" data-orig-file=\"https:\/\/i0.wp.com\/www.jojoenherbe.com\/wp-content\/uploads\/2025\/12\/Lhomme-qui-pouvait-accomplir-des-miracles-2.jpg?fit=733%2C1021\" data-orig-size=\"733,1021\" data-comments-opened=\"1\" data-image-meta=\"{&quot;aperture&quot;:&quot;0&quot;,&quot;credit&quot;:&quot;&quot;,&quot;camera&quot;:&quot;&quot;,&quot;caption&quot;:&quot;Screenshot&quot;,&quot;created_timestamp&quot;:&quot;0&quot;,&quot;copyright&quot;:&quot;&quot;,&quot;focal_length&quot;:&quot;0&quot;,&quot;iso&quot;:&quot;0&quot;,&quot;shutter_speed&quot;:&quot;0&quot;,&quot;title&quot;:&quot;Screenshot&quot;,&quot;orientation&quot;:&quot;1&quot;}\" data-image-title=\"\" data-image-description=\"\" data-image-caption=\"\" data-large-file=\"https:\/\/i0.wp.com\/www.jojoenherbe.com\/wp-content\/uploads\/2025\/12\/Lhomme-qui-pouvait-accomplir-des-miracles-2.jpg?fit=676%2C942\" class=\"size-thumbnail wp-image-41743 alignright\" src=\"https:\/\/i0.wp.com\/www.jojoenherbe.com\/wp-content\/uploads\/2025\/12\/Lhomme-qui-pouvait-accomplir-des-miracles-2.jpg?resize=150%2C150\" alt=\"\" width=\"150\" height=\"150\" srcset=\"https:\/\/i0.wp.com\/www.jojoenherbe.com\/wp-content\/uploads\/2025\/12\/Lhomme-qui-pouvait-accomplir-des-miracles-2.jpg?resize=150%2C150 150w, https:\/\/i0.wp.com\/www.jojoenherbe.com\/wp-content\/uploads\/2025\/12\/Lhomme-qui-pouvait-accomplir-des-miracles-2.jpg?zoom=2&amp;resize=150%2C150 300w, https:\/\/i0.wp.com\/www.jojoenherbe.com\/wp-content\/uploads\/2025\/12\/Lhomme-qui-pouvait-accomplir-des-miracles-2.jpg?zoom=3&amp;resize=150%2C150 450w\" sizes=\"auto, (max-width: 150px) 100vw, 150px\" \/><\/a> <a href=\"https:\/\/i0.wp.com\/www.jojoenherbe.com\/wp-content\/uploads\/2025\/12\/Lhomme-qui-pouvait-accomplir-des-miracles.jpg\"><img data-recalc-dims=\"1\" loading=\"lazy\" decoding=\"async\" data-attachment-id=\"41744\" data-permalink=\"http:\/\/www.jojoenherbe.com\/index.php\/2025\/12\/12\/rat-de-noel-2025\/screenshot-333\/\" data-orig-file=\"https:\/\/i0.wp.com\/www.jojoenherbe.com\/wp-content\/uploads\/2025\/12\/Lhomme-qui-pouvait-accomplir-des-miracles.jpg?fit=750%2C989\" data-orig-size=\"750,989\" data-comments-opened=\"1\" data-image-meta=\"{&quot;aperture&quot;:&quot;0&quot;,&quot;credit&quot;:&quot;&quot;,&quot;camera&quot;:&quot;&quot;,&quot;caption&quot;:&quot;Screenshot&quot;,&quot;created_timestamp&quot;:&quot;0&quot;,&quot;copyright&quot;:&quot;&quot;,&quot;focal_length&quot;:&quot;0&quot;,&quot;iso&quot;:&quot;0&quot;,&quot;shutter_speed&quot;:&quot;0&quot;,&quot;title&quot;:&quot;Screenshot&quot;,&quot;orientation&quot;:&quot;1&quot;}\" data-image-title=\"\" data-image-description=\"\" data-image-caption=\"\" data-large-file=\"https:\/\/i0.wp.com\/www.jojoenherbe.com\/wp-content\/uploads\/2025\/12\/Lhomme-qui-pouvait-accomplir-des-miracles.jpg?fit=676%2C891\" class=\"size-thumbnail wp-image-41744 alignright\" src=\"https:\/\/i0.wp.com\/www.jojoenherbe.com\/wp-content\/uploads\/2025\/12\/Lhomme-qui-pouvait-accomplir-des-miracles.jpg?resize=150%2C150\" alt=\"\" width=\"150\" height=\"150\" srcset=\"https:\/\/i0.wp.com\/www.jojoenherbe.com\/wp-content\/uploads\/2025\/12\/Lhomme-qui-pouvait-accomplir-des-miracles.jpg?resize=150%2C150 150w, https:\/\/i0.wp.com\/www.jojoenherbe.com\/wp-content\/uploads\/2025\/12\/Lhomme-qui-pouvait-accomplir-des-miracles.jpg?zoom=2&amp;resize=150%2C150 300w, https:\/\/i0.wp.com\/www.jojoenherbe.com\/wp-content\/uploads\/2025\/12\/Lhomme-qui-pouvait-accomplir-des-miracles.jpg?zoom=3&amp;resize=150%2C150 450w\" sizes=\"auto, (max-width: 150px) 100vw, 150px\" \/><\/a>En d\u00e9but d&rsquo;apr\u00e8s-midi, pendant que mon mini lutin jouait \u00e0 la console avec son p\u00e8re, j&rsquo;ai lu, en version num\u00e9rique via ma m\u00e9diath\u00e8que, <span style=\"text-decoration: underline; color: #0000ff;\">L&rsquo;homme qui pouvait accomplir des miracles<\/span> de Jose Luis Munuera (\u00e9d.Dargaud, septembre 2025, 72 pages), d&rsquo;apr\u00e8s la nouvelle \u00e9ponyme de H.G. Wells parue en avec l&rsquo;histoire de George Mcwhirter Fotheringay, un homme ordinaire sans ambition ni imagination, qui d\u00e9couvre un jour qu&rsquo;il peut accomplir des miracles d&rsquo;un simple souhait. Encore une adaptation r\u00e9ussie avec une ambiance dans la continuit\u00e9 de ses adaptations pr\u00e9c\u00e9dentes, <a href=\"https:\/\/www.jojoenherbe.com\/index.php\/2024\/01\/05\/au-fil-des-pages-avec-un-chant-de-noel-une-histoire-de-fantomes\/\"><span style=\"text-decoration: underline;\">Un chant de No\u00ebl, une histoire de fant\u00f4mes<\/span><\/a> et <a href=\"https:\/\/www.jojoenherbe.com\/index.php\/2025\/01\/15\/au-fil-des-pages-avec-peter-pan-de-kensington\/\"><span style=\"text-decoration: underline;\">Peter Pan de Kensington<\/span><\/a>. Un tr\u00e8s bon moment de lecture! J&rsquo;en reparle tr\u00e8s vite mercredi pour le dernier rendez-vous de la BD de la Semaine 2025.<\/em><\/p>\n<p style=\"text-align: justify;\"><em><a href=\"https:\/\/i0.wp.com\/www.jojoenherbe.com\/wp-content\/uploads\/2025\/12\/Super-Noel.jpg\"><img data-recalc-dims=\"1\" loading=\"lazy\" decoding=\"async\" data-attachment-id=\"41745\" data-permalink=\"http:\/\/www.jojoenherbe.com\/index.php\/2025\/12\/12\/rat-de-noel-2025\/screenshot-334\/\" data-orig-file=\"https:\/\/i0.wp.com\/www.jojoenherbe.com\/wp-content\/uploads\/2025\/12\/Super-Noel.jpg?fit=750%2C950\" data-orig-size=\"750,950\" data-comments-opened=\"1\" data-image-meta=\"{&quot;aperture&quot;:&quot;0&quot;,&quot;credit&quot;:&quot;&quot;,&quot;camera&quot;:&quot;&quot;,&quot;caption&quot;:&quot;Screenshot&quot;,&quot;created_timestamp&quot;:&quot;0&quot;,&quot;copyright&quot;:&quot;&quot;,&quot;focal_length&quot;:&quot;0&quot;,&quot;iso&quot;:&quot;0&quot;,&quot;shutter_speed&quot;:&quot;0&quot;,&quot;title&quot;:&quot;Screenshot&quot;,&quot;orientation&quot;:&quot;1&quot;}\" data-image-title=\"\" data-image-description=\"\" data-image-caption=\"\" data-large-file=\"https:\/\/i0.wp.com\/www.jojoenherbe.com\/wp-content\/uploads\/2025\/12\/Super-Noel.jpg?fit=676%2C856\" class=\"alignleft size-thumbnail wp-image-41745\" src=\"https:\/\/i0.wp.com\/www.jojoenherbe.com\/wp-content\/uploads\/2025\/12\/Super-Noel.jpg?resize=150%2C150\" alt=\"\" width=\"150\" height=\"150\" srcset=\"https:\/\/i0.wp.com\/www.jojoenherbe.com\/wp-content\/uploads\/2025\/12\/Super-Noel.jpg?resize=150%2C150 150w, https:\/\/i0.wp.com\/www.jojoenherbe.com\/wp-content\/uploads\/2025\/12\/Super-Noel.jpg?zoom=2&amp;resize=150%2C150 300w, https:\/\/i0.wp.com\/www.jojoenherbe.com\/wp-content\/uploads\/2025\/12\/Super-Noel.jpg?zoom=3&amp;resize=150%2C150 450w\" sizes=\"auto, (max-width: 150px) 100vw, 150px\" \/><\/a>Entre les festivit\u00e9s de No\u00ebl organis\u00e9es hier \u00e0 La Gaude et \u00e0 Mouans-Sartoux, nous sommes finalement all\u00e9s, en fin d&rsquo;apr\u00e8s-midi \u00e0 la f\u00eate des Lumi\u00e8res de Mouans-Sartoux pour le d\u00e9fil\u00e9 de lampions et le feu d&rsquo;artifices. En d\u00e9ambulant dans les rues avec nos lampions, nous avons pu voir de jolis am\u00e9nagements floraux et d\u00e9corations de No\u00ebl mis par les habitants. Peu de place \u00e0 la lecture en cette fin de journ\u00e9e, sauf en attendant nos plats au restaurant en lisant la BD du jour 13 de <span style=\"text-decoration: underline;\">La BD de l&rsquo;Avent<\/span>, <span style=\"text-decoration: underline; color: #ff0000;\">Super No\u00ebl<\/span> de Thomas Le Petit-Corps et Julie Koerner avec l&rsquo;histoire d&rsquo;une fille dont l&rsquo;un des camarades de classe ne re\u00e7oit jamais de cadeau pour No\u00ebl. Apr\u00e8s un retour tardif, le mini lutin a rejoint Morph\u00e9e tandis que j&rsquo;ai continu\u00e9 un tout petit peu le <span style=\"color: #0000ff;\">tome 1<\/span> de <span style=\"text-decoration: underline; color: #0000ff;\">Lady Sherlock<\/span>.\u00a0<\/em><\/p>\n<div class=\"tiled-gallery type-rectangular tiled-gallery-unresized\" data-original-width=\"676\" data-carousel-extra='{&quot;blog_id&quot;:1,&quot;permalink&quot;:&quot;http:\\\/\\\/www.jojoenherbe.com\\\/index.php\\\/2025\\\/12\\\/12\\\/rat-de-noel-2025\\\/&quot;,&quot;likes_blog_id&quot;:141396489}' itemscope itemtype=\"http:\/\/schema.org\/ImageGallery\" > <div class=\"gallery-row\" style=\"width: 676px; height: 139px;\" data-original-width=\"676\" data-original-height=\"139\" > <div class=\"gallery-group images-1\" style=\"width: 168px; height: 139px;\" data-original-width=\"168\" data-original-height=\"139\" > <div class=\"tiled-gallery-item tiled-gallery-item-small\" itemprop=\"associatedMedia\" itemscope itemtype=\"http:\/\/schema.org\/ImageObject\"> <a href=\"http:\/\/www.jojoenherbe.com\/index.php\/2025\/12\/12\/rat-de-noel-2025\/mouans-sartoux-noel-2025-4\/\" border=\"0\" itemprop=\"url\"> <meta itemprop=\"width\" content=\"164\"> <meta itemprop=\"height\" content=\"135\"> <img decoding=\"async\" class=\"\" data-attachment-id=\"41739\" data-orig-file=\"http:\/\/www.jojoenherbe.com\/wp-content\/uploads\/2025\/12\/Mouans-Sartoux-Noel-2025-4-scaled.jpg\" data-orig-size=\"2560,2115\" data-comments-opened=\"1\" data-image-meta=\"{&quot;aperture&quot;:&quot;2.8&quot;,&quot;credit&quot;:&quot;&quot;,&quot;camera&quot;:&quot;DSC-HX400V&quot;,&quot;caption&quot;:&quot;&quot;,&quot;created_timestamp&quot;:&quot;1765659016&quot;,&quot;copyright&quot;:&quot;&quot;,&quot;focal_length&quot;:&quot;4.3&quot;,&quot;iso&quot;:&quot;800&quot;,&quot;shutter_speed&quot;:&quot;0.04&quot;,&quot;title&quot;:&quot;&quot;,&quot;orientation&quot;:&quot;1&quot;}\" data-image-title=\"Mouans-Sartoux No\u00ebl 2025 (4)\" data-image-description=\"\" data-medium-file=\"https:\/\/i0.wp.com\/www.jojoenherbe.com\/wp-content\/uploads\/2025\/12\/Mouans-Sartoux-Noel-2025-4-scaled.jpg?fit=300%2C248\" data-large-file=\"https:\/\/i0.wp.com\/www.jojoenherbe.com\/wp-content\/uploads\/2025\/12\/Mouans-Sartoux-Noel-2025-4-scaled.jpg?fit=676%2C558\" src=\"https:\/\/i0.wp.com\/www.jojoenherbe.com\/wp-content\/uploads\/2025\/12\/Mouans-Sartoux-Noel-2025-4-scaled.jpg?w=164&#038;h=135\" srcset=\"https:\/\/i0.wp.com\/www.jojoenherbe.com\/wp-content\/uploads\/2025\/12\/Mouans-Sartoux-Noel-2025-4-scaled.jpg?w=2560 2560w, https:\/\/i0.wp.com\/www.jojoenherbe.com\/wp-content\/uploads\/2025\/12\/Mouans-Sartoux-Noel-2025-4-scaled.jpg?resize=300%2C248 300w, https:\/\/i0.wp.com\/www.jojoenherbe.com\/wp-content\/uploads\/2025\/12\/Mouans-Sartoux-Noel-2025-4-scaled.jpg?resize=1024%2C846 1024w, https:\/\/i0.wp.com\/www.jojoenherbe.com\/wp-content\/uploads\/2025\/12\/Mouans-Sartoux-Noel-2025-4-scaled.jpg?resize=768%2C635 768w, https:\/\/i0.wp.com\/www.jojoenherbe.com\/wp-content\/uploads\/2025\/12\/Mouans-Sartoux-Noel-2025-4-scaled.jpg?resize=1536%2C1269 1536w, https:\/\/i0.wp.com\/www.jojoenherbe.com\/wp-content\/uploads\/2025\/12\/Mouans-Sartoux-Noel-2025-4-scaled.jpg?resize=2048%2C1692 2048w, https:\/\/i0.wp.com\/www.jojoenherbe.com\/wp-content\/uploads\/2025\/12\/Mouans-Sartoux-Noel-2025-4-scaled.jpg?resize=676%2C558 676w, https:\/\/i0.wp.com\/www.jojoenherbe.com\/wp-content\/uploads\/2025\/12\/Mouans-Sartoux-Noel-2025-4-scaled.jpg?w=1352 1352w\" width=\"164\" height=\"135\" loading=\"lazy\" data-original-width=\"164\" data-original-height=\"135\" itemprop=\"http:\/\/schema.org\/image\" title=\"Mouans-Sartoux No\u00ebl 2025 (4)\" alt=\"Mouans-Sartoux No\u00ebl 2025 (4)\" style=\"width: 164px; height: 135px;\" \/> <\/a> <\/div> <\/div> <!-- close group --> <div class=\"gallery-group images-1\" style=\"width: 118px; height: 139px;\" data-original-width=\"118\" data-original-height=\"139\" > <div class=\"tiled-gallery-item tiled-gallery-item-small\" itemprop=\"associatedMedia\" itemscope itemtype=\"http:\/\/schema.org\/ImageObject\"> <a href=\"http:\/\/www.jojoenherbe.com\/index.php\/2025\/12\/12\/rat-de-noel-2025\/mouans-sartoux-noel-2025-3\/\" border=\"0\" itemprop=\"url\"> <meta itemprop=\"width\" content=\"114\"> <meta itemprop=\"height\" content=\"135\"> <img decoding=\"async\" class=\"\" data-attachment-id=\"41735\" data-orig-file=\"http:\/\/www.jojoenherbe.com\/wp-content\/uploads\/2025\/12\/Mouans-Sartoux-Noel-2025-3-scaled.jpg\" data-orig-size=\"2157,2560\" data-comments-opened=\"1\" data-image-meta=\"{&quot;aperture&quot;:&quot;2.8&quot;,&quot;credit&quot;:&quot;&quot;,&quot;camera&quot;:&quot;DSC-HX400V&quot;,&quot;caption&quot;:&quot;&quot;,&quot;created_timestamp&quot;:&quot;1765658119&quot;,&quot;copyright&quot;:&quot;&quot;,&quot;focal_length&quot;:&quot;4.3&quot;,&quot;iso&quot;:&quot;800&quot;,&quot;shutter_speed&quot;:&quot;0.033333333333333&quot;,&quot;title&quot;:&quot;&quot;,&quot;orientation&quot;:&quot;1&quot;}\" data-image-title=\"Mouans-Sartoux No\u00ebl 2025 (3)\" data-image-description=\"\" data-medium-file=\"https:\/\/i0.wp.com\/www.jojoenherbe.com\/wp-content\/uploads\/2025\/12\/Mouans-Sartoux-Noel-2025-3-scaled.jpg?fit=253%2C300\" data-large-file=\"https:\/\/i0.wp.com\/www.jojoenherbe.com\/wp-content\/uploads\/2025\/12\/Mouans-Sartoux-Noel-2025-3-scaled.jpg?fit=676%2C802\" src=\"https:\/\/i0.wp.com\/www.jojoenherbe.com\/wp-content\/uploads\/2025\/12\/Mouans-Sartoux-Noel-2025-3-scaled.jpg?w=114&#038;h=135\" srcset=\"https:\/\/i0.wp.com\/www.jojoenherbe.com\/wp-content\/uploads\/2025\/12\/Mouans-Sartoux-Noel-2025-3-scaled.jpg?w=2157 2157w, https:\/\/i0.wp.com\/www.jojoenherbe.com\/wp-content\/uploads\/2025\/12\/Mouans-Sartoux-Noel-2025-3-scaled.jpg?resize=253%2C300 253w, https:\/\/i0.wp.com\/www.jojoenherbe.com\/wp-content\/uploads\/2025\/12\/Mouans-Sartoux-Noel-2025-3-scaled.jpg?resize=863%2C1024 863w, https:\/\/i0.wp.com\/www.jojoenherbe.com\/wp-content\/uploads\/2025\/12\/Mouans-Sartoux-Noel-2025-3-scaled.jpg?resize=768%2C912 768w, https:\/\/i0.wp.com\/www.jojoenherbe.com\/wp-content\/uploads\/2025\/12\/Mouans-Sartoux-Noel-2025-3-scaled.jpg?resize=1294%2C1536 1294w, https:\/\/i0.wp.com\/www.jojoenherbe.com\/wp-content\/uploads\/2025\/12\/Mouans-Sartoux-Noel-2025-3-scaled.jpg?resize=1725%2C2048 1725w, https:\/\/i0.wp.com\/www.jojoenherbe.com\/wp-content\/uploads\/2025\/12\/Mouans-Sartoux-Noel-2025-3-scaled.jpg?resize=676%2C802 676w, https:\/\/i0.wp.com\/www.jojoenherbe.com\/wp-content\/uploads\/2025\/12\/Mouans-Sartoux-Noel-2025-3-scaled.jpg?w=1352 1352w, https:\/\/i0.wp.com\/www.jojoenherbe.com\/wp-content\/uploads\/2025\/12\/Mouans-Sartoux-Noel-2025-3-scaled.jpg?w=2028 2028w\" width=\"114\" height=\"135\" loading=\"lazy\" data-original-width=\"114\" data-original-height=\"135\" itemprop=\"http:\/\/schema.org\/image\" title=\"Mouans-Sartoux No\u00ebl 2025 (3)\" alt=\"Mouans-Sartoux No\u00ebl 2025 (3)\" style=\"width: 114px; height: 135px;\" \/> <\/a> <\/div> <\/div> <!-- close group --> <div class=\"gallery-group images-1\" style=\"width: 105px; height: 139px;\" data-original-width=\"105\" data-original-height=\"139\" > <div class=\"tiled-gallery-item tiled-gallery-item-small\" itemprop=\"associatedMedia\" itemscope itemtype=\"http:\/\/schema.org\/ImageObject\"> <a href=\"http:\/\/www.jojoenherbe.com\/index.php\/2025\/12\/12\/rat-de-noel-2025\/mouans-sartoux-noel-2025-2\/\" border=\"0\" itemprop=\"url\"> <meta itemprop=\"width\" content=\"101\"> <meta itemprop=\"height\" content=\"135\"> <img decoding=\"async\" class=\"\" data-attachment-id=\"41734\" data-orig-file=\"http:\/\/www.jojoenherbe.com\/wp-content\/uploads\/2025\/12\/Mouans-Sartoux-Noel-2025-2-scaled.jpg\" data-orig-size=\"1920,2560\" data-comments-opened=\"1\" data-image-meta=\"{&quot;aperture&quot;:&quot;2.8&quot;,&quot;credit&quot;:&quot;&quot;,&quot;camera&quot;:&quot;DSC-HX400V&quot;,&quot;caption&quot;:&quot;&quot;,&quot;created_timestamp&quot;:&quot;1765658099&quot;,&quot;copyright&quot;:&quot;&quot;,&quot;focal_length&quot;:&quot;4.3&quot;,&quot;iso&quot;:&quot;320&quot;,&quot;shutter_speed&quot;:&quot;0.033333333333333&quot;,&quot;title&quot;:&quot;&quot;,&quot;orientation&quot;:&quot;1&quot;}\" data-image-title=\"Mouans-Sartoux No\u00ebl 2025 (2)\" data-image-description=\"\" data-medium-file=\"https:\/\/i0.wp.com\/www.jojoenherbe.com\/wp-content\/uploads\/2025\/12\/Mouans-Sartoux-Noel-2025-2-scaled.jpg?fit=225%2C300\" data-large-file=\"https:\/\/i0.wp.com\/www.jojoenherbe.com\/wp-content\/uploads\/2025\/12\/Mouans-Sartoux-Noel-2025-2-scaled.jpg?fit=676%2C901\" src=\"https:\/\/i0.wp.com\/www.jojoenherbe.com\/wp-content\/uploads\/2025\/12\/Mouans-Sartoux-Noel-2025-2-scaled.jpg?w=101&#038;h=135\" srcset=\"https:\/\/i0.wp.com\/www.jojoenherbe.com\/wp-content\/uploads\/2025\/12\/Mouans-Sartoux-Noel-2025-2-scaled.jpg?w=1920 1920w, https:\/\/i0.wp.com\/www.jojoenherbe.com\/wp-content\/uploads\/2025\/12\/Mouans-Sartoux-Noel-2025-2-scaled.jpg?resize=225%2C300 225w, https:\/\/i0.wp.com\/www.jojoenherbe.com\/wp-content\/uploads\/2025\/12\/Mouans-Sartoux-Noel-2025-2-scaled.jpg?resize=768%2C1024 768w, https:\/\/i0.wp.com\/www.jojoenherbe.com\/wp-content\/uploads\/2025\/12\/Mouans-Sartoux-Noel-2025-2-scaled.jpg?resize=1152%2C1536 1152w, https:\/\/i0.wp.com\/www.jojoenherbe.com\/wp-content\/uploads\/2025\/12\/Mouans-Sartoux-Noel-2025-2-scaled.jpg?resize=1536%2C2048 1536w, https:\/\/i0.wp.com\/www.jojoenherbe.com\/wp-content\/uploads\/2025\/12\/Mouans-Sartoux-Noel-2025-2-scaled.jpg?resize=676%2C901 676w, https:\/\/i0.wp.com\/www.jojoenherbe.com\/wp-content\/uploads\/2025\/12\/Mouans-Sartoux-Noel-2025-2-scaled.jpg?w=1352 1352w\" width=\"101\" height=\"135\" loading=\"lazy\" data-original-width=\"101\" data-original-height=\"135\" itemprop=\"http:\/\/schema.org\/image\" title=\"Mouans-Sartoux No\u00ebl 2025 (2)\" alt=\"Mouans-Sartoux No\u00ebl 2025 (2)\" style=\"width: 101px; height: 135px;\" \/> <\/a> <\/div> <\/div> <!-- close group --> <div class=\"gallery-group images-1\" style=\"width: 285px; height: 139px;\" data-original-width=\"285\" data-original-height=\"139\" > <div class=\"tiled-gallery-item tiled-gallery-item-large\" itemprop=\"associatedMedia\" itemscope itemtype=\"http:\/\/schema.org\/ImageObject\"> <a href=\"http:\/\/www.jojoenherbe.com\/index.php\/2025\/12\/12\/rat-de-noel-2025\/mouans-sartoux-noel-2025\/\" border=\"0\" itemprop=\"url\"> <meta itemprop=\"width\" content=\"281\"> <meta itemprop=\"height\" content=\"135\"> <img decoding=\"async\" class=\"\" data-attachment-id=\"41736\" data-orig-file=\"http:\/\/www.jojoenherbe.com\/wp-content\/uploads\/2025\/12\/Mouans-Sartoux-Noel-2025-scaled.jpg\" data-orig-size=\"2560,1235\" data-comments-opened=\"1\" data-image-meta=\"{&quot;aperture&quot;:&quot;5&quot;,&quot;credit&quot;:&quot;&quot;,&quot;camera&quot;:&quot;DSC-HX400V&quot;,&quot;caption&quot;:&quot;&quot;,&quot;created_timestamp&quot;:&quot;1765653763&quot;,&quot;copyright&quot;:&quot;&quot;,&quot;focal_length&quot;:&quot;60.5&quot;,&quot;iso&quot;:&quot;2000&quot;,&quot;shutter_speed&quot;:&quot;0.02&quot;,&quot;title&quot;:&quot;&quot;,&quot;orientation&quot;:&quot;1&quot;}\" data-image-title=\"Mouans-Sartoux No\u00ebl 2025\" data-image-description=\"\" data-medium-file=\"https:\/\/i0.wp.com\/www.jojoenherbe.com\/wp-content\/uploads\/2025\/12\/Mouans-Sartoux-Noel-2025-scaled.jpg?fit=300%2C145\" data-large-file=\"https:\/\/i0.wp.com\/www.jojoenherbe.com\/wp-content\/uploads\/2025\/12\/Mouans-Sartoux-Noel-2025-scaled.jpg?fit=676%2C326\" src=\"https:\/\/i0.wp.com\/www.jojoenherbe.com\/wp-content\/uploads\/2025\/12\/Mouans-Sartoux-Noel-2025-scaled.jpg?w=281&#038;h=135\" srcset=\"https:\/\/i0.wp.com\/www.jojoenherbe.com\/wp-content\/uploads\/2025\/12\/Mouans-Sartoux-Noel-2025-scaled.jpg?w=2560 2560w, https:\/\/i0.wp.com\/www.jojoenherbe.com\/wp-content\/uploads\/2025\/12\/Mouans-Sartoux-Noel-2025-scaled.jpg?resize=300%2C145 300w, https:\/\/i0.wp.com\/www.jojoenherbe.com\/wp-content\/uploads\/2025\/12\/Mouans-Sartoux-Noel-2025-scaled.jpg?resize=1024%2C494 1024w, https:\/\/i0.wp.com\/www.jojoenherbe.com\/wp-content\/uploads\/2025\/12\/Mouans-Sartoux-Noel-2025-scaled.jpg?resize=768%2C370 768w, https:\/\/i0.wp.com\/www.jojoenherbe.com\/wp-content\/uploads\/2025\/12\/Mouans-Sartoux-Noel-2025-scaled.jpg?resize=1536%2C741 1536w, https:\/\/i0.wp.com\/www.jojoenherbe.com\/wp-content\/uploads\/2025\/12\/Mouans-Sartoux-Noel-2025-scaled.jpg?resize=2048%2C988 2048w, https:\/\/i0.wp.com\/www.jojoenherbe.com\/wp-content\/uploads\/2025\/12\/Mouans-Sartoux-Noel-2025-scaled.jpg?resize=676%2C326 676w, https:\/\/i0.wp.com\/www.jojoenherbe.com\/wp-content\/uploads\/2025\/12\/Mouans-Sartoux-Noel-2025-scaled.jpg?w=1352 1352w\" width=\"281\" height=\"135\" loading=\"lazy\" data-original-width=\"281\" data-original-height=\"135\" itemprop=\"http:\/\/schema.org\/image\" title=\"Mouans-Sartoux No\u00ebl 2025\" alt=\"Mouans-Sartoux No\u00ebl 2025\" style=\"width: 281px; height: 135px;\" \/> <\/a> <\/div> <\/div> <!-- close group --> <\/div> <!-- close row --> <\/div>\n<p><span style=\"text-decoration: underline; color: #008000;\"><em>Dimanche 14 d\u00e9cembre 2025<\/em><\/span><\/p>\n<p style=\"text-align: justify;\"><em>En ce d\u00e9but de journ\u00e9e, je commence par mettre \u00e0 jour mon billet, \u00e0 r\u00e9pondre \u00e0 vos commentaires (merci pour vos passages) et aller faire un tour chez les autres participantes, Touloulou nous ayant aussi rejointes mais aussi chez <a href=\"https:\/\/ribambelledhistoires.over-blog.com\/\">Isabelle<\/a> pour la Brigade des marmitonnes (avec en ce 2e dimanche du mois, le chutney indien), chez <a href=\"https:\/\/ducotedechezma.fr\/2025\/12\/13\/projet-52-2025-semaine-50-eclairer\/\">Ma&rsquo;<\/a> pour la photo du samedi de son projet 52-2025 \u00ab\u00a0\u00e9clairer\u00a0\u00bb et chez Fondant avec une nouvelle capsule mise en ligne sur <span style=\"text-decoration: underline;\">Ouest<\/span> de Fran\u00e7ois Vallejo.\u00a0\u00a0<\/em><\/p>\n<p style=\"text-align: justify;\"><em><a href=\"https:\/\/i0.wp.com\/www.jojoenherbe.com\/wp-content\/uploads\/2025\/12\/Lenfance-du-Pere-Noel-14-scaled.jpg\"><img data-recalc-dims=\"1\" loading=\"lazy\" decoding=\"async\" data-attachment-id=\"41750\" data-permalink=\"http:\/\/www.jojoenherbe.com\/index.php\/2025\/12\/12\/rat-de-noel-2025\/lenfance-du-pere-noel-14\/\" data-orig-file=\"https:\/\/i0.wp.com\/www.jojoenherbe.com\/wp-content\/uploads\/2025\/12\/Lenfance-du-Pere-Noel-14-scaled.jpg?fit=1920%2C2560\" data-orig-size=\"1920,2560\" data-comments-opened=\"1\" data-image-meta=\"{&quot;aperture&quot;:&quot;1.8&quot;,&quot;credit&quot;:&quot;&quot;,&quot;camera&quot;:&quot;iPhone SE (3rd generation)&quot;,&quot;caption&quot;:&quot;&quot;,&quot;created_timestamp&quot;:&quot;1765710370&quot;,&quot;copyright&quot;:&quot;&quot;,&quot;focal_length&quot;:&quot;3.99&quot;,&quot;iso&quot;:&quot;500&quot;,&quot;shutter_speed&quot;:&quot;0.033333333333333&quot;,&quot;title&quot;:&quot;&quot;,&quot;orientation&quot;:&quot;1&quot;}\" data-image-title=\"L&amp;rsquo;enfance du P\u00e8re No\u00ebl (14)\" data-image-description=\"\" data-image-caption=\"\" data-large-file=\"https:\/\/i0.wp.com\/www.jojoenherbe.com\/wp-content\/uploads\/2025\/12\/Lenfance-du-Pere-Noel-14-scaled.jpg?fit=676%2C901\" class=\"size-thumbnail wp-image-41750 alignright\" src=\"https:\/\/i0.wp.com\/www.jojoenherbe.com\/wp-content\/uploads\/2025\/12\/Lenfance-du-Pere-Noel-14.jpg?resize=150%2C150\" alt=\"\" width=\"150\" height=\"150\" srcset=\"https:\/\/i0.wp.com\/www.jojoenherbe.com\/wp-content\/uploads\/2025\/12\/Lenfance-du-Pere-Noel-14-scaled.jpg?resize=150%2C150 150w, https:\/\/i0.wp.com\/www.jojoenherbe.com\/wp-content\/uploads\/2025\/12\/Lenfance-du-Pere-Noel-14-scaled.jpg?zoom=2&amp;resize=150%2C150 300w, https:\/\/i0.wp.com\/www.jojoenherbe.com\/wp-content\/uploads\/2025\/12\/Lenfance-du-Pere-Noel-14-scaled.jpg?zoom=3&amp;resize=150%2C150 450w\" sizes=\"auto, (max-width: 150px) 100vw, 150px\" \/><\/a>Avant le d\u00e9jeuner (des cr\u00eapes sal\u00e9es et sucr\u00e9es), mon mini lutin a rattrap\u00e9 son \u00ab\u00a0retard\u00a0\u00bb avec les chapitres 8 \u00e0 12 de <span style=\"text-decoration: underline; color: #ff0000;\">L&rsquo;enfance du P\u00e8re No\u00ebl<\/span> de S\u00e9bastien Perez et Benjamin Lacombe (\u00e9d. Margot, diff. L\u2019\u00c9cole des Loisirs, octobre 2025, 104 pages), un album jeunesse de l&rsquo;Avent grand format aux magnifiques illustrations et \u00e0 partir de 5 ans. Je les ai relus avec lui. Il a voulu garder le chapitre 13 pour ce soir avec le chapitre 14 dont il a trouv\u00e9 l&rsquo;illustration superbe. Un plaisir partag\u00e9 de d\u00e9couvrir cette histoire avec lui!<\/em><\/p>\n<p style=\"text-align: justify;\"><em><a href=\"https:\/\/i0.wp.com\/www.jojoenherbe.com\/wp-content\/uploads\/2025\/12\/Un-Noel-a-Paris-T1.jpg\"><img data-recalc-dims=\"1\" loading=\"lazy\" decoding=\"async\" data-attachment-id=\"41758\" data-permalink=\"http:\/\/www.jojoenherbe.com\/index.php\/2025\/12\/12\/rat-de-noel-2025\/screenshot-335\/\" data-orig-file=\"https:\/\/i0.wp.com\/www.jojoenherbe.com\/wp-content\/uploads\/2025\/12\/Un-Noel-a-Paris-T1.jpg?fit=750%2C997\" data-orig-size=\"750,997\" data-comments-opened=\"1\" data-image-meta=\"{&quot;aperture&quot;:&quot;0&quot;,&quot;credit&quot;:&quot;&quot;,&quot;camera&quot;:&quot;&quot;,&quot;caption&quot;:&quot;Screenshot&quot;,&quot;created_timestamp&quot;:&quot;0&quot;,&quot;copyright&quot;:&quot;&quot;,&quot;focal_length&quot;:&quot;0&quot;,&quot;iso&quot;:&quot;0&quot;,&quot;shutter_speed&quot;:&quot;0&quot;,&quot;title&quot;:&quot;Screenshot&quot;,&quot;orientation&quot;:&quot;1&quot;}\" data-image-title=\"\" data-image-description=\"\" data-image-caption=\"\" data-large-file=\"https:\/\/i0.wp.com\/www.jojoenherbe.com\/wp-content\/uploads\/2025\/12\/Un-Noel-a-Paris-T1.jpg?fit=676%2C899\" class=\"alignleft size-thumbnail wp-image-41758\" src=\"https:\/\/i0.wp.com\/www.jojoenherbe.com\/wp-content\/uploads\/2025\/12\/Un-Noel-a-Paris-T1.jpg?resize=150%2C150\" alt=\"\" width=\"150\" height=\"150\" srcset=\"https:\/\/i0.wp.com\/www.jojoenherbe.com\/wp-content\/uploads\/2025\/12\/Un-Noel-a-Paris-T1.jpg?resize=150%2C150 150w, https:\/\/i0.wp.com\/www.jojoenherbe.com\/wp-content\/uploads\/2025\/12\/Un-Noel-a-Paris-T1.jpg?zoom=2&amp;resize=150%2C150 300w, https:\/\/i0.wp.com\/www.jojoenherbe.com\/wp-content\/uploads\/2025\/12\/Un-Noel-a-Paris-T1.jpg?zoom=3&amp;resize=150%2C150 450w\" sizes=\"auto, (max-width: 150px) 100vw, 150px\" \/><\/a> <a href=\"https:\/\/i0.wp.com\/www.jojoenherbe.com\/wp-content\/uploads\/2025\/12\/Un-Noel-a-Paris-T1-2.jpg\"><img data-recalc-dims=\"1\" loading=\"lazy\" decoding=\"async\" data-attachment-id=\"41759\" data-permalink=\"http:\/\/www.jojoenherbe.com\/index.php\/2025\/12\/12\/rat-de-noel-2025\/screenshot-336\/\" data-orig-file=\"https:\/\/i0.wp.com\/www.jojoenherbe.com\/wp-content\/uploads\/2025\/12\/Un-Noel-a-Paris-T1-2.jpg?fit=628%2C608\" data-orig-size=\"628,608\" data-comments-opened=\"1\" data-image-meta=\"{&quot;aperture&quot;:&quot;0&quot;,&quot;credit&quot;:&quot;&quot;,&quot;camera&quot;:&quot;&quot;,&quot;caption&quot;:&quot;Screenshot&quot;,&quot;created_timestamp&quot;:&quot;0&quot;,&quot;copyright&quot;:&quot;&quot;,&quot;focal_length&quot;:&quot;0&quot;,&quot;iso&quot;:&quot;0&quot;,&quot;shutter_speed&quot;:&quot;0&quot;,&quot;title&quot;:&quot;Screenshot&quot;,&quot;orientation&quot;:&quot;1&quot;}\" data-image-title=\"\" data-image-description=\"\" data-image-caption=\"\" data-large-file=\"https:\/\/i0.wp.com\/www.jojoenherbe.com\/wp-content\/uploads\/2025\/12\/Un-Noel-a-Paris-T1-2.jpg?fit=628%2C608\" class=\"alignleft size-thumbnail wp-image-41759\" src=\"https:\/\/i0.wp.com\/www.jojoenherbe.com\/wp-content\/uploads\/2025\/12\/Un-Noel-a-Paris-T1-2.jpg?resize=150%2C150\" alt=\"\" width=\"150\" height=\"150\" srcset=\"https:\/\/i0.wp.com\/www.jojoenherbe.com\/wp-content\/uploads\/2025\/12\/Un-Noel-a-Paris-T1-2.jpg?resize=150%2C150 150w, https:\/\/i0.wp.com\/www.jojoenherbe.com\/wp-content\/uploads\/2025\/12\/Un-Noel-a-Paris-T1-2.jpg?zoom=2&amp;resize=150%2C150 300w, https:\/\/i0.wp.com\/www.jojoenherbe.com\/wp-content\/uploads\/2025\/12\/Un-Noel-a-Paris-T1-2.jpg?zoom=3&amp;resize=150%2C150 450w\" sizes=\"auto, (max-width: 150px) 100vw, 150px\" \/><\/a>En d\u00e9but d&rsquo;apr\u00e8s-midi et comme hier, j&rsquo;ai lu, en version num\u00e9rique via ma m\u00e9diath\u00e8que, le tome 1 du diptyque <span style=\"text-decoration: underline; color: #008000;\">Un No\u00ebl \u00e0 Paris<\/span> de Jim et Guiseppe Liotti (\u00e9d. Le Lombard, octobre 2025, 104 pages), un roman graphique \u00e0 partir de 12 ans selon l&rsquo;\u00e9diteur mais que j&rsquo;aurai pens\u00e9 pour plus grands, vu les th\u00e8mes abord\u00e9s puisque nous suivons \u00c8ve et Simon, un couple de quadrag\u00e9naires sur le point de divorcer, apr\u00e8s un dernier No\u00ebl en famille en ce 24 d\u00e9cembre mouvement\u00e9. Il faut d\u00e9sormais attendre No\u00ebl 2026 pour conna\u00eetre la fin. Un bon moment de lecture, l&rsquo;ayant appr\u00e9ci\u00e9 graphiquement!<\/em><\/p>\n<p style=\"text-align: justify;\"><em><a href=\"https:\/\/i0.wp.com\/www.jojoenherbe.com\/wp-content\/uploads\/2025\/12\/Reunion.jpg\"><img data-recalc-dims=\"1\" loading=\"lazy\" decoding=\"async\" data-attachment-id=\"41760\" data-permalink=\"http:\/\/www.jojoenherbe.com\/index.php\/2025\/12\/12\/rat-de-noel-2025\/screenshot-337\/\" data-orig-file=\"https:\/\/i0.wp.com\/www.jojoenherbe.com\/wp-content\/uploads\/2025\/12\/Reunion.jpg?fit=733%2C392\" data-orig-size=\"733,392\" data-comments-opened=\"1\" data-image-meta=\"{&quot;aperture&quot;:&quot;0&quot;,&quot;credit&quot;:&quot;&quot;,&quot;camera&quot;:&quot;&quot;,&quot;caption&quot;:&quot;Screenshot&quot;,&quot;created_timestamp&quot;:&quot;0&quot;,&quot;copyright&quot;:&quot;&quot;,&quot;focal_length&quot;:&quot;0&quot;,&quot;iso&quot;:&quot;0&quot;,&quot;shutter_speed&quot;:&quot;0&quot;,&quot;title&quot;:&quot;Screenshot&quot;,&quot;orientation&quot;:&quot;1&quot;}\" data-image-title=\"\" data-image-description=\"\" data-image-caption=\"\" data-large-file=\"https:\/\/i0.wp.com\/www.jojoenherbe.com\/wp-content\/uploads\/2025\/12\/Reunion.jpg?fit=676%2C362\" class=\"size-thumbnail wp-image-41760 alignright\" src=\"https:\/\/i0.wp.com\/www.jojoenherbe.com\/wp-content\/uploads\/2025\/12\/Reunion.jpg?resize=150%2C150\" alt=\"\" width=\"150\" height=\"150\" srcset=\"https:\/\/i0.wp.com\/www.jojoenherbe.com\/wp-content\/uploads\/2025\/12\/Reunion.jpg?resize=150%2C150 150w, https:\/\/i0.wp.com\/www.jojoenherbe.com\/wp-content\/uploads\/2025\/12\/Reunion.jpg?zoom=2&amp;resize=150%2C150 300w, https:\/\/i0.wp.com\/www.jojoenherbe.com\/wp-content\/uploads\/2025\/12\/Reunion.jpg?zoom=3&amp;resize=150%2C150 450w\" sizes=\"auto, (max-width: 150px) 100vw, 150px\" \/><\/a>Me voyant lire ce roman graphique, mon mini lutin a voulu d\u00e9j\u00e0 lire la BD du jour 14 de la BD de l&rsquo;Avent, <span style=\"text-decoration: underline; color: #ff0000;\">R\u00e9union<\/span> de Lou Lubie avec les pr\u00e9paratifs de No\u00ebl d&rsquo;une petite fille vivant sur l&rsquo;\u00eele de la R\u00e9union, en \u00e9t\u00e9. J&rsquo;ai surtout saliv\u00e9 devant la bulle gourmande de leur repas de No\u00ebl bien tentant.\u00a0<\/em><\/p>\n<p style=\"text-align: justify;\"><em>Puis j&rsquo;ai repris ma lecture du <span style=\"color: #0000ff;\">tome 1<\/span> de <span style=\"text-decoration: underline; color: #0000ff;\">Lady Sherlock<\/span>, un tome introductif dans lequel Charlotte Holmes tente de gagner son ind\u00e9pendance, malgr\u00e9 sa condition de jeune lady vivant \u00e0 l&rsquo;\u00e9poque victorienne, gr\u00e2ce \u00e0 l&rsquo;aide inattendue d&rsquo;une riche veuve demi-mondaine, Madame Watson et de son ami d&rsquo;enfance, Lord Ingram, \u00e2g\u00e9 de 27 ans et qui conna\u00eet ses activit\u00e9s sous le nom de Sherlock (la tension entre les deux est forte). Compte-tenu de sa condition de femme, l&rsquo;enqu\u00eate est surtout men\u00e9e par l&rsquo;inspecteur Robert Treadles, suivant les d\u00e9ductions de Charlotte. Je pense le terminer ce soir et je lirai volontiers les autres tomes qui en comprend actuellement six traduits en fran\u00e7ais, le dernier, <span style=\"text-decoration: underline;\">Mlle Moriarty, je pr\u00e9sume?<\/span> (\u00e9d. novembre 2025, 433 pages). De son c\u00f4t\u00e9, mon mini lutin a regard\u00e9 des \u00e9pisodes de <span style=\"text-decoration: underline; color: #0000ff;\">Ninjago<\/span>.<\/em><\/p>\n<p>Bonne fin de week-end!<\/p>\n<div id=\"attachment_41358\" style=\"width: 118px\" class=\"wp-caption aligncenter\"><img data-recalc-dims=\"1\" loading=\"lazy\" decoding=\"async\" aria-describedby=\"caption-attachment-41358\" data-attachment-id=\"41358\" data-permalink=\"http:\/\/www.jojoenherbe.com\/index.php\/2025\/11\/15\/billet-de-suivi-il-etait-13-fois-noel\/il-etait-13-fois-noel-logo-2\/\" data-orig-file=\"https:\/\/i0.wp.com\/www.jojoenherbe.com\/wp-content\/uploads\/2025\/11\/Il-etait-13-fois-Noel-logo-2.png?fit=633%2C633\" data-orig-size=\"633,633\" data-comments-opened=\"1\" data-image-meta=\"{&quot;aperture&quot;:&quot;0&quot;,&quot;credit&quot;:&quot;&quot;,&quot;camera&quot;:&quot;&quot;,&quot;caption&quot;:&quot;&quot;,&quot;created_timestamp&quot;:&quot;0&quot;,&quot;copyright&quot;:&quot;&quot;,&quot;focal_length&quot;:&quot;0&quot;,&quot;iso&quot;:&quot;0&quot;,&quot;shutter_speed&quot;:&quot;0&quot;,&quot;title&quot;:&quot;&quot;,&quot;orientation&quot;:&quot;0&quot;}\" data-image-title=\"Il \u00e9tait 13 fois No\u00ebl &amp;#8211; logo 2\" data-image-description=\"\" data-image-caption=\"\" data-large-file=\"https:\/\/i0.wp.com\/www.jojoenherbe.com\/wp-content\/uploads\/2025\/11\/Il-etait-13-fois-Noel-logo-2.png?fit=633%2C633\" class=\"wp-image-41358\" src=\"https:\/\/i0.wp.com\/www.jojoenherbe.com\/wp-content\/uploads\/2025\/11\/Il-etait-13-fois-Noel-logo-2.png?resize=108%2C108\" alt=\"\" width=\"108\" height=\"108\" srcset=\"https:\/\/i0.wp.com\/www.jojoenherbe.com\/wp-content\/uploads\/2025\/11\/Il-etait-13-fois-Noel-logo-2.png?w=633 633w, https:\/\/i0.wp.com\/www.jojoenherbe.com\/wp-content\/uploads\/2025\/11\/Il-etait-13-fois-Noel-logo-2.png?resize=300%2C300 300w, https:\/\/i0.wp.com\/www.jojoenherbe.com\/wp-content\/uploads\/2025\/11\/Il-etait-13-fois-Noel-logo-2.png?resize=150%2C150 150w\" sizes=\"auto, (max-width: 108px) 100vw, 108px\" \/><p id=\"caption-attachment-41358\" class=\"wp-caption-text\">Participation #2 Challenge il \u00e9tait 13 fois No\u00ebl de <em><a href=\"https:\/\/www.laplanquealibellules.fr\/2025\/11\/il-etait-treize-fois-noel.html\/\">Chicky Poo<\/a> et <a href=\"https:\/\/viedecontedefee.blogspot.com\/2025\/11\/1844-il-etait-treize-fois-noel.html\">Samarian<\/a><\/em> #RAT de No\u00ebl<\/p><\/div>\n","protected":false},"excerpt":{"rendered":"<p>Ce 12 d\u00e9cembre 2025 \u00e0 21h00 d\u00e9bute un RAT de No\u00ebl coorganis\u00e9 par Chicky Poo et Samarian dans le cadre du challenge Il \u00e9tait 13 fois No\u00ebl, et ce jusqu\u2019au 14 d\u00e9cembre minuit avec au moins une lecture sur le th\u00e8me de l\u2019hiver et\/ou de No\u00ebl. Alors on se glisse sous les plaids, au coin [&hellip;]<\/p>\n","protected":false},"author":1,"featured_media":41693,"comment_status":"open","ping_status":"open","sticky":false,"template":"","format":"standard","meta":{"jetpack_post_was_ever_published":false,"_jetpack_newsletter_access":"","_jetpack_dont_email_post_to_subs":false,"_jetpack_newsletter_tier_id":0,"_jetpack_memberships_contains_paywalled_content":false,"_jetpack_memberships_contains_paid_content":false,"footnotes":""},"categories":[2140,873,363],"tags":[2016,4754,1016,1056,4762,2310],"class_list":["post-41691","post","type-post","status-publish","format-standard","has-post-thumbnail","hentry","category-mini-blogueur","category-mini-challenger","category-mini-lecteur","tag-challenge-livresque","tag-il-etait-13-fois-noel","tag-lectures-dhiver","tag-lectures-de-noel","tag-noelloween-2025","tag-read-a-thon","post-preview"],"jetpack_featured_media_url":"https:\/\/i0.wp.com\/www.jojoenherbe.com\/wp-content\/uploads\/2025\/12\/Il-etait-13-fois-Noel-logo-3.jpg?fit=626%2C589","jetpack_sharing_enabled":true,"jetpack_shortlink":"https:\/\/wp.me\/p9zhGx-aQr","jetpack_likes_enabled":true,"jetpack-related-posts":[{"id":41357,"url":"http:\/\/www.jojoenherbe.com\/index.php\/2025\/11\/15\/billet-de-suivi-il-etait-13-fois-noel\/","url_meta":{"origin":41691,"position":0},"title":"Billet de suivi: Il \u00e9tait 13 fois No\u00ebl","author":"Jojo","date":"15 novembre 2025","format":false,"excerpt":"Le mois de d\u00e9cembre approchant, c\u2019est le retour de Il \u00e9tait 13 fois No\u00ebl, un challenge de No\u00ebl coorganis\u00e9 par Chicky Poo et Samarian qui ouvrent les portes de leur Chalet du 15 novembre 2025 au 11 janvier 2026. Cette ann\u00e9e, elles ont imagin\u00e9 une nouvelle formule avec des cases\u2026","rel":"","context":"Dans &quot;Mini blogueur&quot;","block_context":{"text":"Mini blogueur","link":"http:\/\/www.jojoenherbe.com\/index.php\/category\/mini-blogueur\/"},"img":{"alt_text":"","src":"https:\/\/i0.wp.com\/www.jojoenherbe.com\/wp-content\/uploads\/2025\/11\/Il-etait-13-fois-Noel-logo.jpg?fit=626%2C589&resize=350%2C200","width":350,"height":200,"srcset":"https:\/\/i0.wp.com\/www.jojoenherbe.com\/wp-content\/uploads\/2025\/11\/Il-etait-13-fois-Noel-logo.jpg?fit=626%2C589&resize=350%2C200 1x, https:\/\/i0.wp.com\/www.jojoenherbe.com\/wp-content\/uploads\/2025\/11\/Il-etait-13-fois-Noel-logo.jpg?fit=626%2C589&resize=525%2C300 1.5x"},"classes":[]},{"id":37216,"url":"http:\/\/www.jojoenherbe.com\/index.php\/2024\/11\/12\/billet-de-suivi-il-etait-12-fois-noel\/","url_meta":{"origin":41691,"position":1},"title":"Billet de suivi: Il \u00e9tait 12 fois No\u00ebl","author":"Jojo","date":"12 novembre 2024","format":false,"excerpt":"Le mois de d\u00e9cembre approchant, c\u2019est le retour de Il \u00e9tait 12 fois No\u00ebl, un challenge de No\u00ebl coorganis\u00e9 par Chicky Poo et Samarian qui ouvrent les portes de leur Chalet du 15 novembre 2024 au 5 janvier 2025. Pour plus d\u2019infos, n\u2019h\u00e9sitez pas \u00e0 aller sur leurs blogs et\u2026","rel":"","context":"Dans &quot;Mini blogueur&quot;","block_context":{"text":"Mini blogueur","link":"http:\/\/www.jojoenherbe.com\/index.php\/category\/mini-blogueur\/"},"img":{"alt_text":"","src":"https:\/\/i0.wp.com\/www.jojoenherbe.com\/wp-content\/uploads\/2024\/11\/Il-etait-12-fois-Noel-logo.jpg?fit=768%2C636&resize=350%2C200","width":350,"height":200,"srcset":"https:\/\/i0.wp.com\/www.jojoenherbe.com\/wp-content\/uploads\/2024\/11\/Il-etait-12-fois-Noel-logo.jpg?fit=768%2C636&resize=350%2C200 1x, https:\/\/i0.wp.com\/www.jojoenherbe.com\/wp-content\/uploads\/2024\/11\/Il-etait-12-fois-Noel-logo.jpg?fit=768%2C636&resize=525%2C300 1.5x, https:\/\/i0.wp.com\/www.jojoenherbe.com\/wp-content\/uploads\/2024\/11\/Il-etait-12-fois-Noel-logo.jpg?fit=768%2C636&resize=700%2C400 2x"},"classes":[]},{"id":28631,"url":"http:\/\/www.jojoenherbe.com\/index.php\/2022\/11\/18\/billet-de-suivi-il-etait-10-fois-noel\/","url_meta":{"origin":41691,"position":2},"title":"Billet de suivi: Il \u00e9tait 10 fois No\u00ebl","author":"Jojo","date":"18 novembre 2022","format":false,"excerpt":"Le mois de d\u00e9cembre approchant, c\u2019est le retour de Il \u00e9tait 10 fois No\u00ebl, un challenge de No\u00ebl organis\u00e9 par Chicky Poo et Samarian qui ouvrent les portes de leur Chalet du 28 novembre 2021 au 8 janvier 2022. Pour plus d\u2019infos, n\u2019h\u00e9sitez pas \u00e0 aller sur leurs blogs. Ce\u2026","rel":"","context":"Dans &quot;Mini challenger&quot;","block_context":{"text":"Mini challenger","link":"http:\/\/www.jojoenherbe.com\/index.php\/category\/mini-challenger\/"},"img":{"alt_text":"","src":"https:\/\/i0.wp.com\/www.jojoenherbe.com\/wp-content\/uploads\/2022\/11\/Il-etait-10-fois-Noel.jpg?fit=824%2C824&resize=350%2C200","width":350,"height":200,"srcset":"https:\/\/i0.wp.com\/www.jojoenherbe.com\/wp-content\/uploads\/2022\/11\/Il-etait-10-fois-Noel.jpg?fit=824%2C824&resize=350%2C200 1x, https:\/\/i0.wp.com\/www.jojoenherbe.com\/wp-content\/uploads\/2022\/11\/Il-etait-10-fois-Noel.jpg?fit=824%2C824&resize=525%2C300 1.5x, https:\/\/i0.wp.com\/www.jojoenherbe.com\/wp-content\/uploads\/2022\/11\/Il-etait-10-fois-Noel.jpg?fit=824%2C824&resize=700%2C400 2x"},"classes":[]},{"id":22494,"url":"http:\/\/www.jojoenherbe.com\/index.php\/2021\/11\/17\/billet-de-suivi-il-etait-9-fois-noel\/","url_meta":{"origin":41691,"position":3},"title":"Billet de suivi: Il \u00e9tait 9 fois No\u00ebl","author":"Jojo","date":"17 novembre 2021","format":false,"excerpt":"Le mois de d\u00e9cembre approchant, c\u2019est le retour de Il \u00e9tait 9 fois No\u00ebl, un challenge de No\u00ebl organis\u00e9 par Chicky Poo et Samarian qui ouvrent les portes de leur Chalet du 29 novembre 2021 au 2 janvier 2022. Pour plus d\u2019infos, n\u2019h\u00e9sitez pas \u00e0 aller sur leurs blogs. Ce\u2026","rel":"","context":"Dans &quot;Mini challenger&quot;","block_context":{"text":"Mini challenger","link":"http:\/\/www.jojoenherbe.com\/index.php\/category\/mini-challenger\/"},"img":{"alt_text":"","src":"https:\/\/i0.wp.com\/www.jojoenherbe.com\/wp-content\/uploads\/2021\/11\/Il-etait-9-fois-Noel-logo.jpg?fit=500%2C500&resize=350%2C200","width":350,"height":200},"classes":[]},{"id":13574,"url":"http:\/\/www.jojoenherbe.com\/index.php\/2020\/11\/10\/billet-de-suivi-il-etait-8-fois-noel\/","url_meta":{"origin":41691,"position":4},"title":"Billet de suivi: Il \u00e9tait 8 fois No\u00ebl","author":"Jojo","date":"10 novembre 2020","format":false,"excerpt":"Le mois de d\u00e9cembre approchant, c'est le retour de Il \u00e9tait 8 fois No\u00ebl, un challenge de No\u00ebl organis\u00e9 par Chicky Poo et Samarian et qui se d\u00e9roule du 30 novembre 2020 au 3 janvier 2021. Pour plus d\u2019infos, n\u2019h\u00e9sitez pas \u00e0 aller sur leurs blogs. Ce billet sera actualis\u00e9\u2026","rel":"","context":"Dans &quot;Mini challenger&quot;","block_context":{"text":"Mini challenger","link":"http:\/\/www.jojoenherbe.com\/index.php\/category\/mini-challenger\/"},"img":{"alt_text":"","src":"https:\/\/i0.wp.com\/www.jojoenherbe.com\/wp-content\/uploads\/2020\/11\/Logo_2_2020-1024x992-1.jpg?fit=1024%2C992&resize=350%2C200","width":350,"height":200,"srcset":"https:\/\/i0.wp.com\/www.jojoenherbe.com\/wp-content\/uploads\/2020\/11\/Logo_2_2020-1024x992-1.jpg?fit=1024%2C992&resize=350%2C200 1x, https:\/\/i0.wp.com\/www.jojoenherbe.com\/wp-content\/uploads\/2020\/11\/Logo_2_2020-1024x992-1.jpg?fit=1024%2C992&resize=525%2C300 1.5x, https:\/\/i0.wp.com\/www.jojoenherbe.com\/wp-content\/uploads\/2020\/11\/Logo_2_2020-1024x992-1.jpg?fit=1024%2C992&resize=700%2C400 2x"},"classes":[]},{"id":32973,"url":"http:\/\/www.jojoenherbe.com\/index.php\/2023\/11\/10\/billet-de-suivi-il-etait-11-fois-noel\/","url_meta":{"origin":41691,"position":5},"title":"Billet de suivi: Il \u00e9tait 11 fois No\u00ebl","author":"Jojo","date":"10 novembre 2023","format":false,"excerpt":"Le mois de d\u00e9cembre approchant, c\u2019est le retour de Il \u00e9tait 11 fois No\u00ebl, un challenge de No\u00ebl coorganis\u00e9 par Chicky Poo et Samarian qui ouvrent les portes de leur Chalet du 9 novembre 2023 au 7 janvier 2024. Pour plus d\u2019infos, n\u2019h\u00e9sitez pas \u00e0 aller sur leurs blogs. Ce\u2026","rel":"","context":"Dans &quot;Mini challenger&quot;","block_context":{"text":"Mini challenger","link":"http:\/\/www.jojoenherbe.com\/index.php\/category\/mini-challenger\/"},"img":{"alt_text":"","src":"https:\/\/i0.wp.com\/www.jojoenherbe.com\/wp-content\/uploads\/2023\/01\/Il-etait-11-fois-Noel-logo.jpg?fit=622%2C622&resize=350%2C200","width":350,"height":200,"srcset":"https:\/\/i0.wp.com\/www.jojoenherbe.com\/wp-content\/uploads\/2023\/01\/Il-etait-11-fois-Noel-logo.jpg?fit=622%2C622&resize=350%2C200 1x, https:\/\/i0.wp.com\/www.jojoenherbe.com\/wp-content\/uploads\/2023\/01\/Il-etait-11-fois-Noel-logo.jpg?fit=622%2C622&resize=525%2C300 1.5x"},"classes":[]}],"_links":{"self":[{"href":"http:\/\/www.jojoenherbe.com\/index.php\/wp-json\/wp\/v2\/posts\/41691","targetHints":{"allow":["GET"]}}],"collection":[{"href":"http:\/\/www.jojoenherbe.com\/index.php\/wp-json\/wp\/v2\/posts"}],"about":[{"href":"http:\/\/www.jojoenherbe.com\/index.php\/wp-json\/wp\/v2\/types\/post"}],"author":[{"embeddable":true,"href":"http:\/\/www.jojoenherbe.com\/index.php\/wp-json\/wp\/v2\/users\/1"}],"replies":[{"embeddable":true,"href":"http:\/\/www.jojoenherbe.com\/index.php\/wp-json\/wp\/v2\/comments?post=41691"}],"version-history":[{"count":33,"href":"http:\/\/www.jojoenherbe.com\/index.php\/wp-json\/wp\/v2\/posts\/41691\/revisions"}],"predecessor-version":[{"id":41957,"href":"http:\/\/www.jojoenherbe.com\/index.php\/wp-json\/wp\/v2\/posts\/41691\/revisions\/41957"}],"wp:featuredmedia":[{"embeddable":true,"href":"http:\/\/www.jojoenherbe.com\/index.php\/wp-json\/wp\/v2\/media\/41693"}],"wp:attachment":[{"href":"http:\/\/www.jojoenherbe.com\/index.php\/wp-json\/wp\/v2\/media?parent=41691"}],"wp:term":[{"taxonomy":"category","embeddable":true,"href":"http:\/\/www.jojoenherbe.com\/index.php\/wp-json\/wp\/v2\/categories?post=41691"},{"taxonomy":"post_tag","embeddable":true,"href":"http:\/\/www.jojoenherbe.com\/index.php\/wp-json\/wp\/v2\/tags?post=41691"}],"curies":[{"name":"wp","href":"https:\/\/api.w.org\/{rel}","templated":true}]}}