{"id":41678,"date":"2025-12-11T21:55:36","date_gmt":"2025-12-11T20:55:36","guid":{"rendered":"https:\/\/www.jojoenherbe.com\/?p=41678"},"modified":"2025-12-11T22:02:19","modified_gmt":"2025-12-11T21:02:19","slug":"throwback-thursday-livresque-un-des-cadeaux-sur-la-couverture","status":"publish","type":"post","link":"http:\/\/www.jojoenherbe.com\/index.php\/2025\/12\/11\/throwback-thursday-livresque-un-des-cadeaux-sur-la-couverture\/","title":{"rendered":"Throwback Thursday Livresque: Un\/des cadeaux sur la couverture"},"content":{"rendered":"<div id=\"attachment_32593\" style=\"width: 196px\" class=\"wp-caption alignleft\"><img data-recalc-dims=\"1\" loading=\"lazy\" decoding=\"async\" aria-describedby=\"caption-attachment-32593\" data-attachment-id=\"32593\" data-permalink=\"http:\/\/www.jojoenherbe.com\/index.php\/2023\/10\/12\/throwback-thursday-livresque-voyage-dans-le-temps\/ttl-logo\/\" data-orig-file=\"https:\/\/i0.wp.com\/www.jojoenherbe.com\/wp-content\/uploads\/2023\/10\/TTL-logo.jpg?fit=540%2C174\" data-orig-size=\"540,174\" data-comments-opened=\"1\" data-image-meta=\"{&quot;aperture&quot;:&quot;0&quot;,&quot;credit&quot;:&quot;&quot;,&quot;camera&quot;:&quot;&quot;,&quot;caption&quot;:&quot;&quot;,&quot;created_timestamp&quot;:&quot;0&quot;,&quot;copyright&quot;:&quot;&quot;,&quot;focal_length&quot;:&quot;0&quot;,&quot;iso&quot;:&quot;0&quot;,&quot;shutter_speed&quot;:&quot;0&quot;,&quot;title&quot;:&quot;&quot;,&quot;orientation&quot;:&quot;0&quot;}\" data-image-title=\"TTL logo\" data-image-description=\"\" data-image-caption=\"\" data-large-file=\"https:\/\/i0.wp.com\/www.jojoenherbe.com\/wp-content\/uploads\/2023\/10\/TTL-logo.jpg?fit=540%2C174\" class=\"wp-image-32593\" src=\"https:\/\/i0.wp.com\/www.jojoenherbe.com\/wp-content\/uploads\/2023\/10\/TTL-logo.jpg?resize=186%2C60\" alt=\"\" width=\"186\" height=\"60\" srcset=\"https:\/\/i0.wp.com\/www.jojoenherbe.com\/wp-content\/uploads\/2023\/10\/TTL-logo.jpg?w=540 540w, https:\/\/i0.wp.com\/www.jojoenherbe.com\/wp-content\/uploads\/2023\/10\/TTL-logo.jpg?resize=300%2C97 300w\" sizes=\"auto, (max-width: 186px) 100vw, 186px\" \/><p id=\"caption-attachment-32593\" class=\"wp-caption-text\">TTL n\u00b0345 chez <a href=\"https:\/\/my-bo0ks.over-blog.com\/2025\/12\/throwback-thursday-livresque-n-345.html\">Carole<\/a> #Un\/des cadeaux sur la couverture<\/p><\/div>\n<p style=\"text-align: justify;\"><em>Ce jeudi 11 d\u00e9cembre 2025, je participe au Throwback Thursday Livresque, un rendez-vous livresque initialement chez Bettie Rose Books et repris depuis par Carole, les liens \u00e9tant \u00e0 d\u00e9poser chez <a href=\"https:\/\/my-bo0ks.over-blog.com\/\">My-Bo0ks<\/a>. Le principe est de partager chaque jeudi un livre \u00ab\u00a0ancien\u00a0\u00bb de notre biblioth\u00e8que en fonction d\u2019un th\u00e8me donn\u00e9. Cette semaine, le th\u00e8me est \u00ab Un\/des cadeaux sur la couverture \u00bb.<\/em><\/p>\n<p style=\"text-align: justify;\"><em>Pour illustrer ce th\u00e8me, le choix est vaste tant du c\u00f4t\u00e9 jeunesse que du c\u00f4t\u00e9 des romances contemporaines de No\u00ebl (2 sont dans ma liseuse en attendant d&rsquo;\u00eatre lues ce mois-ci) alors j&rsquo;ai choisi des livres jeunesse lus et relus quand mon mini lutin \u00e9tait plus jeune et qui nous avaient bien plu:<\/em><\/p>\n<ul>\n<li style=\"text-align: justify;\"><em><span style=\"text-decoration: underline; color: #0000ff;\"><a href=\"https:\/\/i0.wp.com\/www.jojoenherbe.com\/wp-content\/uploads\/2020\/12\/Joyeux-Noel-petite-souris-scaled.jpg\"><img data-recalc-dims=\"1\" loading=\"lazy\" decoding=\"async\" data-attachment-id=\"14302\" data-permalink=\"http:\/\/www.jojoenherbe.com\/index.php\/2020\/12\/05\/au-fil-des-pages-avec-la-petite-souris-et-lours-affame\/joyeux-noel-petite-souris-4\/\" data-orig-file=\"https:\/\/i0.wp.com\/www.jojoenherbe.com\/wp-content\/uploads\/2020\/12\/Joyeux-Noel-petite-souris-scaled.jpg?fit=2560%2C1920\" data-orig-size=\"2560,1920\" data-comments-opened=\"1\" data-image-meta=\"{&quot;aperture&quot;:&quot;1.8&quot;,&quot;credit&quot;:&quot;&quot;,&quot;camera&quot;:&quot;iPhone 7&quot;,&quot;caption&quot;:&quot;&quot;,&quot;created_timestamp&quot;:&quot;1607189212&quot;,&quot;copyright&quot;:&quot;&quot;,&quot;focal_length&quot;:&quot;3.99&quot;,&quot;iso&quot;:&quot;100&quot;,&quot;shutter_speed&quot;:&quot;0.2&quot;,&quot;title&quot;:&quot;&quot;,&quot;orientation&quot;:&quot;1&quot;}\" data-image-title=\"Joyeux No\u00ebl, petite souris\" data-image-description=\"\" data-image-caption=\"\" data-large-file=\"https:\/\/i0.wp.com\/www.jojoenherbe.com\/wp-content\/uploads\/2020\/12\/Joyeux-Noel-petite-souris-scaled.jpg?fit=676%2C507\" class=\"size-thumbnail wp-image-14302 alignright\" src=\"https:\/\/i0.wp.com\/www.jojoenherbe.com\/wp-content\/uploads\/2020\/12\/Joyeux-Noel-petite-souris.jpg?resize=150%2C150\" alt=\"\" width=\"150\" height=\"150\" srcset=\"https:\/\/i0.wp.com\/www.jojoenherbe.com\/wp-content\/uploads\/2020\/12\/Joyeux-Noel-petite-souris-scaled.jpg?resize=150%2C150 150w, https:\/\/i0.wp.com\/www.jojoenherbe.com\/wp-content\/uploads\/2020\/12\/Joyeux-Noel-petite-souris-scaled.jpg?zoom=2&amp;resize=150%2C150 300w, https:\/\/i0.wp.com\/www.jojoenherbe.com\/wp-content\/uploads\/2020\/12\/Joyeux-Noel-petite-souris-scaled.jpg?zoom=3&amp;resize=150%2C150 450w\" sizes=\"auto, (max-width: 150px) 100vw, 150px\" \/><\/a><span style=\"color: #008000; text-decoration: underline;\">Joyeux No\u00ebl petite souris!<\/span><\/span> d\u2019Audrey et Don Wood (\u00e9d. Mijade, 2002, r\u00e9\u00e9d. 2017), un <a href=\"https:\/\/www.jojoenherbe.com\/index.php\/2020\/12\/05\/au-fil-des-pages-avec-la-petite-souris-et-lours-affame\/\">album jeunesse<\/a> \u00e0 partir de 3 ans avec l&rsquo;histoire d&rsquo;une petite souris en plein pr\u00e9paratifs de No\u00ebl, le narrateur lui parlant alors d&rsquo;un ours affam\u00e9\u00a0<\/em><\/li>\n<li style=\"text-align: justify;\"><em><a href=\"https:\/\/i0.wp.com\/www.jojoenherbe.com\/wp-content\/uploads\/2020\/12\/Joyeux-Noel-Splat-scaled.jpg\"><img data-recalc-dims=\"1\" loading=\"lazy\" decoding=\"async\" data-attachment-id=\"14405\" data-permalink=\"http:\/\/www.jojoenherbe.com\/index.php\/2020\/12\/11\/un-premier-rat-de-noel-2020\/joyeux-noel-splat-4\/\" data-orig-file=\"https:\/\/i0.wp.com\/www.jojoenherbe.com\/wp-content\/uploads\/2020\/12\/Joyeux-Noel-Splat-scaled.jpg?fit=2560%2C1920\" data-orig-size=\"2560,1920\" data-comments-opened=\"1\" data-image-meta=\"{&quot;aperture&quot;:&quot;1.8&quot;,&quot;credit&quot;:&quot;&quot;,&quot;camera&quot;:&quot;iPhone 7&quot;,&quot;caption&quot;:&quot;&quot;,&quot;created_timestamp&quot;:&quot;1607861499&quot;,&quot;copyright&quot;:&quot;&quot;,&quot;focal_length&quot;:&quot;3.99&quot;,&quot;iso&quot;:&quot;80&quot;,&quot;shutter_speed&quot;:&quot;0.2&quot;,&quot;title&quot;:&quot;&quot;,&quot;orientation&quot;:&quot;1&quot;}\" data-image-title=\"Joyeux No\u00ebl, Splat!\" data-image-description=\"\" data-image-caption=\"\" data-large-file=\"https:\/\/i0.wp.com\/www.jojoenherbe.com\/wp-content\/uploads\/2020\/12\/Joyeux-Noel-Splat-scaled.jpg?fit=676%2C507\" class=\"alignleft size-thumbnail wp-image-14405\" src=\"https:\/\/i0.wp.com\/www.jojoenherbe.com\/wp-content\/uploads\/2020\/12\/Joyeux-Noel-Splat.jpg?resize=150%2C150\" alt=\"\" width=\"150\" height=\"150\" srcset=\"https:\/\/i0.wp.com\/www.jojoenherbe.com\/wp-content\/uploads\/2020\/12\/Joyeux-Noel-Splat-scaled.jpg?resize=150%2C150 150w, https:\/\/i0.wp.com\/www.jojoenherbe.com\/wp-content\/uploads\/2020\/12\/Joyeux-Noel-Splat-scaled.jpg?zoom=2&amp;resize=150%2C150 300w, https:\/\/i0.wp.com\/www.jojoenherbe.com\/wp-content\/uploads\/2020\/12\/Joyeux-Noel-Splat-scaled.jpg?zoom=3&amp;resize=150%2C150 450w\" sizes=\"auto, (max-width: 150px) 100vw, 150px\" \/><\/a><span style=\"text-decoration: underline; color: #ff0000;\">Joyeux No\u00ebl, Splat!<\/span> de Rob Scotton (\u00e9d. Nathan, 2012), un <a href=\"https:\/\/www.jojoenherbe.com\/index.php\/2020\/01\/03\/au-fil-des-pages-avec-joyeux-noel-splat\/\">album jeunesse<\/a> \u00e0 partir de 3 ans avec l&rsquo;histoire de Splat le chat, en plein pr\u00e9paratifs de No\u00ebl avec son ami Harry Souris<\/em><\/li>\n<li style=\"text-align: justify;\"><em><a href=\"https:\/\/i0.wp.com\/www.jojoenherbe.com\/wp-content\/uploads\/2021\/12\/Hotel-Heartwood-T2-scaled.jpg\"><img data-recalc-dims=\"1\" loading=\"lazy\" decoding=\"async\" data-attachment-id=\"22779\" data-permalink=\"http:\/\/www.jojoenherbe.com\/index.php\/2021\/12\/13\/point-lecture-hebdomadaire-19\/hotel-heartwood-t2\/\" data-orig-file=\"https:\/\/i0.wp.com\/www.jojoenherbe.com\/wp-content\/uploads\/2021\/12\/Hotel-Heartwood-T2-scaled.jpg?fit=2560%2C1920\" data-orig-size=\"2560,1920\" data-comments-opened=\"1\" data-image-meta=\"{&quot;aperture&quot;:&quot;1.8&quot;,&quot;credit&quot;:&quot;&quot;,&quot;camera&quot;:&quot;iPhone 7&quot;,&quot;caption&quot;:&quot;&quot;,&quot;created_timestamp&quot;:&quot;1639391328&quot;,&quot;copyright&quot;:&quot;&quot;,&quot;focal_length&quot;:&quot;3.99&quot;,&quot;iso&quot;:&quot;100&quot;,&quot;shutter_speed&quot;:&quot;0.071428571428571&quot;,&quot;title&quot;:&quot;&quot;,&quot;orientation&quot;:&quot;1&quot;}\" data-image-title=\"H\u00f4tel Heartwood T2\" data-image-description=\"\" data-image-caption=\"\" data-large-file=\"https:\/\/i0.wp.com\/www.jojoenherbe.com\/wp-content\/uploads\/2021\/12\/Hotel-Heartwood-T2-scaled.jpg?fit=676%2C507\" class=\"size-thumbnail wp-image-22779 alignright\" src=\"https:\/\/i0.wp.com\/www.jojoenherbe.com\/wp-content\/uploads\/2021\/12\/Hotel-Heartwood-T2.jpg?resize=150%2C150\" alt=\"\" width=\"150\" height=\"150\" srcset=\"https:\/\/i0.wp.com\/www.jojoenherbe.com\/wp-content\/uploads\/2021\/12\/Hotel-Heartwood-T2-scaled.jpg?resize=150%2C150 150w, https:\/\/i0.wp.com\/www.jojoenherbe.com\/wp-content\/uploads\/2021\/12\/Hotel-Heartwood-T2-scaled.jpg?zoom=2&amp;resize=150%2C150 300w, https:\/\/i0.wp.com\/www.jojoenherbe.com\/wp-content\/uploads\/2021\/12\/Hotel-Heartwood-T2-scaled.jpg?zoom=3&amp;resize=150%2C150 450w\" sizes=\"auto, (max-width: 150px) 100vw, 150px\" \/><\/a>le <span style=\"color: #008000;\">tome 2<\/span> d<span style=\"color: #008000;\">\u2019<span style=\"text-decoration: underline;\">H\u00f4tel Heartwood, Un hiver si doux<\/span><\/span> de Kallie George et Stephanie Graegin (\u00e9d. Casterman Jeunesse, 2019, 187 pages), un <a href=\"https:\/\/www.jojoenherbe.com\/index.php\/2023\/02\/15\/au-fil-des-pages-avec-le-tome-2-dhotel-heartwood\/\">roman jeunesse<\/a> \u00e0 partir de 8 ans avec l&rsquo;histoire Mona qui participe pour la premi\u00e8re fois au r\u00e9veillon de la Saint-\u00c9dredon et qui souhaite, \u00e0 son tour et en secret, offrir un cadeau\u00a0<\/em><\/li>\n<li style=\"text-align: justify;\"><em><span style=\"text-decoration: underline; color: #ff0000;\"> <a href=\"https:\/\/i0.wp.com\/www.jojoenherbe.com\/wp-content\/uploads\/2025\/12\/Cher-Pere-Noel-scaled.jpg\"><img data-recalc-dims=\"1\" loading=\"lazy\" decoding=\"async\" data-attachment-id=\"41680\" data-permalink=\"http:\/\/www.jojoenherbe.com\/index.php\/2025\/12\/11\/throwback-thursday-livresque-un-des-cadeaux-sur-la-couverture\/cher-pere-noel-6\/\" data-orig-file=\"https:\/\/i0.wp.com\/www.jojoenherbe.com\/wp-content\/uploads\/2025\/12\/Cher-Pere-Noel-scaled.jpg?fit=2560%2C1900\" data-orig-size=\"2560,1900\" data-comments-opened=\"1\" data-image-meta=\"{&quot;aperture&quot;:&quot;1.8&quot;,&quot;credit&quot;:&quot;&quot;,&quot;camera&quot;:&quot;iPhone SE (3rd generation)&quot;,&quot;caption&quot;:&quot;&quot;,&quot;created_timestamp&quot;:&quot;1765475318&quot;,&quot;copyright&quot;:&quot;&quot;,&quot;focal_length&quot;:&quot;3.99&quot;,&quot;iso&quot;:&quot;640&quot;,&quot;shutter_speed&quot;:&quot;0.05&quot;,&quot;title&quot;:&quot;&quot;,&quot;orientation&quot;:&quot;1&quot;}\" data-image-title=\"Cher P\u00e8re No\u00ebl\" data-image-description=\"\" data-image-caption=\"\" data-large-file=\"https:\/\/i0.wp.com\/www.jojoenherbe.com\/wp-content\/uploads\/2025\/12\/Cher-Pere-Noel-scaled.jpg?fit=676%2C502\" class=\"alignleft size-thumbnail wp-image-41680\" src=\"https:\/\/i0.wp.com\/www.jojoenherbe.com\/wp-content\/uploads\/2025\/12\/Cher-Pere-Noel.jpg?resize=150%2C150\" alt=\"\" width=\"150\" height=\"150\" srcset=\"https:\/\/i0.wp.com\/www.jojoenherbe.com\/wp-content\/uploads\/2025\/12\/Cher-Pere-Noel-scaled.jpg?resize=150%2C150 150w, https:\/\/i0.wp.com\/www.jojoenherbe.com\/wp-content\/uploads\/2025\/12\/Cher-Pere-Noel-scaled.jpg?zoom=2&amp;resize=150%2C150 300w, https:\/\/i0.wp.com\/www.jojoenherbe.com\/wp-content\/uploads\/2025\/12\/Cher-Pere-Noel-scaled.jpg?zoom=3&amp;resize=150%2C150 450w\" sizes=\"auto, (max-width: 150px) 100vw, 150px\" \/><\/a>Cher P\u00e8re No\u00ebl<\/span> d\u2019Emma Yarlett (\u00e9d. Albin Michel Jeunesse, 2020), un <a href=\"https:\/\/www.jojoenherbe.com\/index.php\/2020\/12\/04\/au-fil-des-pages-avec-cher-pere-noel\/\">album jeunesse<\/a> cartonn\u00e9 \u00e0 flaps \u00e0 partir de 4 ans avec l&rsquo;histoire du P\u00e8re No\u00ebl qui tente de d\u00e9couvrir quel peut bien \u00eatre le cadeau demand\u00e9 par une petite fille Anna, sa lettre ayant \u00e9t\u00e9 ab\u00eem\u00e9e<\/em><\/li>\n<li style=\"text-align: justify;\"><em><span style=\"text-decoration: underline; color: #008000;\"><a href=\"https:\/\/i0.wp.com\/www.jojoenherbe.com\/wp-content\/uploads\/2025\/12\/Un-cadeau-parfait-sil-vous-plait.jpg\"><img data-recalc-dims=\"1\" loading=\"lazy\" decoding=\"async\" data-attachment-id=\"41688\" data-permalink=\"http:\/\/www.jojoenherbe.com\/index.php\/2025\/12\/11\/throwback-thursday-livresque-un-des-cadeaux-sur-la-couverture\/screenshot-327\/\" data-orig-file=\"https:\/\/i0.wp.com\/www.jojoenherbe.com\/wp-content\/uploads\/2025\/12\/Un-cadeau-parfait-sil-vous-plait.jpg?fit=750%2C1199\" data-orig-size=\"750,1199\" data-comments-opened=\"1\" data-image-meta=\"{&quot;aperture&quot;:&quot;0&quot;,&quot;credit&quot;:&quot;&quot;,&quot;camera&quot;:&quot;&quot;,&quot;caption&quot;:&quot;Screenshot&quot;,&quot;created_timestamp&quot;:&quot;0&quot;,&quot;copyright&quot;:&quot;&quot;,&quot;focal_length&quot;:&quot;0&quot;,&quot;iso&quot;:&quot;0&quot;,&quot;shutter_speed&quot;:&quot;0&quot;,&quot;title&quot;:&quot;Screenshot&quot;,&quot;orientation&quot;:&quot;1&quot;}\" data-image-title=\"\" data-image-description=\"\" data-image-caption=\"\" data-large-file=\"https:\/\/i0.wp.com\/www.jojoenherbe.com\/wp-content\/uploads\/2025\/12\/Un-cadeau-parfait-sil-vous-plait.jpg?fit=641%2C1024\" class=\"size-thumbnail wp-image-41688 alignright\" src=\"https:\/\/i0.wp.com\/www.jojoenherbe.com\/wp-content\/uploads\/2025\/12\/Un-cadeau-parfait-sil-vous-plait.jpg?resize=150%2C150\" alt=\"\" width=\"150\" height=\"150\" srcset=\"https:\/\/i0.wp.com\/www.jojoenherbe.com\/wp-content\/uploads\/2025\/12\/Un-cadeau-parfait-sil-vous-plait.jpg?resize=150%2C150 150w, https:\/\/i0.wp.com\/www.jojoenherbe.com\/wp-content\/uploads\/2025\/12\/Un-cadeau-parfait-sil-vous-plait.jpg?zoom=2&amp;resize=150%2C150 300w, https:\/\/i0.wp.com\/www.jojoenherbe.com\/wp-content\/uploads\/2025\/12\/Un-cadeau-parfait-sil-vous-plait.jpg?zoom=3&amp;resize=150%2C150 450w\" sizes=\"auto, (max-width: 150px) 100vw, 150px\" \/><\/a>Un cadeau parfait, s&rsquo;il vous pla\u00eet<\/span> de Magali Santos (\u00e9d. Butterfly, novembre 2025, 304 pages), une romance contemporaine de No\u00ebl avec l&rsquo;histoire d\u2019\u00c9lise Martin qui doit faire face \u00e0 une demande surprenante de l&rsquo;un de ses clients, Rayan Colin<\/em><\/li>\n<li style=\"text-align: justify;\"><em><span style=\"text-decoration: underline; color: #ff0000;\"><a href=\"https:\/\/i0.wp.com\/www.jojoenherbe.com\/wp-content\/uploads\/2025\/12\/Noel-en-peril-a-Santa-Les-Deux-Sapins.jpg\"><img data-recalc-dims=\"1\" loading=\"lazy\" decoding=\"async\" data-attachment-id=\"41684\" data-permalink=\"http:\/\/www.jojoenherbe.com\/index.php\/2025\/12\/11\/throwback-thursday-livresque-un-des-cadeaux-sur-la-couverture\/screenshot-326\/\" data-orig-file=\"https:\/\/i0.wp.com\/www.jojoenherbe.com\/wp-content\/uploads\/2025\/12\/Noel-en-peril-a-Santa-Les-Deux-Sapins.jpg?fit=750%2C1130\" data-orig-size=\"750,1130\" data-comments-opened=\"1\" data-image-meta=\"{&quot;aperture&quot;:&quot;0&quot;,&quot;credit&quot;:&quot;&quot;,&quot;camera&quot;:&quot;&quot;,&quot;caption&quot;:&quot;Screenshot&quot;,&quot;created_timestamp&quot;:&quot;0&quot;,&quot;copyright&quot;:&quot;&quot;,&quot;focal_length&quot;:&quot;0&quot;,&quot;iso&quot;:&quot;0&quot;,&quot;shutter_speed&quot;:&quot;0&quot;,&quot;title&quot;:&quot;Screenshot&quot;,&quot;orientation&quot;:&quot;1&quot;}\" data-image-title=\"\" data-image-description=\"\" data-image-caption=\"\" data-large-file=\"https:\/\/i0.wp.com\/www.jojoenherbe.com\/wp-content\/uploads\/2025\/12\/Noel-en-peril-a-Santa-Les-Deux-Sapins.jpg?fit=676%2C1018\" class=\"size-thumbnail wp-image-41684 alignleft\" src=\"https:\/\/i0.wp.com\/www.jojoenherbe.com\/wp-content\/uploads\/2025\/12\/Noel-en-peril-a-Santa-Les-Deux-Sapins.jpg?resize=150%2C150\" alt=\"\" width=\"150\" height=\"150\" srcset=\"https:\/\/i0.wp.com\/www.jojoenherbe.com\/wp-content\/uploads\/2025\/12\/Noel-en-peril-a-Santa-Les-Deux-Sapins.jpg?resize=150%2C150 150w, https:\/\/i0.wp.com\/www.jojoenherbe.com\/wp-content\/uploads\/2025\/12\/Noel-en-peril-a-Santa-Les-Deux-Sapins.jpg?zoom=2&amp;resize=150%2C150 300w, https:\/\/i0.wp.com\/www.jojoenherbe.com\/wp-content\/uploads\/2025\/12\/Noel-en-peril-a-Santa-Les-Deux-Sapins.jpg?zoom=3&amp;resize=150%2C150 450w\" sizes=\"auto, (max-width: 150px) 100vw, 150px\" \/><\/a>No\u00ebl en p\u00e9ril \u00e0 Santa-Les-Deux-Sapins<\/span> de Car\u00e8ne Ponte (\u00e9d. Fleuve, octobre 2023, 217 pages), une com\u00e9die contemporaine de No\u00ebl o\u00f9 il est question de sauver la fabrique de bo\u00eetes \u00e0 musique qu&rsquo;un inqui\u00e9tant industriel entend bien acheter pour en faire une usine de confection de plats tout pr\u00e9par\u00e9s<\/em><\/li>\n<\/ul>\n<p style=\"text-align: justify;\"><em>Et vous, quel livre auriez-vous choisi pour cette th\u00e9matique? La semaine prochaine, le th\u00e8me sera: \u00ab \u00ab\u00a0No\u00ebl\u00a0\u00bb dans le titre \u00bb. Je ne choisirai donc pas les m\u00eames titres que cette semaine.<\/em><\/p>\n","protected":false},"excerpt":{"rendered":"<p>Ce jeudi 11 d\u00e9cembre 2025, je participe au Throwback Thursday Livresque, un rendez-vous livresque initialement chez Bettie Rose Books et repris depuis par Carole, les liens \u00e9tant \u00e0 d\u00e9poser chez My-Bo0ks. Le principe est de partager chaque jeudi un livre \u00ab\u00a0ancien\u00a0\u00bb de notre biblioth\u00e8que en fonction d\u2019un th\u00e8me donn\u00e9. Cette semaine, le th\u00e8me est \u00ab [&hellip;]<\/p>\n","protected":false},"author":1,"featured_media":32593,"comment_status":"open","ping_status":"open","sticky":false,"template":"","format":"standard","meta":{"jetpack_post_was_ever_published":false,"_jetpack_newsletter_access":"","_jetpack_dont_email_post_to_subs":false,"_jetpack_newsletter_tier_id":0,"_jetpack_memberships_contains_paywalled_content":false,"_jetpack_memberships_contains_paid_content":false,"footnotes":""},"categories":[2140,873,363],"tags":[4378,1978,1065,3509,2016,3510,1979,1035,2538,1085,367,1016,1056,4787,1122,905,789,3115,3868],"class_list":["post-41678","post","type-post","status-publish","format-standard","has-post-thumbnail","hentry","category-mini-blogueur","category-mini-challenger","category-mini-lecteur","tag-album-jeunesse","tag-audrey-wood","tag-cadeau","tag-carene-ponte","tag-challenge-livresque","tag-comedie-de-noel","tag-don-wood","tag-emma-yarlett","tag-kallie-george","tag-lecture-adulte","tag-lecture-jeunesse","tag-lectures-dhiver","tag-lectures-de-noel","tag-magali-santos","tag-rob-scotton","tag-romans-adulte","tag-romans-jeunesse","tag-stephanie-graegin","tag-throwback-thursday-livresque","post-preview"],"jetpack_featured_media_url":"https:\/\/i0.wp.com\/www.jojoenherbe.com\/wp-content\/uploads\/2023\/10\/TTL-logo.jpg?fit=540%2C174","jetpack_sharing_enabled":true,"jetpack_shortlink":"https:\/\/wp.me\/p9zhGx-aQe","jetpack_likes_enabled":true,"jetpack-related-posts":[{"id":41013,"url":"http:\/\/www.jojoenherbe.com\/index.php\/2025\/10\/23\/throwback-thursday-livresque-squelette-sur-la-couverture\/","url_meta":{"origin":41678,"position":0},"title":"Throwback Thursday Livresque: Squelette sur la couverture","author":"Jojo","date":"23 octobre 2025","format":false,"excerpt":"Ce jeudi 23 octobre 2025, je participe au Throwback Thursday Livresque, un rendez-vous livresque initialement chez Bettie Rose Books et repris depuis par Carole, les liens \u00e9tant \u00e0 d\u00e9poser chez My-Bo0ks. Le principe est de partager chaque jeudi un livre en fonction d\u2019un th\u00e8me donn\u00e9. Cette semaine, le th\u00e8me est\u2026","rel":"","context":"Dans &quot;Mini blogueur&quot;","block_context":{"text":"Mini blogueur","link":"http:\/\/www.jojoenherbe.com\/index.php\/category\/mini-blogueur\/"},"img":{"alt_text":"","src":"https:\/\/i0.wp.com\/www.jojoenherbe.com\/wp-content\/uploads\/2023\/10\/TTL-logo.jpg?resize=350%2C200","width":350,"height":200},"classes":[]},{"id":42761,"url":"http:\/\/www.jojoenherbe.com\/index.php\/2026\/02\/12\/throwback-thursday-livresque-des-coeurs-sur-la-couverture\/","url_meta":{"origin":41678,"position":1},"title":"Throwback Thursday Livresque: Des c\u0153urs sur la couverture","author":"Jojo","date":"12 f\u00e9vrier 2026","format":false,"excerpt":"Ce jeudi 12 f\u00e9vrier 2026, je participe au Throwback Thursday Livresque, un rendez-vous livresque initialement chez Bettie Rose Books et repris depuis par Carole, les liens \u00e9tant \u00e0 d\u00e9poser chez My-Bo0ks. Le principe est de partager chaque jeudi un livre \"ancien\" de notre biblioth\u00e8que en fonction d\u2019un th\u00e8me donn\u00e9. Cette\u2026","rel":"","context":"Dans &quot;Mini blogueur&quot;","block_context":{"text":"Mini blogueur","link":"http:\/\/www.jojoenherbe.com\/index.php\/category\/mini-blogueur\/"},"img":{"alt_text":"","src":"https:\/\/i0.wp.com\/www.jojoenherbe.com\/wp-content\/uploads\/2023\/10\/TTL-logo.jpg?resize=350%2C200","width":350,"height":200},"classes":[]},{"id":43764,"url":"http:\/\/www.jojoenherbe.com\/index.php\/2026\/04\/16\/throwback-thursday-livresque-de-la-pluie-sur-la-couverture\/","url_meta":{"origin":41678,"position":2},"title":"Throwback Thursday Livresque: De la pluie sur la couverture","author":"Jojo","date":"16 avril 2026","format":false,"excerpt":"Ce jeudi 16 avril 2026, je participe au Throwback Thursday Livresque, un rendez-vous livresque initialement chez Bettie Rose Books et repris depuis par Carole, les liens \u00e9tant \u00e0 d\u00e9poser chez My-Bo0ks. Le principe est de partager chaque jeudi un livre \"ancien\" de notre biblioth\u00e8que en fonction d\u2019un th\u00e8me donn\u00e9. Cette\u2026","rel":"","context":"Dans &quot;Mini blogueur&quot;","block_context":{"text":"Mini blogueur","link":"http:\/\/www.jojoenherbe.com\/index.php\/category\/mini-blogueur\/"},"img":{"alt_text":"","src":"https:\/\/i0.wp.com\/www.jojoenherbe.com\/wp-content\/uploads\/2023\/10\/TTL-logo.jpg?resize=350%2C200","width":350,"height":200},"classes":[]},{"id":37431,"url":"http:\/\/www.jojoenherbe.com\/index.php\/2024\/12\/05\/throwback-thursday-livresque-couverture-avec-de-la-neige\/","url_meta":{"origin":41678,"position":3},"title":"Throwback Thursday Livresque: Couverture avec de la neige","author":"Jojo","date":"5 d\u00e9cembre 2024","format":false,"excerpt":"Ce jeudi 5 d\u00e9cembre 2024, je participe au Throwback Thursday Livresque, un rendez-vous livresque initialement chez Bettie Rose Books et repris depuis par Carole, les liens \u00e9tant \u00e0 d\u00e9poser chez My-Bo0ks. Le principe est de partager chaque jeudi un livre en fonction d\u2019un th\u00e8me donn\u00e9. Cette semaine, le th\u00e8me est\u2026","rel":"","context":"Dans &quot;Mini challenger&quot;","block_context":{"text":"Mini challenger","link":"http:\/\/www.jojoenherbe.com\/index.php\/category\/mini-challenger\/"},"img":{"alt_text":"","src":"https:\/\/i0.wp.com\/www.jojoenherbe.com\/wp-content\/uploads\/2023\/10\/TTL-logo.jpg?resize=350%2C200","width":350,"height":200},"classes":[]},{"id":37491,"url":"http:\/\/www.jojoenherbe.com\/index.php\/2024\/12\/12\/throwback-thursday-livresque-romance-dans-un-pays-froid\/","url_meta":{"origin":41678,"position":4},"title":"Throwback Thursday Livresque:  Romance dans un pays froid","author":"Jojo","date":"12 d\u00e9cembre 2024","format":false,"excerpt":"Ce jeudi 12 d\u00e9cembre 2024, je participe au Throwback Thursday Livresque, un rendez-vous livresque initialement chez Bettie Rose Books et repris depuis par Carole, les liens \u00e9tant \u00e0 d\u00e9poser chez My-Bo0ks. Le principe est de partager chaque jeudi un livre en fonction d\u2019un th\u00e8me donn\u00e9. Cette semaine, le th\u00e8me est\u2026","rel":"","context":"Dans &quot;Mini challenger&quot;","block_context":{"text":"Mini challenger","link":"http:\/\/www.jojoenherbe.com\/index.php\/category\/mini-challenger\/"},"img":{"alt_text":"","src":"https:\/\/i0.wp.com\/www.jojoenherbe.com\/wp-content\/uploads\/2023\/10\/TTL-logo.jpg?resize=350%2C200","width":350,"height":200},"classes":[]},{"id":38973,"url":"http:\/\/www.jojoenherbe.com\/index.php\/2025\/04\/10\/throwback-thursday-livresque-couverture-pastel\/","url_meta":{"origin":41678,"position":5},"title":"Throwback Thursday Livresque: Couverture pastel","author":"Jojo","date":"10 avril 2025","format":false,"excerpt":"Ce jeudi 10 avril 2025, je participe au Throwback Thursday Livresque, un rendez-vous livresque initialement chez Bettie Rose Books et repris depuis par Carole, les liens \u00e9tant \u00e0 d\u00e9poser chez My-Bo0ks. Le principe est de partager chaque jeudi un livre en fonction d\u2019un th\u00e8me donn\u00e9. Cette semaine, le th\u00e8me est\u2026","rel":"","context":"Dans &quot;Mini blogueur&quot;","block_context":{"text":"Mini blogueur","link":"http:\/\/www.jojoenherbe.com\/index.php\/category\/mini-blogueur\/"},"img":{"alt_text":"","src":"https:\/\/i0.wp.com\/www.jojoenherbe.com\/wp-content\/uploads\/2023\/10\/TTL-logo.jpg?resize=350%2C200","width":350,"height":200},"classes":[]}],"_links":{"self":[{"href":"http:\/\/www.jojoenherbe.com\/index.php\/wp-json\/wp\/v2\/posts\/41678","targetHints":{"allow":["GET"]}}],"collection":[{"href":"http:\/\/www.jojoenherbe.com\/index.php\/wp-json\/wp\/v2\/posts"}],"about":[{"href":"http:\/\/www.jojoenherbe.com\/index.php\/wp-json\/wp\/v2\/types\/post"}],"author":[{"embeddable":true,"href":"http:\/\/www.jojoenherbe.com\/index.php\/wp-json\/wp\/v2\/users\/1"}],"replies":[{"embeddable":true,"href":"http:\/\/www.jojoenherbe.com\/index.php\/wp-json\/wp\/v2\/comments?post=41678"}],"version-history":[{"count":9,"href":"http:\/\/www.jojoenherbe.com\/index.php\/wp-json\/wp\/v2\/posts\/41678\/revisions"}],"predecessor-version":[{"id":41690,"href":"http:\/\/www.jojoenherbe.com\/index.php\/wp-json\/wp\/v2\/posts\/41678\/revisions\/41690"}],"wp:featuredmedia":[{"embeddable":true,"href":"http:\/\/www.jojoenherbe.com\/index.php\/wp-json\/wp\/v2\/media\/32593"}],"wp:attachment":[{"href":"http:\/\/www.jojoenherbe.com\/index.php\/wp-json\/wp\/v2\/media?parent=41678"}],"wp:term":[{"taxonomy":"category","embeddable":true,"href":"http:\/\/www.jojoenherbe.com\/index.php\/wp-json\/wp\/v2\/categories?post=41678"},{"taxonomy":"post_tag","embeddable":true,"href":"http:\/\/www.jojoenherbe.com\/index.php\/wp-json\/wp\/v2\/tags?post=41678"}],"curies":[{"name":"wp","href":"https:\/\/api.w.org\/{rel}","templated":true}]}}