{"id":41643,"date":"2025-12-12T19:21:38","date_gmt":"2025-12-12T18:21:38","guid":{"rendered":"https:\/\/www.jojoenherbe.com\/?p=41643"},"modified":"2025-12-26T19:51:12","modified_gmt":"2025-12-26T18:51:12","slug":"point-lecture-hebdomadaire-2025-49","status":"publish","type":"post","link":"http:\/\/www.jojoenherbe.com\/index.php\/2025\/12\/12\/point-lecture-hebdomadaire-2025-49\/","title":{"rendered":"Point lecture hebdomadaire 2025 #49"},"content":{"rendered":"<p style=\"text-align: justify;\"><em>En cette fin de semaine, voici mon point lecture hebdomadaire avec un retour sur nos lectures (mais pas nos relectures) de la semaine derni\u00e8re au cours de laquelle nous avons commenc\u00e9 nos lectures de No\u00ebl, avec deux livres de l&rsquo;Avent qui vont nous accompagner chaque soir jusqu&rsquo;\u00e0 No\u00ebl: <span style=\"text-decoration: underline;\">La BD de l\u2019Avent<\/span> et <span style=\"text-decoration: underline;\">L\u2019enfance du P\u00e8re No\u00ebl<\/span>.<\/em><\/p>\n<p><strong><span style=\"text-decoration: underline;\">Nos lectures du 1er au 7 d\u00e9cembre 2025<\/span>:<\/strong><\/p>\n<p><em><span style=\"text-decoration: underline;\">Des lectures jeunesse<\/span>:<\/em><\/p>\n<p style=\"text-align: justify;\"><em>Mon mini lutin a continu\u00e9 et fini de lire le tome 2 de la trilogie <a href=\"https:\/\/www.jojoenherbe.com\/index.php\/2019\/11\/18\/au-fil-des-pages-avec-harper\/\"><span style=\"text-decoration: underline;\">Harper<\/span><\/a>, <span style=\"text-decoration: underline;\"><strong>Harper et le cirque des r\u00eaves<\/strong><\/span> de Cerrie Burnell et Laura Ellen Anderson (\u00e9d. Albin Michel Jeunesse, coll. Mes premiers Witty, 2017), un roman jeunesse fantasy \u00e0 partir de 7 ans et a d\u00e9j\u00e0 lu un nouveau manga sh\u00f4nen qu&rsquo;il a eu dans son calendrier de No\u00ebl: <strong><span style=\"text-decoration: underline;\">Minecraft, le manga officiel: Voyage au bout du monde<\/span><\/strong> de <span class=\"ValueSeparatorContainer\"><span class=\"MuiTypography-root sc-bb6e17aa-0 fXFTgG MuiTypography-body2\">Kazuyoshi Seto (\u00e9d. Nobi Nobi!, avril 2025, 192 pages).<\/span><\/span><\/em><\/p>\n<ul>\n<li><em>(<\/em><em>BD jeunesse) <strong><span style=\"text-decoration: underline;\">La BD de l\u2019Avent<\/span> <\/strong><\/em><\/li>\n<\/ul>\n<p style=\"text-align: justify;\"><em><a href=\"https:\/\/i0.wp.com\/www.jojoenherbe.com\/wp-content\/uploads\/2025\/12\/La-BD-de-lAvent-2025.jpg\"><img data-recalc-dims=\"1\" loading=\"lazy\" decoding=\"async\" data-attachment-id=\"41556\" data-permalink=\"http:\/\/www.jojoenherbe.com\/index.php\/2025\/12\/01\/billet-de-suivi-challenge-christmas-time-2025\/screenshot-317\/\" data-orig-file=\"https:\/\/i0.wp.com\/www.jojoenherbe.com\/wp-content\/uploads\/2025\/12\/La-BD-de-lAvent-2025.jpg?fit=750%2C994\" data-orig-size=\"750,994\" data-comments-opened=\"1\" data-image-meta=\"{&quot;aperture&quot;:&quot;0&quot;,&quot;credit&quot;:&quot;&quot;,&quot;camera&quot;:&quot;&quot;,&quot;caption&quot;:&quot;Screenshot&quot;,&quot;created_timestamp&quot;:&quot;0&quot;,&quot;copyright&quot;:&quot;&quot;,&quot;focal_length&quot;:&quot;0&quot;,&quot;iso&quot;:&quot;0&quot;,&quot;shutter_speed&quot;:&quot;0&quot;,&quot;title&quot;:&quot;Screenshot&quot;,&quot;orientation&quot;:&quot;1&quot;}\" data-image-title=\"\" data-image-description=\"\" data-image-caption=\"\" data-large-file=\"https:\/\/i0.wp.com\/www.jojoenherbe.com\/wp-content\/uploads\/2025\/12\/La-BD-de-lAvent-2025.jpg?fit=676%2C896\" class=\"size-thumbnail wp-image-41556 alignright\" src=\"https:\/\/i0.wp.com\/www.jojoenherbe.com\/wp-content\/uploads\/2025\/12\/La-BD-de-lAvent-2025.jpg?resize=150%2C150\" alt=\"\" width=\"150\" height=\"150\" srcset=\"https:\/\/i0.wp.com\/www.jojoenherbe.com\/wp-content\/uploads\/2025\/12\/La-BD-de-lAvent-2025.jpg?resize=150%2C150 150w, https:\/\/i0.wp.com\/www.jojoenherbe.com\/wp-content\/uploads\/2025\/12\/La-BD-de-lAvent-2025.jpg?zoom=2&amp;resize=150%2C150 300w, https:\/\/i0.wp.com\/www.jojoenherbe.com\/wp-content\/uploads\/2025\/12\/La-BD-de-lAvent-2025.jpg?zoom=3&amp;resize=150%2C150 450w\" sizes=\"auto, (max-width: 150px) 100vw, 150px\" \/><\/a>Comme l&rsquo;ann\u00e9e derni\u00e8re, j&rsquo;ai commenc\u00e9 \u00e0 lire les 7 premi\u00e8res BD de <span style=\"text-decoration: underline;\">La BD de l\u2019Avent<\/span> (\u00e9d. Le Lombard, septembre 2025, 200 pages), de courtes BD de No\u00ebl et que j&rsquo;ai plus appr\u00e9ci\u00e9es que celles de l&rsquo;ann\u00e9e derni\u00e8re pour le moment. Une petite pr\u00e9f\u00e9r\u00e9nce pour le moment \u00e0 la BD du jour 2, <span style=\"text-decoration: underline;\">Les beaux sapins<\/span> de Fabrice Parme et la BD du jour, <span style=\"text-decoration: underline;\">Un No\u00ebl pacifique<\/span> de Crisse et Val\u00e9rie Vernay<\/em><\/p>\n<ul>\n<li style=\"text-align: justify;\"><em>(Album jeunesse) <strong><span style=\"text-decoration: underline;\">L\u2019enfance du P\u00e8re No\u00ebl<\/span><\/strong> de S\u00e9bastien Perez et Benjamin Lacombe<\/em><\/li>\n<\/ul>\n<p style=\"text-align: justify;\"><em><a href=\"https:\/\/i0.wp.com\/www.jojoenherbe.com\/wp-content\/uploads\/2025\/12\/Lenfance-du-Pere-Noel-scaled.jpg\"><img data-recalc-dims=\"1\" loading=\"lazy\" decoding=\"async\" data-attachment-id=\"41694\" data-permalink=\"http:\/\/www.jojoenherbe.com\/index.php\/2025\/12\/12\/rat-de-noel-2025\/lenfance-du-pere-noel\/\" data-orig-file=\"https:\/\/i0.wp.com\/www.jojoenherbe.com\/wp-content\/uploads\/2025\/12\/Lenfance-du-Pere-Noel-scaled.jpg?fit=2560%2C1790\" data-orig-size=\"2560,1790\" data-comments-opened=\"1\" data-image-meta=\"{&quot;aperture&quot;:&quot;1.8&quot;,&quot;credit&quot;:&quot;&quot;,&quot;camera&quot;:&quot;iPhone SE (3rd generation)&quot;,&quot;caption&quot;:&quot;&quot;,&quot;created_timestamp&quot;:&quot;1765555967&quot;,&quot;copyright&quot;:&quot;&quot;,&quot;focal_length&quot;:&quot;3.99&quot;,&quot;iso&quot;:&quot;500&quot;,&quot;shutter_speed&quot;:&quot;0.04&quot;,&quot;title&quot;:&quot;&quot;,&quot;orientation&quot;:&quot;1&quot;}\" data-image-title=\"L&amp;rsquo;enfance du P\u00e8re No\u00ebl\" data-image-description=\"\" data-image-caption=\"\" data-large-file=\"https:\/\/i0.wp.com\/www.jojoenherbe.com\/wp-content\/uploads\/2025\/12\/Lenfance-du-Pere-Noel-scaled.jpg?fit=676%2C473\" class=\"alignleft size-thumbnail wp-image-41694\" src=\"https:\/\/i0.wp.com\/www.jojoenherbe.com\/wp-content\/uploads\/2025\/12\/Lenfance-du-Pere-Noel.jpg?resize=150%2C150\" alt=\"\" width=\"150\" height=\"150\" srcset=\"https:\/\/i0.wp.com\/www.jojoenherbe.com\/wp-content\/uploads\/2025\/12\/Lenfance-du-Pere-Noel-scaled.jpg?resize=150%2C150 150w, https:\/\/i0.wp.com\/www.jojoenherbe.com\/wp-content\/uploads\/2025\/12\/Lenfance-du-Pere-Noel-scaled.jpg?zoom=2&amp;resize=150%2C150 300w, https:\/\/i0.wp.com\/www.jojoenherbe.com\/wp-content\/uploads\/2025\/12\/Lenfance-du-Pere-Noel-scaled.jpg?zoom=3&amp;resize=150%2C150 450w\" sizes=\"auto, (max-width: 150px) 100vw, 150px\" \/><\/a>Nous avons lu les 7 premiers chapitres <span style=\"text-decoration: underline;\">L\u2019enfance du P\u00e8re No\u00ebl<\/span> de S\u00e9bastien Perez et Benjamin Lacombe (\u00e9d. Margot, diff. L\u2019\u00c9cole des Loisirs, octobre 2025, 104 pages), un album jeunesse grand format aux magnifiques illustrations. Chaque double page comporte un chapitre d&rsquo;une page sauf le 5 qui \u00e9tait une chanson revisit\u00e9e de No\u00ebl, un QR-code permettant d&rsquo;avoir acc\u00e8s \u00e0 la m\u00e9lodie. Coup de c\u0153ur pour le moment de ce qu&rsquo;on a pu d\u00e9couvrir avec Nicolas, b\u00e9b\u00e9 puis enfant, la l\u00e9gende se mettant doucement en place!\u00a0<\/em><\/p>\n<p><em><span style=\"text-decoration: underline;\">Des lectures adulte<\/span>:<\/em><\/p>\n<ul>\n<li><em>(Thriller psychologique) <strong><span style=\"text-decoration: underline;\">La femme du m\u00e9decin<\/span><\/strong> de Fiona Sussman<\/em><\/li>\n<\/ul>\n<p style=\"text-align: justify;\"><em><a href=\"https:\/\/i0.wp.com\/www.jojoenherbe.com\/wp-content\/uploads\/2025\/12\/La-femme-du-medecin.jpg\"><img data-recalc-dims=\"1\" loading=\"lazy\" decoding=\"async\" data-attachment-id=\"41646\" data-permalink=\"http:\/\/www.jojoenherbe.com\/index.php\/2025\/12\/12\/point-lecture-hebdomadaire-2025-49\/screenshot-321\/\" data-orig-file=\"https:\/\/i0.wp.com\/www.jojoenherbe.com\/wp-content\/uploads\/2025\/12\/La-femme-du-medecin.jpg?fit=750%2C1132\" data-orig-size=\"750,1132\" data-comments-opened=\"1\" data-image-meta=\"{&quot;aperture&quot;:&quot;0&quot;,&quot;credit&quot;:&quot;&quot;,&quot;camera&quot;:&quot;&quot;,&quot;caption&quot;:&quot;Screenshot&quot;,&quot;created_timestamp&quot;:&quot;0&quot;,&quot;copyright&quot;:&quot;&quot;,&quot;focal_length&quot;:&quot;0&quot;,&quot;iso&quot;:&quot;0&quot;,&quot;shutter_speed&quot;:&quot;0&quot;,&quot;title&quot;:&quot;Screenshot&quot;,&quot;orientation&quot;:&quot;1&quot;}\" data-image-title=\"\" data-image-description=\"\" data-image-caption=\"\" data-large-file=\"https:\/\/i0.wp.com\/www.jojoenherbe.com\/wp-content\/uploads\/2025\/12\/La-femme-du-medecin.jpg?fit=676%2C1021\" class=\"size-thumbnail wp-image-41646 alignright\" src=\"https:\/\/i0.wp.com\/www.jojoenherbe.com\/wp-content\/uploads\/2025\/12\/La-femme-du-medecin.jpg?resize=150%2C150\" alt=\"\" width=\"150\" height=\"150\" srcset=\"https:\/\/i0.wp.com\/www.jojoenherbe.com\/wp-content\/uploads\/2025\/12\/La-femme-du-medecin.jpg?resize=150%2C150 150w, https:\/\/i0.wp.com\/www.jojoenherbe.com\/wp-content\/uploads\/2025\/12\/La-femme-du-medecin.jpg?zoom=2&amp;resize=150%2C150 300w, https:\/\/i0.wp.com\/www.jojoenherbe.com\/wp-content\/uploads\/2025\/12\/La-femme-du-medecin.jpg?zoom=3&amp;resize=150%2C150 450w\" sizes=\"auto, (max-width: 150px) 100vw, 150px\" \/><\/a>J&rsquo;ai lu, en e-book, <span style=\"text-decoration: underline;\">La femme du m\u00e9decin<\/span> de Fiona Sussman (\u00e9d. M\u00e9ra, juin 2025, 358 pages), un thriller psychologique contemporain. Carmen Andino est atteinte d&rsquo;une tumeur c\u00e9r\u00e9brale qui affecte son comportement. Elle peut compter sur son mari Stan et leurs jumeaux de 13 ans ainsi que sur Austin Lamb, un ami proche et m\u00e9decin g\u00e9n\u00e9raliste ainsi que sa femme, Tibbie. Mais peu de temps apr\u00e8s, le corps de Tibbie est retrouv\u00e9 au pied des falaises de Browns Bay. Les courts chapitres s&rsquo;encha\u00eenent, passant d&rsquo;un personnage \u00e0 un autre jusqu&rsquo;au d\u00e9nouement final que j&rsquo;ai trouv\u00e9 trop convenu et d\u00e9j\u00e0 vu, la personne coupable \u00e9tant celle que j&rsquo;ai bien trop vite identifi\u00e9e et son mobile \u00e9tant bien trop banal. J&rsquo;aurai appr\u00e9ci\u00e9 plus de subtilit\u00e9 et d&rsquo;originalit\u00e9 m\u00eame si l&rsquo;id\u00e9e d&rsquo;une amiti\u00e9 unissant depuis fort longtemps deux couples mise \u00e0 mal par la maladie de l&rsquo;un d&rsquo;entre eux m&rsquo;a plu. Une lecture plaisante mais qui sera vite oubli\u00e9e!<\/em><\/p>\n<ul>\n<li><em>(Romance contemporaine de No\u00ebl) <strong><span style=\"text-decoration: underline;\">La chasse aux livres de No\u00ebl<\/span><\/strong> de Jenny Colgan<\/em><\/li>\n<\/ul>\n<p style=\"text-align: justify;\"><em><a href=\"https:\/\/i0.wp.com\/www.jojoenherbe.com\/wp-content\/uploads\/2025\/12\/La-chasse-aux-livres-de-Noel.jpg\"><img data-recalc-dims=\"1\" loading=\"lazy\" decoding=\"async\" data-attachment-id=\"41648\" data-permalink=\"http:\/\/www.jojoenherbe.com\/index.php\/2025\/12\/12\/point-lecture-hebdomadaire-2025-49\/screenshot-323\/\" data-orig-file=\"https:\/\/i0.wp.com\/www.jojoenherbe.com\/wp-content\/uploads\/2025\/12\/La-chasse-aux-livres-de-Noel.jpg?fit=750%2C1192\" data-orig-size=\"750,1192\" data-comments-opened=\"1\" data-image-meta=\"{&quot;aperture&quot;:&quot;0&quot;,&quot;credit&quot;:&quot;&quot;,&quot;camera&quot;:&quot;&quot;,&quot;caption&quot;:&quot;Screenshot&quot;,&quot;created_timestamp&quot;:&quot;0&quot;,&quot;copyright&quot;:&quot;&quot;,&quot;focal_length&quot;:&quot;0&quot;,&quot;iso&quot;:&quot;0&quot;,&quot;shutter_speed&quot;:&quot;0&quot;,&quot;title&quot;:&quot;Screenshot&quot;,&quot;orientation&quot;:&quot;1&quot;}\" data-image-title=\"\" data-image-description=\"\" data-image-caption=\"\" data-large-file=\"https:\/\/i0.wp.com\/www.jojoenherbe.com\/wp-content\/uploads\/2025\/12\/La-chasse-aux-livres-de-Noel.jpg?fit=644%2C1024\" class=\"size-thumbnail wp-image-41648 alignleft\" src=\"https:\/\/i0.wp.com\/www.jojoenherbe.com\/wp-content\/uploads\/2025\/12\/La-chasse-aux-livres-de-Noel.jpg?resize=150%2C150\" alt=\"\" width=\"150\" height=\"150\" srcset=\"https:\/\/i0.wp.com\/www.jojoenherbe.com\/wp-content\/uploads\/2025\/12\/La-chasse-aux-livres-de-Noel.jpg?resize=150%2C150 150w, https:\/\/i0.wp.com\/www.jojoenherbe.com\/wp-content\/uploads\/2025\/12\/La-chasse-aux-livres-de-Noel.jpg?zoom=2&amp;resize=150%2C150 300w, https:\/\/i0.wp.com\/www.jojoenherbe.com\/wp-content\/uploads\/2025\/12\/La-chasse-aux-livres-de-Noel.jpg?zoom=3&amp;resize=150%2C150 450w\" sizes=\"auto, (max-width: 150px) 100vw, 150px\" \/><\/a>J&rsquo;ai lu, en e-book, <a href=\"https:\/\/www.jojoenherbe.com\/index.php\/2025\/12\/08\/au-fil-des-pages-avec-la-chasse-aux-livres-de-noel\/\"><span style=\"text-decoration: underline;\">La chasse aux livres de No\u00ebl<\/span><\/a> de Jenny Colgan (\u00e9d. Charleston, octobre 2025, 150 pages), une courte romance se d\u00e9roulant un an avant les \u00e9v\u00e9nements de <span style=\"text-decoration: underline;\">La biblioth\u00e8que secr\u00e8te de No\u00ebl<\/span>. Alors qu&rsquo;elle est en fin de vie, Violet, la grand-tante de Mirren Sutherland lui demande une derni\u00e8re faveur, retrouver son livre d&rsquo;enfance. Mais la t\u00e2che se r\u00e9v\u00e8le bien plus compliqu\u00e9e que pr\u00e9vue, le livre semblant \u00eatre une \u00e9dition originale d&rsquo;une valeur inestimable et qui ne serait qu&rsquo;une rumeur et attisant la convoitise de libraires impitoyables, comme l&rsquo;oncle de Theodore Palliser. Ce dernier est charg\u00e9 de suivre la trentenaire afin de mettre la main en premier sur ce livre. J&rsquo;ai appr\u00e9ci\u00e9 cette courte enqu\u00eate de deux passionn\u00e9s de livres et qui s&rsquo;amuse avec les codes de la romance historique. Un bon moment de lecture avec cette romance toute mignonne!\u00a0<\/em><\/p>\n<ul>\n<li><em>(Romance historique de No\u00ebl) <strong><span style=\"text-decoration: underline;\">Le No\u00ebl du Highlander<\/span><\/strong> de Liv Fox<\/em><\/li>\n<\/ul>\n<p style=\"text-align: justify;\"><em><a href=\"https:\/\/i0.wp.com\/www.jojoenherbe.com\/wp-content\/uploads\/2025\/12\/Le-Noel-du-Highlander.jpg\"><img data-recalc-dims=\"1\" loading=\"lazy\" decoding=\"async\" data-attachment-id=\"41709\" data-permalink=\"http:\/\/www.jojoenherbe.com\/index.php\/2025\/12\/12\/point-lecture-hebdomadaire-2025-49\/screenshot-328\/\" data-orig-file=\"https:\/\/i0.wp.com\/www.jojoenherbe.com\/wp-content\/uploads\/2025\/12\/Le-Noel-du-Highlander.jpg?fit=750%2C1183\" data-orig-size=\"750,1183\" data-comments-opened=\"1\" data-image-meta=\"{&quot;aperture&quot;:&quot;0&quot;,&quot;credit&quot;:&quot;&quot;,&quot;camera&quot;:&quot;&quot;,&quot;caption&quot;:&quot;Screenshot&quot;,&quot;created_timestamp&quot;:&quot;0&quot;,&quot;copyright&quot;:&quot;&quot;,&quot;focal_length&quot;:&quot;0&quot;,&quot;iso&quot;:&quot;0&quot;,&quot;shutter_speed&quot;:&quot;0&quot;,&quot;title&quot;:&quot;Screenshot&quot;,&quot;orientation&quot;:&quot;1&quot;}\" data-image-title=\"\" data-image-description=\"\" data-image-caption=\"\" data-large-file=\"https:\/\/i0.wp.com\/www.jojoenherbe.com\/wp-content\/uploads\/2025\/12\/Le-Noel-du-Highlander.jpg?fit=649%2C1024\" class=\"size-thumbnail wp-image-41709 alignright\" src=\"https:\/\/i0.wp.com\/www.jojoenherbe.com\/wp-content\/uploads\/2025\/12\/Le-Noel-du-Highlander.jpg?resize=150%2C150\" alt=\"\" width=\"150\" height=\"150\" srcset=\"https:\/\/i0.wp.com\/www.jojoenherbe.com\/wp-content\/uploads\/2025\/12\/Le-Noel-du-Highlander.jpg?resize=150%2C150 150w, https:\/\/i0.wp.com\/www.jojoenherbe.com\/wp-content\/uploads\/2025\/12\/Le-Noel-du-Highlander.jpg?zoom=2&amp;resize=150%2C150 300w, https:\/\/i0.wp.com\/www.jojoenherbe.com\/wp-content\/uploads\/2025\/12\/Le-Noel-du-Highlander.jpg?zoom=3&amp;resize=150%2C150 450w\" sizes=\"auto, (max-width: 150px) 100vw, 150px\" \/><\/a>J&rsquo;ai lu, en e-book, un nouveau tome sous le format d&rsquo;une nouvelle de No\u00ebl du <span style=\"text-decoration: underline;\">Clan MacPherson<\/span>: <span style=\"text-decoration: underline;\">Le No\u00ebl du Highlander<\/span> de Liv Fox (\u00e9d. Auto\u00e9dition, f\u00e9vrier 2025, 135 pages), une courte romance historique de No\u00ebl que j&rsquo;avais gard\u00e9e pour ce mois-ci et se d\u00e9roulant, en \u00c9cosse, en d\u00e9cembre 1318, entre Catriona, une jeune veuve devenue muette, apr\u00e8s les s\u00e9vices subies par les Comyn 8 ans plus t\u00f4t, et qui a \u00e9t\u00e9 accueillie par le clan MacPherson et Murdoch, un des fid\u00e8les lieutenant du laird. Une histoire toute douce et mignonne de reconstruction et de r\u00e9silience!<\/em><\/p>\n<p><strong><span style=\"text-decoration: underline;\">Ma lecture en cours<\/span>:<\/strong><\/p>\n<ul>\n<li><em>(Romance contemporaine de No\u00ebl) <strong><span style=\"text-decoration: underline;\">La biblioth\u00e8que secr\u00e8te de No\u00ebl<\/span><\/strong> de Jenny Colgan<\/em><\/li>\n<\/ul>\n<p style=\"text-align: justify;\"><em><a href=\"https:\/\/i0.wp.com\/www.jojoenherbe.com\/wp-content\/uploads\/2025\/12\/La-bibliotheque-secrete-de-Noel.jpg\"><img data-recalc-dims=\"1\" loading=\"lazy\" decoding=\"async\" data-attachment-id=\"41647\" data-permalink=\"http:\/\/www.jojoenherbe.com\/index.php\/2025\/12\/12\/point-lecture-hebdomadaire-2025-49\/screenshot-322\/\" data-orig-file=\"https:\/\/i0.wp.com\/www.jojoenherbe.com\/wp-content\/uploads\/2025\/12\/La-bibliotheque-secrete-de-Noel.jpg?fit=750%2C1201\" data-orig-size=\"750,1201\" data-comments-opened=\"1\" data-image-meta=\"{&quot;aperture&quot;:&quot;0&quot;,&quot;credit&quot;:&quot;&quot;,&quot;camera&quot;:&quot;&quot;,&quot;caption&quot;:&quot;Screenshot&quot;,&quot;created_timestamp&quot;:&quot;0&quot;,&quot;copyright&quot;:&quot;&quot;,&quot;focal_length&quot;:&quot;0&quot;,&quot;iso&quot;:&quot;0&quot;,&quot;shutter_speed&quot;:&quot;0&quot;,&quot;title&quot;:&quot;Screenshot&quot;,&quot;orientation&quot;:&quot;1&quot;}\" data-image-title=\"\" data-image-description=\"\" data-image-caption=\"\" data-large-file=\"https:\/\/i0.wp.com\/www.jojoenherbe.com\/wp-content\/uploads\/2025\/12\/La-bibliotheque-secrete-de-Noel.jpg?fit=639%2C1024\" class=\"size-thumbnail wp-image-41647 alignleft\" src=\"https:\/\/i0.wp.com\/www.jojoenherbe.com\/wp-content\/uploads\/2025\/12\/La-bibliotheque-secrete-de-Noel.jpg?resize=150%2C150\" alt=\"\" width=\"150\" height=\"150\" srcset=\"https:\/\/i0.wp.com\/www.jojoenherbe.com\/wp-content\/uploads\/2025\/12\/La-bibliotheque-secrete-de-Noel.jpg?resize=150%2C150 150w, https:\/\/i0.wp.com\/www.jojoenherbe.com\/wp-content\/uploads\/2025\/12\/La-bibliotheque-secrete-de-Noel.jpg?zoom=2&amp;resize=150%2C150 300w, https:\/\/i0.wp.com\/www.jojoenherbe.com\/wp-content\/uploads\/2025\/12\/La-bibliotheque-secrete-de-Noel.jpg?zoom=3&amp;resize=150%2C150 450w\" sizes=\"auto, (max-width: 150px) 100vw, 150px\" \/><\/a>J&rsquo;ai commenc\u00e9 \u00e0 lire <span style=\"text-decoration: underline;\">La biblioth\u00e8que secr\u00e8te de No\u00ebl<\/span> de Jenny Colgan (\u00e9d. Charleston, octobre 2025,\u00a0 pages), une romance contemporaine de No\u00ebl se d\u00e9roulant dans les Highlands, Jamie McPherson, un jeune laird d\u00e9sargent\u00e9 confiant \u00e0 Mirren et Theo le soin de retrouver un livre qui pourrait sauver son ch\u00e2teau de la ruine. Parviendront-ils \u00e0 percer l&rsquo;\u00e9nigme laiss\u00e9 par le grand-p\u00e8re d\u00e9c\u00e9d\u00e9 du jeune laird? Je reprendrai ma lecture la semaine prochaine, m&rsquo;\u00e9tant aper\u00e7ue en la commen\u00e7ant qu&rsquo;il y avait un court roman sur les \u00e9v\u00e9nements relat\u00e9s au d\u00e9but et qui sont \u00e0 l&rsquo;origine de la brouille entre Mirren et Theo.\u00a0<\/em><\/p>\n","protected":false},"excerpt":{"rendered":"<p>En cette fin de semaine, voici mon point lecture hebdomadaire avec un retour sur nos lectures (mais pas nos relectures) de la semaine derni\u00e8re au cours de laquelle nous avons commenc\u00e9 nos lectures de No\u00ebl, avec deux livres de l&rsquo;Avent qui vont nous accompagner chaque soir jusqu&rsquo;\u00e0 No\u00ebl: La BD de l\u2019Avent et L\u2019enfance du [&hellip;]<\/p>\n","protected":false},"author":1,"featured_media":41712,"comment_status":"open","ping_status":"open","sticky":false,"template":"","format":"standard","meta":{"jetpack_post_was_ever_published":false,"_jetpack_newsletter_access":"","_jetpack_dont_email_post_to_subs":false,"_jetpack_newsletter_tier_id":0,"_jetpack_memberships_contains_paywalled_content":false,"_jetpack_memberships_contains_paid_content":false,"footnotes":""},"categories":[2140,363],"tags":[4378,1226,1293,1581,4786,1694,4788,1580,1085,367,1056,3311,942,3071,2767,1643,844,3236,1086,3209,905,789,1572,4098],"class_list":["post-41643","post","type-post","status-publish","format-standard","has-post-thumbnail","hentry","category-mini-blogueur","category-mini-lecteur","tag-album-jeunesse","tag-bd-jeunesse","tag-benjamin-lacombe","tag-cerrie-burnell","tag-fiona-sussman","tag-jenny-colgan","tag-kazuyoshi-seto","tag-laura-ellen-anderson","tag-lecture-adulte","tag-lecture-jeunesse","tag-lectures-de-noel","tag-liv-fox","tag-manga","tag-nouvelle","tag-point-lecture-hebdo","tag-roman-court","tag-romance","tag-romance-contemporaine","tag-romance-de-noel","tag-romance-historique","tag-romans-adulte","tag-romans-jeunesse","tag-sebastien-perez","tag-thriller-psychologique","post-preview"],"jetpack_featured_media_url":"https:\/\/i0.wp.com\/www.jojoenherbe.com\/wp-content\/uploads\/2025\/12\/Point-lecture-hebdo-2025-49-scaled.jpg?fit=2560%2C1800","jetpack_sharing_enabled":true,"jetpack_shortlink":"https:\/\/wp.me\/p9zhGx-aPF","jetpack_likes_enabled":true,"jetpack-related-posts":[{"id":41936,"url":"http:\/\/www.jojoenherbe.com\/index.php\/2025\/12\/27\/point-lecture-hebdomadaire-2025-51\/","url_meta":{"origin":41643,"position":0},"title":"Point lecture hebdomadaire 2025 #51","author":"Jojo","date":"27 d\u00e9cembre 2025","format":false,"excerpt":"En cette fin de semaine, voici mon point lecture hebdomadaire avec un retour sur nos lectures (mais pas nos relectures) de la semaine derni\u00e8re au cours de laquelle nous avons continu\u00e9 nos lectures de No\u00ebl, avec deux livres de l'Avent qui nous accompagneront, chaque jour (ou soir) jusqu'\u00e0 No\u00ebl: La\u2026","rel":"","context":"Dans &quot;Mini blogueur&quot;","block_context":{"text":"Mini blogueur","link":"http:\/\/www.jojoenherbe.com\/index.php\/category\/mini-blogueur\/"},"img":{"alt_text":"","src":"https:\/\/i0.wp.com\/www.jojoenherbe.com\/wp-content\/uploads\/2025\/12\/Selection-jeunesse-2025-51-150x150.jpg?resize=350%2C200","width":350,"height":200},"classes":[]},{"id":41942,"url":"http:\/\/www.jojoenherbe.com\/index.php\/2025\/12\/16\/point-lecture-hebdomadaire-2025-50\/","url_meta":{"origin":41643,"position":1},"title":"Point lecture hebdomadaire 2025 #50","author":"Jojo","date":"16 d\u00e9cembre 2025","format":false,"excerpt":"En ce d\u00e9but de semaine, voici mon point lecture hebdomadaire avec un retour sur nos lectures (mais pas nos relectures) de la semaine derni\u00e8re au cours de laquelle nous avons continu\u00e9 nos lectures de No\u00ebl et qui s'est termin\u00e9e sur un RAT de No\u00ebl. Nos lectures du 8 au 14\u2026","rel":"","context":"Dans &quot;Mini blogueur&quot;","block_context":{"text":"Mini blogueur","link":"http:\/\/www.jojoenherbe.com\/index.php\/category\/mini-blogueur\/"},"img":{"alt_text":"","src":"https:\/\/i0.wp.com\/www.jojoenherbe.com\/wp-content\/uploads\/2025\/12\/Perce-Neige-un-conte-de-Noel-150x150.jpg?resize=350%2C200","width":350,"height":200},"classes":[]},{"id":33306,"url":"http:\/\/www.jojoenherbe.com\/index.php\/2023\/12\/04\/point-lecture-hebdomadaire-2023-48\/","url_meta":{"origin":41643,"position":2},"title":"Point lecture hebdomadaire 2023 #48","author":"Jojo","date":"4 d\u00e9cembre 2023","format":false,"excerpt":"En ce d\u00e9but de semaine, voici notre point lecture hebdomadaire avec un retour sur nos lectures de la semaine derni\u00e8re (mais pas nos relectures) et qui sont encore un peu halloweenesques mais d\u00e9sormais de plus en plus no\u00eblesques. D'ailleurs, du 10 au 30 novembre, c'\u00e9tait No\u00eblloween avec les copinautes, Hilde,\u2026","rel":"","context":"Dans &quot;Mini blogueur&quot;","block_context":{"text":"Mini blogueur","link":"http:\/\/www.jojoenherbe.com\/index.php\/category\/mini-blogueur\/"},"img":{"alt_text":"","src":"https:\/\/i0.wp.com\/www.jojoenherbe.com\/wp-content\/uploads\/2023\/12\/Point-lecture-hebdomadaire-2023-48-scaled.jpg?fit=1153%2C1200&resize=350%2C200","width":350,"height":200,"srcset":"https:\/\/i0.wp.com\/www.jojoenherbe.com\/wp-content\/uploads\/2023\/12\/Point-lecture-hebdomadaire-2023-48-scaled.jpg?fit=1153%2C1200&resize=350%2C200 1x, https:\/\/i0.wp.com\/www.jojoenherbe.com\/wp-content\/uploads\/2023\/12\/Point-lecture-hebdomadaire-2023-48-scaled.jpg?fit=1153%2C1200&resize=525%2C300 1.5x, https:\/\/i0.wp.com\/www.jojoenherbe.com\/wp-content\/uploads\/2023\/12\/Point-lecture-hebdomadaire-2023-48-scaled.jpg?fit=1153%2C1200&resize=700%2C400 2x, https:\/\/i0.wp.com\/www.jojoenherbe.com\/wp-content\/uploads\/2023\/12\/Point-lecture-hebdomadaire-2023-48-scaled.jpg?fit=1153%2C1200&resize=1050%2C600 3x"},"classes":[]},{"id":33622,"url":"http:\/\/www.jojoenherbe.com\/index.php\/2023\/12\/18\/point-lecture-hebdomadaire-2023-50\/","url_meta":{"origin":41643,"position":3},"title":"Point lecture hebdomadaire 2023 #50","author":"Jojo","date":"18 d\u00e9cembre 2023","format":false,"excerpt":"En ce d\u00e9but de semaine, voici notre point lecture hebdomadaire avec un retour sur nos lectures de la semaine derni\u00e8re (mais pas nos relectures), la plupart de No\u00ebl. Nos lectures du 11 au 17 d\u00e9cembre 2023: Des lectures jeunesse: Nous avons lu les chapitres 11 \u00e0 17 de nos deux\u2026","rel":"","context":"Dans &quot;Mini blogueur&quot;","block_context":{"text":"Mini blogueur","link":"http:\/\/www.jojoenherbe.com\/index.php\/category\/mini-blogueur\/"},"img":{"alt_text":"","src":"https:\/\/i0.wp.com\/www.jojoenherbe.com\/wp-content\/uploads\/2023\/12\/Point-lecture-hebdomadaire-2023-50-scaled.jpg?fit=1200%2C1045&resize=350%2C200","width":350,"height":200,"srcset":"https:\/\/i0.wp.com\/www.jojoenherbe.com\/wp-content\/uploads\/2023\/12\/Point-lecture-hebdomadaire-2023-50-scaled.jpg?fit=1200%2C1045&resize=350%2C200 1x, https:\/\/i0.wp.com\/www.jojoenherbe.com\/wp-content\/uploads\/2023\/12\/Point-lecture-hebdomadaire-2023-50-scaled.jpg?fit=1200%2C1045&resize=525%2C300 1.5x, https:\/\/i0.wp.com\/www.jojoenherbe.com\/wp-content\/uploads\/2023\/12\/Point-lecture-hebdomadaire-2023-50-scaled.jpg?fit=1200%2C1045&resize=700%2C400 2x, https:\/\/i0.wp.com\/www.jojoenherbe.com\/wp-content\/uploads\/2023\/12\/Point-lecture-hebdomadaire-2023-50-scaled.jpg?fit=1200%2C1045&resize=1050%2C600 3x"},"classes":[]},{"id":41939,"url":"http:\/\/www.jojoenherbe.com\/index.php\/2026\/01\/04\/point-lecture-hebdomadaire-2025-52\/","url_meta":{"origin":41643,"position":4},"title":"Point lecture hebdomadaire 2025 #52","author":"Jojo","date":"4 janvier 2026","format":false,"excerpt":"En cette fin de semaine, voici mon point lecture hebdomadaire avec un retour sur nos lectures (mais pas nos relectures) de la semaine derni\u00e8re, m\u00eame si j'ai peu lu jusqu'\u00e0 No\u00ebl puisque nous avions pris une semaine de cong\u00e9s, avec le d\u00e9but de semaine pass\u00e9 dans la Dr\u00f4me puis pour\u2026","rel":"","context":"Dans &quot;Mini blogueur&quot;","block_context":{"text":"Mini blogueur","link":"http:\/\/www.jojoenherbe.com\/index.php\/category\/mini-blogueur\/"},"img":{"alt_text":"","src":"https:\/\/i0.wp.com\/www.jojoenherbe.com\/wp-content\/uploads\/2026\/01\/Minecraft-T2-a-T5-150x150.jpg?resize=350%2C200","width":350,"height":200},"classes":[]},{"id":34189,"url":"http:\/\/www.jojoenherbe.com\/index.php\/2024\/01\/08\/point-lecture-hebdomadaire-2024-1\/","url_meta":{"origin":41643,"position":5},"title":"Point lecture hebdomadaire 2024 #1","author":"Jojo","date":"8 janvier 2024","format":false,"excerpt":"En ce d\u00e9but de semaine, voici notre point lecture hebdomadaire avec un retour sur nos lectures de la semaine derni\u00e8re (mais pas nos relectures), la plupart encore de No\u00ebl puisque le week-end dernier s'est fini le challenge Il \u00e9tait 11 fois No\u00ebl avec un read-a-thon. Nos lectures du 1er au\u2026","rel":"","context":"Dans &quot;Mini blogueur&quot;","block_context":{"text":"Mini blogueur","link":"http:\/\/www.jojoenherbe.com\/index.php\/category\/mini-blogueur\/"},"img":{"alt_text":"","src":"https:\/\/i0.wp.com\/www.jojoenherbe.com\/wp-content\/uploads\/2024\/01\/Point-lecture-hebdo-2024-1-scaled.jpg?fit=1200%2C684&resize=350%2C200","width":350,"height":200,"srcset":"https:\/\/i0.wp.com\/www.jojoenherbe.com\/wp-content\/uploads\/2024\/01\/Point-lecture-hebdo-2024-1-scaled.jpg?fit=1200%2C684&resize=350%2C200 1x, https:\/\/i0.wp.com\/www.jojoenherbe.com\/wp-content\/uploads\/2024\/01\/Point-lecture-hebdo-2024-1-scaled.jpg?fit=1200%2C684&resize=525%2C300 1.5x, https:\/\/i0.wp.com\/www.jojoenherbe.com\/wp-content\/uploads\/2024\/01\/Point-lecture-hebdo-2024-1-scaled.jpg?fit=1200%2C684&resize=700%2C400 2x, https:\/\/i0.wp.com\/www.jojoenherbe.com\/wp-content\/uploads\/2024\/01\/Point-lecture-hebdo-2024-1-scaled.jpg?fit=1200%2C684&resize=1050%2C600 3x"},"classes":[]}],"_links":{"self":[{"href":"http:\/\/www.jojoenherbe.com\/index.php\/wp-json\/wp\/v2\/posts\/41643","targetHints":{"allow":["GET"]}}],"collection":[{"href":"http:\/\/www.jojoenherbe.com\/index.php\/wp-json\/wp\/v2\/posts"}],"about":[{"href":"http:\/\/www.jojoenherbe.com\/index.php\/wp-json\/wp\/v2\/types\/post"}],"author":[{"embeddable":true,"href":"http:\/\/www.jojoenherbe.com\/index.php\/wp-json\/wp\/v2\/users\/1"}],"replies":[{"embeddable":true,"href":"http:\/\/www.jojoenherbe.com\/index.php\/wp-json\/wp\/v2\/comments?post=41643"}],"version-history":[{"count":16,"href":"http:\/\/www.jojoenherbe.com\/index.php\/wp-json\/wp\/v2\/posts\/41643\/revisions"}],"predecessor-version":[{"id":41937,"href":"http:\/\/www.jojoenherbe.com\/index.php\/wp-json\/wp\/v2\/posts\/41643\/revisions\/41937"}],"wp:featuredmedia":[{"embeddable":true,"href":"http:\/\/www.jojoenherbe.com\/index.php\/wp-json\/wp\/v2\/media\/41712"}],"wp:attachment":[{"href":"http:\/\/www.jojoenherbe.com\/index.php\/wp-json\/wp\/v2\/media?parent=41643"}],"wp:term":[{"taxonomy":"category","embeddable":true,"href":"http:\/\/www.jojoenherbe.com\/index.php\/wp-json\/wp\/v2\/categories?post=41643"},{"taxonomy":"post_tag","embeddable":true,"href":"http:\/\/www.jojoenherbe.com\/index.php\/wp-json\/wp\/v2\/tags?post=41643"}],"curies":[{"name":"wp","href":"https:\/\/api.w.org\/{rel}","templated":true}]}}