{"id":4131,"date":"2018-12-24T14:54:53","date_gmt":"2018-12-24T13:54:53","guid":{"rendered":"http:\/\/www.jojoenherbe.com\/?p=4131"},"modified":"2018-12-30T15:24:25","modified_gmt":"2018-12-30T14:24:25","slug":"circuit-des-creches-luceram","status":"publish","type":"post","link":"http:\/\/www.jojoenherbe.com\/index.php\/2018\/12\/24\/circuit-des-creches-luceram\/","title":{"rendered":"Circuit des cr\u00e8ches &#8211; Luc\u00e9ram"},"content":{"rendered":"<p style=\"text-align: justify;\"><em><a href=\"https:\/\/i0.wp.com\/www.jojoenherbe.com\/wp-content\/uploads\/2018\/12\/circuit-des-cr%C3%A8ches-Luc%C3%A9ram-21.jpg\"><img data-recalc-dims=\"1\" loading=\"lazy\" decoding=\"async\" data-attachment-id=\"4152\" data-permalink=\"http:\/\/www.jojoenherbe.com\/index.php\/2018\/12\/24\/circuit-des-creches-luceram\/circuit-des-creches-luceram-21\/\" data-orig-file=\"https:\/\/i0.wp.com\/www.jojoenherbe.com\/wp-content\/uploads\/2018\/12\/circuit-des-cr%C3%A8ches-Luc%C3%A9ram-21.jpg?fit=5184%2C3888\" data-orig-size=\"5184,3888\" data-comments-opened=\"1\" data-image-meta=\"{&quot;aperture&quot;:&quot;3.2&quot;,&quot;credit&quot;:&quot;&quot;,&quot;camera&quot;:&quot;DSC-HX400V&quot;,&quot;caption&quot;:&quot;&quot;,&quot;created_timestamp&quot;:&quot;1545577631&quot;,&quot;copyright&quot;:&quot;&quot;,&quot;focal_length&quot;:&quot;7.84&quot;,&quot;iso&quot;:&quot;80&quot;,&quot;shutter_speed&quot;:&quot;0.001&quot;,&quot;title&quot;:&quot;&quot;,&quot;orientation&quot;:&quot;1&quot;}\" data-image-title=\"circuit des cr\u00e8ches &amp;#8211; Luc\u00e9ram 21\" data-image-description=\"\" data-image-caption=\"\" data-large-file=\"https:\/\/i0.wp.com\/www.jojoenherbe.com\/wp-content\/uploads\/2018\/12\/circuit-des-cr%C3%A8ches-Luc%C3%A9ram-21.jpg?fit=676%2C507\" class=\"alignleft size-thumbnail wp-image-4152\" src=\"https:\/\/i0.wp.com\/www.jojoenherbe.com\/wp-content\/uploads\/2018\/12\/circuit-des-cr%C3%A8ches-Luc%C3%A9ram-21.jpg?resize=150%2C150\" alt=\"\" width=\"150\" height=\"150\" srcset=\"https:\/\/i0.wp.com\/www.jojoenherbe.com\/wp-content\/uploads\/2018\/12\/circuit-des-cr%C3%A8ches-Luc%C3%A9ram-21.jpg?resize=150%2C150 150w, https:\/\/i0.wp.com\/www.jojoenherbe.com\/wp-content\/uploads\/2018\/12\/circuit-des-cr%C3%A8ches-Luc%C3%A9ram-21.jpg?zoom=2&amp;resize=150%2C150 300w, https:\/\/i0.wp.com\/www.jojoenherbe.com\/wp-content\/uploads\/2018\/12\/circuit-des-cr%C3%A8ches-Luc%C3%A9ram-21.jpg?zoom=3&amp;resize=150%2C150 450w\" sizes=\"auto, (max-width: 150px) 100vw, 150px\" \/><\/a> <a href=\"https:\/\/i0.wp.com\/www.jojoenherbe.com\/wp-content\/uploads\/2018\/12\/circuit-des-cr%C3%A8ches-Luc%C3%A9ram.jpg\"><img data-recalc-dims=\"1\" loading=\"lazy\" decoding=\"async\" data-attachment-id=\"4153\" data-permalink=\"http:\/\/www.jojoenherbe.com\/index.php\/2018\/12\/24\/circuit-des-creches-luceram\/circuit-des-creches-luceram\/\" data-orig-file=\"https:\/\/i0.wp.com\/www.jojoenherbe.com\/wp-content\/uploads\/2018\/12\/circuit-des-cr%C3%A8ches-Luc%C3%A9ram.jpg?fit=1860%2C3408\" data-orig-size=\"1860,3408\" data-comments-opened=\"1\" data-image-meta=\"{&quot;aperture&quot;:&quot;3.5&quot;,&quot;credit&quot;:&quot;&quot;,&quot;camera&quot;:&quot;DSC-HX400V&quot;,&quot;caption&quot;:&quot;&quot;,&quot;created_timestamp&quot;:&quot;1545569908&quot;,&quot;copyright&quot;:&quot;&quot;,&quot;focal_length&quot;:&quot;9.53&quot;,&quot;iso&quot;:&quot;80&quot;,&quot;shutter_speed&quot;:&quot;0.0125&quot;,&quot;title&quot;:&quot;&quot;,&quot;orientation&quot;:&quot;1&quot;}\" data-image-title=\"circuit des cr\u00e8ches &amp;#8211; Luc\u00e9ram\" data-image-description=\"\" data-image-caption=\"\" data-large-file=\"https:\/\/i0.wp.com\/www.jojoenherbe.com\/wp-content\/uploads\/2018\/12\/circuit-des-cr%C3%A8ches-Luc%C3%A9ram.jpg?fit=559%2C1024\" class=\"alignleft size-thumbnail wp-image-4153\" src=\"https:\/\/i0.wp.com\/www.jojoenherbe.com\/wp-content\/uploads\/2018\/12\/circuit-des-cr%C3%A8ches-Luc%C3%A9ram.jpg?resize=150%2C150\" alt=\"\" width=\"150\" height=\"150\" srcset=\"https:\/\/i0.wp.com\/www.jojoenherbe.com\/wp-content\/uploads\/2018\/12\/circuit-des-cr%C3%A8ches-Luc%C3%A9ram.jpg?resize=150%2C150 150w, https:\/\/i0.wp.com\/www.jojoenherbe.com\/wp-content\/uploads\/2018\/12\/circuit-des-cr%C3%A8ches-Luc%C3%A9ram.jpg?zoom=2&amp;resize=150%2C150 300w, https:\/\/i0.wp.com\/www.jojoenherbe.com\/wp-content\/uploads\/2018\/12\/circuit-des-cr%C3%A8ches-Luc%C3%A9ram.jpg?zoom=3&amp;resize=150%2C150 450w\" sizes=\"auto, (max-width: 150px) 100vw, 150px\" \/><\/a>Ce 23 d\u00e9cembre 2018, nous partons \u00e0 Luc\u00e9ram, village m\u00e9di\u00e9val et perch\u00e9 dans le Haut Paillon, sur la route du Col de Turini. Au programme du jour, d\u00e9ambulations, sous les rayons du soleil, dans les ruelles de ce charmant village dans le cadre du vingt-et-uni\u00e8me circuit des cr\u00e8ches. <\/em><em>Nous commen\u00e7ons notre visite par le march\u00e9 de No\u00ebl puis nous descendons vers les premi\u00e8res cr\u00e8ches install\u00e9es de fa\u00e7on plus ou moins visible du tout-venant.\u00a0<\/em><\/p>\n<p style=\"text-align: justify;\"><em><a href=\"https:\/\/i0.wp.com\/www.jojoenherbe.com\/wp-content\/uploads\/2018\/12\/circuit-des-cr%C3%A8ches-Luc%C3%A9ram-3.jpg\"><img data-recalc-dims=\"1\" loading=\"lazy\" decoding=\"async\" data-attachment-id=\"4134\" data-permalink=\"http:\/\/www.jojoenherbe.com\/index.php\/2018\/12\/24\/circuit-des-creches-luceram\/circuit-des-creches-luceram-3\/\" data-orig-file=\"https:\/\/i0.wp.com\/www.jojoenherbe.com\/wp-content\/uploads\/2018\/12\/circuit-des-cr%C3%A8ches-Luc%C3%A9ram-3.jpg?fit=3888%2C5184\" data-orig-size=\"3888,5184\" data-comments-opened=\"1\" data-image-meta=\"{&quot;aperture&quot;:&quot;3.2&quot;,&quot;credit&quot;:&quot;&quot;,&quot;camera&quot;:&quot;DSC-HX400V&quot;,&quot;caption&quot;:&quot;&quot;,&quot;created_timestamp&quot;:&quot;1545569989&quot;,&quot;copyright&quot;:&quot;&quot;,&quot;focal_length&quot;:&quot;4.3&quot;,&quot;iso&quot;:&quot;80&quot;,&quot;shutter_speed&quot;:&quot;0.001&quot;,&quot;title&quot;:&quot;&quot;,&quot;orientation&quot;:&quot;1&quot;}\" data-image-title=\"circuit des cr\u00e8ches &amp;#8211; Luc\u00e9ram 3\" data-image-description=\"\" data-image-caption=\"\" data-large-file=\"https:\/\/i0.wp.com\/www.jojoenherbe.com\/wp-content\/uploads\/2018\/12\/circuit-des-cr%C3%A8ches-Luc%C3%A9ram-3.jpg?fit=676%2C901\" class=\"size-thumbnail wp-image-4134 alignright\" src=\"https:\/\/i0.wp.com\/www.jojoenherbe.com\/wp-content\/uploads\/2018\/12\/circuit-des-cr%C3%A8ches-Luc%C3%A9ram-3.jpg?resize=150%2C150\" alt=\"\" width=\"150\" height=\"150\" srcset=\"https:\/\/i0.wp.com\/www.jojoenherbe.com\/wp-content\/uploads\/2018\/12\/circuit-des-cr%C3%A8ches-Luc%C3%A9ram-3.jpg?resize=150%2C150 150w, https:\/\/i0.wp.com\/www.jojoenherbe.com\/wp-content\/uploads\/2018\/12\/circuit-des-cr%C3%A8ches-Luc%C3%A9ram-3.jpg?zoom=2&amp;resize=150%2C150 300w, https:\/\/i0.wp.com\/www.jojoenherbe.com\/wp-content\/uploads\/2018\/12\/circuit-des-cr%C3%A8ches-Luc%C3%A9ram-3.jpg?zoom=3&amp;resize=150%2C150 450w\" sizes=\"auto, (max-width: 150px) 100vw, 150px\" \/><\/a> <a href=\"https:\/\/i0.wp.com\/www.jojoenherbe.com\/wp-content\/uploads\/2018\/12\/circuit-des-cr%C3%A8ches-Luc%C3%A9ram-22.jpg\"><img data-recalc-dims=\"1\" loading=\"lazy\" decoding=\"async\" data-attachment-id=\"4156\" data-permalink=\"http:\/\/www.jojoenherbe.com\/index.php\/2018\/12\/24\/circuit-des-creches-luceram\/circuit-des-creches-luceram-22\/\" data-orig-file=\"https:\/\/i0.wp.com\/www.jojoenherbe.com\/wp-content\/uploads\/2018\/12\/circuit-des-cr%C3%A8ches-Luc%C3%A9ram-22.jpg?fit=5184%2C3888\" data-orig-size=\"5184,3888\" data-comments-opened=\"1\" data-image-meta=\"{&quot;aperture&quot;:&quot;3.2&quot;,&quot;credit&quot;:&quot;&quot;,&quot;camera&quot;:&quot;DSC-HX400V&quot;,&quot;caption&quot;:&quot;&quot;,&quot;created_timestamp&quot;:&quot;1545570108&quot;,&quot;copyright&quot;:&quot;&quot;,&quot;focal_length&quot;:&quot;4.3&quot;,&quot;iso&quot;:&quot;80&quot;,&quot;shutter_speed&quot;:&quot;0.002&quot;,&quot;title&quot;:&quot;&quot;,&quot;orientation&quot;:&quot;1&quot;}\" data-image-title=\"circuit des cr\u00e8ches &amp;#8211; Luc\u00e9ram 22\" data-image-description=\"\" data-image-caption=\"\" data-large-file=\"https:\/\/i0.wp.com\/www.jojoenherbe.com\/wp-content\/uploads\/2018\/12\/circuit-des-cr%C3%A8ches-Luc%C3%A9ram-22.jpg?fit=676%2C507\" class=\"size-thumbnail wp-image-4156 alignright\" src=\"https:\/\/i0.wp.com\/www.jojoenherbe.com\/wp-content\/uploads\/2018\/12\/circuit-des-cr%C3%A8ches-Luc%C3%A9ram-22.jpg?resize=150%2C150\" alt=\"\" width=\"150\" height=\"150\" srcset=\"https:\/\/i0.wp.com\/www.jojoenherbe.com\/wp-content\/uploads\/2018\/12\/circuit-des-cr%C3%A8ches-Luc%C3%A9ram-22.jpg?resize=150%2C150 150w, https:\/\/i0.wp.com\/www.jojoenherbe.com\/wp-content\/uploads\/2018\/12\/circuit-des-cr%C3%A8ches-Luc%C3%A9ram-22.jpg?zoom=2&amp;resize=150%2C150 300w, https:\/\/i0.wp.com\/www.jojoenherbe.com\/wp-content\/uploads\/2018\/12\/circuit-des-cr%C3%A8ches-Luc%C3%A9ram-22.jpg?zoom=3&amp;resize=150%2C150 450w\" sizes=\"auto, (max-width: 150px) 100vw, 150px\" \/><\/a>Apr\u00e8s une courte pause d\u00e9jeuner, nous reprenons nos d\u00e9ambulations en direction du vieux village. Nous passons devant la Porte Ouest et commen\u00e7ons notre ascension en scrutant tout autour de nous \u00e0 la recherche de la moindre d\u00e9coration. Nous sommes nombreux mais sans \u00eatre les uns sur les autres, toute g\u00e9n\u00e9ration confondue, \u00e0 arpenter ainsi les ruelles, les vo\u00fbtes et les caves de ce village.<br \/>\n<\/em><\/p>\n<p style=\"text-align: justify;\"><a href=\"https:\/\/i0.wp.com\/www.jojoenherbe.com\/wp-content\/uploads\/2018\/12\/circuit-des-cr%C3%A8ches-Luc%C3%A9ram-4.jpg\"><img data-recalc-dims=\"1\" loading=\"lazy\" decoding=\"async\" data-attachment-id=\"4135\" data-permalink=\"http:\/\/www.jojoenherbe.com\/index.php\/2018\/12\/24\/circuit-des-creches-luceram\/circuit-des-creches-luceram-4\/\" data-orig-file=\"https:\/\/i0.wp.com\/www.jojoenherbe.com\/wp-content\/uploads\/2018\/12\/circuit-des-cr%C3%A8ches-Luc%C3%A9ram-4.jpg?fit=3888%2C5184\" data-orig-size=\"3888,5184\" data-comments-opened=\"1\" data-image-meta=\"{&quot;aperture&quot;:&quot;2.8&quot;,&quot;credit&quot;:&quot;&quot;,&quot;camera&quot;:&quot;DSC-HX400V&quot;,&quot;caption&quot;:&quot;&quot;,&quot;created_timestamp&quot;:&quot;1545570327&quot;,&quot;copyright&quot;:&quot;&quot;,&quot;focal_length&quot;:&quot;4.3&quot;,&quot;iso&quot;:&quot;100&quot;,&quot;shutter_speed&quot;:&quot;0.033333333333333&quot;,&quot;title&quot;:&quot;&quot;,&quot;orientation&quot;:&quot;1&quot;}\" data-image-title=\"circuit des cr\u00e8ches &amp;#8211; Luc\u00e9ram 4\" data-image-description=\"\" data-image-caption=\"\" data-large-file=\"https:\/\/i0.wp.com\/www.jojoenherbe.com\/wp-content\/uploads\/2018\/12\/circuit-des-cr%C3%A8ches-Luc%C3%A9ram-4.jpg?fit=676%2C901\" class=\"alignleft size-thumbnail wp-image-4135\" src=\"https:\/\/i0.wp.com\/www.jojoenherbe.com\/wp-content\/uploads\/2018\/12\/circuit-des-cr%C3%A8ches-Luc%C3%A9ram-4.jpg?resize=150%2C150\" alt=\"\" width=\"150\" height=\"150\" srcset=\"https:\/\/i0.wp.com\/www.jojoenherbe.com\/wp-content\/uploads\/2018\/12\/circuit-des-cr%C3%A8ches-Luc%C3%A9ram-4.jpg?resize=150%2C150 150w, https:\/\/i0.wp.com\/www.jojoenherbe.com\/wp-content\/uploads\/2018\/12\/circuit-des-cr%C3%A8ches-Luc%C3%A9ram-4.jpg?zoom=2&amp;resize=150%2C150 300w, https:\/\/i0.wp.com\/www.jojoenherbe.com\/wp-content\/uploads\/2018\/12\/circuit-des-cr%C3%A8ches-Luc%C3%A9ram-4.jpg?zoom=3&amp;resize=150%2C150 450w\" sizes=\"auto, (max-width: 150px) 100vw, 150px\" \/><\/a> <a href=\"https:\/\/i0.wp.com\/www.jojoenherbe.com\/wp-content\/uploads\/2018\/12\/circuit-des-cr%C3%A8ches-Luc%C3%A9ram-5.jpg\"><img data-recalc-dims=\"1\" loading=\"lazy\" decoding=\"async\" data-attachment-id=\"4136\" data-permalink=\"http:\/\/www.jojoenherbe.com\/index.php\/2018\/12\/24\/circuit-des-creches-luceram\/circuit-des-creches-luceram-5\/\" data-orig-file=\"https:\/\/i0.wp.com\/www.jojoenherbe.com\/wp-content\/uploads\/2018\/12\/circuit-des-cr%C3%A8ches-Luc%C3%A9ram-5.jpg?fit=3888%2C5184\" data-orig-size=\"3888,5184\" data-comments-opened=\"1\" data-image-meta=\"{&quot;aperture&quot;:&quot;4&quot;,&quot;credit&quot;:&quot;&quot;,&quot;camera&quot;:&quot;DSC-HX400V&quot;,&quot;caption&quot;:&quot;&quot;,&quot;created_timestamp&quot;:&quot;1545570455&quot;,&quot;copyright&quot;:&quot;&quot;,&quot;focal_length&quot;:&quot;14.2&quot;,&quot;iso&quot;:&quot;800&quot;,&quot;shutter_speed&quot;:&quot;0.0125&quot;,&quot;title&quot;:&quot;&quot;,&quot;orientation&quot;:&quot;1&quot;}\" data-image-title=\"circuit des cr\u00e8ches &amp;#8211; Luc\u00e9ram 5\" data-image-description=\"\" data-image-caption=\"\" data-large-file=\"https:\/\/i0.wp.com\/www.jojoenherbe.com\/wp-content\/uploads\/2018\/12\/circuit-des-cr%C3%A8ches-Luc%C3%A9ram-5.jpg?fit=676%2C901\" class=\"alignleft size-thumbnail wp-image-4136\" src=\"https:\/\/i0.wp.com\/www.jojoenherbe.com\/wp-content\/uploads\/2018\/12\/circuit-des-cr%C3%A8ches-Luc%C3%A9ram-5.jpg?resize=150%2C150\" alt=\"\" width=\"150\" height=\"150\" srcset=\"https:\/\/i0.wp.com\/www.jojoenherbe.com\/wp-content\/uploads\/2018\/12\/circuit-des-cr%C3%A8ches-Luc%C3%A9ram-5.jpg?resize=150%2C150 150w, https:\/\/i0.wp.com\/www.jojoenherbe.com\/wp-content\/uploads\/2018\/12\/circuit-des-cr%C3%A8ches-Luc%C3%A9ram-5.jpg?zoom=2&amp;resize=150%2C150 300w, https:\/\/i0.wp.com\/www.jojoenherbe.com\/wp-content\/uploads\/2018\/12\/circuit-des-cr%C3%A8ches-Luc%C3%A9ram-5.jpg?zoom=3&amp;resize=150%2C150 450w\" sizes=\"auto, (max-width: 150px) 100vw, 150px\" \/><\/a><em>Nous montons ensuite jusqu&rsquo;\u00e0 la placette avec son lavoir. Les d\u00e9corations sont de tout style: du bois, des pommes de pin, des f\u00e8ves, des santons, des cougourdons&#8230;<br \/>\n<\/em><\/p>\n<p style=\"text-align: justify;\"><em><a href=\"https:\/\/i0.wp.com\/www.jojoenherbe.com\/wp-content\/uploads\/2018\/12\/circuit-des-cr%C3%A8ches-Luc%C3%A9ram-6.jpg\"><img data-recalc-dims=\"1\" loading=\"lazy\" decoding=\"async\" data-attachment-id=\"4137\" data-permalink=\"http:\/\/www.jojoenherbe.com\/index.php\/2018\/12\/24\/circuit-des-creches-luceram\/circuit-des-creches-luceram-6\/\" data-orig-file=\"https:\/\/i0.wp.com\/www.jojoenherbe.com\/wp-content\/uploads\/2018\/12\/circuit-des-cr%C3%A8ches-Luc%C3%A9ram-6.jpg?fit=5184%2C3888\" data-orig-size=\"5184,3888\" data-comments-opened=\"1\" data-image-meta=\"{&quot;aperture&quot;:&quot;3.2&quot;,&quot;credit&quot;:&quot;&quot;,&quot;camera&quot;:&quot;DSC-HX400V&quot;,&quot;caption&quot;:&quot;&quot;,&quot;created_timestamp&quot;:&quot;1545570487&quot;,&quot;copyright&quot;:&quot;&quot;,&quot;focal_length&quot;:&quot;4.3&quot;,&quot;iso&quot;:&quot;80&quot;,&quot;shutter_speed&quot;:&quot;0.033333333333333&quot;,&quot;title&quot;:&quot;&quot;,&quot;orientation&quot;:&quot;1&quot;}\" data-image-title=\"circuit des cr\u00e8ches &amp;#8211; Luc\u00e9ram 6\" data-image-description=\"\" data-image-caption=\"\" data-large-file=\"https:\/\/i0.wp.com\/www.jojoenherbe.com\/wp-content\/uploads\/2018\/12\/circuit-des-cr%C3%A8ches-Luc%C3%A9ram-6.jpg?fit=676%2C507\" class=\"size-thumbnail wp-image-4137 alignright\" src=\"https:\/\/i0.wp.com\/www.jojoenherbe.com\/wp-content\/uploads\/2018\/12\/circuit-des-cr%C3%A8ches-Luc%C3%A9ram-6.jpg?resize=150%2C150\" alt=\"\" width=\"150\" height=\"150\" srcset=\"https:\/\/i0.wp.com\/www.jojoenherbe.com\/wp-content\/uploads\/2018\/12\/circuit-des-cr%C3%A8ches-Luc%C3%A9ram-6.jpg?resize=150%2C150 150w, https:\/\/i0.wp.com\/www.jojoenherbe.com\/wp-content\/uploads\/2018\/12\/circuit-des-cr%C3%A8ches-Luc%C3%A9ram-6.jpg?zoom=2&amp;resize=150%2C150 300w, https:\/\/i0.wp.com\/www.jojoenherbe.com\/wp-content\/uploads\/2018\/12\/circuit-des-cr%C3%A8ches-Luc%C3%A9ram-6.jpg?zoom=3&amp;resize=150%2C150 450w\" sizes=\"auto, (max-width: 150px) 100vw, 150px\" \/><\/a> <a href=\"https:\/\/i0.wp.com\/www.jojoenherbe.com\/wp-content\/uploads\/2018\/12\/circuit-des-cr%C3%A8ches-Luc%C3%A9ram-8.jpg\"><img data-recalc-dims=\"1\" loading=\"lazy\" decoding=\"async\" data-attachment-id=\"4139\" data-permalink=\"http:\/\/www.jojoenherbe.com\/index.php\/2018\/12\/24\/circuit-des-creches-luceram\/circuit-des-creches-luceram-8\/\" data-orig-file=\"https:\/\/i0.wp.com\/www.jojoenherbe.com\/wp-content\/uploads\/2018\/12\/circuit-des-cr%C3%A8ches-Luc%C3%A9ram-8.jpg?fit=3888%2C5184\" data-orig-size=\"3888,5184\" data-comments-opened=\"1\" data-image-meta=\"{&quot;aperture&quot;:&quot;4.5&quot;,&quot;credit&quot;:&quot;&quot;,&quot;camera&quot;:&quot;DSC-HX400V&quot;,&quot;caption&quot;:&quot;&quot;,&quot;created_timestamp&quot;:&quot;1545571452&quot;,&quot;copyright&quot;:&quot;&quot;,&quot;focal_length&quot;:&quot;30.69&quot;,&quot;iso&quot;:&quot;800&quot;,&quot;shutter_speed&quot;:&quot;0.0125&quot;,&quot;title&quot;:&quot;&quot;,&quot;orientation&quot;:&quot;1&quot;}\" data-image-title=\"circuit des cr\u00e8ches &amp;#8211; Luc\u00e9ram 8\" data-image-description=\"\" data-image-caption=\"\" data-large-file=\"https:\/\/i0.wp.com\/www.jojoenherbe.com\/wp-content\/uploads\/2018\/12\/circuit-des-cr%C3%A8ches-Luc%C3%A9ram-8.jpg?fit=676%2C901\" class=\"size-thumbnail wp-image-4139 alignright\" src=\"https:\/\/i0.wp.com\/www.jojoenherbe.com\/wp-content\/uploads\/2018\/12\/circuit-des-cr%C3%A8ches-Luc%C3%A9ram-8.jpg?resize=150%2C150\" alt=\"\" width=\"150\" height=\"150\" srcset=\"https:\/\/i0.wp.com\/www.jojoenherbe.com\/wp-content\/uploads\/2018\/12\/circuit-des-cr%C3%A8ches-Luc%C3%A9ram-8.jpg?resize=150%2C150 150w, https:\/\/i0.wp.com\/www.jojoenherbe.com\/wp-content\/uploads\/2018\/12\/circuit-des-cr%C3%A8ches-Luc%C3%A9ram-8.jpg?zoom=2&amp;resize=150%2C150 300w, https:\/\/i0.wp.com\/www.jojoenherbe.com\/wp-content\/uploads\/2018\/12\/circuit-des-cr%C3%A8ches-Luc%C3%A9ram-8.jpg?zoom=3&amp;resize=150%2C150 450w\" sizes=\"auto, (max-width: 150px) 100vw, 150px\" \/><\/a>Au d\u00e9tour d&rsquo;une ruelle, nous faisons une petite pause devant des agneaux et des brebis en train de manger du foin.<\/em><\/p>\n<p style=\"text-align: justify;\"><em><a href=\"https:\/\/i0.wp.com\/www.jojoenherbe.com\/wp-content\/uploads\/2018\/12\/circuit-des-cr%C3%A8ches-Luc%C3%A9ram-9.jpg\"><img data-recalc-dims=\"1\" loading=\"lazy\" decoding=\"async\" data-attachment-id=\"4140\" data-permalink=\"http:\/\/www.jojoenherbe.com\/index.php\/2018\/12\/24\/circuit-des-creches-luceram\/circuit-des-creches-luceram-9\/\" data-orig-file=\"https:\/\/i0.wp.com\/www.jojoenherbe.com\/wp-content\/uploads\/2018\/12\/circuit-des-cr%C3%A8ches-Luc%C3%A9ram-9.jpg?fit=3128%2C3496\" data-orig-size=\"3128,3496\" data-comments-opened=\"1\" data-image-meta=\"{&quot;aperture&quot;:&quot;2.8&quot;,&quot;credit&quot;:&quot;&quot;,&quot;camera&quot;:&quot;DSC-HX400V&quot;,&quot;caption&quot;:&quot;&quot;,&quot;created_timestamp&quot;:&quot;1545571877&quot;,&quot;copyright&quot;:&quot;&quot;,&quot;focal_length&quot;:&quot;4.3&quot;,&quot;iso&quot;:&quot;80&quot;,&quot;shutter_speed&quot;:&quot;0.033333333333333&quot;,&quot;title&quot;:&quot;&quot;,&quot;orientation&quot;:&quot;1&quot;}\" data-image-title=\"circuit des cr\u00e8ches &amp;#8211; Luc\u00e9ram 9\" data-image-description=\"\" data-image-caption=\"\" data-large-file=\"https:\/\/i0.wp.com\/www.jojoenherbe.com\/wp-content\/uploads\/2018\/12\/circuit-des-cr%C3%A8ches-Luc%C3%A9ram-9.jpg?fit=676%2C756\" class=\"alignleft size-thumbnail wp-image-4140\" src=\"https:\/\/i0.wp.com\/www.jojoenherbe.com\/wp-content\/uploads\/2018\/12\/circuit-des-cr%C3%A8ches-Luc%C3%A9ram-9.jpg?resize=150%2C150\" alt=\"\" width=\"150\" height=\"150\" srcset=\"https:\/\/i0.wp.com\/www.jojoenherbe.com\/wp-content\/uploads\/2018\/12\/circuit-des-cr%C3%A8ches-Luc%C3%A9ram-9.jpg?resize=150%2C150 150w, https:\/\/i0.wp.com\/www.jojoenherbe.com\/wp-content\/uploads\/2018\/12\/circuit-des-cr%C3%A8ches-Luc%C3%A9ram-9.jpg?zoom=2&amp;resize=150%2C150 300w, https:\/\/i0.wp.com\/www.jojoenherbe.com\/wp-content\/uploads\/2018\/12\/circuit-des-cr%C3%A8ches-Luc%C3%A9ram-9.jpg?zoom=3&amp;resize=150%2C150 450w\" sizes=\"auto, (max-width: 150px) 100vw, 150px\" \/><\/a> <a href=\"https:\/\/i0.wp.com\/www.jojoenherbe.com\/wp-content\/uploads\/2018\/12\/circuit-des-cr%C3%A8ches-Luc%C3%A9ram-10.jpg\"><img data-recalc-dims=\"1\" loading=\"lazy\" decoding=\"async\" data-attachment-id=\"4141\" data-permalink=\"http:\/\/www.jojoenherbe.com\/index.php\/2018\/12\/24\/circuit-des-creches-luceram\/circuit-des-creches-luceram-10\/\" data-orig-file=\"https:\/\/i0.wp.com\/www.jojoenherbe.com\/wp-content\/uploads\/2018\/12\/circuit-des-cr%C3%A8ches-Luc%C3%A9ram-10.jpg?fit=5184%2C3888\" data-orig-size=\"5184,3888\" data-comments-opened=\"1\" data-image-meta=\"{&quot;aperture&quot;:&quot;0&quot;,&quot;credit&quot;:&quot;&quot;,&quot;camera&quot;:&quot;&quot;,&quot;caption&quot;:&quot;&quot;,&quot;created_timestamp&quot;:&quot;0&quot;,&quot;copyright&quot;:&quot;&quot;,&quot;focal_length&quot;:&quot;0&quot;,&quot;iso&quot;:&quot;0&quot;,&quot;shutter_speed&quot;:&quot;0&quot;,&quot;title&quot;:&quot;&quot;,&quot;orientation&quot;:&quot;0&quot;}\" data-image-title=\"circuit des cr\u00e8ches &amp;#8211; Luc\u00e9ram 10\" data-image-description=\"\" data-image-caption=\"\" data-large-file=\"https:\/\/i0.wp.com\/www.jojoenherbe.com\/wp-content\/uploads\/2018\/12\/circuit-des-cr%C3%A8ches-Luc%C3%A9ram-10.jpg?fit=676%2C507\" class=\"alignleft size-thumbnail wp-image-4141\" src=\"https:\/\/i0.wp.com\/www.jojoenherbe.com\/wp-content\/uploads\/2018\/12\/circuit-des-cr%C3%A8ches-Luc%C3%A9ram-10.jpg?resize=150%2C150\" alt=\"\" width=\"150\" height=\"150\" srcset=\"https:\/\/i0.wp.com\/www.jojoenherbe.com\/wp-content\/uploads\/2018\/12\/circuit-des-cr%C3%A8ches-Luc%C3%A9ram-10.jpg?resize=150%2C150 150w, https:\/\/i0.wp.com\/www.jojoenherbe.com\/wp-content\/uploads\/2018\/12\/circuit-des-cr%C3%A8ches-Luc%C3%A9ram-10.jpg?zoom=2&amp;resize=150%2C150 300w, https:\/\/i0.wp.com\/www.jojoenherbe.com\/wp-content\/uploads\/2018\/12\/circuit-des-cr%C3%A8ches-Luc%C3%A9ram-10.jpg?zoom=3&amp;resize=150%2C150 450w\" sizes=\"auto, (max-width: 150px) 100vw, 150px\" \/><\/a>Nous revenons, ensuite, sur nos pas, pour gagner l&rsquo;arri\u00e8re de la Tour \u00e0 la gorge fendue et son rempart au Nord-Ouest. Cette tour fut construite au XVi\u00e8me si\u00e8cle. Sa forme est toute particuli\u00e8re: en fer\u00a0 cheval et ouverte de toute sa hauteur, ce qui facilitait le ravitaillement et prot\u00e9geait le village en cas de prise par l&rsquo;ennemi.<br \/>\n<\/em><\/p>\n<p style=\"text-align: justify;\"><em><a href=\"https:\/\/i0.wp.com\/www.jojoenherbe.com\/wp-content\/uploads\/2018\/12\/circuit-des-cr%C3%A8ches-Luc%C3%A9ram-12.jpg\"><img data-recalc-dims=\"1\" loading=\"lazy\" decoding=\"async\" data-attachment-id=\"4143\" data-permalink=\"http:\/\/www.jojoenherbe.com\/index.php\/2018\/12\/24\/circuit-des-creches-luceram\/circuit-des-creches-luceram-12\/\" data-orig-file=\"https:\/\/i0.wp.com\/www.jojoenherbe.com\/wp-content\/uploads\/2018\/12\/circuit-des-cr%C3%A8ches-Luc%C3%A9ram-12.jpg?fit=3585%2C5163\" data-orig-size=\"3585,5163\" data-comments-opened=\"1\" data-image-meta=\"{&quot;aperture&quot;:&quot;3.2&quot;,&quot;credit&quot;:&quot;&quot;,&quot;camera&quot;:&quot;DSC-HX400V&quot;,&quot;caption&quot;:&quot;&quot;,&quot;created_timestamp&quot;:&quot;1545572811&quot;,&quot;copyright&quot;:&quot;&quot;,&quot;focal_length&quot;:&quot;4.3&quot;,&quot;iso&quot;:&quot;80&quot;,&quot;shutter_speed&quot;:&quot;0.02&quot;,&quot;title&quot;:&quot;&quot;,&quot;orientation&quot;:&quot;1&quot;}\" data-image-title=\"circuit des cr\u00e8ches &amp;#8211; Luc\u00e9ram 12\" data-image-description=\"\" data-image-caption=\"\" data-large-file=\"https:\/\/i0.wp.com\/www.jojoenherbe.com\/wp-content\/uploads\/2018\/12\/circuit-des-cr%C3%A8ches-Luc%C3%A9ram-12.jpg?fit=676%2C974\" class=\"size-thumbnail wp-image-4143 alignright\" src=\"https:\/\/i0.wp.com\/www.jojoenherbe.com\/wp-content\/uploads\/2018\/12\/circuit-des-cr%C3%A8ches-Luc%C3%A9ram-12.jpg?resize=150%2C150\" alt=\"\" width=\"150\" height=\"150\" srcset=\"https:\/\/i0.wp.com\/www.jojoenherbe.com\/wp-content\/uploads\/2018\/12\/circuit-des-cr%C3%A8ches-Luc%C3%A9ram-12.jpg?resize=150%2C150 150w, https:\/\/i0.wp.com\/www.jojoenherbe.com\/wp-content\/uploads\/2018\/12\/circuit-des-cr%C3%A8ches-Luc%C3%A9ram-12.jpg?zoom=2&amp;resize=150%2C150 300w, https:\/\/i0.wp.com\/www.jojoenherbe.com\/wp-content\/uploads\/2018\/12\/circuit-des-cr%C3%A8ches-Luc%C3%A9ram-12.jpg?zoom=3&amp;resize=150%2C150 450w\" sizes=\"auto, (max-width: 150px) 100vw, 150px\" \/><\/a> <a href=\"https:\/\/i0.wp.com\/www.jojoenherbe.com\/wp-content\/uploads\/2018\/12\/circuit-des-cr%C3%A8ches-Luc%C3%A9ram-14.jpg\"><img data-recalc-dims=\"1\" loading=\"lazy\" decoding=\"async\" data-attachment-id=\"4145\" data-permalink=\"http:\/\/www.jojoenherbe.com\/index.php\/2018\/12\/24\/circuit-des-creches-luceram\/circuit-des-creches-luceram-14\/\" data-orig-file=\"https:\/\/i0.wp.com\/www.jojoenherbe.com\/wp-content\/uploads\/2018\/12\/circuit-des-cr%C3%A8ches-Luc%C3%A9ram-14.jpg?fit=5184%2C3888\" data-orig-size=\"5184,3888\" data-comments-opened=\"1\" data-image-meta=\"{&quot;aperture&quot;:&quot;2.8&quot;,&quot;credit&quot;:&quot;&quot;,&quot;camera&quot;:&quot;DSC-HX400V&quot;,&quot;caption&quot;:&quot;&quot;,&quot;created_timestamp&quot;:&quot;1545573210&quot;,&quot;copyright&quot;:&quot;&quot;,&quot;focal_length&quot;:&quot;4.3&quot;,&quot;iso&quot;:&quot;100&quot;,&quot;shutter_speed&quot;:&quot;0.033333333333333&quot;,&quot;title&quot;:&quot;&quot;,&quot;orientation&quot;:&quot;1&quot;}\" data-image-title=\"circuit des cr\u00e8ches &amp;#8211; Luc\u00e9ram 14\" data-image-description=\"\" data-image-caption=\"\" data-large-file=\"https:\/\/i0.wp.com\/www.jojoenherbe.com\/wp-content\/uploads\/2018\/12\/circuit-des-cr%C3%A8ches-Luc%C3%A9ram-14.jpg?fit=676%2C507\" class=\"size-thumbnail wp-image-4145 alignright\" src=\"https:\/\/i0.wp.com\/www.jojoenherbe.com\/wp-content\/uploads\/2018\/12\/circuit-des-cr%C3%A8ches-Luc%C3%A9ram-14.jpg?resize=150%2C150\" alt=\"\" width=\"150\" height=\"150\" srcset=\"https:\/\/i0.wp.com\/www.jojoenherbe.com\/wp-content\/uploads\/2018\/12\/circuit-des-cr%C3%A8ches-Luc%C3%A9ram-14.jpg?resize=150%2C150 150w, https:\/\/i0.wp.com\/www.jojoenherbe.com\/wp-content\/uploads\/2018\/12\/circuit-des-cr%C3%A8ches-Luc%C3%A9ram-14.jpg?zoom=2&amp;resize=150%2C150 300w, https:\/\/i0.wp.com\/www.jojoenherbe.com\/wp-content\/uploads\/2018\/12\/circuit-des-cr%C3%A8ches-Luc%C3%A9ram-14.jpg?zoom=3&amp;resize=150%2C150 450w\" sizes=\"auto, (max-width: 150px) 100vw, 150px\" \/><\/a>Nous passons la Porte suivante, ici une cr\u00e8che, l\u00e0 des sapins de No\u00ebl ou des P\u00e8res No\u00ebl. Chaque d\u00e9coration contribue \u00e0 la magie du lieu.<br \/>\n<\/em><\/p>\n<p style=\"text-align: justify;\"><em><a href=\"https:\/\/i0.wp.com\/www.jojoenherbe.com\/wp-content\/uploads\/2018\/12\/circuit-des-cr%C3%A8ches-Luc%C3%A9ram-13.jpg\"><img data-recalc-dims=\"1\" loading=\"lazy\" decoding=\"async\" data-attachment-id=\"4144\" data-permalink=\"http:\/\/www.jojoenherbe.com\/index.php\/2018\/12\/24\/circuit-des-creches-luceram\/circuit-des-creches-luceram-13\/\" data-orig-file=\"https:\/\/i0.wp.com\/www.jojoenherbe.com\/wp-content\/uploads\/2018\/12\/circuit-des-cr%C3%A8ches-Luc%C3%A9ram-13.jpg?fit=5184%2C3888\" data-orig-size=\"5184,3888\" data-comments-opened=\"1\" data-image-meta=\"{&quot;aperture&quot;:&quot;3.5&quot;,&quot;credit&quot;:&quot;&quot;,&quot;camera&quot;:&quot;DSC-HX400V&quot;,&quot;caption&quot;:&quot;&quot;,&quot;created_timestamp&quot;:&quot;1545573168&quot;,&quot;copyright&quot;:&quot;&quot;,&quot;focal_length&quot;:&quot;13.35&quot;,&quot;iso&quot;:&quot;500&quot;,&quot;shutter_speed&quot;:&quot;0.0125&quot;,&quot;title&quot;:&quot;&quot;,&quot;orientation&quot;:&quot;1&quot;}\" data-image-title=\"circuit des cr\u00e8ches &amp;#8211; Luc\u00e9ram 13\" data-image-description=\"\" data-image-caption=\"\" data-large-file=\"https:\/\/i0.wp.com\/www.jojoenherbe.com\/wp-content\/uploads\/2018\/12\/circuit-des-cr%C3%A8ches-Luc%C3%A9ram-13.jpg?fit=676%2C507\" class=\"alignleft size-thumbnail wp-image-4144\" src=\"https:\/\/i0.wp.com\/www.jojoenherbe.com\/wp-content\/uploads\/2018\/12\/circuit-des-cr%C3%A8ches-Luc%C3%A9ram-13.jpg?resize=150%2C150\" alt=\"\" width=\"150\" height=\"150\" srcset=\"https:\/\/i0.wp.com\/www.jojoenherbe.com\/wp-content\/uploads\/2018\/12\/circuit-des-cr%C3%A8ches-Luc%C3%A9ram-13.jpg?resize=150%2C150 150w, https:\/\/i0.wp.com\/www.jojoenherbe.com\/wp-content\/uploads\/2018\/12\/circuit-des-cr%C3%A8ches-Luc%C3%A9ram-13.jpg?zoom=2&amp;resize=150%2C150 300w, https:\/\/i0.wp.com\/www.jojoenherbe.com\/wp-content\/uploads\/2018\/12\/circuit-des-cr%C3%A8ches-Luc%C3%A9ram-13.jpg?zoom=3&amp;resize=150%2C150 450w\" sizes=\"auto, (max-width: 150px) 100vw, 150px\" \/><\/a> <a href=\"https:\/\/i0.wp.com\/www.jojoenherbe.com\/wp-content\/uploads\/2018\/12\/circuit-des-cr%C3%A8ches-Luc%C3%A9ram-15.jpg\"><img data-recalc-dims=\"1\" loading=\"lazy\" decoding=\"async\" data-attachment-id=\"4146\" data-permalink=\"http:\/\/www.jojoenherbe.com\/index.php\/2018\/12\/24\/circuit-des-creches-luceram\/circuit-des-creches-luceram-15\/\" data-orig-file=\"https:\/\/i0.wp.com\/www.jojoenherbe.com\/wp-content\/uploads\/2018\/12\/circuit-des-cr%C3%A8ches-Luc%C3%A9ram-15.jpg?fit=3040%2C5001\" data-orig-size=\"3040,5001\" data-comments-opened=\"1\" data-image-meta=\"{&quot;aperture&quot;:&quot;3.5&quot;,&quot;credit&quot;:&quot;&quot;,&quot;camera&quot;:&quot;DSC-HX400V&quot;,&quot;caption&quot;:&quot;&quot;,&quot;created_timestamp&quot;:&quot;1545573623&quot;,&quot;copyright&quot;:&quot;&quot;,&quot;focal_length&quot;:&quot;9.79&quot;,&quot;iso&quot;:&quot;80&quot;,&quot;shutter_speed&quot;:&quot;0.0008&quot;,&quot;title&quot;:&quot;&quot;,&quot;orientation&quot;:&quot;1&quot;}\" data-image-title=\"circuit des cr\u00e8ches &amp;#8211; Luc\u00e9ram 15\" data-image-description=\"\" data-image-caption=\"\" data-large-file=\"https:\/\/i0.wp.com\/www.jojoenherbe.com\/wp-content\/uploads\/2018\/12\/circuit-des-cr%C3%A8ches-Luc%C3%A9ram-15.jpg?fit=622%2C1024\" class=\"alignleft size-thumbnail wp-image-4146\" src=\"https:\/\/i0.wp.com\/www.jojoenherbe.com\/wp-content\/uploads\/2018\/12\/circuit-des-cr%C3%A8ches-Luc%C3%A9ram-15.jpg?resize=150%2C150\" alt=\"\" width=\"150\" height=\"150\" srcset=\"https:\/\/i0.wp.com\/www.jojoenherbe.com\/wp-content\/uploads\/2018\/12\/circuit-des-cr%C3%A8ches-Luc%C3%A9ram-15.jpg?resize=150%2C150 150w, https:\/\/i0.wp.com\/www.jojoenherbe.com\/wp-content\/uploads\/2018\/12\/circuit-des-cr%C3%A8ches-Luc%C3%A9ram-15.jpg?zoom=2&amp;resize=150%2C150 300w, https:\/\/i0.wp.com\/www.jojoenherbe.com\/wp-content\/uploads\/2018\/12\/circuit-des-cr%C3%A8ches-Luc%C3%A9ram-15.jpg?zoom=3&amp;resize=150%2C150 450w\" sizes=\"auto, (max-width: 150px) 100vw, 150px\" \/><\/a>Nous allons ensuite jusqu&rsquo;\u00e0 l&rsquo;\u00e9glise Sainte-Marguerite, guid\u00e9s par les chansons de No\u00ebl jou\u00e9es par un lutin accord\u00e9oniste. La m\u00e9lodie de \u00ab\u00a0Vive le vent\u00a0\u00bb et de \u00ab\u00a0Petit papa No\u00ebl\u00a0\u00bb se propage dans les ruelles et entra\u00eene les enfants dans la danse.<br \/>\n<\/em><\/p>\n<p style=\"text-align: justify;\"><em><a href=\"https:\/\/i0.wp.com\/www.jojoenherbe.com\/wp-content\/uploads\/2018\/12\/circuit-des-cr%C3%A8ches-Luc%C3%A9ram-17.jpg\"><img data-recalc-dims=\"1\" loading=\"lazy\" decoding=\"async\" data-attachment-id=\"4148\" data-permalink=\"http:\/\/www.jojoenherbe.com\/index.php\/2018\/12\/24\/circuit-des-creches-luceram\/circuit-des-creches-luceram-17\/\" data-orig-file=\"https:\/\/i0.wp.com\/www.jojoenherbe.com\/wp-content\/uploads\/2018\/12\/circuit-des-cr%C3%A8ches-Luc%C3%A9ram-17.jpg?fit=5184%2C3888\" data-orig-size=\"5184,3888\" data-comments-opened=\"1\" data-image-meta=\"{&quot;aperture&quot;:&quot;2.8&quot;,&quot;credit&quot;:&quot;&quot;,&quot;camera&quot;:&quot;DSC-HX400V&quot;,&quot;caption&quot;:&quot;&quot;,&quot;created_timestamp&quot;:&quot;1545574560&quot;,&quot;copyright&quot;:&quot;&quot;,&quot;focal_length&quot;:&quot;5.24&quot;,&quot;iso&quot;:&quot;400&quot;,&quot;shutter_speed&quot;:&quot;0.033333333333333&quot;,&quot;title&quot;:&quot;&quot;,&quot;orientation&quot;:&quot;1&quot;}\" data-image-title=\"circuit des cr\u00e8ches &amp;#8211; Luc\u00e9ram 17\" data-image-description=\"\" data-image-caption=\"\" data-large-file=\"https:\/\/i0.wp.com\/www.jojoenherbe.com\/wp-content\/uploads\/2018\/12\/circuit-des-cr%C3%A8ches-Luc%C3%A9ram-17.jpg?fit=676%2C507\" class=\"size-thumbnail wp-image-4148 alignright\" src=\"https:\/\/i0.wp.com\/www.jojoenherbe.com\/wp-content\/uploads\/2018\/12\/circuit-des-cr%C3%A8ches-Luc%C3%A9ram-17.jpg?resize=150%2C150\" alt=\"\" width=\"150\" height=\"150\" srcset=\"https:\/\/i0.wp.com\/www.jojoenherbe.com\/wp-content\/uploads\/2018\/12\/circuit-des-cr%C3%A8ches-Luc%C3%A9ram-17.jpg?resize=150%2C150 150w, https:\/\/i0.wp.com\/www.jojoenherbe.com\/wp-content\/uploads\/2018\/12\/circuit-des-cr%C3%A8ches-Luc%C3%A9ram-17.jpg?zoom=2&amp;resize=150%2C150 300w, https:\/\/i0.wp.com\/www.jojoenherbe.com\/wp-content\/uploads\/2018\/12\/circuit-des-cr%C3%A8ches-Luc%C3%A9ram-17.jpg?zoom=3&amp;resize=150%2C150 450w\" sizes=\"auto, (max-width: 150px) 100vw, 150px\" \/><\/a> <a href=\"https:\/\/i0.wp.com\/www.jojoenherbe.com\/wp-content\/uploads\/2018\/12\/circuit-des-cr%C3%A8ches-Luc%C3%A9ram-18.jpg\"><img data-recalc-dims=\"1\" loading=\"lazy\" decoding=\"async\" data-attachment-id=\"4149\" data-permalink=\"http:\/\/www.jojoenherbe.com\/index.php\/2018\/12\/24\/circuit-des-creches-luceram\/circuit-des-creches-luceram-18\/\" data-orig-file=\"https:\/\/i0.wp.com\/www.jojoenherbe.com\/wp-content\/uploads\/2018\/12\/circuit-des-cr%C3%A8ches-Luc%C3%A9ram-18.jpg?fit=5184%2C3888\" data-orig-size=\"5184,3888\" data-comments-opened=\"1\" data-image-meta=\"{&quot;aperture&quot;:&quot;2.8&quot;,&quot;credit&quot;:&quot;&quot;,&quot;camera&quot;:&quot;DSC-HX400V&quot;,&quot;caption&quot;:&quot;&quot;,&quot;created_timestamp&quot;:&quot;1545574624&quot;,&quot;copyright&quot;:&quot;&quot;,&quot;focal_length&quot;:&quot;4.3&quot;,&quot;iso&quot;:&quot;320&quot;,&quot;shutter_speed&quot;:&quot;0.033333333333333&quot;,&quot;title&quot;:&quot;&quot;,&quot;orientation&quot;:&quot;1&quot;}\" data-image-title=\"circuit des cr\u00e8ches &amp;#8211; Luc\u00e9ram 18\" data-image-description=\"\" data-image-caption=\"\" data-large-file=\"https:\/\/i0.wp.com\/www.jojoenherbe.com\/wp-content\/uploads\/2018\/12\/circuit-des-cr%C3%A8ches-Luc%C3%A9ram-18.jpg?fit=676%2C507\" class=\"size-thumbnail wp-image-4149 alignright\" src=\"https:\/\/i0.wp.com\/www.jojoenherbe.com\/wp-content\/uploads\/2018\/12\/circuit-des-cr%C3%A8ches-Luc%C3%A9ram-18.jpg?resize=150%2C150\" alt=\"\" width=\"150\" height=\"150\" srcset=\"https:\/\/i0.wp.com\/www.jojoenherbe.com\/wp-content\/uploads\/2018\/12\/circuit-des-cr%C3%A8ches-Luc%C3%A9ram-18.jpg?resize=150%2C150 150w, https:\/\/i0.wp.com\/www.jojoenherbe.com\/wp-content\/uploads\/2018\/12\/circuit-des-cr%C3%A8ches-Luc%C3%A9ram-18.jpg?zoom=2&amp;resize=150%2C150 300w, https:\/\/i0.wp.com\/www.jojoenherbe.com\/wp-content\/uploads\/2018\/12\/circuit-des-cr%C3%A8ches-Luc%C3%A9ram-18.jpg?zoom=3&amp;resize=150%2C150 450w\" sizes=\"auto, (max-width: 150px) 100vw, 150px\" \/><\/a>Nous redescendons par une autre ruelle nous ramenant \u00e0 la Placette. Mais nous bifurquons ensuite en empruntant des passages vo\u00fbt\u00e9s et remplis de cr\u00e8ches nich\u00e9es \u00e7a et l\u00e0 dont une tricot\u00e9e, une autre en argile&#8230;<\/em><\/p>\n<p style=\"text-align: justify;\"><em><a href=\"https:\/\/i0.wp.com\/www.jojoenherbe.com\/wp-content\/uploads\/2018\/12\/circuit-des-cr%C3%A8ches-Luc%C3%A9ram-19.jpg\"><img data-recalc-dims=\"1\" loading=\"lazy\" decoding=\"async\" data-attachment-id=\"4150\" data-permalink=\"http:\/\/www.jojoenherbe.com\/index.php\/2018\/12\/24\/circuit-des-creches-luceram\/circuit-des-creches-luceram-19\/\" data-orig-file=\"https:\/\/i0.wp.com\/www.jojoenherbe.com\/wp-content\/uploads\/2018\/12\/circuit-des-cr%C3%A8ches-Luc%C3%A9ram-19.jpg?fit=5184%2C3888\" data-orig-size=\"5184,3888\" data-comments-opened=\"1\" data-image-meta=\"{&quot;aperture&quot;:&quot;4&quot;,&quot;credit&quot;:&quot;&quot;,&quot;camera&quot;:&quot;DSC-HX400V&quot;,&quot;caption&quot;:&quot;&quot;,&quot;created_timestamp&quot;:&quot;1545574736&quot;,&quot;copyright&quot;:&quot;&quot;,&quot;focal_length&quot;:&quot;16.71&quot;,&quot;iso&quot;:&quot;800&quot;,&quot;shutter_speed&quot;:&quot;0.076923076923077&quot;,&quot;title&quot;:&quot;&quot;,&quot;orientation&quot;:&quot;1&quot;}\" data-image-title=\"circuit des cr\u00e8ches &amp;#8211; Luc\u00e9ram 19\" data-image-description=\"\" data-image-caption=\"\" data-large-file=\"https:\/\/i0.wp.com\/www.jojoenherbe.com\/wp-content\/uploads\/2018\/12\/circuit-des-cr%C3%A8ches-Luc%C3%A9ram-19.jpg?fit=676%2C507\" class=\"alignleft size-thumbnail wp-image-4150\" src=\"https:\/\/i0.wp.com\/www.jojoenherbe.com\/wp-content\/uploads\/2018\/12\/circuit-des-cr%C3%A8ches-Luc%C3%A9ram-19.jpg?resize=150%2C150\" alt=\"\" width=\"150\" height=\"150\" srcset=\"https:\/\/i0.wp.com\/www.jojoenherbe.com\/wp-content\/uploads\/2018\/12\/circuit-des-cr%C3%A8ches-Luc%C3%A9ram-19.jpg?resize=150%2C150 150w, https:\/\/i0.wp.com\/www.jojoenherbe.com\/wp-content\/uploads\/2018\/12\/circuit-des-cr%C3%A8ches-Luc%C3%A9ram-19.jpg?zoom=2&amp;resize=150%2C150 300w, https:\/\/i0.wp.com\/www.jojoenherbe.com\/wp-content\/uploads\/2018\/12\/circuit-des-cr%C3%A8ches-Luc%C3%A9ram-19.jpg?zoom=3&amp;resize=150%2C150 450w\" sizes=\"auto, (max-width: 150px) 100vw, 150px\" \/><\/a> <a href=\"https:\/\/i0.wp.com\/www.jojoenherbe.com\/wp-content\/uploads\/2018\/12\/circuit-des-cr%C3%A8ches-Luc%C3%A9ram-20.jpg\"><img data-recalc-dims=\"1\" loading=\"lazy\" decoding=\"async\" data-attachment-id=\"4151\" data-permalink=\"http:\/\/www.jojoenherbe.com\/index.php\/2018\/12\/24\/circuit-des-creches-luceram\/circuit-des-creches-luceram-20\/\" data-orig-file=\"https:\/\/i0.wp.com\/www.jojoenherbe.com\/wp-content\/uploads\/2018\/12\/circuit-des-cr%C3%A8ches-Luc%C3%A9ram-20.jpg?fit=5184%2C3888\" data-orig-size=\"5184,3888\" data-comments-opened=\"1\" data-image-meta=\"{&quot;aperture&quot;:&quot;5&quot;,&quot;credit&quot;:&quot;&quot;,&quot;camera&quot;:&quot;DSC-HX400V&quot;,&quot;caption&quot;:&quot;&quot;,&quot;created_timestamp&quot;:&quot;1545575355&quot;,&quot;copyright&quot;:&quot;&quot;,&quot;focal_length&quot;:&quot;60.5&quot;,&quot;iso&quot;:&quot;640&quot;,&quot;shutter_speed&quot;:&quot;0.004&quot;,&quot;title&quot;:&quot;&quot;,&quot;orientation&quot;:&quot;1&quot;}\" data-image-title=\"circuit des cr\u00e8ches &amp;#8211; Luc\u00e9ram 20\" data-image-description=\"\" data-image-caption=\"\" data-large-file=\"https:\/\/i0.wp.com\/www.jojoenherbe.com\/wp-content\/uploads\/2018\/12\/circuit-des-cr%C3%A8ches-Luc%C3%A9ram-20.jpg?fit=676%2C507\" class=\"alignleft size-thumbnail wp-image-4151\" src=\"https:\/\/i0.wp.com\/www.jojoenherbe.com\/wp-content\/uploads\/2018\/12\/circuit-des-cr%C3%A8ches-Luc%C3%A9ram-20.jpg?resize=150%2C150\" alt=\"\" width=\"150\" height=\"150\" srcset=\"https:\/\/i0.wp.com\/www.jojoenherbe.com\/wp-content\/uploads\/2018\/12\/circuit-des-cr%C3%A8ches-Luc%C3%A9ram-20.jpg?resize=150%2C150 150w, https:\/\/i0.wp.com\/www.jojoenherbe.com\/wp-content\/uploads\/2018\/12\/circuit-des-cr%C3%A8ches-Luc%C3%A9ram-20.jpg?zoom=2&amp;resize=150%2C150 300w, https:\/\/i0.wp.com\/www.jojoenherbe.com\/wp-content\/uploads\/2018\/12\/circuit-des-cr%C3%A8ches-Luc%C3%A9ram-20.jpg?zoom=3&amp;resize=150%2C150 450w\" sizes=\"auto, (max-width: 150px) 100vw, 150px\" \/><\/a> Nous finissons par revenir sur le march\u00e9 de No\u00ebl en empruntant un autre chemin et d\u00e9couvrant ainsi de nouvelles d\u00e9corations. Une bien agr\u00e9able journ\u00e9e repr\u00e9sentative des f\u00eates de fin d&rsquo;ann\u00e9e!<br \/>\n<\/em><\/p>\n<p><iframe loading=\"lazy\" style=\"border: 0;\" src=\"https:\/\/www.google.com\/maps\/embed?pb=!1m18!1m12!1m3!1d91996.26731935756!2d7.280477780969673!3d43.899682561166145!2m3!1f0!2f0!3f0!3m2!1i1024!2i768!4f13.1!3m3!1m2!1s0x12cdb92ad96c7503%3A0x40819a5fd979b20!2s06440+Luc%C3%A9ram!5e0!3m2!1sfr!2sfr!4v1545605978833\" width=\"400\" height=\"300\" frameborder=\"0\" allowfullscreen=\"allowfullscreen\"><\/iframe><\/p>\n","protected":false},"excerpt":{"rendered":"<p>Ce 23 d\u00e9cembre 2018, nous partons \u00e0 Luc\u00e9ram, village m\u00e9di\u00e9val et perch\u00e9 dans le Haut Paillon, sur la route du Col de Turini. Au programme du jour, d\u00e9ambulations, sous les rayons du soleil, dans les ruelles de ce charmant village dans le cadre du vingt-et-uni\u00e8me circuit des cr\u00e8ches. Nous commen\u00e7ons notre visite par le march\u00e9 [&hellip;]<\/p>\n","protected":false},"author":1,"featured_media":4142,"comment_status":"open","ping_status":"open","sticky":false,"template":"","format":"standard","meta":{"jetpack_post_was_ever_published":false,"_jetpack_newsletter_access":"","_jetpack_dont_email_post_to_subs":false,"_jetpack_newsletter_tier_id":0,"_jetpack_memberships_contains_paywalled_content":false,"_jetpack_memberships_contains_paid_content":false,"footnotes":""},"categories":[4],"tags":[20,25,89,357,72,19,5],"class_list":["post-4131","post","type-post","status-publish","format-standard","has-post-thumbnail","hentry","category-mini-visiteur","tag-activites-pour-les-enfants","tag-alpes-maritimes","tag-arriere-pays-nicois","tag-creches","tag-luceram","tag-noel","tag-paca","post-preview"],"jetpack_featured_media_url":"https:\/\/i0.wp.com\/www.jojoenherbe.com\/wp-content\/uploads\/2018\/12\/circuit-des-cr%C3%A8ches-Luc%C3%A9ram-11.jpg?fit=2588%2C2850","jetpack_sharing_enabled":true,"jetpack_shortlink":"https:\/\/wp.me\/p9zhGx-14D","jetpack_likes_enabled":true,"jetpack-related-posts":[{"id":8775,"url":"http:\/\/www.jojoenherbe.com\/index.php\/2019\/12\/08\/le-circuit-des-creches-de-luceram\/","url_meta":{"origin":4131,"position":0},"title":"Le circuit des cr\u00e8ches de Luc\u00e9ram","author":"Jojo","date":"8 d\u00e9cembre 2019","format":false,"excerpt":"Ce 8 d\u00e9cembre 2019, nous sommes all\u00e9s voir le circuit des cr\u00e8ches de Luc\u00e9ram. Nous avons ainsi pu croiser au d\u00e9tour des ruelles Saint-Nicolas et le P\u00e8re Fouettard. Mais surtout, nous avons pu observer de nombreuses d\u00e9corations de No\u00ebl: kitsch diront certains ou dans l'esprit de No\u00ebl pour d'autres. D'ailleurs,\u2026","rel":"","context":"Dans &quot;Mini visiteur&quot;","block_context":{"text":"Mini visiteur","link":"http:\/\/www.jojoenherbe.com\/index.php\/category\/mini-crapahuteur\/mini-visiteur\/"},"img":{"alt_text":"","src":"https:\/\/i0.wp.com\/www.jojoenherbe.com\/wp-content\/uploads\/2019\/12\/Circuit-des-cr%C3%A8ches-Luc%C3%A9ram-4-scaled.jpg?fit=909%2C1200&resize=350%2C200","width":350,"height":200,"srcset":"https:\/\/i0.wp.com\/www.jojoenherbe.com\/wp-content\/uploads\/2019\/12\/Circuit-des-cr%C3%A8ches-Luc%C3%A9ram-4-scaled.jpg?fit=909%2C1200&resize=350%2C200 1x, https:\/\/i0.wp.com\/www.jojoenherbe.com\/wp-content\/uploads\/2019\/12\/Circuit-des-cr%C3%A8ches-Luc%C3%A9ram-4-scaled.jpg?fit=909%2C1200&resize=525%2C300 1.5x, https:\/\/i0.wp.com\/www.jojoenherbe.com\/wp-content\/uploads\/2019\/12\/Circuit-des-cr%C3%A8ches-Luc%C3%A9ram-4-scaled.jpg?fit=909%2C1200&resize=700%2C400 2x"},"classes":[]},{"id":8799,"url":"http:\/\/www.jojoenherbe.com\/index.php\/2019\/12\/08\/une-photo-kitsch\/","url_meta":{"origin":4131,"position":1},"title":"Une photo kitsch","author":"Jojo","date":"8 d\u00e9cembre 2019","format":false,"excerpt":"Pour la semaine 49 du Projet 52-2019 de Du c\u00f4t\u00e9 de chez Ma', le th\u00e8me est \"Kitsch\". J'avais pens\u00e9 d'abord illustrer ce th\u00e8me par une photo prise ce jour lors de notre sortie au circuit des cr\u00e8ches de Luc\u00e9ram. Mais finalement, je me suis rappel\u00e9e d'une photo prise lors d'une\u2026","rel":"","context":"Dans &quot;mini photographe&quot;","block_context":{"text":"mini photographe","link":"http:\/\/www.jojoenherbe.com\/index.php\/category\/mini-photographe\/"},"img":{"alt_text":"","src":"https:\/\/i0.wp.com\/www.jojoenherbe.com\/wp-content\/uploads\/2019\/12\/Tourrette-Levens-scaled.jpg?fit=1145%2C1200&resize=350%2C200","width":350,"height":200,"srcset":"https:\/\/i0.wp.com\/www.jojoenherbe.com\/wp-content\/uploads\/2019\/12\/Tourrette-Levens-scaled.jpg?fit=1145%2C1200&resize=350%2C200 1x, https:\/\/i0.wp.com\/www.jojoenherbe.com\/wp-content\/uploads\/2019\/12\/Tourrette-Levens-scaled.jpg?fit=1145%2C1200&resize=525%2C300 1.5x, https:\/\/i0.wp.com\/www.jojoenherbe.com\/wp-content\/uploads\/2019\/12\/Tourrette-Levens-scaled.jpg?fit=1145%2C1200&resize=700%2C400 2x, https:\/\/i0.wp.com\/www.jojoenherbe.com\/wp-content\/uploads\/2019\/12\/Tourrette-Levens-scaled.jpg?fit=1145%2C1200&resize=1050%2C600 3x"},"classes":[]},{"id":21847,"url":"http:\/\/www.jojoenherbe.com\/index.php\/2021\/10\/26\/la-nature-au-fil-de-lautomne-2021\/","url_meta":{"origin":4131,"position":2},"title":"La Nature au fil de l&rsquo;automne 2021","author":"Jojo","date":"26 octobre 2021","format":false,"excerpt":"Ce mardi, je rejoins Syl et Isabelle et leur rendez-vous photo hebdomadaire d'\u00e9coute et d'observation de la Nature dans le cadre du Challenge Halloween 2021. Pour ce billet, ce sera un floril\u00e8ge des couleurs de l'automne, m\u00eame si par chez nous c'est encore bien vert. Voici quelques photos de notre\u2026","rel":"","context":"Dans &quot;Mini baladeur&quot;","block_context":{"text":"Mini baladeur","link":"http:\/\/www.jojoenherbe.com\/index.php\/category\/mini-crapahuteur\/mini-baladeur\/"},"img":{"alt_text":"","src":"https:\/\/i0.wp.com\/www.jojoenherbe.com\/wp-content\/uploads\/2021\/10\/Cols-de-lOrme-et-de-lAble.jpg?fit=1200%2C1200&resize=350%2C200","width":350,"height":200,"srcset":"https:\/\/i0.wp.com\/www.jojoenherbe.com\/wp-content\/uploads\/2021\/10\/Cols-de-lOrme-et-de-lAble.jpg?fit=1200%2C1200&resize=350%2C200 1x, https:\/\/i0.wp.com\/www.jojoenherbe.com\/wp-content\/uploads\/2021\/10\/Cols-de-lOrme-et-de-lAble.jpg?fit=1200%2C1200&resize=525%2C300 1.5x, https:\/\/i0.wp.com\/www.jojoenherbe.com\/wp-content\/uploads\/2021\/10\/Cols-de-lOrme-et-de-lAble.jpg?fit=1200%2C1200&resize=700%2C400 2x, https:\/\/i0.wp.com\/www.jojoenherbe.com\/wp-content\/uploads\/2021\/10\/Cols-de-lOrme-et-de-lAble.jpg?fit=1200%2C1200&resize=1050%2C600 3x"},"classes":[]},{"id":3833,"url":"http:\/\/www.jojoenherbe.com\/index.php\/2018\/10\/19\/balade-dans-la-foret-de-turini\/","url_meta":{"origin":4131,"position":3},"title":"Balade dans la for\u00eat de Turini","author":"Jojo","date":"19 octobre 2018","format":false,"excerpt":"Ce 19 octobre 2018, nous montons au Col de Turini en passant par Lantosque et la Boll\u00e8ne-V\u00e9subie. Apr\u00e8s avoir gar\u00e9 la voiture sur une des places de parking du col (stationnement interdit du 30 novembre au 30 avril de chaque ann\u00e9e), nous nous dirigeons vers la balise n\u00b0184. Le sentier\u2026","rel":"","context":"Dans &quot;Mini randonneur&quot;","block_context":{"text":"Mini randonneur","link":"http:\/\/www.jojoenherbe.com\/index.php\/category\/mini-crapahuteur\/mini-randonneur\/"},"img":{"alt_text":"","src":"https:\/\/i0.wp.com\/www.jojoenherbe.com\/wp-content\/uploads\/2018\/10\/for%C3%AAt-de-Turini-4.jpg?fit=1200%2C900&resize=350%2C200","width":350,"height":200,"srcset":"https:\/\/i0.wp.com\/www.jojoenherbe.com\/wp-content\/uploads\/2018\/10\/for%C3%AAt-de-Turini-4.jpg?fit=1200%2C900&resize=350%2C200 1x, https:\/\/i0.wp.com\/www.jojoenherbe.com\/wp-content\/uploads\/2018\/10\/for%C3%AAt-de-Turini-4.jpg?fit=1200%2C900&resize=525%2C300 1.5x, https:\/\/i0.wp.com\/www.jojoenherbe.com\/wp-content\/uploads\/2018\/10\/for%C3%AAt-de-Turini-4.jpg?fit=1200%2C900&resize=700%2C400 2x, https:\/\/i0.wp.com\/www.jojoenherbe.com\/wp-content\/uploads\/2018\/10\/for%C3%AAt-de-Turini-4.jpg?fit=1200%2C900&resize=1050%2C600 3x"},"classes":[]},{"id":196,"url":"http:\/\/www.jojoenherbe.com\/index.php\/2018\/01\/15\/melis-melos-des-marches-de-noel-2017\/","url_meta":{"origin":4131,"position":4},"title":"M\u00e9lis-m\u00e9los des march\u00e9s de No\u00ebl 2017","author":"Jojo","date":"15 janvier 2018","format":false,"excerpt":"D\u00e9but d\u00e9cembre, voire m\u00eame fin novembre pour certaines communes, fleurissent un peu partout les march\u00e9s de No\u00ebl et leurs illuminations, faisant la joie des petits et des grands. Cette ann\u00e9e, nous profitons du large choix dans les Alpes-Maritimes pour nous rendre sur certains d'entre eux. Le march\u00e9 de No\u00ebl de\u2026","rel":"","context":"Dans &quot;Mini visiteur&quot;","block_context":{"text":"Mini visiteur","link":"http:\/\/www.jojoenherbe.com\/index.php\/category\/mini-crapahuteur\/mini-visiteur\/"},"img":{"alt_text":"","src":"https:\/\/i0.wp.com\/www.jojoenherbe.com\/wp-content\/uploads\/2018\/01\/Nice-bo%C3%AEte-aux-lettes-du-P%C3%A8re-No%C3%ABl.jpg?fit=852%2C1200&resize=350%2C200","width":350,"height":200,"srcset":"https:\/\/i0.wp.com\/www.jojoenherbe.com\/wp-content\/uploads\/2018\/01\/Nice-bo%C3%AEte-aux-lettes-du-P%C3%A8re-No%C3%ABl.jpg?fit=852%2C1200&resize=350%2C200 1x, https:\/\/i0.wp.com\/www.jojoenherbe.com\/wp-content\/uploads\/2018\/01\/Nice-bo%C3%AEte-aux-lettes-du-P%C3%A8re-No%C3%ABl.jpg?fit=852%2C1200&resize=525%2C300 1.5x, https:\/\/i0.wp.com\/www.jojoenherbe.com\/wp-content\/uploads\/2018\/01\/Nice-bo%C3%AEte-aux-lettes-du-P%C3%A8re-No%C3%ABl.jpg?fit=852%2C1200&resize=700%2C400 2x"},"classes":[]},{"id":512,"url":"http:\/\/www.jojoenherbe.com\/index.php\/2017\/09\/04\/pique-nique-au-col-de-lorme\/","url_meta":{"origin":4131,"position":5},"title":"Pique-nique au col de l&rsquo;Orme","author":"Jojo","date":"4 septembre 2017","format":false,"excerpt":"Ce 3 septembre 2017, nous finissons par nous d\u00e9cider, tard dans la matin\u00e9e, \u00e0 sortir pour pique-niquer. Nous nous rendons au col de l'Orme, au-dessus de Luc\u00e9ram. Ce que nous avions pris au loin pour de la neige se r\u00e9v\u00e8le \u00eatre des restes de gel\u00e9e matinale. Personne aux alentours, si\u2026","rel":"","context":"Dans &quot;Mini baladeur&quot;","block_context":{"text":"Mini baladeur","link":"http:\/\/www.jojoenherbe.com\/index.php\/category\/mini-crapahuteur\/mini-baladeur\/"},"img":{"alt_text":"","src":"https:\/\/i0.wp.com\/www.jojoenherbe.com\/wp-content\/uploads\/2018\/01\/Col-de-lOrme-3.jpg?fit=900%2C1200&resize=350%2C200","width":350,"height":200,"srcset":"https:\/\/i0.wp.com\/www.jojoenherbe.com\/wp-content\/uploads\/2018\/01\/Col-de-lOrme-3.jpg?fit=900%2C1200&resize=350%2C200 1x, https:\/\/i0.wp.com\/www.jojoenherbe.com\/wp-content\/uploads\/2018\/01\/Col-de-lOrme-3.jpg?fit=900%2C1200&resize=525%2C300 1.5x, https:\/\/i0.wp.com\/www.jojoenherbe.com\/wp-content\/uploads\/2018\/01\/Col-de-lOrme-3.jpg?fit=900%2C1200&resize=700%2C400 2x"},"classes":[]}],"_links":{"self":[{"href":"http:\/\/www.jojoenherbe.com\/index.php\/wp-json\/wp\/v2\/posts\/4131","targetHints":{"allow":["GET"]}}],"collection":[{"href":"http:\/\/www.jojoenherbe.com\/index.php\/wp-json\/wp\/v2\/posts"}],"about":[{"href":"http:\/\/www.jojoenherbe.com\/index.php\/wp-json\/wp\/v2\/types\/post"}],"author":[{"embeddable":true,"href":"http:\/\/www.jojoenherbe.com\/index.php\/wp-json\/wp\/v2\/users\/1"}],"replies":[{"embeddable":true,"href":"http:\/\/www.jojoenherbe.com\/index.php\/wp-json\/wp\/v2\/comments?post=4131"}],"version-history":[{"count":0,"href":"http:\/\/www.jojoenherbe.com\/index.php\/wp-json\/wp\/v2\/posts\/4131\/revisions"}],"wp:featuredmedia":[{"embeddable":true,"href":"http:\/\/www.jojoenherbe.com\/index.php\/wp-json\/wp\/v2\/media\/4142"}],"wp:attachment":[{"href":"http:\/\/www.jojoenherbe.com\/index.php\/wp-json\/wp\/v2\/media?parent=4131"}],"wp:term":[{"taxonomy":"category","embeddable":true,"href":"http:\/\/www.jojoenherbe.com\/index.php\/wp-json\/wp\/v2\/categories?post=4131"},{"taxonomy":"post_tag","embeddable":true,"href":"http:\/\/www.jojoenherbe.com\/index.php\/wp-json\/wp\/v2\/tags?post=4131"}],"curies":[{"name":"wp","href":"https:\/\/api.w.org\/{rel}","templated":true}]}}