{"id":40979,"date":"2025-10-17T19:16:35","date_gmt":"2025-10-17T17:16:35","guid":{"rendered":"https:\/\/www.jojoenherbe.com\/?p=40979"},"modified":"2025-10-17T19:23:39","modified_gmt":"2025-10-17T17:23:39","slug":"au-fil-des-pages-avec-le-tome-5-du-pont-des-tempetes","status":"publish","type":"post","link":"http:\/\/www.jojoenherbe.com\/index.php\/2025\/10\/17\/au-fil-des-pages-avec-le-tome-5-du-pont-des-tempetes\/","title":{"rendered":"Au fil des pages avec le tome 5 du Pont des Temp\u00eates"},"content":{"rendered":"<p style=\"text-align: justify;\"><em>Sit\u00f4t paru, j&rsquo;ai lu, en e-book, le tome 5 du <span style=\"text-decoration: underline;\">Pont des Temp\u00eates, Le tr\u00f4ne tourment\u00e9<\/span> de Danielle L. Jensen (\u00e9d. Bragelonne, coll. Fantasy, octobre 2025, 468 pages), une romantasy se d\u00e9roulant dans un monde en guerre et ravag\u00e9 par des temp\u00eates sauvages, l\u2019unique voie de passage commerciale \u00e9tant le pont des temp\u00eates d\u00e9tenu par le roi d\u2019Ithicana. Apr\u00e8s les royaumes du Sud, l&rsquo;intrigue se tourne vers ceux du Nord, Harendall, Amarid et Cardiff, les tensions \u00e9tant fortes au point que la guerre pourrait \u00e9clater \u00e0 tout moment.<\/em><\/p>\n<p style=\"text-align: justify;\"><em>Comme son fr\u00e8re jumeau Aren, le mariage d&rsquo;Ahnna Kertell a \u00e9t\u00e9 arrang\u00e9 par le Trait\u00e9 des Quinze Ans, du temps de leurs parents. Meurtrie par la guerre qui a d\u00e9vast\u00e9 Ithicana, la jeune femme de 28 ans entend bien respecter ce trait\u00e9 et accepter d&rsquo;\u00eatre mari\u00e9e avec le prince h\u00e9ritier d\u2019Harendall, Williams, son promis depuis l&rsquo;enfance. Mais parviendra-t-elle \u00e0 se pardonner ses actes pass\u00e9s et taire son c\u0153ur qui est attir\u00e9e par le mauvais prince, le demi-fr\u00e8re a\u00een\u00e9 ill\u00e9gitime de William, James, \u00e2g\u00e9 de 30 ans et dont la m\u00e8re \u00e9tait cardiffienne? <\/em><em>Au c\u0153ur de la cour d&rsquo;Harendall, loin des siens et de l&rsquo;\u00eele sud, Ahnna a bien d\u00fb mal \u00e0 trouver sa place et ne pas \u00eatre pi\u00e9g\u00e9e par les intrigues, corruptions et qu\u00eates de pouvoir. Peut-elle vraiment accorder sa confiance \u00e0 James, emp\u00eatr\u00e9 dans ses propres secrets qui pourraient contrecarrer les objectifs de la jeune femme?\u00a0<\/em><\/p>\n<p style=\"text-align: justify;\"><em>J&rsquo;ai vite replong\u00e9 dans l&rsquo;univers du <span style=\"text-decoration: underline;\">Pont des Temp\u00eates<\/span> avec un d\u00e9but de roman fort bien rythm\u00e9 mais j&rsquo;ai trouv\u00e9 qu&rsquo;Ahnna, malgr\u00e9 son pass\u00e9 de guerri\u00e8re aguerrie \u00e0 la t\u00eate de l&rsquo;\u00eele sud, s&rsquo;est bien vite laisser d\u00e9passer par la situation au point de mettre sa vie en danger, son attirance pour James prenant le pas sur sa raison. Il y est ainsi question une nouvelle fois d&rsquo;amour impossible, d&rsquo;opposition entre d\u00e9sirs et responsabilit\u00e9s, de trahisons, l&rsquo;autrice reprenant une trame narrative tr\u00e8s similaire aux tomes pr\u00e9c\u00e9dents. Mais le duo Ahnna\/James se d\u00e9marque des deux pr\u00e9c\u00e9dents Lara\/Aren et Zarrah\/Kerris tant leur culpabilit\u00e9 est grande vis-\u00e0-vis de leur peuple qu&rsquo;ils veulent sauver \u00e0 tout prix, l&rsquo;enjeu commercial que repr\u00e9sente le riche royaume harendallien \u00e9tant aussi crucial pour Cardiff que pour Ithanica, l&rsquo;un ne pouvant se faire qu&rsquo;au d\u00e9triment de l&rsquo;autre. Il y est aussi question de religion et de pr\u00e9jug\u00e9s, les cardiffiens \u00e9tant victimes de pers\u00e9cutions du fait de leurs coutumes assimil\u00e9es \u00e0 de la sorcellerie (astromancie ou lire dans les feuilles de th\u00e9). Un bon voire tr\u00e8s bon moment de lecture jusqu&rsquo;au twist final qui m&rsquo;a fortement d\u00e9plu tant il manque de nuances et d&rsquo;originalit\u00e9! Mais je lirai le sixi\u00e8me et dernier tome de cette s\u00e9rie lorsqu&rsquo;il para\u00eetra.\u00a0<\/em><\/p>\n<p><em>Pour d&rsquo;autres avis sur ce tome 5: <a href=\"https:\/\/my-bo0ks.over-blog.com\/2025\/10\/le-pont-des-tempetes-tome-5-le-trone-tourmente-danielle-l.jensen.html\">Carole<\/a>.<\/em><\/p>\n<div id=\"attachment_37823\" style=\"width: 106px\" class=\"wp-caption alignleft\"><img data-recalc-dims=\"1\" loading=\"lazy\" decoding=\"async\" aria-describedby=\"caption-attachment-37823\" data-attachment-id=\"37823\" data-permalink=\"http:\/\/www.jojoenherbe.com\/index.php\/2025\/01\/10\/mes-challenges-livresques-2025\/challenge-petit-bac-2025-denna-logo\/\" data-orig-file=\"https:\/\/i0.wp.com\/www.jojoenherbe.com\/wp-content\/uploads\/2024\/12\/Challenge-Petit-Bac-2025-dEnna-logo.jpg?fit=285%2C217\" data-orig-size=\"285,217\" data-comments-opened=\"1\" data-image-meta=\"{&quot;aperture&quot;:&quot;0&quot;,&quot;credit&quot;:&quot;&quot;,&quot;camera&quot;:&quot;&quot;,&quot;caption&quot;:&quot;&quot;,&quot;created_timestamp&quot;:&quot;1735738492&quot;,&quot;copyright&quot;:&quot;&quot;,&quot;focal_length&quot;:&quot;0&quot;,&quot;iso&quot;:&quot;0&quot;,&quot;shutter_speed&quot;:&quot;0&quot;,&quot;title&quot;:&quot;&quot;,&quot;orientation&quot;:&quot;0&quot;}\" data-image-title=\"Challenge Petit Bac 2025 d&amp;rsquo;Enna &amp;#8211; logo\" data-image-description=\"\" data-image-caption=\"\" data-large-file=\"https:\/\/i0.wp.com\/www.jojoenherbe.com\/wp-content\/uploads\/2024\/12\/Challenge-Petit-Bac-2025-dEnna-logo.jpg?fit=285%2C217\" class=\"wp-image-37823\" src=\"https:\/\/i0.wp.com\/www.jojoenherbe.com\/wp-content\/uploads\/2024\/12\/Challenge-Petit-Bac-2025-dEnna-logo.jpg?resize=96%2C73\" alt=\"\" width=\"96\" height=\"73\" \/><p id=\"caption-attachment-37823\" class=\"wp-caption-text\">Challenge Petit Bac d\u2019<em><a href=\"https:\/\/ennalit.wordpress.com\/2024\/12\/01\/challenge-petit-bac-2025-qui-veut-jouer\/\">Enna<\/a><\/em> #4 Cat\u00e9gorie Objet: \u00ab Tr\u00f4ne \u00bb<\/p><\/div>\n<div id=\"attachment_19954\" style=\"width: 105px\" class=\"wp-caption alignleft\"><img loading=\"lazy\" decoding=\"async\" aria-describedby=\"caption-attachment-19954\" class=\"wp-image-19954\" src=\"https:\/\/i0.wp.com\/mapetitemediatheque.fr\/wp-content\/uploads\/2021\/11\/Inkedle-tour-du-monde-en-80-livres-2_LI.jpg?resize=116%2C87&amp;ssl=1\" sizes=\"auto, (max-width: 500px) 100vw, 500px\" srcset=\"https:\/\/i0.wp.com\/mapetitemediatheque.fr\/wp-content\/uploads\/2021\/11\/Inkedle-tour-du-monde-en-80-livres-2_LI.jpg?resize=116%2C87&amp;ssl=1 500w, https:\/\/mapetitemediatheque.fr\/wp-content\/uploads\/2021\/11\/Inkedle-tour-du-monde-en-80-livres-2_LI-300x226.jpg 300w, https:\/\/mapetitemediatheque.fr\/wp-content\/uploads\/2021\/11\/Inkedle-tour-du-monde-en-80-livres-2_LI-120x90.jpg 120w\" alt=\"\" width=\"95\" height=\"71\" aria-describedby=\"caption-attachment-19954\" \/><p id=\"caption-attachment-19954\" class=\"wp-caption-text\">Participation # (Parcours litt\u00e9raire) Challenge Le tour du monde en 80 livres 2025 de <a href=\"https:\/\/mapetitemediatheque.fr\/2025\/01\/le-tour-du-monde-en-80-livres-2025\/\">Bidib<\/a> #Canada<\/p><\/div>\n","protected":false},"excerpt":{"rendered":"<p>Sit\u00f4t paru, j&rsquo;ai lu, en e-book, le tome 5 du Pont des Temp\u00eates, Le tr\u00f4ne tourment\u00e9 de Danielle L. Jensen (\u00e9d. Bragelonne, coll. Fantasy, octobre 2025, 468 pages), une romantasy se d\u00e9roulant dans un monde en guerre et ravag\u00e9 par des temp\u00eates sauvages, l\u2019unique voie de passage commerciale \u00e9tant le pont des temp\u00eates d\u00e9tenu par [&hellip;]<\/p>\n","protected":false},"author":1,"featured_media":40925,"comment_status":"open","ping_status":"open","sticky":false,"template":"","format":"standard","meta":{"jetpack_post_was_ever_published":false,"_jetpack_newsletter_access":"","_jetpack_dont_email_post_to_subs":false,"_jetpack_newsletter_tier_id":0,"_jetpack_memberships_contains_paywalled_content":false,"_jetpack_memberships_contains_paid_content":false,"footnotes":""},"categories":[363],"tags":[1347,4180,4423,1854,4197,2858,3663,4274,4323,4425,2751,1419,711,1862,1288,844,905,3570,2272,1330,1294],"class_list":["post-40979","post","type-post","status-publish","format-standard","has-post-thumbnail","hentry","category-mini-lecteur","tag-18-ans-et-plus","tag-amour-impossible","tag-challenge-petit-bac-2025","tag-complot","tag-complot-politique","tag-culpabilite","tag-danielle-l-jensen","tag-heritage-familial","tag-le-pont-des-tempetes","tag-le-tour-du-monde-en-80-livres-2025","tag-mariage-arrange","tag-mensonge","tag-prejuges","tag-religion","tag-rivalite","tag-romance","tag-romans-adulte","tag-romantasy","tag-royaute","tag-secrets-de-famille","tag-trahison","post-preview"],"jetpack_featured_media_url":"https:\/\/i0.wp.com\/www.jojoenherbe.com\/wp-content\/uploads\/2025\/10\/Le-trone-tourmente-T5.jpg?fit=750%2C1177","jetpack_sharing_enabled":true,"jetpack_shortlink":"https:\/\/wp.me\/p9zhGx-aEX","jetpack_likes_enabled":true,"jetpack-related-posts":[{"id":36273,"url":"http:\/\/www.jojoenherbe.com\/index.php\/2024\/06\/05\/au-fil-des-pages-avec-le-tome-1-du-pont-des-tempetes\/","url_meta":{"origin":40979,"position":0},"title":"Au fil des pages avec le tome 1 du Pont des Temp\u00eates","author":"Jojo","date":"5 juin 2024","format":false,"excerpt":"Ayant lu la semaine derni\u00e8re le tome 3 de la s\u00e9rie du Pont des Temp\u00eates, je me suis rendue compte que je n'avais pas \u00e9crit de billet sur les deux tomes pr\u00e9c\u00e9dents. Alors voici mon avis sur le tome 1 que j'ai lu l'ann\u00e9e derni\u00e8re: Le Pont des Temp\u00eates de\u2026","rel":"","context":"Dans &quot;Mini lecteur&quot;","block_context":{"text":"Mini lecteur","link":"http:\/\/www.jojoenherbe.com\/index.php\/category\/mini-lecteur\/"},"img":{"alt_text":"","src":"https:\/\/i0.wp.com\/www.jojoenherbe.com\/wp-content\/uploads\/2024\/06\/Le-pont-des-tempetes-T1-scaled.jpg?fit=1200%2C997&resize=350%2C200","width":350,"height":200,"srcset":"https:\/\/i0.wp.com\/www.jojoenherbe.com\/wp-content\/uploads\/2024\/06\/Le-pont-des-tempetes-T1-scaled.jpg?fit=1200%2C997&resize=350%2C200 1x, https:\/\/i0.wp.com\/www.jojoenherbe.com\/wp-content\/uploads\/2024\/06\/Le-pont-des-tempetes-T1-scaled.jpg?fit=1200%2C997&resize=525%2C300 1.5x, https:\/\/i0.wp.com\/www.jojoenherbe.com\/wp-content\/uploads\/2024\/06\/Le-pont-des-tempetes-T1-scaled.jpg?fit=1200%2C997&resize=700%2C400 2x, https:\/\/i0.wp.com\/www.jojoenherbe.com\/wp-content\/uploads\/2024\/06\/Le-pont-des-tempetes-T1-scaled.jpg?fit=1200%2C997&resize=1050%2C600 3x"},"classes":[]},{"id":36282,"url":"http:\/\/www.jojoenherbe.com\/index.php\/2024\/07\/30\/au-fil-des-pages-avec-le-tome-3-du-pont-des-tempetes\/","url_meta":{"origin":40979,"position":1},"title":"Au fil des pages avec le tome 3 du Pont des Temp\u00eates","author":"Jojo","date":"30 juillet 2024","format":false,"excerpt":"J'ai lu le tome 3 du Pont des Temp\u00eates, L'h\u00e9ritier insoumis de Danielle L. Jensen (\u00e9d. Bragelonne, coll. Fantasy, mars 2024, 552 pages), une romantasy se d\u00e9roulant dans un monde en guerre et ravag\u00e9 par des temp\u00eates sauvages, l\u2019unique voie de passage commerciale \u00e9tant le pont des temp\u00eates d\u00e9tenu par\u2026","rel":"","context":"Dans &quot;Mini lecteur&quot;","block_context":{"text":"Mini lecteur","link":"http:\/\/www.jojoenherbe.com\/index.php\/category\/mini-lecteur\/"},"img":{"alt_text":"","src":"https:\/\/i0.wp.com\/www.jojoenherbe.com\/wp-content\/uploads\/2024\/06\/Lheritier-insoumis-T3.jpg?resize=350%2C200","width":350,"height":200},"classes":[]},{"id":36936,"url":"http:\/\/www.jojoenherbe.com\/index.php\/2024\/08\/29\/throwback-thursday-livresque-romantasy\/","url_meta":{"origin":40979,"position":2},"title":"Throwback Thursday Livresque: Romantasy","author":"Jojo","date":"29 ao\u00fbt 2024","format":false,"excerpt":"Ce jeudi 26 ao\u00fbt 2024, je participe au Throwback Thursday Livresque, un rendez-vous livresque initialement chez Bettie Rose Books et repris depuis par Carole, les liens \u00e9tant \u00e0 d\u00e9poser chez My-Bo0ks. Le principe est de partager chaque jeudi un livre en fonction d\u2019un th\u00e8me donn\u00e9. Cette semaine, le th\u00e8me est\u2026","rel":"","context":"Dans &quot;Mini challenger&quot;","block_context":{"text":"Mini challenger","link":"http:\/\/www.jojoenherbe.com\/index.php\/category\/mini-challenger\/"},"img":{"alt_text":"","src":"https:\/\/i0.wp.com\/www.jojoenherbe.com\/wp-content\/uploads\/2023\/10\/TTL-logo.jpg?resize=350%2C200","width":350,"height":200},"classes":[]},{"id":36739,"url":"http:\/\/www.jojoenherbe.com\/index.php\/2024\/08\/01\/throwback-thursday-livresque-couverture-avec-du-sable\/","url_meta":{"origin":40979,"position":3},"title":"Throwback Thursday Livresque: Couverture avec du sable","author":"Jojo","date":"1 ao\u00fbt 2024","format":false,"excerpt":"Ce jeudi 1er ao\u00fbt 2024, je participe au Throwback Thursday Livresque, un rendez-vous livresque initialement chez Bettie Rose Books et repris depuis par Carole, les liens \u00e9tant \u00e0 d\u00e9poser chez My-Bo0ks. Le principe est de partager chaque jeudi un livre en fonction d\u2019un th\u00e8me donn\u00e9. Cette semaine, le th\u00e8me est\u2026","rel":"","context":"Dans &quot;Mini challenger&quot;","block_context":{"text":"Mini challenger","link":"http:\/\/www.jojoenherbe.com\/index.php\/category\/mini-challenger\/"},"img":{"alt_text":"","src":"https:\/\/i0.wp.com\/www.jojoenherbe.com\/wp-content\/uploads\/2023\/10\/TTL-logo.jpg?resize=350%2C200","width":350,"height":200},"classes":[]},{"id":36253,"url":"http:\/\/www.jojoenherbe.com\/index.php\/2024\/06\/03\/point-lecture-hebdomadaire-2024-22\/","url_meta":{"origin":40979,"position":4},"title":"Point lecture hebdomadaire 2024 #22","author":"Jojo","date":"3 juin 2024","format":false,"excerpt":"En ce d\u00e9but de semaine, voici mon point lecture hebdomadaire avec un retour sur nos lectures (mais pas nos relectures) de la semaine derni\u00e8re. Nos lectures du 27 mai au 2 juin 2024: Des lectures jeunesse: Avec mon mini lutin, il y a eu surtout des relectures d'albums jeunesse qu'il\u2026","rel":"","context":"Dans &quot;Mini blogueur&quot;","block_context":{"text":"Mini blogueur","link":"http:\/\/www.jojoenherbe.com\/index.php\/category\/mini-blogueur\/"},"img":{"alt_text":"","src":"https:\/\/i0.wp.com\/www.jojoenherbe.com\/wp-content\/uploads\/2024\/06\/Le-loup-en-slip-sarrache-T7-150x150.jpg?resize=350%2C200","width":350,"height":200},"classes":[]},{"id":30127,"url":"http:\/\/www.jojoenherbe.com\/index.php\/2023\/03\/13\/point-lecture-hebdomadaire-2023-10\/","url_meta":{"origin":40979,"position":5},"title":"Point lecture hebdomadaire 2023 #10","author":"Jojo","date":"13 mars 2023","format":false,"excerpt":"En ce d\u00e9but de semaine, voici notre point lecture hebdomadaire avec un retour sur nos lectures de la semaine derni\u00e8re (mais pas nos relectures), avec des lectures indiennes pour le RAT de Holi coorganis\u00e9 par Hilde et Blandine dans le cadre de leur challenges Les \u00c9tapes Indiennes 2023 et qui\u2026","rel":"","context":"Dans &quot;Mini blogueur&quot;","block_context":{"text":"Mini blogueur","link":"http:\/\/www.jojoenherbe.com\/index.php\/category\/mini-blogueur\/"},"img":{"alt_text":"","src":"https:\/\/i0.wp.com\/www.jojoenherbe.com\/wp-content\/uploads\/2023\/03\/Point-lecture-hebdomadaire-2023-10-scaled.jpg?fit=1200%2C951&resize=350%2C200","width":350,"height":200,"srcset":"https:\/\/i0.wp.com\/www.jojoenherbe.com\/wp-content\/uploads\/2023\/03\/Point-lecture-hebdomadaire-2023-10-scaled.jpg?fit=1200%2C951&resize=350%2C200 1x, https:\/\/i0.wp.com\/www.jojoenherbe.com\/wp-content\/uploads\/2023\/03\/Point-lecture-hebdomadaire-2023-10-scaled.jpg?fit=1200%2C951&resize=525%2C300 1.5x, https:\/\/i0.wp.com\/www.jojoenherbe.com\/wp-content\/uploads\/2023\/03\/Point-lecture-hebdomadaire-2023-10-scaled.jpg?fit=1200%2C951&resize=700%2C400 2x, https:\/\/i0.wp.com\/www.jojoenherbe.com\/wp-content\/uploads\/2023\/03\/Point-lecture-hebdomadaire-2023-10-scaled.jpg?fit=1200%2C951&resize=1050%2C600 3x"},"classes":[]}],"_links":{"self":[{"href":"http:\/\/www.jojoenherbe.com\/index.php\/wp-json\/wp\/v2\/posts\/40979","targetHints":{"allow":["GET"]}}],"collection":[{"href":"http:\/\/www.jojoenherbe.com\/index.php\/wp-json\/wp\/v2\/posts"}],"about":[{"href":"http:\/\/www.jojoenherbe.com\/index.php\/wp-json\/wp\/v2\/types\/post"}],"author":[{"embeddable":true,"href":"http:\/\/www.jojoenherbe.com\/index.php\/wp-json\/wp\/v2\/users\/1"}],"replies":[{"embeddable":true,"href":"http:\/\/www.jojoenherbe.com\/index.php\/wp-json\/wp\/v2\/comments?post=40979"}],"version-history":[{"count":15,"href":"http:\/\/www.jojoenherbe.com\/index.php\/wp-json\/wp\/v2\/posts\/40979\/revisions"}],"predecessor-version":[{"id":41008,"href":"http:\/\/www.jojoenherbe.com\/index.php\/wp-json\/wp\/v2\/posts\/40979\/revisions\/41008"}],"wp:featuredmedia":[{"embeddable":true,"href":"http:\/\/www.jojoenherbe.com\/index.php\/wp-json\/wp\/v2\/media\/40925"}],"wp:attachment":[{"href":"http:\/\/www.jojoenherbe.com\/index.php\/wp-json\/wp\/v2\/media?parent=40979"}],"wp:term":[{"taxonomy":"category","embeddable":true,"href":"http:\/\/www.jojoenherbe.com\/index.php\/wp-json\/wp\/v2\/categories?post=40979"},{"taxonomy":"post_tag","embeddable":true,"href":"http:\/\/www.jojoenherbe.com\/index.php\/wp-json\/wp\/v2\/tags?post=40979"}],"curies":[{"name":"wp","href":"https:\/\/api.w.org\/{rel}","templated":true}]}}