{"id":39861,"date":"2025-06-30T16:28:32","date_gmt":"2025-06-30T14:28:32","guid":{"rendered":"https:\/\/www.jojoenherbe.com\/?p=39861"},"modified":"2025-07-13T16:29:41","modified_gmt":"2025-07-13T14:29:41","slug":"point-lecture-hebdomadaire-2025-26","status":"publish","type":"post","link":"http:\/\/www.jojoenherbe.com\/index.php\/2025\/06\/30\/point-lecture-hebdomadaire-2025-26\/","title":{"rendered":"Point lecture hebdomadaire 2025 #26"},"content":{"rendered":"<p style=\"text-align: justify;\"><em>En ce d\u00e9but de semaine, voici mon point lecture hebdomadaire avec un retour sur nos lectures (mais pas nos relectures) de la semaine derni\u00e8re qui a \u00e9t\u00e9 marqu\u00e9e par la canicule propice \u00e0 rester au frais et \u00e0 lire et la fin du Mois Anglais 2025<\/em>.<\/p>\n<p><strong><span style=\"text-decoration: underline;\">Nos lectures du 23 au 29 juin 2025<\/span>:<\/strong><\/p>\n<p><em><span style=\"text-decoration: underline;\">Des lectures jeunesse<\/span>:<\/em><\/p>\n<p style=\"text-align: justify;\"><em><a href=\"https:\/\/i0.wp.com\/www.jojoenherbe.com\/wp-content\/uploads\/2025\/07\/La-legende-de-Podkin-le-Brave-T3.jpg\"><img data-recalc-dims=\"1\" loading=\"lazy\" decoding=\"async\" data-attachment-id=\"39937\" data-permalink=\"http:\/\/www.jojoenherbe.com\/index.php\/2025\/06\/30\/point-lecture-hebdomadaire-2025-26\/screenshot-240\/\" data-orig-file=\"https:\/\/i0.wp.com\/www.jojoenherbe.com\/wp-content\/uploads\/2025\/07\/La-legende-de-Podkin-le-Brave-T3.jpg?fit=750%2C1089\" data-orig-size=\"750,1089\" data-comments-opened=\"1\" data-image-meta=\"{&quot;aperture&quot;:&quot;0&quot;,&quot;credit&quot;:&quot;&quot;,&quot;camera&quot;:&quot;&quot;,&quot;caption&quot;:&quot;Screenshot&quot;,&quot;created_timestamp&quot;:&quot;0&quot;,&quot;copyright&quot;:&quot;&quot;,&quot;focal_length&quot;:&quot;0&quot;,&quot;iso&quot;:&quot;0&quot;,&quot;shutter_speed&quot;:&quot;0&quot;,&quot;title&quot;:&quot;Screenshot&quot;,&quot;orientation&quot;:&quot;1&quot;}\" data-image-title=\"\" data-image-description=\"\" data-image-caption=\"\" data-large-file=\"https:\/\/i0.wp.com\/www.jojoenherbe.com\/wp-content\/uploads\/2025\/07\/La-legende-de-Podkin-le-Brave-T3.jpg?fit=676%2C982\" class=\"alignleft size-thumbnail wp-image-39937\" src=\"https:\/\/i0.wp.com\/www.jojoenherbe.com\/wp-content\/uploads\/2025\/07\/La-legende-de-Podkin-le-Brave-T3.jpg?resize=150%2C150\" alt=\"\" width=\"150\" height=\"150\" srcset=\"https:\/\/i0.wp.com\/www.jojoenherbe.com\/wp-content\/uploads\/2025\/07\/La-legende-de-Podkin-le-Brave-T3.jpg?resize=150%2C150 150w, https:\/\/i0.wp.com\/www.jojoenherbe.com\/wp-content\/uploads\/2025\/07\/La-legende-de-Podkin-le-Brave-T3.jpg?zoom=2&amp;resize=150%2C150 300w, https:\/\/i0.wp.com\/www.jojoenherbe.com\/wp-content\/uploads\/2025\/07\/La-legende-de-Podkin-le-Brave-T3.jpg?zoom=3&amp;resize=150%2C150 450w\" sizes=\"auto, (max-width: 150px) 100vw, 150px\" \/><\/a>Nous avons continu\u00e9 de lire, chaque soir, le tome 3 de <strong><span style=\"text-decoration: underline;\">La l\u00e9gende de Podkin le Brave, Le Monstre de C\u0153ur Sombre<\/span><\/strong> de Kieran Larwood (\u00e9d. Gallimard Jeunesse, coll. Folio Junior, juin 2021, 304 pages), un roman jeunesse fantasy \u00e0 partir de 9 ans et qui vient clore cette trilogie, la lutte contre les Gorm n&rsquo;\u00e9tant pas finie pour Podkin, Paz et Pook. Ces derniers arriveront-ils \u00e0 mettre fin \u00e0 l&rsquo;avanc\u00e9e destructrice des Gorm et de leur cruel chef, Scramashank? Nous avons h\u00e2te de d\u00e9couvrir le d\u00e9nouement de cette trilogie.\u00a0<\/em><\/p>\n<p><em><span style=\"text-decoration: underline;\">Des lectures adulte<\/span>:<\/em><\/p>\n<ul>\n<li><em>(Roman SF post-apo), <strong><span style=\"text-decoration: underline;\">Silo, G\u00e9n\u00e9rations<\/span><\/strong> de Hugh Howey <strong>(T3)<\/strong><\/em><\/li>\n<\/ul>\n<p style=\"text-align: justify;\"><em><a href=\"https:\/\/i0.wp.com\/www.jojoenherbe.com\/wp-content\/uploads\/2025\/06\/Silo-Generations-T3-scaled.jpg\"><img data-recalc-dims=\"1\" loading=\"lazy\" decoding=\"async\" data-attachment-id=\"39889\" data-permalink=\"http:\/\/www.jojoenherbe.com\/index.php\/2025\/06\/30\/point-lecture-hebdomadaire-2025-26\/silo-generations-t3\/\" data-orig-file=\"https:\/\/i0.wp.com\/www.jojoenherbe.com\/wp-content\/uploads\/2025\/06\/Silo-Generations-T3-scaled.jpg?fit=2560%2C2055\" data-orig-size=\"2560,2055\" data-comments-opened=\"1\" data-image-meta=\"{&quot;aperture&quot;:&quot;1.8&quot;,&quot;credit&quot;:&quot;&quot;,&quot;camera&quot;:&quot;iPhone 7&quot;,&quot;caption&quot;:&quot;&quot;,&quot;created_timestamp&quot;:&quot;1749741917&quot;,&quot;copyright&quot;:&quot;&quot;,&quot;focal_length&quot;:&quot;3.99&quot;,&quot;iso&quot;:&quot;80&quot;,&quot;shutter_speed&quot;:&quot;0.2&quot;,&quot;title&quot;:&quot;&quot;,&quot;orientation&quot;:&quot;1&quot;}\" data-image-title=\"Silo, G\u00e9n\u00e9rations T3\" data-image-description=\"\" data-image-caption=\"\" data-large-file=\"https:\/\/i0.wp.com\/www.jojoenherbe.com\/wp-content\/uploads\/2025\/06\/Silo-Generations-T3-scaled.jpg?fit=676%2C543\" class=\"size-thumbnail wp-image-39889 alignright\" src=\"https:\/\/i0.wp.com\/www.jojoenherbe.com\/wp-content\/uploads\/2025\/06\/Silo-Generations-T3.jpg?resize=150%2C150\" alt=\"\" width=\"150\" height=\"150\" srcset=\"https:\/\/i0.wp.com\/www.jojoenherbe.com\/wp-content\/uploads\/2025\/06\/Silo-Generations-T3-scaled.jpg?resize=150%2C150 150w, https:\/\/i0.wp.com\/www.jojoenherbe.com\/wp-content\/uploads\/2025\/06\/Silo-Generations-T3-scaled.jpg?zoom=2&amp;resize=150%2C150 300w, https:\/\/i0.wp.com\/www.jojoenherbe.com\/wp-content\/uploads\/2025\/06\/Silo-Generations-T3-scaled.jpg?zoom=3&amp;resize=150%2C150 450w\" sizes=\"auto, (max-width: 150px) 100vw, 150px\" \/><\/a>J&rsquo;ai lu le troisi\u00e8me et dernier tome de <span style=\"text-decoration: underline;\">Silo, G\u00e9n\u00e9rations<\/span> de Hugh Howey (\u00e9d. Actes Sud, octobre 2014, 432 pages), les \u00e9v\u00e9nements s&rsquo;encha\u00eenant \u00e0 l&rsquo;int\u00e9rieur des silos 1, 17 et 18. Mais Juliette peut-elle faire confiance \u00e0 ceux du silo 1, prot\u00e9ger les survivants du silos 17 et esp\u00e9rer qu&rsquo;un avenir dehors soit possible? Ma lecture a \u00e9t\u00e9 une nouvelle fois addictive, les chapitres courts m&rsquo;entra\u00eenant vers le d\u00e9nouement final qui m&rsquo;a paru un peu trop rapide voire m\u00eame simpliste par rapport \u00e0 la complexit\u00e9 du d\u00e9part. Malgr\u00e9 ce petit b\u00e9mol sur sa fin, j&rsquo;ai bien appr\u00e9ci\u00e9 cette trilogie qui me donne envie de visionner son adaptation en s\u00e9rie, la troisi\u00e8me saison \u00e9tant pr\u00e9vue pour la fin 2025. J&rsquo;en reparle tr\u00e8s vite.<\/em><\/p>\n<ul>\n<li style=\"text-align: justify;\"><em>(Romance historique de No\u00ebl) <strong><span style=\"text-decoration: underline;\">Les Ducs \u00e0 tomber, Le duc de glace<\/span><\/strong> d&rsquo;Anna Bradley <strong>(T3)<\/strong><\/em><\/li>\n<\/ul>\n<p style=\"text-align: justify;\"><em><a href=\"https:\/\/i0.wp.com\/www.jojoenherbe.com\/wp-content\/uploads\/2025\/06\/Le-duc-de-glace-T3.jpg\"><img data-recalc-dims=\"1\" loading=\"lazy\" decoding=\"async\" data-attachment-id=\"39897\" data-permalink=\"http:\/\/www.jojoenherbe.com\/index.php\/2025\/06\/01\/billet-de-suivi-le-mois-anglais-2025\/screenshot-239\/\" data-orig-file=\"https:\/\/i0.wp.com\/www.jojoenherbe.com\/wp-content\/uploads\/2025\/06\/Le-duc-de-glace-T3.jpg?fit=749%2C1222\" data-orig-size=\"749,1222\" data-comments-opened=\"1\" data-image-meta=\"{&quot;aperture&quot;:&quot;0&quot;,&quot;credit&quot;:&quot;&quot;,&quot;camera&quot;:&quot;&quot;,&quot;caption&quot;:&quot;Screenshot&quot;,&quot;created_timestamp&quot;:&quot;0&quot;,&quot;copyright&quot;:&quot;&quot;,&quot;focal_length&quot;:&quot;0&quot;,&quot;iso&quot;:&quot;0&quot;,&quot;shutter_speed&quot;:&quot;0&quot;,&quot;title&quot;:&quot;Screenshot&quot;,&quot;orientation&quot;:&quot;1&quot;}\" data-image-title=\"\" data-image-description=\"\" data-image-caption=\"\" data-large-file=\"https:\/\/i0.wp.com\/www.jojoenherbe.com\/wp-content\/uploads\/2025\/06\/Le-duc-de-glace-T3.jpg?fit=628%2C1024\" class=\"alignleft size-thumbnail wp-image-39897\" src=\"https:\/\/i0.wp.com\/www.jojoenherbe.com\/wp-content\/uploads\/2025\/06\/Le-duc-de-glace-T3.jpg?resize=150%2C150\" alt=\"\" width=\"150\" height=\"150\" srcset=\"https:\/\/i0.wp.com\/www.jojoenherbe.com\/wp-content\/uploads\/2025\/06\/Le-duc-de-glace-T3.jpg?resize=150%2C150 150w, https:\/\/i0.wp.com\/www.jojoenherbe.com\/wp-content\/uploads\/2025\/06\/Le-duc-de-glace-T3.jpg?zoom=2&amp;resize=150%2C150 300w, https:\/\/i0.wp.com\/www.jojoenherbe.com\/wp-content\/uploads\/2025\/06\/Le-duc-de-glace-T3.jpg?zoom=3&amp;resize=150%2C150 450w\" sizes=\"auto, (max-width: 150px) 100vw, 150px\" \/><\/a>J&rsquo;ai lu, en e-book, le tome 3 des <span style=\"text-decoration: underline;\">Ducs \u00e0 tomber, Le duc de glace<\/span> d&rsquo;Anna Bradley (\u00e9d. J\u2019ai lu pour elle, coll. Aventures &amp; Passions, juin 2025, 378 pages), une romance historique se d\u00e9roulant dans la campagne anglaise, \u00e0 quelques jours de No\u00ebl. Maxwell Burke, duc de Grantham est bien d\u00e9cid\u00e9 \u00e0 r\u00e9cup\u00e9rer, par tous les moyens, m\u00eame les plus sournois, le manoir familial dont il a h\u00e9rit\u00e9 \u00e0 parts \u00e9gales avec Rose St. Claire, la fille adoptive de celui qu&rsquo;il tient pour responsable depuis 20 ans de cette privation et qui vient de d\u00e9c\u00e9der. L&rsquo;id\u00e9e de la pousser au mariage avec un vicomte afin de r\u00e9cup\u00e9rer son bien \u00e9tait-elle si clairvoyante? Un bon moment de lecture avec cette romance m\u00eame si j&rsquo;ai trouv\u00e9 que le personnage masculin \u00e9tait tellement enferm\u00e9 dans sa vengeance qu&rsquo;il en a oubli\u00e9 de vivre et qu&rsquo;il en devenait antipathique au point o\u00f9 je me suis demand\u00e9e ce qui pouvait plaire \u00e0 la jeune femme.\u00a0<\/em><\/p>\n<ul>\n<li><em>(Roman contemporain) <span style=\"text-decoration: underline;\"><strong>Le restaurant des recettes oubli\u00e9es<\/strong><\/span> de Hisashi Kashiwai<\/em><\/li>\n<\/ul>\n<p style=\"text-align: justify;\"><a href=\"https:\/\/i0.wp.com\/www.jojoenherbe.com\/wp-content\/uploads\/2025\/06\/Le-restaurant-des-recettes-oubliees.jpg\"><img loading=\"lazy\" decoding=\"async\" data-attachment-id=\"39864\" data-permalink=\"http:\/\/www.jojoenherbe.com\/index.php\/2025\/06\/29\/point-lecture-hebdomadaire-2025-25\/screenshot-237\/\" data-orig-file=\"https:\/\/i0.wp.com\/www.jojoenherbe.com\/wp-content\/uploads\/2025\/06\/Le-restaurant-des-recettes-oubliees.jpg?fit=750%2C1024\" data-orig-size=\"750,1024\" data-comments-opened=\"1\" data-image-meta=\"{&quot;aperture&quot;:&quot;0&quot;,&quot;credit&quot;:&quot;&quot;,&quot;camera&quot;:&quot;&quot;,&quot;caption&quot;:&quot;Screenshot&quot;,&quot;created_timestamp&quot;:&quot;0&quot;,&quot;copyright&quot;:&quot;&quot;,&quot;focal_length&quot;:&quot;0&quot;,&quot;iso&quot;:&quot;0&quot;,&quot;shutter_speed&quot;:&quot;0&quot;,&quot;title&quot;:&quot;Screenshot&quot;,&quot;orientation&quot;:&quot;1&quot;}\" data-image-title=\"\" data-image-description=\"\" data-image-caption=\"\" data-large-file=\"https:\/\/i0.wp.com\/www.jojoenherbe.com\/wp-content\/uploads\/2025\/06\/Le-restaurant-des-recettes-oubliees.jpg?fit=676%2C923\" class=\"size-thumbnail wp-image-39864 alignright\" src=\"https:\/\/i0.wp.com\/www.jojoenherbe.com\/wp-content\/uploads\/2025\/06\/Le-restaurant-des-recettes-oubliees.jpg?resize=150%2C150\" sizes=\"auto, (max-width: 150px) 100vw, 150px\" srcset=\"https:\/\/i0.wp.com\/www.jojoenherbe.com\/wp-content\/uploads\/2025\/06\/Le-restaurant-des-recettes-oubliees.jpg?resize=150%2C150&amp;ssl=1 150w, https:\/\/i0.wp.com\/www.jojoenherbe.com\/wp-content\/uploads\/2025\/06\/Le-restaurant-des-recettes-oubliees.jpg?zoom=2&amp;resize=150%2C150 300w, https:\/\/i0.wp.com\/www.jojoenherbe.com\/wp-content\/uploads\/2025\/06\/Le-restaurant-des-recettes-oubliees.jpg?zoom=3&amp;resize=150%2C150 450w\" alt=\"\" width=\"150\" height=\"150\" data-recalc-dims=\"1\" data-attachment-id=\"39864\" data-permalink=\"https:\/\/www.jojoenherbe.com\/index.php\/2025\/06\/29\/point-lecture-hebdomadaire-2025-25\/screenshot-237\/\" data-orig-file=\"https:\/\/i0.wp.com\/www.jojoenherbe.com\/wp-content\/uploads\/2025\/06\/Le-restaurant-des-recettes-oubliees.jpg?fit=750%2C1024&amp;ssl=1\" data-orig-size=\"750,1024\" data-comments-opened=\"1\" data-image-meta=\"{&quot;aperture&quot;:&quot;0&quot;,&quot;credit&quot;:&quot;&quot;,&quot;camera&quot;:&quot;&quot;,&quot;caption&quot;:&quot;Screenshot&quot;,&quot;created_timestamp&quot;:&quot;0&quot;,&quot;copyright&quot;:&quot;&quot;,&quot;focal_length&quot;:&quot;0&quot;,&quot;iso&quot;:&quot;0&quot;,&quot;shutter_speed&quot;:&quot;0&quot;,&quot;title&quot;:&quot;Screenshot&quot;,&quot;orientation&quot;:&quot;1&quot;}\" data-image-title=\"\" data-image-description=\"\" data-image-caption=\"\" data-medium-file=\"https:\/\/i0.wp.com\/www.jojoenherbe.com\/wp-content\/uploads\/2025\/06\/Le-restaurant-des-recettes-oubliees.jpg?fit=220%2C300&amp;ssl=1\" data-large-file=\"https:\/\/i0.wp.com\/www.jojoenherbe.com\/wp-content\/uploads\/2025\/06\/Le-restaurant-des-recettes-oubliees.jpg?fit=676%2C923&amp;ssl=1\" \/><\/a><em>J\u2019ai fini de lire, en e-book, <a href=\"https:\/\/www.jojoenherbe.com\/index.php\/2025\/07\/08\/au-fil-des-pages-avec-le-restaurant-des-recettes-oubliees\/\"><span style=\"text-decoration: underline;\">Le restaurant des recettes oubli\u00e9es<\/span><\/a> de Hisashi Kashiwai (\u00e9d. Nami, avril 2023, 256 pages), un roman contemporain tr\u00e8s gourmand et paru pour la premi\u00e8re fois au Japon en 2013 et qui avait \u00e9t\u00e9 propos\u00e9 comme lecture commune en avril dernier dans le cadre du challenge Un mois au Japon 2025. Nagare Kamogawa, un ancien policier veuf \u00e0 la retraite et sa fille Koishi tiennent un restaurant discret, sans enseigne ni menu, \u00e0 Kyoto mais avec un chat fac\u00e9tieux. Seuls les habitu\u00e9s et ceux qui arrivent \u00e0 d\u00e9couvrir leur adresse en lisant un court encart publicitaire d\u2019une ligne sibylline paru dans une revue culinaire viennent y d\u00e9guster de savoureux repas faits maison ou les recruter afin de retrouver un plat qui a marqu\u00e9 intens\u00e9ment leur vie mais dont ils ignorent la recette. En lisant le 4e de couverture, j\u2019avais trouv\u00e9 l\u2019id\u00e9e int\u00e9ressante, gourmande et nostalgique mais j\u2019ai trouv\u00e9 le roman un peu trop r\u00e9p\u00e9titif. Je ne me suis pas plus attach\u00e9e que cela aux personnages, m\u00eame ceux servant de fil conducteur entre chaque partie. Il y est ainsi question de non-dits, de solitudes, de malentendus irr\u00e9parables, de choix de vie d\u00e9termin\u00e9e par un plat du pass\u00e9, de regrets, de remords, de veuvage, de maladie, du poids de la famille, d\u2019\u00e9piphanie lors de la red\u00e9couverte du plat ainsi retrouv\u00e9\u2026\u00a0Une lecture fort gourmande mais qui ne m\u2019a pas plus emball\u00e9e que cela! <\/em><\/p>\n<ul>\n<li style=\"text-align: justify;\"><em>(Roman domestique) <span style=\"text-decoration: underline;\"><strong>Mon Mari<\/strong><\/span> de Maud Ventura <\/em><\/li>\n<\/ul>\n<p style=\"text-align: justify;\"><em><a href=\"https:\/\/i0.wp.com\/www.jojoenherbe.com\/wp-content\/uploads\/2025\/06\/Mon-mari-scaled.jpg\"><img data-recalc-dims=\"1\" loading=\"lazy\" decoding=\"async\" data-attachment-id=\"39912\" data-permalink=\"http:\/\/www.jojoenherbe.com\/index.php\/2025\/06\/29\/au-fil-des-pages-avec-mon-mari\/mon-mari\/\" data-orig-file=\"https:\/\/i0.wp.com\/www.jojoenherbe.com\/wp-content\/uploads\/2025\/06\/Mon-mari-scaled.jpg?fit=2560%2C2047\" data-orig-size=\"2560,2047\" data-comments-opened=\"1\" data-image-meta=\"{&quot;aperture&quot;:&quot;1.8&quot;,&quot;credit&quot;:&quot;&quot;,&quot;camera&quot;:&quot;iPhone 7&quot;,&quot;caption&quot;:&quot;&quot;,&quot;created_timestamp&quot;:&quot;1751198984&quot;,&quot;copyright&quot;:&quot;&quot;,&quot;focal_length&quot;:&quot;3.99&quot;,&quot;iso&quot;:&quot;100&quot;,&quot;shutter_speed&quot;:&quot;0.16666666666667&quot;,&quot;title&quot;:&quot;&quot;,&quot;orientation&quot;:&quot;1&quot;}\" data-image-title=\"Mon mari\" data-image-description=\"\" data-image-caption=\"\" data-large-file=\"https:\/\/i0.wp.com\/www.jojoenherbe.com\/wp-content\/uploads\/2025\/06\/Mon-mari-scaled.jpg?fit=676%2C541\" class=\"alignleft size-thumbnail wp-image-39912\" src=\"https:\/\/i0.wp.com\/www.jojoenherbe.com\/wp-content\/uploads\/2025\/06\/Mon-mari.jpg?resize=150%2C150\" alt=\"\" width=\"150\" height=\"150\" srcset=\"https:\/\/i0.wp.com\/www.jojoenherbe.com\/wp-content\/uploads\/2025\/06\/Mon-mari-scaled.jpg?resize=150%2C150 150w, https:\/\/i0.wp.com\/www.jojoenherbe.com\/wp-content\/uploads\/2025\/06\/Mon-mari-scaled.jpg?zoom=2&amp;resize=150%2C150 300w, https:\/\/i0.wp.com\/www.jojoenherbe.com\/wp-content\/uploads\/2025\/06\/Mon-mari-scaled.jpg?zoom=3&amp;resize=150%2C150 450w\" sizes=\"auto, (max-width: 150px) 100vw, 150px\" \/><\/a>J\u2019ai lu <a href=\"https:\/\/www.jojoenherbe.com\/index.php\/2025\/06\/29\/au-fil-des-pages-avec-mon-mari\/\"><span style=\"text-decoration: underline;\">Mon Mari<\/span><\/a> de Maud Ventura (\u00e9d. L\u2019Iconoclaste, ao\u00fbt 2021, 355 pages), le premier roman de l\u2019autrice apr\u00e8s avoir lu, en mars dernier, son second, <a href=\"https:\/\/www.jojoenherbe.com\/index.php\/2025\/03\/05\/au-fil-des-pages-avec-celebre\/\"><span style=\"text-decoration: underline;\">C\u00e9l\u00e8bre<\/span><\/a>. La narratrice, \u00e2g\u00e9e de 40 ans nous parle de son mari depuis 15 ans et de la fa\u00e7on dont elle vit leur relation au quotidien. il est question d\u2019obsession amoureuse, de d\u00e9pendance affective, d\u2019amour maladif, de jalousie&#8230; Un bon voire tr\u00e8s bon moment de lecture avec ce roman domestique, au ton ironique et grin\u00e7ant, proche d\u2019un thriller psychologique sans l\u2019\u00eatre vraiment et \u00e0 l\u2019\u00e9pilogue surprenant!\u00a0<\/em><\/p>\n<ul>\n<li><em>(Roman graphique) <strong><span style=\"text-decoration: underline;\">Bront\u00ebana<\/span><\/strong> de Paulina Spucches<\/em><\/li>\n<\/ul>\n<p style=\"text-align: justify;\"><a href=\"https:\/\/i0.wp.com\/www.jojoenherbe.com\/wp-content\/uploads\/2025\/07\/Bronteana.jpg\"><img data-recalc-dims=\"1\" loading=\"lazy\" decoding=\"async\" data-attachment-id=\"40117\" data-permalink=\"http:\/\/www.jojoenherbe.com\/index.php\/2025\/06\/30\/point-lecture-hebdomadaire-2025-26\/screenshot-251\/\" data-orig-file=\"https:\/\/i0.wp.com\/www.jojoenherbe.com\/wp-content\/uploads\/2025\/07\/Bronteana.jpg?fit=750%2C1060\" data-orig-size=\"750,1060\" data-comments-opened=\"1\" data-image-meta=\"{&quot;aperture&quot;:&quot;0&quot;,&quot;credit&quot;:&quot;&quot;,&quot;camera&quot;:&quot;&quot;,&quot;caption&quot;:&quot;Screenshot&quot;,&quot;created_timestamp&quot;:&quot;0&quot;,&quot;copyright&quot;:&quot;&quot;,&quot;focal_length&quot;:&quot;0&quot;,&quot;iso&quot;:&quot;0&quot;,&quot;shutter_speed&quot;:&quot;0&quot;,&quot;title&quot;:&quot;Screenshot&quot;,&quot;orientation&quot;:&quot;1&quot;}\" data-image-title=\"\" data-image-description=\"\" data-image-caption=\"\" data-large-file=\"https:\/\/i0.wp.com\/www.jojoenherbe.com\/wp-content\/uploads\/2025\/07\/Bronteana.jpg?fit=676%2C955\" class=\"size-thumbnail wp-image-40117 alignright\" src=\"https:\/\/i0.wp.com\/www.jojoenherbe.com\/wp-content\/uploads\/2025\/07\/Bronteana.jpg?resize=150%2C150\" alt=\"\" width=\"150\" height=\"150\" srcset=\"https:\/\/i0.wp.com\/www.jojoenherbe.com\/wp-content\/uploads\/2025\/07\/Bronteana.jpg?resize=150%2C150 150w, https:\/\/i0.wp.com\/www.jojoenherbe.com\/wp-content\/uploads\/2025\/07\/Bronteana.jpg?zoom=2&amp;resize=150%2C150 300w, https:\/\/i0.wp.com\/www.jojoenherbe.com\/wp-content\/uploads\/2025\/07\/Bronteana.jpg?zoom=3&amp;resize=150%2C150 450w\" sizes=\"auto, (max-width: 150px) 100vw, 150px\" \/><\/a><em>J&rsquo;ai lu, en version num\u00e9rique via ma m\u00e9diath\u00e8que, <span style=\"text-decoration: underline;\">Bront\u00ebana<\/span> de Paulina Spucches (\u00e9d. Steinkis, ao\u00fbt 2023, 224 pages), un roman graphique se pr\u00e9sentant comme une biographie fictionnelle des s\u0153urs Bront\u00eb, en particuli\u00e8re de la cadette, Anne qui, faisant fi des mises en garde de ses a\u00een\u00e9es, Emily et Charlotte, prend le risque d&rsquo;\u00e9crire. Cela m&rsquo;a rappel\u00e9 une autre lecture jeunesse au sujet de la fratrie Bront\u00eb que j&rsquo;avais plus appr\u00e9ci\u00e9: <span style=\"text-decoration: underline;\">Au pays des histoires, L&rsquo;enfance de Charlotte, Branwell, Emily et Anne Bront\u00eb<\/span> de Sara O&rsquo;Leary et Briony May Smith (\u00e9d. Gallimard Jeunesse, f\u00e9vrier 2024, 40 pages), un album jeunesse \u00e0 partir de 5\/6 ans.\u00a0<\/em><\/p>\n<p><strong><span style=\"text-decoration: underline;\">Ma lecture en cours<\/span>:<\/strong><\/p>\n<p><em>(Roman adulte) <strong><span style=\"text-decoration: underline;\">Les ingratitudes de l&rsquo;amour<\/span><\/strong> de Barbara Pym<\/em><\/p>\n<p style=\"text-align: justify;\"><em><a href=\"https:\/\/i0.wp.com\/www.jojoenherbe.com\/wp-content\/uploads\/2025\/07\/Les-ingratitudes-de-lamour.jpg\"><img data-recalc-dims=\"1\" loading=\"lazy\" decoding=\"async\" data-attachment-id=\"40119\" data-permalink=\"http:\/\/www.jojoenherbe.com\/index.php\/2025\/06\/30\/point-lecture-hebdomadaire-2025-26\/les-ingratitudes-de-lamour\/\" data-orig-file=\"https:\/\/i0.wp.com\/www.jojoenherbe.com\/wp-content\/uploads\/2025\/07\/Les-ingratitudes-de-lamour.jpg?fit=377%2C618\" data-orig-size=\"377,618\" data-comments-opened=\"1\" data-image-meta=\"{&quot;aperture&quot;:&quot;0&quot;,&quot;credit&quot;:&quot;&quot;,&quot;camera&quot;:&quot;&quot;,&quot;caption&quot;:&quot;&quot;,&quot;created_timestamp&quot;:&quot;0&quot;,&quot;copyright&quot;:&quot;&quot;,&quot;focal_length&quot;:&quot;0&quot;,&quot;iso&quot;:&quot;0&quot;,&quot;shutter_speed&quot;:&quot;0&quot;,&quot;title&quot;:&quot;&quot;,&quot;orientation&quot;:&quot;0&quot;}\" data-image-title=\"Les ingratitudes de l&amp;rsquo;amour\" data-image-description=\"\" data-image-caption=\"\" data-large-file=\"https:\/\/i0.wp.com\/www.jojoenherbe.com\/wp-content\/uploads\/2025\/07\/Les-ingratitudes-de-lamour.jpg?fit=377%2C618\" class=\"alignleft size-thumbnail wp-image-40119\" src=\"https:\/\/i0.wp.com\/www.jojoenherbe.com\/wp-content\/uploads\/2025\/07\/Les-ingratitudes-de-lamour.jpg?resize=150%2C150\" alt=\"\" width=\"150\" height=\"150\" srcset=\"https:\/\/i0.wp.com\/www.jojoenherbe.com\/wp-content\/uploads\/2025\/07\/Les-ingratitudes-de-lamour.jpg?resize=150%2C150 150w, https:\/\/i0.wp.com\/www.jojoenherbe.com\/wp-content\/uploads\/2025\/07\/Les-ingratitudes-de-lamour.jpg?zoom=2&amp;resize=150%2C150 300w\" sizes=\"auto, (max-width: 150px) 100vw, 150px\" \/><\/a>J&rsquo;ai commenc\u00e9 \u00e0 lire, jusqu&rsquo;\u00e0 la page 72, <span style=\"text-decoration: underline;\">Les ingratitudes de l&rsquo;amour<\/span> de Barbara Pym (\u00e9d. 10\/18, mai 2022, 350 pages), un roman paru pour la premi\u00e8re fois en Angleterre en 1961. Dans les ann\u00e9es 60, Dulcie Mainwaring vient de rompre ses fian\u00e7ailles. Pour s&rsquo;en remettre, elle se rend \u00e0 un colloque savant <span class=\"cr-widget-FocalReviews\" data-hook=\"cr-widget-FocalReviews\"><span class=\"a-list-item\"><span class=\"a-size-base review-text\" data-hook=\"review-body\">sur les m\u00e9tiers de l&rsquo;\u00e9dition <\/span><\/span><\/span>au cours duquel elle rencontre Viola et tombe sous le charme d&rsquo;un des conf\u00e9renciers, Aylwin Forbes, directeur d&rsquo;une revue. De retour chez elle, elle h\u00e9berge sa ni\u00e8ce et Viola, se lan\u00e7ant dans une qu\u00eate sur cet homme et son entourage. Pour le moment, je d\u00e9couvre une trentenaire bien seule, \u00ab\u00a0vieille fille\u00a0\u00bb na\u00efve et qui tient \u00e0 se lier d&rsquo;amiti\u00e9 avec une jeune femme qui semble profiter d&rsquo;elle, Viola ayant entretenu une liaison avec Aylwin, s\u00e9par\u00e9 de sa femme.\u00a0<\/em><\/p>\n","protected":false},"excerpt":{"rendered":"<p>En ce d\u00e9but de semaine, voici mon point lecture hebdomadaire avec un retour sur nos lectures (mais pas nos relectures) de la semaine derni\u00e8re qui a \u00e9t\u00e9 marqu\u00e9e par la canicule propice \u00e0 rester au frais et \u00e0 lire et la fin du Mois Anglais 2025. Nos lectures du 23 au 29 juin 2025: Des [&hellip;]<\/p>\n","protected":false},"author":1,"featured_media":39938,"comment_status":"open","ping_status":"open","sticky":false,"template":"","format":"standard","meta":{"jetpack_post_was_ever_published":false,"_jetpack_newsletter_access":"","_jetpack_dont_email_post_to_subs":false,"_jetpack_newsletter_tier_id":0,"_jetpack_memberships_contains_paywalled_content":false,"_jetpack_memberships_contains_paid_content":false,"footnotes":""},"categories":[2140,873,363],"tags":[3845,4664,4647,4599,4565,1085,367,4502,4663,2767,3726,3777,4645,4381,2088,4152,1086,3209,789],"class_list":["post-39861","post","type-post","status-publish","format-standard","has-post-thumbnail","hentry","category-mini-blogueur","category-mini-challenger","category-mini-lecteur","tag-anna-bradley","tag-barbara-pym","tag-hisashi-kashiwai","tag-hugh-howey","tag-kieran-larwood","tag-lecture-adulte","tag-lecture-jeunesse","tag-maud-ventura","tag-paulina-spucches","tag-point-lecture-hebdo","tag-post-apocalytpique","tag-roman-contemporain","tag-roman-domestique","tag-roman-fantasy","tag-roman-graphique","tag-roman-sf","tag-romance-de-noel","tag-romance-historique","tag-romans-jeunesse","post-preview"],"jetpack_featured_media_url":"https:\/\/i0.wp.com\/www.jojoenherbe.com\/wp-content\/uploads\/2025\/07\/Point-lecture-hebdo-2025-26.jpg?fit=2000%2C1443","jetpack_sharing_enabled":true,"jetpack_shortlink":"https:\/\/wp.me\/p9zhGx-amV","jetpack_likes_enabled":true,"jetpack-related-posts":[{"id":39835,"url":"http:\/\/www.jojoenherbe.com\/index.php\/2025\/06\/29\/point-lecture-hebdomadaire-2025-25\/","url_meta":{"origin":39861,"position":0},"title":"Point lecture hebdomadaire 2025 #25","author":"Jojo","date":"29 juin 2025","format":false,"excerpt":"En cette fin de semaine, voici mon point lecture hebdomadaire avec un retour sur nos lectures (mais pas nos relectures) de la semaine derni\u00e8re qui ont \u00e9t\u00e9 peu nombreuses, compte-tenu de nos sorties du soir (plage, f\u00eate de la musique...) ou visionnages.\u00a0 Nos lectures du 16 au 22 juin 2025:\u2026","rel":"","context":"Dans &quot;Mini blogueur&quot;","block_context":{"text":"Mini blogueur","link":"http:\/\/www.jojoenherbe.com\/index.php\/category\/mini-blogueur\/"},"img":{"alt_text":"","src":"https:\/\/i0.wp.com\/www.jojoenherbe.com\/wp-content\/uploads\/2025\/06\/Point-lecture-hebdo-2025-25.jpg?fit=1200%2C871&resize=350%2C200","width":350,"height":200,"srcset":"https:\/\/i0.wp.com\/www.jojoenherbe.com\/wp-content\/uploads\/2025\/06\/Point-lecture-hebdo-2025-25.jpg?fit=1200%2C871&resize=350%2C200 1x, https:\/\/i0.wp.com\/www.jojoenherbe.com\/wp-content\/uploads\/2025\/06\/Point-lecture-hebdo-2025-25.jpg?fit=1200%2C871&resize=525%2C300 1.5x, https:\/\/i0.wp.com\/www.jojoenherbe.com\/wp-content\/uploads\/2025\/06\/Point-lecture-hebdo-2025-25.jpg?fit=1200%2C871&resize=700%2C400 2x, https:\/\/i0.wp.com\/www.jojoenherbe.com\/wp-content\/uploads\/2025\/06\/Point-lecture-hebdo-2025-25.jpg?fit=1200%2C871&resize=1050%2C600 3x"},"classes":[]},{"id":40060,"url":"http:\/\/www.jojoenherbe.com\/index.php\/2025\/07\/14\/point-lecture-hebdomadaire-2025-28\/","url_meta":{"origin":39861,"position":1},"title":"Point lecture hebdomadaire 2025 #28","author":"Jojo","date":"14 juillet 2025","format":false,"excerpt":"En ce d\u00e9but de semaine, voici mon point lecture hebdomadaire avec un retour sur nos lectures (mais pas nos relectures) de la semaine derni\u00e8re, ayant \u00e9galement regard\u00e9 la mini-s\u00e9rie en 3-D r\u00e9alis\u00e9e en 2025 par Alain Chabat, Ast\u00e9rix et Ob\u00e9lix, Le combat des Chefs.\u00a0 Nos lectures du 7 au 13\u2026","rel":"","context":"Dans &quot;Mini blogueur&quot;","block_context":{"text":"Mini blogueur","link":"http:\/\/www.jojoenherbe.com\/index.php\/category\/mini-blogueur\/"},"img":{"alt_text":"","src":"https:\/\/i0.wp.com\/www.jojoenherbe.com\/wp-content\/uploads\/2025\/07\/Point-lecture-hebdo-2025-28.jpg?fit=1200%2C905&resize=350%2C200","width":350,"height":200,"srcset":"https:\/\/i0.wp.com\/www.jojoenherbe.com\/wp-content\/uploads\/2025\/07\/Point-lecture-hebdo-2025-28.jpg?fit=1200%2C905&resize=350%2C200 1x, https:\/\/i0.wp.com\/www.jojoenherbe.com\/wp-content\/uploads\/2025\/07\/Point-lecture-hebdo-2025-28.jpg?fit=1200%2C905&resize=525%2C300 1.5x, https:\/\/i0.wp.com\/www.jojoenherbe.com\/wp-content\/uploads\/2025\/07\/Point-lecture-hebdo-2025-28.jpg?fit=1200%2C905&resize=700%2C400 2x, https:\/\/i0.wp.com\/www.jojoenherbe.com\/wp-content\/uploads\/2025\/07\/Point-lecture-hebdo-2025-28.jpg?fit=1200%2C905&resize=1050%2C600 3x"},"classes":[]},{"id":39991,"url":"http:\/\/www.jojoenherbe.com\/index.php\/2025\/07\/11\/point-lecture-hebdomadaire-2025-27\/","url_meta":{"origin":39861,"position":2},"title":"Point lecture hebdomadaire 2025 #27","author":"Jojo","date":"11 juillet 2025","format":false,"excerpt":"En cette fin de semaine, voici mon point lecture hebdomadaire avec un retour sur nos lectures (mais pas nos relectures) de la semaine derni\u00e8re qui s'est termin\u00e9e sur un Week-end \u00e0 mille. Nos lectures du 30 juin au 6 juillet 2025: Des lectures jeunesse: Nous avons continu\u00e9 de lire, chaque\u2026","rel":"","context":"Dans &quot;Mini blogueur&quot;","block_context":{"text":"Mini blogueur","link":"http:\/\/www.jojoenherbe.com\/index.php\/category\/mini-blogueur\/"},"img":{"alt_text":"","src":"https:\/\/i0.wp.com\/www.jojoenherbe.com\/wp-content\/uploads\/2025\/07\/Point-lecture-hebdo-2025-27.jpg?fit=1080%2C1033&resize=350%2C200","width":350,"height":200,"srcset":"https:\/\/i0.wp.com\/www.jojoenherbe.com\/wp-content\/uploads\/2025\/07\/Point-lecture-hebdo-2025-27.jpg?fit=1080%2C1033&resize=350%2C200 1x, https:\/\/i0.wp.com\/www.jojoenherbe.com\/wp-content\/uploads\/2025\/07\/Point-lecture-hebdo-2025-27.jpg?fit=1080%2C1033&resize=525%2C300 1.5x, https:\/\/i0.wp.com\/www.jojoenherbe.com\/wp-content\/uploads\/2025\/07\/Point-lecture-hebdo-2025-27.jpg?fit=1080%2C1033&resize=700%2C400 2x, https:\/\/i0.wp.com\/www.jojoenherbe.com\/wp-content\/uploads\/2025\/07\/Point-lecture-hebdo-2025-27.jpg?fit=1080%2C1033&resize=1050%2C600 3x"},"classes":[]},{"id":39365,"url":"http:\/\/www.jojoenherbe.com\/index.php\/2025\/05\/09\/point-lecture-hebdomadaire-2025-18\/","url_meta":{"origin":39861,"position":3},"title":"Point lecture hebdomadaire 2025 #18","author":"Jojo","date":"9 mai 2025","format":false,"excerpt":"En cette presque fin de semaine, voici mon point lecture hebdomadaire avec un retour sur nos lectures (mais pas nos relectures) de la semaine derni\u00e8re. Nos lectures du 28 avril au 4 mai 2025: Des lectures jeunesse: Nous avons continu\u00e9 \u00e0 lire le tome 1 d'une trilogie fantasy : La\u2026","rel":"","context":"Dans &quot;Mini blogueur&quot;","block_context":{"text":"Mini blogueur","link":"http:\/\/www.jojoenherbe.com\/index.php\/category\/mini-blogueur\/"},"img":{"alt_text":"","src":"https:\/\/i0.wp.com\/www.jojoenherbe.com\/wp-content\/uploads\/2025\/05\/Point-lecture-hebdo-2025-18.jpg?fit=1200%2C975&resize=350%2C200","width":350,"height":200,"srcset":"https:\/\/i0.wp.com\/www.jojoenherbe.com\/wp-content\/uploads\/2025\/05\/Point-lecture-hebdo-2025-18.jpg?fit=1200%2C975&resize=350%2C200 1x, https:\/\/i0.wp.com\/www.jojoenherbe.com\/wp-content\/uploads\/2025\/05\/Point-lecture-hebdo-2025-18.jpg?fit=1200%2C975&resize=525%2C300 1.5x, https:\/\/i0.wp.com\/www.jojoenherbe.com\/wp-content\/uploads\/2025\/05\/Point-lecture-hebdo-2025-18.jpg?fit=1200%2C975&resize=700%2C400 2x, https:\/\/i0.wp.com\/www.jojoenherbe.com\/wp-content\/uploads\/2025\/05\/Point-lecture-hebdo-2025-18.jpg?fit=1200%2C975&resize=1050%2C600 3x"},"classes":[]},{"id":39382,"url":"http:\/\/www.jojoenherbe.com\/index.php\/2025\/05\/16\/point-lecture-hebdomadaire-2025-19\/","url_meta":{"origin":39861,"position":4},"title":"Point lecture hebdomadaire 2025 #19","author":"Jojo","date":"16 mai 2025","format":false,"excerpt":"En cette presque fin de semaine, voici mon point lecture hebdomadaire avec un retour sur nos lectures (mais pas nos relectures) de la semaine derni\u00e8re. Nos lectures du 5 au 11 mai 2025: Des lectures jeunesse: Nous avons fini de lire le tome 1 d'une trilogie fantasy : La l\u00e9gende\u2026","rel":"","context":"Dans &quot;Mini blogueur&quot;","block_context":{"text":"Mini blogueur","link":"http:\/\/www.jojoenherbe.com\/index.php\/category\/mini-blogueur\/"},"img":{"alt_text":"","src":"https:\/\/i0.wp.com\/www.jojoenherbe.com\/wp-content\/uploads\/2025\/05\/Point-lecture-hebdo-2025-19.jpg?fit=1200%2C915&resize=350%2C200","width":350,"height":200,"srcset":"https:\/\/i0.wp.com\/www.jojoenherbe.com\/wp-content\/uploads\/2025\/05\/Point-lecture-hebdo-2025-19.jpg?fit=1200%2C915&resize=350%2C200 1x, https:\/\/i0.wp.com\/www.jojoenherbe.com\/wp-content\/uploads\/2025\/05\/Point-lecture-hebdo-2025-19.jpg?fit=1200%2C915&resize=525%2C300 1.5x, https:\/\/i0.wp.com\/www.jojoenherbe.com\/wp-content\/uploads\/2025\/05\/Point-lecture-hebdo-2025-19.jpg?fit=1200%2C915&resize=700%2C400 2x, https:\/\/i0.wp.com\/www.jojoenherbe.com\/wp-content\/uploads\/2025\/05\/Point-lecture-hebdo-2025-19.jpg?fit=1200%2C915&resize=1050%2C600 3x"},"classes":[]},{"id":39430,"url":"http:\/\/www.jojoenherbe.com\/index.php\/2025\/05\/26\/point-lecture-hebdomadaire-2025-21\/","url_meta":{"origin":39861,"position":5},"title":"Point lecture hebdomadaire 2025 #21","author":"Jojo","date":"26 mai 2025","format":false,"excerpt":"En ce d\u00e9but de semaine, voici mon point lecture hebdomadaire avec un retour sur nos lectures (mais pas nos relectures) de la semaine derni\u00e8re, ayant \u00e9galement regard\u00e9 l'anime du Pavillon des hommes. Nos lectures du 19 au 25 mai 2025: Des lectures jeunesse: Nous avons continu\u00e9 de lire jusqu'au chapitre\u2026","rel":"","context":"Dans &quot;Mini blogueur&quot;","block_context":{"text":"Mini blogueur","link":"http:\/\/www.jojoenherbe.com\/index.php\/category\/mini-blogueur\/"},"img":{"alt_text":"","src":"https:\/\/i0.wp.com\/www.jojoenherbe.com\/wp-content\/uploads\/2025\/05\/Point-lecture-hebdo-2025-21.jpg?fit=1200%2C939&resize=350%2C200","width":350,"height":200,"srcset":"https:\/\/i0.wp.com\/www.jojoenherbe.com\/wp-content\/uploads\/2025\/05\/Point-lecture-hebdo-2025-21.jpg?fit=1200%2C939&resize=350%2C200 1x, https:\/\/i0.wp.com\/www.jojoenherbe.com\/wp-content\/uploads\/2025\/05\/Point-lecture-hebdo-2025-21.jpg?fit=1200%2C939&resize=525%2C300 1.5x, https:\/\/i0.wp.com\/www.jojoenherbe.com\/wp-content\/uploads\/2025\/05\/Point-lecture-hebdo-2025-21.jpg?fit=1200%2C939&resize=700%2C400 2x, https:\/\/i0.wp.com\/www.jojoenherbe.com\/wp-content\/uploads\/2025\/05\/Point-lecture-hebdo-2025-21.jpg?fit=1200%2C939&resize=1050%2C600 3x"},"classes":[]}],"_links":{"self":[{"href":"http:\/\/www.jojoenherbe.com\/index.php\/wp-json\/wp\/v2\/posts\/39861","targetHints":{"allow":["GET"]}}],"collection":[{"href":"http:\/\/www.jojoenherbe.com\/index.php\/wp-json\/wp\/v2\/posts"}],"about":[{"href":"http:\/\/www.jojoenherbe.com\/index.php\/wp-json\/wp\/v2\/types\/post"}],"author":[{"embeddable":true,"href":"http:\/\/www.jojoenherbe.com\/index.php\/wp-json\/wp\/v2\/users\/1"}],"replies":[{"embeddable":true,"href":"http:\/\/www.jojoenherbe.com\/index.php\/wp-json\/wp\/v2\/comments?post=39861"}],"version-history":[{"count":15,"href":"http:\/\/www.jojoenherbe.com\/index.php\/wp-json\/wp\/v2\/posts\/39861\/revisions"}],"predecessor-version":[{"id":40123,"href":"http:\/\/www.jojoenherbe.com\/index.php\/wp-json\/wp\/v2\/posts\/39861\/revisions\/40123"}],"wp:featuredmedia":[{"embeddable":true,"href":"http:\/\/www.jojoenherbe.com\/index.php\/wp-json\/wp\/v2\/media\/39938"}],"wp:attachment":[{"href":"http:\/\/www.jojoenherbe.com\/index.php\/wp-json\/wp\/v2\/media?parent=39861"}],"wp:term":[{"taxonomy":"category","embeddable":true,"href":"http:\/\/www.jojoenherbe.com\/index.php\/wp-json\/wp\/v2\/categories?post=39861"},{"taxonomy":"post_tag","embeddable":true,"href":"http:\/\/www.jojoenherbe.com\/index.php\/wp-json\/wp\/v2\/tags?post=39861"}],"curies":[{"name":"wp","href":"https:\/\/api.w.org\/{rel}","templated":true}]}}