{"id":39707,"date":"2025-06-12T18:25:46","date_gmt":"2025-06-12T16:25:46","guid":{"rendered":"https:\/\/www.jojoenherbe.com\/?p=39707"},"modified":"2025-06-12T18:25:46","modified_gmt":"2025-06-12T16:25:46","slug":"throwback-thursday-livresque-titre-en-deux-mots","status":"publish","type":"post","link":"http:\/\/www.jojoenherbe.com\/index.php\/2025\/06\/12\/throwback-thursday-livresque-titre-en-deux-mots\/","title":{"rendered":"Throwback Thursday Livresque: Titre en deux mots"},"content":{"rendered":"<div id=\"attachment_32593\" style=\"width: 196px\" class=\"wp-caption alignleft\"><img data-recalc-dims=\"1\" loading=\"lazy\" decoding=\"async\" aria-describedby=\"caption-attachment-32593\" data-attachment-id=\"32593\" data-permalink=\"http:\/\/www.jojoenherbe.com\/index.php\/2023\/10\/12\/throwback-thursday-livresque-voyage-dans-le-temps\/ttl-logo\/\" data-orig-file=\"https:\/\/i0.wp.com\/www.jojoenherbe.com\/wp-content\/uploads\/2023\/10\/TTL-logo.jpg?fit=540%2C174\" data-orig-size=\"540,174\" data-comments-opened=\"1\" data-image-meta=\"{&quot;aperture&quot;:&quot;0&quot;,&quot;credit&quot;:&quot;&quot;,&quot;camera&quot;:&quot;&quot;,&quot;caption&quot;:&quot;&quot;,&quot;created_timestamp&quot;:&quot;0&quot;,&quot;copyright&quot;:&quot;&quot;,&quot;focal_length&quot;:&quot;0&quot;,&quot;iso&quot;:&quot;0&quot;,&quot;shutter_speed&quot;:&quot;0&quot;,&quot;title&quot;:&quot;&quot;,&quot;orientation&quot;:&quot;0&quot;}\" data-image-title=\"TTL logo\" data-image-description=\"\" data-image-caption=\"\" data-large-file=\"https:\/\/i0.wp.com\/www.jojoenherbe.com\/wp-content\/uploads\/2023\/10\/TTL-logo.jpg?fit=540%2C174\" class=\"wp-image-32593\" src=\"https:\/\/i0.wp.com\/www.jojoenherbe.com\/wp-content\/uploads\/2023\/10\/TTL-logo.jpg?resize=186%2C60\" alt=\"\" width=\"186\" height=\"60\" srcset=\"https:\/\/i0.wp.com\/www.jojoenherbe.com\/wp-content\/uploads\/2023\/10\/TTL-logo.jpg?w=540 540w, https:\/\/i0.wp.com\/www.jojoenherbe.com\/wp-content\/uploads\/2023\/10\/TTL-logo.jpg?resize=300%2C97 300w\" sizes=\"auto, (max-width: 186px) 100vw, 186px\" \/><p id=\"caption-attachment-32593\" class=\"wp-caption-text\">TTL n\u00b0319 chez <a href=\"https:\/\/my-bo0ks.over-blog.com\/2025\/06\/throwback-thursday-livresque-n-319.html\">Carole<\/a> #Titre en 2 mots<\/p><\/div>\n<p style=\"text-align: justify;\"><em>Ce jeudi 12 juin 2025, je participe au Throwback Thursday Livresque, un rendez-vous livresque initialement chez Bettie Rose Books et repris depuis par Carole, les liens \u00e9tant \u00e0 d\u00e9poser chez <a href=\"https:\/\/my-bo0ks.over-blog.com\/\">My-Bo0ks<\/a>. Le principe est de partager chaque jeudi un livre en fonction d\u2019un th\u00e8me donn\u00e9. Cette semaine, le th\u00e8me est \u00ab Titre en deux mots \u00bb.<\/em><\/p>\n<p style=\"text-align: justify;\"><em>Je n&rsquo;ai pas eu \u00e0 aller chercher bien loin au vu de mes derni\u00e8res lectures:<\/em><\/p>\n<ul>\n<li style=\"text-align: justify;\"><em><span style=\"text-decoration: underline; color: #0000ff;\"><a href=\"https:\/\/i0.wp.com\/www.jojoenherbe.com\/wp-content\/uploads\/2025\/06\/Lady-Susan-scaled.jpg\"><img data-recalc-dims=\"1\" loading=\"lazy\" decoding=\"async\" data-attachment-id=\"39695\" data-permalink=\"http:\/\/www.jojoenherbe.com\/index.php\/2025\/06\/01\/billet-de-suivi-le-mois-anglais-2025\/lady-susan\/\" data-orig-file=\"https:\/\/i0.wp.com\/www.jojoenherbe.com\/wp-content\/uploads\/2025\/06\/Lady-Susan-scaled.jpg?fit=2560%2C2287\" data-orig-size=\"2560,2287\" data-comments-opened=\"1\" data-image-meta=\"{&quot;aperture&quot;:&quot;1.8&quot;,&quot;credit&quot;:&quot;&quot;,&quot;camera&quot;:&quot;iPhone 7&quot;,&quot;caption&quot;:&quot;&quot;,&quot;created_timestamp&quot;:&quot;1749583806&quot;,&quot;copyright&quot;:&quot;&quot;,&quot;focal_length&quot;:&quot;3.99&quot;,&quot;iso&quot;:&quot;100&quot;,&quot;shutter_speed&quot;:&quot;0.2&quot;,&quot;title&quot;:&quot;&quot;,&quot;orientation&quot;:&quot;1&quot;}\" data-image-title=\"Lady Susan\" data-image-description=\"\" data-image-caption=\"\" data-large-file=\"https:\/\/i0.wp.com\/www.jojoenherbe.com\/wp-content\/uploads\/2025\/06\/Lady-Susan-scaled.jpg?fit=676%2C604\" class=\"size-thumbnail wp-image-39695 alignright\" src=\"https:\/\/i0.wp.com\/www.jojoenherbe.com\/wp-content\/uploads\/2025\/06\/Lady-Susan.jpg?resize=150%2C150\" alt=\"\" width=\"150\" height=\"150\" srcset=\"https:\/\/i0.wp.com\/www.jojoenherbe.com\/wp-content\/uploads\/2025\/06\/Lady-Susan-scaled.jpg?resize=150%2C150 150w, https:\/\/i0.wp.com\/www.jojoenherbe.com\/wp-content\/uploads\/2025\/06\/Lady-Susan-scaled.jpg?zoom=2&amp;resize=150%2C150 300w, https:\/\/i0.wp.com\/www.jojoenherbe.com\/wp-content\/uploads\/2025\/06\/Lady-Susan-scaled.jpg?zoom=3&amp;resize=150%2C150 450w\" sizes=\"auto, (max-width: 150px) 100vw, 150px\" \/><\/a>Lady Susan<\/span> de Jane Austen (\u00e9d. Gallimard, coll. Folio, \u00e9d. 2006, r\u00e9\u00e9d. f\u00e9vrier 2023, n\u00b04396, 128 pages), un court roman \u00e9pistolaire \u00e9crit vers 1794 et paru pour la premi\u00e8re fois en 1871 avec une veuve intrigante et s\u00e9ductrice, Lady Susan qui entend bien marier son unique fille, Fed\u00e9rica, \u00e2g\u00e9e de 16 ans avec Sir Henry<\/em><\/li>\n<li style=\"text-align: justify;\"><em><a href=\"https:\/\/i0.wp.com\/www.jojoenherbe.com\/wp-content\/uploads\/2025\/06\/Silo-Origines-T2-scaled.jpg\"><img data-recalc-dims=\"1\" loading=\"lazy\" decoding=\"async\" data-attachment-id=\"39709\" data-permalink=\"http:\/\/www.jojoenherbe.com\/index.php\/2025\/06\/12\/throwback-thursday-livresque-titre-en-deux-mots\/silo-origines-t2\/\" data-orig-file=\"https:\/\/i0.wp.com\/www.jojoenherbe.com\/wp-content\/uploads\/2025\/06\/Silo-Origines-T2-scaled.jpg?fit=2560%2C2088\" data-orig-size=\"2560,2088\" data-comments-opened=\"1\" data-image-meta=\"{&quot;aperture&quot;:&quot;1.8&quot;,&quot;credit&quot;:&quot;&quot;,&quot;camera&quot;:&quot;iPhone 7&quot;,&quot;caption&quot;:&quot;&quot;,&quot;created_timestamp&quot;:&quot;1749742123&quot;,&quot;copyright&quot;:&quot;&quot;,&quot;focal_length&quot;:&quot;3.99&quot;,&quot;iso&quot;:&quot;100&quot;,&quot;shutter_speed&quot;:&quot;0.2&quot;,&quot;title&quot;:&quot;&quot;,&quot;orientation&quot;:&quot;1&quot;}\" data-image-title=\"Silo, Origines T2\" data-image-description=\"\" data-image-caption=\"\" data-large-file=\"https:\/\/i0.wp.com\/www.jojoenherbe.com\/wp-content\/uploads\/2025\/06\/Silo-Origines-T2-scaled.jpg?fit=676%2C551\" class=\"alignleft size-thumbnail wp-image-39709\" src=\"https:\/\/i0.wp.com\/www.jojoenherbe.com\/wp-content\/uploads\/2025\/06\/Silo-Origines-T2.jpg?resize=150%2C150\" alt=\"\" width=\"150\" height=\"150\" srcset=\"https:\/\/i0.wp.com\/www.jojoenherbe.com\/wp-content\/uploads\/2025\/06\/Silo-Origines-T2-scaled.jpg?resize=150%2C150 150w, https:\/\/i0.wp.com\/www.jojoenherbe.com\/wp-content\/uploads\/2025\/06\/Silo-Origines-T2-scaled.jpg?zoom=2&amp;resize=150%2C150 300w, https:\/\/i0.wp.com\/www.jojoenherbe.com\/wp-content\/uploads\/2025\/06\/Silo-Origines-T2-scaled.jpg?zoom=3&amp;resize=150%2C150 450w\" sizes=\"auto, (max-width: 150px) 100vw, 150px\" \/><\/a>le tome 2 de la trilogie <span style=\"text-decoration: underline;\"><span style=\"color: #0000ff; text-decoration: underline;\">Silo, Origines<\/span><\/span> de Hugh Howey (\u00e9d. Actes Sud, mai 2014, 576 pages), un roman revenant sur les origines du projet des silos d\u00e9but\u00e9 en 2049, dans l\u2019\u00c9tat de G\u00e9orgie aux \u00c9tats-Unis et dont le titre du tome 3 fonctionne et qui sera ma prochaine lecture, <span style=\"text-decoration: underline;\">Silo, G\u00e9n\u00e9rations<\/span><\/em><\/li>\n<\/ul>\n<p><em>Mais j&rsquo;ai \u00e9galement repris d&rsquo;anciennes lectures:<\/em><\/p>\n<ul>\n<li style=\"text-align: justify;\"><em><span style=\"text-decoration: underline; color: #0000ff;\"><a href=\"https:\/\/i0.wp.com\/www.jojoenherbe.com\/wp-content\/uploads\/2024\/03\/Balades-indiennes-3-scaled.jpg\"><img data-recalc-dims=\"1\" loading=\"lazy\" decoding=\"async\" data-attachment-id=\"35398\" data-permalink=\"http:\/\/www.jojoenherbe.com\/index.php\/2024\/03\/18\/point-lecture-hebdomadaire-2024-11\/balades-indiennes-3\/\" data-orig-file=\"https:\/\/i0.wp.com\/www.jojoenherbe.com\/wp-content\/uploads\/2024\/03\/Balades-indiennes-3-scaled.jpg?fit=2560%2C1890\" data-orig-size=\"2560,1890\" data-comments-opened=\"1\" data-image-meta=\"{&quot;aperture&quot;:&quot;1.8&quot;,&quot;credit&quot;:&quot;&quot;,&quot;camera&quot;:&quot;iPhone 7&quot;,&quot;caption&quot;:&quot;&quot;,&quot;created_timestamp&quot;:&quot;1711559182&quot;,&quot;copyright&quot;:&quot;&quot;,&quot;focal_length&quot;:&quot;3.99&quot;,&quot;iso&quot;:&quot;100&quot;,&quot;shutter_speed&quot;:&quot;0.16666666666667&quot;,&quot;title&quot;:&quot;&quot;,&quot;orientation&quot;:&quot;1&quot;}\" data-image-title=\"Balades indiennes (3)\" data-image-description=\"\" data-image-caption=\"\" data-large-file=\"https:\/\/i0.wp.com\/www.jojoenherbe.com\/wp-content\/uploads\/2024\/03\/Balades-indiennes-3-scaled.jpg?fit=676%2C499\" class=\"size-thumbnail wp-image-35398 alignright\" src=\"https:\/\/i0.wp.com\/www.jojoenherbe.com\/wp-content\/uploads\/2024\/03\/Balades-indiennes-3.jpg?resize=150%2C150\" alt=\"\" width=\"150\" height=\"150\" srcset=\"https:\/\/i0.wp.com\/www.jojoenherbe.com\/wp-content\/uploads\/2024\/03\/Balades-indiennes-3-scaled.jpg?resize=150%2C150 150w, https:\/\/i0.wp.com\/www.jojoenherbe.com\/wp-content\/uploads\/2024\/03\/Balades-indiennes-3-scaled.jpg?zoom=2&amp;resize=150%2C150 300w, https:\/\/i0.wp.com\/www.jojoenherbe.com\/wp-content\/uploads\/2024\/03\/Balades-indiennes-3-scaled.jpg?zoom=3&amp;resize=150%2C150 450w\" sizes=\"auto, (max-width: 150px) 100vw, 150px\" \/><\/a>Balades indiennes<\/span> de Chitra Benerjee Divakaruni, Anita Nair et Bulbul Sharma (\u00e9d. France Loisirs, ao\u00fbt 2004, 173 pages), un <a href=\"https:\/\/www.jojoenherbe.com\/index.php\/2024\/03\/27\/au-fil-des-pages-avec-balades-indiennes\/\">recueil de 4 nouvelles<\/a> avec l\u2019histoire de femmes qui sont \u00e0 un tournant de leur vie et rempli de passages gourmands avec la cuisine indienne<\/em><\/li>\n<li style=\"text-align: justify;\"><em><span style=\"text-decoration: underline; color: #0000ff;\"><a href=\"https:\/\/i0.wp.com\/www.jojoenherbe.com\/wp-content\/uploads\/2024\/02\/Petit-bonheur-scaled.jpg\"><img data-recalc-dims=\"1\" loading=\"lazy\" decoding=\"async\" data-attachment-id=\"34938\" data-permalink=\"http:\/\/www.jojoenherbe.com\/index.php\/2024\/02\/27\/point-lecture-hebdomadaire-2024-8\/petit-bonheur\/\" data-orig-file=\"https:\/\/i0.wp.com\/www.jojoenherbe.com\/wp-content\/uploads\/2024\/02\/Petit-bonheur-scaled.jpg?fit=2560%2C1907\" data-orig-size=\"2560,1907\" data-comments-opened=\"1\" data-image-meta=\"{&quot;aperture&quot;:&quot;1.8&quot;,&quot;credit&quot;:&quot;&quot;,&quot;camera&quot;:&quot;iPhone 7&quot;,&quot;caption&quot;:&quot;&quot;,&quot;created_timestamp&quot;:&quot;1708972068&quot;,&quot;copyright&quot;:&quot;&quot;,&quot;focal_length&quot;:&quot;3.99&quot;,&quot;iso&quot;:&quot;100&quot;,&quot;shutter_speed&quot;:&quot;0.2&quot;,&quot;title&quot;:&quot;&quot;,&quot;orientation&quot;:&quot;1&quot;}\" data-image-title=\"Petit bonheur\" data-image-description=\"\" data-image-caption=\"\" data-large-file=\"https:\/\/i0.wp.com\/www.jojoenherbe.com\/wp-content\/uploads\/2024\/02\/Petit-bonheur-scaled.jpg?fit=676%2C504\" class=\"alignleft size-thumbnail wp-image-34938\" src=\"https:\/\/i0.wp.com\/www.jojoenherbe.com\/wp-content\/uploads\/2024\/02\/Petit-bonheur.jpg?resize=150%2C150\" alt=\"\" width=\"150\" height=\"150\" srcset=\"https:\/\/i0.wp.com\/www.jojoenherbe.com\/wp-content\/uploads\/2024\/02\/Petit-bonheur-scaled.jpg?resize=150%2C150 150w, https:\/\/i0.wp.com\/www.jojoenherbe.com\/wp-content\/uploads\/2024\/02\/Petit-bonheur-scaled.jpg?zoom=2&amp;resize=150%2C150 300w, https:\/\/i0.wp.com\/www.jojoenherbe.com\/wp-content\/uploads\/2024\/02\/Petit-bonheur-scaled.jpg?zoom=3&amp;resize=150%2C150 450w\" sizes=\"auto, (max-width: 150px) 100vw, 150px\" \/><\/a>Petit Bonheur<\/span> de Yue Zhang (\u00e9d. L\u2019\u00e9cole des Loisirs, janvier 2024, 52 pages), un <a href=\"https:\/\/www.jojoenherbe.com\/index.php\/2024\/03\/19\/au-fil-des-pages-avec-petit-bonheur\/\">album jeunesse<\/a> joliment illustr\u00e9 et \u00e0 partir de 3\/4 ans avec l&rsquo;histoire d&rsquo;un petit bonheur, qui apr\u00e8s s&rsquo;\u00eatre endormi, n&rsquo;a pas re\u00e7u de magie de la part de la F\u00e9e de la Lune, la veille du Nouvel An Chinois<\/em><\/li>\n<li style=\"text-align: justify;\"><em><span style=\"text-decoration: underline; color: #0000ff;\"><a href=\"https:\/\/i0.wp.com\/www.jojoenherbe.com\/wp-content\/uploads\/2022\/05\/Malgre-tout-scaled.jpg\"><img data-recalc-dims=\"1\" loading=\"lazy\" decoding=\"async\" data-attachment-id=\"25682\" data-permalink=\"http:\/\/www.jojoenherbe.com\/index.php\/2022\/05\/23\/point-lecture-hebdomadaire-42\/malgre-tout\/\" data-orig-file=\"https:\/\/i0.wp.com\/www.jojoenherbe.com\/wp-content\/uploads\/2022\/05\/Malgre-tout-scaled.jpg?fit=2560%2C1939\" data-orig-size=\"2560,1939\" data-comments-opened=\"1\" data-image-meta=\"{&quot;aperture&quot;:&quot;1.8&quot;,&quot;credit&quot;:&quot;&quot;,&quot;camera&quot;:&quot;iPhone 7&quot;,&quot;caption&quot;:&quot;&quot;,&quot;created_timestamp&quot;:&quot;1653414047&quot;,&quot;copyright&quot;:&quot;&quot;,&quot;focal_length&quot;:&quot;3.99&quot;,&quot;iso&quot;:&quot;100&quot;,&quot;shutter_speed&quot;:&quot;0.071428571428571&quot;,&quot;title&quot;:&quot;&quot;,&quot;orientation&quot;:&quot;1&quot;}\" data-image-title=\"Malgr\u00e9 tout\" data-image-description=\"\" data-image-caption=\"\" data-large-file=\"https:\/\/i0.wp.com\/www.jojoenherbe.com\/wp-content\/uploads\/2022\/05\/Malgre-tout-scaled.jpg?fit=676%2C512\" class=\"size-thumbnail wp-image-25682 alignright\" src=\"https:\/\/i0.wp.com\/www.jojoenherbe.com\/wp-content\/uploads\/2022\/05\/Malgre-tout.jpg?resize=150%2C150\" alt=\"\" width=\"150\" height=\"150\" srcset=\"https:\/\/i0.wp.com\/www.jojoenherbe.com\/wp-content\/uploads\/2022\/05\/Malgre-tout-scaled.jpg?resize=150%2C150 150w, https:\/\/i0.wp.com\/www.jojoenherbe.com\/wp-content\/uploads\/2022\/05\/Malgre-tout-scaled.jpg?zoom=2&amp;resize=150%2C150 300w, https:\/\/i0.wp.com\/www.jojoenherbe.com\/wp-content\/uploads\/2022\/05\/Malgre-tout-scaled.jpg?zoom=3&amp;resize=150%2C150 450w\" sizes=\"auto, (max-width: 150px) 100vw, 150px\" \/><\/a>Malgr\u00e9 tout<\/span> de Jordi Lafebre (\u00e9d. Dargaud, septembre 2020, 152 pages), un <a href=\"https:\/\/www.jojoenherbe.com\/index.php\/2024\/02\/14\/au-fil-des-pages-avec-malgre-tout\/\">roman graphique<\/a> avec l\u2019histoire d\u2019un amour \u00e0 rebours entre Ana et Zeno, d\u00e9sormais sexag\u00e9naires, l\u2019auteur partant du chapitre 20 au chapitre 1 et qui m&rsquo;avait bien plu tant graphiquement que leur romance<\/em><\/li>\n<li style=\"text-align: justify;\"><em><span style=\"text-decoration: underline; color: #0000ff;\"><a href=\"https:\/\/i0.wp.com\/www.jojoenherbe.com\/wp-content\/uploads\/2020\/03\/Premiers-printemps-scaled.jpg\"><img data-recalc-dims=\"1\" loading=\"lazy\" decoding=\"async\" data-attachment-id=\"10575\" data-permalink=\"http:\/\/www.jojoenherbe.com\/index.php\/2020\/03\/25\/au-fil-des-pages-avec-premiers-printemps\/premiers-printemps\/\" data-orig-file=\"https:\/\/i0.wp.com\/www.jojoenherbe.com\/wp-content\/uploads\/2020\/03\/Premiers-printemps-scaled.jpg?fit=2560%2C1888\" data-orig-size=\"2560,1888\" data-comments-opened=\"1\" data-image-meta=\"{&quot;aperture&quot;:&quot;2.4&quot;,&quot;credit&quot;:&quot;&quot;,&quot;camera&quot;:&quot;iPhone 4S&quot;,&quot;caption&quot;:&quot;&quot;,&quot;created_timestamp&quot;:&quot;1568716731&quot;,&quot;copyright&quot;:&quot;&quot;,&quot;focal_length&quot;:&quot;4.28&quot;,&quot;iso&quot;:&quot;400&quot;,&quot;shutter_speed&quot;:&quot;0.05&quot;,&quot;title&quot;:&quot;&quot;,&quot;orientation&quot;:&quot;1&quot;}\" data-image-title=\"Premiers printemps\" data-image-description=\"\" data-image-caption=\"\" data-large-file=\"https:\/\/i0.wp.com\/www.jojoenherbe.com\/wp-content\/uploads\/2020\/03\/Premiers-printemps-scaled.jpg?fit=676%2C498\" class=\"alignleft size-thumbnail wp-image-10575\" src=\"https:\/\/i0.wp.com\/www.jojoenherbe.com\/wp-content\/uploads\/2020\/03\/Premiers-printemps.jpg?resize=150%2C150\" alt=\"\" width=\"150\" height=\"150\" srcset=\"https:\/\/i0.wp.com\/www.jojoenherbe.com\/wp-content\/uploads\/2020\/03\/Premiers-printemps-scaled.jpg?resize=150%2C150 150w, https:\/\/i0.wp.com\/www.jojoenherbe.com\/wp-content\/uploads\/2020\/03\/Premiers-printemps-scaled.jpg?zoom=2&amp;resize=150%2C150 300w, https:\/\/i0.wp.com\/www.jojoenherbe.com\/wp-content\/uploads\/2020\/03\/Premiers-printemps-scaled.jpg?zoom=3&amp;resize=150%2C150 450w\" sizes=\"auto, (max-width: 150px) 100vw, 150px\" \/><\/a>Premiers printemps<\/span> d\u2019Anne Crausaz (\u00e9d. MeMo, avril 2010, 44 pages), un <a href=\"https:\/\/www.jojoenherbe.com\/index.php\/2020\/03\/25\/au-fil-des-pages-avec-premiers-printemps\/\">album jeunesse<\/a> joliment illustr\u00e9 et \u00e0 partir de 3 ans dans lequel nous suivons une petite fille sur une ann\u00e9e, d\u2019un printemps \u00e0 un autre et qui d\u00e9couvre les saisons \u00e0 travers ses cinq sens<\/em><\/li>\n<\/ul>\n<p style=\"text-align: justify;\"><em>J&rsquo;aurai encore pu continuer longtemps \u00e0 \u00e9num\u00e9rer d&rsquo;autres livres, tant le th\u00e8me de cette semaine \u00e9tait vaste et permettait de choix, comme par exemple encore <a href=\"https:\/\/www.jojoenherbe.com\/index.php\/2025\/04\/11\/au-fil-des-pages-avec-nos-armes\/\"><span style=\"text-decoration: underline;\">Nos armes<\/span><\/a>, <a href=\"https:\/\/www.jojoenherbe.com\/index.php\/2024\/04\/12\/au-fil-des-pages-avec-radium-girls\/\"><span style=\"text-decoration: underline;\">Radium Girls<\/span><\/a>, <a href=\"https:\/\/www.jojoenherbe.com\/index.php\/2024\/12\/28\/au-fil-des-pages-avec-christmas-therapy\/\"><span style=\"text-decoration: underline;\">Christmas Therapy<\/span><\/a>, <a href=\"https:\/\/www.jojoenherbe.com\/index.php\/2025\/03\/29\/au-fil-des-pages-avec-poussiere-blonde\/\"><span style=\"text-decoration: underline;\">Poussi\u00e8re Blonde<\/span><\/a> ou <a href=\"https:\/\/www.jojoenherbe.com\/index.php\/2025\/05\/08\/au-fil-des-pages-avec-soleil-vert\/\"><span style=\"text-decoration: underline;\">Soleil Vert<\/span><\/a> mais que j&rsquo;ai d\u00e9j\u00e0 mentionn\u00e9 pour d&rsquo;autres TTL r\u00e9cents.<\/em><\/p>\n<p style=\"text-align: justify;\"><em>Et vous, quel livre auriez-vous choisi pour cette th\u00e9matique? La semaine prochaine, le th\u00e8me sera: \u00ab Un personnage qui d\u00e9passe ses limites \u00bb.<\/em><\/p>\n\n\n<p><\/p>\n","protected":false},"excerpt":{"rendered":"<p>Ce jeudi 12 juin 2025, je participe au Throwback Thursday Livresque, un rendez-vous livresque initialement chez Bettie Rose Books et repris depuis par Carole, les liens \u00e9tant \u00e0 d\u00e9poser chez My-Bo0ks. Le principe est de partager chaque jeudi un livre en fonction d\u2019un th\u00e8me donn\u00e9. Cette semaine, le th\u00e8me est \u00ab Titre en deux mots [&hellip;]<\/p>\n","protected":false},"author":1,"featured_media":32593,"comment_status":"open","ping_status":"open","sticky":false,"template":"","format":"standard","meta":{"jetpack_post_was_ever_published":false,"_jetpack_newsletter_access":"","_jetpack_dont_email_post_to_subs":false,"_jetpack_newsletter_tier_id":0,"_jetpack_memberships_contains_paywalled_content":false,"_jetpack_memberships_contains_paid_content":false,"footnotes":""},"categories":[2140,873,363],"tags":[3664,1398,4199,2016,4198,4599,3734,3196,3868,4189],"class_list":["post-39707","post","type-post","status-publish","format-standard","has-post-thumbnail","hentry","category-mini-blogueur","category-mini-challenger","category-mini-lecteur","tag-anita-nair","tag-anne-crausaz","tag-bulbul-sharma","tag-challenge-livresque","tag-chitra-benerjee-divakaruni","tag-hugh-howey","tag-jane-austen","tag-jordi-lafebre","tag-throwback-thursday-livresque","tag-yue-zhang","post-preview"],"jetpack_featured_media_url":"https:\/\/i0.wp.com\/www.jojoenherbe.com\/wp-content\/uploads\/2023\/10\/TTL-logo.jpg?fit=540%2C174","jetpack_sharing_enabled":true,"jetpack_shortlink":"https:\/\/wp.me\/p9zhGx-akr","jetpack_likes_enabled":true,"jetpack-related-posts":[{"id":43427,"url":"http:\/\/www.jojoenherbe.com\/index.php\/2026\/03\/26\/throwback-thursday-livresque-un-titre-en-3-mots\/","url_meta":{"origin":39707,"position":0},"title":"Throwback Thursday Livresque: Un titre en 3 mots","author":"Jojo","date":"26 mars 2026","format":false,"excerpt":"Ce jeudi 26 mars 2026, je participe au Throwback Thursday Livresque, un rendez-vous livresque initialement chez Bettie Rose Books et repris depuis par Carole, les liens \u00e9tant \u00e0 d\u00e9poser chez My-Bo0ks. Le principe est de partager chaque jeudi un livre \"ancien\" de notre biblioth\u00e8que en fonction d\u2019un th\u00e8me donn\u00e9. Cette\u2026","rel":"","context":"Dans &quot;Mini blogueur&quot;","block_context":{"text":"Mini blogueur","link":"http:\/\/www.jojoenherbe.com\/index.php\/category\/mini-blogueur\/"},"img":{"alt_text":"","src":"https:\/\/i0.wp.com\/www.jojoenherbe.com\/wp-content\/uploads\/2023\/10\/TTL-logo.jpg?resize=350%2C200","width":350,"height":200},"classes":[]},{"id":38151,"url":"http:\/\/www.jojoenherbe.com\/index.php\/2025\/01\/23\/throwback-thursday-livresque-titre-de-4-mots\/","url_meta":{"origin":39707,"position":1},"title":"Throwback Thursday Livresque: Titre de 4 mots","author":"Jojo","date":"23 janvier 2025","format":false,"excerpt":"Ce jeudi 23 janvier 2025, je participe au Throwback Thursday Livresque, un rendez-vous livresque initialement chez Bettie Rose Books et repris depuis par Carole, les liens \u00e9tant \u00e0 d\u00e9poser chez My-Bo0ks. Le principe est de partager chaque jeudi un livre en fonction d\u2019un th\u00e8me donn\u00e9. Cette semaine, le th\u00e8me est\u2026","rel":"","context":"Dans &quot;Mini blogueur&quot;","block_context":{"text":"Mini blogueur","link":"http:\/\/www.jojoenherbe.com\/index.php\/category\/mini-blogueur\/"},"img":{"alt_text":"","src":"https:\/\/i0.wp.com\/www.jojoenherbe.com\/wp-content\/uploads\/2023\/10\/TTL-logo.jpg?resize=350%2C200","width":350,"height":200},"classes":[]},{"id":41013,"url":"http:\/\/www.jojoenherbe.com\/index.php\/2025\/10\/23\/throwback-thursday-livresque-squelette-sur-la-couverture\/","url_meta":{"origin":39707,"position":2},"title":"Throwback Thursday Livresque: Squelette sur la couverture","author":"Jojo","date":"23 octobre 2025","format":false,"excerpt":"Ce jeudi 23 octobre 2025, je participe au Throwback Thursday Livresque, un rendez-vous livresque initialement chez Bettie Rose Books et repris depuis par Carole, les liens \u00e9tant \u00e0 d\u00e9poser chez My-Bo0ks. Le principe est de partager chaque jeudi un livre en fonction d\u2019un th\u00e8me donn\u00e9. Cette semaine, le th\u00e8me est\u2026","rel":"","context":"Dans &quot;Mini blogueur&quot;","block_context":{"text":"Mini blogueur","link":"http:\/\/www.jojoenherbe.com\/index.php\/category\/mini-blogueur\/"},"img":{"alt_text":"","src":"https:\/\/i0.wp.com\/www.jojoenherbe.com\/wp-content\/uploads\/2023\/10\/TTL-logo.jpg?resize=350%2C200","width":350,"height":200},"classes":[]},{"id":39619,"url":"http:\/\/www.jojoenherbe.com\/index.php\/2025\/06\/05\/throwback-thursday-livresque-friends-to-lovers\/","url_meta":{"origin":39707,"position":3},"title":"Throwback Thursday Livresque: Friends-to-lovers","author":"Jojo","date":"5 juin 2025","format":false,"excerpt":"Ce jeudi 5 juin 2025, je participe au Throwback Thursday Livresque, un rendez-vous livresque initialement chez Bettie Rose Books et repris depuis par Carole, les liens \u00e9tant \u00e0 d\u00e9poser chez My-Bo0ks. Le principe est de partager chaque jeudi un livre en fonction d\u2019un th\u00e8me donn\u00e9. Cette semaine, le th\u00e8me est\u2026","rel":"","context":"Dans &quot;Mini blogueur&quot;","block_context":{"text":"Mini blogueur","link":"http:\/\/www.jojoenherbe.com\/index.php\/category\/mini-blogueur\/"},"img":{"alt_text":"","src":"https:\/\/i0.wp.com\/www.jojoenherbe.com\/wp-content\/uploads\/2023\/10\/TTL-logo.jpg?resize=350%2C200","width":350,"height":200},"classes":[]},{"id":39257,"url":"http:\/\/www.jojoenherbe.com\/index.php\/2025\/05\/01\/throwback-thursday-livresque-un-livre-dont-le-titre-comporte-le-mot-soleil\/","url_meta":{"origin":39707,"position":4},"title":"Throwback Thursday Livresque: Un livre dont le titre comporte le mot \u00ab\u00a0soleil\u00a0\u00bb","author":"Jojo","date":"1 mai 2025","format":false,"excerpt":"Ce jeudi1er mai 2025, je participe au Throwback Thursday Livresque, un rendez-vous livresque initialement chez Bettie Rose Books et repris depuis par Carole, les liens \u00e9tant \u00e0 d\u00e9poser chez My-Bo0ks. Le principe est de partager chaque jeudi un livre en fonction d\u2019un th\u00e8me donn\u00e9. Cette semaine, le th\u00e8me est \u00ab\u2026","rel":"","context":"Dans &quot;Mini blogueur&quot;","block_context":{"text":"Mini blogueur","link":"http:\/\/www.jojoenherbe.com\/index.php\/category\/mini-blogueur\/"},"img":{"alt_text":"","src":"https:\/\/i0.wp.com\/www.jojoenherbe.com\/wp-content\/uploads\/2023\/10\/TTL-logo.jpg?resize=350%2C200","width":350,"height":200},"classes":[]},{"id":42761,"url":"http:\/\/www.jojoenherbe.com\/index.php\/2026\/02\/12\/throwback-thursday-livresque-des-coeurs-sur-la-couverture\/","url_meta":{"origin":39707,"position":5},"title":"Throwback Thursday Livresque: Des c\u0153urs sur la couverture","author":"Jojo","date":"12 f\u00e9vrier 2026","format":false,"excerpt":"Ce jeudi 12 f\u00e9vrier 2026, je participe au Throwback Thursday Livresque, un rendez-vous livresque initialement chez Bettie Rose Books et repris depuis par Carole, les liens \u00e9tant \u00e0 d\u00e9poser chez My-Bo0ks. Le principe est de partager chaque jeudi un livre \"ancien\" de notre biblioth\u00e8que en fonction d\u2019un th\u00e8me donn\u00e9. Cette\u2026","rel":"","context":"Dans &quot;Mini blogueur&quot;","block_context":{"text":"Mini blogueur","link":"http:\/\/www.jojoenherbe.com\/index.php\/category\/mini-blogueur\/"},"img":{"alt_text":"","src":"https:\/\/i0.wp.com\/www.jojoenherbe.com\/wp-content\/uploads\/2023\/10\/TTL-logo.jpg?resize=350%2C200","width":350,"height":200},"classes":[]}],"_links":{"self":[{"href":"http:\/\/www.jojoenherbe.com\/index.php\/wp-json\/wp\/v2\/posts\/39707","targetHints":{"allow":["GET"]}}],"collection":[{"href":"http:\/\/www.jojoenherbe.com\/index.php\/wp-json\/wp\/v2\/posts"}],"about":[{"href":"http:\/\/www.jojoenherbe.com\/index.php\/wp-json\/wp\/v2\/types\/post"}],"author":[{"embeddable":true,"href":"http:\/\/www.jojoenherbe.com\/index.php\/wp-json\/wp\/v2\/users\/1"}],"replies":[{"embeddable":true,"href":"http:\/\/www.jojoenherbe.com\/index.php\/wp-json\/wp\/v2\/comments?post=39707"}],"version-history":[{"count":11,"href":"http:\/\/www.jojoenherbe.com\/index.php\/wp-json\/wp\/v2\/posts\/39707\/revisions"}],"predecessor-version":[{"id":39720,"href":"http:\/\/www.jojoenherbe.com\/index.php\/wp-json\/wp\/v2\/posts\/39707\/revisions\/39720"}],"wp:featuredmedia":[{"embeddable":true,"href":"http:\/\/www.jojoenherbe.com\/index.php\/wp-json\/wp\/v2\/media\/32593"}],"wp:attachment":[{"href":"http:\/\/www.jojoenherbe.com\/index.php\/wp-json\/wp\/v2\/media?parent=39707"}],"wp:term":[{"taxonomy":"category","embeddable":true,"href":"http:\/\/www.jojoenherbe.com\/index.php\/wp-json\/wp\/v2\/categories?post=39707"},{"taxonomy":"post_tag","embeddable":true,"href":"http:\/\/www.jojoenherbe.com\/index.php\/wp-json\/wp\/v2\/tags?post=39707"}],"curies":[{"name":"wp","href":"https:\/\/api.w.org\/{rel}","templated":true}]}}