{"id":39486,"date":"2025-05-23T08:17:54","date_gmt":"2025-05-23T06:17:54","guid":{"rendered":"https:\/\/www.jojoenherbe.com\/?p=39486"},"modified":"2025-05-25T10:37:34","modified_gmt":"2025-05-25T08:37:34","slug":"au-fil-des-pages-avec-la-mort-en-face","status":"publish","type":"post","link":"http:\/\/www.jojoenherbe.com\/index.php\/2025\/05\/23\/au-fil-des-pages-avec-la-mort-en-face\/","title":{"rendered":"Au fil des pages avec La mort en face"},"content":{"rendered":"<p style=\"text-align: justify;\"><em>J&rsquo;ai lu, en e-book, <span style=\"text-decoration: underline;\">La mort en face<\/span> d\u2019Antonio Lanzetta (\u00e9d. Mera Editions, novembre 2024, 262 pages), un roman policier contemporain avec une touche de paranormal se d\u00e9roulant \u00e0 Salerne et sous-titr\u00e9 \u00ab\u00a0La folie cache parfois de sombres v\u00e9rit\u00e9s\u00a0\u00bb, pour une lecture commune facultative propos\u00e9e par Eimelle dans le cadre d\u2019Un mois en Italie 2025. Le corps sans vie d&rsquo;Elena, une \u00e9tudiante de 19 ans, est retrouv\u00e9e sur une plage de Salerne. Le commissaire Massimo Trotta est charg\u00e9 de l&rsquo;enqu\u00eate. Il fait appel \u00e0 Lidia Basso, psychologue, professeure de psychologie \u00e0 l&rsquo;universit\u00e9 et consultante aupr\u00e8s de la police. Les deux se consid\u00e8rent comme fr\u00e8re et s\u0153ur depuis qu&rsquo;ils ont \u00e9t\u00e9 confi\u00e9s enfants \u00e0 la m\u00eame famille d&rsquo;accueil. Leur enqu\u00eate les conduit aupr\u00e8s d&rsquo;un adolescent de 17 ans, Matteo, plac\u00e9 dans un \u00e9tablissement p\u00e9dopsychiatrique depuis 10 ans, apr\u00e8s avoir surv\u00e9cu \u00e0 la \u00ab\u00a0ferme de l&rsquo;horreur\u00a0\u00bb et qui dessine, depuis le soir du meurtre, la jeune femme assassin\u00e9e. Les deux affaires seraient-elles li\u00e9es?<br \/><\/em><\/p>\n<p style=\"text-align: justify;\"><em>Je ne m&rsquo;attendais pas \u00e0 l&rsquo;aspect paranormal de l&rsquo;enqu\u00eate qui appara\u00eet pourtant d\u00e8s le premier chapitre et qui m&rsquo;a fait penser \u00e0 un m\u00e9lange entre <span style=\"text-decoration: underline;\">Sixi\u00e8me Sens<\/span> et <span style=\"text-decoration: underline;\">Le Silence des Agneaux<\/span>. Le roman alterne les points de vue entre le gar\u00e7on (r\u00e9alit\u00e9 ou cauchemars?) et Lidia. Les courts chapitres addictifs s&rsquo;encha\u00eenent, nous plongeant dans le pass\u00e9 sombre, violent, douloureux et traumatique de chacun des protagonistes.\u00a0 <\/em><em>Il y est ainsi question de maladies mentales, de violences intrafamiliales, de r\u00e9silience, de maltraitance&#8230; Un bon moment de lecture dans l&rsquo;ensemble sous fond de parapsychologie m\u00eame si j&rsquo;ai trouv\u00e9 que la fin ouverte ne r\u00e9pondait pas \u00e0 toutes les questions laiss\u00e9es en suspens et \u00e9tait un peu pr\u00e9cipit\u00e9e! Peut-\u00eatre le d\u00e9but d&rsquo;une nouvelle s\u00e9rie polici\u00e8re avec ce duo d&rsquo;enqu\u00eateurs.<\/em><\/p>\n<p><em>Pour d&rsquo;autres avis sur ce roman policier: <a href=\"https:\/\/toursetculture.com\/2025\/05\/23\/la-mort-en-face-antonio-lanzetta\/\">Eimelle<\/a>.<\/em><\/p>\n<div id=\"attachment_39282\" style=\"width: 98px\" class=\"wp-caption alignleft\"><img data-recalc-dims=\"1\" loading=\"lazy\" decoding=\"async\" aria-describedby=\"caption-attachment-39282\" data-attachment-id=\"39282\" data-permalink=\"http:\/\/www.jojoenherbe.com\/index.php\/2025\/05\/05\/billet-de-suivi-le-mois-italien-2025\/challenge-italie-logo\/\" data-orig-file=\"https:\/\/i0.wp.com\/www.jojoenherbe.com\/wp-content\/uploads\/2025\/05\/Challenge-Italie-logo.jpg?fit=564%2C654\" data-orig-size=\"564,654\" data-comments-opened=\"1\" data-image-meta=\"{&quot;aperture&quot;:&quot;0&quot;,&quot;credit&quot;:&quot;&quot;,&quot;camera&quot;:&quot;&quot;,&quot;caption&quot;:&quot;&quot;,&quot;created_timestamp&quot;:&quot;1745066562&quot;,&quot;copyright&quot;:&quot;&quot;,&quot;focal_length&quot;:&quot;0&quot;,&quot;iso&quot;:&quot;0&quot;,&quot;shutter_speed&quot;:&quot;0&quot;,&quot;title&quot;:&quot;&quot;,&quot;orientation&quot;:&quot;1&quot;}\" data-image-title=\"Challenge Italie &amp;#8211; logo\" data-image-description=\"\" data-image-caption=\"\" data-large-file=\"https:\/\/i0.wp.com\/www.jojoenherbe.com\/wp-content\/uploads\/2025\/05\/Challenge-Italie-logo.jpg?fit=564%2C654\" class=\"wp-image-39282\" src=\"https:\/\/i0.wp.com\/www.jojoenherbe.com\/wp-content\/uploads\/2025\/05\/Challenge-Italie-logo.jpg?resize=88%2C102\" alt=\"\" width=\"88\" height=\"102\" srcset=\"https:\/\/i0.wp.com\/www.jojoenherbe.com\/wp-content\/uploads\/2025\/05\/Challenge-Italie-logo.jpg?w=564 564w, https:\/\/i0.wp.com\/www.jojoenherbe.com\/wp-content\/uploads\/2025\/05\/Challenge-Italie-logo.jpg?resize=259%2C300 259w\" sizes=\"auto, (max-width: 88px) 100vw, 88px\" \/><p id=\"caption-attachment-39282\" class=\"wp-caption-text\">Participation #4 Le Mois Italien 2025 d&rsquo;Eimelle #LC<\/p><\/div>\n<div id=\"attachment_19954\" style=\"width: 111px\" class=\"wp-caption alignleft\"><img loading=\"lazy\" decoding=\"async\" aria-describedby=\"caption-attachment-19954\" class=\"wp-image-19954\" src=\"https:\/\/i0.wp.com\/mapetitemediatheque.fr\/wp-content\/uploads\/2021\/11\/Inkedle-tour-du-monde-en-80-livres-2_LI.jpg?resize=116%2C87&amp;ssl=1\" sizes=\"auto, (max-width: 500px) 100vw, 500px\" srcset=\"https:\/\/i0.wp.com\/mapetitemediatheque.fr\/wp-content\/uploads\/2021\/11\/Inkedle-tour-du-monde-en-80-livres-2_LI.jpg?resize=116%2C87&amp;ssl=1 500w, https:\/\/mapetitemediatheque.fr\/wp-content\/uploads\/2021\/11\/Inkedle-tour-du-monde-en-80-livres-2_LI-300x226.jpg 300w, https:\/\/mapetitemediatheque.fr\/wp-content\/uploads\/2021\/11\/Inkedle-tour-du-monde-en-80-livres-2_LI-120x90.jpg 120w\" alt=\"\" width=\"101\" height=\"76\" aria-describedby=\"caption-attachment-19954\" \/><p id=\"caption-attachment-19954\" class=\"wp-caption-text\">Participation # (Parcours litt\u00e9raire) Challenge Le tour du monde en 80 livres 2025 de <a href=\"https:\/\/mapetitemediatheque.fr\/2025\/01\/le-tour-du-monde-en-80-livres-2025\/\">Bidib<\/a> #Italie<\/p><\/div>\n<div id=\"attachment_37823\" style=\"width: 109px\" class=\"wp-caption alignleft\"><img data-recalc-dims=\"1\" loading=\"lazy\" decoding=\"async\" aria-describedby=\"caption-attachment-37823\" data-attachment-id=\"37823\" data-permalink=\"http:\/\/www.jojoenherbe.com\/index.php\/2025\/01\/10\/mes-challenges-livresques-2025\/challenge-petit-bac-2025-denna-logo\/\" data-orig-file=\"https:\/\/i0.wp.com\/www.jojoenherbe.com\/wp-content\/uploads\/2024\/12\/Challenge-Petit-Bac-2025-dEnna-logo.jpg?fit=285%2C217\" data-orig-size=\"285,217\" data-comments-opened=\"1\" data-image-meta=\"{&quot;aperture&quot;:&quot;0&quot;,&quot;credit&quot;:&quot;&quot;,&quot;camera&quot;:&quot;&quot;,&quot;caption&quot;:&quot;&quot;,&quot;created_timestamp&quot;:&quot;1735738492&quot;,&quot;copyright&quot;:&quot;&quot;,&quot;focal_length&quot;:&quot;0&quot;,&quot;iso&quot;:&quot;0&quot;,&quot;shutter_speed&quot;:&quot;0&quot;,&quot;title&quot;:&quot;&quot;,&quot;orientation&quot;:&quot;0&quot;}\" data-image-title=\"Challenge Petit Bac 2025 d&amp;rsquo;Enna &amp;#8211; logo\" data-image-description=\"\" data-image-caption=\"\" data-large-file=\"https:\/\/i0.wp.com\/www.jojoenherbe.com\/wp-content\/uploads\/2024\/12\/Challenge-Petit-Bac-2025-dEnna-logo.jpg?fit=285%2C217\" class=\"wp-image-37823\" src=\"https:\/\/i0.wp.com\/www.jojoenherbe.com\/wp-content\/uploads\/2024\/12\/Challenge-Petit-Bac-2025-dEnna-logo.jpg?resize=99%2C75\" alt=\"\" width=\"99\" height=\"75\" \/><p id=\"caption-attachment-37823\" class=\"wp-caption-text\">Challenge Petit Bac d\u2019<em><a href=\"https:\/\/ennalit.wordpress.com\/2024\/12\/01\/challenge-petit-bac-2025-qui-veut-jouer\/\">Enna<\/a><\/em> #4 Cat\u00e9gorie Crimes et Justice: \u00ab Mort \u00bb<\/p><\/div>\n\n\n<p><\/p>\n","protected":false},"excerpt":{"rendered":"<p>J&rsquo;ai lu, en e-book, La mort en face d\u2019Antonio Lanzetta (\u00e9d. Mera Editions, novembre 2024, 262 pages), un roman policier contemporain avec une touche de paranormal se d\u00e9roulant \u00e0 Salerne et sous-titr\u00e9 \u00ab\u00a0La folie cache parfois de sombres v\u00e9rit\u00e9s\u00a0\u00bb, pour une lecture commune facultative propos\u00e9e par Eimelle dans le cadre d\u2019Un mois en Italie 2025. [&hellip;]<\/p>\n","protected":false},"author":1,"featured_media":39467,"comment_status":"open","ping_status":"open","sticky":false,"template":"","format":"standard","meta":{"jetpack_post_was_ever_published":false,"_jetpack_newsletter_access":"","_jetpack_dont_email_post_to_subs":false,"_jetpack_newsletter_tier_id":0,"_jetpack_memberships_contains_paywalled_content":false,"_jetpack_memberships_contains_paid_content":false,"footnotes":""},"categories":[363],"tags":[1347,2643,386,4388,4601,4423,3781,1779,459,2789,4604,4581,4425,2490,3342,3910,1171,1331,4408,4600,4602,2081,1329,905,4603,4098,2640,3085],"class_list":["post-39486","post","type-post","status-publish","format-standard","has-post-thumbnail","hentry","category-mini-lecteur","tag-18-ans-et-plus","tag-adultere","tag-amitie","tag-anorexie","tag-antonio-lanzetta","tag-challenge-petit-bac-2025","tag-chantage","tag-enquete-policiere","tag-famille","tag-grossesse","tag-heliophobie","tag-le-mois-italien-2025","tag-le-tour-du-monde-en-80-livres-2025","tag-litterature-italienne","tag-mal-etre","tag-maladie-mentale","tag-maltraitance","tag-meurtre","tag-paranormal","tag-parapsychologie","tag-psychologue","tag-resilience","tag-roman-policier","tag-romans-adulte","tag-salerne","tag-thriller-psychologique","tag-viol","tag-violences-intrafamiliales","post-preview"],"jetpack_featured_media_url":"https:\/\/i0.wp.com\/www.jojoenherbe.com\/wp-content\/uploads\/2025\/05\/La-mort-en-face.jpg?fit=749%2C1148","jetpack_sharing_enabled":true,"jetpack_shortlink":"https:\/\/wp.me\/p9zhGx-agS","jetpack_likes_enabled":true,"jetpack-related-posts":[{"id":39279,"url":"http:\/\/www.jojoenherbe.com\/index.php\/2025\/05\/05\/billet-de-suivi-le-mois-italien-2025\/","url_meta":{"origin":39486,"position":0},"title":"Billet de suivi: Le Mois Italien 2025","author":"Jojo","date":"5 mai 2025","format":false,"excerpt":"Avec un peu de retard, voici mon billet de suivi pour Le Mois Italien 2025 organis\u00e9 \u00e0 l'origine par Titine et repris depuis quelques ann\u00e9es, avec son accord, par Eimelle. Pour cette nouvelle \u00e9dition qui se d\u00e9roule du 1er au 31 mai 2025, le programme est libre. Eimelle a \u00e9galement\u2026","rel":"","context":"Dans &quot;Mini blogueur&quot;","block_context":{"text":"Mini blogueur","link":"http:\/\/www.jojoenherbe.com\/index.php\/category\/mini-blogueur\/"},"img":{"alt_text":"","src":"https:\/\/i0.wp.com\/www.jojoenherbe.com\/wp-content\/uploads\/2025\/05\/Challenge-Italie-logo-2.jpg?fit=960%2C486&resize=350%2C200","width":350,"height":200,"srcset":"https:\/\/i0.wp.com\/www.jojoenherbe.com\/wp-content\/uploads\/2025\/05\/Challenge-Italie-logo-2.jpg?fit=960%2C486&resize=350%2C200 1x, https:\/\/i0.wp.com\/www.jojoenherbe.com\/wp-content\/uploads\/2025\/05\/Challenge-Italie-logo-2.jpg?fit=960%2C486&resize=525%2C300 1.5x, https:\/\/i0.wp.com\/www.jojoenherbe.com\/wp-content\/uploads\/2025\/05\/Challenge-Italie-logo-2.jpg?fit=960%2C486&resize=700%2C400 2x"},"classes":[]},{"id":39430,"url":"http:\/\/www.jojoenherbe.com\/index.php\/2025\/05\/26\/point-lecture-hebdomadaire-2025-21\/","url_meta":{"origin":39486,"position":1},"title":"Point lecture hebdomadaire 2025 #21","author":"Jojo","date":"26 mai 2025","format":false,"excerpt":"En ce d\u00e9but de semaine, voici mon point lecture hebdomadaire avec un retour sur nos lectures (mais pas nos relectures) de la semaine derni\u00e8re, ayant \u00e9galement regard\u00e9 l'anime du Pavillon des hommes. Nos lectures du 19 au 25 mai 2025: Des lectures jeunesse: Nous avons continu\u00e9 de lire jusqu'au chapitre\u2026","rel":"","context":"Dans &quot;Mini blogueur&quot;","block_context":{"text":"Mini blogueur","link":"http:\/\/www.jojoenherbe.com\/index.php\/category\/mini-blogueur\/"},"img":{"alt_text":"","src":"https:\/\/i0.wp.com\/www.jojoenherbe.com\/wp-content\/uploads\/2025\/05\/Point-lecture-hebdo-2025-21.jpg?fit=1200%2C939&resize=350%2C200","width":350,"height":200,"srcset":"https:\/\/i0.wp.com\/www.jojoenherbe.com\/wp-content\/uploads\/2025\/05\/Point-lecture-hebdo-2025-21.jpg?fit=1200%2C939&resize=350%2C200 1x, https:\/\/i0.wp.com\/www.jojoenherbe.com\/wp-content\/uploads\/2025\/05\/Point-lecture-hebdo-2025-21.jpg?fit=1200%2C939&resize=525%2C300 1.5x, https:\/\/i0.wp.com\/www.jojoenherbe.com\/wp-content\/uploads\/2025\/05\/Point-lecture-hebdo-2025-21.jpg?fit=1200%2C939&resize=700%2C400 2x, https:\/\/i0.wp.com\/www.jojoenherbe.com\/wp-content\/uploads\/2025\/05\/Point-lecture-hebdo-2025-21.jpg?fit=1200%2C939&resize=1050%2C600 3x"},"classes":[]},{"id":39541,"url":"http:\/\/www.jojoenherbe.com\/index.php\/2025\/06\/06\/bilan-de-lecture-mai-2025\/","url_meta":{"origin":39486,"position":2},"title":"Bilan de lecture: mai 2025","author":"Jojo","date":"6 juin 2025","format":false,"excerpt":"En ce d\u00e9but juin, voici mon bilan de lectures de mai 2025, mois qui s'est termin\u00e9 en vadrouille en famille, avec le pont de l'Ascension. Comme le mois dernier, j'ai poursuivi\u00a0mon escale japonaise avec le Mois au Japon\u00a0 en participant au\u00a0 RAT a week japonais du 12 au 18 mai\u2026","rel":"","context":"Dans &quot;Mini blogueur&quot;","block_context":{"text":"Mini blogueur","link":"http:\/\/www.jojoenherbe.com\/index.php\/category\/mini-blogueur\/"},"img":{"alt_text":"","src":"https:\/\/i0.wp.com\/www.jojoenherbe.com\/wp-content\/uploads\/2025\/05\/Selection-Mai-2025-scaled.jpg?fit=1200%2C986&resize=350%2C200","width":350,"height":200,"srcset":"https:\/\/i0.wp.com\/www.jojoenherbe.com\/wp-content\/uploads\/2025\/05\/Selection-Mai-2025-scaled.jpg?fit=1200%2C986&resize=350%2C200 1x, https:\/\/i0.wp.com\/www.jojoenherbe.com\/wp-content\/uploads\/2025\/05\/Selection-Mai-2025-scaled.jpg?fit=1200%2C986&resize=525%2C300 1.5x, https:\/\/i0.wp.com\/www.jojoenherbe.com\/wp-content\/uploads\/2025\/05\/Selection-Mai-2025-scaled.jpg?fit=1200%2C986&resize=700%2C400 2x, https:\/\/i0.wp.com\/www.jojoenherbe.com\/wp-content\/uploads\/2025\/05\/Selection-Mai-2025-scaled.jpg?fit=1200%2C986&resize=1050%2C600 3x"},"classes":[]},{"id":26101,"url":"http:\/\/www.jojoenherbe.com\/index.php\/2022\/07\/16\/au-fil-des-pages-avec-les-sept-morts-develyn-hardcastle\/","url_meta":{"origin":39486,"position":3},"title":"Au fil des pages avec Les Sept Morts d&rsquo;Evelyn Hardcastle","author":"Jojo","date":"16 juillet 2022","format":false,"excerpt":"Pendant le Mois Anglais 2022, j'ai lu Les Sept Morts d\u2019Evelyn Hardcastle de Stuart Turton (\u00e9d. Sonatine, 2019, 540 pages), un roman policier fantastique se d\u00e9roulant, semble-t-il, \u00e0 l'\u00e9poque victorienne ou \u00e9douardienne (fin XIXe si\u00e8cle\/d\u00e9but XXe si\u00e8cle puisqu'il est fait mention du t\u00e9l\u00e9phone et de la voiture). Dix-neuf ans apr\u00e8s\u2026","rel":"","context":"Dans &quot;Mini lecteur&quot;","block_context":{"text":"Mini lecteur","link":"http:\/\/www.jojoenherbe.com\/index.php\/category\/mini-lecteur\/"},"img":{"alt_text":"","src":"https:\/\/i0.wp.com\/www.jojoenherbe.com\/wp-content\/uploads\/2022\/06\/Les-Sept-Morts-dEvelyn-Hardcastle-scaled.jpg?fit=1200%2C976&resize=350%2C200","width":350,"height":200,"srcset":"https:\/\/i0.wp.com\/www.jojoenherbe.com\/wp-content\/uploads\/2022\/06\/Les-Sept-Morts-dEvelyn-Hardcastle-scaled.jpg?fit=1200%2C976&resize=350%2C200 1x, https:\/\/i0.wp.com\/www.jojoenherbe.com\/wp-content\/uploads\/2022\/06\/Les-Sept-Morts-dEvelyn-Hardcastle-scaled.jpg?fit=1200%2C976&resize=525%2C300 1.5x, https:\/\/i0.wp.com\/www.jojoenherbe.com\/wp-content\/uploads\/2022\/06\/Les-Sept-Morts-dEvelyn-Hardcastle-scaled.jpg?fit=1200%2C976&resize=700%2C400 2x, https:\/\/i0.wp.com\/www.jojoenherbe.com\/wp-content\/uploads\/2022\/06\/Les-Sept-Morts-dEvelyn-Hardcastle-scaled.jpg?fit=1200%2C976&resize=1050%2C600 3x"},"classes":[]},{"id":11104,"url":"http:\/\/www.jojoenherbe.com\/index.php\/2020\/06\/03\/au-fil-des-pages-avec-le-tome-1-dagatha-raisin\/","url_meta":{"origin":39486,"position":4},"title":"Au fil des pages avec le tome 1 d&rsquo;Agatha Raisin","author":"Jojo","date":"3 juin 2020","format":false,"excerpt":"J'avais pr\u00e9vu de lire en mars, pour le Challenge British Mysteries, des enqu\u00eates d'Agatha Raisin et en avais emprunt\u00e9 deux \u00e0 la m\u00e9diath\u00e8que. Ce n'est finalement que fin avril que je lis le premier tome d'Agatha Raisin enqu\u00eate, La quiche fatale de M.C. Beaton (\u00e9d. Albin Michel, 2016). Alors qu'elle\u2026","rel":"","context":"Dans &quot;Mini lecteur&quot;","block_context":{"text":"Mini lecteur","link":"http:\/\/www.jojoenherbe.com\/index.php\/category\/mini-lecteur\/"},"img":{"alt_text":"","src":"https:\/\/i0.wp.com\/www.jojoenherbe.com\/wp-content\/uploads\/2020\/06\/Agatha-Raisin-enqu%C3%AAte-T1.jpg?fit=1200%2C1003&resize=350%2C200","width":350,"height":200,"srcset":"https:\/\/i0.wp.com\/www.jojoenherbe.com\/wp-content\/uploads\/2020\/06\/Agatha-Raisin-enqu%C3%AAte-T1.jpg?fit=1200%2C1003&resize=350%2C200 1x, https:\/\/i0.wp.com\/www.jojoenherbe.com\/wp-content\/uploads\/2020\/06\/Agatha-Raisin-enqu%C3%AAte-T1.jpg?fit=1200%2C1003&resize=525%2C300 1.5x, https:\/\/i0.wp.com\/www.jojoenherbe.com\/wp-content\/uploads\/2020\/06\/Agatha-Raisin-enqu%C3%AAte-T1.jpg?fit=1200%2C1003&resize=700%2C400 2x, https:\/\/i0.wp.com\/www.jojoenherbe.com\/wp-content\/uploads\/2020\/06\/Agatha-Raisin-enqu%C3%AAte-T1.jpg?fit=1200%2C1003&resize=1050%2C600 3x"},"classes":[]},{"id":36255,"url":"http:\/\/www.jojoenherbe.com\/index.php\/2024\/06\/01\/billet-de-suivi-le-mois-anglais-2024\/","url_meta":{"origin":39486,"position":5},"title":"Billet de suivi: Le Mois Anglais 2024","author":"Jojo","date":"1 juin 2024","format":false,"excerpt":"Comme d\u00e9j\u00e0 depuis plusieurs ann\u00e9es, je participe tout au long du mois de juin au challenge Le Mois Anglais 2024 coorganis\u00e9 par Lou et Titine. Pour cette nouvelle \u00e9dition, le programme est libre. J'ai pr\u00e9vu plusieurs lectures, un atelier cr\u00e9atif \u00a0avec les copinautes Syl, Isabelle et Hilde ainsi que des\u2026","rel":"","context":"Dans &quot;Mini challenger&quot;","block_context":{"text":"Mini challenger","link":"http:\/\/www.jojoenherbe.com\/index.php\/category\/mini-challenger\/"},"img":{"alt_text":"","src":"https:\/\/i0.wp.com\/www.jojoenherbe.com\/wp-content\/uploads\/2024\/06\/Le-Mois-Anglais-2024-logo.jpg?fit=1080%2C1080&resize=350%2C200","width":350,"height":200,"srcset":"https:\/\/i0.wp.com\/www.jojoenherbe.com\/wp-content\/uploads\/2024\/06\/Le-Mois-Anglais-2024-logo.jpg?fit=1080%2C1080&resize=350%2C200 1x, https:\/\/i0.wp.com\/www.jojoenherbe.com\/wp-content\/uploads\/2024\/06\/Le-Mois-Anglais-2024-logo.jpg?fit=1080%2C1080&resize=525%2C300 1.5x, https:\/\/i0.wp.com\/www.jojoenherbe.com\/wp-content\/uploads\/2024\/06\/Le-Mois-Anglais-2024-logo.jpg?fit=1080%2C1080&resize=700%2C400 2x, https:\/\/i0.wp.com\/www.jojoenherbe.com\/wp-content\/uploads\/2024\/06\/Le-Mois-Anglais-2024-logo.jpg?fit=1080%2C1080&resize=1050%2C600 3x"},"classes":[]}],"_links":{"self":[{"href":"http:\/\/www.jojoenherbe.com\/index.php\/wp-json\/wp\/v2\/posts\/39486","targetHints":{"allow":["GET"]}}],"collection":[{"href":"http:\/\/www.jojoenherbe.com\/index.php\/wp-json\/wp\/v2\/posts"}],"about":[{"href":"http:\/\/www.jojoenherbe.com\/index.php\/wp-json\/wp\/v2\/types\/post"}],"author":[{"embeddable":true,"href":"http:\/\/www.jojoenherbe.com\/index.php\/wp-json\/wp\/v2\/users\/1"}],"replies":[{"embeddable":true,"href":"http:\/\/www.jojoenherbe.com\/index.php\/wp-json\/wp\/v2\/comments?post=39486"}],"version-history":[{"count":7,"href":"http:\/\/www.jojoenherbe.com\/index.php\/wp-json\/wp\/v2\/posts\/39486\/revisions"}],"predecessor-version":[{"id":39516,"href":"http:\/\/www.jojoenherbe.com\/index.php\/wp-json\/wp\/v2\/posts\/39486\/revisions\/39516"}],"wp:featuredmedia":[{"embeddable":true,"href":"http:\/\/www.jojoenherbe.com\/index.php\/wp-json\/wp\/v2\/media\/39467"}],"wp:attachment":[{"href":"http:\/\/www.jojoenherbe.com\/index.php\/wp-json\/wp\/v2\/media?parent=39486"}],"wp:term":[{"taxonomy":"category","embeddable":true,"href":"http:\/\/www.jojoenherbe.com\/index.php\/wp-json\/wp\/v2\/categories?post=39486"},{"taxonomy":"post_tag","embeddable":true,"href":"http:\/\/www.jojoenherbe.com\/index.php\/wp-json\/wp\/v2\/tags?post=39486"}],"curies":[{"name":"wp","href":"https:\/\/api.w.org\/{rel}","templated":true}]}}