{"id":39067,"date":"2025-04-23T10:33:15","date_gmt":"2025-04-23T08:33:15","guid":{"rendered":"https:\/\/www.jojoenherbe.com\/?p=39067"},"modified":"2025-04-30T18:28:42","modified_gmt":"2025-04-30T16:28:42","slug":"au-fil-des-pages-avec-shamisen","status":"publish","type":"post","link":"http:\/\/www.jojoenherbe.com\/index.php\/2025\/04\/23\/au-fil-des-pages-avec-shamisen\/","title":{"rendered":"Au fil des pages avec Shamisen"},"content":{"rendered":"<p style=\"text-align: justify;\"><em><a href=\"https:\/\/i0.wp.com\/www.jojoenherbe.com\/wp-content\/uploads\/2025\/04\/Shamisen-10.jpg\"><img data-recalc-dims=\"1\" loading=\"lazy\" decoding=\"async\" data-attachment-id=\"39082\" data-permalink=\"http:\/\/www.jojoenherbe.com\/index.php\/2025\/04\/23\/au-fil-des-pages-avec-shamisen\/screenshot-187\/\" data-orig-file=\"https:\/\/i0.wp.com\/www.jojoenherbe.com\/wp-content\/uploads\/2025\/04\/Shamisen-10.jpg?fit=750%2C1090\" data-orig-size=\"750,1090\" data-comments-opened=\"1\" data-image-meta=\"{&quot;aperture&quot;:&quot;0&quot;,&quot;credit&quot;:&quot;&quot;,&quot;camera&quot;:&quot;&quot;,&quot;caption&quot;:&quot;Screenshot&quot;,&quot;created_timestamp&quot;:&quot;0&quot;,&quot;copyright&quot;:&quot;&quot;,&quot;focal_length&quot;:&quot;0&quot;,&quot;iso&quot;:&quot;0&quot;,&quot;shutter_speed&quot;:&quot;0&quot;,&quot;title&quot;:&quot;Screenshot&quot;,&quot;orientation&quot;:&quot;1&quot;}\" data-image-title=\"\" data-image-description=\"\" data-image-caption=\"\" data-large-file=\"https:\/\/i0.wp.com\/www.jojoenherbe.com\/wp-content\/uploads\/2025\/04\/Shamisen-10.jpg?fit=676%2C982\" class=\"alignleft size-thumbnail wp-image-39082\" src=\"https:\/\/i0.wp.com\/www.jojoenherbe.com\/wp-content\/uploads\/2025\/04\/Shamisen-10.jpg?resize=150%2C150\" alt=\"\" width=\"150\" height=\"150\" srcset=\"https:\/\/i0.wp.com\/www.jojoenherbe.com\/wp-content\/uploads\/2025\/04\/Shamisen-10.jpg?resize=150%2C150 150w, https:\/\/i0.wp.com\/www.jojoenherbe.com\/wp-content\/uploads\/2025\/04\/Shamisen-10.jpg?zoom=2&amp;resize=150%2C150 300w, https:\/\/i0.wp.com\/www.jojoenherbe.com\/wp-content\/uploads\/2025\/04\/Shamisen-10.jpg?zoom=3&amp;resize=150%2C150 450w\" sizes=\"auto, (max-width: 150px) 100vw, 150px\" \/><\/a> <a href=\"https:\/\/i0.wp.com\/www.jojoenherbe.com\/wp-content\/uploads\/2025\/04\/Shamisen-3.jpg\"><img data-recalc-dims=\"1\" loading=\"lazy\" decoding=\"async\" data-attachment-id=\"39075\" data-permalink=\"http:\/\/www.jojoenherbe.com\/index.php\/2025\/04\/23\/au-fil-des-pages-avec-shamisen\/screenshot-180\/\" data-orig-file=\"https:\/\/i0.wp.com\/www.jojoenherbe.com\/wp-content\/uploads\/2025\/04\/Shamisen-3.jpg?fit=750%2C1088\" data-orig-size=\"750,1088\" data-comments-opened=\"1\" data-image-meta=\"{&quot;aperture&quot;:&quot;0&quot;,&quot;credit&quot;:&quot;&quot;,&quot;camera&quot;:&quot;&quot;,&quot;caption&quot;:&quot;Screenshot&quot;,&quot;created_timestamp&quot;:&quot;0&quot;,&quot;copyright&quot;:&quot;&quot;,&quot;focal_length&quot;:&quot;0&quot;,&quot;iso&quot;:&quot;0&quot;,&quot;shutter_speed&quot;:&quot;0&quot;,&quot;title&quot;:&quot;Screenshot&quot;,&quot;orientation&quot;:&quot;1&quot;}\" data-image-title=\"\" data-image-description=\"\" data-image-caption=\"\" data-large-file=\"https:\/\/i0.wp.com\/www.jojoenherbe.com\/wp-content\/uploads\/2025\/04\/Shamisen-3.jpg?fit=676%2C980\" class=\"alignleft size-thumbnail wp-image-39075\" src=\"https:\/\/i0.wp.com\/www.jojoenherbe.com\/wp-content\/uploads\/2025\/04\/Shamisen-3.jpg?resize=150%2C150\" alt=\"\" width=\"150\" height=\"150\" srcset=\"https:\/\/i0.wp.com\/www.jojoenherbe.com\/wp-content\/uploads\/2025\/04\/Shamisen-3.jpg?resize=150%2C150 150w, https:\/\/i0.wp.com\/www.jojoenherbe.com\/wp-content\/uploads\/2025\/04\/Shamisen-3.jpg?zoom=2&amp;resize=150%2C150 300w, https:\/\/i0.wp.com\/www.jojoenherbe.com\/wp-content\/uploads\/2025\/04\/Shamisen-3.jpg?zoom=3&amp;resize=150%2C150 450w\" sizes=\"auto, (max-width: 150px) 100vw, 150px\" \/><\/a>J&rsquo;ai lu, en version num\u00e9rique via ma m\u00e9diath\u00e8que, <span style=\"text-decoration: underline;\">Shamisen<\/span> de Guilherme Petreca et Tiago Minamisawa (\u00e9d. Ankama, avril 2023, 160 pages), un roman graphique s&rsquo;inspirant de la vie de la musicienne itin\u00e9rante non-voyante, Haru Kobayashi (1900\/2005), l&rsquo;une des derni\u00e8res Gozes c\u00e9l\u00e8bres ayant v\u00e9cu au Japon. Abandonn\u00e9e \u00e0 sa naissance par sa m\u00e8re en plein hiver, Haru est recueillie par un musicien itin\u00e9rant qui lui apprend \u00e0 jouer du shamisen, un instrument de musique traditionnel \u00e0 cordes pinc\u00e9es avec un long manche. Au d\u00e9c\u00e8s de ce dernier, elle continue \u00e0 vivre de sa musique, \u00e0 travers la campagne japonaise, toute sa longue vie durant, apr\u00e8s avoir perdu petite fille la vue, s&rsquo;arr\u00eatant devant la porte des habitants contre g\u00eete ou couvert en \u00e9change de quelques notes.<\/em><\/p>\n<p style=\"text-align: justify;\"><em><a href=\"https:\/\/i0.wp.com\/www.jojoenherbe.com\/wp-content\/uploads\/2025\/04\/Shamisen-8.jpg\"><img data-recalc-dims=\"1\" loading=\"lazy\" decoding=\"async\" data-attachment-id=\"39080\" data-permalink=\"http:\/\/www.jojoenherbe.com\/index.php\/2025\/04\/23\/au-fil-des-pages-avec-shamisen\/screenshot-185\/\" data-orig-file=\"https:\/\/i0.wp.com\/www.jojoenherbe.com\/wp-content\/uploads\/2025\/04\/Shamisen-8.jpg?fit=750%2C1086\" data-orig-size=\"750,1086\" data-comments-opened=\"1\" data-image-meta=\"{&quot;aperture&quot;:&quot;0&quot;,&quot;credit&quot;:&quot;&quot;,&quot;camera&quot;:&quot;&quot;,&quot;caption&quot;:&quot;Screenshot&quot;,&quot;created_timestamp&quot;:&quot;0&quot;,&quot;copyright&quot;:&quot;&quot;,&quot;focal_length&quot;:&quot;0&quot;,&quot;iso&quot;:&quot;0&quot;,&quot;shutter_speed&quot;:&quot;0&quot;,&quot;title&quot;:&quot;Screenshot&quot;,&quot;orientation&quot;:&quot;1&quot;}\" data-image-title=\"\" data-image-description=\"\" data-image-caption=\"\" data-large-file=\"https:\/\/i0.wp.com\/www.jojoenherbe.com\/wp-content\/uploads\/2025\/04\/Shamisen-8.jpg?fit=676%2C979\" class=\"size-thumbnail wp-image-39080 alignright\" src=\"https:\/\/i0.wp.com\/www.jojoenherbe.com\/wp-content\/uploads\/2025\/04\/Shamisen-8.jpg?resize=150%2C150\" alt=\"\" width=\"150\" height=\"150\" srcset=\"https:\/\/i0.wp.com\/www.jojoenherbe.com\/wp-content\/uploads\/2025\/04\/Shamisen-8.jpg?resize=150%2C150 150w, https:\/\/i0.wp.com\/www.jojoenherbe.com\/wp-content\/uploads\/2025\/04\/Shamisen-8.jpg?zoom=2&amp;resize=150%2C150 300w, https:\/\/i0.wp.com\/www.jojoenherbe.com\/wp-content\/uploads\/2025\/04\/Shamisen-8.jpg?zoom=3&amp;resize=150%2C150 450w\" sizes=\"auto, (max-width: 150px) 100vw, 150px\" \/><\/a> <a href=\"https:\/\/i0.wp.com\/www.jojoenherbe.com\/wp-content\/uploads\/2025\/04\/Shamisen-4.jpg\"><img data-recalc-dims=\"1\" loading=\"lazy\" decoding=\"async\" data-attachment-id=\"39076\" data-permalink=\"http:\/\/www.jojoenherbe.com\/index.php\/2025\/04\/23\/au-fil-des-pages-avec-shamisen\/screenshot-181\/\" data-orig-file=\"https:\/\/i0.wp.com\/www.jojoenherbe.com\/wp-content\/uploads\/2025\/04\/Shamisen-4.jpg?fit=750%2C1097\" data-orig-size=\"750,1097\" data-comments-opened=\"1\" data-image-meta=\"{&quot;aperture&quot;:&quot;0&quot;,&quot;credit&quot;:&quot;&quot;,&quot;camera&quot;:&quot;&quot;,&quot;caption&quot;:&quot;Screenshot&quot;,&quot;created_timestamp&quot;:&quot;0&quot;,&quot;copyright&quot;:&quot;&quot;,&quot;focal_length&quot;:&quot;0&quot;,&quot;iso&quot;:&quot;0&quot;,&quot;shutter_speed&quot;:&quot;0&quot;,&quot;title&quot;:&quot;Screenshot&quot;,&quot;orientation&quot;:&quot;1&quot;}\" data-image-title=\"\" data-image-description=\"\" data-image-caption=\"\" data-large-file=\"https:\/\/i0.wp.com\/www.jojoenherbe.com\/wp-content\/uploads\/2025\/04\/Shamisen-4.jpg?fit=676%2C989\" class=\"size-thumbnail wp-image-39076 alignright\" src=\"https:\/\/i0.wp.com\/www.jojoenherbe.com\/wp-content\/uploads\/2025\/04\/Shamisen-4.jpg?resize=150%2C150\" alt=\"\" width=\"150\" height=\"150\" srcset=\"https:\/\/i0.wp.com\/www.jojoenherbe.com\/wp-content\/uploads\/2025\/04\/Shamisen-4.jpg?resize=150%2C150 150w, https:\/\/i0.wp.com\/www.jojoenherbe.com\/wp-content\/uploads\/2025\/04\/Shamisen-4.jpg?zoom=2&amp;resize=150%2C150 300w, https:\/\/i0.wp.com\/www.jojoenherbe.com\/wp-content\/uploads\/2025\/04\/Shamisen-4.jpg?zoom=3&amp;resize=150%2C150 450w\" sizes=\"auto, (max-width: 150px) 100vw, 150px\" \/><\/a>J&rsquo;ai appr\u00e9ci\u00e9 la d\u00e9couverte de cette musique traditionnelle japonaise \u00e0 travers ce r\u00e9cit onirique et po\u00e9tique, sous forme de conte philosophique, au cours duquel la musicienne itin\u00e9rante fait de nombreuses rencontres avec des Y\u014dkai et divinit\u00e9s japonaises, certaines bienveillantes et d&rsquo;autres malveillantes: un kappa qui, s\u00e9duit par sa musique, lui offre la cl\u00e9 de la dimension divine, Benzaiten, la d\u00e9esse du bonheur ou bien encore <span class=\"spoiler\">Yuki-onna, la sorci\u00e8re des neiges<\/span> qui lui jette un sort. Haru va \u00e9galement jouer et chanter pour un peintre mourant \u00e0 qui elle sauve la vie (peintre qui s&rsquo;inspire de Katsushika Hokusai)&#8230;<\/em><\/p>\n<p style=\"text-align: justify;\"><em> <a href=\"https:\/\/i0.wp.com\/www.jojoenherbe.com\/wp-content\/uploads\/2025\/04\/Shamisen-7.jpg\"><img data-recalc-dims=\"1\" loading=\"lazy\" decoding=\"async\" data-attachment-id=\"39079\" data-permalink=\"http:\/\/www.jojoenherbe.com\/index.php\/2025\/04\/23\/au-fil-des-pages-avec-shamisen\/screenshot-184\/\" data-orig-file=\"https:\/\/i0.wp.com\/www.jojoenherbe.com\/wp-content\/uploads\/2025\/04\/Shamisen-7.jpg?fit=750%2C1082\" data-orig-size=\"750,1082\" data-comments-opened=\"1\" data-image-meta=\"{&quot;aperture&quot;:&quot;0&quot;,&quot;credit&quot;:&quot;&quot;,&quot;camera&quot;:&quot;&quot;,&quot;caption&quot;:&quot;Screenshot&quot;,&quot;created_timestamp&quot;:&quot;0&quot;,&quot;copyright&quot;:&quot;&quot;,&quot;focal_length&quot;:&quot;0&quot;,&quot;iso&quot;:&quot;0&quot;,&quot;shutter_speed&quot;:&quot;0&quot;,&quot;title&quot;:&quot;Screenshot&quot;,&quot;orientation&quot;:&quot;1&quot;}\" data-image-title=\"\" data-image-description=\"\" data-image-caption=\"\" data-large-file=\"https:\/\/i0.wp.com\/www.jojoenherbe.com\/wp-content\/uploads\/2025\/04\/Shamisen-7.jpg?fit=676%2C975\" class=\"alignleft size-thumbnail wp-image-39079\" src=\"https:\/\/i0.wp.com\/www.jojoenherbe.com\/wp-content\/uploads\/2025\/04\/Shamisen-7.jpg?resize=150%2C150\" alt=\"\" width=\"150\" height=\"150\" srcset=\"https:\/\/i0.wp.com\/www.jojoenherbe.com\/wp-content\/uploads\/2025\/04\/Shamisen-7.jpg?resize=150%2C150 150w, https:\/\/i0.wp.com\/www.jojoenherbe.com\/wp-content\/uploads\/2025\/04\/Shamisen-7.jpg?zoom=2&amp;resize=150%2C150 300w, https:\/\/i0.wp.com\/www.jojoenherbe.com\/wp-content\/uploads\/2025\/04\/Shamisen-7.jpg?zoom=3&amp;resize=150%2C150 450w\" sizes=\"auto, (max-width: 150px) 100vw, 150px\" \/><\/a> <a href=\"https:\/\/i0.wp.com\/www.jojoenherbe.com\/wp-content\/uploads\/2025\/04\/Shamisen-9.jpg\"><img data-recalc-dims=\"1\" loading=\"lazy\" decoding=\"async\" data-attachment-id=\"39081\" data-permalink=\"http:\/\/www.jojoenherbe.com\/index.php\/2025\/04\/23\/au-fil-des-pages-avec-shamisen\/screenshot-186\/\" data-orig-file=\"https:\/\/i0.wp.com\/www.jojoenherbe.com\/wp-content\/uploads\/2025\/04\/Shamisen-9.jpg?fit=750%2C1087\" data-orig-size=\"750,1087\" data-comments-opened=\"1\" data-image-meta=\"{&quot;aperture&quot;:&quot;0&quot;,&quot;credit&quot;:&quot;&quot;,&quot;camera&quot;:&quot;&quot;,&quot;caption&quot;:&quot;Screenshot&quot;,&quot;created_timestamp&quot;:&quot;0&quot;,&quot;copyright&quot;:&quot;&quot;,&quot;focal_length&quot;:&quot;0&quot;,&quot;iso&quot;:&quot;0&quot;,&quot;shutter_speed&quot;:&quot;0&quot;,&quot;title&quot;:&quot;Screenshot&quot;,&quot;orientation&quot;:&quot;1&quot;}\" data-image-title=\"\" data-image-description=\"\" data-image-caption=\"\" data-large-file=\"https:\/\/i0.wp.com\/www.jojoenherbe.com\/wp-content\/uploads\/2025\/04\/Shamisen-9.jpg?fit=676%2C979\" class=\"alignleft size-thumbnail wp-image-39081\" src=\"https:\/\/i0.wp.com\/www.jojoenherbe.com\/wp-content\/uploads\/2025\/04\/Shamisen-9.jpg?resize=150%2C150\" alt=\"\" width=\"150\" height=\"150\" srcset=\"https:\/\/i0.wp.com\/www.jojoenherbe.com\/wp-content\/uploads\/2025\/04\/Shamisen-9.jpg?resize=150%2C150 150w, https:\/\/i0.wp.com\/www.jojoenherbe.com\/wp-content\/uploads\/2025\/04\/Shamisen-9.jpg?zoom=2&amp;resize=150%2C150 300w, https:\/\/i0.wp.com\/www.jojoenherbe.com\/wp-content\/uploads\/2025\/04\/Shamisen-9.jpg?zoom=3&amp;resize=150%2C150 450w\" sizes=\"auto, (max-width: 150px) 100vw, 150px\" \/><\/a>J&rsquo;ai \u00e9galement appr\u00e9ci\u00e9 la douceur des illustrations au charme surann\u00e9 et invitant \u00e0 la contemplation ainsi que les r\u00e9flexions philosophiques de la musicienne. Il y est ainsi question du sens de la vie, de la beaut\u00e9 de l&rsquo;Art et plus particuli\u00e8rement de la musique, de libert\u00e9 artistique, de la musique comme vecteur de lien social&#8230; Un bon moment de lecture qui se termine par un dossier th\u00e9matique \u00e0 la fin de l&rsquo;ouvrage fort instructif pour en d\u00e9couvrir plus sur les gozes et leurs chants, un QR-code au d\u00e9but de l&rsquo;ouvrage permettant d&rsquo;acc\u00e9der \u00e0 leurs musiques!<\/em><\/p>\n<p style=\"text-align: justify;\"><em>Pour d&rsquo;autres avis sur ce roman graphique: <a href=\"https:\/\/chatperlitpopette.wordpress.com\/2024\/04\/24\/shamisen\/\">Katell<\/a>.<\/em><\/p>\n<div id=\"attachment_38614\" style=\"width: 115px\" class=\"wp-caption alignleft\"><img data-recalc-dims=\"1\" loading=\"lazy\" decoding=\"async\" aria-describedby=\"caption-attachment-38614\" data-attachment-id=\"38614\" data-permalink=\"http:\/\/www.jojoenherbe.com\/index.php\/2025\/03\/12\/au-fil-des-pages-avec-histoires-de-sororite\/la-bd-de-la-semaine-logo\/\" data-orig-file=\"https:\/\/i0.wp.com\/www.jojoenherbe.com\/wp-content\/uploads\/2025\/03\/La-BD-de-la-Semaine-logo.jpg?fit=500%2C500\" data-orig-size=\"500,500\" data-comments-opened=\"1\" data-image-meta=\"{&quot;aperture&quot;:&quot;0&quot;,&quot;credit&quot;:&quot;&quot;,&quot;camera&quot;:&quot;&quot;,&quot;caption&quot;:&quot;&quot;,&quot;created_timestamp&quot;:&quot;1741767479&quot;,&quot;copyright&quot;:&quot;&quot;,&quot;focal_length&quot;:&quot;0&quot;,&quot;iso&quot;:&quot;0&quot;,&quot;shutter_speed&quot;:&quot;0&quot;,&quot;title&quot;:&quot;&quot;,&quot;orientation&quot;:&quot;0&quot;}\" data-image-title=\"La BD de la Semaine &amp;#8211; logo\" data-image-description=\"\" data-image-caption=\"\" data-large-file=\"https:\/\/i0.wp.com\/www.jojoenherbe.com\/wp-content\/uploads\/2025\/03\/La-BD-de-la-Semaine-logo.jpg?fit=500%2C500\" class=\"wp-image-38614\" src=\"https:\/\/i0.wp.com\/www.jojoenherbe.com\/wp-content\/uploads\/2025\/03\/La-BD-de-la-Semaine-logo.jpg?resize=105%2C105\" alt=\"\" width=\"105\" height=\"105\" srcset=\"https:\/\/i0.wp.com\/www.jojoenherbe.com\/wp-content\/uploads\/2025\/03\/La-BD-de-la-Semaine-logo.jpg?w=500 500w, https:\/\/i0.wp.com\/www.jojoenherbe.com\/wp-content\/uploads\/2025\/03\/La-BD-de-la-Semaine-logo.jpg?resize=300%2C300 300w, https:\/\/i0.wp.com\/www.jojoenherbe.com\/wp-content\/uploads\/2025\/03\/La-BD-de-la-Semaine-logo.jpg?resize=150%2C150 150w\" sizes=\"auto, (max-width: 105px) 100vw, 105px\" \/><p id=\"caption-attachment-38614\" class=\"wp-caption-text\">La BD de la semaine chez <a href=\"https:\/\/aliasnoukette.fr\/abimes-lucile-corbeille\/\">Noukette<\/a> pour cette semaine<\/p><\/div>\n<div id=\"attachment_38850\" style=\"width: 105px\" class=\"wp-caption alignleft\"><img data-recalc-dims=\"1\" loading=\"lazy\" decoding=\"async\" aria-describedby=\"caption-attachment-38850\" data-attachment-id=\"38850\" data-permalink=\"http:\/\/www.jojoenherbe.com\/index.php\/2025\/04\/02\/un-mois-au-japon-2025\/un-mois-au-japon-logo-2025\/\" data-orig-file=\"https:\/\/i0.wp.com\/www.jojoenherbe.com\/wp-content\/uploads\/2025\/04\/Un-Mois-au-Japon-logo-2025.jpg?fit=768%2C960\" data-orig-size=\"768,960\" data-comments-opened=\"1\" data-image-meta=\"{&quot;aperture&quot;:&quot;0&quot;,&quot;credit&quot;:&quot;&quot;,&quot;camera&quot;:&quot;&quot;,&quot;caption&quot;:&quot;&quot;,&quot;created_timestamp&quot;:&quot;0&quot;,&quot;copyright&quot;:&quot;&quot;,&quot;focal_length&quot;:&quot;0&quot;,&quot;iso&quot;:&quot;0&quot;,&quot;shutter_speed&quot;:&quot;0&quot;,&quot;title&quot;:&quot;&quot;,&quot;orientation&quot;:&quot;0&quot;}\" data-image-title=\"Un Mois au Japon &amp;#8211; logo 2025\" data-image-description=\"\" data-image-caption=\"\" data-large-file=\"https:\/\/i0.wp.com\/www.jojoenherbe.com\/wp-content\/uploads\/2025\/04\/Un-Mois-au-Japon-logo-2025.jpg?fit=676%2C845\" class=\"wp-image-38850\" src=\"https:\/\/i0.wp.com\/www.jojoenherbe.com\/wp-content\/uploads\/2025\/04\/Un-Mois-au-Japon-logo-2025.jpg?resize=95%2C119\" alt=\"\" width=\"95\" height=\"119\" srcset=\"https:\/\/i0.wp.com\/www.jojoenherbe.com\/wp-content\/uploads\/2025\/04\/Un-Mois-au-Japon-logo-2025.jpg?w=768 768w, https:\/\/i0.wp.com\/www.jojoenherbe.com\/wp-content\/uploads\/2025\/04\/Un-Mois-au-Japon-logo-2025.jpg?resize=240%2C300 240w, https:\/\/i0.wp.com\/www.jojoenherbe.com\/wp-content\/uploads\/2025\/04\/Un-Mois-au-Japon-logo-2025.jpg?resize=676%2C845 676w\" sizes=\"auto, (max-width: 95px) 100vw, 95px\" \/><p id=\"caption-attachment-38850\" class=\"wp-caption-text\">Participation #5 Un Mois au Japon 2025 de Lou et <em><a href=\"https:\/\/lelivroblog.fr\/2025\/04\/02\/billet-de-presentation-et-journal-de-bord-un-mois-au-japon-2025\/\">Hilde<\/a><\/em> #Roman graphique<\/p><\/div>\n<div id=\"attachment_19954\" style=\"width: 110px\" class=\"wp-caption alignleft\"><img loading=\"lazy\" decoding=\"async\" aria-describedby=\"caption-attachment-19954\" class=\"wp-image-19954\" src=\"https:\/\/i0.wp.com\/mapetitemediatheque.fr\/wp-content\/uploads\/2021\/11\/Inkedle-tour-du-monde-en-80-livres-2_LI.jpg?resize=116%2C87&amp;ssl=1\" sizes=\"auto, (max-width: 500px) 100vw, 500px\" srcset=\"https:\/\/i0.wp.com\/mapetitemediatheque.fr\/wp-content\/uploads\/2021\/11\/Inkedle-tour-du-monde-en-80-livres-2_LI.jpg?resize=116%2C87&amp;ssl=1 500w, https:\/\/mapetitemediatheque.fr\/wp-content\/uploads\/2021\/11\/Inkedle-tour-du-monde-en-80-livres-2_LI-300x226.jpg 300w, https:\/\/mapetitemediatheque.fr\/wp-content\/uploads\/2021\/11\/Inkedle-tour-du-monde-en-80-livres-2_LI-120x90.jpg 120w\" alt=\"\" width=\"100\" height=\"75\" aria-describedby=\"caption-attachment-19954\" \/><p id=\"caption-attachment-19954\" class=\"wp-caption-text\">Participation #8 (Parcours illustr\u00e9) Challenge Le tour du monde en 80 livres 2025 de <a href=\"https:\/\/mapetitemediatheque.fr\/2025\/01\/le-tour-du-monde-en-80-livres-2025\/\">Bidib<\/a>\u00a0#Br\u00e9sil (sc\u00e9nariste et illustrateur)<\/p><\/div>\n<div style=\"width: 91px\" class=\"wp-caption alignleft\"><img loading=\"lazy\" decoding=\"async\" src=\"https:\/\/i0.wp.com\/mapetitemediatheque.fr\/wp-content\/uploads\/2021\/07\/challenge-contes-et-legendes-239x300-1.jpg?resize=137%2C172\" alt=\"\" width=\"81\" height=\"101\" data-recalc-dims=\"1\" \/><p class=\"wp-caption-text\">Participation #7 Challenge Contes &amp; L\u00e9gendes 2025 de <a href=\"https:\/\/mapetitemediatheque.fr\/2025\/01\/challenge-contes-legendes-2025\/\">Bidib<\/a> #Y\u014dkai<\/p><\/div>\n<div id=\"attachment_37823\" style=\"width: 109px\" class=\"wp-caption alignleft\"><img data-recalc-dims=\"1\" loading=\"lazy\" decoding=\"async\" aria-describedby=\"caption-attachment-37823\" data-attachment-id=\"37823\" data-permalink=\"http:\/\/www.jojoenherbe.com\/index.php\/2025\/01\/10\/mes-challenges-livresques-2025\/challenge-petit-bac-2025-denna-logo\/\" data-orig-file=\"https:\/\/i0.wp.com\/www.jojoenherbe.com\/wp-content\/uploads\/2024\/12\/Challenge-Petit-Bac-2025-dEnna-logo.jpg?fit=285%2C217\" data-orig-size=\"285,217\" data-comments-opened=\"1\" data-image-meta=\"{&quot;aperture&quot;:&quot;0&quot;,&quot;credit&quot;:&quot;&quot;,&quot;camera&quot;:&quot;&quot;,&quot;caption&quot;:&quot;&quot;,&quot;created_timestamp&quot;:&quot;1735738492&quot;,&quot;copyright&quot;:&quot;&quot;,&quot;focal_length&quot;:&quot;0&quot;,&quot;iso&quot;:&quot;0&quot;,&quot;shutter_speed&quot;:&quot;0&quot;,&quot;title&quot;:&quot;&quot;,&quot;orientation&quot;:&quot;0&quot;}\" data-image-title=\"Challenge Petit Bac 2025 d&amp;rsquo;Enna &amp;#8211; logo\" data-image-description=\"\" data-image-caption=\"\" data-large-file=\"https:\/\/i0.wp.com\/www.jojoenherbe.com\/wp-content\/uploads\/2024\/12\/Challenge-Petit-Bac-2025-dEnna-logo.jpg?fit=285%2C217\" class=\"wp-image-37823\" src=\"https:\/\/i0.wp.com\/www.jojoenherbe.com\/wp-content\/uploads\/2024\/12\/Challenge-Petit-Bac-2025-dEnna-logo.jpg?resize=99%2C75\" alt=\"\" width=\"99\" height=\"75\" \/><p id=\"caption-attachment-37823\" class=\"wp-caption-text\">Challenge Petit Bac d\u2019<em><a href=\"https:\/\/ennalit.wordpress.com\/2024\/12\/01\/challenge-petit-bac-2025-qui-veut-jouer\/\">Enna<\/a><\/em> #2 Cat\u00e9gorie Sport\/Loisir: \u00ab Shamisen \u00bb (Instrument de musique japonais)<\/p><\/div>\n\n\n<p><\/p>\n\n\n\n<p><\/p>\n\n\n\n<p><\/p>\n\n\n\n<p><\/p>\n","protected":false},"excerpt":{"rendered":"<p>J&rsquo;ai lu, en version num\u00e9rique via ma m\u00e9diath\u00e8que, Shamisen de Guilherme Petreca et Tiago Minamisawa (\u00e9d. Ankama, avril 2023, 160 pages), un roman graphique s&rsquo;inspirant de la vie de la musicienne itin\u00e9rante non-voyante, Haru Kobayashi (1900\/2005), l&rsquo;une des derni\u00e8res Gozes c\u00e9l\u00e8bres ayant v\u00e9cu au Japon. Abandonn\u00e9e \u00e0 sa naissance par sa m\u00e8re en plein hiver, [&hellip;]<\/p>\n","protected":false},"author":1,"featured_media":39073,"comment_status":"open","ping_status":"open","sticky":false,"template":"","format":"standard","meta":{"jetpack_post_was_ever_published":false,"_jetpack_newsletter_access":"","_jetpack_dont_email_post_to_subs":false,"_jetpack_newsletter_tier_id":0,"_jetpack_memberships_contains_paywalled_content":false,"_jetpack_memberships_contains_paid_content":false,"footnotes":""},"categories":[363],"tags":[1347,1496,596,2087,4520,2702,4424,4423,2377,2404,4544,4561,4579,2325,4425,739,4562,632,4560,1606,4559,4578,4534,2413],"class_list":["post-39067","post","type-post","status-publish","format-standard","has-post-thumbnail","hentry","category-mini-lecteur","tag-18-ans-et-plus","tag-art","tag-bandes-dessinees","tag-bd-adulte","tag-bd-de-la-semaine","tag-beaute","tag-challenge-contes-et-legendes-2025","tag-challenge-petit-bac-2025","tag-conte-japonais","tag-conte-philosophique","tag-folklore","tag-goze","tag-guilherme-petreca","tag-japon","tag-le-tour-du-monde-en-80-livres-2025","tag-liberte","tag-musicien","tag-musique","tag-musique-traditionnelle","tag-philosophie","tag-shamisen","tag-tiago-minamisawa","tag-un-mois-au-japon-2025","tag-yokai","post-preview"],"jetpack_featured_media_url":"https:\/\/i0.wp.com\/www.jojoenherbe.com\/wp-content\/uploads\/2025\/04\/Shamisen.jpg?fit=750%2C1089","jetpack_sharing_enabled":true,"jetpack_shortlink":"https:\/\/wp.me\/p9zhGx-aa7","jetpack_likes_enabled":true,"jetpack-related-posts":[{"id":38848,"url":"http:\/\/www.jojoenherbe.com\/index.php\/2025\/04\/02\/un-mois-au-japon-2025\/","url_meta":{"origin":39067,"position":0},"title":"Billet de suivi: Un Mois au Japon 2025","author":"Jojo","date":"2 avril 2025","format":false,"excerpt":"Hilde\u00a0et Lou coorganisent encore cette ann\u00e9e Un Mois au Japon 2025 avec comme l'ann\u00e9e derni\u00e8re un programme libre. Le challenge se d\u00e9roule donc du 1er au 30 avril avec possibilit\u00e9 de continuer \u00e0 partager jusqu'au mois d'ao\u00fbt 2025 sur les blogs ou r\u00e9seaux sociaux selon nos envies (livres, films, photos,\u2026","rel":"","context":"Dans &quot;Mini challenger&quot;","block_context":{"text":"Mini challenger","link":"http:\/\/www.jojoenherbe.com\/index.php\/category\/mini-challenger\/"},"img":{"alt_text":"","src":"https:\/\/i0.wp.com\/www.jojoenherbe.com\/wp-content\/uploads\/2025\/04\/Un-Mois-au-Japon-logo-2025.jpg?fit=768%2C960&resize=350%2C200","width":350,"height":200,"srcset":"https:\/\/i0.wp.com\/www.jojoenherbe.com\/wp-content\/uploads\/2025\/04\/Un-Mois-au-Japon-logo-2025.jpg?fit=768%2C960&resize=350%2C200 1x, https:\/\/i0.wp.com\/www.jojoenherbe.com\/wp-content\/uploads\/2025\/04\/Un-Mois-au-Japon-logo-2025.jpg?fit=768%2C960&resize=525%2C300 1.5x, https:\/\/i0.wp.com\/www.jojoenherbe.com\/wp-content\/uploads\/2025\/04\/Un-Mois-au-Japon-logo-2025.jpg?fit=768%2C960&resize=700%2C400 2x"},"classes":[]},{"id":39120,"url":"http:\/\/www.jojoenherbe.com\/index.php\/2025\/04\/30\/point-lecture-hebdomadaire-2025-17\/","url_meta":{"origin":39067,"position":1},"title":"Point lecture hebdomadaire 2025 #17","author":"Jojo","date":"30 avril 2025","format":false,"excerpt":"En ce milieu de semaine, voici mon point lecture hebdomadaire avec un retour sur nos lectures (mais pas nos relectures) de la semaine derni\u00e8re. Nos lectures du\u00a0\u00a0 21 au 27 avril 2025: Des lectures jeunesse: Nous avons continu\u00e9 \u00e0 lire le tome 1 d'une trilogie fantasy : La l\u00e9gende de\u2026","rel":"","context":"Dans &quot;Mini blogueur&quot;","block_context":{"text":"Mini blogueur","link":"http:\/\/www.jojoenherbe.com\/index.php\/category\/mini-blogueur\/"},"img":{"alt_text":"","src":"https:\/\/i0.wp.com\/www.jojoenherbe.com\/wp-content\/uploads\/2025\/04\/Point-lecture-hebdo-2025-17.jpg?fit=1200%2C891&resize=350%2C200","width":350,"height":200,"srcset":"https:\/\/i0.wp.com\/www.jojoenherbe.com\/wp-content\/uploads\/2025\/04\/Point-lecture-hebdo-2025-17.jpg?fit=1200%2C891&resize=350%2C200 1x, https:\/\/i0.wp.com\/www.jojoenherbe.com\/wp-content\/uploads\/2025\/04\/Point-lecture-hebdo-2025-17.jpg?fit=1200%2C891&resize=525%2C300 1.5x, https:\/\/i0.wp.com\/www.jojoenherbe.com\/wp-content\/uploads\/2025\/04\/Point-lecture-hebdo-2025-17.jpg?fit=1200%2C891&resize=700%2C400 2x, https:\/\/i0.wp.com\/www.jojoenherbe.com\/wp-content\/uploads\/2025\/04\/Point-lecture-hebdo-2025-17.jpg?fit=1200%2C891&resize=1050%2C600 3x"},"classes":[]},{"id":38810,"url":"http:\/\/www.jojoenherbe.com\/index.php\/2025\/03\/31\/billet-de-suivi-challenge-petit-bac-2025\/","url_meta":{"origin":39067,"position":2},"title":"Billet de suivi: Challenge Petit Bac 2025","author":"Jojo","date":"31 mars 2025","format":false,"excerpt":"Je participe pour la septi\u00e8me ann\u00e9e cons\u00e9cutive au Challenge Petit Bac d\u2019Enna, les cinq premi\u00e8res cat\u00e9gories restant identiques aux ann\u00e9es pr\u00e9c\u00e9dentes. Je vais actualiser ce billet au fur-et-\u00e0 mesure des lignes valid\u00e9es et faire un point sur mes participations au challenge. Pour le moment, j\u2019ai termin\u00e9 mes 4 premi\u00e8res lignes\u2026","rel":"","context":"Dans &quot;Mini challenger&quot;","block_context":{"text":"Mini challenger","link":"http:\/\/www.jojoenherbe.com\/index.php\/category\/mini-challenger\/"},"img":{"alt_text":"","src":"https:\/\/i0.wp.com\/www.jojoenherbe.com\/wp-content\/uploads\/2024\/12\/Challenge-Petit-Bac-2025-dEnna-logo.jpg?fit=285%2C217&resize=350%2C200","width":350,"height":200},"classes":[]},{"id":35827,"url":"http:\/\/www.jojoenherbe.com\/index.php\/2024\/04\/23\/au-fil-des-pages-avec-tant-de-nuances-de-pluie\/","url_meta":{"origin":39067,"position":3},"title":"Au fil des pages avec Tant de nuances de pluie","author":"Jojo","date":"23 avril 2024","format":false,"excerpt":"J'ai lu Tant de nuances de pluie d\u2019Asha Lemmie (\u00e9d. HarperCollins, coll. Au gr\u00e9 du monde, octobre 2023, 534 pages), le premier roman de l\u2019autrice dont l'histoire se d\u00e9roule dans le Japon de l\u2019apr\u00e8s-guerre, de 1948 \u00e0 1964. Secret honteux et scandaleux de la famille, Nori Kamiza est n\u00e9e d'un\u2026","rel":"","context":"Dans &quot;Mini lecteur&quot;","block_context":{"text":"Mini lecteur","link":"http:\/\/www.jojoenherbe.com\/index.php\/category\/mini-lecteur\/"},"img":{"alt_text":"","src":"https:\/\/i0.wp.com\/www.jojoenherbe.com\/wp-content\/uploads\/2024\/04\/Tant-de-nuances-de-pluie-scaled.jpg?fit=1200%2C1039&resize=350%2C200","width":350,"height":200,"srcset":"https:\/\/i0.wp.com\/www.jojoenherbe.com\/wp-content\/uploads\/2024\/04\/Tant-de-nuances-de-pluie-scaled.jpg?fit=1200%2C1039&resize=350%2C200 1x, https:\/\/i0.wp.com\/www.jojoenherbe.com\/wp-content\/uploads\/2024\/04\/Tant-de-nuances-de-pluie-scaled.jpg?fit=1200%2C1039&resize=525%2C300 1.5x, https:\/\/i0.wp.com\/www.jojoenherbe.com\/wp-content\/uploads\/2024\/04\/Tant-de-nuances-de-pluie-scaled.jpg?fit=1200%2C1039&resize=700%2C400 2x, https:\/\/i0.wp.com\/www.jojoenherbe.com\/wp-content\/uploads\/2024\/04\/Tant-de-nuances-de-pluie-scaled.jpg?fit=1200%2C1039&resize=1050%2C600 3x"},"classes":[]},{"id":25185,"url":"http:\/\/www.jojoenherbe.com\/index.php\/2022\/04\/28\/au-fil-des-pages-avec-un-petit-air-de-printemps\/","url_meta":{"origin":39067,"position":4},"title":"Au fil des pages avec Un petit air de printemps","author":"Jojo","date":"28 avril 2022","format":false,"excerpt":"Nous empruntons \u00e0 nouveau cette ann\u00e9e \u00e0 la m\u00e9diath\u00e8que le tome 3 des Contes de la Vall\u00e9e, Un petit air de printemps de Carles Porta (\u00e9d. Seuil Jeunesse, 2019), un album jeunesse \u00e0 partir de 3 ans. Dans la vall\u00e9e, le printemps est revenu tout comme Ticky l'oiseau qui d\u00e9couvre\u2026","rel":"","context":"Dans &quot;Mini lecteur&quot;","block_context":{"text":"Mini lecteur","link":"http:\/\/www.jojoenherbe.com\/index.php\/category\/mini-lecteur\/"},"img":{"alt_text":"","src":"https:\/\/i0.wp.com\/www.jojoenherbe.com\/wp-content\/uploads\/2022\/04\/Un-petit-air-de-printemps-scaled.jpg?fit=1200%2C1028&resize=350%2C200","width":350,"height":200,"srcset":"https:\/\/i0.wp.com\/www.jojoenherbe.com\/wp-content\/uploads\/2022\/04\/Un-petit-air-de-printemps-scaled.jpg?fit=1200%2C1028&resize=350%2C200 1x, https:\/\/i0.wp.com\/www.jojoenherbe.com\/wp-content\/uploads\/2022\/04\/Un-petit-air-de-printemps-scaled.jpg?fit=1200%2C1028&resize=525%2C300 1.5x, https:\/\/i0.wp.com\/www.jojoenherbe.com\/wp-content\/uploads\/2022\/04\/Un-petit-air-de-printemps-scaled.jpg?fit=1200%2C1028&resize=700%2C400 2x, https:\/\/i0.wp.com\/www.jojoenherbe.com\/wp-content\/uploads\/2022\/04\/Un-petit-air-de-printemps-scaled.jpg?fit=1200%2C1028&resize=1050%2C600 3x"},"classes":[]},{"id":17447,"url":"http:\/\/www.jojoenherbe.com\/index.php\/2021\/04\/16\/au-fil-des-pages-avec-le-maitre-des-estampes\/","url_meta":{"origin":39067,"position":5},"title":"Au fil des pages avec Le ma\u00eetre des estampes","author":"Jojo","date":"16 avril 2021","format":false,"excerpt":"En cherchant des albums jeunesse pour Un mois au Japon \u00e0 la m\u00e9diath\u00e8que, j'ai jet\u00e9 mon d\u00e9volu sur un album de Thierry Dedieu, un auteur\/illustrateur que j'appr\u00e9cie beaucoup et au style tr\u00e8s vari\u00e9 et pour tous les \u00e2ges comme par exemple, en tant qu'illustrateur, sa s\u00e9rie hilarante avec Fr\u00e9d\u00e9ric Marais,\u2026","rel":"","context":"Dans &quot;Mini lecteur&quot;","block_context":{"text":"Mini lecteur","link":"http:\/\/www.jojoenherbe.com\/index.php\/category\/mini-lecteur\/"},"img":{"alt_text":"","src":"https:\/\/i0.wp.com\/www.jojoenherbe.com\/wp-content\/uploads\/2021\/04\/Le-maitre-des-estampes-scaled.jpg?fit=1200%2C900&resize=350%2C200","width":350,"height":200,"srcset":"https:\/\/i0.wp.com\/www.jojoenherbe.com\/wp-content\/uploads\/2021\/04\/Le-maitre-des-estampes-scaled.jpg?fit=1200%2C900&resize=350%2C200 1x, https:\/\/i0.wp.com\/www.jojoenherbe.com\/wp-content\/uploads\/2021\/04\/Le-maitre-des-estampes-scaled.jpg?fit=1200%2C900&resize=525%2C300 1.5x, https:\/\/i0.wp.com\/www.jojoenherbe.com\/wp-content\/uploads\/2021\/04\/Le-maitre-des-estampes-scaled.jpg?fit=1200%2C900&resize=700%2C400 2x, https:\/\/i0.wp.com\/www.jojoenherbe.com\/wp-content\/uploads\/2021\/04\/Le-maitre-des-estampes-scaled.jpg?fit=1200%2C900&resize=1050%2C600 3x"},"classes":[]}],"_links":{"self":[{"href":"http:\/\/www.jojoenherbe.com\/index.php\/wp-json\/wp\/v2\/posts\/39067","targetHints":{"allow":["GET"]}}],"collection":[{"href":"http:\/\/www.jojoenherbe.com\/index.php\/wp-json\/wp\/v2\/posts"}],"about":[{"href":"http:\/\/www.jojoenherbe.com\/index.php\/wp-json\/wp\/v2\/types\/post"}],"author":[{"embeddable":true,"href":"http:\/\/www.jojoenherbe.com\/index.php\/wp-json\/wp\/v2\/users\/1"}],"replies":[{"embeddable":true,"href":"http:\/\/www.jojoenherbe.com\/index.php\/wp-json\/wp\/v2\/comments?post=39067"}],"version-history":[{"count":17,"href":"http:\/\/www.jojoenherbe.com\/index.php\/wp-json\/wp\/v2\/posts\/39067\/revisions"}],"predecessor-version":[{"id":39230,"href":"http:\/\/www.jojoenherbe.com\/index.php\/wp-json\/wp\/v2\/posts\/39067\/revisions\/39230"}],"wp:featuredmedia":[{"embeddable":true,"href":"http:\/\/www.jojoenherbe.com\/index.php\/wp-json\/wp\/v2\/media\/39073"}],"wp:attachment":[{"href":"http:\/\/www.jojoenherbe.com\/index.php\/wp-json\/wp\/v2\/media?parent=39067"}],"wp:term":[{"taxonomy":"category","embeddable":true,"href":"http:\/\/www.jojoenherbe.com\/index.php\/wp-json\/wp\/v2\/categories?post=39067"},{"taxonomy":"post_tag","embeddable":true,"href":"http:\/\/www.jojoenherbe.com\/index.php\/wp-json\/wp\/v2\/tags?post=39067"}],"curies":[{"name":"wp","href":"https:\/\/api.w.org\/{rel}","templated":true}]}}