{"id":38908,"date":"2025-04-06T11:53:06","date_gmt":"2025-04-06T09:53:06","guid":{"rendered":"https:\/\/www.jojoenherbe.com\/?p=38908"},"modified":"2025-04-06T11:53:06","modified_gmt":"2025-04-06T09:53:06","slug":"au-fil-des-pages-avec-au-lit-miyuki","status":"publish","type":"post","link":"http:\/\/www.jojoenherbe.com\/index.php\/2025\/04\/06\/au-fil-des-pages-avec-au-lit-miyuki\/","title":{"rendered":"Au fil des pages avec Au lit Miyuki"},"content":{"rendered":"<p style=\"text-align: justify;\"><em><a href=\"https:\/\/i0.wp.com\/www.jojoenherbe.com\/wp-content\/uploads\/2025\/04\/Au-lit-Miyuki-2-scaled.jpg\"><img data-recalc-dims=\"1\" loading=\"lazy\" decoding=\"async\" data-attachment-id=\"38912\" data-permalink=\"http:\/\/www.jojoenherbe.com\/index.php\/2025\/04\/06\/au-fil-des-pages-avec-au-lit-miyuki\/au-lit-miyuki-2\/\" data-orig-file=\"https:\/\/i0.wp.com\/www.jojoenherbe.com\/wp-content\/uploads\/2025\/04\/Au-lit-Miyuki-2-scaled.jpg?fit=2560%2C2007\" data-orig-size=\"2560,2007\" data-comments-opened=\"1\" data-image-meta=\"{&quot;aperture&quot;:&quot;1.8&quot;,&quot;credit&quot;:&quot;&quot;,&quot;camera&quot;:&quot;iPhone 7&quot;,&quot;caption&quot;:&quot;&quot;,&quot;created_timestamp&quot;:&quot;1685104486&quot;,&quot;copyright&quot;:&quot;&quot;,&quot;focal_length&quot;:&quot;3.99&quot;,&quot;iso&quot;:&quot;100&quot;,&quot;shutter_speed&quot;:&quot;0.071428571428571&quot;,&quot;title&quot;:&quot;&quot;,&quot;orientation&quot;:&quot;1&quot;}\" data-image-title=\"Au lit Miyuki 2\" data-image-description=\"\" data-image-caption=\"\" data-large-file=\"https:\/\/i0.wp.com\/www.jojoenherbe.com\/wp-content\/uploads\/2025\/04\/Au-lit-Miyuki-2-scaled.jpg?fit=676%2C530\" class=\"alignleft size-thumbnail wp-image-38912\" src=\"https:\/\/i0.wp.com\/www.jojoenherbe.com\/wp-content\/uploads\/2025\/04\/Au-lit-Miyuki-2.jpg?resize=150%2C150\" alt=\"\" width=\"150\" height=\"150\" srcset=\"https:\/\/i0.wp.com\/www.jojoenherbe.com\/wp-content\/uploads\/2025\/04\/Au-lit-Miyuki-2-scaled.jpg?resize=150%2C150 150w, https:\/\/i0.wp.com\/www.jojoenherbe.com\/wp-content\/uploads\/2025\/04\/Au-lit-Miyuki-2-scaled.jpg?zoom=2&amp;resize=150%2C150 300w, https:\/\/i0.wp.com\/www.jojoenherbe.com\/wp-content\/uploads\/2025\/04\/Au-lit-Miyuki-2-scaled.jpg?zoom=3&amp;resize=150%2C150 450w\" sizes=\"auto, (max-width: 150px) 100vw, 150px\" \/><\/a> <a href=\"https:\/\/i0.wp.com\/www.jojoenherbe.com\/wp-content\/uploads\/2025\/04\/Au-lit-Miyuki-3-scaled.jpg\"><img data-recalc-dims=\"1\" loading=\"lazy\" decoding=\"async\" data-attachment-id=\"38913\" data-permalink=\"http:\/\/www.jojoenherbe.com\/index.php\/2025\/04\/06\/au-fil-des-pages-avec-au-lit-miyuki\/au-lit-miyuki-3\/\" data-orig-file=\"https:\/\/i0.wp.com\/www.jojoenherbe.com\/wp-content\/uploads\/2025\/04\/Au-lit-Miyuki-3-scaled.jpg?fit=2560%2C1824\" data-orig-size=\"2560,1824\" data-comments-opened=\"1\" data-image-meta=\"{&quot;aperture&quot;:&quot;1.8&quot;,&quot;credit&quot;:&quot;&quot;,&quot;camera&quot;:&quot;iPhone 7&quot;,&quot;caption&quot;:&quot;&quot;,&quot;created_timestamp&quot;:&quot;1685104509&quot;,&quot;copyright&quot;:&quot;&quot;,&quot;focal_length&quot;:&quot;3.99&quot;,&quot;iso&quot;:&quot;100&quot;,&quot;shutter_speed&quot;:&quot;0.071428571428571&quot;,&quot;title&quot;:&quot;&quot;,&quot;orientation&quot;:&quot;1&quot;}\" data-image-title=\"Au lit Miyuki 3\" data-image-description=\"\" data-image-caption=\"\" data-large-file=\"https:\/\/i0.wp.com\/www.jojoenherbe.com\/wp-content\/uploads\/2025\/04\/Au-lit-Miyuki-3-scaled.jpg?fit=676%2C481\" class=\"alignleft size-thumbnail wp-image-38913\" src=\"https:\/\/i0.wp.com\/www.jojoenherbe.com\/wp-content\/uploads\/2025\/04\/Au-lit-Miyuki-3.jpg?resize=150%2C150\" alt=\"\" width=\"150\" height=\"150\" srcset=\"https:\/\/i0.wp.com\/www.jojoenherbe.com\/wp-content\/uploads\/2025\/04\/Au-lit-Miyuki-3-scaled.jpg?resize=150%2C150 150w, https:\/\/i0.wp.com\/www.jojoenherbe.com\/wp-content\/uploads\/2025\/04\/Au-lit-Miyuki-3-scaled.jpg?zoom=2&amp;resize=150%2C150 300w, https:\/\/i0.wp.com\/www.jojoenherbe.com\/wp-content\/uploads\/2025\/04\/Au-lit-Miyuki-3-scaled.jpg?zoom=3&amp;resize=150%2C150 450w\" sizes=\"auto, (max-width: 150px) 100vw, 150px\" \/><\/a>Nous avions lu <span style=\"text-decoration: underline;\">Au lit Miyuki<\/span> de Roxane Marie Galliez et Seng Soun Ratanavanh (\u00e9d. de La Martini\u00e8re, f\u00e9vrier 2017, 32 pages), un album jeunesse grand format \u00e0 partir de 4\/5 ans. Alors qu&rsquo;il est temps pour la petite fille d&rsquo;aller dormir, Miyuki s&#8217;emploie par tous les moyens \u00e0 retarder l&rsquo;heure du coucher, sous le regard bienveillant et patient de son grand-p\u00e8re. Finira-t-elle par dormir?<\/em><\/p>\n<p style=\"text-align: justify;\"><a href=\"https:\/\/i0.wp.com\/www.jojoenherbe.com\/wp-content\/uploads\/2025\/04\/Au-lit-Miyuki-4-scaled.jpg\"><img data-recalc-dims=\"1\" loading=\"lazy\" decoding=\"async\" data-attachment-id=\"38914\" data-permalink=\"http:\/\/www.jojoenherbe.com\/index.php\/2025\/04\/06\/au-fil-des-pages-avec-au-lit-miyuki\/au-lit-miyuki-4\/\" data-orig-file=\"https:\/\/i0.wp.com\/www.jojoenherbe.com\/wp-content\/uploads\/2025\/04\/Au-lit-Miyuki-4-scaled.jpg?fit=1920%2C2560\" data-orig-size=\"1920,2560\" data-comments-opened=\"1\" data-image-meta=\"{&quot;aperture&quot;:&quot;1.8&quot;,&quot;credit&quot;:&quot;&quot;,&quot;camera&quot;:&quot;iPhone 7&quot;,&quot;caption&quot;:&quot;&quot;,&quot;created_timestamp&quot;:&quot;1685104541&quot;,&quot;copyright&quot;:&quot;&quot;,&quot;focal_length&quot;:&quot;3.99&quot;,&quot;iso&quot;:&quot;100&quot;,&quot;shutter_speed&quot;:&quot;0.071428571428571&quot;,&quot;title&quot;:&quot;&quot;,&quot;orientation&quot;:&quot;1&quot;}\" data-image-title=\"Au lit Miyuki 4\" data-image-description=\"\" data-image-caption=\"\" data-large-file=\"https:\/\/i0.wp.com\/www.jojoenherbe.com\/wp-content\/uploads\/2025\/04\/Au-lit-Miyuki-4-scaled.jpg?fit=676%2C901\" class=\"size-thumbnail wp-image-38914 alignright\" src=\"https:\/\/i0.wp.com\/www.jojoenherbe.com\/wp-content\/uploads\/2025\/04\/Au-lit-Miyuki-4.jpg?resize=150%2C150\" alt=\"\" width=\"150\" height=\"150\" srcset=\"https:\/\/i0.wp.com\/www.jojoenherbe.com\/wp-content\/uploads\/2025\/04\/Au-lit-Miyuki-4-scaled.jpg?resize=150%2C150 150w, https:\/\/i0.wp.com\/www.jojoenherbe.com\/wp-content\/uploads\/2025\/04\/Au-lit-Miyuki-4-scaled.jpg?zoom=2&amp;resize=150%2C150 300w, https:\/\/i0.wp.com\/www.jojoenherbe.com\/wp-content\/uploads\/2025\/04\/Au-lit-Miyuki-4-scaled.jpg?zoom=3&amp;resize=150%2C150 450w\" sizes=\"auto, (max-width: 150px) 100vw, 150px\" \/><\/a><em>Les illustrations color\u00e9es sont magnifiques et oniriques, la petite fille \u00e0 l&rsquo;image d&rsquo;une Alice au pays des merveilles rapetissant au fil des pages et au fur-et-\u00e0 mesure que le sommeil l&rsquo;appelle. Construit comme un conte-randonn\u00e9e, l&rsquo;histoire fait la part \u00e0 l&rsquo;imaginaire enfantin et \u00e0 la belle relation interg\u00e9n\u00e9rationnelle entre la petite fille et son grand-p\u00e8re. Le jeune lecteur peut facilement s&rsquo;identifier \u00e0 la petite fille qui se d\u00e9couvre tout un tas de choses \u00e0 finir alors qu&rsquo;il est plus que temps de se coucher, comme arroser le potager, finir une couverture pour son chat&#8230; Un tr\u00e8s bon moment de lecture avec cet album jeunesse qui nous avait accompagn\u00e9, en 2022, pendant plusieurs soirs, comme lecture du soir! Cela m&rsquo;a rappel\u00e9 une autre histoire de cette illustratrice sur le m\u00eame th\u00e8me, <a href=\"https:\/\/www.jojoenherbe.com\/index.php\/2023\/04\/05\/au-fil-des-pages-avec-gaspard-dans-la-nuit\/\"><span style=\"text-decoration: underline;\">Gaspard dans la nuit<\/span><\/a> (\u00e9d. de la Martini\u00e8re Jeunesse, octobre 2020, 40 pages).<\/em><\/p>\n<div id=\"attachment_38850\" style=\"width: 105px\" class=\"wp-caption alignleft\"><img data-recalc-dims=\"1\" loading=\"lazy\" decoding=\"async\" aria-describedby=\"caption-attachment-38850\" data-attachment-id=\"38850\" data-permalink=\"http:\/\/www.jojoenherbe.com\/index.php\/2025\/04\/02\/un-mois-au-japon-2025\/un-mois-au-japon-logo-2025\/\" data-orig-file=\"https:\/\/i0.wp.com\/www.jojoenherbe.com\/wp-content\/uploads\/2025\/04\/Un-Mois-au-Japon-logo-2025.jpg?fit=768%2C960\" data-orig-size=\"768,960\" data-comments-opened=\"1\" data-image-meta=\"{&quot;aperture&quot;:&quot;0&quot;,&quot;credit&quot;:&quot;&quot;,&quot;camera&quot;:&quot;&quot;,&quot;caption&quot;:&quot;&quot;,&quot;created_timestamp&quot;:&quot;0&quot;,&quot;copyright&quot;:&quot;&quot;,&quot;focal_length&quot;:&quot;0&quot;,&quot;iso&quot;:&quot;0&quot;,&quot;shutter_speed&quot;:&quot;0&quot;,&quot;title&quot;:&quot;&quot;,&quot;orientation&quot;:&quot;0&quot;}\" data-image-title=\"Un Mois au Japon &amp;#8211; logo 2025\" data-image-description=\"\" data-image-caption=\"\" data-large-file=\"https:\/\/i0.wp.com\/www.jojoenherbe.com\/wp-content\/uploads\/2025\/04\/Un-Mois-au-Japon-logo-2025.jpg?fit=676%2C845\" class=\"wp-image-38850\" src=\"https:\/\/i0.wp.com\/www.jojoenherbe.com\/wp-content\/uploads\/2025\/04\/Un-Mois-au-Japon-logo-2025.jpg?resize=95%2C119\" alt=\"\" width=\"95\" height=\"119\" srcset=\"https:\/\/i0.wp.com\/www.jojoenherbe.com\/wp-content\/uploads\/2025\/04\/Un-Mois-au-Japon-logo-2025.jpg?w=768 768w, https:\/\/i0.wp.com\/www.jojoenherbe.com\/wp-content\/uploads\/2025\/04\/Un-Mois-au-Japon-logo-2025.jpg?resize=240%2C300 240w, https:\/\/i0.wp.com\/www.jojoenherbe.com\/wp-content\/uploads\/2025\/04\/Un-Mois-au-Japon-logo-2025.jpg?resize=676%2C845 676w\" sizes=\"auto, (max-width: 95px) 100vw, 95px\" \/><p id=\"caption-attachment-38850\" class=\"wp-caption-text\">Participation #1 Un Mois au Japon 2025 de Lou et <em><a href=\"https:\/\/lelivroblog.fr\/2025\/04\/02\/billet-de-presentation-et-journal-de-bord-un-mois-au-japon-2025\/\">Hilde<\/a><\/em> #Album jeunesse<\/p><\/div>\n<div style=\"width: 91px\" class=\"wp-caption alignleft\"><img loading=\"lazy\" decoding=\"async\" src=\"https:\/\/i0.wp.com\/mapetitemediatheque.fr\/wp-content\/uploads\/2021\/07\/challenge-contes-et-legendes-239x300-1.jpg?resize=137%2C172\" alt=\"\" width=\"81\" height=\"101\" data-recalc-dims=\"1\" \/><p class=\"wp-caption-text\">Participation #6 Challenge Contes &amp; L\u00e9gendes 2025 de <a href=\"https:\/\/mapetitemediatheque.fr\/2025\/01\/challenge-contes-legendes-2025\/\">Bidib<\/a> #Conte contemporain<\/p><\/div>\n<div id=\"attachment_37823\" style=\"width: 109px\" class=\"wp-caption alignleft\"><img data-recalc-dims=\"1\" loading=\"lazy\" decoding=\"async\" aria-describedby=\"caption-attachment-37823\" data-attachment-id=\"37823\" data-permalink=\"http:\/\/www.jojoenherbe.com\/index.php\/2025\/01\/10\/mes-challenges-livresques-2025\/challenge-petit-bac-2025-denna-logo\/\" data-orig-file=\"https:\/\/i0.wp.com\/www.jojoenherbe.com\/wp-content\/uploads\/2024\/12\/Challenge-Petit-Bac-2025-dEnna-logo.jpg?fit=285%2C217\" data-orig-size=\"285,217\" data-comments-opened=\"1\" data-image-meta=\"{&quot;aperture&quot;:&quot;0&quot;,&quot;credit&quot;:&quot;&quot;,&quot;camera&quot;:&quot;&quot;,&quot;caption&quot;:&quot;&quot;,&quot;created_timestamp&quot;:&quot;1735738492&quot;,&quot;copyright&quot;:&quot;&quot;,&quot;focal_length&quot;:&quot;0&quot;,&quot;iso&quot;:&quot;0&quot;,&quot;shutter_speed&quot;:&quot;0&quot;,&quot;title&quot;:&quot;&quot;,&quot;orientation&quot;:&quot;0&quot;}\" data-image-title=\"Challenge Petit Bac 2025 d&amp;rsquo;Enna &amp;#8211; logo\" data-image-description=\"\" data-image-caption=\"\" data-large-file=\"https:\/\/i0.wp.com\/www.jojoenherbe.com\/wp-content\/uploads\/2024\/12\/Challenge-Petit-Bac-2025-dEnna-logo.jpg?fit=285%2C217\" class=\"wp-image-37823\" src=\"https:\/\/i0.wp.com\/www.jojoenherbe.com\/wp-content\/uploads\/2024\/12\/Challenge-Petit-Bac-2025-dEnna-logo.jpg?resize=99%2C75\" alt=\"\" width=\"99\" height=\"75\" \/><p id=\"caption-attachment-37823\" class=\"wp-caption-text\">Challenge Petit Bac d\u2019<em><a href=\"https:\/\/ennalit.wordpress.com\/2024\/12\/01\/challenge-petit-bac-2025-qui-veut-jouer\/\">Enna<\/a><\/em> #2 Cat\u00e9gorie Objet: \u00ab Lit \u00bb<\/p><\/div>\n","protected":false},"excerpt":{"rendered":"<p>Nous avions lu Au lit Miyuki de Roxane Marie Galliez et Seng Soun Ratanavanh (\u00e9d. de La Martini\u00e8re, f\u00e9vrier 2017, 32 pages), un album jeunesse grand format \u00e0 partir de 4\/5 ans. Alors qu&rsquo;il est temps pour la petite fille d&rsquo;aller dormir, Miyuki s&#8217;emploie par tous les moyens \u00e0 retarder l&rsquo;heure du coucher, sous le [&hellip;]<\/p>\n","protected":false},"author":1,"featured_media":38909,"comment_status":"open","ping_status":"open","sticky":false,"template":"","format":"standard","meta":{"jetpack_post_was_ever_published":false,"_jetpack_newsletter_access":"","_jetpack_dont_email_post_to_subs":false,"_jetpack_newsletter_tier_id":0,"_jetpack_memberships_contains_paywalled_content":false,"_jetpack_memberships_contains_paid_content":false,"footnotes":""},"categories":[363],"tags":[1031,409,4424,4423,4548,407,868,620,1283,602,367,543,429,532,3105,798,405,4224,2806,797,4534],"class_list":["post-38908","post","type-post","status-publish","format-standard","has-post-thumbnail","hentry","category-mini-lecteur","tag-4-7-ans","tag-albums-jeunesse","tag-challenge-contes-et-legendes-2025","tag-challenge-petit-bac-2025","tag-conte-contemporain","tag-coucher","tag-enfance","tag-fille","tag-grand-pere","tag-imaginaire","tag-lecture-jeunesse","tag-nature","tag-nuit","tag-potager","tag-relation-intergenerationnelle","tag-reve","tag-rituels-du-soir","tag-roxane-marie-galliez","tag-seng-soun-ratanavanh","tag-sommeil","tag-un-mois-au-japon-2025","post-preview"],"jetpack_featured_media_url":"https:\/\/i0.wp.com\/www.jojoenherbe.com\/wp-content\/uploads\/2025\/04\/Au-lit-Miyuki-scaled.jpg?fit=2560%2C2301","jetpack_sharing_enabled":true,"jetpack_shortlink":"https:\/\/wp.me\/p9zhGx-a7y","jetpack_likes_enabled":true,"jetpack-related-posts":[{"id":35528,"url":"http:\/\/www.jojoenherbe.com\/index.php\/2024\/04\/03\/au-fil-des-pages-avec-la-naissance-du-printemps\/","url_meta":{"origin":38908,"position":0},"title":"Au fil des pages avec La naissance du printemps","author":"Jojo","date":"3 avril 2024","format":false,"excerpt":"Nous avons lu hier soir La naissance du printemps de Roxane Marie Galliez et Eric Puybaret (\u00e9d. Balivernes, avril 2019,\u00a0 32 pages), un album jeunesse \u00e0 partir de 6 ans. Bien avant l'arriv\u00e9e des \u00eatres humains, vivaient Orithye la nymphe dont le pouvoir \u00e9tait de donner des couleurs \u00e0 la\u2026","rel":"","context":"Dans &quot;Mini lecteur&quot;","block_context":{"text":"Mini lecteur","link":"http:\/\/www.jojoenherbe.com\/index.php\/category\/mini-lecteur\/"},"img":{"alt_text":"","src":"https:\/\/i0.wp.com\/www.jojoenherbe.com\/wp-content\/uploads\/2024\/04\/La-naissance-du-printemps-scaled.jpg?fit=1200%2C910&resize=350%2C200","width":350,"height":200,"srcset":"https:\/\/i0.wp.com\/www.jojoenherbe.com\/wp-content\/uploads\/2024\/04\/La-naissance-du-printemps-scaled.jpg?fit=1200%2C910&resize=350%2C200 1x, https:\/\/i0.wp.com\/www.jojoenherbe.com\/wp-content\/uploads\/2024\/04\/La-naissance-du-printemps-scaled.jpg?fit=1200%2C910&resize=525%2C300 1.5x, https:\/\/i0.wp.com\/www.jojoenherbe.com\/wp-content\/uploads\/2024\/04\/La-naissance-du-printemps-scaled.jpg?fit=1200%2C910&resize=700%2C400 2x, https:\/\/i0.wp.com\/www.jojoenherbe.com\/wp-content\/uploads\/2024\/04\/La-naissance-du-printemps-scaled.jpg?fit=1200%2C910&resize=1050%2C600 3x"},"classes":[]},{"id":30504,"url":"http:\/\/www.jojoenherbe.com\/index.php\/2023\/04\/05\/au-fil-des-pages-avec-gaspard-dans-la-nuit\/","url_meta":{"origin":38908,"position":1},"title":"Au fil des pages avec Gaspard dans la nuit","author":"Jojo","date":"5 avril 2023","format":false,"excerpt":"Apr\u00e8s l'avoir lu et relu en octobre 2021, nous avons relu cette semaine Gaspard dans la nuit de Seng Soun Ratanavanh (\u00e9d. de la Martini\u00e8re Jeunesse, 2020), un album jeunesse \u00e0 partir de 5 ans. Un jeune gar\u00e7on Gaspard a bien du mal \u00e0 s\u2019endormir le soir.\u00a0 Il se sent\u2026","rel":"","context":"Dans &quot;Mini lecteur&quot;","block_context":{"text":"Mini lecteur","link":"http:\/\/www.jojoenherbe.com\/index.php\/category\/mini-lecteur\/"},"img":{"alt_text":"","src":"https:\/\/i0.wp.com\/www.jojoenherbe.com\/wp-content\/uploads\/2021\/10\/Gaspard-dans-la-nuit-2-scaled.jpg?fit=1200%2C965&resize=350%2C200","width":350,"height":200,"srcset":"https:\/\/i0.wp.com\/www.jojoenherbe.com\/wp-content\/uploads\/2021\/10\/Gaspard-dans-la-nuit-2-scaled.jpg?fit=1200%2C965&resize=350%2C200 1x, https:\/\/i0.wp.com\/www.jojoenherbe.com\/wp-content\/uploads\/2021\/10\/Gaspard-dans-la-nuit-2-scaled.jpg?fit=1200%2C965&resize=525%2C300 1.5x, https:\/\/i0.wp.com\/www.jojoenherbe.com\/wp-content\/uploads\/2021\/10\/Gaspard-dans-la-nuit-2-scaled.jpg?fit=1200%2C965&resize=700%2C400 2x, https:\/\/i0.wp.com\/www.jojoenherbe.com\/wp-content\/uploads\/2021\/10\/Gaspard-dans-la-nuit-2-scaled.jpg?fit=1200%2C965&resize=1050%2C600 3x"},"classes":[]},{"id":38848,"url":"http:\/\/www.jojoenherbe.com\/index.php\/2025\/04\/02\/un-mois-au-japon-2025\/","url_meta":{"origin":38908,"position":2},"title":"Billet de suivi: Un Mois au Japon 2025","author":"Jojo","date":"2 avril 2025","format":false,"excerpt":"Hilde\u00a0et Lou coorganisent encore cette ann\u00e9e Un Mois au Japon 2025 avec comme l'ann\u00e9e derni\u00e8re un programme libre. Le challenge se d\u00e9roule donc du 1er au 30 avril avec possibilit\u00e9 de continuer \u00e0 partager jusqu'au mois d'ao\u00fbt 2025 sur les blogs ou r\u00e9seaux sociaux selon nos envies (livres, films, photos,\u2026","rel":"","context":"Dans &quot;Mini challenger&quot;","block_context":{"text":"Mini challenger","link":"http:\/\/www.jojoenherbe.com\/index.php\/category\/mini-challenger\/"},"img":{"alt_text":"","src":"https:\/\/i0.wp.com\/www.jojoenherbe.com\/wp-content\/uploads\/2025\/04\/Un-Mois-au-Japon-logo-2025.jpg?fit=768%2C960&resize=350%2C200","width":350,"height":200,"srcset":"https:\/\/i0.wp.com\/www.jojoenherbe.com\/wp-content\/uploads\/2025\/04\/Un-Mois-au-Japon-logo-2025.jpg?fit=768%2C960&resize=350%2C200 1x, https:\/\/i0.wp.com\/www.jojoenherbe.com\/wp-content\/uploads\/2025\/04\/Un-Mois-au-Japon-logo-2025.jpg?fit=768%2C960&resize=525%2C300 1.5x, https:\/\/i0.wp.com\/www.jojoenherbe.com\/wp-content\/uploads\/2025\/04\/Un-Mois-au-Japon-logo-2025.jpg?fit=768%2C960&resize=700%2C400 2x"},"classes":[]},{"id":38810,"url":"http:\/\/www.jojoenherbe.com\/index.php\/2025\/03\/31\/billet-de-suivi-challenge-petit-bac-2025\/","url_meta":{"origin":38908,"position":3},"title":"Billet de suivi: Challenge Petit Bac 2025","author":"Jojo","date":"31 mars 2025","format":false,"excerpt":"Je participe pour la septi\u00e8me ann\u00e9e cons\u00e9cutive au Challenge Petit Bac d\u2019Enna, les cinq premi\u00e8res cat\u00e9gories restant identiques aux ann\u00e9es pr\u00e9c\u00e9dentes. Je vais actualiser ce billet au fur-et-\u00e0 mesure des lignes valid\u00e9es et faire un point sur mes participations au challenge. Pour le moment, j\u2019ai termin\u00e9 mes 4 premi\u00e8res lignes\u2026","rel":"","context":"Dans &quot;Mini challenger&quot;","block_context":{"text":"Mini challenger","link":"http:\/\/www.jojoenherbe.com\/index.php\/category\/mini-challenger\/"},"img":{"alt_text":"","src":"https:\/\/i0.wp.com\/www.jojoenherbe.com\/wp-content\/uploads\/2024\/12\/Challenge-Petit-Bac-2025-dEnna-logo.jpg?fit=285%2C217&resize=350%2C200","width":350,"height":200},"classes":[]},{"id":13959,"url":"http:\/\/www.jojoenherbe.com\/index.php\/2020\/11\/20\/au-fil-des-pages-avec-balthazar-na-pas-peur-du-noir\/","url_meta":{"origin":38908,"position":4},"title":"Au fil des pages avec Balthazar n&rsquo;a pas peur du noir","author":"Jojo","date":"20 novembre 2020","format":false,"excerpt":"Nous lisons, dans nos derniers emprunts \u00e0 la m\u00e9diath\u00e8que, Balthazar n'a pas peur du noir et P\u00e9pin presque pas non plus de Marie-H\u00e9l\u00e8ne Place et Caroline Fontaine-Riquier (\u00e9d. Hatier Jeunesse, 2013), un album jeunesse \u00e0 partir de 3 ans. La nuit est tomb\u00e9e. Balthazar et son doudou, P\u00e9pin vont se\u2026","rel":"","context":"Dans &quot;Mini lecteur&quot;","block_context":{"text":"Mini lecteur","link":"http:\/\/www.jojoenherbe.com\/index.php\/category\/mini-lecteur\/"},"img":{"alt_text":"","src":"https:\/\/i0.wp.com\/www.jojoenherbe.com\/wp-content\/uploads\/2020\/11\/Balthazar-na-pas-peur-du-noir-4-scaled.jpg?fit=1200%2C900&resize=350%2C200","width":350,"height":200,"srcset":"https:\/\/i0.wp.com\/www.jojoenherbe.com\/wp-content\/uploads\/2020\/11\/Balthazar-na-pas-peur-du-noir-4-scaled.jpg?fit=1200%2C900&resize=350%2C200 1x, https:\/\/i0.wp.com\/www.jojoenherbe.com\/wp-content\/uploads\/2020\/11\/Balthazar-na-pas-peur-du-noir-4-scaled.jpg?fit=1200%2C900&resize=525%2C300 1.5x, https:\/\/i0.wp.com\/www.jojoenherbe.com\/wp-content\/uploads\/2020\/11\/Balthazar-na-pas-peur-du-noir-4-scaled.jpg?fit=1200%2C900&resize=700%2C400 2x, https:\/\/i0.wp.com\/www.jojoenherbe.com\/wp-content\/uploads\/2020\/11\/Balthazar-na-pas-peur-du-noir-4-scaled.jpg?fit=1200%2C900&resize=1050%2C600 3x"},"classes":[]},{"id":21608,"url":"http:\/\/www.jojoenherbe.com\/index.php\/2021\/10\/18\/point-lecture-hebdomadaire-11\/","url_meta":{"origin":38908,"position":5},"title":"Point lecture hebdomadaire #11","author":"Jojo","date":"18 octobre 2021","format":false,"excerpt":"En ce d\u00e9but de semaine, voici notre point lecture hebdomadaire avec un retour sur nos lectures de la semaine derni\u00e8re et celle en cours, avec un passage \u00e0 la m\u00e9diath\u00e8que et une fin de semaine plac\u00e9e sous un Halloween cosy RAT. Nos lectures du 11 au 17 octobre 2021: Des\u2026","rel":"","context":"Dans &quot;Mini blogueur&quot;","block_context":{"text":"Mini blogueur","link":"http:\/\/www.jojoenherbe.com\/index.php\/category\/mini-blogueur\/"},"img":{"alt_text":"","src":"https:\/\/i0.wp.com\/www.jojoenherbe.com\/wp-content\/uploads\/2021\/10\/Point-lecture-hebdomadaire-11-scaled.jpg?fit=1200%2C900&resize=350%2C200","width":350,"height":200,"srcset":"https:\/\/i0.wp.com\/www.jojoenherbe.com\/wp-content\/uploads\/2021\/10\/Point-lecture-hebdomadaire-11-scaled.jpg?fit=1200%2C900&resize=350%2C200 1x, https:\/\/i0.wp.com\/www.jojoenherbe.com\/wp-content\/uploads\/2021\/10\/Point-lecture-hebdomadaire-11-scaled.jpg?fit=1200%2C900&resize=525%2C300 1.5x, https:\/\/i0.wp.com\/www.jojoenherbe.com\/wp-content\/uploads\/2021\/10\/Point-lecture-hebdomadaire-11-scaled.jpg?fit=1200%2C900&resize=700%2C400 2x, https:\/\/i0.wp.com\/www.jojoenherbe.com\/wp-content\/uploads\/2021\/10\/Point-lecture-hebdomadaire-11-scaled.jpg?fit=1200%2C900&resize=1050%2C600 3x"},"classes":[]}],"_links":{"self":[{"href":"http:\/\/www.jojoenherbe.com\/index.php\/wp-json\/wp\/v2\/posts\/38908","targetHints":{"allow":["GET"]}}],"collection":[{"href":"http:\/\/www.jojoenherbe.com\/index.php\/wp-json\/wp\/v2\/posts"}],"about":[{"href":"http:\/\/www.jojoenherbe.com\/index.php\/wp-json\/wp\/v2\/types\/post"}],"author":[{"embeddable":true,"href":"http:\/\/www.jojoenherbe.com\/index.php\/wp-json\/wp\/v2\/users\/1"}],"replies":[{"embeddable":true,"href":"http:\/\/www.jojoenherbe.com\/index.php\/wp-json\/wp\/v2\/comments?post=38908"}],"version-history":[{"count":9,"href":"http:\/\/www.jojoenherbe.com\/index.php\/wp-json\/wp\/v2\/posts\/38908\/revisions"}],"predecessor-version":[{"id":38938,"href":"http:\/\/www.jojoenherbe.com\/index.php\/wp-json\/wp\/v2\/posts\/38908\/revisions\/38938"}],"wp:featuredmedia":[{"embeddable":true,"href":"http:\/\/www.jojoenherbe.com\/index.php\/wp-json\/wp\/v2\/media\/38909"}],"wp:attachment":[{"href":"http:\/\/www.jojoenherbe.com\/index.php\/wp-json\/wp\/v2\/media?parent=38908"}],"wp:term":[{"taxonomy":"category","embeddable":true,"href":"http:\/\/www.jojoenherbe.com\/index.php\/wp-json\/wp\/v2\/categories?post=38908"},{"taxonomy":"post_tag","embeddable":true,"href":"http:\/\/www.jojoenherbe.com\/index.php\/wp-json\/wp\/v2\/tags?post=38908"}],"curies":[{"name":"wp","href":"https:\/\/api.w.org\/{rel}","templated":true}]}}