{"id":38757,"date":"2025-04-01T19:07:10","date_gmt":"2025-04-01T17:07:10","guid":{"rendered":"https:\/\/www.jojoenherbe.com\/?p=38757"},"modified":"2026-02-18T13:54:16","modified_gmt":"2026-02-18T12:54:16","slug":"point-lecture-hebdomadaire-2025-13","status":"publish","type":"post","link":"http:\/\/www.jojoenherbe.com\/index.php\/2025\/04\/01\/point-lecture-hebdomadaire-2025-13\/","title":{"rendered":"Point lecture hebdomadaire 2025 #13"},"content":{"rendered":"<p style=\"text-align: justify;\"><em>En cette d\u00e9but de semaine, voici mon point lecture hebdomadaire avec un retour sur nos lectures (mais pas nos relectures) de la semaine derni\u00e8re. <\/em><\/p>\n<p><strong><span style=\"text-decoration: underline;\">Nos lectures du\u00a0 24 au 30 mars 2025<\/span>:<\/strong><\/p>\n<p><em><span style=\"text-decoration: underline;\">Des lectures jeunesse<\/span>:<\/em><\/p>\n<p style=\"text-align: justify;\"><em>Nous continuons \u00e0 lire avec mon mini lutin <span style=\"text-decoration: underline;\"><strong>Le tour du monde en 80 jours<\/strong><\/span> de Jules Verne (\u00e9d. Hatier, ao\u00fbt 2011, 352 pages), un roman jeunesse d&rsquo;aventures paru pour la premi\u00e8re fois en 1872<\/em>.<\/p>\n<ul>\n<li style=\"text-align: justify;\"><em>(Albums jeunesse) <span style=\"text-decoration: underline;\"><strong>Les Souris du Buisson-aux-M\u00fbres, Le Printemps<\/strong><\/span> et <strong><span style=\"text-decoration: underline;\">L\u2019\u00c9t\u00e9<\/span><\/strong> de Jill Barklem<\/em><\/li>\n<\/ul>\n<p style=\"text-align: justify;\"><em><a href=\"https:\/\/i0.wp.com\/www.jojoenherbe.com\/wp-content\/uploads\/2025\/04\/Les-Souris-du-Buisson-aux-Mures-scaled.jpg\"><img data-recalc-dims=\"1\" loading=\"lazy\" decoding=\"async\" data-attachment-id=\"38842\" data-permalink=\"http:\/\/www.jojoenherbe.com\/index.php\/2025\/04\/01\/point-lecture-hebdomadaire-2025-13\/les-souris-du-buisson-aux-mures\/\" data-orig-file=\"https:\/\/i0.wp.com\/www.jojoenherbe.com\/wp-content\/uploads\/2025\/04\/Les-Souris-du-Buisson-aux-Mures-scaled.jpg?fit=2560%2C1867\" data-orig-size=\"2560,1867\" data-comments-opened=\"1\" data-image-meta=\"{&quot;aperture&quot;:&quot;1.8&quot;,&quot;credit&quot;:&quot;&quot;,&quot;camera&quot;:&quot;iPhone 7&quot;,&quot;caption&quot;:&quot;&quot;,&quot;created_timestamp&quot;:&quot;1743533775&quot;,&quot;copyright&quot;:&quot;&quot;,&quot;focal_length&quot;:&quot;3.99&quot;,&quot;iso&quot;:&quot;100&quot;,&quot;shutter_speed&quot;:&quot;0.14285714285714&quot;,&quot;title&quot;:&quot;&quot;,&quot;orientation&quot;:&quot;1&quot;}\" data-image-title=\"Les Souris du Buisson-aux-M\u00fbres\" data-image-description=\"\" data-image-caption=\"\" data-large-file=\"https:\/\/i0.wp.com\/www.jojoenherbe.com\/wp-content\/uploads\/2025\/04\/Les-Souris-du-Buisson-aux-Mures-scaled.jpg?fit=676%2C493\" class=\"alignleft size-thumbnail wp-image-38842\" src=\"https:\/\/i0.wp.com\/www.jojoenherbe.com\/wp-content\/uploads\/2025\/04\/Les-Souris-du-Buisson-aux-Mures.jpg?resize=150%2C150\" alt=\"\" width=\"150\" height=\"150\" srcset=\"https:\/\/i0.wp.com\/www.jojoenherbe.com\/wp-content\/uploads\/2025\/04\/Les-Souris-du-Buisson-aux-Mures-scaled.jpg?resize=150%2C150 150w, https:\/\/i0.wp.com\/www.jojoenherbe.com\/wp-content\/uploads\/2025\/04\/Les-Souris-du-Buisson-aux-Mures-scaled.jpg?zoom=2&amp;resize=150%2C150 300w, https:\/\/i0.wp.com\/www.jojoenherbe.com\/wp-content\/uploads\/2025\/04\/Les-Souris-du-Buisson-aux-Mures-scaled.jpg?zoom=3&amp;resize=150%2C150 450w\" sizes=\"auto, (max-width: 150px) 100vw, 150px\" \/><\/a>Nous avons \u00e9galement lu <strong><span style=\"text-decoration: underline;\">Les Souris du Buisson-aux-M\u00fbres, Le Printemps<\/span><\/strong> de Jill Barklem (\u00e9d. Qilinn \u00c9ditions, mars 2024, 32 pages), un album jeunesse \u00e0 partir de 3 ans et paru pour la premi\u00e8re fois au Royaume-Uni en 1980. Dans ce tome, les souris organisent un pique-nique surprise pour l&rsquo;anniversaire du petit Wilfred. Puis comme nous l&rsquo;avions d\u00e9j\u00e0 et sans attendre l&rsquo;\u00e9t\u00e9, il a aussi voulu lire le tome sur <strong><span style=\"text-decoration: underline;\">L\u2019\u00c9t\u00e9<\/span><\/strong> (\u00e9d. Qilinn \u00c9ditions, mars 2024, 32 pages) avec cette fois le mariage de Poppy Eyebright, la laiti\u00e8re et Dusty Dogwood, le meunier.\u00a0 Des histoires toutes aussi mignonnes que celles sur les deux autres saisons!<\/em><\/p>\n<ul>\n<li style=\"text-align: justify;\"><em>(Album jeunesse) <strong><span style=\"text-decoration: underline;\">La Belle et la B\u00eate<\/span><\/strong> de C\u00e9cile Roumigui\u00e8re et Benjamin Lacombe, d\u2019apr\u00e8s Gabrielle-Suzanne de Villeneuve<\/em><\/li>\n<\/ul>\n<p style=\"text-align: justify;\"><a href=\"https:\/\/i0.wp.com\/www.jojoenherbe.com\/wp-content\/uploads\/2025\/02\/La-Belle-et-la-Bete.jpg\"><img data-recalc-dims=\"1\" loading=\"lazy\" decoding=\"async\" data-attachment-id=\"38476\" data-permalink=\"http:\/\/www.jojoenherbe.com\/index.php\/2025\/02\/27\/throwback-thursday-livresque-malediction\/la-belle-et-la-bete-4\/\" data-orig-file=\"https:\/\/i0.wp.com\/www.jojoenherbe.com\/wp-content\/uploads\/2025\/02\/La-Belle-et-la-Bete.jpg?fit=1400%2C1909\" data-orig-size=\"1400,1909\" data-comments-opened=\"1\" data-image-meta=\"{&quot;aperture&quot;:&quot;0&quot;,&quot;credit&quot;:&quot;&quot;,&quot;camera&quot;:&quot;&quot;,&quot;caption&quot;:&quot;&quot;,&quot;created_timestamp&quot;:&quot;1738662362&quot;,&quot;copyright&quot;:&quot;&quot;,&quot;focal_length&quot;:&quot;0&quot;,&quot;iso&quot;:&quot;0&quot;,&quot;shutter_speed&quot;:&quot;0&quot;,&quot;title&quot;:&quot;&quot;,&quot;orientation&quot;:&quot;1&quot;}\" data-image-title=\"La Belle et la B\u00eate\" data-image-description=\"\" data-image-caption=\"\" data-large-file=\"https:\/\/i0.wp.com\/www.jojoenherbe.com\/wp-content\/uploads\/2025\/02\/La-Belle-et-la-Bete.jpg?fit=676%2C922\" class=\"size-thumbnail wp-image-38476 alignright\" src=\"https:\/\/i0.wp.com\/www.jojoenherbe.com\/wp-content\/uploads\/2025\/02\/La-Belle-et-la-Bete.jpg?resize=150%2C150\" alt=\"\" width=\"150\" height=\"150\" srcset=\"https:\/\/i0.wp.com\/www.jojoenherbe.com\/wp-content\/uploads\/2025\/02\/La-Belle-et-la-Bete.jpg?resize=150%2C150 150w, https:\/\/i0.wp.com\/www.jojoenherbe.com\/wp-content\/uploads\/2025\/02\/La-Belle-et-la-Bete.jpg?zoom=2&amp;resize=150%2C150 300w, https:\/\/i0.wp.com\/www.jojoenherbe.com\/wp-content\/uploads\/2025\/02\/La-Belle-et-la-Bete.jpg?zoom=3&amp;resize=150%2C150 450w\" sizes=\"auto, (max-width: 150px) 100vw, 150px\" \/><\/a><em>J&rsquo;ai lu, apr\u00e8s mon mini lutin, <span style=\"text-decoration: underline;\">La Belle et la B\u00eate<\/span> de C\u00e9cile Roumigui\u00e8re et Benjamin Lacombe, d\u2019apr\u00e8s Gabrielle-Suzanne de Villeneuve et qui est parue tout r\u00e9cemment (\u00e9d. Albin Michel Jeunesse, f\u00e9vrier 2025, 80 pages), un album jeunesse \u00e0 partir de 9 ans. J&rsquo;ai beaucoup appr\u00e9ci\u00e9 cette une r\u00e9interpr\u00e9tation r\u00e9ussie et magnifiquement illustr\u00e9e du conte originel, Mme Villeneuve s&rsquo;\u00e9tant tr\u00e8s certainement inspir\u00e9e de la famille des Goncalvus, dont le p\u00e8re souffrait d\u2019hypertrichose et dont Belle, dans cette version, d\u00e9couvre leur vie dans un livre de la biblioth\u00e8que de la B\u00eate. Un tr\u00e8s bon moment de lecture! J&rsquo;en reparle tr\u00e8s vite.<\/em><\/p>\n<ul>\n<li><em>(Roman jeunesse)<strong> <span style=\"text-decoration: underline;\">L\u2019\u00c9toile du soir<\/span><\/strong> de Si\u00e8cle Va\u00eblban<\/em><\/li>\n<\/ul>\n<p style=\"text-align: justify;\"><em><a href=\"https:\/\/i0.wp.com\/www.jojoenherbe.com\/wp-content\/uploads\/2025\/03\/LEtoile-du-soir.jpg\"><img data-recalc-dims=\"1\" loading=\"lazy\" decoding=\"async\" data-attachment-id=\"38797\" data-permalink=\"http:\/\/www.jojoenherbe.com\/index.php\/2025\/03\/30\/au-fil-des-pages-avec-letoile-du-soir\/screenshot-168\/\" data-orig-file=\"https:\/\/i0.wp.com\/www.jojoenherbe.com\/wp-content\/uploads\/2025\/03\/LEtoile-du-soir.jpg?fit=749%2C1140\" data-orig-size=\"749,1140\" data-comments-opened=\"1\" data-image-meta=\"{&quot;aperture&quot;:&quot;0&quot;,&quot;credit&quot;:&quot;&quot;,&quot;camera&quot;:&quot;&quot;,&quot;caption&quot;:&quot;Screenshot&quot;,&quot;created_timestamp&quot;:&quot;0&quot;,&quot;copyright&quot;:&quot;&quot;,&quot;focal_length&quot;:&quot;0&quot;,&quot;iso&quot;:&quot;0&quot;,&quot;shutter_speed&quot;:&quot;0&quot;,&quot;title&quot;:&quot;Screenshot&quot;,&quot;orientation&quot;:&quot;1&quot;}\" data-image-title=\"\" data-image-description=\"\" data-image-caption=\"\" data-large-file=\"https:\/\/i0.wp.com\/www.jojoenherbe.com\/wp-content\/uploads\/2025\/03\/LEtoile-du-soir.jpg?fit=673%2C1024\" class=\"size-thumbnail wp-image-38797 alignleft\" src=\"https:\/\/i0.wp.com\/www.jojoenherbe.com\/wp-content\/uploads\/2025\/03\/LEtoile-du-soir.jpg?resize=150%2C150\" alt=\"\" width=\"150\" height=\"150\" srcset=\"https:\/\/i0.wp.com\/www.jojoenherbe.com\/wp-content\/uploads\/2025\/03\/LEtoile-du-soir.jpg?resize=150%2C150 150w, https:\/\/i0.wp.com\/www.jojoenherbe.com\/wp-content\/uploads\/2025\/03\/LEtoile-du-soir.jpg?zoom=2&amp;resize=150%2C150 300w, https:\/\/i0.wp.com\/www.jojoenherbe.com\/wp-content\/uploads\/2025\/03\/LEtoile-du-soir.jpg?zoom=3&amp;resize=150%2C150 450w\" sizes=\"auto, (max-width: 150px) 100vw, 150px\" \/><\/a>J\u2019ai lu <a href=\"https:\/\/www.jojoenherbe.com\/index.php\/2025\/03\/30\/au-fil-des-pages-avec-letoile-du-soir\/\"><span style=\"text-decoration: underline;\">L\u2019\u00c9toile du soir<\/span><\/a> de Si\u00e8cle Va\u00eblban (\u00e9d. Albin Michel Jeunesse, octobre 2023, 144 pages), un roman jeunesse \u00e0 partir de 8 ans selon l\u2019\u00e9diteur mais que je conseillerai pour les adolescents au vu des th\u00e8mes abord\u00e9s. Chaque soir apr\u00e8s l\u2019\u00e9cole, Kinjal, une fillette de 9 ans rentre chez elle, aupr\u00e8s de ses parents et de sa s\u0153ur a\u00een\u00e9e Chadna,\u00a0 en empruntant un p\u00e9rilleux chemin \u00e0 travers la montagne qu\u2019elle ch\u00e9rit tant, vivant sur le plateau d\u2019Hemadri, en Inde jusqu&rsquo;au jour o\u00f9 son quotidien est boulevers\u00e9, sa s\u0153ur \u00e9tant soudainement malade des fleurs de chair. <\/em><em>Il y est ainsi question de qu\u00eate initiatique, de deuil, de r\u00e9silience, de famille, de jalousie, de religion \u00e0 travers les esprits de la montagne, de Nature, de la port\u00e9e symbolique des noms, de courage\u2026 Un tr\u00e8s bon moment de lecture avec ce court roman po\u00e9tique et touchant!<\/em><\/p>\n<p><em><span style=\"text-decoration: underline;\">Des lectures adulte<\/span>: <\/em><\/p>\n<ul>\n<li><em>(Biographie) <strong><span style=\"text-decoration: underline;\">Ada ou la beaut\u00e9 des nombres<\/span><\/strong> de Catherine Dufour<\/em><\/li>\n<\/ul>\n<p style=\"text-align: justify;\"><em><a href=\"https:\/\/i0.wp.com\/www.jojoenherbe.com\/wp-content\/uploads\/2025\/03\/Ada-ou-la-beaute-des-nombres.jpg\"><img data-recalc-dims=\"1\" loading=\"lazy\" decoding=\"async\" data-attachment-id=\"38807\" data-permalink=\"http:\/\/www.jojoenherbe.com\/index.php\/2025\/04\/01\/point-lecture-hebdomadaire-2025-13\/screenshot-170\/\" data-orig-file=\"https:\/\/i0.wp.com\/www.jojoenherbe.com\/wp-content\/uploads\/2025\/03\/Ada-ou-la-beaute-des-nombres.jpg?fit=749%2C1208\" data-orig-size=\"749,1208\" data-comments-opened=\"1\" data-image-meta=\"{&quot;aperture&quot;:&quot;0&quot;,&quot;credit&quot;:&quot;&quot;,&quot;camera&quot;:&quot;&quot;,&quot;caption&quot;:&quot;Screenshot&quot;,&quot;created_timestamp&quot;:&quot;0&quot;,&quot;copyright&quot;:&quot;&quot;,&quot;focal_length&quot;:&quot;0&quot;,&quot;iso&quot;:&quot;0&quot;,&quot;shutter_speed&quot;:&quot;0&quot;,&quot;title&quot;:&quot;Screenshot&quot;,&quot;orientation&quot;:&quot;1&quot;}\" data-image-title=\"\" data-image-description=\"\" data-image-caption=\"\" data-large-file=\"https:\/\/i0.wp.com\/www.jojoenherbe.com\/wp-content\/uploads\/2025\/03\/Ada-ou-la-beaute-des-nombres.jpg?fit=635%2C1024\" class=\"size-thumbnail wp-image-38807 alignright\" src=\"https:\/\/i0.wp.com\/www.jojoenherbe.com\/wp-content\/uploads\/2025\/03\/Ada-ou-la-beaute-des-nombres.jpg?resize=150%2C150\" alt=\"\" width=\"150\" height=\"150\" srcset=\"https:\/\/i0.wp.com\/www.jojoenherbe.com\/wp-content\/uploads\/2025\/03\/Ada-ou-la-beaute-des-nombres.jpg?resize=150%2C150 150w, https:\/\/i0.wp.com\/www.jojoenherbe.com\/wp-content\/uploads\/2025\/03\/Ada-ou-la-beaute-des-nombres.jpg?zoom=2&amp;resize=150%2C150 300w, https:\/\/i0.wp.com\/www.jojoenherbe.com\/wp-content\/uploads\/2025\/03\/Ada-ou-la-beaute-des-nombres.jpg?zoom=3&amp;resize=150%2C150 450w\" sizes=\"auto, (max-width: 150px) 100vw, 150px\" \/><\/a>J&rsquo;ai lu <span style=\"text-decoration: underline;\">Ada ou la beaut\u00e9 des nombres<\/span> de Catherine Dufour (\u00e9d. Fayard, septembre 2019, 245 pages), une biographie sous-titr\u00e9e Lovelace, la pionni\u00e8re de l&rsquo;informatique. Je m&rsquo;attendais \u00e0 ce que l&rsquo;autrice se focalise bien plus sur les d\u00e9couvertes d&rsquo;Ada mais en r\u00e9alit\u00e9 c&rsquo;est sa vie qu&rsquo;elle relate, sur un ton l\u00e9ger et humoristique qui est parfois d\u00e9routant au vu des propos mentionn\u00e9s (inceste, violences intrafamiliales et conjugales&#8230;).<\/em><\/p>\n<ul>\n<li style=\"text-align: justify;\"><em>(Thriller domestique contemporain) <strong><span style=\"text-decoration: underline;\">Le mensonge de trop<\/span><\/strong> de Shari Lapena<\/em><\/li>\n<\/ul>\n<p style=\"text-align: justify;\"><em><a href=\"https:\/\/i0.wp.com\/www.jojoenherbe.com\/wp-content\/uploads\/2025\/03\/Le-mensonge-de-trop.jpg\"><img data-recalc-dims=\"1\" loading=\"lazy\" decoding=\"async\" data-attachment-id=\"38806\" data-permalink=\"http:\/\/www.jojoenherbe.com\/index.php\/2025\/04\/01\/point-lecture-hebdomadaire-2025-13\/screenshot-169\/\" data-orig-file=\"https:\/\/i0.wp.com\/www.jojoenherbe.com\/wp-content\/uploads\/2025\/03\/Le-mensonge-de-trop.jpg?fit=750%2C1149\" data-orig-size=\"750,1149\" data-comments-opened=\"1\" data-image-meta=\"{&quot;aperture&quot;:&quot;0&quot;,&quot;credit&quot;:&quot;&quot;,&quot;camera&quot;:&quot;&quot;,&quot;caption&quot;:&quot;Screenshot&quot;,&quot;created_timestamp&quot;:&quot;0&quot;,&quot;copyright&quot;:&quot;&quot;,&quot;focal_length&quot;:&quot;0&quot;,&quot;iso&quot;:&quot;0&quot;,&quot;shutter_speed&quot;:&quot;0&quot;,&quot;title&quot;:&quot;Screenshot&quot;,&quot;orientation&quot;:&quot;1&quot;}\" data-image-title=\"\" data-image-description=\"\" data-image-caption=\"\" data-large-file=\"https:\/\/i0.wp.com\/www.jojoenherbe.com\/wp-content\/uploads\/2025\/03\/Le-mensonge-de-trop.jpg?fit=668%2C1024\" class=\"size-thumbnail wp-image-38806 alignleft\" src=\"https:\/\/i0.wp.com\/www.jojoenherbe.com\/wp-content\/uploads\/2025\/03\/Le-mensonge-de-trop.jpg?resize=150%2C150\" alt=\"\" width=\"150\" height=\"150\" srcset=\"https:\/\/i0.wp.com\/www.jojoenherbe.com\/wp-content\/uploads\/2025\/03\/Le-mensonge-de-trop.jpg?resize=150%2C150 150w, https:\/\/i0.wp.com\/www.jojoenherbe.com\/wp-content\/uploads\/2025\/03\/Le-mensonge-de-trop.jpg?zoom=2&amp;resize=150%2C150 300w, https:\/\/i0.wp.com\/www.jojoenherbe.com\/wp-content\/uploads\/2025\/03\/Le-mensonge-de-trop.jpg?zoom=3&amp;resize=150%2C150 450w\" sizes=\"auto, (max-width: 150px) 100vw, 150px\" \/><\/a>J&rsquo;ai lu <span style=\"text-decoration: underline;\">Le mensonge de trop<\/span> de Shari Lapena (\u00e9d. Les Presses de la Cit\u00e9, f\u00e9vrier 2025, 336 pages), un thriller domestique se d\u00e9roulant dans une petite ville am\u00e9ricaine o\u00f9 tout un quartier suit les recherches pour retrouver Avery Wooler, une fillette de 9 ans qui a disparu apr\u00e8s avoir \u00e9t\u00e9 renvoy\u00e9e de son cours de chorale \u00e0 l&rsquo;\u00e9cole. Les courts chapitres s&rsquo;encha\u00eenent avec son lot de suspects et de mensonges. Qu&rsquo;est-il arriv\u00e9 \u00e0 la fillette? Sera-t-elle retrouv\u00e9e en vie? L&rsquo;autrice multiplie les rebondissements, les mensonges, les trahisons et les apparences trompeuses, les manipulations et les fausses pistes pour mieux nous tenir en haleine. Personne ne semble irr\u00e9prochable et \u00e0 l&rsquo;abri du soup\u00e7on, que ce soit son p\u00e8re William, m\u00e9decin dont l&rsquo;amante, Nora, une voisine de la famille vient de rompre ou des gar\u00e7ons plus \u00e2g\u00e9s du quartier&#8230; Un bon voire tr\u00e8s bon moment de lecture avec ce turn-over addictif autour d&rsquo;une disparition d&rsquo;enfant m\u00eame si j&rsquo;ai trouv\u00e9 la fin un peu trop courte et pr\u00e9cipit\u00e9e mais \u00e0 l&rsquo;image du titre et m\u00eame si la fillette m&rsquo;a parue quand m\u00eame tr\u00e8s mature pour son jeune \u00e2ge! J&rsquo;en reparle tr\u00e8s vite.<br \/>\n<\/em><\/p>\n<ul>\n<li><em>(Roman historique) <strong><span style=\"text-decoration: underline;\">Sur l&rsquo;\u00eele<\/span><\/strong> d&rsquo;Elizabeth O&rsquo;Connor<\/em><\/li>\n<\/ul>\n<p style=\"text-align: justify;\"><a href=\"https:\/\/i0.wp.com\/www.jojoenherbe.com\/wp-content\/uploads\/2025\/03\/Sur-lile.jpg\"><img data-recalc-dims=\"1\" loading=\"lazy\" decoding=\"async\" data-attachment-id=\"38808\" data-permalink=\"http:\/\/www.jojoenherbe.com\/index.php\/2025\/04\/01\/point-lecture-hebdomadaire-2025-13\/screenshot-171\/\" data-orig-file=\"https:\/\/i0.wp.com\/www.jojoenherbe.com\/wp-content\/uploads\/2025\/03\/Sur-lile.jpg?fit=750%2C1222\" data-orig-size=\"750,1222\" data-comments-opened=\"1\" data-image-meta=\"{&quot;aperture&quot;:&quot;0&quot;,&quot;credit&quot;:&quot;&quot;,&quot;camera&quot;:&quot;&quot;,&quot;caption&quot;:&quot;Screenshot&quot;,&quot;created_timestamp&quot;:&quot;0&quot;,&quot;copyright&quot;:&quot;&quot;,&quot;focal_length&quot;:&quot;0&quot;,&quot;iso&quot;:&quot;0&quot;,&quot;shutter_speed&quot;:&quot;0&quot;,&quot;title&quot;:&quot;Screenshot&quot;,&quot;orientation&quot;:&quot;1&quot;}\" data-image-title=\"\" data-image-description=\"\" data-image-caption=\"\" data-large-file=\"https:\/\/i0.wp.com\/www.jojoenherbe.com\/wp-content\/uploads\/2025\/03\/Sur-lile.jpg?fit=628%2C1024\" class=\"size-thumbnail wp-image-38808 alignright\" src=\"https:\/\/i0.wp.com\/www.jojoenherbe.com\/wp-content\/uploads\/2025\/03\/Sur-lile.jpg?resize=150%2C150\" alt=\"\" width=\"150\" height=\"150\" srcset=\"https:\/\/i0.wp.com\/www.jojoenherbe.com\/wp-content\/uploads\/2025\/03\/Sur-lile.jpg?resize=150%2C150 150w, https:\/\/i0.wp.com\/www.jojoenherbe.com\/wp-content\/uploads\/2025\/03\/Sur-lile.jpg?zoom=2&amp;resize=150%2C150 300w, https:\/\/i0.wp.com\/www.jojoenherbe.com\/wp-content\/uploads\/2025\/03\/Sur-lile.jpg?zoom=3&amp;resize=150%2C150 450w\" sizes=\"auto, (max-width: 150px) 100vw, 150px\" \/><\/a><em>J&rsquo;ai lu <span style=\"text-decoration: underline;\">Sur l&rsquo;\u00eele<\/span> d&rsquo;Elizabeth O&rsquo;Connor (\u00e9d. JC Latt\u00e8s, mai 2024, 272 pages), un roman d&rsquo;apprentissage se d\u00e9roulant sur une \u00eele au large du pays de Galles, de septembre \u00e0 d\u00e9cembre 1938. Ag\u00e9e de 18 ans, Manod vit avec son p\u00e8re veuf et p\u00eacheur de homards et sa s\u0153ur cadette \u00e2g\u00e9e de 12 ans. Un jour, une baleine s&rsquo;\u00e9choue et deux ethnologues anglais viennent pour \u00e9tudier le mode de vie et le folklore des habitants, engageant la jeune femme qui ma\u00eetrise parfaitement l&rsquo;anglais comme assistante et traductrice. Leur arriv\u00e9e lui redonne l&rsquo;espoir d&rsquo;une autre vie, sur le continent anglais. En effet, contrairement \u00e0 sa s\u0153ur cadette, Manod aspire \u00e0 une autre vie loin de l&rsquo;\u00eele aux dures conditions de vie en devant professeure. Mais peut-elle y croire? Avec des chapitres tr\u00e8s courts, sobres et \u00e9pur\u00e9s, l&rsquo;autrice dresse un portrait tr\u00e8s touchant et tout en d\u00e9licatesse de cette jeune femme pleine de r\u00eaves, d&rsquo;espoirs et de doutes. On ressent sa sensibilit\u00e9 \u00e0 fleur de peau et le d\u00e9sespoir qui semble ne pas quitter les \u00eeliens, la guerre n&rsquo;\u00e9tant pas loin d&rsquo;\u00e9clater. Un tr\u00e8s bon moment de lecture avec ce roman d&rsquo;apprentissage et d&rsquo;\u00e9mancipation f\u00e9minine! J&rsquo;en reparle tr\u00e8s vite.<\/em><\/p>\n<p><strong><span style=\"text-decoration: underline;\">Ma lecture en cours<\/span>:<\/strong><\/p>\n<p><em>(Roman policier historique) <strong><span style=\"text-decoration: underline;\">Monk, La marque de Ca\u00efn<\/span><\/strong> d\u2019Anne Perry <strong>(T6)<\/strong><\/em><\/p>\n<p style=\"text-align: justify;\"><em><a href=\"https:\/\/i0.wp.com\/www.jojoenherbe.com\/wp-content\/uploads\/2025\/03\/La-marque-de-Cain.jpg\"><img data-recalc-dims=\"1\" loading=\"lazy\" decoding=\"async\" data-attachment-id=\"38817\" data-permalink=\"http:\/\/www.jojoenherbe.com\/index.php\/2025\/04\/01\/point-lecture-hebdomadaire-2025-13\/la-marque-de-cain\/\" data-orig-file=\"https:\/\/i0.wp.com\/www.jojoenherbe.com\/wp-content\/uploads\/2025\/03\/La-marque-de-Cain.jpg?fit=400%2C655\" data-orig-size=\"400,655\" data-comments-opened=\"1\" data-image-meta=\"{&quot;aperture&quot;:&quot;0&quot;,&quot;credit&quot;:&quot;&quot;,&quot;camera&quot;:&quot;&quot;,&quot;caption&quot;:&quot;&quot;,&quot;created_timestamp&quot;:&quot;1741517990&quot;,&quot;copyright&quot;:&quot;&quot;,&quot;focal_length&quot;:&quot;0&quot;,&quot;iso&quot;:&quot;0&quot;,&quot;shutter_speed&quot;:&quot;0&quot;,&quot;title&quot;:&quot;&quot;,&quot;orientation&quot;:&quot;0&quot;}\" data-image-title=\"La marque de Ca\u00efn\" data-image-description=\"\" data-image-caption=\"\" data-large-file=\"https:\/\/i0.wp.com\/www.jojoenherbe.com\/wp-content\/uploads\/2025\/03\/La-marque-de-Cain.jpg?fit=400%2C655\" class=\"size-thumbnail wp-image-38817 alignleft\" src=\"https:\/\/i0.wp.com\/www.jojoenherbe.com\/wp-content\/uploads\/2025\/03\/La-marque-de-Cain.jpg?resize=150%2C150\" alt=\"\" width=\"150\" height=\"150\" srcset=\"https:\/\/i0.wp.com\/www.jojoenherbe.com\/wp-content\/uploads\/2025\/03\/La-marque-de-Cain.jpg?resize=150%2C150 150w, https:\/\/i0.wp.com\/www.jojoenherbe.com\/wp-content\/uploads\/2025\/03\/La-marque-de-Cain.jpg?zoom=2&amp;resize=150%2C150 300w\" sizes=\"auto, (max-width: 150px) 100vw, 150px\" \/><\/a>J\u2019ai commenc\u00e9 \u00e0 lire le tome 6 de <span style=\"text-decoration: underline;\">Monk, La marque de Ca\u00efn<\/span> d\u2019Anne Perry (\u00e9d. 10\/18, coll. Grands D\u00e9tectives, mai 2001, 444 pages), un roman policier se d\u00e9roulant \u00e0 la fin des ann\u00e9es 1850, Monk \u00e9tant engag\u00e9e par Mrs. Genevi\u00e8ve Stonefield pour retrouver son mari Angus, un homme d&rsquo;affaires prosp\u00e8re, celle-ci \u00e9tant persuad\u00e9 que le fr\u00e8re jumeau de son mari, Caleb, l&rsquo;a assassin\u00e9. Son enqu\u00eate le conduit dans les bas-fonds de Londres o\u00f9 se r\u00e9pand une \u00e9pid\u00e9mie de typho\u00efde.<br \/>\n<\/em><\/p>\n","protected":false},"excerpt":{"rendered":"<p>En cette d\u00e9but de semaine, voici mon point lecture hebdomadaire avec un retour sur nos lectures (mais pas nos relectures) de la semaine derni\u00e8re. Nos lectures du\u00a0 24 au 30 mars 2025: Des lectures jeunesse: Nous continuons \u00e0 lire avec mon mini lutin Le tour du monde en 80 jours de Jules Verne (\u00e9d. Hatier, [&hellip;]<\/p>\n","protected":false},"author":1,"featured_media":38832,"comment_status":"open","ping_status":"open","sticky":false,"template":"","format":"standard","meta":{"jetpack_post_was_ever_published":false,"_jetpack_newsletter_access":"","_jetpack_dont_email_post_to_subs":false,"_jetpack_newsletter_tier_id":0,"_jetpack_memberships_contains_paywalled_content":false,"_jetpack_memberships_contains_paid_content":false,"footnotes":""},"categories":[2140,363],"tags":[409,2348,1293,4460,4529,4499,4533,4498,4397,4510,2732,1085,367,4147,2767,1329,905,789,4532,4530],"class_list":["post-38757","post","type-post","status-publish","format-standard","has-post-thumbnail","hentry","category-mini-blogueur","category-mini-lecteur","tag-albums-jeunesse","tag-anne-perry","tag-benjamin-lacombe","tag-biographie","tag-catherine-dufour","tag-cecile-roumiguiere","tag-elizabeth-oconnor","tag-gabrielle-suzanne-de-villeneuve","tag-jill-barklem","tag-jules-verne","tag-la-belle-et-la-bete","tag-lecture-adulte","tag-lecture-jeunesse","tag-monk","tag-point-lecture-hebdo","tag-roman-policier","tag-romans-adulte","tag-romans-jeunesse","tag-shari-lapena","tag-siecle-vaelban","post-preview"],"jetpack_featured_media_url":"https:\/\/i0.wp.com\/www.jojoenherbe.com\/wp-content\/uploads\/2025\/03\/Point-lecture-hebdo-2025-13.jpg?fit=2000%2C1600","jetpack_sharing_enabled":true,"jetpack_shortlink":"https:\/\/wp.me\/p9zhGx-a57","jetpack_likes_enabled":true,"jetpack-related-posts":[{"id":37057,"url":"http:\/\/www.jojoenherbe.com\/index.php\/2024\/09\/30\/point-lecture-hebdomadaire-2024-39\/","url_meta":{"origin":38757,"position":0},"title":"Point lecture hebdomadaire 2024 #39","author":"Jojo","date":"30 septembre 2024","format":false,"excerpt":"En ce d\u00e9but de semaine, voici mon point lecture hebdomadaire avec un retour sur nos lectures (mais pas nos relectures) de la semaine derni\u00e8re. Nos lectures du 23 au 29 septembre 2024: Des lectures jeunesse: Nous avons continu\u00e9 chaque soir et presque fini de lire Le jardin secret de Frances\u2026","rel":"","context":"Dans &quot;Mini blogueur&quot;","block_context":{"text":"Mini blogueur","link":"http:\/\/www.jojoenherbe.com\/index.php\/category\/mini-blogueur\/"},"img":{"alt_text":"","src":"https:\/\/i0.wp.com\/www.jojoenherbe.com\/wp-content\/uploads\/2020\/04\/Le-jardin-secret-150x150.jpg?resize=350%2C200","width":350,"height":200},"classes":[]},{"id":38702,"url":"http:\/\/www.jojoenherbe.com\/index.php\/2025\/03\/28\/point-lecture-hebdomadaire-2025-12\/","url_meta":{"origin":38757,"position":1},"title":"Point lecture hebdomadaire 2025 #12","author":"Jojo","date":"28 mars 2025","format":false,"excerpt":"En cette fin de semaine, voici mon point lecture hebdomadaire avec un retour sur nos lectures (mais pas nos relectures) de la semaine derni\u00e8re et qui \u00e9tait \u00e0 la fois une semaine du Week-end \u00e0 1000 (jusqu'au 21 mars 2025) et une semaine \u00e0 1000 pages du Pingouin Vert. Nos\u2026","rel":"","context":"Dans &quot;Mini blogueur&quot;","block_context":{"text":"Mini blogueur","link":"http:\/\/www.jojoenherbe.com\/index.php\/category\/mini-blogueur\/"},"img":{"alt_text":"","src":"https:\/\/i0.wp.com\/www.jojoenherbe.com\/wp-content\/uploads\/2025\/03\/Point-lecture-hebdo-2025-12.jpg?fit=1200%2C960&resize=350%2C200","width":350,"height":200,"srcset":"https:\/\/i0.wp.com\/www.jojoenherbe.com\/wp-content\/uploads\/2025\/03\/Point-lecture-hebdo-2025-12.jpg?fit=1200%2C960&resize=350%2C200 1x, https:\/\/i0.wp.com\/www.jojoenherbe.com\/wp-content\/uploads\/2025\/03\/Point-lecture-hebdo-2025-12.jpg?fit=1200%2C960&resize=525%2C300 1.5x, https:\/\/i0.wp.com\/www.jojoenherbe.com\/wp-content\/uploads\/2025\/03\/Point-lecture-hebdo-2025-12.jpg?fit=1200%2C960&resize=700%2C400 2x, https:\/\/i0.wp.com\/www.jojoenherbe.com\/wp-content\/uploads\/2025\/03\/Point-lecture-hebdo-2025-12.jpg?fit=1200%2C960&resize=1050%2C600 3x"},"classes":[]},{"id":39120,"url":"http:\/\/www.jojoenherbe.com\/index.php\/2025\/04\/30\/point-lecture-hebdomadaire-2025-17\/","url_meta":{"origin":38757,"position":2},"title":"Point lecture hebdomadaire 2025 #17","author":"Jojo","date":"30 avril 2025","format":false,"excerpt":"En ce milieu de semaine, voici mon point lecture hebdomadaire avec un retour sur nos lectures (mais pas nos relectures) de la semaine derni\u00e8re. Nos lectures du\u00a0\u00a0 21 au 27 avril 2025: Des lectures jeunesse: Nous avons continu\u00e9 \u00e0 lire le tome 1 d'une trilogie fantasy : La l\u00e9gende de\u2026","rel":"","context":"Dans &quot;Mini blogueur&quot;","block_context":{"text":"Mini blogueur","link":"http:\/\/www.jojoenherbe.com\/index.php\/category\/mini-blogueur\/"},"img":{"alt_text":"","src":"https:\/\/i0.wp.com\/www.jojoenherbe.com\/wp-content\/uploads\/2025\/04\/Point-lecture-hebdo-2025-17.jpg?fit=1200%2C891&resize=350%2C200","width":350,"height":200,"srcset":"https:\/\/i0.wp.com\/www.jojoenherbe.com\/wp-content\/uploads\/2025\/04\/Point-lecture-hebdo-2025-17.jpg?fit=1200%2C891&resize=350%2C200 1x, https:\/\/i0.wp.com\/www.jojoenherbe.com\/wp-content\/uploads\/2025\/04\/Point-lecture-hebdo-2025-17.jpg?fit=1200%2C891&resize=525%2C300 1.5x, https:\/\/i0.wp.com\/www.jojoenherbe.com\/wp-content\/uploads\/2025\/04\/Point-lecture-hebdo-2025-17.jpg?fit=1200%2C891&resize=700%2C400 2x, https:\/\/i0.wp.com\/www.jojoenherbe.com\/wp-content\/uploads\/2025\/04\/Point-lecture-hebdo-2025-17.jpg?fit=1200%2C891&resize=1050%2C600 3x"},"classes":[]},{"id":38575,"url":"http:\/\/www.jojoenherbe.com\/index.php\/2025\/03\/10\/point-lecture-hebdomadaire-2025-10\/","url_meta":{"origin":38757,"position":3},"title":"Point lecture hebdomadaire 2025 #10","author":"Jojo","date":"10 mars 2025","format":false,"excerpt":"En ce d\u00e9but de semaine, voici mon point lecture hebdomadaire avec un retour sur nos lectures (mais pas nos relectures) de la semaine derni\u00e8re. Nos lectures du\u00a0 3 au 9 mars 2025: Des lectures jeunesse: (Roman jeunesse) Le tour du monde en 80 jours de Jules Verne Nous continuons \u00e0\u2026","rel":"","context":"Dans &quot;Mini blogueur&quot;","block_context":{"text":"Mini blogueur","link":"http:\/\/www.jojoenherbe.com\/index.php\/category\/mini-blogueur\/"},"img":{"alt_text":"","src":"https:\/\/i0.wp.com\/www.jojoenherbe.com\/wp-content\/uploads\/2025\/03\/Point-lecture-hebdo-2025-10.jpg?fit=1200%2C960&resize=350%2C200","width":350,"height":200,"srcset":"https:\/\/i0.wp.com\/www.jojoenherbe.com\/wp-content\/uploads\/2025\/03\/Point-lecture-hebdo-2025-10.jpg?fit=1200%2C960&resize=350%2C200 1x, https:\/\/i0.wp.com\/www.jojoenherbe.com\/wp-content\/uploads\/2025\/03\/Point-lecture-hebdo-2025-10.jpg?fit=1200%2C960&resize=525%2C300 1.5x, https:\/\/i0.wp.com\/www.jojoenherbe.com\/wp-content\/uploads\/2025\/03\/Point-lecture-hebdo-2025-10.jpg?fit=1200%2C960&resize=700%2C400 2x, https:\/\/i0.wp.com\/www.jojoenherbe.com\/wp-content\/uploads\/2025\/03\/Point-lecture-hebdo-2025-10.jpg?fit=1200%2C960&resize=1050%2C600 3x"},"classes":[]},{"id":39012,"url":"http:\/\/www.jojoenherbe.com\/index.php\/2025\/04\/23\/point-lecture-hebdomadaire-2025-16\/","url_meta":{"origin":38757,"position":4},"title":"Point lecture hebdomadaire 2025 #16","author":"Jojo","date":"23 avril 2025","format":false,"excerpt":"En ce milieu de semaine, voici mon point lecture hebdomadaire avec un retour sur nos lectures (mais pas nos relectures) de la semaine derni\u00e8re qui \u00e9tait \u00e0 la fois une semaine \u00e0 1000 pages du Pingouin Vert et un Week-end \u00e0 1000 du 18 au 20 avril 2025. Nos lectures\u2026","rel":"","context":"Dans &quot;Mini blogueur&quot;","block_context":{"text":"Mini blogueur","link":"http:\/\/www.jojoenherbe.com\/index.php\/category\/mini-blogueur\/"},"img":{"alt_text":"","src":"https:\/\/i0.wp.com\/www.jojoenherbe.com\/wp-content\/uploads\/2025\/04\/Point-lecture-hebdo-2025-16.jpg?fit=1200%2C893&resize=350%2C200","width":350,"height":200,"srcset":"https:\/\/i0.wp.com\/www.jojoenherbe.com\/wp-content\/uploads\/2025\/04\/Point-lecture-hebdo-2025-16.jpg?fit=1200%2C893&resize=350%2C200 1x, https:\/\/i0.wp.com\/www.jojoenherbe.com\/wp-content\/uploads\/2025\/04\/Point-lecture-hebdo-2025-16.jpg?fit=1200%2C893&resize=525%2C300 1.5x, https:\/\/i0.wp.com\/www.jojoenherbe.com\/wp-content\/uploads\/2025\/04\/Point-lecture-hebdo-2025-16.jpg?fit=1200%2C893&resize=700%2C400 2x, https:\/\/i0.wp.com\/www.jojoenherbe.com\/wp-content\/uploads\/2025\/04\/Point-lecture-hebdo-2025-16.jpg?fit=1200%2C893&resize=1050%2C600 3x"},"classes":[]},{"id":38483,"url":"http:\/\/www.jojoenherbe.com\/index.php\/2025\/03\/01\/bilan-de-lecture-fevrier-2025\/","url_meta":{"origin":38757,"position":5},"title":"Bilan de lecture: f\u00e9vrier 2025","author":"Jojo","date":"1 mars 2025","format":false,"excerpt":"En ce 1er mars 2025, voici un petit retour livresque sur f\u00e9vrier 2025 qui a \u00e9t\u00e9 rythm\u00e9, malgr\u00e9 le temps pluvieux, par les carnavals (cr\u00eapes et bugnes aussi bien s\u00fbr!) et les vacances scolaires pour mon mini lutin. C\u2019\u00e9tait aussi l\u2019African-American History Month Challenge 2025 d\u2019Enna que je prolongerai le\u2026","rel":"","context":"Dans &quot;Mini blogueur&quot;","block_context":{"text":"Mini blogueur","link":"http:\/\/www.jojoenherbe.com\/index.php\/category\/mini-blogueur\/"},"img":{"alt_text":"","src":"https:\/\/i0.wp.com\/www.jojoenherbe.com\/wp-content\/uploads\/2025\/03\/Carnaval-Nice-2025-scaled.jpg?resize=350%2C200","width":350,"height":200,"srcset":"https:\/\/i0.wp.com\/www.jojoenherbe.com\/wp-content\/uploads\/2025\/03\/Carnaval-Nice-2025-scaled.jpg?resize=350%2C200 1x, https:\/\/i0.wp.com\/www.jojoenherbe.com\/wp-content\/uploads\/2025\/03\/Carnaval-Nice-2025-scaled.jpg?resize=525%2C300 1.5x, https:\/\/i0.wp.com\/www.jojoenherbe.com\/wp-content\/uploads\/2025\/03\/Carnaval-Nice-2025-scaled.jpg?resize=700%2C400 2x, https:\/\/i0.wp.com\/www.jojoenherbe.com\/wp-content\/uploads\/2025\/03\/Carnaval-Nice-2025-scaled.jpg?resize=1050%2C600 3x, https:\/\/i0.wp.com\/www.jojoenherbe.com\/wp-content\/uploads\/2025\/03\/Carnaval-Nice-2025-scaled.jpg?resize=1400%2C800 4x"},"classes":[]}],"_links":{"self":[{"href":"http:\/\/www.jojoenherbe.com\/index.php\/wp-json\/wp\/v2\/posts\/38757","targetHints":{"allow":["GET"]}}],"collection":[{"href":"http:\/\/www.jojoenherbe.com\/index.php\/wp-json\/wp\/v2\/posts"}],"about":[{"href":"http:\/\/www.jojoenherbe.com\/index.php\/wp-json\/wp\/v2\/types\/post"}],"author":[{"embeddable":true,"href":"http:\/\/www.jojoenherbe.com\/index.php\/wp-json\/wp\/v2\/users\/1"}],"replies":[{"embeddable":true,"href":"http:\/\/www.jojoenherbe.com\/index.php\/wp-json\/wp\/v2\/comments?post=38757"}],"version-history":[{"count":16,"href":"http:\/\/www.jojoenherbe.com\/index.php\/wp-json\/wp\/v2\/posts\/38757\/revisions"}],"predecessor-version":[{"id":42925,"href":"http:\/\/www.jojoenherbe.com\/index.php\/wp-json\/wp\/v2\/posts\/38757\/revisions\/42925"}],"wp:featuredmedia":[{"embeddable":true,"href":"http:\/\/www.jojoenherbe.com\/index.php\/wp-json\/wp\/v2\/media\/38832"}],"wp:attachment":[{"href":"http:\/\/www.jojoenherbe.com\/index.php\/wp-json\/wp\/v2\/media?parent=38757"}],"wp:term":[{"taxonomy":"category","embeddable":true,"href":"http:\/\/www.jojoenherbe.com\/index.php\/wp-json\/wp\/v2\/categories?post=38757"},{"taxonomy":"post_tag","embeddable":true,"href":"http:\/\/www.jojoenherbe.com\/index.php\/wp-json\/wp\/v2\/tags?post=38757"}],"curies":[{"name":"wp","href":"https:\/\/api.w.org\/{rel}","templated":true}]}}