{"id":38702,"date":"2025-03-28T17:44:27","date_gmt":"2025-03-28T16:44:27","guid":{"rendered":"https:\/\/www.jojoenherbe.com\/?p=38702"},"modified":"2025-03-31T18:29:32","modified_gmt":"2025-03-31T16:29:32","slug":"point-lecture-hebdomadaire-2025-12","status":"publish","type":"post","link":"http:\/\/www.jojoenherbe.com\/index.php\/2025\/03\/28\/point-lecture-hebdomadaire-2025-12\/","title":{"rendered":"Point lecture hebdomadaire 2025 #12"},"content":{"rendered":"<p style=\"text-align: justify;\"><em>En cette fin de semaine, voici mon point lecture hebdomadaire avec un retour sur nos lectures (mais pas nos relectures) de la semaine derni\u00e8re et qui \u00e9tait \u00e0 la fois une semaine du Week-end \u00e0 1000 (jusqu&rsquo;au 21 mars 2025) et une semaine \u00e0 1000 pages du Pingouin Vert.<\/em><\/p>\n<p><strong><span style=\"text-decoration: underline;\">Nos lectures du\u00a0 17 au 23 mars 2025<\/span>:<\/strong><\/p>\n<p><em><span style=\"text-decoration: underline;\">Des lectures jeunesse<\/span>:<\/em><\/p>\n<p style=\"text-align: justify;\"><em><a href=\"https:\/\/i0.wp.com\/www.jojoenherbe.com\/wp-content\/uploads\/2025\/03\/Selection-jeunesse-2025-12-scaled.jpg\"><img data-recalc-dims=\"1\" loading=\"lazy\" decoding=\"async\" data-attachment-id=\"38750\" data-permalink=\"http:\/\/www.jojoenherbe.com\/index.php\/2025\/03\/28\/point-lecture-hebdomadaire-2025-12\/selection-jeunesse-2025-12\/\" data-orig-file=\"https:\/\/i0.wp.com\/www.jojoenherbe.com\/wp-content\/uploads\/2025\/03\/Selection-jeunesse-2025-12-scaled.jpg?fit=2560%2C2064\" data-orig-size=\"2560,2064\" data-comments-opened=\"1\" data-image-meta=\"{&quot;aperture&quot;:&quot;1.8&quot;,&quot;credit&quot;:&quot;&quot;,&quot;camera&quot;:&quot;iPhone 7&quot;,&quot;caption&quot;:&quot;&quot;,&quot;created_timestamp&quot;:&quot;1743182631&quot;,&quot;copyright&quot;:&quot;&quot;,&quot;focal_length&quot;:&quot;3.99&quot;,&quot;iso&quot;:&quot;80&quot;,&quot;shutter_speed&quot;:&quot;0.2&quot;,&quot;title&quot;:&quot;&quot;,&quot;orientation&quot;:&quot;1&quot;}\" data-image-title=\"S\u00e9lection jeunesse 2025 #12\" data-image-description=\"\" data-image-caption=\"\" data-large-file=\"https:\/\/i0.wp.com\/www.jojoenherbe.com\/wp-content\/uploads\/2025\/03\/Selection-jeunesse-2025-12-scaled.jpg?fit=676%2C545\" class=\"alignleft size-thumbnail wp-image-38750\" src=\"https:\/\/i0.wp.com\/www.jojoenherbe.com\/wp-content\/uploads\/2025\/03\/Selection-jeunesse-2025-12.jpg?resize=150%2C150\" alt=\"\" width=\"150\" height=\"150\" srcset=\"https:\/\/i0.wp.com\/www.jojoenherbe.com\/wp-content\/uploads\/2025\/03\/Selection-jeunesse-2025-12-scaled.jpg?resize=150%2C150 150w, https:\/\/i0.wp.com\/www.jojoenherbe.com\/wp-content\/uploads\/2025\/03\/Selection-jeunesse-2025-12-scaled.jpg?zoom=2&amp;resize=150%2C150 300w, https:\/\/i0.wp.com\/www.jojoenherbe.com\/wp-content\/uploads\/2025\/03\/Selection-jeunesse-2025-12-scaled.jpg?zoom=3&amp;resize=150%2C150 450w\" sizes=\"auto, (max-width: 150px) 100vw, 150px\" \/><\/a>Nous continuons \u00e0 lire avec mon mini lutin <strong><span style=\"text-decoration: underline;\">Le tour du monde en 80 jours<\/span><\/strong> de Jules Verne (\u00e9d. Hatier, ao\u00fbt 2011, 352 pages), un roman jeunesse d&rsquo;aventures paru pour la premi\u00e8re fois en 1872, les protagonistes \u00e9tant arriv\u00e9s \u00e0 San Francisco.<\/em><\/p>\n<p style=\"text-align: justify;\"><em>Mon mini lutin a \u00e9galement lu, seul, <strong><span style=\"text-decoration: underline;\">La Belle et La B\u00eate<\/span><\/strong> de C\u00e9cile Roumigui\u00e8re et Benjamin Lacombe (\u00e9d. Albin Michel Jeunesse, f\u00e9vrier 2025, 80 pages), ayant une nouvelle fois admir\u00e9 les illustrations de Benjamin Lacombe comme lorsqu&rsquo;il avait lu <a href=\"https:\/\/www.jojoenherbe.com\/index.php\/2025\/02\/17\/au-fil-des-pages-avec-monsieur-le-lapin-blanc\/\"><span style=\"text-decoration: underline;\">Monsieur le Lapin Blanc<\/span><\/a>. ainsi que le tome 11 de la BD <strong><span style=\"text-decoration: underline;\">Mortelle Ad\u00e8le, \u00c7a sent la croquette!<\/span><\/strong> de Mr Tan et Diane Le Feyer (\u00e9d. Bayard jeunesse, novembre 2016, 80 pages).<\/em><\/p>\n<p><em><span style=\"text-decoration: underline;\">Des lectures adulte<\/span>: <\/em><\/p>\n<ul>\n<li><em>(Romance historique) <strong><span style=\"text-decoration: underline;\">Malgr\u00e9 les \u00e9pines<\/span><\/strong> de JL Corolle<\/em><\/li>\n<\/ul>\n<p style=\"text-align: justify;\"><em><a href=\"https:\/\/i0.wp.com\/www.jojoenherbe.com\/wp-content\/uploads\/2025\/03\/Malgre-les-epines.jpg\"><img data-recalc-dims=\"1\" loading=\"lazy\" decoding=\"async\" data-attachment-id=\"38718\" data-permalink=\"http:\/\/www.jojoenherbe.com\/index.php\/2025\/03\/28\/point-lecture-hebdomadaire-2025-12\/screenshot-166\/\" data-orig-file=\"https:\/\/i0.wp.com\/www.jojoenherbe.com\/wp-content\/uploads\/2025\/03\/Malgre-les-epines.jpg?fit=750%2C1172\" data-orig-size=\"750,1172\" data-comments-opened=\"1\" data-image-meta=\"{&quot;aperture&quot;:&quot;0&quot;,&quot;credit&quot;:&quot;&quot;,&quot;camera&quot;:&quot;&quot;,&quot;caption&quot;:&quot;Screenshot&quot;,&quot;created_timestamp&quot;:&quot;0&quot;,&quot;copyright&quot;:&quot;&quot;,&quot;focal_length&quot;:&quot;0&quot;,&quot;iso&quot;:&quot;0&quot;,&quot;shutter_speed&quot;:&quot;0&quot;,&quot;title&quot;:&quot;Screenshot&quot;,&quot;orientation&quot;:&quot;1&quot;}\" data-image-title=\"\" data-image-description=\"\" data-image-caption=\"\" data-large-file=\"https:\/\/i0.wp.com\/www.jojoenherbe.com\/wp-content\/uploads\/2025\/03\/Malgre-les-epines.jpg?fit=655%2C1024\" class=\"size-thumbnail wp-image-38718 alignright\" src=\"https:\/\/i0.wp.com\/www.jojoenherbe.com\/wp-content\/uploads\/2025\/03\/Malgre-les-epines-150x150.jpg?resize=150%2C150\" alt=\"\" width=\"150\" height=\"150\" srcset=\"https:\/\/i0.wp.com\/www.jojoenherbe.com\/wp-content\/uploads\/2025\/03\/Malgre-les-epines.jpg?resize=150%2C150 150w, https:\/\/i0.wp.com\/www.jojoenherbe.com\/wp-content\/uploads\/2025\/03\/Malgre-les-epines.jpg?zoom=2&amp;resize=150%2C150 300w, https:\/\/i0.wp.com\/www.jojoenherbe.com\/wp-content\/uploads\/2025\/03\/Malgre-les-epines.jpg?zoom=3&amp;resize=150%2C150 450w\" sizes=\"auto, (max-width: 150px) 100vw, 150px\" \/><\/a>J&rsquo;ai lu, en e-book, <span style=\"text-decoration: underline;\">Malgr\u00e9 les \u00e9pines<\/span> de Jeanne et Louise Corolle (\u00e9d. Chatterley, f\u00e9vrier 2024, 320 pages), une romance historique se d\u00e9roulant en 1903, entre Alec, fils a\u00een\u00e9 du duc d&rsquo;Azard \u00e2g\u00e9 de 22 ans et Simon, le nouveau jardinier \u00e2g\u00e9 de 25 ans qu vient d&rsquo;\u00eatre engag\u00e9 dans le ch\u00e2teau familial. Mais une telle relation peut-elle \u00eatre possible? Il y est ainsi question d&rsquo;homosexualit\u00e9 au d\u00e9but du XXe si\u00e8cle, de diff\u00e9rence de classes sociales entre les deux jeunes qui compliquent leur d\u00e9but de relation&#8230; La relation qui s&rsquo;installe entre les deux est celle des premi\u00e8res fois, avec son lot de doutes, de confiance mutuelle \u00e0 accorder et dans laquelle pourra s&rsquo;identifier un lectorat adolescent, l&rsquo;alchimie entre Alec et Simon \u00e9tant toute mignonne sans tomber dans la mi\u00e8vrerie, malgr\u00e9 certains rebondissements qui arrivent fort \u00e0-propos. Un moment de lecture agr\u00e9able avec une romance pleine de bons sentiments et qui se finit un peu trop bien pour tout le monde!<\/em><\/p>\n<ul>\n<li style=\"text-align: justify;\"><em>(Romance contemporaine) <strong><span style=\"text-decoration: underline;\">Law of Love<\/span><\/strong> de Lou Marceau et Lindsey T.<\/em><\/li>\n<\/ul>\n<p style=\"text-align: justify;\"><em><a href=\"https:\/\/i0.wp.com\/www.jojoenherbe.com\/wp-content\/uploads\/2025\/03\/Law-of-Love.jpg\"><img data-recalc-dims=\"1\" loading=\"lazy\" decoding=\"async\" data-attachment-id=\"38717\" data-permalink=\"http:\/\/www.jojoenherbe.com\/index.php\/2025\/03\/28\/point-lecture-hebdomadaire-2025-12\/screenshot-165\/\" data-orig-file=\"https:\/\/i0.wp.com\/www.jojoenherbe.com\/wp-content\/uploads\/2025\/03\/Law-of-Love.jpg?fit=750%2C1148\" data-orig-size=\"750,1148\" data-comments-opened=\"1\" data-image-meta=\"{&quot;aperture&quot;:&quot;0&quot;,&quot;credit&quot;:&quot;&quot;,&quot;camera&quot;:&quot;&quot;,&quot;caption&quot;:&quot;Screenshot&quot;,&quot;created_timestamp&quot;:&quot;0&quot;,&quot;copyright&quot;:&quot;&quot;,&quot;focal_length&quot;:&quot;0&quot;,&quot;iso&quot;:&quot;0&quot;,&quot;shutter_speed&quot;:&quot;0&quot;,&quot;title&quot;:&quot;Screenshot&quot;,&quot;orientation&quot;:&quot;1&quot;}\" data-image-title=\"\" data-image-description=\"\" data-image-caption=\"\" data-large-file=\"https:\/\/i0.wp.com\/www.jojoenherbe.com\/wp-content\/uploads\/2025\/03\/Law-of-Love.jpg?fit=669%2C1024\" class=\"alignleft size-thumbnail wp-image-38717\" src=\"https:\/\/i0.wp.com\/www.jojoenherbe.com\/wp-content\/uploads\/2025\/03\/Law-of-Love.jpg?resize=150%2C150\" alt=\"\" width=\"150\" height=\"150\" srcset=\"https:\/\/i0.wp.com\/www.jojoenherbe.com\/wp-content\/uploads\/2025\/03\/Law-of-Love.jpg?resize=150%2C150 150w, https:\/\/i0.wp.com\/www.jojoenherbe.com\/wp-content\/uploads\/2025\/03\/Law-of-Love.jpg?zoom=2&amp;resize=150%2C150 300w, https:\/\/i0.wp.com\/www.jojoenherbe.com\/wp-content\/uploads\/2025\/03\/Law-of-Love.jpg?zoom=3&amp;resize=150%2C150 450w\" sizes=\"auto, (max-width: 150px) 100vw, 150px\" \/><\/a>J&rsquo;ai \u00e9galement lu, en e-book, <span style=\"text-decoration: underline;\">Law of Love<\/span> de Lou Marceau et Lindsey T. (\u00e9d. Black Ink Editions, mars 2024, 353 pages), une romance contemporaine entre deux avocats, Alexandre et Juliette, respectivement \u00e2g\u00e9s de 30 et 26 ans, sous fond d&rsquo;enemies to lovers et de pr\u00e9jug\u00e9s Paris\/Province et de diff\u00e9rence de classes sociales, Alexandre \u00e9tant un Avocat fiscaliste issue d&rsquo;une famille ais\u00e9e et Juliette, une Avocate collaboratrice faisant des permanences p\u00e9nales dans une petite ville de campagne, pr\u00e8s de Toulouse. Juliette est appel\u00e9e au cours de sa permanence p\u00e9nale pour assister Alexandre plac\u00e9 en garde \u00e0 vue \u00e0 la suite d&rsquo;une conduite en \u00e9tat d&rsquo;ivresse, les deux ayant la sensation de d\u00e9j\u00e0-vu lorsqu&rsquo;ils se rencontrent pendant l&rsquo;entretien avant l&rsquo;audition par les gendarmes. Il y est ainsi question de confiance en soi, de premi\u00e8re relation de couple, du difficile \u00e9quilibre entre vie personnelle et vie professionnelle&#8230;\u00a0 Un moment de lecture agr\u00e9able qui aborde malgr\u00e9 sa romance l\u00e9g\u00e8re et rigolote le th\u00e8me des violences faites aux femmes mais dont les erreurs judiciaires m&rsquo;ont emp\u00each\u00e9 d&rsquo;appr\u00e9cier davantage ma lecture (comme par exemple le fait qu&rsquo;\u00e0 l&rsquo;issue de sa remise en libert\u00e9 apr\u00e8s sa pr\u00e9sentation au Juge des libert\u00e9s et de la d\u00e9tention (JLD), il n&rsquo;y aurait pas pu y avoir de comparution imm\u00e9diate mais une simple convocation ult\u00e9rieure devant le Tribunal Correctionnel, Alexandre ne reconnaissant pas tous les faits&#8230;). Pour un avis plus enthousiaste que moi: <a href=\"https:\/\/alivreouvert.net\/2025\/03\/20\/law-of-love-mon-avis-sur-le-livre-audio-qui-va-changer-ta-vision-des-avocats\/\">\u00c9milie<\/a>.\u00a0<\/em><\/p>\n<ul>\n<li style=\"text-align: justify;\"><em>(Roman classique am\u00e9ricain) <strong><span style=\"text-decoration: underline;\">Ne tirez pas sur l&rsquo;oiseau moqueur<\/span><\/strong> de Harper Lee<\/em><\/li>\n<\/ul>\n<p style=\"text-align: justify;\"><em><a href=\"https:\/\/i0.wp.com\/www.jojoenherbe.com\/wp-content\/uploads\/2025\/03\/Ne-tirez-pas-sur-loiseau-moqueur.jpg\"><img data-recalc-dims=\"1\" loading=\"lazy\" decoding=\"async\" data-attachment-id=\"38719\" data-permalink=\"http:\/\/www.jojoenherbe.com\/index.php\/2025\/03\/28\/point-lecture-hebdomadaire-2025-12\/screenshot-167\/\" data-orig-file=\"https:\/\/i0.wp.com\/www.jojoenherbe.com\/wp-content\/uploads\/2025\/03\/Ne-tirez-pas-sur-loiseau-moqueur.jpg?fit=749%2C1130\" data-orig-size=\"749,1130\" data-comments-opened=\"1\" data-image-meta=\"{&quot;aperture&quot;:&quot;0&quot;,&quot;credit&quot;:&quot;&quot;,&quot;camera&quot;:&quot;&quot;,&quot;caption&quot;:&quot;Screenshot&quot;,&quot;created_timestamp&quot;:&quot;0&quot;,&quot;copyright&quot;:&quot;&quot;,&quot;focal_length&quot;:&quot;0&quot;,&quot;iso&quot;:&quot;0&quot;,&quot;shutter_speed&quot;:&quot;0&quot;,&quot;title&quot;:&quot;Screenshot&quot;,&quot;orientation&quot;:&quot;1&quot;}\" data-image-title=\"\" data-image-description=\"\" data-image-caption=\"\" data-large-file=\"https:\/\/i0.wp.com\/www.jojoenherbe.com\/wp-content\/uploads\/2025\/03\/Ne-tirez-pas-sur-loiseau-moqueur.jpg?fit=676%2C1019\" class=\"size-thumbnail wp-image-38719 alignright\" src=\"https:\/\/i0.wp.com\/www.jojoenherbe.com\/wp-content\/uploads\/2025\/03\/Ne-tirez-pas-sur-loiseau-moqueur.jpg?resize=150%2C150\" alt=\"\" width=\"150\" height=\"150\" srcset=\"https:\/\/i0.wp.com\/www.jojoenherbe.com\/wp-content\/uploads\/2025\/03\/Ne-tirez-pas-sur-loiseau-moqueur.jpg?resize=150%2C150 150w, https:\/\/i0.wp.com\/www.jojoenherbe.com\/wp-content\/uploads\/2025\/03\/Ne-tirez-pas-sur-loiseau-moqueur.jpg?zoom=2&amp;resize=150%2C150 300w, https:\/\/i0.wp.com\/www.jojoenherbe.com\/wp-content\/uploads\/2025\/03\/Ne-tirez-pas-sur-loiseau-moqueur.jpg?zoom=3&amp;resize=150%2C150 450w\" sizes=\"auto, (max-width: 150px) 100vw, 150px\" \/><\/a>J&rsquo;ai lu, en e-book, <span style=\"text-decoration: underline;\">Ne tirez pas sur l&rsquo;oiseau moqueur<\/span> de Harper Lee (\u00e9d. Grasset, r\u00e9\u00e9d. octobre 2015, 463 pages), un roman paru pour la premi\u00e8re fois en 1960 aux \u00c9tats-Unis et qui a re\u00e7u le prix Pulitzer en 1961 avec l&rsquo;histoire de la narratrice, Scout Finch qui se souvient de son enfance, en particulier entre ses 8 et 9 ans, lorsque son p\u00e8re, Atticus Finch, un avocat veuf quinquag\u00e9naire est d\u00e9sign\u00e9 pour assister un Noir accus\u00e9 d&rsquo;avoir viol\u00e9 une jeune femme blanche. Il y avait tout question d&rsquo;une qu\u00eate initiatique \u00e0 travers l&rsquo;enfance de la fillette, avec son fr\u00e8re a\u00een\u00e9 Jem et de son quotidien dans une petite ville d&rsquo;Alabama, Maycomb, pendant la Grande D\u00e9pression. Un tr\u00e8s bon moment de lecture! J&rsquo;en reparle tr\u00e8s vite, cette lecture ayant \u00e9t\u00e9 initialement pr\u00e9vue pour l&rsquo;AAHM Challenge et \u00e9tant \u00e9galement une nouvelle participation pour le Challenge 2025 sera classique aussi.<\/em><\/p>\n\n\n<p><\/p>\n","protected":false},"excerpt":{"rendered":"<p>En cette fin de semaine, voici mon point lecture hebdomadaire avec un retour sur nos lectures (mais pas nos relectures) de la semaine derni\u00e8re et qui \u00e9tait \u00e0 la fois une semaine du Week-end \u00e0 1000 (jusqu&rsquo;au 21 mars 2025) et une semaine \u00e0 1000 pages du Pingouin Vert. Nos lectures du\u00a0 17 au 23 [&hellip;]<\/p>\n","protected":false},"author":1,"featured_media":38816,"comment_status":"open","ping_status":"open","sticky":false,"template":"","format":"standard","meta":{"jetpack_post_was_ever_published":false,"_jetpack_newsletter_access":"","_jetpack_dont_email_post_to_subs":false,"_jetpack_newsletter_tier_id":0,"_jetpack_memberships_contains_paywalled_content":false,"_jetpack_memberships_contains_paid_content":false,"footnotes":""},"categories":[2140,363],"tags":[4438,1226,1293,4499,2403,4528,4525,4510,367,4527,4526,3976,2767,3236,3209,905,789],"class_list":["post-38702","post","type-post","status-publish","format-standard","has-post-thumbnail","hentry","category-mini-blogueur","category-mini-lecteur","tag-2025-sera-classique-aussi","tag-bd-jeunesse","tag-benjamin-lacombe","tag-cecile-roumiguiere","tag-conte","tag-harper-lee","tag-jl-corolle","tag-jules-verne","tag-lecture-jeunesse","tag-lindsey-t","tag-lou-marceau","tag-mortelle-adele","tag-point-lecture-hebdo","tag-romance-contemporaine","tag-romance-historique","tag-romans-adulte","tag-romans-jeunesse","post-preview"],"jetpack_featured_media_url":"https:\/\/i0.wp.com\/www.jojoenherbe.com\/wp-content\/uploads\/2025\/03\/Point-lecture-hebdo-2025-12.jpg?fit=2000%2C1600","jetpack_sharing_enabled":true,"jetpack_shortlink":"https:\/\/wp.me\/p9zhGx-a4e","jetpack_likes_enabled":true,"jetpack-related-posts":[{"id":38575,"url":"http:\/\/www.jojoenherbe.com\/index.php\/2025\/03\/10\/point-lecture-hebdomadaire-2025-10\/","url_meta":{"origin":38702,"position":0},"title":"Point lecture hebdomadaire 2025 #10","author":"Jojo","date":"10 mars 2025","format":false,"excerpt":"En ce d\u00e9but de semaine, voici mon point lecture hebdomadaire avec un retour sur nos lectures (mais pas nos relectures) de la semaine derni\u00e8re. Nos lectures du\u00a0 3 au 9 mars 2025: Des lectures jeunesse: (Roman jeunesse) Le tour du monde en 80 jours de Jules Verne Nous continuons \u00e0\u2026","rel":"","context":"Dans &quot;Mini blogueur&quot;","block_context":{"text":"Mini blogueur","link":"http:\/\/www.jojoenherbe.com\/index.php\/category\/mini-blogueur\/"},"img":{"alt_text":"","src":"https:\/\/i0.wp.com\/www.jojoenherbe.com\/wp-content\/uploads\/2025\/03\/Point-lecture-hebdo-2025-10.jpg?fit=1200%2C960&resize=350%2C200","width":350,"height":200,"srcset":"https:\/\/i0.wp.com\/www.jojoenherbe.com\/wp-content\/uploads\/2025\/03\/Point-lecture-hebdo-2025-10.jpg?fit=1200%2C960&resize=350%2C200 1x, https:\/\/i0.wp.com\/www.jojoenherbe.com\/wp-content\/uploads\/2025\/03\/Point-lecture-hebdo-2025-10.jpg?fit=1200%2C960&resize=525%2C300 1.5x, https:\/\/i0.wp.com\/www.jojoenherbe.com\/wp-content\/uploads\/2025\/03\/Point-lecture-hebdo-2025-10.jpg?fit=1200%2C960&resize=700%2C400 2x, https:\/\/i0.wp.com\/www.jojoenherbe.com\/wp-content\/uploads\/2025\/03\/Point-lecture-hebdo-2025-10.jpg?fit=1200%2C960&resize=1050%2C600 3x"},"classes":[]},{"id":37057,"url":"http:\/\/www.jojoenherbe.com\/index.php\/2024\/09\/30\/point-lecture-hebdomadaire-2024-39\/","url_meta":{"origin":38702,"position":1},"title":"Point lecture hebdomadaire 2024 #39","author":"Jojo","date":"30 septembre 2024","format":false,"excerpt":"En ce d\u00e9but de semaine, voici mon point lecture hebdomadaire avec un retour sur nos lectures (mais pas nos relectures) de la semaine derni\u00e8re. Nos lectures du 23 au 29 septembre 2024: Des lectures jeunesse: Nous avons continu\u00e9 chaque soir et presque fini de lire Le jardin secret de Frances\u2026","rel":"","context":"Dans &quot;Mini blogueur&quot;","block_context":{"text":"Mini blogueur","link":"http:\/\/www.jojoenherbe.com\/index.php\/category\/mini-blogueur\/"},"img":{"alt_text":"","src":"https:\/\/i0.wp.com\/www.jojoenherbe.com\/wp-content\/uploads\/2020\/04\/Le-jardin-secret-150x150.jpg?resize=350%2C200","width":350,"height":200},"classes":[]},{"id":39120,"url":"http:\/\/www.jojoenherbe.com\/index.php\/2025\/04\/30\/point-lecture-hebdomadaire-2025-17\/","url_meta":{"origin":38702,"position":2},"title":"Point lecture hebdomadaire 2025 #17","author":"Jojo","date":"30 avril 2025","format":false,"excerpt":"En ce milieu de semaine, voici mon point lecture hebdomadaire avec un retour sur nos lectures (mais pas nos relectures) de la semaine derni\u00e8re. Nos lectures du\u00a0\u00a0 21 au 27 avril 2025: Des lectures jeunesse: Nous avons continu\u00e9 \u00e0 lire le tome 1 d'une trilogie fantasy : La l\u00e9gende de\u2026","rel":"","context":"Dans &quot;Mini blogueur&quot;","block_context":{"text":"Mini blogueur","link":"http:\/\/www.jojoenherbe.com\/index.php\/category\/mini-blogueur\/"},"img":{"alt_text":"","src":"https:\/\/i0.wp.com\/www.jojoenherbe.com\/wp-content\/uploads\/2025\/04\/Point-lecture-hebdo-2025-17.jpg?fit=1200%2C891&resize=350%2C200","width":350,"height":200,"srcset":"https:\/\/i0.wp.com\/www.jojoenherbe.com\/wp-content\/uploads\/2025\/04\/Point-lecture-hebdo-2025-17.jpg?fit=1200%2C891&resize=350%2C200 1x, https:\/\/i0.wp.com\/www.jojoenherbe.com\/wp-content\/uploads\/2025\/04\/Point-lecture-hebdo-2025-17.jpg?fit=1200%2C891&resize=525%2C300 1.5x, https:\/\/i0.wp.com\/www.jojoenherbe.com\/wp-content\/uploads\/2025\/04\/Point-lecture-hebdo-2025-17.jpg?fit=1200%2C891&resize=700%2C400 2x, https:\/\/i0.wp.com\/www.jojoenherbe.com\/wp-content\/uploads\/2025\/04\/Point-lecture-hebdo-2025-17.jpg?fit=1200%2C891&resize=1050%2C600 3x"},"classes":[]},{"id":38483,"url":"http:\/\/www.jojoenherbe.com\/index.php\/2025\/03\/01\/bilan-de-lecture-fevrier-2025\/","url_meta":{"origin":38702,"position":3},"title":"Bilan de lecture: f\u00e9vrier 2025","author":"Jojo","date":"1 mars 2025","format":false,"excerpt":"En ce 1er mars 2025, voici un petit retour livresque sur f\u00e9vrier 2025 qui a \u00e9t\u00e9 rythm\u00e9, malgr\u00e9 le temps pluvieux, par les carnavals (cr\u00eapes et bugnes aussi bien s\u00fbr!) et les vacances scolaires pour mon mini lutin. C\u2019\u00e9tait aussi l\u2019African-American History Month Challenge 2025 d\u2019Enna que je prolongerai le\u2026","rel":"","context":"Dans &quot;Mini blogueur&quot;","block_context":{"text":"Mini blogueur","link":"http:\/\/www.jojoenherbe.com\/index.php\/category\/mini-blogueur\/"},"img":{"alt_text":"","src":"https:\/\/i0.wp.com\/www.jojoenherbe.com\/wp-content\/uploads\/2025\/03\/Carnaval-Nice-2025-scaled.jpg?resize=350%2C200","width":350,"height":200,"srcset":"https:\/\/i0.wp.com\/www.jojoenherbe.com\/wp-content\/uploads\/2025\/03\/Carnaval-Nice-2025-scaled.jpg?resize=350%2C200 1x, https:\/\/i0.wp.com\/www.jojoenherbe.com\/wp-content\/uploads\/2025\/03\/Carnaval-Nice-2025-scaled.jpg?resize=525%2C300 1.5x, https:\/\/i0.wp.com\/www.jojoenherbe.com\/wp-content\/uploads\/2025\/03\/Carnaval-Nice-2025-scaled.jpg?resize=700%2C400 2x, https:\/\/i0.wp.com\/www.jojoenherbe.com\/wp-content\/uploads\/2025\/03\/Carnaval-Nice-2025-scaled.jpg?resize=1050%2C600 3x, https:\/\/i0.wp.com\/www.jojoenherbe.com\/wp-content\/uploads\/2025\/03\/Carnaval-Nice-2025-scaled.jpg?resize=1400%2C800 4x"},"classes":[]},{"id":38757,"url":"http:\/\/www.jojoenherbe.com\/index.php\/2025\/04\/01\/point-lecture-hebdomadaire-2025-13\/","url_meta":{"origin":38702,"position":4},"title":"Point lecture hebdomadaire 2025 #13","author":"Jojo","date":"1 avril 2025","format":false,"excerpt":"En cette d\u00e9but de semaine, voici mon point lecture hebdomadaire avec un retour sur nos lectures (mais pas nos relectures) de la semaine derni\u00e8re. Nos lectures du\u00a0 24 au 30 mars 2025: Des lectures jeunesse: Nous continuons \u00e0 lire avec mon mini lutin Le tour du monde en 80 jours\u2026","rel":"","context":"Dans &quot;Mini blogueur&quot;","block_context":{"text":"Mini blogueur","link":"http:\/\/www.jojoenherbe.com\/index.php\/category\/mini-blogueur\/"},"img":{"alt_text":"","src":"https:\/\/i0.wp.com\/www.jojoenherbe.com\/wp-content\/uploads\/2025\/03\/Point-lecture-hebdo-2025-13.jpg?fit=1200%2C960&resize=350%2C200","width":350,"height":200,"srcset":"https:\/\/i0.wp.com\/www.jojoenherbe.com\/wp-content\/uploads\/2025\/03\/Point-lecture-hebdo-2025-13.jpg?fit=1200%2C960&resize=350%2C200 1x, https:\/\/i0.wp.com\/www.jojoenherbe.com\/wp-content\/uploads\/2025\/03\/Point-lecture-hebdo-2025-13.jpg?fit=1200%2C960&resize=525%2C300 1.5x, https:\/\/i0.wp.com\/www.jojoenherbe.com\/wp-content\/uploads\/2025\/03\/Point-lecture-hebdo-2025-13.jpg?fit=1200%2C960&resize=700%2C400 2x, https:\/\/i0.wp.com\/www.jojoenherbe.com\/wp-content\/uploads\/2025\/03\/Point-lecture-hebdo-2025-13.jpg?fit=1200%2C960&resize=1050%2C600 3x"},"classes":[]},{"id":39835,"url":"http:\/\/www.jojoenherbe.com\/index.php\/2025\/06\/29\/point-lecture-hebdomadaire-2025-25\/","url_meta":{"origin":38702,"position":5},"title":"Point lecture hebdomadaire 2025 #25","author":"Jojo","date":"29 juin 2025","format":false,"excerpt":"En cette fin de semaine, voici mon point lecture hebdomadaire avec un retour sur nos lectures (mais pas nos relectures) de la semaine derni\u00e8re qui ont \u00e9t\u00e9 peu nombreuses, compte-tenu de nos sorties du soir (plage, f\u00eate de la musique...) ou visionnages.\u00a0 Nos lectures du 16 au 22 juin 2025:\u2026","rel":"","context":"Dans &quot;Mini blogueur&quot;","block_context":{"text":"Mini blogueur","link":"http:\/\/www.jojoenherbe.com\/index.php\/category\/mini-blogueur\/"},"img":{"alt_text":"","src":"https:\/\/i0.wp.com\/www.jojoenherbe.com\/wp-content\/uploads\/2025\/06\/Point-lecture-hebdo-2025-25.jpg?fit=1200%2C871&resize=350%2C200","width":350,"height":200,"srcset":"https:\/\/i0.wp.com\/www.jojoenherbe.com\/wp-content\/uploads\/2025\/06\/Point-lecture-hebdo-2025-25.jpg?fit=1200%2C871&resize=350%2C200 1x, https:\/\/i0.wp.com\/www.jojoenherbe.com\/wp-content\/uploads\/2025\/06\/Point-lecture-hebdo-2025-25.jpg?fit=1200%2C871&resize=525%2C300 1.5x, https:\/\/i0.wp.com\/www.jojoenherbe.com\/wp-content\/uploads\/2025\/06\/Point-lecture-hebdo-2025-25.jpg?fit=1200%2C871&resize=700%2C400 2x, https:\/\/i0.wp.com\/www.jojoenherbe.com\/wp-content\/uploads\/2025\/06\/Point-lecture-hebdo-2025-25.jpg?fit=1200%2C871&resize=1050%2C600 3x"},"classes":[]}],"_links":{"self":[{"href":"http:\/\/www.jojoenherbe.com\/index.php\/wp-json\/wp\/v2\/posts\/38702","targetHints":{"allow":["GET"]}}],"collection":[{"href":"http:\/\/www.jojoenherbe.com\/index.php\/wp-json\/wp\/v2\/posts"}],"about":[{"href":"http:\/\/www.jojoenherbe.com\/index.php\/wp-json\/wp\/v2\/types\/post"}],"author":[{"embeddable":true,"href":"http:\/\/www.jojoenherbe.com\/index.php\/wp-json\/wp\/v2\/users\/1"}],"replies":[{"embeddable":true,"href":"http:\/\/www.jojoenherbe.com\/index.php\/wp-json\/wp\/v2\/comments?post=38702"}],"version-history":[{"count":10,"href":"http:\/\/www.jojoenherbe.com\/index.php\/wp-json\/wp\/v2\/posts\/38702\/revisions"}],"predecessor-version":[{"id":38792,"href":"http:\/\/www.jojoenherbe.com\/index.php\/wp-json\/wp\/v2\/posts\/38702\/revisions\/38792"}],"wp:featuredmedia":[{"embeddable":true,"href":"http:\/\/www.jojoenherbe.com\/index.php\/wp-json\/wp\/v2\/media\/38816"}],"wp:attachment":[{"href":"http:\/\/www.jojoenherbe.com\/index.php\/wp-json\/wp\/v2\/media?parent=38702"}],"wp:term":[{"taxonomy":"category","embeddable":true,"href":"http:\/\/www.jojoenherbe.com\/index.php\/wp-json\/wp\/v2\/categories?post=38702"},{"taxonomy":"post_tag","embeddable":true,"href":"http:\/\/www.jojoenherbe.com\/index.php\/wp-json\/wp\/v2\/tags?post=38702"}],"curies":[{"name":"wp","href":"https:\/\/api.w.org\/{rel}","templated":true}]}}