{"id":38648,"date":"2025-03-23T09:49:36","date_gmt":"2025-03-23T08:49:36","guid":{"rendered":"https:\/\/www.jojoenherbe.com\/?p=38648"},"modified":"2025-10-18T09:35:52","modified_gmt":"2025-10-18T07:35:52","slug":"au-fil-des-pages-avec-la-ballade-funebre-de-hart-et-de-mercy","status":"publish","type":"post","link":"http:\/\/www.jojoenherbe.com\/index.php\/2025\/03\/23\/au-fil-des-pages-avec-la-ballade-funebre-de-hart-et-de-mercy\/","title":{"rendered":"Au fil des pages avec La ballade fun\u00e8bre de Hart et de Mercy"},"content":{"rendered":"<p style=\"text-align: justify;\"><em>J&rsquo;ai lu le premier tome de cette s\u00e9rie class\u00e9e par l&rsquo;\u00e9diteur en romantasy adulte: <span style=\"text-decoration: underline;\">La ballade fun\u00e8bre de Hart et de Mercy<\/span> de Megan Bannen (\u00e9d. Milady, coll. Milady fantasy, mars 2024, 416 pages), une romance se d\u00e9roulant dans un monde o\u00f9 les nouveaux dieux ont banni les anciens sur Tarnia. Hart Ralston est un ranger demi-dieu, de p\u00e8re divin inconnu, \u00e2g\u00e9 de 36 ans qui s&#8217;emp\u00eache de vivre sous pr\u00e9texte qu&rsquo;il ne sait pas s&rsquo;il est immortel ou non et qui se r\u00e9fugie dans le travail, dans les terres d\u00e9sol\u00e9es de Tarnia o\u00f9 le nombre d&rsquo;Acharn\u00e9s ne cessent de cro\u00eetre de fa\u00e7on inqui\u00e9tante, jusqu&rsquo;\u00e0 ce qu&rsquo;on lui attribue un stagiaire. Depuis 4 ans qu&rsquo;il c\u00f4toie les pompes fun\u00e8bres Birdsall &amp; Fils, il voue une haine sans fin \u00e0 Mercy, la fille a\u00een\u00e9e de 30 ans qui tient \u00e0 bras le corps toute l&rsquo;entreprise familiale qui p\u00e9riclite depuis les probl\u00e8mes de sant\u00e9 de son p\u00e8re, faisant passer sa famille avant elle et qui le lui rend bien, m\u00eame si les deux se trouvent mutuellement beaux et attirants. Les deux trentenaires, pour des raisons diff\u00e9rentes, se sentent seuls au point d&rsquo;\u00e9crire \u00e0 un inconnu \u00ab\u00a0ami\u00a0\u00bb. Et si cet \u00e9change de lettres leur permettait de se voir diff\u00e9remment? <\/em><\/p>\n<p style=\"text-align: justify;\"><em>On retrouve la m\u00eame id\u00e9e de correspondances de lettres sur fond d&rsquo;enemies to lovers que dans <span style=\"text-decoration: underline;\">Divines rivalit\u00e9s<\/span> de Rebecca Ross (\u00e9d. De Saxus, mai 2024, 432 pages) avec, je trouve, les m\u00eames d\u00e9fauts: un monde peu d\u00e9velopp\u00e9 et des personnages principaux qui ne sont pas en ad\u00e9quation avec leur \u00e2ge (ici des trentenaires sans maturit\u00e9). Les th\u00e9matiques abord\u00e9es sont pourtant int\u00e9ressantes avec la condition de demi-dieu de Hart (qu\u00eate d&rsquo;identit\u00e9 et discriminations) ou la condition f\u00e9minine \u00e0 travers le personnage de Mercy (l&rsquo;entreprise se transmettant de p\u00e8re en fils).<br \/><\/em><\/p>\n<p style=\"text-align: justify;\"><em>Mais j&rsquo;ai trouv\u00e9 l&rsquo;ensemble convenu et d\u00e9j\u00e0 vu avec des intrigues secondaires sans originalit\u00e9, l&rsquo;ex petit-ami policier caricatural de Mercy, le \u00ab\u00a0m\u00e9chant\u00a0\u00bb \u00e0 la t\u00eate d&rsquo;une entreprise de pompes fun\u00e8bres concurrente pr\u00eat \u00e0 tout pour asseoir son monopole&#8230;, avec un happy end rappelant l&rsquo;importance de communiquer et une enqu\u00eate sur les Acharn\u00e9s qui se r\u00e9sout bien trop vite et trop facilement \u00e0 mon go\u00fbt. <\/em><em>Cela ne m&rsquo;a pas suffisant plu (je me suis m\u00eame ennuy\u00e9e par moment, malgr\u00e9 quelques pointes d&rsquo;humour en particulier avec les nimkilims, \u00eatres immortels devenus facteurs ou certaines joutes verbales entre Mercy et Hart) pour que je lise le tome suivant avec deux personnages de rangers quinquag\u00e9naires introduits dans la derni\u00e8re partie, <span style=\"text-decoration: underline;\">La Ballade fabuleuse de Twyla et Franck<\/span> (\u00e9d. Milady, janvier 2025, 384 pages), ce tome \u00e9tant plus pour un lectorat young adult (avec quelques sc\u00e8nes \u00ab\u00a0spicy\u00a0\u00bb). <\/em><\/p>\n<p style=\"text-align: justify;\"><em>Cette lecture me permet n\u00e9anmoins de finir (enfin!) ma premi\u00e8re ligne pour le Challenge Petit Bac d&rsquo;Enna. J&rsquo;ai \u00e9galement relev\u00e9 des passages gourmands, Zeddie, le fr\u00e8re de Mercy pr\u00e9parant de nombreux plats pour sa famille et son petit-ami Pen, se destinant \u00e0 \u00eatre chef cuisinier et non croque-mort.<\/em><\/p>\n<p><em>Pour d&rsquo;autres avis: <a href=\"https:\/\/lightandsmell.wordpress.com\/2025\/04\/16\/la-ballade-funebre-de-hart-mercy-megan-bannen\/\">Audrey<\/a> (bien plus enthousiaste que moi) et <a href=\"https:\/\/viedecontedefee.blogspot.com\/2025\/10\/1840-elle-rit-et-il-comprit-ce-moment.html\">Samarian<\/a>.<\/em><\/p>\n<div id=\"attachment_37823\" style=\"width: 109px\" class=\"wp-caption alignleft\"><img data-recalc-dims=\"1\" loading=\"lazy\" decoding=\"async\" aria-describedby=\"caption-attachment-37823\" data-attachment-id=\"37823\" data-permalink=\"http:\/\/www.jojoenherbe.com\/index.php\/2025\/01\/10\/mes-challenges-livresques-2025\/challenge-petit-bac-2025-denna-logo\/\" data-orig-file=\"https:\/\/i0.wp.com\/www.jojoenherbe.com\/wp-content\/uploads\/2024\/12\/Challenge-Petit-Bac-2025-dEnna-logo.jpg?fit=285%2C217\" data-orig-size=\"285,217\" data-comments-opened=\"1\" data-image-meta=\"{&quot;aperture&quot;:&quot;0&quot;,&quot;credit&quot;:&quot;&quot;,&quot;camera&quot;:&quot;&quot;,&quot;caption&quot;:&quot;&quot;,&quot;created_timestamp&quot;:&quot;1735738492&quot;,&quot;copyright&quot;:&quot;&quot;,&quot;focal_length&quot;:&quot;0&quot;,&quot;iso&quot;:&quot;0&quot;,&quot;shutter_speed&quot;:&quot;0&quot;,&quot;title&quot;:&quot;&quot;,&quot;orientation&quot;:&quot;0&quot;}\" data-image-title=\"Challenge Petit Bac 2025 d&amp;rsquo;Enna &amp;#8211; logo\" data-image-description=\"\" data-image-caption=\"\" data-large-file=\"https:\/\/i0.wp.com\/www.jojoenherbe.com\/wp-content\/uploads\/2024\/12\/Challenge-Petit-Bac-2025-dEnna-logo.jpg?fit=285%2C217\" class=\"wp-image-37823\" src=\"https:\/\/i0.wp.com\/www.jojoenherbe.com\/wp-content\/uploads\/2024\/12\/Challenge-Petit-Bac-2025-dEnna-logo.jpg?resize=99%2C75\" alt=\"\" width=\"99\" height=\"75\" \/><p id=\"caption-attachment-37823\" class=\"wp-caption-text\">Challenge Petit Bac d\u2019<em><a href=\"https:\/\/ennalit.wordpress.com\/2024\/12\/01\/challenge-petit-bac-2025-qui-veut-jouer\/\">Enna<\/a><\/em> #1 Cat\u00e9gorie Sport\/Loisir : \u00ab Ballade \u00bb<\/p><\/div>\n<div id=\"attachment_19954\" style=\"width: 111px\" class=\"wp-caption alignleft\"><img loading=\"lazy\" decoding=\"async\" aria-describedby=\"caption-attachment-19954\" class=\"wp-image-19954\" src=\"https:\/\/i0.wp.com\/mapetitemediatheque.fr\/wp-content\/uploads\/2021\/11\/Inkedle-tour-du-monde-en-80-livres-2_LI.jpg?resize=116%2C87&amp;ssl=1\" sizes=\"auto, (max-width: 500px) 100vw, 500px\" srcset=\"https:\/\/i0.wp.com\/mapetitemediatheque.fr\/wp-content\/uploads\/2021\/11\/Inkedle-tour-du-monde-en-80-livres-2_LI.jpg?resize=116%2C87&amp;ssl=1 500w, https:\/\/mapetitemediatheque.fr\/wp-content\/uploads\/2021\/11\/Inkedle-tour-du-monde-en-80-livres-2_LI-300x226.jpg 300w, https:\/\/mapetitemediatheque.fr\/wp-content\/uploads\/2021\/11\/Inkedle-tour-du-monde-en-80-livres-2_LI-120x90.jpg 120w\" alt=\"\" width=\"101\" height=\"76\" aria-describedby=\"caption-attachment-19954\" \/><p id=\"caption-attachment-19954\" class=\"wp-caption-text\">Participation #5 (Parcours litt\u00e9raire) Challenge Le tour du monde en 80 livres 2025 de <a href=\"https:\/\/mapetitemediatheque.fr\/2025\/01\/le-tour-du-monde-en-80-livres-2025\/\">Bidib<\/a> #\u00c9tats-Unis<\/p><\/div>\n<div id=\"attachment_38013\" style=\"width: 127px\" class=\"wp-caption alignleft\"><img data-recalc-dims=\"1\" loading=\"lazy\" decoding=\"async\" aria-describedby=\"caption-attachment-38013\" data-attachment-id=\"38013\" data-permalink=\"http:\/\/www.jojoenherbe.com\/index.php\/2025\/01\/10\/mes-challenges-livresques-2025\/challenge-des-livres-et-des-ecrans-en-cuisine-2025-logo-2\/\" data-orig-file=\"https:\/\/i0.wp.com\/www.jojoenherbe.com\/wp-content\/uploads\/2025\/01\/Challenge-Des-livres-et-des-ecrans-en-cuisine-2025-logo-2.png?fit=300%2C169\" data-orig-size=\"300,169\" data-comments-opened=\"1\" data-image-meta=\"{&quot;aperture&quot;:&quot;0&quot;,&quot;credit&quot;:&quot;&quot;,&quot;camera&quot;:&quot;&quot;,&quot;caption&quot;:&quot;&quot;,&quot;created_timestamp&quot;:&quot;0&quot;,&quot;copyright&quot;:&quot;&quot;,&quot;focal_length&quot;:&quot;0&quot;,&quot;iso&quot;:&quot;0&quot;,&quot;shutter_speed&quot;:&quot;0&quot;,&quot;title&quot;:&quot;&quot;,&quot;orientation&quot;:&quot;0&quot;}\" data-image-title=\"Challenge Des livres (et des \u00e9crans) en cuisine 2025 &amp;#8211; logo 2\" data-image-description=\"\" data-image-caption=\"\" data-large-file=\"https:\/\/i0.wp.com\/www.jojoenherbe.com\/wp-content\/uploads\/2025\/01\/Challenge-Des-livres-et-des-ecrans-en-cuisine-2025-logo-2.png?fit=300%2C169\" class=\"wp-image-38013\" src=\"https:\/\/i0.wp.com\/www.jojoenherbe.com\/wp-content\/uploads\/2025\/01\/Challenge-Des-livres-et-des-ecrans-en-cuisine-2025-logo-2.png?resize=117%2C66\" alt=\"\" width=\"117\" height=\"66\" \/><p id=\"caption-attachment-38013\" class=\"wp-caption-text\">Participation #7 Challenge Des livres (et des \u00e9crans) en cuisine 2025 de <a href=\"https:\/\/mapetitemediatheque.fr\/2025\/01\/des-livres-et-des-ecrans-en-cuisine-2025\/\">Bidib<\/a> et <a href=\"http:\/\/croquerlespages.canalblog.com\/2025\/01\/livres-et-ecrans.html\">Fondant<\/a> #Cuisine am\u00e9ricaine<\/p><\/div>\n\n\n<p><\/p>\n","protected":false},"excerpt":{"rendered":"<p>J&rsquo;ai lu le premier tome de cette s\u00e9rie class\u00e9e par l&rsquo;\u00e9diteur en romantasy adulte: La ballade fun\u00e8bre de Hart et de Mercy de Megan Bannen (\u00e9d. Milady, coll. Milady fantasy, mars 2024, 416 pages), une romance se d\u00e9roulant dans un monde o\u00f9 les nouveaux dieux ont banni les anciens sur Tarnia. Hart Ralston est un [&hellip;]<\/p>\n","protected":false},"author":1,"featured_media":38652,"comment_status":"open","ping_status":"open","sticky":false,"template":"","format":"standard","meta":{"jetpack_post_was_ever_published":false,"_jetpack_newsletter_access":"","_jetpack_dont_email_post_to_subs":false,"_jetpack_newsletter_tier_id":0,"_jetpack_memberships_contains_paywalled_content":false,"_jetpack_memberships_contains_paid_content":false,"footnotes":""},"categories":[363],"tags":[2169,1347,4423,1492,1908,4429,1662,1593,4325,1779,4425,1085,4521,2816,1295,1726,4522,844,905,3034,3570,619],"class_list":["post-38648","post","type-post","status-publish","format-standard","has-post-thumbnail","hentry","category-mini-lecteur","tag-16-18-ans","tag-18-ans-et-plus","tag-challenge-petit-bac-2025","tag-condition-de-la-femme","tag-correspondance","tag-des-livres-et-des-ecrans-en-cuisine-2025","tag-discrimination","tag-divinites","tag-enemies-to-lovers","tag-enquete-policiere","tag-le-tour-du-monde-en-80-livres-2025","tag-lecture-adulte","tag-megan-bannen","tag-pompes-funebres","tag-quete-didentite","tag-racisme","tag-ranger","tag-romance","tag-romans-adulte","tag-romans-young-adult","tag-romantasy","tag-solitude","post-preview"],"jetpack_featured_media_url":"https:\/\/i0.wp.com\/www.jojoenherbe.com\/wp-content\/uploads\/2025\/03\/La-ballade-funebre-de-Hart-et-Mercy.jpg?fit=750%2C1145","jetpack_sharing_enabled":true,"jetpack_shortlink":"https:\/\/wp.me\/p9zhGx-a3m","jetpack_likes_enabled":true,"jetpack-related-posts":[{"id":38810,"url":"http:\/\/www.jojoenherbe.com\/index.php\/2025\/03\/31\/billet-de-suivi-challenge-petit-bac-2025\/","url_meta":{"origin":38648,"position":0},"title":"Billet de suivi: Challenge Petit Bac 2025","author":"Jojo","date":"31 mars 2025","format":false,"excerpt":"Je participe pour la septi\u00e8me ann\u00e9e cons\u00e9cutive au Challenge Petit Bac d\u2019Enna, les cinq premi\u00e8res cat\u00e9gories restant identiques aux ann\u00e9es pr\u00e9c\u00e9dentes. Je vais actualiser ce billet au fur-et-\u00e0 mesure des lignes valid\u00e9es et faire un point sur mes participations au challenge. Pour le moment, j\u2019ai termin\u00e9 mes 4 premi\u00e8res lignes\u2026","rel":"","context":"Dans &quot;Mini challenger&quot;","block_context":{"text":"Mini challenger","link":"http:\/\/www.jojoenherbe.com\/index.php\/category\/mini-challenger\/"},"img":{"alt_text":"","src":"https:\/\/i0.wp.com\/www.jojoenherbe.com\/wp-content\/uploads\/2024\/12\/Challenge-Petit-Bac-2025-dEnna-logo.jpg?fit=285%2C217&resize=350%2C200","width":350,"height":200},"classes":[]},{"id":36936,"url":"http:\/\/www.jojoenherbe.com\/index.php\/2024\/08\/29\/throwback-thursday-livresque-romantasy\/","url_meta":{"origin":38648,"position":1},"title":"Throwback Thursday Livresque: Romantasy","author":"Jojo","date":"29 ao\u00fbt 2024","format":false,"excerpt":"Ce jeudi 26 ao\u00fbt 2024, je participe au Throwback Thursday Livresque, un rendez-vous livresque initialement chez Bettie Rose Books et repris depuis par Carole, les liens \u00e9tant \u00e0 d\u00e9poser chez My-Bo0ks. Le principe est de partager chaque jeudi un livre en fonction d\u2019un th\u00e8me donn\u00e9. Cette semaine, le th\u00e8me est\u2026","rel":"","context":"Dans &quot;Mini challenger&quot;","block_context":{"text":"Mini challenger","link":"http:\/\/www.jojoenherbe.com\/index.php\/category\/mini-challenger\/"},"img":{"alt_text":"","src":"https:\/\/i0.wp.com\/www.jojoenherbe.com\/wp-content\/uploads\/2023\/10\/TTL-logo.jpg?resize=350%2C200","width":350,"height":200},"classes":[]},{"id":36273,"url":"http:\/\/www.jojoenherbe.com\/index.php\/2024\/06\/05\/au-fil-des-pages-avec-le-tome-1-du-pont-des-tempetes\/","url_meta":{"origin":38648,"position":2},"title":"Au fil des pages avec le tome 1 du Pont des Temp\u00eates","author":"Jojo","date":"5 juin 2024","format":false,"excerpt":"Ayant lu la semaine derni\u00e8re le tome 3 de la s\u00e9rie du Pont des Temp\u00eates, je me suis rendue compte que je n'avais pas \u00e9crit de billet sur les deux tomes pr\u00e9c\u00e9dents. Alors voici mon avis sur le tome 1 que j'ai lu l'ann\u00e9e derni\u00e8re: Le Pont des Temp\u00eates de\u2026","rel":"","context":"Dans &quot;Mini lecteur&quot;","block_context":{"text":"Mini lecteur","link":"http:\/\/www.jojoenherbe.com\/index.php\/category\/mini-lecteur\/"},"img":{"alt_text":"","src":"https:\/\/i0.wp.com\/www.jojoenherbe.com\/wp-content\/uploads\/2024\/06\/Le-pont-des-tempetes-T1-scaled.jpg?fit=1200%2C997&resize=350%2C200","width":350,"height":200,"srcset":"https:\/\/i0.wp.com\/www.jojoenherbe.com\/wp-content\/uploads\/2024\/06\/Le-pont-des-tempetes-T1-scaled.jpg?fit=1200%2C997&resize=350%2C200 1x, https:\/\/i0.wp.com\/www.jojoenherbe.com\/wp-content\/uploads\/2024\/06\/Le-pont-des-tempetes-T1-scaled.jpg?fit=1200%2C997&resize=525%2C300 1.5x, https:\/\/i0.wp.com\/www.jojoenherbe.com\/wp-content\/uploads\/2024\/06\/Le-pont-des-tempetes-T1-scaled.jpg?fit=1200%2C997&resize=700%2C400 2x, https:\/\/i0.wp.com\/www.jojoenherbe.com\/wp-content\/uploads\/2024\/06\/Le-pont-des-tempetes-T1-scaled.jpg?fit=1200%2C997&resize=1050%2C600 3x"},"classes":[]},{"id":36282,"url":"http:\/\/www.jojoenherbe.com\/index.php\/2024\/07\/30\/au-fil-des-pages-avec-le-tome-3-du-pont-des-tempetes\/","url_meta":{"origin":38648,"position":3},"title":"Au fil des pages avec le tome 3 du Pont des Temp\u00eates","author":"Jojo","date":"30 juillet 2024","format":false,"excerpt":"J'ai lu le tome 3 du Pont des Temp\u00eates, L'h\u00e9ritier insoumis de Danielle L. Jensen (\u00e9d. Bragelonne, coll. Fantasy, mars 2024, 552 pages), une romantasy se d\u00e9roulant dans un monde en guerre et ravag\u00e9 par des temp\u00eates sauvages, l\u2019unique voie de passage commerciale \u00e9tant le pont des temp\u00eates d\u00e9tenu par\u2026","rel":"","context":"Dans &quot;Mini lecteur&quot;","block_context":{"text":"Mini lecteur","link":"http:\/\/www.jojoenherbe.com\/index.php\/category\/mini-lecteur\/"},"img":{"alt_text":"","src":"https:\/\/i0.wp.com\/www.jojoenherbe.com\/wp-content\/uploads\/2024\/06\/Lheritier-insoumis-T3.jpg?resize=350%2C200","width":350,"height":200},"classes":[]},{"id":41658,"url":"http:\/\/www.jojoenherbe.com\/index.php\/2025\/12\/08\/au-fil-des-pages-avec-la-chasse-aux-livres-de-noel\/","url_meta":{"origin":38648,"position":4},"title":"Au fil des pages avec La chasse aux livres de No\u00ebl","author":"Jojo","date":"8 d\u00e9cembre 2025","format":false,"excerpt":"En commen\u00e7ant la lecture de La biblioth\u00e8que secr\u00e8te de No\u00ebl, j'ai eu l'impression d'avoir affaire \u00e0 une suite et non un premier opus, tant les deux protagonistes \u00e9taient en froid apr\u00e8s une premi\u00e8re enqu\u00eate \u00e0 laquelle le lecteur est sans cesse renvoy\u00e9. J'ai donc arr\u00eat\u00e9 ma lecture pour lire, en\u2026","rel":"","context":"Dans &quot;Mini lecteur&quot;","block_context":{"text":"Mini lecteur","link":"http:\/\/www.jojoenherbe.com\/index.php\/category\/mini-lecteur\/"},"img":{"alt_text":"","src":"https:\/\/i0.wp.com\/www.jojoenherbe.com\/wp-content\/uploads\/2025\/12\/La-chasse-aux-livres-de-Noel.jpg?fit=750%2C1192&resize=350%2C200","width":350,"height":200,"srcset":"https:\/\/i0.wp.com\/www.jojoenherbe.com\/wp-content\/uploads\/2025\/12\/La-chasse-aux-livres-de-Noel.jpg?fit=750%2C1192&resize=350%2C200 1x, https:\/\/i0.wp.com\/www.jojoenherbe.com\/wp-content\/uploads\/2025\/12\/La-chasse-aux-livres-de-Noel.jpg?fit=750%2C1192&resize=525%2C300 1.5x, https:\/\/i0.wp.com\/www.jojoenherbe.com\/wp-content\/uploads\/2025\/12\/La-chasse-aux-livres-de-Noel.jpg?fit=750%2C1192&resize=700%2C400 2x"},"classes":[]},{"id":40979,"url":"http:\/\/www.jojoenherbe.com\/index.php\/2025\/10\/17\/au-fil-des-pages-avec-le-tome-5-du-pont-des-tempetes\/","url_meta":{"origin":38648,"position":5},"title":"Au fil des pages avec le tome 5 du Pont des Temp\u00eates","author":"Jojo","date":"17 octobre 2025","format":false,"excerpt":"Sit\u00f4t paru, j'ai lu, en e-book, le tome 5 du Pont des Temp\u00eates, Le tr\u00f4ne tourment\u00e9 de Danielle L. Jensen (\u00e9d. Bragelonne, coll. Fantasy, octobre 2025, 468 pages), une romantasy se d\u00e9roulant dans un monde en guerre et ravag\u00e9 par des temp\u00eates sauvages, l\u2019unique voie de passage commerciale \u00e9tant le\u2026","rel":"","context":"Dans &quot;Mini lecteur&quot;","block_context":{"text":"Mini lecteur","link":"http:\/\/www.jojoenherbe.com\/index.php\/category\/mini-lecteur\/"},"img":{"alt_text":"","src":"https:\/\/i0.wp.com\/www.jojoenherbe.com\/wp-content\/uploads\/2025\/10\/Le-trone-tourmente-T5.jpg?fit=750%2C1177&resize=350%2C200","width":350,"height":200,"srcset":"https:\/\/i0.wp.com\/www.jojoenherbe.com\/wp-content\/uploads\/2025\/10\/Le-trone-tourmente-T5.jpg?fit=750%2C1177&resize=350%2C200 1x, https:\/\/i0.wp.com\/www.jojoenherbe.com\/wp-content\/uploads\/2025\/10\/Le-trone-tourmente-T5.jpg?fit=750%2C1177&resize=525%2C300 1.5x, https:\/\/i0.wp.com\/www.jojoenherbe.com\/wp-content\/uploads\/2025\/10\/Le-trone-tourmente-T5.jpg?fit=750%2C1177&resize=700%2C400 2x"},"classes":[]}],"_links":{"self":[{"href":"http:\/\/www.jojoenherbe.com\/index.php\/wp-json\/wp\/v2\/posts\/38648","targetHints":{"allow":["GET"]}}],"collection":[{"href":"http:\/\/www.jojoenherbe.com\/index.php\/wp-json\/wp\/v2\/posts"}],"about":[{"href":"http:\/\/www.jojoenherbe.com\/index.php\/wp-json\/wp\/v2\/types\/post"}],"author":[{"embeddable":true,"href":"http:\/\/www.jojoenherbe.com\/index.php\/wp-json\/wp\/v2\/users\/1"}],"replies":[{"embeddable":true,"href":"http:\/\/www.jojoenherbe.com\/index.php\/wp-json\/wp\/v2\/comments?post=38648"}],"version-history":[{"count":17,"href":"http:\/\/www.jojoenherbe.com\/index.php\/wp-json\/wp\/v2\/posts\/38648\/revisions"}],"predecessor-version":[{"id":41009,"href":"http:\/\/www.jojoenherbe.com\/index.php\/wp-json\/wp\/v2\/posts\/38648\/revisions\/41009"}],"wp:featuredmedia":[{"embeddable":true,"href":"http:\/\/www.jojoenherbe.com\/index.php\/wp-json\/wp\/v2\/media\/38652"}],"wp:attachment":[{"href":"http:\/\/www.jojoenherbe.com\/index.php\/wp-json\/wp\/v2\/media?parent=38648"}],"wp:term":[{"taxonomy":"category","embeddable":true,"href":"http:\/\/www.jojoenherbe.com\/index.php\/wp-json\/wp\/v2\/categories?post=38648"},{"taxonomy":"post_tag","embeddable":true,"href":"http:\/\/www.jojoenherbe.com\/index.php\/wp-json\/wp\/v2\/tags?post=38648"}],"curies":[{"name":"wp","href":"https:\/\/api.w.org\/{rel}","templated":true}]}}