{"id":38578,"date":"2025-03-26T08:17:57","date_gmt":"2025-03-26T07:17:57","guid":{"rendered":"https:\/\/www.jojoenherbe.com\/?p=38578"},"modified":"2025-03-26T18:56:51","modified_gmt":"2025-03-26T17:56:51","slug":"au-fil-des-pages-avec-la-double-vie-de-dina-miller","status":"publish","type":"post","link":"http:\/\/www.jojoenherbe.com\/index.php\/2025\/03\/26\/au-fil-des-pages-avec-la-double-vie-de-dina-miller\/","title":{"rendered":"Au fil des pages avec La double vie de Dina Miller"},"content":{"rendered":"<p style=\"text-align: justify;\"><em>J&rsquo;ai lu\u00a0<span style=\"text-decoration: underline;\">La double vie de Dina Miller<\/span> de Zo\u00e9 Brisby (\u00e9d. Albin Michel, mars 2024, 272 pages), un roman historique se d\u00e9roulant au d\u00e9but des ann\u00e9es 60, Dina Miller, agent du Mossad, devant exfiltrer des \u00c9tats-Unis, Otto van Maiden, un ancien m\u00e9decin nazi dans le camp de concentration de Buchenwald et faisant partie du programme Mercury, au sein du Centre spatial bas\u00e9 \u00e0 Huntsville, en Alabama, sous le nom d&rsquo;Oscar Stanford.<br \/>\n<\/em><\/p>\n<p style=\"text-align: justify;\"><em>Pour sa nouvelle mission d&rsquo;infiltration, elle se fait passer pour une veuve revenant d&rsquo;Argentine et se fait embaucher comme serveuse au Avery&rsquo;s diner dans lequel se retrouve les femmes des scientifiques, avec \u00e0 leur t\u00eate Mandy et la femme de sa nouvelle cible, Cherry qui ignore tout du pass\u00e9 nazi de son mari. Dina a d\u00fb mal \u00e0 se faire \u00e0 cette nouvelle mission qui n&rsquo;avance gu\u00e8re, doutant m\u00eame de l&rsquo;identit\u00e9 de sa cible, Oscar Stanford, alors qu&rsquo;elle semble particuli\u00e8rement personnelle pour son superviseur, Peter qui lui rend plusieurs visites, contrairement \u00e0 d&rsquo;habitude et que les rumeurs circulent sur le fait que le m\u00e9decin continue ses atroces exp\u00e9riences sur des personnes d\u00e9favoris\u00e9es, notamment afro-am\u00e9ricaines de la ville et des soldats.<\/em><\/p>\n<p style=\"text-align: justify;\"><em>On retrouve des th\u00e9matiques similaires \u00e0 son pr\u00e9c\u00e9dent roman, <a href=\"https:\/\/www.jojoenherbe.com\/index.php\/2023\/09\/16\/au-fil-des-pages-avec-les-mauvaises-epouses\/\"><span style=\"text-decoration: underline;\">Les mauvaises \u00e9pouses<\/span><\/a> (\u00e9d. Albin Michel, mars 2023, 336 pages), un roman historique se d\u00e9roulant dans les ann\u00e9es 50, dix ans plus t\u00f4t que ce nouveau roman mais avec cette micro-soci\u00e9t\u00e9 tout en apparences et tr\u00e8s hi\u00e9rarchis\u00e9e de femmes surnomm\u00e9es ici Bomb Wives, \u00e9pouses des scientifiques du Centre spatial et se comportant comme les \u00e9pouses de la base militaire fictive d\u2019Artemisia Lane, dans le d\u00e9sert du Nevada, en plein projet de la bombe atomique.<\/em><\/p>\n<p style=\"text-align: justify;\"><em>Il y est ainsi question de la traque des criminels de guerre nazis par le Mossad, de l&rsquo;op\u00e9ration Paperclip, de mariage, de fausses apparences, de vengeance, du droit des victimes, de seconde chance, de conqu\u00eate spatiale&#8230;<\/em><\/p>\n<p style=\"text-align: justify;\"><em>J&rsquo;avais d\u00e9j\u00e0 entendu parler de cette exfiltration et recrutement de scientifiques nazis par les Am\u00e9ricains au lendemain de la Seconde Guerre Mondiale, les Sovi\u00e9tiques ayant fait de m\u00eame de leur c\u00f4t\u00e9. M\u00ealant des personnages fictifs \u00e0 l&rsquo;Histoire, Zo\u00e9 Brisby rappelle le r\u00f4le jouer par ces anciens nazis et questionne sur ce qu&rsquo;on peut accepter au nom de l&rsquo;avanc\u00e9e de la science, au m\u00e9pris de l&rsquo;\u00e9thique et de la justice, en particulier comme dans l&rsquo;intrigue, pour la conqu\u00eate spatiale. En effet, suite \u00e0 l&rsquo;op\u00e9ration Paperclip, le Centre de vol Spatial Marshall a regroup\u00e9 d&rsquo;anciens ing\u00e9nieurs et scientifiques allemands nazis plac\u00e9s sous la direction de Wernher von Braum, qui de par leurs comp\u00e9tences jug\u00e9es utiles par les Am\u00e9ricains ont pu recommencer leur vie aux \u00c9tats-Unis et \u00e9chapper \u00e0 une v\u00e9ritable condamnation lors des proc\u00e8s de Nuremberg.<\/em><\/p>\n<p style=\"text-align: justify;\"><em>Sur le m\u00eame th\u00e8me, j&rsquo;avais vu par exemple <span style=\"text-decoration: underline;\">L&rsquo;ami allemand<\/span> de Steven Soderbergh, un film am\u00e9ricain sorti en 2006 avec George Clooney et Cate Blanchett et m\u00eame, je crois, bien avant, dans les ann\u00e9es 90, un \u00e9pisode de <span style=\"text-decoration: underline;\">X-Files<\/span> qui en avait parl\u00e9 avec le recrutement d&rsquo;un ancien nazi dans les recherches sur les extraterrestres.<\/em><\/p>\n<p style=\"text-align: justify;\"><em>Il y est \u00e9galement question de la lutte pour les droits civiques des Afro-am\u00e9ricains, Tyler, le cuisinier engag\u00e9 au Avery&rsquo;s diner s&rsquo;engageant au sein du CSD, le Community Service Committee \u00ab\u00a0un groupe cr\u00e9\u00e9 pour soutenir la population noire et lutter contre la s\u00e9gr\u00e9gation\u00a0\u00bb et qui a h\u00e2te de voir Martin Luther King qui va venir \u00e0 Huntsville pour un meeting.\u00a0<\/em><\/p>\n<p style=\"text-align: justify;\"><em>Encore un tr\u00e8s bon moment de lecture avec ce roman que j&rsquo;ai encore plus appr\u00e9ci\u00e9 que son pr\u00e9c\u00e9dent qui m&rsquo;avait pourtant d\u00e9j\u00e0 bien plu! J&rsquo;ai enfin not\u00e9 quelques passages gourmands avec les plats pr\u00e9par\u00e9s au Avery&rsquo;s diner par Tyler comme la premi\u00e8re assiette mang\u00e9e par Dina lors de son embauche: \u00ab\u00a0une assiette contenant des \u0153ufs brouill\u00e9s, un toast et une saucisse, le tout arros\u00e9 de ketchup\u00a0\u00bb ou lors du grand barbecue organis\u00e9 par Mandy en juin 1961 au cours duquel Wernher von Braun et son \u00e9pouse sont pr\u00e9sents: mini-burgers, ailes de poulet pan\u00e9s, cupcakes&#8230;<\/em><\/p>\n<div id=\"attachment_37823\" style=\"width: 109px\" class=\"wp-caption alignleft\"><img data-recalc-dims=\"1\" loading=\"lazy\" decoding=\"async\" aria-describedby=\"caption-attachment-37823\" data-attachment-id=\"37823\" data-permalink=\"http:\/\/www.jojoenherbe.com\/index.php\/2025\/01\/10\/mes-challenges-livresques-2025\/challenge-petit-bac-2025-denna-logo\/\" data-orig-file=\"https:\/\/i0.wp.com\/www.jojoenherbe.com\/wp-content\/uploads\/2024\/12\/Challenge-Petit-Bac-2025-dEnna-logo.jpg?fit=285%2C217\" data-orig-size=\"285,217\" data-comments-opened=\"1\" data-image-meta=\"{&quot;aperture&quot;:&quot;0&quot;,&quot;credit&quot;:&quot;&quot;,&quot;camera&quot;:&quot;&quot;,&quot;caption&quot;:&quot;&quot;,&quot;created_timestamp&quot;:&quot;1735738492&quot;,&quot;copyright&quot;:&quot;&quot;,&quot;focal_length&quot;:&quot;0&quot;,&quot;iso&quot;:&quot;0&quot;,&quot;shutter_speed&quot;:&quot;0&quot;,&quot;title&quot;:&quot;&quot;,&quot;orientation&quot;:&quot;0&quot;}\" data-image-title=\"Challenge Petit Bac 2025 d&amp;rsquo;Enna &amp;#8211; logo\" data-image-description=\"\" data-image-caption=\"\" data-large-file=\"https:\/\/i0.wp.com\/www.jojoenherbe.com\/wp-content\/uploads\/2024\/12\/Challenge-Petit-Bac-2025-dEnna-logo.jpg?fit=285%2C217\" class=\"wp-image-37823\" src=\"https:\/\/i0.wp.com\/www.jojoenherbe.com\/wp-content\/uploads\/2024\/12\/Challenge-Petit-Bac-2025-dEnna-logo.jpg?resize=99%2C75\" alt=\"\" width=\"99\" height=\"75\" \/><p id=\"caption-attachment-37823\" class=\"wp-caption-text\">Challenge Petit Bac d\u2019<em><a href=\"https:\/\/ennalit.wordpress.com\/2024\/12\/01\/challenge-petit-bac-2025-qui-veut-jouer\/\">Enna<\/a><\/em> #2 Cat\u00e9gorie Pr\u00e9nom: \u00ab Dina \u00bb<\/p><\/div>\n<div id=\"attachment_34625\" style=\"width: 136px\" class=\"wp-caption alignleft\"><img data-recalc-dims=\"1\" loading=\"lazy\" decoding=\"async\" aria-describedby=\"caption-attachment-34625\" data-attachment-id=\"34625\" data-permalink=\"http:\/\/www.jojoenherbe.com\/index.php\/2024\/02\/01\/bilan-de-lecture-janvier-2024\/aahm-challenge-2024\/\" data-orig-file=\"https:\/\/i0.wp.com\/www.jojoenherbe.com\/wp-content\/uploads\/2024\/02\/AAHM-Challenge-2024.jpg?fit=960%2C480\" data-orig-size=\"960,480\" data-comments-opened=\"1\" data-image-meta=\"{&quot;aperture&quot;:&quot;0&quot;,&quot;credit&quot;:&quot;&quot;,&quot;camera&quot;:&quot;&quot;,&quot;caption&quot;:&quot;&quot;,&quot;created_timestamp&quot;:&quot;1706124019&quot;,&quot;copyright&quot;:&quot;&quot;,&quot;focal_length&quot;:&quot;0&quot;,&quot;iso&quot;:&quot;0&quot;,&quot;shutter_speed&quot;:&quot;0&quot;,&quot;title&quot;:&quot;&quot;,&quot;orientation&quot;:&quot;1&quot;}\" data-image-title=\"AAHM Challenge 2024\" data-image-description=\"\" data-image-caption=\"\" data-large-file=\"https:\/\/i0.wp.com\/www.jojoenherbe.com\/wp-content\/uploads\/2024\/02\/AAHM-Challenge-2024.jpg?fit=676%2C338\" class=\"wp-image-34625\" src=\"https:\/\/i0.wp.com\/www.jojoenherbe.com\/wp-content\/uploads\/2024\/02\/AAHM-Challenge-2024.jpg?resize=126%2C63\" alt=\"\" width=\"126\" height=\"63\" srcset=\"https:\/\/i0.wp.com\/www.jojoenherbe.com\/wp-content\/uploads\/2024\/02\/AAHM-Challenge-2024.jpg?w=960 960w, https:\/\/i0.wp.com\/www.jojoenherbe.com\/wp-content\/uploads\/2024\/02\/AAHM-Challenge-2024.jpg?resize=300%2C150 300w, https:\/\/i0.wp.com\/www.jojoenherbe.com\/wp-content\/uploads\/2024\/02\/AAHM-Challenge-2024.jpg?resize=768%2C384 768w, https:\/\/i0.wp.com\/www.jojoenherbe.com\/wp-content\/uploads\/2024\/02\/AAHM-Challenge-2024.jpg?resize=676%2C338 676w\" sizes=\"auto, (max-width: 126px) 100vw, 126px\" \/><p id=\"caption-attachment-34625\" class=\"wp-caption-text\">Participation #3 AAHM Challenge 2025 d\u2019<a href=\"https:\/\/ennalit.wordpress.com\/2025\/01\/15\/african-american-history-month-challenge-2025-inscriptions\/\">Enna<\/a><\/p><\/div>\n<div id=\"attachment_38013\" style=\"width: 127px\" class=\"wp-caption alignleft\"><img data-recalc-dims=\"1\" loading=\"lazy\" decoding=\"async\" aria-describedby=\"caption-attachment-38013\" data-attachment-id=\"38013\" data-permalink=\"http:\/\/www.jojoenherbe.com\/index.php\/2025\/01\/10\/mes-challenges-livresques-2025\/challenge-des-livres-et-des-ecrans-en-cuisine-2025-logo-2\/\" data-orig-file=\"https:\/\/i0.wp.com\/www.jojoenherbe.com\/wp-content\/uploads\/2025\/01\/Challenge-Des-livres-et-des-ecrans-en-cuisine-2025-logo-2.png?fit=300%2C169\" data-orig-size=\"300,169\" data-comments-opened=\"1\" data-image-meta=\"{&quot;aperture&quot;:&quot;0&quot;,&quot;credit&quot;:&quot;&quot;,&quot;camera&quot;:&quot;&quot;,&quot;caption&quot;:&quot;&quot;,&quot;created_timestamp&quot;:&quot;0&quot;,&quot;copyright&quot;:&quot;&quot;,&quot;focal_length&quot;:&quot;0&quot;,&quot;iso&quot;:&quot;0&quot;,&quot;shutter_speed&quot;:&quot;0&quot;,&quot;title&quot;:&quot;&quot;,&quot;orientation&quot;:&quot;0&quot;}\" data-image-title=\"Challenge Des livres (et des \u00e9crans) en cuisine 2025 &amp;#8211; logo 2\" data-image-description=\"\" data-image-caption=\"\" data-large-file=\"https:\/\/i0.wp.com\/www.jojoenherbe.com\/wp-content\/uploads\/2025\/01\/Challenge-Des-livres-et-des-ecrans-en-cuisine-2025-logo-2.png?fit=300%2C169\" class=\"wp-image-38013\" src=\"https:\/\/i0.wp.com\/www.jojoenherbe.com\/wp-content\/uploads\/2025\/01\/Challenge-Des-livres-et-des-ecrans-en-cuisine-2025-logo-2.png?resize=117%2C66\" alt=\"\" width=\"117\" height=\"66\" \/><p id=\"caption-attachment-38013\" class=\"wp-caption-text\">Participation #8 Challenge Des livres (et des \u00e9crans) en cuisine 2025 de <a href=\"https:\/\/mapetitemediatheque.fr\/2025\/01\/des-livres-et-des-ecrans-en-cuisine-2025\/\">Bidib<\/a> et <a href=\"http:\/\/croquerlespages.canalblog.com\/2025\/01\/livres-et-ecrans.html\">Fondant<\/a> #Cuisine am\u00e9ricaine<\/p><\/div>\n","protected":false},"excerpt":{"rendered":"<p>J&rsquo;ai lu\u00a0La double vie de Dina Miller de Zo\u00e9 Brisby (\u00e9d. Albin Michel, mars 2024, 272 pages), un roman historique se d\u00e9roulant au d\u00e9but des ann\u00e9es 60, Dina Miller, agent du Mossad, devant exfiltrer des \u00c9tats-Unis, Otto van Maiden, un ancien m\u00e9decin nazi dans le camp de concentration de Buchenwald et faisant partie du programme [&hellip;]<\/p>\n","protected":false},"author":1,"featured_media":38585,"comment_status":"open","ping_status":"open","sticky":false,"template":"","format":"standard","meta":{"jetpack_post_was_ever_published":false,"_jetpack_newsletter_access":"","_jetpack_dont_email_post_to_subs":false,"_jetpack_newsletter_tier_id":0,"_jetpack_memberships_contains_paywalled_content":false,"_jetpack_memberships_contains_paid_content":false,"footnotes":""},"categories":[363],"tags":[1347,4452,386,3779,4423,1492,4515,4518,4429,4183,3709,1724,4516,3707,169,4514,4517,4513,2081,1818,844,1732,1557,2758,3832],"class_list":["post-38578","post","type-post","status-publish","format-standard","has-post-thumbnail","hentry","category-mini-lecteur","tag-18-ans-et-plus","tag-aahm-challenge-2025","tag-amitie","tag-annees-60","tag-challenge-petit-bac-2025","tag-condition-de-la-femme","tag-conquete-spatiale","tag-crime-de-guerre","tag-des-livres-et-des-ecrans-en-cuisine-2025","tag-droits-des-afro-americains","tag-espionnage","tag-etats-unis","tag-guerre-froide","tag-inegalites-sociales","tag-justice","tag-mossad","tag-nasa","tag-nazisme","tag-resilience","tag-roman-historique","tag-romance","tag-segregation","tag-suspense","tag-thriller","tag-zoe-brisby","post-preview"],"jetpack_featured_media_url":"https:\/\/i0.wp.com\/www.jojoenherbe.com\/wp-content\/uploads\/2025\/03\/La-double-vie-de-Dina-Miller.jpg?fit=750%2C1132","jetpack_sharing_enabled":true,"jetpack_shortlink":"https:\/\/wp.me\/p9zhGx-a2e","jetpack_likes_enabled":true,"jetpack-related-posts":[{"id":40830,"url":"http:\/\/www.jojoenherbe.com\/index.php\/2025\/10\/02\/throwback-thursday-livresque-fausse-identite\/","url_meta":{"origin":38578,"position":0},"title":"Throwback Thursday Livresque: Fausse identit\u00e9","author":"Jojo","date":"2 octobre 2025","format":false,"excerpt":"Ce jeudi 2 octobre 2025, je participe au Throwback Thursday Livresque, un rendez-vous livresque initialement chez Bettie Rose Books et repris depuis par Carole, les liens \u00e9tant \u00e0 d\u00e9poser chez My-Bo0ks. Le principe est de partager chaque jeudi un livre en fonction d\u2019un th\u00e8me donn\u00e9. Cette semaine, le th\u00e8me est\u2026","rel":"","context":"Dans &quot;Mini blogueur&quot;","block_context":{"text":"Mini blogueur","link":"http:\/\/www.jojoenherbe.com\/index.php\/category\/mini-blogueur\/"},"img":{"alt_text":"","src":"https:\/\/i0.wp.com\/www.jojoenherbe.com\/wp-content\/uploads\/2023\/10\/TTL-logo.jpg?resize=350%2C200","width":350,"height":200},"classes":[]},{"id":38575,"url":"http:\/\/www.jojoenherbe.com\/index.php\/2025\/03\/10\/point-lecture-hebdomadaire-2025-10\/","url_meta":{"origin":38578,"position":1},"title":"Point lecture hebdomadaire 2025 #10","author":"Jojo","date":"10 mars 2025","format":false,"excerpt":"En ce d\u00e9but de semaine, voici mon point lecture hebdomadaire avec un retour sur nos lectures (mais pas nos relectures) de la semaine derni\u00e8re. Nos lectures du\u00a0 3 au 9 mars 2025: Des lectures jeunesse: (Roman jeunesse) Le tour du monde en 80 jours de Jules Verne Nous continuons \u00e0\u2026","rel":"","context":"Dans &quot;Mini blogueur&quot;","block_context":{"text":"Mini blogueur","link":"http:\/\/www.jojoenherbe.com\/index.php\/category\/mini-blogueur\/"},"img":{"alt_text":"","src":"https:\/\/i0.wp.com\/www.jojoenherbe.com\/wp-content\/uploads\/2025\/03\/Point-lecture-hebdo-2025-10.jpg?fit=1200%2C960&resize=350%2C200","width":350,"height":200,"srcset":"https:\/\/i0.wp.com\/www.jojoenherbe.com\/wp-content\/uploads\/2025\/03\/Point-lecture-hebdo-2025-10.jpg?fit=1200%2C960&resize=350%2C200 1x, https:\/\/i0.wp.com\/www.jojoenherbe.com\/wp-content\/uploads\/2025\/03\/Point-lecture-hebdo-2025-10.jpg?fit=1200%2C960&resize=525%2C300 1.5x, https:\/\/i0.wp.com\/www.jojoenherbe.com\/wp-content\/uploads\/2025\/03\/Point-lecture-hebdo-2025-10.jpg?fit=1200%2C960&resize=700%2C400 2x, https:\/\/i0.wp.com\/www.jojoenherbe.com\/wp-content\/uploads\/2025\/03\/Point-lecture-hebdo-2025-10.jpg?fit=1200%2C960&resize=1050%2C600 3x"},"classes":[]},{"id":40026,"url":"http:\/\/www.jojoenherbe.com\/index.php\/2025\/07\/08\/au-fil-des-pages-avec-hollywoodland\/","url_meta":{"origin":38578,"position":2},"title":"Au fil des pages avec Hollywoodland","author":"Jojo","date":"8 juillet 2025","format":false,"excerpt":"J'ai lu, en e-book, Hollywoodland de Zo\u00e9 Brisby (\u00e9d. Albin Michel, f\u00e9vrier 2025, 306 pages), un roman revenant sur les derniers mois Peg Entwistle, une jeune com\u00e9dienne de th\u00e9\u00e2tre new-yorkais aspirant \u00e0 jouer au cin\u00e9ma, avant son suicide du haut de la lettre \"H\" du c\u00e9l\u00e8bre panneau publicitaire, Hollywoodland, dans\u2026","rel":"","context":"Dans &quot;Mini lecteur&quot;","block_context":{"text":"Mini lecteur","link":"http:\/\/www.jojoenherbe.com\/index.php\/category\/mini-lecteur\/"},"img":{"alt_text":"","src":"https:\/\/i0.wp.com\/www.jojoenherbe.com\/wp-content\/uploads\/2025\/07\/Hollywoodland.jpg?fit=369%2C542&resize=350%2C200","width":350,"height":200},"classes":[]},{"id":31986,"url":"http:\/\/www.jojoenherbe.com\/index.php\/2023\/09\/16\/au-fil-des-pages-avec-les-mauvaises-epouses\/","url_meta":{"origin":38578,"position":3},"title":"Au fil des pages avec Les mauvaises \u00e9pouses","author":"Jojo","date":"16 septembre 2023","format":false,"excerpt":"Rep\u00e9r\u00e9 quelques mois apr\u00e8s sa parution, j'ai lu Les mauvaises \u00e9pouses de Zo\u00e9 Brisby (\u00e9d. Albin Michel, mars 2023, 336 pages), un roman historique se d\u00e9roulant entre 1952 et 1953, en pleine Guerre Froide et maccarthysme, sur la base militaire fictive d'Artemisia Lane, dans le d\u00e9sert du Nevada, \u00e0 quelques\u2026","rel":"","context":"Dans &quot;Mini lecteur&quot;","block_context":{"text":"Mini lecteur","link":"http:\/\/www.jojoenherbe.com\/index.php\/category\/mini-lecteur\/"},"img":{"alt_text":"","src":"https:\/\/i0.wp.com\/www.jojoenherbe.com\/wp-content\/uploads\/2023\/09\/Les-mauvaises-epouses.jpg?fit=675%2C1200&resize=350%2C200","width":350,"height":200,"srcset":"https:\/\/i0.wp.com\/www.jojoenherbe.com\/wp-content\/uploads\/2023\/09\/Les-mauvaises-epouses.jpg?fit=675%2C1200&resize=350%2C200 1x, https:\/\/i0.wp.com\/www.jojoenherbe.com\/wp-content\/uploads\/2023\/09\/Les-mauvaises-epouses.jpg?fit=675%2C1200&resize=525%2C300 1.5x"},"classes":[]},{"id":39005,"url":"http:\/\/www.jojoenherbe.com\/index.php\/2025\/04\/17\/throwback-thursday-livresque-personnage-introverti\/","url_meta":{"origin":38578,"position":4},"title":"Throwback Thursday Livresque: Personnage introverti","author":"Jojo","date":"17 avril 2025","format":false,"excerpt":"Ce jeudi 17 avril 2025, je participe au Throwback Thursday Livresque, un rendez-vous livresque initialement chez Bettie Rose Books et repris depuis par Carole, les liens \u00e9tant \u00e0 d\u00e9poser chez My-Bo0ks. Le principe est de partager chaque jeudi un livre en fonction d\u2019un th\u00e8me donn\u00e9. Cette semaine, le th\u00e8me est\u2026","rel":"","context":"Dans &quot;Mini blogueur&quot;","block_context":{"text":"Mini blogueur","link":"http:\/\/www.jojoenherbe.com\/index.php\/category\/mini-blogueur\/"},"img":{"alt_text":"","src":"https:\/\/i0.wp.com\/www.jojoenherbe.com\/wp-content\/uploads\/2023\/10\/TTL-logo.jpg?resize=350%2C200","width":350,"height":200},"classes":[]},{"id":34864,"url":"http:\/\/www.jojoenherbe.com\/index.php\/2024\/03\/12\/au-fil-des-pages-avec-underground-railroad\/","url_meta":{"origin":38578,"position":5},"title":"Au fil des pages avec Underground Railroad","author":"Jojo","date":"12 mars 2024","format":false,"excerpt":"Dans le cadre de l'AAHM Challenge 2024 le mois dernier, j'ai lu Underground Railroad de Colson Whitehead (\u00e9d. Albin Michel, ao\u00fbt 2017, 416 pages), un roman historique qui a re\u00e7u le Prix Pulitzer en 2017 et se d\u00e9roulant dans les ann\u00e9es 1850 aux \u00c9tats-Unis. Abandonn\u00e9e quelques ann\u00e9es auparavant par sa\u2026","rel":"","context":"Dans &quot;Mini lecteur&quot;","block_context":{"text":"Mini lecteur","link":"http:\/\/www.jojoenherbe.com\/index.php\/category\/mini-lecteur\/"},"img":{"alt_text":"","src":"https:\/\/i0.wp.com\/www.jojoenherbe.com\/wp-content\/uploads\/2024\/03\/Underground-Railroad-2-scaled.jpg?fit=1200%2C891&resize=350%2C200","width":350,"height":200,"srcset":"https:\/\/i0.wp.com\/www.jojoenherbe.com\/wp-content\/uploads\/2024\/03\/Underground-Railroad-2-scaled.jpg?fit=1200%2C891&resize=350%2C200 1x, https:\/\/i0.wp.com\/www.jojoenherbe.com\/wp-content\/uploads\/2024\/03\/Underground-Railroad-2-scaled.jpg?fit=1200%2C891&resize=525%2C300 1.5x, https:\/\/i0.wp.com\/www.jojoenherbe.com\/wp-content\/uploads\/2024\/03\/Underground-Railroad-2-scaled.jpg?fit=1200%2C891&resize=700%2C400 2x, https:\/\/i0.wp.com\/www.jojoenherbe.com\/wp-content\/uploads\/2024\/03\/Underground-Railroad-2-scaled.jpg?fit=1200%2C891&resize=1050%2C600 3x"},"classes":[]}],"_links":{"self":[{"href":"http:\/\/www.jojoenherbe.com\/index.php\/wp-json\/wp\/v2\/posts\/38578","targetHints":{"allow":["GET"]}}],"collection":[{"href":"http:\/\/www.jojoenherbe.com\/index.php\/wp-json\/wp\/v2\/posts"}],"about":[{"href":"http:\/\/www.jojoenherbe.com\/index.php\/wp-json\/wp\/v2\/types\/post"}],"author":[{"embeddable":true,"href":"http:\/\/www.jojoenherbe.com\/index.php\/wp-json\/wp\/v2\/users\/1"}],"replies":[{"embeddable":true,"href":"http:\/\/www.jojoenherbe.com\/index.php\/wp-json\/wp\/v2\/comments?post=38578"}],"version-history":[{"count":18,"href":"http:\/\/www.jojoenherbe.com\/index.php\/wp-json\/wp\/v2\/posts\/38578\/revisions"}],"predecessor-version":[{"id":38739,"href":"http:\/\/www.jojoenherbe.com\/index.php\/wp-json\/wp\/v2\/posts\/38578\/revisions\/38739"}],"wp:featuredmedia":[{"embeddable":true,"href":"http:\/\/www.jojoenherbe.com\/index.php\/wp-json\/wp\/v2\/media\/38585"}],"wp:attachment":[{"href":"http:\/\/www.jojoenherbe.com\/index.php\/wp-json\/wp\/v2\/media?parent=38578"}],"wp:term":[{"taxonomy":"category","embeddable":true,"href":"http:\/\/www.jojoenherbe.com\/index.php\/wp-json\/wp\/v2\/categories?post=38578"},{"taxonomy":"post_tag","embeddable":true,"href":"http:\/\/www.jojoenherbe.com\/index.php\/wp-json\/wp\/v2\/tags?post=38578"}],"curies":[{"name":"wp","href":"https:\/\/api.w.org\/{rel}","templated":true}]}}