{"id":38483,"date":"2025-03-01T10:04:19","date_gmt":"2025-03-01T09:04:19","guid":{"rendered":"https:\/\/www.jojoenherbe.com\/?p=38483"},"modified":"2025-03-01T10:04:19","modified_gmt":"2025-03-01T09:04:19","slug":"bilan-de-lecture-fevrier-2025","status":"publish","type":"post","link":"http:\/\/www.jojoenherbe.com\/index.php\/2025\/03\/01\/bilan-de-lecture-fevrier-2025\/","title":{"rendered":"Bilan de lecture: f\u00e9vrier 2025"},"content":{"rendered":"<p style=\"text-align: justify;\"><em><img data-recalc-dims=\"1\" loading=\"lazy\" decoding=\"async\" data-attachment-id=\"38493\" data-permalink=\"http:\/\/www.jojoenherbe.com\/index.php\/2025\/03\/01\/bilan-de-lecture-fevrier-2025\/carnaval-nice-2025\/\" data-orig-file=\"https:\/\/i0.wp.com\/www.jojoenherbe.com\/wp-content\/uploads\/2025\/03\/Carnaval-Nice-2025-scaled.jpg?fit=2302%2C2560\" data-orig-size=\"2302,2560\" data-comments-opened=\"1\" data-image-meta=\"{&quot;aperture&quot;:&quot;1.8&quot;,&quot;credit&quot;:&quot;&quot;,&quot;camera&quot;:&quot;iPhone 7&quot;,&quot;caption&quot;:&quot;&quot;,&quot;created_timestamp&quot;:&quot;1740504023&quot;,&quot;copyright&quot;:&quot;&quot;,&quot;focal_length&quot;:&quot;3.99&quot;,&quot;iso&quot;:&quot;20&quot;,&quot;shutter_speed&quot;:&quot;0.0044444444444444&quot;,&quot;title&quot;:&quot;&quot;,&quot;orientation&quot;:&quot;1&quot;}\" data-image-title=\"Carnaval Nice 2025\" data-image-description=\"\" data-image-caption=\"\" data-large-file=\"https:\/\/i0.wp.com\/www.jojoenherbe.com\/wp-content\/uploads\/2025\/03\/Carnaval-Nice-2025-scaled.jpg?fit=676%2C752\" class=\"alignleft  wp-image-38493\" src=\"https:\/\/i0.wp.com\/www.jojoenherbe.com\/wp-content\/uploads\/2025\/03\/Carnaval-Nice-2025-scaled.jpg?resize=139%2C155\" alt=\"\" width=\"139\" height=\"155\" srcset=\"https:\/\/i0.wp.com\/www.jojoenherbe.com\/wp-content\/uploads\/2025\/03\/Carnaval-Nice-2025-scaled.jpg?w=2302 2302w, https:\/\/i0.wp.com\/www.jojoenherbe.com\/wp-content\/uploads\/2025\/03\/Carnaval-Nice-2025-scaled.jpg?resize=270%2C300 270w, https:\/\/i0.wp.com\/www.jojoenherbe.com\/wp-content\/uploads\/2025\/03\/Carnaval-Nice-2025-scaled.jpg?resize=921%2C1024 921w, https:\/\/i0.wp.com\/www.jojoenherbe.com\/wp-content\/uploads\/2025\/03\/Carnaval-Nice-2025-scaled.jpg?resize=768%2C854 768w, https:\/\/i0.wp.com\/www.jojoenherbe.com\/wp-content\/uploads\/2025\/03\/Carnaval-Nice-2025-scaled.jpg?resize=1381%2C1536 1381w, https:\/\/i0.wp.com\/www.jojoenherbe.com\/wp-content\/uploads\/2025\/03\/Carnaval-Nice-2025-scaled.jpg?resize=1841%2C2048 1841w, https:\/\/i0.wp.com\/www.jojoenherbe.com\/wp-content\/uploads\/2025\/03\/Carnaval-Nice-2025-scaled.jpg?resize=676%2C752 676w, https:\/\/i0.wp.com\/www.jojoenherbe.com\/wp-content\/uploads\/2025\/03\/Carnaval-Nice-2025-scaled.jpg?w=2028 2028w\" sizes=\"auto, (max-width: 139px) 100vw, 139px\" \/>En ce 1er mars 2025, voici un petit retour livresque sur f\u00e9vrier 2025 qui a \u00e9t\u00e9 rythm\u00e9, malgr\u00e9 le temps pluvieux, par les carnavals (cr\u00eapes et bugnes aussi bien s\u00fbr!) et les vacances scolaires pour mon mini lutin. C\u2019\u00e9tait aussi l\u2019African-American History Month Challenge 2025 d\u2019Enna que je prolongerai le mois prochain, n&rsquo;ayant pas eu le temps de lire ni de visionner ce que j&rsquo;avais pr\u00e9vu.<br \/>\n<\/em><\/p>\n<p style=\"text-align: justify;\"><em>C\u00f4t\u00e9 lecture, comme les mois pr\u00e9c\u00e9dents, mes lectures ont \u00e9t\u00e9 vari\u00e9es m\u00eame si moins nombreuses que d&rsquo;habitude: des romans policiers, SF, romantasy, des BD\/romans graphiques, romances historiques, albums et romans jeunesse&#8230; J&rsquo;ai ainsi lu notamment le <a href=\"https:\/\/www.jojoenherbe.com\/index.php\/2025\/02\/23\/au-fil-des-pages-avec-des-ames-noires\/\">tome 5<\/a> de <span style=\"text-decoration: underline;\">Monk, Des \u00e2mes noires<\/span> d\u2019Anne Perry, un roman policier historique, le tome 4 du <span style=\"text-decoration: underline;\">Pont des temp\u00eates<\/span>, <span style=\"text-decoration: underline;\">La guerre sans fin<\/span> de Danielle L. Jensen et avec mon mini lutin, nous avons commenc\u00e9, pendant les vacances, pour l&rsquo;histoire du soir, <span style=\"text-decoration: underline;\">Le tour du monde en 80 jours<\/span> de Jules Verne&#8230;<\/em><\/p>\n<p style=\"text-align: justify;\"><em>Il y a \u00e9galement eu ce mois-ci un Week-end \u00e0 1000 des 7 au 9 f\u00e9vrier 2025 ainsi qu\u2019une semaine \u00e0 1000 pages du Pingouin Vert du 10 au 16 f\u00e9vrier 2025.<\/em><\/p>\n<p><em><strong><span style=\"text-decoration: underline;\">Voici d\u2019ailleurs mon petit bilan de participations pour ce mois de f\u00e9vrier 2025<\/span>:<\/strong><\/em><\/p>\n<ul>\n<li style=\"text-align: justify;\"><em><strong>Challenge Petit Bac 2025 <\/strong>d\u2019Enna: 2 premi\u00e8res lignes en cours<\/em><\/li>\n<li style=\"text-align: justify;\"><em><strong>Challenge Contes et L\u00e9gendes 2025 <\/strong>de Bidib: 1 participation<\/em><\/li>\n<li style=\"text-align: justify;\"><em><strong>Challenge Des livres (et des \u00e9crans) en cuisine 2025<\/strong> de Bidib et Fondant: 2 participations gourmandes<br \/>\n<\/em><\/li>\n<li style=\"text-align: justify;\"><em><strong>Challenge Le Tour du Monde en 80 livres<\/strong> <strong>2025<\/strong> de Bidib: 3 participations avec 2 pays pour le parcours litt\u00e9raire ( \u00c9tats-Unis et Royaume-Uni) et 1 pays pour le parcours illustr\u00e9 (Espagne)<br \/>\n<\/em><\/li>\n<li style=\"text-align: justify;\"><em><strong>Challenge 2025 sera classique aussi!<\/strong> de Nathalie: 1 participation<br \/>\n<\/em><\/li>\n<li style=\"text-align: justify;\"><em><strong>Challenge Les \u00c9tapes Indiennes 2025<\/strong> de Hilde<\/em><\/li>\n<li style=\"text-align: justify;\"><em><strong>Challenge British Mysteries 2025<\/strong> de Lou et Hilde: 1 participation<br \/>\n<\/em><\/li>\n<li style=\"text-align: justify;\"><em><strong>Challenge Pages de la Grande Guerre<\/strong> de Nathalie<\/em><\/li>\n<li style=\"text-align: justify;\"><em><strong>AAHM Challenge 2025<\/strong> d\u2019Enna: 2 participations<\/em><\/li>\n<\/ul>\n<p style=\"text-align: justify;\"><em>Le mois prochain, m\u00eame si je ne sais pas encore si un British Mysteries Month sera organis\u00e9 par Lou et Hilde, je ferai des lectures en ce sens, avec bien s\u00fbr, ma poursuite mensuelle de la s\u00e9rie <span style=\"text-decoration: underline;\">Monk<\/span> d&rsquo;Anne Perry, avec le tome 6, <span style=\"text-decoration: underline;\">La marque de Ca\u00efn<\/span>. Il y aura \u00e9galement une lecture commune avec Nathalie (une relecture pour moi) pour son challenge, 2025 sera classique aussi: <span style=\"text-decoration: underline;\">Le Ma\u00eetre du Haut Ch\u00e2teau<\/span> de Philip K. Dick, le th\u00e8me facultatif de mars 2025 \u00e9tant la science-fiction classique. C\u00f4t\u00e9 jeunesse, nous allons continuer avec mon mini lutin Le tour du monde en 80 jours de Jules Verne et d\u00e9couvrir <span style=\"text-decoration: underline;\">La Belle et La B\u00eate<\/span> de C\u00e9cile Roumigui\u00e8re et Benjamin Lacombe (\u00e9d. Albin Michel Jeunesse, f\u00e9vrier 2025, 80 pages), une r\u00e9\u00e9criture aux magnifiques illustrations. Il y a aura sans doute des (re)lectures printani\u00e8res avec le retour du printemps.<\/em><\/p>\n<p><em>Bon mois de mars!<\/em><\/p>\n","protected":false},"excerpt":{"rendered":"<p>En ce 1er mars 2025, voici un petit retour livresque sur f\u00e9vrier 2025 qui a \u00e9t\u00e9 rythm\u00e9, malgr\u00e9 le temps pluvieux, par les carnavals (cr\u00eapes et bugnes aussi bien s\u00fbr!) et les vacances scolaires pour mon mini lutin. C\u2019\u00e9tait aussi l\u2019African-American History Month Challenge 2025 d\u2019Enna que je prolongerai le mois prochain, n&rsquo;ayant pas eu [&hellip;]<\/p>\n","protected":false},"author":1,"featured_media":0,"comment_status":"open","ping_status":"open","sticky":false,"template":"","format":"standard","meta":{"jetpack_post_was_ever_published":false,"_jetpack_newsletter_access":"","_jetpack_dont_email_post_to_subs":false,"_jetpack_newsletter_tier_id":0,"_jetpack_memberships_contains_paywalled_content":false,"_jetpack_memberships_contains_paid_content":false,"footnotes":""},"categories":[2140,873,363],"tags":[4103,2016,1085,367,2843],"class_list":["post-38483","post","type-post","status-publish","format-standard","hentry","category-mini-blogueur","category-mini-challenger","category-mini-lecteur","tag-bilan-de-lecture","tag-challenge-livresque","tag-lecture-adulte","tag-lecture-jeunesse","tag-mois-bloguesque","post-preview"],"jetpack_featured_media_url":"","jetpack_sharing_enabled":true,"jetpack_shortlink":"https:\/\/wp.me\/p9zhGx-a0H","jetpack_likes_enabled":true,"jetpack-related-posts":[{"id":43105,"url":"http:\/\/www.jojoenherbe.com\/index.php\/2026\/03\/03\/bilan-de-lecture-fevrier-2026\/","url_meta":{"origin":38483,"position":0},"title":"Bilan de lecture: f\u00e9vrier 2026","author":"Jojo","date":"3 mars 2026","format":false,"excerpt":"En ce d\u00e9but mars, voici le bilan de lecture du mois de f\u00e9vrier 2026 bien festif, entre carnavals (cr\u00eapes et bugnes aussi bien s\u00fbr!) et vacances scolaires pour mon mini lutin. C\u2019\u00e9tait aussi la nouvelle \u00e9dition de l\u2019African-American History Month Challenge 2026 organis\u00e9, comme chaque ann\u00e9e, en f\u00e9vrier par Enna.\u2026","rel":"","context":"Dans &quot;Mini blogueur&quot;","block_context":{"text":"Mini blogueur","link":"http:\/\/www.jojoenherbe.com\/index.php\/category\/mini-blogueur\/"},"img":{"alt_text":"","src":"https:\/\/i0.wp.com\/www.jojoenherbe.com\/wp-content\/uploads\/2026\/02\/Selection-Fevrier-2026-scaled.jpeg?fit=1200%2C930&resize=350%2C200","width":350,"height":200,"srcset":"https:\/\/i0.wp.com\/www.jojoenherbe.com\/wp-content\/uploads\/2026\/02\/Selection-Fevrier-2026-scaled.jpeg?fit=1200%2C930&resize=350%2C200 1x, https:\/\/i0.wp.com\/www.jojoenherbe.com\/wp-content\/uploads\/2026\/02\/Selection-Fevrier-2026-scaled.jpeg?fit=1200%2C930&resize=525%2C300 1.5x, https:\/\/i0.wp.com\/www.jojoenherbe.com\/wp-content\/uploads\/2026\/02\/Selection-Fevrier-2026-scaled.jpeg?fit=1200%2C930&resize=700%2C400 2x, https:\/\/i0.wp.com\/www.jojoenherbe.com\/wp-content\/uploads\/2026\/02\/Selection-Fevrier-2026-scaled.jpeg?fit=1200%2C930&resize=1050%2C600 3x"},"classes":[]},{"id":34964,"url":"http:\/\/www.jojoenherbe.com\/index.php\/2024\/03\/04\/bilan-de-lecture-fevrier-2024\/","url_meta":{"origin":38483,"position":1},"title":"Bilan de lecture: f\u00e9vrier 2024","author":"Jojo","date":"4 mars 2024","format":false,"excerpt":"En ce d\u00e9but du mois de mars 2024, voici un petit retour livresque sur f\u00e9vrier 2024 qui a rim\u00e9 avec cr\u00eapes, mimosas, Nouvel An Chinois le 10 f\u00e9vrier 2024 (Dragon de bois) et vers la fin du mois, carnavals et vacances de f\u00e9vrier pour le mini lutin ou bien encore\u2026","rel":"","context":"Dans &quot;Mini blogueur&quot;","block_context":{"text":"Mini blogueur","link":"http:\/\/www.jojoenherbe.com\/index.php\/category\/mini-blogueur\/"},"img":{"alt_text":"","src":"https:\/\/i0.wp.com\/www.jojoenherbe.com\/wp-content\/uploads\/2024\/02\/Selection-fevrier-2024-scaled.jpg?fit=1200%2C761&resize=350%2C200","width":350,"height":200,"srcset":"https:\/\/i0.wp.com\/www.jojoenherbe.com\/wp-content\/uploads\/2024\/02\/Selection-fevrier-2024-scaled.jpg?fit=1200%2C761&resize=350%2C200 1x, https:\/\/i0.wp.com\/www.jojoenherbe.com\/wp-content\/uploads\/2024\/02\/Selection-fevrier-2024-scaled.jpg?fit=1200%2C761&resize=525%2C300 1.5x, https:\/\/i0.wp.com\/www.jojoenherbe.com\/wp-content\/uploads\/2024\/02\/Selection-fevrier-2024-scaled.jpg?fit=1200%2C761&resize=700%2C400 2x, https:\/\/i0.wp.com\/www.jojoenherbe.com\/wp-content\/uploads\/2024\/02\/Selection-fevrier-2024-scaled.jpg?fit=1200%2C761&resize=1050%2C600 3x"},"classes":[]},{"id":36775,"url":"http:\/\/www.jojoenherbe.com\/index.php\/2024\/08\/01\/bilan-de-lecture-juillet-2024\/","url_meta":{"origin":38483,"position":2},"title":"Bilan de lecture: juillet 2024","author":"Jojo","date":"1 ao\u00fbt 2024","format":false,"excerpt":"En ce premier ao\u00fbt, voici le bilan de lecture du mois de juillet 2024 et qui se finit sur mon d\u00e9but de cong\u00e9s. Avec un \u00e9t\u00e9 dont la chaleur caniculaire vient d'arriver, j'ai moins lu ce mois-ci, m\u00eame si mes envies livresques ne manquent pas et peu chroniqu\u00e9 sur le\u2026","rel":"","context":"Dans &quot;Mini blogueur&quot;","block_context":{"text":"Mini blogueur","link":"http:\/\/www.jojoenherbe.com\/index.php\/category\/mini-blogueur\/"},"img":{"alt_text":"","src":"https:\/\/i0.wp.com\/www.jojoenherbe.com\/wp-content\/uploads\/2024\/08\/Illustration-IG-2-150x150.jpg?resize=350%2C200","width":350,"height":200},"classes":[]},{"id":42568,"url":"http:\/\/www.jojoenherbe.com\/index.php\/2026\/02\/04\/bilan-de-lecture-janvier-2026\/","url_meta":{"origin":38483,"position":3},"title":"Bilan de lecture: janvier 2026","author":"Jojo","date":"4 f\u00e9vrier 2026","format":false,"excerpt":"En ce d\u00e9but f\u00e9vrier, voici le bilan de lecture du mois de janvier 2026 qui est, une fois n'est pas coutume, pass\u00e9 tr\u00e8s vite m\u00eame si nous avons tard\u00e9 \u00e0 retirer les d\u00e9corations de No\u00ebl, ne le faisant qu'apr\u00e8s la fin des challenges de No\u00ebl,\u00a0Il \u00e9tait 13 fois No\u00ebl de\u2026","rel":"","context":"Dans &quot;Mini blogueur&quot;","block_context":{"text":"Mini blogueur","link":"http:\/\/www.jojoenherbe.com\/index.php\/category\/mini-blogueur\/"},"img":{"alt_text":"","src":"https:\/\/i0.wp.com\/www.jojoenherbe.com\/wp-content\/uploads\/2026\/01\/Selection-Janvier-2026-scaled.jpg?fit=1200%2C870&resize=350%2C200","width":350,"height":200,"srcset":"https:\/\/i0.wp.com\/www.jojoenherbe.com\/wp-content\/uploads\/2026\/01\/Selection-Janvier-2026-scaled.jpg?fit=1200%2C870&resize=350%2C200 1x, https:\/\/i0.wp.com\/www.jojoenherbe.com\/wp-content\/uploads\/2026\/01\/Selection-Janvier-2026-scaled.jpg?fit=1200%2C870&resize=525%2C300 1.5x, https:\/\/i0.wp.com\/www.jojoenherbe.com\/wp-content\/uploads\/2026\/01\/Selection-Janvier-2026-scaled.jpg?fit=1200%2C870&resize=700%2C400 2x, https:\/\/i0.wp.com\/www.jojoenherbe.com\/wp-content\/uploads\/2026\/01\/Selection-Janvier-2026-scaled.jpg?fit=1200%2C870&resize=1050%2C600 3x"},"classes":[]},{"id":40169,"url":"http:\/\/www.jojoenherbe.com\/index.php\/2025\/08\/01\/bilan-de-lecture-juillet-2025\/","url_meta":{"origin":38483,"position":4},"title":"Bilan de lecture: juillet 2025","author":"Jojo","date":"1 ao\u00fbt 2025","format":false,"excerpt":"En ce 1er ao\u00fbt, voici mon bilan de lectures de juillet 2025 qui ont \u00e9t\u00e9 bien moindre que d'habitude compte-tenu de nos 15 jours de cong\u00e9s qui nous ont entra\u00een\u00e9 sur les routes de France et m\u00eame une petite \u00e9chapp\u00e9e sur une \u00eele anglo-normande, Guernesey. Mais revenons-en \u00e0 nos lectures,\u2026","rel":"","context":"Dans &quot;Mini blogueur&quot;","block_context":{"text":"Mini blogueur","link":"http:\/\/www.jojoenherbe.com\/index.php\/category\/mini-blogueur\/"},"img":{"alt_text":"","src":"https:\/\/i0.wp.com\/www.jojoenherbe.com\/wp-content\/uploads\/2025\/07\/Selection-Juillet-2025-scaled.jpg?fit=1200%2C953&resize=350%2C200","width":350,"height":200,"srcset":"https:\/\/i0.wp.com\/www.jojoenherbe.com\/wp-content\/uploads\/2025\/07\/Selection-Juillet-2025-scaled.jpg?fit=1200%2C953&resize=350%2C200 1x, https:\/\/i0.wp.com\/www.jojoenherbe.com\/wp-content\/uploads\/2025\/07\/Selection-Juillet-2025-scaled.jpg?fit=1200%2C953&resize=525%2C300 1.5x, https:\/\/i0.wp.com\/www.jojoenherbe.com\/wp-content\/uploads\/2025\/07\/Selection-Juillet-2025-scaled.jpg?fit=1200%2C953&resize=700%2C400 2x, https:\/\/i0.wp.com\/www.jojoenherbe.com\/wp-content\/uploads\/2025\/07\/Selection-Juillet-2025-scaled.jpg?fit=1200%2C953&resize=1050%2C600 3x"},"classes":[]},{"id":35376,"url":"http:\/\/www.jojoenherbe.com\/index.php\/2024\/04\/01\/bilan-de-lecture-mars-2024\/","url_meta":{"origin":38483,"position":5},"title":"Bilan de lecture: mars 2024","author":"Jojo","date":"1 avril 2024","format":false,"excerpt":"En ce 1er avril 2024, il est temps de faire le bilan de lecture du mois de mars 2024 qui a \u00e9t\u00e9 aussi pluvieux que f\u00e9vrier avec des lectures toujours aussi vari\u00e9es comme par exemple des auteurs am\u00e9ricains, ayant jou\u00e9 les prolongations avec l\u2019AAHM Challenge, des autrices fran\u00e7aises de romances\u2026","rel":"","context":"Dans &quot;Mini blogueur&quot;","block_context":{"text":"Mini blogueur","link":"http:\/\/www.jojoenherbe.com\/index.php\/category\/mini-blogueur\/"},"img":{"alt_text":"","src":"https:\/\/i0.wp.com\/www.jojoenherbe.com\/wp-content\/uploads\/2024\/03\/Selection-mars-2024-scaled.jpg?fit=1200%2C938&resize=350%2C200","width":350,"height":200,"srcset":"https:\/\/i0.wp.com\/www.jojoenherbe.com\/wp-content\/uploads\/2024\/03\/Selection-mars-2024-scaled.jpg?fit=1200%2C938&resize=350%2C200 1x, https:\/\/i0.wp.com\/www.jojoenherbe.com\/wp-content\/uploads\/2024\/03\/Selection-mars-2024-scaled.jpg?fit=1200%2C938&resize=525%2C300 1.5x, https:\/\/i0.wp.com\/www.jojoenherbe.com\/wp-content\/uploads\/2024\/03\/Selection-mars-2024-scaled.jpg?fit=1200%2C938&resize=700%2C400 2x, https:\/\/i0.wp.com\/www.jojoenherbe.com\/wp-content\/uploads\/2024\/03\/Selection-mars-2024-scaled.jpg?fit=1200%2C938&resize=1050%2C600 3x"},"classes":[]}],"_links":{"self":[{"href":"http:\/\/www.jojoenherbe.com\/index.php\/wp-json\/wp\/v2\/posts\/38483","targetHints":{"allow":["GET"]}}],"collection":[{"href":"http:\/\/www.jojoenherbe.com\/index.php\/wp-json\/wp\/v2\/posts"}],"about":[{"href":"http:\/\/www.jojoenherbe.com\/index.php\/wp-json\/wp\/v2\/types\/post"}],"author":[{"embeddable":true,"href":"http:\/\/www.jojoenherbe.com\/index.php\/wp-json\/wp\/v2\/users\/1"}],"replies":[{"embeddable":true,"href":"http:\/\/www.jojoenherbe.com\/index.php\/wp-json\/wp\/v2\/comments?post=38483"}],"version-history":[{"count":8,"href":"http:\/\/www.jojoenherbe.com\/index.php\/wp-json\/wp\/v2\/posts\/38483\/revisions"}],"predecessor-version":[{"id":38495,"href":"http:\/\/www.jojoenherbe.com\/index.php\/wp-json\/wp\/v2\/posts\/38483\/revisions\/38495"}],"wp:attachment":[{"href":"http:\/\/www.jojoenherbe.com\/index.php\/wp-json\/wp\/v2\/media?parent=38483"}],"wp:term":[{"taxonomy":"category","embeddable":true,"href":"http:\/\/www.jojoenherbe.com\/index.php\/wp-json\/wp\/v2\/categories?post=38483"},{"taxonomy":"post_tag","embeddable":true,"href":"http:\/\/www.jojoenherbe.com\/index.php\/wp-json\/wp\/v2\/tags?post=38483"}],"curies":[{"name":"wp","href":"https:\/\/api.w.org\/{rel}","templated":true}]}}