{"id":38474,"date":"2025-02-27T18:18:39","date_gmt":"2025-02-27T17:18:39","guid":{"rendered":"https:\/\/www.jojoenherbe.com\/?p=38474"},"modified":"2025-02-27T18:18:39","modified_gmt":"2025-02-27T17:18:39","slug":"throwback-thursday-livresque-malediction","status":"publish","type":"post","link":"http:\/\/www.jojoenherbe.com\/index.php\/2025\/02\/27\/throwback-thursday-livresque-malediction\/","title":{"rendered":"Throwback Thursday Livresque: Mal\u00e9diction"},"content":{"rendered":"<div id=\"attachment_32593\" style=\"width: 196px\" class=\"wp-caption alignleft\"><img data-recalc-dims=\"1\" loading=\"lazy\" decoding=\"async\" aria-describedby=\"caption-attachment-32593\" data-attachment-id=\"32593\" data-permalink=\"http:\/\/www.jojoenherbe.com\/index.php\/2023\/10\/12\/throwback-thursday-livresque-voyage-dans-le-temps\/ttl-logo\/\" data-orig-file=\"https:\/\/i0.wp.com\/www.jojoenherbe.com\/wp-content\/uploads\/2023\/10\/TTL-logo.jpg?fit=540%2C174\" data-orig-size=\"540,174\" data-comments-opened=\"1\" data-image-meta=\"{&quot;aperture&quot;:&quot;0&quot;,&quot;credit&quot;:&quot;&quot;,&quot;camera&quot;:&quot;&quot;,&quot;caption&quot;:&quot;&quot;,&quot;created_timestamp&quot;:&quot;0&quot;,&quot;copyright&quot;:&quot;&quot;,&quot;focal_length&quot;:&quot;0&quot;,&quot;iso&quot;:&quot;0&quot;,&quot;shutter_speed&quot;:&quot;0&quot;,&quot;title&quot;:&quot;&quot;,&quot;orientation&quot;:&quot;0&quot;}\" data-image-title=\"TTL logo\" data-image-description=\"\" data-image-caption=\"\" data-large-file=\"https:\/\/i0.wp.com\/www.jojoenherbe.com\/wp-content\/uploads\/2023\/10\/TTL-logo.jpg?fit=540%2C174\" class=\"wp-image-32593\" src=\"https:\/\/i0.wp.com\/www.jojoenherbe.com\/wp-content\/uploads\/2023\/10\/TTL-logo.jpg?resize=186%2C60\" alt=\"\" width=\"186\" height=\"60\" srcset=\"https:\/\/i0.wp.com\/www.jojoenherbe.com\/wp-content\/uploads\/2023\/10\/TTL-logo.jpg?w=540 540w, https:\/\/i0.wp.com\/www.jojoenherbe.com\/wp-content\/uploads\/2023\/10\/TTL-logo.jpg?resize=300%2C97 300w\" sizes=\"auto, (max-width: 186px) 100vw, 186px\" \/><p id=\"caption-attachment-32593\" class=\"wp-caption-text\">TTL n\u00b0304 chez <a href=\"https:\/\/my-bo0ks.over-blog.com\/2025\/02\/throwback-thursday-livresque-n-304.html\">Carole<\/a> #Mal\u00e9diction<\/p><\/div>\n<p style=\"text-align: justify;\"><em>Ce jeudi 27 f\u00e9vrier 2025, je participe au Throwback Thursday Livresque, un rendez-vous livresque initialement chez Bettie Rose Books et repris depuis par Carole, les liens \u00e9tant \u00e0 d\u00e9poser chez <a href=\"https:\/\/my-bo0ks.over-blog.com\/\">My-Bo0ks<\/a>. Le principe est de partager chaque jeudi un livre en fonction d\u2019un th\u00e8me donn\u00e9. Cette semaine, le th\u00e8me est \u00ab Mal\u00e9diction \u00bb<\/em>.<\/p>\n<p style=\"text-align: justify;\"><em><a href=\"https:\/\/i0.wp.com\/www.jojoenherbe.com\/wp-content\/uploads\/2025\/02\/La-Belle-et-la-Bete.jpg\"><img data-recalc-dims=\"1\" loading=\"lazy\" decoding=\"async\" data-attachment-id=\"38476\" data-permalink=\"http:\/\/www.jojoenherbe.com\/index.php\/2025\/02\/27\/throwback-thursday-livresque-malediction\/la-belle-et-la-bete-4\/\" data-orig-file=\"https:\/\/i0.wp.com\/www.jojoenherbe.com\/wp-content\/uploads\/2025\/02\/La-Belle-et-la-Bete.jpg?fit=1400%2C1909\" data-orig-size=\"1400,1909\" data-comments-opened=\"1\" data-image-meta=\"{&quot;aperture&quot;:&quot;0&quot;,&quot;credit&quot;:&quot;&quot;,&quot;camera&quot;:&quot;&quot;,&quot;caption&quot;:&quot;&quot;,&quot;created_timestamp&quot;:&quot;1738662362&quot;,&quot;copyright&quot;:&quot;&quot;,&quot;focal_length&quot;:&quot;0&quot;,&quot;iso&quot;:&quot;0&quot;,&quot;shutter_speed&quot;:&quot;0&quot;,&quot;title&quot;:&quot;&quot;,&quot;orientation&quot;:&quot;1&quot;}\" data-image-title=\"La Belle et la B\u00eate\" data-image-description=\"\" data-image-caption=\"\" data-large-file=\"https:\/\/i0.wp.com\/www.jojoenherbe.com\/wp-content\/uploads\/2025\/02\/La-Belle-et-la-Bete.jpg?fit=676%2C922\" class=\"size-thumbnail wp-image-38476 alignright\" src=\"https:\/\/i0.wp.com\/www.jojoenherbe.com\/wp-content\/uploads\/2025\/02\/La-Belle-et-la-Bete.jpg?resize=150%2C150\" alt=\"\" width=\"150\" height=\"150\" srcset=\"https:\/\/i0.wp.com\/www.jojoenherbe.com\/wp-content\/uploads\/2025\/02\/La-Belle-et-la-Bete.jpg?resize=150%2C150 150w, https:\/\/i0.wp.com\/www.jojoenherbe.com\/wp-content\/uploads\/2025\/02\/La-Belle-et-la-Bete.jpg?zoom=2&amp;resize=150%2C150 300w, https:\/\/i0.wp.com\/www.jojoenherbe.com\/wp-content\/uploads\/2025\/02\/La-Belle-et-la-Bete.jpg?zoom=3&amp;resize=150%2C150 450w\" sizes=\"auto, (max-width: 150px) 100vw, 150px\" \/><\/a>Comme la semaine derni\u00e8re, mon premier choix a \u00e9t\u00e9 fait en concertation avec mon mini lutin: nous avons choisi un <a href=\"https:\/\/www.jojoenherbe.com\/index.php\/2021\/09\/16\/nos-lectures-la-belle-et-la-bete\/\">conte<\/a>: <span style=\"text-decoration: underline; color: #0000ff;\">La Belle et la B\u00eate<\/span> de Jeanne-Marie Leprince de Beaumont et dont je vais bient\u00f4t lui faire d\u00e9couvrir la r\u00e9\u00e9criture par C\u00e9cile Roumigui\u00e8re et illustr\u00e9e par Benjamin Lacombe, d&rsquo;apr\u00e8s Gabrielle-Suzanne de Villeneuve et qui est parue tout r\u00e9cemment (\u00e9d. Albin Michel Jeunesse, f\u00e9vrier 2025, 80 pages).\u00a0<\/em><\/p>\n<p style=\"text-align: justify;\"><em><a href=\"https:\/\/i0.wp.com\/www.jojoenherbe.com\/wp-content\/uploads\/2025\/01\/Ce-que-revelent-les-roses.jpg\"><img data-recalc-dims=\"1\" loading=\"lazy\" decoding=\"async\" data-attachment-id=\"37808\" data-permalink=\"http:\/\/www.jojoenherbe.com\/index.php\/2025\/01\/04\/point-lecture-hebdomadaire-2024-52\/screenshot-110\/\" data-orig-file=\"https:\/\/i0.wp.com\/www.jojoenherbe.com\/wp-content\/uploads\/2025\/01\/Ce-que-revelent-les-roses.jpg?fit=750%2C1186\" data-orig-size=\"750,1186\" data-comments-opened=\"1\" data-image-meta=\"{&quot;aperture&quot;:&quot;0&quot;,&quot;credit&quot;:&quot;&quot;,&quot;camera&quot;:&quot;&quot;,&quot;caption&quot;:&quot;Screenshot&quot;,&quot;created_timestamp&quot;:&quot;0&quot;,&quot;copyright&quot;:&quot;&quot;,&quot;focal_length&quot;:&quot;0&quot;,&quot;iso&quot;:&quot;0&quot;,&quot;shutter_speed&quot;:&quot;0&quot;,&quot;title&quot;:&quot;Screenshot&quot;,&quot;orientation&quot;:&quot;1&quot;}\" data-image-title=\"\" data-image-description=\"\" data-image-caption=\"\" data-large-file=\"https:\/\/i0.wp.com\/www.jojoenherbe.com\/wp-content\/uploads\/2025\/01\/Ce-que-revelent-les-roses.jpg?fit=648%2C1024\" class=\"alignleft size-thumbnail wp-image-37808\" src=\"https:\/\/i0.wp.com\/www.jojoenherbe.com\/wp-content\/uploads\/2025\/01\/Ce-que-revelent-les-roses.jpg?resize=150%2C150\" alt=\"\" width=\"150\" height=\"150\" srcset=\"https:\/\/i0.wp.com\/www.jojoenherbe.com\/wp-content\/uploads\/2025\/01\/Ce-que-revelent-les-roses.jpg?resize=150%2C150 150w, https:\/\/i0.wp.com\/www.jojoenherbe.com\/wp-content\/uploads\/2025\/01\/Ce-que-revelent-les-roses.jpg?zoom=2&amp;resize=150%2C150 300w, https:\/\/i0.wp.com\/www.jojoenherbe.com\/wp-content\/uploads\/2025\/01\/Ce-que-revelent-les-roses.jpg?zoom=3&amp;resize=150%2C150 450w\" sizes=\"auto, (max-width: 150px) 100vw, 150px\" \/><\/a>J&rsquo;ai \u00e9galement choisi une autre r\u00e9\u00e9criture de ce conte: <span style=\"color: #0000ff;\"><span style=\"text-decoration: underline;\">Ce que r\u00e9v\u00e8lent les roses<\/span><\/span> de Romane Clessie (\u00e9d. Auto\u00e9dition, octobre 2023, 348 pages), avec l&rsquo;histoire duc \u00c9van de Kastel, un jeune homme maudit en 1825 et d&rsquo;\u00c9l\u00e9anor, une jeune femme \u00e9prise de libert\u00e9 et d\u2019ind\u00e9pendance qui se retrouve pi\u00e9g\u00e9e au sein du domaine oubli\u00e9 de Talmadenn, apr\u00e8s avoir fui le jour de son mariage arrang\u00e9, en 1910, son futur \u00e9poux, le riche et cruel comte Gwendal de Donval.<\/em><\/p>\n<p><em>J&rsquo;ai enfin pens\u00e9 \u00e0 deux autres titres mentionnant le terme \u00ab\u00a0mal\u00e9diction\u00a0\u00bb dans leur titre:<\/em><\/p>\n<ul>\n<li style=\"text-align: justify;\"><em><a href=\"https:\/\/i0.wp.com\/www.jojoenherbe.com\/wp-content\/uploads\/2022\/10\/La-malediction-de-Satapur-scaled.jpg\"><img data-recalc-dims=\"1\" loading=\"lazy\" decoding=\"async\" data-attachment-id=\"28536\" data-permalink=\"http:\/\/www.jojoenherbe.com\/index.php\/2022\/10\/24\/rat-dhalloween-2022\/la-malediction-de-satapur\/\" data-orig-file=\"https:\/\/i0.wp.com\/www.jojoenherbe.com\/wp-content\/uploads\/2022\/10\/La-malediction-de-Satapur-scaled.jpg?fit=2560%2C2137\" data-orig-size=\"2560,2137\" data-comments-opened=\"1\" data-image-meta=\"{&quot;aperture&quot;:&quot;1.8&quot;,&quot;credit&quot;:&quot;&quot;,&quot;camera&quot;:&quot;iPhone 7&quot;,&quot;caption&quot;:&quot;&quot;,&quot;created_timestamp&quot;:&quot;1667210465&quot;,&quot;copyright&quot;:&quot;&quot;,&quot;focal_length&quot;:&quot;3.99&quot;,&quot;iso&quot;:&quot;80&quot;,&quot;shutter_speed&quot;:&quot;0.14285714285714&quot;,&quot;title&quot;:&quot;&quot;,&quot;orientation&quot;:&quot;1&quot;}\" data-image-title=\"La mal\u00e9diction de Satapur\" data-image-description=\"\" data-image-caption=\"\" data-large-file=\"https:\/\/i0.wp.com\/www.jojoenherbe.com\/wp-content\/uploads\/2022\/10\/La-malediction-de-Satapur-scaled.jpg?fit=676%2C564\" class=\"size-thumbnail wp-image-28536 alignright\" src=\"https:\/\/i0.wp.com\/www.jojoenherbe.com\/wp-content\/uploads\/2022\/10\/La-malediction-de-Satapur.jpg?resize=150%2C150\" alt=\"\" width=\"150\" height=\"150\" srcset=\"https:\/\/i0.wp.com\/www.jojoenherbe.com\/wp-content\/uploads\/2022\/10\/La-malediction-de-Satapur-scaled.jpg?resize=150%2C150 150w, https:\/\/i0.wp.com\/www.jojoenherbe.com\/wp-content\/uploads\/2022\/10\/La-malediction-de-Satapur-scaled.jpg?zoom=2&amp;resize=150%2C150 300w, https:\/\/i0.wp.com\/www.jojoenherbe.com\/wp-content\/uploads\/2022\/10\/La-malediction-de-Satapur-scaled.jpg?zoom=3&amp;resize=150%2C150 450w\" sizes=\"auto, (max-width: 150px) 100vw, 150px\" \/><\/a>la deuxi\u00e8me enqu\u00eate de Perveen Mistry, <span style=\"text-decoration: underline; color: #0000ff;\">La mal\u00e9diction de Satapur<\/span> de Sujata Massey (\u00e9d. Charleston, juin 2021, 485 pages), un <a href=\"https:\/\/www.jojoenherbe.com\/index.php\/2023\/12\/12\/au-fil-des-pages-avec-la-malediction-de-satapur-t2\/\">roman<\/a> policier historique se d\u00e9roulant en 1922 dans les Indes britanniques, une mal\u00e9diction semblant pes\u00e9e sur les princes de Satapur.\u00a0<\/em><\/li>\n<li style=\"text-align: justify;\"><em><span style=\"text-decoration: underline; color: #0000ff;\"><a href=\"https:\/\/i0.wp.com\/www.jojoenherbe.com\/wp-content\/uploads\/2021\/01\/La-malediction-de-lanneau-dor-scaled.jpg\"><img data-recalc-dims=\"1\" loading=\"lazy\" decoding=\"async\" data-attachment-id=\"15134\" data-permalink=\"http:\/\/www.jojoenherbe.com\/index.php\/2021\/01\/15\/au-fil-des-pages-avec-la-malediction-de-lanneau-dor\/la-malediction-de-lanneau-dor\/\" data-orig-file=\"https:\/\/i0.wp.com\/www.jojoenherbe.com\/wp-content\/uploads\/2021\/01\/La-malediction-de-lanneau-dor-scaled.jpg?fit=2474%2C2560\" data-orig-size=\"2474,2560\" data-comments-opened=\"1\" data-image-meta=\"{&quot;aperture&quot;:&quot;1.8&quot;,&quot;credit&quot;:&quot;&quot;,&quot;camera&quot;:&quot;iPhone 7&quot;,&quot;caption&quot;:&quot;&quot;,&quot;created_timestamp&quot;:&quot;1610620486&quot;,&quot;copyright&quot;:&quot;&quot;,&quot;focal_length&quot;:&quot;3.99&quot;,&quot;iso&quot;:&quot;80&quot;,&quot;shutter_speed&quot;:&quot;0.14285714285714&quot;,&quot;title&quot;:&quot;&quot;,&quot;orientation&quot;:&quot;1&quot;}\" data-image-title=\"La mal\u00e9diction de l&amp;rsquo;anneau d&amp;rsquo;or\" data-image-description=\"\" data-image-caption=\"\" data-large-file=\"https:\/\/i0.wp.com\/www.jojoenherbe.com\/wp-content\/uploads\/2021\/01\/La-malediction-de-lanneau-dor-scaled.jpg?fit=676%2C700\" class=\"alignleft size-thumbnail wp-image-15134\" src=\"https:\/\/i0.wp.com\/www.jojoenherbe.com\/wp-content\/uploads\/2021\/01\/La-malediction-de-lanneau-dor.jpg?resize=150%2C150\" alt=\"\" width=\"150\" height=\"150\" srcset=\"https:\/\/i0.wp.com\/www.jojoenherbe.com\/wp-content\/uploads\/2021\/01\/La-malediction-de-lanneau-dor-scaled.jpg?resize=150%2C150 150w, https:\/\/i0.wp.com\/www.jojoenherbe.com\/wp-content\/uploads\/2021\/01\/La-malediction-de-lanneau-dor-scaled.jpg?zoom=2&amp;resize=150%2C150 300w, https:\/\/i0.wp.com\/www.jojoenherbe.com\/wp-content\/uploads\/2021\/01\/La-malediction-de-lanneau-dor-scaled.jpg?zoom=3&amp;resize=150%2C150 450w\" sizes=\"auto, (max-width: 150px) 100vw, 150px\" \/><\/a>La mal\u00e9diction de l\u2019anneau d\u2019or<\/span> de Fred Bernard et Fran\u00e7ois Roca (\u00e9d. Albin Michel Jeunesse, 2017), un <a href=\"https:\/\/www.jojoenherbe.com\/index.php\/2021\/01\/15\/au-fil-des-pages-avec-la-malediction-de-lanneau-dor\/\">album jeunesse<\/a> tr\u00e8s grand format \u00e0 partir de 8 ans et pr\u00e9quel du premier, <span style=\"text-decoration: underline;\">Anya et Tigre blanc<\/span> avec l&rsquo;histoire de Corn\u00e9lia, une sorci\u00e8re maudite qui avait r\u00e9ussi \u00e0 duper le couple royal du pays du Grand Blanc en propageant une fausse mal\u00e9diction pour enlever les enfants du royaume. <\/em><\/li>\n<\/ul>\n<p style=\"text-align: justify;\"><em>J&rsquo;aurai \u00e9galement pu s\u00e9lectionner d&rsquo;autres livres mais qui m&rsquo;ont gu\u00e8re plu: la duologie <span style=\"text-decoration: underline; color: #0000ff;\">Frost et Nectar<\/span> de C.N. Crawford (\u00e9d. Korrigan, 2023), une <a href=\"https:\/\/www.jojoenherbe.com\/index.php\/2024\/06\/12\/au-fil-des-pages-avec-frost-et-nectar\/\">romantasy YA<\/a> avec Torin, le Roi des Seelies maudit ou bien encore le tome 1 de <span style=\"text-decoration: underline; color: #0000ff;\">Mon ex &amp; autres complications<\/span> d\u2019Erin Sterling (\u00e9d. Good Mood Dealer by Exergue, octobre 2023, 300 pages) avec l&rsquo;histoire d&rsquo;une sorci\u00e8re, Vivienne Jones qui avait jet\u00e9 une mal\u00e9diction sur son ex petit-ami Rhys Penhallow au moment de leur rupture, 9 ans auparavant. <\/em><\/p>\n<p style=\"text-align: justify;\"><em>Et vous, quel livre auriez-vous choisi pour cette th\u00e9matique? La semaine prochaine, le th\u00e8me sera: \u00ab Couverture avec un livre \u00bb.<\/em><\/p>\n\n\n<p><\/p>\n","protected":false},"excerpt":{"rendered":"<p>Ce jeudi 27 f\u00e9vrier 2025, je participe au Throwback Thursday Livresque, un rendez-vous livresque initialement chez Bettie Rose Books et repris depuis par Carole, les liens \u00e9tant \u00e0 d\u00e9poser chez My-Bo0ks. Le principe est de partager chaque jeudi un livre en fonction d\u2019un th\u00e8me donn\u00e9. Cette semaine, le th\u00e8me est \u00ab Mal\u00e9diction \u00bb. Comme la [&hellip;]<\/p>\n","protected":false},"author":1,"featured_media":32593,"comment_status":"open","ping_status":"open","sticky":false,"template":"","format":"standard","meta":{"jetpack_post_was_ever_published":false,"_jetpack_newsletter_access":"","_jetpack_dont_email_post_to_subs":false,"_jetpack_newsletter_tier_id":0,"_jetpack_memberships_contains_paywalled_content":false,"_jetpack_memberships_contains_paid_content":false,"footnotes":""},"categories":[2140,873,363],"tags":[409,1293,4499,245,2094,2093,4498,2704,1085,367,1594,3630,2825,905,2664,3868],"class_list":["post-38474","post","type-post","status-publish","format-standard","has-post-thumbnail","hentry","category-mini-blogueur","category-mini-challenger","category-mini-lecteur","tag-albums-jeunesse","tag-benjamin-lacombe","tag-cecile-roumiguiere","tag-contes","tag-francois-roca","tag-fred-bernard","tag-gabrielle-suzanne-de-villeneuve","tag-jeanne-marie-leprince-de-beaumont","tag-lecture-adulte","tag-lecture-jeunesse","tag-malediction","tag-romane-clessie","tag-romans-ado","tag-romans-adulte","tag-sujata-massey","tag-throwback-thursday-livresque","post-preview"],"jetpack_featured_media_url":"https:\/\/i0.wp.com\/www.jojoenherbe.com\/wp-content\/uploads\/2023\/10\/TTL-logo.jpg?fit=540%2C174","jetpack_sharing_enabled":true,"jetpack_shortlink":"https:\/\/wp.me\/p9zhGx-a0y","jetpack_likes_enabled":true,"jetpack-related-posts":[{"id":38400,"url":"http:\/\/www.jojoenherbe.com\/index.php\/2025\/02\/20\/throwback-thursday-livresque-un-personnage-qui-a-un-secret\/","url_meta":{"origin":38474,"position":0},"title":"Throwback Thursday Livresque: Un personnage qui a un secret","author":"Jojo","date":"20 f\u00e9vrier 2025","format":false,"excerpt":"Ce jeudi 20 f\u00e9vrier 2025, je participe au Throwback Thursday Livresque, un rendez-vous livresque initialement chez Bettie Rose Books et repris depuis par Carole, les liens \u00e9tant \u00e0 d\u00e9poser chez My-Bo0ks. Le principe est de partager chaque jeudi un livre en fonction d\u2019un th\u00e8me donn\u00e9. Cette semaine, le th\u00e8me est\u2026","rel":"","context":"Dans &quot;Mini blogueur&quot;","block_context":{"text":"Mini blogueur","link":"http:\/\/www.jojoenherbe.com\/index.php\/category\/mini-blogueur\/"},"img":{"alt_text":"","src":"https:\/\/i0.wp.com\/www.jojoenherbe.com\/wp-content\/uploads\/2023\/10\/TTL-logo.jpg?resize=350%2C200","width":350,"height":200},"classes":[]},{"id":39005,"url":"http:\/\/www.jojoenherbe.com\/index.php\/2025\/04\/17\/throwback-thursday-livresque-personnage-introverti\/","url_meta":{"origin":38474,"position":1},"title":"Throwback Thursday Livresque: Personnage introverti","author":"Jojo","date":"17 avril 2025","format":false,"excerpt":"Ce jeudi 17 avril 2025, je participe au Throwback Thursday Livresque, un rendez-vous livresque initialement chez Bettie Rose Books et repris depuis par Carole, les liens \u00e9tant \u00e0 d\u00e9poser chez My-Bo0ks. Le principe est de partager chaque jeudi un livre en fonction d\u2019un th\u00e8me donn\u00e9. Cette semaine, le th\u00e8me est\u2026","rel":"","context":"Dans &quot;Mini blogueur&quot;","block_context":{"text":"Mini blogueur","link":"http:\/\/www.jojoenherbe.com\/index.php\/category\/mini-blogueur\/"},"img":{"alt_text":"","src":"https:\/\/i0.wp.com\/www.jojoenherbe.com\/wp-content\/uploads\/2023\/10\/TTL-logo.jpg?resize=350%2C200","width":350,"height":200},"classes":[]},{"id":40983,"url":"http:\/\/www.jojoenherbe.com\/index.php\/2025\/10\/16\/throwback-thursday-livresque-un-ou-une-mage\/","url_meta":{"origin":38474,"position":2},"title":"Throwback Thursday Livresque: Un ou une mage","author":"Jojo","date":"16 octobre 2025","format":false,"excerpt":"Ce jeudi 16 octobre 2025, je participe au Throwback Thursday Livresque, un rendez-vous livresque initialement chez Bettie Rose Books et repris depuis par Carole, les liens \u00e9tant \u00e0 d\u00e9poser chez My-Bo0ks. Le principe est de partager chaque jeudi un livre en fonction d\u2019un th\u00e8me donn\u00e9. Cette semaine, le th\u00e8me est\u2026","rel":"","context":"Dans &quot;Mini blogueur&quot;","block_context":{"text":"Mini blogueur","link":"http:\/\/www.jojoenherbe.com\/index.php\/category\/mini-blogueur\/"},"img":{"alt_text":"","src":"https:\/\/i0.wp.com\/www.jojoenherbe.com\/wp-content\/uploads\/2023\/10\/TTL-logo.jpg?resize=350%2C200","width":350,"height":200},"classes":[]},{"id":41518,"url":"http:\/\/www.jojoenherbe.com\/index.php\/2025\/11\/27\/throwback-thursday-livresque-un-personnage-policier\/","url_meta":{"origin":38474,"position":3},"title":"Throwback Thursday Livresque: Un personnage policier","author":"Jojo","date":"27 novembre 2025","format":false,"excerpt":"Ce jeudi 27 novembre 2025, je participe au Throwback Thursday Livresque, un rendez-vous livresque initialement chez Bettie Rose Books et repris depuis par Carole, les liens \u00e9tant \u00e0 d\u00e9poser chez My-Bo0ks. Le principe est de partager chaque jeudi un livre \"ancien\" de notre biblioth\u00e8que en fonction d\u2019un th\u00e8me donn\u00e9. Cette\u2026","rel":"","context":"Dans &quot;Mini blogueur&quot;","block_context":{"text":"Mini blogueur","link":"http:\/\/www.jojoenherbe.com\/index.php\/category\/mini-blogueur\/"},"img":{"alt_text":"","src":"https:\/\/i0.wp.com\/www.jojoenherbe.com\/wp-content\/uploads\/2023\/10\/TTL-logo.jpg?resize=350%2C200","width":350,"height":200},"classes":[]},{"id":37491,"url":"http:\/\/www.jojoenherbe.com\/index.php\/2024\/12\/12\/throwback-thursday-livresque-romance-dans-un-pays-froid\/","url_meta":{"origin":38474,"position":4},"title":"Throwback Thursday Livresque:  Romance dans un pays froid","author":"Jojo","date":"12 d\u00e9cembre 2024","format":false,"excerpt":"Ce jeudi 12 d\u00e9cembre 2024, je participe au Throwback Thursday Livresque, un rendez-vous livresque initialement chez Bettie Rose Books et repris depuis par Carole, les liens \u00e9tant \u00e0 d\u00e9poser chez My-Bo0ks. Le principe est de partager chaque jeudi un livre en fonction d\u2019un th\u00e8me donn\u00e9. Cette semaine, le th\u00e8me est\u2026","rel":"","context":"Dans &quot;Mini challenger&quot;","block_context":{"text":"Mini challenger","link":"http:\/\/www.jojoenherbe.com\/index.php\/category\/mini-challenger\/"},"img":{"alt_text":"","src":"https:\/\/i0.wp.com\/www.jojoenherbe.com\/wp-content\/uploads\/2023\/10\/TTL-logo.jpg?resize=350%2C200","width":350,"height":200},"classes":[]},{"id":43764,"url":"http:\/\/www.jojoenherbe.com\/index.php\/2026\/04\/16\/throwback-thursday-livresque-de-la-pluie-sur-la-couverture\/","url_meta":{"origin":38474,"position":5},"title":"Throwback Thursday Livresque: De la pluie sur la couverture","author":"Jojo","date":"16 avril 2026","format":false,"excerpt":"Ce jeudi 16 avril 2026, je participe au Throwback Thursday Livresque, un rendez-vous livresque initialement chez Bettie Rose Books et repris depuis par Carole, les liens \u00e9tant \u00e0 d\u00e9poser chez My-Bo0ks. Le principe est de partager chaque jeudi un livre \"ancien\" de notre biblioth\u00e8que en fonction d\u2019un th\u00e8me donn\u00e9. Cette\u2026","rel":"","context":"Dans &quot;Mini blogueur&quot;","block_context":{"text":"Mini blogueur","link":"http:\/\/www.jojoenherbe.com\/index.php\/category\/mini-blogueur\/"},"img":{"alt_text":"","src":"https:\/\/i0.wp.com\/www.jojoenherbe.com\/wp-content\/uploads\/2023\/10\/TTL-logo.jpg?resize=350%2C200","width":350,"height":200},"classes":[]}],"_links":{"self":[{"href":"http:\/\/www.jojoenherbe.com\/index.php\/wp-json\/wp\/v2\/posts\/38474","targetHints":{"allow":["GET"]}}],"collection":[{"href":"http:\/\/www.jojoenherbe.com\/index.php\/wp-json\/wp\/v2\/posts"}],"about":[{"href":"http:\/\/www.jojoenherbe.com\/index.php\/wp-json\/wp\/v2\/types\/post"}],"author":[{"embeddable":true,"href":"http:\/\/www.jojoenherbe.com\/index.php\/wp-json\/wp\/v2\/users\/1"}],"replies":[{"embeddable":true,"href":"http:\/\/www.jojoenherbe.com\/index.php\/wp-json\/wp\/v2\/comments?post=38474"}],"version-history":[{"count":2,"href":"http:\/\/www.jojoenherbe.com\/index.php\/wp-json\/wp\/v2\/posts\/38474\/revisions"}],"predecessor-version":[{"id":38479,"href":"http:\/\/www.jojoenherbe.com\/index.php\/wp-json\/wp\/v2\/posts\/38474\/revisions\/38479"}],"wp:featuredmedia":[{"embeddable":true,"href":"http:\/\/www.jojoenherbe.com\/index.php\/wp-json\/wp\/v2\/media\/32593"}],"wp:attachment":[{"href":"http:\/\/www.jojoenherbe.com\/index.php\/wp-json\/wp\/v2\/media?parent=38474"}],"wp:term":[{"taxonomy":"category","embeddable":true,"href":"http:\/\/www.jojoenherbe.com\/index.php\/wp-json\/wp\/v2\/categories?post=38474"},{"taxonomy":"post_tag","embeddable":true,"href":"http:\/\/www.jojoenherbe.com\/index.php\/wp-json\/wp\/v2\/tags?post=38474"}],"curies":[{"name":"wp","href":"https:\/\/api.w.org\/{rel}","templated":true}]}}