{"id":38049,"date":"2025-01-16T17:23:56","date_gmt":"2025-01-16T16:23:56","guid":{"rendered":"https:\/\/www.jojoenherbe.com\/?p=38049"},"modified":"2025-01-16T17:31:11","modified_gmt":"2025-01-16T16:31:11","slug":"throwback-thursday-livresque-personnage-divorce","status":"publish","type":"post","link":"http:\/\/www.jojoenherbe.com\/index.php\/2025\/01\/16\/throwback-thursday-livresque-personnage-divorce\/","title":{"rendered":"Throwback Thursday Livresque: Personnage divorc\u00e9"},"content":{"rendered":"<div id=\"attachment_32593\" style=\"width: 196px\" class=\"wp-caption alignleft\"><img data-recalc-dims=\"1\" loading=\"lazy\" decoding=\"async\" aria-describedby=\"caption-attachment-32593\" data-attachment-id=\"32593\" data-permalink=\"http:\/\/www.jojoenherbe.com\/index.php\/2023\/10\/12\/throwback-thursday-livresque-voyage-dans-le-temps\/ttl-logo\/\" data-orig-file=\"https:\/\/i0.wp.com\/www.jojoenherbe.com\/wp-content\/uploads\/2023\/10\/TTL-logo.jpg?fit=540%2C174\" data-orig-size=\"540,174\" data-comments-opened=\"1\" data-image-meta=\"{&quot;aperture&quot;:&quot;0&quot;,&quot;credit&quot;:&quot;&quot;,&quot;camera&quot;:&quot;&quot;,&quot;caption&quot;:&quot;&quot;,&quot;created_timestamp&quot;:&quot;0&quot;,&quot;copyright&quot;:&quot;&quot;,&quot;focal_length&quot;:&quot;0&quot;,&quot;iso&quot;:&quot;0&quot;,&quot;shutter_speed&quot;:&quot;0&quot;,&quot;title&quot;:&quot;&quot;,&quot;orientation&quot;:&quot;0&quot;}\" data-image-title=\"TTL logo\" data-image-description=\"\" data-image-caption=\"\" data-large-file=\"https:\/\/i0.wp.com\/www.jojoenherbe.com\/wp-content\/uploads\/2023\/10\/TTL-logo.jpg?fit=540%2C174\" class=\"wp-image-32593\" src=\"https:\/\/i0.wp.com\/www.jojoenherbe.com\/wp-content\/uploads\/2023\/10\/TTL-logo.jpg?resize=186%2C60\" alt=\"\" width=\"186\" height=\"60\" srcset=\"https:\/\/i0.wp.com\/www.jojoenherbe.com\/wp-content\/uploads\/2023\/10\/TTL-logo.jpg?w=540 540w, https:\/\/i0.wp.com\/www.jojoenherbe.com\/wp-content\/uploads\/2023\/10\/TTL-logo.jpg?resize=300%2C97 300w\" sizes=\"auto, (max-width: 186px) 100vw, 186px\" \/><p id=\"caption-attachment-32593\" class=\"wp-caption-text\">TTL n\u00b0298 chez <a href=\"https:\/\/my-bo0ks.over-blog.com\/2025\/01\/throwback-thursday-livresque-n-298.html\">Carole<\/a> #Personnage divorc\u00e9<\/p><\/div>\n<p style=\"text-align: justify;\"><em>Ce jeudi 16 janvier 2025, je participe au Throwback Thursday Livresque, un rendez-vous livresque initialement chez Bettie Rose Books et repris depuis par Carole, les liens \u00e9tant \u00e0 d\u00e9poser chez <a href=\"https:\/\/my-bo0ks.over-blog.com\/\">My-Bo0ks<\/a>. Le principe est de partager chaque jeudi un livre en fonction d\u2019un th\u00e8me donn\u00e9. Cette semaine, le th\u00e8me est \u00ab Personnage divorc\u00e9 \u00bb<\/em>.<\/p>\n<p style=\"text-align: justify;\"><em>Je n &lsquo;ai pas eu \u00e0 aller chercher tr\u00e8s loin pour illustrer le th\u00e8me de cette semaine. Deux de mes derni\u00e8res lectures avaient des personnes divorc\u00e9es inspir\u00e9es de la vie d&rsquo;autrices c\u00e9l\u00e8bres, \u00e0 l&rsquo;\u00e9poque de l&rsquo;\u00e2ge d&rsquo;or du cin\u00e9ma hollywoodien:<\/em><\/p>\n<ul>\n<li style=\"text-align: justify;\"><span style=\"color: #0000ff;\"><a href=\"https:\/\/i0.wp.com\/www.jojoenherbe.com\/wp-content\/uploads\/2025\/01\/Ava-Quarante-huit-heures-dans-la-vie-dAva-Gardner.jpg\"><img data-recalc-dims=\"1\" loading=\"lazy\" decoding=\"async\" data-attachment-id=\"38005\" data-permalink=\"http:\/\/www.jojoenherbe.com\/index.php\/2025\/01\/15\/point-lecture-hebdomadaire-2025-2\/screenshot-123\/\" data-orig-file=\"https:\/\/i0.wp.com\/www.jojoenherbe.com\/wp-content\/uploads\/2025\/01\/Ava-Quarante-huit-heures-dans-la-vie-dAva-Gardner.jpg?fit=748%2C1029\" data-orig-size=\"748,1029\" data-comments-opened=\"1\" data-image-meta=\"{&quot;aperture&quot;:&quot;0&quot;,&quot;credit&quot;:&quot;&quot;,&quot;camera&quot;:&quot;&quot;,&quot;caption&quot;:&quot;Screenshot&quot;,&quot;created_timestamp&quot;:&quot;0&quot;,&quot;copyright&quot;:&quot;&quot;,&quot;focal_length&quot;:&quot;0&quot;,&quot;iso&quot;:&quot;0&quot;,&quot;shutter_speed&quot;:&quot;0&quot;,&quot;title&quot;:&quot;Screenshot&quot;,&quot;orientation&quot;:&quot;1&quot;}\" data-image-title=\"\" data-image-description=\"\" data-image-caption=\"\" data-large-file=\"https:\/\/i0.wp.com\/www.jojoenherbe.com\/wp-content\/uploads\/2025\/01\/Ava-Quarante-huit-heures-dans-la-vie-dAva-Gardner.jpg?fit=676%2C930\" class=\"size-thumbnail wp-image-38005 alignright\" src=\"https:\/\/i0.wp.com\/www.jojoenherbe.com\/wp-content\/uploads\/2025\/01\/Ava-Quarante-huit-heures-dans-la-vie-dAva-Gardner.jpg?resize=150%2C150\" alt=\"\" width=\"150\" height=\"150\" srcset=\"https:\/\/i0.wp.com\/www.jojoenherbe.com\/wp-content\/uploads\/2025\/01\/Ava-Quarante-huit-heures-dans-la-vie-dAva-Gardner.jpg?resize=150%2C150 150w, https:\/\/i0.wp.com\/www.jojoenherbe.com\/wp-content\/uploads\/2025\/01\/Ava-Quarante-huit-heures-dans-la-vie-dAva-Gardner.jpg?zoom=2&amp;resize=150%2C150 300w, https:\/\/i0.wp.com\/www.jojoenherbe.com\/wp-content\/uploads\/2025\/01\/Ava-Quarante-huit-heures-dans-la-vie-dAva-Gardner.jpg?zoom=3&amp;resize=150%2C150 450w\" sizes=\"auto, (max-width: 150px) 100vw, 150px\" \/><\/a><em>Eva Gardner<\/em><\/span><em> dans <span style=\"text-decoration: underline; color: #0000ff;\">Ava, Quarante-huit heures dans la vie d\u2019Ava Gardner<\/span> d\u2019Emilio Ruiz et Ana Miralles (\u00e9d. Dargaud, octobre 2024, 112 pages), un roman graphique qui s&rsquo;inspire de la visite mouvement\u00e9e et \u00e9prouvante de l&rsquo;actrice \u00e0 Rio de Janeiro, pour la tourn\u00e9e de son dernier film, <span style=\"text-decoration: underline;\">La comtesse aux pieds nus<\/span>, en 1954.<\/em><\/li>\n<li style=\"text-align: justify;\"><em><span style=\"color: #0000ff;\"><a href=\"https:\/\/i0.wp.com\/www.jojoenherbe.com\/wp-content\/uploads\/2025\/01\/Poussiere-blonde.jpg\"><img data-recalc-dims=\"1\" loading=\"lazy\" decoding=\"async\" data-attachment-id=\"38020\" data-permalink=\"http:\/\/www.jojoenherbe.com\/index.php\/2025\/01\/15\/point-lecture-hebdomadaire-2025-2\/screenshot-124\/\" data-orig-file=\"https:\/\/i0.wp.com\/www.jojoenherbe.com\/wp-content\/uploads\/2025\/01\/Poussiere-blonde.jpg?fit=750%2C1165\" data-orig-size=\"750,1165\" data-comments-opened=\"1\" data-image-meta=\"{&quot;aperture&quot;:&quot;0&quot;,&quot;credit&quot;:&quot;&quot;,&quot;camera&quot;:&quot;&quot;,&quot;caption&quot;:&quot;Screenshot&quot;,&quot;created_timestamp&quot;:&quot;0&quot;,&quot;copyright&quot;:&quot;&quot;,&quot;focal_length&quot;:&quot;0&quot;,&quot;iso&quot;:&quot;0&quot;,&quot;shutter_speed&quot;:&quot;0&quot;,&quot;title&quot;:&quot;Screenshot&quot;,&quot;orientation&quot;:&quot;1&quot;}\" data-image-title=\"\" data-image-description=\"\" data-image-caption=\"\" data-large-file=\"https:\/\/i0.wp.com\/www.jojoenherbe.com\/wp-content\/uploads\/2025\/01\/Poussiere-blonde.jpg?fit=659%2C1024\" class=\"alignleft size-thumbnail wp-image-38020\" src=\"https:\/\/i0.wp.com\/www.jojoenherbe.com\/wp-content\/uploads\/2025\/01\/Poussiere-blonde.jpg?resize=150%2C150\" alt=\"\" width=\"150\" height=\"150\" srcset=\"https:\/\/i0.wp.com\/www.jojoenherbe.com\/wp-content\/uploads\/2025\/01\/Poussiere-blonde.jpg?resize=150%2C150 150w, https:\/\/i0.wp.com\/www.jojoenherbe.com\/wp-content\/uploads\/2025\/01\/Poussiere-blonde.jpg?zoom=2&amp;resize=150%2C150 300w, https:\/\/i0.wp.com\/www.jojoenherbe.com\/wp-content\/uploads\/2025\/01\/Poussiere-blonde.jpg?zoom=3&amp;resize=150%2C150 450w\" sizes=\"auto, (max-width: 150px) 100vw, 150px\" \/><\/a>Marilyn Monroe<\/span> dans <span style=\"text-decoration: underline; color: #0000ff;\"> Poussi\u00e8re blonde<\/span> de Tatiana de Rosnay (\u00e9d. Albin Michel, f\u00e9vrier 2024, 320 pages), un roman sur plusieurs d\u00e9cennies, par flashbacks de la vie de l&rsquo;h\u00e9ro\u00efne principale, Pauline Bazelet, m\u00e8re c\u00e9libataire de 20 ans et femme de chambre de la suite occup\u00e9e par l&rsquo;actrice en plein tournage du du film <span style=\"text-decoration: underline;\">Les D\u00e9sax\u00e9s<\/span>, pendant l&rsquo;\u00e9t\u00e9 1960 et dont la rencontre va chambouler sa vie en lui permettant de s&rsquo;\u00e9manciper et d&rsquo;accomplir son r\u00eave de devenir v\u00e9t\u00e9rinaire. <\/em><\/li>\n<\/ul>\n<p style=\"text-align: justify;\"><a href=\"https:\/\/i0.wp.com\/www.jojoenherbe.com\/wp-content\/uploads\/2024\/03\/Son-espionne-royale-T8.jpg\"><img data-recalc-dims=\"1\" loading=\"lazy\" decoding=\"async\" data-attachment-id=\"35070\" data-permalink=\"http:\/\/www.jojoenherbe.com\/?attachment_id=35070\" data-orig-file=\"https:\/\/i0.wp.com\/www.jojoenherbe.com\/wp-content\/uploads\/2024\/03\/Son-espionne-royale-T8.jpg?fit=750%2C1334\" data-orig-size=\"750,1334\" data-comments-opened=\"1\" data-image-meta=\"{&quot;aperture&quot;:&quot;0&quot;,&quot;credit&quot;:&quot;&quot;,&quot;camera&quot;:&quot;&quot;,&quot;caption&quot;:&quot;&quot;,&quot;created_timestamp&quot;:&quot;0&quot;,&quot;copyright&quot;:&quot;&quot;,&quot;focal_length&quot;:&quot;0&quot;,&quot;iso&quot;:&quot;0&quot;,&quot;shutter_speed&quot;:&quot;0&quot;,&quot;title&quot;:&quot;&quot;,&quot;orientation&quot;:&quot;1&quot;}\" data-image-title=\"Son espionne royale T8\" data-image-description=\"\" data-image-caption=\"\" data-large-file=\"https:\/\/i0.wp.com\/www.jojoenherbe.com\/wp-content\/uploads\/2024\/03\/Son-espionne-royale-T8.jpg?fit=576%2C1024\" class=\"size-thumbnail wp-image-35070 alignright\" src=\"https:\/\/i0.wp.com\/www.jojoenherbe.com\/wp-content\/uploads\/2024\/03\/Son-espionne-royale-T8.jpg?resize=150%2C150\" alt=\"\" width=\"150\" height=\"150\" srcset=\"https:\/\/i0.wp.com\/www.jojoenherbe.com\/wp-content\/uploads\/2024\/03\/Son-espionne-royale-T8.jpg?resize=150%2C150 150w, https:\/\/i0.wp.com\/www.jojoenherbe.com\/wp-content\/uploads\/2024\/03\/Son-espionne-royale-T8.jpg?zoom=2&amp;resize=150%2C150 300w, https:\/\/i0.wp.com\/www.jojoenherbe.com\/wp-content\/uploads\/2024\/03\/Son-espionne-royale-T8.jpg?zoom=3&amp;resize=150%2C150 450w\" sizes=\"auto, (max-width: 150px) 100vw, 150px\" \/><\/a><em>J&rsquo;ai aussi pens\u00e9 \u00e0 un autre personnage partie \u00e0 Reno, au Nevada pour divorcer de son \u00e9poux texan, <span class=\"parcial\"><span style=\"color: #0000ff;\">Claire Daniels<\/span>,<\/span> la m\u00e8re actrice de Lady Georgiana,\u00a0 dans le<span style=\"color: #0000ff;\"> tome 8<\/span> de <span style=\"text-decoration: underline;\">Son espionne royale<\/span>, <span style=\"text-decoration: underline; color: #0000ff;\">Son espionne royale et la reine des c\u0153urs<\/span> de Rhys Bowen (\u00e9d. Robert Laffont, novembre 2021, 396 pages), un cosy mystery se d\u00e9roulant en 1934, m\u00eame si j&rsquo;ai trouv\u00e9 que des 9 tomes lus, c&rsquo;\u00e9tait celui que j&rsquo;ai le moins appr\u00e9ci\u00e9.\u00a0<\/em><\/p>\n<p style=\"text-align: justify;\"><em><a href=\"https:\/\/i0.wp.com\/www.jojoenherbe.com\/wp-content\/uploads\/2023\/10\/Noel-au-refuge-des-amoureux-T3.jpg\"><img data-recalc-dims=\"1\" loading=\"lazy\" decoding=\"async\" data-attachment-id=\"32492\" data-permalink=\"http:\/\/www.jojoenherbe.com\/index.php\/2023\/10\/08\/notre-wishlist-dans-les-sorties-litteraires-doctobre-2023\/noel-au-refuge-des-amoureux-t3\/\" data-orig-file=\"https:\/\/i0.wp.com\/www.jojoenherbe.com\/wp-content\/uploads\/2023\/10\/Noel-au-refuge-des-amoureux-T3.jpg?fit=750%2C1334\" data-orig-size=\"750,1334\" data-comments-opened=\"1\" data-image-meta=\"{&quot;aperture&quot;:&quot;0&quot;,&quot;credit&quot;:&quot;&quot;,&quot;camera&quot;:&quot;&quot;,&quot;caption&quot;:&quot;&quot;,&quot;created_timestamp&quot;:&quot;0&quot;,&quot;copyright&quot;:&quot;&quot;,&quot;focal_length&quot;:&quot;0&quot;,&quot;iso&quot;:&quot;0&quot;,&quot;shutter_speed&quot;:&quot;0&quot;,&quot;title&quot;:&quot;&quot;,&quot;orientation&quot;:&quot;0&quot;}\" data-image-title=\"No\u00ebl au refuge des amoureux T3\" data-image-description=\"\" data-image-caption=\"\" data-large-file=\"https:\/\/i0.wp.com\/www.jojoenherbe.com\/wp-content\/uploads\/2023\/10\/Noel-au-refuge-des-amoureux-T3.jpg?fit=576%2C1024\" class=\"alignleft size-thumbnail wp-image-32492\" src=\"https:\/\/i0.wp.com\/www.jojoenherbe.com\/wp-content\/uploads\/2023\/10\/Noel-au-refuge-des-amoureux-T3.jpg?resize=150%2C150\" alt=\"\" width=\"150\" height=\"150\" srcset=\"https:\/\/i0.wp.com\/www.jojoenherbe.com\/wp-content\/uploads\/2023\/10\/Noel-au-refuge-des-amoureux-T3.jpg?resize=150%2C150 150w, https:\/\/i0.wp.com\/www.jojoenherbe.com\/wp-content\/uploads\/2023\/10\/Noel-au-refuge-des-amoureux-T3.jpg?zoom=2&amp;resize=150%2C150 300w, https:\/\/i0.wp.com\/www.jojoenherbe.com\/wp-content\/uploads\/2023\/10\/Noel-au-refuge-des-amoureux-T3.jpg?zoom=3&amp;resize=150%2C150 450w\" sizes=\"auto, (max-width: 150px) 100vw, 150px\" \/><\/a>Et un dernier roman avec cette fois un personnage masculin divorc\u00e9: <span style=\"color: #0000ff;\">Alex Hunter<\/span> dans le dernier tome de la trilogie <span style=\"text-decoration: underline; color: #0000ff;\">Puffin Island, No\u00ebl au refuge des amoureux<\/span> de Sarah Morgan (\u00e9d. HarperCollins, octobre 2023, 369 pages), une romance contemporaine de No\u00ebl.<\/em><\/p>\n<p style=\"text-align: justify;\"><em>Et vous, quel livre auriez-vous choisi pour cette th\u00e9matique? La semaine prochaine, le th\u00e8me sera: \u00ab Titre de 4 mots \u00bb.<\/em><\/p>\n\n\n<p><\/p>\n","protected":false},"excerpt":{"rendered":"<p>Ce jeudi 16 janvier 2025, je participe au Throwback Thursday Livresque, un rendez-vous livresque initialement chez Bettie Rose Books et repris depuis par Carole, les liens \u00e9tant \u00e0 d\u00e9poser chez My-Bo0ks. Le principe est de partager chaque jeudi un livre en fonction d\u2019un th\u00e8me donn\u00e9. Cette semaine, le th\u00e8me est \u00ab Personnage divorc\u00e9 \u00bb. Je [&hellip;]<\/p>\n","protected":false},"author":1,"featured_media":32593,"comment_status":"open","ping_status":"open","sticky":false,"template":"","format":"standard","meta":{"jetpack_post_was_ever_published":false,"_jetpack_newsletter_access":"","_jetpack_dont_email_post_to_subs":false,"_jetpack_newsletter_tier_id":0,"_jetpack_memberships_contains_paywalled_content":false,"_jetpack_memberships_contains_paid_content":false,"footnotes":""},"categories":[2140,363],"tags":[4441,1334,4449,4440,2274,2088,3236,1086,905,1994,4439,3868],"class_list":["post-38049","post","type-post","status-publish","format-standard","has-post-thumbnail","hentry","category-mini-blogueur","category-mini-lecteur","tag-ana-miralles","tag-cosy-mystery","tag-divorce","tag-emilio-ruiz","tag-rhys-bowen","tag-roman-graphique","tag-romance-contemporaine","tag-romance-de-noel","tag-romans-adulte","tag-sarah-morgan","tag-tatiana-de-rosnay","tag-throwback-thursday-livresque","post-preview"],"jetpack_featured_media_url":"https:\/\/i0.wp.com\/www.jojoenherbe.com\/wp-content\/uploads\/2023\/10\/TTL-logo.jpg?fit=540%2C174","jetpack_sharing_enabled":true,"jetpack_shortlink":"https:\/\/wp.me\/p9zhGx-9TH","jetpack_likes_enabled":true,"jetpack-related-posts":[{"id":39005,"url":"http:\/\/www.jojoenherbe.com\/index.php\/2025\/04\/17\/throwback-thursday-livresque-personnage-introverti\/","url_meta":{"origin":38049,"position":0},"title":"Throwback Thursday Livresque: Personnage introverti","author":"Jojo","date":"17 avril 2025","format":false,"excerpt":"Ce jeudi 17 avril 2025, je participe au Throwback Thursday Livresque, un rendez-vous livresque initialement chez Bettie Rose Books et repris depuis par Carole, les liens \u00e9tant \u00e0 d\u00e9poser chez My-Bo0ks. Le principe est de partager chaque jeudi un livre en fonction d\u2019un th\u00e8me donn\u00e9. Cette semaine, le th\u00e8me est\u2026","rel":"","context":"Dans &quot;Mini blogueur&quot;","block_context":{"text":"Mini blogueur","link":"http:\/\/www.jojoenherbe.com\/index.php\/category\/mini-blogueur\/"},"img":{"alt_text":"","src":"https:\/\/i0.wp.com\/www.jojoenherbe.com\/wp-content\/uploads\/2023\/10\/TTL-logo.jpg?resize=350%2C200","width":350,"height":200},"classes":[]},{"id":36177,"url":"http:\/\/www.jojoenherbe.com\/index.php\/2024\/05\/16\/au-fil-des-pagesthrowback-thursday-livresque-personnage-a-lunettes\/","url_meta":{"origin":38049,"position":1},"title":"Throwback Thursday Livresque: Personnage \u00e0 lunettes","author":"Jojo","date":"16 mai 2024","format":false,"excerpt":"Ce jeudi 16 mai 2024, je participe au Throwback Thursday Livresque, un rendez-vous livresque initialement chez Bettie Rose Books et repris depuis par Carole, les liens \u00e9tant \u00e0 d\u00e9poser chez My-Bo0ks. Le principe est de partager chaque jeudi un livre en fonction d\u2019un th\u00e8me donn\u00e9. Cette semaine, le th\u00e8me est\u2026","rel":"","context":"Dans &quot;Mini challenger&quot;","block_context":{"text":"Mini challenger","link":"http:\/\/www.jojoenherbe.com\/index.php\/category\/mini-challenger\/"},"img":{"alt_text":"","src":"https:\/\/i0.wp.com\/www.jojoenherbe.com\/wp-content\/uploads\/2023\/10\/TTL-logo.jpg?resize=350%2C200","width":350,"height":200},"classes":[]},{"id":35995,"url":"http:\/\/www.jojoenherbe.com\/index.php\/2024\/05\/02\/throwback-thursday-livresque\/","url_meta":{"origin":38049,"position":2},"title":"Throwback Thursday Livresque: Grumpy\/Sunshine","author":"Jojo","date":"2 mai 2024","format":false,"excerpt":"Ce jeudi 2 mai 2024, je participe au Throwback Thursday Livresque, un rendez-vous livresque initialement chez Bettie Rose Books et repris depuis par Carole, les liens \u00e9tant \u00e0 d\u00e9poser chez My-Bo0ks. Le principe est de partager chaque jeudi un livre en fonction d\u2019un th\u00e8me donn\u00e9. Cette semaine, le th\u00e8me est\u2026","rel":"","context":"Dans &quot;Mini lecteur&quot;","block_context":{"text":"Mini lecteur","link":"http:\/\/www.jojoenherbe.com\/index.php\/category\/mini-lecteur\/"},"img":{"alt_text":"","src":"https:\/\/i0.wp.com\/www.jojoenherbe.com\/wp-content\/uploads\/2023\/10\/TTL-logo.jpg?resize=350%2C200","width":350,"height":200},"classes":[]},{"id":41518,"url":"http:\/\/www.jojoenherbe.com\/index.php\/2025\/11\/27\/throwback-thursday-livresque-un-personnage-policier\/","url_meta":{"origin":38049,"position":3},"title":"Throwback Thursday Livresque: Un personnage policier","author":"Jojo","date":"27 novembre 2025","format":false,"excerpt":"Ce jeudi 27 novembre 2025, je participe au Throwback Thursday Livresque, un rendez-vous livresque initialement chez Bettie Rose Books et repris depuis par Carole, les liens \u00e9tant \u00e0 d\u00e9poser chez My-Bo0ks. Le principe est de partager chaque jeudi un livre \"ancien\" de notre biblioth\u00e8que en fonction d\u2019un th\u00e8me donn\u00e9. Cette\u2026","rel":"","context":"Dans &quot;Mini blogueur&quot;","block_context":{"text":"Mini blogueur","link":"http:\/\/www.jojoenherbe.com\/index.php\/category\/mini-blogueur\/"},"img":{"alt_text":"","src":"https:\/\/i0.wp.com\/www.jojoenherbe.com\/wp-content\/uploads\/2023\/10\/TTL-logo.jpg?resize=350%2C200","width":350,"height":200},"classes":[]},{"id":40983,"url":"http:\/\/www.jojoenherbe.com\/index.php\/2025\/10\/16\/throwback-thursday-livresque-un-ou-une-mage\/","url_meta":{"origin":38049,"position":4},"title":"Throwback Thursday Livresque: Un ou une mage","author":"Jojo","date":"16 octobre 2025","format":false,"excerpt":"Ce jeudi 16 octobre 2025, je participe au Throwback Thursday Livresque, un rendez-vous livresque initialement chez Bettie Rose Books et repris depuis par Carole, les liens \u00e9tant \u00e0 d\u00e9poser chez My-Bo0ks. Le principe est de partager chaque jeudi un livre en fonction d\u2019un th\u00e8me donn\u00e9. Cette semaine, le th\u00e8me est\u2026","rel":"","context":"Dans &quot;Mini blogueur&quot;","block_context":{"text":"Mini blogueur","link":"http:\/\/www.jojoenherbe.com\/index.php\/category\/mini-blogueur\/"},"img":{"alt_text":"","src":"https:\/\/i0.wp.com\/www.jojoenherbe.com\/wp-content\/uploads\/2023\/10\/TTL-logo.jpg?resize=350%2C200","width":350,"height":200},"classes":[]},{"id":38400,"url":"http:\/\/www.jojoenherbe.com\/index.php\/2025\/02\/20\/throwback-thursday-livresque-un-personnage-qui-a-un-secret\/","url_meta":{"origin":38049,"position":5},"title":"Throwback Thursday Livresque: Un personnage qui a un secret","author":"Jojo","date":"20 f\u00e9vrier 2025","format":false,"excerpt":"Ce jeudi 20 f\u00e9vrier 2025, je participe au Throwback Thursday Livresque, un rendez-vous livresque initialement chez Bettie Rose Books et repris depuis par Carole, les liens \u00e9tant \u00e0 d\u00e9poser chez My-Bo0ks. Le principe est de partager chaque jeudi un livre en fonction d\u2019un th\u00e8me donn\u00e9. Cette semaine, le th\u00e8me est\u2026","rel":"","context":"Dans &quot;Mini blogueur&quot;","block_context":{"text":"Mini blogueur","link":"http:\/\/www.jojoenherbe.com\/index.php\/category\/mini-blogueur\/"},"img":{"alt_text":"","src":"https:\/\/i0.wp.com\/www.jojoenherbe.com\/wp-content\/uploads\/2023\/10\/TTL-logo.jpg?resize=350%2C200","width":350,"height":200},"classes":[]}],"_links":{"self":[{"href":"http:\/\/www.jojoenherbe.com\/index.php\/wp-json\/wp\/v2\/posts\/38049","targetHints":{"allow":["GET"]}}],"collection":[{"href":"http:\/\/www.jojoenherbe.com\/index.php\/wp-json\/wp\/v2\/posts"}],"about":[{"href":"http:\/\/www.jojoenherbe.com\/index.php\/wp-json\/wp\/v2\/types\/post"}],"author":[{"embeddable":true,"href":"http:\/\/www.jojoenherbe.com\/index.php\/wp-json\/wp\/v2\/users\/1"}],"replies":[{"embeddable":true,"href":"http:\/\/www.jojoenherbe.com\/index.php\/wp-json\/wp\/v2\/comments?post=38049"}],"version-history":[{"count":3,"href":"http:\/\/www.jojoenherbe.com\/index.php\/wp-json\/wp\/v2\/posts\/38049\/revisions"}],"predecessor-version":[{"id":38052,"href":"http:\/\/www.jojoenherbe.com\/index.php\/wp-json\/wp\/v2\/posts\/38049\/revisions\/38052"}],"wp:featuredmedia":[{"embeddable":true,"href":"http:\/\/www.jojoenherbe.com\/index.php\/wp-json\/wp\/v2\/media\/32593"}],"wp:attachment":[{"href":"http:\/\/www.jojoenherbe.com\/index.php\/wp-json\/wp\/v2\/media?parent=38049"}],"wp:term":[{"taxonomy":"category","embeddable":true,"href":"http:\/\/www.jojoenherbe.com\/index.php\/wp-json\/wp\/v2\/categories?post=38049"},{"taxonomy":"post_tag","embeddable":true,"href":"http:\/\/www.jojoenherbe.com\/index.php\/wp-json\/wp\/v2\/tags?post=38049"}],"curies":[{"name":"wp","href":"https:\/\/api.w.org\/{rel}","templated":true}]}}