{"id":38017,"date":"2025-01-22T18:56:43","date_gmt":"2025-01-22T17:56:43","guid":{"rendered":"https:\/\/www.jojoenherbe.com\/?p=38017"},"modified":"2025-01-22T18:56:43","modified_gmt":"2025-01-22T17:56:43","slug":"au-fil-des-pages-avec-ava-quarante-huit-heures-dans-la-vie-dava-gardner","status":"publish","type":"post","link":"http:\/\/www.jojoenherbe.com\/index.php\/2025\/01\/22\/au-fil-des-pages-avec-ava-quarante-huit-heures-dans-la-vie-dava-gardner\/","title":{"rendered":"Au fil des pages avec Ava, Quarante-huit heures dans la vie d&rsquo;Ava Gardner"},"content":{"rendered":"<p style=\"text-align: justify;\"><em>J&rsquo;ai lu, en version num\u00e9rique via ma m\u00e9diath\u00e8que, <span style=\"text-decoration: underline;\">Ava, Quarante-huit heures dans la vie d&rsquo;Ava Gardner<\/span> d&rsquo;Emilio Ruiz et Ana Miralles (\u00e9d. Dargaud, octobre 2024, 112 pages), un roman graphique pour les ados\/adultes selon l&rsquo;\u00e9diteur. <\/em><\/p>\n<p style=\"text-align: justify;\"><em><a href=\"https:\/\/i0.wp.com\/www.jojoenherbe.com\/wp-content\/uploads\/2025\/01\/Ava-2.jpg\"><img data-recalc-dims=\"1\" loading=\"lazy\" decoding=\"async\" data-attachment-id=\"38143\" data-permalink=\"http:\/\/www.jojoenherbe.com\/index.php\/2025\/01\/22\/au-fil-des-pages-avec-ava-quarante-huit-heures-dans-la-vie-dava-gardner\/screenshot-130\/\" data-orig-file=\"https:\/\/i0.wp.com\/www.jojoenherbe.com\/wp-content\/uploads\/2025\/01\/Ava-2.jpg?fit=750%2C1045\" data-orig-size=\"750,1045\" data-comments-opened=\"1\" data-image-meta=\"{&quot;aperture&quot;:&quot;0&quot;,&quot;credit&quot;:&quot;&quot;,&quot;camera&quot;:&quot;&quot;,&quot;caption&quot;:&quot;Screenshot&quot;,&quot;created_timestamp&quot;:&quot;0&quot;,&quot;copyright&quot;:&quot;&quot;,&quot;focal_length&quot;:&quot;0&quot;,&quot;iso&quot;:&quot;0&quot;,&quot;shutter_speed&quot;:&quot;0&quot;,&quot;title&quot;:&quot;Screenshot&quot;,&quot;orientation&quot;:&quot;1&quot;}\" data-image-title=\"Screenshot\" data-image-description=\"\" data-image-caption=\"\" data-large-file=\"https:\/\/i0.wp.com\/www.jojoenherbe.com\/wp-content\/uploads\/2025\/01\/Ava-2.jpg?fit=676%2C942\" class=\"alignleft size-thumbnail wp-image-38143\" src=\"https:\/\/i0.wp.com\/www.jojoenherbe.com\/wp-content\/uploads\/2025\/01\/Ava-2.jpg?resize=150%2C150\" alt=\"\" width=\"150\" height=\"150\" srcset=\"https:\/\/i0.wp.com\/www.jojoenherbe.com\/wp-content\/uploads\/2025\/01\/Ava-2.jpg?resize=150%2C150 150w, https:\/\/i0.wp.com\/www.jojoenherbe.com\/wp-content\/uploads\/2025\/01\/Ava-2.jpg?zoom=2&amp;resize=150%2C150 300w, https:\/\/i0.wp.com\/www.jojoenherbe.com\/wp-content\/uploads\/2025\/01\/Ava-2.jpg?zoom=3&amp;resize=150%2C150 450w\" sizes=\"auto, (max-width: 150px) 100vw, 150px\" \/><\/a> <a href=\"https:\/\/i0.wp.com\/www.jojoenherbe.com\/wp-content\/uploads\/2025\/01\/Ava-3.jpg\"><img data-recalc-dims=\"1\" loading=\"lazy\" decoding=\"async\" data-attachment-id=\"38144\" data-permalink=\"http:\/\/www.jojoenherbe.com\/index.php\/2025\/01\/22\/au-fil-des-pages-avec-ava-quarante-huit-heures-dans-la-vie-dava-gardner\/screenshot-131\/\" data-orig-file=\"https:\/\/i0.wp.com\/www.jojoenherbe.com\/wp-content\/uploads\/2025\/01\/Ava-3.jpg?fit=750%2C1029\" data-orig-size=\"750,1029\" data-comments-opened=\"1\" data-image-meta=\"{&quot;aperture&quot;:&quot;0&quot;,&quot;credit&quot;:&quot;&quot;,&quot;camera&quot;:&quot;&quot;,&quot;caption&quot;:&quot;Screenshot&quot;,&quot;created_timestamp&quot;:&quot;0&quot;,&quot;copyright&quot;:&quot;&quot;,&quot;focal_length&quot;:&quot;0&quot;,&quot;iso&quot;:&quot;0&quot;,&quot;shutter_speed&quot;:&quot;0&quot;,&quot;title&quot;:&quot;Screenshot&quot;,&quot;orientation&quot;:&quot;1&quot;}\" data-image-title=\"\" data-image-description=\"\" data-image-caption=\"\" data-large-file=\"https:\/\/i0.wp.com\/www.jojoenherbe.com\/wp-content\/uploads\/2025\/01\/Ava-3.jpg?fit=676%2C928\" class=\"alignleft size-thumbnail wp-image-38144\" src=\"https:\/\/i0.wp.com\/www.jojoenherbe.com\/wp-content\/uploads\/2025\/01\/Ava-3.jpg?resize=150%2C150\" alt=\"\" width=\"150\" height=\"150\" srcset=\"https:\/\/i0.wp.com\/www.jojoenherbe.com\/wp-content\/uploads\/2025\/01\/Ava-3.jpg?resize=150%2C150 150w, https:\/\/i0.wp.com\/www.jojoenherbe.com\/wp-content\/uploads\/2025\/01\/Ava-3.jpg?zoom=2&amp;resize=150%2C150 300w, https:\/\/i0.wp.com\/www.jojoenherbe.com\/wp-content\/uploads\/2025\/01\/Ava-3.jpg?zoom=3&amp;resize=150%2C150 450w\" sizes=\"auto, (max-width: 150px) 100vw, 150px\" \/><\/a>Accompagn\u00e9e de son secr\u00e9taire David et de sa dame de compagnie Ren\u00e9, Ava Gardner se rend, \u00e0 Rio de Janeiro, pour la tourn\u00e9e de son dernier film, <span style=\"text-decoration: underline;\">La comtesse aux pieds nus<\/span>, en 1954. Mais rien ne se passe comme pr\u00e9vu. Dans un contexte politique instable, l&rsquo;actrice n&rsquo;est pas \u00e9pargn\u00e9e par la presse qui guette le moindre scandale et frasque de sa part. Elle re\u00e7oit un accueil \u00e9prouvant et \u00e9touffant, r\u00e9duite \u00e0 n&rsquo;\u00eatre qu&rsquo;un objet f\u00e9minin du d\u00e9sir des hommes et des manigances des producteurs du film, elle qui a d\u00e9j\u00e0 bien du mal \u00e0 se remettre de sa s\u00e9paration d&rsquo;avec son futur mari, Franck Sinatra et \u00e0 tenir \u00e0 l&rsquo;\u00e9cart Howard Hugues qui, malgr\u00e9 ses multiples refus, entend bien l&rsquo;\u00e9pouser. <\/em><\/p>\n<p style=\"text-align: justify;\"><em><a href=\"https:\/\/i0.wp.com\/www.jojoenherbe.com\/wp-content\/uploads\/2025\/01\/Ava-5.jpg\"><img data-recalc-dims=\"1\" loading=\"lazy\" decoding=\"async\" data-attachment-id=\"38146\" data-permalink=\"http:\/\/www.jojoenherbe.com\/index.php\/2025\/01\/22\/au-fil-des-pages-avec-ava-quarante-huit-heures-dans-la-vie-dava-gardner\/screenshot-133\/\" data-orig-file=\"https:\/\/i0.wp.com\/www.jojoenherbe.com\/wp-content\/uploads\/2025\/01\/Ava-5.jpg?fit=750%2C1007\" data-orig-size=\"750,1007\" data-comments-opened=\"1\" data-image-meta=\"{&quot;aperture&quot;:&quot;0&quot;,&quot;credit&quot;:&quot;&quot;,&quot;camera&quot;:&quot;&quot;,&quot;caption&quot;:&quot;Screenshot&quot;,&quot;created_timestamp&quot;:&quot;0&quot;,&quot;copyright&quot;:&quot;&quot;,&quot;focal_length&quot;:&quot;0&quot;,&quot;iso&quot;:&quot;0&quot;,&quot;shutter_speed&quot;:&quot;0&quot;,&quot;title&quot;:&quot;Screenshot&quot;,&quot;orientation&quot;:&quot;1&quot;}\" data-image-title=\"\" data-image-description=\"\" data-image-caption=\"\" data-large-file=\"https:\/\/i0.wp.com\/www.jojoenherbe.com\/wp-content\/uploads\/2025\/01\/Ava-5.jpg?fit=676%2C908\" class=\"size-thumbnail wp-image-38146 alignright\" src=\"https:\/\/i0.wp.com\/www.jojoenherbe.com\/wp-content\/uploads\/2025\/01\/Ava-5.jpg?resize=150%2C150\" alt=\"\" width=\"150\" height=\"150\" srcset=\"https:\/\/i0.wp.com\/www.jojoenherbe.com\/wp-content\/uploads\/2025\/01\/Ava-5.jpg?resize=150%2C150 150w, https:\/\/i0.wp.com\/www.jojoenherbe.com\/wp-content\/uploads\/2025\/01\/Ava-5.jpg?zoom=2&amp;resize=150%2C150 300w, https:\/\/i0.wp.com\/www.jojoenherbe.com\/wp-content\/uploads\/2025\/01\/Ava-5.jpg?zoom=3&amp;resize=150%2C150 450w\" sizes=\"auto, (max-width: 150px) 100vw, 150px\" \/><\/a> <a href=\"https:\/\/i0.wp.com\/www.jojoenherbe.com\/wp-content\/uploads\/2025\/01\/Ava-6.jpg\"><img data-recalc-dims=\"1\" loading=\"lazy\" decoding=\"async\" data-attachment-id=\"38147\" data-permalink=\"http:\/\/www.jojoenherbe.com\/index.php\/2025\/01\/22\/au-fil-des-pages-avec-ava-quarante-huit-heures-dans-la-vie-dava-gardner\/screenshot-134\/\" data-orig-file=\"https:\/\/i0.wp.com\/www.jojoenherbe.com\/wp-content\/uploads\/2025\/01\/Ava-6.jpg?fit=750%2C1032\" data-orig-size=\"750,1032\" data-comments-opened=\"1\" data-image-meta=\"{&quot;aperture&quot;:&quot;0&quot;,&quot;credit&quot;:&quot;&quot;,&quot;camera&quot;:&quot;&quot;,&quot;caption&quot;:&quot;Screenshot&quot;,&quot;created_timestamp&quot;:&quot;0&quot;,&quot;copyright&quot;:&quot;&quot;,&quot;focal_length&quot;:&quot;0&quot;,&quot;iso&quot;:&quot;0&quot;,&quot;shutter_speed&quot;:&quot;0&quot;,&quot;title&quot;:&quot;Screenshot&quot;,&quot;orientation&quot;:&quot;1&quot;}\" data-image-title=\"\" data-image-description=\"\" data-image-caption=\"\" data-large-file=\"https:\/\/i0.wp.com\/www.jojoenherbe.com\/wp-content\/uploads\/2025\/01\/Ava-6.jpg?fit=676%2C930\" class=\"size-thumbnail wp-image-38147 alignright\" src=\"https:\/\/i0.wp.com\/www.jojoenherbe.com\/wp-content\/uploads\/2025\/01\/Ava-6.jpg?resize=150%2C150\" alt=\"\" width=\"150\" height=\"150\" srcset=\"https:\/\/i0.wp.com\/www.jojoenherbe.com\/wp-content\/uploads\/2025\/01\/Ava-6.jpg?resize=150%2C150 150w, https:\/\/i0.wp.com\/www.jojoenherbe.com\/wp-content\/uploads\/2025\/01\/Ava-6.jpg?zoom=2&amp;resize=150%2C150 300w, https:\/\/i0.wp.com\/www.jojoenherbe.com\/wp-content\/uploads\/2025\/01\/Ava-6.jpg?zoom=3&amp;resize=150%2C150 450w\" sizes=\"auto, (max-width: 150px) 100vw, 150px\" \/><\/a>Qui se cache derri\u00e8re l&rsquo;image iconique d&rsquo;une belle femme fatale? Comment \u00eatre soi-m\u00eame et \u00eatre libre de sa vie, malgr\u00e9 la c\u00e9l\u00e9brit\u00e9? <\/em><em>S&rsquo;inspirant de la vie de l&rsquo;autrice, ce s\u00e9jour semble avoir \u00e9t\u00e9 un moment d\u00e9terminant dans la suite de sa carri\u00e8re et dans son choix de vie puisqu&rsquo;apr\u00e8s ce film, l&rsquo;autrice s&rsquo;\u00e9tait \u00e9loign\u00e9e des plateaux hollywoodiens et a v\u00e9cu quelques ann\u00e9es, en Espagne. J&rsquo;ai appr\u00e9ci\u00e9 le portrait tout en nuances de cette actrice de l&rsquo;\u00e2ge d&rsquo;or du cin\u00e9ma hollywoodien ainsi que les liens nou\u00e9s avec David et Ren\u00e9, de v\u00e9ritables amis sur lesquels elle peut compter. Elle se r\u00e9v\u00e8le, au fil des planches, forte et lucide, face \u00e0 ceux ne la r\u00e9duisant qu&rsquo;\u00e0 un beau corps, vuln\u00e9rable face aux humiliations, craquant parfois sous la pression des journalistes au point d&rsquo;\u00eatre vu comme capricieuse et violente mais \u00e9galement compatissante et bienveillante envers ses amis et de parfaits inconnus. \u00c9tait-elle finalement si sulfureuse qu&rsquo;en disait la presse de l&rsquo;\u00e9poque? Il y est ainsi question de la condition de la femme dans les ann\u00e9es 50, en particulier pour les femmes dans le milieu du cin\u00e9ma hollywoodien bien patriarcal. <\/em><\/p>\n<p style=\"text-align: justify;\"><em>J&rsquo;ai \u00e9galement bien appr\u00e9ci\u00e9 les illustrations d&rsquo;Ana Miralles, tant au niveau des personnages tr\u00e8s expressifs et r\u00e9alistes permettant de ressentir au mieux les \u00e9motions v\u00e9cues par l&rsquo;autrice, souvent avec un verre d&rsquo;alcool ou une cigarette \u00e0 la main, que des d\u00e9cors, que ce soit la vie des ann\u00e9es 50 ou des paysages sur la baie de Guanabara. Un tr\u00e8s bon moment de lecture!<\/em><\/p>\n<p style=\"text-align: justify;\"><em>Pour d&rsquo;autres avis sur ce roman graphique: <a href=\"https:\/\/deslivresdeslivres.wordpress.com\/2025\/01\/11\/ava-emilio-ruiz-ana-miralles\/\">Bianca<\/a>.<\/em><\/p>\n<div id=\"attachment_37823\" style=\"width: 109px\" class=\"wp-caption alignleft\"><img data-recalc-dims=\"1\" loading=\"lazy\" decoding=\"async\" aria-describedby=\"caption-attachment-37823\" data-attachment-id=\"37823\" data-permalink=\"http:\/\/www.jojoenherbe.com\/index.php\/2025\/01\/10\/mes-challenges-livresques-2025\/challenge-petit-bac-2025-denna-logo\/\" data-orig-file=\"https:\/\/i0.wp.com\/www.jojoenherbe.com\/wp-content\/uploads\/2024\/12\/Challenge-Petit-Bac-2025-dEnna-logo.jpg?fit=285%2C217\" data-orig-size=\"285,217\" data-comments-opened=\"1\" data-image-meta=\"{&quot;aperture&quot;:&quot;0&quot;,&quot;credit&quot;:&quot;&quot;,&quot;camera&quot;:&quot;&quot;,&quot;caption&quot;:&quot;&quot;,&quot;created_timestamp&quot;:&quot;1735738492&quot;,&quot;copyright&quot;:&quot;&quot;,&quot;focal_length&quot;:&quot;0&quot;,&quot;iso&quot;:&quot;0&quot;,&quot;shutter_speed&quot;:&quot;0&quot;,&quot;title&quot;:&quot;&quot;,&quot;orientation&quot;:&quot;0&quot;}\" data-image-title=\"Challenge Petit Bac 2025 d&amp;rsquo;Enna &amp;#8211; logo\" data-image-description=\"\" data-image-caption=\"\" data-large-file=\"https:\/\/i0.wp.com\/www.jojoenherbe.com\/wp-content\/uploads\/2024\/12\/Challenge-Petit-Bac-2025-dEnna-logo.jpg?fit=285%2C217\" class=\"wp-image-37823\" src=\"https:\/\/i0.wp.com\/www.jojoenherbe.com\/wp-content\/uploads\/2024\/12\/Challenge-Petit-Bac-2025-dEnna-logo.jpg?resize=99%2C75\" alt=\"\" width=\"99\" height=\"75\" \/><p id=\"caption-attachment-37823\" class=\"wp-caption-text\">Challenge Petit Bac d\u2019<em><a href=\"https:\/\/ennalit.wordpress.com\/2024\/12\/01\/challenge-petit-bac-2025-qui-veut-jouer\/\">Enna<\/a><\/em> #1 Cat\u00e9gorie Personnes c\u00e9l\u00e8bres: \u00ab Ava Gardner \u00bb<\/p><\/div>\n<div id=\"attachment_19954\" style=\"width: 111px\" class=\"wp-caption alignleft\"><img loading=\"lazy\" decoding=\"async\" aria-describedby=\"caption-attachment-19954\" class=\"wp-image-19954\" src=\"https:\/\/i0.wp.com\/mapetitemediatheque.fr\/wp-content\/uploads\/2021\/11\/Inkedle-tour-du-monde-en-80-livres-2_LI.jpg?resize=116%2C87&amp;ssl=1\" sizes=\"auto, (max-width: 500px) 100vw, 500px\" srcset=\"https:\/\/i0.wp.com\/mapetitemediatheque.fr\/wp-content\/uploads\/2021\/11\/Inkedle-tour-du-monde-en-80-livres-2_LI.jpg?resize=116%2C87&amp;ssl=1 500w, https:\/\/mapetitemediatheque.fr\/wp-content\/uploads\/2021\/11\/Inkedle-tour-du-monde-en-80-livres-2_LI-300x226.jpg 300w, https:\/\/mapetitemediatheque.fr\/wp-content\/uploads\/2021\/11\/Inkedle-tour-du-monde-en-80-livres-2_LI-120x90.jpg 120w\" alt=\"\" width=\"101\" height=\"76\" aria-describedby=\"caption-attachment-19954\" \/><p id=\"caption-attachment-19954\" class=\"wp-caption-text\">Participation #3 (Parcours illustr\u00e9) Challenge Le tour du monde en 80 livres 2025 de <a href=\"https:\/\/mapetitemediatheque.fr\/2025\/01\/le-tour-du-monde-en-80-livres-2025\/\">Bidib<\/a> #Espagne<\/p><\/div>\n<p>\u00a0<\/p>\n\n\n<p><\/p>\n","protected":false},"excerpt":{"rendered":"<p>J&rsquo;ai lu, en version num\u00e9rique via ma m\u00e9diath\u00e8que, Ava, Quarante-huit heures dans la vie d&rsquo;Ava Gardner d&rsquo;Emilio Ruiz et Ana Miralles (\u00e9d. Dargaud, octobre 2024, 112 pages), un roman graphique pour les ados\/adultes selon l&rsquo;\u00e9diteur. Accompagn\u00e9e de son secr\u00e9taire David et de sa dame de compagnie Ren\u00e9, Ava Gardner se rend, \u00e0 Rio de Janeiro, [&hellip;]<\/p>\n","protected":false},"author":1,"featured_media":38005,"comment_status":"open","ping_status":"open","sticky":false,"template":"","format":"standard","meta":{"jetpack_post_was_ever_published":false,"_jetpack_newsletter_access":"","_jetpack_dont_email_post_to_subs":false,"_jetpack_newsletter_tier_id":0,"_jetpack_memberships_contains_paywalled_content":false,"_jetpack_memberships_contains_paid_content":false,"footnotes":""},"categories":[363],"tags":[1347,4458,386,3833,4457,2087,2702,4460,4389,3317,4423,4446,1492,3249,4425,1085,2088,4459],"class_list":["post-38017","post","type-post","status-publish","format-standard","has-post-thumbnail","hentry","category-mini-lecteur","tag-18-ans-et-plus","tag-actrice","tag-amitie","tag-annees-50","tag-ava-gardner","tag-bd-adulte","tag-beaute","tag-biographie","tag-bresil","tag-celebrite","tag-challenge-petit-bac-2025","tag-cinema","tag-condition-de-la-femme","tag-hollywood","tag-le-tour-du-monde-en-80-livres-2025","tag-lecture-adulte","tag-roman-graphique","tag-tranches-de-vie","post-preview"],"jetpack_featured_media_url":"https:\/\/i0.wp.com\/www.jojoenherbe.com\/wp-content\/uploads\/2025\/01\/Ava-Quarante-huit-heures-dans-la-vie-dAva-Gardner.jpg?fit=748%2C1029","jetpack_sharing_enabled":true,"jetpack_shortlink":"https:\/\/wp.me\/p9zhGx-9Tb","jetpack_likes_enabled":true,"jetpack-related-posts":[{"id":38049,"url":"http:\/\/www.jojoenherbe.com\/index.php\/2025\/01\/16\/throwback-thursday-livresque-personnage-divorce\/","url_meta":{"origin":38017,"position":0},"title":"Throwback Thursday Livresque: Personnage divorc\u00e9","author":"Jojo","date":"16 janvier 2025","format":false,"excerpt":"Ce jeudi 16 janvier 2025, je participe au Throwback Thursday Livresque, un rendez-vous livresque initialement chez Bettie Rose Books et repris depuis par Carole, les liens \u00e9tant \u00e0 d\u00e9poser chez My-Bo0ks. Le principe est de partager chaque jeudi un livre en fonction d\u2019un th\u00e8me donn\u00e9. Cette semaine, le th\u00e8me est\u2026","rel":"","context":"Dans &quot;Mini blogueur&quot;","block_context":{"text":"Mini blogueur","link":"http:\/\/www.jojoenherbe.com\/index.php\/category\/mini-blogueur\/"},"img":{"alt_text":"","src":"https:\/\/i0.wp.com\/www.jojoenherbe.com\/wp-content\/uploads\/2023\/10\/TTL-logo.jpg?resize=350%2C200","width":350,"height":200},"classes":[]},{"id":38000,"url":"http:\/\/www.jojoenherbe.com\/index.php\/2025\/01\/15\/point-lecture-hebdomadaire-2025-2\/","url_meta":{"origin":38017,"position":1},"title":"Point lecture hebdomadaire 2025 #2","author":"Jojo","date":"15 janvier 2025","format":false,"excerpt":"En ce (presque) d\u00e9but de semaine, voici mon point lecture hebdomadaire avec un retour sur nos lectures (mais pas nos relectures) de la semaine derni\u00e8re. J'ai moins lu cette semaine car j'ai regard\u00e9 des s\u00e9ries dont Black Doves. Nos lectures du\u00a0 6 au 12 janvier 2025: Des lectures jeunesse: Mon\u2026","rel":"","context":"Dans &quot;Mini blogueur&quot;","block_context":{"text":"Mini blogueur","link":"http:\/\/www.jojoenherbe.com\/index.php\/category\/mini-blogueur\/"},"img":{"alt_text":"","src":"https:\/\/i0.wp.com\/www.jojoenherbe.com\/wp-content\/uploads\/2025\/01\/Point-lecture-hebdo-2025-2.jpg?fit=1200%2C960&resize=350%2C200","width":350,"height":200,"srcset":"https:\/\/i0.wp.com\/www.jojoenherbe.com\/wp-content\/uploads\/2025\/01\/Point-lecture-hebdo-2025-2.jpg?fit=1200%2C960&resize=350%2C200 1x, https:\/\/i0.wp.com\/www.jojoenherbe.com\/wp-content\/uploads\/2025\/01\/Point-lecture-hebdo-2025-2.jpg?fit=1200%2C960&resize=525%2C300 1.5x, https:\/\/i0.wp.com\/www.jojoenherbe.com\/wp-content\/uploads\/2025\/01\/Point-lecture-hebdo-2025-2.jpg?fit=1200%2C960&resize=700%2C400 2x, https:\/\/i0.wp.com\/www.jojoenherbe.com\/wp-content\/uploads\/2025\/01\/Point-lecture-hebdo-2025-2.jpg?fit=1200%2C960&resize=1050%2C600 3x"},"classes":[]},{"id":38810,"url":"http:\/\/www.jojoenherbe.com\/index.php\/2025\/03\/31\/billet-de-suivi-challenge-petit-bac-2025\/","url_meta":{"origin":38017,"position":2},"title":"Billet de suivi: Challenge Petit Bac 2025","author":"Jojo","date":"31 mars 2025","format":false,"excerpt":"Je participe pour la septi\u00e8me ann\u00e9e cons\u00e9cutive au Challenge Petit Bac d\u2019Enna, les cinq premi\u00e8res cat\u00e9gories restant identiques aux ann\u00e9es pr\u00e9c\u00e9dentes. Je vais actualiser ce billet au fur-et-\u00e0 mesure des lignes valid\u00e9es et faire un point sur mes participations au challenge. Pour le moment, j\u2019ai termin\u00e9 mes 4 premi\u00e8res lignes\u2026","rel":"","context":"Dans &quot;Mini challenger&quot;","block_context":{"text":"Mini challenger","link":"http:\/\/www.jojoenherbe.com\/index.php\/category\/mini-challenger\/"},"img":{"alt_text":"","src":"https:\/\/i0.wp.com\/www.jojoenherbe.com\/wp-content\/uploads\/2024\/12\/Challenge-Petit-Bac-2025-dEnna-logo.jpg?fit=285%2C217&resize=350%2C200","width":350,"height":200},"classes":[]},{"id":38036,"url":"http:\/\/www.jojoenherbe.com\/index.php\/2025\/03\/29\/au-fil-des-pages-avec-poussiere-blonde\/","url_meta":{"origin":38017,"position":3},"title":"Au fil des pages avec Poussi\u00e8re blonde","author":"Jojo","date":"29 mars 2025","format":false,"excerpt":"En janvier dernier, j\u2019ai lu Poussi\u00e8re blonde de Tatiana de Rosnay (\u00e9d. Albin Michel, f\u00e9vrier 2024, 320 pages), un roman qui faisait \u00e9cho \u00e0 ma pr\u00e9c\u00e9dente lecture sur Ava Gardner avec une autre ic\u00f4ne de l\u2019\u00e2ge d\u2019or du cin\u00e9ma hollywoodien, Marilyn Monroe. En janvier 2020, Pauline Bazelet assiste \u00e0 la\u2026","rel":"","context":"Dans &quot;Mini lecteur&quot;","block_context":{"text":"Mini lecteur","link":"http:\/\/www.jojoenherbe.com\/index.php\/category\/mini-lecteur\/"},"img":{"alt_text":"","src":"https:\/\/i0.wp.com\/www.jojoenherbe.com\/wp-content\/uploads\/2025\/01\/Poussiere-blonde.jpg?fit=750%2C1165&resize=350%2C200","width":350,"height":200,"srcset":"https:\/\/i0.wp.com\/www.jojoenherbe.com\/wp-content\/uploads\/2025\/01\/Poussiere-blonde.jpg?fit=750%2C1165&resize=350%2C200 1x, https:\/\/i0.wp.com\/www.jojoenherbe.com\/wp-content\/uploads\/2025\/01\/Poussiere-blonde.jpg?fit=750%2C1165&resize=525%2C300 1.5x, https:\/\/i0.wp.com\/www.jojoenherbe.com\/wp-content\/uploads\/2025\/01\/Poussiere-blonde.jpg?fit=750%2C1165&resize=700%2C400 2x"},"classes":[]},{"id":36393,"url":"http:\/\/www.jojoenherbe.com\/index.php\/2024\/06\/12\/au-fil-des-pages-avec-frost-et-nectar\/","url_meta":{"origin":38017,"position":4},"title":"Au fil des pages avec Frost et Nectar","author":"Jojo","date":"12 juin 2024","format":false,"excerpt":"J'ai lu, en e-book, en mars dernier, la duologie Frost et Nectar de C.N. Crawford (pseudonyme d'un duo: Christine et Nick), attir\u00e9e par le r\u00e9sum\u00e9 et les jolies illustrations de couverture. Il s'agit d'une romantasy young adult \u00e0 partir de 15\/16 ans et se d\u00e9roulant en Fa\u00e9rie, les humains connaissant\u2026","rel":"","context":"Dans &quot;Mini lecteur&quot;","block_context":{"text":"Mini lecteur","link":"http:\/\/www.jojoenherbe.com\/index.php\/category\/mini-lecteur\/"},"img":{"alt_text":"","src":"https:\/\/i0.wp.com\/www.jojoenherbe.com\/wp-content\/uploads\/2024\/06\/Frost-et-Nectar.jpg?fit=1080%2C928&resize=350%2C200","width":350,"height":200,"srcset":"https:\/\/i0.wp.com\/www.jojoenherbe.com\/wp-content\/uploads\/2024\/06\/Frost-et-Nectar.jpg?fit=1080%2C928&resize=350%2C200 1x, https:\/\/i0.wp.com\/www.jojoenherbe.com\/wp-content\/uploads\/2024\/06\/Frost-et-Nectar.jpg?fit=1080%2C928&resize=525%2C300 1.5x, https:\/\/i0.wp.com\/www.jojoenherbe.com\/wp-content\/uploads\/2024\/06\/Frost-et-Nectar.jpg?fit=1080%2C928&resize=700%2C400 2x, https:\/\/i0.wp.com\/www.jojoenherbe.com\/wp-content\/uploads\/2024\/06\/Frost-et-Nectar.jpg?fit=1080%2C928&resize=1050%2C600 3x"},"classes":[]},{"id":39296,"url":"http:\/\/www.jojoenherbe.com\/index.php\/2025\/05\/07\/au-fil-des-pages-avec-la-vie-dadulte\/","url_meta":{"origin":38017,"position":5},"title":"Au fil des pages avec La vie d&rsquo;adulte","author":"Jojo","date":"7 mai 2025","format":false,"excerpt":"Pour une lecture commune propos\u00e9e par Eimelle dans le cadre du Mois Italien 2025, j'ai lu La vie d'adulte de Sophie Adriansen, Eloisa Scichilone et Mauro Gandini (\u00e9d. First Editions, coll. La vie en bulles, octobre 2022, 216 pages), un roman graphique qui me tentait depuis un moment et qui\u2026","rel":"","context":"Dans &quot;Mini lecteur&quot;","block_context":{"text":"Mini lecteur","link":"http:\/\/www.jojoenherbe.com\/index.php\/category\/mini-lecteur\/"},"img":{"alt_text":"","src":"https:\/\/i0.wp.com\/www.jojoenherbe.com\/wp-content\/uploads\/2025\/05\/La-vie-dadulte-scaled.jpg?fit=1200%2C993&resize=350%2C200","width":350,"height":200,"srcset":"https:\/\/i0.wp.com\/www.jojoenherbe.com\/wp-content\/uploads\/2025\/05\/La-vie-dadulte-scaled.jpg?fit=1200%2C993&resize=350%2C200 1x, https:\/\/i0.wp.com\/www.jojoenherbe.com\/wp-content\/uploads\/2025\/05\/La-vie-dadulte-scaled.jpg?fit=1200%2C993&resize=525%2C300 1.5x, https:\/\/i0.wp.com\/www.jojoenherbe.com\/wp-content\/uploads\/2025\/05\/La-vie-dadulte-scaled.jpg?fit=1200%2C993&resize=700%2C400 2x, https:\/\/i0.wp.com\/www.jojoenherbe.com\/wp-content\/uploads\/2025\/05\/La-vie-dadulte-scaled.jpg?fit=1200%2C993&resize=1050%2C600 3x"},"classes":[]}],"_links":{"self":[{"href":"http:\/\/www.jojoenherbe.com\/index.php\/wp-json\/wp\/v2\/posts\/38017","targetHints":{"allow":["GET"]}}],"collection":[{"href":"http:\/\/www.jojoenherbe.com\/index.php\/wp-json\/wp\/v2\/posts"}],"about":[{"href":"http:\/\/www.jojoenherbe.com\/index.php\/wp-json\/wp\/v2\/types\/post"}],"author":[{"embeddable":true,"href":"http:\/\/www.jojoenherbe.com\/index.php\/wp-json\/wp\/v2\/users\/1"}],"replies":[{"embeddable":true,"href":"http:\/\/www.jojoenherbe.com\/index.php\/wp-json\/wp\/v2\/comments?post=38017"}],"version-history":[{"count":5,"href":"http:\/\/www.jojoenherbe.com\/index.php\/wp-json\/wp\/v2\/posts\/38017\/revisions"}],"predecessor-version":[{"id":38243,"href":"http:\/\/www.jojoenherbe.com\/index.php\/wp-json\/wp\/v2\/posts\/38017\/revisions\/38243"}],"wp:featuredmedia":[{"embeddable":true,"href":"http:\/\/www.jojoenherbe.com\/index.php\/wp-json\/wp\/v2\/media\/38005"}],"wp:attachment":[{"href":"http:\/\/www.jojoenherbe.com\/index.php\/wp-json\/wp\/v2\/media?parent=38017"}],"wp:term":[{"taxonomy":"category","embeddable":true,"href":"http:\/\/www.jojoenherbe.com\/index.php\/wp-json\/wp\/v2\/categories?post=38017"},{"taxonomy":"post_tag","embeddable":true,"href":"http:\/\/www.jojoenherbe.com\/index.php\/wp-json\/wp\/v2\/tags?post=38017"}],"curies":[{"name":"wp","href":"https:\/\/api.w.org\/{rel}","templated":true}]}}