{"id":38000,"date":"2025-01-15T18:17:13","date_gmt":"2025-01-15T17:17:13","guid":{"rendered":"https:\/\/www.jojoenherbe.com\/?p=38000"},"modified":"2025-02-23T11:15:31","modified_gmt":"2025-02-23T10:15:31","slug":"point-lecture-hebdomadaire-2025-2","status":"publish","type":"post","link":"http:\/\/www.jojoenherbe.com\/index.php\/2025\/01\/15\/point-lecture-hebdomadaire-2025-2\/","title":{"rendered":"Point lecture hebdomadaire 2025 #2"},"content":{"rendered":"<p style=\"text-align: justify;\"><em>En ce (presque) d\u00e9but de semaine, voici mon point lecture hebdomadaire avec un retour sur nos lectures (mais pas nos relectures) de la semaine derni\u00e8re. J&rsquo;ai moins lu cette semaine car j&rsquo;ai regard\u00e9 des s\u00e9ries dont <span style=\"text-decoration: underline;\">Black Doves<\/span>. <br \/><\/em><\/p>\n<p><strong><span style=\"text-decoration: underline;\">Nos lectures du\u00a0 6 au 12 janvier 2025<\/span>:<\/strong><\/p>\n<p><em><span style=\"text-decoration: underline;\">Des lectures jeunesse<\/span>:<\/em><\/p>\n<p style=\"text-align: justify;\"><em><a href=\"https:\/\/i0.wp.com\/www.jojoenherbe.com\/wp-content\/uploads\/2025\/01\/Le-chat-de-lempereur-de-Chine.jpg\"><img data-recalc-dims=\"1\" loading=\"lazy\" decoding=\"async\" data-attachment-id=\"38001\" data-permalink=\"http:\/\/www.jojoenherbe.com\/index.php\/2025\/01\/15\/point-lecture-hebdomadaire-2025-2\/le-chat-de-lempereur-de-chine\/\" data-orig-file=\"https:\/\/i0.wp.com\/www.jojoenherbe.com\/wp-content\/uploads\/2025\/01\/Le-chat-de-lempereur-de-Chine.jpg?fit=560%2C794\" data-orig-size=\"560,794\" data-comments-opened=\"1\" data-image-meta=\"{&quot;aperture&quot;:&quot;0&quot;,&quot;credit&quot;:&quot;&quot;,&quot;camera&quot;:&quot;&quot;,&quot;caption&quot;:&quot;&quot;,&quot;created_timestamp&quot;:&quot;0&quot;,&quot;copyright&quot;:&quot;&quot;,&quot;focal_length&quot;:&quot;0&quot;,&quot;iso&quot;:&quot;0&quot;,&quot;shutter_speed&quot;:&quot;0&quot;,&quot;title&quot;:&quot;&quot;,&quot;orientation&quot;:&quot;0&quot;}\" data-image-title=\"Le chat de l&amp;#8217;empereur de Chine\" data-image-description=\"\" data-image-caption=\"\" data-large-file=\"https:\/\/i0.wp.com\/www.jojoenherbe.com\/wp-content\/uploads\/2025\/01\/Le-chat-de-lempereur-de-Chine.jpg?fit=560%2C794\" class=\"alignleft size-thumbnail wp-image-38001\" src=\"https:\/\/i0.wp.com\/www.jojoenherbe.com\/wp-content\/uploads\/2025\/01\/Le-chat-de-lempereur-de-Chine.jpg?resize=150%2C150\" alt=\"\" width=\"150\" height=\"150\" srcset=\"https:\/\/i0.wp.com\/www.jojoenherbe.com\/wp-content\/uploads\/2025\/01\/Le-chat-de-lempereur-de-Chine.jpg?resize=150%2C150 150w, https:\/\/i0.wp.com\/www.jojoenherbe.com\/wp-content\/uploads\/2025\/01\/Le-chat-de-lempereur-de-Chine.jpg?zoom=2&amp;resize=150%2C150 300w, https:\/\/i0.wp.com\/www.jojoenherbe.com\/wp-content\/uploads\/2025\/01\/Le-chat-de-lempereur-de-Chine.jpg?zoom=3&amp;resize=150%2C150 450w\" sizes=\"auto, (max-width: 150px) 100vw, 150px\" \/><\/a>Mon mini lutin a lu tous les jours, surtout le soir avant d&rsquo;aller dormir mais que des livres d\u00e9j\u00e0 lus, comme des tomes de <span style=\"text-decoration: underline;\">Mortelle Ad\u00e8le<\/span>. La seule nouveaut\u00e9, dans le cadre scolaire, les premiers chapitres du <span style=\"text-decoration: underline;\">Chat de l&#8217;empereur de Chine<\/span> d\u2019\u00c9velyne Brisou-Pellen et Marie Sp\u00e9nale (\u00e9d. Milan, coll. Cadet, juillet 2019, 80 pages), un roman jeunesse \u00e0 partir de 8 ans. Quin a accept\u00e9 un travail qui s&rsquo;av\u00e8re plus dangereux que pr\u00e9vu. Les gardes de l&rsquo;Empereur sont \u00e0 ses trousses et dans un des sacs de riz qu&rsquo;il transporte, il d\u00e9couvre un myst\u00e9rieux chat.<br \/><\/em><\/p>\n<p><em><span style=\"text-decoration: underline;\">Des lectures adulte<\/span>:<\/em><\/p>\n<ul>\n<li style=\"text-align: justify;\"><em>(Romance cosy mystery historique) <strong><span style=\"text-decoration: underline;\">Les aventures d&rsquo;une lady, Une enqu\u00eate sous la neige d\u2019\u00c9cosse<\/span><\/strong> de Laurence Lopez Hodiesne<\/em><\/li>\n<\/ul>\n<p style=\"text-align: justify;\"><em><a href=\"https:\/\/i0.wp.com\/www.jojoenherbe.com\/wp-content\/uploads\/2025\/01\/Une-enquete-sous-la-neige-dEcosse.jpg\"><img data-recalc-dims=\"1\" loading=\"lazy\" decoding=\"async\" data-attachment-id=\"38003\" data-permalink=\"http:\/\/www.jojoenherbe.com\/index.php\/2025\/01\/15\/point-lecture-hebdomadaire-2025-2\/screenshot-122\/\" data-orig-file=\"https:\/\/i0.wp.com\/www.jojoenherbe.com\/wp-content\/uploads\/2025\/01\/Une-enquete-sous-la-neige-dEcosse.jpg?fit=749%2C1237\" data-orig-size=\"749,1237\" data-comments-opened=\"1\" data-image-meta=\"{&quot;aperture&quot;:&quot;0&quot;,&quot;credit&quot;:&quot;&quot;,&quot;camera&quot;:&quot;&quot;,&quot;caption&quot;:&quot;Screenshot&quot;,&quot;created_timestamp&quot;:&quot;0&quot;,&quot;copyright&quot;:&quot;&quot;,&quot;focal_length&quot;:&quot;0&quot;,&quot;iso&quot;:&quot;0&quot;,&quot;shutter_speed&quot;:&quot;0&quot;,&quot;title&quot;:&quot;Screenshot&quot;,&quot;orientation&quot;:&quot;1&quot;}\" data-image-title=\"\" data-image-description=\"\" data-image-caption=\"\" data-large-file=\"https:\/\/i0.wp.com\/www.jojoenherbe.com\/wp-content\/uploads\/2025\/01\/Une-enquete-sous-la-neige-dEcosse.jpg?fit=620%2C1024\" class=\"size-thumbnail wp-image-38003 alignright\" src=\"https:\/\/i0.wp.com\/www.jojoenherbe.com\/wp-content\/uploads\/2025\/01\/Une-enquete-sous-la-neige-dEcosse.jpg?resize=150%2C150\" alt=\"\" width=\"150\" height=\"150\" srcset=\"https:\/\/i0.wp.com\/www.jojoenherbe.com\/wp-content\/uploads\/2025\/01\/Une-enquete-sous-la-neige-dEcosse.jpg?resize=150%2C150 150w, https:\/\/i0.wp.com\/www.jojoenherbe.com\/wp-content\/uploads\/2025\/01\/Une-enquete-sous-la-neige-dEcosse.jpg?zoom=2&amp;resize=150%2C150 300w, https:\/\/i0.wp.com\/www.jojoenherbe.com\/wp-content\/uploads\/2025\/01\/Une-enquete-sous-la-neige-dEcosse.jpg?zoom=3&amp;resize=150%2C150 450w\" sizes=\"auto, (max-width: 150px) 100vw, 150px\" \/><\/a>J&rsquo;ai lu en e-book, le premier tome (je suppose) des <span style=\"text-decoration: underline;\">Aventures d&rsquo;une lady, Une enqu\u00eate sous la neige d\u2019\u00c9cosse<\/span> de Laurence Lopez Hodiesne (\u00e9d. Auto\u00e9dition, d\u00e9cembre 2024, 220 pages), se d\u00e9roulant \u00e0 \u00c9dimbourg, \u00e0 quelques jours de No\u00ebl. LAccompagn\u00e9e de sa m\u00e8re, la vicomtesse de Mely, lady Fiona MacDonald est une jeune femme de 23 ans qui ne souhaite pas se marier, malgr\u00e9 les manigances de sa m\u00e8re, la vicomtesse de Mely. Bien \u00e0 contrec\u0153ur, elle se rend chez son dernier pr\u00e9tendant en date: le baron Graham Douglas. Mais celui a disparu, sa redingote pleine de sang ayant \u00e9t\u00e9 retrouv\u00e9e dans son bureau par sa gouvernante. A-t-il \u00e9t\u00e9 enlev\u00e9 ou m\u00eame \u00e9t\u00e9 tu\u00e9? Mais qui a pu commettre un tel acte? Et pour quelles raisons? Lady Fiona est bien d\u00e9cid\u00e9e \u00e0 enqu\u00eater aux c\u00f4t\u00e9s de l&rsquo;inspecteur Liam Campbell, \u00e2g\u00e9 de 30 ans, tout comme les m\u00e8res respectives des deux jeunes gens. Contre toute attente, Eilidh MacDonald la vicomtesse se m\u00eale \u00e9galement \u00e0 l&rsquo;enqu\u00eate et se lit d&rsquo;amiti\u00e9 avec la m\u00e8re de l&rsquo;inspecteur, Morag Campbell, une veuve d&rsquo;un riche marchand.\u00a0 Une lecture plaisante avec cette enqu\u00eate rigolote et dans laquelle l&rsquo;inspecteur Campbell se retrouve bien en peine face aux trois femmes qui n&rsquo;ont pas dit leur dernier mot pour d\u00e9busquer avant lui le coupable, autour d&rsquo;une bonne tasse de th\u00e9! Si une enqu\u00eate \u00e9tait publi\u00e9e, je la lirai volontiers, l&rsquo;enqu\u00eate ayant \u00e9t\u00e9 tr\u00e8s divertissante bien que rocambolesque et les personnages f\u00e9minins bien trop modernes pour l&rsquo;\u00e9poque!<\/em><\/p>\n<ul>\n<li><em>(BD adulte) <strong><span style=\"text-decoration: underline;\">L&rsquo;Ang\u00e9lus<\/span><\/strong> de Frank Giroud et Homs <\/em><\/li>\n<\/ul>\n<p style=\"text-align: justify;\"><em><a href=\"https:\/\/i0.wp.com\/www.jojoenherbe.com\/wp-content\/uploads\/2025\/01\/LAngelus.jpg\"><img data-recalc-dims=\"1\" loading=\"lazy\" decoding=\"async\" data-attachment-id=\"38023\" data-permalink=\"http:\/\/www.jojoenherbe.com\/index.php\/2025\/01\/15\/point-lecture-hebdomadaire-2025-2\/screenshot-125\/\" data-orig-file=\"https:\/\/i0.wp.com\/www.jojoenherbe.com\/wp-content\/uploads\/2025\/01\/LAngelus.jpg?fit=749%2C1034\" data-orig-size=\"749,1034\" data-comments-opened=\"1\" data-image-meta=\"{&quot;aperture&quot;:&quot;0&quot;,&quot;credit&quot;:&quot;&quot;,&quot;camera&quot;:&quot;&quot;,&quot;caption&quot;:&quot;Screenshot&quot;,&quot;created_timestamp&quot;:&quot;0&quot;,&quot;copyright&quot;:&quot;&quot;,&quot;focal_length&quot;:&quot;0&quot;,&quot;iso&quot;:&quot;0&quot;,&quot;shutter_speed&quot;:&quot;0&quot;,&quot;title&quot;:&quot;Screenshot&quot;,&quot;orientation&quot;:&quot;1&quot;}\" data-image-title=\"\" data-image-description=\"\" data-image-caption=\"\" data-large-file=\"https:\/\/i0.wp.com\/www.jojoenherbe.com\/wp-content\/uploads\/2025\/01\/LAngelus.jpg?fit=676%2C933\" class=\"alignleft size-thumbnail wp-image-38023\" src=\"https:\/\/i0.wp.com\/www.jojoenherbe.com\/wp-content\/uploads\/2025\/01\/LAngelus.jpg?resize=150%2C150\" alt=\"\" width=\"150\" height=\"150\" srcset=\"https:\/\/i0.wp.com\/www.jojoenherbe.com\/wp-content\/uploads\/2025\/01\/LAngelus.jpg?resize=150%2C150 150w, https:\/\/i0.wp.com\/www.jojoenherbe.com\/wp-content\/uploads\/2025\/01\/LAngelus.jpg?zoom=2&amp;resize=150%2C150 300w, https:\/\/i0.wp.com\/www.jojoenherbe.com\/wp-content\/uploads\/2025\/01\/LAngelus.jpg?zoom=3&amp;resize=150%2C150 450w\" sizes=\"auto, (max-width: 150px) 100vw, 150px\" \/><\/a>J&rsquo;ai lu, en version num\u00e9rique via ma m\u00e9diath\u00e8que, l&rsquo;int\u00e9grale en deux tomes de <span style=\"text-decoration: underline;\">L&rsquo;Ang\u00e9lus<\/span> de Frank Giroud et Homs (\u00e9d. Dupuis, ao\u00fbt 2020, 120 pages), \u00e0 partir de 15 ans selon l&rsquo;\u00e9diteur. Ne s&rsquo;int\u00e9ressant pourtant pas aux \u0153uvres artistiques, Clovis Chaumel se retrouve pourtant \u00e9branl\u00e9 lorsqu&rsquo;il se retrouve devant le tableau l&rsquo;Ang\u00e9lus de Millet, au Mus\u00e9e d&rsquo;Orsay. Face \u00e0 l&rsquo;incompr\u00e9hension de ses proches, ce quadrag\u00e9naire met \u00e0 mal son \u00e9quilibre familial en tentant de r\u00e9soudre le secret que cacherait cette toile et ce qu&rsquo;elle a fait ressurgir de son pass\u00e9, tout comme les diff\u00e9rentes versions par Salvador Dali de ce tableau. Sa qu\u00eate vire \u00e0 l&rsquo;obsession. Quel secret de famille se cache-t-il derri\u00e8re tout cela? Il y est ainsi question de qu\u00eate d&rsquo;identit\u00e9, de secrets de famille, d&rsquo;adult\u00e8re, de maladie&#8230; Graphiquement, j&rsquo;ai eu du mal avec les personnages, en particulier l&rsquo;aspect sexy d\u2019\u00c9velyne Arnaud, la jeune prof de dessin du fils a\u00een\u00e9 coll\u00e9gien de Clovis et m\u00eame si les personnages sont tr\u00e8s expressifs et que la m\u00e9tamorphose de Clovis est \u00e9galement physique. Mais j&rsquo;ai appr\u00e9ci\u00e9 la premi\u00e8re partie de la qu\u00eate d&rsquo;identit\u00e9 de ce p\u00e8re de famille sans histoires et dont la d\u00e9couverte d&rsquo;un tableau va chambouler sa routine quotidienne et sa propre histoire familiale. J&rsquo;ai trouv\u00e9 que la seconde partie encha\u00eene un peu trop vite les r\u00e9v\u00e9lations peu cr\u00e9dibles \u00e0 mon go\u00fbt (comme si \u00e0 45 ans, Clovis n&rsquo;avait jamais d\u00fb faire refaire sa carte d&rsquo;identit\u00e9 et fournir les actes de naissance de ses parents par exemple), laissant derri\u00e8re elle la question de l&rsquo;Ang\u00e9lus. <\/em><\/p>\n<ul>\n<li style=\"text-align: justify;\"><em>(BD ado-adulte\/Roman graphique) <strong><span style=\"text-decoration: underline;\">Ava, Quarante-huit heures dans la vie d&rsquo;Ava Gardner<\/span><\/strong> d&rsquo;Emilio Ruiz et Ana Miralles<\/em><\/li>\n<\/ul>\n<p style=\"text-align: justify;\"><a href=\"https:\/\/i0.wp.com\/www.jojoenherbe.com\/wp-content\/uploads\/2025\/01\/Ava-Quarante-huit-heures-dans-la-vie-dAva-Gardner.jpg\"><img data-recalc-dims=\"1\" loading=\"lazy\" decoding=\"async\" data-attachment-id=\"38005\" data-permalink=\"http:\/\/www.jojoenherbe.com\/index.php\/2025\/01\/15\/point-lecture-hebdomadaire-2025-2\/screenshot-123\/\" data-orig-file=\"https:\/\/i0.wp.com\/www.jojoenherbe.com\/wp-content\/uploads\/2025\/01\/Ava-Quarante-huit-heures-dans-la-vie-dAva-Gardner.jpg?fit=748%2C1029\" data-orig-size=\"748,1029\" data-comments-opened=\"1\" data-image-meta=\"{&quot;aperture&quot;:&quot;0&quot;,&quot;credit&quot;:&quot;&quot;,&quot;camera&quot;:&quot;&quot;,&quot;caption&quot;:&quot;Screenshot&quot;,&quot;created_timestamp&quot;:&quot;0&quot;,&quot;copyright&quot;:&quot;&quot;,&quot;focal_length&quot;:&quot;0&quot;,&quot;iso&quot;:&quot;0&quot;,&quot;shutter_speed&quot;:&quot;0&quot;,&quot;title&quot;:&quot;Screenshot&quot;,&quot;orientation&quot;:&quot;1&quot;}\" data-image-title=\"\" data-image-description=\"\" data-image-caption=\"\" data-large-file=\"https:\/\/i0.wp.com\/www.jojoenherbe.com\/wp-content\/uploads\/2025\/01\/Ava-Quarante-huit-heures-dans-la-vie-dAva-Gardner.jpg?fit=676%2C930\" class=\"size-thumbnail wp-image-38005 alignright\" src=\"https:\/\/i0.wp.com\/www.jojoenherbe.com\/wp-content\/uploads\/2025\/01\/Ava-Quarante-huit-heures-dans-la-vie-dAva-Gardner.jpg?resize=150%2C150\" alt=\"\" width=\"150\" height=\"150\" srcset=\"https:\/\/i0.wp.com\/www.jojoenherbe.com\/wp-content\/uploads\/2025\/01\/Ava-Quarante-huit-heures-dans-la-vie-dAva-Gardner.jpg?resize=150%2C150 150w, https:\/\/i0.wp.com\/www.jojoenherbe.com\/wp-content\/uploads\/2025\/01\/Ava-Quarante-huit-heures-dans-la-vie-dAva-Gardner.jpg?zoom=2&amp;resize=150%2C150 300w, https:\/\/i0.wp.com\/www.jojoenherbe.com\/wp-content\/uploads\/2025\/01\/Ava-Quarante-huit-heures-dans-la-vie-dAva-Gardner.jpg?zoom=3&amp;resize=150%2C150 450w\" sizes=\"auto, (max-width: 150px) 100vw, 150px\" \/><\/a><em>J&rsquo;ai lu, en version num\u00e9rique via ma m\u00e9diath\u00e8que, <span style=\"text-decoration: underline;\">Ava, Quarante-huit heures dans la vie d&rsquo;Ava Gardner<\/span> d&rsquo;Emilio Ruiz et Ana Miralles (\u00e9d. Dargaud, octobre 2024, 112 pages), un roman graphique pour les ados\/adultes selon l&rsquo;\u00e9diteur. Accompagn\u00e9e de son secr\u00e9taire David et de sa dame de compagnie Ren\u00e9, Ava Gardner se rend, \u00e0 Rio de Janeiro, pour la tourn\u00e9e de son dernier film, <span style=\"text-decoration: underline;\">La comtesse aux pieds nus<\/span>, en 1954. Mais rien ne se passe comme pr\u00e9vu. Dans un contexte politique instable, l&rsquo;actrice n&rsquo;est pas \u00e9pargn\u00e9e par la presse qui guette le moindre scandale et frasque de sa part. Elle re\u00e7oit un accueil \u00e9prouvant et \u00e9touffant, r\u00e9duite \u00e0 n&rsquo;\u00eatre qu&rsquo;un objet f\u00e9minin du d\u00e9sir des hommes et des manigances des producteurs du film, elle qui a d\u00e9j\u00e0 bien du mal \u00e0 se remettre de sa s\u00e9paration d&rsquo;avec son futur mari, Franck Sinatra et \u00e0 tenir \u00e0 l&rsquo;\u00e9cart Howard Hugues qui, malgr\u00e9 ses multiples refus, entend bien l&rsquo;\u00e9pouser. J&rsquo;ai appr\u00e9ci\u00e9 les illustrations et le portrait tout en nuances de cette actrice de l&rsquo;\u00e2ge d&rsquo;or du cin\u00e9ma hollywoodien.<\/em> <em>Qui se cache derri\u00e8re l&rsquo;image iconique d&rsquo;une belle femme fatale? Comment \u00eatre soi-m\u00eame et \u00eatre libre de sa vie, malgr\u00e9 la c\u00e9l\u00e9brit\u00e9? Un tr\u00e8s bon moment de lecture! J&rsquo;en reparle tr\u00e8s vite.<\/em><\/p>\n<ul>\n<li><em>(Roman adulte) <strong><span style=\"text-decoration: underline;\">Poussi\u00e8re blonde<\/span><\/strong> de Tatiana de Rosnay<\/em><\/li>\n<\/ul>\n<p style=\"text-align: justify;\"><a href=\"https:\/\/i0.wp.com\/www.jojoenherbe.com\/wp-content\/uploads\/2025\/01\/Poussiere-blonde.jpg\"><img data-recalc-dims=\"1\" loading=\"lazy\" decoding=\"async\" data-attachment-id=\"38020\" data-permalink=\"http:\/\/www.jojoenherbe.com\/index.php\/2025\/01\/15\/point-lecture-hebdomadaire-2025-2\/screenshot-124\/\" data-orig-file=\"https:\/\/i0.wp.com\/www.jojoenherbe.com\/wp-content\/uploads\/2025\/01\/Poussiere-blonde.jpg?fit=750%2C1165\" data-orig-size=\"750,1165\" data-comments-opened=\"1\" data-image-meta=\"{&quot;aperture&quot;:&quot;0&quot;,&quot;credit&quot;:&quot;&quot;,&quot;camera&quot;:&quot;&quot;,&quot;caption&quot;:&quot;Screenshot&quot;,&quot;created_timestamp&quot;:&quot;0&quot;,&quot;copyright&quot;:&quot;&quot;,&quot;focal_length&quot;:&quot;0&quot;,&quot;iso&quot;:&quot;0&quot;,&quot;shutter_speed&quot;:&quot;0&quot;,&quot;title&quot;:&quot;Screenshot&quot;,&quot;orientation&quot;:&quot;1&quot;}\" data-image-title=\"\" data-image-description=\"\" data-image-caption=\"\" data-large-file=\"https:\/\/i0.wp.com\/www.jojoenherbe.com\/wp-content\/uploads\/2025\/01\/Poussiere-blonde.jpg?fit=659%2C1024\" class=\"size-thumbnail wp-image-38020 alignleft\" src=\"https:\/\/i0.wp.com\/www.jojoenherbe.com\/wp-content\/uploads\/2025\/01\/Poussiere-blonde.jpg?resize=150%2C150\" alt=\"\" width=\"150\" height=\"150\" srcset=\"https:\/\/i0.wp.com\/www.jojoenherbe.com\/wp-content\/uploads\/2025\/01\/Poussiere-blonde.jpg?resize=150%2C150 150w, https:\/\/i0.wp.com\/www.jojoenherbe.com\/wp-content\/uploads\/2025\/01\/Poussiere-blonde.jpg?zoom=2&amp;resize=150%2C150 300w, https:\/\/i0.wp.com\/www.jojoenherbe.com\/wp-content\/uploads\/2025\/01\/Poussiere-blonde.jpg?zoom=3&amp;resize=150%2C150 450w\" sizes=\"auto, (max-width: 150px) 100vw, 150px\" \/><\/a><em>J&rsquo;ai \u00e9galement lu <span style=\"text-decoration: underline;\">Poussi\u00e8re blonde<\/span> de Tatiana de Rosnay (\u00e9d. Albin Michel, f\u00e9vrier 2024, 320 pages), un roman qui fait \u00e9cho \u00e0 ma pr\u00e9c\u00e9dente lecture sur Ava Gardner avec une autre ic\u00f4ne de l&rsquo;\u00e2ge d&rsquo;or du cin\u00e9ma hollywoodien, Marilyn Monroe. En janvier 2020, Pauline Bazelet assiste \u00e0 la destruction du Mapes Hotel, palace r\u00e9put\u00e9 mais ferm\u00e9 et \u00e0 l&rsquo;abandon depuis plusieurs d\u00e9cennies, \u00e0 Reno, dans le Nevada, avec sa meilleure amie Billie-Pearl. C&rsquo;est l&rsquo;occasion de se souvenir d&rsquo;une rencontre qui a chang\u00e9 son destin, pendant l&rsquo;\u00e9t\u00e9 1960, lors du tournage du film <span style=\"text-decoration: underline;\">Les D\u00e9sax\u00e9s<\/span> de John Huston. En ce temps-l\u00e0, Pauline \u00e9tait une jeune m\u00e8re c\u00e9libataire de 20 ans vivant chez ses parents et qui travaillait comme femme de chambre au Mapes Hotel, ayant d\u00fb laisser de c\u00f4t\u00e9 ses r\u00eaves de devenir v\u00e9t\u00e9rinaire. Lorsqu&rsquo;elle est appel\u00e9e pour nettoyer la suite 614, elle ne s&rsquo;attendait pas \u00e0 faire la connaissance de Mrs Miller, une femme hagarde dont elle ne comprend pas tout de suite qu&rsquo;elle est Marilyn Monroe. J&rsquo;ai appr\u00e9ci\u00e9 d\u00e9couvrir la vie de Pauline et son \u00e9mancipation \u00e0 travers des flashbacks et ses \u00e9changes avec l&rsquo;actrice qui se montre tout \u00e0 la fois fragile et \u00e0 fleur de peau, sous l&#8217;emprise des m\u00e9dicaments et pourtant si gentille et bienveillante \u00e0 l&rsquo;\u00e9gard de la jeune femme. Un tr\u00e8s bon moment de lecture \u00e9galement! J&rsquo;en reparle tr\u00e8s vite. <br \/><\/em><\/p>\n\n\n<p><\/p>\n","protected":false},"excerpt":{"rendered":"<p>En ce (presque) d\u00e9but de semaine, voici mon point lecture hebdomadaire avec un retour sur nos lectures (mais pas nos relectures) de la semaine derni\u00e8re. J&rsquo;ai moins lu cette semaine car j&rsquo;ai regard\u00e9 des s\u00e9ries dont Black Doves. Nos lectures du\u00a0 6 au 12 janvier 2025: Des lectures jeunesse: Mon mini lutin a lu tous [&hellip;]<\/p>\n","protected":false},"author":1,"featured_media":38025,"comment_status":"open","ping_status":"open","sticky":false,"template":"","format":"standard","meta":{"jetpack_post_was_ever_published":false,"_jetpack_newsletter_access":"","_jetpack_dont_email_post_to_subs":false,"_jetpack_newsletter_tier_id":0,"_jetpack_memberships_contains_paywalled_content":false,"_jetpack_memberships_contains_paid_content":false,"footnotes":""},"categories":[2140,873,363],"tags":[4441,596,2087,1334,4440,2537,4442,1085,367,4443,2767,2088,3209,905,789,4439],"class_list":["post-38000","post","type-post","status-publish","format-standard","has-post-thumbnail","hentry","category-mini-blogueur","category-mini-challenger","category-mini-lecteur","tag-ana-miralles","tag-bandes-dessinees","tag-bd-adulte","tag-cosy-mystery","tag-emilio-ruiz","tag-evelyne-brisou-pellen","tag-laurence-lopez-hodiesne","tag-lecture-adulte","tag-lecture-jeunesse","tag-marie-spenale","tag-point-lecture-hebdo","tag-roman-graphique","tag-romance-historique","tag-romans-adulte","tag-romans-jeunesse","tag-tatiana-de-rosnay","post-preview"],"jetpack_featured_media_url":"https:\/\/i0.wp.com\/www.jojoenherbe.com\/wp-content\/uploads\/2025\/01\/Point-lecture-hebdo-2025-2.jpg?fit=2000%2C1600","jetpack_sharing_enabled":true,"jetpack_shortlink":"https:\/\/wp.me\/p9zhGx-9SU","jetpack_likes_enabled":true,"jetpack-related-posts":[{"id":37057,"url":"http:\/\/www.jojoenherbe.com\/index.php\/2024\/09\/30\/point-lecture-hebdomadaire-2024-39\/","url_meta":{"origin":38000,"position":0},"title":"Point lecture hebdomadaire 2024 #39","author":"Jojo","date":"30 septembre 2024","format":false,"excerpt":"En ce d\u00e9but de semaine, voici mon point lecture hebdomadaire avec un retour sur nos lectures (mais pas nos relectures) de la semaine derni\u00e8re. Nos lectures du 23 au 29 septembre 2024: Des lectures jeunesse: Nous avons continu\u00e9 chaque soir et presque fini de lire Le jardin secret de Frances\u2026","rel":"","context":"Dans &quot;Mini blogueur&quot;","block_context":{"text":"Mini blogueur","link":"http:\/\/www.jojoenherbe.com\/index.php\/category\/mini-blogueur\/"},"img":{"alt_text":"","src":"https:\/\/i0.wp.com\/www.jojoenherbe.com\/wp-content\/uploads\/2020\/04\/Le-jardin-secret-150x150.jpg?resize=350%2C200","width":350,"height":200},"classes":[]},{"id":42374,"url":"http:\/\/www.jojoenherbe.com\/index.php\/2026\/01\/21\/point-lecture-hebdomadaire-2026-3\/","url_meta":{"origin":38000,"position":1},"title":"Point lecture hebdomadaire 2026 #3","author":"Jojo","date":"21 janvier 2026","format":false,"excerpt":"En ce milieu de semaine, voici mon point lecture hebdomadaire avec un retour sur nos lectures (mais pas nos relectures) de la semaine derni\u00e8re qui a d\u00e9but\u00e9 avec le rangement du sapin et d\u00e9corations de No\u00ebl et qui s'est termin\u00e9 sur un week-end pluvieux dans le Var chez des amis\u2026","rel":"","context":"Dans &quot;Mini blogueur&quot;","block_context":{"text":"Mini blogueur","link":"http:\/\/www.jojoenherbe.com\/index.php\/category\/mini-blogueur\/"},"img":{"alt_text":"","src":"https:\/\/i0.wp.com\/www.jojoenherbe.com\/wp-content\/uploads\/2026\/01\/macareux-point-lecture-hebdo.jpg?fit=864%2C1012&resize=350%2C200","width":350,"height":200,"srcset":"https:\/\/i0.wp.com\/www.jojoenherbe.com\/wp-content\/uploads\/2026\/01\/macareux-point-lecture-hebdo.jpg?fit=864%2C1012&resize=350%2C200 1x, https:\/\/i0.wp.com\/www.jojoenherbe.com\/wp-content\/uploads\/2026\/01\/macareux-point-lecture-hebdo.jpg?fit=864%2C1012&resize=525%2C300 1.5x, https:\/\/i0.wp.com\/www.jojoenherbe.com\/wp-content\/uploads\/2026\/01\/macareux-point-lecture-hebdo.jpg?fit=864%2C1012&resize=700%2C400 2x"},"classes":[]},{"id":39365,"url":"http:\/\/www.jojoenherbe.com\/index.php\/2025\/05\/09\/point-lecture-hebdomadaire-2025-18\/","url_meta":{"origin":38000,"position":2},"title":"Point lecture hebdomadaire 2025 #18","author":"Jojo","date":"9 mai 2025","format":false,"excerpt":"En cette presque fin de semaine, voici mon point lecture hebdomadaire avec un retour sur nos lectures (mais pas nos relectures) de la semaine derni\u00e8re. Nos lectures du 28 avril au 4 mai 2025: Des lectures jeunesse: Nous avons continu\u00e9 \u00e0 lire le tome 1 d'une trilogie fantasy : La\u2026","rel":"","context":"Dans &quot;Mini blogueur&quot;","block_context":{"text":"Mini blogueur","link":"http:\/\/www.jojoenherbe.com\/index.php\/category\/mini-blogueur\/"},"img":{"alt_text":"","src":"https:\/\/i0.wp.com\/www.jojoenherbe.com\/wp-content\/uploads\/2025\/05\/Point-lecture-hebdo-2025-18.jpg?fit=1200%2C975&resize=350%2C200","width":350,"height":200,"srcset":"https:\/\/i0.wp.com\/www.jojoenherbe.com\/wp-content\/uploads\/2025\/05\/Point-lecture-hebdo-2025-18.jpg?fit=1200%2C975&resize=350%2C200 1x, https:\/\/i0.wp.com\/www.jojoenherbe.com\/wp-content\/uploads\/2025\/05\/Point-lecture-hebdo-2025-18.jpg?fit=1200%2C975&resize=525%2C300 1.5x, https:\/\/i0.wp.com\/www.jojoenherbe.com\/wp-content\/uploads\/2025\/05\/Point-lecture-hebdo-2025-18.jpg?fit=1200%2C975&resize=700%2C400 2x, https:\/\/i0.wp.com\/www.jojoenherbe.com\/wp-content\/uploads\/2025\/05\/Point-lecture-hebdo-2025-18.jpg?fit=1200%2C975&resize=1050%2C600 3x"},"classes":[]},{"id":41939,"url":"http:\/\/www.jojoenherbe.com\/index.php\/2026\/01\/04\/point-lecture-hebdomadaire-2025-52\/","url_meta":{"origin":38000,"position":3},"title":"Point lecture hebdomadaire 2025 #52","author":"Jojo","date":"4 janvier 2026","format":false,"excerpt":"En cette fin de semaine, voici mon point lecture hebdomadaire avec un retour sur nos lectures (mais pas nos relectures) de la semaine derni\u00e8re, m\u00eame si j'ai peu lu jusqu'\u00e0 No\u00ebl puisque nous avions pris une semaine de cong\u00e9s, avec le d\u00e9but de semaine pass\u00e9 dans la Dr\u00f4me puis pour\u2026","rel":"","context":"Dans &quot;Mini blogueur&quot;","block_context":{"text":"Mini blogueur","link":"http:\/\/www.jojoenherbe.com\/index.php\/category\/mini-blogueur\/"},"img":{"alt_text":"","src":"https:\/\/i0.wp.com\/www.jojoenherbe.com\/wp-content\/uploads\/2026\/01\/Minecraft-T2-a-T5-150x150.jpg?resize=350%2C200","width":350,"height":200},"classes":[]},{"id":34536,"url":"http:\/\/www.jojoenherbe.com\/index.php\/2024\/01\/29\/point-lecture-hebdomadaire-2024-4\/","url_meta":{"origin":38000,"position":4},"title":"Point lecture hebdomadaire 2024 #4","author":"Jojo","date":"29 janvier 2024","format":false,"excerpt":"En ce d\u00e9but de semaine, voici notre point lecture hebdomadaire avec un retour sur nos lectures de la semaine derni\u00e8re (mais pas nos relectures). Nos lectures du 22 au 28 janvier 2024: Des lectures jeunesse: (BD jeunesse) Mortelle Ad\u00e8le au pays des Contes d\u00e9faits, Mortelle Ad\u00e8le, Choupidoulove (T10) et Extra\u2026","rel":"","context":"Dans &quot;Mini blogueur&quot;","block_context":{"text":"Mini blogueur","link":"http:\/\/www.jojoenherbe.com\/index.php\/category\/mini-blogueur\/"},"img":{"alt_text":"","src":"https:\/\/i0.wp.com\/www.jojoenherbe.com\/wp-content\/uploads\/2024\/01\/La-Semaine-a-1000-du-Pingouin-2024.jpg?resize=350%2C200","width":350,"height":200,"srcset":"https:\/\/i0.wp.com\/www.jojoenherbe.com\/wp-content\/uploads\/2024\/01\/La-Semaine-a-1000-du-Pingouin-2024.jpg?resize=350%2C200 1x, https:\/\/i0.wp.com\/www.jojoenherbe.com\/wp-content\/uploads\/2024\/01\/La-Semaine-a-1000-du-Pingouin-2024.jpg?resize=525%2C300 1.5x"},"classes":[]},{"id":31501,"url":"http:\/\/www.jojoenherbe.com\/index.php\/2023\/08\/21\/point-lecture-hebdomadaire-2023-33\/","url_meta":{"origin":38000,"position":5},"title":"Point lecture hebdomadaire 2023 #33","author":"Jojo","date":"21 ao\u00fbt 2023","format":false,"excerpt":"En ce d\u00e9but de semaine, voici notre point lecture hebdomadaire avec un retour sur nos lectures de la semaine derni\u00e8re (mais pas nos relectures). Nos lectures du 14 au 20 ao\u00fbt 2023: Des lectures jeunesse: (Roman jeunesse) Vol d\u2019\u00e9t\u00e9 de Marie-Anne Abesdris Nous avons lu Vol d\u2019\u00e9t\u00e9 de Marie-Anne Abesdris\u2026","rel":"","context":"Dans &quot;Mini blogueur&quot;","block_context":{"text":"Mini blogueur","link":"http:\/\/www.jojoenherbe.com\/index.php\/category\/mini-blogueur\/"},"img":{"alt_text":"","src":"https:\/\/i0.wp.com\/www.jojoenherbe.com\/wp-content\/uploads\/2023\/08\/Vol-dete-150x150.jpg?resize=350%2C200","width":350,"height":200},"classes":[]}],"_links":{"self":[{"href":"http:\/\/www.jojoenherbe.com\/index.php\/wp-json\/wp\/v2\/posts\/38000","targetHints":{"allow":["GET"]}}],"collection":[{"href":"http:\/\/www.jojoenherbe.com\/index.php\/wp-json\/wp\/v2\/posts"}],"about":[{"href":"http:\/\/www.jojoenherbe.com\/index.php\/wp-json\/wp\/v2\/types\/post"}],"author":[{"embeddable":true,"href":"http:\/\/www.jojoenherbe.com\/index.php\/wp-json\/wp\/v2\/users\/1"}],"replies":[{"embeddable":true,"href":"http:\/\/www.jojoenherbe.com\/index.php\/wp-json\/wp\/v2\/comments?post=38000"}],"version-history":[{"count":17,"href":"http:\/\/www.jojoenherbe.com\/index.php\/wp-json\/wp\/v2\/posts\/38000\/revisions"}],"predecessor-version":[{"id":38453,"href":"http:\/\/www.jojoenherbe.com\/index.php\/wp-json\/wp\/v2\/posts\/38000\/revisions\/38453"}],"wp:featuredmedia":[{"embeddable":true,"href":"http:\/\/www.jojoenherbe.com\/index.php\/wp-json\/wp\/v2\/media\/38025"}],"wp:attachment":[{"href":"http:\/\/www.jojoenherbe.com\/index.php\/wp-json\/wp\/v2\/media?parent=38000"}],"wp:term":[{"taxonomy":"category","embeddable":true,"href":"http:\/\/www.jojoenherbe.com\/index.php\/wp-json\/wp\/v2\/categories?post=38000"},{"taxonomy":"post_tag","embeddable":true,"href":"http:\/\/www.jojoenherbe.com\/index.php\/wp-json\/wp\/v2\/tags?post=38000"}],"curies":[{"name":"wp","href":"https:\/\/api.w.org\/{rel}","templated":true}]}}