{"id":37737,"date":"2025-01-04T11:32:07","date_gmt":"2025-01-04T10:32:07","guid":{"rendered":"https:\/\/www.jojoenherbe.com\/?p=37737"},"modified":"2025-08-09T11:32:13","modified_gmt":"2025-08-09T09:32:13","slug":"point-lecture-hebdomadaire-2024-52","status":"publish","type":"post","link":"http:\/\/www.jojoenherbe.com\/index.php\/2025\/01\/04\/point-lecture-hebdomadaire-2024-52\/","title":{"rendered":"Point lecture hebdomadaire 2024 #52"},"content":{"rendered":"<p style=\"text-align: justify;\"><em>En cette fin de semaine, voici, avec retard, mon point lecture hebdomadaire avec un retour sur nos lectures (mais pas nos relectures) de la semaine derni\u00e8re qui \u00e9tait aussi une semaine de cong\u00e9s.<\/em><\/p>\n<p><strong><span style=\"text-decoration: underline;\">Nos lectures du\u00a0 23 au 29 d\u00e9cembre 2024<\/span>:<\/strong><\/p>\n<p><em><span style=\"text-decoration: underline;\">Des lectures jeunesse<\/span>:<\/em><\/p>\n<p style=\"text-align: justify;\"><em><a href=\"https:\/\/i0.wp.com\/www.jojoenherbe.com\/wp-content\/uploads\/2025\/01\/lectures-jeunesse-Point-lecture-hebdo-2024-52-scaled.jpg\"><img data-recalc-dims=\"1\" loading=\"lazy\" decoding=\"async\" data-attachment-id=\"37818\" data-permalink=\"http:\/\/www.jojoenherbe.com\/index.php\/2025\/01\/04\/point-lecture-hebdomadaire-2024-52\/lectures-jeunesse-point-lecture-hebdo-2024-52\/\" data-orig-file=\"https:\/\/i0.wp.com\/www.jojoenherbe.com\/wp-content\/uploads\/2025\/01\/lectures-jeunesse-Point-lecture-hebdo-2024-52-scaled.jpg?fit=2560%2C2182\" data-orig-size=\"2560,2182\" data-comments-opened=\"1\" data-image-meta=\"{&quot;aperture&quot;:&quot;1.8&quot;,&quot;credit&quot;:&quot;&quot;,&quot;camera&quot;:&quot;iPhone 7&quot;,&quot;caption&quot;:&quot;&quot;,&quot;created_timestamp&quot;:&quot;1735989969&quot;,&quot;copyright&quot;:&quot;&quot;,&quot;focal_length&quot;:&quot;3.99&quot;,&quot;iso&quot;:&quot;100&quot;,&quot;shutter_speed&quot;:&quot;0.14285714285714&quot;,&quot;title&quot;:&quot;&quot;,&quot;orientation&quot;:&quot;1&quot;}\" data-image-title=\"lectures jeunesse &amp;#8211; Point lecture hebdo 2024 #52\" data-image-description=\"\" data-image-caption=\"\" data-large-file=\"https:\/\/i0.wp.com\/www.jojoenherbe.com\/wp-content\/uploads\/2025\/01\/lectures-jeunesse-Point-lecture-hebdo-2024-52-scaled.jpg?fit=676%2C576\" class=\"alignleft  wp-image-37818\" src=\"https:\/\/i0.wp.com\/www.jojoenherbe.com\/wp-content\/uploads\/2025\/01\/lectures-jeunesse-Point-lecture-hebdo-2024-52-scaled.jpg?resize=203%2C173\" alt=\"\" width=\"203\" height=\"173\" srcset=\"https:\/\/i0.wp.com\/www.jojoenherbe.com\/wp-content\/uploads\/2025\/01\/lectures-jeunesse-Point-lecture-hebdo-2024-52-scaled.jpg?w=2560 2560w, https:\/\/i0.wp.com\/www.jojoenherbe.com\/wp-content\/uploads\/2025\/01\/lectures-jeunesse-Point-lecture-hebdo-2024-52-scaled.jpg?resize=300%2C256 300w, https:\/\/i0.wp.com\/www.jojoenherbe.com\/wp-content\/uploads\/2025\/01\/lectures-jeunesse-Point-lecture-hebdo-2024-52-scaled.jpg?resize=1024%2C873 1024w, https:\/\/i0.wp.com\/www.jojoenherbe.com\/wp-content\/uploads\/2025\/01\/lectures-jeunesse-Point-lecture-hebdo-2024-52-scaled.jpg?resize=768%2C655 768w, https:\/\/i0.wp.com\/www.jojoenherbe.com\/wp-content\/uploads\/2025\/01\/lectures-jeunesse-Point-lecture-hebdo-2024-52-scaled.jpg?resize=1536%2C1309 1536w, https:\/\/i0.wp.com\/www.jojoenherbe.com\/wp-content\/uploads\/2025\/01\/lectures-jeunesse-Point-lecture-hebdo-2024-52-scaled.jpg?resize=2048%2C1746 2048w, https:\/\/i0.wp.com\/www.jojoenherbe.com\/wp-content\/uploads\/2025\/01\/lectures-jeunesse-Point-lecture-hebdo-2024-52-scaled.jpg?resize=676%2C576 676w, https:\/\/i0.wp.com\/www.jojoenherbe.com\/wp-content\/uploads\/2025\/01\/lectures-jeunesse-Point-lecture-hebdo-2024-52-scaled.jpg?w=1352 1352w\" sizes=\"auto, (max-width: 203px) 100vw, 203px\" \/><\/a>Avec mon mini lutin nous avons fini de lire <strong><span style=\"text-decoration: underline;\">Le No\u00ebl enchant\u00e9 de Winston<\/span><\/strong> d\u2019Alex T. Smith (\u00e9d. Casterman Jeunesse, octobre 2024,\u00a0 176 pages), un album jeunesse pour les 6\/10 ans. Mon mini lutin a \u00e9galement lu tout seul, un des romans re\u00e7us \u00e0 No\u00ebl: le <strong>tome 3<\/strong> de <strong><span style=\"text-decoration: underline;\">Mortelle Ad\u00e8le<\/span>, <span style=\"text-decoration: underline;\">Debout les bizarres!<\/span><\/strong> de Mr Tan et Diane Le Feyer (\u00e9d. Bayard Jeunesse, ao\u00fbt 2022, 92 pages), un roman jeunesse \u00e0 partir de 8 ans. Il a \u00e9galement commenc\u00e9 les deux premiers chapitres des <strong><span style=\"text-decoration: underline;\">S\u0153urs Hiver<\/span><\/strong> de Jolan C. Bertrand et Chevalier Gambette (\u00e9d. L&rsquo;\u00e9cole des loisirs, coll. Neuf Poche, f\u00e9vrier 2022, r\u00e9\u00e9d. novembre 2024, 220 pages), un roman jeunesse pour les 8\/11 ans selon l&rsquo;\u00e9diteur qu&rsquo;il a re\u00e7u aussi \u00e0 No\u00ebl.<\/em><\/p>\n<p><em>De mon c\u00f4t\u00e9, j&rsquo;ai lu:<\/em><\/p>\n<ul>\n<li><em>(BD jeunesse) <strong><span style=\"text-decoration: underline;\">Lettres d\u2019amour de 0 \u00e0 10<\/span><\/strong> de Susie Morgenstern et Thomas Baas<\/em><\/li>\n<\/ul>\n<p style=\"text-align: justify;\"><em><a href=\"https:\/\/i0.wp.com\/www.jojoenherbe.com\/wp-content\/uploads\/2024\/12\/Lettres-damour-de-0-a-10-BD.jpg\"><img data-recalc-dims=\"1\" loading=\"lazy\" decoding=\"async\" data-attachment-id=\"37722\" data-permalink=\"http:\/\/www.jojoenherbe.com\/index.php\/2024\/12\/30\/au-fil-des-pages-avec-lettres-damour-de-0-a-10-bd\/screenshot-100\/\" data-orig-file=\"https:\/\/i0.wp.com\/www.jojoenherbe.com\/wp-content\/uploads\/2024\/12\/Lettres-damour-de-0-a-10-BD.jpg?fit=750%2C1022\" data-orig-size=\"750,1022\" data-comments-opened=\"1\" data-image-meta=\"{&quot;aperture&quot;:&quot;0&quot;,&quot;credit&quot;:&quot;&quot;,&quot;camera&quot;:&quot;&quot;,&quot;caption&quot;:&quot;Screenshot&quot;,&quot;created_timestamp&quot;:&quot;0&quot;,&quot;copyright&quot;:&quot;&quot;,&quot;focal_length&quot;:&quot;0&quot;,&quot;iso&quot;:&quot;0&quot;,&quot;shutter_speed&quot;:&quot;0&quot;,&quot;title&quot;:&quot;Screenshot&quot;,&quot;orientation&quot;:&quot;1&quot;}\" data-image-title=\"\" data-image-description=\"\" data-image-caption=\"\" data-large-file=\"https:\/\/i0.wp.com\/www.jojoenherbe.com\/wp-content\/uploads\/2024\/12\/Lettres-damour-de-0-a-10-BD.jpg?fit=676%2C921\" class=\"size-thumbnail wp-image-37722 alignright\" src=\"https:\/\/i0.wp.com\/www.jojoenherbe.com\/wp-content\/uploads\/2024\/12\/Lettres-damour-de-0-a-10-BD.jpg?resize=150%2C150\" alt=\"\" width=\"150\" height=\"150\" srcset=\"https:\/\/i0.wp.com\/www.jojoenherbe.com\/wp-content\/uploads\/2024\/12\/Lettres-damour-de-0-a-10-BD.jpg?resize=150%2C150 150w, https:\/\/i0.wp.com\/www.jojoenherbe.com\/wp-content\/uploads\/2024\/12\/Lettres-damour-de-0-a-10-BD.jpg?zoom=2&amp;resize=150%2C150 300w, https:\/\/i0.wp.com\/www.jojoenherbe.com\/wp-content\/uploads\/2024\/12\/Lettres-damour-de-0-a-10-BD.jpg?zoom=3&amp;resize=150%2C150 450w\" sizes=\"auto, (max-width: 150px) 100vw, 150px\" \/><\/a>J\u2019ai lu, en version num\u00e9rique via ma m\u00e9diath\u00e8que, <a href=\"https:\/\/www.jojoenherbe.com\/index.php\/2024\/12\/30\/au-fil-des-pages-avec-lettres-damour-de-0-a-10-bd\/\"><span style=\"text-decoration: underline;\">Lettres d\u2019amour de 0 \u00e0 10<\/span><\/a> de Susie Morgenstern et Thomas Baas (\u00e9d. Rue de S\u00e8vres, octobre 2019, 88 pages), un BD jeunesse \u00e0 la jolie illustration de couverture automnale et qui est une adaptation fid\u00e8le du roman \u00e9ponyme de Susie Morgenstern (\u00e9d. L\u2019\u00e9cole des loisirs, coll. Maximax, 1996, r\u00e9\u00e9d. 1998, 210 pages), un roman jeunesse pour les 8\/11 ans selon l\u2019\u00e9diteur. Une version fid\u00e8le et r\u00e9ussie du roman \u00e9ponyme et joliment dessin\u00e9e avec l&rsquo;amiti\u00e9 entre Ernest et Victoire, deux enfants de 10 ans, la seconde redonnant l&rsquo;envie de vivre au premier!<\/em><\/p>\n<ul>\n<li style=\"text-align: justify;\"><em>(BD jeunesse\/adulte) <strong><span style=\"text-decoration: underline;\">Les C\u0153urs de Ferraille, Sans penser \u00e0 demain<\/span><\/strong> de B\u00e9ka et Jose Luis Munuera <strong>(T3)<\/strong><\/em><\/li>\n<\/ul>\n<p style=\"text-align: justify;\"><em><a href=\"https:\/\/i0.wp.com\/www.jojoenherbe.com\/wp-content\/uploads\/2025\/01\/Les-Coeurs-de-ferraille-T3.jpg\"><img data-recalc-dims=\"1\" loading=\"lazy\" decoding=\"async\" data-attachment-id=\"37792\" data-permalink=\"http:\/\/www.jojoenherbe.com\/index.php\/2025\/01\/04\/point-lecture-hebdomadaire-2024-52\/screenshot-107\/\" data-orig-file=\"https:\/\/i0.wp.com\/www.jojoenherbe.com\/wp-content\/uploads\/2025\/01\/Les-Coeurs-de-ferraille-T3.jpg?fit=750%2C1081\" data-orig-size=\"750,1081\" data-comments-opened=\"1\" data-image-meta=\"{&quot;aperture&quot;:&quot;0&quot;,&quot;credit&quot;:&quot;&quot;,&quot;camera&quot;:&quot;&quot;,&quot;caption&quot;:&quot;Screenshot&quot;,&quot;created_timestamp&quot;:&quot;0&quot;,&quot;copyright&quot;:&quot;&quot;,&quot;focal_length&quot;:&quot;0&quot;,&quot;iso&quot;:&quot;0&quot;,&quot;shutter_speed&quot;:&quot;0&quot;,&quot;title&quot;:&quot;Screenshot&quot;,&quot;orientation&quot;:&quot;1&quot;}\" data-image-title=\"\" data-image-description=\"\" data-image-caption=\"\" data-large-file=\"https:\/\/i0.wp.com\/www.jojoenherbe.com\/wp-content\/uploads\/2025\/01\/Les-Coeurs-de-ferraille-T3.jpg?fit=676%2C975\" class=\"alignleft size-thumbnail wp-image-37792\" src=\"https:\/\/i0.wp.com\/www.jojoenherbe.com\/wp-content\/uploads\/2025\/01\/Les-Coeurs-de-ferraille-T3.jpg?resize=150%2C150\" alt=\"\" width=\"150\" height=\"150\" srcset=\"https:\/\/i0.wp.com\/www.jojoenherbe.com\/wp-content\/uploads\/2025\/01\/Les-Coeurs-de-ferraille-T3.jpg?resize=150%2C150 150w, https:\/\/i0.wp.com\/www.jojoenherbe.com\/wp-content\/uploads\/2025\/01\/Les-Coeurs-de-ferraille-T3.jpg?zoom=2&amp;resize=150%2C150 300w, https:\/\/i0.wp.com\/www.jojoenherbe.com\/wp-content\/uploads\/2025\/01\/Les-Coeurs-de-ferraille-T3.jpg?zoom=3&amp;resize=150%2C150 450w\" sizes=\"auto, (max-width: 150px) 100vw, 150px\" \/><\/a>J\u2019ai lu, en version num\u00e9rique via ma m\u00e9diath\u00e8que, le tome 3<\/em> <em>des <span style=\"text-decoration: underline;\">C\u0153urs de Ferraille, Sans penser \u00e0 demain<\/span> de B\u00e9ka (alias du couple Bertrand Escaich et Caroline Rosque) et Jose Luis Munuera (\u00e9d. Dupuis, juin 2024, 72 pages), une BD \u00e0 partir de 9 ans selon l\u2019\u00e9diteur mais class\u00e9e en adulte par ma m\u00e9diath\u00e8que et avec l\u2019amour interdit entre Na\u00efad, fille d\u2019un riche industriel qui apr\u00e8s une \u00e9meute entre humains et \u00ab robots \u00bb dans l\u2019usine de son p\u00e8re, tombe amoureuse du Limier venu r\u00e9tablir l\u2019ordre. Encore un bon moment de lecture avec ce nouvel opus et qui permet un autre regard sur les limiers et qui fait \u00e9galement r\u00e9f\u00e9rence, comme le premier tome, \u00e0 <span style=\"text-decoration: underline;\">Cyrano de Bergerac<\/span>! J&rsquo;en reparle tr\u00e8s vite mais apr\u00e8s mon billet sur le tome 2.<\/em><\/p>\n<ul>\n<li><em>(BD jeunesse\/adulte) <strong><span style=\"text-decoration: underline;\">Peter Pan de Kensington<\/span><\/strong> de Jose Luis Munuera\u00a0<\/em><\/li>\n<\/ul>\n<p style=\"text-align: justify;\"><em><a href=\"https:\/\/i0.wp.com\/www.jojoenherbe.com\/wp-content\/uploads\/2025\/01\/Peter-Pan-de-Kensington-BD.jpg\"><img data-recalc-dims=\"1\" loading=\"lazy\" decoding=\"async\" data-attachment-id=\"37791\" data-permalink=\"http:\/\/www.jojoenherbe.com\/index.php\/2025\/01\/04\/point-lecture-hebdomadaire-2024-52\/screenshot-106\/\" data-orig-file=\"https:\/\/i0.wp.com\/www.jojoenherbe.com\/wp-content\/uploads\/2025\/01\/Peter-Pan-de-Kensington-BD.jpg?fit=750%2C1030\" data-orig-size=\"750,1030\" data-comments-opened=\"1\" data-image-meta=\"{&quot;aperture&quot;:&quot;0&quot;,&quot;credit&quot;:&quot;&quot;,&quot;camera&quot;:&quot;&quot;,&quot;caption&quot;:&quot;Screenshot&quot;,&quot;created_timestamp&quot;:&quot;0&quot;,&quot;copyright&quot;:&quot;&quot;,&quot;focal_length&quot;:&quot;0&quot;,&quot;iso&quot;:&quot;0&quot;,&quot;shutter_speed&quot;:&quot;0&quot;,&quot;title&quot;:&quot;Screenshot&quot;,&quot;orientation&quot;:&quot;1&quot;}\" data-image-title=\"\" data-image-description=\"\" data-image-caption=\"\" data-large-file=\"https:\/\/i0.wp.com\/www.jojoenherbe.com\/wp-content\/uploads\/2025\/01\/Peter-Pan-de-Kensington-BD.jpg?fit=676%2C928\" class=\"size-thumbnail wp-image-37791 alignright\" src=\"https:\/\/i0.wp.com\/www.jojoenherbe.com\/wp-content\/uploads\/2025\/01\/Peter-Pan-de-Kensington-BD.jpg?resize=150%2C150\" alt=\"\" width=\"150\" height=\"150\" srcset=\"https:\/\/i0.wp.com\/www.jojoenherbe.com\/wp-content\/uploads\/2025\/01\/Peter-Pan-de-Kensington-BD.jpg?resize=150%2C150 150w, https:\/\/i0.wp.com\/www.jojoenherbe.com\/wp-content\/uploads\/2025\/01\/Peter-Pan-de-Kensington-BD.jpg?zoom=2&amp;resize=150%2C150 300w, https:\/\/i0.wp.com\/www.jojoenherbe.com\/wp-content\/uploads\/2025\/01\/Peter-Pan-de-Kensington-BD.jpg?zoom=3&amp;resize=150%2C150 450w\" sizes=\"auto, (max-width: 150px) 100vw, 150px\" \/><\/a>Apr\u00e8s avoir grandement appr\u00e9ci\u00e9 son interpr\u00e9tation d&rsquo;<a href=\"https:\/\/www.jojoenherbe.com\/index.php\/2024\/01\/05\/au-fil-des-pages-avec-un-chant-de-noel-une-histoire-de-fantomes\/\"><span style=\"text-decoration: underline;\">Un chant de No\u00ebl, une histoire de fant\u00f4mes<\/span><\/a> (\u00e9d. Dargaud, novembre 2022, 80 pages), \u00e0 No\u00ebl dernier, j&rsquo;ai \u00e9galement lu, en version num\u00e9rique via ma m\u00e9diath\u00e8que, <span style=\"text-decoration: underline;\">Peter Pan de Kensington<\/span> Jose Luis Munuera (\u00e9d. Dargaud, ao\u00fbt 2024), une BD jeunesse selon l&rsquo;\u00e9diteur mais que je conseillerai pour les adolescents et qui adapte <span style=\"text-decoration: underline;\">Le Petit Oiseau blanc<\/span> de James Matthew Barrie paru en 1902 et qui mentionnait pour la premi\u00e8re fois le personnage de Peter Pan, avant la pi\u00e8ce de th\u00e9\u00e2tre de 1904 et le roman \u00e9ponyme de 1911. <\/em><\/p>\n<p style=\"text-align: justify;\"><em>Dans les jardins de Kensington, \u00e0 Londres, Maimie Mannering, une fillette de six ans s&rsquo;est perdue \u00e0 la nuit tomb\u00e9e et ne sait pas comment rentrer chez elle. Elle demande de l&rsquo;aide \u00e0 Peter Pan qui la conduit aupr\u00e8s de la Reine des f\u00e9es qui leur soumet une \u00e9nigme improbable. Le temps est compt\u00e9. Ils ont jusqu&rsquo;au lever du jour pour la r\u00e9soudre sinon la fillette restera bloquer dans le parc \u00e0 tout jamais. Y parviendront-ils \u00e0 temps? J&rsquo;ai une nouvelle fois bien appr\u00e9ci\u00e9 cette lecture, m\u00eame si je n&rsquo;ai pas lu le roman originel de 1902, seulement <span style=\"text-decoration: underline;\">Peter Pan<\/span> dont on retrouve le c\u00f4t\u00e9 sombre et cruel dans sa fa\u00e7on de se comporter, par moment, avec la fillette. J&rsquo;ai \u00e9galement appr\u00e9ci\u00e9 ce petit peuple de la nuit qui prend vie dans le parc, la Reine des f\u00e9es \u00e9tant le double nocturne de la Reine Victoria dans une version reprenant les caricatures satiriques des journaux. Un tr\u00e8s bon moment de lecture bien que les th\u00e8mes abord\u00e9s soient sombres! <\/em><em>Cela m&rsquo;a donn\u00e9 envie de lire l\u2019\u0153uvre originelle et illustr\u00e9e par Arthur Rackham.\u00a0 J&rsquo;en reparle tr\u00e8s vite.<br \/><\/em><\/p>\n<p><em><span style=\"text-decoration: underline;\">Des lectures adulte<\/span>:<\/em><\/p>\n<ul>\n<li style=\"text-align: justify;\"><em>(Romance historique de No\u00ebl) <span style=\"text-decoration: underline;\"><strong>Les Demoiselles de Sandvorton, Dompter un marquis pour No\u00ebl<\/strong><\/span> d&rsquo;Estelle Bana <strong>(T1)<\/strong><\/em><\/li>\n<\/ul>\n<p style=\"text-align: justify;\"><a href=\"https:\/\/i0.wp.com\/www.jojoenherbe.com\/wp-content\/uploads\/2025\/01\/Dompter-un-marquis-pour-Noel-T1.jpg\"><img data-recalc-dims=\"1\" loading=\"lazy\" decoding=\"async\" data-attachment-id=\"37794\" data-permalink=\"http:\/\/www.jojoenherbe.com\/index.php\/2025\/01\/04\/point-lecture-hebdomadaire-2024-52\/screenshot-108\/\" data-orig-file=\"https:\/\/i0.wp.com\/www.jojoenherbe.com\/wp-content\/uploads\/2025\/01\/Dompter-un-marquis-pour-Noel-T1.jpg?fit=750%2C1160\" data-orig-size=\"750,1160\" data-comments-opened=\"1\" data-image-meta=\"{&quot;aperture&quot;:&quot;0&quot;,&quot;credit&quot;:&quot;&quot;,&quot;camera&quot;:&quot;&quot;,&quot;caption&quot;:&quot;Screenshot&quot;,&quot;created_timestamp&quot;:&quot;0&quot;,&quot;copyright&quot;:&quot;&quot;,&quot;focal_length&quot;:&quot;0&quot;,&quot;iso&quot;:&quot;0&quot;,&quot;shutter_speed&quot;:&quot;0&quot;,&quot;title&quot;:&quot;Screenshot&quot;,&quot;orientation&quot;:&quot;1&quot;}\" data-image-title=\"\" data-image-description=\"\" data-image-caption=\"\" data-large-file=\"https:\/\/i0.wp.com\/www.jojoenherbe.com\/wp-content\/uploads\/2025\/01\/Dompter-un-marquis-pour-Noel-T1.jpg?fit=662%2C1024\" class=\"alignleft size-thumbnail wp-image-37794\" src=\"https:\/\/i0.wp.com\/www.jojoenherbe.com\/wp-content\/uploads\/2025\/01\/Dompter-un-marquis-pour-Noel-T1.jpg?resize=150%2C150\" alt=\"\" width=\"150\" height=\"150\" srcset=\"https:\/\/i0.wp.com\/www.jojoenherbe.com\/wp-content\/uploads\/2025\/01\/Dompter-un-marquis-pour-Noel-T1.jpg?resize=150%2C150 150w, https:\/\/i0.wp.com\/www.jojoenherbe.com\/wp-content\/uploads\/2025\/01\/Dompter-un-marquis-pour-Noel-T1.jpg?zoom=2&amp;resize=150%2C150 300w, https:\/\/i0.wp.com\/www.jojoenherbe.com\/wp-content\/uploads\/2025\/01\/Dompter-un-marquis-pour-Noel-T1.jpg?zoom=3&amp;resize=150%2C150 450w\" sizes=\"auto, (max-width: 150px) 100vw, 150px\" \/><\/a><em>J&rsquo;ai lu, en e-book, le tome 1 des <span style=\"text-decoration: underline;\">Demoiselles de Sandvorton, Dompter un marquis pour No\u00ebl<\/span> d&rsquo;Estelle Bana (\u00e9d. Auto\u00e9dition, d\u00e9cembre 2023, 239 pages), une romance historique de No\u00ebl pour le challenge Romance historique 2024, le th\u00e8me de d\u00e9cembre \u00e9tant \u00ab\u00a0Romance de No\u00ebl\u00a0\u00bb. Lors d&rsquo;un bal de No\u00ebl du 21 d\u00e9cembre 1819, Miss Harriet, la s\u0153ur cadette du meilleur ami d&rsquo;Anthony Harrington, marquis de Chatelbrooks se fait passer Nellie, une laiti\u00e8re scandinave de passage en Angleterre. Le jeune homme est s\u00e9duit, ne reconnaissant pas la jeune femme et l&rsquo;invite chez lui, pour les f\u00eates. Mais lors de son arriv\u00e9e, la supercherie est d\u00e9couverte et contre toute attente, le marquis lui demande de se faire passer pour sa fianc\u00e9e aupr\u00e8s de sa grand-m\u00e8re. L&rsquo;alchimie entre les deux personnages fonctionnent m\u00eame si trop vite, le trope \u00ab\u00a0enemies to lovers\u00a0\u00bb dispara\u00eet. J&rsquo;ai \u00e9galement trouv\u00e9 dommage que leur comportement soit bien souvent trop moderne pour l&rsquo;\u00e9poque. <\/em><\/p>\n<p style=\"text-align: justify;\"><em>J&rsquo;ai \u00e9galement encha\u00een\u00e9 avec le <strong>tome 2<\/strong>, <strong><span style=\"text-decoration: underline;\">Pi\u00e9ger un duc \u00e0 son propre jeu<\/span><\/strong> (\u00e9d. Auto\u00e9dition, septembre 2024, 279 pages), une romance historique se d\u00e9roulant un an plus tard, entre deux autres personnages d\u00e9j\u00e0 crois\u00e9s dans le tome pr\u00e9c\u00e9dent, Nicolas, le duc libertin de Winthrop et Miss Beatrix, une jeune lady timide, le premier se voyant d\u00e9signer tuteur de la seconde et devant lui trouver un mari avant les 25 ans de Beatrix, afin que celle-ci puisse percevoir son h\u00e9ritage. Mais tr\u00e8s vite, Nicolas se trouve pris \u00e0 son propre pi\u00e8ge au c\u0153ur des \u00ab\u00a0le\u00e7ons de s\u00e9duction\u00a0\u00bb qu&rsquo;il donne \u00e0 la jeune femme. L\u00e0 encore, j&rsquo;ai trouv\u00e9 leur rapprochement et \u00e9changes trop modernes pour l&rsquo;\u00e9poque.<br \/><\/em><\/p>\n<ul>\n<li style=\"text-align: justify;\"><em>(BD\/Roman graphique) <strong><span style=\"text-decoration: underline;\">Orgueil et pr\u00e9jug\u00e9s<\/span><\/strong> de Claudia K\u00fchn et Tara Spruit, d\u2019apr\u00e8s Jane Austen<\/em><\/li>\n<\/ul>\n<p style=\"text-align: justify;\"><em><a href=\"https:\/\/i0.wp.com\/www.jojoenherbe.com\/wp-content\/uploads\/2024\/12\/Orgueil-et-prejuges-roman-graphique.jpg\"><img data-recalc-dims=\"1\" loading=\"lazy\" decoding=\"async\" data-attachment-id=\"37638\" data-permalink=\"http:\/\/www.jojoenherbe.com\/index.php\/2024\/12\/26\/au-fil-des-pages-avec-orgueil-et-prejuges\/screenshot-92\/\" data-orig-file=\"https:\/\/i0.wp.com\/www.jojoenherbe.com\/wp-content\/uploads\/2024\/12\/Orgueil-et-prejuges-roman-graphique.jpg?fit=749%2C1120\" data-orig-size=\"749,1120\" data-comments-opened=\"1\" data-image-meta=\"{&quot;aperture&quot;:&quot;0&quot;,&quot;credit&quot;:&quot;&quot;,&quot;camera&quot;:&quot;&quot;,&quot;caption&quot;:&quot;Screenshot&quot;,&quot;created_timestamp&quot;:&quot;0&quot;,&quot;copyright&quot;:&quot;&quot;,&quot;focal_length&quot;:&quot;0&quot;,&quot;iso&quot;:&quot;0&quot;,&quot;shutter_speed&quot;:&quot;0&quot;,&quot;title&quot;:&quot;Screenshot&quot;,&quot;orientation&quot;:&quot;1&quot;}\" data-image-title=\"\" data-image-description=\"\" data-image-caption=\"\" data-large-file=\"https:\/\/i0.wp.com\/www.jojoenherbe.com\/wp-content\/uploads\/2024\/12\/Orgueil-et-prejuges-roman-graphique.jpg?fit=676%2C1011\" class=\"size-thumbnail wp-image-37638 alignright\" src=\"https:\/\/i0.wp.com\/www.jojoenherbe.com\/wp-content\/uploads\/2024\/12\/Orgueil-et-prejuges-roman-graphique.jpg?resize=150%2C150\" alt=\"\" width=\"150\" height=\"150\" srcset=\"https:\/\/i0.wp.com\/www.jojoenherbe.com\/wp-content\/uploads\/2024\/12\/Orgueil-et-prejuges-roman-graphique.jpg?resize=150%2C150 150w, https:\/\/i0.wp.com\/www.jojoenherbe.com\/wp-content\/uploads\/2024\/12\/Orgueil-et-prejuges-roman-graphique.jpg?zoom=2&amp;resize=150%2C150 300w, https:\/\/i0.wp.com\/www.jojoenherbe.com\/wp-content\/uploads\/2024\/12\/Orgueil-et-prejuges-roman-graphique.jpg?zoom=3&amp;resize=150%2C150 450w\" sizes=\"auto, (max-width: 150px) 100vw, 150px\" \/><\/a>J\u2019ai lu, en version num\u00e9rique via ma m\u00e9diath\u00e8que, <a href=\"https:\/\/www.jojoenherbe.com\/index.php\/2024\/12\/26\/au-fil-des-pages-avec-orgueil-et-prejuges\/\"><span style=\"text-decoration: underline;\">Orgueil et pr\u00e9jug\u00e9s<\/span><\/a> de Claudia K\u00fchn et Tara Spruit, d\u2019apr\u00e8s Jane Austen (\u00e9d. Jungle, octobre 2024, 249 pages), un roman graphique au petit format. M\u00eame si le trait de crayon de Tara Spruit n\u2019est pas d\u00e9plaisant, je n&rsquo;ai pas \u00e9t\u00e9 emball\u00e9e plus que cela par cette adaptation fade qui manquait de piquant et de profondeur, la plume satirique et ironique de Jane Austen faisant d\u00e9faut.<br \/><\/em><\/p>\n<ul>\n<li><em>(Romantasy\/Conte r\u00e9\u00e9crit) <strong><span style=\"text-decoration: underline;\">Ce que r\u00e9v\u00e8lent les roses<\/span><\/strong> de Romane Clessie<\/em><\/li>\n<\/ul>\n<p style=\"text-align: justify;\"><a href=\"https:\/\/i0.wp.com\/www.jojoenherbe.com\/wp-content\/uploads\/2025\/01\/Ce-que-revelent-les-roses.jpg\"><img data-recalc-dims=\"1\" loading=\"lazy\" decoding=\"async\" data-attachment-id=\"37808\" data-permalink=\"http:\/\/www.jojoenherbe.com\/index.php\/2025\/01\/04\/point-lecture-hebdomadaire-2024-52\/screenshot-110\/\" data-orig-file=\"https:\/\/i0.wp.com\/www.jojoenherbe.com\/wp-content\/uploads\/2025\/01\/Ce-que-revelent-les-roses.jpg?fit=750%2C1186\" data-orig-size=\"750,1186\" data-comments-opened=\"1\" data-image-meta=\"{&quot;aperture&quot;:&quot;0&quot;,&quot;credit&quot;:&quot;&quot;,&quot;camera&quot;:&quot;&quot;,&quot;caption&quot;:&quot;Screenshot&quot;,&quot;created_timestamp&quot;:&quot;0&quot;,&quot;copyright&quot;:&quot;&quot;,&quot;focal_length&quot;:&quot;0&quot;,&quot;iso&quot;:&quot;0&quot;,&quot;shutter_speed&quot;:&quot;0&quot;,&quot;title&quot;:&quot;Screenshot&quot;,&quot;orientation&quot;:&quot;1&quot;}\" data-image-title=\"\" data-image-description=\"\" data-image-caption=\"\" data-large-file=\"https:\/\/i0.wp.com\/www.jojoenherbe.com\/wp-content\/uploads\/2025\/01\/Ce-que-revelent-les-roses.jpg?fit=648%2C1024\" class=\"alignleft size-thumbnail wp-image-37808\" src=\"https:\/\/i0.wp.com\/www.jojoenherbe.com\/wp-content\/uploads\/2025\/01\/Ce-que-revelent-les-roses.jpg?resize=150%2C150\" alt=\"\" width=\"150\" height=\"150\" srcset=\"https:\/\/i0.wp.com\/www.jojoenherbe.com\/wp-content\/uploads\/2025\/01\/Ce-que-revelent-les-roses.jpg?resize=150%2C150 150w, https:\/\/i0.wp.com\/www.jojoenherbe.com\/wp-content\/uploads\/2025\/01\/Ce-que-revelent-les-roses.jpg?zoom=2&amp;resize=150%2C150 300w, https:\/\/i0.wp.com\/www.jojoenherbe.com\/wp-content\/uploads\/2025\/01\/Ce-que-revelent-les-roses.jpg?zoom=3&amp;resize=150%2C150 450w\" sizes=\"auto, (max-width: 150px) 100vw, 150px\" \/><\/a><em>J&rsquo;ai lu, en e-book, <span style=\"text-decoration: underline;\">Ce que r\u00e9v\u00e8lent les roses<\/span> de Romane Clessie (\u00e9d. Auto\u00e9dition, octobre 2023, 348 pages), une r\u00e9\u00e9criture du conte de <a href=\"https:\/\/www.jojoenherbe.com\/index.php\/2021\/09\/16\/nos-lectures-la-belle-et-la-bete\/\"><span style=\"text-decoration: underline;\">La Belle et la B\u00eate<\/span><\/a> avec le duc \u00c9van de Kastel, un jeune homme maudit en 1825 et \u00c9l\u00e9anor, une jeune femme \u00e9prise de libert\u00e9 et d&rsquo;ind\u00e9pendance qui se retrouve pi\u00e9g\u00e9e au sein du domaine oubli\u00e9 de Talmadenn, apr\u00e8s avoir fui le jour de son mariage arrang\u00e9, en 1910, son futur \u00e9poux, le riche et cruel comte Gwendal de Donval. Et si l&rsquo;audace et la compassion de la jeune femme r\u00e9ussissaient \u00e0 briser la mal\u00e9diction de la sorci\u00e8re dont le fant\u00f4me vengeur hante les lieux? Il y est ainsi question de r\u00e9demption, d&rsquo;amour sous fond de voyage dans le temps. J&rsquo;appr\u00e9cie toujours autant le style d&rsquo;\u00e9criture de cette autrice ainsi que l&rsquo;univers imagin\u00e9 dans cette r\u00e9\u00e9criture avec en particulier les domestiques du domaine transform\u00e9 en petits \u00eatres v\u00e9g\u00e9taux. Un bon voire tr\u00e8s bon moment de lecture! J&rsquo;en reparle tr\u00e8s vite.<br \/><\/em><\/p>\n<ul>\n<li style=\"text-align: justify;\"><em>(Romance contemporaine de No\u00ebl) <strong><span style=\"text-decoration: underline;\">Mon faux mari et moi au pays du P\u00e8re No\u00ebl<\/span><\/strong> de M\u00e9lanie Rafin<\/em><\/li>\n<\/ul>\n<p style=\"text-align: justify;\"><em><a href=\"https:\/\/i0.wp.com\/www.jojoenherbe.com\/wp-content\/uploads\/2025\/01\/Mon-faux-mari-et-moi-au-pays-du-Pere-Noel.jpg\"><img data-recalc-dims=\"1\" loading=\"lazy\" decoding=\"async\" data-attachment-id=\"37810\" data-permalink=\"http:\/\/www.jojoenherbe.com\/index.php\/2025\/01\/04\/point-lecture-hebdomadaire-2024-52\/screenshot-111\/\" data-orig-file=\"https:\/\/i0.wp.com\/www.jojoenherbe.com\/wp-content\/uploads\/2025\/01\/Mon-faux-mari-et-moi-au-pays-du-Pere-Noel.jpg?fit=750%2C1186\" data-orig-size=\"750,1186\" data-comments-opened=\"1\" data-image-meta=\"{&quot;aperture&quot;:&quot;0&quot;,&quot;credit&quot;:&quot;&quot;,&quot;camera&quot;:&quot;&quot;,&quot;caption&quot;:&quot;Screenshot&quot;,&quot;created_timestamp&quot;:&quot;0&quot;,&quot;copyright&quot;:&quot;&quot;,&quot;focal_length&quot;:&quot;0&quot;,&quot;iso&quot;:&quot;0&quot;,&quot;shutter_speed&quot;:&quot;0&quot;,&quot;title&quot;:&quot;Screenshot&quot;,&quot;orientation&quot;:&quot;1&quot;}\" data-image-title=\"\" data-image-description=\"\" data-image-caption=\"\" data-large-file=\"https:\/\/i0.wp.com\/www.jojoenherbe.com\/wp-content\/uploads\/2025\/01\/Mon-faux-mari-et-moi-au-pays-du-Pere-Noel.jpg?fit=648%2C1024\" class=\"size-thumbnail wp-image-37810 alignright\" src=\"https:\/\/i0.wp.com\/www.jojoenherbe.com\/wp-content\/uploads\/2025\/01\/Mon-faux-mari-et-moi-au-pays-du-Pere-Noel.jpg?resize=150%2C150\" alt=\"\" width=\"150\" height=\"150\" srcset=\"https:\/\/i0.wp.com\/www.jojoenherbe.com\/wp-content\/uploads\/2025\/01\/Mon-faux-mari-et-moi-au-pays-du-Pere-Noel.jpg?resize=150%2C150 150w, https:\/\/i0.wp.com\/www.jojoenherbe.com\/wp-content\/uploads\/2025\/01\/Mon-faux-mari-et-moi-au-pays-du-Pere-Noel.jpg?zoom=2&amp;resize=150%2C150 300w, https:\/\/i0.wp.com\/www.jojoenherbe.com\/wp-content\/uploads\/2025\/01\/Mon-faux-mari-et-moi-au-pays-du-Pere-Noel.jpg?zoom=3&amp;resize=150%2C150 450w\" sizes=\"auto, (max-width: 150px) 100vw, 150px\" \/><\/a>J&rsquo;ai lu, en e-book, <span style=\"text-decoration: underline;\">Mon faux mari et moi au pays du P\u00e8re No\u00ebl<\/span> de M\u00e9lanie Rafin (\u00e9d. Auto\u00e9dition, octobre 2024, 231 pages), une romance contemporaine de No\u00ebl. Alors qu&rsquo;elle d\u00e9teste No\u00ebl, Candice se voit contrainte de se rendre pour son travail au sein d&rsquo;une agence de voyages, tester un s\u00e9jour de No\u00ebl en Finlande, d&rsquo;une agence concurrente, et en se faisant passer pour un couple nouvellement mari\u00e9 avec un stagiaire du si\u00e8ge social de l&rsquo;entreprise, C\u00f4me qu&rsquo;elle ne conna\u00eet pas et dont elle devra rendre un rapport quotidien. Aucun des deux ne semble ravi d&rsquo;\u00eatre l\u00e0. Et si ce s\u00e9jour leur permettait de revoir leur vie? Une lecture plaisante, bien que convenue et m\u00eame si j&rsquo;ai trouv\u00e9 que leur rapprochement \u00e9tait quand m\u00eame un peu trop rapide!<\/em><\/p>\n<ul>\n<li style=\"text-align: justify;\"><em>(Romance cosy mystery de No\u00ebl) <strong><span style=\"text-decoration: underline;\">Cosy Christmas Mystery, Retour \u00e0 St Mary Hill<\/span><\/strong> de Carine Pitocchi <strong>(T1)<\/strong><\/em><\/li>\n<\/ul>\n<p style=\"text-align: justify;\"><em><a href=\"https:\/\/i0.wp.com\/www.jojoenherbe.com\/wp-content\/uploads\/2025\/01\/Retour-a-St-Mary-Hill.jpg\"><img data-recalc-dims=\"1\" loading=\"lazy\" decoding=\"async\" data-attachment-id=\"37812\" data-permalink=\"http:\/\/www.jojoenherbe.com\/index.php\/2025\/01\/04\/point-lecture-hebdomadaire-2024-52\/screenshot-112\/\" data-orig-file=\"https:\/\/i0.wp.com\/www.jojoenherbe.com\/wp-content\/uploads\/2025\/01\/Retour-a-St-Mary-Hill.jpg?fit=750%2C1191\" data-orig-size=\"750,1191\" data-comments-opened=\"1\" data-image-meta=\"{&quot;aperture&quot;:&quot;0&quot;,&quot;credit&quot;:&quot;&quot;,&quot;camera&quot;:&quot;&quot;,&quot;caption&quot;:&quot;Screenshot&quot;,&quot;created_timestamp&quot;:&quot;0&quot;,&quot;copyright&quot;:&quot;&quot;,&quot;focal_length&quot;:&quot;0&quot;,&quot;iso&quot;:&quot;0&quot;,&quot;shutter_speed&quot;:&quot;0&quot;,&quot;title&quot;:&quot;Screenshot&quot;,&quot;orientation&quot;:&quot;1&quot;}\" data-image-title=\"\" data-image-description=\"\" data-image-caption=\"\" data-large-file=\"https:\/\/i0.wp.com\/www.jojoenherbe.com\/wp-content\/uploads\/2025\/01\/Retour-a-St-Mary-Hill.jpg?fit=645%2C1024\" class=\"alignleft size-thumbnail wp-image-37812\" src=\"https:\/\/i0.wp.com\/www.jojoenherbe.com\/wp-content\/uploads\/2025\/01\/Retour-a-St-Mary-Hill.jpg?resize=150%2C150\" alt=\"\" width=\"150\" height=\"150\" srcset=\"https:\/\/i0.wp.com\/www.jojoenherbe.com\/wp-content\/uploads\/2025\/01\/Retour-a-St-Mary-Hill.jpg?resize=150%2C150 150w, https:\/\/i0.wp.com\/www.jojoenherbe.com\/wp-content\/uploads\/2025\/01\/Retour-a-St-Mary-Hill.jpg?zoom=2&amp;resize=150%2C150 300w, https:\/\/i0.wp.com\/www.jojoenherbe.com\/wp-content\/uploads\/2025\/01\/Retour-a-St-Mary-Hill.jpg?zoom=3&amp;resize=150%2C150 450w\" sizes=\"auto, (max-width: 150px) 100vw, 150px\" \/><\/a>J&rsquo;ai fini le week-end en lisant le tome 1 de <span style=\"text-decoration: underline;\">Cosy Christmas Mystery, Retour \u00e0 St Mary Hill<\/span> de Carine Pitocchi (\u00e9d. Robert Laffont, coll. La B\u00eate noire, octobre 2023, 342 pages), une romance contemporaine cosy mystery \u00e0 la jolie illustration de couverture et se d\u00e9roulant dans un petit village anglais, au moment de No\u00ebl. Apr\u00e8s avoir quitt\u00e9 son conjoint qui l&rsquo;a tromp\u00e9 et producteur de la s\u00e9rie \u00e0 succ\u00e8s dont elle est sc\u00e9nariste et \u00e9tant ruin\u00e9e, Jo-Ann Brown se r\u00e9fugie loin de la presse \u00e0 scandale et de son ex dans le cottage dont elle a h\u00e9rit\u00e9 avec son fr\u00e8re de leur grand-tante \u00e0 St Mary Hill, l&rsquo;occasion de reprendre contact avec son meilleur ami, Lawrie, devenu pasteur apr\u00e8s son veuvage. <\/em><em>Elle est bient\u00f4t rejointe par son neveu Alex \u00e2g\u00e9 de 14 ans, youtubeur et qui s&rsquo;est fait exclure de son pensionnat ainsi que son ancienne assistante et amie, Daisy. Alors qu&rsquo;elle tente de remettre un sens \u00e0 sa vie, des d\u00e9c\u00e8s inqui\u00e9tant s&rsquo;encha\u00eenent et remettent en cause le d\u00e9c\u00e8s de sa propre grand-tante. Serait-ce l\u2019\u0153uvre d&rsquo;un tueur en s\u00e9rie? Jo-Ann et Lawrie d\u00e9cident de mener leur propre enqu\u00eate. <\/em><em>Mais j&rsquo;ai \u00e9t\u00e9 bien moins emball\u00e9e que <a href=\"https:\/\/www.laplanquealibellules.fr\/2023\/12\/retour-a-st-mary-hill-carine-pitocchi.html\/\">Chicky Poo<\/a> ou <a href=\"https:\/\/lelivroblog.fr\/2024\/01\/15\/cosy-christmas-mystery-retour-a-st-mary-hill\/\">Hilde<\/a>, ayant eu du mal avec le style d&rsquo;\u00e9criture de l&rsquo;autrice et le duo Jo-Ann\/Lawrie. Ce premier m&rsquo;est apparu surtout comme un tome introductif, l&rsquo;enqu\u00eate qui avance d&rsquo;elle-m\u00eame \u00e9tant l&rsquo;occasion de pr\u00e9senter la galerie de personnages entourant Jo-Ann. Je tenterai toutefois de lire le tome suivant, <span style=\"text-decoration: underline;\">Murder Party au manoir<\/span>, le pitch me plaisant. J&rsquo;en reparle tr\u00e8s vite.<br \/><\/em><\/p>\n\n\n<p><\/p>\n","protected":false},"excerpt":{"rendered":"<p>En cette fin de semaine, voici, avec retard, mon point lecture hebdomadaire avec un retour sur nos lectures (mais pas nos relectures) de la semaine derni\u00e8re qui \u00e9tait aussi une semaine de cong\u00e9s. Nos lectures du\u00a0 23 au 29 d\u00e9cembre 2024: Des lectures jeunesse: Avec mon mini lutin nous avons fini de lire Le No\u00ebl [&hellip;]<\/p>\n","protected":false},"author":1,"featured_media":37738,"comment_status":"open","ping_status":"open","sticky":false,"template":"","format":"standard","meta":{"jetpack_post_was_ever_published":false,"_jetpack_newsletter_access":"","_jetpack_dont_email_post_to_subs":false,"_jetpack_newsletter_tier_id":0,"_jetpack_memberships_contains_paywalled_content":false,"_jetpack_memberships_contains_paid_content":false,"footnotes":""},"categories":[2140,363],"tags":[3951,596,1226,4075,4419,4422,4415,4033,4420,2743,3734,4421,1225,1085,367,4418,3976,4031,2767,2088,844,3236,1086,3209,3630,905,789,3570,3397,4416,1380],"class_list":["post-37737","post","type-post","status-publish","format-standard","has-post-thumbnail","hentry","category-mini-blogueur","category-mini-lecteur","tag-alex-t-smith","tag-bandes-dessinees","tag-bd-jeunesse","tag-beka-2","tag-carine-pitocchi","tag-chevalier-gambette","tag-claudia-kuhn","tag-diane-le-feyer","tag-estelle-bana","tag-james-matthew-barrie","tag-jane-austen","tag-jolan-c-bertrand","tag-jose-luis-munuera","tag-lecture-adulte","tag-lecture-jeunesse","tag-melanie-rafin","tag-mortelle-adele","tag-mr-tan-2","tag-point-lecture-hebdo","tag-roman-graphique","tag-romance","tag-romance-contemporaine","tag-romance-de-noel","tag-romance-historique","tag-romane-clessie","tag-romans-adulte","tag-romans-jeunesse","tag-romantasy","tag-susie-morgenstern","tag-tara-spruit","tag-thomas-baas","post-preview"],"jetpack_featured_media_url":"https:\/\/i0.wp.com\/www.jojoenherbe.com\/wp-content\/uploads\/2024\/12\/Point-lecture-hebdo-2024-52.jpg?fit=2000%2C1600","jetpack_sharing_enabled":true,"jetpack_shortlink":"https:\/\/wp.me\/p9zhGx-9OF","jetpack_likes_enabled":true,"jetpack-related-posts":[{"id":37057,"url":"http:\/\/www.jojoenherbe.com\/index.php\/2024\/09\/30\/point-lecture-hebdomadaire-2024-39\/","url_meta":{"origin":37737,"position":0},"title":"Point lecture hebdomadaire 2024 #39","author":"Jojo","date":"30 septembre 2024","format":false,"excerpt":"En ce d\u00e9but de semaine, voici mon point lecture hebdomadaire avec un retour sur nos lectures (mais pas nos relectures) de la semaine derni\u00e8re. Nos lectures du 23 au 29 septembre 2024: Des lectures jeunesse: Nous avons continu\u00e9 chaque soir et presque fini de lire Le jardin secret de Frances\u2026","rel":"","context":"Dans &quot;Mini blogueur&quot;","block_context":{"text":"Mini blogueur","link":"http:\/\/www.jojoenherbe.com\/index.php\/category\/mini-blogueur\/"},"img":{"alt_text":"","src":"https:\/\/i0.wp.com\/www.jojoenherbe.com\/wp-content\/uploads\/2020\/04\/Le-jardin-secret-150x150.jpg?resize=350%2C200","width":350,"height":200},"classes":[]},{"id":33306,"url":"http:\/\/www.jojoenherbe.com\/index.php\/2023\/12\/04\/point-lecture-hebdomadaire-2023-48\/","url_meta":{"origin":37737,"position":1},"title":"Point lecture hebdomadaire 2023 #48","author":"Jojo","date":"4 d\u00e9cembre 2023","format":false,"excerpt":"En ce d\u00e9but de semaine, voici notre point lecture hebdomadaire avec un retour sur nos lectures de la semaine derni\u00e8re (mais pas nos relectures) et qui sont encore un peu halloweenesques mais d\u00e9sormais de plus en plus no\u00eblesques. D'ailleurs, du 10 au 30 novembre, c'\u00e9tait No\u00eblloween avec les copinautes, Hilde,\u2026","rel":"","context":"Dans &quot;Mini blogueur&quot;","block_context":{"text":"Mini blogueur","link":"http:\/\/www.jojoenherbe.com\/index.php\/category\/mini-blogueur\/"},"img":{"alt_text":"","src":"https:\/\/i0.wp.com\/www.jojoenherbe.com\/wp-content\/uploads\/2023\/12\/Point-lecture-hebdomadaire-2023-48-scaled.jpg?fit=1153%2C1200&resize=350%2C200","width":350,"height":200,"srcset":"https:\/\/i0.wp.com\/www.jojoenherbe.com\/wp-content\/uploads\/2023\/12\/Point-lecture-hebdomadaire-2023-48-scaled.jpg?fit=1153%2C1200&resize=350%2C200 1x, https:\/\/i0.wp.com\/www.jojoenherbe.com\/wp-content\/uploads\/2023\/12\/Point-lecture-hebdomadaire-2023-48-scaled.jpg?fit=1153%2C1200&resize=525%2C300 1.5x, https:\/\/i0.wp.com\/www.jojoenherbe.com\/wp-content\/uploads\/2023\/12\/Point-lecture-hebdomadaire-2023-48-scaled.jpg?fit=1153%2C1200&resize=700%2C400 2x, https:\/\/i0.wp.com\/www.jojoenherbe.com\/wp-content\/uploads\/2023\/12\/Point-lecture-hebdomadaire-2023-48-scaled.jpg?fit=1153%2C1200&resize=1050%2C600 3x"},"classes":[]},{"id":41643,"url":"http:\/\/www.jojoenherbe.com\/index.php\/2025\/12\/12\/point-lecture-hebdomadaire-2025-49\/","url_meta":{"origin":37737,"position":2},"title":"Point lecture hebdomadaire 2025 #49","author":"Jojo","date":"12 d\u00e9cembre 2025","format":false,"excerpt":"En cette fin de semaine, voici mon point lecture hebdomadaire avec un retour sur nos lectures (mais pas nos relectures) de la semaine derni\u00e8re au cours de laquelle nous avons commenc\u00e9 nos lectures de No\u00ebl, avec deux livres de l'Avent qui vont nous accompagner chaque soir jusqu'\u00e0 No\u00ebl: La BD\u2026","rel":"","context":"Dans &quot;Mini blogueur&quot;","block_context":{"text":"Mini blogueur","link":"http:\/\/www.jojoenherbe.com\/index.php\/category\/mini-blogueur\/"},"img":{"alt_text":"","src":"https:\/\/i0.wp.com\/www.jojoenherbe.com\/wp-content\/uploads\/2025\/12\/Point-lecture-hebdo-2025-49-scaled.jpg?fit=1200%2C844&resize=350%2C200","width":350,"height":200,"srcset":"https:\/\/i0.wp.com\/www.jojoenherbe.com\/wp-content\/uploads\/2025\/12\/Point-lecture-hebdo-2025-49-scaled.jpg?fit=1200%2C844&resize=350%2C200 1x, https:\/\/i0.wp.com\/www.jojoenherbe.com\/wp-content\/uploads\/2025\/12\/Point-lecture-hebdo-2025-49-scaled.jpg?fit=1200%2C844&resize=525%2C300 1.5x, https:\/\/i0.wp.com\/www.jojoenherbe.com\/wp-content\/uploads\/2025\/12\/Point-lecture-hebdo-2025-49-scaled.jpg?fit=1200%2C844&resize=700%2C400 2x, https:\/\/i0.wp.com\/www.jojoenherbe.com\/wp-content\/uploads\/2025\/12\/Point-lecture-hebdo-2025-49-scaled.jpg?fit=1200%2C844&resize=1050%2C600 3x"},"classes":[]},{"id":34189,"url":"http:\/\/www.jojoenherbe.com\/index.php\/2024\/01\/08\/point-lecture-hebdomadaire-2024-1\/","url_meta":{"origin":37737,"position":3},"title":"Point lecture hebdomadaire 2024 #1","author":"Jojo","date":"8 janvier 2024","format":false,"excerpt":"En ce d\u00e9but de semaine, voici notre point lecture hebdomadaire avec un retour sur nos lectures de la semaine derni\u00e8re (mais pas nos relectures), la plupart encore de No\u00ebl puisque le week-end dernier s'est fini le challenge Il \u00e9tait 11 fois No\u00ebl avec un read-a-thon. Nos lectures du 1er au\u2026","rel":"","context":"Dans &quot;Mini blogueur&quot;","block_context":{"text":"Mini blogueur","link":"http:\/\/www.jojoenherbe.com\/index.php\/category\/mini-blogueur\/"},"img":{"alt_text":"","src":"https:\/\/i0.wp.com\/www.jojoenherbe.com\/wp-content\/uploads\/2024\/01\/Point-lecture-hebdo-2024-1-scaled.jpg?fit=1200%2C684&resize=350%2C200","width":350,"height":200,"srcset":"https:\/\/i0.wp.com\/www.jojoenherbe.com\/wp-content\/uploads\/2024\/01\/Point-lecture-hebdo-2024-1-scaled.jpg?fit=1200%2C684&resize=350%2C200 1x, https:\/\/i0.wp.com\/www.jojoenherbe.com\/wp-content\/uploads\/2024\/01\/Point-lecture-hebdo-2024-1-scaled.jpg?fit=1200%2C684&resize=525%2C300 1.5x, https:\/\/i0.wp.com\/www.jojoenherbe.com\/wp-content\/uploads\/2024\/01\/Point-lecture-hebdo-2024-1-scaled.jpg?fit=1200%2C684&resize=700%2C400 2x, https:\/\/i0.wp.com\/www.jojoenherbe.com\/wp-content\/uploads\/2024\/01\/Point-lecture-hebdo-2024-1-scaled.jpg?fit=1200%2C684&resize=1050%2C600 3x"},"classes":[]},{"id":33622,"url":"http:\/\/www.jojoenherbe.com\/index.php\/2023\/12\/18\/point-lecture-hebdomadaire-2023-50\/","url_meta":{"origin":37737,"position":4},"title":"Point lecture hebdomadaire 2023 #50","author":"Jojo","date":"18 d\u00e9cembre 2023","format":false,"excerpt":"En ce d\u00e9but de semaine, voici notre point lecture hebdomadaire avec un retour sur nos lectures de la semaine derni\u00e8re (mais pas nos relectures), la plupart de No\u00ebl. Nos lectures du 11 au 17 d\u00e9cembre 2023: Des lectures jeunesse: Nous avons lu les chapitres 11 \u00e0 17 de nos deux\u2026","rel":"","context":"Dans &quot;Mini blogueur&quot;","block_context":{"text":"Mini blogueur","link":"http:\/\/www.jojoenherbe.com\/index.php\/category\/mini-blogueur\/"},"img":{"alt_text":"","src":"https:\/\/i0.wp.com\/www.jojoenherbe.com\/wp-content\/uploads\/2023\/12\/Point-lecture-hebdomadaire-2023-50-scaled.jpg?fit=1200%2C1045&resize=350%2C200","width":350,"height":200,"srcset":"https:\/\/i0.wp.com\/www.jojoenherbe.com\/wp-content\/uploads\/2023\/12\/Point-lecture-hebdomadaire-2023-50-scaled.jpg?fit=1200%2C1045&resize=350%2C200 1x, https:\/\/i0.wp.com\/www.jojoenherbe.com\/wp-content\/uploads\/2023\/12\/Point-lecture-hebdomadaire-2023-50-scaled.jpg?fit=1200%2C1045&resize=525%2C300 1.5x, https:\/\/i0.wp.com\/www.jojoenherbe.com\/wp-content\/uploads\/2023\/12\/Point-lecture-hebdomadaire-2023-50-scaled.jpg?fit=1200%2C1045&resize=700%2C400 2x, https:\/\/i0.wp.com\/www.jojoenherbe.com\/wp-content\/uploads\/2023\/12\/Point-lecture-hebdomadaire-2023-50-scaled.jpg?fit=1200%2C1045&resize=1050%2C600 3x"},"classes":[]},{"id":41942,"url":"http:\/\/www.jojoenherbe.com\/index.php\/2025\/12\/16\/point-lecture-hebdomadaire-2025-50\/","url_meta":{"origin":37737,"position":5},"title":"Point lecture hebdomadaire 2025 #50","author":"Jojo","date":"16 d\u00e9cembre 2025","format":false,"excerpt":"En ce d\u00e9but de semaine, voici mon point lecture hebdomadaire avec un retour sur nos lectures (mais pas nos relectures) de la semaine derni\u00e8re au cours de laquelle nous avons continu\u00e9 nos lectures de No\u00ebl et qui s'est termin\u00e9e sur un RAT de No\u00ebl. Nos lectures du 8 au 14\u2026","rel":"","context":"Dans &quot;Mini blogueur&quot;","block_context":{"text":"Mini blogueur","link":"http:\/\/www.jojoenherbe.com\/index.php\/category\/mini-blogueur\/"},"img":{"alt_text":"","src":"https:\/\/i0.wp.com\/www.jojoenherbe.com\/wp-content\/uploads\/2025\/12\/Perce-Neige-un-conte-de-Noel-150x150.jpg?resize=350%2C200","width":350,"height":200},"classes":[]}],"_links":{"self":[{"href":"http:\/\/www.jojoenherbe.com\/index.php\/wp-json\/wp\/v2\/posts\/37737","targetHints":{"allow":["GET"]}}],"collection":[{"href":"http:\/\/www.jojoenherbe.com\/index.php\/wp-json\/wp\/v2\/posts"}],"about":[{"href":"http:\/\/www.jojoenherbe.com\/index.php\/wp-json\/wp\/v2\/types\/post"}],"author":[{"embeddable":true,"href":"http:\/\/www.jojoenherbe.com\/index.php\/wp-json\/wp\/v2\/users\/1"}],"replies":[{"embeddable":true,"href":"http:\/\/www.jojoenherbe.com\/index.php\/wp-json\/wp\/v2\/comments?post=37737"}],"version-history":[{"count":19,"href":"http:\/\/www.jojoenherbe.com\/index.php\/wp-json\/wp\/v2\/posts\/37737\/revisions"}],"predecessor-version":[{"id":40344,"href":"http:\/\/www.jojoenherbe.com\/index.php\/wp-json\/wp\/v2\/posts\/37737\/revisions\/40344"}],"wp:featuredmedia":[{"embeddable":true,"href":"http:\/\/www.jojoenherbe.com\/index.php\/wp-json\/wp\/v2\/media\/37738"}],"wp:attachment":[{"href":"http:\/\/www.jojoenherbe.com\/index.php\/wp-json\/wp\/v2\/media?parent=37737"}],"wp:term":[{"taxonomy":"category","embeddable":true,"href":"http:\/\/www.jojoenherbe.com\/index.php\/wp-json\/wp\/v2\/categories?post=37737"},{"taxonomy":"post_tag","embeddable":true,"href":"http:\/\/www.jojoenherbe.com\/index.php\/wp-json\/wp\/v2\/tags?post=37737"}],"curies":[{"name":"wp","href":"https:\/\/api.w.org\/{rel}","templated":true}]}}